{"id":7372,"date":"2020-05-27T07:00:44","date_gmt":"2020-05-27T05:00:44","guid":{"rendered":"https:\/\/www.welovecycling.com\/cs\/?p=7372"},"modified":"2020-05-26T19:01:54","modified_gmt":"2020-05-26T17:01:54","slug":"everesting-je-vyjimecny-stejne-jako-kulhavy-klani-se-reprezentacni-trener","status":"publish","type":"post","link":"https:\/\/www.welovecycling.com\/cs\/2020\/05\/27\/everesting-je-vyjimecny-stejne-jako-kulhavy-klani-se-reprezentacni-trener\/","title":{"rendered":"Everesting je v\u00fdjime\u010dn\u00fd. Stejn\u011b jako Kulhav\u00fd, klan\u00ed se reprezenta\u010dn\u00ed tren\u00e9r"},"content":{"rendered":"<p><strong>V\u00fdjime\u010dn\u00fd v\u00fdkon! Neuv\u011b\u0159iteln\u00fdch 8848 v\u00fd\u0161kov\u00fdch metr\u016f nastoupal b\u011bhem jedin\u00e9ho dne v sedle kola olympijsk\u00fd \u0161ampion v cross country Jaroslav Kulhav\u00fd. P\u0159i pandemii koronaviru se s pokusy zdolat na bicyklu na n\u011bkter\u00e9m z kopc\u016f v\u00fd\u0161ku vrcholu Mount Everest roztrhl pytel. B\u011bhem prvn\u00edch \u010dtrn\u00e1cti kv\u011btnov\u00fdch dn\u016f byl dokonce dvakr\u00e1t p\u0159ekon\u00e1n neofici\u00e1ln\u00ed sv\u011btov\u00fd rekord Everest Challenge, kter\u00fd je necel\u00fdch osm hodin.<\/strong><\/p>\n<p>V\u017edy se tak stalo v USA. A vlastn\u011b v tichosti, bez humbuku. P\u0159edstavuje poko\u0159en\u00ed v\u00fdjime\u010dn\u00e9 hranice samoz\u0159ejmost? Nebo jde o v\u00fdkon srovnateln\u00fd s triumfy na ost\u0159e sledovan\u00fdch akc\u00edch, z nich\u017e sportovn\u00ed hv\u011bzdy voz\u00ed medaile a jsou oslavov\u00e1ny fanou\u0161ky?<\/p>\n<figure id=\"attachment_7370\" aria-describedby=\"caption-attachment-7370\" style=\"width: 1600px\" class=\"wp-caption alignnone\"><a href=\"https:\/\/d2p6e6u75xmxt8.cloudfront.net\/13\/2020\/05\/WLC-kulhav\u00fd-everest.jpg\"><img loading=\"lazy\" decoding=\"async\" class=\"size-full wp-image-7370\" src=\"https:\/\/d2p6e6u75xmxt8.cloudfront.net\/13\/2020\/05\/WLC-kulhav\u00fd-everest.jpg\" alt=\"Prvn\u00ed v\u00fdjezd na Lysou horu. Jaroslav Kulhav\u00fd kr\u00e1tce po \u0161est\u00e9 hodin\u011b rann\u00ed bl\u00edzko fini\u0161e prvn\u00edho z t\u0159in\u00e1cti v\u00fdstup\u016f. Foto: Michal \u010cerven\u00fd\" width=\"1600\" height=\"1067\" \/><\/a><figcaption id=\"caption-attachment-7370\" class=\"wp-caption-text\"><em>Prvn\u00ed v\u00fdjezd na Lysou horu. Jaroslav Kulhav\u00fd kr\u00e1tce po \u0161est\u00e9 hodin\u011b rann\u00ed bl\u00edzko fini\u0161e prvn\u00edho z t\u0159in\u00e1cti v\u00fdstup\u016f. Foto: Michal \u010cerven\u00fd<\/em><\/figcaption><\/figure>\n<p>\u201eZ lidsk\u00e9ho hlediska jde o v\u00fdjime\u010dn\u00fd \u010din. Poko\u0159en\u00ed 8848 v\u00fd\u0161kov\u00fdch metr\u016f na kole p\u0159edstavuje extr\u00e9mn\u00ed v\u00fdkon. Z hlediska sportovn\u00edho jde o obrovsky hodnotnou z\u00e1le\u017eitost, p\u0159esto\u017ee jedinou odm\u011bnou je dobr\u00fd pocit sportovce. A hodn\u011b kvalitn\u00ed tr\u00e9nink,\u201c p\u0159em\u00edt\u00e1 Viktor Zapletal, tren\u00e9r \u010desk\u00e9 reprezentace biker\u016f a osobn\u00ed kou\u010d Jaroslava Kulhav\u00e9ho.<\/p>\n<h2><strong>T\u0159in\u00e1ctkr\u00e1t Lys\u00e1 hora na biku<\/strong><\/h2>\n<p>Rod\u00e1k z\u00a0\u00dast\u00ed nad Orlic\u00ed po \u00fasp\u011b\u0161n\u00e9m zvl\u00e1dnut\u00ed v\u00fdzvy, na kterou pot\u0159eboval deset hodin \u010dtrn\u00e1ct minut a pades\u00e1t t\u0159i vte\u0159in, neskr\u00fdval p\u0159ekvapen\u00ed, jak se vypo\u0159\u00e1dal s\u00a0v\u00fdjime\u010dnou porc\u00ed kilometr\u016f a zejm\u00e9na pak v\u00fd\u0161kov\u00fdch metr\u016f. Nem\u011bl v\u00a0noh\u00e1ch toti\u017e \u017e\u00e1dn\u00fd speci\u00e1ln\u00ed tr\u00e9nink. V\u00a0p\u0159ede\u0161l\u00fdch t\u00fddnech nestr\u00e1vil v\u00a0r\u00e1mci p\u0159\u00edpravy na kole v\u00edce ne\u017e p\u011bt hodin.<\/p>\n<figure id=\"attachment_7369\" aria-describedby=\"caption-attachment-7369\" style=\"width: 1600px\" class=\"wp-caption alignnone\"><a href=\"https:\/\/d2p6e6u75xmxt8.cloudfront.net\/13\/2020\/05\/WLC-kulhav\u00fd-everest-lys\u00e1-hora.jpg\"><img loading=\"lazy\" decoding=\"async\" class=\"size-full wp-image-7369\" src=\"https:\/\/d2p6e6u75xmxt8.cloudfront.net\/13\/2020\/05\/WLC-kulhav\u00fd-everest-lys\u00e1-hora.jpg\" alt=\"Ve sjezdech z Lys\u00e9 hory Jaroslav Kulhav\u00fd mrznul. V\u017edy navl\u00e9kl kompletn\u00ed vybaven\u00ed. Foto: Michal \u010cerven\u00fd\" width=\"1600\" height=\"1067\" \/><\/a><figcaption id=\"caption-attachment-7369\" class=\"wp-caption-text\"><em>Ve sjezdech z Lys\u00e9 hory Jaroslav Kulhav\u00fd mrznul. V\u017edy navl\u00e9kl kompletn\u00ed vybaven\u00ed. Foto: Michal \u010cerven\u00fd<\/em><\/figcaption><\/figure>\n<p>\u201eNorm\u00e1ln\u00ed smrteln\u00edk by pot\u0159eboval minim\u00e1ln\u011b \u0161est m\u011bs\u00edc\u016f p\u0159\u00edpravy, mo\u017en\u00e1 a\u017e rok. V p\u0159\u00edpad\u011b profesion\u00e1ln\u00edho cyklisty nic takov\u00e9ho nen\u00ed nutn\u00e9. V\u0161echny tr\u00e9ninkov\u00e9 hodiny se s\u010d\u00edtaj\u00ed a ukl\u00e1daj\u00ed do energetick\u00e9 banky, kterou maj\u00ed profesion\u00e1lov\u00e9 v t\u011ble. Proto pak i pro tak jednor\u00e1zov\u00fd a extr\u00e9mn\u00ed v\u00fdkon nepot\u0159ebuj\u00ed speci\u00e1ln\u00ed tr\u00e9nink. J\u00e1ra je olympijsk\u00fd \u0161ampion. Je v\u00fdjime\u010dn\u00fd, jeho t\u011blo je nastaven\u00e9 k mimo\u0159\u00e1dn\u00fdm v\u00fdkon\u016fm,\u201c vysv\u011btluje Zapletal.<\/p>\n<figure id=\"attachment_7364\" aria-describedby=\"caption-attachment-7364\" style=\"width: 1600px\" class=\"wp-caption alignnone\"><a href=\"https:\/\/d2p6e6u75xmxt8.cloudfront.net\/13\/2020\/05\/WLC-kulhav\u00fd-everest-klob\u00e1sa.jpg\"><img loading=\"lazy\" decoding=\"async\" class=\"size-full wp-image-7364\" src=\"https:\/\/d2p6e6u75xmxt8.cloudfront.net\/13\/2020\/05\/WLC-kulhav\u00fd-everest-klob\u00e1sa.jpg\" alt=\"Jaroslav Kulhav\u00fd si b\u011bhem everestingu dop\u0159\u00e1l i klob\u00e1sku z bufetu na Lys\u00e9 ho\u0159e. Foto: Michal \u010cerven\u00fd\" width=\"1600\" height=\"1067\" \/><\/a><figcaption id=\"caption-attachment-7364\" class=\"wp-caption-text\"><em>Jaroslav Kulhav\u00fd si b\u011bhem everestingu dop\u0159\u00e1l i klob\u00e1sku z bufetu na Lys\u00e9 ho\u0159e. Foto: Michal \u010cerven\u00fd<\/em><\/figcaption><\/figure>\n<p>Slova tren\u00e9ra \u010desk\u00fdch biker\u016f v\u00fdkon Jaroslava Kulhav\u00e9ho nijak nesni\u017euj\u00ed. Mimo\u0159\u00e1dnost Everestingu p\u011btat\u0159icetilet\u00e9ho majitele zlata z her v Lond\u00fdn\u011b 2012 a st\u0159\u00edbra z Ria 2016 podtrhuje fakt, \u017ee pot\u0159ebnou v\u00fd\u0161ku \u201epolykal\u201c na horsk\u00e9m kole, m\u00edsty po nezpevn\u011bn\u00e9 cest\u011b a pro challenge si zvolil Lysou horu, nejvy\u0161\u0161\u00ed poho\u0159\u00ed Beskyd, kter\u00e1 zrovna nen\u00ed cyklist\u016fm p\u0159\u00edv\u011btiv\u00e1. Nav\u00edc velkou \u010d\u00e1st dne bojoval s velmi n\u00edzk\u00fdmi teplotami.<\/p>\n<h2><strong>Nudil se, proto napl\u00e1noval Everest Challenge v Beskydech<\/strong><\/h2>\n<p>\u201eDeset hodin v sedle je skute\u010dn\u011b mimo\u0159\u00e1dn\u00e1 porce. Kdy\u017e si vezmu okolnosti, jel pom\u011brn\u011b rychle,\u201c vyzdvihuje Zapletal skute\u010dnost, \u017ee Kulhav\u00fd si udr\u017eel pr\u016fm\u011brnou rychlost 15,8 kilometr\u016f v hodin\u011b na 161 kilometrech s magick\u00fdm \u010d\u00edslem 8848 v\u00fd\u0161kov\u00fdch metr\u016f!<\/p>\n<figure id=\"attachment_7368\" aria-describedby=\"caption-attachment-7368\" style=\"width: 1600px\" class=\"wp-caption alignnone\"><a href=\"https:\/\/d2p6e6u75xmxt8.cloudfront.net\/13\/2020\/05\/WLC-kulhav\u00fd-everest-lys\u00e1-hora-Ji\u0159\u00ed-Je\u017eek-Radek-Jaro\u0161.jpg\"><img loading=\"lazy\" decoding=\"async\" class=\"size-full wp-image-7368\" src=\"https:\/\/d2p6e6u75xmxt8.cloudfront.net\/13\/2020\/05\/WLC-kulhav\u00fd-everest-lys\u00e1-hora-Ji\u0159\u00ed-Je\u017eek-Radek-Jaro\u0161.jpg\" alt=\"Jaroslav Kulhav\u00fd po absolvov\u00e1n\u00ed Everestingu. Vlevo Ji\u0159\u00ed Je\u017eek, vpravo horolezec Radek Jaro\u0161. Foto: Michal \u010cerven\u00fd\" width=\"1600\" height=\"1067\" \/><\/a><figcaption id=\"caption-attachment-7368\" class=\"wp-caption-text\"><em>Jaroslav Kulhav\u00fd po absolvov\u00e1n\u00ed Everestingu. Vlevo Ji\u0159\u00ed Je\u017eek, vpravo horolezec Radek Jaro\u0161. Foto: Michal \u010cerven\u00fd<\/em><\/figcaption><\/figure>\n<p>\u201eMysl\u00edm, \u017ee kdyby jel J\u00e1ra na kopci, kter\u00fd bude m\u00edt p\u0159\u00edzniv\u011bj\u0161\u00ed sklon ne\u017e Lys\u00e1 hora, a zejm\u00e9na pak na silni\u010dn\u00edm kole a povrch byl z hladk\u00e9ho asfaltu, mohl by klidn\u011b poko\u0159it sv\u011btov\u00fd rekord,\u201c tvrd\u00ed Zapletal v nar\u00e1\u017ece na v\u00fdkon Keegena Swensona.<\/p>\n<div class=\"shortcode-ys-post-pinup\"><article class=\"loop-simple post-7210 post type-post status-publish format-standard has-post-thumbnail hentry category-silnicni-cyklistika category-https-www-welovecycling-com-cs-category-zabava tag-cyklistika tag-everesting tag-keegan-swenson tag-trenink global-categories-cycling\" data-postid=\"7210\" role=\"article\" data-post-id=\"7210\" data-word-count=\"316\" data-headline-length=\"80\" data-category=\"Silni\u010dn\u00ed cyklistika\" data-global-category=\"Cycling\" data-author=\"Jan Kr\u016fta\" data-published=\"2020-05-19T17:30:20+02:00\" data-published-day=\"Tuesday\">\n    <div class=\"entry-thumbnail article-thumbnail\" content=\"https:\/\/d2p6e6u75xmxt8.cloudfront.net\/13\/2020\/05\/keegan-swenson-22-150x150.webp\"><a href=\"https:\/\/www.welovecycling.com\/cs\/2020\/05\/19\/na-kole-do-vysky-everestu-swenson-na-novy-rekord-nepotreboval-ani-osm-hodin\/\" class=\"image-holder\" target=\"_self\"><img decoding=\"async\" loading=\"lazy\" class=\"\" src=\"https:\/\/d2p6e6u75xmxt8.cloudfront.net\/13\/2020\/05\/keegan-swenson-22.webp\" srcset=\"https:\/\/d2p6e6u75xmxt8.cloudfront.net\/13\/2020\/05\/keegan-swenson-22.webp 960w, https:\/\/d2p6e6u75xmxt8.cloudfront.net\/13\/2020\/05\/keegan-swenson-22-300x198.webp 300w, https:\/\/d2p6e6u75xmxt8.cloudfront.net\/13\/2020\/05\/keegan-swenson-22-768x507.webp 768w\" width=\"960\" height=\"634\" sizes=\"auto, (min-width: 1200px) 302px, (min-width: 768px) 25vw, 100vw\" alt=\"na-kole-do-vysky-everestu-swenson-na-novy-rekord-nepotreboval-ani-osm-hodin\"\/><\/a><\/div>    <div class=\"entry-meta\">\n        <a class=\"label label-secondary post-category\" href=\"https:\/\/www.welovecycling.com\/cs\/category\/silnicni-cyklistika\/\" title=\"Silni\u010dn\u00ed cyklistika\">Silni\u010dn\u00ed cyklistika<\/a>\n    <\/div>\n    <div class=\"entry-details\">\n        <a href=\"https:\/\/www.welovecycling.com\/cs\/2020\/05\/19\/na-kole-do-vysky-everestu-swenson-na-novy-rekord-nepotreboval-ani-osm-hodin\/\" class='entry-title-wrapper'>\n            <h3 class=\"entry-title\"><span>Na kole do v\u00fd\u0161ky Everestu! Swenson na nov\u00fd rekord nepot\u0159eboval ani osm hodin<\/span><\/h3>\n        <\/a>\n    <\/div>\n    <\/article>\n<\/div>\n<p>Americk\u00fd \u0161ampion v cross country zvl\u00e1dl Everesting dev\u011btadvacetin\u00e1sobn\u00fdm v\u00fdjezdem \u010d\u00e1sti kopce nedaleko Salt Lake City za 7 hodin, 40 minut a 5 vte\u0159in, \u010d\u00edm\u017e vytvo\u0159il nov\u00fd neofici\u00e1ln\u00ed rekord.<\/p>\n<figure id=\"attachment_7367\" aria-describedby=\"caption-attachment-7367\" style=\"width: 1600px\" class=\"wp-caption alignnone\"><a href=\"https:\/\/d2p6e6u75xmxt8.cloudfront.net\/13\/2020\/05\/WLC-kulhav\u00fd-everest-lys\u00e1-hora-4.jpg\"><img loading=\"lazy\" decoding=\"async\" class=\"size-full wp-image-7367\" src=\"https:\/\/d2p6e6u75xmxt8.cloudfront.net\/13\/2020\/05\/WLC-kulhav\u00fd-everest-lys\u00e1-hora-4.jpg\" alt=\"Dobojov\u00e1no. Jaroslav Kulhav\u00fd zdolal v Beskydech 8848 v\u00fd\u0161kov\u00fdch metr\u016f b\u011bhem jedin\u00e9ho dne. Foto: Michal \u010cerven\u00fd\" width=\"1600\" height=\"1067\" \/><\/a><figcaption id=\"caption-attachment-7367\" class=\"wp-caption-text\"><em>Dobojov\u00e1no. Jaroslav Kulhav\u00fd zdolal v Beskydech 8848 v\u00fd\u0161kov\u00fdch metr\u016f b\u011bhem jedin\u00e9ho dne. Foto: Michal \u010cerven\u00fd<\/em><\/figcaption><\/figure>\n<p>Aktu\u00e1ln\u011b nic takov\u00e9ho nen\u00ed re\u00e1ln\u00e9. Kulhav\u00fd stejn\u011b jako dal\u0161\u00ed bike\u0159i u\u017e v\u0161echnu koncentraci upne k bl\u00ed\u017e\u00edc\u00ed se sezon\u011b. Ale v budoucnosti?<\/p>\n<p>\u201eJ\u00e1ra se nikdy nekochal medailemi a \u00fasp\u011bchy. V\u017edy se rychle upnul k dal\u0161\u00edmu v\u00fdkonu. V dob\u011b koronaviru se bez z\u00e1vodn\u00edho vyp\u011bt\u00ed nudil, proto v kraji, kter\u00fd miluje, vymyslel Everesting. A je\u0161t\u011b p\u0159isp\u011bl na dobrou v\u011bc,\u201c p\u0159ipom\u00edn\u00e1 Zapletal, \u017ee Kulhav\u00e9ho t\u0159in\u00e1ct v\u00fdstup\u016f na Lysou horu bylo spojen\u00fdch s olympijskou nadac\u00ed a projektem, jeho\u017e v\u00fdt\u011b\u017eek \u0161el na podporu sportuj\u00edc\u00edch d\u011bt\u00ed.<\/p>\n","protected":false},"excerpt":{"rendered":"<p>V\u00fdjime\u010dn\u00fd v\u00fdkon! Neuv\u011b\u0159iteln\u00fdch 8848 v\u00fd\u0161kov\u00fdch metr\u016f nastoupal b\u011bhem jedin\u00e9ho dne v sedle kola olympijsk\u00fd \u0161ampion v cross country Jaroslav Kulhav\u00fd. [&hellip;]<\/p>\n","protected":false},"author":122,"featured_media":7365,"comment_status":"open","ping_status":"open","sticky":false,"template":"","format":"standard","meta":{"footnotes":""},"categories":[11],"tags":[931,920,234],"global-categories":[411],"class_list":["post-7372","post","type-post","status-publish","format-standard","has-post-thumbnail","hentry","category-horska-cyklistika","tag-everest-challenge","tag-everesting","tag-jaroslav-kulhavy","global-categories-cycling"],"yoast_head":"<!-- This site is optimized with the Yoast SEO Premium plugin v25.3 (Yoast SEO v25.9) - https:\/\/yoast.com\/wordpress\/plugins\/seo\/ -->\n<title>Everesting je v\u00fdjime\u010dn\u00fd. Stejn\u011b jako Kulhav\u00fd, klan\u00ed se reprezenta\u010dn\u00ed tren\u00e9r | \u0160koda We Love Cycling - \u010cesk\u00e1 republika<\/title>\n<meta name=\"robots\" content=\"index, follow, max-snippet:-1, max-image-preview:large, max-video-preview:-1\" \/>\n<link rel=\"canonical\" href=\"https:\/\/www.welovecycling.com\/cs\/2020\/05\/27\/everesting-je-vyjimecny-stejne-jako-kulhavy-klani-se-reprezentacni-trener\/\" \/>\n<meta property=\"og:locale\" content=\"cs_CZ\" \/>\n<meta property=\"og:type\" content=\"article\" \/>\n<meta property=\"og:title\" content=\"Everesting je v\u00fdjime\u010dn\u00fd. Stejn\u011b jako Kulhav\u00fd, klan\u00ed se reprezenta\u010dn\u00ed tren\u00e9r\" \/>\n<meta property=\"og:description\" content=\"V\u00fdjime\u010dn\u00fd v\u00fdkon! Neuv\u011b\u0159iteln\u00fdch 8848 v\u00fd\u0161kov\u00fdch metr\u016f nastoupal b\u011bhem jedin\u00e9ho dne v sedle kola olympijsk\u00fd \u0161ampion v cross country Jaroslav Kulhav\u00fd. [&hellip;]\" \/>\n<meta property=\"og:url\" content=\"https:\/\/www.welovecycling.com\/cs\/2020\/05\/27\/everesting-je-vyjimecny-stejne-jako-kulhavy-klani-se-reprezentacni-trener\/\" \/>\n<meta property=\"og:site_name\" content=\"\u0160koda We Love Cycling - \u010cesk\u00e1 republika\" \/>\n<meta property=\"article:published_time\" content=\"2020-05-27T05:00:44+00:00\" \/>\n<meta property=\"og:image\" content=\"https:\/\/d2p6e6u75xmxt8.cloudfront.net\/13\/2020\/05\/WLC-kulhav\u00fd-everest-lys\u00e1-hora-2.webp\" \/>\n\t<meta property=\"og:image:width\" content=\"1600\" \/>\n\t<meta property=\"og:image:height\" content=\"1067\" \/>\n\t<meta property=\"og:image:type\" content=\"image\/webp\" \/>\n<meta name=\"twitter:card\" content=\"summary_large_image\" \/>\n<meta name=\"twitter:label1\" content=\"Written by\" \/>\n\t<meta name=\"twitter:data1\" content=\"Jan Kr\u016fta\" \/>\n\t<meta name=\"twitter:label2\" content=\"Est. reading time\" \/>\n\t<meta name=\"twitter:data2\" content=\"5\" \/>\n<script type=\"application\/ld+json\" class=\"yoast-schema-graph\">{\"@context\":\"https:\/\/schema.org\",\"@graph\":[{\"@type\":\"WebPage\",\"@id\":\"https:\/\/www.welovecycling.com\/cs\/2020\/05\/27\/everesting-je-vyjimecny-stejne-jako-kulhavy-klani-se-reprezentacni-trener\/\",\"url\":\"https:\/\/www.welovecycling.com\/cs\/2020\/05\/27\/everesting-je-vyjimecny-stejne-jako-kulhavy-klani-se-reprezentacni-trener\/\",\"name\":\"Everesting je v\u00fdjime\u010dn\u00fd. Stejn\u011b jako Kulhav\u00fd, klan\u00ed se reprezenta\u010dn\u00ed tren\u00e9r | \u0160koda We Love Cycling - \u010cesk\u00e1 republika\",\"isPartOf\":{\"@id\":\"https:\/\/www.welovecycling.com\/cs\/#website\"},\"primaryImageOfPage\":{\"@id\":\"https:\/\/www.welovecycling.com\/cs\/2020\/05\/27\/everesting-je-vyjimecny-stejne-jako-kulhavy-klani-se-reprezentacni-trener\/#primaryimage\"},\"image\":{\"@id\":\"https:\/\/www.welovecycling.com\/cs\/2020\/05\/27\/everesting-je-vyjimecny-stejne-jako-kulhavy-klani-se-reprezentacni-trener\/#primaryimage\"},\"thumbnailUrl\":\"https:\/\/d2p6e6u75xmxt8.cloudfront.net\/13\/2020\/05\/WLC-kulhav\u00fd-everest-lys\u00e1-hora-2.webp\",\"datePublished\":\"2020-05-27T05:00:44+00:00\",\"author\":{\"@id\":\"\"},\"inLanguage\":\"cs\",\"potentialAction\":[{\"@type\":\"ReadAction\",\"target\":[\"https:\/\/www.welovecycling.com\/cs\/2020\/05\/27\/everesting-je-vyjimecny-stejne-jako-kulhavy-klani-se-reprezentacni-trener\/\"]}]},{\"@type\":\"ImageObject\",\"inLanguage\":\"cs\",\"@id\":\"https:\/\/www.welovecycling.com\/cs\/2020\/05\/27\/everesting-je-vyjimecny-stejne-jako-kulhavy-klani-se-reprezentacni-trener\/#primaryimage\",\"url\":\"https:\/\/d2p6e6u75xmxt8.cloudfront.net\/13\/2020\/05\/WLC-kulhav\u00fd-everest-lys\u00e1-hora-2.webp\",\"contentUrl\":\"https:\/\/d2p6e6u75xmxt8.cloudfront.net\/13\/2020\/05\/WLC-kulhav\u00fd-everest-lys\u00e1-hora-2.webp\",\"width\":1600,\"height\":1067},{\"@type\":\"WebSite\",\"@id\":\"https:\/\/www.welovecycling.com\/cs\/#website\",\"url\":\"https:\/\/www.welovecycling.com\/cs\/\",\"name\":\"\u0160koda We Love Cycling - \u010cesk\u00e1 republika\",\"description\":\"WeLoveCycling.cz je online magaz\u00edn, kter\u00fd v\u00e1m pravideln\u011b p\u0159in\u00e1\u0161\u00ed rady a tipy, zaj\u00edmav\u00e9 \u010dl\u00e1nky, videa a jedine\u010dn\u00e9 report\u00e1\u017ee ze sv\u011bta cyklistiky.\",\"potentialAction\":[{\"@type\":\"SearchAction\",\"target\":{\"@type\":\"EntryPoint\",\"urlTemplate\":\"https:\/\/www.welovecycling.com\/cs\/?s={search_term_string}\"},\"query-input\":{\"@type\":\"PropertyValueSpecification\",\"valueRequired\":true,\"valueName\":\"search_term_string\"}}],\"inLanguage\":\"cs\"},{\"@type\":\"Person\",\"@id\":\"\",\"url\":\"https:\/\/www.welovecycling.com\/cs\/author\/\"}]}<\/script>\n<!-- \/ Yoast SEO Premium plugin. -->","yoast_head_json":{"title":"Everesting je v\u00fdjime\u010dn\u00fd. Stejn\u011b jako Kulhav\u00fd, klan\u00ed se reprezenta\u010dn\u00ed tren\u00e9r | \u0160koda We Love Cycling - \u010cesk\u00e1 republika","robots":{"index":"index","follow":"follow","max-snippet":"max-snippet:-1","max-image-preview":"max-image-preview:large","max-video-preview":"max-video-preview:-1"},"canonical":"https:\/\/www.welovecycling.com\/cs\/2020\/05\/27\/everesting-je-vyjimecny-stejne-jako-kulhavy-klani-se-reprezentacni-trener\/","og_locale":"cs_CZ","og_type":"article","og_title":"Everesting je v\u00fdjime\u010dn\u00fd. Stejn\u011b jako Kulhav\u00fd, klan\u00ed se reprezenta\u010dn\u00ed tren\u00e9r","og_description":"V\u00fdjime\u010dn\u00fd v\u00fdkon! Neuv\u011b\u0159iteln\u00fdch 8848 v\u00fd\u0161kov\u00fdch metr\u016f nastoupal b\u011bhem jedin\u00e9ho dne v sedle kola olympijsk\u00fd \u0161ampion v cross country Jaroslav Kulhav\u00fd. [&hellip;]","og_url":"https:\/\/www.welovecycling.com\/cs\/2020\/05\/27\/everesting-je-vyjimecny-stejne-jako-kulhavy-klani-se-reprezentacni-trener\/","og_site_name":"\u0160koda We Love Cycling - \u010cesk\u00e1 republika","article_published_time":"2020-05-27T05:00:44+00:00","og_image":[{"width":1600,"height":1067,"url":"https:\/\/d2p6e6u75xmxt8.cloudfront.net\/13\/2020\/05\/WLC-kulhav\u00fd-everest-lys\u00e1-hora-2.webp","type":"image\/webp"}],"twitter_card":"summary_large_image","twitter_misc":{"Written by":"Jan Kr\u016fta","Est. reading time":"5"},"schema":{"@context":"https:\/\/schema.org","@graph":[{"@type":"WebPage","@id":"https:\/\/www.welovecycling.com\/cs\/2020\/05\/27\/everesting-je-vyjimecny-stejne-jako-kulhavy-klani-se-reprezentacni-trener\/","url":"https:\/\/www.welovecycling.com\/cs\/2020\/05\/27\/everesting-je-vyjimecny-stejne-jako-kulhavy-klani-se-reprezentacni-trener\/","name":"Everesting je v\u00fdjime\u010dn\u00fd. Stejn\u011b jako Kulhav\u00fd, klan\u00ed se reprezenta\u010dn\u00ed tren\u00e9r | \u0160koda We Love Cycling - \u010cesk\u00e1 republika","isPartOf":{"@id":"https:\/\/www.welovecycling.com\/cs\/#website"},"primaryImageOfPage":{"@id":"https:\/\/www.welovecycling.com\/cs\/2020\/05\/27\/everesting-je-vyjimecny-stejne-jako-kulhavy-klani-se-reprezentacni-trener\/#primaryimage"},"image":{"@id":"https:\/\/www.welovecycling.com\/cs\/2020\/05\/27\/everesting-je-vyjimecny-stejne-jako-kulhavy-klani-se-reprezentacni-trener\/#primaryimage"},"thumbnailUrl":"https:\/\/d2p6e6u75xmxt8.cloudfront.net\/13\/2020\/05\/WLC-kulhav\u00fd-everest-lys\u00e1-hora-2.webp","datePublished":"2020-05-27T05:00:44+00:00","author":{"@id":""},"inLanguage":"cs","potentialAction":[{"@type":"ReadAction","target":["https:\/\/www.welovecycling.com\/cs\/2020\/05\/27\/everesting-je-vyjimecny-stejne-jako-kulhavy-klani-se-reprezentacni-trener\/"]}]},{"@type":"ImageObject","inLanguage":"cs","@id":"https:\/\/www.welovecycling.com\/cs\/2020\/05\/27\/everesting-je-vyjimecny-stejne-jako-kulhavy-klani-se-reprezentacni-trener\/#primaryimage","url":"https:\/\/d2p6e6u75xmxt8.cloudfront.net\/13\/2020\/05\/WLC-kulhav\u00fd-everest-lys\u00e1-hora-2.webp","contentUrl":"https:\/\/d2p6e6u75xmxt8.cloudfront.net\/13\/2020\/05\/WLC-kulhav\u00fd-everest-lys\u00e1-hora-2.webp","width":1600,"height":1067},{"@type":"WebSite","@id":"https:\/\/www.welovecycling.com\/cs\/#website","url":"https:\/\/www.welovecycling.com\/cs\/","name":"\u0160koda We Love Cycling - \u010cesk\u00e1 republika","description":"WeLoveCycling.cz je online magaz\u00edn, kter\u00fd v\u00e1m pravideln\u011b p\u0159in\u00e1\u0161\u00ed rady a tipy, zaj\u00edmav\u00e9 \u010dl\u00e1nky, videa a jedine\u010dn\u00e9 report\u00e1\u017ee ze sv\u011bta cyklistiky.","potentialAction":[{"@type":"SearchAction","target":{"@type":"EntryPoint","urlTemplate":"https:\/\/www.welovecycling.com\/cs\/?s={search_term_string}"},"query-input":{"@type":"PropertyValueSpecification","valueRequired":true,"valueName":"search_term_string"}}],"inLanguage":"cs"},{"@type":"Person","@id":"","url":"https:\/\/www.welovecycling.com\/cs\/author\/"}]}},"_links":{"self":[{"href":"https:\/\/www.welovecycling.com\/cs\/wp-json\/wp\/v2\/posts\/7372","targetHints":{"allow":["GET"]}}],"collection":[{"href":"https:\/\/www.welovecycling.com\/cs\/wp-json\/wp\/v2\/posts"}],"about":[{"href":"https:\/\/www.welovecycling.com\/cs\/wp-json\/wp\/v2\/types\/post"}],"author":[{"embeddable":true,"href":"https:\/\/www.welovecycling.com\/cs\/wp-json\/wp\/v2\/users\/122"}],"replies":[{"embeddable":true,"href":"https:\/\/www.welovecycling.com\/cs\/wp-json\/wp\/v2\/comments?post=7372"}],"version-history":[{"count":2,"href":"https:\/\/www.welovecycling.com\/cs\/wp-json\/wp\/v2\/posts\/7372\/revisions"}],"predecessor-version":[{"id":7384,"href":"https:\/\/www.welovecycling.com\/cs\/wp-json\/wp\/v2\/posts\/7372\/revisions\/7384"}],"wp:featuredmedia":[{"embeddable":true,"href":"https:\/\/www.welovecycling.com\/cs\/wp-json\/wp\/v2\/media\/7365"}],"wp:attachment":[{"href":"https:\/\/www.welovecycling.com\/cs\/wp-json\/wp\/v2\/media?parent=7372"}],"wp:term":[{"taxonomy":"category","embeddable":true,"href":"https:\/\/www.welovecycling.com\/cs\/wp-json\/wp\/v2\/categories?post=7372"},{"taxonomy":"post_tag","embeddable":true,"href":"https:\/\/www.welovecycling.com\/cs\/wp-json\/wp\/v2\/tags?post=7372"},{"taxonomy":"global-categories","embeddable":true,"href":"https:\/\/www.welovecycling.com\/cs\/wp-json\/wp\/v2\/global-categories?post=7372"}],"curies":[{"name":"wp","href":"https:\/\/api.w.org\/{rel}","templated":true}]}}