{"id":7276,"date":"2020-05-27T18:00:27","date_gmt":"2020-05-27T16:00:27","guid":{"rendered":"https:\/\/www.welovecycling.com\/cs\/?p=7276"},"modified":"2020-05-27T22:02:49","modified_gmt":"2020-05-27T20:02:49","slug":"martina-sablikova-o-volbe-spodniho-pradla-na-sport-podprsenka-nesmi-skrtit","status":"publish","type":"post","link":"https:\/\/www.welovecycling.com\/cs\/2020\/05\/27\/martina-sablikova-o-volbe-spodniho-pradla-na-sport-podprsenka-nesmi-skrtit\/","title":{"rendered":"Martina S\u00e1bl\u00edkov\u00e1 o volb\u011b spodn\u00edho pr\u00e1dla na sport: Podprsenka nesm\u00ed \u0161krtit"},"content":{"rendered":"<p><strong>Nesmazateln\u011b se zapsala do historie \u010desk\u00e9ho sportu. Doma m\u00e1 t\u0159i zlat\u00e9 olympijsk\u00e9 medaile, v bitv\u00e1ch pod p\u011bti kruhy st\u00e1le na stupn\u00edch v\u00edt\u011bz\u016f celkem \u0161estkr\u00e1t. Martina S\u00e1bl\u00edkov\u00e1, \u010desk\u00e1 reprezentantka v rychlobruslen\u00ed, pro n\u00ed\u017e je cyklistika ned\u00edlnou sou\u010d\u00e1st\u00ed p\u0159\u00edpravy na ka\u017edou sezonu a i samotn\u00fdch tr\u00e9nink\u016f p\u0159ed z\u00e1vody. I p\u0159es sportovn\u00ed v\u00fdjime\u010dnost \u00fasp\u011b\u0161n\u00e1 reprezentantka p\u0159izn\u00e1v\u00e1, \u017ee v aspektu v\u00fdb\u011bru sportovn\u00ed podprsenky se nijak neli\u0161\u00ed od drtiv\u00e9 v\u011bt\u0161iny n\u011b\u017en\u00e9 \u010d\u00e1sti populace.<\/strong><\/p>\n<p>V\u00a0p\u0159\u00edpad\u011b dvaat\u0159icetilet\u00e9 roda\u010dky z\u00a0Nov\u00e9ho M\u011bsta na Morav\u011b jde o n\u00e1zor prov\u011b\u0159en\u00fd stovkami hodin na rychlobrusla\u0159sk\u00e9m ov\u00e1lu, p\u0159i b\u011bh\u00e1n\u00ed \u010di v\u00a0sedle kola. V\u017edy\u0165 S\u00e1bl\u00edkov\u00e1 dlouho kombinovala bitvy na ledov\u00e9m ov\u00e1le s\u00a0cyklistikou. Z\u00a0\u010desk\u00fdch silni\u010dn\u00edch \u0161ampion\u00e1t\u016f postupn\u011b nashrom\u00e1\u017edila patn\u00e1ct medail\u00ed, opakovan\u011b byla tuzemskou mistryn\u00ed v\u00a0\u010dasovce i hromadn\u00e9m z\u00e1vod\u011b. A kolo je st\u00e1le ned\u00edlnou sou\u010d\u00e1st\u00ed jej\u00ed p\u0159\u00edpravy.<\/p>\n<h2><strong>Olympijsk\u00e1 v\u00edt\u011bzka: Vzhled a pohodl\u00ed rozhoduje<\/strong><\/h2>\n<p>Jak moc jednadvacetin\u00e1sobn\u00e1 mistryn\u011b sv\u011bta v\u00a0rychlobruslen\u00ed \u0159e\u0161\u00ed p\u0159ed tr\u00e9ninkem a z\u00e1vody ot\u00e1zku volby spodn\u00edho pr\u00e1dla? \u201eAsi z\u00e1kladn\u00ed krit\u00e9rium ka\u017ed\u00e9 \u017eeny je i v\u00a0p\u0159\u00edpad\u011b sportovn\u00ed podprsenky vzhled. J\u00e1 nejsem v\u00a0dan\u00e9m ohledu v\u00fdjimka,\u201c vypravuje \u010desk\u00e1 reprezentantka.<\/p>\n<div class=\"shortcode-ys-post-pinup\"><article class=\"loop-simple post-7084 post type-post status-publish format-standard has-post-thumbnail hentry category-rady-tipy category-zeny tag-sportovni-podprsenka tag-zdravi tag-zeny global-categories-cycling\" data-postid=\"7084\" role=\"article\" data-post-id=\"7084\" data-word-count=\"528\" data-headline-length=\"85\" data-category=\"\u017deny\" data-global-category=\"Cycling\" data-author=\"Michaela Bu\u010dkov\u00e1\" data-published=\"2020-05-13T09:30:40+02:00\" data-published-day=\"Wednesday\">\n    <div class=\"entry-thumbnail article-thumbnail\" content=\"https:\/\/d2p6e6u75xmxt8.cloudfront.net\/13\/2020\/05\/sportovn\u00ed-podprsenka-3-150x150.webp\"><a href=\"https:\/\/www.welovecycling.com\/cs\/2020\/05\/13\/nakup-sportovni-podprsenky-vyclente-si-dost-casu-a-neobjednavejte-na-internetu\/\" class=\"image-holder\" target=\"_self\"><img decoding=\"async\" loading=\"lazy\" class=\"\" src=\"https:\/\/d2p6e6u75xmxt8.cloudfront.net\/13\/2020\/05\/sportovn\u00ed-podprsenka-3-1024x683.webp\" srcset=\"https:\/\/d2p6e6u75xmxt8.cloudfront.net\/13\/2020\/05\/sportovn\u00ed-podprsenka-3.webp 1800w, https:\/\/d2p6e6u75xmxt8.cloudfront.net\/13\/2020\/05\/sportovn\u00ed-podprsenka-3-300x200.webp 300w, https:\/\/d2p6e6u75xmxt8.cloudfront.net\/13\/2020\/05\/sportovn\u00ed-podprsenka-3-1024x683.webp 1024w, https:\/\/d2p6e6u75xmxt8.cloudfront.net\/13\/2020\/05\/sportovn\u00ed-podprsenka-3-768x512.webp 768w, https:\/\/d2p6e6u75xmxt8.cloudfront.net\/13\/2020\/05\/sportovn\u00ed-podprsenka-3-1536x1024.webp 1536w, https:\/\/d2p6e6u75xmxt8.cloudfront.net\/13\/2020\/05\/sportovn\u00ed-podprsenka-3-272x182.webp 272w\" width=\"1024\" height=\"683\" sizes=\"auto, (min-width: 1200px) 300px, (min-width: 768px) 25vw, 100vw\" alt=\"nakup-sportovni-podprsenky-vyclente-si-dost-casu-a-neobjednavejte-na-internetu\"\/><\/a><\/div>    <div class=\"entry-meta\">\n        <a class=\"label label-secondary post-category\" href=\"https:\/\/www.welovecycling.com\/cs\/category\/zeny\/\" title=\"\u017deny\">\u017deny<\/a>\n    <\/div>\n    <div class=\"entry-details\">\n        <a href=\"https:\/\/www.welovecycling.com\/cs\/2020\/05\/13\/nakup-sportovni-podprsenky-vyclente-si-dost-casu-a-neobjednavejte-na-internetu\/\" class='entry-title-wrapper'>\n            <h3 class=\"entry-title\"><span>N\u00e1kup sportovn\u00ed podprsenky? Vy\u010dle\u0148te si dost \u010dasu a neobjedn\u00e1vejte na internetu<\/span><\/h3>\n        <\/a>\n    <\/div>\n    <\/article>\n<\/div>\n<p>\u201eKa\u017edop\u00e1dn\u011b nad vzhledem stoj\u00ed je\u0161t\u011b jedno pravidlo, kter\u00e9 je v\u00a0p\u0159\u00edpad\u011b sportovn\u00ed podprsenky nad\u0159azen\u00e9 v\u0161emu. Je j\u00edm pohodlnost,\u201c zd\u016fraz\u0148uje Martina S\u00e1bl\u00edkov\u00e1 aspekt, na n\u011bj\u017e klade nejv\u011bt\u0161\u00ed d\u016fraz.<\/p>\n<figure id=\"attachment_7408\" aria-describedby=\"caption-attachment-7408\" style=\"width: 1600px\" class=\"wp-caption alignnone\"><a href=\"https:\/\/d2p6e6u75xmxt8.cloudfront.net\/13\/2020\/05\/martina-s\u00e1bl\u00edkov\u00e1-sportovn\u00ed-podrpsenka-under-armour-22.jpg\"><img loading=\"lazy\" decoding=\"async\" class=\"size-full wp-image-7408\" src=\"https:\/\/d2p6e6u75xmxt8.cloudfront.net\/13\/2020\/05\/martina-s\u00e1bl\u00edkov\u00e1-sportovn\u00ed-podrpsenka-under-armour-22.jpg\" alt=\"Martina S\u00e1bl\u00edkov\u00e1 m\u00e1 cyklistiku jako pravideln\u00fd dopln\u011bk p\u0159\u00edpravy. V\u00fdb\u011br spodn\u00edho pr\u00e1dla je pro ni velmi d\u016fle\u017eit\u00fd. Foto: Tom\u00e1\u0161 T\u0159e\u0161t\u00edk pro Under Armour\" width=\"1600\" height=\"1067\" \/><\/a><figcaption id=\"caption-attachment-7408\" class=\"wp-caption-text\"><em>Martina S\u00e1bl\u00edkov\u00e1 m\u00e1 se sportem spojen\u00fd cel\u00fd \u017eivot. V\u00fdb\u011br spodn\u00edho pr\u00e1dla je pro ni velmi d\u016fle\u017eit\u00fd. Foto: Tom\u00e1\u0161 T\u0159e\u0161t\u00edk pro Under Armour<\/em><\/figcaption><\/figure>\n<p>\u201ePodprsenka na sport prost\u011b mus\u00ed b\u00fdt pohodln\u00e1. P\u0159i tr\u00e9ninku a z\u00e1vod\u011b se pot\u0159ebuji soust\u0159edit na v\u00fdkon, \u010dlov\u011bk se nesm\u00ed rozptylovat \u010d\u00edmkoliv ostatn\u00edm. Tak\u017ee kdyby m\u011b t\u0159eba podprsenka n\u011bkde trochu \u0161kr\u00e1bala, tla\u010dila, jednalo by se o probl\u00e9m, proto\u017ee na to pak \u010dlov\u011bk mysl\u00ed a koncentrace je naru\u0161en\u00e1,\u201c nech\u00e1v\u00e1 S\u00e1bl\u00edkov\u00e1 nahl\u00e9dnout do hodn\u011b osobn\u00ed sf\u00e9ry p\u0159\u00edpravy.<\/p>\n<p>\u201eNem\u00e1m r\u00e1da podprsenky, kter\u00e9 m\u011b \u0161krt\u00ed nebo jsou moc upnut\u00e9. Z\u00e1le\u017e\u00ed rovn\u011b\u017e na tom, co pr\u00e1v\u011b v\u00a0tr\u00e9ninku d\u011bl\u00e1m. Je rozd\u00edl z\u00a0hlediska jednotliv\u00fdch sport\u016f. M\u00e1m to docela hezky odstup\u0148ovan\u00e9,\u201c popisuje S\u00e1bl\u00edkov\u00e1.<\/p>\n<h2><strong>Sta\u010d\u00ed svazuj\u00edc\u00ed sporttester<\/strong><\/h2>\n<p>\u201eKdy\u017e jdu b\u011bhat, tak preferuji pevn\u011bj\u0161\u00ed podprsenku, n\u011bjak mi to k b\u011bhu sed\u00ed. M\u00e1m toti\u017e pocit, \u017ee mi volba pevn\u011bj\u0161\u00ed sportovn\u00ed podprsenky pom\u00e1h\u00e1 dr\u017eet spr\u00e1vn\u011b t\u011blo a rovn\u00e1 z\u00e1da,\u201c \u0159\u00edk\u00e1 sv\u011btov\u00e1 \u0161ampionka v rychlobruslen\u00ed.<\/p>\n<figure id=\"attachment_7422\" aria-describedby=\"caption-attachment-7422\" style=\"width: 1080px\" class=\"wp-caption alignnone\"><a href=\"https:\/\/d2p6e6u75xmxt8.cloudfront.net\/13\/2020\/05\/s\u00e1bl\u00edkov\u00e1.jpg\"><img loading=\"lazy\" decoding=\"async\" class=\"size-full wp-image-7422\" src=\"https:\/\/d2p6e6u75xmxt8.cloudfront.net\/13\/2020\/05\/s\u00e1bl\u00edkov\u00e1.jpg\" alt=\"Martina S\u00e1bl\u00edkov\u00e1 vyu\u017e\u00edv\u00e1 kolo v r\u00e1mci ka\u017ed\u00e9 p\u0159\u00edpravy. Foto: instagram Martiny S\u00e1bl\u00edkov\u00e9\" width=\"1080\" height=\"1080\" \/><\/a><figcaption id=\"caption-attachment-7422\" class=\"wp-caption-text\"><em>Martina S\u00e1bl\u00edkov\u00e1 vyu\u017e\u00edv\u00e1 kolo v r\u00e1mci ka\u017ed\u00e9 p\u0159\u00edpravy. Foto: instagram Martiny S\u00e1bl\u00edkov\u00e9<\/em><\/figcaption><\/figure>\n<p>\u201eCo se t\u00fd\u010de vyj\u00ed\u017ed\u011bk na kole, tak tam m\u016f\u017eu m\u00edt jakoukoliv podprsenku, ale obecn\u011b rad\u0161i s\u00e1hnu po voln\u011bj\u0161\u00ed, proto\u017ee nesm\u00edm p\u0159i d\u00fdch\u00e1n\u00ed c\u00edtit, \u017ee m\u011b n\u011bco svazuje. Sta\u010d\u00ed, \u017ee m\u00e1m sporttester. Kdo si ho n\u011bkdy vyzkou\u0161el, tak v\u00ed, o \u010dem mluv\u00edm,\u201c sm\u011bje se S\u00e1bl\u00edkov\u00e1.<\/p>\n<div class=\"shortcode-ys-post-pinup\"><article class=\"loop-simple post-7206 post type-post status-publish format-standard has-post-thumbnail hentry category-rady-tipy category-zeny tag-sportovni-podprsenka tag-trenink tag-zdravi tag-zeny global-categories-cycling\" data-postid=\"7206\" role=\"article\" data-post-id=\"7206\" data-word-count=\"346\" data-headline-length=\"55\" data-category=\"Rady &amp; tipy\" data-global-category=\"Cycling\" data-author=\"Michaela Bu\u010dkov\u00e1\" data-published=\"2020-05-20T18:30:29+02:00\" data-published-day=\"Wednesday\">\n    <div class=\"entry-thumbnail article-thumbnail\" content=\"https:\/\/d2p6e6u75xmxt8.cloudfront.net\/13\/2020\/05\/sportovn\u00ed-podprsenka-150x150.webp\"><a href=\"https:\/\/www.welovecycling.com\/cs\/2020\/05\/20\/sportovni-podprsenka-osvedcene-a-vyzkousene-tipy\/\" class=\"image-holder\" target=\"_self\"><img decoding=\"async\" loading=\"lazy\" class=\"\" src=\"https:\/\/d2p6e6u75xmxt8.cloudfront.net\/13\/2020\/05\/sportovn\u00ed-podprsenka-1024x683.webp\" srcset=\"https:\/\/d2p6e6u75xmxt8.cloudfront.net\/13\/2020\/05\/sportovn\u00ed-podprsenka.webp 1800w, https:\/\/d2p6e6u75xmxt8.cloudfront.net\/13\/2020\/05\/sportovn\u00ed-podprsenka-300x200.webp 300w, https:\/\/d2p6e6u75xmxt8.cloudfront.net\/13\/2020\/05\/sportovn\u00ed-podprsenka-1024x683.webp 1024w, https:\/\/d2p6e6u75xmxt8.cloudfront.net\/13\/2020\/05\/sportovn\u00ed-podprsenka-768x512.webp 768w, https:\/\/d2p6e6u75xmxt8.cloudfront.net\/13\/2020\/05\/sportovn\u00ed-podprsenka-1536x1024.webp 1536w, https:\/\/d2p6e6u75xmxt8.cloudfront.net\/13\/2020\/05\/sportovn\u00ed-podprsenka-272x182.webp 272w\" width=\"1024\" height=\"683\" sizes=\"auto, (min-width: 1200px) 300px, (min-width: 768px) 25vw, 100vw\" alt=\"sportovni-podprsenka-osvedcene-a-vyzkousene-tipy\"\/><\/a><\/div>    <div class=\"entry-meta\">\n        <a class=\"label label-secondary post-category\" href=\"https:\/\/www.welovecycling.com\/cs\/category\/rady-tipy\/\" title=\"Rady &amp; tipy\">Rady &amp; tipy<\/a>\n    <\/div>\n    <div class=\"entry-details\">\n        <a href=\"https:\/\/www.welovecycling.com\/cs\/2020\/05\/20\/sportovni-podprsenka-osvedcene-a-vyzkousene-tipy\/\" class='entry-title-wrapper'>\n            <h3 class=\"entry-title\"><span>Sportovn\u00ed podprsenka? Osv\u011bd\u010den\u00e9 a vyzkou\u0161en\u00e9 typy<\/span><\/h3>\n        <\/a>\n    <\/div>\n    <\/article>\n<\/div>\n<p>Vylo\u017een\u011b specifick\u00fd p\u0159\u00edstup m\u00e1 k\u00a0dan\u00e9 problematice p\u0159i rychlobruslen\u00ed. \u201eKdy\u017e jdu na led, tak mus\u00ed b\u00fdt podprsenka \u00fapln\u011b voln\u00e1. To plat\u00ed hlavn\u011b pro z\u00e1vody, kde rozhoduje ka\u017ed\u00fd detail,\u201c zd\u016fraz\u0148uje S\u00e1bl\u00edkov\u00e1.<\/p>\n<p>\u201eSamotn\u00e1 z\u00e1vodn\u00ed kombin\u00e9za je dost upnut\u00e1, aerodynamika je d\u016fle\u017eit\u00e1. A neum\u00edm si p\u0159edstavit, \u017ee bych pod n\u00ed m\u011bla m\u00edt je\u0161t\u011b upnutou podprsenku. Alespo\u0148 v tomhle ohledu se chci p\u0159i z\u00e1vodech c\u00edtit trochu voln\u00e1,\u201c cul\u00ed se \u0161estin\u00e1sobn\u00e1 olympijsk\u00e1 medailistka, kter\u00e1 se po zlomenin\u011b prav\u00e9 nohy v pr\u016fb\u011bhu kv\u011btna vr\u00e1tila do tr\u00e9ninku v sedle horsk\u00e9ho kola.<\/p>\n","protected":false},"excerpt":{"rendered":"<p>Nesmazateln\u011b se zapsala do historie \u010desk\u00e9ho sportu. Doma m\u00e1 t\u0159i zlat\u00e9 olympijsk\u00e9 medaile, v bitv\u00e1ch pod p\u011bti kruhy st\u00e1le na [&hellip;]<\/p>\n","protected":false},"author":122,"featured_media":7421,"comment_status":"open","ping_status":"open","sticky":false,"template":"","format":"standard","meta":{"footnotes":""},"categories":[15,5],"tags":[267,932,911,43],"global-categories":[411],"class_list":["post-7276","post","type-post","status-publish","format-standard","has-post-thumbnail","hentry","category-rady-tipy","category-zeny","tag-cyklo-obleceni","tag-martina-sablikova","tag-sportovni-podprsenka","tag-zeny","global-categories-cycling"],"yoast_head":"<!-- This site is optimized with the Yoast SEO Premium plugin v25.3 (Yoast SEO v25.9) - https:\/\/yoast.com\/wordpress\/plugins\/seo\/ -->\n<title>Martina S\u00e1bl\u00edkov\u00e1 o volb\u011b spodn\u00edho pr\u00e1dla na sport: Podprsenka nesm\u00ed \u0161krtit | \u0160koda We Love Cycling - \u010cesk\u00e1 republika<\/title>\n<meta name=\"robots\" content=\"index, follow, max-snippet:-1, max-image-preview:large, max-video-preview:-1\" \/>\n<link rel=\"canonical\" href=\"https:\/\/www.welovecycling.com\/cs\/2020\/05\/27\/martina-sablikova-o-volbe-spodniho-pradla-na-sport-podprsenka-nesmi-skrtit\/\" \/>\n<meta property=\"og:locale\" content=\"cs_CZ\" \/>\n<meta property=\"og:type\" content=\"article\" \/>\n<meta property=\"og:title\" content=\"Martina S\u00e1bl\u00edkov\u00e1 o volb\u011b spodn\u00edho pr\u00e1dla na sport: Podprsenka nesm\u00ed \u0161krtit\" \/>\n<meta property=\"og:description\" content=\"Nesmazateln\u011b se zapsala do historie \u010desk\u00e9ho sportu. Doma m\u00e1 t\u0159i zlat\u00e9 olympijsk\u00e9 medaile, v bitv\u00e1ch pod p\u011bti kruhy st\u00e1le na [&hellip;]\" \/>\n<meta property=\"og:url\" content=\"https:\/\/www.welovecycling.com\/cs\/2020\/05\/27\/martina-sablikova-o-volbe-spodniho-pradla-na-sport-podprsenka-nesmi-skrtit\/\" \/>\n<meta property=\"og:site_name\" content=\"\u0160koda We Love Cycling - \u010cesk\u00e1 republika\" \/>\n<meta property=\"article:published_time\" content=\"2020-05-27T16:00:27+00:00\" \/>\n<meta property=\"article:modified_time\" content=\"2020-05-27T20:02:49+00:00\" \/>\n<meta property=\"og:image\" content=\"https:\/\/d2p6e6u75xmxt8.cloudfront.net\/13\/2020\/05\/s\u00e1bl\u00edkov\u00e1-martin-silnice.webp\" \/>\n\t<meta property=\"og:image:width\" content=\"1080\" \/>\n\t<meta property=\"og:image:height\" content=\"1079\" \/>\n\t<meta property=\"og:image:type\" content=\"image\/webp\" \/>\n<meta name=\"twitter:card\" content=\"summary_large_image\" \/>\n<meta name=\"twitter:label1\" content=\"Written by\" \/>\n\t<meta name=\"twitter:data1\" content=\"Michaela Bu\u010dkov\u00e1\" \/>\n\t<meta name=\"twitter:label2\" content=\"Est. reading time\" \/>\n\t<meta name=\"twitter:data2\" content=\"6\" \/>\n<script type=\"application\/ld+json\" class=\"yoast-schema-graph\">{\"@context\":\"https:\/\/schema.org\",\"@graph\":[{\"@type\":\"WebPage\",\"@id\":\"https:\/\/www.welovecycling.com\/cs\/2020\/05\/27\/martina-sablikova-o-volbe-spodniho-pradla-na-sport-podprsenka-nesmi-skrtit\/\",\"url\":\"https:\/\/www.welovecycling.com\/cs\/2020\/05\/27\/martina-sablikova-o-volbe-spodniho-pradla-na-sport-podprsenka-nesmi-skrtit\/\",\"name\":\"Martina S\u00e1bl\u00edkov\u00e1 o volb\u011b spodn\u00edho pr\u00e1dla na sport: Podprsenka nesm\u00ed \u0161krtit | \u0160koda We Love Cycling - \u010cesk\u00e1 republika\",\"isPartOf\":{\"@id\":\"https:\/\/www.welovecycling.com\/cs\/#website\"},\"primaryImageOfPage\":{\"@id\":\"https:\/\/www.welovecycling.com\/cs\/2020\/05\/27\/martina-sablikova-o-volbe-spodniho-pradla-na-sport-podprsenka-nesmi-skrtit\/#primaryimage\"},\"image\":{\"@id\":\"https:\/\/www.welovecycling.com\/cs\/2020\/05\/27\/martina-sablikova-o-volbe-spodniho-pradla-na-sport-podprsenka-nesmi-skrtit\/#primaryimage\"},\"thumbnailUrl\":\"https:\/\/d2p6e6u75xmxt8.cloudfront.net\/13\/2020\/05\/s\u00e1bl\u00edkov\u00e1-martin-silnice.webp\",\"datePublished\":\"2020-05-27T16:00:27+00:00\",\"dateModified\":\"2020-05-27T20:02:49+00:00\",\"author\":{\"@id\":\"\"},\"inLanguage\":\"cs\",\"potentialAction\":[{\"@type\":\"ReadAction\",\"target\":[\"https:\/\/www.welovecycling.com\/cs\/2020\/05\/27\/martina-sablikova-o-volbe-spodniho-pradla-na-sport-podprsenka-nesmi-skrtit\/\"]}]},{\"@type\":\"ImageObject\",\"inLanguage\":\"cs\",\"@id\":\"https:\/\/www.welovecycling.com\/cs\/2020\/05\/27\/martina-sablikova-o-volbe-spodniho-pradla-na-sport-podprsenka-nesmi-skrtit\/#primaryimage\",\"url\":\"https:\/\/d2p6e6u75xmxt8.cloudfront.net\/13\/2020\/05\/s\u00e1bl\u00edkov\u00e1-martin-silnice.webp\",\"contentUrl\":\"https:\/\/d2p6e6u75xmxt8.cloudfront.net\/13\/2020\/05\/s\u00e1bl\u00edkov\u00e1-martin-silnice.webp\",\"width\":1080,\"height\":1079,\"caption\":\"Martina S\u00e1bl\u00edkov\u00e1 pravideln\u011b tr\u00e9nuje na Stelviu. Foto: instagram Martiny S\u00e1bl\u00edkov\u00e9\"},{\"@type\":\"WebSite\",\"@id\":\"https:\/\/www.welovecycling.com\/cs\/#website\",\"url\":\"https:\/\/www.welovecycling.com\/cs\/\",\"name\":\"\u0160koda We Love Cycling - \u010cesk\u00e1 republika\",\"description\":\"WeLoveCycling.cz je online magaz\u00edn, kter\u00fd v\u00e1m pravideln\u011b p\u0159in\u00e1\u0161\u00ed rady a tipy, zaj\u00edmav\u00e9 \u010dl\u00e1nky, videa a jedine\u010dn\u00e9 report\u00e1\u017ee ze sv\u011bta cyklistiky.\",\"potentialAction\":[{\"@type\":\"SearchAction\",\"target\":{\"@type\":\"EntryPoint\",\"urlTemplate\":\"https:\/\/www.welovecycling.com\/cs\/?s={search_term_string}\"},\"query-input\":{\"@type\":\"PropertyValueSpecification\",\"valueRequired\":true,\"valueName\":\"search_term_string\"}}],\"inLanguage\":\"cs\"},{\"@type\":\"Person\",\"@id\":\"\",\"url\":\"https:\/\/www.welovecycling.com\/cs\/author\/\"}]}<\/script>\n<!-- \/ Yoast SEO Premium plugin. -->","yoast_head_json":{"title":"Martina S\u00e1bl\u00edkov\u00e1 o volb\u011b spodn\u00edho pr\u00e1dla na sport: Podprsenka nesm\u00ed \u0161krtit | \u0160koda We Love Cycling - \u010cesk\u00e1 republika","robots":{"index":"index","follow":"follow","max-snippet":"max-snippet:-1","max-image-preview":"max-image-preview:large","max-video-preview":"max-video-preview:-1"},"canonical":"https:\/\/www.welovecycling.com\/cs\/2020\/05\/27\/martina-sablikova-o-volbe-spodniho-pradla-na-sport-podprsenka-nesmi-skrtit\/","og_locale":"cs_CZ","og_type":"article","og_title":"Martina S\u00e1bl\u00edkov\u00e1 o volb\u011b spodn\u00edho pr\u00e1dla na sport: Podprsenka nesm\u00ed \u0161krtit","og_description":"Nesmazateln\u011b se zapsala do historie \u010desk\u00e9ho sportu. Doma m\u00e1 t\u0159i zlat\u00e9 olympijsk\u00e9 medaile, v bitv\u00e1ch pod p\u011bti kruhy st\u00e1le na [&hellip;]","og_url":"https:\/\/www.welovecycling.com\/cs\/2020\/05\/27\/martina-sablikova-o-volbe-spodniho-pradla-na-sport-podprsenka-nesmi-skrtit\/","og_site_name":"\u0160koda We Love Cycling - \u010cesk\u00e1 republika","article_published_time":"2020-05-27T16:00:27+00:00","article_modified_time":"2020-05-27T20:02:49+00:00","og_image":[{"width":1080,"height":1079,"url":"https:\/\/d2p6e6u75xmxt8.cloudfront.net\/13\/2020\/05\/s\u00e1bl\u00edkov\u00e1-martin-silnice.webp","type":"image\/webp"}],"twitter_card":"summary_large_image","twitter_misc":{"Written by":"Michaela Bu\u010dkov\u00e1","Est. reading time":"6"},"schema":{"@context":"https:\/\/schema.org","@graph":[{"@type":"WebPage","@id":"https:\/\/www.welovecycling.com\/cs\/2020\/05\/27\/martina-sablikova-o-volbe-spodniho-pradla-na-sport-podprsenka-nesmi-skrtit\/","url":"https:\/\/www.welovecycling.com\/cs\/2020\/05\/27\/martina-sablikova-o-volbe-spodniho-pradla-na-sport-podprsenka-nesmi-skrtit\/","name":"Martina S\u00e1bl\u00edkov\u00e1 o volb\u011b spodn\u00edho pr\u00e1dla na sport: Podprsenka nesm\u00ed \u0161krtit | \u0160koda We Love Cycling - \u010cesk\u00e1 republika","isPartOf":{"@id":"https:\/\/www.welovecycling.com\/cs\/#website"},"primaryImageOfPage":{"@id":"https:\/\/www.welovecycling.com\/cs\/2020\/05\/27\/martina-sablikova-o-volbe-spodniho-pradla-na-sport-podprsenka-nesmi-skrtit\/#primaryimage"},"image":{"@id":"https:\/\/www.welovecycling.com\/cs\/2020\/05\/27\/martina-sablikova-o-volbe-spodniho-pradla-na-sport-podprsenka-nesmi-skrtit\/#primaryimage"},"thumbnailUrl":"https:\/\/d2p6e6u75xmxt8.cloudfront.net\/13\/2020\/05\/s\u00e1bl\u00edkov\u00e1-martin-silnice.webp","datePublished":"2020-05-27T16:00:27+00:00","dateModified":"2020-05-27T20:02:49+00:00","author":{"@id":""},"inLanguage":"cs","potentialAction":[{"@type":"ReadAction","target":["https:\/\/www.welovecycling.com\/cs\/2020\/05\/27\/martina-sablikova-o-volbe-spodniho-pradla-na-sport-podprsenka-nesmi-skrtit\/"]}]},{"@type":"ImageObject","inLanguage":"cs","@id":"https:\/\/www.welovecycling.com\/cs\/2020\/05\/27\/martina-sablikova-o-volbe-spodniho-pradla-na-sport-podprsenka-nesmi-skrtit\/#primaryimage","url":"https:\/\/d2p6e6u75xmxt8.cloudfront.net\/13\/2020\/05\/s\u00e1bl\u00edkov\u00e1-martin-silnice.webp","contentUrl":"https:\/\/d2p6e6u75xmxt8.cloudfront.net\/13\/2020\/05\/s\u00e1bl\u00edkov\u00e1-martin-silnice.webp","width":1080,"height":1079,"caption":"Martina S\u00e1bl\u00edkov\u00e1 pravideln\u011b tr\u00e9nuje na Stelviu. Foto: instagram Martiny S\u00e1bl\u00edkov\u00e9"},{"@type":"WebSite","@id":"https:\/\/www.welovecycling.com\/cs\/#website","url":"https:\/\/www.welovecycling.com\/cs\/","name":"\u0160koda We Love Cycling - \u010cesk\u00e1 republika","description":"WeLoveCycling.cz je online magaz\u00edn, kter\u00fd v\u00e1m pravideln\u011b p\u0159in\u00e1\u0161\u00ed rady a tipy, zaj\u00edmav\u00e9 \u010dl\u00e1nky, videa a jedine\u010dn\u00e9 report\u00e1\u017ee ze sv\u011bta cyklistiky.","potentialAction":[{"@type":"SearchAction","target":{"@type":"EntryPoint","urlTemplate":"https:\/\/www.welovecycling.com\/cs\/?s={search_term_string}"},"query-input":{"@type":"PropertyValueSpecification","valueRequired":true,"valueName":"search_term_string"}}],"inLanguage":"cs"},{"@type":"Person","@id":"","url":"https:\/\/www.welovecycling.com\/cs\/author\/"}]}},"_links":{"self":[{"href":"https:\/\/www.welovecycling.com\/cs\/wp-json\/wp\/v2\/posts\/7276","targetHints":{"allow":["GET"]}}],"collection":[{"href":"https:\/\/www.welovecycling.com\/cs\/wp-json\/wp\/v2\/posts"}],"about":[{"href":"https:\/\/www.welovecycling.com\/cs\/wp-json\/wp\/v2\/types\/post"}],"author":[{"embeddable":true,"href":"https:\/\/www.welovecycling.com\/cs\/wp-json\/wp\/v2\/users\/122"}],"replies":[{"embeddable":true,"href":"https:\/\/www.welovecycling.com\/cs\/wp-json\/wp\/v2\/comments?post=7276"}],"version-history":[{"count":2,"href":"https:\/\/www.welovecycling.com\/cs\/wp-json\/wp\/v2\/posts\/7276\/revisions"}],"predecessor-version":[{"id":7424,"href":"https:\/\/www.welovecycling.com\/cs\/wp-json\/wp\/v2\/posts\/7276\/revisions\/7424"}],"wp:featuredmedia":[{"embeddable":true,"href":"https:\/\/www.welovecycling.com\/cs\/wp-json\/wp\/v2\/media\/7421"}],"wp:attachment":[{"href":"https:\/\/www.welovecycling.com\/cs\/wp-json\/wp\/v2\/media?parent=7276"}],"wp:term":[{"taxonomy":"category","embeddable":true,"href":"https:\/\/www.welovecycling.com\/cs\/wp-json\/wp\/v2\/categories?post=7276"},{"taxonomy":"post_tag","embeddable":true,"href":"https:\/\/www.welovecycling.com\/cs\/wp-json\/wp\/v2\/tags?post=7276"},{"taxonomy":"global-categories","embeddable":true,"href":"https:\/\/www.welovecycling.com\/cs\/wp-json\/wp\/v2\/global-categories?post=7276"}],"curies":[{"name":"wp","href":"https:\/\/api.w.org\/{rel}","templated":true}]}}