{"id":7265,"date":"2020-05-21T08:30:28","date_gmt":"2020-05-21T06:30:28","guid":{"rendered":"https:\/\/www.welovecycling.com\/cs\/?p=7265"},"modified":"2020-05-21T09:28:34","modified_gmt":"2020-05-21T07:28:34","slug":"klub-ceskych-turistu-pripravil-projekt-na-kole-po-chatach-propoji-krkonose-a-orlicke-hory","status":"publish","type":"post","link":"https:\/\/www.welovecycling.com\/cs\/2020\/05\/21\/klub-ceskych-turistu-pripravil-projekt-na-kole-po-chatach-propoji-krkonose-a-orlicke-hory\/","title":{"rendered":"Na kole po chat\u00e1ch Klubu \u010desk\u00fdch turist\u016f. Z Krkono\u0161 a\u017e do Orlick\u00fdch hor"},"content":{"rendered":"<p><strong>Pomoc provozovatel\u016fm chat, na n\u011b\u017e tvrd\u011b dopadly n\u00e1sledky leto\u0161n\u00edho rou\u0161kov\u00e9ho jara. Sou\u010dasn\u011b snaha vyu\u017e\u00edt \u0159adu turistick\u00fdch objekt\u016f, kter\u00e9 maj\u00ed na vr\u0161c\u00edch hor ve vlastnictv\u00ed, ale v\u0161echny dosud fungovaly jako samostatn\u00e9 jednotky. A samoz\u0159ejm\u011b snaha rozh\u00fdbat \u010cechy, aby poznali kus sv\u00e9 vlasti. Takov\u00e9 motivy st\u00e1ly v Klubu \u010desk\u00fdch turist\u016f za vznikem projektu Na kole po chat\u00e1ch K\u010cT.<\/strong><\/p>\n<p>Klub \u010desk\u00fdch turist\u016f vlastn\u00ed patn\u00e1ct turistick\u00fdch objekt\u016f: \u010dtrn\u00e1ct chat a jeden chatov\u00fd t\u00e1bor, kter\u00e9 jsou rozlo\u017eeny nerovnom\u011brn\u011b po cel\u00e9 republice, p\u0159i\u010dem\u017e v\u011bt\u0161ina z nich se nach\u00e1z\u00ed v\u00a0severov\u00fdchodn\u00ed \u010d\u00e1sti \u010cech. \u201eA n\u00e1s dlouhodob\u011b mrzelo,\u201c \u0159\u00edk\u00e1 autor nov\u00e9 cyklistick\u00e9 my\u0161lenky Zbyn\u011bk B\u00e1\u010da, kter\u00fd m\u00e1 v K\u010cT podobn\u00e9 projekty na starost a nechal se inspirovat v zahrani\u010d\u00ed, \u201e\u017ee chaty v\u016fbec spolu nespolupracuj\u00ed. Napadlo n\u00e1s n\u011bjak je pospojovat, ale proto\u017ee se nach\u00e1zej\u00ed pom\u011brn\u011b daleko od sebe, tak nejl\u00e9pe na kole po cyklistick\u00fdch tras\u00e1ch.\u201c<\/p>\n<h2><strong>Tour de \u010cesko. Od Je\u0161t\u011bdu k Zemsk\u00e9 br\u00e1n\u011b<\/strong><\/h2>\n<p>M\u016f\u017ee v\u00e1m to p\u0159ipom\u00ednat malou Tour de \u010cesko, proto\u017ee na etapy m\u016f\u017eete projet \u0161est zat\u00edm vyjednan\u00fdch chat a dostat se tak z\u00a0oblasti Je\u0161t\u011bdu a\u017e do v\u00fdchodn\u00ed \u010d\u00e1sti Orlick\u00fdch hor. V\u00fdlet po turistick\u00e9 a pozn\u00e1vac\u00ed str\u00e1nce par\u00e1dn\u00ed. \u201eA i po fyzick\u00e9 str\u00e1nce spln\u00ed o\u010dek\u00e1v\u00e1n\u00ed cyklist\u016f, kte\u0159\u00ed si um\u011bj\u00ed d\u00e1t do trika,\u201c \u0159\u00edk\u00e1 z\u00e1stupce K\u010cT.<\/p>\n<figure id=\"attachment_7260\" aria-describedby=\"caption-attachment-7260\" style=\"width: 4032px\" class=\"wp-caption alignnone\"><a href=\"https:\/\/d2p6e6u75xmxt8.cloudfront.net\/13\/2020\/05\/K\u010cT-Turistick\u00e1-chata-Prachov.jpg\"><img loading=\"lazy\" decoding=\"async\" class=\"size-full wp-image-7260\" src=\"https:\/\/d2p6e6u75xmxt8.cloudfront.net\/13\/2020\/05\/K\u010cT-Turistick\u00e1-chata-Prachov.jpg\" alt=\"Turistick\u00e1 chata Prachov je sou\u010d\u00e1st\u00ed nov\u00e9ho projektu Klubu \u010desk\u00fdch turist\u016f.\" width=\"4032\" height=\"3024\" \/><\/a><figcaption id=\"caption-attachment-7260\" class=\"wp-caption-text\"><em>Turistick\u00e1 chata Prachov je sou\u010d\u00e1st\u00ed nov\u00e9ho projektu Klubu \u010desk\u00fdch turist\u016f. Foto: archiv K\u010cT<\/em><\/figcaption><\/figure>\n<p>Doporu\u010dovan\u00fd sm\u011br je ze z\u00e1padu na v\u00fdchod, kdy m\u016f\u017eete svoje cykloputov\u00e1n\u00ed nastartovat na Turistick\u00e9 chat\u011b Pl\u00e1n\u011b pod Je\u0161t\u011bdem, odkud se na cest\u011b k dal\u0161\u00ed spolupracuj\u00edc\u00ed ubikaci (Turistick\u00e1 chata Prachov) p\u0159ejede \u010cesk\u00fd r\u00e1j do srdce Prachovsk\u00fdch skal.<\/p>\n<h2><strong>Voseck\u00e1 bouda nejvy\u0161\u0161\u00edm bodem putov\u00e1n\u00ed<\/strong><\/h2>\n<p>Tady se &#8222;peloton&#8220; nejsp\u00ed\u0161 za\u010dne trhat, proto\u017ee p\u0159ijdou horsk\u00e9 etapy a stoup\u00e1n\u00ed na h\u0159eben Krkono\u0161 a nejvy\u0161\u0161\u00ed bod putov\u00e1n\u00ed, j\u00edm\u017e je Voseck\u00e1 bouda (1260 metr\u016f nad mo\u0159em). T\u0159et\u00ed etapa m\u016f\u017ee fini\u0161ovat v Ob\u0159\u00edm dole v Chat\u011b pod Studni\u010dnou, odtud pak turist\u00e9 napl\u00e1novali nejdel\u0161\u00ed, p\u011btasedmdes\u00e1tikilometrov\u00fd p\u0159ejezd, a to na za\u010d\u00e1tek Orlick\u00fdch hor do mo\u017en\u00e1 nejhez\u010d\u00ed chaty klubu \u2013 Jir\u00e1skovy chaty. Posledn\u00ed etapa je ve znamen\u00ed p\u0159ejezdu velk\u00e9 \u010d\u00e1sti Orlick\u00fdch hor a\u017e na m\u00edsto, kter\u00e9mu se \u0159\u00edk\u00e1 Zemsk\u00e1 br\u00e1na. Necel\u00fd kilometr odtud se nach\u00e1z\u00ed c\u00edlov\u00e1 Chata na \u010cih\u00e1ku.<\/p>\n<div class=\"shortcode-ys-post-pinup\"><article class=\"loop-simple post-7203 post type-post status-publish format-standard has-post-thumbnail hentry category-rady-tipy category-zdravi-a-trenink tag-trenink tag-z-gauce-na-cyklomaraton tag-zdravi-a-trenink global-categories-cycling\" data-postid=\"7203\" role=\"article\" data-post-id=\"7203\" data-word-count=\"287\" data-headline-length=\"92\" data-category=\"Rady &amp; tipy\" data-global-category=\"Cycling\" data-author=\"Ji\u0159\u00ed Kalo\u010d\" data-published=\"2020-05-19T10:00:50+02:00\" data-published-day=\"Tuesday\">\n    <div class=\"entry-thumbnail article-thumbnail\" content=\"https:\/\/d2p6e6u75xmxt8.cloudfront.net\/13\/2020\/04\/nova-cup-14-150x150.webp\"><a href=\"https:\/\/www.welovecycling.com\/cs\/2020\/05\/19\/z-gauce-na-cyklomaraton-treninkovy-plan-na-sedmy-tyden-postupne-snizovani-objemu\/\" class=\"image-holder\" target=\"_self\"><img decoding=\"async\" loading=\"lazy\" class=\"\" src=\"https:\/\/d2p6e6u75xmxt8.cloudfront.net\/13\/2020\/04\/nova-cup-14-1024x683.webp\" srcset=\"https:\/\/d2p6e6u75xmxt8.cloudfront.net\/13\/2020\/04\/nova-cup-14.webp 2048w, https:\/\/d2p6e6u75xmxt8.cloudfront.net\/13\/2020\/04\/nova-cup-14-300x200.webp 300w, https:\/\/d2p6e6u75xmxt8.cloudfront.net\/13\/2020\/04\/nova-cup-14-1024x683.webp 1024w, https:\/\/d2p6e6u75xmxt8.cloudfront.net\/13\/2020\/04\/nova-cup-14-768x512.webp 768w, https:\/\/d2p6e6u75xmxt8.cloudfront.net\/13\/2020\/04\/nova-cup-14-1536x1024.webp 1536w, https:\/\/d2p6e6u75xmxt8.cloudfront.net\/13\/2020\/04\/nova-cup-14-1920x1280.webp 1920w, https:\/\/d2p6e6u75xmxt8.cloudfront.net\/13\/2020\/04\/nova-cup-14-272x182.webp 272w, https:\/\/d2p6e6u75xmxt8.cloudfront.net\/13\/2020\/04\/nova-cup-14-1920x1280.webp 1920w\" width=\"1024\" height=\"683\" sizes=\"auto, (min-width: 1200px) 300px, (min-width: 768px) 25vw, 100vw\" alt=\"z-gauce-na-cyklomaraton-treninkovy-plan-na-sedmy-tyden-postupne-snizovani-objemu\"\/><\/a><\/div>    <div class=\"entry-meta\">\n        <a class=\"label label-secondary post-category\" href=\"https:\/\/www.welovecycling.com\/cs\/category\/rady-tipy\/\" title=\"Rady &amp; tipy\">Rady &amp; tipy<\/a>\n    <\/div>\n    <div class=\"entry-details\">\n        <a href=\"https:\/\/www.welovecycling.com\/cs\/2020\/05\/19\/z-gauce-na-cyklomaraton-treninkovy-plan-na-sedmy-tyden-postupne-snizovani-objemu\/\" class='entry-title-wrapper'>\n            <h3 class=\"entry-title\"><span>Z gau\u010de na cyklomaraton. Tr\u00e9ninkov\u00fd pl\u00e1n na sedm\u00fd t\u00fdden: postupn\u00e9 sni\u017eov\u00e1n\u00ed objemu<\/span><\/h3>\n        <\/a>\n    <\/div>\n    <\/article>\n<\/div>\n<p>\u201eNen\u00ed ov\u0161em podm\u00ednkou, \u017ee byste museli objet v\u0161echny chaty,\u201c dopl\u0148uje Zbyn\u011bk B\u00e1\u010da, aby se snad n\u011bkdo nevylekal. Toto propojen\u00ed od Krkono\u0161 po Orli\u010dky m\u00e1 b\u00fdt jen zaj\u00edmavou v\u00fdzvou, nikoliv podm\u00ednkou. V\u0161ak vedle horsk\u00fdch a silni\u010dn\u00edch kol lze tuto Tour absolvovat i na elektrokolech a s chata\u0159i je domluveno dob\u00edjen\u00ed akumul\u00e1tor\u016f. Jedin\u011b Voseck\u00e1 bouda m\u00e1 jist\u00e1 omezen\u00ed, proto\u017ee elektrick\u00fd proud je tam vyr\u00e1b\u011bn dieselov\u00fdm agreg\u00e1tem a nelze proto dob\u00edjet sou\u010dasn\u011b v\u00edce ne\u017e t\u0159i elektrokola.<\/p>\n<figure id=\"attachment_7257\" aria-describedby=\"caption-attachment-7257\" style=\"width: 5152px\" class=\"wp-caption alignnone\"><a href=\"https:\/\/d2p6e6u75xmxt8.cloudfront.net\/13\/2020\/05\/K\u010cT-chata-Pod-Studni\u010dnou.jpg\"><img loading=\"lazy\" decoding=\"async\" class=\"size-full wp-image-7257\" src=\"https:\/\/d2p6e6u75xmxt8.cloudfront.net\/13\/2020\/05\/K\u010cT-chata-Pod-Studni\u010dnou.jpg\" alt=\"Chata pod Studni\u010dnou je rovn\u011b\u017e p\u0159ipravena v nadch\u00e1zej\u00edc\u00edch t\u00fddnech ubytov\u00e1vat cyklisty. Foto: archiv K\u010cT\" width=\"5152\" height=\"2896\" \/><\/a><figcaption id=\"caption-attachment-7257\" class=\"wp-caption-text\"><em>Chata pod Studni\u010dnou je rovn\u011b\u017e p\u0159ipravena v nadch\u00e1zej\u00edc\u00edch t\u00fddnech ubytov\u00e1vat cyklisty. Foto: archiv K\u010cT<\/em><\/figcaption><\/figure>\n<p>\u201eV\u00fd\u0161kov\u00fd profil mo\u017en\u00e1 n\u011bkomu na\u017eene strach. P\u0159edev\u0161\u00edm krkono\u0161sk\u00e9 etapy jsou opravdovou v\u00fdzvou vzhledem k\u00a0tomu, \u017ee mus\u00edte ka\u017ed\u00fd den zvl\u00e1dnout p\u0159ev\u00fd\u0161en\u00ed p\u0159es 1500 metr\u016f. A to ve t\u0159ech po sob\u011b jdouc\u00edch etap\u00e1ch,\u201c tu\u0161\u00ed tv\u016frce projektu. \u201eA kdyby m\u011bl snad n\u011bkdo obavu, jestli to ujede, nebo neujede, ve v\u0161ech oblastech funguje \u017eelezni\u010dn\u00ed doprava, a tak m\u016f\u017ee sko\u010dit do vlaku a n\u011bkam se p\u0159ibl\u00ed\u017eit. V\u00fdhodou je, \u017ee se d\u00e1 putovat takzvan\u011b nalehko, proto\u017ee v objednan\u00e9m objektu bude \u010dekat nocleh i j\u00eddlo.\u201c<\/p>\n<div class=\"shortcode-ys-post-pinup\"><article class=\"loop-simple post-7112 post type-post status-publish format-standard has-post-thumbnail hentry category-https-www-welovecycling-com-cs-category-zabava tag-cyklistika tag-trenink global-categories-cycling\" data-postid=\"7112\" role=\"article\" data-post-id=\"7112\" data-word-count=\"329\" data-headline-length=\"41\" data-category=\"Z\u00c1BAVA\" data-global-category=\"Cycling\" data-author=\"Marek Novotn\u00fd\" data-published=\"2020-05-14T09:30:01+02:00\" data-published-day=\"Thursday\">\n    <div class=\"entry-thumbnail article-thumbnail\" content=\"https:\/\/d2p6e6u75xmxt8.cloudfront.net\/13\/2020\/02\/training-cycling-profimedia-0303146691-CVR-150x150.webp\"><a href=\"https:\/\/www.welovecycling.com\/cs\/2020\/05\/14\/sest-duvodu-proc-jezdit-na-kole-sam\/\" class=\"image-holder\" target=\"_self\"><img decoding=\"async\" loading=\"lazy\" class=\"\" src=\"https:\/\/d2p6e6u75xmxt8.cloudfront.net\/13\/2020\/02\/training-cycling-profimedia-0303146691-CVR-1024x450.webp\" srcset=\"https:\/\/d2p6e6u75xmxt8.cloudfront.net\/13\/2020\/02\/training-cycling-profimedia-0303146691-CVR.webp 1366w, https:\/\/d2p6e6u75xmxt8.cloudfront.net\/13\/2020\/02\/training-cycling-profimedia-0303146691-CVR-300x132.webp 300w, https:\/\/d2p6e6u75xmxt8.cloudfront.net\/13\/2020\/02\/training-cycling-profimedia-0303146691-CVR-1024x450.webp 1024w, https:\/\/d2p6e6u75xmxt8.cloudfront.net\/13\/2020\/02\/training-cycling-profimedia-0303146691-CVR-768x337.webp 768w\" width=\"1024\" height=\"450\" sizes=\"auto, (min-width: 1200px) 456px, (min-width: 768px) 38vw, 100vw\" alt=\"sest-duvodu-proc-jezdit-na-kole-sam\"\/><\/a><\/div>    <div class=\"entry-meta\">\n        <a class=\"label label-secondary post-category\" href=\"https:\/\/www.welovecycling.com\/cs\/category\/https-www-welovecycling-com-cs-category-zabava\/\" title=\"Z\u00c1BAVA\">Z\u00c1BAVA<\/a>\n    <\/div>\n    <div class=\"entry-details\">\n        <a href=\"https:\/\/www.welovecycling.com\/cs\/2020\/05\/14\/sest-duvodu-proc-jezdit-na-kole-sam\/\" class='entry-title-wrapper'>\n            <h3 class=\"entry-title\"><span>\u0160est d\u016fvod\u016f, pro\u010d jezdit na kole s\u00e1m<\/span><\/h3>\n        <\/a>\n    <\/div>\n    <\/article>\n<\/div>\n<p>Aby z\u00e1jemci nemuseli objedn\u00e1vat ka\u017edou chatu zvl\u00e1\u0161\u0165, spustil Klub \u010desk\u00fdch turist\u016f na 1. m\u00e1je mo\u017enost rezervace cel\u00e9ho bal\u00ed\u010dku skrze webov\u00fd formul\u00e1\u0159, kde i cena bude ni\u017e\u0161\u00ed ne\u017e sou\u010det jednotliv\u00fdch ubytov\u00e1n\u00ed. Jenom jako mnoh\u00e9 dal\u0161\u00ed bude muset i tento projekt po\u010dkat, a\u017e vl\u00e1da uvoln\u00ed restrikce a povol\u00ed mo\u017enost ubytov\u00e1v\u00e1n\u00ed. Pak by se mohla kola rozto\u010dit naplno.<\/p>\n<figure id=\"attachment_7259\" aria-describedby=\"caption-attachment-7259\" style=\"width: 2500px\" class=\"wp-caption alignnone\"><a href=\"https:\/\/d2p6e6u75xmxt8.cloudfront.net\/13\/2020\/05\/K\u010cT-Jir\u00e1skova-chata1.jpg\"><img loading=\"lazy\" decoding=\"async\" class=\"size-full wp-image-7259\" src=\"https:\/\/d2p6e6u75xmxt8.cloudfront.net\/13\/2020\/05\/K\u010cT-Jir\u00e1skova-chata1.jpg\" alt=\"Jir\u00e1skova chata je jedn\u00edm z mnoha budouc\u00edch \u00fato\u010di\u0161\u0165 pro cyklisty p\u0159i putov\u00e1n\u00ed v r\u00e1mci projektu Klubu \u010desk\u00fdch turist\u016f. Foto: archiv K\u010cT\" width=\"2500\" height=\"1667\" \/><\/a><figcaption id=\"caption-attachment-7259\" class=\"wp-caption-text\"><em>Jir\u00e1skova chata je jedn\u00edm z mnoha budouc\u00edch \u00fato\u010di\u0161\u0165 pro cyklisty p\u0159i putov\u00e1n\u00ed v r\u00e1mci projektu Klubu \u010desk\u00fdch turist\u016f. Foto: archiv K\u010cT<\/em><\/figcaption><\/figure>\n<p>\u00dasp\u011b\u0161n\u00fd start tohoto projektu by mohl podpo\u0159it i fakt, \u017ee dovolen\u00e1 bude ve v\u011bt\u0161in\u011b p\u0159\u00edpad\u016f v d\u016fsledku pandemie koronaviru tuzemsk\u00e1. \u201eSpousta cyklist\u016f tak bude hledat alternativu zahrani\u010dn\u00edm v\u00fdlet\u016fm a hor\u00e1m,\u201c tu\u0161\u00ed Zbyn\u011bk B\u00e1\u010da dopady koronavirov\u00e9 pandemie. \u201eA proto\u017ee chata\u0159i jsou na tom hodn\u011b b\u00eddn\u011b, my jim chceme takto pomoct. Projekt m\u00e1 za c\u00edl propagaci chat Klubu \u010desk\u00fdch turist\u016f a m\u00e1 pomoct preferenci tuzemsk\u00e9 cyklistiky.\u201c<\/p>\n<h2><strong>Nejkrat\u0161\u00ed mo\u017en\u00e9 denn\u00ed etapy pro horsk\u00e9 kolo<\/strong><\/h2>\n<p><strong>Turistick\u00e1 chata Pl\u00e1n\u011b pod Je\u0161t\u011bdem-turistick\u00e1 chata Prachov<\/strong>: 50,8 km, 631 nastoupan\u00fdch metr\u016f; <strong>turistick\u00e1 chata Prachov-Voseck\u00e1 bouda<\/strong>: 58,3 km, 1744 nastoupan\u00fdch metr\u016f; <strong>Voseck\u00e1 bouda-Chata pod Studni\u010dnou<\/strong>: 52,5 km, 1550 nastoupan\u00fdch metr\u016f; <strong>Chata pod Studni\u010dnou-Jir\u00e1skova chata Dobro\u0161ov<\/strong>: 70,2 km, 1546 nastoupan\u00fdch metr\u016f; <strong>Jir\u00e1skova chata Dobro\u0161ov-Turistick\u00e1 chata na \u010cih\u00e1ku<\/strong>: 55,3 km, 839 nastoupan\u00fdch metr\u016f.<\/p>\n","protected":false},"excerpt":{"rendered":"<p>Pomoc provozovatel\u016fm chat, na n\u011b\u017e tvrd\u011b dopadly n\u00e1sledky leto\u0161n\u00edho rou\u0161kov\u00e9ho jara. Sou\u010dasn\u011b snaha vyu\u017e\u00edt \u0159adu turistick\u00fdch objekt\u016f, kter\u00e9 maj\u00ed na [&hellip;]<\/p>\n","protected":false},"author":122,"featured_media":7258,"comment_status":"open","ping_status":"open","sticky":false,"template":"","format":"standard","meta":{"footnotes":""},"categories":[15,167,660],"tags":[126,922,67],"global-categories":[411],"class_list":["post-7265","post","type-post","status-publish","format-standard","has-post-thumbnail","hentry","category-rady-tipy","category-tipy-na-vylet","category-https-www-welovecycling-com-cs-category-zabava","tag-cyklistika","tag-klub-ceskych-turistu","tag-zdravi-a-trenink","global-categories-cycling"],"yoast_head":"<!-- This site is optimized with the Yoast SEO Premium plugin v25.3 (Yoast SEO v25.9) - https:\/\/yoast.com\/wordpress\/plugins\/seo\/ -->\n<title>Na kole po chat\u00e1ch Klubu \u010desk\u00fdch turist\u016f. Z Krkono\u0161 a\u017e do Orlick\u00fdch hor | \u0160koda We Love Cycling - \u010cesk\u00e1 republika<\/title>\n<meta name=\"robots\" content=\"index, follow, max-snippet:-1, max-image-preview:large, max-video-preview:-1\" \/>\n<link rel=\"canonical\" href=\"https:\/\/www.welovecycling.com\/cs\/2020\/05\/21\/klub-ceskych-turistu-pripravil-projekt-na-kole-po-chatach-propoji-krkonose-a-orlicke-hory\/\" \/>\n<meta property=\"og:locale\" content=\"cs_CZ\" \/>\n<meta property=\"og:type\" content=\"article\" \/>\n<meta property=\"og:title\" content=\"Na kole po chat\u00e1ch Klubu \u010desk\u00fdch turist\u016f. Z Krkono\u0161 a\u017e do Orlick\u00fdch hor\" \/>\n<meta property=\"og:description\" content=\"Pomoc provozovatel\u016fm chat, na n\u011b\u017e tvrd\u011b dopadly n\u00e1sledky leto\u0161n\u00edho rou\u0161kov\u00e9ho jara. Sou\u010dasn\u011b snaha vyu\u017e\u00edt \u0159adu turistick\u00fdch objekt\u016f, kter\u00e9 maj\u00ed na [&hellip;]\" \/>\n<meta property=\"og:url\" content=\"https:\/\/www.welovecycling.com\/cs\/2020\/05\/21\/klub-ceskych-turistu-pripravil-projekt-na-kole-po-chatach-propoji-krkonose-a-orlicke-hory\/\" \/>\n<meta property=\"og:site_name\" content=\"\u0160koda We Love Cycling - \u010cesk\u00e1 republika\" \/>\n<meta property=\"article:published_time\" content=\"2020-05-21T06:30:28+00:00\" \/>\n<meta property=\"article:modified_time\" content=\"2020-05-21T07:28:34+00:00\" \/>\n<meta property=\"og:image\" content=\"https:\/\/d2p6e6u75xmxt8.cloudfront.net\/13\/2020\/05\/K\u010cT-Jir\u00e1skova-chata-2-scaled.webp\" \/>\n\t<meta property=\"og:image:width\" content=\"2560\" \/>\n\t<meta property=\"og:image:height\" content=\"1706\" \/>\n\t<meta property=\"og:image:type\" content=\"image\/webp\" \/>\n<meta name=\"twitter:card\" content=\"summary_large_image\" \/>\n<meta name=\"twitter:label1\" content=\"Written by\" \/>\n\t<meta name=\"twitter:data1\" content=\"Marek Novotn\u00fd\" \/>\n\t<meta name=\"twitter:label2\" content=\"Est. reading time\" \/>\n\t<meta name=\"twitter:data2\" content=\"5\" \/>\n<script type=\"application\/ld+json\" class=\"yoast-schema-graph\">{\"@context\":\"https:\/\/schema.org\",\"@graph\":[{\"@type\":\"WebPage\",\"@id\":\"https:\/\/www.welovecycling.com\/cs\/2020\/05\/21\/klub-ceskych-turistu-pripravil-projekt-na-kole-po-chatach-propoji-krkonose-a-orlicke-hory\/\",\"url\":\"https:\/\/www.welovecycling.com\/cs\/2020\/05\/21\/klub-ceskych-turistu-pripravil-projekt-na-kole-po-chatach-propoji-krkonose-a-orlicke-hory\/\",\"name\":\"Na kole po chat\u00e1ch Klubu \u010desk\u00fdch turist\u016f. Z Krkono\u0161 a\u017e do Orlick\u00fdch hor | \u0160koda We Love Cycling - \u010cesk\u00e1 republika\",\"isPartOf\":{\"@id\":\"https:\/\/www.welovecycling.com\/cs\/#website\"},\"primaryImageOfPage\":{\"@id\":\"https:\/\/www.welovecycling.com\/cs\/2020\/05\/21\/klub-ceskych-turistu-pripravil-projekt-na-kole-po-chatach-propoji-krkonose-a-orlicke-hory\/#primaryimage\"},\"image\":{\"@id\":\"https:\/\/www.welovecycling.com\/cs\/2020\/05\/21\/klub-ceskych-turistu-pripravil-projekt-na-kole-po-chatach-propoji-krkonose-a-orlicke-hory\/#primaryimage\"},\"thumbnailUrl\":\"https:\/\/d2p6e6u75xmxt8.cloudfront.net\/13\/2020\/05\/K\u010cT-Jir\u00e1skova-chata-2-scaled.webp\",\"datePublished\":\"2020-05-21T06:30:28+00:00\",\"dateModified\":\"2020-05-21T07:28:34+00:00\",\"author\":{\"@id\":\"\"},\"inLanguage\":\"cs\",\"potentialAction\":[{\"@type\":\"ReadAction\",\"target\":[\"https:\/\/www.welovecycling.com\/cs\/2020\/05\/21\/klub-ceskych-turistu-pripravil-projekt-na-kole-po-chatach-propoji-krkonose-a-orlicke-hory\/\"]}]},{\"@type\":\"ImageObject\",\"inLanguage\":\"cs\",\"@id\":\"https:\/\/www.welovecycling.com\/cs\/2020\/05\/21\/klub-ceskych-turistu-pripravil-projekt-na-kole-po-chatach-propoji-krkonose-a-orlicke-hory\/#primaryimage\",\"url\":\"https:\/\/d2p6e6u75xmxt8.cloudfront.net\/13\/2020\/05\/K\u010cT-Jir\u00e1skova-chata-2-scaled.webp\",\"contentUrl\":\"https:\/\/d2p6e6u75xmxt8.cloudfront.net\/13\/2020\/05\/K\u010cT-Jir\u00e1skova-chata-2-scaled.webp\",\"width\":2560,\"height\":1706},{\"@type\":\"WebSite\",\"@id\":\"https:\/\/www.welovecycling.com\/cs\/#website\",\"url\":\"https:\/\/www.welovecycling.com\/cs\/\",\"name\":\"\u0160koda We Love Cycling - \u010cesk\u00e1 republika\",\"description\":\"WeLoveCycling.cz je online magaz\u00edn, kter\u00fd v\u00e1m pravideln\u011b p\u0159in\u00e1\u0161\u00ed rady a tipy, zaj\u00edmav\u00e9 \u010dl\u00e1nky, videa a jedine\u010dn\u00e9 report\u00e1\u017ee ze sv\u011bta cyklistiky.\",\"potentialAction\":[{\"@type\":\"SearchAction\",\"target\":{\"@type\":\"EntryPoint\",\"urlTemplate\":\"https:\/\/www.welovecycling.com\/cs\/?s={search_term_string}\"},\"query-input\":{\"@type\":\"PropertyValueSpecification\",\"valueRequired\":true,\"valueName\":\"search_term_string\"}}],\"inLanguage\":\"cs\"},{\"@type\":\"Person\",\"@id\":\"\",\"url\":\"https:\/\/www.welovecycling.com\/cs\/author\/\"}]}<\/script>\n<!-- \/ Yoast SEO Premium plugin. -->","yoast_head_json":{"title":"Na kole po chat\u00e1ch Klubu \u010desk\u00fdch turist\u016f. Z Krkono\u0161 a\u017e do Orlick\u00fdch hor | \u0160koda We Love Cycling - \u010cesk\u00e1 republika","robots":{"index":"index","follow":"follow","max-snippet":"max-snippet:-1","max-image-preview":"max-image-preview:large","max-video-preview":"max-video-preview:-1"},"canonical":"https:\/\/www.welovecycling.com\/cs\/2020\/05\/21\/klub-ceskych-turistu-pripravil-projekt-na-kole-po-chatach-propoji-krkonose-a-orlicke-hory\/","og_locale":"cs_CZ","og_type":"article","og_title":"Na kole po chat\u00e1ch Klubu \u010desk\u00fdch turist\u016f. Z Krkono\u0161 a\u017e do Orlick\u00fdch hor","og_description":"Pomoc provozovatel\u016fm chat, na n\u011b\u017e tvrd\u011b dopadly n\u00e1sledky leto\u0161n\u00edho rou\u0161kov\u00e9ho jara. Sou\u010dasn\u011b snaha vyu\u017e\u00edt \u0159adu turistick\u00fdch objekt\u016f, kter\u00e9 maj\u00ed na [&hellip;]","og_url":"https:\/\/www.welovecycling.com\/cs\/2020\/05\/21\/klub-ceskych-turistu-pripravil-projekt-na-kole-po-chatach-propoji-krkonose-a-orlicke-hory\/","og_site_name":"\u0160koda We Love Cycling - \u010cesk\u00e1 republika","article_published_time":"2020-05-21T06:30:28+00:00","article_modified_time":"2020-05-21T07:28:34+00:00","og_image":[{"width":2560,"height":1706,"url":"https:\/\/d2p6e6u75xmxt8.cloudfront.net\/13\/2020\/05\/K\u010cT-Jir\u00e1skova-chata-2-scaled.webp","type":"image\/webp"}],"twitter_card":"summary_large_image","twitter_misc":{"Written by":"Marek Novotn\u00fd","Est. reading time":"5"},"schema":{"@context":"https:\/\/schema.org","@graph":[{"@type":"WebPage","@id":"https:\/\/www.welovecycling.com\/cs\/2020\/05\/21\/klub-ceskych-turistu-pripravil-projekt-na-kole-po-chatach-propoji-krkonose-a-orlicke-hory\/","url":"https:\/\/www.welovecycling.com\/cs\/2020\/05\/21\/klub-ceskych-turistu-pripravil-projekt-na-kole-po-chatach-propoji-krkonose-a-orlicke-hory\/","name":"Na kole po chat\u00e1ch Klubu \u010desk\u00fdch turist\u016f. Z Krkono\u0161 a\u017e do Orlick\u00fdch hor | \u0160koda We Love Cycling - \u010cesk\u00e1 republika","isPartOf":{"@id":"https:\/\/www.welovecycling.com\/cs\/#website"},"primaryImageOfPage":{"@id":"https:\/\/www.welovecycling.com\/cs\/2020\/05\/21\/klub-ceskych-turistu-pripravil-projekt-na-kole-po-chatach-propoji-krkonose-a-orlicke-hory\/#primaryimage"},"image":{"@id":"https:\/\/www.welovecycling.com\/cs\/2020\/05\/21\/klub-ceskych-turistu-pripravil-projekt-na-kole-po-chatach-propoji-krkonose-a-orlicke-hory\/#primaryimage"},"thumbnailUrl":"https:\/\/d2p6e6u75xmxt8.cloudfront.net\/13\/2020\/05\/K\u010cT-Jir\u00e1skova-chata-2-scaled.webp","datePublished":"2020-05-21T06:30:28+00:00","dateModified":"2020-05-21T07:28:34+00:00","author":{"@id":""},"inLanguage":"cs","potentialAction":[{"@type":"ReadAction","target":["https:\/\/www.welovecycling.com\/cs\/2020\/05\/21\/klub-ceskych-turistu-pripravil-projekt-na-kole-po-chatach-propoji-krkonose-a-orlicke-hory\/"]}]},{"@type":"ImageObject","inLanguage":"cs","@id":"https:\/\/www.welovecycling.com\/cs\/2020\/05\/21\/klub-ceskych-turistu-pripravil-projekt-na-kole-po-chatach-propoji-krkonose-a-orlicke-hory\/#primaryimage","url":"https:\/\/d2p6e6u75xmxt8.cloudfront.net\/13\/2020\/05\/K\u010cT-Jir\u00e1skova-chata-2-scaled.webp","contentUrl":"https:\/\/d2p6e6u75xmxt8.cloudfront.net\/13\/2020\/05\/K\u010cT-Jir\u00e1skova-chata-2-scaled.webp","width":2560,"height":1706},{"@type":"WebSite","@id":"https:\/\/www.welovecycling.com\/cs\/#website","url":"https:\/\/www.welovecycling.com\/cs\/","name":"\u0160koda We Love Cycling - \u010cesk\u00e1 republika","description":"WeLoveCycling.cz je online magaz\u00edn, kter\u00fd v\u00e1m pravideln\u011b p\u0159in\u00e1\u0161\u00ed rady a tipy, zaj\u00edmav\u00e9 \u010dl\u00e1nky, videa a jedine\u010dn\u00e9 report\u00e1\u017ee ze sv\u011bta cyklistiky.","potentialAction":[{"@type":"SearchAction","target":{"@type":"EntryPoint","urlTemplate":"https:\/\/www.welovecycling.com\/cs\/?s={search_term_string}"},"query-input":{"@type":"PropertyValueSpecification","valueRequired":true,"valueName":"search_term_string"}}],"inLanguage":"cs"},{"@type":"Person","@id":"","url":"https:\/\/www.welovecycling.com\/cs\/author\/"}]}},"_links":{"self":[{"href":"https:\/\/www.welovecycling.com\/cs\/wp-json\/wp\/v2\/posts\/7265","targetHints":{"allow":["GET"]}}],"collection":[{"href":"https:\/\/www.welovecycling.com\/cs\/wp-json\/wp\/v2\/posts"}],"about":[{"href":"https:\/\/www.welovecycling.com\/cs\/wp-json\/wp\/v2\/types\/post"}],"author":[{"embeddable":true,"href":"https:\/\/www.welovecycling.com\/cs\/wp-json\/wp\/v2\/users\/122"}],"replies":[{"embeddable":true,"href":"https:\/\/www.welovecycling.com\/cs\/wp-json\/wp\/v2\/comments?post=7265"}],"version-history":[{"count":2,"href":"https:\/\/www.welovecycling.com\/cs\/wp-json\/wp\/v2\/posts\/7265\/revisions"}],"predecessor-version":[{"id":7298,"href":"https:\/\/www.welovecycling.com\/cs\/wp-json\/wp\/v2\/posts\/7265\/revisions\/7298"}],"wp:featuredmedia":[{"embeddable":true,"href":"https:\/\/www.welovecycling.com\/cs\/wp-json\/wp\/v2\/media\/7258"}],"wp:attachment":[{"href":"https:\/\/www.welovecycling.com\/cs\/wp-json\/wp\/v2\/media?parent=7265"}],"wp:term":[{"taxonomy":"category","embeddable":true,"href":"https:\/\/www.welovecycling.com\/cs\/wp-json\/wp\/v2\/categories?post=7265"},{"taxonomy":"post_tag","embeddable":true,"href":"https:\/\/www.welovecycling.com\/cs\/wp-json\/wp\/v2\/tags?post=7265"},{"taxonomy":"global-categories","embeddable":true,"href":"https:\/\/www.welovecycling.com\/cs\/wp-json\/wp\/v2\/global-categories?post=7265"}],"curies":[{"name":"wp","href":"https:\/\/api.w.org\/{rel}","templated":true}]}}