{"id":7161,"date":"2020-05-14T19:00:51","date_gmt":"2020-05-14T17:00:51","guid":{"rendered":"https:\/\/www.welovecycling.com\/cs\/?p=7161"},"modified":"2020-05-14T18:47:15","modified_gmt":"2020-05-14T16:47:15","slug":"bikepacking-spacaky-karimatky-a-nadobi-na-cyklotoulky","status":"publish","type":"post","link":"https:\/\/www.welovecycling.com\/cs\/2020\/05\/14\/bikepacking-spacaky-karimatky-a-nadobi-na-cyklotoulky\/","title":{"rendered":"Bikepacking: spac\u00e1ky, karimatky a n\u00e1dob\u00ed na cyklotoulky"},"content":{"rendered":"<p><strong>V\u011bt\u0161inu \u010dasu str\u00e1v\u00ed bikepacker na kole, kdy\u017e u\u017e v\u0161ak takov\u00fd cyklista zastav\u00ed, hod\u00ed se vybaven\u00ed, kter\u00e9 vyu\u017eije\u00a0 k\u00a0odpo\u010dinku nebo kempov\u00e1n\u00ed. Znal\u00ed trampe\u0159i se v dal\u0161\u00edm d\u00edle seri\u00e1lu We Love Cycling o bikepackingu nedozv\u00ed mnoho p\u0159evratn\u00e9ho, nicm\u00e9n\u011b p\u00e1r cyklotrampersk\u00fdch specialit je u bikepackingov\u00e9ho v\u00fdletu t\u0159eba zn\u00e1t.<\/strong><\/p>\n<p>Pry\u010d je doba velk\u00fdch t\u011b\u017ek\u00fdch spac\u00e1k\u016f, v\u00a0kter\u00fdch byla akor\u00e1t zima, a nav\u00edc se v\u00e1m pod jejich hmotnost\u00ed proh\u00fdbala z\u00e1da. V\u00a0sou\u010dasnosti v\u00e9vod\u00ed spac\u00e1k\u016fm dut\u00e9 vl\u00e1kno, p\u0159\u00edpadn\u011b pe\u0159\u00ed.<\/p>\n<h2><strong>Spac\u00e1k p\u00e9\u0159ov\u00fd \u010di z dut\u00e9ho vl\u00e1kna<\/strong><\/h2>\n<p>Spac\u00e1k z\u00a0dut\u00e9ho vl\u00e1kna je zpravidla levn\u011bj\u0161\u00ed a m\u00e1 velkou v\u00fdhodu ve vlhk\u00e9m prost\u0159ed\u00ed, kde je schopen udr\u017eet vlastnosti. Nev\u00fdhodou m\u016f\u017ee b\u00fdt vy\u0161\u0161\u00ed v\u00e1ha (st\u00e1le neporovnateln\u011b ni\u017e\u0161\u00ed oproti spac\u00e1k\u016fm z\u00a0minul\u00e9ho re\u017eimu\u2026) a relativn\u011b n\u00edzk\u00e1 \u017eivotnost. V\u017edy z\u00e1le\u017e\u00ed na zpracov\u00e1n\u00ed, ale v\u011bt\u0161inou spac\u00e1k z\u00a0dut\u00fdch vl\u00e1ken ztr\u00e1c\u00ed sv\u00e9 schopnosti ji\u017e po t\u0159et\u00edm roce pou\u017e\u00edv\u00e1n\u00ed.<\/p>\n<p><a href=\"https:\/\/d2p6e6u75xmxt8.cloudfront.net\/13\/2020\/05\/spac\u00e1k-bikepacking-2.jpg\"><img loading=\"lazy\" decoding=\"async\" class=\"alignnone size-extra-large wp-image-7157\" src=\"https:\/\/d2p6e6u75xmxt8.cloudfront.net\/13\/2020\/05\/spac\u00e1k-bikepacking-2-1920x1280.jpg\" alt=\"\" width=\"1920\" height=\"1280\" \/><\/a><\/p>\n<p>Pokud nem\u00e1te hluboko do kapsy a m\u00e1te r\u00e1di kvalitn\u00ed span\u00ed, vyplat\u00ed se p\u0159iplatit za p\u00e9\u0159ov\u00fd spac\u00e1k. Pe\u0159\u00ed izoluje v\u00fdrazn\u011b l\u00e9pe n\u011b\u017e jak\u00e9koliv syntetick\u00e9 vl\u00e1kno, i proto je \u201ep\u00e9\u0159\u00e1k\u201c do dan\u00e9 teploty v\u017edy skladn\u011bj\u0161\u00ed a v\u00fdrazn\u011b leh\u010d\u00ed.<\/p>\n<div class=\"shortcode-ys-post-pinup\"><article class=\"loop-simple post-7038 post type-post status-publish format-standard has-post-thumbnail hentry category-https-www-welovecycling-com-cs-category-zabava tag-bikepacking tag-stepan-stransky global-categories-cycling\" data-postid=\"7038\" role=\"article\" data-post-id=\"7038\" data-word-count=\"523\" data-headline-length=\"89\" data-category=\"Z\u00c1BAVA\" data-global-category=\"Cycling\" data-author=\"Pavel Popelka\" data-published=\"2020-05-08T13:00:34+02:00\" data-published-day=\"Friday\">\n    <div class=\"entry-thumbnail article-thumbnail\" content=\"https:\/\/d2p6e6u75xmxt8.cloudfront.net\/13\/2020\/05\/str\u00e1nsk\u00fd-\u0161t\u011bp\u00e1n-bikepacking-150x150.webp\"><a href=\"https:\/\/www.welovecycling.com\/cs\/2020\/05\/08\/hlava-je-palivo-telo-stroj-stepan-stransky-bikepacker-telem-ale-hlavne-dusi\/\" class=\"image-holder\" target=\"_self\"><img decoding=\"async\" loading=\"lazy\" class=\"\" src=\"https:\/\/d2p6e6u75xmxt8.cloudfront.net\/13\/2020\/05\/str\u00e1nsk\u00fd-\u0161t\u011bp\u00e1n-bikepacking-1024x683.webp\" srcset=\"https:\/\/d2p6e6u75xmxt8.cloudfront.net\/13\/2020\/05\/str\u00e1nsk\u00fd-\u0161t\u011bp\u00e1n-bikepacking-scaled.webp 2560w, https:\/\/d2p6e6u75xmxt8.cloudfront.net\/13\/2020\/05\/str\u00e1nsk\u00fd-\u0161t\u011bp\u00e1n-bikepacking-300x200.webp 300w, https:\/\/d2p6e6u75xmxt8.cloudfront.net\/13\/2020\/05\/str\u00e1nsk\u00fd-\u0161t\u011bp\u00e1n-bikepacking-1024x683.webp 1024w, https:\/\/d2p6e6u75xmxt8.cloudfront.net\/13\/2020\/05\/str\u00e1nsk\u00fd-\u0161t\u011bp\u00e1n-bikepacking-768x512.webp 768w, https:\/\/d2p6e6u75xmxt8.cloudfront.net\/13\/2020\/05\/str\u00e1nsk\u00fd-\u0161t\u011bp\u00e1n-bikepacking-1536x1024.webp 1536w, https:\/\/d2p6e6u75xmxt8.cloudfront.net\/13\/2020\/05\/str\u00e1nsk\u00fd-\u0161t\u011bp\u00e1n-bikepacking-2048x1365.webp 2048w, https:\/\/d2p6e6u75xmxt8.cloudfront.net\/13\/2020\/05\/str\u00e1nsk\u00fd-\u0161t\u011bp\u00e1n-bikepacking-1920x1280.webp 1920w, https:\/\/d2p6e6u75xmxt8.cloudfront.net\/13\/2020\/05\/str\u00e1nsk\u00fd-\u0161t\u011bp\u00e1n-bikepacking-272x182.webp 272w, https:\/\/d2p6e6u75xmxt8.cloudfront.net\/13\/2020\/05\/str\u00e1nsk\u00fd-\u0161t\u011bp\u00e1n-bikepacking-1920x1280.webp 1920w\" width=\"1024\" height=\"683\" sizes=\"auto, (min-width: 1200px) 300px, (min-width: 768px) 25vw, 100vw\" alt=\"hlava-je-palivo-telo-stroj-stepan-stransky-bikepacker-telem-ale-hlavne-dusi\"\/><\/a><\/div>    <div class=\"entry-meta\">\n        <a class=\"label label-secondary post-category\" href=\"https:\/\/www.welovecycling.com\/cs\/category\/https-www-welovecycling-com-cs-category-zabava\/\" title=\"Z\u00c1BAVA\">Z\u00c1BAVA<\/a>\n    <\/div>\n    <div class=\"entry-details\">\n        <a href=\"https:\/\/www.welovecycling.com\/cs\/2020\/05\/08\/hlava-je-palivo-telo-stroj-stepan-stransky-bikepacker-telem-ale-hlavne-dusi\/\" class='entry-title-wrapper'>\n            <h3 class=\"entry-title\"><span>Hlava je palivo, t\u011blo stroj. \u0160t\u011bp\u00e1n Str\u00e1nsk\u00fd, bikepacker t\u011blem, ale hlavn\u011b du\u0161\u00ed<\/span><\/h3>\n        <\/a>\n    <\/div>\n    <\/article>\n<\/div>\n<p>Probl\u00e9m v\u0161ak m\u016f\u017ee nastat v\u00a0p\u0159\u00edpad\u011b zmoknut\u00ed, kdy v\u00fdh\u0159evnost p\u00e9\u0159ov\u00e9ho spac\u00e1ku v\u011bt\u0161inou kles\u00e1. V\u00a0takov\u00e9m p\u0159\u00edpad\u011b je nutn\u00e9 uva\u017eovat nad spac\u00e1kem s\u00a0\u010d\u00e1ste\u010dn\u011b vod\u011bodolnou vrchn\u00ed vrstvou p\u0159\u00edpadn\u011b i \u017e\u010f\u00e1rsk\u00fdm vakem. Jedn\u00e1 se o jednoduch\u00fd nepromokav\u00fd pytel, kter\u00fd lze pou\u017e\u00edt na obalen\u00ed spac\u00e1ku a ochr\u00e1nit ho tak p\u0159ed vlhkem.<\/p>\n<h2><strong>Karimatky zv\u00fd\u0161\u00ed tepeln\u00fd komfort i pohodl\u00ed<\/strong><\/h2>\n<p>I kdy\u017e se v\u00e1m ob\u010das m\u016f\u017eou zd\u00e1t teplotn\u00ed \u00fadaje na \u0161t\u00edtc\u00edch u spac\u00e1k\u016f pom\u011brn\u011b odv\u00e1\u017en\u00e9, z\u00e1sadn\u00edm prvkem pro pohodln\u00e9 span\u00ed je i funk\u010dn\u00ed karimatka. Modern\u00ed karimatky pomohou nejen v\u00fdrazn\u011b zv\u00fd\u0161it tepeln\u00fd komfort span\u00ed, ale i \u00farove\u0148 pohodl\u00ed.<\/p>\n<p>Na trhu naleznete n\u011bkolik druh\u016f karimatek: samonafukovac\u00ed, p\u011bnov\u00e9 nebo jednoduch\u00e9 alumatky. Samonafukovac\u00ed nebo nafukovac\u00ed karimatky poskytnou velk\u00fd komfort, nicm\u00e9n\u011b jsou choulostiv\u00e9 na prop\u00edchnut\u00ed a jejich v\u00e1ha je pom\u011brn\u011b vysok\u00e1.<\/p>\n<p><a href=\"https:\/\/d2p6e6u75xmxt8.cloudfront.net\/13\/2020\/05\/spac\u00e1k-bikepacking-4.jpg\"><img loading=\"lazy\" decoding=\"async\" class=\"alignnone size-extra-large wp-image-7159\" src=\"https:\/\/d2p6e6u75xmxt8.cloudfront.net\/13\/2020\/05\/spac\u00e1k-bikepacking-4-1920x1440.jpg\" alt=\"\" width=\"1920\" height=\"1440\" \/><\/a><\/p>\n<p>Klasick\u00e9 p\u011bnov\u00e9 karimatky ka\u017ed\u00fd z\u00a0n\u00e1s zn\u00e1. Obrovsk\u00e1 role nen\u00ed nejvhodn\u011bj\u0161\u00edm tvarem na lehk\u00fd bikepackingov\u00fd v\u00fdlet. Pokud nicm\u00e9n\u011b chcete udr\u017eet ur\u010ditou \u00farove\u0148 pohodl\u00ed a z\u00e1rove\u0148 se neb\u00e1t defektu je p\u011bnovka ur\u010dit\u00fdm \u0159e\u0161en\u00edm.<\/p>\n<p>Pro honi\u010de gram\u016f a z\u00e1vodn\u00ed bikepackery je vhodn\u00fdm \u0159e\u0161en\u00edm jednoduch\u00e1 alumatka. Luxusu na n\u00ed moc neza\u017eijete, nicm\u00e9n\u011b v\u00e1ha a univerz\u00e1lnost pou\u017eit\u00ed jsou obrovskou v\u00fdhodou.<\/p>\n<h2><strong>Investujte do lehk\u00e9ho a skladn\u00e9ho n\u00e1dob\u00ed<\/strong><\/h2>\n<p>Pokud preferujete strategii &#8222;koup\u00edm n\u011bco na cest\u011b&#8220;, nemus\u00edte se touto kapitolou p\u0159\u00edli\u0161 obt\u011b\u017eovat. Pokud v\u0161ak pl\u00e1nujete v\u00fdlet do divo\u010diny, univerz\u00e1ln\u00ed kempingov\u00e1 l\u017e\u00edce v\u00e1m asi sta\u010dit nebude. Vyplat\u00ed se investovat do lehk\u00e9ho a skladn\u00e9ho n\u00e1dob\u00ed, kter\u00e9 se vejde do omezen\u00fdch prostor bikepackingov\u00fdch bra\u0161en.<\/p>\n<p><a href=\"https:\/\/d2p6e6u75xmxt8.cloudfront.net\/13\/2020\/05\/bikepacking-II-hrnek.jpg\"><img loading=\"lazy\" decoding=\"async\" class=\"alignnone size-extra-large wp-image-7166\" src=\"https:\/\/d2p6e6u75xmxt8.cloudfront.net\/13\/2020\/05\/bikepacking-II-hrnek-1920x1280.jpg\" alt=\"\" width=\"1920\" height=\"1280\" \/><\/a><\/p>\n<p>Va\u0159i\u010de jsou takt\u00e9\u017e vybaven\u00edm, kter\u00e9 lze po\u0159\u00eddit v mikrovelikosti. A p\u0159itom \u010daj i instantn\u00ed j\u00eddlo jsou schopn\u00e9 uva\u0159it velmi dob\u0159e. Obecn\u011b prostoru na pom\u016fcky pro va\u0159en\u00ed je na bikepackerov\u011b kole pom\u011brn\u011b m\u00e1lo. Mo\u017enost\u00ed je r\u00e1mov\u00fd troj\u00faheln\u00edk, p\u0159\u00edpadn\u011b bra\u0161na na \u0159\u00edd\u00edtk\u00e1ch.<\/p>\n<h2><strong>Detaily d\u011blaj\u00ed celek<\/strong><\/h2>\n<p>P\u0159esto\u017ee preferujete minimalismus v\u00a0cestov\u00e1n\u00ed nen\u00ed radno zapomenout na p\u00e1r detail\u016f. Pokud vyu\u017e\u00edv\u00e1te silni\u010dn\u00ed tretry a r\u00e1di chod\u00edte po pam\u00e1tk\u00e1ch nebo t\u0159eba hospod\u00e1ch, zcela jist\u011b vyu\u017eijete kryty na kufry. O\u0161lapan\u00e9 kufry jsou nep\u0159\u00edjemnost\u00ed, kterou nechcete \u0159e\u0161it na cest\u00e1ch.<\/p>\n<div class=\"shortcode-ys-post-pinup\"><article class=\"loop-simple post-7084 post type-post status-publish format-standard has-post-thumbnail hentry category-rady-tipy category-zeny tag-sportovni-podprsenka tag-zdravi tag-zeny global-categories-cycling\" data-postid=\"7084\" role=\"article\" data-post-id=\"7084\" data-word-count=\"528\" data-headline-length=\"85\" data-category=\"\u017deny\" data-global-category=\"Cycling\" data-author=\"Michaela Bu\u010dkov\u00e1\" data-published=\"2020-05-13T09:30:40+02:00\" data-published-day=\"Wednesday\">\n    <div class=\"entry-thumbnail article-thumbnail\" content=\"https:\/\/d2p6e6u75xmxt8.cloudfront.net\/13\/2020\/05\/sportovn\u00ed-podprsenka-3-150x150.webp\"><a href=\"https:\/\/www.welovecycling.com\/cs\/2020\/05\/13\/nakup-sportovni-podprsenky-vyclente-si-dost-casu-a-neobjednavejte-na-internetu\/\" class=\"image-holder\" target=\"_self\"><img decoding=\"async\" loading=\"lazy\" class=\"\" src=\"https:\/\/d2p6e6u75xmxt8.cloudfront.net\/13\/2020\/05\/sportovn\u00ed-podprsenka-3-1024x683.webp\" srcset=\"https:\/\/d2p6e6u75xmxt8.cloudfront.net\/13\/2020\/05\/sportovn\u00ed-podprsenka-3.webp 1800w, https:\/\/d2p6e6u75xmxt8.cloudfront.net\/13\/2020\/05\/sportovn\u00ed-podprsenka-3-300x200.webp 300w, https:\/\/d2p6e6u75xmxt8.cloudfront.net\/13\/2020\/05\/sportovn\u00ed-podprsenka-3-1024x683.webp 1024w, https:\/\/d2p6e6u75xmxt8.cloudfront.net\/13\/2020\/05\/sportovn\u00ed-podprsenka-3-768x512.webp 768w, https:\/\/d2p6e6u75xmxt8.cloudfront.net\/13\/2020\/05\/sportovn\u00ed-podprsenka-3-1536x1024.webp 1536w, https:\/\/d2p6e6u75xmxt8.cloudfront.net\/13\/2020\/05\/sportovn\u00ed-podprsenka-3-272x182.webp 272w\" width=\"1024\" height=\"683\" sizes=\"auto, (min-width: 1200px) 300px, (min-width: 768px) 25vw, 100vw\" alt=\"nakup-sportovni-podprsenky-vyclente-si-dost-casu-a-neobjednavejte-na-internetu\"\/><\/a><\/div>    <div class=\"entry-meta\">\n        <a class=\"label label-secondary post-category\" href=\"https:\/\/www.welovecycling.com\/cs\/category\/zeny\/\" title=\"\u017deny\">\u017deny<\/a>\n    <\/div>\n    <div class=\"entry-details\">\n        <a href=\"https:\/\/www.welovecycling.com\/cs\/2020\/05\/13\/nakup-sportovni-podprsenky-vyclente-si-dost-casu-a-neobjednavejte-na-internetu\/\" class='entry-title-wrapper'>\n            <h3 class=\"entry-title\"><span>N\u00e1kup sportovn\u00ed podprsenky? Vy\u010dle\u0148te si dost \u010dasu a neobjedn\u00e1vejte na internetu<\/span><\/h3>\n        <\/a>\n    <\/div>\n    <\/article>\n<\/div>\n<p>Dal\u0161\u00ed ned\u00edlnou sou\u010d\u00e1st\u00ed ka\u017ed\u00e9ho v\u00fdletu by m\u011bla b\u00fdt sada n\u00e1\u0159ad\u00ed, dle preferenc\u00ed va\u0161eho kola \u010di zvyk\u016f. Malou l\u00e9k\u00e1rni\u010dkou se z\u00e1kladn\u00edm vybaven\u00edm na o\u0161et\u0159en\u00ed poran\u011bn\u00ed takt\u00e9\u017e zcela jist\u011b nic nezkaz\u00edte.<\/p>\n<p>Spr\u00e1vn\u00fdm ulo\u017een\u00edm v\u0161eho vybaven\u00ed jsme se zab\u00fdvali ji\u017e v\u00a0minul\u00fdch d\u00edlech. Sta\u010d\u00ed p\u0159ipomenout \u2013 lehk\u00e9 a m\u011bkk\u00e9 v\u011bci pat\u0159\u00ed do podsedlov\u00e9 bra\u0161ny a na \u0159\u00edd\u00edtka. Vybaven\u00ed vy\u0161\u0161\u00ed gram\u00e1\u017ee a h\u016f\u0159 baliteln\u00e9 bu\u010f na z\u00e1da nebo do bra\u0161en bl\u00edzko t\u011b\u017ei\u0161t\u011b. Dobrodru\u017estv\u00ed \u010dek\u00e1!<\/p>\n","protected":false},"excerpt":{"rendered":"<p>V\u011bt\u0161inu \u010dasu str\u00e1v\u00ed bikepacker na kole, kdy\u017e u\u017e v\u0161ak takov\u00fd cyklista zastav\u00ed, hod\u00ed se vybaven\u00ed, kter\u00e9 vyu\u017eije\u00a0 k\u00a0odpo\u010dinku nebo kempov\u00e1n\u00ed. [&hellip;]<\/p>\n","protected":false},"author":122,"featured_media":7158,"comment_status":"open","ping_status":"open","sticky":false,"template":"","format":"standard","meta":{"footnotes":""},"categories":[15],"tags":[324,915,27],"global-categories":[411],"class_list":["post-7161","post","type-post","status-publish","format-standard","has-post-thumbnail","hentry","category-rady-tipy","tag-bikepacking","tag-spacak-na-bikepacking","tag-trenink","global-categories-cycling"],"yoast_head":"<!-- This site is optimized with the Yoast SEO Premium plugin v25.3 (Yoast SEO v25.9) - https:\/\/yoast.com\/wordpress\/plugins\/seo\/ -->\n<title>Bikepacking: spac\u00e1ky, karimatky a n\u00e1dob\u00ed na cyklotoulky | \u0160koda We Love Cycling - \u010cesk\u00e1 republika<\/title>\n<meta name=\"robots\" content=\"index, follow, max-snippet:-1, max-image-preview:large, max-video-preview:-1\" \/>\n<link rel=\"canonical\" href=\"https:\/\/www.welovecycling.com\/cs\/2020\/05\/14\/bikepacking-spacaky-karimatky-a-nadobi-na-cyklotoulky\/\" \/>\n<meta property=\"og:locale\" content=\"cs_CZ\" \/>\n<meta property=\"og:type\" content=\"article\" \/>\n<meta property=\"og:title\" content=\"Bikepacking: spac\u00e1ky, karimatky a n\u00e1dob\u00ed na cyklotoulky\" \/>\n<meta property=\"og:description\" content=\"V\u011bt\u0161inu \u010dasu str\u00e1v\u00ed bikepacker na kole, kdy\u017e u\u017e v\u0161ak takov\u00fd cyklista zastav\u00ed, hod\u00ed se vybaven\u00ed, kter\u00e9 vyu\u017eije\u00a0 k\u00a0odpo\u010dinku nebo kempov\u00e1n\u00ed. [&hellip;]\" \/>\n<meta property=\"og:url\" content=\"https:\/\/www.welovecycling.com\/cs\/2020\/05\/14\/bikepacking-spacaky-karimatky-a-nadobi-na-cyklotoulky\/\" \/>\n<meta property=\"og:site_name\" content=\"\u0160koda We Love Cycling - \u010cesk\u00e1 republika\" \/>\n<meta property=\"article:published_time\" content=\"2020-05-14T17:00:51+00:00\" \/>\n<meta property=\"og:image\" content=\"https:\/\/d2p6e6u75xmxt8.cloudfront.net\/13\/2020\/05\/spac\u00e1k-bikepacking-3-1024x683.jpg\" \/>\n\t<meta property=\"og:image:width\" content=\"1024\" \/>\n\t<meta property=\"og:image:height\" content=\"683\" \/>\n\t<meta property=\"og:image:type\" content=\"image\/jpeg\" \/>\n<meta name=\"twitter:card\" content=\"summary_large_image\" \/>\n<meta name=\"twitter:label1\" content=\"Written by\" \/>\n\t<meta name=\"twitter:data1\" content=\"Michaela Bu\u010dkov\u00e1\" \/>\n\t<meta name=\"twitter:label2\" content=\"Est. reading time\" \/>\n\t<meta name=\"twitter:data2\" content=\"6\" \/>\n<script type=\"application\/ld+json\" class=\"yoast-schema-graph\">{\"@context\":\"https:\/\/schema.org\",\"@graph\":[{\"@type\":\"WebPage\",\"@id\":\"https:\/\/www.welovecycling.com\/cs\/2020\/05\/14\/bikepacking-spacaky-karimatky-a-nadobi-na-cyklotoulky\/\",\"url\":\"https:\/\/www.welovecycling.com\/cs\/2020\/05\/14\/bikepacking-spacaky-karimatky-a-nadobi-na-cyklotoulky\/\",\"name\":\"Bikepacking: spac\u00e1ky, karimatky a n\u00e1dob\u00ed na cyklotoulky | \u0160koda We Love Cycling - \u010cesk\u00e1 republika\",\"isPartOf\":{\"@id\":\"https:\/\/www.welovecycling.com\/cs\/#website\"},\"primaryImageOfPage\":{\"@id\":\"https:\/\/www.welovecycling.com\/cs\/2020\/05\/14\/bikepacking-spacaky-karimatky-a-nadobi-na-cyklotoulky\/#primaryimage\"},\"image\":{\"@id\":\"https:\/\/www.welovecycling.com\/cs\/2020\/05\/14\/bikepacking-spacaky-karimatky-a-nadobi-na-cyklotoulky\/#primaryimage\"},\"thumbnailUrl\":\"https:\/\/d2p6e6u75xmxt8.cloudfront.net\/13\/2020\/05\/spac\u00e1k-bikepacking-3.jpg\",\"datePublished\":\"2020-05-14T17:00:51+00:00\",\"author\":{\"@id\":\"\"},\"inLanguage\":\"cs\",\"potentialAction\":[{\"@type\":\"ReadAction\",\"target\":[\"https:\/\/www.welovecycling.com\/cs\/2020\/05\/14\/bikepacking-spacaky-karimatky-a-nadobi-na-cyklotoulky\/\"]}]},{\"@type\":\"ImageObject\",\"inLanguage\":\"cs\",\"@id\":\"https:\/\/www.welovecycling.com\/cs\/2020\/05\/14\/bikepacking-spacaky-karimatky-a-nadobi-na-cyklotoulky\/#primaryimage\",\"url\":\"https:\/\/d2p6e6u75xmxt8.cloudfront.net\/13\/2020\/05\/spac\u00e1k-bikepacking-3.jpg\",\"contentUrl\":\"https:\/\/d2p6e6u75xmxt8.cloudfront.net\/13\/2020\/05\/spac\u00e1k-bikepacking-3.jpg\",\"width\":5760,\"height\":3840},{\"@type\":\"WebSite\",\"@id\":\"https:\/\/www.welovecycling.com\/cs\/#website\",\"url\":\"https:\/\/www.welovecycling.com\/cs\/\",\"name\":\"\u0160koda We Love Cycling - \u010cesk\u00e1 republika\",\"description\":\"WeLoveCycling.cz je online magaz\u00edn, kter\u00fd v\u00e1m pravideln\u011b p\u0159in\u00e1\u0161\u00ed rady a tipy, zaj\u00edmav\u00e9 \u010dl\u00e1nky, videa a jedine\u010dn\u00e9 report\u00e1\u017ee ze sv\u011bta cyklistiky.\",\"potentialAction\":[{\"@type\":\"SearchAction\",\"target\":{\"@type\":\"EntryPoint\",\"urlTemplate\":\"https:\/\/www.welovecycling.com\/cs\/?s={search_term_string}\"},\"query-input\":{\"@type\":\"PropertyValueSpecification\",\"valueRequired\":true,\"valueName\":\"search_term_string\"}}],\"inLanguage\":\"cs\"},{\"@type\":\"Person\",\"@id\":\"\",\"url\":\"https:\/\/www.welovecycling.com\/cs\/author\/\"}]}<\/script>\n<!-- \/ Yoast SEO Premium plugin. -->","yoast_head_json":{"title":"Bikepacking: spac\u00e1ky, karimatky a n\u00e1dob\u00ed na cyklotoulky | \u0160koda We Love Cycling - \u010cesk\u00e1 republika","robots":{"index":"index","follow":"follow","max-snippet":"max-snippet:-1","max-image-preview":"max-image-preview:large","max-video-preview":"max-video-preview:-1"},"canonical":"https:\/\/www.welovecycling.com\/cs\/2020\/05\/14\/bikepacking-spacaky-karimatky-a-nadobi-na-cyklotoulky\/","og_locale":"cs_CZ","og_type":"article","og_title":"Bikepacking: spac\u00e1ky, karimatky a n\u00e1dob\u00ed na cyklotoulky","og_description":"V\u011bt\u0161inu \u010dasu str\u00e1v\u00ed bikepacker na kole, kdy\u017e u\u017e v\u0161ak takov\u00fd cyklista zastav\u00ed, hod\u00ed se vybaven\u00ed, kter\u00e9 vyu\u017eije\u00a0 k\u00a0odpo\u010dinku nebo kempov\u00e1n\u00ed. [&hellip;]","og_url":"https:\/\/www.welovecycling.com\/cs\/2020\/05\/14\/bikepacking-spacaky-karimatky-a-nadobi-na-cyklotoulky\/","og_site_name":"\u0160koda We Love Cycling - \u010cesk\u00e1 republika","article_published_time":"2020-05-14T17:00:51+00:00","og_image":[{"width":1024,"height":683,"url":"https:\/\/d2p6e6u75xmxt8.cloudfront.net\/13\/2020\/05\/spac\u00e1k-bikepacking-3-1024x683.jpg","type":"image\/jpeg"}],"twitter_card":"summary_large_image","twitter_misc":{"Written by":"Michaela Bu\u010dkov\u00e1","Est. reading time":"6"},"schema":{"@context":"https:\/\/schema.org","@graph":[{"@type":"WebPage","@id":"https:\/\/www.welovecycling.com\/cs\/2020\/05\/14\/bikepacking-spacaky-karimatky-a-nadobi-na-cyklotoulky\/","url":"https:\/\/www.welovecycling.com\/cs\/2020\/05\/14\/bikepacking-spacaky-karimatky-a-nadobi-na-cyklotoulky\/","name":"Bikepacking: spac\u00e1ky, karimatky a n\u00e1dob\u00ed na cyklotoulky | \u0160koda We Love Cycling - \u010cesk\u00e1 republika","isPartOf":{"@id":"https:\/\/www.welovecycling.com\/cs\/#website"},"primaryImageOfPage":{"@id":"https:\/\/www.welovecycling.com\/cs\/2020\/05\/14\/bikepacking-spacaky-karimatky-a-nadobi-na-cyklotoulky\/#primaryimage"},"image":{"@id":"https:\/\/www.welovecycling.com\/cs\/2020\/05\/14\/bikepacking-spacaky-karimatky-a-nadobi-na-cyklotoulky\/#primaryimage"},"thumbnailUrl":"https:\/\/d2p6e6u75xmxt8.cloudfront.net\/13\/2020\/05\/spac\u00e1k-bikepacking-3.jpg","datePublished":"2020-05-14T17:00:51+00:00","author":{"@id":""},"inLanguage":"cs","potentialAction":[{"@type":"ReadAction","target":["https:\/\/www.welovecycling.com\/cs\/2020\/05\/14\/bikepacking-spacaky-karimatky-a-nadobi-na-cyklotoulky\/"]}]},{"@type":"ImageObject","inLanguage":"cs","@id":"https:\/\/www.welovecycling.com\/cs\/2020\/05\/14\/bikepacking-spacaky-karimatky-a-nadobi-na-cyklotoulky\/#primaryimage","url":"https:\/\/d2p6e6u75xmxt8.cloudfront.net\/13\/2020\/05\/spac\u00e1k-bikepacking-3.jpg","contentUrl":"https:\/\/d2p6e6u75xmxt8.cloudfront.net\/13\/2020\/05\/spac\u00e1k-bikepacking-3.jpg","width":5760,"height":3840},{"@type":"WebSite","@id":"https:\/\/www.welovecycling.com\/cs\/#website","url":"https:\/\/www.welovecycling.com\/cs\/","name":"\u0160koda We Love Cycling - \u010cesk\u00e1 republika","description":"WeLoveCycling.cz je online magaz\u00edn, kter\u00fd v\u00e1m pravideln\u011b p\u0159in\u00e1\u0161\u00ed rady a tipy, zaj\u00edmav\u00e9 \u010dl\u00e1nky, videa a jedine\u010dn\u00e9 report\u00e1\u017ee ze sv\u011bta cyklistiky.","potentialAction":[{"@type":"SearchAction","target":{"@type":"EntryPoint","urlTemplate":"https:\/\/www.welovecycling.com\/cs\/?s={search_term_string}"},"query-input":{"@type":"PropertyValueSpecification","valueRequired":true,"valueName":"search_term_string"}}],"inLanguage":"cs"},{"@type":"Person","@id":"","url":"https:\/\/www.welovecycling.com\/cs\/author\/"}]}},"_links":{"self":[{"href":"https:\/\/www.welovecycling.com\/cs\/wp-json\/wp\/v2\/posts\/7161","targetHints":{"allow":["GET"]}}],"collection":[{"href":"https:\/\/www.welovecycling.com\/cs\/wp-json\/wp\/v2\/posts"}],"about":[{"href":"https:\/\/www.welovecycling.com\/cs\/wp-json\/wp\/v2\/types\/post"}],"author":[{"embeddable":true,"href":"https:\/\/www.welovecycling.com\/cs\/wp-json\/wp\/v2\/users\/122"}],"replies":[{"embeddable":true,"href":"https:\/\/www.welovecycling.com\/cs\/wp-json\/wp\/v2\/comments?post=7161"}],"version-history":[{"count":2,"href":"https:\/\/www.welovecycling.com\/cs\/wp-json\/wp\/v2\/posts\/7161\/revisions"}],"predecessor-version":[{"id":7172,"href":"https:\/\/www.welovecycling.com\/cs\/wp-json\/wp\/v2\/posts\/7161\/revisions\/7172"}],"wp:featuredmedia":[{"embeddable":true,"href":"https:\/\/www.welovecycling.com\/cs\/wp-json\/wp\/v2\/media\/7158"}],"wp:attachment":[{"href":"https:\/\/www.welovecycling.com\/cs\/wp-json\/wp\/v2\/media?parent=7161"}],"wp:term":[{"taxonomy":"category","embeddable":true,"href":"https:\/\/www.welovecycling.com\/cs\/wp-json\/wp\/v2\/categories?post=7161"},{"taxonomy":"post_tag","embeddable":true,"href":"https:\/\/www.welovecycling.com\/cs\/wp-json\/wp\/v2\/tags?post=7161"},{"taxonomy":"global-categories","embeddable":true,"href":"https:\/\/www.welovecycling.com\/cs\/wp-json\/wp\/v2\/global-categories?post=7161"}],"curies":[{"name":"wp","href":"https:\/\/api.w.org\/{rel}","templated":true}]}}