{"id":7130,"date":"2020-05-15T09:00:13","date_gmt":"2020-05-15T07:00:13","guid":{"rendered":"https:\/\/www.welovecycling.com\/cs\/?p=7130"},"modified":"2020-05-14T18:51:43","modified_gmt":"2020-05-14T16:51:43","slug":"detska-cyklosedacka-je-lepsi-predni-nebo-zadni-uchyceni","status":"publish","type":"post","link":"https:\/\/www.welovecycling.com\/cs\/2020\/05\/15\/detska-cyklosedacka-je-lepsi-predni-nebo-zadni-uchyceni\/","title":{"rendered":"D\u011btsk\u00e1 cykloseda\u010dka. Je lep\u0161\u00ed p\u0159edn\u00ed nebo zadn\u00ed uchycen\u00ed?"},"content":{"rendered":"<p><strong>Pl\u00e1nujete rodinn\u00fd cyklov\u00fdlet, v\u00edkend na kole s\u00a0d\u011btmi nebo rodinou dovolenou na bicyklu? V\u00e1h\u00e1te, proto\u017ee nejmen\u0161\u00ed \u010dlen dom\u00e1cnosti je\u0161t\u011b nen\u00ed schopn\u00fd s\u00e1m tla\u010dit do ped\u00e1l\u016f? V\u011b\u0159te, \u017ee nen\u00ed d\u016fvod si radost z\u00a0cyklistiky ani za dan\u00e9 konstelace odp\u00edrat. Sta\u010d\u00ed jen po\u0159\u00eddit va\u0161emu mal\u00e9mu bikerovi bezpe\u010dnou a komfortn\u00ed cykloseda\u010dku.<\/strong><\/p>\n<p>Neexistuje \u017e\u00e1dn\u00e9 obecn\u00e9 doporu\u010den\u00ed, kdy d\u00edt\u011b poprv\u00e9 na kolo usadit. Hranic\u00ed pro bezpe\u010dn\u00e9 pou\u017eit\u00ed seda\u010dky je dovr\u0161en\u00ed osmn\u00e1cti m\u011bs\u00edc\u016f d\u00edt\u011bte. Pokud chcete vyrazit na cyklov\u00fdlet d\u0159\u00edve, ne\u017e va\u0161e ratolest dos\u00e1hne rok a p\u016fl \u017eivota, je vhodn\u00e9 pou\u017e\u00edt cyklovoz\u00edk, v\u00a0n\u011bm\u017e m\u016f\u017ee v\u00e1\u0161 potomek le\u017eet a j\u00edzdu prospat.<\/p>\n<div class=\"shortcode-ys-post-pinup\"><article class=\"loop-simple post-7064 post type-post status-publish format-standard has-post-thumbnail hentry category-rady-tipy category-zdravi-a-trenink tag-trenink tag-vyziva global-categories-cycling\" data-postid=\"7064\" role=\"article\" data-post-id=\"7064\" data-word-count=\"511\" data-headline-length=\"58\" data-category=\"Rady &amp; tipy\" data-global-category=\"Cycling\" data-author=\"Ji\u0159\u00ed Kalo\u010d\" data-published=\"2020-05-11T18:30:42+02:00\" data-published-day=\"Monday\">\n    <div class=\"entry-thumbnail article-thumbnail\" content=\"https:\/\/d2p6e6u75xmxt8.cloudfront.net\/13\/2019\/06\/100004489784154175_1000044897841541751-150x150.webp\"><a href=\"https:\/\/www.welovecycling.com\/cs\/2020\/05\/11\/co-jist-kdyz-planujete-dvanact-hodin-v-sedle-za-den\/\" class=\"image-holder\" target=\"_self\"><img decoding=\"async\" loading=\"lazy\" class=\"\" src=\"https:\/\/d2p6e6u75xmxt8.cloudfront.net\/13\/2019\/06\/100004489784154175_1000044897841541751-1024x450.webp\" srcset=\"https:\/\/d2p6e6u75xmxt8.cloudfront.net\/13\/2019\/06\/100004489784154175_1000044897841541751.webp 1366w, https:\/\/d2p6e6u75xmxt8.cloudfront.net\/13\/2019\/06\/100004489784154175_1000044897841541751-300x132.webp 300w, https:\/\/d2p6e6u75xmxt8.cloudfront.net\/13\/2019\/06\/100004489784154175_1000044897841541751-1024x450.webp 1024w, https:\/\/d2p6e6u75xmxt8.cloudfront.net\/13\/2019\/06\/100004489784154175_1000044897841541751-768x337.webp 768w\" width=\"1024\" height=\"450\" sizes=\"auto, (min-width: 1200px) 456px, (min-width: 768px) 38vw, 100vw\" alt=\"co-jist-kdyz-planujete-dvanact-hodin-v-sedle-za-den\"\/><\/a><\/div>    <div class=\"entry-meta\">\n        <a class=\"label label-secondary post-category\" href=\"https:\/\/www.welovecycling.com\/cs\/category\/rady-tipy\/\" title=\"Rady &amp; tipy\">Rady &amp; tipy<\/a>\n    <\/div>\n    <div class=\"entry-details\">\n        <a href=\"https:\/\/www.welovecycling.com\/cs\/2020\/05\/11\/co-jist-kdyz-planujete-dvanact-hodin-v-sedle-za-den\/\" class='entry-title-wrapper'>\n            <h3 class=\"entry-title\"><span>Co j\u00edst, kdy\u017e pl\u00e1nujete dvan\u00e1ct hodin v\u00a0sedle za den?<\/span><\/h3>\n        <\/a>\n    <\/div>\n    <\/article>\n<\/div>\n<p>Cykloseda\u010dky jsou ur\u010deny pro d\u011bti schopn\u00e9 dlouhodob\u011b sed\u011bt. A sou\u010dasn\u011b je\u0161t\u011b nezvl\u00e1dnou j\u00edzdu v\u00a0sedle kola samostatn\u011b. Podle uchycen\u00ed se cykloseda\u010dky rozd\u011bluj\u00ed na p\u0159edn\u00ed a zadn\u00ed. Rozhodov\u00e1n\u00ed je z\u00e1sadn\u00ed z\u00a0hlediska pohodl\u00ed i bezpe\u010dnosti d\u00edt\u011bte. V\u017edy se doporu\u010duje vyzkou\u0161et ob\u011b varianty i s\u00a0ohledem na vitalitu d\u00edt\u011bte.<\/p>\n<h2><strong>P\u0159edn\u00ed uchycen\u00ed cykloseda\u010dky<\/strong><\/h2>\n<p>V\u00a0p\u0159\u00edpad\u011b pou\u017eit\u00ed p\u0159edn\u00edho uchycen\u00ed d\u011btsk\u00e9 seda\u010dky, m\u00e1te d\u00edt\u011b neust\u00e1le pod kontrolou, j\u00edzda je pro mr\u0148ouse z\u00e1bavn\u011bj\u0161\u00ed a v\u00e1\u0161 potomek se m\u016f\u017ee kochat krajinou. Doporu\u010duje se zejm\u00e9na pro \u201e\u017eiv\u011bj\u0161\u00ed\u201c d\u011bti. Nev\u00fdhodou je, \u017ee d\u00edt\u011b nen\u00ed chr\u00e1n\u011bn\u00e9 p\u0159ed v\u011btrem. Dan\u00fd zp\u016fsob uchycen\u00ed je vhodn\u00fd na krat\u0161\u00ed vzd\u00e1lenosti.<\/p>\n<figure id=\"attachment_7133\" aria-describedby=\"caption-attachment-7133\" style=\"width: 768px\" class=\"wp-caption alignnone\"><a href=\"https:\/\/d2p6e6u75xmxt8.cloudfront.net\/13\/2020\/05\/d\u011btsk\u00e1-seda\u010dka-2.jpg\"><img loading=\"lazy\" decoding=\"async\" class=\"size-full wp-image-7133\" src=\"https:\/\/d2p6e6u75xmxt8.cloudfront.net\/13\/2020\/05\/d\u011btsk\u00e1-seda\u010dka-2.jpg\" alt=\"D\u011btsk\u00e1 seda\u010dka s variantou p\u0159edn\u00edho uchycen\u00ed. Foto: Future Cycling\" width=\"768\" height=\"1024\" \/><\/a><figcaption id=\"caption-attachment-7133\" class=\"wp-caption-text\"><em>D\u011btsk\u00e1 seda\u010dka s variantou p\u0159edn\u00edho uchycen\u00ed. Foto: Future Cycling<\/em><\/figcaption><\/figure>\n<p>V\u00a0minulosti se i pro p\u0159edn\u00ed uchycen\u00ed vyr\u00e1b\u011bly kovov\u00e9 seda\u010dky, nyn\u00ed jsou trendem p\u011bnov\u00e9. P\u0159edn\u00ed p\u011bnovou seda\u010dku je mo\u017en\u00e9 uchytit na hlin\u00edkov\u00fd i karbonov\u00fd r\u00e1m, je maxim\u00e1ln\u011b skladn\u00e1, mimo\u0159\u00e1dn\u011b lehk\u00e1, vejde se snadno i do batohu, co\u017e je v\u00fdhodou pro transfer letadlem na dovolenou, kde pl\u00e1nujete vyu\u017e\u00edvat kolo. Danou variantu vyu\u017e\u00edvaj\u00ed pro sv\u00e1 ratolesti kup\u0159\u00edkladu olympijsk\u00fd \u0161ampion a mistr sv\u011bta v\u00a0cross country Nino Schurter \u010di vicemistr sv\u011bta v\u00a0maratonu Kristian Hynek.<\/p>\n<p>P\u011bnov\u00e1 \u201ekonstrukce\u201c se montuje na horn\u00ed r\u00e1movou trubku pomoc\u00ed popruh\u016f, k\u00a0mont\u00e1\u017ei nen\u00ed t\u0159eba \u017e\u00e1dn\u00e9 n\u00e1\u0159ad\u00ed a mohou ji vyu\u017e\u00edvat d\u011bti od dvou do p\u011bti let. Cena je od patn\u00e1cti set korun v\u00fd\u0161e.<\/p>\n<div class=\"shortcode-ys-post-pinup\"><article class=\"loop-simple post-7077 post type-post status-publish format-standard has-post-thumbnail hentry category-rady-tipy category-zdravi-a-trenink tag-cyklistika tag-trenink tag-zdravi-a-trenink global-categories-cycling\" data-postid=\"7077\" role=\"article\" data-post-id=\"7077\" data-word-count=\"334\" data-headline-length=\"80\" data-category=\"Rady &amp; tipy\" data-global-category=\"Cycling\" data-author=\"Ji\u0159\u00ed Kalo\u010d\" data-published=\"2020-05-12T08:00:52+02:00\" data-published-day=\"Tuesday\">\n    <div class=\"entry-thumbnail article-thumbnail\" content=\"https:\/\/d2p6e6u75xmxt8.cloudfront.net\/13\/2020\/04\/nova-cup-20-p\u00e1d-karamobol-nehoda-150x150.webp\"><a href=\"https:\/\/www.welovecycling.com\/cs\/2020\/05\/12\/z-gauce-na-cyklomaraton-treninkovy-plan-na-sesty-tyden-zaradte-kopce\/\" class=\"image-holder\" target=\"_self\"><img decoding=\"async\" loading=\"lazy\" class=\"\" src=\"https:\/\/d2p6e6u75xmxt8.cloudfront.net\/13\/2020\/04\/nova-cup-20-p\u00e1d-karamobol-nehoda-1024x683.webp\" srcset=\"https:\/\/d2p6e6u75xmxt8.cloudfront.net\/13\/2020\/04\/nova-cup-20-p\u00e1d-karamobol-nehoda.webp 2048w, https:\/\/d2p6e6u75xmxt8.cloudfront.net\/13\/2020\/04\/nova-cup-20-p\u00e1d-karamobol-nehoda-300x200.webp 300w, https:\/\/d2p6e6u75xmxt8.cloudfront.net\/13\/2020\/04\/nova-cup-20-p\u00e1d-karamobol-nehoda-1024x683.webp 1024w, https:\/\/d2p6e6u75xmxt8.cloudfront.net\/13\/2020\/04\/nova-cup-20-p\u00e1d-karamobol-nehoda-768x512.webp 768w, https:\/\/d2p6e6u75xmxt8.cloudfront.net\/13\/2020\/04\/nova-cup-20-p\u00e1d-karamobol-nehoda-1536x1024.webp 1536w, https:\/\/d2p6e6u75xmxt8.cloudfront.net\/13\/2020\/04\/nova-cup-20-p\u00e1d-karamobol-nehoda-1920x1280.webp 1920w, https:\/\/d2p6e6u75xmxt8.cloudfront.net\/13\/2020\/04\/nova-cup-20-p\u00e1d-karamobol-nehoda-272x182.webp 272w, https:\/\/d2p6e6u75xmxt8.cloudfront.net\/13\/2020\/04\/nova-cup-20-p\u00e1d-karamobol-nehoda-1920x1280.webp 1920w\" width=\"1024\" height=\"683\" sizes=\"auto, (min-width: 1200px) 300px, (min-width: 768px) 25vw, 100vw\" alt=\"z-gauce-na-cyklomaraton-treninkovy-plan-na-sesty-tyden-zaradte-kopce\"\/><\/a><\/div>    <div class=\"entry-meta\">\n        <a class=\"label label-secondary post-category\" href=\"https:\/\/www.welovecycling.com\/cs\/category\/rady-tipy\/\" title=\"Rady &amp; tipy\">Rady &amp; tipy<\/a>\n    <\/div>\n    <div class=\"entry-details\">\n        <a href=\"https:\/\/www.welovecycling.com\/cs\/2020\/05\/12\/z-gauce-na-cyklomaraton-treninkovy-plan-na-sesty-tyden-zaradte-kopce\/\" class='entry-title-wrapper'>\n            <h3 class=\"entry-title\"><span>Z\u00a0gau\u010de na cyklomaraton. Tr\u00e9ninkov\u00fd pl\u00e1n na \u0161est\u00fd t\u00fdden: za\u0159a\u010fte kopce<\/span><\/h3>\n        <\/a>\n    <\/div>\n    <\/article>\n<\/div>\n<p>P\u0159ed j\u00edzdou samotnou je d\u016fle\u017eit\u00e9 zkontrolovat up\u00ednac\u00ed mechanismus bezpe\u010dnostn\u00edch p\u00e1s\u016f, nastaven\u00ed op\u011brek nohou a s\u00edlu polstrov\u00e1n\u00ed. Svaly trupu d\u00edt\u011bte aktivn\u011b udr\u017euj\u00ed fyziologick\u00e9 prohnut\u00ed v\u00a0doln\u00ed \u010d\u00e1sti p\u00e1te\u0159e (bedern\u00ed lord\u00f3zu). Pokud je tomu jinak skoliotick\u00e9 vady p\u00e1te\u0159e pak doslova klepou na dve\u0159e!<\/p>\n<h2><strong>Zadn\u00ed uchycen\u00ed cykloseda\u010dky<\/strong><\/h2>\n<p>Zadn\u00ed cykloseda\u010dky se d\u011bl\u00ed podle zp\u016fsobu upevn\u011bn\u00ed na samonosn\u00e9 (upevniteln\u00e9 na podsedlovou trubku) a na cykloseda\u010dky p\u0159ichycen\u00e9 k\u00a0nosi\u010di. Z\u00a0hlediska pohodl\u00ed pro d\u00edt\u011b je lep\u0161\u00ed samonosn\u00e1 varianta.<\/p>\n<p>Cykloseda\u010dka na nosi\u010di je pevn\u011b spojena s\u00a0nosi\u010dem, respektive kolem a d\u00edt\u011b tud\u00ed\u017e c\u00edt\u00ed ka\u017ed\u00fd v\u00fdmol \u010di kam\u00ednek. Samonosn\u00e1 seda\u010dka pohlt\u00ed v\u011bt\u0161inu r\u00e1z\u016f, co\u017e je v\u00fdhoda zejm\u00e9na p\u0159i cest\u00e1ch po m\u00e9n\u011b kvalitn\u00ed silnic\u00edch, \u0161otolinov\u00fdch cyklostezk\u00e1ch \u010di lesn\u00edch a poln\u00edch cest\u00e1ch.<\/p>\n<figure id=\"attachment_7136\" aria-describedby=\"caption-attachment-7136\" style=\"width: 1800px\" class=\"wp-caption alignnone\"><a href=\"https:\/\/d2p6e6u75xmxt8.cloudfront.net\/13\/2020\/05\/d\u011btsk\u00e1-cykloseda\u010dka.jpg\"><img loading=\"lazy\" decoding=\"async\" class=\"size-full wp-image-7136\" src=\"https:\/\/d2p6e6u75xmxt8.cloudfront.net\/13\/2020\/05\/d\u011btsk\u00e1-cykloseda\u010dka.jpg\" alt=\"Zadn\u00ed varianta uchycen\u00ed d\u011btsk\u00e9 cykloseda\u010dky. Foto: profimedia\" width=\"1800\" height=\"1200\" \/><\/a><figcaption id=\"caption-attachment-7136\" class=\"wp-caption-text\"><em>Zadn\u00ed varianta uchycen\u00ed d\u011btsk\u00e9 cykloseda\u010dky. Foto: profimedia<\/em><\/figcaption><\/figure>\n<p>Nev\u00fdhodou samonosn\u00fdch seda\u010dek je hor\u0161\u00ed stabilita kola. Variant\u011b s\u00a0cykloseda\u010dkou upevn\u011bnou na podsedlov\u00e9 trubce je t\u0159eba p\u0159izp\u016fsobit rychlost a styl j\u00edzdy, zejm\u00e9na je t\u0159eba po\u010d\u00edtat s\u00a0nenad\u00e1l\u00fdmi poryvy v\u011btru. V\u00a0p\u0159\u00edpad\u011b pou\u017eit\u00ed cykloseda\u010dky na nosi\u010di je t\u0159eba zkontrolovat nosi\u010d, kter\u00fd by m\u011bl m\u00edt pat\u0159i\u010dnou minim\u00e1ln\u00ed nosnost.<\/p>\n<p>Zadn\u00ed cykloseda\u010dky jsou pou\u017eiteln\u00e9 pro d\u011bti od dev\u00edti kilogram\u016f. Jsou vhodn\u011bj\u0161\u00ed i pro del\u0161\u00ed vzd\u00e1lenosti. Nev\u00fdhodou je, \u017ee d\u00edt\u011b se nem\u016f\u017ee aktivn\u011b zapojit do v\u00fdletu, rodi\u010de maj\u00ed zt\u00ed\u017eenou kontrolu chov\u00e1n\u00ed d\u00edt\u011bte. Je prakticky nemo\u017en\u00e9 pou\u017e\u00edt pro cyklov\u00fdlet batoh na z\u00e1dech. Cena zadn\u00edch cykloseda\u010dek je od jednoho tis\u00edce korun v\u00fd\u0161e.<\/p>\n","protected":false},"excerpt":{"rendered":"<p>Pl\u00e1nujete rodinn\u00fd cyklov\u00fdlet, v\u00edkend na kole s\u00a0d\u011btmi nebo rodinou dovolenou na bicyklu? V\u00e1h\u00e1te, proto\u017ee nejmen\u0161\u00ed \u010dlen dom\u00e1cnosti je\u0161t\u011b nen\u00ed schopn\u00fd [&hellip;]<\/p>\n","protected":false},"author":122,"featured_media":7134,"comment_status":"open","ping_status":"open","sticky":false,"template":"","format":"standard","meta":{"footnotes":""},"categories":[1,15],"tags":[13,913,427],"global-categories":[411],"class_list":["post-7130","post","type-post","status-publish","format-standard","has-post-thumbnail","hentry","category-bezpecnost","category-rady-tipy","tag-bezpecnost","tag-detska-cyklosedacka","tag-na-kole-bezpecne","global-categories-cycling"],"yoast_head":"<!-- This site is optimized with the Yoast SEO Premium plugin v25.3 (Yoast SEO v25.9) - https:\/\/yoast.com\/wordpress\/plugins\/seo\/ -->\n<title>D\u011btsk\u00e1 cykloseda\u010dka. Je lep\u0161\u00ed p\u0159edn\u00ed nebo zadn\u00ed uchycen\u00ed? | \u0160koda We Love Cycling - \u010cesk\u00e1 republika<\/title>\n<meta name=\"robots\" content=\"index, follow, max-snippet:-1, max-image-preview:large, max-video-preview:-1\" \/>\n<link rel=\"canonical\" href=\"https:\/\/www.welovecycling.com\/cs\/2020\/05\/15\/detska-cyklosedacka-je-lepsi-predni-nebo-zadni-uchyceni\/\" \/>\n<meta property=\"og:locale\" content=\"cs_CZ\" \/>\n<meta property=\"og:type\" content=\"article\" \/>\n<meta property=\"og:title\" content=\"D\u011btsk\u00e1 cykloseda\u010dka. Je lep\u0161\u00ed p\u0159edn\u00ed nebo zadn\u00ed uchycen\u00ed?\" \/>\n<meta property=\"og:description\" content=\"Pl\u00e1nujete rodinn\u00fd cyklov\u00fdlet, v\u00edkend na kole s\u00a0d\u011btmi nebo rodinou dovolenou na bicyklu? V\u00e1h\u00e1te, proto\u017ee nejmen\u0161\u00ed \u010dlen dom\u00e1cnosti je\u0161t\u011b nen\u00ed schopn\u00fd [&hellip;]\" \/>\n<meta property=\"og:url\" content=\"https:\/\/www.welovecycling.com\/cs\/2020\/05\/15\/detska-cyklosedacka-je-lepsi-predni-nebo-zadni-uchyceni\/\" \/>\n<meta property=\"og:site_name\" content=\"\u0160koda We Love Cycling - \u010cesk\u00e1 republika\" \/>\n<meta property=\"article:published_time\" content=\"2020-05-15T07:00:13+00:00\" \/>\n<meta property=\"og:image\" content=\"https:\/\/d2p6e6u75xmxt8.cloudfront.net\/13\/2020\/05\/d\u011btsk\u00e1-seda\u010dka-scaled.webp\" \/>\n\t<meta property=\"og:image:width\" content=\"2560\" \/>\n\t<meta property=\"og:image:height\" content=\"1707\" \/>\n\t<meta property=\"og:image:type\" content=\"image\/webp\" \/>\n<meta name=\"twitter:card\" content=\"summary_large_image\" \/>\n<meta name=\"twitter:label1\" content=\"Written by\" \/>\n\t<meta name=\"twitter:data1\" content=\"Ji\u0159\u00ed Kalo\u010d\" \/>\n\t<meta name=\"twitter:label2\" content=\"Est. reading time\" \/>\n\t<meta name=\"twitter:data2\" content=\"6\" \/>\n<script type=\"application\/ld+json\" class=\"yoast-schema-graph\">{\"@context\":\"https:\/\/schema.org\",\"@graph\":[{\"@type\":\"WebPage\",\"@id\":\"https:\/\/www.welovecycling.com\/cs\/2020\/05\/15\/detska-cyklosedacka-je-lepsi-predni-nebo-zadni-uchyceni\/\",\"url\":\"https:\/\/www.welovecycling.com\/cs\/2020\/05\/15\/detska-cyklosedacka-je-lepsi-predni-nebo-zadni-uchyceni\/\",\"name\":\"D\u011btsk\u00e1 cykloseda\u010dka. Je lep\u0161\u00ed p\u0159edn\u00ed nebo zadn\u00ed uchycen\u00ed? | \u0160koda We Love Cycling - \u010cesk\u00e1 republika\",\"isPartOf\":{\"@id\":\"https:\/\/www.welovecycling.com\/cs\/#website\"},\"primaryImageOfPage\":{\"@id\":\"https:\/\/www.welovecycling.com\/cs\/2020\/05\/15\/detska-cyklosedacka-je-lepsi-predni-nebo-zadni-uchyceni\/#primaryimage\"},\"image\":{\"@id\":\"https:\/\/www.welovecycling.com\/cs\/2020\/05\/15\/detska-cyklosedacka-je-lepsi-predni-nebo-zadni-uchyceni\/#primaryimage\"},\"thumbnailUrl\":\"https:\/\/d2p6e6u75xmxt8.cloudfront.net\/13\/2020\/05\/d\u011btsk\u00e1-seda\u010dka-scaled.webp\",\"datePublished\":\"2020-05-15T07:00:13+00:00\",\"author\":{\"@id\":\"\"},\"inLanguage\":\"cs\",\"potentialAction\":[{\"@type\":\"ReadAction\",\"target\":[\"https:\/\/www.welovecycling.com\/cs\/2020\/05\/15\/detska-cyklosedacka-je-lepsi-predni-nebo-zadni-uchyceni\/\"]}]},{\"@type\":\"ImageObject\",\"inLanguage\":\"cs\",\"@id\":\"https:\/\/www.welovecycling.com\/cs\/2020\/05\/15\/detska-cyklosedacka-je-lepsi-predni-nebo-zadni-uchyceni\/#primaryimage\",\"url\":\"https:\/\/d2p6e6u75xmxt8.cloudfront.net\/13\/2020\/05\/d\u011btsk\u00e1-seda\u010dka-scaled.webp\",\"contentUrl\":\"https:\/\/d2p6e6u75xmxt8.cloudfront.net\/13\/2020\/05\/d\u011btsk\u00e1-seda\u010dka-scaled.webp\",\"width\":2560,\"height\":1707},{\"@type\":\"WebSite\",\"@id\":\"https:\/\/www.welovecycling.com\/cs\/#website\",\"url\":\"https:\/\/www.welovecycling.com\/cs\/\",\"name\":\"\u0160koda We Love Cycling - \u010cesk\u00e1 republika\",\"description\":\"WeLoveCycling.cz je online magaz\u00edn, kter\u00fd v\u00e1m pravideln\u011b p\u0159in\u00e1\u0161\u00ed rady a tipy, zaj\u00edmav\u00e9 \u010dl\u00e1nky, videa a jedine\u010dn\u00e9 report\u00e1\u017ee ze sv\u011bta cyklistiky.\",\"potentialAction\":[{\"@type\":\"SearchAction\",\"target\":{\"@type\":\"EntryPoint\",\"urlTemplate\":\"https:\/\/www.welovecycling.com\/cs\/?s={search_term_string}\"},\"query-input\":{\"@type\":\"PropertyValueSpecification\",\"valueRequired\":true,\"valueName\":\"search_term_string\"}}],\"inLanguage\":\"cs\"},{\"@type\":\"Person\",\"@id\":\"\",\"url\":\"https:\/\/www.welovecycling.com\/cs\/author\/\"}]}<\/script>\n<!-- \/ Yoast SEO Premium plugin. -->","yoast_head_json":{"title":"D\u011btsk\u00e1 cykloseda\u010dka. Je lep\u0161\u00ed p\u0159edn\u00ed nebo zadn\u00ed uchycen\u00ed? | \u0160koda We Love Cycling - \u010cesk\u00e1 republika","robots":{"index":"index","follow":"follow","max-snippet":"max-snippet:-1","max-image-preview":"max-image-preview:large","max-video-preview":"max-video-preview:-1"},"canonical":"https:\/\/www.welovecycling.com\/cs\/2020\/05\/15\/detska-cyklosedacka-je-lepsi-predni-nebo-zadni-uchyceni\/","og_locale":"cs_CZ","og_type":"article","og_title":"D\u011btsk\u00e1 cykloseda\u010dka. Je lep\u0161\u00ed p\u0159edn\u00ed nebo zadn\u00ed uchycen\u00ed?","og_description":"Pl\u00e1nujete rodinn\u00fd cyklov\u00fdlet, v\u00edkend na kole s\u00a0d\u011btmi nebo rodinou dovolenou na bicyklu? V\u00e1h\u00e1te, proto\u017ee nejmen\u0161\u00ed \u010dlen dom\u00e1cnosti je\u0161t\u011b nen\u00ed schopn\u00fd [&hellip;]","og_url":"https:\/\/www.welovecycling.com\/cs\/2020\/05\/15\/detska-cyklosedacka-je-lepsi-predni-nebo-zadni-uchyceni\/","og_site_name":"\u0160koda We Love Cycling - \u010cesk\u00e1 republika","article_published_time":"2020-05-15T07:00:13+00:00","og_image":[{"width":2560,"height":1707,"url":"https:\/\/d2p6e6u75xmxt8.cloudfront.net\/13\/2020\/05\/d\u011btsk\u00e1-seda\u010dka-scaled.webp","type":"image\/webp"}],"twitter_card":"summary_large_image","twitter_misc":{"Written by":"Ji\u0159\u00ed Kalo\u010d","Est. reading time":"6"},"schema":{"@context":"https:\/\/schema.org","@graph":[{"@type":"WebPage","@id":"https:\/\/www.welovecycling.com\/cs\/2020\/05\/15\/detska-cyklosedacka-je-lepsi-predni-nebo-zadni-uchyceni\/","url":"https:\/\/www.welovecycling.com\/cs\/2020\/05\/15\/detska-cyklosedacka-je-lepsi-predni-nebo-zadni-uchyceni\/","name":"D\u011btsk\u00e1 cykloseda\u010dka. Je lep\u0161\u00ed p\u0159edn\u00ed nebo zadn\u00ed uchycen\u00ed? | \u0160koda We Love Cycling - \u010cesk\u00e1 republika","isPartOf":{"@id":"https:\/\/www.welovecycling.com\/cs\/#website"},"primaryImageOfPage":{"@id":"https:\/\/www.welovecycling.com\/cs\/2020\/05\/15\/detska-cyklosedacka-je-lepsi-predni-nebo-zadni-uchyceni\/#primaryimage"},"image":{"@id":"https:\/\/www.welovecycling.com\/cs\/2020\/05\/15\/detska-cyklosedacka-je-lepsi-predni-nebo-zadni-uchyceni\/#primaryimage"},"thumbnailUrl":"https:\/\/d2p6e6u75xmxt8.cloudfront.net\/13\/2020\/05\/d\u011btsk\u00e1-seda\u010dka-scaled.webp","datePublished":"2020-05-15T07:00:13+00:00","author":{"@id":""},"inLanguage":"cs","potentialAction":[{"@type":"ReadAction","target":["https:\/\/www.welovecycling.com\/cs\/2020\/05\/15\/detska-cyklosedacka-je-lepsi-predni-nebo-zadni-uchyceni\/"]}]},{"@type":"ImageObject","inLanguage":"cs","@id":"https:\/\/www.welovecycling.com\/cs\/2020\/05\/15\/detska-cyklosedacka-je-lepsi-predni-nebo-zadni-uchyceni\/#primaryimage","url":"https:\/\/d2p6e6u75xmxt8.cloudfront.net\/13\/2020\/05\/d\u011btsk\u00e1-seda\u010dka-scaled.webp","contentUrl":"https:\/\/d2p6e6u75xmxt8.cloudfront.net\/13\/2020\/05\/d\u011btsk\u00e1-seda\u010dka-scaled.webp","width":2560,"height":1707},{"@type":"WebSite","@id":"https:\/\/www.welovecycling.com\/cs\/#website","url":"https:\/\/www.welovecycling.com\/cs\/","name":"\u0160koda We Love Cycling - \u010cesk\u00e1 republika","description":"WeLoveCycling.cz je online magaz\u00edn, kter\u00fd v\u00e1m pravideln\u011b p\u0159in\u00e1\u0161\u00ed rady a tipy, zaj\u00edmav\u00e9 \u010dl\u00e1nky, videa a jedine\u010dn\u00e9 report\u00e1\u017ee ze sv\u011bta cyklistiky.","potentialAction":[{"@type":"SearchAction","target":{"@type":"EntryPoint","urlTemplate":"https:\/\/www.welovecycling.com\/cs\/?s={search_term_string}"},"query-input":{"@type":"PropertyValueSpecification","valueRequired":true,"valueName":"search_term_string"}}],"inLanguage":"cs"},{"@type":"Person","@id":"","url":"https:\/\/www.welovecycling.com\/cs\/author\/"}]}},"_links":{"self":[{"href":"https:\/\/www.welovecycling.com\/cs\/wp-json\/wp\/v2\/posts\/7130","targetHints":{"allow":["GET"]}}],"collection":[{"href":"https:\/\/www.welovecycling.com\/cs\/wp-json\/wp\/v2\/posts"}],"about":[{"href":"https:\/\/www.welovecycling.com\/cs\/wp-json\/wp\/v2\/types\/post"}],"author":[{"embeddable":true,"href":"https:\/\/www.welovecycling.com\/cs\/wp-json\/wp\/v2\/users\/122"}],"replies":[{"embeddable":true,"href":"https:\/\/www.welovecycling.com\/cs\/wp-json\/wp\/v2\/comments?post=7130"}],"version-history":[{"count":2,"href":"https:\/\/www.welovecycling.com\/cs\/wp-json\/wp\/v2\/posts\/7130\/revisions"}],"predecessor-version":[{"id":7173,"href":"https:\/\/www.welovecycling.com\/cs\/wp-json\/wp\/v2\/posts\/7130\/revisions\/7173"}],"wp:featuredmedia":[{"embeddable":true,"href":"https:\/\/www.welovecycling.com\/cs\/wp-json\/wp\/v2\/media\/7134"}],"wp:attachment":[{"href":"https:\/\/www.welovecycling.com\/cs\/wp-json\/wp\/v2\/media?parent=7130"}],"wp:term":[{"taxonomy":"category","embeddable":true,"href":"https:\/\/www.welovecycling.com\/cs\/wp-json\/wp\/v2\/categories?post=7130"},{"taxonomy":"post_tag","embeddable":true,"href":"https:\/\/www.welovecycling.com\/cs\/wp-json\/wp\/v2\/tags?post=7130"},{"taxonomy":"global-categories","embeddable":true,"href":"https:\/\/www.welovecycling.com\/cs\/wp-json\/wp\/v2\/global-categories?post=7130"}],"curies":[{"name":"wp","href":"https:\/\/api.w.org\/{rel}","templated":true}]}}