{"id":6947,"date":"2020-04-30T19:04:14","date_gmt":"2020-04-30T17:04:14","guid":{"rendered":"https:\/\/www.welovecycling.com\/cs\/?p=6947"},"modified":"2020-04-30T19:04:14","modified_gmt":"2020-04-30T17:04:14","slug":"bikepacking-energie-a-elektronika-sbalena-na-cesty","status":"publish","type":"post","link":"https:\/\/www.welovecycling.com\/cs\/2020\/04\/30\/bikepacking-energie-a-elektronika-sbalena-na-cesty\/","title":{"rendered":"Bikepacking: energie a elektronika sbalen\u00e1 na cesty"},"content":{"rendered":"<p><strong>I p\u0159esto, \u017ee jste mo\u017en\u00e1 sp\u00ed\u0161e konzervativn\u00ed typ cyklisty, v\u011b\u0159te, \u017ee trocha modern\u00ed elektroniky m\u016f\u017ee cestu v\u00fdrazn\u011b zp\u0159\u00edjemnit. Ji\u017e p\u00e1t\u00fd d\u00edl seri\u00e1lu We Love Cycling o bikepackingu v\u00e1s zavede k\u00a0t\u00e9matu elektroniky a z\u00edsk\u00e1v\u00e1n\u00ed energie pro jej\u00ed nab\u00edjen\u00ed.<\/strong><\/p>\n<h2><strong>Bez ambic\u00ed to nejde<\/strong><\/h2>\n<p>Na za\u010d\u00e1tku je nutn\u00e9 si stanovit s\u00a0jak\u00fdmi ambicemi jezdec p\u0159istupuje k\u00a0v\u00fdletu, cest\u011b nebo expedici. Pokud uva\u017eujete o v\u00edkendov\u00e9 j\u00edzd\u011b s\u00a0jedn\u00edm p\u0159esp\u00e1n\u00edm venku bez j\u00edzdy v noci, nen\u00ed nutn\u00e9 zdroje dob\u00edjen\u00ed z\u00e1sadn\u011b \u0159e\u0161it. Mo\u017en\u00e1 v\u0161ak m\u00e1te r\u00e1di jistotu, a tak trochu po\u010d\u00edt\u00e1te se \u201estr\u00fd\u010dkem p\u0159\u00edhodou\u201c, a pak si rad\u011bji p\u0159ibal\u00edte i na kr\u00e1tk\u00fd v\u00fdlet p\u00e1r elektron\u016f nav\u00edc.<\/p>\n<div class=\"shortcode-ys-post-pinup\"><article class=\"loop-simple post-6852 post type-post status-publish format-standard has-post-thumbnail hentry category-silnicni-cyklistika tag-peter-sagan tag-silnicni-cyklistika tag-trenink global-categories-cycling\" data-postid=\"6852\" role=\"article\" data-post-id=\"6852\" data-word-count=\"400\" data-headline-length=\"79\" data-category=\"Silni\u010dn\u00ed cyklistika\" data-global-category=\"Cycling\" data-author=\"Jan Kr\u016fta\" data-published=\"2020-04-25T11:00:16+02:00\" data-published-day=\"Saturday\">\n    <div class=\"entry-thumbnail article-thumbnail\" content=\"https:\/\/d2p6e6u75xmxt8.cloudfront.net\/13\/2019\/11\/Peter-Sagan-CVR-profimedia-0456877375-150x150.webp\"><a href=\"https:\/\/www.welovecycling.com\/cs\/2020\/04\/25\/sagan-v-dobe-koronaviru-trenuje-na-valcich-virtualni-zavody-ho-nebavi\/\" class=\"image-holder\" target=\"_self\"><img decoding=\"async\" loading=\"lazy\" class=\"\" src=\"https:\/\/d2p6e6u75xmxt8.cloudfront.net\/13\/2019\/11\/Peter-Sagan-CVR-profimedia-0456877375-1024x450.webp\" srcset=\"https:\/\/d2p6e6u75xmxt8.cloudfront.net\/13\/2019\/11\/Peter-Sagan-CVR-profimedia-0456877375.webp 1366w, https:\/\/d2p6e6u75xmxt8.cloudfront.net\/13\/2019\/11\/Peter-Sagan-CVR-profimedia-0456877375-300x132.webp 300w, https:\/\/d2p6e6u75xmxt8.cloudfront.net\/13\/2019\/11\/Peter-Sagan-CVR-profimedia-0456877375-1024x450.webp 1024w, https:\/\/d2p6e6u75xmxt8.cloudfront.net\/13\/2019\/11\/Peter-Sagan-CVR-profimedia-0456877375-768x337.webp 768w\" width=\"1024\" height=\"450\" sizes=\"auto, (min-width: 1200px) 456px, (min-width: 768px) 38vw, 100vw\" alt=\"sagan-v-dobe-koronaviru-trenuje-na-valcich-virtualni-zavody-ho-nebavi\"\/><\/a><\/div>    <div class=\"entry-meta\">\n        <a class=\"label label-secondary post-category\" href=\"https:\/\/www.welovecycling.com\/cs\/category\/silnicni-cyklistika\/\" title=\"Silni\u010dn\u00ed cyklistika\">Silni\u010dn\u00ed cyklistika<\/a>\n    <\/div>\n    <div class=\"entry-details\">\n        <a href=\"https:\/\/www.welovecycling.com\/cs\/2020\/04\/25\/sagan-v-dobe-koronaviru-trenuje-na-valcich-virtualni-zavody-ho-nebavi\/\" class='entry-title-wrapper'>\n            <h3 class=\"entry-title\"><span>Sagan v\u00a0dob\u011b koronaviru tr\u00e9nuje na v\u00e1lc\u00edch. Virtu\u00e1ln\u00ed z\u00e1vody ho nebav\u00ed<\/span><\/h3>\n        <\/a>\n    <\/div>\n    <\/article>\n<\/div>\n<p>Na druh\u00e9 stran\u011b, \u010dek\u00e1-li v\u00e1s d\u016fle\u017eit\u00fd nonstop bikepackingov\u00fd z\u00e1vod, kde je standardem n\u011bkolikadenn\u00ed j\u00edzda v\u00a0noci, je kl\u00ed\u010dov\u00fd spolehliv\u00fd zdroj elektrick\u00e9 energie. Stejn\u011b tak, pokud po\u010d\u00edt\u00e1te s\u00a0n\u00e1ro\u010dnou expedic\u00ed divo\u010dinou na n\u011bkolik dn\u016f nebo dokonce t\u00fddn\u016f bez mo\u017enosti nab\u00edjen\u00ed po cest\u011b, je nutn\u00e9 si zabalit nez\u00e1visl\u00fd zdroj elektrick\u00e9 energie. A jak\u00fd zvolit?<\/p>\n<h2><strong>Displej\u016fm zdar<\/strong><\/h2>\n<p>I kdy\u017e st\u00e1le dodr\u017eujeme pravidlo &#8222;\u010d\u00edm m\u00e9n\u011b v\u011bc\u00ed m\u00e1\u0161, t\u00edm jsi \u0161\u0165astn\u011bj\u0161\u00ed&#8220;, existuje n\u011bkolik elektronick\u00fdch drobnost\u00ed, kter\u00e9 na bikepackingov\u00e9m v\u00fdletu r\u00e1di vyu\u017eijete. Jedn\u00edm z\u00a0nich bude zcela ur\u010dit\u011b kvalitn\u00ed telefon. Krom\u011b standardn\u00edch funkc\u00ed um\u00ed dne\u0161n\u00ed mobiln\u00ed telefony zcela nahradit navigaci nebo pap\u00edrovou mapu a z\u00e1rove\u0148 pln\u00ed celou \u0159adu dal\u0161\u00edch funkc\u00ed jako je z\u00e1znam trasy, zji\u0161\u0165ov\u00e1n\u00ed informac\u00ed o nav\u0161t\u00edven\u00fdch m\u00edstech nebo v\u00a0p\u0159\u00edpad\u011b propadnut\u00ed trudomyslnosti i poslech hudby.<\/p>\n<figure id=\"attachment_6954\" aria-describedby=\"caption-attachment-6954\" style=\"width: 1920px\" class=\"wp-caption alignnone\"><a href=\"https:\/\/d2p6e6u75xmxt8.cloudfront.net\/13\/2020\/04\/bikepacking-telefon-navigace-nab\u00edje\u010dka-III.jpg\"><img loading=\"lazy\" decoding=\"async\" class=\"size-extra-large wp-image-6954\" src=\"https:\/\/d2p6e6u75xmxt8.cloudfront.net\/13\/2020\/04\/bikepacking-telefon-navigace-nab\u00edje\u010dka-III-1920x1280.jpg\" alt=\"Telefon na \u0159\u00edd\u00edtk\u00e1ch kola nachystan\u00e9ho pro bikepacking. Foto: Pavel \u0160\u0165astn\u00fd\" width=\"1920\" height=\"1280\" \/><\/a><figcaption id=\"caption-attachment-6954\" class=\"wp-caption-text\"><em>Telefon na \u0159\u00edd\u00edtk\u00e1ch kola nachystan\u00e9ho pro bikepacking. Foto: Pavel \u0160\u0165astn\u00fd<\/em><\/figcaption><\/figure>\n<p>Na dlouh\u00e9 v\u00fdlety existuje cel\u00e1 \u0159ada funk\u010dn\u00edch dr\u017e\u00e1k\u016f na \u0159\u00edd\u00edtka, z\u00a0t\u011bch v\u00edce propracovan\u00fdch lze jmenovat SP-Connect, kter\u00fd poskytuje celou \u0161k\u00e1lu mo\u017enost\u00ed p\u0159ichycen\u00ed telefonu na kolo. Mnoho v\u00fdkonnostn\u00edch bikepacker\u016f pou\u017e\u00edv\u00e1 kombinaci telefonu a samostatn\u00e9 navigace GPS a to z\u00a0d\u016fvodu p\u0159\u00edpadn\u00e9 chyby nebo poruchy jednoho ze za\u0159\u00edzen\u00ed.<\/p>\n<p>Mal\u00fd z\u00e1lo\u017en\u00ed telefon v\u00e1\u017e\u00edc\u00ed n\u011bkolik des\u00edtek gram\u016f je takt\u00e9\u017e pom\u011brn\u011b \u010dast\u00fdm vybaven\u00edm zku\u0161en\u00fdch bikepacker\u016f. Pro dokonal\u00e9 ulo\u017een\u00ed va\u0161ich vzpom\u00ednek lze uva\u017eovat nad cestovn\u00edm fotoapar\u00e1tem, ten v\u0161ak v\u00a0dob\u011b kvalitn\u00edch smartphon\u016f tak trochu ztr\u00e1c\u00ed smysl.<\/p>\n<h2><strong>Mono\u010dl\u00e1nky nejstandardn\u011bj\u0161\u00edm a nejdostupn\u011bj\u0161\u00edm zdrojem<\/strong><\/h2>\n<p>V\u00fdjime\u010dn\u011b nem\u00e1me na mysli tatranky ani elektrokola, ale mo\u017enost nap\u00e1jen\u00ed va\u0161ich elektronick\u00fdch za\u0159\u00edzen\u00ed na cest\u00e1ch. Nejstandardn\u011bj\u0161\u00edm a nejdostupn\u011bj\u0161\u00edm zdrojem jsou mono\u010dl\u00e1nky typu AA nebo AAA. \u010celovky a jednoduch\u00e9 sv\u00edtilny b\u00fdvaj\u00ed nap\u00e1jeny pr\u00e1v\u011b t\u00edmto zdrojem elektrick\u00e9 energie.<\/p>\n<div class=\"shortcode-ys-post-pinup\"><article class=\"loop-simple post-6895 post type-post status-publish format-standard has-post-thumbnail hentry category-bikefluencers tag-bikefluencer global-categories-cycling\" data-postid=\"6895\" role=\"article\" data-post-id=\"6895\" data-word-count=\"387\" data-headline-length=\"88\" data-category=\"Bikefluencer\" data-global-category=\"Cycling\" data-author=\"Radek Malina\" data-published=\"2020-04-29T10:00:27+02:00\" data-published-day=\"Wednesday\">\n    <div class=\"entry-thumbnail article-thumbnail\" content=\"https:\/\/d2p6e6u75xmxt8.cloudfront.net\/13\/2020\/04\/bikefluencer-Jan-Vesel\u00fd-2-150x150.webp\"><a href=\"https:\/\/www.welovecycling.com\/cs\/2020\/04\/29\/bikefluencer-jan-vesely-jezdi-na-kole-aby-pomahal-pacientum-s-cystickou-fibrozou\/\" class=\"image-holder\" target=\"_self\"><img decoding=\"async\" loading=\"lazy\" class=\"\" src=\"https:\/\/d2p6e6u75xmxt8.cloudfront.net\/13\/2020\/04\/bikefluencer-Jan-Vesel\u00fd-2-1024x768.webp\" srcset=\"https:\/\/d2p6e6u75xmxt8.cloudfront.net\/13\/2020\/04\/bikefluencer-Jan-Vesel\u00fd-2-scaled.webp 2560w, https:\/\/d2p6e6u75xmxt8.cloudfront.net\/13\/2020\/04\/bikefluencer-Jan-Vesel\u00fd-2-300x225.webp 300w, https:\/\/d2p6e6u75xmxt8.cloudfront.net\/13\/2020\/04\/bikefluencer-Jan-Vesel\u00fd-2-1024x768.webp 1024w, https:\/\/d2p6e6u75xmxt8.cloudfront.net\/13\/2020\/04\/bikefluencer-Jan-Vesel\u00fd-2-768x576.webp 768w, https:\/\/d2p6e6u75xmxt8.cloudfront.net\/13\/2020\/04\/bikefluencer-Jan-Vesel\u00fd-2-1536x1152.webp 1536w, https:\/\/d2p6e6u75xmxt8.cloudfront.net\/13\/2020\/04\/bikefluencer-Jan-Vesel\u00fd-2-2048x1536.webp 2048w, https:\/\/d2p6e6u75xmxt8.cloudfront.net\/13\/2020\/04\/bikefluencer-Jan-Vesel\u00fd-2-1920x1440.webp 1920w, https:\/\/d2p6e6u75xmxt8.cloudfront.net\/13\/2020\/04\/bikefluencer-Jan-Vesel\u00fd-2-1920x1440.webp 1920w\" width=\"1024\" height=\"768\" sizes=\"auto, (min-width: 1200px) 300px, (min-width: 768px) 25vw, 100vw\" alt=\"bikefluencer-jan-vesely-jezdi-na-kole-aby-pomahal-pacientum-s-cystickou-fibrozou\"\/><\/a><\/div>    <div class=\"entry-meta\">\n        <a class=\"label label-secondary post-category\" href=\"https:\/\/www.welovecycling.com\/cs\/category\/bikefluencers\/\" title=\"Bikefluencer\">Bikefluencer<\/a>\n    <\/div>\n    <div class=\"entry-details\">\n        <a href=\"https:\/\/www.welovecycling.com\/cs\/2020\/04\/29\/bikefluencer-jan-vesely-jezdi-na-kole-aby-pomahal-pacientum-s-cystickou-fibrozou\/\" class='entry-title-wrapper'>\n            <h3 class=\"entry-title\"><span>Bikefluencer Jan Vesel\u00fd. Jezd\u00ed na kole, aby pom\u00e1hal pacient\u016fm s\u00a0cystickou fibr\u00f3zou<\/span><\/h3>\n        <\/a>\n    <\/div>\n    <\/article>\n<\/div>\n<p>Velkou v\u00fdhodou je, \u017ee v\u00a0na\u0161ich kon\u010din\u00e1ch je v\u011bt\u0161inou mo\u017en\u00e9 takov\u00e9 \u010dl\u00e1nky sehnat i v\u00a0nejzapadlej\u0161\u00ed vesnici a znovuobnovit funk\u010dnost va\u0161eho vybaven\u00ed. Univerz\u00e1lnost u mono\u010dl\u00e1nk\u016f je v\u0161ak vykoupena ni\u017e\u0161\u00ed kapacitou a men\u0161\u00ed v\u00fddr\u017e\u00ed u energeticky n\u00e1ro\u010dn\u00fdch za\u0159\u00edzen\u00ed.<\/p>\n<h2><strong>V divo\u010din\u011b lze vyu\u017e\u00edt modern\u00ed dynamo<\/strong><\/h2>\n<p>V\u00a0p\u0159\u00edpad\u011b dostupnosti civilizace lze sofistikovan\u011bj\u0161\u00ed vybaven\u00ed jako nap\u0159\u00edklad telefon nebo navigaci nab\u00edt pomoc\u00ed z\u00e1lo\u017en\u00ed nab\u00edje\u010dky. Modern\u00edm zp\u016fsobem z\u00e1lohy elektrick\u00e9 energie jsou pak powerbanky, kter\u00e9 lze na bikepacking v\u0159ele doporu\u010dit. Pomoc\u00ed r\u016fzn\u00fdch druh\u016f koncovek m\u016f\u017eete nab\u00edjet va\u0161e p\u0159\u00edslu\u0161enstv\u00ed na cest\u00e1ch i b\u011bhem pohybu, a nav\u00edc m\u016f\u017eete kdykoliv powerbanku nab\u00edt pro dal\u0161\u00ed pou\u017eit\u00ed.<\/p>\n<figure id=\"attachment_6959\" aria-describedby=\"caption-attachment-6959\" style=\"width: 1920px\" class=\"wp-caption alignnone\"><a href=\"https:\/\/d2p6e6u75xmxt8.cloudfront.net\/13\/2020\/04\/telefon-navigace-nabije\u010dka-VI.jpg\"><img loading=\"lazy\" decoding=\"async\" class=\"size-extra-large wp-image-6959\" src=\"https:\/\/d2p6e6u75xmxt8.cloudfront.net\/13\/2020\/04\/telefon-navigace-nabije\u010dka-VI-1920x1280.jpg\" alt=\"Telefon a z\u00e1lo\u017en\u00ed zdroj na r\u00e1mu kola nachystan\u00e9ho pro bikepacking. Foto: Pavel \u0160\u0165astn\u00fd\" width=\"1920\" height=\"1280\" \/><\/a><figcaption id=\"caption-attachment-6959\" class=\"wp-caption-text\"><em>Telefon a z\u00e1lo\u017en\u00ed zdroj na r\u00e1mu kola nachystan\u00e9ho pro bikepacking. Foto: Pavel \u0160\u0165astn\u00fd<\/em><\/figcaption><\/figure>\n<p>Pro n\u00e1ro\u010dn\u00e9 a dlouh\u00e9 cyklotoulky v\u00a0divo\u010din\u011b lze vyu\u017e\u00edt modern\u00ed dynamo v\u00a0n\u00e1boji. T\u00edmto gener\u00e1torem elektrick\u00e9 energie m\u016f\u017eete p\u0159\u00edmo nap\u00e1jet p\u0159edn\u00ed i zadn\u00ed sv\u011btlo za j\u00edzdy (o sv\u011btlech jsme psali v\u00a0minul\u00e9m d\u00edle), p\u0159\u00edpadn\u011b dob\u00edjet jak\u00e9koliv \u00falo\u017ei\u0161t\u011b (nap\u0159. pr\u00e1v\u011b zm\u00edn\u011bnou powerbanku). Z\u00a0renomovan\u00fdch v\u00fdrobc\u016f dynam je nutn\u00e9 zm\u00ednit n\u011bmeck\u00fd SON, kter\u00fd se zab\u00fdv\u00e1 v\u00fdrobou spolehliv\u00fdch dynam ji\u017e n\u011bkolik desetilet\u00ed.<\/p>\n<p>Nenechte se ale seznamem zd\u00e1nliv\u011b nutn\u00e9ho elektronick\u00e9ho p\u0159\u00edslu\u0161enstv\u00ed na bikepacking sv\u00e1zat, elektronika by m\u011bla na cest\u00e1ch p\u0159edev\u0161\u00edm pom\u00e1hat. Cesta je c\u00edl!<\/p>\n","protected":false},"excerpt":{"rendered":"<p>I p\u0159esto, \u017ee jste mo\u017en\u00e1 sp\u00ed\u0161e konzervativn\u00ed typ cyklisty, v\u011b\u0159te, \u017ee trocha modern\u00ed elektroniky m\u016f\u017ee cestu v\u00fdrazn\u011b zp\u0159\u00edjemnit. Ji\u017e p\u00e1t\u00fd [&hellip;]<\/p>\n","protected":false},"author":122,"featured_media":6950,"comment_status":"open","ping_status":"open","sticky":false,"template":"","format":"standard","meta":{"footnotes":""},"categories":[15,660],"tags":[324,126],"global-categories":[411],"class_list":["post-6947","post","type-post","status-publish","format-standard","has-post-thumbnail","hentry","category-rady-tipy","category-https-www-welovecycling-com-cs-category-zabava","tag-bikepacking","tag-cyklistika","global-categories-cycling"],"yoast_head":"<!-- This site is optimized with the Yoast SEO Premium plugin v25.3 (Yoast SEO v25.9) - https:\/\/yoast.com\/wordpress\/plugins\/seo\/ -->\n<title>Bikepacking: energie a elektronika sbalen\u00e1 na cesty | \u0160koda We Love Cycling - \u010cesk\u00e1 republika<\/title>\n<meta name=\"robots\" content=\"index, follow, max-snippet:-1, max-image-preview:large, max-video-preview:-1\" \/>\n<link rel=\"canonical\" href=\"https:\/\/www.welovecycling.com\/cs\/2020\/04\/30\/bikepacking-energie-a-elektronika-sbalena-na-cesty\/\" \/>\n<meta property=\"og:locale\" content=\"cs_CZ\" \/>\n<meta property=\"og:type\" content=\"article\" \/>\n<meta property=\"og:title\" content=\"Bikepacking: energie a elektronika sbalen\u00e1 na cesty\" \/>\n<meta property=\"og:description\" content=\"I p\u0159esto, \u017ee jste mo\u017en\u00e1 sp\u00ed\u0161e konzervativn\u00ed typ cyklisty, v\u011b\u0159te, \u017ee trocha modern\u00ed elektroniky m\u016f\u017ee cestu v\u00fdrazn\u011b zp\u0159\u00edjemnit. Ji\u017e p\u00e1t\u00fd [&hellip;]\" \/>\n<meta property=\"og:url\" content=\"https:\/\/www.welovecycling.com\/cs\/2020\/04\/30\/bikepacking-energie-a-elektronika-sbalena-na-cesty\/\" \/>\n<meta property=\"og:site_name\" content=\"\u0160koda We Love Cycling - \u010cesk\u00e1 republika\" \/>\n<meta property=\"article:published_time\" content=\"2020-04-30T17:04:14+00:00\" \/>\n<meta property=\"og:image\" content=\"https:\/\/d2p6e6u75xmxt8.cloudfront.net\/13\/2020\/04\/bikepacking-telefon-nab\u00edje\u010dka-II-scaled.webp\" \/>\n\t<meta property=\"og:image:width\" content=\"2560\" \/>\n\t<meta property=\"og:image:height\" content=\"1707\" \/>\n\t<meta property=\"og:image:type\" content=\"image\/webp\" \/>\n<meta name=\"twitter:card\" content=\"summary_large_image\" \/>\n<meta name=\"twitter:label1\" content=\"Written by\" \/>\n\t<meta name=\"twitter:data1\" content=\"Radek Malina\" \/>\n\t<meta name=\"twitter:label2\" content=\"Est. reading time\" \/>\n\t<meta name=\"twitter:data2\" content=\"6\" \/>\n<script type=\"application\/ld+json\" class=\"yoast-schema-graph\">{\"@context\":\"https:\/\/schema.org\",\"@graph\":[{\"@type\":\"WebPage\",\"@id\":\"https:\/\/www.welovecycling.com\/cs\/2020\/04\/30\/bikepacking-energie-a-elektronika-sbalena-na-cesty\/\",\"url\":\"https:\/\/www.welovecycling.com\/cs\/2020\/04\/30\/bikepacking-energie-a-elektronika-sbalena-na-cesty\/\",\"name\":\"Bikepacking: energie a elektronika sbalen\u00e1 na cesty | \u0160koda We Love Cycling - \u010cesk\u00e1 republika\",\"isPartOf\":{\"@id\":\"https:\/\/www.welovecycling.com\/cs\/#website\"},\"primaryImageOfPage\":{\"@id\":\"https:\/\/www.welovecycling.com\/cs\/2020\/04\/30\/bikepacking-energie-a-elektronika-sbalena-na-cesty\/#primaryimage\"},\"image\":{\"@id\":\"https:\/\/www.welovecycling.com\/cs\/2020\/04\/30\/bikepacking-energie-a-elektronika-sbalena-na-cesty\/#primaryimage\"},\"thumbnailUrl\":\"https:\/\/d2p6e6u75xmxt8.cloudfront.net\/13\/2020\/04\/bikepacking-telefon-nab\u00edje\u010dka-II-scaled.webp\",\"datePublished\":\"2020-04-30T17:04:14+00:00\",\"author\":{\"@id\":\"\"},\"inLanguage\":\"cs\",\"potentialAction\":[{\"@type\":\"ReadAction\",\"target\":[\"https:\/\/www.welovecycling.com\/cs\/2020\/04\/30\/bikepacking-energie-a-elektronika-sbalena-na-cesty\/\"]}]},{\"@type\":\"ImageObject\",\"inLanguage\":\"cs\",\"@id\":\"https:\/\/www.welovecycling.com\/cs\/2020\/04\/30\/bikepacking-energie-a-elektronika-sbalena-na-cesty\/#primaryimage\",\"url\":\"https:\/\/d2p6e6u75xmxt8.cloudfront.net\/13\/2020\/04\/bikepacking-telefon-nab\u00edje\u010dka-II-scaled.webp\",\"contentUrl\":\"https:\/\/d2p6e6u75xmxt8.cloudfront.net\/13\/2020\/04\/bikepacking-telefon-nab\u00edje\u010dka-II-scaled.webp\",\"width\":2560,\"height\":1707},{\"@type\":\"WebSite\",\"@id\":\"https:\/\/www.welovecycling.com\/cs\/#website\",\"url\":\"https:\/\/www.welovecycling.com\/cs\/\",\"name\":\"\u0160koda We Love Cycling - \u010cesk\u00e1 republika\",\"description\":\"WeLoveCycling.cz je online magaz\u00edn, kter\u00fd v\u00e1m pravideln\u011b p\u0159in\u00e1\u0161\u00ed rady a tipy, zaj\u00edmav\u00e9 \u010dl\u00e1nky, videa a jedine\u010dn\u00e9 report\u00e1\u017ee ze sv\u011bta cyklistiky.\",\"potentialAction\":[{\"@type\":\"SearchAction\",\"target\":{\"@type\":\"EntryPoint\",\"urlTemplate\":\"https:\/\/www.welovecycling.com\/cs\/?s={search_term_string}\"},\"query-input\":{\"@type\":\"PropertyValueSpecification\",\"valueRequired\":true,\"valueName\":\"search_term_string\"}}],\"inLanguage\":\"cs\"},{\"@type\":\"Person\",\"@id\":\"\",\"url\":\"https:\/\/www.welovecycling.com\/cs\/author\/\"}]}<\/script>\n<!-- \/ Yoast SEO Premium plugin. -->","yoast_head_json":{"title":"Bikepacking: energie a elektronika sbalen\u00e1 na cesty | \u0160koda We Love Cycling - \u010cesk\u00e1 republika","robots":{"index":"index","follow":"follow","max-snippet":"max-snippet:-1","max-image-preview":"max-image-preview:large","max-video-preview":"max-video-preview:-1"},"canonical":"https:\/\/www.welovecycling.com\/cs\/2020\/04\/30\/bikepacking-energie-a-elektronika-sbalena-na-cesty\/","og_locale":"cs_CZ","og_type":"article","og_title":"Bikepacking: energie a elektronika sbalen\u00e1 na cesty","og_description":"I p\u0159esto, \u017ee jste mo\u017en\u00e1 sp\u00ed\u0161e konzervativn\u00ed typ cyklisty, v\u011b\u0159te, \u017ee trocha modern\u00ed elektroniky m\u016f\u017ee cestu v\u00fdrazn\u011b zp\u0159\u00edjemnit. Ji\u017e p\u00e1t\u00fd [&hellip;]","og_url":"https:\/\/www.welovecycling.com\/cs\/2020\/04\/30\/bikepacking-energie-a-elektronika-sbalena-na-cesty\/","og_site_name":"\u0160koda We Love Cycling - \u010cesk\u00e1 republika","article_published_time":"2020-04-30T17:04:14+00:00","og_image":[{"width":2560,"height":1707,"url":"https:\/\/d2p6e6u75xmxt8.cloudfront.net\/13\/2020\/04\/bikepacking-telefon-nab\u00edje\u010dka-II-scaled.webp","type":"image\/webp"}],"twitter_card":"summary_large_image","twitter_misc":{"Written by":"Radek Malina","Est. reading time":"6"},"schema":{"@context":"https:\/\/schema.org","@graph":[{"@type":"WebPage","@id":"https:\/\/www.welovecycling.com\/cs\/2020\/04\/30\/bikepacking-energie-a-elektronika-sbalena-na-cesty\/","url":"https:\/\/www.welovecycling.com\/cs\/2020\/04\/30\/bikepacking-energie-a-elektronika-sbalena-na-cesty\/","name":"Bikepacking: energie a elektronika sbalen\u00e1 na cesty | \u0160koda We Love Cycling - \u010cesk\u00e1 republika","isPartOf":{"@id":"https:\/\/www.welovecycling.com\/cs\/#website"},"primaryImageOfPage":{"@id":"https:\/\/www.welovecycling.com\/cs\/2020\/04\/30\/bikepacking-energie-a-elektronika-sbalena-na-cesty\/#primaryimage"},"image":{"@id":"https:\/\/www.welovecycling.com\/cs\/2020\/04\/30\/bikepacking-energie-a-elektronika-sbalena-na-cesty\/#primaryimage"},"thumbnailUrl":"https:\/\/d2p6e6u75xmxt8.cloudfront.net\/13\/2020\/04\/bikepacking-telefon-nab\u00edje\u010dka-II-scaled.webp","datePublished":"2020-04-30T17:04:14+00:00","author":{"@id":""},"inLanguage":"cs","potentialAction":[{"@type":"ReadAction","target":["https:\/\/www.welovecycling.com\/cs\/2020\/04\/30\/bikepacking-energie-a-elektronika-sbalena-na-cesty\/"]}]},{"@type":"ImageObject","inLanguage":"cs","@id":"https:\/\/www.welovecycling.com\/cs\/2020\/04\/30\/bikepacking-energie-a-elektronika-sbalena-na-cesty\/#primaryimage","url":"https:\/\/d2p6e6u75xmxt8.cloudfront.net\/13\/2020\/04\/bikepacking-telefon-nab\u00edje\u010dka-II-scaled.webp","contentUrl":"https:\/\/d2p6e6u75xmxt8.cloudfront.net\/13\/2020\/04\/bikepacking-telefon-nab\u00edje\u010dka-II-scaled.webp","width":2560,"height":1707},{"@type":"WebSite","@id":"https:\/\/www.welovecycling.com\/cs\/#website","url":"https:\/\/www.welovecycling.com\/cs\/","name":"\u0160koda We Love Cycling - \u010cesk\u00e1 republika","description":"WeLoveCycling.cz je online magaz\u00edn, kter\u00fd v\u00e1m pravideln\u011b p\u0159in\u00e1\u0161\u00ed rady a tipy, zaj\u00edmav\u00e9 \u010dl\u00e1nky, videa a jedine\u010dn\u00e9 report\u00e1\u017ee ze sv\u011bta cyklistiky.","potentialAction":[{"@type":"SearchAction","target":{"@type":"EntryPoint","urlTemplate":"https:\/\/www.welovecycling.com\/cs\/?s={search_term_string}"},"query-input":{"@type":"PropertyValueSpecification","valueRequired":true,"valueName":"search_term_string"}}],"inLanguage":"cs"},{"@type":"Person","@id":"","url":"https:\/\/www.welovecycling.com\/cs\/author\/"}]}},"_links":{"self":[{"href":"https:\/\/www.welovecycling.com\/cs\/wp-json\/wp\/v2\/posts\/6947","targetHints":{"allow":["GET"]}}],"collection":[{"href":"https:\/\/www.welovecycling.com\/cs\/wp-json\/wp\/v2\/posts"}],"about":[{"href":"https:\/\/www.welovecycling.com\/cs\/wp-json\/wp\/v2\/types\/post"}],"author":[{"embeddable":true,"href":"https:\/\/www.welovecycling.com\/cs\/wp-json\/wp\/v2\/users\/122"}],"replies":[{"embeddable":true,"href":"https:\/\/www.welovecycling.com\/cs\/wp-json\/wp\/v2\/comments?post=6947"}],"version-history":[{"count":2,"href":"https:\/\/www.welovecycling.com\/cs\/wp-json\/wp\/v2\/posts\/6947\/revisions"}],"predecessor-version":[{"id":6961,"href":"https:\/\/www.welovecycling.com\/cs\/wp-json\/wp\/v2\/posts\/6947\/revisions\/6961"}],"wp:featuredmedia":[{"embeddable":true,"href":"https:\/\/www.welovecycling.com\/cs\/wp-json\/wp\/v2\/media\/6950"}],"wp:attachment":[{"href":"https:\/\/www.welovecycling.com\/cs\/wp-json\/wp\/v2\/media?parent=6947"}],"wp:term":[{"taxonomy":"category","embeddable":true,"href":"https:\/\/www.welovecycling.com\/cs\/wp-json\/wp\/v2\/categories?post=6947"},{"taxonomy":"post_tag","embeddable":true,"href":"https:\/\/www.welovecycling.com\/cs\/wp-json\/wp\/v2\/tags?post=6947"},{"taxonomy":"global-categories","embeddable":true,"href":"https:\/\/www.welovecycling.com\/cs\/wp-json\/wp\/v2\/global-categories?post=6947"}],"curies":[{"name":"wp","href":"https:\/\/api.w.org\/{rel}","templated":true}]}}