{"id":6895,"date":"2020-04-29T10:00:27","date_gmt":"2020-04-29T08:00:27","guid":{"rendered":"https:\/\/www.welovecycling.com\/cs\/?p=6895"},"modified":"2020-04-28T21:14:34","modified_gmt":"2020-04-28T19:14:34","slug":"bikefluencer-jan-vesely-jezdi-na-kole-aby-pomahal-pacientum-s-cystickou-fibrozou","status":"publish","type":"post","link":"https:\/\/www.welovecycling.com\/cs\/2020\/04\/29\/bikefluencer-jan-vesely-jezdi-na-kole-aby-pomahal-pacientum-s-cystickou-fibrozou\/","title":{"rendered":"Bikefluencer Jan Vesel\u00fd. Jezd\u00ed na kole, aby pom\u00e1hal pacient\u016fm s\u00a0cystickou fibr\u00f3zou"},"content":{"rendered":"<p><strong>Kolo je jeho l\u00e1skou u\u017e od d\u011btstv\u00ed. V\u00a0sedle tr\u00e1v\u00ed des\u00edtky hodin. Servis bicykl\u016f se dokonce stal jeho \u017eivobyt\u00edm. Na podzim lo\u0148sk\u00e9ho roku s\u00e9rie ne\u010dekan\u00fdch ud\u00e1losti p\u0159im\u011bla Jana Vesel\u00e9ho p\u0159istoupit k\u00a0cyklistice s\u00a0jin\u00fdm pohledem. A v\u00a0kone\u010dn\u00e9m d\u016fsledku se stal jednou z\u00a0postav projektu Bikefluencer platformy We Love Cycling. Jak\u00fd je jeho p\u0159\u00edb\u011bh?<\/strong><\/p>\n<p>\u201eOd d\u011btstv\u00ed jsem jezdil na kole. Je to jedna z\u00a0m\u00fdch \u017eivotn\u00edch l\u00e1sek. Ale jsem \u010dist\u00fd amat\u00e9r. Tr\u00e9nuji ve voln\u00e9m \u010dase po pr\u00e1ci. Posledn\u00ed t\u0159i roky d\u011bl\u00e1m servis\u00e1ka bicykl\u016f. Nejprve dva roky v\u00a0Liberci, nyn\u00ed rok ve Fr\u00fddlantu,\u201c vypravuje Jan Vesel\u00fd.<\/p>\n<h2><strong>Pomohl zachr\u00e1nit \u010dty\u0159i \u017eivoty<\/strong><\/h2>\n<p>Jako amat\u00e9r absolvuje r\u016fzn\u00e9 z\u00e1vody. \u201eP\u0159ev\u00e1\u017en\u011b maratony a ultramaratony. \u010c\u00edm del\u0161\u00ed a t\u011b\u017e\u0161\u00ed, t\u00edm lep\u0161\u00ed,\u201c sm\u011bje se Jan Vesel\u00fd, kter\u00fd p\u016fsobil ve t\u0159ech t\u00fdmech. \u201eAle necht\u011bl jsem jezdit na konkr\u00e9tn\u00edm kole, v\u00a0konkr\u00e9tn\u00edm oble\u010den\u00ed. Cht\u011bl jsem n\u011bco jin\u00e9ho,\u201c vrac\u00ed se do pr\u016fb\u011bhu lo\u0148sk\u00e9ho roku, kdy p\u0159istoupil k\u00a0r\u00e1zn\u00e9mu kroku.<\/p>\n<p>\u201eByli jsme s\u00a0p\u0159\u00edtelkyn\u00ed u automobilov\u00e9 nehody. Pom\u00e1hal jsem z\u00a0vraku auta na d\u00e1lnici vyt\u00e1hnout \u010dty\u0159i lidi, jejich\u017e v\u016fz spadl do reten\u010dn\u00ed n\u00e1dr\u017ee a pasa\u017e\u00e9\u0159i z\u016fstali zakl\u00edn\u011bn\u00ed ve vozidle pod hladinou vody,\u201c vzpom\u00edn\u00e1.<\/p>\n<div class=\"shortcode-ys-post-pinup\"><article class=\"loop-simple post-6297 post type-post status-publish format-standard has-post-thumbnail hentry category-bikefluencers category-zdravi-a-trenink tag-alex-borska tag-bikefluencer tag-petr-vakoc tag-zdravi global-categories-cycling\" data-postid=\"6297\" role=\"article\" data-post-id=\"6297\" data-word-count=\"278\" data-headline-length=\"76\" data-category=\"Bikefluencer\" data-global-category=\"Cycling\" data-author=\"Radek Malina\" data-published=\"2020-03-27T07:30:05+02:00\" data-published-day=\"Friday\">\n    <div class=\"entry-thumbnail article-thumbnail\" content=\"https:\/\/d2p6e6u75xmxt8.cloudfront.net\/13\/2020\/03\/VAKOC-NIZKE-ROZLISENI-150x150.webp\"><a href=\"https:\/\/www.welovecycling.com\/cs\/2020\/03\/27\/petr-vakoc-obdivuji-vasen-a-energii-s-niz-jde-alex-za-svym-cilem\/\" class=\"image-holder\" target=\"_self\"><img decoding=\"async\" loading=\"lazy\" class=\"\" src=\"https:\/\/d2p6e6u75xmxt8.cloudfront.net\/13\/2020\/03\/VAKOC-NIZKE-ROZLISENI-1024x732.webp\" srcset=\"https:\/\/d2p6e6u75xmxt8.cloudfront.net\/13\/2020\/03\/VAKOC-NIZKE-ROZLISENI.webp 1920w, https:\/\/d2p6e6u75xmxt8.cloudfront.net\/13\/2020\/03\/VAKOC-NIZKE-ROZLISENI-300x214.webp 300w, https:\/\/d2p6e6u75xmxt8.cloudfront.net\/13\/2020\/03\/VAKOC-NIZKE-ROZLISENI-1024x732.webp 1024w, https:\/\/d2p6e6u75xmxt8.cloudfront.net\/13\/2020\/03\/VAKOC-NIZKE-ROZLISENI-768x549.webp 768w, https:\/\/d2p6e6u75xmxt8.cloudfront.net\/13\/2020\/03\/VAKOC-NIZKE-ROZLISENI-1536x1098.webp 1536w\" width=\"1024\" height=\"732\" sizes=\"auto, (min-width: 1200px) 300px, (min-width: 768px) 25vw, 100vw\" alt=\"petr-vakoc-obdivuji-vasen-a-energii-s-niz-jde-alex-za-svym-cilem\"\/><\/a><\/div>    <div class=\"entry-meta\">\n        <a class=\"label label-secondary post-category\" href=\"https:\/\/www.welovecycling.com\/cs\/category\/bikefluencers\/\" title=\"Bikefluencer\">Bikefluencer<\/a>\n    <\/div>\n    <div class=\"entry-details\">\n        <a href=\"https:\/\/www.welovecycling.com\/cs\/2020\/03\/27\/petr-vakoc-obdivuji-vasen-a-energii-s-niz-jde-alex-za-svym-cilem\/\" class='entry-title-wrapper'>\n            <h3 class=\"entry-title\"><span>Petr Vako\u010d: Obdivuji v\u00e1\u0161e\u0148 a energii, s\u00a0n\u00ed\u017e jde Alex za sv\u00fdm c\u00edlem!<\/span><\/h3>\n        <\/a>\n    <\/div>\n    <\/article>\n<\/div>\n<p>V\u0161echny \u010dleny pos\u00e1dky se poda\u0159ilo zachr\u00e1nit. A v\u00e1\u0161niv\u00fd biker p\u016fvodem z\u00a0Liberce si uv\u011bdomil, \u017ee chce v\u00a0\u017eivot\u011b z\u00e1sadn\u00ed zm\u011bnu. \u201eJednalo se o obrovsk\u00fd impuls. Cel\u00fd m\u016fj \u017eivot mi n\u011bkdo pom\u00e1hal. Usoudil jsem, \u017ee je \u010das t\u00edmhle kolem oto\u010dit a za\u010d\u00edt pom\u00e1hat ostatn\u00edm,\u201c vysv\u011btluje Jan Vesel\u00fd.<\/p>\n<h2><strong>Projekt Cycling for Life<\/strong><\/h2>\n<p>Z\u00e1hy se p\u0159i n\u00e1hodn\u00e9m rozhovoru od sv\u00fdch rodi\u010d\u016f dozv\u011bd\u011bl o nemocn\u00fdch s\u00a0cystickou fibr\u00f3zou. \u201eUp\u0159\u00edmn\u011b jsem v\u016fbec nev\u011bd\u011bl, o co jde. Ale za\u010dal jsem si zji\u0161\u0165ovat informace,\u201c vypravuje Jan Vesel\u00fd, jak se dostal k\u00a0poznatk\u016fm o d\u011bdi\u010dn\u00e9 nemoci, kter\u00e1 je nevyl\u00e9\u010diteln\u00e1, postihuje zejm\u00e9na d\u00fdchac\u00ed a tr\u00e1v\u00edc\u00ed \u00fastroj\u00ed, p\u0159i\u010dem\u017e pacienti se do\u017e\u00edvaj\u00ed v\u00a0pr\u016fm\u011bru osmadvaceti let.<\/p>\n<p>\u201eZalo\u017eil jsem projekt Cycling for Life. Vlastn\u011b nejde o t\u00fdm v\u00a0prav\u00e9m slova smyslu. Ka\u017ed\u00fd si m\u016f\u017ee koupit dres \u010di cyklo dopl\u0148ky z\u00a0kolekce, kterou neust\u00e1le roz\u0161i\u0159ujeme. Z\u00a0ka\u017ed\u00e9ho produktu jde p\u0159esn\u011b definovan\u00e1 \u010d\u00e1stka na konto nadace, stejnou \u010d\u00e1stkou p\u0159isp\u011bje i v\u00fdrobce,\u201c vysv\u011btluje Jan Vesel\u00fd.<\/p>\n<p><a href=\"https:\/\/d2p6e6u75xmxt8.cloudfront.net\/13\/2020\/04\/bikefluencer-Jan-Vesel\u00fd.jpg\"><img loading=\"lazy\" decoding=\"async\" class=\"alignnone size-extra-large wp-image-6897\" src=\"https:\/\/d2p6e6u75xmxt8.cloudfront.net\/13\/2020\/04\/bikefluencer-Jan-Vesel\u00fd-1920x1440.jpg\" alt=\"\" width=\"1920\" height=\"1440\" \/><\/a><\/p>\n<p>Ve\u0161ker\u00e9 informace o produktech i cel\u00e9m projektu jsou na str\u00e1nce projektcfl.cz. \u201eZ\u00e1le\u017e\u00ed na ka\u017ed\u00e9m jedinci, zda si chce koupit dres, \u010delenku nebo se zapojit do spole\u010dn\u00fdch akc\u00ed v\u00a0podob\u011b tr\u00e9nink\u016f \u010di z\u00e1vod\u016f, by\u0165 ty jsou p\u0159i sou\u010dasn\u00e9 epidemii ot\u00e1zkou budoucnosti. M\u011bli jsme akci, kdy lid\u00e9 mohli zakoupit rou\u0161ku a darovat ji lidem s\u00a0cystickou fibr\u00f3zou,\u201c \u0159\u00edk\u00e1 Jan Vesel\u00fd.<\/p>\n<h2><strong>Charitativn\u00ed j\u00edzda dlouh\u00e1 320 kilometr\u016f<\/strong><\/h2>\n<p>V\u00a0pl\u00e1nuje je charitativn\u00ed j\u00edzda dlouh\u00e1 320 kilometr\u016f, b\u011bhem kter\u00e9 budou moci lid\u00e9 p\u0159isp\u011bt na konto nadace. \u201eNikoho k\u00a0ni\u010demu nenut\u00edme. Ozvalo se n\u00e1m kup\u0159\u00edkladu n\u011bkolik lid\u00ed ze Slovenska, kte\u0159\u00ed si na\u0161e produkty koupili. Postupn\u011b se rozr\u016fst\u00e1me. Chceme oslovit i jednotliv\u00e9 hobby z\u00e1vody a p\u0159i prezentac\u00edch um\u00edstit d\u00e1rcovskou kasu s\u00a0let\u00e1\u010dky o cystick\u00e9 fibr\u00f3ze s\u00a0mo\u017enostmi, jak nemocn\u00e9 podpo\u0159it,\u201c odkr\u00fdv\u00e1 pl\u00e1ny Jan Vesel\u00fd.<\/p>\n<div class=\"shortcode-ys-post-pinup\"><article class=\"loop-simple post-6786 post type-post status-publish format-standard has-post-thumbnail hentry category-rady-tipy category-zeny tag-cyklistika tag-trenink tag-veronika-widmannova tag-zeny global-categories-cycling\" data-postid=\"6786\" role=\"article\" data-post-id=\"6786\" data-word-count=\"297\" data-headline-length=\"44\" data-category=\"\u017deny\" data-global-category=\"Cycling\" data-author=\"Michaela Bu\u010dkov\u00e1\" data-published=\"2020-04-23T09:00:12+02:00\" data-published-day=\"Thursday\">\n    <div class=\"entry-thumbnail article-thumbnail\" content=\"https:\/\/d2p6e6u75xmxt8.cloudfront.net\/13\/2020\/04\/Veronika-Widmannov\u00e1-1-150x150.webp\"><a href=\"https:\/\/www.welovecycling.com\/cs\/2020\/04\/23\/tipy-a-triky-na-horske-kolo-nejen-pro-zeny\/\" class=\"image-holder\" target=\"_self\"><img decoding=\"async\" loading=\"lazy\" class=\"\" src=\"https:\/\/d2p6e6u75xmxt8.cloudfront.net\/13\/2020\/04\/Veronika-Widmannov\u00e1-1-1024x576.webp\" srcset=\"https:\/\/d2p6e6u75xmxt8.cloudfront.net\/13\/2020\/04\/Veronika-Widmannov\u00e1-1.webp 1360w, https:\/\/d2p6e6u75xmxt8.cloudfront.net\/13\/2020\/04\/Veronika-Widmannov\u00e1-1-300x169.webp 300w, https:\/\/d2p6e6u75xmxt8.cloudfront.net\/13\/2020\/04\/Veronika-Widmannov\u00e1-1-1024x576.webp 1024w, https:\/\/d2p6e6u75xmxt8.cloudfront.net\/13\/2020\/04\/Veronika-Widmannov\u00e1-1-768x432.webp 768w\" width=\"1024\" height=\"576\" sizes=\"auto, (min-width: 1200px) 356px, (min-width: 768px) 30vw, 100vw\" alt=\"tipy-a-triky-na-horske-kolo-nejen-pro-zeny\"\/><\/a><\/div>    <div class=\"entry-meta\">\n        <a class=\"label label-secondary post-category\" href=\"https:\/\/www.welovecycling.com\/cs\/category\/zeny\/\" title=\"\u017deny\">\u017deny<\/a>\n    <\/div>\n    <div class=\"entry-details\">\n        <a href=\"https:\/\/www.welovecycling.com\/cs\/2020\/04\/23\/tipy-a-triky-na-horske-kolo-nejen-pro-zeny\/\" class='entry-title-wrapper'>\n            <h3 class=\"entry-title\"><span>Tipy a triky na horsk\u00e9 kolo nejen pro \u017eeny<\/span><\/h3>\n        <\/a>\n    <\/div>\n    <\/article>\n<\/div>\n<p>Projekt pod z\u00e1\u0161titou Klubu nemocn\u00fdch cystickou fibr\u00f3zou a za pomoci sponzor\u016f spustil v\u00a0\u0159\u00edjnu lo\u0148sk\u00e9ho roku, na konto nadace zat\u00edm putovaly prost\u0159edky ze sedmn\u00e1cti kompletn\u00edch sad a mnoha dopl\u0148k\u016f s\u00a0logem Cycling for Life.<\/p>\n<p>\u201eJe neuv\u011b\u0159iteln\u00e9, jakou energii cel\u00e9mu projektu Honza v\u011bnuje. \u010c\u00edm v\u00edce lid\u00ed se zapoj\u00ed, t\u00edm l\u00e9pe se bude pacient\u016fm d\u00fdchat. Je pro m\u011b obrovskou inspirac\u00ed. Nen\u00ed to oby\u010dejn\u00fd cyklista,\u201c tvrd\u00ed Marcel Kiefmann, kter\u00fd Jana Vesel\u00e9ho p\u0159ihl\u00e1sil do projektu Bikefluencer.<\/p>\n","protected":false},"excerpt":{"rendered":"<p>Kolo je jeho l\u00e1skou u\u017e od d\u011btstv\u00ed. V\u00a0sedle tr\u00e1v\u00ed des\u00edtky hodin. Servis bicykl\u016f se dokonce stal jeho \u017eivobyt\u00edm. Na podzim [&hellip;]<\/p>\n","protected":false},"author":122,"featured_media":6898,"comment_status":"open","ping_status":"open","sticky":false,"template":"","format":"standard","meta":{"footnotes":""},"categories":[831],"tags":[768],"global-categories":[411],"class_list":["post-6895","post","type-post","status-publish","format-standard","has-post-thumbnail","hentry","category-bikefluencers","tag-bikefluencer","global-categories-cycling"],"yoast_head":"<!-- This site is optimized with the Yoast SEO Premium plugin v25.3 (Yoast SEO v25.9) - https:\/\/yoast.com\/wordpress\/plugins\/seo\/ -->\n<title>Bikefluencer Jan Vesel\u00fd. Jezd\u00ed na kole, aby pom\u00e1hal pacient\u016fm s\u00a0cystickou fibr\u00f3zou | \u0160koda We Love Cycling - \u010cesk\u00e1 republika<\/title>\n<meta name=\"robots\" content=\"index, follow, max-snippet:-1, max-image-preview:large, max-video-preview:-1\" \/>\n<link rel=\"canonical\" href=\"https:\/\/www.welovecycling.com\/cs\/2020\/04\/29\/bikefluencer-jan-vesely-jezdi-na-kole-aby-pomahal-pacientum-s-cystickou-fibrozou\/\" \/>\n<meta property=\"og:locale\" content=\"cs_CZ\" \/>\n<meta property=\"og:type\" content=\"article\" \/>\n<meta property=\"og:title\" content=\"Bikefluencer Jan Vesel\u00fd. Jezd\u00ed na kole, aby pom\u00e1hal pacient\u016fm s\u00a0cystickou fibr\u00f3zou\" \/>\n<meta property=\"og:description\" content=\"Kolo je jeho l\u00e1skou u\u017e od d\u011btstv\u00ed. V\u00a0sedle tr\u00e1v\u00ed des\u00edtky hodin. Servis bicykl\u016f se dokonce stal jeho \u017eivobyt\u00edm. Na podzim [&hellip;]\" \/>\n<meta property=\"og:url\" content=\"https:\/\/www.welovecycling.com\/cs\/2020\/04\/29\/bikefluencer-jan-vesely-jezdi-na-kole-aby-pomahal-pacientum-s-cystickou-fibrozou\/\" \/>\n<meta property=\"og:site_name\" content=\"\u0160koda We Love Cycling - \u010cesk\u00e1 republika\" \/>\n<meta property=\"article:published_time\" content=\"2020-04-29T08:00:27+00:00\" \/>\n<meta property=\"og:image\" content=\"https:\/\/d2p6e6u75xmxt8.cloudfront.net\/13\/2020\/04\/bikefluencer-Jan-Vesel\u00fd-2-scaled.webp\" \/>\n\t<meta property=\"og:image:width\" content=\"2560\" \/>\n\t<meta property=\"og:image:height\" content=\"1920\" \/>\n\t<meta property=\"og:image:type\" content=\"image\/webp\" \/>\n<meta name=\"twitter:card\" content=\"summary_large_image\" \/>\n<meta name=\"twitter:label1\" content=\"Written by\" \/>\n\t<meta name=\"twitter:data1\" content=\"Michaela Bu\u010dkov\u00e1\" \/>\n\t<meta name=\"twitter:label2\" content=\"Est. reading time\" \/>\n\t<meta name=\"twitter:data2\" content=\"4 minuty\" \/>\n<script type=\"application\/ld+json\" class=\"yoast-schema-graph\">{\"@context\":\"https:\/\/schema.org\",\"@graph\":[{\"@type\":\"WebPage\",\"@id\":\"https:\/\/www.welovecycling.com\/cs\/2020\/04\/29\/bikefluencer-jan-vesely-jezdi-na-kole-aby-pomahal-pacientum-s-cystickou-fibrozou\/\",\"url\":\"https:\/\/www.welovecycling.com\/cs\/2020\/04\/29\/bikefluencer-jan-vesely-jezdi-na-kole-aby-pomahal-pacientum-s-cystickou-fibrozou\/\",\"name\":\"Bikefluencer Jan Vesel\u00fd. Jezd\u00ed na kole, aby pom\u00e1hal pacient\u016fm s\u00a0cystickou fibr\u00f3zou | \u0160koda We Love Cycling - \u010cesk\u00e1 republika\",\"isPartOf\":{\"@id\":\"https:\/\/www.welovecycling.com\/cs\/#website\"},\"primaryImageOfPage\":{\"@id\":\"https:\/\/www.welovecycling.com\/cs\/2020\/04\/29\/bikefluencer-jan-vesely-jezdi-na-kole-aby-pomahal-pacientum-s-cystickou-fibrozou\/#primaryimage\"},\"image\":{\"@id\":\"https:\/\/www.welovecycling.com\/cs\/2020\/04\/29\/bikefluencer-jan-vesely-jezdi-na-kole-aby-pomahal-pacientum-s-cystickou-fibrozou\/#primaryimage\"},\"thumbnailUrl\":\"https:\/\/d2p6e6u75xmxt8.cloudfront.net\/13\/2020\/04\/bikefluencer-Jan-Vesel\u00fd-2-scaled.webp\",\"datePublished\":\"2020-04-29T08:00:27+00:00\",\"author\":{\"@id\":\"\"},\"inLanguage\":\"cs\",\"potentialAction\":[{\"@type\":\"ReadAction\",\"target\":[\"https:\/\/www.welovecycling.com\/cs\/2020\/04\/29\/bikefluencer-jan-vesely-jezdi-na-kole-aby-pomahal-pacientum-s-cystickou-fibrozou\/\"]}]},{\"@type\":\"ImageObject\",\"inLanguage\":\"cs\",\"@id\":\"https:\/\/www.welovecycling.com\/cs\/2020\/04\/29\/bikefluencer-jan-vesely-jezdi-na-kole-aby-pomahal-pacientum-s-cystickou-fibrozou\/#primaryimage\",\"url\":\"https:\/\/d2p6e6u75xmxt8.cloudfront.net\/13\/2020\/04\/bikefluencer-Jan-Vesel\u00fd-2-scaled.webp\",\"contentUrl\":\"https:\/\/d2p6e6u75xmxt8.cloudfront.net\/13\/2020\/04\/bikefluencer-Jan-Vesel\u00fd-2-scaled.webp\",\"width\":2560,\"height\":1920},{\"@type\":\"WebSite\",\"@id\":\"https:\/\/www.welovecycling.com\/cs\/#website\",\"url\":\"https:\/\/www.welovecycling.com\/cs\/\",\"name\":\"\u0160koda We Love Cycling - \u010cesk\u00e1 republika\",\"description\":\"WeLoveCycling.cz je online magaz\u00edn, kter\u00fd v\u00e1m pravideln\u011b p\u0159in\u00e1\u0161\u00ed rady a tipy, zaj\u00edmav\u00e9 \u010dl\u00e1nky, videa a jedine\u010dn\u00e9 report\u00e1\u017ee ze sv\u011bta cyklistiky.\",\"potentialAction\":[{\"@type\":\"SearchAction\",\"target\":{\"@type\":\"EntryPoint\",\"urlTemplate\":\"https:\/\/www.welovecycling.com\/cs\/?s={search_term_string}\"},\"query-input\":{\"@type\":\"PropertyValueSpecification\",\"valueRequired\":true,\"valueName\":\"search_term_string\"}}],\"inLanguage\":\"cs\"},{\"@type\":\"Person\",\"@id\":\"\",\"url\":\"https:\/\/www.welovecycling.com\/cs\/author\/\"}]}<\/script>\n<!-- \/ Yoast SEO Premium plugin. -->","yoast_head_json":{"title":"Bikefluencer Jan Vesel\u00fd. Jezd\u00ed na kole, aby pom\u00e1hal pacient\u016fm s\u00a0cystickou fibr\u00f3zou | \u0160koda We Love Cycling - \u010cesk\u00e1 republika","robots":{"index":"index","follow":"follow","max-snippet":"max-snippet:-1","max-image-preview":"max-image-preview:large","max-video-preview":"max-video-preview:-1"},"canonical":"https:\/\/www.welovecycling.com\/cs\/2020\/04\/29\/bikefluencer-jan-vesely-jezdi-na-kole-aby-pomahal-pacientum-s-cystickou-fibrozou\/","og_locale":"cs_CZ","og_type":"article","og_title":"Bikefluencer Jan Vesel\u00fd. Jezd\u00ed na kole, aby pom\u00e1hal pacient\u016fm s\u00a0cystickou fibr\u00f3zou","og_description":"Kolo je jeho l\u00e1skou u\u017e od d\u011btstv\u00ed. V\u00a0sedle tr\u00e1v\u00ed des\u00edtky hodin. Servis bicykl\u016f se dokonce stal jeho \u017eivobyt\u00edm. Na podzim [&hellip;]","og_url":"https:\/\/www.welovecycling.com\/cs\/2020\/04\/29\/bikefluencer-jan-vesely-jezdi-na-kole-aby-pomahal-pacientum-s-cystickou-fibrozou\/","og_site_name":"\u0160koda We Love Cycling - \u010cesk\u00e1 republika","article_published_time":"2020-04-29T08:00:27+00:00","og_image":[{"width":2560,"height":1920,"url":"https:\/\/d2p6e6u75xmxt8.cloudfront.net\/13\/2020\/04\/bikefluencer-Jan-Vesel\u00fd-2-scaled.webp","type":"image\/webp"}],"twitter_card":"summary_large_image","twitter_misc":{"Written by":"Michaela Bu\u010dkov\u00e1","Est. reading time":"4 minuty"},"schema":{"@context":"https:\/\/schema.org","@graph":[{"@type":"WebPage","@id":"https:\/\/www.welovecycling.com\/cs\/2020\/04\/29\/bikefluencer-jan-vesely-jezdi-na-kole-aby-pomahal-pacientum-s-cystickou-fibrozou\/","url":"https:\/\/www.welovecycling.com\/cs\/2020\/04\/29\/bikefluencer-jan-vesely-jezdi-na-kole-aby-pomahal-pacientum-s-cystickou-fibrozou\/","name":"Bikefluencer Jan Vesel\u00fd. Jezd\u00ed na kole, aby pom\u00e1hal pacient\u016fm s\u00a0cystickou fibr\u00f3zou | \u0160koda We Love Cycling - \u010cesk\u00e1 republika","isPartOf":{"@id":"https:\/\/www.welovecycling.com\/cs\/#website"},"primaryImageOfPage":{"@id":"https:\/\/www.welovecycling.com\/cs\/2020\/04\/29\/bikefluencer-jan-vesely-jezdi-na-kole-aby-pomahal-pacientum-s-cystickou-fibrozou\/#primaryimage"},"image":{"@id":"https:\/\/www.welovecycling.com\/cs\/2020\/04\/29\/bikefluencer-jan-vesely-jezdi-na-kole-aby-pomahal-pacientum-s-cystickou-fibrozou\/#primaryimage"},"thumbnailUrl":"https:\/\/d2p6e6u75xmxt8.cloudfront.net\/13\/2020\/04\/bikefluencer-Jan-Vesel\u00fd-2-scaled.webp","datePublished":"2020-04-29T08:00:27+00:00","author":{"@id":""},"inLanguage":"cs","potentialAction":[{"@type":"ReadAction","target":["https:\/\/www.welovecycling.com\/cs\/2020\/04\/29\/bikefluencer-jan-vesely-jezdi-na-kole-aby-pomahal-pacientum-s-cystickou-fibrozou\/"]}]},{"@type":"ImageObject","inLanguage":"cs","@id":"https:\/\/www.welovecycling.com\/cs\/2020\/04\/29\/bikefluencer-jan-vesely-jezdi-na-kole-aby-pomahal-pacientum-s-cystickou-fibrozou\/#primaryimage","url":"https:\/\/d2p6e6u75xmxt8.cloudfront.net\/13\/2020\/04\/bikefluencer-Jan-Vesel\u00fd-2-scaled.webp","contentUrl":"https:\/\/d2p6e6u75xmxt8.cloudfront.net\/13\/2020\/04\/bikefluencer-Jan-Vesel\u00fd-2-scaled.webp","width":2560,"height":1920},{"@type":"WebSite","@id":"https:\/\/www.welovecycling.com\/cs\/#website","url":"https:\/\/www.welovecycling.com\/cs\/","name":"\u0160koda We Love Cycling - \u010cesk\u00e1 republika","description":"WeLoveCycling.cz je online magaz\u00edn, kter\u00fd v\u00e1m pravideln\u011b p\u0159in\u00e1\u0161\u00ed rady a tipy, zaj\u00edmav\u00e9 \u010dl\u00e1nky, videa a jedine\u010dn\u00e9 report\u00e1\u017ee ze sv\u011bta cyklistiky.","potentialAction":[{"@type":"SearchAction","target":{"@type":"EntryPoint","urlTemplate":"https:\/\/www.welovecycling.com\/cs\/?s={search_term_string}"},"query-input":{"@type":"PropertyValueSpecification","valueRequired":true,"valueName":"search_term_string"}}],"inLanguage":"cs"},{"@type":"Person","@id":"","url":"https:\/\/www.welovecycling.com\/cs\/author\/"}]}},"_links":{"self":[{"href":"https:\/\/www.welovecycling.com\/cs\/wp-json\/wp\/v2\/posts\/6895","targetHints":{"allow":["GET"]}}],"collection":[{"href":"https:\/\/www.welovecycling.com\/cs\/wp-json\/wp\/v2\/posts"}],"about":[{"href":"https:\/\/www.welovecycling.com\/cs\/wp-json\/wp\/v2\/types\/post"}],"author":[{"embeddable":true,"href":"https:\/\/www.welovecycling.com\/cs\/wp-json\/wp\/v2\/users\/122"}],"replies":[{"embeddable":true,"href":"https:\/\/www.welovecycling.com\/cs\/wp-json\/wp\/v2\/comments?post=6895"}],"version-history":[{"count":2,"href":"https:\/\/www.welovecycling.com\/cs\/wp-json\/wp\/v2\/posts\/6895\/revisions"}],"predecessor-version":[{"id":6900,"href":"https:\/\/www.welovecycling.com\/cs\/wp-json\/wp\/v2\/posts\/6895\/revisions\/6900"}],"wp:featuredmedia":[{"embeddable":true,"href":"https:\/\/www.welovecycling.com\/cs\/wp-json\/wp\/v2\/media\/6898"}],"wp:attachment":[{"href":"https:\/\/www.welovecycling.com\/cs\/wp-json\/wp\/v2\/media?parent=6895"}],"wp:term":[{"taxonomy":"category","embeddable":true,"href":"https:\/\/www.welovecycling.com\/cs\/wp-json\/wp\/v2\/categories?post=6895"},{"taxonomy":"post_tag","embeddable":true,"href":"https:\/\/www.welovecycling.com\/cs\/wp-json\/wp\/v2\/tags?post=6895"},{"taxonomy":"global-categories","embeddable":true,"href":"https:\/\/www.welovecycling.com\/cs\/wp-json\/wp\/v2\/global-categories?post=6895"}],"curies":[{"name":"wp","href":"https:\/\/api.w.org\/{rel}","templated":true}]}}