{"id":6886,"date":"2020-04-28T18:30:46","date_gmt":"2020-04-28T16:30:46","guid":{"rendered":"https:\/\/www.welovecycling.com\/cs\/?p=6886"},"modified":"2020-04-29T14:52:44","modified_gmt":"2020-04-29T12:52:44","slug":"lide-kteri-maji-velkou-snidani-spali-dvakrat-tolik-kalorii","status":"publish","type":"post","link":"https:\/\/www.welovecycling.com\/cs\/2020\/04\/28\/lide-kteri-maji-velkou-snidani-spali-dvakrat-tolik-kalorii\/","title":{"rendered":"Lid\u00e9, kte\u0159\u00ed maj\u00ed velkou sn\u00eddani, sp\u00e1l\u00ed dvakr\u00e1t tolik kalori\u00ed"},"content":{"rendered":"<p><strong>Velk\u00e1 sn\u00eddan\u011b nam\u00edsto velk\u00e9 ve\u010de\u0159e, m\u016f\u017ee poslou\u017eit jako prevence obezity a vysok\u00e9 hladiny cukru v\u00a0krvi. Je to zp\u016fsobeno mno\u017estv\u00edm kalori\u00ed, kter\u00e9 lidsk\u00e9 t\u011blo po takov\u00e9 sn\u00eddani sp\u00e1l\u00ed. Potvrzuje to nov\u00e1 v\u011bdeck\u00e1 studie. Poj\u010fme se pod\u00edvat, jak v\u0161e funguje.<\/strong><\/p>\n<p>Kdykoli n\u011bco sn\u00edte, va\u0161e t\u011blo vynakl\u00e1d\u00e1 energii na vst\u0159eb\u00e1n\u00ed, tr\u00e1ven\u00ed, transport a ulo\u017een\u00ed \u017eivin obsa\u017een\u00fdch v\u00a0dan\u00e9m j\u00eddle. Tato vynalo\u017een\u00e1 energie jako vedlej\u0161\u00ed efekt produkuje teplo, a proto se tomuto procesu \u0159\u00edk\u00e1 dietou indukovan\u00e1 termogeneze (DIT).<\/p>\n<div class=\"shortcode-ys-post-pinup\"><article class=\"loop-simple post-6687 post type-post status-publish format-standard has-post-thumbnail hentry category-horska-cyklistika category-silnicni-cyklistika category-zdravi-a-trenink tag-ondrej-cink tag-trenink global-categories-cycling\" data-postid=\"6687\" role=\"article\" data-post-id=\"6687\" data-word-count=\"442\" data-headline-length=\"92\" data-category=\"Silni\u010dn\u00ed cyklistika\" data-global-category=\"Cycling\" data-author=\"Radek Malina\" data-published=\"2020-04-20T08:00:17+02:00\" data-published-day=\"Monday\">\n    <div class=\"entry-thumbnail article-thumbnail\" content=\"https:\/\/d2p6e6u75xmxt8.cloudfront.net\/13\/2020\/04\/cink-ond\u0159ej-150x150.webp\"><a href=\"https:\/\/www.welovecycling.com\/cs\/2020\/04\/20\/ondrej-cink-o-rekordni-treninkove-jizde-slane-i-sladke-sendvice-palacinky-a-cola\/\" class=\"image-holder\" target=\"_self\"><img decoding=\"async\" loading=\"lazy\" class=\"\" src=\"https:\/\/d2p6e6u75xmxt8.cloudfront.net\/13\/2020\/04\/cink-ond\u0159ej-1024x768.webp\" srcset=\"https:\/\/d2p6e6u75xmxt8.cloudfront.net\/13\/2020\/04\/cink-ond\u0159ej.webp 1600w, https:\/\/d2p6e6u75xmxt8.cloudfront.net\/13\/2020\/04\/cink-ond\u0159ej-300x225.webp 300w, https:\/\/d2p6e6u75xmxt8.cloudfront.net\/13\/2020\/04\/cink-ond\u0159ej-1024x768.webp 1024w, https:\/\/d2p6e6u75xmxt8.cloudfront.net\/13\/2020\/04\/cink-ond\u0159ej-768x576.webp 768w, https:\/\/d2p6e6u75xmxt8.cloudfront.net\/13\/2020\/04\/cink-ond\u0159ej-1536x1152.webp 1536w\" width=\"1024\" height=\"768\" sizes=\"auto, (min-width: 1200px) 300px, (min-width: 768px) 25vw, 100vw\" alt=\"ondrej-cink-o-rekordni-treninkove-jizde-slane-i-sladke-sendvice-palacinky-a-cola\"\/><\/a><\/div>    <div class=\"entry-meta\">\n        <a class=\"label label-secondary post-category\" href=\"https:\/\/www.welovecycling.com\/cs\/category\/silnicni-cyklistika\/\" title=\"Silni\u010dn\u00ed cyklistika\">Silni\u010dn\u00ed cyklistika<\/a>\n    <\/div>\n    <div class=\"entry-details\">\n        <a href=\"https:\/\/www.welovecycling.com\/cs\/2020\/04\/20\/ondrej-cink-o-rekordni-treninkove-jizde-slane-i-sladke-sendvice-palacinky-a-cola\/\" class='entry-title-wrapper'>\n            <h3 class=\"entry-title\"><span>Ond\u0159ej Cink o rekordn\u00ed tr\u00e9ninkov\u00e9 j\u00edzd\u011b: slan\u00e9 i sladk\u00e9 sendvi\u010de, pala\u010dinky a cola<\/span><\/h3>\n        <\/a>\n    <\/div>\n    <\/article>\n<\/div>\n<p>Je to ukazatel, jak efektivn\u011b metabolismus pracuje a m\u011bn\u00ed se podle toho co a kdy sn\u00edte. Tato nov\u00e1 studie publikovan\u00e1 v Endocrine Society&#8217;s Journal of Clinical Endocrinology &amp; Metabolism zkoumala, jak na\u010dasov\u00e1n\u00ed j\u00eddla ovlivn\u00ed celkov\u00e9 mno\u017estv\u00ed sp\u00e1len\u00fdch kalori\u00ed.<\/p>\n<h2><strong>Kdy jsou ni\u017e\u0161\u00ed hodnoty cukru v krvi a inzulinu?<\/strong><\/h2>\n<p>V\u00fdzkumn\u00edci pod\u00e1vali v\u00a0laborato\u0159i v\u00a0pr\u016fb\u011bhu t\u0159\u00ed dn\u016f \u0161estn\u00e1cti mu\u017e\u016fm nejd\u0159\u00edve n\u00edzko-kalorickou sn\u00eddani a vysoko-kalorickou ve\u010de\u0159i, a pot\u00e9 obr\u00e1cen\u011b vysoko-kalorickou sn\u00eddani a n\u00edzko-kalorickou ve\u010de\u0159i.<\/p>\n<p>Vysledovali, \u017ee identick\u00e9 mno\u017estv\u00ed konzumovan\u00fdch kalori\u00ed m\u011blo za n\u00e1sledek 2,5x vy\u0161\u0161\u00ed DIT r\u00e1no ve srovn\u00e1n\u00ed s\u00a0ve\u010derem, a\u0165 u\u017e \u0161lo o n\u00edzko nebo vysoko kalorickou variantu j\u00eddla. Hodnoty hladiny cukru v\u00a0krvi a inzulinu byly tak\u00e9 ni\u017e\u0161\u00ed u sn\u00eddan\u011b.<\/p>\n<p><a href=\"https:\/\/d2p6e6u75xmxt8.cloudfront.net\/13\/2019\/05\/profimedia-0132338615-1.jpg\"><img loading=\"lazy\" decoding=\"async\" class=\"size-full wp-image-2150\" src=\"https:\/\/d2p6e6u75xmxt8.cloudfront.net\/13\/2019\/05\/profimedia-0132338615-1.jpg\" alt=\"\" width=\"1366\" height=\"600\" \/><\/a><\/p>\n<p>\u201eV\u00fdsledky na\u0161\u00ed studie ukazuj\u00ed, \u017ee j\u00eddlo konzumovan\u00e9 r\u00e1no, bez ohledu na mno\u017estv\u00ed kalori\u00ed, vytvo\u0159\u00ed dvojn\u00e1sobn\u00fd termick\u00fd efekt ve srovn\u00e1n\u00ed se stejn\u00fdm j\u00eddlem sn\u011bden\u00fdm k ve\u010de\u0159i,\u201c \u0159ekla autorka studie Juliane Richter, M.Sc., Ph.D., z University of L\u00fcbeck in Germany. \u201eZ\u00e1v\u011bry na\u0161\u00ed studie jsou hodnotn\u00e9 v\u00a0podstat\u011b pro v\u0161echny, proto\u017ee podtrhuj\u00ed d\u016fle\u017eitost sn\u00edd\u00e1n\u00ed.\u201c<\/p>\n<h2><strong>Co zved\u00e1 chu\u0165 k j\u00eddlu a na sladk\u00e9?<\/strong><\/h2>\n<p>V\u00fdsledky t\u00e9to studie tak\u00e9 uk\u00e1zaly, \u017ee n\u00edzkokalorick\u00e1 sn\u00eddan\u011b zvy\u0161ovala chu\u0165 k\u00a0j\u00eddlu v\u00a0pr\u016fb\u011bhu dne, zejm\u00e9na chu\u0165 na sladk\u00e9. Dohromady tedy lze konstatovat, \u017ee zejm\u00e9na pro ty, kte\u0159\u00ed pracuj\u00ed na udr\u017een\u00ed zdrav\u00e9 v\u00e1hy je dostate\u010dn\u011b velk\u00e1 sn\u00eddan\u011b velmi d\u016fle\u017eit\u00fdm n\u00e1strojem.<\/p>\n<div class=\"shortcode-ys-post-pinup\"><article class=\"loop-simple post-6325 post type-post status-publish format-standard has-post-thumbnail hentry category-rady-tipy category-zdravi-a-trenink tag-sacharidovy-napoj tag-trenink tag-vyziva tag-zdravi-a-trenink global-categories-cycling\" data-postid=\"6325\" role=\"article\" data-post-id=\"6325\" data-word-count=\"400\" data-headline-length=\"65\" data-category=\"Rady &amp; tipy\" data-global-category=\"Cycling\" data-author=\"Ji\u0159\u00ed Kalo\u010d\" data-published=\"2020-03-30T18:30:07+02:00\" data-published-day=\"Monday\">\n    <div class=\"entry-thumbnail article-thumbnail\" content=\"https:\/\/d2p6e6u75xmxt8.cloudfront.net\/13\/2020\/03\/van-der-poel-pit\u00ed-bidon-ob\u010derstven\u00ed-150x150.webp\"><a href=\"https:\/\/www.welovecycling.com\/cs\/2020\/03\/30\/jak-v-cyklistice-pouzivat-vyplach-ust-sacharidovym-napojem\/\" class=\"image-holder\" target=\"_self\"><img decoding=\"async\" loading=\"lazy\" class=\"\" src=\"https:\/\/d2p6e6u75xmxt8.cloudfront.net\/13\/2020\/03\/van-der-poel-pit\u00ed-bidon-ob\u010derstven\u00ed-1024x683.webp\" srcset=\"https:\/\/d2p6e6u75xmxt8.cloudfront.net\/13\/2020\/03\/van-der-poel-pit\u00ed-bidon-ob\u010derstven\u00ed.webp 1600w, https:\/\/d2p6e6u75xmxt8.cloudfront.net\/13\/2020\/03\/van-der-poel-pit\u00ed-bidon-ob\u010derstven\u00ed-300x200.webp 300w, https:\/\/d2p6e6u75xmxt8.cloudfront.net\/13\/2020\/03\/van-der-poel-pit\u00ed-bidon-ob\u010derstven\u00ed-1024x683.webp 1024w, https:\/\/d2p6e6u75xmxt8.cloudfront.net\/13\/2020\/03\/van-der-poel-pit\u00ed-bidon-ob\u010derstven\u00ed-768x512.webp 768w, https:\/\/d2p6e6u75xmxt8.cloudfront.net\/13\/2020\/03\/van-der-poel-pit\u00ed-bidon-ob\u010derstven\u00ed-1536x1024.webp 1536w, https:\/\/d2p6e6u75xmxt8.cloudfront.net\/13\/2020\/03\/van-der-poel-pit\u00ed-bidon-ob\u010derstven\u00ed-272x182.webp 272w\" width=\"1024\" height=\"683\" sizes=\"auto, (min-width: 1200px) 300px, (min-width: 768px) 25vw, 100vw\" alt=\"jak-v-cyklistice-pouzivat-vyplach-ust-sacharidovym-napojem\"\/><\/a><\/div>    <div class=\"entry-meta\">\n        <a class=\"label label-secondary post-category\" href=\"https:\/\/www.welovecycling.com\/cs\/category\/rady-tipy\/\" title=\"Rady &amp; tipy\">Rady &amp; tipy<\/a>\n    <\/div>\n    <div class=\"entry-details\">\n        <a href=\"https:\/\/www.welovecycling.com\/cs\/2020\/03\/30\/jak-v-cyklistice-pouzivat-vyplach-ust-sacharidovym-napojem\/\" class='entry-title-wrapper'>\n            <h3 class=\"entry-title\"><span>Jak v cyklistice pou\u017e\u00edvat v\u00fdplach \u00fast sacharidov\u00fdm n\u00e1pojem?<\/span><\/h3>\n        <\/a>\n    <\/div>\n    <\/article>\n<\/div>\n<p>\u201eDoporu\u010dujeme, aby ob\u00e9zn\u00ed i zdrav\u00ed lid\u00e9 zvolili velkou sn\u00eddani sp\u00ed\u0161e ne\u017e velkou ve\u010de\u0159i, aby sn\u00e1ze redukovali svou v\u00e1hu a p\u0159edch\u00e1zeli metabolick\u00fdm onemocn\u011bn\u00edm,\u201c dod\u00e1v\u00e1 Richter.<\/p>\n<p>&nbsp;<\/p>\n","protected":false},"excerpt":{"rendered":"<p>Velk\u00e1 sn\u00eddan\u011b nam\u00edsto velk\u00e9 ve\u010de\u0159e, m\u016f\u017ee poslou\u017eit jako prevence obezity a vysok\u00e9 hladiny cukru v\u00a0krvi. Je to zp\u016fsobeno mno\u017estv\u00edm kalori\u00ed, [&hellip;]<\/p>\n","protected":false},"author":122,"featured_media":1882,"comment_status":"open","ping_status":"open","sticky":false,"template":"","format":"standard","meta":{"footnotes":""},"categories":[15,6],"tags":[126,17,28],"global-categories":[411],"class_list":["post-6886","post","type-post","status-publish","format-standard","has-post-thumbnail","hentry","category-rady-tipy","category-zdravi-a-trenink","tag-cyklistika","tag-vyziva","tag-zdravi","global-categories-cycling"],"yoast_head":"<!-- This site is optimized with the Yoast SEO Premium plugin v25.3 (Yoast SEO v25.9) - https:\/\/yoast.com\/wordpress\/plugins\/seo\/ -->\n<title>Lid\u00e9, kte\u0159\u00ed maj\u00ed velkou sn\u00eddani, sp\u00e1l\u00ed dvakr\u00e1t tolik kalori\u00ed | \u0160koda We Love Cycling - \u010cesk\u00e1 republika<\/title>\n<meta name=\"robots\" content=\"index, follow, max-snippet:-1, max-image-preview:large, max-video-preview:-1\" \/>\n<link rel=\"canonical\" href=\"https:\/\/www.welovecycling.com\/cs\/2020\/04\/28\/lide-kteri-maji-velkou-snidani-spali-dvakrat-tolik-kalorii\/\" \/>\n<meta property=\"og:locale\" content=\"cs_CZ\" \/>\n<meta property=\"og:type\" content=\"article\" \/>\n<meta property=\"og:title\" content=\"Lid\u00e9, kte\u0159\u00ed maj\u00ed velkou sn\u00eddani, sp\u00e1l\u00ed dvakr\u00e1t tolik kalori\u00ed\" \/>\n<meta property=\"og:description\" content=\"Velk\u00e1 sn\u00eddan\u011b nam\u00edsto velk\u00e9 ve\u010de\u0159e, m\u016f\u017ee poslou\u017eit jako prevence obezity a vysok\u00e9 hladiny cukru v\u00a0krvi. Je to zp\u016fsobeno mno\u017estv\u00edm kalori\u00ed, [&hellip;]\" \/>\n<meta property=\"og:url\" content=\"https:\/\/www.welovecycling.com\/cs\/2020\/04\/28\/lide-kteri-maji-velkou-snidani-spali-dvakrat-tolik-kalorii\/\" \/>\n<meta property=\"og:site_name\" content=\"\u0160koda We Love Cycling - \u010cesk\u00e1 republika\" \/>\n<meta property=\"article:published_time\" content=\"2020-04-28T16:30:46+00:00\" \/>\n<meta property=\"article:modified_time\" content=\"2020-04-29T12:52:44+00:00\" \/>\n<meta property=\"og:image\" content=\"https:\/\/d2p6e6u75xmxt8.cloudfront.net\/13\/2019\/05\/healthy-breakfast-profimedia-0389487735.webp\" \/>\n\t<meta property=\"og:image:width\" content=\"1000\" \/>\n\t<meta property=\"og:image:height\" content=\"667\" \/>\n\t<meta property=\"og:image:type\" content=\"image\/webp\" \/>\n<meta name=\"twitter:card\" content=\"summary_large_image\" \/>\n<meta name=\"twitter:label1\" content=\"Written by\" \/>\n\t<meta name=\"twitter:data1\" content=\"Ji\u0159\u00ed Kalo\u010d\" \/>\n\t<meta name=\"twitter:label2\" content=\"Est. reading time\" \/>\n\t<meta name=\"twitter:data2\" content=\"5\" \/>\n<script type=\"application\/ld+json\" class=\"yoast-schema-graph\">{\"@context\":\"https:\/\/schema.org\",\"@graph\":[{\"@type\":\"WebPage\",\"@id\":\"https:\/\/www.welovecycling.com\/cs\/2020\/04\/28\/lide-kteri-maji-velkou-snidani-spali-dvakrat-tolik-kalorii\/\",\"url\":\"https:\/\/www.welovecycling.com\/cs\/2020\/04\/28\/lide-kteri-maji-velkou-snidani-spali-dvakrat-tolik-kalorii\/\",\"name\":\"Lid\u00e9, kte\u0159\u00ed maj\u00ed velkou sn\u00eddani, sp\u00e1l\u00ed dvakr\u00e1t tolik kalori\u00ed | \u0160koda We Love Cycling - \u010cesk\u00e1 republika\",\"isPartOf\":{\"@id\":\"https:\/\/www.welovecycling.com\/cs\/#website\"},\"primaryImageOfPage\":{\"@id\":\"https:\/\/www.welovecycling.com\/cs\/2020\/04\/28\/lide-kteri-maji-velkou-snidani-spali-dvakrat-tolik-kalorii\/#primaryimage\"},\"image\":{\"@id\":\"https:\/\/www.welovecycling.com\/cs\/2020\/04\/28\/lide-kteri-maji-velkou-snidani-spali-dvakrat-tolik-kalorii\/#primaryimage\"},\"thumbnailUrl\":\"https:\/\/d2p6e6u75xmxt8.cloudfront.net\/13\/2019\/05\/healthy-breakfast-profimedia-0389487735.webp\",\"datePublished\":\"2020-04-28T16:30:46+00:00\",\"dateModified\":\"2020-04-29T12:52:44+00:00\",\"author\":{\"@id\":\"\"},\"inLanguage\":\"cs\",\"potentialAction\":[{\"@type\":\"ReadAction\",\"target\":[\"https:\/\/www.welovecycling.com\/cs\/2020\/04\/28\/lide-kteri-maji-velkou-snidani-spali-dvakrat-tolik-kalorii\/\"]}]},{\"@type\":\"ImageObject\",\"inLanguage\":\"cs\",\"@id\":\"https:\/\/www.welovecycling.com\/cs\/2020\/04\/28\/lide-kteri-maji-velkou-snidani-spali-dvakrat-tolik-kalorii\/#primaryimage\",\"url\":\"https:\/\/d2p6e6u75xmxt8.cloudfront.net\/13\/2019\/05\/healthy-breakfast-profimedia-0389487735.webp\",\"contentUrl\":\"https:\/\/d2p6e6u75xmxt8.cloudfront.net\/13\/2019\/05\/healthy-breakfast-profimedia-0389487735.webp\",\"width\":1000,\"height\":667,\"caption\":\"Strava zcela bez sacharid\u016f mo\u017en\u00e1 je a rekrea\u010dn\u00ed vyj\u00ed\u017e\u010fky \u010di b\u011b\u017en\u00fd tr\u00e9nink tak zvl\u00e1dnete, ale pokud jde o rychlost, intervaly, sprinty a z\u00e1vod\u011bn\u00ed, tak tam sacharidy sv\u00e9 m\u00edsto maj\u00ed. Foto: Profimedia, Depositphotos Inc.\"},{\"@type\":\"WebSite\",\"@id\":\"https:\/\/www.welovecycling.com\/cs\/#website\",\"url\":\"https:\/\/www.welovecycling.com\/cs\/\",\"name\":\"\u0160koda We Love Cycling - \u010cesk\u00e1 republika\",\"description\":\"WeLoveCycling.cz je online magaz\u00edn, kter\u00fd v\u00e1m pravideln\u011b p\u0159in\u00e1\u0161\u00ed rady a tipy, zaj\u00edmav\u00e9 \u010dl\u00e1nky, videa a jedine\u010dn\u00e9 report\u00e1\u017ee ze sv\u011bta cyklistiky.\",\"potentialAction\":[{\"@type\":\"SearchAction\",\"target\":{\"@type\":\"EntryPoint\",\"urlTemplate\":\"https:\/\/www.welovecycling.com\/cs\/?s={search_term_string}\"},\"query-input\":{\"@type\":\"PropertyValueSpecification\",\"valueRequired\":true,\"valueName\":\"search_term_string\"}}],\"inLanguage\":\"cs\"},{\"@type\":\"Person\",\"@id\":\"\",\"url\":\"https:\/\/www.welovecycling.com\/cs\/author\/\"}]}<\/script>\n<!-- \/ Yoast SEO Premium plugin. -->","yoast_head_json":{"title":"Lid\u00e9, kte\u0159\u00ed maj\u00ed velkou sn\u00eddani, sp\u00e1l\u00ed dvakr\u00e1t tolik kalori\u00ed | \u0160koda We Love Cycling - \u010cesk\u00e1 republika","robots":{"index":"index","follow":"follow","max-snippet":"max-snippet:-1","max-image-preview":"max-image-preview:large","max-video-preview":"max-video-preview:-1"},"canonical":"https:\/\/www.welovecycling.com\/cs\/2020\/04\/28\/lide-kteri-maji-velkou-snidani-spali-dvakrat-tolik-kalorii\/","og_locale":"cs_CZ","og_type":"article","og_title":"Lid\u00e9, kte\u0159\u00ed maj\u00ed velkou sn\u00eddani, sp\u00e1l\u00ed dvakr\u00e1t tolik kalori\u00ed","og_description":"Velk\u00e1 sn\u00eddan\u011b nam\u00edsto velk\u00e9 ve\u010de\u0159e, m\u016f\u017ee poslou\u017eit jako prevence obezity a vysok\u00e9 hladiny cukru v\u00a0krvi. Je to zp\u016fsobeno mno\u017estv\u00edm kalori\u00ed, [&hellip;]","og_url":"https:\/\/www.welovecycling.com\/cs\/2020\/04\/28\/lide-kteri-maji-velkou-snidani-spali-dvakrat-tolik-kalorii\/","og_site_name":"\u0160koda We Love Cycling - \u010cesk\u00e1 republika","article_published_time":"2020-04-28T16:30:46+00:00","article_modified_time":"2020-04-29T12:52:44+00:00","og_image":[{"width":1000,"height":667,"url":"https:\/\/d2p6e6u75xmxt8.cloudfront.net\/13\/2019\/05\/healthy-breakfast-profimedia-0389487735.webp","type":"image\/webp"}],"twitter_card":"summary_large_image","twitter_misc":{"Written by":"Ji\u0159\u00ed Kalo\u010d","Est. reading time":"5"},"schema":{"@context":"https:\/\/schema.org","@graph":[{"@type":"WebPage","@id":"https:\/\/www.welovecycling.com\/cs\/2020\/04\/28\/lide-kteri-maji-velkou-snidani-spali-dvakrat-tolik-kalorii\/","url":"https:\/\/www.welovecycling.com\/cs\/2020\/04\/28\/lide-kteri-maji-velkou-snidani-spali-dvakrat-tolik-kalorii\/","name":"Lid\u00e9, kte\u0159\u00ed maj\u00ed velkou sn\u00eddani, sp\u00e1l\u00ed dvakr\u00e1t tolik kalori\u00ed | \u0160koda We Love Cycling - \u010cesk\u00e1 republika","isPartOf":{"@id":"https:\/\/www.welovecycling.com\/cs\/#website"},"primaryImageOfPage":{"@id":"https:\/\/www.welovecycling.com\/cs\/2020\/04\/28\/lide-kteri-maji-velkou-snidani-spali-dvakrat-tolik-kalorii\/#primaryimage"},"image":{"@id":"https:\/\/www.welovecycling.com\/cs\/2020\/04\/28\/lide-kteri-maji-velkou-snidani-spali-dvakrat-tolik-kalorii\/#primaryimage"},"thumbnailUrl":"https:\/\/d2p6e6u75xmxt8.cloudfront.net\/13\/2019\/05\/healthy-breakfast-profimedia-0389487735.webp","datePublished":"2020-04-28T16:30:46+00:00","dateModified":"2020-04-29T12:52:44+00:00","author":{"@id":""},"inLanguage":"cs","potentialAction":[{"@type":"ReadAction","target":["https:\/\/www.welovecycling.com\/cs\/2020\/04\/28\/lide-kteri-maji-velkou-snidani-spali-dvakrat-tolik-kalorii\/"]}]},{"@type":"ImageObject","inLanguage":"cs","@id":"https:\/\/www.welovecycling.com\/cs\/2020\/04\/28\/lide-kteri-maji-velkou-snidani-spali-dvakrat-tolik-kalorii\/#primaryimage","url":"https:\/\/d2p6e6u75xmxt8.cloudfront.net\/13\/2019\/05\/healthy-breakfast-profimedia-0389487735.webp","contentUrl":"https:\/\/d2p6e6u75xmxt8.cloudfront.net\/13\/2019\/05\/healthy-breakfast-profimedia-0389487735.webp","width":1000,"height":667,"caption":"Strava zcela bez sacharid\u016f mo\u017en\u00e1 je a rekrea\u010dn\u00ed vyj\u00ed\u017e\u010fky \u010di b\u011b\u017en\u00fd tr\u00e9nink tak zvl\u00e1dnete, ale pokud jde o rychlost, intervaly, sprinty a z\u00e1vod\u011bn\u00ed, tak tam sacharidy sv\u00e9 m\u00edsto maj\u00ed. Foto: Profimedia, Depositphotos Inc."},{"@type":"WebSite","@id":"https:\/\/www.welovecycling.com\/cs\/#website","url":"https:\/\/www.welovecycling.com\/cs\/","name":"\u0160koda We Love Cycling - \u010cesk\u00e1 republika","description":"WeLoveCycling.cz je online magaz\u00edn, kter\u00fd v\u00e1m pravideln\u011b p\u0159in\u00e1\u0161\u00ed rady a tipy, zaj\u00edmav\u00e9 \u010dl\u00e1nky, videa a jedine\u010dn\u00e9 report\u00e1\u017ee ze sv\u011bta cyklistiky.","potentialAction":[{"@type":"SearchAction","target":{"@type":"EntryPoint","urlTemplate":"https:\/\/www.welovecycling.com\/cs\/?s={search_term_string}"},"query-input":{"@type":"PropertyValueSpecification","valueRequired":true,"valueName":"search_term_string"}}],"inLanguage":"cs"},{"@type":"Person","@id":"","url":"https:\/\/www.welovecycling.com\/cs\/author\/"}]}},"_links":{"self":[{"href":"https:\/\/www.welovecycling.com\/cs\/wp-json\/wp\/v2\/posts\/6886","targetHints":{"allow":["GET"]}}],"collection":[{"href":"https:\/\/www.welovecycling.com\/cs\/wp-json\/wp\/v2\/posts"}],"about":[{"href":"https:\/\/www.welovecycling.com\/cs\/wp-json\/wp\/v2\/types\/post"}],"author":[{"embeddable":true,"href":"https:\/\/www.welovecycling.com\/cs\/wp-json\/wp\/v2\/users\/122"}],"replies":[{"embeddable":true,"href":"https:\/\/www.welovecycling.com\/cs\/wp-json\/wp\/v2\/comments?post=6886"}],"version-history":[{"count":2,"href":"https:\/\/www.welovecycling.com\/cs\/wp-json\/wp\/v2\/posts\/6886\/revisions"}],"predecessor-version":[{"id":6890,"href":"https:\/\/www.welovecycling.com\/cs\/wp-json\/wp\/v2\/posts\/6886\/revisions\/6890"}],"wp:featuredmedia":[{"embeddable":true,"href":"https:\/\/www.welovecycling.com\/cs\/wp-json\/wp\/v2\/media\/1882"}],"wp:attachment":[{"href":"https:\/\/www.welovecycling.com\/cs\/wp-json\/wp\/v2\/media?parent=6886"}],"wp:term":[{"taxonomy":"category","embeddable":true,"href":"https:\/\/www.welovecycling.com\/cs\/wp-json\/wp\/v2\/categories?post=6886"},{"taxonomy":"post_tag","embeddable":true,"href":"https:\/\/www.welovecycling.com\/cs\/wp-json\/wp\/v2\/tags?post=6886"},{"taxonomy":"global-categories","embeddable":true,"href":"https:\/\/www.welovecycling.com\/cs\/wp-json\/wp\/v2\/global-categories?post=6886"}],"curies":[{"name":"wp","href":"https:\/\/api.w.org\/{rel}","templated":true}]}}