{"id":6675,"date":"2020-04-19T11:00:54","date_gmt":"2020-04-19T09:00:54","guid":{"rendered":"https:\/\/www.welovecycling.com\/cs\/?p=6675"},"modified":"2020-04-21T00:16:51","modified_gmt":"2020-04-20T22:16:51","slug":"dvojnasobny-mistr-sveta-ve-fourcrossu-tomas-slavik-ze-jsme-sebevrazi-to-slysim-ze-vsech-stran","status":"publish","type":"post","link":"https:\/\/www.welovecycling.com\/cs\/2020\/04\/19\/dvojnasobny-mistr-sveta-ve-fourcrossu-tomas-slavik-ze-jsme-sebevrazi-to-slysim-ze-vsech-stran\/","title":{"rendered":"Dvojn\u00e1sobn\u00fd mistr sv\u011bta ve fourcrossu Tom\u00e1\u0161 Slav\u00edk: \u017de jsme sebevrazi? To sly\u0161\u00edm ze v\u0161ech stran"},"content":{"rendered":"<p><strong>Je dvojn\u00e1sobn\u00fdm mistrem sv\u011bta ve fourcrossu, sedmkr\u00e1t vyhr\u00e1l v\u00a0t\u00e9to discipl\u00edn\u011b Sv\u011btov\u00fd poh\u00e1r. V\u00a0posledn\u00ed dob\u011b se biker Tom\u00e1\u0161 Slav\u00edk zam\u011b\u0159uje i na st\u00e1le popul\u00e1rn\u011bj\u0161\u00ed m\u011bstsk\u00e9 sjezdy, p\u0159i jejich\u017e sledov\u00e1n\u00ed tuhne krev v\u00a0\u017eil\u00e1ch. \u201e\u017de jsme sebevrazi a mago\u0159i, to sly\u0161\u00edm kolem sebe po\u0159\u00e1d. Riziko n\u00e1\u0161 sport prov\u00e1z\u00ed, ale \u010dlov\u011bk mus\u00ed jezdit tak, aby ho co nejv\u00edc eliminoval,\u201c \u0159\u00edk\u00e1 z\u00e1vodn\u00edk st\u00e1je Ghost Bikes, kter\u00fd v\u00a0\u010dervnu oslav\u00ed 33. narozeniny.<\/strong><\/p>\n<h2><strong>Jak sn\u00e1\u0161\u00edte sou\u010dasnou situaci p\u0159i epidemii koronaviru a nejr\u016fzn\u011bj\u0161\u00ed omezen\u00ed?<\/strong><\/h2>\n<p>Je to p\u0159\u00edmo \u00fam\u011brn\u00e9 tomu, co se d\u011bje v\u0161ude kolem. A spole\u010dn\u011b to mus\u00edme uko\u010d\u00edrovat. Jsem hodn\u011b doma, dodr\u017euji karant\u00e9nu. Tr\u00e9nuji na trena\u017eeru v\u00a0gar\u00e1\u017ei, jezd\u00edm s\u00e1m do lesa. Jasn\u011b, \u017ee mi chyb\u00ed kontakt s\u00a0lidmi, ale zvl\u00e1d\u00e1m to. P\u0159ipravuji se, jenom nev\u00edm, kdy n\u00e1s pust\u00ed do z\u00e1vod\u016f.<\/p>\n<h2><strong>Co v\u00e1s napl\u0148uje, kdy\u017e nem\u00e1te z\u00e1vody?<\/strong><\/h2>\n<p>Bydl\u00edm prakticky v\u00a0lese, m\u00e1m kolem sebe louky, u bar\u00e1ku obrovskou zahradu. Te\u010f je n\u00e1dhern\u00e9 po\u010das\u00ed, tak\u017ee pro m\u011b karant\u00e9na nen\u00ed a\u017e takov\u00e9 mu\u010den\u00ed&#8230; Mak\u00e1m kolem domu, uklidil jsem gar\u00e1\u017e, chyst\u00e1m z\u00e1klady pro plot, d\u011bl\u00e1m ter\u00e9nn\u00ed \u00fapravy. Nechod\u00edm mezi ostatn\u00ed, ani za m\u00e1mou do Brna rad\u0161i nejezd\u00edm, jen si telefonujeme. Ale za\u010d\u00edn\u00e1 mi chyb\u011bt soci\u00e1ln\u00ed vazba: Vyjet n\u011bkam s\u00a0k\u00e1mo\u0161ema, zavtipkovat, d\u00e1t si pivko.<\/p>\n<figure id=\"attachment_6672\" aria-describedby=\"caption-attachment-6672\" style=\"width: 1920px\" class=\"wp-caption alignnone\"><a href=\"https:\/\/d2p6e6u75xmxt8.cloudfront.net\/13\/2020\/04\/Slavik-tom\u00e1\u0161-chile.jpg\"><img loading=\"lazy\" decoding=\"async\" class=\"size-extra-large wp-image-6672\" src=\"https:\/\/d2p6e6u75xmxt8.cloudfront.net\/13\/2020\/04\/Slavik-tom\u00e1\u0161-chile-1920x1280.jpg\" alt=\"Tom\u00e1\u0161 Slav\u00edk p\u0159i m\u011bstsk\u00e9m sjezdu ve Valparaisu v Chile. Foto: Alfred J\u00fcrgen Westermeyer\/Red Bull Content Pool\" width=\"1920\" height=\"1280\" \/><\/a><figcaption id=\"caption-attachment-6672\" class=\"wp-caption-text\"><em>Tom\u00e1\u0161 Slav\u00edk p\u0159i m\u011bstsk\u00e9m sjezdu ve Valparaisu v Chile. Foto: Alfred J\u00fcrgen Westermeyer\/Red Bull Content Pool<\/em><\/figcaption><\/figure>\n<h2><strong>Vy jste byl v\u00a0zim\u011b v\u00a0Ji\u017en\u00ed Americe a vracel se dom\u016f na posledn\u00ed chv\u00edli&#8230;<\/strong><\/h2>\n<p>Odl\u00e9tal jsem za\u010d\u00e1tkem \u00fanora. Nejd\u0159\u00edv do Ji\u017en\u00ed Ameriky, pak jsem byl je\u0161t\u011b dva t\u00fddny na Nov\u00e9m Z\u00e9landu. Vr\u00e1til jsem se za\u010d\u00e1tkem b\u0159ezna. Do karant\u00e9ny m\u011b nikdo neposlal, ale naordinoval jsem si ji s\u00e1m. Nic mi nebylo, ale i tak jsem od t\u00e9 doby skoro po\u0159\u00e1d jen doma. A up\u0159\u00edmn\u011b \u0159\u00edk\u00e1m, \u017ee mi pauza moc nevad\u00ed. J\u00e1 se posledn\u00ed \u010dty\u0159i roky skoro nezastavil. Z\u00e1vodil jsem v\u00a0zim\u011b i v\u00a0l\u00e9t\u011b, po\u0159\u00e1dal jsem z\u00e1vod Sv\u011btov\u00e9 s\u00e9rie v\u00a0Jablonci a u\u017e jsem byl hrozn\u011b unavenej. Te\u010f m\u00e1m \u010das na v\u011bci kolem bar\u00e1ku, dod\u011bl\u00e1v\u00e1m nejr\u016fzn\u011bj\u0161\u00ed resty a nab\u00edr\u00e1m energii. \u0158\u00edk\u00e1m si, \u017ee v\u0161echno zl\u00e9 je pro n\u011bco dobr\u00e9. \u010clov\u011bk tyhle chv\u00edle mus\u00ed p\u0159e\u017e\u00edt v\u00a0pozitivn\u00edm sv\u011btle, a ne b\u00fdt na\u0161tvanej.<strong>\u00a0<\/strong><\/p>\n<h2><strong>Kolik v\u00e1m zat\u00edm odpadlo z\u00e1vod\u016f?<\/strong><\/h2>\n<p>Te\u010f jsem m\u011bl m\u00edt prvn\u00ed, m\u011bstsk\u00fd sjezd u Lago di Garda v\u00a0It\u00e1lii. Dal\u0161\u00ed a\u017e na konci kv\u011btna. Ale pak u\u017e je to skoro ka\u017ed\u00fd v\u00edkend a\u017e do zimy. Zat\u00edm je v\u0161echno zru\u0161en\u00e9. J\u00e1 up\u0159\u00edmn\u011b mysl\u00edm, \u017ee re\u00e1ln\u011b se chyst\u00e1me na z\u00e1\u0159\u00ed. Hromadn\u00e9 akce, kde je v\u00edc lid\u00ed, podle m\u011b v\u00a0l\u00e9t\u011b nikde nepovol\u00ed. Bude probl\u00e9m s\u00a0cestov\u00e1n\u00edm p\u0159es hranice, tak\u017ee by se \u010dlov\u011bk na z\u00e1vody ani nedostal. Je to situace, kterou nikdo neza\u017eil. S\u00a0klukama z\u00a0fourcrossu jsem v\u00a0kontaktu, bav\u00edme se o situaci, ale nikdo nev\u00ed, jak v\u0161e bude. Spousta organiz\u00e1tor\u016f chce z\u00e1vody p\u0159esouvat t\u0159eba na z\u00e1\u0159\u00ed, co\u017e je podle m\u011b \u0161\u00edlenost, proto\u017ee se pak v\u00a0jeden den budou k\u0159\u00ed\u017eit t\u0159eba \u010dty\u0159i z\u00e1vody.<\/p>\n<div class=\"shortcode-ys-post-pinup\"><article class=\"loop-simple post-6662 post type-post status-publish format-standard has-post-thumbnail hentry category-silnicni-cyklistika tag-giro-ditalia tag-mcr-v-silnicni-cyklistice-2020 tag-mistrovstvi-sveta-2020 tag-tour-de-france tag-vuelta global-categories-cycling\" data-postid=\"6662\" role=\"article\" data-post-id=\"6662\" data-word-count=\"406\" data-headline-length=\"54\" data-category=\"Silni\u010dn\u00ed cyklistika\" data-global-category=\"Cycling\" data-author=\"Jan Kr\u016fta\" data-published=\"2020-04-17T17:00:51+02:00\" data-published-day=\"Friday\">\n    <div class=\"entry-thumbnail article-thumbnail\" content=\"https:\/\/d2p6e6u75xmxt8.cloudfront.net\/13\/2019\/08\/Obrazek1-150x150.webp\"><a href=\"https:\/\/www.welovecycling.com\/cs\/2020\/04\/17\/je-prelozena-tour-de-france-receptem-na-katastrofu\/\" class=\"image-holder\" target=\"_self\"><img decoding=\"async\" loading=\"lazy\" class=\"\" src=\"https:\/\/d2p6e6u75xmxt8.cloudfront.net\/13\/2019\/08\/Obrazek1.webp\" srcset=\"https:\/\/d2p6e6u75xmxt8.cloudfront.net\/13\/2019\/08\/Obrazek1.webp 943w, https:\/\/d2p6e6u75xmxt8.cloudfront.net\/13\/2019\/08\/Obrazek1-300x200.webp 300w, https:\/\/d2p6e6u75xmxt8.cloudfront.net\/13\/2019\/08\/Obrazek1-768x512.webp 768w, https:\/\/d2p6e6u75xmxt8.cloudfront.net\/13\/2019\/08\/Obrazek1-272x182.webp 272w\" width=\"943\" height=\"629\" sizes=\"auto, (min-width: 1200px) 300px, (min-width: 768px) 25vw, 100vw\" alt=\"je-prelozena-tour-de-france-receptem-na-katastrofu\"\/><\/a><\/div>    <div class=\"entry-meta\">\n        <a class=\"label label-secondary post-category\" href=\"https:\/\/www.welovecycling.com\/cs\/category\/silnicni-cyklistika\/\" title=\"Silni\u010dn\u00ed cyklistika\">Silni\u010dn\u00ed cyklistika<\/a>\n    <\/div>\n    <div class=\"entry-details\">\n        <a href=\"https:\/\/www.welovecycling.com\/cs\/2020\/04\/17\/je-prelozena-tour-de-france-receptem-na-katastrofu\/\" class='entry-title-wrapper'>\n            <h3 class=\"entry-title\"><span>Je p\u0159elo\u017een\u00e1 Tour de France receptem na katastrofu?<\/span><\/h3>\n        <\/a>\n    <\/div>\n    <\/article>\n<\/div>\n<h2><strong>Jak to vypad\u00e1 se z\u00e1vodem Sv\u011btov\u00e9 s\u00e9rie ve fourcrossu v\u00a0Jablonci?<\/strong><\/h2>\n<p>Term\u00edn je 18. \u010dervenec. Je\u0161t\u011b jej nikdo \u00fapln\u011b nezak\u00e1zal, ale podle m\u011b je to nehrateln\u00e9. P\u0159\u00edpravy prob\u00edhaj\u00ed, sponzory m\u00e1me slad\u011bn\u00fd, ale po\u0159\u00e1d je tam zvednut\u00fd ukazov\u00e1\u010dek. Rozsekne to vl\u00e1da, ne my. A douf\u00e1m, \u017ee co nejd\u0159\u00edv.<\/p>\n<h2><strong>V\u00a0\u0159ad\u011b silni\u010dn\u00edch t\u00fdm\u016f cyklist\u016fm sn\u00ed\u017eily platy, kdy\u017e nez\u00e1vod\u00ed. Jak je to u v\u00e1s?<\/strong><\/h2>\n<p>A\u010d tov\u00e1rna stoj\u00ed, na plat n\u00e1m nes\u00e1hli. V\u00a0Ghostu je v\u0161e hodn\u011b postaven\u00e9 na kamar\u00e1dstv\u00ed. Ale s\u00a0t\u00fdmov\u00fdm mana\u017eerem a ostatn\u00edmi z\u00e1vodn\u00edky jsme sami navrhli, \u017ee se vzd\u00e1me dvaceti procent platu. P\u0159i\u0161lo n\u00e1m to tak f\u00e9rov\u00e9. U n\u00e1s d\u011blaj\u00ed velkou \u010d\u00e1st p\u0159\u00edjm\u016f i pr\u00e9mie. Kdy\u017e se da\u0159\u00ed, m\u016f\u017ee to b\u00fdt i o \u010dty\u0159icet procent nav\u00edc. Tak\u017ee ztr\u00e1ty zaznamen\u00e1v\u00e1m.<\/p>\n<figure id=\"attachment_6674\" aria-describedby=\"caption-attachment-6674\" style=\"width: 1920px\" class=\"wp-caption alignnone\"><a href=\"https:\/\/d2p6e6u75xmxt8.cloudfront.net\/13\/2020\/04\/tom\u00e1\u0161-slav\u00edk-trofej.jpg\"><img loading=\"lazy\" decoding=\"async\" class=\"size-extra-large wp-image-6674\" src=\"https:\/\/d2p6e6u75xmxt8.cloudfront.net\/13\/2020\/04\/tom\u00e1\u0161-slav\u00edk-trofej-1920x1440.jpg\" alt=\"Tom\u00e1\u0161 Slav\u00edk po \u00fanorov\u00e9m z\u00e1vod\u011b Red Bull Monserrate Cerro Abajo 2020 v Bogot\u011b. Foto: Kevin Molano\/Red Bull Content Pool\" width=\"1920\" height=\"1440\" \/><\/a><figcaption id=\"caption-attachment-6674\" class=\"wp-caption-text\"><em>Tom\u00e1\u0161 Slav\u00edk po \u00fanorov\u00e9m z\u00e1vod\u011b Red Bull Monserrate Cerro Abajo 2020 v Bogot\u011b. Foto: Kevin Molano\/Red Bull Content Pool<\/em><\/figcaption><\/figure>\n<h2><strong>Nakazil se n\u011bkdo z\u00a0va\u0161ich zn\u00e1m\u00fdch nebo z\u00e1vodn\u00edk\u016f koronavirem?<\/strong><\/h2>\n<p>Dva moji kamar\u00e1di. Jeden je \u010desk\u00fd DJ, kter\u00fd byl v\u00a0zim\u011b ve \u0160pan\u011blsku. Tam se asi nakazil. No a pak \u0161\u00e9f mont\u00e9r\u016f Ghost Bikes. Je to N\u011bmec, mladej kluk. \u0160estadvacet let, sportovec. U n\u011bj to bylo hodn\u011b komplikovan\u00fd. Byl deset dn\u00ed v\u00a0k\u00f3matu v\u00a0nemocnici. Na\u0161t\u011bst\u00ed se probral a jeho stav u\u017e je stabilizovan\u00fd. Ale kdy\u017e jsem to vid\u011bl, za\u010dal jsem si naplno uv\u011bdomovat v\u00e1\u017enost situace. \u017de to m\u016f\u017ee skolit \u00fapln\u011b ka\u017ed\u00e9ho. Nahnalo mi to strach a za\u010dal jsem se je\u0161t\u011b v\u00edc hl\u00eddat. Ale kdy\u017e vid\u00edm, co se u n\u00e1s d\u011bje, jak vyraz\u00ed deset lid\u00ed spole\u010dn\u011b na kole, nebo n\u011bkde pop\u00edjej\u00ed bez rou\u0161ek v\u00a0parku, tak se boj\u00edm, aby to u n\u00e1s nedopadlo jako v\u00a0It\u00e1lii. Nech\u00e1pu tu nedisciplinovanost.<\/p>\n<h2><strong>V\u00e1\u0161 sport zrovna nen\u00ed \u00fapln\u011b poklidn\u00fd. Ve fourcrossu i m\u011bstsk\u00fdch sjezdech b\u00fdv\u00e1 dost p\u00e1d\u016f a riziko zran\u011bn\u00ed je velk\u00e9. \u0158\u00edkaj\u00ed v\u00e1m, \u017ee jste sebevrazi?<\/strong><\/h2>\n<p>Jo a mago\u0159i (sm\u00edch). Maj\u00ed \u010d\u00e1ste\u010dn\u011b pravdu. Fourcross je bezpe\u010dn\u011bj\u0161\u00ed. Kdy\u017e \u010dlov\u011bk spadne, v\u011bt\u0161inou do hl\u00edny nebo na ko\u0159en. M\u016f\u017ee se mu n\u011bco st\u00e1t, ale p\u0159i m\u011bstsk\u00e9m sjezdu, kdy\u017e v\u00a0pln\u00e9 rychlosti tref\u00edte sloup nebo bar\u00e1k, tak je to o dost hor\u0161\u00ed&#8230; Nen\u00ed prostor pro chybov\u00e1n\u00ed. Jak spadne\u0161, je to \u0161patn\u00fd.<\/p>\n<h2><strong>Kdy\u017e \u010dlov\u011bk m\u011bstsk\u00e9 sjezdy sleduje, tak vid\u00ed, \u017ee jde o j\u00edzdu hodn\u011b na hranici rizika.<\/strong><\/h2>\n<p>Je to pravda. Dneska u\u017e v\u0161ichni jedou takovou hranu, \u017ee to a\u017e hezk\u00fd nen\u00ed. Je spousta p\u00e1d\u016f, i hodn\u011b nep\u0159\u00edjemn\u00fdch. U\u017e i ti nejlep\u0161\u00ed padaj\u00ed, proto\u017ee jsme na hranici sv\u00fdch mo\u017enost\u00ed. Kdybych dneska jezdil, jako t\u0159eba p\u0159ed \u010dty\u0159mi lety, nem\u011bl bych \u0161anci se um\u00edstit. Tenkr\u00e1t jsme jeli, abychom se nep\u0159izabili. Jen\u017ee se na m\u011bstsk\u00e9 sjezdy za\u010dala specializovat spousta lid\u00ed a u\u017e se jede fakt hrana. Ale kdy\u017e se \u010dlov\u011bk pod\u00edv\u00e1 na klasick\u00e9 sjezdy, na sv\u011b\u0165\u00e1ky, tak u\u017e je situace taky hodn\u011b ostr\u00e1. I ti nejlep\u0161\u00ed za tr\u00e9nink t\u0159eba \u010dty\u0159ikr\u00e1t lehnou. A z\u00e1vodn\u00ed j\u00edzdu jedou je\u0161t\u011b dvakr\u00e1t rychleji ne\u017e tr\u00e9ninkovou. Ti kluci to za\u010d\u00ednaj\u00ed pos\u00edlat do sf\u00e9r, kam ani nechce\u0161 vkro\u010dit.<\/p>\n<figure id=\"attachment_6673\" aria-describedby=\"caption-attachment-6673\" style=\"width: 1920px\" class=\"wp-caption alignnone\"><a href=\"https:\/\/d2p6e6u75xmxt8.cloudfront.net\/13\/2020\/04\/slav\u00edk-tom\u00e1\u0161-tr\u00e9nink-prach.jpg\"><img loading=\"lazy\" decoding=\"async\" class=\"size-extra-large wp-image-6673\" src=\"https:\/\/d2p6e6u75xmxt8.cloudfront.net\/13\/2020\/04\/slav\u00edk-tom\u00e1\u0161-tr\u00e9nink-prach-1920x1280.jpg\" alt=\"Tom\u00e1\u0161 Slav\u00edk. Foto: Jan Kasl\/Red Bull Content Pool\" width=\"1920\" height=\"1280\" \/><\/a><figcaption id=\"caption-attachment-6673\" class=\"wp-caption-text\"><em>Tom\u00e1\u0161 Slav\u00edk. Foto: Jan Kasl\/Red Bull Content Pool<\/em><\/figcaption><\/figure>\n<h2><strong>M\u00e1te p\u0159i j\u00edzd\u011b strach?<\/strong><\/h2>\n<p>Ten m\u00edt nem\u016f\u017ee\u0161, jinak nejede\u0161 rychle. Ale rozumn\u00fd respekt ano. J\u00e1 u\u017e jezd\u00edm pom\u011brn\u011b dlouho, m\u00e1m dost zku\u0161enost\u00ed a nenech\u00e1m se vyhecovat k\u00a0n\u011bjak\u00e9 hovadin\u011b. T\u0159eba Jihoameri\u010dani jsou tot\u00e1ln\u00ed bl\u00e1zni. Pou\u0161t\u00ed se do v\u011bc\u00ed, kter\u00fd j\u00e1 ned\u011bl\u00e1m. Jedu si svoje a v\u00edm, \u017ee se s\u00a0t\u00edm d\u00e1 vyhr\u00e1vat.<\/p>\n<h2><strong>Minul\u00fd rok v\u00a0Chile p\u0159i m\u011bstsk\u00e9m sjezdu jste m\u011bl dost nep\u0159\u00edjemn\u00fd p\u00e1d. Jak na karambol vzpom\u00edn\u00e1te?<\/strong><\/h2>\n<p>Byl jsem p\u011bt minut v\u00a0bezv\u011bdom\u00ed, tak\u017ee si z\u00a0toho nic nepamatuju&#8230; M\u011bl jsem pochrouman\u00e9 vnit\u0159n\u00ed i vn\u011bj\u0161\u00ed vazy v\u00a0kotn\u00edku, zlomen\u00e1 \u017eebra, ale nebylo to nic tak stra\u0161n\u00e9ho. V\u00a0nemocnici se m\u011b ptali, kdy chci zp\u00e1tky na kolo, tak jsem \u0159ekl, \u017ee co nejrychleji. Tak\u017ee hned za\u010dali s\u00a0rehabilitacemi. M\u011bl jsem kotn\u00edk stra\u0161n\u011b otekl\u00fd, ani jsem si na to nemohl s\u00e1hnout. Oni m\u011b n\u011b\u010d\u00edm nap\u00edchali, za\u010dali kotn\u00edk mas\u00edrovat, d\u00e1vali mi r\u016fzn\u00e9 band\u00e1\u017ee. Bolelo to jako prase, ale za 4 dny byla noha bez otoku. A dvan\u00e1ct dn\u00ed od p\u00e1du jsem byl schopen jet bez boty na trena\u017eeru.<\/p>\n<div class=\"shortcode-ys-post-pinup\"><article class=\"loop-simple post-6577 post type-post status-publish format-standard has-post-thumbnail hentry category-zeny tag-liceni-na-kole tag-make-up tag-zeny global-categories-cycling\" data-postid=\"6577\" role=\"article\" data-post-id=\"6577\" data-word-count=\"307\" data-headline-length=\"90\" data-category=\"\u017deny\" data-global-category=\"Cycling\" data-author=\"Jana And\u011blov\u00e1\" data-published=\"2020-04-16T07:00:51+02:00\" data-published-day=\"Thursday\">\n    <div class=\"entry-thumbnail article-thumbnail\" content=\"https:\/\/d2p6e6u75xmxt8.cloudfront.net\/13\/2020\/04\/rt\u011bnka-cyklistka-150x150.webp\"><a href=\"https:\/\/www.welovecycling.com\/cs\/2020\/04\/16\/krasna-i-na-kole-nebojte-se-liceni-zakladem-je-vodeodolna-dekorativni-kosmetika\/\" class=\"image-holder\" target=\"_self\"><img decoding=\"async\" loading=\"lazy\" class=\"\" src=\"https:\/\/d2p6e6u75xmxt8.cloudfront.net\/13\/2020\/04\/rt\u011bnka-cyklistka-1024x682.webp\" srcset=\"https:\/\/d2p6e6u75xmxt8.cloudfront.net\/13\/2020\/04\/rt\u011bnka-cyklistka.webp 2000w, https:\/\/d2p6e6u75xmxt8.cloudfront.net\/13\/2020\/04\/rt\u011bnka-cyklistka-300x200.webp 300w, https:\/\/d2p6e6u75xmxt8.cloudfront.net\/13\/2020\/04\/rt\u011bnka-cyklistka-1024x682.webp 1024w, https:\/\/d2p6e6u75xmxt8.cloudfront.net\/13\/2020\/04\/rt\u011bnka-cyklistka-768x512.webp 768w, https:\/\/d2p6e6u75xmxt8.cloudfront.net\/13\/2020\/04\/rt\u011bnka-cyklistka-1536x1024.webp 1536w, https:\/\/d2p6e6u75xmxt8.cloudfront.net\/13\/2020\/04\/rt\u011bnka-cyklistka-1920x1280.webp 1920w, https:\/\/d2p6e6u75xmxt8.cloudfront.net\/13\/2020\/04\/rt\u011bnka-cyklistka-272x182.webp 272w, https:\/\/d2p6e6u75xmxt8.cloudfront.net\/13\/2020\/04\/rt\u011bnka-cyklistka-1920x1280.webp 1920w\" width=\"1024\" height=\"682\" sizes=\"auto, (min-width: 1200px) 300px, (min-width: 768px) 25vw, 100vw\" alt=\"krasna-i-na-kole-nebojte-se-liceni-zakladem-je-vodeodolna-dekorativni-kosmetika\"\/><\/a><\/div>    <div class=\"entry-meta\">\n        <a class=\"label label-secondary post-category\" href=\"https:\/\/www.welovecycling.com\/cs\/category\/zeny\/\" title=\"\u017deny\">\u017deny<\/a>\n    <\/div>\n    <div class=\"entry-details\">\n        <a href=\"https:\/\/www.welovecycling.com\/cs\/2020\/04\/16\/krasna-i-na-kole-nebojte-se-liceni-zakladem-je-vodeodolna-dekorativni-kosmetika\/\" class='entry-title-wrapper'>\n            <h3 class=\"entry-title\"><span>Kr\u00e1sn\u00e1 i na kole? Nebojte se l\u00ed\u010den\u00ed. Z\u00e1kladem je vod\u011bodoln\u00e1 dekorativn\u00ed kosmetika<\/span><\/h3>\n        <\/a>\n    <\/div>\n    <\/article>\n<\/div>\n<h2><strong>Co je na m\u011bstsk\u00fdch sjezdech nejnebezpe\u010dn\u011bj\u0161\u00ed?<\/strong><\/h2>\n<p>Dost \u010dasto vb\u011bhne do dr\u00e1hy pes, lidi n\u00e1m tam strkaj\u00ed kamery&#8230; Hlavn\u011b ji\u017en\u00ed Amerika je v\u00a0tomhle hodn\u011b specifick\u00e1. Ob\u010das se vysype ka\u017edej. To k\u00a0tomu pat\u0159\u00ed.<\/p>\n<h2><strong>Jakou rychlost\u00ed jedete?<\/strong><\/h2>\n<p>Z\u00e1le\u017e\u00ed na f\u00e1zi z\u00e1vodu. Do zat\u00e1\u010dek \u010dlov\u011bk zpomaluje. Ale jsou z\u00e1vody, kde se \u010dlov\u011bk bl\u00ed\u017e\u00ed i k\u00a0osmdes\u00e1tce. To u\u017e je \u00fachyl\u00e1rna&#8230;<\/p>\n<h2><strong>Dok\u00e1\u017eete vyjmenovat, co jste je\u0161t\u011b nem\u011bl zlomen\u00e9ho?<\/strong><\/h2>\n<p>J\u00e1 to mus\u00edm zaklepat, ale mn\u011b se zat\u00edm n\u011bjak\u00fd extra v\u00e1\u017en\u00fd zran\u011bn\u00ed vyh\u00fdbaj\u00ed. Byly tam praskl\u00e9 kosti, n\u011bjak\u00fd v\u00fdrony v\u00a0kotn\u00edku, poni\u010den\u00e9 vazy, ale nic, co by m\u011b vykolejilo t\u0159eba na dva m\u011bs\u00edce. Paradoxn\u011b nejhor\u0161\u00ed v\u011bc se mi stala v\u00a0roce 2015, kdy mi selhala imunita. N\u011bkolikr\u00e1t za sez\u00f3nu jsem byl na antibiotik\u00e1ch a musel jsem i na operaci s\u00a0mandlemi.<\/p>\n<figure id=\"attachment_6671\" aria-describedby=\"caption-attachment-6671\" style=\"width: 1920px\" class=\"wp-caption alignnone\"><a href=\"https:\/\/d2p6e6u75xmxt8.cloudfront.net\/13\/2020\/04\/slav\u00edk-tom\u00e1\u0161-2020-portr\u00e9t.jpg\"><img loading=\"lazy\" decoding=\"async\" class=\"size-extra-large wp-image-6671\" src=\"https:\/\/d2p6e6u75xmxt8.cloudfront.net\/13\/2020\/04\/slav\u00edk-tom\u00e1\u0161-2020-portr\u00e9t-1920x1280.jpg\" alt=\"Tom\u00e1\u0161 Slav\u00edk p\u0159ed z\u00e1vodem na Nov\u00e9m Z\u00e9landu na za\u010d\u00e1tku sezony 2020. Foto: Graeme Murray\/Red Bull Content Pool\" width=\"1920\" height=\"1280\" \/><\/a><figcaption id=\"caption-attachment-6671\" class=\"wp-caption-text\"><em>Tom\u00e1\u0161 Slav\u00edk p\u0159ed z\u00e1vodem na Nov\u00e9m Z\u00e9landu na za\u010d\u00e1tku sezony 2020. Foto: Graeme Murray\/Red Bull Content Pool<\/em><\/figcaption><\/figure>\n<h2><strong>Pro\u010d za\u017e\u00edvaj\u00ed pr\u00e1v\u011b m\u011bstsk\u00e9 sjezdy takov\u00fd boom?<\/strong><\/h2>\n<p>Je tam hodn\u011b rizika, adrenalin, p\u00e1dy. M\u00e1 to obrovskou sledovanost i na internetu. Kdy\u017e zve\u0159ejn\u00edm t\u0159eba svoji j\u00edzdu ze sv\u011b\u0165\u00e1ku, vid\u00ed to 20 tis\u00edc lid\u00ed. A z\u00a0m\u011bstsk\u00e9ho sjezdu dva mili\u00f3ny. Proto\u017ee je to \u0161\u00edlenost. T\u00e1hne to lidi i sponzory. Vznikaj\u00ed nov\u00e9 z\u00e1vody, jsou tam u\u017e hodn\u011b velk\u00e9 prize money. Na t\u011bch nejv\u011bt\u0161\u00edch z\u00e1vodech za prvn\u00ed m\u00edsto sedm a\u017e deset tis\u00edc euro. K\u00a0tomu se \u010dlov\u011bk ve fourcrossu v\u016fbec nedostane.<\/p>\n<h2><strong>Kter\u00e1 z discipl\u00edn je va\u0161e srde\u010dn\u00ed z\u00e1le\u017eitost?<\/strong><\/h2>\n<p>Moj\u00ed srdcovkou je po\u0159\u00e1d fourcross. Bohu\u017eel te\u010f neza\u017e\u00edv\u00e1 zrovna nejsv\u011btlej\u0161\u00ed obdob\u00ed. Vy\u0159adili ho ze sv\u011b\u0165\u00e1ku, te\u010f se jezd\u00ed Sv\u011btov\u00e1 s\u00e9rie. Fourcross u\u017e nechce jezdit tolik lid\u00ed. Ale my se ho sna\u017e\u00edme dr\u017eet a podle m\u011b to za n\u00e1mahu stoj\u00ed. Je to atraktivn\u00ed pro lidi i z\u00e1vodn\u00edky. Kdy\u017e se pod\u00edv\u00e1m na n\u00e1\u0161 z\u00e1vod, tak dok\u00e1\u017ee p\u0159il\u00e1kat p\u0159es 10 tis\u00edc lid\u00ed. A to sv\u011bd\u010d\u00ed o tom, \u017ee ten sport za n\u011bco stoj\u00ed.<\/p>\n<h2><strong>Jak\u00e9 jsou va\u0161e pl\u00e1ny do budoucna? Do kdy chcete z\u00e1vodit?<\/strong><\/h2>\n<p>Po\u0159\u00e1d m\u00e1m p\u0159ed sebou n\u011bjak\u00e9 v\u00fdzvy. Jsem mistr sv\u011bta, v\u00edt\u011bz sv\u011b\u0165\u00e1ku, vyhr\u00e1l jsem n\u011bjak\u00e9 m\u011bstsk\u00e9 sjezdy, ale po\u0159\u00e1d jsou z\u00e1vody, kter\u00e9 se mi vyhr\u00e1t nepoda\u0159ilo. Je\u017ed\u011bn\u00ed mi po\u0159\u00e1d p\u0159in\u00e1\u0161\u00ed radost. Rozhodn\u011b to nen\u00ed tak, \u017ee bych si pl\u00e1noval konec t\u0159eba za \u010dty\u0159i roky. A\u017e m\u011b to p\u0159estane bavit, skon\u010d\u00edm. Mysl\u00edm, \u017ee n\u011bjak\u00fdch p\u011bt let je\u0161t\u011b m\u016f\u017eu v\u00a0pohod\u011b z\u00e1vodit.<\/p>\n","protected":false},"excerpt":{"rendered":"<p>Je dvojn\u00e1sobn\u00fdm mistrem sv\u011bta ve fourcrossu, sedmkr\u00e1t vyhr\u00e1l v\u00a0t\u00e9to discipl\u00edn\u011b Sv\u011btov\u00fd poh\u00e1r. V\u00a0posledn\u00ed dob\u011b se biker Tom\u00e1\u0161 Slav\u00edk zam\u011b\u0159uje i [&hellip;]<\/p>\n","protected":false},"author":122,"featured_media":6670,"comment_status":"open","ping_status":"open","sticky":false,"template":"","format":"standard","meta":{"footnotes":""},"categories":[660],"tags":[888,611,887,886],"global-categories":[411],"class_list":["post-6675","post","type-post","status-publish","format-standard","has-post-thumbnail","hentry","category-https-www-welovecycling-com-cs-category-zabava","tag-downhill","tag-fourcross","tag-mestske-sjezdy","tag-tomas-slavik","global-categories-cycling"],"yoast_head":"<!-- This site is optimized with the Yoast SEO Premium plugin v25.3 (Yoast SEO v25.9) - https:\/\/yoast.com\/wordpress\/plugins\/seo\/ -->\n<title>Dvojn\u00e1sobn\u00fd mistr sv\u011bta ve fourcrossu Tom\u00e1\u0161 Slav\u00edk: \u017de jsme sebevrazi? To sly\u0161\u00edm ze v\u0161ech stran | \u0160koda We Love Cycling - \u010cesk\u00e1 republika<\/title>\n<meta name=\"robots\" content=\"index, follow, max-snippet:-1, max-image-preview:large, max-video-preview:-1\" \/>\n<link rel=\"canonical\" href=\"https:\/\/www.welovecycling.com\/cs\/2020\/04\/19\/dvojnasobny-mistr-sveta-ve-fourcrossu-tomas-slavik-ze-jsme-sebevrazi-to-slysim-ze-vsech-stran\/\" \/>\n<meta property=\"og:locale\" content=\"cs_CZ\" \/>\n<meta property=\"og:type\" content=\"article\" \/>\n<meta property=\"og:title\" content=\"Dvojn\u00e1sobn\u00fd mistr sv\u011bta ve fourcrossu Tom\u00e1\u0161 Slav\u00edk: \u017de jsme sebevrazi? To sly\u0161\u00edm ze v\u0161ech stran\" \/>\n<meta property=\"og:description\" content=\"Je dvojn\u00e1sobn\u00fdm mistrem sv\u011bta ve fourcrossu, sedmkr\u00e1t vyhr\u00e1l v\u00a0t\u00e9to discipl\u00edn\u011b Sv\u011btov\u00fd poh\u00e1r. V\u00a0posledn\u00ed dob\u011b se biker Tom\u00e1\u0161 Slav\u00edk zam\u011b\u0159uje i [&hellip;]\" \/>\n<meta property=\"og:url\" content=\"https:\/\/www.welovecycling.com\/cs\/2020\/04\/19\/dvojnasobny-mistr-sveta-ve-fourcrossu-tomas-slavik-ze-jsme-sebevrazi-to-slysim-ze-vsech-stran\/\" \/>\n<meta property=\"og:site_name\" content=\"\u0160koda We Love Cycling - \u010cesk\u00e1 republika\" \/>\n<meta property=\"article:published_time\" content=\"2020-04-19T09:00:54+00:00\" \/>\n<meta property=\"article:modified_time\" content=\"2020-04-20T22:16:51+00:00\" \/>\n<meta property=\"og:image\" content=\"https:\/\/d2p6e6u75xmxt8.cloudfront.net\/13\/2020\/04\/Slavik-Tomas-scaled.webp\" \/>\n\t<meta property=\"og:image:width\" content=\"2560\" \/>\n\t<meta property=\"og:image:height\" content=\"1706\" \/>\n\t<meta property=\"og:image:type\" content=\"image\/webp\" \/>\n<meta name=\"twitter:card\" content=\"summary_large_image\" \/>\n<meta name=\"twitter:label1\" content=\"Written by\" \/>\n\t<meta name=\"twitter:data1\" content=\"Jana And\u011blov\u00e1\" \/>\n\t<meta name=\"twitter:label2\" content=\"Est. reading time\" \/>\n\t<meta name=\"twitter:data2\" content=\"5\" \/>\n<script type=\"application\/ld+json\" class=\"yoast-schema-graph\">{\"@context\":\"https:\/\/schema.org\",\"@graph\":[{\"@type\":\"WebPage\",\"@id\":\"https:\/\/www.welovecycling.com\/cs\/2020\/04\/19\/dvojnasobny-mistr-sveta-ve-fourcrossu-tomas-slavik-ze-jsme-sebevrazi-to-slysim-ze-vsech-stran\/\",\"url\":\"https:\/\/www.welovecycling.com\/cs\/2020\/04\/19\/dvojnasobny-mistr-sveta-ve-fourcrossu-tomas-slavik-ze-jsme-sebevrazi-to-slysim-ze-vsech-stran\/\",\"name\":\"Dvojn\u00e1sobn\u00fd mistr sv\u011bta ve fourcrossu Tom\u00e1\u0161 Slav\u00edk: \u017de jsme sebevrazi? To sly\u0161\u00edm ze v\u0161ech stran | \u0160koda We Love Cycling - \u010cesk\u00e1 republika\",\"isPartOf\":{\"@id\":\"https:\/\/www.welovecycling.com\/cs\/#website\"},\"primaryImageOfPage\":{\"@id\":\"https:\/\/www.welovecycling.com\/cs\/2020\/04\/19\/dvojnasobny-mistr-sveta-ve-fourcrossu-tomas-slavik-ze-jsme-sebevrazi-to-slysim-ze-vsech-stran\/#primaryimage\"},\"image\":{\"@id\":\"https:\/\/www.welovecycling.com\/cs\/2020\/04\/19\/dvojnasobny-mistr-sveta-ve-fourcrossu-tomas-slavik-ze-jsme-sebevrazi-to-slysim-ze-vsech-stran\/#primaryimage\"},\"thumbnailUrl\":\"https:\/\/d2p6e6u75xmxt8.cloudfront.net\/13\/2020\/04\/Slavik-Tomas-scaled.webp\",\"datePublished\":\"2020-04-19T09:00:54+00:00\",\"dateModified\":\"2020-04-20T22:16:51+00:00\",\"author\":{\"@id\":\"\"},\"inLanguage\":\"cs\",\"potentialAction\":[{\"@type\":\"ReadAction\",\"target\":[\"https:\/\/www.welovecycling.com\/cs\/2020\/04\/19\/dvojnasobny-mistr-sveta-ve-fourcrossu-tomas-slavik-ze-jsme-sebevrazi-to-slysim-ze-vsech-stran\/\"]}]},{\"@type\":\"ImageObject\",\"inLanguage\":\"cs\",\"@id\":\"https:\/\/www.welovecycling.com\/cs\/2020\/04\/19\/dvojnasobny-mistr-sveta-ve-fourcrossu-tomas-slavik-ze-jsme-sebevrazi-to-slysim-ze-vsech-stran\/#primaryimage\",\"url\":\"https:\/\/d2p6e6u75xmxt8.cloudfront.net\/13\/2020\/04\/Slavik-Tomas-scaled.webp\",\"contentUrl\":\"https:\/\/d2p6e6u75xmxt8.cloudfront.net\/13\/2020\/04\/Slavik-Tomas-scaled.webp\",\"width\":2560,\"height\":1706,\"caption\":\"Tom\u00e1\u0161 Slav\u00edk b\u011bhem z\u00e1vodu na Nov\u00e9m Z\u00e9landu. Foto: Graeme Murray\/Red Bull Content Pool\"},{\"@type\":\"WebSite\",\"@id\":\"https:\/\/www.welovecycling.com\/cs\/#website\",\"url\":\"https:\/\/www.welovecycling.com\/cs\/\",\"name\":\"\u0160koda We Love Cycling - \u010cesk\u00e1 republika\",\"description\":\"WeLoveCycling.cz je online magaz\u00edn, kter\u00fd v\u00e1m pravideln\u011b p\u0159in\u00e1\u0161\u00ed rady a tipy, zaj\u00edmav\u00e9 \u010dl\u00e1nky, videa a jedine\u010dn\u00e9 report\u00e1\u017ee ze sv\u011bta cyklistiky.\",\"potentialAction\":[{\"@type\":\"SearchAction\",\"target\":{\"@type\":\"EntryPoint\",\"urlTemplate\":\"https:\/\/www.welovecycling.com\/cs\/?s={search_term_string}\"},\"query-input\":{\"@type\":\"PropertyValueSpecification\",\"valueRequired\":true,\"valueName\":\"search_term_string\"}}],\"inLanguage\":\"cs\"},{\"@type\":\"Person\",\"@id\":\"\",\"url\":\"https:\/\/www.welovecycling.com\/cs\/author\/\"}]}<\/script>\n<!-- \/ Yoast SEO Premium plugin. -->","yoast_head_json":{"title":"Dvojn\u00e1sobn\u00fd mistr sv\u011bta ve fourcrossu Tom\u00e1\u0161 Slav\u00edk: \u017de jsme sebevrazi? To sly\u0161\u00edm ze v\u0161ech stran | \u0160koda We Love Cycling - \u010cesk\u00e1 republika","robots":{"index":"index","follow":"follow","max-snippet":"max-snippet:-1","max-image-preview":"max-image-preview:large","max-video-preview":"max-video-preview:-1"},"canonical":"https:\/\/www.welovecycling.com\/cs\/2020\/04\/19\/dvojnasobny-mistr-sveta-ve-fourcrossu-tomas-slavik-ze-jsme-sebevrazi-to-slysim-ze-vsech-stran\/","og_locale":"cs_CZ","og_type":"article","og_title":"Dvojn\u00e1sobn\u00fd mistr sv\u011bta ve fourcrossu Tom\u00e1\u0161 Slav\u00edk: \u017de jsme sebevrazi? To sly\u0161\u00edm ze v\u0161ech stran","og_description":"Je dvojn\u00e1sobn\u00fdm mistrem sv\u011bta ve fourcrossu, sedmkr\u00e1t vyhr\u00e1l v\u00a0t\u00e9to discipl\u00edn\u011b Sv\u011btov\u00fd poh\u00e1r. V\u00a0posledn\u00ed dob\u011b se biker Tom\u00e1\u0161 Slav\u00edk zam\u011b\u0159uje i [&hellip;]","og_url":"https:\/\/www.welovecycling.com\/cs\/2020\/04\/19\/dvojnasobny-mistr-sveta-ve-fourcrossu-tomas-slavik-ze-jsme-sebevrazi-to-slysim-ze-vsech-stran\/","og_site_name":"\u0160koda We Love Cycling - \u010cesk\u00e1 republika","article_published_time":"2020-04-19T09:00:54+00:00","article_modified_time":"2020-04-20T22:16:51+00:00","og_image":[{"width":2560,"height":1706,"url":"https:\/\/d2p6e6u75xmxt8.cloudfront.net\/13\/2020\/04\/Slavik-Tomas-scaled.webp","type":"image\/webp"}],"twitter_card":"summary_large_image","twitter_misc":{"Written by":"Jana And\u011blov\u00e1","Est. reading time":"5"},"schema":{"@context":"https:\/\/schema.org","@graph":[{"@type":"WebPage","@id":"https:\/\/www.welovecycling.com\/cs\/2020\/04\/19\/dvojnasobny-mistr-sveta-ve-fourcrossu-tomas-slavik-ze-jsme-sebevrazi-to-slysim-ze-vsech-stran\/","url":"https:\/\/www.welovecycling.com\/cs\/2020\/04\/19\/dvojnasobny-mistr-sveta-ve-fourcrossu-tomas-slavik-ze-jsme-sebevrazi-to-slysim-ze-vsech-stran\/","name":"Dvojn\u00e1sobn\u00fd mistr sv\u011bta ve fourcrossu Tom\u00e1\u0161 Slav\u00edk: \u017de jsme sebevrazi? To sly\u0161\u00edm ze v\u0161ech stran | \u0160koda We Love Cycling - \u010cesk\u00e1 republika","isPartOf":{"@id":"https:\/\/www.welovecycling.com\/cs\/#website"},"primaryImageOfPage":{"@id":"https:\/\/www.welovecycling.com\/cs\/2020\/04\/19\/dvojnasobny-mistr-sveta-ve-fourcrossu-tomas-slavik-ze-jsme-sebevrazi-to-slysim-ze-vsech-stran\/#primaryimage"},"image":{"@id":"https:\/\/www.welovecycling.com\/cs\/2020\/04\/19\/dvojnasobny-mistr-sveta-ve-fourcrossu-tomas-slavik-ze-jsme-sebevrazi-to-slysim-ze-vsech-stran\/#primaryimage"},"thumbnailUrl":"https:\/\/d2p6e6u75xmxt8.cloudfront.net\/13\/2020\/04\/Slavik-Tomas-scaled.webp","datePublished":"2020-04-19T09:00:54+00:00","dateModified":"2020-04-20T22:16:51+00:00","author":{"@id":""},"inLanguage":"cs","potentialAction":[{"@type":"ReadAction","target":["https:\/\/www.welovecycling.com\/cs\/2020\/04\/19\/dvojnasobny-mistr-sveta-ve-fourcrossu-tomas-slavik-ze-jsme-sebevrazi-to-slysim-ze-vsech-stran\/"]}]},{"@type":"ImageObject","inLanguage":"cs","@id":"https:\/\/www.welovecycling.com\/cs\/2020\/04\/19\/dvojnasobny-mistr-sveta-ve-fourcrossu-tomas-slavik-ze-jsme-sebevrazi-to-slysim-ze-vsech-stran\/#primaryimage","url":"https:\/\/d2p6e6u75xmxt8.cloudfront.net\/13\/2020\/04\/Slavik-Tomas-scaled.webp","contentUrl":"https:\/\/d2p6e6u75xmxt8.cloudfront.net\/13\/2020\/04\/Slavik-Tomas-scaled.webp","width":2560,"height":1706,"caption":"Tom\u00e1\u0161 Slav\u00edk b\u011bhem z\u00e1vodu na Nov\u00e9m Z\u00e9landu. Foto: Graeme Murray\/Red Bull Content Pool"},{"@type":"WebSite","@id":"https:\/\/www.welovecycling.com\/cs\/#website","url":"https:\/\/www.welovecycling.com\/cs\/","name":"\u0160koda We Love Cycling - \u010cesk\u00e1 republika","description":"WeLoveCycling.cz je online magaz\u00edn, kter\u00fd v\u00e1m pravideln\u011b p\u0159in\u00e1\u0161\u00ed rady a tipy, zaj\u00edmav\u00e9 \u010dl\u00e1nky, videa a jedine\u010dn\u00e9 report\u00e1\u017ee ze sv\u011bta cyklistiky.","potentialAction":[{"@type":"SearchAction","target":{"@type":"EntryPoint","urlTemplate":"https:\/\/www.welovecycling.com\/cs\/?s={search_term_string}"},"query-input":{"@type":"PropertyValueSpecification","valueRequired":true,"valueName":"search_term_string"}}],"inLanguage":"cs"},{"@type":"Person","@id":"","url":"https:\/\/www.welovecycling.com\/cs\/author\/"}]}},"_links":{"self":[{"href":"https:\/\/www.welovecycling.com\/cs\/wp-json\/wp\/v2\/posts\/6675","targetHints":{"allow":["GET"]}}],"collection":[{"href":"https:\/\/www.welovecycling.com\/cs\/wp-json\/wp\/v2\/posts"}],"about":[{"href":"https:\/\/www.welovecycling.com\/cs\/wp-json\/wp\/v2\/types\/post"}],"author":[{"embeddable":true,"href":"https:\/\/www.welovecycling.com\/cs\/wp-json\/wp\/v2\/users\/122"}],"replies":[{"embeddable":true,"href":"https:\/\/www.welovecycling.com\/cs\/wp-json\/wp\/v2\/comments?post=6675"}],"version-history":[{"count":2,"href":"https:\/\/www.welovecycling.com\/cs\/wp-json\/wp\/v2\/posts\/6675\/revisions"}],"predecessor-version":[{"id":6746,"href":"https:\/\/www.welovecycling.com\/cs\/wp-json\/wp\/v2\/posts\/6675\/revisions\/6746"}],"wp:featuredmedia":[{"embeddable":true,"href":"https:\/\/www.welovecycling.com\/cs\/wp-json\/wp\/v2\/media\/6670"}],"wp:attachment":[{"href":"https:\/\/www.welovecycling.com\/cs\/wp-json\/wp\/v2\/media?parent=6675"}],"wp:term":[{"taxonomy":"category","embeddable":true,"href":"https:\/\/www.welovecycling.com\/cs\/wp-json\/wp\/v2\/categories?post=6675"},{"taxonomy":"post_tag","embeddable":true,"href":"https:\/\/www.welovecycling.com\/cs\/wp-json\/wp\/v2\/tags?post=6675"},{"taxonomy":"global-categories","embeddable":true,"href":"https:\/\/www.welovecycling.com\/cs\/wp-json\/wp\/v2\/global-categories?post=6675"}],"curies":[{"name":"wp","href":"https:\/\/api.w.org\/{rel}","templated":true}]}}