{"id":6653,"date":"2020-04-16T18:00:29","date_gmt":"2020-04-16T16:00:29","guid":{"rendered":"https:\/\/www.welovecycling.com\/cs\/?p=6653"},"modified":"2020-04-16T14:30:10","modified_gmt":"2020-04-16T12:30:10","slug":"bikepacking-iii-brasny-kapsy-batohy-a-jejich-umisteni-na-kole","status":"publish","type":"post","link":"https:\/\/www.welovecycling.com\/cs\/2020\/04\/16\/bikepacking-iii-brasny-kapsy-batohy-a-jejich-umisteni-na-kole\/","title":{"rendered":"Bra\u0161ny, kapsy, batohy a jejich um\u00edst\u011bn\u00ed na kole pro bikepacking"},"content":{"rendered":"<p><strong>Cestujete rad\u011bji svi\u017en\u011b a po\u017eitk\u00e1\u0159sky s\u00a0minimem v\u011bc\u00ed nebo rad\u011bji nalo\u017e\u00edte p\u0159erostl\u00fd karavan \u010di obludn\u00fd obytn\u00fd v\u016fz a neohraban\u011b se sunete krajinou? Pokud je va\u0161e volba radost z\u00a0j\u00edzdy, \u0159ez\u00e1n\u00ed zat\u00e1\u010dek a maxim\u00e1ln\u00ed po\u017eitek, \u010dt\u011bte d\u00e1le.\u00a0<\/strong><strong>Bikepacking, cykloturistika \u010di koloba\u0165\u016f\u017ekov\u00e1n\u00ed za\u017e\u00edv\u00e1 v \u010cesku znovuzrozen\u00ed.\u00a0<\/strong><\/p>\n<p>V\u00a0minul\u00e9m d\u00edle seri\u00e1lu We Love Cycling jsme probrali prvn\u00ed \u010d\u00e1st d\u016fle\u017eitou pro bikepacking: bike. Zb\u00fdv\u00e1 n\u00e1m packing. Mo\u017enost\u00ed do \u010deho se zabalit na v\u00edcedenn\u00ed cyklo akci je obrovsk\u00e1 \u0161k\u00e1la. Hotel\u016f, ubytov\u00e1n\u00ed a ob\u010derstven\u00ed je v\u0161ude na ka\u017ed\u00e9m rohu p\u0159ehr\u0161le (pokud pomineme aktu\u00e1ln\u00ed dobu pandemie koronaviru), tak pro\u010d se otravovat se z\u00e1va\u017e\u00edm.<\/p>\n<div class=\"shortcode-ys-post-pinup\"><article class=\"loop-simple post-6416 post type-post status-publish format-standard has-post-thumbnail hentry category-https-www-welovecycling-com-cs-category-zabava tag-bikepacking tag-cyklotrasy tag-cyklovylet tag-trenink global-categories-cycling\" data-postid=\"6416\" role=\"article\" data-post-id=\"6416\" data-word-count=\"333\" data-headline-length=\"40\" data-category=\"Z\u00c1BAVA\" data-global-category=\"Cycling\" data-author=\"Pavel Popelka\" data-published=\"2020-04-02T17:30:32+02:00\" data-published-day=\"Thursday\">\n    <div class=\"entry-thumbnail article-thumbnail\" content=\"https:\/\/d2p6e6u75xmxt8.cloudfront.net\/13\/2020\/04\/bikepacking-6-150x150.webp\"><a href=\"https:\/\/www.welovecycling.com\/cs\/2020\/04\/02\/bikepacking-renesance-v-cykloturistice\/\" class=\"image-holder\" target=\"_self\"><img decoding=\"async\" loading=\"lazy\" class=\"\" src=\"https:\/\/d2p6e6u75xmxt8.cloudfront.net\/13\/2020\/04\/bikepacking-6-1024x768.webp\" srcset=\"https:\/\/d2p6e6u75xmxt8.cloudfront.net\/13\/2020\/04\/bikepacking-6-scaled.webp 2560w, https:\/\/d2p6e6u75xmxt8.cloudfront.net\/13\/2020\/04\/bikepacking-6-300x225.webp 300w, https:\/\/d2p6e6u75xmxt8.cloudfront.net\/13\/2020\/04\/bikepacking-6-1024x768.webp 1024w, https:\/\/d2p6e6u75xmxt8.cloudfront.net\/13\/2020\/04\/bikepacking-6-768x576.webp 768w, https:\/\/d2p6e6u75xmxt8.cloudfront.net\/13\/2020\/04\/bikepacking-6-1536x1152.webp 1536w, https:\/\/d2p6e6u75xmxt8.cloudfront.net\/13\/2020\/04\/bikepacking-6-2048x1536.webp 2048w, https:\/\/d2p6e6u75xmxt8.cloudfront.net\/13\/2020\/04\/bikepacking-6-1920x1440.webp 1920w, https:\/\/d2p6e6u75xmxt8.cloudfront.net\/13\/2020\/04\/bikepacking-6-1920x1440.webp 1920w\" width=\"1024\" height=\"768\" sizes=\"auto, (min-width: 1200px) 300px, (min-width: 768px) 25vw, 100vw\" alt=\"bikepacking-renesance-v-cykloturistice\"\/><\/a><\/div>    <div class=\"entry-meta\">\n        <a class=\"label label-secondary post-category\" href=\"https:\/\/www.welovecycling.com\/cs\/category\/https-www-welovecycling-com-cs-category-zabava\/\" title=\"Z\u00c1BAVA\">Z\u00c1BAVA<\/a>\n    <\/div>\n    <div class=\"entry-details\">\n        <a href=\"https:\/\/www.welovecycling.com\/cs\/2020\/04\/02\/bikepacking-renesance-v-cykloturistice\/\" class='entry-title-wrapper'>\n            <h3 class=\"entry-title\"><span>Bikepacking? Renesance v\u00a0cykloturistice<\/span><\/h3>\n        <\/a>\n    <\/div>\n    <\/article>\n<\/div>\n<p>Chcete sp\u00e1t venku? Pak m\u016f\u017eete starom\u00f3dn\u011b nav\u011bsit nosi\u010de na va\u0161e obl\u00edben\u00e9 kolo a ud\u011blat z\u00a0bicyklu t\u011b\u017eko ovladateln\u00fd dostavn\u00edk. Nebo vyu\u017eijete modern\u00edch zavazadel na bikepacking a budete si moct u\u017e\u00edt p\u0159\u00edrodu v\u0161emi dou\u0161ky v\u010detn\u011b \u00fachvatn\u00fdch trail\u016f b\u011bhem cesty.<\/p>\n<h2><strong>Pod sedlo a na \u0159\u00edd\u00edtka pat\u0159\u00ed m\u011bkk\u00e9 v\u011bci<\/strong><\/h2>\n<p>Z\u00e1kladn\u00ed zavazadlo pro bikepacking je podsedlov\u00e1 bra\u0161na. Najdete mnoho r\u016fzn\u00fdch proveden\u00ed, velikost\u00ed a materi\u00e1l\u016f. Z\u00e1sadn\u00ed pro podsedlovou bra\u0161nu je tvar vyhovuj\u00edc\u00ed va\u0161\u00ed velikosti \u010dty\u0159hlav\u00e9ho svalu. I kdy\u017e zd\u00e1nliv\u011b ned\u016fle\u017eit\u00fd a nesmysln\u00fd parametr, m\u016f\u017ee se tento st\u00e1t kl\u00ed\u010dov\u00fdm rozd\u00edlem mezi \u00fa\u017easn\u00fdm z\u00e1\u017eitkem a peklem, j\u00edm\u017e jsou opruzen\u00e1 a po\u0161kr\u00e1ban\u00e1 stehna.<\/p>\n<figure id=\"attachment_6421\" aria-describedby=\"caption-attachment-6421\" style=\"width: 1920px\" class=\"wp-caption alignnone\"><a href=\"https:\/\/d2p6e6u75xmxt8.cloudfront.net\/13\/2020\/04\/bikepacking-5.jpg\"><img loading=\"lazy\" decoding=\"async\" class=\"size-extra-large wp-image-6421\" src=\"https:\/\/d2p6e6u75xmxt8.cloudfront.net\/13\/2020\/04\/bikepacking-5-1920x1280.jpg\" alt=\"\" width=\"1920\" height=\"1280\" \/><\/a><figcaption id=\"caption-attachment-6421\" class=\"wp-caption-text\"><em>Bikepacking cyklisty dovede na nev\u0161edn\u00ed m\u00edsta. Foto: Pavel \u0160tastn\u00fd<\/em><\/figcaption><\/figure>\n<p>Spolehliv\u00e9 upevn\u011bn\u00ed na sedlovku a li\u017einy sedla, v\u011bt\u0161inou pomoc\u00ed such\u00e9ho zipu, respektive p\u0159esek je dal\u0161\u00ed d\u016fle\u017eitou vlastnost\u00ed, kter\u00e9 rozd\u011bluj\u00ed kvalitn\u00ed podsedlov\u00e9 bra\u0161ny na (ne)pou\u017eiteln\u00e9.<\/p>\n<p>Pro udr\u017een\u00ed maxim\u00e1ln\u00ed vod\u011bodolnosti a regulaci velikosti je uzav\u00edr\u00e1n\u00ed u podsedlovek v\u011bt\u0161inou podobn\u00e9 lodn\u00edm vak\u016fm. Popruhy a gumi\u010dky na t\u011ble bra\u0161ny jsou standardem u v\u011bt\u0161iny v\u00fdrobc\u016f. Tento prvek se hod\u00ed na p\u0159ipevn\u011bn\u00ed dodate\u010dn\u00e9ho vybaven\u00ed nebo nap\u0159\u00edklad blika\u010dky.<\/p>\n<p>Dan\u00fd prostor se hod\u00ed na uskladn\u011bn\u00ed hlavn\u011b va\u0161eho m\u011bkk\u00e9ho vybaven\u00ed, jako je spac\u00e1k nebo oble\u010den\u00ed. Na va\u0161e \u201em\u011bkou\u0161e\u201c je takt\u00e9\u017e vhodn\u00e1 \u0159\u00edd\u00edtkov\u00e1 bra\u0161na, kter\u00e1 je schopna pojmout karimatku nebo dal\u0161\u00ed oble\u010den\u00ed. Stejn\u011b jako u podsedlovky je \u0159e\u0161en\u00ed podobn\u00e9 lodn\u00edmu vaku, tak\u017ee va\u0161e vybaven\u00ed takt\u00e9\u017e udr\u017e\u00ed bezpe\u010dn\u011b v\u00a0suchu.<\/p>\n<h2><strong>Do r\u00e1mu n\u00e1\u0159ad\u00ed, vodu \u010di j\u00eddlo<\/strong><\/h2>\n<p>T\u011b\u017ei\u0161t\u011b na kole, kter\u00e9 se po v\u011bt\u0161inu doby u v\u011bt\u0161iny cyklist\u016f nach\u00e1z\u00ed kdesi kolem \u0161lapac\u00edho st\u0159edu, je dobr\u00e9 vyu\u017e\u00edt pro ulo\u017een\u00ed hmotn\u011bj\u0161\u00edch v\u011bc\u00ed jako je n\u00e1\u0159ad\u00ed, voda nebo j\u00eddlo. K\u00a0tomu v\u00e1m poslou\u017e\u00ed r\u00e1mov\u00e9 bra\u0161ny.<\/p>\n<div class=\"shortcode-ys-post-pinup\"><article class=\"loop-simple post-6569 post type-post status-publish format-standard has-post-thumbnail hentry category-https-www-welovecycling-com-cs-category-zabava category-zdravi-a-trenink tag-trenink global-categories-cycling\" data-postid=\"6569\" role=\"article\" data-post-id=\"6569\" data-word-count=\"305\" data-headline-length=\"88\" data-category=\"Zdrav\u00ed a tr\u00e9nink\" data-global-category=\"Cycling\" data-author=\"Ji\u0159\u00ed Kalo\u010d\" data-published=\"2020-04-14T09:00:22+02:00\" data-published-day=\"Tuesday\">\n    <div class=\"entry-thumbnail article-thumbnail\" content=\"https:\/\/d2p6e6u75xmxt8.cloudfront.net\/13\/2020\/04\/Nova-cup-e1586936487430-150x150.webp\"><a href=\"https:\/\/www.welovecycling.com\/cs\/2020\/04\/14\/z-gauce-na-cyklomaraton-treninkovy-plan-na-druhy-tyden-pracujte-na-dobe-v-sedle\/\" class=\"image-holder\" target=\"_self\"><img decoding=\"async\" loading=\"lazy\" class=\"\" src=\"https:\/\/d2p6e6u75xmxt8.cloudfront.net\/13\/2020\/04\/Nova-cup-e1586936487430-1024x762.webp\" srcset=\"https:\/\/d2p6e6u75xmxt8.cloudfront.net\/13\/2020\/04\/Nova-cup-e1586936487430.webp 1720w, https:\/\/d2p6e6u75xmxt8.cloudfront.net\/13\/2020\/04\/Nova-cup-e1586936487430-300x223.webp 300w, https:\/\/d2p6e6u75xmxt8.cloudfront.net\/13\/2020\/04\/Nova-cup-e1586936487430-1024x762.webp 1024w, https:\/\/d2p6e6u75xmxt8.cloudfront.net\/13\/2020\/04\/Nova-cup-e1586936487430-768x572.webp 768w, https:\/\/d2p6e6u75xmxt8.cloudfront.net\/13\/2020\/04\/Nova-cup-e1586936487430-1536x1143.webp 1536w\" width=\"1024\" height=\"762\" sizes=\"auto, (min-width: 1200px) 300px, (min-width: 768px) 25vw, 100vw\" alt=\"z-gauce-na-cyklomaraton-treninkovy-plan-na-druhy-tyden-pracujte-na-dobe-v-sedle\"\/><\/a><\/div>    <div class=\"entry-meta\">\n        <a class=\"label label-secondary post-category\" href=\"https:\/\/www.welovecycling.com\/cs\/category\/zdravi-a-trenink\/\" title=\"Zdrav\u00ed a tr\u00e9nink\">Zdrav\u00ed a tr\u00e9nink<\/a>\n    <\/div>\n    <div class=\"entry-details\">\n        <a href=\"https:\/\/www.welovecycling.com\/cs\/2020\/04\/14\/z-gauce-na-cyklomaraton-treninkovy-plan-na-druhy-tyden-pracujte-na-dobe-v-sedle\/\" class='entry-title-wrapper'>\n            <h3 class=\"entry-title\"><span>Z\u00a0gau\u010de na cyklomaraton. Tr\u00e9ninkov\u00fd pl\u00e1n na druh\u00fd t\u00fdden: opatrn\u011b nav\u00fd\u0161it objem<\/span><\/h3>\n        <\/a>\n    <\/div>\n    <\/article>\n<\/div>\n<p>Geometrie a d\u00e9lka va\u0161eho r\u00e1mu ur\u010duje tvar a rozm\u011br r\u00e1mov\u00e9 bra\u0161ny. U bikepacker\u016f potk\u00e1te na m\u00edru vytvo\u0159en\u00e9 bra\u0161ny do cel\u00e9ho r\u00e1mov\u00e9ho trojuheln\u00edku nebo t\u0159eba malou bra\u0161nu, kter\u00e1 kop\u00edruje celou horn\u00ed r\u00e1movou trubku.<\/p>\n<p>Ide\u00e1ln\u00edm \u0159e\u0161en\u00edm na drobn\u00e9 vybaven\u00ed jsou bra\u0161ny, kter\u00e9 lze zachytit na horn\u00ed r\u00e1movce a sedlovce nebo p\u0159edstavci. V\u011bt\u0161ina takov\u00fdch bra\u0161en je u\u0161ita z\u00a0vod\u011bodoln\u00e9ho materi\u00e1lu a z\u00e1rove\u0148 vybavena vodot\u011bsn\u00fdm zipem. Jde o detaily, kter\u00e9 ocen\u00edte obzvl\u00e1\u0161\u0165 v\u00a0m\u00e9n\u011b p\u0159\u00edzniv\u00e9m po\u010das\u00ed.<\/p>\n<h2><strong>Mal\u00e9 kapsy na \u0159\u00edd\u00edtka a p\u0159edstavec<\/strong><\/h2>\n<p>Mal\u00e9 kapsy na \u0159\u00edd\u00edtka a p\u0159edstavec jsou dal\u0161\u00edm obl\u00edben\u00fdm \u00falo\u017ei\u0161t\u011bm pro dostupn\u00e9 drobnosti, jako t\u0159eba j\u00eddlo. Pro v\u00edcedenn\u00ed n\u00e1ro\u010dn\u00fd bikepacking se hod\u00ed dr\u017e\u00e1ky na p\u0159edn\u00ed i zadn\u00ed vidlici, kter\u00e9 mohou pojmout bidony s\u00a0vodou nebo jin\u00fd d\u016fle\u017eit\u00fd materi\u00e1l.<\/p>\n<figure id=\"attachment_6420\" aria-describedby=\"caption-attachment-6420\" style=\"width: 1440px\" class=\"wp-caption alignnone\"><a href=\"https:\/\/d2p6e6u75xmxt8.cloudfront.net\/13\/2020\/04\/bikepacking-4.jpg\"><img loading=\"lazy\" decoding=\"async\" class=\"size-extra-large wp-image-6420\" src=\"https:\/\/d2p6e6u75xmxt8.cloudfront.net\/13\/2020\/04\/bikepacking-4-1440x1920.jpg\" alt=\"\" width=\"1440\" height=\"1920\" \/><\/a><figcaption id=\"caption-attachment-6420\" class=\"wp-caption-text\"><em>Maxim\u00e1ln\u00ed vyu\u017eit\u00ed prostoru na kole pro bikepacking. Foto: Pavel \u0160tastn\u00fd<\/em><\/figcaption><\/figure>\n<p>Se v\u0161\u00edm t\u00edmto vybaven\u00edm u\u017e je mo\u017en\u00e9 se bezprobl\u00e9mov\u011b zabalit na n\u011bkolik dn\u016f dlouh\u00e9 p\u0159ejezdy a pobyty v\u00a0hlubok\u00e9 divo\u010din\u011b. \u017de v\u00e1m to p\u0159ijde p\u0159esp\u0159\u00edli\u0161 nov\u00e9ho vybaven\u00ed pro takovou kratochv\u00edli? \u0158e\u0161en\u00ed je nasnad\u011b, poptejte \u0161ikovnou babi\u010dku nebo kamar\u00e1dku, ona v\u00e1m r\u00e1da takov\u00e9 bra\u0161ni\u010dky r\u00e1da u\u0161ije. \u017de ani tady nenajdete \u0159e\u0161en\u00ed? Vezm\u011bte si v\u00e1\u0161 batoh, zabalte si to d\u016fle\u017eit\u00e9 a u\u017e vyrazte! Cesta je c\u00edl!<\/p>\n","protected":false},"excerpt":{"rendered":"<p>Cestujete rad\u011bji svi\u017en\u011b a po\u017eitk\u00e1\u0159sky s\u00a0minimem v\u011bc\u00ed nebo rad\u011bji nalo\u017e\u00edte p\u0159erostl\u00fd karavan \u010di obludn\u00fd obytn\u00fd v\u016fz a neohraban\u011b se sunete [&hellip;]<\/p>\n","protected":false},"author":122,"featured_media":6542,"comment_status":"open","ping_status":"open","sticky":false,"template":"","format":"standard","meta":{"footnotes":""},"categories":[15,660],"tags":[324,883,882],"global-categories":[411],"class_list":["post-6653","post","type-post","status-publish","format-standard","has-post-thumbnail","hentry","category-rady-tipy","category-https-www-welovecycling-com-cs-category-zabava","tag-bikepacking","tag-cyklisticke-batohy","tag-cyklisticke-brasny","global-categories-cycling"],"yoast_head":"<!-- This site is optimized with the Yoast SEO Premium plugin v25.3 (Yoast SEO v25.9) - https:\/\/yoast.com\/wordpress\/plugins\/seo\/ -->\n<title>Bra\u0161ny, kapsy, batohy a jejich um\u00edst\u011bn\u00ed na kole pro bikepacking | \u0160koda We Love Cycling - \u010cesk\u00e1 republika<\/title>\n<meta name=\"robots\" content=\"index, follow, max-snippet:-1, max-image-preview:large, max-video-preview:-1\" \/>\n<link rel=\"canonical\" href=\"https:\/\/www.welovecycling.com\/cs\/2020\/04\/16\/bikepacking-iii-brasny-kapsy-batohy-a-jejich-umisteni-na-kole\/\" \/>\n<meta property=\"og:locale\" content=\"cs_CZ\" \/>\n<meta property=\"og:type\" content=\"article\" \/>\n<meta property=\"og:title\" content=\"Bra\u0161ny, kapsy, batohy a jejich um\u00edst\u011bn\u00ed na kole pro bikepacking\" \/>\n<meta property=\"og:description\" content=\"Cestujete rad\u011bji svi\u017en\u011b a po\u017eitk\u00e1\u0159sky s\u00a0minimem v\u011bc\u00ed nebo rad\u011bji nalo\u017e\u00edte p\u0159erostl\u00fd karavan \u010di obludn\u00fd obytn\u00fd v\u016fz a neohraban\u011b se sunete [&hellip;]\" \/>\n<meta property=\"og:url\" content=\"https:\/\/www.welovecycling.com\/cs\/2020\/04\/16\/bikepacking-iii-brasny-kapsy-batohy-a-jejich-umisteni-na-kole\/\" \/>\n<meta property=\"og:site_name\" content=\"\u0160koda We Love Cycling - \u010cesk\u00e1 republika\" \/>\n<meta property=\"article:published_time\" content=\"2020-04-16T16:00:29+00:00\" \/>\n<meta property=\"og:image\" content=\"https:\/\/d2p6e6u75xmxt8.cloudfront.net\/13\/2020\/04\/gravel-bike.webp\" \/>\n\t<meta property=\"og:image:width\" content=\"1102\" \/>\n\t<meta property=\"og:image:height\" content=\"1104\" \/>\n\t<meta property=\"og:image:type\" content=\"image\/webp\" \/>\n<meta name=\"twitter:card\" content=\"summary_large_image\" \/>\n<meta name=\"twitter:label1\" content=\"Written by\" \/>\n\t<meta name=\"twitter:data1\" content=\"Ji\u0159\u00ed Kalo\u010d\" \/>\n\t<meta name=\"twitter:label2\" content=\"Est. reading time\" \/>\n\t<meta name=\"twitter:data2\" content=\"4\" \/>\n<script type=\"application\/ld+json\" class=\"yoast-schema-graph\">{\"@context\":\"https:\/\/schema.org\",\"@graph\":[{\"@type\":\"WebPage\",\"@id\":\"https:\/\/www.welovecycling.com\/cs\/2020\/04\/16\/bikepacking-iii-brasny-kapsy-batohy-a-jejich-umisteni-na-kole\/\",\"url\":\"https:\/\/www.welovecycling.com\/cs\/2020\/04\/16\/bikepacking-iii-brasny-kapsy-batohy-a-jejich-umisteni-na-kole\/\",\"name\":\"Bra\u0161ny, kapsy, batohy a jejich um\u00edst\u011bn\u00ed na kole pro bikepacking | \u0160koda We Love Cycling - \u010cesk\u00e1 republika\",\"isPartOf\":{\"@id\":\"https:\/\/www.welovecycling.com\/cs\/#website\"},\"primaryImageOfPage\":{\"@id\":\"https:\/\/www.welovecycling.com\/cs\/2020\/04\/16\/bikepacking-iii-brasny-kapsy-batohy-a-jejich-umisteni-na-kole\/#primaryimage\"},\"image\":{\"@id\":\"https:\/\/www.welovecycling.com\/cs\/2020\/04\/16\/bikepacking-iii-brasny-kapsy-batohy-a-jejich-umisteni-na-kole\/#primaryimage\"},\"thumbnailUrl\":\"https:\/\/d2p6e6u75xmxt8.cloudfront.net\/13\/2020\/04\/gravel-bike.webp\",\"datePublished\":\"2020-04-16T16:00:29+00:00\",\"author\":{\"@id\":\"\"},\"inLanguage\":\"cs\",\"potentialAction\":[{\"@type\":\"ReadAction\",\"target\":[\"https:\/\/www.welovecycling.com\/cs\/2020\/04\/16\/bikepacking-iii-brasny-kapsy-batohy-a-jejich-umisteni-na-kole\/\"]}]},{\"@type\":\"ImageObject\",\"inLanguage\":\"cs\",\"@id\":\"https:\/\/www.welovecycling.com\/cs\/2020\/04\/16\/bikepacking-iii-brasny-kapsy-batohy-a-jejich-umisteni-na-kole\/#primaryimage\",\"url\":\"https:\/\/d2p6e6u75xmxt8.cloudfront.net\/13\/2020\/04\/gravel-bike.webp\",\"contentUrl\":\"https:\/\/d2p6e6u75xmxt8.cloudfront.net\/13\/2020\/04\/gravel-bike.webp\",\"width\":1102,\"height\":1104,\"caption\":\"Gravel bike osazen\u00fd bra\u0161nami a nachystan\u00fd na bikepacking. Foto: Michal \u010cerven\u00fd\"},{\"@type\":\"WebSite\",\"@id\":\"https:\/\/www.welovecycling.com\/cs\/#website\",\"url\":\"https:\/\/www.welovecycling.com\/cs\/\",\"name\":\"\u0160koda We Love Cycling - \u010cesk\u00e1 republika\",\"description\":\"WeLoveCycling.cz je online magaz\u00edn, kter\u00fd v\u00e1m pravideln\u011b p\u0159in\u00e1\u0161\u00ed rady a tipy, zaj\u00edmav\u00e9 \u010dl\u00e1nky, videa a jedine\u010dn\u00e9 report\u00e1\u017ee ze sv\u011bta cyklistiky.\",\"potentialAction\":[{\"@type\":\"SearchAction\",\"target\":{\"@type\":\"EntryPoint\",\"urlTemplate\":\"https:\/\/www.welovecycling.com\/cs\/?s={search_term_string}\"},\"query-input\":{\"@type\":\"PropertyValueSpecification\",\"valueRequired\":true,\"valueName\":\"search_term_string\"}}],\"inLanguage\":\"cs\"},{\"@type\":\"Person\",\"@id\":\"\",\"url\":\"https:\/\/www.welovecycling.com\/cs\/author\/\"}]}<\/script>\n<!-- \/ Yoast SEO Premium plugin. -->","yoast_head_json":{"title":"Bra\u0161ny, kapsy, batohy a jejich um\u00edst\u011bn\u00ed na kole pro bikepacking | \u0160koda We Love Cycling - \u010cesk\u00e1 republika","robots":{"index":"index","follow":"follow","max-snippet":"max-snippet:-1","max-image-preview":"max-image-preview:large","max-video-preview":"max-video-preview:-1"},"canonical":"https:\/\/www.welovecycling.com\/cs\/2020\/04\/16\/bikepacking-iii-brasny-kapsy-batohy-a-jejich-umisteni-na-kole\/","og_locale":"cs_CZ","og_type":"article","og_title":"Bra\u0161ny, kapsy, batohy a jejich um\u00edst\u011bn\u00ed na kole pro bikepacking","og_description":"Cestujete rad\u011bji svi\u017en\u011b a po\u017eitk\u00e1\u0159sky s\u00a0minimem v\u011bc\u00ed nebo rad\u011bji nalo\u017e\u00edte p\u0159erostl\u00fd karavan \u010di obludn\u00fd obytn\u00fd v\u016fz a neohraban\u011b se sunete [&hellip;]","og_url":"https:\/\/www.welovecycling.com\/cs\/2020\/04\/16\/bikepacking-iii-brasny-kapsy-batohy-a-jejich-umisteni-na-kole\/","og_site_name":"\u0160koda We Love Cycling - \u010cesk\u00e1 republika","article_published_time":"2020-04-16T16:00:29+00:00","og_image":[{"width":1102,"height":1104,"url":"https:\/\/d2p6e6u75xmxt8.cloudfront.net\/13\/2020\/04\/gravel-bike.webp","type":"image\/webp"}],"twitter_card":"summary_large_image","twitter_misc":{"Written by":"Ji\u0159\u00ed Kalo\u010d","Est. reading time":"4"},"schema":{"@context":"https:\/\/schema.org","@graph":[{"@type":"WebPage","@id":"https:\/\/www.welovecycling.com\/cs\/2020\/04\/16\/bikepacking-iii-brasny-kapsy-batohy-a-jejich-umisteni-na-kole\/","url":"https:\/\/www.welovecycling.com\/cs\/2020\/04\/16\/bikepacking-iii-brasny-kapsy-batohy-a-jejich-umisteni-na-kole\/","name":"Bra\u0161ny, kapsy, batohy a jejich um\u00edst\u011bn\u00ed na kole pro bikepacking | \u0160koda We Love Cycling - \u010cesk\u00e1 republika","isPartOf":{"@id":"https:\/\/www.welovecycling.com\/cs\/#website"},"primaryImageOfPage":{"@id":"https:\/\/www.welovecycling.com\/cs\/2020\/04\/16\/bikepacking-iii-brasny-kapsy-batohy-a-jejich-umisteni-na-kole\/#primaryimage"},"image":{"@id":"https:\/\/www.welovecycling.com\/cs\/2020\/04\/16\/bikepacking-iii-brasny-kapsy-batohy-a-jejich-umisteni-na-kole\/#primaryimage"},"thumbnailUrl":"https:\/\/d2p6e6u75xmxt8.cloudfront.net\/13\/2020\/04\/gravel-bike.webp","datePublished":"2020-04-16T16:00:29+00:00","author":{"@id":""},"inLanguage":"cs","potentialAction":[{"@type":"ReadAction","target":["https:\/\/www.welovecycling.com\/cs\/2020\/04\/16\/bikepacking-iii-brasny-kapsy-batohy-a-jejich-umisteni-na-kole\/"]}]},{"@type":"ImageObject","inLanguage":"cs","@id":"https:\/\/www.welovecycling.com\/cs\/2020\/04\/16\/bikepacking-iii-brasny-kapsy-batohy-a-jejich-umisteni-na-kole\/#primaryimage","url":"https:\/\/d2p6e6u75xmxt8.cloudfront.net\/13\/2020\/04\/gravel-bike.webp","contentUrl":"https:\/\/d2p6e6u75xmxt8.cloudfront.net\/13\/2020\/04\/gravel-bike.webp","width":1102,"height":1104,"caption":"Gravel bike osazen\u00fd bra\u0161nami a nachystan\u00fd na bikepacking. Foto: Michal \u010cerven\u00fd"},{"@type":"WebSite","@id":"https:\/\/www.welovecycling.com\/cs\/#website","url":"https:\/\/www.welovecycling.com\/cs\/","name":"\u0160koda We Love Cycling - \u010cesk\u00e1 republika","description":"WeLoveCycling.cz je online magaz\u00edn, kter\u00fd v\u00e1m pravideln\u011b p\u0159in\u00e1\u0161\u00ed rady a tipy, zaj\u00edmav\u00e9 \u010dl\u00e1nky, videa a jedine\u010dn\u00e9 report\u00e1\u017ee ze sv\u011bta cyklistiky.","potentialAction":[{"@type":"SearchAction","target":{"@type":"EntryPoint","urlTemplate":"https:\/\/www.welovecycling.com\/cs\/?s={search_term_string}"},"query-input":{"@type":"PropertyValueSpecification","valueRequired":true,"valueName":"search_term_string"}}],"inLanguage":"cs"},{"@type":"Person","@id":"","url":"https:\/\/www.welovecycling.com\/cs\/author\/"}]}},"_links":{"self":[{"href":"https:\/\/www.welovecycling.com\/cs\/wp-json\/wp\/v2\/posts\/6653","targetHints":{"allow":["GET"]}}],"collection":[{"href":"https:\/\/www.welovecycling.com\/cs\/wp-json\/wp\/v2\/posts"}],"about":[{"href":"https:\/\/www.welovecycling.com\/cs\/wp-json\/wp\/v2\/types\/post"}],"author":[{"embeddable":true,"href":"https:\/\/www.welovecycling.com\/cs\/wp-json\/wp\/v2\/users\/122"}],"replies":[{"embeddable":true,"href":"https:\/\/www.welovecycling.com\/cs\/wp-json\/wp\/v2\/comments?post=6653"}],"version-history":[{"count":2,"href":"https:\/\/www.welovecycling.com\/cs\/wp-json\/wp\/v2\/posts\/6653\/revisions"}],"predecessor-version":[{"id":6660,"href":"https:\/\/www.welovecycling.com\/cs\/wp-json\/wp\/v2\/posts\/6653\/revisions\/6660"}],"wp:featuredmedia":[{"embeddable":true,"href":"https:\/\/www.welovecycling.com\/cs\/wp-json\/wp\/v2\/media\/6542"}],"wp:attachment":[{"href":"https:\/\/www.welovecycling.com\/cs\/wp-json\/wp\/v2\/media?parent=6653"}],"wp:term":[{"taxonomy":"category","embeddable":true,"href":"https:\/\/www.welovecycling.com\/cs\/wp-json\/wp\/v2\/categories?post=6653"},{"taxonomy":"post_tag","embeddable":true,"href":"https:\/\/www.welovecycling.com\/cs\/wp-json\/wp\/v2\/tags?post=6653"},{"taxonomy":"global-categories","embeddable":true,"href":"https:\/\/www.welovecycling.com\/cs\/wp-json\/wp\/v2\/global-categories?post=6653"}],"curies":[{"name":"wp","href":"https:\/\/api.w.org\/{rel}","templated":true}]}}