{"id":6352,"date":"2020-03-31T08:00:22","date_gmt":"2020-03-31T06:00:22","guid":{"rendered":"https:\/\/www.welovecycling.com\/cs\/?p=6352"},"modified":"2020-03-31T07:45:14","modified_gmt":"2020-03-31T05:45:14","slug":"trener-reprezentace-tomas-konecny-tour-de-france-bude-meznik-sezony","status":"publish","type":"post","link":"https:\/\/www.welovecycling.com\/cs\/2020\/03\/31\/trener-reprezentace-tomas-konecny-tour-de-france-bude-meznik-sezony\/","title":{"rendered":"Tren\u00e9r reprezentace Tom\u00e1\u0161 Kone\u010dn\u00fd: Tour de France bude mezn\u00edk sezony"},"content":{"rendered":"<p><strong>Telefon mu neust\u00e1le drn\u010d\u00ed. Mobil m\u00e1 u ucha t\u00e9m\u011b\u0159 nonstop. Za norm\u00e1ln\u00edch okolnost\u00ed by byl v\u00a0t\u011bchto dnech tren\u00e9r \u010desk\u00e9 silni\u010dn\u00ed reprezentace Tom\u00e1\u0161 Kone\u010dn\u00fd na roztrh\u00e1n\u00ed. S\u00a0n\u00e1rodn\u00edmi v\u00fdb\u011bry nebo jako sportovn\u00ed \u0159editel t\u00fdmu Tufo Pardus Prost\u011bjov by jezdil ze z\u00e1vodu na z\u00e1vod, tvo\u0159il nominace. \u00a0Po vypuknut\u00ed epidemie koronaviru sleduje, jak se jeden z\u00e1vod za druh\u00fdm ru\u0161\u00ed. A tak komunikuje se sv\u011b\u0159enci a \u0159e\u0161\u00ed nelehkou situaci.\u00a0\u201eP\u0159ipad\u00e1m si jako v\u00a0n\u011bjak\u00e9m zl\u00e9m snu. Jen \u010dek\u00e1m, kdy se z\u00a0n\u011bj v\u0161ichni probud\u00edme a zase to bude lep\u0161\u00ed,\u201c \u0159\u00edk\u00e1 b\u00fdval\u00fd \u00fasp\u011b\u0161n\u00fd profesion\u00e1l.<\/strong><\/p>\n<h2><strong>Jak m\u011bn\u00ed pandemie koronaviru pl\u00e1ny cyklist\u016f?<\/strong><\/h2>\n<p>Stejn\u011b jako v\u0161ech jin\u00fdch lid\u00ed i sportovc\u016f. V\u0161echno se bort\u00ed a netrp\u011bliv\u011b \u010dek\u00e1me, \u017ee se to za\u010dne lep\u0161it a sez\u00f3na se rozb\u011bhne. Ale kdy\u017e d\u011bn\u00ed \u010dlov\u011bk pozoruje, vyhl\u00eddky zat\u00edm nejsou nic moc. Ka\u017ed\u00fd st\u00e1t to m\u00e1 tro\u0161ku jinak, n\u011bkde je situace hor\u0161\u00ed, jinde lep\u0161\u00ed, n\u011bkde cyklist\u00e9 mohou ven, jinde ne. Ale to, \u017ee se otev\u0159ou hranice a za\u010dne se po Evrop\u011b jezdit na z\u00e1vody, je zat\u00edm podle m\u011b dost v\u00a0nedohlednu.<\/p>\n<h2><strong>Troufnete si odhadnout dal\u0161\u00ed v\u00fdvoj sezony?<\/strong><\/h2>\n<p>Probl\u00e9mem je velk\u00e1 kumulace lid\u00ed na jednom m\u00edst\u011b. P\u0159i cyklistice to nejsou jen z\u00e1vodn\u00edci, ale nezbytn\u00fd doprovod, rozhod\u010d\u00ed, organiz\u00e1to\u0159i, fanou\u0161ci. Boj\u00edm se, \u017ee ne\u017e se v\u0161e bude moci v\u00a0klasick\u00e9 podob\u011b vr\u00e1tit do star\u00fdch kolej\u00ed, bude to trvat dlouho. Abychom se letos v\u016fbec cyklistiky na mezin\u00e1rodn\u00ed \u00farovni do\u010dkali&#8230; Taky se m\u016f\u017ee st\u00e1t, \u017ee tady u n\u00e1s pojedeme v\u0161ichni jednu sezonu a profesion\u00e1lov\u00e9 z\u00a0WorldTour t\u00fdm\u016f se objev\u00ed na \u010cesk\u00e9m poh\u00e1ru pod hlavi\u010dkou reprezentace. Ale te\u010f opravdu nedok\u00e1\u017eu odhadnout, co bude.<\/p>\n<div class=\"shortcode-ys-post-pinup\"><article class=\"loop-simple post-6263 post type-post status-publish format-standard has-post-thumbnail hentry category-horska-cyklistika category-zdravi-a-trenink tag-ondrej-cink tag-silnicni-cyklistika global-categories-cycling\" data-postid=\"6263\" role=\"article\" data-post-id=\"6263\" data-word-count=\"309\" data-headline-length=\"65\" data-category=\"Horsk\u00e1 cyklistika\" data-global-category=\"Cycling\" data-author=\"Radek Malina\" data-published=\"2020-03-25T07:30:39+02:00\" data-published-day=\"Wednesday\">\n    <div class=\"entry-thumbnail article-thumbnail\" content=\"https:\/\/d2p6e6u75xmxt8.cloudfront.net\/13\/2020\/02\/profimedia-0469782879-1-150x150.webp\"><a href=\"https:\/\/www.welovecycling.com\/cs\/2020\/03\/25\/ondrej-cink-trenink-v-obyvaku-je-narocnejsi-na-psychiku\/\" class=\"image-holder\" target=\"_self\"><img decoding=\"async\" loading=\"lazy\" class=\"\" src=\"https:\/\/d2p6e6u75xmxt8.cloudfront.net\/13\/2020\/02\/profimedia-0469782879-1-1024x683.webp\" srcset=\"https:\/\/d2p6e6u75xmxt8.cloudfront.net\/13\/2020\/02\/profimedia-0469782879-1.webp 1800w, https:\/\/d2p6e6u75xmxt8.cloudfront.net\/13\/2020\/02\/profimedia-0469782879-1-300x200.webp 300w, https:\/\/d2p6e6u75xmxt8.cloudfront.net\/13\/2020\/02\/profimedia-0469782879-1-1024x683.webp 1024w, https:\/\/d2p6e6u75xmxt8.cloudfront.net\/13\/2020\/02\/profimedia-0469782879-1-768x512.webp 768w, https:\/\/d2p6e6u75xmxt8.cloudfront.net\/13\/2020\/02\/profimedia-0469782879-1-1536x1024.webp 1536w, https:\/\/d2p6e6u75xmxt8.cloudfront.net\/13\/2020\/02\/profimedia-0469782879-1-272x182.webp 272w\" width=\"1024\" height=\"683\" sizes=\"auto, (min-width: 1200px) 300px, (min-width: 768px) 25vw, 100vw\" alt=\"ondrej-cink-trenink-v-obyvaku-je-narocnejsi-na-psychiku\"\/><\/a><\/div>    <div class=\"entry-meta\">\n        <a class=\"label label-secondary post-category\" href=\"https:\/\/www.welovecycling.com\/cs\/category\/horska-cyklistika\/\" title=\"Horsk\u00e1 cyklistika\">Horsk\u00e1 cyklistika<\/a>\n    <\/div>\n    <div class=\"entry-details\">\n        <a href=\"https:\/\/www.welovecycling.com\/cs\/2020\/03\/25\/ondrej-cink-trenink-v-obyvaku-je-narocnejsi-na-psychiku\/\" class='entry-title-wrapper'>\n            <h3 class=\"entry-title\"><span>Ond\u0159ej Cink: Tr\u00e9nink v ob\u00fdv\u00e1ku je n\u00e1ro\u010dn\u011bj\u0161\u00ed na psychiku<\/span><\/h3>\n        <\/a>\n    <\/div>\n    <\/article>\n<\/div>\n<h2><strong>Jste ve spojen\u00ed s reprezentanty z elitn\u00edch st\u00e1j\u00ed?<\/strong><\/h2>\n<p>Ano. Zden\u011bk \u0160tybar je v\u00a0Belgii, Petr Vako\u010d v\u00a0Ando\u0159e, jinak v\u0161ichni ostatn\u00ed dorazili dom\u016f. Roman Kreuziger a Honza Hirt jsou v\u00a0karant\u00e9n\u011b. Zat\u00edm jsou v\u0161ichni v\u00a0pohod\u011b a v\u011b\u0159\u00ed, \u017ee se v\u00a0n\u011bjak\u00e9m horizontu sezona rozjede. Jejich t\u00fdmy nep\u0159istoupily k\u00a0n\u011bjak\u00fdm \u00fasporn\u00fdm opat\u0159en\u00edm a sna\u017e\u00ed se pro kluky a fanou\u0161ky organizovat spole\u010dn\u00e9 tr\u00e9ninky na trena\u017eerech, ka\u017ed\u00fd ze sv\u00e9ho domova. D\u00edky platform\u011b Rouvy to funguje i v \u010cesku a n\u011bkte\u0159\u00ed kluci, t\u0159eba reprezenta\u010dn\u00ed bike\u0159i, se do akce u\u017e zapojili.<\/p>\n<h2><strong>A tren\u00e9r n\u00e1rodn\u00edho t\u00fdmu, kter\u00fd by m\u011bl j\u00edt p\u0159\u00edkladem?<\/strong><\/h2>\n<p>J\u00e1 si te\u010f taky jeden z\u00e1vod st\u0159ihnul. Byla to v\u00a0podstat\u011b \u010dasovka v\u00a0Austr\u00e1lii, na 26 kilometr\u016f, ale s\u00a0t\u0159emi kopci. \u0158ekl jsem si pr\u00e1v\u011b, \u017ee p\u016fjdu p\u0159\u00edkladem a bylo to pro m\u011b celkem peklo. Byl jsem 93. z\u00a0250, vyhr\u00e1l Vastl p\u0159ed \u0160karnitzlem. Oni jeli \u010dty\u0159icet minut, j\u00e1 pades\u00e1t. Ti kluci jsou \u00fapln\u011b jinde, ale jde sp\u00ed\u0161 o to, \u017ee je zde t\u0159eba i pro mlad\u00e9 z\u00e1vodn\u00edky \u0161ance jet virtu\u00e1ln\u011b s\u00a0reprezentanty. Pr\u00e1v\u011b pro mlad\u00e9 se sna\u017e\u00edme po\u0159\u00e1d n\u011bco vym\u00fd\u0161let, aby n\u00e1m d\u011bti neut\u00edkaly od cyklistiky. Jen\u017ee mo\u017enosti jsou omezen\u00e9. Nyn\u00ed t\u0159eba budeme s\u00a0na\u0161imi nejlep\u0161\u00edmi profesion\u00e1ly d\u011blat propaga\u010dn\u00ed videa, kde nechaj\u00ed i nahl\u00e9dnout pod pokli\u010dku a uk\u00e1\u017eou, jak nyn\u00ed doma tr\u00e9nuj\u00ed, co d\u011blaj\u00ed.<\/p>\n<p><a href=\"https:\/\/d2p6e6u75xmxt8.cloudfront.net\/13\/2020\/02\/Rouvy-CVR-1.jpg\"><img loading=\"lazy\" decoding=\"async\" class=\"alignnone size-full wp-image-5474\" src=\"https:\/\/d2p6e6u75xmxt8.cloudfront.net\/13\/2020\/02\/Rouvy-CVR-1.jpg\" alt=\"\" width=\"1366\" height=\"600\" \/><\/a><\/p>\n<h2><strong>Zat\u00edm se \u0161krt\u00e1 jeden z\u00e1vod za druh\u00fdm. Co m\u016f\u017ee b\u00fdt zlom v\u00a0sezon\u011b?<\/strong><\/h2>\n<p>V\u00a0t\u00e9 nejvy\u0161\u0161\u00ed lize ur\u010dit\u011b Tour de France. Kdyby zru\u0161ili Tour, tak u\u017e to bude velk\u00fd pr\u016f\u0161vih pro v\u0161echny: t\u00fdmy i sponzory. Ve Francii se objevily n\u00e1zory z\u00a0vl\u00e1dy, \u017ee by se Tour mohla konat bez div\u00e1k\u016f. Nedok\u00e1\u017eu si to p\u0159edstavit. N\u011bjak\u00fd okruh se d\u00e1 uhl\u00eddat, ale etapu dlouhou 200 kilometr\u016f? To ur\u010dit\u011b ne. Tour bude mezn\u00edk sezony. Nav\u00edc ti kluci pot\u0159ebuj\u00ed absolvovat i n\u011bco p\u0159ed t\u00edm na rozjet\u00ed, t\u0159eba Dauphin\u00e9. Ano, Tour se m\u016f\u017ee jet i v\u00a0srpnu, ale pak u\u017e by se asi musely jet Giro i Vuelta soub\u011b\u017en\u011b, jinak si to moc nedok\u00e1\u017eu p\u0159edstavit. Ale jak \u0159\u00edk\u00e1m, situace se m\u016f\u017ee m\u011bnit ze dne na den. Te\u010f jsou v\u0161e jen spekulace.<\/p>\n<div class=\"shortcode-ys-post-pinup\"><article class=\"loop-simple post-6200 post type-post status-publish format-standard has-post-thumbnail hentry category-horska-cyklistika category-zeny tag-sarka-strachova tag-trenink tag-zdravi-a-trenink tag-zeny global-categories-cycling\" data-postid=\"6200\" role=\"article\" data-post-id=\"6200\" data-word-count=\"727\" data-headline-length=\"81\" data-category=\"Horsk\u00e1 cyklistika\" data-global-category=\"Cycling\" data-author=\"Jana And\u011blov\u00e1\" data-published=\"2020-03-22T08:00:52+02:00\" data-published-day=\"Sunday\">\n    <div class=\"entry-thumbnail article-thumbnail\" content=\"https:\/\/d2p6e6u75xmxt8.cloudfront.net\/13\/2020\/03\/zahrobska-150x150.webp\"><a href=\"https:\/\/www.welovecycling.com\/cs\/2020\/03\/22\/sarka-strachova-tisice-kilometru-na-kole-pomohly-k-titulu-mistryne-sveta\/\" class=\"image-holder\" target=\"_self\"><img decoding=\"async\" loading=\"lazy\" class=\"\" src=\"https:\/\/d2p6e6u75xmxt8.cloudfront.net\/13\/2020\/03\/zahrobska-1024x603.webp\" srcset=\"https:\/\/d2p6e6u75xmxt8.cloudfront.net\/13\/2020\/03\/zahrobska-scaled.webp 2560w, https:\/\/d2p6e6u75xmxt8.cloudfront.net\/13\/2020\/03\/zahrobska-300x177.webp 300w, https:\/\/d2p6e6u75xmxt8.cloudfront.net\/13\/2020\/03\/zahrobska-1024x603.webp 1024w, https:\/\/d2p6e6u75xmxt8.cloudfront.net\/13\/2020\/03\/zahrobska-768x452.webp 768w, https:\/\/d2p6e6u75xmxt8.cloudfront.net\/13\/2020\/03\/zahrobska-1536x904.webp 1536w, https:\/\/d2p6e6u75xmxt8.cloudfront.net\/13\/2020\/03\/zahrobska-2048x1206.webp 2048w, https:\/\/d2p6e6u75xmxt8.cloudfront.net\/13\/2020\/03\/zahrobska-1920x1130.webp 1920w, https:\/\/d2p6e6u75xmxt8.cloudfront.net\/13\/2020\/03\/zahrobska-1920x1130.webp 1920w\" width=\"1024\" height=\"603\" sizes=\"auto, (min-width: 1200px) 340px, (min-width: 768px) 28vw, 100vw\" alt=\"sarka-strachova-tisice-kilometru-na-kole-pomohly-k-titulu-mistryne-sveta\"\/><\/a><\/div>    <div class=\"entry-meta\">\n        <a class=\"label label-secondary post-category\" href=\"https:\/\/www.welovecycling.com\/cs\/category\/horska-cyklistika\/\" title=\"Horsk\u00e1 cyklistika\">Horsk\u00e1 cyklistika<\/a>\n    <\/div>\n    <div class=\"entry-details\">\n        <a href=\"https:\/\/www.welovecycling.com\/cs\/2020\/03\/22\/sarka-strachova-tisice-kilometru-na-kole-pomohly-k-titulu-mistryne-sveta\/\" class='entry-title-wrapper'>\n            <h3 class=\"entry-title\"><span>\u0160\u00e1rka Strachov\u00e1: Tis\u00edce kilometr\u016f na kole pomohly k\u00a0titulu mistryn\u011b sv\u011bta<\/span><\/h3>\n        <\/a>\n    <\/div>\n    <\/article>\n<\/div>\n<h2><strong>Je probl\u00e9mem p\u0159elo\u017een\u00ed olympi\u00e1dy na p\u0159\u00ed\u0161t\u00ed rok?<\/strong><\/h2>\n<p>Je to mal\u00e9r pro v\u0161echny, \u0159ada lid\u00ed se na olympi\u00e1du chyst\u00e1 a najednou v\u0161e \u010dty\u0159i m\u011bs\u00edce p\u0159ed fin\u00e1ln\u00ed p\u0159\u00edpravou padne. Nav\u00edc do olympijsk\u00e9 p\u0159\u00edpravy investuj\u00ed v\u0161ichni: t\u00fdmy, st\u00e1t, olympijsk\u00e9 v\u00fdbory, svazy. A pro organiz\u00e1tory budou ztr\u00e1ty nejv\u011bt\u0161\u00ed. Ale ned\u00e1 se nic d\u011blat. To, co se te\u010f d\u011bje, nikdo ne\u010dekal. Skoro tomu v\u00a0dne\u0161n\u00ed civilizaci ani nem\u016f\u017eu uv\u011b\u0159it. Nejd\u016fle\u017eit\u011bj\u0161\u00ed je, abychom se p\u0159es v\u0161e jako lidstvo p\u0159enesli. A teprve pak se budou \u0159e\u0161it dopady. Je jasn\u00e9, \u017ee budou obrovsk\u00e9.<\/p>\n<h2><strong>Pro\u017e\u00edv\u00e1te sou\u010dasnou situaci hodn\u011b? Uni\u010dov, kde jste za\u010d\u00ednal s\u00a0cyklistikou, byl cel\u00fd v karant\u00e9n\u011b&#8230;<\/strong><\/h2>\n<p>Hodn\u011b m\u011b to zas\u00e1hlo, m\u00e1m v\u00a0Uni\u010dov\u011b a okol\u00ed spoustu p\u0159\u00e1tel. V\u0161em dr\u017e\u00edm palce, proto\u017ee kompletn\u00ed izolace nebyla ur\u010dit\u011b nic p\u0159\u00edjemn\u00e9ho. Ale v\u0161ichni mus\u00edme p\u0159edpisy a vyhl\u00e1\u0161ky dodr\u017eovat, aby to stejn\u011b nepropuklo v\u00a0dal\u0161\u00edch m\u011bstech. Po\u0159\u00e1d \u010dek\u00e1m, a\u017e za\u010dnou p\u0159ich\u00e1zet n\u011bjak\u00e9 pozitivn\u00ed zpr\u00e1vy. Je to hodn\u011b n\u00e1ro\u010dn\u00e9. Mus\u00edme se semknout a v\u011b\u0159it, \u017ee bude l\u00edp.<\/p>\n","protected":false},"excerpt":{"rendered":"<p>Telefon mu neust\u00e1le drn\u010d\u00ed. Mobil m\u00e1 u ucha t\u00e9m\u011b\u0159 nonstop. Za norm\u00e1ln\u00edch okolnost\u00ed by byl v\u00a0t\u011bchto dnech tren\u00e9r \u010desk\u00e9 silni\u010dn\u00ed [&hellip;]<\/p>\n","protected":false},"author":122,"featured_media":5075,"comment_status":"open","ping_status":"open","sticky":false,"template":"","format":"standard","meta":{"footnotes":""},"categories":[10,6],"tags":[9,640,27],"global-categories":[411],"class_list":["post-6352","post","type-post","status-publish","format-standard","has-post-thumbnail","hentry","category-silnicni-cyklistika","category-zdravi-a-trenink","tag-silnicni-cyklistika","tag-tomas-konecny","tag-trenink","global-categories-cycling"],"yoast_head":"<!-- This site is optimized with the Yoast SEO Premium plugin v25.3 (Yoast SEO v25.9) - https:\/\/yoast.com\/wordpress\/plugins\/seo\/ -->\n<title>Tren\u00e9r reprezentace Tom\u00e1\u0161 Kone\u010dn\u00fd: Tour de France bude mezn\u00edk sezony | \u0160koda We Love Cycling - \u010cesk\u00e1 republika<\/title>\n<meta name=\"robots\" content=\"index, follow, max-snippet:-1, max-image-preview:large, max-video-preview:-1\" \/>\n<link rel=\"canonical\" href=\"https:\/\/www.welovecycling.com\/cs\/2020\/03\/31\/trener-reprezentace-tomas-konecny-tour-de-france-bude-meznik-sezony\/\" \/>\n<meta property=\"og:locale\" content=\"cs_CZ\" \/>\n<meta property=\"og:type\" content=\"article\" \/>\n<meta property=\"og:title\" content=\"Tren\u00e9r reprezentace Tom\u00e1\u0161 Kone\u010dn\u00fd: Tour de France bude mezn\u00edk sezony\" \/>\n<meta property=\"og:description\" content=\"Telefon mu neust\u00e1le drn\u010d\u00ed. Mobil m\u00e1 u ucha t\u00e9m\u011b\u0159 nonstop. Za norm\u00e1ln\u00edch okolnost\u00ed by byl v\u00a0t\u011bchto dnech tren\u00e9r \u010desk\u00e9 silni\u010dn\u00ed [&hellip;]\" \/>\n<meta property=\"og:url\" content=\"https:\/\/www.welovecycling.com\/cs\/2020\/03\/31\/trener-reprezentace-tomas-konecny-tour-de-france-bude-meznik-sezony\/\" \/>\n<meta property=\"og:site_name\" content=\"\u0160koda We Love Cycling - \u010cesk\u00e1 republika\" \/>\n<meta property=\"article:published_time\" content=\"2020-03-31T06:00:22+00:00\" \/>\n<meta property=\"og:image\" content=\"https:\/\/d2p6e6u75xmxt8.cloudfront.net\/13\/2020\/01\/profimedia-0445793212.webp\" \/>\n\t<meta property=\"og:image:width\" content=\"1800\" \/>\n\t<meta property=\"og:image:height\" content=\"1200\" \/>\n\t<meta property=\"og:image:type\" content=\"image\/webp\" \/>\n<meta name=\"twitter:card\" content=\"summary_large_image\" \/>\n<meta name=\"twitter:label1\" content=\"Written by\" \/>\n\t<meta name=\"twitter:data1\" content=\"Jana And\u011blov\u00e1\" \/>\n\t<meta name=\"twitter:label2\" content=\"Est. reading time\" \/>\n\t<meta name=\"twitter:data2\" content=\"4\" \/>\n<script type=\"application\/ld+json\" class=\"yoast-schema-graph\">{\"@context\":\"https:\/\/schema.org\",\"@graph\":[{\"@type\":\"WebPage\",\"@id\":\"https:\/\/www.welovecycling.com\/cs\/2020\/03\/31\/trener-reprezentace-tomas-konecny-tour-de-france-bude-meznik-sezony\/\",\"url\":\"https:\/\/www.welovecycling.com\/cs\/2020\/03\/31\/trener-reprezentace-tomas-konecny-tour-de-france-bude-meznik-sezony\/\",\"name\":\"Tren\u00e9r reprezentace Tom\u00e1\u0161 Kone\u010dn\u00fd: Tour de France bude mezn\u00edk sezony | \u0160koda We Love Cycling - \u010cesk\u00e1 republika\",\"isPartOf\":{\"@id\":\"https:\/\/www.welovecycling.com\/cs\/#website\"},\"primaryImageOfPage\":{\"@id\":\"https:\/\/www.welovecycling.com\/cs\/2020\/03\/31\/trener-reprezentace-tomas-konecny-tour-de-france-bude-meznik-sezony\/#primaryimage\"},\"image\":{\"@id\":\"https:\/\/www.welovecycling.com\/cs\/2020\/03\/31\/trener-reprezentace-tomas-konecny-tour-de-france-bude-meznik-sezony\/#primaryimage\"},\"thumbnailUrl\":\"https:\/\/d2p6e6u75xmxt8.cloudfront.net\/13\/2020\/01\/profimedia-0445793212.webp\",\"datePublished\":\"2020-03-31T06:00:22+00:00\",\"author\":{\"@id\":\"\"},\"inLanguage\":\"cs\",\"potentialAction\":[{\"@type\":\"ReadAction\",\"target\":[\"https:\/\/www.welovecycling.com\/cs\/2020\/03\/31\/trener-reprezentace-tomas-konecny-tour-de-france-bude-meznik-sezony\/\"]}]},{\"@type\":\"ImageObject\",\"inLanguage\":\"cs\",\"@id\":\"https:\/\/www.welovecycling.com\/cs\/2020\/03\/31\/trener-reprezentace-tomas-konecny-tour-de-france-bude-meznik-sezony\/#primaryimage\",\"url\":\"https:\/\/d2p6e6u75xmxt8.cloudfront.net\/13\/2020\/01\/profimedia-0445793212.webp\",\"contentUrl\":\"https:\/\/d2p6e6u75xmxt8.cloudfront.net\/13\/2020\/01\/profimedia-0445793212.webp\",\"width\":1800,\"height\":1200,\"caption\":\"Tom\u00e1\u0161 Kone\u010dn\u00fd. Foto: Profimedia.\"},{\"@type\":\"WebSite\",\"@id\":\"https:\/\/www.welovecycling.com\/cs\/#website\",\"url\":\"https:\/\/www.welovecycling.com\/cs\/\",\"name\":\"\u0160koda We Love Cycling - \u010cesk\u00e1 republika\",\"description\":\"WeLoveCycling.cz je online magaz\u00edn, kter\u00fd v\u00e1m pravideln\u011b p\u0159in\u00e1\u0161\u00ed rady a tipy, zaj\u00edmav\u00e9 \u010dl\u00e1nky, videa a jedine\u010dn\u00e9 report\u00e1\u017ee ze sv\u011bta cyklistiky.\",\"potentialAction\":[{\"@type\":\"SearchAction\",\"target\":{\"@type\":\"EntryPoint\",\"urlTemplate\":\"https:\/\/www.welovecycling.com\/cs\/?s={search_term_string}\"},\"query-input\":{\"@type\":\"PropertyValueSpecification\",\"valueRequired\":true,\"valueName\":\"search_term_string\"}}],\"inLanguage\":\"cs\"},{\"@type\":\"Person\",\"@id\":\"\",\"url\":\"https:\/\/www.welovecycling.com\/cs\/author\/\"}]}<\/script>\n<!-- \/ Yoast SEO Premium plugin. -->","yoast_head_json":{"title":"Tren\u00e9r reprezentace Tom\u00e1\u0161 Kone\u010dn\u00fd: Tour de France bude mezn\u00edk sezony | \u0160koda We Love Cycling - \u010cesk\u00e1 republika","robots":{"index":"index","follow":"follow","max-snippet":"max-snippet:-1","max-image-preview":"max-image-preview:large","max-video-preview":"max-video-preview:-1"},"canonical":"https:\/\/www.welovecycling.com\/cs\/2020\/03\/31\/trener-reprezentace-tomas-konecny-tour-de-france-bude-meznik-sezony\/","og_locale":"cs_CZ","og_type":"article","og_title":"Tren\u00e9r reprezentace Tom\u00e1\u0161 Kone\u010dn\u00fd: Tour de France bude mezn\u00edk sezony","og_description":"Telefon mu neust\u00e1le drn\u010d\u00ed. Mobil m\u00e1 u ucha t\u00e9m\u011b\u0159 nonstop. Za norm\u00e1ln\u00edch okolnost\u00ed by byl v\u00a0t\u011bchto dnech tren\u00e9r \u010desk\u00e9 silni\u010dn\u00ed [&hellip;]","og_url":"https:\/\/www.welovecycling.com\/cs\/2020\/03\/31\/trener-reprezentace-tomas-konecny-tour-de-france-bude-meznik-sezony\/","og_site_name":"\u0160koda We Love Cycling - \u010cesk\u00e1 republika","article_published_time":"2020-03-31T06:00:22+00:00","og_image":[{"width":1800,"height":1200,"url":"https:\/\/d2p6e6u75xmxt8.cloudfront.net\/13\/2020\/01\/profimedia-0445793212.webp","type":"image\/webp"}],"twitter_card":"summary_large_image","twitter_misc":{"Written by":"Jana And\u011blov\u00e1","Est. reading time":"4"},"schema":{"@context":"https:\/\/schema.org","@graph":[{"@type":"WebPage","@id":"https:\/\/www.welovecycling.com\/cs\/2020\/03\/31\/trener-reprezentace-tomas-konecny-tour-de-france-bude-meznik-sezony\/","url":"https:\/\/www.welovecycling.com\/cs\/2020\/03\/31\/trener-reprezentace-tomas-konecny-tour-de-france-bude-meznik-sezony\/","name":"Tren\u00e9r reprezentace Tom\u00e1\u0161 Kone\u010dn\u00fd: Tour de France bude mezn\u00edk sezony | \u0160koda We Love Cycling - \u010cesk\u00e1 republika","isPartOf":{"@id":"https:\/\/www.welovecycling.com\/cs\/#website"},"primaryImageOfPage":{"@id":"https:\/\/www.welovecycling.com\/cs\/2020\/03\/31\/trener-reprezentace-tomas-konecny-tour-de-france-bude-meznik-sezony\/#primaryimage"},"image":{"@id":"https:\/\/www.welovecycling.com\/cs\/2020\/03\/31\/trener-reprezentace-tomas-konecny-tour-de-france-bude-meznik-sezony\/#primaryimage"},"thumbnailUrl":"https:\/\/d2p6e6u75xmxt8.cloudfront.net\/13\/2020\/01\/profimedia-0445793212.webp","datePublished":"2020-03-31T06:00:22+00:00","author":{"@id":""},"inLanguage":"cs","potentialAction":[{"@type":"ReadAction","target":["https:\/\/www.welovecycling.com\/cs\/2020\/03\/31\/trener-reprezentace-tomas-konecny-tour-de-france-bude-meznik-sezony\/"]}]},{"@type":"ImageObject","inLanguage":"cs","@id":"https:\/\/www.welovecycling.com\/cs\/2020\/03\/31\/trener-reprezentace-tomas-konecny-tour-de-france-bude-meznik-sezony\/#primaryimage","url":"https:\/\/d2p6e6u75xmxt8.cloudfront.net\/13\/2020\/01\/profimedia-0445793212.webp","contentUrl":"https:\/\/d2p6e6u75xmxt8.cloudfront.net\/13\/2020\/01\/profimedia-0445793212.webp","width":1800,"height":1200,"caption":"Tom\u00e1\u0161 Kone\u010dn\u00fd. Foto: Profimedia."},{"@type":"WebSite","@id":"https:\/\/www.welovecycling.com\/cs\/#website","url":"https:\/\/www.welovecycling.com\/cs\/","name":"\u0160koda We Love Cycling - \u010cesk\u00e1 republika","description":"WeLoveCycling.cz je online magaz\u00edn, kter\u00fd v\u00e1m pravideln\u011b p\u0159in\u00e1\u0161\u00ed rady a tipy, zaj\u00edmav\u00e9 \u010dl\u00e1nky, videa a jedine\u010dn\u00e9 report\u00e1\u017ee ze sv\u011bta cyklistiky.","potentialAction":[{"@type":"SearchAction","target":{"@type":"EntryPoint","urlTemplate":"https:\/\/www.welovecycling.com\/cs\/?s={search_term_string}"},"query-input":{"@type":"PropertyValueSpecification","valueRequired":true,"valueName":"search_term_string"}}],"inLanguage":"cs"},{"@type":"Person","@id":"","url":"https:\/\/www.welovecycling.com\/cs\/author\/"}]}},"_links":{"self":[{"href":"https:\/\/www.welovecycling.com\/cs\/wp-json\/wp\/v2\/posts\/6352","targetHints":{"allow":["GET"]}}],"collection":[{"href":"https:\/\/www.welovecycling.com\/cs\/wp-json\/wp\/v2\/posts"}],"about":[{"href":"https:\/\/www.welovecycling.com\/cs\/wp-json\/wp\/v2\/types\/post"}],"author":[{"embeddable":true,"href":"https:\/\/www.welovecycling.com\/cs\/wp-json\/wp\/v2\/users\/122"}],"replies":[{"embeddable":true,"href":"https:\/\/www.welovecycling.com\/cs\/wp-json\/wp\/v2\/comments?post=6352"}],"version-history":[{"count":2,"href":"https:\/\/www.welovecycling.com\/cs\/wp-json\/wp\/v2\/posts\/6352\/revisions"}],"predecessor-version":[{"id":6360,"href":"https:\/\/www.welovecycling.com\/cs\/wp-json\/wp\/v2\/posts\/6352\/revisions\/6360"}],"wp:featuredmedia":[{"embeddable":true,"href":"https:\/\/www.welovecycling.com\/cs\/wp-json\/wp\/v2\/media\/5075"}],"wp:attachment":[{"href":"https:\/\/www.welovecycling.com\/cs\/wp-json\/wp\/v2\/media?parent=6352"}],"wp:term":[{"taxonomy":"category","embeddable":true,"href":"https:\/\/www.welovecycling.com\/cs\/wp-json\/wp\/v2\/categories?post=6352"},{"taxonomy":"post_tag","embeddable":true,"href":"https:\/\/www.welovecycling.com\/cs\/wp-json\/wp\/v2\/tags?post=6352"},{"taxonomy":"global-categories","embeddable":true,"href":"https:\/\/www.welovecycling.com\/cs\/wp-json\/wp\/v2\/global-categories?post=6352"}],"curies":[{"name":"wp","href":"https:\/\/api.w.org\/{rel}","templated":true}]}}