{"id":6069,"date":"2020-03-11T15:08:49","date_gmt":"2020-03-11T13:08:49","guid":{"rendered":"https:\/\/www.welovecycling.com\/cs\/?p=6069"},"modified":"2020-03-11T15:13:38","modified_gmt":"2020-03-11T13:13:38","slug":"zivot-prazskeho-cargo-bike-messengera-dovezt-24-lahvi-draheho-vina-vcelku-byl-orisek","status":"publish","type":"post","link":"https:\/\/www.welovecycling.com\/cs\/2020\/03\/11\/zivot-prazskeho-cargo-bike-messengera-dovezt-24-lahvi-draheho-vina-vcelku-byl-orisek\/","title":{"rendered":"\u017divot pra\u017esk\u00e9ho cargo bike messengera: Dov\u00e9zt 24 lahv\u00ed drah\u00e9ho v\u00edna vcelku byl o\u0159\u00ed\u0161ek"},"content":{"rendered":"<p><strong>Jakub Hokyn\u00e1\u0159 rozv\u00e1\u017e\u00ed z\u00e1silky na sv\u00e9m t\u011b\u017ek\u00e9m n\u00e1kladn\u00edm kole v\u00a0jak\u00e9mkoliv po\u010das\u00ed. Kdykoliv m\u00e1 po \u0161kole trochu voln\u00e9ho \u010dasu, obl\u00e9kne tlustou nepromokavou bundu a rozv\u00e1\u017e\u00ed expresn\u011b bal\u00ed\u010dky od obchodn\u00edk\u016f k\u00a0jejich z\u00e1kazn\u00edk\u016fm v\u00a0centru Prahy, kde je pohyb aut limitov\u00e1n r\u016fzn\u00fdmi na\u0159\u00edzen\u00edmi a vyhl\u00e1\u0161kami, nebo prost\u011b dal\u0161\u00edmi auty, kter\u00e9 stoj\u00ed v z\u00e1cp\u00e1ch b\u011bhem dopravn\u00edch \u0161pi\u010dek. Osmn\u00e1ctilet\u00fd student aeronautiky pracuje pro spole\u010dnost Messenger, kter\u00e1 se p\u0159ipojila k\u00a0CityChangerCargoBike projektu, jeho\u017e c\u00edlem je roz\u0161\u00ed\u0159it dopravu pomoc\u00ed cargo kol nap\u0159\u00ed\u010d evropsk\u00fdmi m\u011bsty.<\/strong><!--more--><\/p>\n<h2><strong>2500 km ro\u010dn\u011b na cargo kole<\/strong><\/h2>\n<p>\u201e<em>Naviga\u010dn\u00ed aplikace, kterou v\u00a0mobilu pou\u017e\u00edv\u00e1m m\u011b ned\u00e1vno upozornila, \u017ee jsem za posledn\u00edch 12 m\u011bs\u00edc\u016f ujel p\u0159es 2500 km,<\/em>\u201c \u0159\u00edk\u00e1 Jakub. Sm\u011bnu m\u00e1 t\u0159ikr\u00e1t t\u00fddn\u011b a kolo si vyzved\u00e1v\u00e1 u zam\u011bstnavatele, jakmile mu skon\u010d\u00ed v\u00fduka. Pod dohledem t\u00fdmov\u00e9ho koordin\u00e1tora doru\u010duje bal\u00ed\u010dky z\u00e1kazn\u00edk\u016fm po cel\u00e9m m\u011bst\u011b. Pochopiteln\u011b z\u00e1le\u017e\u00ed, kam s\u00a0bal\u00ed\u010dky mus\u00ed vyrazit, ale b\u011bhem odpoledne ujede kolem 40 km a o pr\u00e1zdnin\u00e1ch, kdy\u017e m\u016f\u017ee b\u00fdt na kole u\u017e od r\u00e1na, najede i dvakr\u00e1t tolik.<\/p>\n<p><img loading=\"lazy\" decoding=\"async\" class=\"alignnone size-full wp-image-6070\" src=\"https:\/\/d2p6e6u75xmxt8.cloudfront.net\/13\/2020\/03\/Cycling-Messenger.jpg\" alt=\"\" width=\"1440\" height=\"960\" \/><\/p>\n<div id='gallery-1' class='gallery galleryid-6069 gallery-columns-2 gallery-size-large'><figure class='gallery-item'>\n\t\t\t<div class='gallery-icon landscape'>\n\t\t\t\t<a href='https:\/\/d2p6e6u75xmxt8.cloudfront.net\/13\/2020\/03\/Cycling-Messenger-2.webp'><img loading=\"lazy\" decoding=\"async\" width=\"1024\" height=\"683\" src=\"https:\/\/d2p6e6u75xmxt8.cloudfront.net\/13\/2020\/03\/Cycling-Messenger-2-1024x683.webp\" class=\"attachment-large size-large\" alt=\"\" srcset=\"https:\/\/d2p6e6u75xmxt8.cloudfront.net\/13\/2020\/03\/Cycling-Messenger-2-1024x683.webp 1024w, https:\/\/d2p6e6u75xmxt8.cloudfront.net\/13\/2020\/03\/Cycling-Messenger-2-300x200.webp 300w, https:\/\/d2p6e6u75xmxt8.cloudfront.net\/13\/2020\/03\/Cycling-Messenger-2-768x512.webp 768w, https:\/\/d2p6e6u75xmxt8.cloudfront.net\/13\/2020\/03\/Cycling-Messenger-2-272x182.webp 272w, https:\/\/d2p6e6u75xmxt8.cloudfront.net\/13\/2020\/03\/Cycling-Messenger-2.webp 1440w\" sizes=\"auto, (max-width: 1024px) 100vw, 1024px\" \/><\/a>\n\t\t\t<\/div><\/figure><figure class='gallery-item'>\n\t\t\t<div class='gallery-icon landscape'>\n\t\t\t\t<a href='https:\/\/d2p6e6u75xmxt8.cloudfront.net\/13\/2020\/03\/Cycling-Messenger-1.webp'><img loading=\"lazy\" decoding=\"async\" width=\"1024\" height=\"683\" src=\"https:\/\/d2p6e6u75xmxt8.cloudfront.net\/13\/2020\/03\/Cycling-Messenger-1-1024x683.webp\" class=\"attachment-large size-large\" alt=\"\" srcset=\"https:\/\/d2p6e6u75xmxt8.cloudfront.net\/13\/2020\/03\/Cycling-Messenger-1-1024x683.webp 1024w, https:\/\/d2p6e6u75xmxt8.cloudfront.net\/13\/2020\/03\/Cycling-Messenger-1-300x200.webp 300w, https:\/\/d2p6e6u75xmxt8.cloudfront.net\/13\/2020\/03\/Cycling-Messenger-1-768x512.webp 768w, https:\/\/d2p6e6u75xmxt8.cloudfront.net\/13\/2020\/03\/Cycling-Messenger-1-272x182.webp 272w, https:\/\/d2p6e6u75xmxt8.cloudfront.net\/13\/2020\/03\/Cycling-Messenger-1.webp 1440w\" sizes=\"auto, (max-width: 1024px) 100vw, 1024px\" \/><\/a>\n\t\t\t<\/div><\/figure>\n\t\t<\/div>\n\n<h2><strong>Bolestiv\u00e9 p\u00e1dy<\/strong><\/h2>\n<p>Za\u010d\u00e1tky\u00a0na dlouh\u00e9m, neohraban\u00e9m a t\u011b\u017ek\u00e9m kole byly n\u00e1ro\u010dn\u00e9. \u201e<em>\u0158\u00edzen\u00ed mi p\u0159i\u0161lo neuv\u011b\u0159iteln\u011b zvl\u00e1\u0161tn\u00ed a stabilita kola byla na m\u00edle vzd\u00e1len\u00e1 tomu, co jsem o\u010dek\u00e1val. Ne\u017e jsem si na to zvykl, m\u011bl jsem n\u011bkolik p\u00e1d\u016f,<\/em>\u201c sd\u011bluje Jakub, kter\u00fd skon\u010dil na zemi pot\u00e9, co ztratil rovnov\u00e1hu v\u00a0zat\u00e1\u010dce nebo se mu v\u00a0k\u0159i\u017eovatce zaseklo p\u0159edn\u00ed kolo do tramvajov\u00e9 koleje. Po n\u011bkolika t\u00fddnech se v\u0161ak s\u00a0kolem sezn\u00e1mil a st\u0159\u00eddat cargo kolo s\u00a0jeho horsk\u00fdm kolem je pro n\u011bj te\u010f stejn\u011b snadn\u00e9 jako st\u0159\u00eddat pono\u017eky.<\/p>\n<p>\u017dlut\u00e9 cargo kolo Bullit bylo vyrobeno v\u00a0D\u00e1nsku spole\u010dnost\u00ed Larry Harry. R\u00e1m je hlin\u00edkov\u00fd s\u00a0ocelovou vidlic\u00ed. Dal\u0161\u00ed sou\u010d\u00e1stky jsou zcela b\u011b\u017en\u00e9, ale p\u0159ekvap\u00ed p\u0159\u00edtomnost siln\u00e9ho elektrick\u00e9ho motoru, kter\u00fd je poh\u00e1n\u011bn\u00fd velkou bateri\u00ed. \u201e<em>S pln\u011b nabitou baterkou ujedu asi 80 km. Jenom jednou se mi stalo, \u017ee se vybila a musel jsem se na z\u00e1kladnu vracet pouze vlastn\u00ed silou. Tohle kolo je t\u0159ikr\u00e1t t\u011b\u017e\u0161\u00ed ne\u017e moje horsk\u00e9, tak\u017ee to bylo opravdu n\u00e1ro\u010dn\u00e9.<\/em>\u201c<br \/>\nNa rozd\u00edl od cyklist\u016f\/sportovc\u016f si hlavu se stravou Jakub nel\u00e1me a nej\u010dast\u011bji j\u00ed r\u016fzn\u00e1 fast food j\u00eddla.<\/p>\n<p><img loading=\"lazy\" decoding=\"async\" class=\"alignnone size-full wp-image-6071\" src=\"https:\/\/d2p6e6u75xmxt8.cloudfront.net\/13\/2020\/03\/Cycling-Messenger-3.jpg\" alt=\"\" width=\"1440\" height=\"960\" \/><\/p>\n<h2><strong>Deset iPhon\u016f X<\/strong><\/h2>\n<p>Velk\u00e1 nep\u0159ehl\u00e9dnuteln\u00e1 hlin\u00edkov\u00e1 krabice uprost\u0159ed kola je sp\u00ed\u0161 takov\u00e1 truhla, kter\u00e1 pojme \u010dty\u0159i velk\u00e9 ta\u0161ky, nebo a\u017e osm bal\u00edk\u016f. Nejdra\u017e\u0161\u00ed dod\u00e1vkou zat\u00edm bylo deset nov\u00fdch iPhon\u016f X, kter\u00e9 vyzvedl ve velk\u00e9m obchod\u011b s\u00a0elektronikou, ale nejn\u00e1ro\u010dn\u011bj\u0161\u00ed bylo doru\u010dit z\u00e1kazn\u00edkovi objedn\u00e1vku \u010dty\u0159 krabic luxusn\u00edho v\u00edna, ka\u017ed\u00e1 z nich po \u0161esti lahv\u00edch. \u201e<em>D\u00e1val jsem si velk\u00fd pozor, abych nespadnul nebo abych nenajel na n\u011bjak\u00fd hrbol,<\/em>\u201c vzpom\u00edn\u00e1 Jakub. Krom\u011b elektroniky pro expresn\u00ed doru\u010den\u00ed nej\u010dast\u011bji rozv\u00e1\u017e\u00ed bal\u00edky ofici\u00e1ln\u00ed po\u0161tovn\u00ed slu\u017eby nebo kv\u011btiny z\u00a0kv\u011btin\u00e1\u0159stv\u00ed. \u201e<em>Lid\u00e9 se m\u011b po\u0159\u00e1d ptaj\u00ed na r\u016fzn\u00e9 neobvykl\u00e9 z\u00e1silky, co jsem rozv\u00e1\u017eel, ale zat\u00edm jsem nevezl \u017e\u00e1dn\u00e9 zv\u00ed\u0159e, st\u0159eln\u00e9 zbran\u011b ani rychle taj\u00edc\u00ed zmrzlinu.<\/em>\u201c<\/p>\n<p>I p\u0159es v\u011bt\u0161\u00ed rozm\u011bry kola kv\u016fli jeho n\u00e1kladn\u00ed \u010d\u00e1sti nemaj\u00ed \u0159idi\u010di s\u00a0takov\u00fdm kolem v\u00a0provozu probl\u00e9m a v\u011bt\u0161ina z\u00a0nich je tolerantn\u00ed \u2013 a\u017e na taxik\u00e1\u0159e. \u201e<em>Nechci \u0159\u00edct, \u017ee ka\u017ed\u00fd, kdo \u0159\u00edd\u00ed tax\u00edk je hrub\u00fd, ale n\u011bkte\u0159\u00ed v\u00e1m nenechaj\u00ed ani patn\u00e1cticentimetrovou mezeru mezi kolem a bokem jejich auta, kdy\u017e v\u00e1s p\u0159edj\u00ed\u017ed\u011bj\u00ed. Ale nenech\u00e1m se t\u00edm roz\u010dilovat, svoji pr\u00e1ci miluju a budu jezdit, dokud budu moct.<\/em>\u201c<\/p>\n","protected":false},"excerpt":{"rendered":"<p>Jakub Hokyn\u00e1\u0159 rozv\u00e1\u017e\u00ed z\u00e1silky na sv\u00e9m t\u011b\u017ek\u00e9m n\u00e1kladn\u00edm kole v\u00a0jak\u00e9mkoliv po\u010das\u00ed. Kdykoliv m\u00e1 po \u0161kole trochu voln\u00e9ho \u010dasu, obl\u00e9kne tlustou [&hellip;]<\/p>\n","protected":false},"author":101,"featured_media":6073,"comment_status":"open","ping_status":"open","sticky":false,"template":"","format":"standard","meta":{"footnotes":""},"categories":[660],"tags":[834,833],"global-categories":[],"class_list":["post-6069","post","type-post","status-publish","format-standard","has-post-thumbnail","hentry","category-https-www-welovecycling-com-cs-category-zabava","tag-cargo-kolo","tag-cyklistika-ve-meste"],"yoast_head":"<!-- This site is optimized with the Yoast SEO Premium plugin v25.3 (Yoast SEO v25.9) - https:\/\/yoast.com\/wordpress\/plugins\/seo\/ -->\n<title>\u017divot pra\u017esk\u00e9ho cargo bike messengera: Dov\u00e9zt 24 lahv\u00ed drah\u00e9ho v\u00edna vcelku byl o\u0159\u00ed\u0161ek | \u0160koda We Love Cycling - \u010cesk\u00e1 republika<\/title>\n<meta name=\"robots\" content=\"index, follow, max-snippet:-1, max-image-preview:large, max-video-preview:-1\" \/>\n<link rel=\"canonical\" href=\"https:\/\/www.welovecycling.com\/cs\/2020\/03\/11\/zivot-prazskeho-cargo-bike-messengera-dovezt-24-lahvi-draheho-vina-vcelku-byl-orisek\/\" \/>\n<meta property=\"og:locale\" content=\"cs_CZ\" \/>\n<meta property=\"og:type\" content=\"article\" \/>\n<meta property=\"og:title\" content=\"\u017divot pra\u017esk\u00e9ho cargo bike messengera: Dov\u00e9zt 24 lahv\u00ed drah\u00e9ho v\u00edna vcelku byl o\u0159\u00ed\u0161ek\" \/>\n<meta property=\"og:description\" content=\"Jakub Hokyn\u00e1\u0159 rozv\u00e1\u017e\u00ed z\u00e1silky na sv\u00e9m t\u011b\u017ek\u00e9m n\u00e1kladn\u00edm kole v\u00a0jak\u00e9mkoliv po\u010das\u00ed. Kdykoliv m\u00e1 po \u0161kole trochu voln\u00e9ho \u010dasu, obl\u00e9kne tlustou [&hellip;]\" \/>\n<meta property=\"og:url\" content=\"https:\/\/www.welovecycling.com\/cs\/2020\/03\/11\/zivot-prazskeho-cargo-bike-messengera-dovezt-24-lahvi-draheho-vina-vcelku-byl-orisek\/\" \/>\n<meta property=\"og:site_name\" content=\"\u0160koda We Love Cycling - \u010cesk\u00e1 republika\" \/>\n<meta property=\"article:published_time\" content=\"2020-03-11T13:08:49+00:00\" \/>\n<meta property=\"article:modified_time\" content=\"2020-03-11T13:13:38+00:00\" \/>\n<meta property=\"og:image\" content=\"https:\/\/d2p6e6u75xmxt8.cloudfront.net\/13\/2020\/03\/Messenger-Cycling-CVR.webp\" \/>\n\t<meta property=\"og:image:width\" content=\"1366\" \/>\n\t<meta property=\"og:image:height\" content=\"600\" \/>\n\t<meta property=\"og:image:type\" content=\"image\/webp\" \/>\n<meta name=\"twitter:card\" content=\"summary_large_image\" \/>\n<meta name=\"twitter:label1\" content=\"Written by\" \/>\n\t<meta name=\"twitter:data1\" content=\"Adam Marsal\" \/>\n\t<meta name=\"twitter:label2\" content=\"Est. reading time\" \/>\n\t<meta name=\"twitter:data2\" content=\"7\" \/>\n<script type=\"application\/ld+json\" class=\"yoast-schema-graph\">{\"@context\":\"https:\/\/schema.org\",\"@graph\":[{\"@type\":\"WebPage\",\"@id\":\"https:\/\/www.welovecycling.com\/cs\/2020\/03\/11\/zivot-prazskeho-cargo-bike-messengera-dovezt-24-lahvi-draheho-vina-vcelku-byl-orisek\/\",\"url\":\"https:\/\/www.welovecycling.com\/cs\/2020\/03\/11\/zivot-prazskeho-cargo-bike-messengera-dovezt-24-lahvi-draheho-vina-vcelku-byl-orisek\/\",\"name\":\"\u017divot pra\u017esk\u00e9ho cargo bike messengera: Dov\u00e9zt 24 lahv\u00ed drah\u00e9ho v\u00edna vcelku byl o\u0159\u00ed\u0161ek | \u0160koda We Love Cycling - \u010cesk\u00e1 republika\",\"isPartOf\":{\"@id\":\"https:\/\/www.welovecycling.com\/cs\/#website\"},\"primaryImageOfPage\":{\"@id\":\"https:\/\/www.welovecycling.com\/cs\/2020\/03\/11\/zivot-prazskeho-cargo-bike-messengera-dovezt-24-lahvi-draheho-vina-vcelku-byl-orisek\/#primaryimage\"},\"image\":{\"@id\":\"https:\/\/www.welovecycling.com\/cs\/2020\/03\/11\/zivot-prazskeho-cargo-bike-messengera-dovezt-24-lahvi-draheho-vina-vcelku-byl-orisek\/#primaryimage\"},\"thumbnailUrl\":\"https:\/\/d2p6e6u75xmxt8.cloudfront.net\/13\/2020\/03\/Messenger-Cycling-CVR.webp\",\"datePublished\":\"2020-03-11T13:08:49+00:00\",\"dateModified\":\"2020-03-11T13:13:38+00:00\",\"author\":{\"@id\":\"\"},\"inLanguage\":\"cs\",\"potentialAction\":[{\"@type\":\"ReadAction\",\"target\":[\"https:\/\/www.welovecycling.com\/cs\/2020\/03\/11\/zivot-prazskeho-cargo-bike-messengera-dovezt-24-lahvi-draheho-vina-vcelku-byl-orisek\/\"]}]},{\"@type\":\"ImageObject\",\"inLanguage\":\"cs\",\"@id\":\"https:\/\/www.welovecycling.com\/cs\/2020\/03\/11\/zivot-prazskeho-cargo-bike-messengera-dovezt-24-lahvi-draheho-vina-vcelku-byl-orisek\/#primaryimage\",\"url\":\"https:\/\/d2p6e6u75xmxt8.cloudfront.net\/13\/2020\/03\/Messenger-Cycling-CVR.webp\",\"contentUrl\":\"https:\/\/d2p6e6u75xmxt8.cloudfront.net\/13\/2020\/03\/Messenger-Cycling-CVR.webp\",\"width\":1366,\"height\":600},{\"@type\":\"WebSite\",\"@id\":\"https:\/\/www.welovecycling.com\/cs\/#website\",\"url\":\"https:\/\/www.welovecycling.com\/cs\/\",\"name\":\"\u0160koda We Love Cycling - \u010cesk\u00e1 republika\",\"description\":\"WeLoveCycling.cz je online magaz\u00edn, kter\u00fd v\u00e1m pravideln\u011b p\u0159in\u00e1\u0161\u00ed rady a tipy, zaj\u00edmav\u00e9 \u010dl\u00e1nky, videa a jedine\u010dn\u00e9 report\u00e1\u017ee ze sv\u011bta cyklistiky.\",\"potentialAction\":[{\"@type\":\"SearchAction\",\"target\":{\"@type\":\"EntryPoint\",\"urlTemplate\":\"https:\/\/www.welovecycling.com\/cs\/?s={search_term_string}\"},\"query-input\":{\"@type\":\"PropertyValueSpecification\",\"valueRequired\":true,\"valueName\":\"search_term_string\"}}],\"inLanguage\":\"cs\"},{\"@type\":\"Person\",\"@id\":\"\",\"url\":\"https:\/\/www.welovecycling.com\/cs\/author\/\"}]}<\/script>\n<!-- \/ Yoast SEO Premium plugin. -->","yoast_head_json":{"title":"\u017divot pra\u017esk\u00e9ho cargo bike messengera: Dov\u00e9zt 24 lahv\u00ed drah\u00e9ho v\u00edna vcelku byl o\u0159\u00ed\u0161ek | \u0160koda We Love Cycling - \u010cesk\u00e1 republika","robots":{"index":"index","follow":"follow","max-snippet":"max-snippet:-1","max-image-preview":"max-image-preview:large","max-video-preview":"max-video-preview:-1"},"canonical":"https:\/\/www.welovecycling.com\/cs\/2020\/03\/11\/zivot-prazskeho-cargo-bike-messengera-dovezt-24-lahvi-draheho-vina-vcelku-byl-orisek\/","og_locale":"cs_CZ","og_type":"article","og_title":"\u017divot pra\u017esk\u00e9ho cargo bike messengera: Dov\u00e9zt 24 lahv\u00ed drah\u00e9ho v\u00edna vcelku byl o\u0159\u00ed\u0161ek","og_description":"Jakub Hokyn\u00e1\u0159 rozv\u00e1\u017e\u00ed z\u00e1silky na sv\u00e9m t\u011b\u017ek\u00e9m n\u00e1kladn\u00edm kole v\u00a0jak\u00e9mkoliv po\u010das\u00ed. Kdykoliv m\u00e1 po \u0161kole trochu voln\u00e9ho \u010dasu, obl\u00e9kne tlustou [&hellip;]","og_url":"https:\/\/www.welovecycling.com\/cs\/2020\/03\/11\/zivot-prazskeho-cargo-bike-messengera-dovezt-24-lahvi-draheho-vina-vcelku-byl-orisek\/","og_site_name":"\u0160koda We Love Cycling - \u010cesk\u00e1 republika","article_published_time":"2020-03-11T13:08:49+00:00","article_modified_time":"2020-03-11T13:13:38+00:00","og_image":[{"width":1366,"height":600,"url":"https:\/\/d2p6e6u75xmxt8.cloudfront.net\/13\/2020\/03\/Messenger-Cycling-CVR.webp","type":"image\/webp"}],"twitter_card":"summary_large_image","twitter_misc":{"Written by":"Adam Marsal","Est. reading time":"7"},"schema":{"@context":"https:\/\/schema.org","@graph":[{"@type":"WebPage","@id":"https:\/\/www.welovecycling.com\/cs\/2020\/03\/11\/zivot-prazskeho-cargo-bike-messengera-dovezt-24-lahvi-draheho-vina-vcelku-byl-orisek\/","url":"https:\/\/www.welovecycling.com\/cs\/2020\/03\/11\/zivot-prazskeho-cargo-bike-messengera-dovezt-24-lahvi-draheho-vina-vcelku-byl-orisek\/","name":"\u017divot pra\u017esk\u00e9ho cargo bike messengera: Dov\u00e9zt 24 lahv\u00ed drah\u00e9ho v\u00edna vcelku byl o\u0159\u00ed\u0161ek | \u0160koda We Love Cycling - \u010cesk\u00e1 republika","isPartOf":{"@id":"https:\/\/www.welovecycling.com\/cs\/#website"},"primaryImageOfPage":{"@id":"https:\/\/www.welovecycling.com\/cs\/2020\/03\/11\/zivot-prazskeho-cargo-bike-messengera-dovezt-24-lahvi-draheho-vina-vcelku-byl-orisek\/#primaryimage"},"image":{"@id":"https:\/\/www.welovecycling.com\/cs\/2020\/03\/11\/zivot-prazskeho-cargo-bike-messengera-dovezt-24-lahvi-draheho-vina-vcelku-byl-orisek\/#primaryimage"},"thumbnailUrl":"https:\/\/d2p6e6u75xmxt8.cloudfront.net\/13\/2020\/03\/Messenger-Cycling-CVR.webp","datePublished":"2020-03-11T13:08:49+00:00","dateModified":"2020-03-11T13:13:38+00:00","author":{"@id":""},"inLanguage":"cs","potentialAction":[{"@type":"ReadAction","target":["https:\/\/www.welovecycling.com\/cs\/2020\/03\/11\/zivot-prazskeho-cargo-bike-messengera-dovezt-24-lahvi-draheho-vina-vcelku-byl-orisek\/"]}]},{"@type":"ImageObject","inLanguage":"cs","@id":"https:\/\/www.welovecycling.com\/cs\/2020\/03\/11\/zivot-prazskeho-cargo-bike-messengera-dovezt-24-lahvi-draheho-vina-vcelku-byl-orisek\/#primaryimage","url":"https:\/\/d2p6e6u75xmxt8.cloudfront.net\/13\/2020\/03\/Messenger-Cycling-CVR.webp","contentUrl":"https:\/\/d2p6e6u75xmxt8.cloudfront.net\/13\/2020\/03\/Messenger-Cycling-CVR.webp","width":1366,"height":600},{"@type":"WebSite","@id":"https:\/\/www.welovecycling.com\/cs\/#website","url":"https:\/\/www.welovecycling.com\/cs\/","name":"\u0160koda We Love Cycling - \u010cesk\u00e1 republika","description":"WeLoveCycling.cz je online magaz\u00edn, kter\u00fd v\u00e1m pravideln\u011b p\u0159in\u00e1\u0161\u00ed rady a tipy, zaj\u00edmav\u00e9 \u010dl\u00e1nky, videa a jedine\u010dn\u00e9 report\u00e1\u017ee ze sv\u011bta cyklistiky.","potentialAction":[{"@type":"SearchAction","target":{"@type":"EntryPoint","urlTemplate":"https:\/\/www.welovecycling.com\/cs\/?s={search_term_string}"},"query-input":{"@type":"PropertyValueSpecification","valueRequired":true,"valueName":"search_term_string"}}],"inLanguage":"cs"},{"@type":"Person","@id":"","url":"https:\/\/www.welovecycling.com\/cs\/author\/"}]}},"_links":{"self":[{"href":"https:\/\/www.welovecycling.com\/cs\/wp-json\/wp\/v2\/posts\/6069","targetHints":{"allow":["GET"]}}],"collection":[{"href":"https:\/\/www.welovecycling.com\/cs\/wp-json\/wp\/v2\/posts"}],"about":[{"href":"https:\/\/www.welovecycling.com\/cs\/wp-json\/wp\/v2\/types\/post"}],"author":[{"embeddable":true,"href":"https:\/\/www.welovecycling.com\/cs\/wp-json\/wp\/v2\/users\/101"}],"replies":[{"embeddable":true,"href":"https:\/\/www.welovecycling.com\/cs\/wp-json\/wp\/v2\/comments?post=6069"}],"version-history":[{"count":2,"href":"https:\/\/www.welovecycling.com\/cs\/wp-json\/wp\/v2\/posts\/6069\/revisions"}],"predecessor-version":[{"id":6077,"href":"https:\/\/www.welovecycling.com\/cs\/wp-json\/wp\/v2\/posts\/6069\/revisions\/6077"}],"wp:featuredmedia":[{"embeddable":true,"href":"https:\/\/www.welovecycling.com\/cs\/wp-json\/wp\/v2\/media\/6073"}],"wp:attachment":[{"href":"https:\/\/www.welovecycling.com\/cs\/wp-json\/wp\/v2\/media?parent=6069"}],"wp:term":[{"taxonomy":"category","embeddable":true,"href":"https:\/\/www.welovecycling.com\/cs\/wp-json\/wp\/v2\/categories?post=6069"},{"taxonomy":"post_tag","embeddable":true,"href":"https:\/\/www.welovecycling.com\/cs\/wp-json\/wp\/v2\/tags?post=6069"},{"taxonomy":"global-categories","embeddable":true,"href":"https:\/\/www.welovecycling.com\/cs\/wp-json\/wp\/v2\/global-categories?post=6069"}],"curies":[{"name":"wp","href":"https:\/\/api.w.org\/{rel}","templated":true}]}}