{"id":5576,"date":"2020-02-24T11:39:01","date_gmt":"2020-02-24T09:39:01","guid":{"rendered":"https:\/\/www.welovecycling.com\/cs\/?p=5576"},"modified":"2020-02-24T11:39:01","modified_gmt":"2020-02-24T09:39:01","slug":"cyklistika-v-detske-dusi-ma-bizarni-podobu-i-nadseni-welovecycling-cr","status":"publish","type":"post","link":"https:\/\/www.welovecycling.com\/cs\/2020\/02\/24\/cyklistika-v-detske-dusi-ma-bizarni-podobu-i-nadseni-welovecycling-cr\/","title":{"rendered":"Cyklistika v d\u011btsk\u00e9 du\u0161i m\u00e1 bizarn\u00ed podobu i nad\u0161en\u00ed"},"content":{"rendered":"<p><strong>Na n\u00e1v\u0161t\u011bv\u011b v\u00a0soukrom\u00e9 \u0161kolce jsme poprosili d\u011bti, aby nakreslily vzpom\u00ednky, kter\u00e9 maj\u00ed spojen\u00e9 s\u00a0cyklistikou. V\u00fdsledek byl p\u0159ekvapiv\u00fd. D\u011bti vytvo\u0159ily pestrobarevn\u00e9 sv\u011bty pln\u00e9 lid\u00ed, zv\u00ed\u0159at i nadp\u0159irozen\u00fdch bytost\u00ed u\u017e\u00edvaj\u00edc\u00edch si j\u00edzdu na dvou (i v\u00edce) kolech.<\/strong><!--more--><\/p>\n<p>Jezd\u00ed va\u0161e d\u011bti na kole? Cyklistika p\u0159in\u00e1\u0161\u00ed spoustu benefit\u016f v\u0161em lidem bez rozd\u00edlu v\u011bku, tedy i d\u011btem. Mezi nejv\u011bt\u0161\u00ed p\u0159\u00ednosy pro d\u011bti se \u0159ad\u00ed zlep\u0161en\u00ed fyzick\u00e9 v\u00fdkonnosti a stability, d\u00e1le m\u00e1 cyklistika pozitivn\u00ed efekt na kapacitu plic i zdrav\u00ed srdce, a n\u011bkter\u00e9 studie dokonce tvrd\u00ed, \u017ee podporuje i \u010dinnost mozku d\u00edky vy\u0161\u0161\u00edmu pr\u016ftoku krve. I p\u0159es tyto obecn\u011b zn\u00e1m\u00e9 fakty nejsp\u00ed\u0161 v\u011bt\u0161ina z\u00a0n\u00e1s nem\u00e1 tu\u0161en\u00ed, jak cyklistiku vn\u00edmaj\u00ed d\u011bti. Kter\u00e9 z\u00e1\u017eitky a zku\u0161enosti jsou pro n\u011b d\u016fle\u017eit\u00e9?<\/p>\n<h2><strong>Dej sv\u00e9mu z\u00e1\u017eitku podobu<\/strong><\/h2>\n<p>Abychom to zjistili, vydali jsme se do soukrom\u00e9 pra\u017esk\u00e9 \u0161kolky Seminarium, kter\u00e1 funguje od roku 2008 a nav\u0161t\u011bvuj\u00ed ji d\u011bti ve v\u011bku 2\u20137 let. V\u00a0Seminariu maj\u00ed d\u011bti mo\u017enost v\u011bnovat se cel\u00e9 \u0161k\u00e1le r\u016fzn\u00fdch aktivit. V\u00a0p\u0159\u00edjemn\u00e9m prost\u0159ed\u00ed tr\u00e1v\u00ed dny kreslen\u00edm a jin\u00fdmi v\u00fdtvarn\u00fdmi \u010dinnostmi, ale taky sportovn\u00edmi hrami, tancem a t\u0159eba i j\u00f3gou nebo z\u00e1klady akrobacie. B\u011bhem hodin hudebn\u00ed \u201ev\u00fduky\u201c se zam\u011b\u0159uj\u00ed na pr\u00e1ci s\u00a0rytmem i dechov\u00e1 nebo logopedick\u00e1 cvi\u010den\u00ed. A p\u0159esto\u017ee cyklistika nen\u00ed pevn\u00fdm bodem programu, dok\u00e1zali jsme se s\u00a0pan\u00ed \u0159editelkou Agnes Mikschovou domluvit na n\u00e1v\u0161t\u011bv\u011b, b\u011bhem kter\u00e9 jsme po\u017e\u00e1dali asi 15 d\u011bt\u00ed, aby prost\u0159ednictv\u00edm kresby vyj\u00e1d\u0159ily sv\u00e9 vzpom\u00ednky na posledn\u00ed cyklistick\u00fd v\u00fdlet.<\/p>\n<p>Po \u00favodn\u00edm v\u00e1h\u00e1n\u00ed se d\u011bti pro \u010dinnost nadchly a v\u011bt\u0161ina z\u00a0nich se zap\u00e1len\u011b vrhla do kreslen\u00ed. N\u011bkter\u00e9 v\u00fdsledn\u00e9 obr\u00e1zky byly nejen kr\u00e1sn\u00e9, ale do jist\u00e9 m\u00edry i p\u0159ekvapiv\u00e9. D\u011bti zobrazovaly p\u0159edev\u0161\u00edm v\u00fdlety do kopc\u016f se svou rodinou, ale nap\u0159\u00edklad Karol\u00ednka vytvo\u0159ila abstraktn\u00ed d\u00edlo, ve kter\u00e9m je kolo obt\u00ed\u017en\u011b rozpoznateln\u00e9, ale jeho\u017e n\u00e1zev n\u00e1m p\u0159ibl\u00ed\u017e\u00ed odehr\u00e1vaj\u00edc\u00ed se situaci \u2013 \u201eKouzeln\u00e9 dve\u0159e a kor\u00e1b kolov\u00e9ho kouzeln\u00edka\u201c.<\/p>\n<h2><strong>Rodi\u010de jako bikefluence\u0159i<\/strong><\/h2>\n<p>Kdybychom m\u011bli n\u00e1v\u0161t\u011bvu shrnout, \u017easli jsme nad d\u011btskou p\u0159edstavivost\u00ed a schopnost\u00ed vizualizace. Mysl\u00edme si, \u017ee d\u011bti vn\u00edmaj\u00ed z\u00e1\u017eitky spojen\u00e9 s cyklistikou p\u0159ev\u00e1\u017en\u011b pozitivn\u011b (ale frekvence zobrazov\u00e1n\u00ed kopc\u016f d\u00e1v\u00e1 tu\u0161it, \u017ee j\u00edzda do kopce se vryje hluboko do d\u011btsk\u00e9 pam\u011bti). Ve sv\u00fdch vzpom\u00ednk\u00e1ch se vracely k\u00a0v\u00fdlet\u016fm s\u00a0\u010dleny rodiny nebo zv\u00ed\u0159ec\u00edmi mazl\u00ed\u010dky i nadp\u0159irozen\u00fdmi bytostmi. D\u00edky t\u00e9to zku\u0161enosti v\u011b\u0159\u00edme, \u017ee a\u017e tyto d\u011bti vyrostou, z\u016fstanou takov\u00fdmi fanou\u0161ky cyklistiky, jako jsou ji\u017e nyn\u00ed, co\u017e vyj\u00e1d\u0159ily sv\u00fdmi \u00fa\u017easn\u00fdmi obr\u00e1zky. V\u00a0\u017eivot\u011b na\u0161ich osloven\u00fdch cyklist\u016f hraj\u00ed z\u00e1sadn\u00ed roli rodinn\u00ed p\u0159\u00edslu\u0161n\u00edci. Pr\u00e1v\u011b oni jim p\u0159edstavili cyklistiku jako zp\u016fsob z\u00e1bavy. Jsou bikefluencery, kte\u0159\u00ed roz\u0161i\u0159uj\u00ed z\u00e1kladnu cyklist\u016f. Za to jim pat\u0159\u00ed za n\u00e1s uzn\u00e1n\u00ed, potlesk a d\u00edk!<\/p>\n<figure id=\"attachment_2396\" aria-describedby=\"caption-attachment-2396\" style=\"width: 1024px\" class=\"wp-caption alignnone\"><a href=\"https:\/\/d2p6e6u75xmxt8.cloudfront.net\/13\/2019\/06\/profimedia-0295629301.jpg\"><img loading=\"lazy\" decoding=\"async\" class=\"size-large wp-image-2396\" src=\"https:\/\/d2p6e6u75xmxt8.cloudfront.net\/13\/2019\/06\/profimedia-0295629301-1024x683.jpg\" alt=\"\" width=\"1024\" height=\"683\" \/><\/a><figcaption id=\"caption-attachment-2396\" class=\"wp-caption-text\">Foto: Profimedia<\/figcaption><\/figure>\n<p>Pokud v\u00e1m v\u00fdraz bikefluencer zn\u00ed zvl\u00e1\u0161tn\u011b, nov\u011b, zkr\u00e1tka jej neum\u00edte za\u0159adit, bude v\u00e1s zaj\u00edmat nov\u00e1 kampa\u0148 na\u0161\u00ed platformy nazvan\u00e1 #bikefluencers. P\u0159edstav\u00edme v\u00e1m ji zkraje p\u0159\u00ed\u0161t\u00edho m\u011bs\u00edce a p\u0159ineseme v\u00a0n\u00ed \u0159adu p\u0159\u00edb\u011bh\u016f, ve kter\u00fdch hraje hlavn\u00ed roli cyklistika, odhodl\u00e1n\u00ed, bojovnost a inspirace. P\u0159edstav\u00edme v\u00e1m osobnosti, kter\u00e9 sv\u00fdm p\u0159\u00edstupem inspiruj\u00ed ostatn\u00ed k\u00a0cyklistice a pova\u017euj\u00ed ji za jednu z\u00a0nejlep\u0161\u00edch v\u011bc\u00ed, kter\u00e9 kdy v\u00a0\u017eivot\u011b dok\u00e1zaly.<\/p>\n<p><img loading=\"lazy\" decoding=\"async\" class=\"size-full wp-image-5577\" src=\"https:\/\/d2p6e6u75xmxt8.cloudfront.net\/13\/2020\/02\/3FABA0CD-3AD0-44E4-A9CA-301A0FE0CE15.jpg\" alt=\"\" width=\"1411\" height=\"1058\" \/>Karol\u00ednka: Kouzeln\u00e9 dve\u0159e a kor\u00e1b kolov\u00e9ho kouzeln\u00edka<\/p>\n<figure id=\"attachment_5578\" aria-describedby=\"caption-attachment-5578\" style=\"width: 1411px\" class=\"wp-caption alignnone\"><img loading=\"lazy\" decoding=\"async\" class=\"size-full wp-image-5578\" src=\"https:\/\/d2p6e6u75xmxt8.cloudfront.net\/13\/2020\/02\/10DF7430-2FEB-4ADC-9862-4E0278611CF7.jpg\" alt=\"\" width=\"1411\" height=\"1058\" \/><figcaption id=\"caption-attachment-5578\" class=\"wp-caption-text\">Nikola Z.: (zleva) Tady jedu na kole \/ Tady jede t\u00e1ta \/ A tady jede na\u0161e kamar\u00e1dka B\u00edba \/ To je m\u00e1ma, jak m\u00e1 jenom jedno kolo<\/figcaption><\/figure>\n<figure id=\"attachment_5579\" aria-describedby=\"caption-attachment-5579\" style=\"width: 1411px\" class=\"wp-caption alignnone\"><img loading=\"lazy\" decoding=\"async\" class=\"size-full wp-image-5579\" src=\"https:\/\/d2p6e6u75xmxt8.cloudfront.net\/13\/2020\/02\/296EF8BB-8B3E-471E-93BE-CD66AED255E6.jpg\" alt=\"\" width=\"1411\" height=\"1058\" \/><figcaption id=\"caption-attachment-5579\" class=\"wp-caption-text\">Franti\u0161ek Zedn\u00edk: Rybov\u00e9 kolo. To kolo vypad\u00e1 jako ryba, v\u00ed\u0161?!<\/figcaption><\/figure>\n<figure id=\"attachment_5580\" aria-describedby=\"caption-attachment-5580\" style=\"width: 1411px\" class=\"wp-caption alignnone\"><img loading=\"lazy\" decoding=\"async\" class=\"size-full wp-image-5580\" src=\"https:\/\/d2p6e6u75xmxt8.cloudfront.net\/13\/2020\/02\/982FCE62-FD63-48FA-BFA4-1A048DD0FA60.jpg\" alt=\"\" width=\"1411\" height=\"1058\" \/><figcaption id=\"caption-attachment-5580\" class=\"wp-caption-text\">Artu\u0161: Moje kolo<\/figcaption><\/figure>\n<figure id=\"attachment_5581\" aria-describedby=\"caption-attachment-5581\" style=\"width: 1411px\" class=\"wp-caption alignnone\"><img loading=\"lazy\" decoding=\"async\" class=\"size-full wp-image-5581\" src=\"https:\/\/d2p6e6u75xmxt8.cloudfront.net\/13\/2020\/02\/8271A2EC-A68C-40D0-89B1-6939707FC6EE.jpg\" alt=\"\" width=\"1411\" height=\"1058\" \/><figcaption id=\"caption-attachment-5581\" class=\"wp-caption-text\">Karol\u00ednka: Ko\u010dka na hor\u00e1ch \u2013 na v\u00fdlet\u011b na kole<\/figcaption><\/figure>\n<figure id=\"attachment_5582\" aria-describedby=\"caption-attachment-5582\" style=\"width: 1411px\" class=\"wp-caption alignnone\"><img loading=\"lazy\" decoding=\"async\" class=\"size-full wp-image-5582\" src=\"https:\/\/d2p6e6u75xmxt8.cloudfront.net\/13\/2020\/02\/B28E9422-68A8-49EC-B5E8-BDC6AC3A50E2.jpg\" alt=\"\" width=\"1411\" height=\"1058\" \/><figcaption id=\"caption-attachment-5582\" class=\"wp-caption-text\">Ka\u010denka: Moje kolo<\/figcaption><\/figure>\n<figure id=\"attachment_5583\" aria-describedby=\"caption-attachment-5583\" style=\"width: 1411px\" class=\"wp-caption alignnone\"><img loading=\"lazy\" decoding=\"async\" class=\"size-full wp-image-5583\" src=\"https:\/\/d2p6e6u75xmxt8.cloudfront.net\/13\/2020\/02\/EBC93AE1-D010-493D-9C10-57D15A9ADE9B.jpg\" alt=\"\" width=\"1411\" height=\"1058\" \/><figcaption id=\"caption-attachment-5583\" class=\"wp-caption-text\">Mat\u011bj K.: (zleva) Hora \/ To je t\u00e1ta a to j\u00e1<\/figcaption><\/figure>\n<figure id=\"attachment_5584\" aria-describedby=\"caption-attachment-5584\" style=\"width: 1411px\" class=\"wp-caption alignnone\"><img loading=\"lazy\" decoding=\"async\" class=\"size-full wp-image-5584\" src=\"https:\/\/d2p6e6u75xmxt8.cloudfront.net\/13\/2020\/02\/FE8724D9-5C39-472D-A57C-0CB55AE10EB4.jpg\" alt=\"\" width=\"1411\" height=\"1058\" \/><figcaption id=\"caption-attachment-5584\" class=\"wp-caption-text\">J\u00e1chym: Ps\u00ed sp\u0159e\u017een\u00ed t\u00e1hne to moje kolo<\/figcaption><\/figure>\n<p>Praktick\u00e9 rady o za\u010d\u00e1tc\u00edch d\u011btsk\u00e9 cyklistiky jsme ji\u017e d\u0159\u00edve shrnuli v\u00a0na\u0161em \u010dty\u0159d\u00edln\u00e9m seri\u00e1lu D\u011bti na kole. Ten prvn\u00ed se v\u011bnoval t\u00e9matu, <a href=\"https:\/\/www.welovecycling.com\/cs\/2019\/05\/15\/deti-na-kole-dil-prvni-zaciname-jezdit\/\">kdy za\u010d\u00edt poprv\u00e9 a s\u00a0jak\u00fdm kolem \u010di odr\u00e1\u017eedlem<\/a>, druh\u00fd d\u00edl \u0159e\u0161il ot\u00e1zku <a href=\"https:\/\/www.welovecycling.com\/cs\/2019\/05\/22\/deti-na-kole-dil-druhy-poprve\/\">j\u00edzdy na opravdov\u00e9m kole<\/a>. T\u0159et\u00ed d\u00edl p\u0159inesl rady pro <a href=\"https:\/\/www.welovecycling.com\/cs\/2019\/05\/29\/deti-na-kole-dil-treti-vyber-vhodneho-kola\/\">v\u00fdb\u011br spr\u00e1vn\u00e9ho kola<\/a> a \u010dtvrt\u00fd v\u00e1s pak vyzbrojil informacemi pot\u0159ebn\u00fdmi pro <a href=\"https:\/\/www.welovecycling.com\/cs\/2019\/06\/07\/deti-na-kole-4-dil-kam-na-vylet\/\">prvn\u00ed opravdov\u00fd v\u00fdlet<\/a>.<\/p>\n","protected":false},"excerpt":{"rendered":"<p>Na n\u00e1v\u0161t\u011bv\u011b v\u00a0soukrom\u00e9 \u0161kolce jsme poprosili d\u011bti, aby nakreslily vzpom\u00ednky, kter\u00e9 maj\u00ed spojen\u00e9 s\u00a0cyklistikou. V\u00fdsledek byl p\u0159ekvapiv\u00fd. D\u011bti vytvo\u0159ily pestrobarevn\u00e9 [&hellip;]<\/p>\n","protected":false},"author":95,"featured_media":5586,"comment_status":"open","ping_status":"open","sticky":false,"template":"","format":"standard","meta":{"footnotes":""},"categories":[6],"tags":[768,220,651],"global-categories":[],"class_list":["post-5576","post","type-post","status-publish","format-standard","has-post-thumbnail","hentry","category-zdravi-a-trenink","tag-bikefluencer","tag-deti-na-kole","tag-rodinna-cyklistika"],"yoast_head":"<!-- This site is optimized with the Yoast SEO Premium plugin v25.3 (Yoast SEO v25.9) - https:\/\/yoast.com\/wordpress\/plugins\/seo\/ -->\n<title>Cyklistika v d\u011btsk\u00e9 du\u0161i m\u00e1 bizarn\u00ed podobu i nad\u0161en\u00ed | \u0160koda We Love Cycling - \u010cesk\u00e1 republika<\/title>\n<meta name=\"description\" content=\"Na n\u00e1v\u0161t\u011bv\u011b v\u00a0soukrom\u00e9 \u0161kolce jsme poprosili d\u011bti, aby nakreslily vzpom\u00ednky, kter\u00e9 maj\u00ed spojen\u00e9 s\u00a0cyklistikou. V\u00fdsledek byl p\u0159ekvapiv\u00fd.\" \/>\n<meta name=\"robots\" content=\"index, follow, max-snippet:-1, max-image-preview:large, max-video-preview:-1\" \/>\n<link rel=\"canonical\" href=\"https:\/\/www.welovecycling.com\/cs\/2020\/02\/24\/cyklistika-v-detske-dusi-ma-bizarni-podobu-i-nadseni-welovecycling-cr\/\" \/>\n<meta property=\"og:locale\" content=\"cs_CZ\" \/>\n<meta property=\"og:type\" content=\"article\" \/>\n<meta property=\"og:title\" content=\"Cyklistika v d\u011btsk\u00e9 du\u0161i m\u00e1 bizarn\u00ed podobu i nad\u0161en\u00ed\" \/>\n<meta property=\"og:description\" content=\"Na n\u00e1v\u0161t\u011bv\u011b v\u00a0soukrom\u00e9 \u0161kolce jsme poprosili d\u011bti, aby nakreslily vzpom\u00ednky, kter\u00e9 maj\u00ed spojen\u00e9 s\u00a0cyklistikou. V\u00fdsledek byl p\u0159ekvapiv\u00fd.\" \/>\n<meta property=\"og:url\" content=\"https:\/\/www.welovecycling.com\/cs\/2020\/02\/24\/cyklistika-v-detske-dusi-ma-bizarni-podobu-i-nadseni-welovecycling-cr\/\" \/>\n<meta property=\"og:site_name\" content=\"\u0160koda We Love Cycling - \u010cesk\u00e1 republika\" \/>\n<meta property=\"article:published_time\" content=\"2020-02-24T09:39:01+00:00\" \/>\n<meta property=\"og:image\" content=\"https:\/\/d2p6e6u75xmxt8.cloudfront.net\/13\/2020\/02\/Children-Bicycles-CVR.webp\" \/>\n\t<meta property=\"og:image:width\" content=\"1366\" \/>\n\t<meta property=\"og:image:height\" content=\"600\" \/>\n\t<meta property=\"og:image:type\" content=\"image\/webp\" \/>\n<meta name=\"twitter:card\" content=\"summary_large_image\" \/>\n<meta name=\"twitter:label1\" content=\"Written by\" \/>\n\t<meta name=\"twitter:data1\" content=\"Adam Marsal\" \/>\n\t<meta name=\"twitter:label2\" content=\"Est. reading time\" \/>\n\t<meta name=\"twitter:data2\" content=\"5\" \/>\n<script type=\"application\/ld+json\" class=\"yoast-schema-graph\">{\"@context\":\"https:\/\/schema.org\",\"@graph\":[{\"@type\":\"WebPage\",\"@id\":\"https:\/\/www.welovecycling.com\/cs\/2020\/02\/24\/cyklistika-v-detske-dusi-ma-bizarni-podobu-i-nadseni-welovecycling-cr\/\",\"url\":\"https:\/\/www.welovecycling.com\/cs\/2020\/02\/24\/cyklistika-v-detske-dusi-ma-bizarni-podobu-i-nadseni-welovecycling-cr\/\",\"name\":\"Cyklistika v d\u011btsk\u00e9 du\u0161i m\u00e1 bizarn\u00ed podobu i nad\u0161en\u00ed | \u0160koda We Love Cycling - \u010cesk\u00e1 republika\",\"isPartOf\":{\"@id\":\"https:\/\/www.welovecycling.com\/cs\/#website\"},\"primaryImageOfPage\":{\"@id\":\"https:\/\/www.welovecycling.com\/cs\/2020\/02\/24\/cyklistika-v-detske-dusi-ma-bizarni-podobu-i-nadseni-welovecycling-cr\/#primaryimage\"},\"image\":{\"@id\":\"https:\/\/www.welovecycling.com\/cs\/2020\/02\/24\/cyklistika-v-detske-dusi-ma-bizarni-podobu-i-nadseni-welovecycling-cr\/#primaryimage\"},\"thumbnailUrl\":\"https:\/\/d2p6e6u75xmxt8.cloudfront.net\/13\/2020\/02\/Children-Bicycles-CVR.webp\",\"datePublished\":\"2020-02-24T09:39:01+00:00\",\"author\":{\"@id\":\"\"},\"description\":\"Na n\u00e1v\u0161t\u011bv\u011b v\u00a0soukrom\u00e9 \u0161kolce jsme poprosili d\u011bti, aby nakreslily vzpom\u00ednky, kter\u00e9 maj\u00ed spojen\u00e9 s\u00a0cyklistikou. V\u00fdsledek byl p\u0159ekvapiv\u00fd.\",\"inLanguage\":\"cs\",\"potentialAction\":[{\"@type\":\"ReadAction\",\"target\":[\"https:\/\/www.welovecycling.com\/cs\/2020\/02\/24\/cyklistika-v-detske-dusi-ma-bizarni-podobu-i-nadseni-welovecycling-cr\/\"]}]},{\"@type\":\"ImageObject\",\"inLanguage\":\"cs\",\"@id\":\"https:\/\/www.welovecycling.com\/cs\/2020\/02\/24\/cyklistika-v-detske-dusi-ma-bizarni-podobu-i-nadseni-welovecycling-cr\/#primaryimage\",\"url\":\"https:\/\/d2p6e6u75xmxt8.cloudfront.net\/13\/2020\/02\/Children-Bicycles-CVR.webp\",\"contentUrl\":\"https:\/\/d2p6e6u75xmxt8.cloudfront.net\/13\/2020\/02\/Children-Bicycles-CVR.webp\",\"width\":1366,\"height\":600},{\"@type\":\"WebSite\",\"@id\":\"https:\/\/www.welovecycling.com\/cs\/#website\",\"url\":\"https:\/\/www.welovecycling.com\/cs\/\",\"name\":\"\u0160koda We Love Cycling - \u010cesk\u00e1 republika\",\"description\":\"WeLoveCycling.cz je online magaz\u00edn, kter\u00fd v\u00e1m pravideln\u011b p\u0159in\u00e1\u0161\u00ed rady a tipy, zaj\u00edmav\u00e9 \u010dl\u00e1nky, videa a jedine\u010dn\u00e9 report\u00e1\u017ee ze sv\u011bta cyklistiky.\",\"potentialAction\":[{\"@type\":\"SearchAction\",\"target\":{\"@type\":\"EntryPoint\",\"urlTemplate\":\"https:\/\/www.welovecycling.com\/cs\/?s={search_term_string}\"},\"query-input\":{\"@type\":\"PropertyValueSpecification\",\"valueRequired\":true,\"valueName\":\"search_term_string\"}}],\"inLanguage\":\"cs\"},{\"@type\":\"Person\",\"@id\":\"\",\"url\":\"https:\/\/www.welovecycling.com\/cs\/author\/\"}]}<\/script>\n<!-- \/ Yoast SEO Premium plugin. -->","yoast_head_json":{"title":"Cyklistika v d\u011btsk\u00e9 du\u0161i m\u00e1 bizarn\u00ed podobu i nad\u0161en\u00ed | \u0160koda We Love Cycling - \u010cesk\u00e1 republika","description":"Na n\u00e1v\u0161t\u011bv\u011b v\u00a0soukrom\u00e9 \u0161kolce jsme poprosili d\u011bti, aby nakreslily vzpom\u00ednky, kter\u00e9 maj\u00ed spojen\u00e9 s\u00a0cyklistikou. V\u00fdsledek byl p\u0159ekvapiv\u00fd.","robots":{"index":"index","follow":"follow","max-snippet":"max-snippet:-1","max-image-preview":"max-image-preview:large","max-video-preview":"max-video-preview:-1"},"canonical":"https:\/\/www.welovecycling.com\/cs\/2020\/02\/24\/cyklistika-v-detske-dusi-ma-bizarni-podobu-i-nadseni-welovecycling-cr\/","og_locale":"cs_CZ","og_type":"article","og_title":"Cyklistika v d\u011btsk\u00e9 du\u0161i m\u00e1 bizarn\u00ed podobu i nad\u0161en\u00ed","og_description":"Na n\u00e1v\u0161t\u011bv\u011b v\u00a0soukrom\u00e9 \u0161kolce jsme poprosili d\u011bti, aby nakreslily vzpom\u00ednky, kter\u00e9 maj\u00ed spojen\u00e9 s\u00a0cyklistikou. V\u00fdsledek byl p\u0159ekvapiv\u00fd.","og_url":"https:\/\/www.welovecycling.com\/cs\/2020\/02\/24\/cyklistika-v-detske-dusi-ma-bizarni-podobu-i-nadseni-welovecycling-cr\/","og_site_name":"\u0160koda We Love Cycling - \u010cesk\u00e1 republika","article_published_time":"2020-02-24T09:39:01+00:00","og_image":[{"width":1366,"height":600,"url":"https:\/\/d2p6e6u75xmxt8.cloudfront.net\/13\/2020\/02\/Children-Bicycles-CVR.webp","type":"image\/webp"}],"twitter_card":"summary_large_image","twitter_misc":{"Written by":"Adam Marsal","Est. reading time":"5"},"schema":{"@context":"https:\/\/schema.org","@graph":[{"@type":"WebPage","@id":"https:\/\/www.welovecycling.com\/cs\/2020\/02\/24\/cyklistika-v-detske-dusi-ma-bizarni-podobu-i-nadseni-welovecycling-cr\/","url":"https:\/\/www.welovecycling.com\/cs\/2020\/02\/24\/cyklistika-v-detske-dusi-ma-bizarni-podobu-i-nadseni-welovecycling-cr\/","name":"Cyklistika v d\u011btsk\u00e9 du\u0161i m\u00e1 bizarn\u00ed podobu i nad\u0161en\u00ed | \u0160koda We Love Cycling - \u010cesk\u00e1 republika","isPartOf":{"@id":"https:\/\/www.welovecycling.com\/cs\/#website"},"primaryImageOfPage":{"@id":"https:\/\/www.welovecycling.com\/cs\/2020\/02\/24\/cyklistika-v-detske-dusi-ma-bizarni-podobu-i-nadseni-welovecycling-cr\/#primaryimage"},"image":{"@id":"https:\/\/www.welovecycling.com\/cs\/2020\/02\/24\/cyklistika-v-detske-dusi-ma-bizarni-podobu-i-nadseni-welovecycling-cr\/#primaryimage"},"thumbnailUrl":"https:\/\/d2p6e6u75xmxt8.cloudfront.net\/13\/2020\/02\/Children-Bicycles-CVR.webp","datePublished":"2020-02-24T09:39:01+00:00","author":{"@id":""},"description":"Na n\u00e1v\u0161t\u011bv\u011b v\u00a0soukrom\u00e9 \u0161kolce jsme poprosili d\u011bti, aby nakreslily vzpom\u00ednky, kter\u00e9 maj\u00ed spojen\u00e9 s\u00a0cyklistikou. V\u00fdsledek byl p\u0159ekvapiv\u00fd.","inLanguage":"cs","potentialAction":[{"@type":"ReadAction","target":["https:\/\/www.welovecycling.com\/cs\/2020\/02\/24\/cyklistika-v-detske-dusi-ma-bizarni-podobu-i-nadseni-welovecycling-cr\/"]}]},{"@type":"ImageObject","inLanguage":"cs","@id":"https:\/\/www.welovecycling.com\/cs\/2020\/02\/24\/cyklistika-v-detske-dusi-ma-bizarni-podobu-i-nadseni-welovecycling-cr\/#primaryimage","url":"https:\/\/d2p6e6u75xmxt8.cloudfront.net\/13\/2020\/02\/Children-Bicycles-CVR.webp","contentUrl":"https:\/\/d2p6e6u75xmxt8.cloudfront.net\/13\/2020\/02\/Children-Bicycles-CVR.webp","width":1366,"height":600},{"@type":"WebSite","@id":"https:\/\/www.welovecycling.com\/cs\/#website","url":"https:\/\/www.welovecycling.com\/cs\/","name":"\u0160koda We Love Cycling - \u010cesk\u00e1 republika","description":"WeLoveCycling.cz je online magaz\u00edn, kter\u00fd v\u00e1m pravideln\u011b p\u0159in\u00e1\u0161\u00ed rady a tipy, zaj\u00edmav\u00e9 \u010dl\u00e1nky, videa a jedine\u010dn\u00e9 report\u00e1\u017ee ze sv\u011bta cyklistiky.","potentialAction":[{"@type":"SearchAction","target":{"@type":"EntryPoint","urlTemplate":"https:\/\/www.welovecycling.com\/cs\/?s={search_term_string}"},"query-input":{"@type":"PropertyValueSpecification","valueRequired":true,"valueName":"search_term_string"}}],"inLanguage":"cs"},{"@type":"Person","@id":"","url":"https:\/\/www.welovecycling.com\/cs\/author\/"}]}},"_links":{"self":[{"href":"https:\/\/www.welovecycling.com\/cs\/wp-json\/wp\/v2\/posts\/5576","targetHints":{"allow":["GET"]}}],"collection":[{"href":"https:\/\/www.welovecycling.com\/cs\/wp-json\/wp\/v2\/posts"}],"about":[{"href":"https:\/\/www.welovecycling.com\/cs\/wp-json\/wp\/v2\/types\/post"}],"author":[{"embeddable":true,"href":"https:\/\/www.welovecycling.com\/cs\/wp-json\/wp\/v2\/users\/95"}],"replies":[{"embeddable":true,"href":"https:\/\/www.welovecycling.com\/cs\/wp-json\/wp\/v2\/comments?post=5576"}],"version-history":[{"count":2,"href":"https:\/\/www.welovecycling.com\/cs\/wp-json\/wp\/v2\/posts\/5576\/revisions"}],"predecessor-version":[{"id":5588,"href":"https:\/\/www.welovecycling.com\/cs\/wp-json\/wp\/v2\/posts\/5576\/revisions\/5588"}],"wp:featuredmedia":[{"embeddable":true,"href":"https:\/\/www.welovecycling.com\/cs\/wp-json\/wp\/v2\/media\/5586"}],"wp:attachment":[{"href":"https:\/\/www.welovecycling.com\/cs\/wp-json\/wp\/v2\/media?parent=5576"}],"wp:term":[{"taxonomy":"category","embeddable":true,"href":"https:\/\/www.welovecycling.com\/cs\/wp-json\/wp\/v2\/categories?post=5576"},{"taxonomy":"post_tag","embeddable":true,"href":"https:\/\/www.welovecycling.com\/cs\/wp-json\/wp\/v2\/tags?post=5576"},{"taxonomy":"global-categories","embeddable":true,"href":"https:\/\/www.welovecycling.com\/cs\/wp-json\/wp\/v2\/global-categories?post=5576"}],"curies":[{"name":"wp","href":"https:\/\/api.w.org\/{rel}","templated":true}]}}