{"id":540,"date":"2019-02-14T11:43:51","date_gmt":"2019-02-14T10:43:51","guid":{"rendered":"https:\/\/www.welovecycling.com\/cs\/?p=540"},"modified":"2019-08-16T09:47:24","modified_gmt":"2019-08-16T07:47:24","slug":"jak-vozit-dite-na-kole","status":"publish","type":"post","link":"https:\/\/www.welovecycling.com\/cs\/2019\/02\/14\/jak-vozit-dite-na-kole\/","title":{"rendered":"Jak vozit d\u00edt\u011b na kole?"},"content":{"rendered":"<p><strong>U\u010dit se jezdit na kole je radostn\u00e1 chv\u00edle pro v\u011bt\u0161inu p\u0159ed\u0161koln\u00edch d\u011bt\u00ed. Nicm\u00e9n\u011b pro rodi\u010de je rozhodov\u00e1n\u00ed o zp\u016fsobu, jak vozit na kole sv\u00e9 d\u011bti, ot\u00e1zkou prakti\u010dnosti a samoz\u0159ejm\u011b bezpe\u010dnosti.<\/strong><\/p>\n<p>Existuje n\u011bkolik mo\u017enost\u00ed, ze kter\u00fdch si lze vybrat: d\u011btsk\u00e1 seda\u010dka na p\u0159edn\u00ed \u010d\u00e1st kola, na zadn\u00ed \u010d\u00e1st kola nebo pou\u017eit\u00ed voz\u00edtka za kolo. Stejn\u011b jako u v\u0161ech ostatn\u00edch v\u011bc\u00ed souvisej\u00edc\u00edch s rodi\u010dovstv\u00edm, jde o va\u0161e osobn\u00ed rozhodnut\u00ed \u2013 z\u00e1le\u017e\u00ed na tom, co v\u00e1m bude nejv\u00edce vyhovovat.<\/p>\n<p>V\u011bt\u0161ina seda\u010dek je vhodn\u00e1 pro d\u011bti ve v\u011bku od dev\u00edti m\u011bs\u00edc\u016f do \u010dty\u0159 let. Ni\u017e\u0161\u00ed v\u011bkov\u00e1 hranice z\u00e1vis\u00ed na schopnosti va\u0161eho d\u00edt\u011bte sed\u011bt bez podpory, zat\u00edmco horn\u00ed hranice sp\u00ed\u0161e na jeho hmotnosti ne\u017e na v\u011bku, jeliko\u017e \u010d\u00edm je d\u00edt\u011b t\u011b\u017e\u0161\u00ed, t\u00edm v\u00edce se zhor\u0161uje manipulace s kolem. Seda\u010dky se obvykle pou\u017e\u00edvaj\u00ed do 20 kg hmotnosti d\u00edt\u011bte.<\/p>\n<h2>D\u00e1 se na va\u0161e kolo d\u00e1t d\u011btsk\u00e1 seda\u010dka?<\/h2>\n<p>Mont\u00e1\u017e seda\u010dky je jedn\u00edm z kl\u00ed\u010dov\u00fdch faktor\u016f p\u0159i v\u00fdb\u011bru pro v\u00e1s a va\u0161i rodinu. Ne v\u0161echna kola jsou kompatibiln\u00ed se seda\u010dkami, n\u011bkter\u00e1 kola jsou zase kompatibiln\u00ed pouze s ur\u010dit\u00fdmi typy seda\u010dek vybran\u00fdch zna\u010dek. Standardn\u00ed m\u011bstsk\u00e1 kola nebo klasick\u00e1 j\u00edzdn\u00ed kola jsou pro mont\u00e1\u017e nejuniverz\u00e1ln\u011bj\u0161\u00ed. Speci\u00e1ln\u00ed kola se nedoporu\u010duj\u00ed.<\/p>\n<h3>Na co se p\u0159i v\u00fdb\u011bru seda\u010dky zam\u011b\u0159it:<\/h3>\n<p>Jestli m\u00e1te v r\u00e1mu kola otvory pro mont\u00e1\u017e nosi\u010de<br \/>\nJestli nejsou v okol\u00ed instala\u010dn\u00edch bod\u016f kabely, kter\u00e9 by zasahovaly do mont\u00e1\u017ee<br \/>\nJak\u00fd je zp\u016fsob instalace zadn\u00edho nosi\u010de, jeliko\u017e n\u011bkter\u00e9 maj\u00ed brzdov\u00e1 specifika<br \/>\nZjist\u011bte, zda m\u00e1 va\u0161e kolo prostor pro seda\u010dku vp\u0159edu<\/p>\n<h2>Zadn\u00ed seda\u010dky<\/h2>\n<p>Zadn\u00ed seda\u010dky existuj\u00ed ve t\u0159ech z\u00e1kladn\u00edch proveden\u00edch: ze z\u00e1mku instalovan\u00e9ho na sedlov\u00e9 trubce, uchycen\u00e9 na zadn\u00edm nosi\u010di anebo uchycen\u00e9 p\u0159\u00edmo k sedlov\u00e9 trubce a zadn\u00ed vidlici.<\/p>\n<p>Ide\u00e1ln\u00ed pro: vy\u0161\u0161\u00ed d\u011bti od dev\u00edti m\u011bs\u00edc\u016f a pro del\u0161\u00ed j\u00edzdy, kdy d\u00edt\u011b m\u016f\u017ee sp\u00e1t.<\/p>\n<p><a href=\"https:\/\/d2p6e6u75xmxt8.cloudfront.net\/13\/2019\/02\/hilsa-lines.jpg\"><img loading=\"lazy\" decoding=\"async\" class=\"alignnone size-full wp-image-528\" src=\"https:\/\/d2p6e6u75xmxt8.cloudfront.net\/13\/2019\/02\/hilsa-lines.jpg\" alt=\"\" width=\"800\" height=\"499\" \/><\/a><\/p>\n<h3>V\u00fdhody<\/h3>\n<p>1. V\u011bt\u0161ina seda\u010dek nejl\u00e9pe pasuje na st\u0159edn\u011b velk\u00e1 nebo velk\u00e1 kola s obvyklou horn\u00ed r\u00e1movou trubkou.<br \/>\n2. Jsou nejjednodu\u0161\u0161\u00ed a nejdostupn\u011bj\u0161\u00ed volbou.<br \/>\n3. V\u011bt\u0161ina seda\u010dek m\u016f\u017ee b\u00fdt tak\u00e9 odpojena od dr\u017e\u00e1ku, kter\u00fd se na kolo montuje.<br \/>\n4. Dal\u0161\u00ed dr\u017e\u00e1k umo\u017e\u0148uje v p\u0159\u00edpad\u011b pot\u0159eby libovoln\u011b st\u0159\u00eddat seda\u010dku mezi v\u00edce koly.<\/p>\n<h3>Nev\u00fdhody<\/h3>\n<p>1. V\u011bt\u0161\u00ed d\u011bti stejn\u011b jako dlouhodob\u00e9 pou\u017e\u00edv\u00e1n\u00ed mohou zp\u016fsobit ohnut\u00ed nosn\u00fdch prut\u016f seda\u010dky (u seda\u010dek instalovan\u00fdch ze z\u00e1mku na sedlov\u00e9 trubce)<br \/>\n2. Mal\u00e9 r\u00e1my a r\u00e1my se sn\u00ed\u017eenou horn\u00ed r\u00e1movou trubkou mohou znemo\u017enit \u010di zp\u016fsobovat pot\u00ed\u017ee p\u0159i mont\u00e1\u017ei seda\u010dek se z\u00e1mkem na sedlov\u00e9 trubce.<br \/>\n3. D\u00edt\u011b je mimo dohled a \u0161patn\u011b se s n\u00edm komunikuje.<br \/>\n4. P\u0159\u00edtomnost\u00ed seda\u010dky a d\u00edt\u011bte se t\u011b\u017ei\u0161t\u011b kola posouv\u00e1 sm\u011brem dozadu, co\u017e m\u016f\u017ee p\u0159i j\u00edzd\u011b (alespo\u0148 zpo\u010d\u00e1tku) trochu vadit a sni\u017eovat tak pro\u017eitek rodi\u010d\u016f z j\u00edzdy.<\/p>\n<p>Doporu\u010den\u00e9 zna\u010dky: Hamax, CoPilot, Bobike.<\/p>\n<h2>P\u0159edn\u00ed seda\u010dky<\/h2>\n<p>P\u0159edn\u00ed seda\u010dky se obvykle p\u0159ipev\u0148uj\u00ed k horn\u00ed r\u00e1mov\u00e9 trubce pomoc\u00ed ty\u010de um\u00edst\u011bn\u00e9 nad n\u00ed nebo pomoc\u00ed obj\u00edmky na hlavovou trubku. N\u011bkter\u00e9 jsou vyprofilovan\u00e9 jako plastov\u00e9 seda\u010dky, jin\u00e9 mohou m\u00edt jen mal\u00e9 sedlo a op\u011brky nohou ur\u010den\u00e9 pro star\u0161\u00ed d\u011bti.<\/p>\n<p>Ide\u00e1ln\u00ed pro: batolata a vysok\u00e9ho \u010di pr\u016fm\u011brn\u011b vysok\u00e9ho rodi\u010de-cyklistu.<\/p>\n<p><a href=\"https:\/\/d2p6e6u75xmxt8.cloudfront.net\/13\/2019\/02\/15170741_1160394384054206_134832254735981960_n.jpg\"><img loading=\"lazy\" decoding=\"async\" class=\"alignnone size-full wp-image-529\" src=\"https:\/\/d2p6e6u75xmxt8.cloudfront.net\/13\/2019\/02\/15170741_1160394384054206_134832254735981960_n.jpg\" alt=\"\" width=\"900\" height=\"600\" \/><\/a><\/p>\n<h3>V\u00fdhody<\/h3>\n<p>1. Snadn\u00e1 komunikace a t\u011bsn\u00fd kontakt s d\u00edt\u011btem<br \/>\n2. D\u00edt\u011b m\u016f\u017ee l\u00e9pe vid\u011bt na cestu<br \/>\n3. Lep\u0161\u00ed rovnov\u00e1ha<br \/>\n4. Snadn\u011bj\u0161\u00ed nastupov\u00e1n\u00ed a sl\u00e9z\u00e1n\u00ed z kola<\/p>\n<h3>Nev\u00fdhody<\/h3>\n<p>1. M\u00e9n\u011b m\u00edsta pro dosp\u011bl\u00e9ho a v n\u011bkter\u00fdch p\u0159\u00edpadech nutnost strkat p\u0159i \u0161lap\u00e1n\u00ed kolena do stran<br \/>\n2. V p\u0159\u00edpad\u011b p\u00e1du nebo n\u00e1hl\u00e9ho brzd\u011bn\u00ed se z va\u0161eho d\u00edt\u011bte m\u016f\u017ee st\u00e1t airbag.<br \/>\n3. D\u00edt\u011b je v\u00edce vystaveno v\u011btru a nep\u0159\u00edzniv\u00fdm pov\u011btrnostn\u00edm podm\u00ednk\u00e1m.<br \/>\n4. Varianty s mal\u00fdm sedlem se doporu\u010duj\u00ed pouze p\u0159i kr\u00e1tk\u00fdch cest\u00e1ch, nebo\u0165 unaven\u00e9 d\u00edt\u011b m\u016f\u017ee padat na stranu nebo mu m\u016f\u017ee noha sklouznout do p\u0159edn\u00edho kola.<\/p>\n<p>Doporu\u010den\u00e9 zna\u010dky: Bobike, Kangaroo, Weeride, Thule.<\/p>\n<h2>V\u00edce ne\u017e jedno d\u00edt\u011b?<\/h2>\n<p>Je mo\u017en\u00e9, aby na kole byla namontov\u00e1na seda\u010dka vep\u0159edu i vzadu, nicm\u00e9n\u011b na takov\u00e9m kole je velmi obt\u00ed\u017en\u00e9 jezdit, tak\u017ee pokud chcete vozit v\u00edce ne\u017e jedno d\u00edt\u011b, pak je lep\u0161\u00edm \u0159e\u0161en\u00edm d\u011btsk\u00fd voz\u00edk za kolo.<\/p>\n<p>Dal\u0161\u00ed velkou v\u00fdhodou voz\u00edku je to, \u017ee zat\u00edmco seda\u010dky mohou b\u00fdt pou\u017eity a\u017e tehdy, kdy\u017e d\u011bti udr\u017e\u00ed hlavi\u010dku vzp\u0159\u00edmen\u011b, v\u011bt\u0161ina voz\u00edk\u016f m\u016f\u017ee b\u00fdt pou\u017eita ji\u017e u mnohem men\u0161\u00edch d\u011bt\u00ed. Poskytuje jim pohodl\u00ed a dostatek m\u00edsta pro p\u0159epravu v\u0161eho, co pro n\u011b pot\u0159ebujete.<\/p>\n<p><a href=\"https:\/\/d2p6e6u75xmxt8.cloudfront.net\/13\/2019\/02\/CR-BG-Bike-Trailer-Hero-08-16.jpg\"><img loading=\"lazy\" decoding=\"async\" class=\"alignnone size-extra-large wp-image-530\" src=\"https:\/\/d2p6e6u75xmxt8.cloudfront.net\/13\/2019\/02\/CR-BG-Bike-Trailer-Hero-08-16-1920x654.jpg\" alt=\"\" width=\"1920\" height=\"654\" \/><\/a><\/p>\n<h3>V\u00fdhody<\/h3>\n<p>1. Velk\u00e1 kapacita pro p\u0159epravu v\u011bc\u00ed.<br \/>\n2. Pohodln\u011bj\u0161\u00ed pro d\u011bti.<br \/>\n3. Spousta voz\u00edk\u016f umo\u017e\u0148uje p\u0159epravu kojenc\u016f ji\u017e od narozen\u00ed (je t\u0159eba se informovat ohledn\u011b v\u011bkov\u00fdch omezen\u00ed u konkr\u00e9tn\u00edch model\u016f).<br \/>\n4. D\u011bti mohou spokojen\u011b sp\u00e1t.<br \/>\n5. Do n\u011bkter\u00fdch voz\u00edk\u016f se vejdou i dv\u011b d\u011bti vedle sebe a mohou tak komunikovat.<br \/>\n6. Vyhnete se probl\u00e9m\u016fm s rovnov\u00e1hou \u010di \u0159\u00edzen\u00edm v d\u016fsledku v\u00e1hy d\u00edt\u011bte a p\u0159ipojen\u00ed seda\u010dky.<br \/>\n7. D\u011bti jsou pod st\u0159\u00ed\u0161kou a v suchu, a nemohou vystrkovat ruce do vozovky.<br \/>\n8. Maj\u00ed v\u011bt\u0161\u00ed nosnost ne\u017e seda\u010dky.<br \/>\n9. M\u016f\u017eete je pou\u017e\u00edvat jako p\u0159\u00edv\u011bs, kdy\u017e d\u011bti odrostou.<br \/>\n10. N\u011bkolik modern\u00edch d\u011btsk\u00fdch voz\u00edk\u016f se snadno p\u0159em\u011bn\u00ed v ko\u010d\u00e1rek, tak\u017ee nemus\u00edte budit sp\u00edc\u00ed d\u00edt\u011b, kdy\u017e doraz\u00edte do c\u00edle.<\/p>\n<h3>Nev\u00fdhody<\/h3>\n<p>1. Pro v\u0161echny voz\u00edky (stejn\u011b tak jako seda\u010dky) plat\u00ed omezen\u00ed hmotnosti.<br \/>\n2. D\u011bti jsou uvnit\u0159 voz\u00edku za v\u00e1mi, tak\u017ee je nebudete moci tak dob\u0159e sly\u0161et a kontrolovat tak \u010dasto, jako kdyby sed\u011bly na seda\u010dce u v\u00e1s, nicm\u00e9n\u011b v tom v\u00e1m m\u016f\u017ee pomoci cyklistick\u00e9 zrc\u00e1tko.<br \/>\n3. Mus\u00edte b\u00fdt siln\u00ed a schopni ut\u00e1hnout voz\u00edk.<br \/>\n4. Budete muset v\u00edce p\u0159em\u00fd\u0161let nad va\u0161\u00edm pohybem po silnic\u00edch, aby v\u00e1s a v\u00e1\u0161 voz\u00edk \u0159idi\u010di dob\u0159e vid\u011bli.<\/p>\n","protected":false},"excerpt":{"rendered":"<p>U\u010dit se jezdit na kole je radostn\u00e1 chv\u00edle pro v\u011bt\u0161inu p\u0159ed\u0161koln\u00edch d\u011bt\u00ed. Nicm\u00e9n\u011b pro rodi\u010de je rozhodov\u00e1n\u00ed o zp\u016fsobu, jak [&hellip;]<\/p>\n","protected":false},"author":91,"featured_media":532,"comment_status":"open","ping_status":"open","sticky":false,"template":"","format":"standard","meta":{"footnotes":""},"categories":[1,244],"tags":[13,42,31],"global-categories":[],"class_list":["post-540","post","type-post","status-publish","format-standard","has-post-thumbnail","hentry","category-bezpecnost","category-safety","tag-bezpecnost","tag-deti","tag-rady"],"yoast_head":"<!-- This site is optimized with the Yoast SEO Premium plugin v25.3 (Yoast SEO v25.9) - https:\/\/yoast.com\/wordpress\/plugins\/seo\/ -->\n<title>Jak vozit d\u00edt\u011b na kole? | \u0160koda We Love Cycling - \u010cesk\u00e1 republika<\/title>\n<meta name=\"robots\" content=\"index, follow, max-snippet:-1, max-image-preview:large, max-video-preview:-1\" \/>\n<link rel=\"canonical\" href=\"https:\/\/www.welovecycling.com\/cs\/2019\/02\/14\/jak-vozit-dite-na-kole\/\" \/>\n<meta property=\"og:locale\" content=\"cs_CZ\" \/>\n<meta property=\"og:type\" content=\"article\" \/>\n<meta property=\"og:title\" content=\"Jak vozit d\u00edt\u011b na kole?\" \/>\n<meta property=\"og:description\" content=\"U\u010dit se jezdit na kole je radostn\u00e1 chv\u00edle pro v\u011bt\u0161inu p\u0159ed\u0161koln\u00edch d\u011bt\u00ed. Nicm\u00e9n\u011b pro rodi\u010de je rozhodov\u00e1n\u00ed o zp\u016fsobu, jak [&hellip;]\" \/>\n<meta property=\"og:url\" content=\"https:\/\/www.welovecycling.com\/cs\/2019\/02\/14\/jak-vozit-dite-na-kole\/\" \/>\n<meta property=\"og:site_name\" content=\"\u0160koda We Love Cycling - \u010cesk\u00e1 republika\" \/>\n<meta property=\"article:published_time\" content=\"2019-02-14T10:43:51+00:00\" \/>\n<meta property=\"article:modified_time\" content=\"2019-08-16T07:47:24+00:00\" \/>\n<meta property=\"og:image\" content=\"https:\/\/d2p6e6u75xmxt8.cloudfront.net\/13\/2019\/02\/kidscvr.webp\" \/>\n\t<meta property=\"og:image:width\" content=\"1366\" \/>\n\t<meta property=\"og:image:height\" content=\"600\" \/>\n\t<meta property=\"og:image:type\" content=\"image\/webp\" \/>\n<meta name=\"twitter:card\" content=\"summary_large_image\" \/>\n<meta name=\"twitter:label1\" content=\"Written by\" \/>\n\t<meta name=\"twitter:data1\" content=\"Bonnie Friend\" \/>\n\t<meta name=\"twitter:label2\" content=\"Est. reading time\" \/>\n\t<meta name=\"twitter:data2\" content=\"5\" \/>\n<script type=\"application\/ld+json\" class=\"yoast-schema-graph\">{\"@context\":\"https:\/\/schema.org\",\"@graph\":[{\"@type\":\"WebPage\",\"@id\":\"https:\/\/www.welovecycling.com\/cs\/2019\/02\/14\/jak-vozit-dite-na-kole\/\",\"url\":\"https:\/\/www.welovecycling.com\/cs\/2019\/02\/14\/jak-vozit-dite-na-kole\/\",\"name\":\"Jak vozit d\u00edt\u011b na kole? | \u0160koda We Love Cycling - \u010cesk\u00e1 republika\",\"isPartOf\":{\"@id\":\"https:\/\/www.welovecycling.com\/cs\/#website\"},\"primaryImageOfPage\":{\"@id\":\"https:\/\/www.welovecycling.com\/cs\/2019\/02\/14\/jak-vozit-dite-na-kole\/#primaryimage\"},\"image\":{\"@id\":\"https:\/\/www.welovecycling.com\/cs\/2019\/02\/14\/jak-vozit-dite-na-kole\/#primaryimage\"},\"thumbnailUrl\":\"https:\/\/d2p6e6u75xmxt8.cloudfront.net\/13\/2019\/02\/kidscvr.webp\",\"datePublished\":\"2019-02-14T10:43:51+00:00\",\"dateModified\":\"2019-08-16T07:47:24+00:00\",\"author\":{\"@id\":\"\"},\"inLanguage\":\"cs\",\"potentialAction\":[{\"@type\":\"ReadAction\",\"target\":[\"https:\/\/www.welovecycling.com\/cs\/2019\/02\/14\/jak-vozit-dite-na-kole\/\"]}]},{\"@type\":\"ImageObject\",\"inLanguage\":\"cs\",\"@id\":\"https:\/\/www.welovecycling.com\/cs\/2019\/02\/14\/jak-vozit-dite-na-kole\/#primaryimage\",\"url\":\"https:\/\/d2p6e6u75xmxt8.cloudfront.net\/13\/2019\/02\/kidscvr.webp\",\"contentUrl\":\"https:\/\/d2p6e6u75xmxt8.cloudfront.net\/13\/2019\/02\/kidscvr.webp\",\"width\":1366,\"height\":600},{\"@type\":\"WebSite\",\"@id\":\"https:\/\/www.welovecycling.com\/cs\/#website\",\"url\":\"https:\/\/www.welovecycling.com\/cs\/\",\"name\":\"\u0160koda We Love Cycling - \u010cesk\u00e1 republika\",\"description\":\"WeLoveCycling.cz je online magaz\u00edn, kter\u00fd v\u00e1m pravideln\u011b p\u0159in\u00e1\u0161\u00ed rady a tipy, zaj\u00edmav\u00e9 \u010dl\u00e1nky, videa a jedine\u010dn\u00e9 report\u00e1\u017ee ze sv\u011bta cyklistiky.\",\"potentialAction\":[{\"@type\":\"SearchAction\",\"target\":{\"@type\":\"EntryPoint\",\"urlTemplate\":\"https:\/\/www.welovecycling.com\/cs\/?s={search_term_string}\"},\"query-input\":{\"@type\":\"PropertyValueSpecification\",\"valueRequired\":true,\"valueName\":\"search_term_string\"}}],\"inLanguage\":\"cs\"},{\"@type\":\"Person\",\"@id\":\"\",\"url\":\"https:\/\/www.welovecycling.com\/cs\/author\/\"}]}<\/script>\n<!-- \/ Yoast SEO Premium plugin. -->","yoast_head_json":{"title":"Jak vozit d\u00edt\u011b na kole? | \u0160koda We Love Cycling - \u010cesk\u00e1 republika","robots":{"index":"index","follow":"follow","max-snippet":"max-snippet:-1","max-image-preview":"max-image-preview:large","max-video-preview":"max-video-preview:-1"},"canonical":"https:\/\/www.welovecycling.com\/cs\/2019\/02\/14\/jak-vozit-dite-na-kole\/","og_locale":"cs_CZ","og_type":"article","og_title":"Jak vozit d\u00edt\u011b na kole?","og_description":"U\u010dit se jezdit na kole je radostn\u00e1 chv\u00edle pro v\u011bt\u0161inu p\u0159ed\u0161koln\u00edch d\u011bt\u00ed. Nicm\u00e9n\u011b pro rodi\u010de je rozhodov\u00e1n\u00ed o zp\u016fsobu, jak [&hellip;]","og_url":"https:\/\/www.welovecycling.com\/cs\/2019\/02\/14\/jak-vozit-dite-na-kole\/","og_site_name":"\u0160koda We Love Cycling - \u010cesk\u00e1 republika","article_published_time":"2019-02-14T10:43:51+00:00","article_modified_time":"2019-08-16T07:47:24+00:00","og_image":[{"width":1366,"height":600,"url":"https:\/\/d2p6e6u75xmxt8.cloudfront.net\/13\/2019\/02\/kidscvr.webp","type":"image\/webp"}],"twitter_card":"summary_large_image","twitter_misc":{"Written by":"Bonnie Friend","Est. reading time":"5"},"schema":{"@context":"https:\/\/schema.org","@graph":[{"@type":"WebPage","@id":"https:\/\/www.welovecycling.com\/cs\/2019\/02\/14\/jak-vozit-dite-na-kole\/","url":"https:\/\/www.welovecycling.com\/cs\/2019\/02\/14\/jak-vozit-dite-na-kole\/","name":"Jak vozit d\u00edt\u011b na kole? | \u0160koda We Love Cycling - \u010cesk\u00e1 republika","isPartOf":{"@id":"https:\/\/www.welovecycling.com\/cs\/#website"},"primaryImageOfPage":{"@id":"https:\/\/www.welovecycling.com\/cs\/2019\/02\/14\/jak-vozit-dite-na-kole\/#primaryimage"},"image":{"@id":"https:\/\/www.welovecycling.com\/cs\/2019\/02\/14\/jak-vozit-dite-na-kole\/#primaryimage"},"thumbnailUrl":"https:\/\/d2p6e6u75xmxt8.cloudfront.net\/13\/2019\/02\/kidscvr.webp","datePublished":"2019-02-14T10:43:51+00:00","dateModified":"2019-08-16T07:47:24+00:00","author":{"@id":""},"inLanguage":"cs","potentialAction":[{"@type":"ReadAction","target":["https:\/\/www.welovecycling.com\/cs\/2019\/02\/14\/jak-vozit-dite-na-kole\/"]}]},{"@type":"ImageObject","inLanguage":"cs","@id":"https:\/\/www.welovecycling.com\/cs\/2019\/02\/14\/jak-vozit-dite-na-kole\/#primaryimage","url":"https:\/\/d2p6e6u75xmxt8.cloudfront.net\/13\/2019\/02\/kidscvr.webp","contentUrl":"https:\/\/d2p6e6u75xmxt8.cloudfront.net\/13\/2019\/02\/kidscvr.webp","width":1366,"height":600},{"@type":"WebSite","@id":"https:\/\/www.welovecycling.com\/cs\/#website","url":"https:\/\/www.welovecycling.com\/cs\/","name":"\u0160koda We Love Cycling - \u010cesk\u00e1 republika","description":"WeLoveCycling.cz je online magaz\u00edn, kter\u00fd v\u00e1m pravideln\u011b p\u0159in\u00e1\u0161\u00ed rady a tipy, zaj\u00edmav\u00e9 \u010dl\u00e1nky, videa a jedine\u010dn\u00e9 report\u00e1\u017ee ze sv\u011bta cyklistiky.","potentialAction":[{"@type":"SearchAction","target":{"@type":"EntryPoint","urlTemplate":"https:\/\/www.welovecycling.com\/cs\/?s={search_term_string}"},"query-input":{"@type":"PropertyValueSpecification","valueRequired":true,"valueName":"search_term_string"}}],"inLanguage":"cs"},{"@type":"Person","@id":"","url":"https:\/\/www.welovecycling.com\/cs\/author\/"}]}},"_links":{"self":[{"href":"https:\/\/www.welovecycling.com\/cs\/wp-json\/wp\/v2\/posts\/540","targetHints":{"allow":["GET"]}}],"collection":[{"href":"https:\/\/www.welovecycling.com\/cs\/wp-json\/wp\/v2\/posts"}],"about":[{"href":"https:\/\/www.welovecycling.com\/cs\/wp-json\/wp\/v2\/types\/post"}],"author":[{"embeddable":true,"href":"https:\/\/www.welovecycling.com\/cs\/wp-json\/wp\/v2\/users\/91"}],"replies":[{"embeddable":true,"href":"https:\/\/www.welovecycling.com\/cs\/wp-json\/wp\/v2\/comments?post=540"}],"version-history":[{"count":2,"href":"https:\/\/www.welovecycling.com\/cs\/wp-json\/wp\/v2\/posts\/540\/revisions"}],"predecessor-version":[{"id":3667,"href":"https:\/\/www.welovecycling.com\/cs\/wp-json\/wp\/v2\/posts\/540\/revisions\/3667"}],"wp:featuredmedia":[{"embeddable":true,"href":"https:\/\/www.welovecycling.com\/cs\/wp-json\/wp\/v2\/media\/532"}],"wp:attachment":[{"href":"https:\/\/www.welovecycling.com\/cs\/wp-json\/wp\/v2\/media?parent=540"}],"wp:term":[{"taxonomy":"category","embeddable":true,"href":"https:\/\/www.welovecycling.com\/cs\/wp-json\/wp\/v2\/categories?post=540"},{"taxonomy":"post_tag","embeddable":true,"href":"https:\/\/www.welovecycling.com\/cs\/wp-json\/wp\/v2\/tags?post=540"},{"taxonomy":"global-categories","embeddable":true,"href":"https:\/\/www.welovecycling.com\/cs\/wp-json\/wp\/v2\/global-categories?post=540"}],"curies":[{"name":"wp","href":"https:\/\/api.w.org\/{rel}","templated":true}]}}