{"id":5297,"date":"2020-01-31T14:46:20","date_gmt":"2020-01-31T12:46:20","guid":{"rendered":"https:\/\/www.welovecycling.com\/cs\/?p=5297"},"modified":"2020-02-24T11:02:04","modified_gmt":"2020-02-24T09:02:04","slug":"18-duvodu-proc-je-mtb-lepsi-nez-silnicka-welovecycling-cr","status":"publish","type":"post","link":"https:\/\/www.welovecycling.com\/cs\/2020\/01\/31\/18-duvodu-proc-je-mtb-lepsi-nez-silnicka-welovecycling-cr\/","title":{"rendered":"18 d\u016fvod\u016f, pro\u010d je MTB lep\u0161\u00ed ne\u017e silni\u010dka"},"content":{"rendered":"<p><strong>Kdy\u017e budete z\u00e1vodit na hladk\u00e9m asfaltu se silni\u010d\u00e1\u0159em, na biku z\u00e1konit\u011b v\u017edycky prohrajete, i kdy\u017e pojedete \u00fapln\u011b na maximum. V\u0161echny ostatn\u00ed v\u00fdhody jsou ale na va\u0161\u00ed stran\u011b. Tady je p\u00e1r d\u016fvod\u016f, pro\u010d m\u00edt rad\u0161i horsk\u00e9 kolo ne\u017e silnici.<\/strong><!--more--><\/p>\n<p>1. Nemus\u00edte jezdit po um\u011ble vytvo\u0159en\u00fdch silnic\u00edch, svoboda na horsk\u00e9m kole je t\u00e9m\u011b\u0159 nekone\u010dn\u00e1.<\/p>\n<p>2. Na rozd\u00edl od spart\u00e1nsky stroh\u00fdch a v\u00edcem\u00e9n\u011b stejn\u00fdch silni\u010dek m\u016f\u017eete m\u00edt na sv\u00e9m celoodpru\u017een\u00e9m horsk\u00e9m kole mnohem zaj\u00edmav\u011bj\u0161\u00ed vybaven\u00ed a komponenty, kter\u00e9 v\u00e1m v\u0161ichni kamar\u00e1di budou z\u00e1vid\u011bt.<\/p>\n<p>3. Na lesn\u00edch stezk\u00e1ch a trailech nemus\u00edte \u0159e\u0161it, \u017ee nikdo p\u0159ed v\u00e1mi nejede a nerozr\u00e1\u017e\u00ed v\u00e1m v\u00edtr.<\/p>\n<p>4. Proto\u017ee pivo nen\u00ed zlo\u010din.<\/p>\n<figure id=\"attachment_5299\" aria-describedby=\"caption-attachment-5299\" style=\"width: 640px\" class=\"wp-caption alignnone\"><img loading=\"lazy\" decoding=\"async\" class=\"wp-image-5299 size-full\" src=\"https:\/\/d2p6e6u75xmxt8.cloudfront.net\/13\/2020\/01\/Beer-Barrels-pexels-photo-1267359.jpeg\" alt=\"\" width=\"640\" height=\"427\" \/><figcaption id=\"caption-attachment-5299\" class=\"wp-caption-text\">Japon\u0161t\u00ed dokto\u0159i pozorovali pacienty s\u00a0poruchou metabolismu nyn\u00ed naz\u00fdvanou jako \u201esyndrom vlastn\u00edho pivovaru\u201c (s nads\u00e1zkou). Vyskytuje se u lid\u00ed, kte\u0159\u00ed maj\u00ed ve st\u0159evech p\u0159ebujel\u00e9 kvasinky Candida. Vedlej\u0161\u00edm produktem jejich tr\u00e1ven\u00ed je pr\u00e1v\u011b alkohol a v\u00a0extr\u00e9mn\u00edch p\u0159\u00edpadech m\u016f\u017eou zp\u016fsobovat pacientovi opilost.<\/figcaption><\/figure>\n<p>5. Na horsk\u00e9m kole nemus\u00edte tolik \u0159e\u0161it \u0161kr\u00e1bance na r\u00e1mu a slad\u011bn\u00ed oble\u010den\u00ed s\u00a0kolem, abyste dos\u00e1hli nirv\u00e1ny.<\/p>\n<p>6. Neztr\u00e1c\u00edte \u010das s\u00a0bike fittingem. A pokud jste \u010detli p\u0159edchoz\u00ed <a href=\"https:\/\/www.welovecycling.com\/cs\/2020\/01\/24\/17-duvodu-proc-je-silnicka-lepsi-nez-mtb\/\">\u010dl\u00e1nek<\/a>, dob\u0159e v\u00edte, \u017ee to je spousta u\u0161et\u0159en\u00e9ho \u010dasu.<\/p>\n<p>7. Ofici\u00e1ln\u00ed cyklostezky jsou pro silni\u010d\u00e1\u0159e nevhodn\u00e9, proto\u017ee na nich svou vysokou rychlost\u00ed i p\u0159es 40 km\/h otravuj\u00ed v\u0161echny ostatn\u00ed.<\/p>\n<p>8. Na horsk\u00e9m kole na rozd\u00edl od silni\u010dn\u00edho pracuje cel\u00e9 t\u011blo.<\/p>\n<p>9. Skoky si u\u017eijete jedin\u011b na biku.<\/p>\n<div class=\"embed-controller-wrapper\">\n<blockquote class=\"twitter-tweet\" data-width=\"500\" data-dnt=\"true\">\n<p lang=\"en\" dir=\"ltr\">Do *NOT* try this at home&#8230; <a href=\"https:\/\/twitter.com\/hashtag\/TDF2018?src=hash&amp;ref_src=twsrc%5Etfw\">#TDF2018<\/a> <a href=\"https:\/\/t.co\/8lgr6MBh92\">pic.twitter.com\/8lgr6MBh92<\/a><\/p>\n<p>&mdash; NBC Sports Cycling (@NBCSCycling) <a href=\"https:\/\/twitter.com\/NBCSCycling\/status\/1019210065218359296?ref_src=twsrc%5Etfw\">July 17, 2018<\/a><\/p><\/blockquote>\n<p><script async data-src=\"https:\/\/platform.twitter.com\/widgets.js\" charset=\"utf-8\"><\/script><\/div>\n<p>10. Pokud nejste spokojen\u00ed se sv\u00fdm t\u011blem, na horsk\u00e9m kole ocen\u00edte voln\u00e9 kra\u0165asy a dres na rozd\u00edl od upnut\u00fdch silni\u010d\u00e1\u0159sk\u00fdch oble\u010dk\u016f.<\/p>\n<p>11. Vyj\u00ed\u017e\u010fku si m\u016f\u017eete u\u017e\u00edt i s\u00a0kamar\u00e1dy, kte\u0159\u00ed na tom nejsou fyzicky tak dob\u0159e.<\/p>\n<p>12. Nepot\u0159ebujete utr\u00e1cet tis\u00edce za ultralehk\u00e9 komponenty, se kter\u00fdmi u\u0161et\u0159\u00edte p\u00e1r gram\u016f, proto\u017ee p\u011btiminutov\u00e1 j\u00edzda v\u00a0bahn\u011b va\u0161emu kolu n\u011bkolik deka p\u0159id\u00e1.<\/p>\n<p>13. Nemus\u00edte si holit nohy.<\/p>\n<p>14. Nikdo se v\u00e1s nept\u00e1, kdy zase bude Prague Pride.<\/p>\n<p><img loading=\"lazy\" decoding=\"async\" class=\"alignnone size-full wp-image-5300\" src=\"https:\/\/d2p6e6u75xmxt8.cloudfront.net\/13\/2020\/01\/perfectshot-cover.jpg\" alt=\"\" width=\"1375\" height=\"600\" \/><\/p>\n<p>15. I na tak snov\u00e9 lokalit\u011b, jako je pro silni\u010d\u00e1\u0159e Stelvio, se nevyhnete aut\u016fm. S\u00a0horsk\u00fdm kolem m\u016f\u017eete v\u0161echny starosti s\u00a0ru\u0161nou dopravou hodit za hlavu.<\/p>\n<p>16. P\u0159e\u017eijete i bez rekord\u016f na Strav\u011b.<\/p>\n<p>17. P\u0159i p\u0159ekon\u00e1v\u00e1n\u00ed kolej\u00ed, obrubn\u00edk\u016f a v\u00fdmol\u016f ve m\u011bst\u011b nehroz\u00ed, \u017ee si pak budete muset volat sanitku.<\/p>\n<p>18. Vyn\u00e1lezci horsk\u00e9ho kola byli hippies \u2013 a to je cool.<\/p>\n<p>Jak\u00e9 argumenty naopak vol\u00ed milovn\u00edci silni\u010dek? P\u0159e\u010dt\u011bte si v \u010dl\u00e1nku <a href=\"https:\/\/www.welovecycling.com\/cs\/2020\/01\/24\/17-duvodu-proc-je-silnicka-lepsi-nez-mtb\/\">17 d\u016fvod\u016f, pro\u010d je silni\u010dka lep\u0161\u00ed ne\u017e MTB<\/a>.<\/p>\n","protected":false},"excerpt":{"rendered":"<p>Kdy\u017e budete z\u00e1vodit na hladk\u00e9m asfaltu se silni\u010d\u00e1\u0159em, na biku z\u00e1konit\u011b v\u017edycky prohrajete, i kdy\u017e pojedete \u00fapln\u011b na maximum. V\u0161echny [&hellip;]<\/p>\n","protected":false},"author":95,"featured_media":5302,"comment_status":"open","ping_status":"open","sticky":false,"template":"","format":"standard","meta":{"footnotes":""},"categories":[11,10,660],"tags":[740,659],"global-categories":[],"class_list":["post-5297","post","type-post","status-publish","format-standard","has-post-thumbnail","hentry","category-horska-cyklistika","category-silnicni-cyklistika","category-https-www-welovecycling-com-cs-category-zabava","tag-silnice-vs-mtb","tag-zabava"],"yoast_head":"<!-- This site is optimized with the Yoast SEO Premium plugin v25.3 (Yoast SEO v25.9) - https:\/\/yoast.com\/wordpress\/plugins\/seo\/ -->\n<title>18 d\u016fvod\u016f, pro\u010d je MTB lep\u0161\u00ed ne\u017e silni\u010dka | \u0160koda We Love Cycling - \u010cesk\u00e1 republika<\/title>\n<meta name=\"description\" content=\"Kdy\u017e budete na hladk\u00e9m asfaltu z\u00e1vodit se silni\u010d\u00e1\u0159em, na biku prohrajete. Jindy na tom ale budete l\u00e9pe. P\u0159in\u00e1\u0161\u00edme d\u016fvody, pro\u010d m\u00edt rad\u0161i MTB ne\u017e silnici.\" \/>\n<meta name=\"robots\" content=\"index, follow, max-snippet:-1, max-image-preview:large, max-video-preview:-1\" \/>\n<link rel=\"canonical\" href=\"https:\/\/www.welovecycling.com\/cs\/2020\/01\/31\/18-duvodu-proc-je-mtb-lepsi-nez-silnicka-welovecycling-cr\/\" \/>\n<meta property=\"og:locale\" content=\"cs_CZ\" \/>\n<meta property=\"og:type\" content=\"article\" \/>\n<meta property=\"og:title\" content=\"18 d\u016fvod\u016f, pro\u010d je MTB lep\u0161\u00ed ne\u017e silni\u010dka\" \/>\n<meta property=\"og:description\" content=\"Kdy\u017e budete na hladk\u00e9m asfaltu z\u00e1vodit se silni\u010d\u00e1\u0159em, na biku prohrajete. Jindy na tom ale budete l\u00e9pe. P\u0159in\u00e1\u0161\u00edme d\u016fvody, pro\u010d m\u00edt rad\u0161i MTB ne\u017e silnici.\" \/>\n<meta property=\"og:url\" content=\"https:\/\/www.welovecycling.com\/cs\/2020\/01\/31\/18-duvodu-proc-je-mtb-lepsi-nez-silnicka-welovecycling-cr\/\" \/>\n<meta property=\"og:site_name\" content=\"\u0160koda We Love Cycling - \u010cesk\u00e1 republika\" \/>\n<meta property=\"article:published_time\" content=\"2020-01-31T12:46:20+00:00\" \/>\n<meta property=\"article:modified_time\" content=\"2020-02-24T09:02:04+00:00\" \/>\n<meta property=\"og:image\" content=\"https:\/\/d2p6e6u75xmxt8.cloudfront.net\/13\/2020\/01\/Woman-MTB-CVR-profimedia-0481069246.webp\" \/>\n\t<meta property=\"og:image:width\" content=\"1366\" \/>\n\t<meta property=\"og:image:height\" content=\"600\" \/>\n\t<meta property=\"og:image:type\" content=\"image\/webp\" \/>\n<meta name=\"twitter:card\" content=\"summary_large_image\" \/>\n<meta name=\"twitter:label1\" content=\"Written by\" \/>\n\t<meta name=\"twitter:data1\" content=\"Adam Marsal\" \/>\n\t<meta name=\"twitter:label2\" content=\"Est. reading time\" \/>\n\t<meta name=\"twitter:data2\" content=\"7\" \/>\n<script type=\"application\/ld+json\" class=\"yoast-schema-graph\">{\"@context\":\"https:\/\/schema.org\",\"@graph\":[{\"@type\":\"WebPage\",\"@id\":\"https:\/\/www.welovecycling.com\/cs\/2020\/01\/31\/18-duvodu-proc-je-mtb-lepsi-nez-silnicka-welovecycling-cr\/\",\"url\":\"https:\/\/www.welovecycling.com\/cs\/2020\/01\/31\/18-duvodu-proc-je-mtb-lepsi-nez-silnicka-welovecycling-cr\/\",\"name\":\"18 d\u016fvod\u016f, pro\u010d je MTB lep\u0161\u00ed ne\u017e silni\u010dka | \u0160koda We Love Cycling - \u010cesk\u00e1 republika\",\"isPartOf\":{\"@id\":\"https:\/\/www.welovecycling.com\/cs\/#website\"},\"primaryImageOfPage\":{\"@id\":\"https:\/\/www.welovecycling.com\/cs\/2020\/01\/31\/18-duvodu-proc-je-mtb-lepsi-nez-silnicka-welovecycling-cr\/#primaryimage\"},\"image\":{\"@id\":\"https:\/\/www.welovecycling.com\/cs\/2020\/01\/31\/18-duvodu-proc-je-mtb-lepsi-nez-silnicka-welovecycling-cr\/#primaryimage\"},\"thumbnailUrl\":\"https:\/\/d2p6e6u75xmxt8.cloudfront.net\/13\/2020\/01\/Woman-MTB-CVR-profimedia-0481069246.webp\",\"datePublished\":\"2020-01-31T12:46:20+00:00\",\"dateModified\":\"2020-02-24T09:02:04+00:00\",\"author\":{\"@id\":\"\"},\"description\":\"Kdy\u017e budete na hladk\u00e9m asfaltu z\u00e1vodit se silni\u010d\u00e1\u0159em, na biku prohrajete. Jindy na tom ale budete l\u00e9pe. P\u0159in\u00e1\u0161\u00edme d\u016fvody, pro\u010d m\u00edt rad\u0161i MTB ne\u017e silnici.\",\"inLanguage\":\"cs\",\"potentialAction\":[{\"@type\":\"ReadAction\",\"target\":[\"https:\/\/www.welovecycling.com\/cs\/2020\/01\/31\/18-duvodu-proc-je-mtb-lepsi-nez-silnicka-welovecycling-cr\/\"]}]},{\"@type\":\"ImageObject\",\"inLanguage\":\"cs\",\"@id\":\"https:\/\/www.welovecycling.com\/cs\/2020\/01\/31\/18-duvodu-proc-je-mtb-lepsi-nez-silnicka-welovecycling-cr\/#primaryimage\",\"url\":\"https:\/\/d2p6e6u75xmxt8.cloudfront.net\/13\/2020\/01\/Woman-MTB-CVR-profimedia-0481069246.webp\",\"contentUrl\":\"https:\/\/d2p6e6u75xmxt8.cloudfront.net\/13\/2020\/01\/Woman-MTB-CVR-profimedia-0481069246.webp\",\"width\":1366,\"height\":600},{\"@type\":\"WebSite\",\"@id\":\"https:\/\/www.welovecycling.com\/cs\/#website\",\"url\":\"https:\/\/www.welovecycling.com\/cs\/\",\"name\":\"\u0160koda We Love Cycling - \u010cesk\u00e1 republika\",\"description\":\"WeLoveCycling.cz je online magaz\u00edn, kter\u00fd v\u00e1m pravideln\u011b p\u0159in\u00e1\u0161\u00ed rady a tipy, zaj\u00edmav\u00e9 \u010dl\u00e1nky, videa a jedine\u010dn\u00e9 report\u00e1\u017ee ze sv\u011bta cyklistiky.\",\"potentialAction\":[{\"@type\":\"SearchAction\",\"target\":{\"@type\":\"EntryPoint\",\"urlTemplate\":\"https:\/\/www.welovecycling.com\/cs\/?s={search_term_string}\"},\"query-input\":{\"@type\":\"PropertyValueSpecification\",\"valueRequired\":true,\"valueName\":\"search_term_string\"}}],\"inLanguage\":\"cs\"},{\"@type\":\"Person\",\"@id\":\"\",\"url\":\"https:\/\/www.welovecycling.com\/cs\/author\/\"}]}<\/script>\n<!-- \/ Yoast SEO Premium plugin. -->","yoast_head_json":{"title":"18 d\u016fvod\u016f, pro\u010d je MTB lep\u0161\u00ed ne\u017e silni\u010dka | \u0160koda We Love Cycling - \u010cesk\u00e1 republika","description":"Kdy\u017e budete na hladk\u00e9m asfaltu z\u00e1vodit se silni\u010d\u00e1\u0159em, na biku prohrajete. Jindy na tom ale budete l\u00e9pe. P\u0159in\u00e1\u0161\u00edme d\u016fvody, pro\u010d m\u00edt rad\u0161i MTB ne\u017e silnici.","robots":{"index":"index","follow":"follow","max-snippet":"max-snippet:-1","max-image-preview":"max-image-preview:large","max-video-preview":"max-video-preview:-1"},"canonical":"https:\/\/www.welovecycling.com\/cs\/2020\/01\/31\/18-duvodu-proc-je-mtb-lepsi-nez-silnicka-welovecycling-cr\/","og_locale":"cs_CZ","og_type":"article","og_title":"18 d\u016fvod\u016f, pro\u010d je MTB lep\u0161\u00ed ne\u017e silni\u010dka","og_description":"Kdy\u017e budete na hladk\u00e9m asfaltu z\u00e1vodit se silni\u010d\u00e1\u0159em, na biku prohrajete. Jindy na tom ale budete l\u00e9pe. P\u0159in\u00e1\u0161\u00edme d\u016fvody, pro\u010d m\u00edt rad\u0161i MTB ne\u017e silnici.","og_url":"https:\/\/www.welovecycling.com\/cs\/2020\/01\/31\/18-duvodu-proc-je-mtb-lepsi-nez-silnicka-welovecycling-cr\/","og_site_name":"\u0160koda We Love Cycling - \u010cesk\u00e1 republika","article_published_time":"2020-01-31T12:46:20+00:00","article_modified_time":"2020-02-24T09:02:04+00:00","og_image":[{"width":1366,"height":600,"url":"https:\/\/d2p6e6u75xmxt8.cloudfront.net\/13\/2020\/01\/Woman-MTB-CVR-profimedia-0481069246.webp","type":"image\/webp"}],"twitter_card":"summary_large_image","twitter_misc":{"Written by":"Adam Marsal","Est. reading time":"7"},"schema":{"@context":"https:\/\/schema.org","@graph":[{"@type":"WebPage","@id":"https:\/\/www.welovecycling.com\/cs\/2020\/01\/31\/18-duvodu-proc-je-mtb-lepsi-nez-silnicka-welovecycling-cr\/","url":"https:\/\/www.welovecycling.com\/cs\/2020\/01\/31\/18-duvodu-proc-je-mtb-lepsi-nez-silnicka-welovecycling-cr\/","name":"18 d\u016fvod\u016f, pro\u010d je MTB lep\u0161\u00ed ne\u017e silni\u010dka | \u0160koda We Love Cycling - \u010cesk\u00e1 republika","isPartOf":{"@id":"https:\/\/www.welovecycling.com\/cs\/#website"},"primaryImageOfPage":{"@id":"https:\/\/www.welovecycling.com\/cs\/2020\/01\/31\/18-duvodu-proc-je-mtb-lepsi-nez-silnicka-welovecycling-cr\/#primaryimage"},"image":{"@id":"https:\/\/www.welovecycling.com\/cs\/2020\/01\/31\/18-duvodu-proc-je-mtb-lepsi-nez-silnicka-welovecycling-cr\/#primaryimage"},"thumbnailUrl":"https:\/\/d2p6e6u75xmxt8.cloudfront.net\/13\/2020\/01\/Woman-MTB-CVR-profimedia-0481069246.webp","datePublished":"2020-01-31T12:46:20+00:00","dateModified":"2020-02-24T09:02:04+00:00","author":{"@id":""},"description":"Kdy\u017e budete na hladk\u00e9m asfaltu z\u00e1vodit se silni\u010d\u00e1\u0159em, na biku prohrajete. Jindy na tom ale budete l\u00e9pe. P\u0159in\u00e1\u0161\u00edme d\u016fvody, pro\u010d m\u00edt rad\u0161i MTB ne\u017e silnici.","inLanguage":"cs","potentialAction":[{"@type":"ReadAction","target":["https:\/\/www.welovecycling.com\/cs\/2020\/01\/31\/18-duvodu-proc-je-mtb-lepsi-nez-silnicka-welovecycling-cr\/"]}]},{"@type":"ImageObject","inLanguage":"cs","@id":"https:\/\/www.welovecycling.com\/cs\/2020\/01\/31\/18-duvodu-proc-je-mtb-lepsi-nez-silnicka-welovecycling-cr\/#primaryimage","url":"https:\/\/d2p6e6u75xmxt8.cloudfront.net\/13\/2020\/01\/Woman-MTB-CVR-profimedia-0481069246.webp","contentUrl":"https:\/\/d2p6e6u75xmxt8.cloudfront.net\/13\/2020\/01\/Woman-MTB-CVR-profimedia-0481069246.webp","width":1366,"height":600},{"@type":"WebSite","@id":"https:\/\/www.welovecycling.com\/cs\/#website","url":"https:\/\/www.welovecycling.com\/cs\/","name":"\u0160koda We Love Cycling - \u010cesk\u00e1 republika","description":"WeLoveCycling.cz je online magaz\u00edn, kter\u00fd v\u00e1m pravideln\u011b p\u0159in\u00e1\u0161\u00ed rady a tipy, zaj\u00edmav\u00e9 \u010dl\u00e1nky, videa a jedine\u010dn\u00e9 report\u00e1\u017ee ze sv\u011bta cyklistiky.","potentialAction":[{"@type":"SearchAction","target":{"@type":"EntryPoint","urlTemplate":"https:\/\/www.welovecycling.com\/cs\/?s={search_term_string}"},"query-input":{"@type":"PropertyValueSpecification","valueRequired":true,"valueName":"search_term_string"}}],"inLanguage":"cs"},{"@type":"Person","@id":"","url":"https:\/\/www.welovecycling.com\/cs\/author\/"}]}},"_links":{"self":[{"href":"https:\/\/www.welovecycling.com\/cs\/wp-json\/wp\/v2\/posts\/5297","targetHints":{"allow":["GET"]}}],"collection":[{"href":"https:\/\/www.welovecycling.com\/cs\/wp-json\/wp\/v2\/posts"}],"about":[{"href":"https:\/\/www.welovecycling.com\/cs\/wp-json\/wp\/v2\/types\/post"}],"author":[{"embeddable":true,"href":"https:\/\/www.welovecycling.com\/cs\/wp-json\/wp\/v2\/users\/95"}],"replies":[{"embeddable":true,"href":"https:\/\/www.welovecycling.com\/cs\/wp-json\/wp\/v2\/comments?post=5297"}],"version-history":[{"count":2,"href":"https:\/\/www.welovecycling.com\/cs\/wp-json\/wp\/v2\/posts\/5297\/revisions"}],"predecessor-version":[{"id":5573,"href":"https:\/\/www.welovecycling.com\/cs\/wp-json\/wp\/v2\/posts\/5297\/revisions\/5573"}],"wp:featuredmedia":[{"embeddable":true,"href":"https:\/\/www.welovecycling.com\/cs\/wp-json\/wp\/v2\/media\/5302"}],"wp:attachment":[{"href":"https:\/\/www.welovecycling.com\/cs\/wp-json\/wp\/v2\/media?parent=5297"}],"wp:term":[{"taxonomy":"category","embeddable":true,"href":"https:\/\/www.welovecycling.com\/cs\/wp-json\/wp\/v2\/categories?post=5297"},{"taxonomy":"post_tag","embeddable":true,"href":"https:\/\/www.welovecycling.com\/cs\/wp-json\/wp\/v2\/tags?post=5297"},{"taxonomy":"global-categories","embeddable":true,"href":"https:\/\/www.welovecycling.com\/cs\/wp-json\/wp\/v2\/global-categories?post=5297"}],"curies":[{"name":"wp","href":"https:\/\/api.w.org\/{rel}","templated":true}]}}