{"id":5278,"date":"2020-01-29T12:41:16","date_gmt":"2020-01-29T10:41:16","guid":{"rendered":"https:\/\/www.welovecycling.com\/cs\/?p=5278"},"modified":"2020-01-29T13:55:29","modified_gmt":"2020-01-29T11:55:29","slug":"nasli-jsme-top-10-bizarnich-cyklostezek-welovecycling-cr","status":"publish","type":"post","link":"https:\/\/www.welovecycling.com\/cs\/2020\/01\/29\/nasli-jsme-top-10-bizarnich-cyklostezek-welovecycling-cr\/","title":{"rendered":"Na\u0161li jsme TOP 10 bizarn\u00edch cyklostezek"},"content":{"rendered":"<p><strong>M\u011bsta jsou \u010dasto pro automobily ucpan\u00e1 i d\u00edky silnic\u00edm a obj\u00edzdn\u00fdm tras\u00e1m, kter\u00e9 pot\u0159ebuj\u00ed b\u00fdt l\u00e9pe napl\u00e1nov\u00e1ny. Ale up\u0159\u00edmn\u011b, tak hrozn\u00e9 jako s\u00a0cyklostezkami to nen\u00ed. Ani ten nejhor\u0161\u00ed pl\u00e1nova\u010d by nenamaloval pruh pro motorov\u00e1 vozidla kon\u010d\u00edc\u00ed v\u00a0z\u00e1bradl\u00ed. Ale na cyklostezk\u00e1ch o\u010dividn\u011b lze pokazit v\u0161echno.<\/strong><!--more--><\/p>\n<p><strong>Cyklostezka na \u010desk\u00fd zp\u016fsob<\/strong><\/p>\n<p>Klasick\u00fd obr\u00e1zek z\u00a0tuzemsk\u00fdch cyklostezek, zde dota\u017een\u00fd k\u00a0dokonalosti. Kolik materi\u00e1lu se na zna\u010dky spot\u0159ebovalo? Kdo si dal pr\u00e1ci ka\u017ed\u00fdch deset metr\u016f zna\u010dku um\u00edstit? A kolik to st\u00e1lo? To je jedno, hlavn\u00ed je, \u017ee m\u00e1me kvalitn\u00ed s\u00ed\u0165 cyklostezek.<\/p>\n<figure id=\"attachment_5288\" aria-describedby=\"caption-attachment-5288\" style=\"width: 943px\" class=\"wp-caption alignnone\"><a href=\"https:\/\/d2p6e6u75xmxt8.cloudfront.net\/13\/2020\/01\/cesko1.png\"><img loading=\"lazy\" decoding=\"async\" class=\"size-full wp-image-5288\" src=\"https:\/\/d2p6e6u75xmxt8.cloudfront.net\/13\/2020\/01\/cesko1.png\" alt=\"\" width=\"943\" height=\"575\" \/><\/a><figcaption id=\"caption-attachment-5288\" class=\"wp-caption-text\">Foto: \u00a9 u\/madercz, reddit.com<\/figcaption><\/figure>\n<h2><strong>Nebezpe\u010d\u00ed vpravo i vlevo<\/strong><\/h2>\n<p>Tyto cyklopruhy jsou u n\u00e1s velmi obvykl\u00e9. I kdy\u017e jsou lehce naddimenzovan\u00e9 a m\u011bly by v\u00e1m nab\u00eddnout dostatek prostoru od neo\u010dek\u00e1van\u011b otev\u0159en\u00fdch dve\u0159\u00ed zaparkovan\u00e9ho auta, ne v\u0161echna auta stoj\u00ed t\u011bsn\u011b u chodn\u00edku. Zvl\u00e1\u0161t\u011b, kdy\u017e je tam cyklopruh, \u017ee? Je\u010fte rad\u011bji v\u00a0lev\u00e9 \u010d\u00e1sti pruhu, proto\u017ee tzv. <a href=\"https:\/\/www.welovecycling.com\/cs\/2019\/02\/27\/dooring-postrach-cyklistu\/\">dooring<\/a>, o kter\u00e9m jsem psali, je velmi nebezpe\u010dn\u00fd.<\/p>\n<figure id=\"attachment_5289\" aria-describedby=\"caption-attachment-5289\" style=\"width: 416px\" class=\"wp-caption alignnone\"><a href=\"https:\/\/d2p6e6u75xmxt8.cloudfront.net\/13\/2020\/01\/cesko2.png\"><img loading=\"lazy\" decoding=\"async\" class=\"size-full wp-image-5289\" src=\"https:\/\/d2p6e6u75xmxt8.cloudfront.net\/13\/2020\/01\/cesko2.png\" alt=\"\" width=\"416\" height=\"416\" \/><\/a><figcaption id=\"caption-attachment-5289\" class=\"wp-caption-text\">\u00a9 Vratislav Filler, prahounakole.cz<\/figcaption><\/figure>\n<h2><strong>Kli\u010dkuj, u\u0161\u00e1ku!<\/strong><\/h2>\n<p>Jako zaj\u00edc si budete p\u0159ipadat mezi t\u011bmito z\u00e1branami, kter\u00e9 jsou pon\u011bkud zbyte\u010dn\u00e9. Poka\u017ed\u00e9 se mezi nimi boj\u00edm, kolik by toho ze m\u011b zbylo, kdybych na \u017eeleznou m\u0159\u00ed\u017e p\u0159ipom\u00ednaj\u00edc\u00ed struhadlo spadl. Na\u0161t\u011bst\u00ed jsem to zat\u00edm nemusel zji\u0161\u0165ovat. A v\u00e1m p\u0159eji, abyste si strouh\u00e1n\u00ed tak\u00e9 nechali do kuchyn\u011b.<\/p>\n<figure id=\"attachment_5290\" aria-describedby=\"caption-attachment-5290\" style=\"width: 943px\" class=\"wp-caption alignnone\"><a href=\"https:\/\/d2p6e6u75xmxt8.cloudfront.net\/13\/2020\/01\/cesko3.png\"><img loading=\"lazy\" decoding=\"async\" class=\"size-full wp-image-5290\" src=\"https:\/\/d2p6e6u75xmxt8.cloudfront.net\/13\/2020\/01\/cesko3.png\" alt=\"\" width=\"943\" height=\"706\" \/><\/a><figcaption id=\"caption-attachment-5290\" class=\"wp-caption-text\">\u00a9 Vratislav Filler, prahounakole.cz<\/figcaption><\/figure>\n<h2><strong>Na velikosti nez\u00e1le\u017e\u00ed<\/strong><\/h2>\n<p>Brit\u00e1nie dlouho byla pr\u016fkopn\u00edkem v\u00a0oblasti cyklistick\u00e9 infrastruktury a inspiroval se u n\u00ed cel\u00fd sv\u011bt. Te\u010f je se sv\u00fdm \u201eodd\u011blen\u00edm \u00fazemn\u00edho pl\u00e1nov\u00e1n\u00ed\u201c sp\u00ed\u0161e inspirac\u00ed pro r\u016fzn\u00e9 vt\u00edpky.<\/p>\n<p><a href=\"https:\/\/d2p6e6u75xmxt8.cloudfront.net\/13\/2020\/01\/Cycling-Lane-Fail.jpg\"><img loading=\"lazy\" decoding=\"async\" class=\"alignnone size-full wp-image-5279\" src=\"https:\/\/d2p6e6u75xmxt8.cloudfront.net\/13\/2020\/01\/Cycling-Lane-Fail.jpg\" alt=\"\" width=\"564\" height=\"386\" \/><\/a><\/p>\n<p>V\u00a0mal\u00e9m obchodn\u00edm m\u011bst\u011b Chesterfieldu vznikla cyklostezka tak tit\u011brn\u00fdch rozm\u011br\u016f, \u017ee si jej\u00ed do nebe volaj\u00edc\u00ed stupiditu jezd\u00ed fotit lid\u00e9 z\u00a0\u0161irok\u00e9ho okol\u00ed.<\/p>\n<h2><strong>\u0160\u00edlen\u00fd Manchester<\/strong><\/h2>\n<p>Kdy\u017e se vyd\u00e1te z Chesterfieldu na sever, doraz\u00edte do Manchesteru. Mnoho lid\u00ed se myln\u011b domn\u00edv\u00e1, \u017ee d\u00edky hedonistick\u00e9 diskot\u00e9kov\u00e9 sc\u00e9n\u011b v\u00a0devades\u00e1t\u00fdch letech se m\u011bstu za\u010dalo p\u0159ezd\u00edvat Madchester.<\/p>\n<p><a href=\"https:\/\/d2p6e6u75xmxt8.cloudfront.net\/13\/2020\/01\/Cycling-Lane-Fail-2.jpg\"><img loading=\"lazy\" decoding=\"async\" class=\"alignnone size-full wp-image-5280\" src=\"https:\/\/d2p6e6u75xmxt8.cloudfront.net\/13\/2020\/01\/Cycling-Lane-Fail-2.jpg\" alt=\"\" width=\"259\" height=\"194\" \/><\/a><\/p>\n<p>V\u011b\u0159\u00edm, \u017ee d\u016fvodem pro tuto p\u0159ezd\u00edvku je sp\u00ed\u0161e tento cyklopruh, kter\u00fd v\u00e1s na konci k\u0159i\u017eovatky donut\u00ed odbo\u010dit doprava, p\u0159\u00edmo p\u0159ed rozj\u00ed\u017ed\u011bj\u00edc\u00ed se auta.<\/p>\n<h2><strong>Existen\u010dn\u00ed probl\u00e9my cyklist\u016f<\/strong><\/h2>\n<p>Brit\u00e1nie m\u00e1 ve frustrov\u00e1n\u00ed \u0159idi\u010d\u016f velk\u00e9ho soupe\u0159e ve Spojen\u00fdch st\u00e1tech. Jejich ministerstvo dopravy v\u011b\u0159\u00ed, \u017ee samotn\u00fd cyklopruh namalovan\u00fd na silnici nen\u00ed dostate\u010dn\u00fdm upozorn\u011bn\u00edm na vyskytuj\u00edc\u00ed se cyklisty, proto p\u0159i\u0161li s\u00a0t\u00edmto elegantn\u00edm \u0159e\u0161en\u00edm.<\/p>\n<p><a href=\"https:\/\/d2p6e6u75xmxt8.cloudfront.net\/13\/2020\/01\/Cycling-Lane-Fail-3.jpg\"><img loading=\"lazy\" decoding=\"async\" class=\"alignnone size-full wp-image-5281\" src=\"https:\/\/d2p6e6u75xmxt8.cloudfront.net\/13\/2020\/01\/Cycling-Lane-Fail-3.jpg\" alt=\"\" width=\"600\" height=\"451\" \/><\/a><\/p>\n<p>Ale britsk\u00e9 \u00fa\u0159ady by si netroufly takto konfrontovat \u0159idi\u010de, zam\u011b\u0159uj\u00ed se rad\u011bji p\u0159\u00edmo na cyklisty. Pohle\u010fte na n\u011bco, co vypad\u00e1 jako rekvizita z\u00a0filmu Po\u010d\u00e1tek. Co bylo d\u0159\u00edv?<\/p>\n<p><a href=\"https:\/\/d2p6e6u75xmxt8.cloudfront.net\/13\/2020\/01\/Cycling-Lane-Fail-4.jpg\"><img loading=\"lazy\" decoding=\"async\" class=\"alignnone size-full wp-image-5282\" src=\"https:\/\/d2p6e6u75xmxt8.cloudfront.net\/13\/2020\/01\/Cycling-Lane-Fail-4.jpg\" alt=\"\" width=\"639\" height=\"852\" \/><\/a><\/p>\n<p>Jenom v\u00a0Anglii se m\u016f\u017ee st\u00e1t, \u017ee jste jako cyklista varov\u00e1n cedul\u00ed, kter\u00e1 v\u00e1m stoj\u00ed p\u0159\u00edmo v\u00a0cest\u011b a na n\u00ed\u017e je varov\u00e1n\u00ed o v\u00fdskytu cedule na cyklostezce. Zanechte pod \u010dl\u00e1nkem koment\u00e1\u0159, pokud jste p\u0159i\u0161li na to, jak tuto situaci vy\u0159e\u0161it.<\/p>\n<h2><strong>P\u0159ek\u00e1\u017ekov\u00e1 dr\u00e1ha<\/strong><\/h2>\n<p>J\u00edzdou na trena\u017e\u00e9ru m\u016f\u017eete z\u00edskat fyzi\u010dku, ale opravdov\u00fd cyklistick\u00fd um a techniku natr\u00e9nujete pouze je\u017ed\u011bn\u00edm venku. A jakou lep\u0161\u00ed p\u0159\u00edle\u017eitost k prov\u011b\u0159en\u00ed sv\u00fdch technick\u00fdch dovednost\u00ed najdete, ne\u017e kdy\u017e m\u00e1te bu\u010f p\u0159esko\u010dit p\u016flmetrov\u00fd z\u00e1taras p\u0159\u00edmo do cesty jedouc\u00edm aut\u016fm, nebo vysko\u010dit na obrubn\u00edk, kde naraz\u00edte na chodce. A mus\u00edte se v\u00a0letu oto\u010dit o 90\u00b0!<\/p>\n<p><a href=\"https:\/\/d2p6e6u75xmxt8.cloudfront.net\/13\/2020\/01\/Cycling-Lane-Fail-5.jpg\"><img loading=\"lazy\" decoding=\"async\" class=\"alignnone size-full wp-image-5283\" src=\"https:\/\/d2p6e6u75xmxt8.cloudfront.net\/13\/2020\/01\/Cycling-Lane-Fail-5.jpg\" alt=\"\" width=\"600\" height=\"400\" \/><\/a><\/p>\n<p>Cyklostezku na tomto obr\u00e1zku m\u016f\u017eete vyu\u017e\u00edt jako alternativn\u00ed program, kdy\u017e se nedostanete na ly\u017ee do Alp. Nebo je to mo\u017en\u00e1 jedno z\u00a0cvi\u010den\u00ed, kter\u00e1 mus\u00ed messenge\u0159i v\u00a0New Yorku absolvovat, ne\u017e dostanou pr\u00e1ci.<\/p>\n<p><a href=\"https:\/\/d2p6e6u75xmxt8.cloudfront.net\/13\/2020\/01\/Cycling-Lane-Fail-7.jpg\"><img loading=\"lazy\" decoding=\"async\" class=\"alignnone size-full wp-image-5284\" src=\"https:\/\/d2p6e6u75xmxt8.cloudfront.net\/13\/2020\/01\/Cycling-Lane-Fail-7.jpg\" alt=\"\" width=\"600\" height=\"447\" \/><\/a><\/p>\n","protected":false},"excerpt":{"rendered":"<p>M\u011bsta jsou \u010dasto pro automobily ucpan\u00e1 i d\u00edky silnic\u00edm a obj\u00edzdn\u00fdm tras\u00e1m, kter\u00e9 pot\u0159ebuj\u00ed b\u00fdt l\u00e9pe napl\u00e1nov\u00e1ny. Ale up\u0159\u00edmn\u011b, tak [&hellip;]<\/p>\n","protected":false},"author":95,"featured_media":5286,"comment_status":"open","ping_status":"open","sticky":false,"template":"","format":"standard","meta":{"footnotes":""},"categories":[1,660],"tags":[13,116,115],"global-categories":[],"class_list":["post-5278","post","type-post","status-publish","format-standard","has-post-thumbnail","hentry","category-bezpecnost","category-https-www-welovecycling-com-cs-category-zabava","tag-bezpecnost","tag-cyklostezky","tag-mestska-cyklistika"],"yoast_head":"<!-- This site is optimized with the Yoast SEO Premium plugin v25.3 (Yoast SEO v25.9) - https:\/\/yoast.com\/wordpress\/plugins\/seo\/ -->\n<title>Na\u0161li jsme TOP 10 bizarn\u00edch cyklostezek | \u0160koda We Love Cycling - \u010cesk\u00e1 republika<\/title>\n<meta name=\"description\" content=\"M\u011bsta jsou \u010dasto pro auta ucpan\u00e1 i d\u00edky silnic\u00edm a obj\u00ed\u017e\u010fk\u00e1m, kter\u00e9 pot\u0159ebuj\u00ed b\u00fdt l\u00e9pe napl\u00e1nov\u00e1ny. Ale up\u0159\u00edmn\u011b, tak hrozn\u00e9 jako s\u00a0cyklostezkami to nen\u00ed....\" \/>\n<meta name=\"robots\" content=\"index, follow, max-snippet:-1, max-image-preview:large, max-video-preview:-1\" \/>\n<link rel=\"canonical\" href=\"https:\/\/www.welovecycling.com\/cs\/2020\/01\/29\/nasli-jsme-top-10-bizarnich-cyklostezek-welovecycling-cr\/\" \/>\n<meta property=\"og:locale\" content=\"cs_CZ\" \/>\n<meta property=\"og:type\" content=\"article\" \/>\n<meta property=\"og:title\" content=\"Na\u0161li jsme TOP 10 bizarn\u00edch cyklostezek\" \/>\n<meta property=\"og:description\" content=\"M\u011bsta jsou \u010dasto pro auta ucpan\u00e1 i d\u00edky silnic\u00edm a obj\u00ed\u017e\u010fk\u00e1m, kter\u00e9 pot\u0159ebuj\u00ed b\u00fdt l\u00e9pe napl\u00e1nov\u00e1ny. Ale up\u0159\u00edmn\u011b, tak hrozn\u00e9 jako s\u00a0cyklostezkami to nen\u00ed....\" \/>\n<meta property=\"og:url\" content=\"https:\/\/www.welovecycling.com\/cs\/2020\/01\/29\/nasli-jsme-top-10-bizarnich-cyklostezek-welovecycling-cr\/\" \/>\n<meta property=\"og:site_name\" content=\"\u0160koda We Love Cycling - \u010cesk\u00e1 republika\" \/>\n<meta property=\"article:published_time\" content=\"2020-01-29T10:41:16+00:00\" \/>\n<meta property=\"article:modified_time\" content=\"2020-01-29T11:55:29+00:00\" \/>\n<meta property=\"og:image\" content=\"https:\/\/d2p6e6u75xmxt8.cloudfront.net\/13\/2020\/01\/Cycle-Lanes-Fails-CVR.webp\" \/>\n\t<meta property=\"og:image:width\" content=\"1366\" \/>\n\t<meta property=\"og:image:height\" content=\"600\" \/>\n\t<meta property=\"og:image:type\" content=\"image\/webp\" \/>\n<meta name=\"twitter:card\" content=\"summary_large_image\" \/>\n<meta name=\"twitter:label1\" content=\"Written by\" \/>\n\t<meta name=\"twitter:data1\" content=\"Christopher Ashley, V\u00e1clav \u0160\u0148up\u00e1rek\" \/>\n\t<meta name=\"twitter:label2\" content=\"Est. reading time\" \/>\n\t<meta name=\"twitter:data2\" content=\"4\" \/>\n<script type=\"application\/ld+json\" class=\"yoast-schema-graph\">{\"@context\":\"https:\/\/schema.org\",\"@graph\":[{\"@type\":\"WebPage\",\"@id\":\"https:\/\/www.welovecycling.com\/cs\/2020\/01\/29\/nasli-jsme-top-10-bizarnich-cyklostezek-welovecycling-cr\/\",\"url\":\"https:\/\/www.welovecycling.com\/cs\/2020\/01\/29\/nasli-jsme-top-10-bizarnich-cyklostezek-welovecycling-cr\/\",\"name\":\"Na\u0161li jsme TOP 10 bizarn\u00edch cyklostezek | \u0160koda We Love Cycling - \u010cesk\u00e1 republika\",\"isPartOf\":{\"@id\":\"https:\/\/www.welovecycling.com\/cs\/#website\"},\"primaryImageOfPage\":{\"@id\":\"https:\/\/www.welovecycling.com\/cs\/2020\/01\/29\/nasli-jsme-top-10-bizarnich-cyklostezek-welovecycling-cr\/#primaryimage\"},\"image\":{\"@id\":\"https:\/\/www.welovecycling.com\/cs\/2020\/01\/29\/nasli-jsme-top-10-bizarnich-cyklostezek-welovecycling-cr\/#primaryimage\"},\"thumbnailUrl\":\"https:\/\/d2p6e6u75xmxt8.cloudfront.net\/13\/2020\/01\/Cycle-Lanes-Fails-CVR.webp\",\"datePublished\":\"2020-01-29T10:41:16+00:00\",\"dateModified\":\"2020-01-29T11:55:29+00:00\",\"author\":{\"@id\":\"\"},\"description\":\"M\u011bsta jsou \u010dasto pro auta ucpan\u00e1 i d\u00edky silnic\u00edm a obj\u00ed\u017e\u010fk\u00e1m, kter\u00e9 pot\u0159ebuj\u00ed b\u00fdt l\u00e9pe napl\u00e1nov\u00e1ny. Ale up\u0159\u00edmn\u011b, tak hrozn\u00e9 jako s\u00a0cyklostezkami to nen\u00ed....\",\"inLanguage\":\"cs\",\"potentialAction\":[{\"@type\":\"ReadAction\",\"target\":[\"https:\/\/www.welovecycling.com\/cs\/2020\/01\/29\/nasli-jsme-top-10-bizarnich-cyklostezek-welovecycling-cr\/\"]}]},{\"@type\":\"ImageObject\",\"inLanguage\":\"cs\",\"@id\":\"https:\/\/www.welovecycling.com\/cs\/2020\/01\/29\/nasli-jsme-top-10-bizarnich-cyklostezek-welovecycling-cr\/#primaryimage\",\"url\":\"https:\/\/d2p6e6u75xmxt8.cloudfront.net\/13\/2020\/01\/Cycle-Lanes-Fails-CVR.webp\",\"contentUrl\":\"https:\/\/d2p6e6u75xmxt8.cloudfront.net\/13\/2020\/01\/Cycle-Lanes-Fails-CVR.webp\",\"width\":1366,\"height\":600},{\"@type\":\"WebSite\",\"@id\":\"https:\/\/www.welovecycling.com\/cs\/#website\",\"url\":\"https:\/\/www.welovecycling.com\/cs\/\",\"name\":\"\u0160koda We Love Cycling - \u010cesk\u00e1 republika\",\"description\":\"WeLoveCycling.cz je online magaz\u00edn, kter\u00fd v\u00e1m pravideln\u011b p\u0159in\u00e1\u0161\u00ed rady a tipy, zaj\u00edmav\u00e9 \u010dl\u00e1nky, videa a jedine\u010dn\u00e9 report\u00e1\u017ee ze sv\u011bta cyklistiky.\",\"potentialAction\":[{\"@type\":\"SearchAction\",\"target\":{\"@type\":\"EntryPoint\",\"urlTemplate\":\"https:\/\/www.welovecycling.com\/cs\/?s={search_term_string}\"},\"query-input\":{\"@type\":\"PropertyValueSpecification\",\"valueRequired\":true,\"valueName\":\"search_term_string\"}}],\"inLanguage\":\"cs\"},{\"@type\":\"Person\",\"@id\":\"\",\"url\":\"https:\/\/www.welovecycling.com\/cs\/author\/\"}]}<\/script>\n<!-- \/ Yoast SEO Premium plugin. -->","yoast_head_json":{"title":"Na\u0161li jsme TOP 10 bizarn\u00edch cyklostezek | \u0160koda We Love Cycling - \u010cesk\u00e1 republika","description":"M\u011bsta jsou \u010dasto pro auta ucpan\u00e1 i d\u00edky silnic\u00edm a obj\u00ed\u017e\u010fk\u00e1m, kter\u00e9 pot\u0159ebuj\u00ed b\u00fdt l\u00e9pe napl\u00e1nov\u00e1ny. Ale up\u0159\u00edmn\u011b, tak hrozn\u00e9 jako s\u00a0cyklostezkami to nen\u00ed....","robots":{"index":"index","follow":"follow","max-snippet":"max-snippet:-1","max-image-preview":"max-image-preview:large","max-video-preview":"max-video-preview:-1"},"canonical":"https:\/\/www.welovecycling.com\/cs\/2020\/01\/29\/nasli-jsme-top-10-bizarnich-cyklostezek-welovecycling-cr\/","og_locale":"cs_CZ","og_type":"article","og_title":"Na\u0161li jsme TOP 10 bizarn\u00edch cyklostezek","og_description":"M\u011bsta jsou \u010dasto pro auta ucpan\u00e1 i d\u00edky silnic\u00edm a obj\u00ed\u017e\u010fk\u00e1m, kter\u00e9 pot\u0159ebuj\u00ed b\u00fdt l\u00e9pe napl\u00e1nov\u00e1ny. Ale up\u0159\u00edmn\u011b, tak hrozn\u00e9 jako s\u00a0cyklostezkami to nen\u00ed....","og_url":"https:\/\/www.welovecycling.com\/cs\/2020\/01\/29\/nasli-jsme-top-10-bizarnich-cyklostezek-welovecycling-cr\/","og_site_name":"\u0160koda We Love Cycling - \u010cesk\u00e1 republika","article_published_time":"2020-01-29T10:41:16+00:00","article_modified_time":"2020-01-29T11:55:29+00:00","og_image":[{"width":1366,"height":600,"url":"https:\/\/d2p6e6u75xmxt8.cloudfront.net\/13\/2020\/01\/Cycle-Lanes-Fails-CVR.webp","type":"image\/webp"}],"twitter_card":"summary_large_image","twitter_misc":{"Written by":"Christopher Ashley, V\u00e1clav \u0160\u0148up\u00e1rek","Est. reading time":"4"},"schema":{"@context":"https:\/\/schema.org","@graph":[{"@type":"WebPage","@id":"https:\/\/www.welovecycling.com\/cs\/2020\/01\/29\/nasli-jsme-top-10-bizarnich-cyklostezek-welovecycling-cr\/","url":"https:\/\/www.welovecycling.com\/cs\/2020\/01\/29\/nasli-jsme-top-10-bizarnich-cyklostezek-welovecycling-cr\/","name":"Na\u0161li jsme TOP 10 bizarn\u00edch cyklostezek | \u0160koda We Love Cycling - \u010cesk\u00e1 republika","isPartOf":{"@id":"https:\/\/www.welovecycling.com\/cs\/#website"},"primaryImageOfPage":{"@id":"https:\/\/www.welovecycling.com\/cs\/2020\/01\/29\/nasli-jsme-top-10-bizarnich-cyklostezek-welovecycling-cr\/#primaryimage"},"image":{"@id":"https:\/\/www.welovecycling.com\/cs\/2020\/01\/29\/nasli-jsme-top-10-bizarnich-cyklostezek-welovecycling-cr\/#primaryimage"},"thumbnailUrl":"https:\/\/d2p6e6u75xmxt8.cloudfront.net\/13\/2020\/01\/Cycle-Lanes-Fails-CVR.webp","datePublished":"2020-01-29T10:41:16+00:00","dateModified":"2020-01-29T11:55:29+00:00","author":{"@id":""},"description":"M\u011bsta jsou \u010dasto pro auta ucpan\u00e1 i d\u00edky silnic\u00edm a obj\u00ed\u017e\u010fk\u00e1m, kter\u00e9 pot\u0159ebuj\u00ed b\u00fdt l\u00e9pe napl\u00e1nov\u00e1ny. Ale up\u0159\u00edmn\u011b, tak hrozn\u00e9 jako s\u00a0cyklostezkami to nen\u00ed....","inLanguage":"cs","potentialAction":[{"@type":"ReadAction","target":["https:\/\/www.welovecycling.com\/cs\/2020\/01\/29\/nasli-jsme-top-10-bizarnich-cyklostezek-welovecycling-cr\/"]}]},{"@type":"ImageObject","inLanguage":"cs","@id":"https:\/\/www.welovecycling.com\/cs\/2020\/01\/29\/nasli-jsme-top-10-bizarnich-cyklostezek-welovecycling-cr\/#primaryimage","url":"https:\/\/d2p6e6u75xmxt8.cloudfront.net\/13\/2020\/01\/Cycle-Lanes-Fails-CVR.webp","contentUrl":"https:\/\/d2p6e6u75xmxt8.cloudfront.net\/13\/2020\/01\/Cycle-Lanes-Fails-CVR.webp","width":1366,"height":600},{"@type":"WebSite","@id":"https:\/\/www.welovecycling.com\/cs\/#website","url":"https:\/\/www.welovecycling.com\/cs\/","name":"\u0160koda We Love Cycling - \u010cesk\u00e1 republika","description":"WeLoveCycling.cz je online magaz\u00edn, kter\u00fd v\u00e1m pravideln\u011b p\u0159in\u00e1\u0161\u00ed rady a tipy, zaj\u00edmav\u00e9 \u010dl\u00e1nky, videa a jedine\u010dn\u00e9 report\u00e1\u017ee ze sv\u011bta cyklistiky.","potentialAction":[{"@type":"SearchAction","target":{"@type":"EntryPoint","urlTemplate":"https:\/\/www.welovecycling.com\/cs\/?s={search_term_string}"},"query-input":{"@type":"PropertyValueSpecification","valueRequired":true,"valueName":"search_term_string"}}],"inLanguage":"cs"},{"@type":"Person","@id":"","url":"https:\/\/www.welovecycling.com\/cs\/author\/"}]}},"_links":{"self":[{"href":"https:\/\/www.welovecycling.com\/cs\/wp-json\/wp\/v2\/posts\/5278","targetHints":{"allow":["GET"]}}],"collection":[{"href":"https:\/\/www.welovecycling.com\/cs\/wp-json\/wp\/v2\/posts"}],"about":[{"href":"https:\/\/www.welovecycling.com\/cs\/wp-json\/wp\/v2\/types\/post"}],"author":[{"embeddable":true,"href":"https:\/\/www.welovecycling.com\/cs\/wp-json\/wp\/v2\/users\/95"}],"replies":[{"embeddable":true,"href":"https:\/\/www.welovecycling.com\/cs\/wp-json\/wp\/v2\/comments?post=5278"}],"version-history":[{"count":2,"href":"https:\/\/www.welovecycling.com\/cs\/wp-json\/wp\/v2\/posts\/5278\/revisions"}],"predecessor-version":[{"id":5293,"href":"https:\/\/www.welovecycling.com\/cs\/wp-json\/wp\/v2\/posts\/5278\/revisions\/5293"}],"wp:featuredmedia":[{"embeddable":true,"href":"https:\/\/www.welovecycling.com\/cs\/wp-json\/wp\/v2\/media\/5286"}],"wp:attachment":[{"href":"https:\/\/www.welovecycling.com\/cs\/wp-json\/wp\/v2\/media?parent=5278"}],"wp:term":[{"taxonomy":"category","embeddable":true,"href":"https:\/\/www.welovecycling.com\/cs\/wp-json\/wp\/v2\/categories?post=5278"},{"taxonomy":"post_tag","embeddable":true,"href":"https:\/\/www.welovecycling.com\/cs\/wp-json\/wp\/v2\/tags?post=5278"},{"taxonomy":"global-categories","embeddable":true,"href":"https:\/\/www.welovecycling.com\/cs\/wp-json\/wp\/v2\/global-categories?post=5278"}],"curies":[{"name":"wp","href":"https:\/\/api.w.org\/{rel}","templated":true}]}}