{"id":5146,"date":"2020-01-13T11:29:41","date_gmt":"2020-01-13T09:29:41","guid":{"rendered":"https:\/\/www.welovecycling.com\/cs\/?p=5146"},"modified":"2020-01-13T11:29:41","modified_gmt":"2020-01-13T09:29:41","slug":"ceska-rarita-42-lety-veteran-hekele-je-cyklokrosovym-kralem-we-love-cycling-cr","status":"publish","type":"post","link":"https:\/\/www.welovecycling.com\/cs\/2020\/01\/13\/ceska-rarita-42-lety-veteran-hekele-je-cyklokrosovym-kralem-we-love-cycling-cr\/","title":{"rendered":"\u010cesk\u00e1 rarita: 42let\u00fd veter\u00e1n Hekele je cyklokrosov\u00fdm kr\u00e1lem"},"content":{"rendered":"<p><strong>Mnoz\u00ed ho pova\u017euj\u00ed za bl\u00e1zna, \u017ee je\u0161t\u011b nepov\u011bsil kolo na h\u0159eb\u00edk. \u0158ad\u011b lid\u00ed nen\u00ed po chuti jeho up\u0159\u00edmnost, otev\u0159enost a neuv\u00e1\u017eenost ve vyj\u00e1d\u0159en\u00edch. Emil Hekele je sv\u00e9r\u00e1z, \u010dasto jde hlavou proti zdi, ale v\u00a0ned\u011bli asi nebylo \u010dlov\u011bka, kter\u00fd by p\u0159i sledov\u00e1n\u00ed jeho spanil\u00e9 j\u00edzdy na mistrovstv\u00ed republiky v\u00a0cyklokrosu v\u00a0Ji\u010d\u00edn\u011b uznale nepok\u00fdval hlavou.<\/strong><\/p>\n<p><!--more--><\/p>\n<p>Emil se stal dost mo\u017en\u00e1 sv\u011btovou raritou. Svou prvn\u00ed medaili z\u00a0dom\u00e1c\u00edho \u0161ampion\u00e1tu elitn\u00ed kategorie v\u00a0cyklokrosu z\u00edskal ve 42 letech! A co v\u00edc, byla z\u00a0kovu nejcenn\u011bj\u0161\u00edho. Hekele za sebou nechal v\u0161echny favority, v\u0161echny daleko mlad\u0161\u00ed borce, a po z\u00e1vod\u011b obl\u00e9kl mistrovsk\u00fd dres.<\/p>\n<p><em>\u201eKlobouk dol\u016f, jak to zvl\u00e1dl. Tohle nebylo v\u00edt\u011bzstv\u00ed zku\u0161enost\u00ed nebo taktiky, ale vylo\u017een\u011b s\u00edly. Na tak n\u00e1ro\u010dn\u00e9m okruhu vyhr\u00e1vaj\u00ed jen ti nejlep\u0161\u00ed. A Emil byl prost\u011b suver\u00e9nn\u00ed. Ale po\u0159\u00e1d to nepob\u00edr\u00e1m,\u201c<\/em> \u0159\u00edkal p\u0159i sledovan\u00ed Hekeleho triumfu spolukoment\u00e1tor \u010cT Sport Radom\u00edr \u0160im\u016fnek mlad\u0161\u00ed, mistr republiky z\u00a0roku 2016 a majitel celkem osmi cenn\u00fdch kov\u016f z\u00a0dom\u00e1c\u00edch \u0161ampion\u00e1t\u016f.<\/p>\n<p>Emil Hekele nikdy doma nepat\u0159il do \u00fapln\u00e9 \u0161pi\u010dky. Byl to v\u017edy poctiv\u00fd z\u00e1vodn\u00edk, jezdil na Sv\u011btov\u00e9 poh\u00e1ry, mistrovstv\u00ed sv\u011bta, ale v\u017edy byl n\u011bkdo z\u00a0\u010cech\u016f p\u0159ed n\u00edm. A\u0165 u\u017e to byli Dlask, Posp\u00ed\u0161il, Ausbuher nebo Je\u017eek.<\/p>\n<figure id=\"attachment_5152\" aria-describedby=\"caption-attachment-5152\" style=\"width: 1024px\" class=\"wp-caption alignnone\"><a href=\"https:\/\/d2p6e6u75xmxt8.cloudfront.net\/13\/2020\/01\/profimedia-0492302358-1.jpg\"><img loading=\"lazy\" decoding=\"async\" class=\"size-large wp-image-5152\" src=\"https:\/\/d2p6e6u75xmxt8.cloudfront.net\/13\/2020\/01\/profimedia-0492302358-1-1024x683.jpg\" alt=\"\" width=\"1024\" height=\"683\" \/><\/a><figcaption id=\"caption-attachment-5152\" class=\"wp-caption-text\">Emil Hekele na trat\u011b mistrovsk\u00e9ho z\u00e1vodu v cyklokrosu. Foto: Profimedia.<\/figcaption><\/figure>\n<p>Hekele nebyl tak dobr\u00fd, jako t\u0159eba \u0160tybar, \u0160im\u016fnek, B\u00edna nebo Dlask, \u017ee by se dostal do n\u011bkter\u00e9ho ze zahrani\u010dn\u00edch t\u00fdm\u016f a mohl se (hlavn\u011b v\u00a0Belgii) cyklokrosem trochu zabezpe\u010dit. V\u00a0pokro\u010dilej\u0161\u00edm v\u011bku u\u017e nejezdil ty nejlep\u0161\u00ed z\u00e1vody a i nyn\u00ed si vyb\u00edr\u00e1 podniky ni\u017e\u0161\u00ed kategorie nap\u0159\u00edklad v\u00a0Lucembursku nebo \u0160v\u00fdcarsku. Letos dokonce z\u00e1vodil v\u00a0Japonsku a vyhr\u00e1val tam.<\/p>\n<p>M\u00e1 tam daleko lep\u0161\u00ed \u0161ance na v\u00fdsledek, proto\u017ee tam nestartuj\u00ed nejlep\u0161\u00ed Belgi\u010dan\u00e9 nebo Nizozemci. A to znamen\u00e1, \u017ee si vyd\u011bl\u00e1 lep\u0161\u00ed pen\u00edze. Japonci mu zase zaplat\u00ed n\u00e1klady na cestu, a co si Emil vyd\u011bl\u00e1, je jeho. Takov\u00fdm z\u00e1vod\u016fm d\u00e1v\u00e1 p\u0159ednost i p\u0159ed dom\u00e1c\u00edm poh\u00e1rem.<\/p>\n<p>Emil je sv\u00e9r\u00e1z, to v\u00e1m \u0159ekne ka\u017ed\u00fd, kdo ho zn\u00e1. Kdy\u017e byl vloni p\u0159i mistrovsk\u00e9m z\u00e1vod\u011b z\u00a0druh\u00e9ho m\u00edsta diskvalifikov\u00e1n kv\u016fli v\u00fdm\u011bn\u011b kola v\u00a0depu mimo povolen\u00e9 \u00fazem\u00ed, ozna\u010dil veden\u00ed \u010desk\u00e9ho cyklokrosu za mafi\u00e1ny&#8230;<\/p>\n<p>To nebyl zdaleka jedin\u00fd v\u00fdk\u0159ik. U\u017e v\u00a0minulosti se z\u00a0jeho \u00fast linula \u0159ada v\u00fdrok\u016f a podjatosti p\u0159i nominac\u00edch na vrcholn\u00e9 akce, obvi\u0148oval veden\u00ed svazu i reprezenta\u010dn\u00edho tren\u00e9ra. Mo\u017en\u00e1 si t\u00edm ud\u011blal dost nep\u0159\u00e1tel.<\/p>\n<p>Hekele je tvrd\u00e1 moravsk\u00e1 palice, kter\u00e1 si nech\u00e1 m\u00e1lokdy vymluvit sv\u016fj n\u00e1zor, ale na kole si jde tvrd\u011b za sv\u00fdm. Denn\u011b podstupuje d\u0159inu, zat\u00edmco jeho vrstevn\u00edci i mlad\u0161\u00ed z\u00e1vodn\u00edci u\u017e d\u00e1vno pov\u011bsili kolo na h\u0159eb\u00edk a nemaj\u00ed u\u017e chu\u0165 se gumovat p\u0159i tvrd\u00fdch tr\u00e9ninc\u00edch. <em>\u201eEmil je z\u00a0 Lo\u0161tic a zraje jako ten jejich tvar\u016f\u017eek,\u201c<\/em> \u0159\u00edkal s\u00a0\u00fasm\u011bvem \u0160im\u016fnek.<\/p>\n<p>Hekele je obrovsk\u00fd d\u0159\u00ed\u010d. Chce v\u0161em dok\u00e1zat, \u017ee ani ve 42 letech nepat\u0159\u00ed do star\u00e9ho \u017eeleza. A ur\u010dit\u011b i s\u00e1m sob\u011b. Kdy\u017e se p\u0159ed \u0161ampion\u00e1tem hovo\u0159ilo o okruhu favorit\u016f, jeho jm\u00e9no padlo taky, ale rozhodn\u011b ne o adeptovi na titul.<\/p>\n<p>https:\/\/www.instagram.com\/p\/B0NsFRMoU_U\/<\/p>\n<p>Ten m\u011bl podle pap\u00edrov\u00fdch p\u0159edpoklad\u016f z\u00edskat Michael Boro\u0161, kter\u00fd usiloval o \u010dtvrt\u00e9 zlato v\u00a0\u0159ad\u011b. Jen\u017ee o\u010dividn\u011b nem\u011bl sv\u016fj den. Skon\u010dil t\u0159et\u00ed. Druh\u00fd byl 19let\u00fd Tom\u00e1\u0161 Kopeck\u00fd, jemu\u017e by mohl Emil d\u011blat t\u00e1tu.<\/p>\n<p>Hekele uk\u00e1zal fantastickou formu. Vyhr\u00e1l na v\u00fdkon, nikdo ze soupe\u0159\u016f na n\u011bj nesta\u010dil. \u201e<em>M\u00e1 to po\u0159\u00e1d v\u00a0sob\u011b. Takov\u00e9 to spr\u00e1vn\u00e9 z\u00e1vodnick\u00e9 zaujet\u00ed. Kdy\u017e vid\u00edm, co p\u0159edv\u00e1d\u00ed, jsem z\u00a0toho v\u00a0\u0161oku. To je neuv\u011b\u0159iteln\u00fd,\u201c<\/em> tvrdil \u0160im\u016fnek.<\/p>\n<p>Ano, nachystat se na hodinu pekla v\u00a0sedle, kdy \u010dlov\u011bk jede skoro celou dobu absolutn\u00ed hranu, je skute\u010dn\u011b hodn\u011b t\u011b\u017ek\u00e9. Zvl\u00e1\u0161\u0165 ve 42 letech. Za to zaslou\u017e\u00ed Emil Hekele slova uzn\u00e1n\u00ed. A mlad\u00ed by se taky m\u011bli chytit za nos. Je to pro n\u011b tro\u0161ku ostuda. Vn\u00edmaj\u00ed to tak v\u0161ichni, v\u010detn\u011b fanou\u0161k\u016f.<\/p>\n<p><em>\u201eM\u011bli by se styd\u011bt, vr\u00e1tit kola, ve\u0161ker\u00e9 v\u00fdhody a za\u010d\u00edt makat. Aby si v\u00e1\u017eili v\u0161eho, co si ostatn\u00ed mus\u00ed hradit ze sv\u00e9ho. Hanba jim a poklona Emilovi,\u201c<\/em> napsal jeden z\u00a0nich v\u00a0diskuzi k\u00a0\u0161ampion\u00e1tu na Facebooku.<\/p>\n<p>Hekeleho v\u00fdkon byl obdivuhodn\u00fd a nikdo nem\u016f\u017ee jeho v\u00edt\u011bzstv\u00ed sni\u017eovat. <em>\u201eV\u011b\u0159il jsem si hodn\u011b,\u201c<\/em> p\u0159iznal. <em>\u201eTenhle titul je zadostiu\u010din\u011bn\u00edm za celo\u017eivotn\u00ed d\u0159inu. Rodina to se mnou m\u00e1 t\u011b\u017ek\u00fd, jsem po\u0159\u00e1d na kole. Rozhodlo srdce, ne zku\u0161enosti,\u201c<\/em> l\u00ed\u010dil dojat\u00fd Hekele. Kdy\u017e st\u00e1l v\u00a0mistrovsk\u00e9m dresu na nejvy\u0161\u0161\u00edm stupni a hr\u00e1li mu hymnu, do\u0161lo i na slzy \u0161t\u011bst\u00ed. <em>\u201eMotivace byla obrovsk\u00e1, v\u00a0noci p\u0159ed z\u00e1vodem jsem skoro nespal,\u201c<\/em> p\u0159iznal.<\/p>\n<p>https:\/\/www.instagram.com\/p\/B6ldCvsHGIA\/<\/p>\n<p>Te\u010f m\u00e1 jako dom\u00e1c\u00ed \u0161ampi\u00f3n jistou nominaci na mistrovstv\u00ed sv\u011bta, kter\u00e9 se kon\u00e1 za t\u0159i t\u00fddny ve \u0160v\u00fdcarsku. A je velmi pravd\u011bpodobn\u00e9, \u017ee tam v\u00a0elitn\u00ed kategorii bude nejstar\u0161\u00edm z\u00e1vodn\u00edkem.<\/p>\n<p>Emilio, jak mu \u0159\u00edkaj\u00ed, ur\u010dit\u011b ze stup\u0148\u016f pohl\u00e9dl i k\u00a0nebi. Tam u\u017e n\u011bkolik let odpo\u010d\u00edv\u00e1 jeho tat\u00ednek, taky b\u00fdval\u00fd v\u00fdborn\u00fd cyklista, kter\u00fd Emila k\u00a0cyklokrosu p\u0159ivedl. A tenhle titul pat\u0159\u00ed i jemu. Na jeho po\u010dest si Emil mlad\u0161\u00ed dal ve\u010der ur\u010dit\u011b aspo\u0148 jednu obl\u00edbenou slivovi\u010dku.<\/p>\n<p>https:\/\/www.instagram.com\/p\/B7A_rQJH-eV\/<\/p>\n<p>I mezi \u017eenami se z\u00a0titulu radovala veter\u00e1nka. Pavle Havl\u00edkov\u00e9 bude v\u00a0dubnu sedmat\u0159icet, p\u0159esto doma nem\u00e1 konkurenci. Z\u00edskala u\u017e sv\u016fj sedm\u00fd titul, \u010d\u00edm\u017e se za\u0159adila po bok rekordman\u016f Radom\u00edra \u0160im\u016fnka star\u0161\u00edho a Zde\u0148ka \u0160tybara. <em>\u201eJe to odm\u011bna za dlouholetou pr\u00e1ci, ale nec\u00edt\u00edm se rovna t\u011bm legend\u00e1m. P\u0159esto si toho moc v\u00e1\u017e\u00edm,\u201c<\/em> \u0159ekla Pavla.<\/p>\n","protected":false},"excerpt":{"rendered":"<p>Mnoz\u00ed ho pova\u017euj\u00ed za bl\u00e1zna, \u017ee je\u0161t\u011b nepov\u011bsil kolo na h\u0159eb\u00edk. \u0158ad\u011b lid\u00ed nen\u00ed po chuti jeho up\u0159\u00edmnost, otev\u0159enost a [&hellip;]<\/p>\n","protected":false},"author":95,"featured_media":5153,"comment_status":"open","ping_status":"open","sticky":false,"template":"","format":"standard","meta":{"footnotes":""},"categories":[11],"tags":[723,725,724],"global-categories":[411],"class_list":["post-5146","post","type-post","status-publish","format-standard","has-post-thumbnail","hentry","category-horska-cyklistika","tag-cyklokros","tag-emil-hekele","tag-mistrovstvi-cr","global-categories-cycling"],"yoast_head":"<!-- This site is optimized with the Yoast SEO Premium plugin v25.3 (Yoast SEO v25.9) - https:\/\/yoast.com\/wordpress\/plugins\/seo\/ -->\n<title>\u010cesk\u00e1 rarita: 42let\u00fd veter\u00e1n Hekele je cyklokrosov\u00fdm kr\u00e1lem | \u0160koda We Love Cycling - \u010cesk\u00e1 republika<\/title>\n<meta name=\"description\" content=\"Emil Hekele je sv\u00e9r\u00e1z, \u010dasto jde hlavou proti zdi, v ned\u011bli v\u0161ak ohromil v\u0161echny. P\u0159i sledov\u00e1n\u00ed jeho j\u00edzdy na M\u010cR v\u00a0Ji\u010d\u00edn\u011b v\u0161ichni uznale k\u00fdvali hlavou.\" \/>\n<meta name=\"robots\" content=\"index, follow, max-snippet:-1, max-image-preview:large, max-video-preview:-1\" \/>\n<link rel=\"canonical\" href=\"https:\/\/www.welovecycling.com\/cs\/2020\/01\/13\/ceska-rarita-42-lety-veteran-hekele-je-cyklokrosovym-kralem-we-love-cycling-cr\/\" \/>\n<meta property=\"og:locale\" content=\"cs_CZ\" \/>\n<meta property=\"og:type\" content=\"article\" \/>\n<meta property=\"og:title\" content=\"\u010cesk\u00e1 rarita: 42let\u00fd veter\u00e1n Hekele je cyklokrosov\u00fdm kr\u00e1lem\" \/>\n<meta property=\"og:description\" content=\"Emil Hekele je sv\u00e9r\u00e1z, \u010dasto jde hlavou proti zdi, v ned\u011bli v\u0161ak ohromil v\u0161echny. P\u0159i sledov\u00e1n\u00ed jeho j\u00edzdy na M\u010cR v\u00a0Ji\u010d\u00edn\u011b v\u0161ichni uznale k\u00fdvali hlavou.\" \/>\n<meta property=\"og:url\" content=\"https:\/\/www.welovecycling.com\/cs\/2020\/01\/13\/ceska-rarita-42-lety-veteran-hekele-je-cyklokrosovym-kralem-we-love-cycling-cr\/\" \/>\n<meta property=\"og:site_name\" content=\"\u0160koda We Love Cycling - \u010cesk\u00e1 republika\" \/>\n<meta property=\"article:published_time\" content=\"2020-01-13T09:29:41+00:00\" \/>\n<meta property=\"og:image\" content=\"https:\/\/d2p6e6u75xmxt8.cloudfront.net\/13\/2020\/01\/profimedia-0492306263-1.webp\" \/>\n\t<meta property=\"og:image:width\" content=\"1800\" \/>\n\t<meta property=\"og:image:height\" content=\"1200\" \/>\n\t<meta property=\"og:image:type\" content=\"image\/webp\" \/>\n<meta name=\"twitter:card\" content=\"summary_large_image\" \/>\n<meta name=\"twitter:label1\" content=\"Written by\" \/>\n\t<meta name=\"twitter:data1\" content=\"Jan Kr\u016fta\" \/>\n\t<meta name=\"twitter:label2\" content=\"Est. reading time\" \/>\n\t<meta name=\"twitter:data2\" content=\"6\" \/>\n<script type=\"application\/ld+json\" class=\"yoast-schema-graph\">{\"@context\":\"https:\/\/schema.org\",\"@graph\":[{\"@type\":\"WebPage\",\"@id\":\"https:\/\/www.welovecycling.com\/cs\/2020\/01\/13\/ceska-rarita-42-lety-veteran-hekele-je-cyklokrosovym-kralem-we-love-cycling-cr\/\",\"url\":\"https:\/\/www.welovecycling.com\/cs\/2020\/01\/13\/ceska-rarita-42-lety-veteran-hekele-je-cyklokrosovym-kralem-we-love-cycling-cr\/\",\"name\":\"\u010cesk\u00e1 rarita: 42let\u00fd veter\u00e1n Hekele je cyklokrosov\u00fdm kr\u00e1lem | \u0160koda We Love Cycling - \u010cesk\u00e1 republika\",\"isPartOf\":{\"@id\":\"https:\/\/www.welovecycling.com\/cs\/#website\"},\"primaryImageOfPage\":{\"@id\":\"https:\/\/www.welovecycling.com\/cs\/2020\/01\/13\/ceska-rarita-42-lety-veteran-hekele-je-cyklokrosovym-kralem-we-love-cycling-cr\/#primaryimage\"},\"image\":{\"@id\":\"https:\/\/www.welovecycling.com\/cs\/2020\/01\/13\/ceska-rarita-42-lety-veteran-hekele-je-cyklokrosovym-kralem-we-love-cycling-cr\/#primaryimage\"},\"thumbnailUrl\":\"https:\/\/d2p6e6u75xmxt8.cloudfront.net\/13\/2020\/01\/profimedia-0492306263-1.webp\",\"datePublished\":\"2020-01-13T09:29:41+00:00\",\"author\":{\"@id\":\"\"},\"description\":\"Emil Hekele je sv\u00e9r\u00e1z, \u010dasto jde hlavou proti zdi, v ned\u011bli v\u0161ak ohromil v\u0161echny. P\u0159i sledov\u00e1n\u00ed jeho j\u00edzdy na M\u010cR v\u00a0Ji\u010d\u00edn\u011b v\u0161ichni uznale k\u00fdvali hlavou.\",\"inLanguage\":\"cs\",\"potentialAction\":[{\"@type\":\"ReadAction\",\"target\":[\"https:\/\/www.welovecycling.com\/cs\/2020\/01\/13\/ceska-rarita-42-lety-veteran-hekele-je-cyklokrosovym-kralem-we-love-cycling-cr\/\"]}]},{\"@type\":\"ImageObject\",\"inLanguage\":\"cs\",\"@id\":\"https:\/\/www.welovecycling.com\/cs\/2020\/01\/13\/ceska-rarita-42-lety-veteran-hekele-je-cyklokrosovym-kralem-we-love-cycling-cr\/#primaryimage\",\"url\":\"https:\/\/d2p6e6u75xmxt8.cloudfront.net\/13\/2020\/01\/profimedia-0492306263-1.webp\",\"contentUrl\":\"https:\/\/d2p6e6u75xmxt8.cloudfront.net\/13\/2020\/01\/profimedia-0492306263-1.webp\",\"width\":1800,\"height\":1200,\"caption\":\"12.1.2020 MCR cyklokros Jicin Emil Hekele photo by CPA, Image: 492306263, License: Rights-managed, Restrictions: , Model Release: no, Credit line: ERBEN EDUARD \/ \u010cesk\u00e1 editori\u00e1ln\u00ed fotografie \/ Profimedia\"},{\"@type\":\"WebSite\",\"@id\":\"https:\/\/www.welovecycling.com\/cs\/#website\",\"url\":\"https:\/\/www.welovecycling.com\/cs\/\",\"name\":\"\u0160koda We Love Cycling - \u010cesk\u00e1 republika\",\"description\":\"WeLoveCycling.cz je online magaz\u00edn, kter\u00fd v\u00e1m pravideln\u011b p\u0159in\u00e1\u0161\u00ed rady a tipy, zaj\u00edmav\u00e9 \u010dl\u00e1nky, videa a jedine\u010dn\u00e9 report\u00e1\u017ee ze sv\u011bta cyklistiky.\",\"potentialAction\":[{\"@type\":\"SearchAction\",\"target\":{\"@type\":\"EntryPoint\",\"urlTemplate\":\"https:\/\/www.welovecycling.com\/cs\/?s={search_term_string}\"},\"query-input\":{\"@type\":\"PropertyValueSpecification\",\"valueRequired\":true,\"valueName\":\"search_term_string\"}}],\"inLanguage\":\"cs\"},{\"@type\":\"Person\",\"@id\":\"\",\"url\":\"https:\/\/www.welovecycling.com\/cs\/author\/\"}]}<\/script>\n<!-- \/ Yoast SEO Premium plugin. -->","yoast_head_json":{"title":"\u010cesk\u00e1 rarita: 42let\u00fd veter\u00e1n Hekele je cyklokrosov\u00fdm kr\u00e1lem | \u0160koda We Love Cycling - \u010cesk\u00e1 republika","description":"Emil Hekele je sv\u00e9r\u00e1z, \u010dasto jde hlavou proti zdi, v ned\u011bli v\u0161ak ohromil v\u0161echny. P\u0159i sledov\u00e1n\u00ed jeho j\u00edzdy na M\u010cR v\u00a0Ji\u010d\u00edn\u011b v\u0161ichni uznale k\u00fdvali hlavou.","robots":{"index":"index","follow":"follow","max-snippet":"max-snippet:-1","max-image-preview":"max-image-preview:large","max-video-preview":"max-video-preview:-1"},"canonical":"https:\/\/www.welovecycling.com\/cs\/2020\/01\/13\/ceska-rarita-42-lety-veteran-hekele-je-cyklokrosovym-kralem-we-love-cycling-cr\/","og_locale":"cs_CZ","og_type":"article","og_title":"\u010cesk\u00e1 rarita: 42let\u00fd veter\u00e1n Hekele je cyklokrosov\u00fdm kr\u00e1lem","og_description":"Emil Hekele je sv\u00e9r\u00e1z, \u010dasto jde hlavou proti zdi, v ned\u011bli v\u0161ak ohromil v\u0161echny. P\u0159i sledov\u00e1n\u00ed jeho j\u00edzdy na M\u010cR v\u00a0Ji\u010d\u00edn\u011b v\u0161ichni uznale k\u00fdvali hlavou.","og_url":"https:\/\/www.welovecycling.com\/cs\/2020\/01\/13\/ceska-rarita-42-lety-veteran-hekele-je-cyklokrosovym-kralem-we-love-cycling-cr\/","og_site_name":"\u0160koda We Love Cycling - \u010cesk\u00e1 republika","article_published_time":"2020-01-13T09:29:41+00:00","og_image":[{"width":1800,"height":1200,"url":"https:\/\/d2p6e6u75xmxt8.cloudfront.net\/13\/2020\/01\/profimedia-0492306263-1.webp","type":"image\/webp"}],"twitter_card":"summary_large_image","twitter_misc":{"Written by":"Jan Kr\u016fta","Est. reading time":"6"},"schema":{"@context":"https:\/\/schema.org","@graph":[{"@type":"WebPage","@id":"https:\/\/www.welovecycling.com\/cs\/2020\/01\/13\/ceska-rarita-42-lety-veteran-hekele-je-cyklokrosovym-kralem-we-love-cycling-cr\/","url":"https:\/\/www.welovecycling.com\/cs\/2020\/01\/13\/ceska-rarita-42-lety-veteran-hekele-je-cyklokrosovym-kralem-we-love-cycling-cr\/","name":"\u010cesk\u00e1 rarita: 42let\u00fd veter\u00e1n Hekele je cyklokrosov\u00fdm kr\u00e1lem | \u0160koda We Love Cycling - \u010cesk\u00e1 republika","isPartOf":{"@id":"https:\/\/www.welovecycling.com\/cs\/#website"},"primaryImageOfPage":{"@id":"https:\/\/www.welovecycling.com\/cs\/2020\/01\/13\/ceska-rarita-42-lety-veteran-hekele-je-cyklokrosovym-kralem-we-love-cycling-cr\/#primaryimage"},"image":{"@id":"https:\/\/www.welovecycling.com\/cs\/2020\/01\/13\/ceska-rarita-42-lety-veteran-hekele-je-cyklokrosovym-kralem-we-love-cycling-cr\/#primaryimage"},"thumbnailUrl":"https:\/\/d2p6e6u75xmxt8.cloudfront.net\/13\/2020\/01\/profimedia-0492306263-1.webp","datePublished":"2020-01-13T09:29:41+00:00","author":{"@id":""},"description":"Emil Hekele je sv\u00e9r\u00e1z, \u010dasto jde hlavou proti zdi, v ned\u011bli v\u0161ak ohromil v\u0161echny. P\u0159i sledov\u00e1n\u00ed jeho j\u00edzdy na M\u010cR v\u00a0Ji\u010d\u00edn\u011b v\u0161ichni uznale k\u00fdvali hlavou.","inLanguage":"cs","potentialAction":[{"@type":"ReadAction","target":["https:\/\/www.welovecycling.com\/cs\/2020\/01\/13\/ceska-rarita-42-lety-veteran-hekele-je-cyklokrosovym-kralem-we-love-cycling-cr\/"]}]},{"@type":"ImageObject","inLanguage":"cs","@id":"https:\/\/www.welovecycling.com\/cs\/2020\/01\/13\/ceska-rarita-42-lety-veteran-hekele-je-cyklokrosovym-kralem-we-love-cycling-cr\/#primaryimage","url":"https:\/\/d2p6e6u75xmxt8.cloudfront.net\/13\/2020\/01\/profimedia-0492306263-1.webp","contentUrl":"https:\/\/d2p6e6u75xmxt8.cloudfront.net\/13\/2020\/01\/profimedia-0492306263-1.webp","width":1800,"height":1200,"caption":"12.1.2020 MCR cyklokros Jicin Emil Hekele photo by CPA, Image: 492306263, License: Rights-managed, Restrictions: , Model Release: no, Credit line: ERBEN EDUARD \/ \u010cesk\u00e1 editori\u00e1ln\u00ed fotografie \/ Profimedia"},{"@type":"WebSite","@id":"https:\/\/www.welovecycling.com\/cs\/#website","url":"https:\/\/www.welovecycling.com\/cs\/","name":"\u0160koda We Love Cycling - \u010cesk\u00e1 republika","description":"WeLoveCycling.cz je online magaz\u00edn, kter\u00fd v\u00e1m pravideln\u011b p\u0159in\u00e1\u0161\u00ed rady a tipy, zaj\u00edmav\u00e9 \u010dl\u00e1nky, videa a jedine\u010dn\u00e9 report\u00e1\u017ee ze sv\u011bta cyklistiky.","potentialAction":[{"@type":"SearchAction","target":{"@type":"EntryPoint","urlTemplate":"https:\/\/www.welovecycling.com\/cs\/?s={search_term_string}"},"query-input":{"@type":"PropertyValueSpecification","valueRequired":true,"valueName":"search_term_string"}}],"inLanguage":"cs"},{"@type":"Person","@id":"","url":"https:\/\/www.welovecycling.com\/cs\/author\/"}]}},"_links":{"self":[{"href":"https:\/\/www.welovecycling.com\/cs\/wp-json\/wp\/v2\/posts\/5146","targetHints":{"allow":["GET"]}}],"collection":[{"href":"https:\/\/www.welovecycling.com\/cs\/wp-json\/wp\/v2\/posts"}],"about":[{"href":"https:\/\/www.welovecycling.com\/cs\/wp-json\/wp\/v2\/types\/post"}],"author":[{"embeddable":true,"href":"https:\/\/www.welovecycling.com\/cs\/wp-json\/wp\/v2\/users\/95"}],"replies":[{"embeddable":true,"href":"https:\/\/www.welovecycling.com\/cs\/wp-json\/wp\/v2\/comments?post=5146"}],"version-history":[{"count":2,"href":"https:\/\/www.welovecycling.com\/cs\/wp-json\/wp\/v2\/posts\/5146\/revisions"}],"predecessor-version":[{"id":5158,"href":"https:\/\/www.welovecycling.com\/cs\/wp-json\/wp\/v2\/posts\/5146\/revisions\/5158"}],"wp:featuredmedia":[{"embeddable":true,"href":"https:\/\/www.welovecycling.com\/cs\/wp-json\/wp\/v2\/media\/5153"}],"wp:attachment":[{"href":"https:\/\/www.welovecycling.com\/cs\/wp-json\/wp\/v2\/media?parent=5146"}],"wp:term":[{"taxonomy":"category","embeddable":true,"href":"https:\/\/www.welovecycling.com\/cs\/wp-json\/wp\/v2\/categories?post=5146"},{"taxonomy":"post_tag","embeddable":true,"href":"https:\/\/www.welovecycling.com\/cs\/wp-json\/wp\/v2\/tags?post=5146"},{"taxonomy":"global-categories","embeddable":true,"href":"https:\/\/www.welovecycling.com\/cs\/wp-json\/wp\/v2\/global-categories?post=5146"}],"curies":[{"name":"wp","href":"https:\/\/api.w.org\/{rel}","templated":true}]}}