{"id":5139,"date":"2020-01-10T16:46:39","date_gmt":"2020-01-10T14:46:39","guid":{"rendered":"https:\/\/www.welovecycling.com\/cs\/?p=5139"},"modified":"2020-01-10T16:47:39","modified_gmt":"2020-01-10T14:47:39","slug":"nejlepsi-muzea-cyklistiky-ktera-musite-navstivit-welovecycling-cr","status":"publish","type":"post","link":"https:\/\/www.welovecycling.com\/cs\/2020\/01\/10\/nejlepsi-muzea-cyklistiky-ktera-musite-navstivit-welovecycling-cr\/","title":{"rendered":"Nejlep\u0161\u00ed evropsk\u00e1 muzea cyklistiky, kter\u00e1 mus\u00edte nav\u0161t\u00edvit"},"content":{"rendered":"<p><strong>Je \u00fachvatn\u00e9 vid\u011bt v\u0161echna ta zvl\u00e1\u0161tn\u00ed kola, na kter\u00fdch se d\u0159\u00edve jezdilo. N\u011bkter\u00e1 jsou star\u00e1 i v\u00edce ne\u017e sto let, a i kdy\u017e muze\u00ed cyklistiky existuje spousta, jenom p\u00e1r z\u00a0nich stoj\u00ed za n\u00e1v\u0161t\u011bvu. Tady m\u00e1te v\u00fdb\u011br t\u011bch, kter\u00e9 budou skv\u011bl\u00fdm bodem v\u00a0pl\u00e1nu va\u0161eho dal\u0161\u00edho v\u00fdletu.<\/strong><\/p>\n<p><!--more--><\/p>\n<h2><strong>Koers \u2013 muzeum z\u00e1vodn\u00ed cyklistiky<\/strong><\/h2>\n<p>Lokalita: Roeselare, Belgium<br \/>\nVstupn\u00e9: 7 euro<br \/>\n<a href=\"https:\/\/koersmuseum.be\/nl\">koersmuseum.be<\/a><\/p>\n<p>https:\/\/www.instagram.com\/p\/B4hNB9VpKsZ\/?utm_source=ig_web_copy_link<\/p>\n<p>Pokud bychom m\u011bli jmenovat jedinou zemi s\u00a0cyklistickou tradic\u00ed, na prvn\u00edm m\u00edst\u011b by to ur\u010dit\u011b byla Belgie. Samotn\u00e1 zem\u011b je toti\u017e tak trochu muzeum cyklistiky, historie tohoto sportu na v\u00e1s d\u00fdch\u00e1 t\u00e9m\u011b\u0159 na ka\u017ed\u00e9m kroku. A\u0165 u\u017e to jsou sochy a instalace ve m\u011bstech p\u0159ipom\u00ednaj\u00edc\u00ed slavn\u00e9 z\u00e1vody, jejich\u017e trasa m\u011bstem vede, nebo fakt, \u017ee je Belgie poset\u00e1 slavn\u00fdmi klasik\u00e1\u0159sk\u00fdmi kopci. Na nich si m\u016f\u017eete zkusit projet ty nejt\u011b\u017e\u0161\u00ed \u010d\u00e1sti nejv\u011bt\u0161\u00edch jarn\u00edch klasik, kde rozhodovala sv\u00e1 v\u00edt\u011bzstv\u00ed takov\u00e1 esa posledn\u00edch let jako Philippe Gilbert, Fabian Cancellara, Peter Sagan nebo Greg Van Avermaet. Z\u00a0Roeselare, kde toto muzeum s\u00eddl\u00ed, poch\u00e1z\u00ed \u010dty\u0159i mist\u0159i sv\u011bta: Benoni Beheyt, Patrick Sercu, Jean-Pierre Monser\u00e9 a Freddy Maertens.<\/p>\n<p>Muzeum tvo\u0159\u00ed \u0161est hlavn\u00edch \u010d\u00e1st\u00ed. Nap\u0159\u00edklad v \u201eM\u00edstnosti \u0161ampion\u016f\u201c jsou vystavena kola r\u016fzn\u00fdch tvar\u016f i velikost\u00ed, od prvn\u00edch odr\u00e1\u017eec\u00edch, takzvan\u00fdch running-bike, po dr\u00e1hov\u00e1 kola a furt\u0161lapy. Jsou tu vz\u00e1cn\u00e9 historick\u00e9 kousky, ale i cyklokrosov\u00e9 kolo Svena Nyse. Muzeum bylo p\u0159ed n\u011bkolika m\u011bs\u00edci po ro\u010dn\u00ed renovaci znovu otev\u0159eno, proto ho nev\u00e1hejte nav\u0161t\u00edvit. Z\u00a0vlastn\u00ed zku\u0161enosti m\u016f\u017eu doporu\u010dit.<\/p>\n<h2><strong>Pocta cyklistice v Holandsku<\/strong><\/h2>\n<p>Lokalita: Nimwegen, The Netherlands<br \/>\nVstupn\u00e9: 6 euro<br \/>\n<a href=\"https:\/\/velorama.nl\">velorama.nl\/<\/a><\/p>\n<p>Navzdory absence webu v angli\u010dtin\u011b je samotn\u00e1 v\u00fdstava Velorama kr\u00e1sn\u00e1. Jedin\u00e9 muzeum kol v Nizozemsku m\u00e1 sb\u00edrku velk\u00e9ho mno\u017estv\u00ed speci\u00e1ln\u00edch kol, v\u010detn\u011b n\u011bkter\u00fdch p\u016fvodn\u00edch stroj\u016f (draisines), V\u00e9locip\u00e8des a vysok\u00fdch kol nebo d\u0159ev\u011bn\u00fdch kol.<\/p>\n<p>Ukazuje kola pou\u017e\u00edvan\u00e1 nizozemskou kr\u00e1lovskou rodinou nebo slavn\u00e9 kolo legend\u00e1rn\u00edho jezdce Wim van Esta, kter\u00fd coby l\u00eddr Tour de france v\u00a0roce 1951 spadnul do 70 metr\u016f hlubok\u00e9 rokle. Vedouc\u00ed jezdec ve \u017elut\u00e9m trikotu z\u00e1zra\u010dn\u011b p\u00e1d p\u0159e\u017eil. S pomoc\u00ed div\u00e1k\u016f se vr\u00e1til zp\u011bt na tra\u0165 a cht\u011bl pokra\u010dovat, nechal se v\u0161ak p\u0159esv\u011bd\u010dit okol\u00edm a nam\u00edsto do c\u00edle zam\u00ed\u0159il do nemocnice.<\/p>\n<p>V muzeu v\u00e1s nav\u00edc uv\u00edt\u00e1 kolekce hra\u010dek, dopl\u0148k\u016f, lamp, kol a origin\u00e1ln\u00edch plak\u00e1t\u016f.<\/p>\n<h2><strong>N\u00e1rodn\u00ed muzeum cyklistiky<\/strong><\/h2>\n<p>Lokalita: Llandrindod Well, Wales, UK<br \/>\nVstupn\u00e9: 5 pounds<br \/>\n<a href=\"https:\/\/www.cyclemuseum.org.uk\">www.cyclemuseum.org.uk<\/a><\/p>\n<p>https:\/\/www.instagram.com\/p\/BnlWgXxHjTs\/?utm_source=ig_web_copy_link<\/p>\n<p>Toto muzeum pat\u0159\u00ed nejen mezi nejlep\u0161\u00ed britsk\u00e1 cyklistick\u00e1 muzea, ale z\u00e1rove\u0148 i ta sv\u011btov\u00e1. V\u00a0jeho sb\u00edrce najdeme p\u0159es 260 vystaven\u00fdch bicykl\u016f, od odr\u00e1\u017eec\u00edho kola z\u00a0roku 1818 z\u00a0d\u00edlny Johnsons of London, kter\u00e9mu se \u0159\u00edk\u00e1 Hobby Horse, po kolo, je\u017e je cel\u00e9 z\u00a0plastu. Paleta vystaven\u00fdch kol d\u00e1le zahrnuje viktori\u00e1nsk\u00e9 stroje, klasick\u00e9 modely kol lehk\u00fdch jako p\u00edrko i nejnov\u011bj\u0161\u00ed karbonov\u00e9 speci\u00e1ly. Najdeme tu tak\u00e9 spoustu vysok\u00fdch kol, kter\u00e1 byla v\u00a0Brit\u00e1nii velmi obl\u00edben\u00e1. V\u00a0osmdes\u00e1t\u00fdch letech devaten\u00e1ct\u00e9ho stolet\u00ed na nich jezdilo a\u017e 400\u00a0000 Brit\u016f. Mezi je\u0161t\u011b unik\u00e1tn\u011bj\u0161\u00ed kola pat\u0159\u00ed neslavn\u00fd kostit\u0159as Pa\u0159\u00ed\u017eana Pierra Michauxe. Krom\u011b oplechovan\u00fdch d\u0159ev\u011bn\u00fdch kol byl cel\u00fd ze \u017eeleza. V\u00a0muzeu jsou k vid\u011bn\u00ed d\u00e1msk\u00e9 t\u0159\u00edkolky, \u017eeny toti\u017e nesm\u011bly v\u00a0devaten\u00e1ct\u00e9m stolet\u00ed jezdit na kole jako mu\u017ei. Mo\u017en\u00e1 pr\u00e1v\u011b \u017een\u00e1m byl ur\u010den jin\u00fd expon\u00e1t \u2013 postrann\u00ed voz\u00edk, sidecar, z\u00a0roku 1930, kter\u00fd se p\u0159ipojil k r\u00e1mu.<\/p>\n<h2><strong>D\u00e1nsk\u00e9 muzeum cyklistiky<\/strong><\/h2>\n<p>Lokalita: Aalestrup, Denmark<br \/>\n<a href=\"http:\/\/www.cykelmuseum.dk\">http:\/\/www.cykelmuseum.dk<\/a><\/p>\n<p>D\u00e1nsko tak\u00e9 pat\u0159\u00ed mezi popul\u00e1rn\u00ed cyklistick\u00e9 zem\u011b, sou\u010dasn\u00fd mistr sv\u011bta je pr\u00e1v\u011b D\u00e1n. Jejich muzeum p\u0159in\u00e1\u0161\u00ed to nejlep\u0161\u00ed, co lze o cyklistice vid\u011bt a zjistit. Jedin\u00e9 skandin\u00e1vsk\u00e9 muzeum najdeme v\u00a0Aalestrupu. Expozice byla otev\u0159ena ve\u0159ejnosti s\u00a0c\u00edlem pouk\u00e1zat na technologick\u00fd v\u00fdvoj kola. Unik\u00e1tn\u00ed kolekce nab\u00eddne v\u00edce ne\u017e dv\u011b st\u011b kol \u2013 od d\u0159ev\u011bn\u00fdch, p\u0159es vysok\u00e1 kola po v\u011bhlasn\u00e9 zna\u010dky sou\u010dasnosti. Zahrnuje tak\u00e9 n\u011bkolik vz\u00e1cn\u00fdch uk\u00e1zek experiment\u016f, kter\u00e9 byly na kolech za posledn\u00edch 150 let prov\u00e1d\u011bny. A\u017e v\u00e1s kola p\u0159estanou bavit, m\u016f\u017eete se p\u0159esunout k\u00a0historick\u00e9 kolekci \u0161ic\u00edch stroj\u016f, voz\u00edk\u016f a r\u00e1di\u00ed. Muzeum je otev\u0159eno pouze od kv\u011btna do z\u00e1\u0159\u00ed, tak\u017ee n\u00e1v\u0161t\u011bvu je nejl\u00e9pe napl\u00e1novat na dobu letn\u00edch pr\u00e1zdnin.<\/p>\n<h2><strong>N\u011bmeck\u00e9 muzeum cyklistiky<\/strong><\/h2>\n<p>Lokalita: Bad Br\u00fcckenau, Germany<br \/>\nVstupn\u00e9: 6 euro<br \/>\n<a href=\"https:\/\/www.deutsches-fahrradmuseum.de\">www.deutsches-fahrradmuseum.de<\/a><\/p>\n<p>https:\/\/www.instagram.com\/p\/Bn-5V2viS4B\/<\/p>\n<p>N\u011bmeck\u00e9 muzeum cyklistiky v Bad Br\u00fcckenau bylo otev\u0159eno v\u00a0roce 2004. Nejobs\u00e1hlej\u0161\u00ed n\u011bmeck\u00e1 sb\u00edrka historick\u00fdch kol je situovan\u00e1 v\u00a0reprezentativn\u00edch prostor\u00e1ch budovy Art Nouveau naz\u00fdvan\u00e9 \u201eVilla F\u00fcglein\u201c. Sb\u00edrka se skl\u00e1d\u00e1 z\u00a0230 kol, kter\u00e1 zab\u00edraj\u00ed plochu dvou poschod\u00ed. Jejich majitelem je nad\u0161en\u00fd sb\u011bratel Ivan Soj. Muzeum je v\u011bnov\u00e1no v\u00a0N\u011bmecku narozen\u00e9mu baronu von Draisovi a jeho p\u0159evratn\u00e9mu vyn\u00e1lezu odr\u00e1\u017eec\u00edho kola, d\u00edky kter\u00e9mu se \u010dlov\u011bk mohl pohybovat na v\u011bt\u0161\u00ed vzd\u00e1lenosti. Byl to opravdov\u00fd pr\u016flom v\u00a0osobn\u00ed doprav\u011b. Krom\u011b samotn\u00e9 v\u00fdstavy po\u0159\u00e1d\u00e1 muzeum tak\u00e9 vyj\u00ed\u017e\u010fky na vysok\u00fdch kolech i jin\u00e9 akce.<\/p>\n<h2><strong>Estonsk\u00e9 muzeum cyklistiky<\/strong><\/h2>\n<p>Lokalita: V\u00e4\u00e4tsa, Estonia<br \/>\nVstupn\u00e9: 5 euro<br \/>\n<a href=\"http:\/\/www.velomuseum.ee\">www.velomuseum.ee<\/a><\/p>\n<p>Muzeum se nach\u00e1z\u00ed v\u00a0historick\u00e9m obecn\u00edm dom\u011b ve m\u011bst\u011b V\u00e4\u00e4tsa.\u00a0 D\u016fm byl p\u0159estaven ze st\u0159edov\u011bk\u00e9 hosp\u016fdky u d\u016fle\u017eit\u00e9 zimn\u00ed obchodn\u00ed trasy v\u00a0roce 1893. Ve sb\u00edrce se nach\u00e1z\u00ed asi 100 kol, kter\u00e1 jsou tematicky rozd\u011blena na p\u011bt \u010d\u00e1st\u00ed spole\u010dn\u011b s\u00a0dal\u0161\u00edmi materi\u00e1ly. Prvn\u00ed \u010d\u00e1st\u00ed jsou bicykly vyroben\u00e9 p\u0159ed rokem 1980, n\u00e1sleduj\u00ed historick\u00e9 fotografie z\u00a0p\u0159edv\u00e1le\u010dn\u00e9ho obdob\u00ed, kr\u00e1tk\u00fd p\u0159ehled model\u016f kol vyroben\u00fdch v\u00a0Estonsku do z\u00e1niku Sov\u011btsk\u00e9ho svazu a jako posledn\u00ed je p\u0159\u00edb\u011bh estonsk\u00e9ho cyklistick\u00e9ho pr\u016fmyslu mezi roky 1890 a\u017e 1940. Krom\u011b lok\u00e1ln\u00edch kol uvid\u00edte tak\u00e9 spoustu n\u011bmeck\u00fdch a \u0161v\u00e9dsk\u00fdch stroj\u016f.<\/p>\n<h2><strong>\u0160koda MUZEUM<\/strong><\/h2>\n<p>Lokalita: Mlad\u00e1 Boleslav, \u010cesk\u00e1 republika<br \/>\nVstupn\u00e9: 80 K\u010d<br \/>\n<a href=\"https:\/\/museum.skoda-auto.cz\">www.museum.skoda-auto.cz<\/a><\/p>\n<figure id=\"attachment_2938\" aria-describedby=\"caption-attachment-2938\" style=\"width: 1024px\" class=\"wp-caption alignnone\"><a href=\"https:\/\/d2p6e6u75xmxt8.cloudfront.net\/13\/2019\/07\/skoda-slavia-bike-side-view-photo.jpg\"><img loading=\"lazy\" decoding=\"async\" class=\"size-large wp-image-2938\" src=\"https:\/\/d2p6e6u75xmxt8.cloudfront.net\/13\/2019\/07\/skoda-slavia-bike-side-view-photo-1024x739.jpg\" alt=\"\" width=\"1024\" height=\"739\" \/><\/a><figcaption id=\"caption-attachment-2938\" class=\"wp-caption-text\">Slavia. Legenda. Historie.<\/figcaption><\/figure>\n<p>\u0160koda MUZEUM v\u00a0Mlad\u00e9 Boleslavi je v\u011bnov\u00e1no hlavn\u011b automobil\u016fm, ale prvn\u00edm strojem, kter\u00fd V\u00e1clav Laurin a V\u00e1clav Klement v\u00a0roce 1896 sestrojili, bylo kolo Slavia. Expozice se nach\u00e1z\u00ed v\u00a0b\u00fdval\u00fdch v\u00fdrobn\u00edch hal\u00e1ch, kde se a\u017e do roku 1928 vyr\u00e1b\u011bly automobily. V\u00a0t\u011bsn\u00e9m sousedstv\u00ed muzea, v nejv\u011bt\u0161\u00edm a nejmodern\u011bj\u0161\u00edm z\u00e1vod\u011b, tento p\u0159\u00edb\u011bh pokra\u010duje \u2013 ka\u017ed\u00fd den\u00a0tam z\u00a0linky sj\u00ed\u017ed\u011bj\u00ed nov\u00e9 \u0161kodovky. Muzeum n\u011bkter\u00e9 \u010d\u00e1sti expozice sez\u00f3nn\u011b obm\u011b\u0148uje a tak\u00e9 host\u00ed celou \u0159adu akc\u00ed, mimo jin\u00e9 to bylo vyhl\u00e1\u0161en\u00ed \u010cesk\u00e9ho poh\u00e1ru mu\u017e\u016f v\u00a0silni\u010dn\u00ed cyklistice, jeho\u017e posledn\u00ed d\u00edl fini\u0161oval sprintem p\u0159ed budovou muzea.<\/p>\n","protected":false},"excerpt":{"rendered":"<p>Je \u00fachvatn\u00e9 vid\u011bt v\u0161echna ta zvl\u00e1\u0161tn\u00ed kola, na kter\u00fdch se d\u0159\u00edve jezdilo. N\u011bkter\u00e1 jsou star\u00e1 i v\u00edce ne\u017e sto let, [&hellip;]<\/p>\n","protected":false},"author":95,"featured_media":5143,"comment_status":"open","ping_status":"open","sticky":false,"template":"","format":"standard","meta":{"footnotes":""},"categories":[167],"tags":[376,722,393],"global-categories":[],"class_list":["post-5139","post","type-post","status-publish","format-standard","has-post-thumbnail","hentry","category-tipy-na-vylet","tag-historie","tag-muzea-cyklistiky","tag-tip-na-vylet"],"yoast_head":"<!-- This site is optimized with the Yoast SEO Premium plugin v25.3 (Yoast SEO v25.9) - https:\/\/yoast.com\/wordpress\/plugins\/seo\/ -->\n<title>Nejlep\u0161\u00ed evropsk\u00e1 muzea cyklistiky, kter\u00e1 mus\u00edte nav\u0161t\u00edvit | \u0160koda We Love Cycling - \u010cesk\u00e1 republika<\/title>\n<meta name=\"description\" content=\"Je \u00fachvatn\u00e9 vid\u011bt v\u0161echna ta zvl\u00e1\u0161tn\u00ed kola, na kter\u00fdch se d\u0159\u00edve jezdilo. Tady m\u00e1te v\u00fdb\u011br t\u011bch nej muze\u00ed cyklistiky, kter\u00e9 stoj\u00ed za to nav\u0161t\u00edvit.\" \/>\n<meta name=\"robots\" content=\"index, follow, max-snippet:-1, max-image-preview:large, max-video-preview:-1\" \/>\n<link rel=\"canonical\" href=\"https:\/\/www.welovecycling.com\/cs\/2020\/01\/10\/nejlepsi-muzea-cyklistiky-ktera-musite-navstivit-welovecycling-cr\/\" \/>\n<meta property=\"og:locale\" content=\"cs_CZ\" \/>\n<meta property=\"og:type\" content=\"article\" \/>\n<meta property=\"og:title\" content=\"Nejlep\u0161\u00ed evropsk\u00e1 muzea cyklistiky, kter\u00e1 mus\u00edte nav\u0161t\u00edvit\" \/>\n<meta property=\"og:description\" content=\"Je \u00fachvatn\u00e9 vid\u011bt v\u0161echna ta zvl\u00e1\u0161tn\u00ed kola, na kter\u00fdch se d\u0159\u00edve jezdilo. Tady m\u00e1te v\u00fdb\u011br t\u011bch nej muze\u00ed cyklistiky, kter\u00e9 stoj\u00ed za to nav\u0161t\u00edvit.\" \/>\n<meta property=\"og:url\" content=\"https:\/\/www.welovecycling.com\/cs\/2020\/01\/10\/nejlepsi-muzea-cyklistiky-ktera-musite-navstivit-welovecycling-cr\/\" \/>\n<meta property=\"og:site_name\" content=\"\u0160koda We Love Cycling - \u010cesk\u00e1 republika\" \/>\n<meta property=\"article:published_time\" content=\"2020-01-10T14:46:39+00:00\" \/>\n<meta property=\"article:modified_time\" content=\"2020-01-10T14:47:39+00:00\" \/>\n<meta property=\"og:image\" content=\"https:\/\/d2p6e6u75xmxt8.cloudfront.net\/13\/2020\/01\/bicycle-museum-profimedia-0257119914-CVR.webp\" \/>\n\t<meta property=\"og:image:width\" content=\"1366\" \/>\n\t<meta property=\"og:image:height\" content=\"600\" \/>\n\t<meta property=\"og:image:type\" content=\"image\/webp\" \/>\n<meta name=\"twitter:card\" content=\"summary_large_image\" \/>\n<meta name=\"twitter:label1\" content=\"Written by\" \/>\n\t<meta name=\"twitter:data1\" content=\"Adam Marsal, V\u00e1clav \u0160\u0148up\u00e1rek\" \/>\n\t<meta name=\"twitter:label2\" content=\"Est. reading time\" \/>\n\t<meta name=\"twitter:data2\" content=\"5\" \/>\n<script type=\"application\/ld+json\" class=\"yoast-schema-graph\">{\"@context\":\"https:\/\/schema.org\",\"@graph\":[{\"@type\":\"WebPage\",\"@id\":\"https:\/\/www.welovecycling.com\/cs\/2020\/01\/10\/nejlepsi-muzea-cyklistiky-ktera-musite-navstivit-welovecycling-cr\/\",\"url\":\"https:\/\/www.welovecycling.com\/cs\/2020\/01\/10\/nejlepsi-muzea-cyklistiky-ktera-musite-navstivit-welovecycling-cr\/\",\"name\":\"Nejlep\u0161\u00ed evropsk\u00e1 muzea cyklistiky, kter\u00e1 mus\u00edte nav\u0161t\u00edvit | \u0160koda We Love Cycling - \u010cesk\u00e1 republika\",\"isPartOf\":{\"@id\":\"https:\/\/www.welovecycling.com\/cs\/#website\"},\"primaryImageOfPage\":{\"@id\":\"https:\/\/www.welovecycling.com\/cs\/2020\/01\/10\/nejlepsi-muzea-cyklistiky-ktera-musite-navstivit-welovecycling-cr\/#primaryimage\"},\"image\":{\"@id\":\"https:\/\/www.welovecycling.com\/cs\/2020\/01\/10\/nejlepsi-muzea-cyklistiky-ktera-musite-navstivit-welovecycling-cr\/#primaryimage\"},\"thumbnailUrl\":\"https:\/\/d2p6e6u75xmxt8.cloudfront.net\/13\/2020\/01\/bicycle-museum-profimedia-0257119914-CVR.webp\",\"datePublished\":\"2020-01-10T14:46:39+00:00\",\"dateModified\":\"2020-01-10T14:47:39+00:00\",\"author\":{\"@id\":\"\"},\"description\":\"Je \u00fachvatn\u00e9 vid\u011bt v\u0161echna ta zvl\u00e1\u0161tn\u00ed kola, na kter\u00fdch se d\u0159\u00edve jezdilo. Tady m\u00e1te v\u00fdb\u011br t\u011bch nej muze\u00ed cyklistiky, kter\u00e9 stoj\u00ed za to nav\u0161t\u00edvit.\",\"inLanguage\":\"cs\",\"potentialAction\":[{\"@type\":\"ReadAction\",\"target\":[\"https:\/\/www.welovecycling.com\/cs\/2020\/01\/10\/nejlepsi-muzea-cyklistiky-ktera-musite-navstivit-welovecycling-cr\/\"]}]},{\"@type\":\"ImageObject\",\"inLanguage\":\"cs\",\"@id\":\"https:\/\/www.welovecycling.com\/cs\/2020\/01\/10\/nejlepsi-muzea-cyklistiky-ktera-musite-navstivit-welovecycling-cr\/#primaryimage\",\"url\":\"https:\/\/d2p6e6u75xmxt8.cloudfront.net\/13\/2020\/01\/bicycle-museum-profimedia-0257119914-CVR.webp\",\"contentUrl\":\"https:\/\/d2p6e6u75xmxt8.cloudfront.net\/13\/2020\/01\/bicycle-museum-profimedia-0257119914-CVR.webp\",\"width\":1366,\"height\":600},{\"@type\":\"WebSite\",\"@id\":\"https:\/\/www.welovecycling.com\/cs\/#website\",\"url\":\"https:\/\/www.welovecycling.com\/cs\/\",\"name\":\"\u0160koda We Love Cycling - \u010cesk\u00e1 republika\",\"description\":\"WeLoveCycling.cz je online magaz\u00edn, kter\u00fd v\u00e1m pravideln\u011b p\u0159in\u00e1\u0161\u00ed rady a tipy, zaj\u00edmav\u00e9 \u010dl\u00e1nky, videa a jedine\u010dn\u00e9 report\u00e1\u017ee ze sv\u011bta cyklistiky.\",\"potentialAction\":[{\"@type\":\"SearchAction\",\"target\":{\"@type\":\"EntryPoint\",\"urlTemplate\":\"https:\/\/www.welovecycling.com\/cs\/?s={search_term_string}\"},\"query-input\":{\"@type\":\"PropertyValueSpecification\",\"valueRequired\":true,\"valueName\":\"search_term_string\"}}],\"inLanguage\":\"cs\"},{\"@type\":\"Person\",\"@id\":\"\",\"url\":\"https:\/\/www.welovecycling.com\/cs\/author\/\"}]}<\/script>\n<!-- \/ Yoast SEO Premium plugin. -->","yoast_head_json":{"title":"Nejlep\u0161\u00ed evropsk\u00e1 muzea cyklistiky, kter\u00e1 mus\u00edte nav\u0161t\u00edvit | \u0160koda We Love Cycling - \u010cesk\u00e1 republika","description":"Je \u00fachvatn\u00e9 vid\u011bt v\u0161echna ta zvl\u00e1\u0161tn\u00ed kola, na kter\u00fdch se d\u0159\u00edve jezdilo. Tady m\u00e1te v\u00fdb\u011br t\u011bch nej muze\u00ed cyklistiky, kter\u00e9 stoj\u00ed za to nav\u0161t\u00edvit.","robots":{"index":"index","follow":"follow","max-snippet":"max-snippet:-1","max-image-preview":"max-image-preview:large","max-video-preview":"max-video-preview:-1"},"canonical":"https:\/\/www.welovecycling.com\/cs\/2020\/01\/10\/nejlepsi-muzea-cyklistiky-ktera-musite-navstivit-welovecycling-cr\/","og_locale":"cs_CZ","og_type":"article","og_title":"Nejlep\u0161\u00ed evropsk\u00e1 muzea cyklistiky, kter\u00e1 mus\u00edte nav\u0161t\u00edvit","og_description":"Je \u00fachvatn\u00e9 vid\u011bt v\u0161echna ta zvl\u00e1\u0161tn\u00ed kola, na kter\u00fdch se d\u0159\u00edve jezdilo. Tady m\u00e1te v\u00fdb\u011br t\u011bch nej muze\u00ed cyklistiky, kter\u00e9 stoj\u00ed za to nav\u0161t\u00edvit.","og_url":"https:\/\/www.welovecycling.com\/cs\/2020\/01\/10\/nejlepsi-muzea-cyklistiky-ktera-musite-navstivit-welovecycling-cr\/","og_site_name":"\u0160koda We Love Cycling - \u010cesk\u00e1 republika","article_published_time":"2020-01-10T14:46:39+00:00","article_modified_time":"2020-01-10T14:47:39+00:00","og_image":[{"width":1366,"height":600,"url":"https:\/\/d2p6e6u75xmxt8.cloudfront.net\/13\/2020\/01\/bicycle-museum-profimedia-0257119914-CVR.webp","type":"image\/webp"}],"twitter_card":"summary_large_image","twitter_misc":{"Written by":"Adam Marsal, V\u00e1clav \u0160\u0148up\u00e1rek","Est. reading time":"5"},"schema":{"@context":"https:\/\/schema.org","@graph":[{"@type":"WebPage","@id":"https:\/\/www.welovecycling.com\/cs\/2020\/01\/10\/nejlepsi-muzea-cyklistiky-ktera-musite-navstivit-welovecycling-cr\/","url":"https:\/\/www.welovecycling.com\/cs\/2020\/01\/10\/nejlepsi-muzea-cyklistiky-ktera-musite-navstivit-welovecycling-cr\/","name":"Nejlep\u0161\u00ed evropsk\u00e1 muzea cyklistiky, kter\u00e1 mus\u00edte nav\u0161t\u00edvit | \u0160koda We Love Cycling - \u010cesk\u00e1 republika","isPartOf":{"@id":"https:\/\/www.welovecycling.com\/cs\/#website"},"primaryImageOfPage":{"@id":"https:\/\/www.welovecycling.com\/cs\/2020\/01\/10\/nejlepsi-muzea-cyklistiky-ktera-musite-navstivit-welovecycling-cr\/#primaryimage"},"image":{"@id":"https:\/\/www.welovecycling.com\/cs\/2020\/01\/10\/nejlepsi-muzea-cyklistiky-ktera-musite-navstivit-welovecycling-cr\/#primaryimage"},"thumbnailUrl":"https:\/\/d2p6e6u75xmxt8.cloudfront.net\/13\/2020\/01\/bicycle-museum-profimedia-0257119914-CVR.webp","datePublished":"2020-01-10T14:46:39+00:00","dateModified":"2020-01-10T14:47:39+00:00","author":{"@id":""},"description":"Je \u00fachvatn\u00e9 vid\u011bt v\u0161echna ta zvl\u00e1\u0161tn\u00ed kola, na kter\u00fdch se d\u0159\u00edve jezdilo. Tady m\u00e1te v\u00fdb\u011br t\u011bch nej muze\u00ed cyklistiky, kter\u00e9 stoj\u00ed za to nav\u0161t\u00edvit.","inLanguage":"cs","potentialAction":[{"@type":"ReadAction","target":["https:\/\/www.welovecycling.com\/cs\/2020\/01\/10\/nejlepsi-muzea-cyklistiky-ktera-musite-navstivit-welovecycling-cr\/"]}]},{"@type":"ImageObject","inLanguage":"cs","@id":"https:\/\/www.welovecycling.com\/cs\/2020\/01\/10\/nejlepsi-muzea-cyklistiky-ktera-musite-navstivit-welovecycling-cr\/#primaryimage","url":"https:\/\/d2p6e6u75xmxt8.cloudfront.net\/13\/2020\/01\/bicycle-museum-profimedia-0257119914-CVR.webp","contentUrl":"https:\/\/d2p6e6u75xmxt8.cloudfront.net\/13\/2020\/01\/bicycle-museum-profimedia-0257119914-CVR.webp","width":1366,"height":600},{"@type":"WebSite","@id":"https:\/\/www.welovecycling.com\/cs\/#website","url":"https:\/\/www.welovecycling.com\/cs\/","name":"\u0160koda We Love Cycling - \u010cesk\u00e1 republika","description":"WeLoveCycling.cz je online magaz\u00edn, kter\u00fd v\u00e1m pravideln\u011b p\u0159in\u00e1\u0161\u00ed rady a tipy, zaj\u00edmav\u00e9 \u010dl\u00e1nky, videa a jedine\u010dn\u00e9 report\u00e1\u017ee ze sv\u011bta cyklistiky.","potentialAction":[{"@type":"SearchAction","target":{"@type":"EntryPoint","urlTemplate":"https:\/\/www.welovecycling.com\/cs\/?s={search_term_string}"},"query-input":{"@type":"PropertyValueSpecification","valueRequired":true,"valueName":"search_term_string"}}],"inLanguage":"cs"},{"@type":"Person","@id":"","url":"https:\/\/www.welovecycling.com\/cs\/author\/"}]}},"_links":{"self":[{"href":"https:\/\/www.welovecycling.com\/cs\/wp-json\/wp\/v2\/posts\/5139","targetHints":{"allow":["GET"]}}],"collection":[{"href":"https:\/\/www.welovecycling.com\/cs\/wp-json\/wp\/v2\/posts"}],"about":[{"href":"https:\/\/www.welovecycling.com\/cs\/wp-json\/wp\/v2\/types\/post"}],"author":[{"embeddable":true,"href":"https:\/\/www.welovecycling.com\/cs\/wp-json\/wp\/v2\/users\/95"}],"replies":[{"embeddable":true,"href":"https:\/\/www.welovecycling.com\/cs\/wp-json\/wp\/v2\/comments?post=5139"}],"version-history":[{"count":2,"href":"https:\/\/www.welovecycling.com\/cs\/wp-json\/wp\/v2\/posts\/5139\/revisions"}],"predecessor-version":[{"id":5145,"href":"https:\/\/www.welovecycling.com\/cs\/wp-json\/wp\/v2\/posts\/5139\/revisions\/5145"}],"wp:featuredmedia":[{"embeddable":true,"href":"https:\/\/www.welovecycling.com\/cs\/wp-json\/wp\/v2\/media\/5143"}],"wp:attachment":[{"href":"https:\/\/www.welovecycling.com\/cs\/wp-json\/wp\/v2\/media?parent=5139"}],"wp:term":[{"taxonomy":"category","embeddable":true,"href":"https:\/\/www.welovecycling.com\/cs\/wp-json\/wp\/v2\/categories?post=5139"},{"taxonomy":"post_tag","embeddable":true,"href":"https:\/\/www.welovecycling.com\/cs\/wp-json\/wp\/v2\/tags?post=5139"},{"taxonomy":"global-categories","embeddable":true,"href":"https:\/\/www.welovecycling.com\/cs\/wp-json\/wp\/v2\/global-categories?post=5139"}],"curies":[{"name":"wp","href":"https:\/\/api.w.org\/{rel}","templated":true}]}}