{"id":4976,"date":"2019-12-19T10:55:15","date_gmt":"2019-12-19T08:55:15","guid":{"rendered":"https:\/\/www.welovecycling.com\/cs\/?p=4976"},"modified":"2019-12-18T23:03:14","modified_gmt":"2019-12-18T21:03:14","slug":"nejlepsi-cykloknihy-na-vanocnim-trhu-welovecycling-cr","status":"publish","type":"post","link":"https:\/\/www.welovecycling.com\/cs\/2019\/12\/19\/nejlepsi-cykloknihy-na-vanocnim-trhu-welovecycling-cr\/","title":{"rendered":"Nejlep\u0161\u00ed cykloknihy na v\u00e1no\u010dn\u00edm trhu"},"content":{"rendered":"<p><strong>Dlouh\u00e9 zimn\u00ed ve\u010dery jsou ide\u00e1ln\u00ed p\u0159\u00edle\u017eitost\u00ed pono\u0159it se do zaj\u00edmav\u00e9 cykloknihy. A\u0165 u\u017e je to dramatick\u00fd p\u0159\u00edb\u011bh ze z\u00e1kulis\u00ed vrcholov\u00e9 cyklistiky, biografie obl\u00edben\u00e9ho z\u00e1vodn\u00edka, kniha s\u00a0tipy na v\u00fdlety nebo tr\u00e9ninkov\u00e1 p\u0159\u00edru\u010dka, n\u00e1pad na d\u00e1rek v\u00a0na\u0161em \u010dl\u00e1nku najdete pro ka\u017ed\u00e9ho nad\u0161ence cyklistiky.<\/strong><\/p>\n<p><!--more--><\/p>\n<h2><strong>P\u0159\u00edb\u011bh Tour de France<\/strong><\/h2>\n<p>Tour de France je ikonick\u00fd z\u00e1vod a ka\u017edoro\u010dn\u011b jednou z nejsledovan\u011bj\u0161\u00edch sportovn\u00edch ud\u00e1lost\u00ed na sv\u011bt\u011b. Nejlep\u0161\u00ed silni\u010dn\u00ed cyklistick\u00e9 t\u00fdmy, t\u0159i t\u00fddny a 3 500 km v\u00a0sedle, nahoru a dol\u016f Alpami a Pyrenejemi, a miliony fanou\u0161k\u016f lemuj\u00edc\u00ed tra\u0165, to v\u0161e d\u011bl\u00e1 Tour sv\u00e1tkem sportu. Tato kniha se sna\u017e\u00ed \u010dten\u00e1\u0159i p\u0159ibl\u00ed\u017eit Tour od jej\u00edho po\u010d\u00e1tku v\u00a0roce 1903 a\u017e po posledn\u00ed ro\u010dn\u00edk 2019. Texty, je\u017e doprov\u00e1z\u00ed p\u0159es 300 fascinuj\u00edc\u00edch fotografi\u00ed, n\u011bkter\u00e9 z nich a\u017e z 19. stolet\u00ed, p\u0159in\u00e1\u0161ej\u00ed p\u0159\u00edb\u011bhy superhv\u011bzd a popisy nezapomenuteln\u00fdch moment\u016f z ka\u017ed\u00e9ho obdob\u00ed. Je to poutav\u00fd pohled na historii i sou\u010dasnost cyklistiky, ve kter\u00e9m si ka\u017ed\u00fd n\u011bco najde.<\/p>\n<p><a href=\"https:\/\/d2p6e6u75xmxt8.cloudfront.net\/13\/2019\/12\/Pribeh-tour-de-france.jpg\"><img loading=\"lazy\" decoding=\"async\" class=\"alignnone size-large wp-image-5005\" src=\"https:\/\/d2p6e6u75xmxt8.cloudfront.net\/13\/2019\/12\/Pribeh-tour-de-france-843x1024.jpg\" alt=\"\" width=\"843\" height=\"1024\" \/><\/a><\/p>\n<h2><strong>S\u00e1zka \u2013 biking za\u010d\u00edn\u00e1 po pades\u00e1tce<\/strong><\/h2>\n<p>Cyklistika nen\u00ed jen o elitn\u00ed v\u00fdkonnosti, je to sport, kter\u00fd m\u00e1 co nab\u00eddnout ka\u017ed\u00e9mu. Tato kniha je toho \u00fa\u017easn\u00fdm p\u0159\u00edkladem. Autor, Otta Matou\u0161ek, propadl horsk\u00e9 cyklistice po pades\u00e1tce a nyn\u00ed se dokonce \u00fa\u010dastn\u00ed i sv\u011btov\u00fdch etapov\u00fdch z\u00e1vod\u016f. O tom, jak v\u0161e za\u010dalo jednou s\u00e1zkou a jak se dostal a\u017e k\u00a0z\u00e1vod\u011bn\u00ed, p\u00ed\u0161e v\u00a0t\u00e9to knize a p\u0159id\u00e1v\u00e1 i praktick\u00e9 rady, jak za\u010d\u00edt v\u00a0jak\u00e9mkoli v\u011bku, jak se p\u0159ipravit a jak\u00e9 je pot\u0159eba vybaven\u00ed.<\/p>\n<p><a href=\"https:\/\/d2p6e6u75xmxt8.cloudfront.net\/13\/2019\/12\/Sazka-biking-zacina-po-padesatce.jpg\"><img loading=\"lazy\" decoding=\"async\" class=\"alignnone size-full wp-image-5007\" src=\"https:\/\/d2p6e6u75xmxt8.cloudfront.net\/13\/2019\/12\/Sazka-biking-zacina-po-padesatce.jpg\" alt=\"\" width=\"510\" height=\"768\" \/><\/a><\/p>\n<h2><strong>Tajn\u00fd z\u00e1vod<\/strong><\/h2>\n<p>Pokud v\u00e1s zaj\u00edm\u00e1 stinn\u00e1 str\u00e1nka Tour de France a skand\u00e1ly s\u00a0n\u00ed spojen\u00e9, je ide\u00e1ln\u00ed volbou kniha Tajn\u00fd z\u00e1vod. Nab\u00edz\u00ed otev\u0159en\u00fd pohled do sv\u011bta profesion\u00e1ln\u00ed cyklistiky, dopingu, kter\u00fd tento sport prov\u00e1z\u00ed, a p\u0159\u00edb\u011bhu cyklistick\u00e9 ikony Lance Armstronga. Tato strhuj\u00edc\u00ed kniha vznikla na z\u00e1klad\u011b rozhovor\u016f bestsellerov\u00e9ho autora Daniela Coyleho s b\u00fdval\u00fdm olympijsk\u00fdm v\u00edt\u011bzem Tylerem Hamiltonem a prolamuje desetilet\u00ed ml\u010denlivost kolem z\u00e1ludn\u00fdch metod a intrik. Popisuje \u0161\u00e9fy cyklistick\u00fdch t\u00fdm\u016f, kte\u0159\u00ed se ne\u0161t\u00edt\u00ed ni\u010deho, aby dos\u00e1hli sv\u00e9ho c\u00edle, a poukazuje na zoufale ambici\u00f3zn\u00ed z\u00e1vodn\u00edky a nekompetentn\u00ed doktory. Vyvrcholen\u00edm cel\u00e9ho p\u0159\u00edb\u011bhu je dozn\u00e1n\u00ed Lance Armstronga k u\u017e\u00edv\u00e1n\u00ed zak\u00e1zan\u00fdch l\u00e1tek.<\/p>\n<p><a href=\"https:\/\/d2p6e6u75xmxt8.cloudfront.net\/13\/2019\/12\/Tajny-zavod.jpg\"><img loading=\"lazy\" decoding=\"async\" class=\"alignnone size-full wp-image-5008\" src=\"https:\/\/d2p6e6u75xmxt8.cloudfront.net\/13\/2019\/12\/Tajny-zavod.jpg\" alt=\"\" width=\"387\" height=\"550\" \/><\/a><\/p>\n<h2><strong>Roman Kreuziger \/Hv\u011bzda pelotonu<\/strong><\/h2>\n<p>V\u00a0t\u00e9to knize dostanete mo\u017enost nahl\u00e9dnout do prost\u0159ed\u00ed Tour o\u010dima \u010cecha, profesion\u00e1ln\u00edho silni\u010dn\u00edho cyklisty, Roman Kreuzigera. Kniha mapuje jeho hv\u011bzdnou kari\u00e9ru od za\u010d\u00e1tk\u016f, kdy v\u00a0jeden\u00e1cti letech dostal sv\u00e9 prvn\u00ed kolo a za\u010dal jezdit pod dohledem sv\u00e9ho nem\u00e9n\u011b slavn\u00e9ho otce Romana Keuzigera. V roce 2004 se stal juniorsk\u00fdm mistrem sv\u011bta na silnici a v\u00a0roce 2008 v\u00edt\u011bzem z\u00e1vodu Kolem \u0160v\u00fdcarska. Nejv\u011bt\u0161\u00ed \u00fasp\u011bch zaznamenal Roman Kreuziger na 100. ro\u010dn\u00edku Tour de France 2013, kdy skon\u010dil na celkov\u00e9m 5. m\u00edst\u011b a v dresu st\u00e1je Saxo-Tinkoff vyhr\u00e1l po boku Alberta Contadora t\u00fdmovou sout\u011b\u017e.<\/p>\n<p><a href=\"https:\/\/d2p6e6u75xmxt8.cloudfront.net\/13\/2019\/12\/Roman-Kreuziger-hvezda-pelotonu.jpg\"><img loading=\"lazy\" decoding=\"async\" class=\"alignnone size-full wp-image-5006\" src=\"https:\/\/d2p6e6u75xmxt8.cloudfront.net\/13\/2019\/12\/Roman-Kreuziger-hvezda-pelotonu.jpg\" alt=\"\" width=\"600\" height=\"857\" \/><\/a><\/p>\n<h2><strong>Vyhl\u00eddkami kr\u00e1l\u016f<\/strong><\/h2>\n<p>Pro prakti\u010dt\u011bji zalo\u017een\u00e9 cyklisty bude skv\u011bl\u00fdm d\u00e1rkem kniha Rozhlednov\u00fdm r\u00e1jem\/Vyhl\u00eddkami kr\u00e1l\u016f, kter\u00e1 je pln\u00e1 inspirace na v\u00fdlety. Najdete v\u00a0n\u00ed 120 hradn\u00edch a z\u00e1meck\u00fdch v\u011b\u017e\u00ed \u010cesk\u00e9 republiky a tipy, jak se k\u00a0nim na kole dostat. V\u00a0knize najdete mapy s popisem tras a GPS sou\u0159adnicemi, mo\u017enosti ob\u010derstven\u00ed, a dokonce i informace o sj\u00edzdnosti cest pro cyklisty.<\/p>\n<p><a href=\"https:\/\/d2p6e6u75xmxt8.cloudfront.net\/13\/2019\/12\/Vyhlidkami-kralu.jpg\"><img loading=\"lazy\" decoding=\"async\" class=\"alignnone size-large wp-image-5010\" src=\"https:\/\/d2p6e6u75xmxt8.cloudfront.net\/13\/2019\/12\/Vyhlidkami-kralu-905x1024.jpg\" alt=\"\" width=\"905\" height=\"1024\" \/><\/a><\/p>\n<p>A kdyby v\u00e1m tipy z\u00a0t\u00e9to knihy byly m\u00e1lo, najdete \u0159adu dal\u0161\u00edch v\u010detn\u011b mapy, popisu a fotek tak\u00e9 tady <a href=\"https:\/\/www.welovecycling.com\/cs\/category\/https-www-welovecycling-com-cs-otestovano-jizdou\/tipy-na-vylet\/\">u n\u00e1s<\/a>.<\/p>\n<h2><strong>Tr\u00e9ninkov\u00e1 bible pro cyklisty<\/strong><\/h2>\n<p>Pro cyklisty, kte\u0159\u00ed maj\u00ed v\u00fdkonnostn\u00ed ambice, se nem\u016f\u017eete spl\u00e9st knihou Tr\u00e9ninkov\u00e1 bible pro cyklisty od legend\u00e1rn\u00edho tren\u00e9ra Joe Friela. V\u00a0knize si na sv\u00e9 p\u0159ijdou cyklist\u00e9 v\u0161ech \u00farovn\u00ed, zodpov\u00edd\u00e1 toti\u017e \u0161irok\u00e9 spektrum \u010dast\u00fdch ot\u00e1zek. Jak zdokonalovat j\u00edzdu do kopc\u016f, rychlost a vytrvalost? Jak intenzivn\u00ed m\u00e1 b\u00fdt tr\u00e9nink a jak\u00fd m\u00e1 m\u00edt objem? Jak se vyhnout p\u0159etr\u00e9nov\u00e1n\u00ed? Co j\u00edst p\u0159ed, p\u0159i a po j\u00edzd\u011b? Jak urychlit regeneraci po n\u00e1ro\u010dn\u00e9m tr\u00e9ninku? Jak si napl\u00e1novat ro\u010dn\u00ed, sez\u00f3nn\u00ed nebo denn\u00ed tr\u00e9ninkov\u00fd pl\u00e1n? Tato kniha v\u00e1m pom\u016f\u017ee z\u00edskat spr\u00e1vn\u00e9 tr\u00e9ninkov\u00e9 n\u00e1vyky a polo\u017eit solidn\u00ed z\u00e1klady pro v\u00fdkonnostn\u00ed cyklistiku.<\/p>\n<p><a href=\"https:\/\/d2p6e6u75xmxt8.cloudfront.net\/13\/2019\/12\/Treninkova-bible-pro-cyklisty.jpg\"><img loading=\"lazy\" decoding=\"async\" class=\"alignnone size-large wp-image-5009\" src=\"https:\/\/d2p6e6u75xmxt8.cloudfront.net\/13\/2019\/12\/Treninkova-bible-pro-cyklisty-725x1024.jpg\" alt=\"\" width=\"725\" height=\"1024\" \/><\/a><\/p>\n","protected":false},"excerpt":{"rendered":"<p>Dlouh\u00e9 zimn\u00ed ve\u010dery jsou ide\u00e1ln\u00ed p\u0159\u00edle\u017eitost\u00ed pono\u0159it se do zaj\u00edmav\u00e9 cykloknihy. A\u0165 u\u017e je to dramatick\u00fd p\u0159\u00edb\u011bh ze z\u00e1kulis\u00ed vrcholov\u00e9 [&hellip;]<\/p>\n","protected":false},"author":95,"featured_media":4998,"comment_status":"open","ping_status":"open","sticky":false,"template":"","format":"standard","meta":{"footnotes":""},"categories":[15],"tags":[697,92,647,23,662,646],"global-categories":[],"class_list":["post-4976","post","type-post","status-publish","format-standard","has-post-thumbnail","hentry","category-rady-tipy","tag-cykloknihy","tag-roman-kreuziger","tag-tipy-na-vanocni-darky","tag-tour-de-france","tag-vanoce","tag-vanoce-2019"],"yoast_head":"<!-- This site is optimized with the Yoast SEO Premium plugin v25.3 (Yoast SEO v25.9) - https:\/\/yoast.com\/wordpress\/plugins\/seo\/ -->\n<title>Nejlep\u0161\u00ed cykloknihy na v\u00e1no\u010dn\u00edm trhu | \u0160koda We Love Cycling - \u010cesk\u00e1 republika<\/title>\n<meta name=\"description\" content=\"Dlouh\u00e9 zimn\u00ed ve\u010dery jsou ide\u00e1ln\u00ed p\u0159\u00edle\u017eitost\u00ed pono\u0159it se do zaj\u00edmav\u00e9 cykloknihy. V na\u0161em \u010dl\u00e1nku najdete n\u00e1pad na d\u00e1rek pro ka\u017ed\u00e9ho nad\u0161ence cyklistiky.\" \/>\n<meta name=\"robots\" content=\"index, follow, max-snippet:-1, max-image-preview:large, max-video-preview:-1\" \/>\n<link rel=\"canonical\" href=\"https:\/\/www.welovecycling.com\/cs\/2019\/12\/19\/nejlepsi-cykloknihy-na-vanocnim-trhu-welovecycling-cr\/\" \/>\n<meta property=\"og:locale\" content=\"cs_CZ\" \/>\n<meta property=\"og:type\" content=\"article\" \/>\n<meta property=\"og:title\" content=\"Nejlep\u0161\u00ed cykloknihy na v\u00e1no\u010dn\u00edm trhu\" \/>\n<meta property=\"og:description\" content=\"Dlouh\u00e9 zimn\u00ed ve\u010dery jsou ide\u00e1ln\u00ed p\u0159\u00edle\u017eitost\u00ed pono\u0159it se do zaj\u00edmav\u00e9 cykloknihy. V na\u0161em \u010dl\u00e1nku najdete n\u00e1pad na d\u00e1rek pro ka\u017ed\u00e9ho nad\u0161ence cyklistiky.\" \/>\n<meta property=\"og:url\" content=\"https:\/\/www.welovecycling.com\/cs\/2019\/12\/19\/nejlepsi-cykloknihy-na-vanocnim-trhu-welovecycling-cr\/\" \/>\n<meta property=\"og:site_name\" content=\"\u0160koda We Love Cycling - \u010cesk\u00e1 republika\" \/>\n<meta property=\"article:published_time\" content=\"2019-12-19T08:55:15+00:00\" \/>\n<meta property=\"og:image\" content=\"https:\/\/d2p6e6u75xmxt8.cloudfront.net\/13\/2019\/12\/opener117.webp\" \/>\n\t<meta property=\"og:image:width\" content=\"950\" \/>\n\t<meta property=\"og:image:height\" content=\"350\" \/>\n\t<meta property=\"og:image:type\" content=\"image\/webp\" \/>\n<meta name=\"twitter:card\" content=\"summary_large_image\" \/>\n<meta name=\"twitter:label1\" content=\"Written by\" \/>\n\t<meta name=\"twitter:data1\" content=\"Ji\u0159\u00ed Kalo\u010d\" \/>\n\t<meta name=\"twitter:label2\" content=\"Est. reading time\" \/>\n\t<meta name=\"twitter:data2\" content=\"5\" \/>\n<script type=\"application\/ld+json\" class=\"yoast-schema-graph\">{\"@context\":\"https:\/\/schema.org\",\"@graph\":[{\"@type\":\"WebPage\",\"@id\":\"https:\/\/www.welovecycling.com\/cs\/2019\/12\/19\/nejlepsi-cykloknihy-na-vanocnim-trhu-welovecycling-cr\/\",\"url\":\"https:\/\/www.welovecycling.com\/cs\/2019\/12\/19\/nejlepsi-cykloknihy-na-vanocnim-trhu-welovecycling-cr\/\",\"name\":\"Nejlep\u0161\u00ed cykloknihy na v\u00e1no\u010dn\u00edm trhu | \u0160koda We Love Cycling - \u010cesk\u00e1 republika\",\"isPartOf\":{\"@id\":\"https:\/\/www.welovecycling.com\/cs\/#website\"},\"primaryImageOfPage\":{\"@id\":\"https:\/\/www.welovecycling.com\/cs\/2019\/12\/19\/nejlepsi-cykloknihy-na-vanocnim-trhu-welovecycling-cr\/#primaryimage\"},\"image\":{\"@id\":\"https:\/\/www.welovecycling.com\/cs\/2019\/12\/19\/nejlepsi-cykloknihy-na-vanocnim-trhu-welovecycling-cr\/#primaryimage\"},\"thumbnailUrl\":\"https:\/\/d2p6e6u75xmxt8.cloudfront.net\/13\/2019\/12\/opener117.webp\",\"datePublished\":\"2019-12-19T08:55:15+00:00\",\"author\":{\"@id\":\"\"},\"description\":\"Dlouh\u00e9 zimn\u00ed ve\u010dery jsou ide\u00e1ln\u00ed p\u0159\u00edle\u017eitost\u00ed pono\u0159it se do zaj\u00edmav\u00e9 cykloknihy. V na\u0161em \u010dl\u00e1nku najdete n\u00e1pad na d\u00e1rek pro ka\u017ed\u00e9ho nad\u0161ence cyklistiky.\",\"inLanguage\":\"cs\",\"potentialAction\":[{\"@type\":\"ReadAction\",\"target\":[\"https:\/\/www.welovecycling.com\/cs\/2019\/12\/19\/nejlepsi-cykloknihy-na-vanocnim-trhu-welovecycling-cr\/\"]}]},{\"@type\":\"ImageObject\",\"inLanguage\":\"cs\",\"@id\":\"https:\/\/www.welovecycling.com\/cs\/2019\/12\/19\/nejlepsi-cykloknihy-na-vanocnim-trhu-welovecycling-cr\/#primaryimage\",\"url\":\"https:\/\/d2p6e6u75xmxt8.cloudfront.net\/13\/2019\/12\/opener117.webp\",\"contentUrl\":\"https:\/\/d2p6e6u75xmxt8.cloudfront.net\/13\/2019\/12\/opener117.webp\",\"width\":950,\"height\":350},{\"@type\":\"WebSite\",\"@id\":\"https:\/\/www.welovecycling.com\/cs\/#website\",\"url\":\"https:\/\/www.welovecycling.com\/cs\/\",\"name\":\"\u0160koda We Love Cycling - \u010cesk\u00e1 republika\",\"description\":\"WeLoveCycling.cz je online magaz\u00edn, kter\u00fd v\u00e1m pravideln\u011b p\u0159in\u00e1\u0161\u00ed rady a tipy, zaj\u00edmav\u00e9 \u010dl\u00e1nky, videa a jedine\u010dn\u00e9 report\u00e1\u017ee ze sv\u011bta cyklistiky.\",\"potentialAction\":[{\"@type\":\"SearchAction\",\"target\":{\"@type\":\"EntryPoint\",\"urlTemplate\":\"https:\/\/www.welovecycling.com\/cs\/?s={search_term_string}\"},\"query-input\":{\"@type\":\"PropertyValueSpecification\",\"valueRequired\":true,\"valueName\":\"search_term_string\"}}],\"inLanguage\":\"cs\"},{\"@type\":\"Person\",\"@id\":\"\",\"url\":\"https:\/\/www.welovecycling.com\/cs\/author\/\"}]}<\/script>\n<!-- \/ Yoast SEO Premium plugin. -->","yoast_head_json":{"title":"Nejlep\u0161\u00ed cykloknihy na v\u00e1no\u010dn\u00edm trhu | \u0160koda We Love Cycling - \u010cesk\u00e1 republika","description":"Dlouh\u00e9 zimn\u00ed ve\u010dery jsou ide\u00e1ln\u00ed p\u0159\u00edle\u017eitost\u00ed pono\u0159it se do zaj\u00edmav\u00e9 cykloknihy. V na\u0161em \u010dl\u00e1nku najdete n\u00e1pad na d\u00e1rek pro ka\u017ed\u00e9ho nad\u0161ence cyklistiky.","robots":{"index":"index","follow":"follow","max-snippet":"max-snippet:-1","max-image-preview":"max-image-preview:large","max-video-preview":"max-video-preview:-1"},"canonical":"https:\/\/www.welovecycling.com\/cs\/2019\/12\/19\/nejlepsi-cykloknihy-na-vanocnim-trhu-welovecycling-cr\/","og_locale":"cs_CZ","og_type":"article","og_title":"Nejlep\u0161\u00ed cykloknihy na v\u00e1no\u010dn\u00edm trhu","og_description":"Dlouh\u00e9 zimn\u00ed ve\u010dery jsou ide\u00e1ln\u00ed p\u0159\u00edle\u017eitost\u00ed pono\u0159it se do zaj\u00edmav\u00e9 cykloknihy. V na\u0161em \u010dl\u00e1nku najdete n\u00e1pad na d\u00e1rek pro ka\u017ed\u00e9ho nad\u0161ence cyklistiky.","og_url":"https:\/\/www.welovecycling.com\/cs\/2019\/12\/19\/nejlepsi-cykloknihy-na-vanocnim-trhu-welovecycling-cr\/","og_site_name":"\u0160koda We Love Cycling - \u010cesk\u00e1 republika","article_published_time":"2019-12-19T08:55:15+00:00","og_image":[{"width":950,"height":350,"url":"https:\/\/d2p6e6u75xmxt8.cloudfront.net\/13\/2019\/12\/opener117.webp","type":"image\/webp"}],"twitter_card":"summary_large_image","twitter_misc":{"Written by":"Ji\u0159\u00ed Kalo\u010d","Est. reading time":"5"},"schema":{"@context":"https:\/\/schema.org","@graph":[{"@type":"WebPage","@id":"https:\/\/www.welovecycling.com\/cs\/2019\/12\/19\/nejlepsi-cykloknihy-na-vanocnim-trhu-welovecycling-cr\/","url":"https:\/\/www.welovecycling.com\/cs\/2019\/12\/19\/nejlepsi-cykloknihy-na-vanocnim-trhu-welovecycling-cr\/","name":"Nejlep\u0161\u00ed cykloknihy na v\u00e1no\u010dn\u00edm trhu | \u0160koda We Love Cycling - \u010cesk\u00e1 republika","isPartOf":{"@id":"https:\/\/www.welovecycling.com\/cs\/#website"},"primaryImageOfPage":{"@id":"https:\/\/www.welovecycling.com\/cs\/2019\/12\/19\/nejlepsi-cykloknihy-na-vanocnim-trhu-welovecycling-cr\/#primaryimage"},"image":{"@id":"https:\/\/www.welovecycling.com\/cs\/2019\/12\/19\/nejlepsi-cykloknihy-na-vanocnim-trhu-welovecycling-cr\/#primaryimage"},"thumbnailUrl":"https:\/\/d2p6e6u75xmxt8.cloudfront.net\/13\/2019\/12\/opener117.webp","datePublished":"2019-12-19T08:55:15+00:00","author":{"@id":""},"description":"Dlouh\u00e9 zimn\u00ed ve\u010dery jsou ide\u00e1ln\u00ed p\u0159\u00edle\u017eitost\u00ed pono\u0159it se do zaj\u00edmav\u00e9 cykloknihy. V na\u0161em \u010dl\u00e1nku najdete n\u00e1pad na d\u00e1rek pro ka\u017ed\u00e9ho nad\u0161ence cyklistiky.","inLanguage":"cs","potentialAction":[{"@type":"ReadAction","target":["https:\/\/www.welovecycling.com\/cs\/2019\/12\/19\/nejlepsi-cykloknihy-na-vanocnim-trhu-welovecycling-cr\/"]}]},{"@type":"ImageObject","inLanguage":"cs","@id":"https:\/\/www.welovecycling.com\/cs\/2019\/12\/19\/nejlepsi-cykloknihy-na-vanocnim-trhu-welovecycling-cr\/#primaryimage","url":"https:\/\/d2p6e6u75xmxt8.cloudfront.net\/13\/2019\/12\/opener117.webp","contentUrl":"https:\/\/d2p6e6u75xmxt8.cloudfront.net\/13\/2019\/12\/opener117.webp","width":950,"height":350},{"@type":"WebSite","@id":"https:\/\/www.welovecycling.com\/cs\/#website","url":"https:\/\/www.welovecycling.com\/cs\/","name":"\u0160koda We Love Cycling - \u010cesk\u00e1 republika","description":"WeLoveCycling.cz je online magaz\u00edn, kter\u00fd v\u00e1m pravideln\u011b p\u0159in\u00e1\u0161\u00ed rady a tipy, zaj\u00edmav\u00e9 \u010dl\u00e1nky, videa a jedine\u010dn\u00e9 report\u00e1\u017ee ze sv\u011bta cyklistiky.","potentialAction":[{"@type":"SearchAction","target":{"@type":"EntryPoint","urlTemplate":"https:\/\/www.welovecycling.com\/cs\/?s={search_term_string}"},"query-input":{"@type":"PropertyValueSpecification","valueRequired":true,"valueName":"search_term_string"}}],"inLanguage":"cs"},{"@type":"Person","@id":"","url":"https:\/\/www.welovecycling.com\/cs\/author\/"}]}},"_links":{"self":[{"href":"https:\/\/www.welovecycling.com\/cs\/wp-json\/wp\/v2\/posts\/4976","targetHints":{"allow":["GET"]}}],"collection":[{"href":"https:\/\/www.welovecycling.com\/cs\/wp-json\/wp\/v2\/posts"}],"about":[{"href":"https:\/\/www.welovecycling.com\/cs\/wp-json\/wp\/v2\/types\/post"}],"author":[{"embeddable":true,"href":"https:\/\/www.welovecycling.com\/cs\/wp-json\/wp\/v2\/users\/95"}],"replies":[{"embeddable":true,"href":"https:\/\/www.welovecycling.com\/cs\/wp-json\/wp\/v2\/comments?post=4976"}],"version-history":[{"count":2,"href":"https:\/\/www.welovecycling.com\/cs\/wp-json\/wp\/v2\/posts\/4976\/revisions"}],"predecessor-version":[{"id":5012,"href":"https:\/\/www.welovecycling.com\/cs\/wp-json\/wp\/v2\/posts\/4976\/revisions\/5012"}],"wp:featuredmedia":[{"embeddable":true,"href":"https:\/\/www.welovecycling.com\/cs\/wp-json\/wp\/v2\/media\/4998"}],"wp:attachment":[{"href":"https:\/\/www.welovecycling.com\/cs\/wp-json\/wp\/v2\/media?parent=4976"}],"wp:term":[{"taxonomy":"category","embeddable":true,"href":"https:\/\/www.welovecycling.com\/cs\/wp-json\/wp\/v2\/categories?post=4976"},{"taxonomy":"post_tag","embeddable":true,"href":"https:\/\/www.welovecycling.com\/cs\/wp-json\/wp\/v2\/tags?post=4976"},{"taxonomy":"global-categories","embeddable":true,"href":"https:\/\/www.welovecycling.com\/cs\/wp-json\/wp\/v2\/global-categories?post=4976"}],"curies":[{"name":"wp","href":"https:\/\/api.w.org\/{rel}","templated":true}]}}