{"id":4863,"date":"2019-12-05T11:31:51","date_gmt":"2019-12-05T09:31:51","guid":{"rendered":"https:\/\/www.welovecycling.com\/cs\/?p=4863"},"modified":"2019-12-05T11:31:51","modified_gmt":"2019-12-05T09:31:51","slug":"futuristicka-kola-na-cem-budeme-za-par-let-jezdit-welovecycling-cr","status":"publish","type":"post","link":"https:\/\/www.welovecycling.com\/cs\/2019\/12\/05\/futuristicka-kola-na-cem-budeme-za-par-let-jezdit-welovecycling-cr\/","title":{"rendered":"Futuristick\u00e1 kola: Na \u010dem budeme za p\u00e1r let jezdit?"},"content":{"rendered":"<p><strong>V\u00a0n\u011bkter\u00fdch ohledech by se dalo \u0159\u00edct, \u017ee v\u00a0budoucnosti vlastn\u011b u\u017e \u017eijeme. Kdo by kdy \u0159ekl, \u017ee budeme platit telefonem? A p\u0159itom je tento zp\u016fsob placen\u00ed u\u017e dlouho v\u00a0provozu. Digit\u00e1ln\u00ed revoluce teprve doopravdy za\u010d\u00edn\u00e1. V\u00fdsledkem je st\u00e1le \u010dast\u011bj\u0161\u00ed <a href=\"https:\/\/inhabitat.com\/6-futuristic-bicycle-designs\/\">p\u0159em\u00edt\u00e1n\u00ed nad budoucnost\u00ed<\/a>, a\u0165 u\u017e kv\u016fli klimatick\u00fdm zm\u011bn\u00e1m nebo pokroku v\u00a0technologi\u00edch. Filozofov\u00e9, v\u011bdci, architekti, automobilky i n\u00e1vrh\u00e1\u0159i kol hled\u00ed do budoucnosti ve snaze p\u0159ij\u00edt s\u00a0t\u00edm nejlep\u0161\u00edm \u0159e\u0161en\u00edm.<\/strong><!--more--><\/p>\n<p>Kolo se v\u00a0posledn\u00edm stolet\u00ed moc nezm\u011bnilo. Jak se \u0159\u00edk\u00e1: \u201eNehas, co t\u011b nep\u00e1l\u00ed.\u201c A proto\u017ee kolo funguje spolehliv\u011b tak, jak je, nem\u011bl nikdo velkou snahu cokoliv z\u00e1sadn\u011b m\u011bnit. Ale pokud je n\u011bco z\u00a0n\u00e1sleduj\u00edc\u00edch obr\u00e1zk\u016f z\u0159ejm\u00e9, kola budoucnosti budou radik\u00e1ln\u011b odli\u0161n\u00e1 od t\u011bch sou\u010dasn\u00fdch. I kdy\u017e dv\u011b kola a \u0159\u00edd\u00edtka na nich najdeme poka\u017ed\u00e9.<\/p>\n<p>Cube Urban Street Bike Concept se zbavil sedlov\u00e9 trubky i zadn\u00edch vzp\u011br. Vznikl tak trojd\u00edln\u00fd syst\u00e9m, kde je zadn\u00ed kolo uchyceno pouze pevnou osou. Kv\u016fli t\u011bmto v\u00fdrazn\u00fdm zm\u011bn\u00e1m je kolo leh\u010d\u00ed, rychlej\u0161\u00ed a tak\u00e9 mnohem v\u00edce \u201esexy\u201c ne\u017e sou\u010dasn\u00e1 kola. Jedin\u00fdm probl\u00e9mem by mohla b\u00fdt stabilita a odolnost r\u00e1mu na nerovn\u00e9m ter\u00e9nu, nap\u0159\u00edklad dla\u017eb\u011b. Voln\u011b uchycen\u00e9 zadn\u00ed kolo by za takov\u00fdch okolnost\u00ed mohlo b\u00fdt slab\u00fdm \u010dl\u00e1nkem.<\/p>\n<figure id=\"attachment_4864\" aria-describedby=\"caption-attachment-4864\" style=\"width: 600px\" class=\"wp-caption alignnone\"><img loading=\"lazy\" decoding=\"async\" class=\"size-full wp-image-4864\" src=\"https:\/\/d2p6e6u75xmxt8.cloudfront.net\/13\/2019\/12\/cube-urban-street-bike-concept-1.jpg\" alt=\"\" width=\"600\" height=\"391\" \/><figcaption id=\"caption-attachment-4864\" class=\"wp-caption-text\">Cube Urban Street Bike Concept<\/figcaption><\/figure>\n<p>Nenad Kostadinov naopak zahodil spodn\u00ed r\u00e1movou trubku a horn\u00ed vzp\u011bry. Jeho Furious Sports Bike Concept vypad\u00e1 robustn\u011b i dostate\u010dn\u011b stabiln\u011b pro j\u00edzdu na rozbit\u00e9m povrchu. Nejv\u00edc futuristickou z\u00e1le\u017eitost\u00ed jednozna\u010dn\u011b je integrovan\u00fd computer, kter\u00fd zobrazuje velkou \u0161k\u00e1lu dat \u2013 rychlost a vzd\u00e1lenost, ale tak\u00e9 p\u0159esnou polohu a sp\u00e1len\u00e9 kalorie. Tyto informace jsou zobrazeny uprost\u0159ed p\u0159edstavce, kter\u00fd byl speci\u00e1ln\u011b upraven k\u00a0tomuto \u00fa\u010delu. P\u0159i j\u00edzd\u011b tak m\u016f\u017eete kontrolovat, kde se nach\u00e1z\u00edte nebo kolik pizzy si po n\u00e1vratu dom\u016f m\u016f\u017eete bez obav dovolit.<\/p>\n<figure id=\"attachment_4865\" aria-describedby=\"caption-attachment-4865\" style=\"width: 600px\" class=\"wp-caption alignnone\"><img loading=\"lazy\" decoding=\"async\" class=\"size-full wp-image-4865\" src=\"https:\/\/d2p6e6u75xmxt8.cloudfront.net\/13\/2019\/12\/furious-sports-bike_by-nenad-kostadinov_1.jpg\" alt=\"\" width=\"600\" height=\"554\" \/><figcaption id=\"caption-attachment-4865\" class=\"wp-caption-text\">Furious Sports Bike Concept<\/figcaption><\/figure>\n<p>Kolo navr\u017een\u00e9 olympijsk\u00fdm v\u00edt\u011bzem a v\u00edt\u011bzem etapy z\u00a0Tour de France Chrisem Boardmanem je nejv\u011brn\u011bj\u0161\u00edm napodoben\u00edm toho, co m\u016f\u017eeme v\u00a0oblasti kol v\u00a0budoucnosti o\u010dek\u00e1vat. Jeho Intelligent Bike Concept m\u00e1 z\u00e1lo\u017en\u00ed motor poh\u00e1n\u011bn\u00fd slune\u010dn\u00ed energi\u00ed p\u0159es fotovoltaick\u00e9 \u010dl\u00e1nky, integrovan\u00fd computer, bezpe\u010dnostn\u00ed za\u0159\u00edzen\u00ed pro sn\u00edm\u00e1n\u00ed otisk\u016f prst\u016f a kola, ve kter\u00fdch chyb\u00ed dr\u00e1ty. V\u00a0sou\u010dasnosti je kolo ve form\u011b n\u00e1vrhu, a tak m\u016f\u017ee trvat roky, ne\u017e ho zahl\u00e9dneme n\u011bkde na ulici. Ale na takhle kr\u00e1sn\u00e9 kolo se vyplat\u00ed si po\u010dkat, p\u0159ece jenom se bav\u00edme o budoucnosti.<\/p>\n<figure id=\"attachment_4866\" aria-describedby=\"caption-attachment-4866\" style=\"width: 600px\" class=\"wp-caption alignnone\"><img loading=\"lazy\" decoding=\"async\" class=\"size-full wp-image-4866\" src=\"https:\/\/d2p6e6u75xmxt8.cloudfront.net\/13\/2019\/12\/intelligent-bike-concept-chris-boardman.jpg\" alt=\"\" width=\"600\" height=\"404\" \/><figcaption id=\"caption-attachment-4866\" class=\"wp-caption-text\">Chris Boardman\u2019s Intelligent Bike Concept<\/figcaption><\/figure>\n<p>Dal\u0161\u00ed odleh\u010den\u00e9 kolo, tentokr\u00e1t se jedn\u00e1 o Wire Bike Concept od Ionita Predescu. Toto kolo je navr\u017een\u00e9 podobn\u011b jako lanov\u00fd most, kter\u00fd svou strukturu a stabilitu udr\u017euje vlastn\u00ed vahou, kterou p\u016fsob\u00ed pomoc\u00ed lan na zbytek konstrukce. Pevn\u00e9 \u010d\u00e1sti kola jsou z\u00a0karbonu a lana jsou z\u00a0lehk\u00e9ho kevlaru.<\/p>\n<figure id=\"attachment_4867\" aria-describedby=\"caption-attachment-4867\" style=\"width: 600px\" class=\"wp-caption alignnone\"><img loading=\"lazy\" decoding=\"async\" class=\"size-full wp-image-4867\" src=\"https:\/\/d2p6e6u75xmxt8.cloudfront.net\/13\/2019\/12\/wire-bike-concept_ionut-predescu_1.jpg\" alt=\"\" width=\"600\" height=\"450\" \/><figcaption id=\"caption-attachment-4867\" class=\"wp-caption-text\">Wire Bike Concept<\/figcaption><\/figure>\n<p>Kolo bez \u0159et\u011bzu i \u0159emenu \u2013 to je tento n\u00e1vrh s\u00a0n\u00e1zvem Mando Footloose. Skl\u00e1dac\u00ed kolo pro bezpe\u010dn\u00fd a efektivn\u00ed pohyb ve m\u011bst\u011b je pln\u00e9 vychyt\u00e1vek inspirovan\u00fdch technologiemi automobilov\u00e9ho pr\u016fmyslu. Energie ze \u0161lap\u00e1n\u00ed do ped\u00e1l\u016f se ukl\u00e1d\u00e1 do lithiov\u00e9 baterie, kter\u00e1 n\u00e1sledn\u011b poh\u00e1n\u00ed mal\u00fd motor. Kolo je pln\u011b automatick\u00e9, a dokonce samo m\u011bn\u00ed p\u0159evody v\u00a0z\u00e1vislosti na sklonu a rychlosti j\u00edzdy.<\/p>\n<figure id=\"attachment_4868\" aria-describedby=\"caption-attachment-4868\" style=\"width: 728px\" class=\"wp-caption alignnone\"><img loading=\"lazy\" decoding=\"async\" class=\"size-full wp-image-4868\" src=\"https:\/\/d2p6e6u75xmxt8.cloudfront.net\/13\/2019\/12\/mando-2.jpg\" alt=\"\" width=\"728\" height=\"488\" \/><figcaption id=\"caption-attachment-4868\" class=\"wp-caption-text\">Mando Footloose<\/figcaption><\/figure>\n<p>Victor Aleman p\u0159edstavil Eco 07 Bike Concept, m\u00e9 nejobl\u00edben\u011bj\u0161\u00ed kolo. Je navr\u017eeno tak, aby se dalo kompletn\u011b rozlo\u017eit a slo\u017eit do krabice o velikosti cestovn\u00edho kuf\u0159\u00edku. Tak\u00e9 je n\u00e1dhern\u00e9. Bohu\u017eel se v\u00a0sou\u010dasn\u00e9m n\u00e1vrhu nepo\u010d\u00edt\u00e1 s\u00a0t\u00edm, \u017ee by se kolo rozeb\u00edralo ka\u017ed\u00fd den, ale jen v\u00a0p\u0159\u00edpad\u011b del\u0161\u00edho nevyu\u017e\u00edv\u00e1n\u00ed. Douf\u00e1m, \u017ee toto omezen\u00ed brzy vy\u0159e\u0161\u00ed, proto\u017ee pak byste nap\u0159\u00edklad mohli dojet do pr\u00e1ce, kolo rozlo\u017eit a vz\u00edt si ho s\u00a0sebou. U\u017e \u017e\u00e1dn\u00e9 tah\u00e1n\u00ed se s\u00a0kolem po schodech nebo ma\u010dk\u00e1n\u00ed se ve v\u00fdtahu. Nemus\u00edte \u0159e\u0161it, kde kolo parkovat a jak\u00fd z\u00e1mek po\u0159\u00eddit. V\u00a0kuf\u0159\u00edku si ho klidn\u011b m\u016f\u017eete vz\u00edt i do restaurace. Na v\u00fdlet\u011b v\u00a0hor\u00e1ch, kdy\u017e se dostanete k\u00a0dlouh\u00e9 nesj\u00edzdn\u00e9 \u010d\u00e1sti, u\u017e nemus\u00edte slo\u017eit\u011b tla\u010dit kolo nahoru nebo v\u00e9st dol\u016f.<\/p>\n<figure id=\"attachment_4869\" aria-describedby=\"caption-attachment-4869\" style=\"width: 600px\" class=\"wp-caption alignnone\"><img loading=\"lazy\" decoding=\"async\" class=\"wp-image-4869 size-full\" src=\"https:\/\/d2p6e6u75xmxt8.cloudfront.net\/13\/2019\/12\/eco-07-bike-concept_victor-aleman_1.jpg\" alt=\"\" width=\"600\" height=\"312\" \/><figcaption id=\"caption-attachment-4869\" class=\"wp-caption-text\">Eco 07 Bike Concept<\/figcaption><\/figure>\n","protected":false},"excerpt":{"rendered":"<p>V\u00a0n\u011bkter\u00fdch ohledech by se dalo \u0159\u00edct, \u017ee v\u00a0budoucnosti vlastn\u011b u\u017e \u017eijeme. Kdo by kdy \u0159ekl, \u017ee budeme platit telefonem? A [&hellip;]<\/p>\n","protected":false},"author":95,"featured_media":4871,"comment_status":"open","ping_status":"open","sticky":false,"template":"","format":"standard","meta":{"footnotes":""},"categories":[1],"tags":[671,670,669,672],"global-categories":[],"class_list":["post-4863","post","type-post","status-publish","format-standard","has-post-thumbnail","hentry","category-bezpecnost","tag-cube-urban-street-bike-concept","tag-futuristicka-kola","tag-kola-budoucnosti","tag-nenad-kostadinov"],"yoast_head":"<!-- This site is optimized with the Yoast SEO Premium plugin v25.3 (Yoast SEO v25.9) - https:\/\/yoast.com\/wordpress\/plugins\/seo\/ -->\n<title>Futuristick\u00e1 kola: Na \u010dem budeme za p\u00e1r let jezdit? | \u0160koda We Love Cycling - \u010cesk\u00e1 republika<\/title>\n<meta name=\"description\" content=\"V\u00a0n\u011bkter\u00fdch ohledech by se dalo \u0159\u00edct, \u017ee v\u00a0budoucnosti vlastn\u011b u\u017e \u017eijeme. Filozofov\u00e9, v\u011bdci, architekti, automobilky i n\u00e1vrh\u00e1\u0159i kol hled\u00ed do budoucnosti.\" \/>\n<meta name=\"robots\" content=\"index, follow, max-snippet:-1, max-image-preview:large, max-video-preview:-1\" \/>\n<link rel=\"canonical\" href=\"https:\/\/www.welovecycling.com\/cs\/2019\/12\/05\/futuristicka-kola-na-cem-budeme-za-par-let-jezdit-welovecycling-cr\/\" \/>\n<meta property=\"og:locale\" content=\"cs_CZ\" \/>\n<meta property=\"og:type\" content=\"article\" \/>\n<meta property=\"og:title\" content=\"Futuristick\u00e1 kola: Na \u010dem budeme za p\u00e1r let jezdit?\" \/>\n<meta property=\"og:description\" content=\"V\u00a0n\u011bkter\u00fdch ohledech by se dalo \u0159\u00edct, \u017ee v\u00a0budoucnosti vlastn\u011b u\u017e \u017eijeme. Filozofov\u00e9, v\u011bdci, architekti, automobilky i n\u00e1vrh\u00e1\u0159i kol hled\u00ed do budoucnosti.\" \/>\n<meta property=\"og:url\" content=\"https:\/\/www.welovecycling.com\/cs\/2019\/12\/05\/futuristicka-kola-na-cem-budeme-za-par-let-jezdit-welovecycling-cr\/\" \/>\n<meta property=\"og:site_name\" content=\"\u0160koda We Love Cycling - \u010cesk\u00e1 republika\" \/>\n<meta property=\"article:published_time\" content=\"2019-12-05T09:31:51+00:00\" \/>\n<meta property=\"og:image\" content=\"https:\/\/d2p6e6u75xmxt8.cloudfront.net\/13\/2019\/12\/Futuristic-Bicycles-CVR.webp\" \/>\n\t<meta property=\"og:image:width\" content=\"1366\" \/>\n\t<meta property=\"og:image:height\" content=\"600\" \/>\n\t<meta property=\"og:image:type\" content=\"image\/webp\" \/>\n<meta name=\"twitter:card\" content=\"summary_large_image\" \/>\n<meta name=\"twitter:label1\" content=\"Written by\" \/>\n\t<meta name=\"twitter:data1\" content=\"Siegfried Mortkowitz\" \/>\n\t<meta name=\"twitter:label2\" content=\"Est. reading time\" \/>\n\t<meta name=\"twitter:data2\" content=\"7\" \/>\n<script type=\"application\/ld+json\" class=\"yoast-schema-graph\">{\"@context\":\"https:\/\/schema.org\",\"@graph\":[{\"@type\":\"WebPage\",\"@id\":\"https:\/\/www.welovecycling.com\/cs\/2019\/12\/05\/futuristicka-kola-na-cem-budeme-za-par-let-jezdit-welovecycling-cr\/\",\"url\":\"https:\/\/www.welovecycling.com\/cs\/2019\/12\/05\/futuristicka-kola-na-cem-budeme-za-par-let-jezdit-welovecycling-cr\/\",\"name\":\"Futuristick\u00e1 kola: Na \u010dem budeme za p\u00e1r let jezdit? | \u0160koda We Love Cycling - \u010cesk\u00e1 republika\",\"isPartOf\":{\"@id\":\"https:\/\/www.welovecycling.com\/cs\/#website\"},\"primaryImageOfPage\":{\"@id\":\"https:\/\/www.welovecycling.com\/cs\/2019\/12\/05\/futuristicka-kola-na-cem-budeme-za-par-let-jezdit-welovecycling-cr\/#primaryimage\"},\"image\":{\"@id\":\"https:\/\/www.welovecycling.com\/cs\/2019\/12\/05\/futuristicka-kola-na-cem-budeme-za-par-let-jezdit-welovecycling-cr\/#primaryimage\"},\"thumbnailUrl\":\"https:\/\/d2p6e6u75xmxt8.cloudfront.net\/13\/2019\/12\/Futuristic-Bicycles-CVR.webp\",\"datePublished\":\"2019-12-05T09:31:51+00:00\",\"author\":{\"@id\":\"\"},\"description\":\"V\u00a0n\u011bkter\u00fdch ohledech by se dalo \u0159\u00edct, \u017ee v\u00a0budoucnosti vlastn\u011b u\u017e \u017eijeme. Filozofov\u00e9, v\u011bdci, architekti, automobilky i n\u00e1vrh\u00e1\u0159i kol hled\u00ed do budoucnosti.\",\"inLanguage\":\"cs\",\"potentialAction\":[{\"@type\":\"ReadAction\",\"target\":[\"https:\/\/www.welovecycling.com\/cs\/2019\/12\/05\/futuristicka-kola-na-cem-budeme-za-par-let-jezdit-welovecycling-cr\/\"]}]},{\"@type\":\"ImageObject\",\"inLanguage\":\"cs\",\"@id\":\"https:\/\/www.welovecycling.com\/cs\/2019\/12\/05\/futuristicka-kola-na-cem-budeme-za-par-let-jezdit-welovecycling-cr\/#primaryimage\",\"url\":\"https:\/\/d2p6e6u75xmxt8.cloudfront.net\/13\/2019\/12\/Futuristic-Bicycles-CVR.webp\",\"contentUrl\":\"https:\/\/d2p6e6u75xmxt8.cloudfront.net\/13\/2019\/12\/Futuristic-Bicycles-CVR.webp\",\"width\":1366,\"height\":600},{\"@type\":\"WebSite\",\"@id\":\"https:\/\/www.welovecycling.com\/cs\/#website\",\"url\":\"https:\/\/www.welovecycling.com\/cs\/\",\"name\":\"\u0160koda We Love Cycling - \u010cesk\u00e1 republika\",\"description\":\"WeLoveCycling.cz je online magaz\u00edn, kter\u00fd v\u00e1m pravideln\u011b p\u0159in\u00e1\u0161\u00ed rady a tipy, zaj\u00edmav\u00e9 \u010dl\u00e1nky, videa a jedine\u010dn\u00e9 report\u00e1\u017ee ze sv\u011bta cyklistiky.\",\"potentialAction\":[{\"@type\":\"SearchAction\",\"target\":{\"@type\":\"EntryPoint\",\"urlTemplate\":\"https:\/\/www.welovecycling.com\/cs\/?s={search_term_string}\"},\"query-input\":{\"@type\":\"PropertyValueSpecification\",\"valueRequired\":true,\"valueName\":\"search_term_string\"}}],\"inLanguage\":\"cs\"},{\"@type\":\"Person\",\"@id\":\"\",\"url\":\"https:\/\/www.welovecycling.com\/cs\/author\/\"}]}<\/script>\n<!-- \/ Yoast SEO Premium plugin. -->","yoast_head_json":{"title":"Futuristick\u00e1 kola: Na \u010dem budeme za p\u00e1r let jezdit? | \u0160koda We Love Cycling - \u010cesk\u00e1 republika","description":"V\u00a0n\u011bkter\u00fdch ohledech by se dalo \u0159\u00edct, \u017ee v\u00a0budoucnosti vlastn\u011b u\u017e \u017eijeme. Filozofov\u00e9, v\u011bdci, architekti, automobilky i n\u00e1vrh\u00e1\u0159i kol hled\u00ed do budoucnosti.","robots":{"index":"index","follow":"follow","max-snippet":"max-snippet:-1","max-image-preview":"max-image-preview:large","max-video-preview":"max-video-preview:-1"},"canonical":"https:\/\/www.welovecycling.com\/cs\/2019\/12\/05\/futuristicka-kola-na-cem-budeme-za-par-let-jezdit-welovecycling-cr\/","og_locale":"cs_CZ","og_type":"article","og_title":"Futuristick\u00e1 kola: Na \u010dem budeme za p\u00e1r let jezdit?","og_description":"V\u00a0n\u011bkter\u00fdch ohledech by se dalo \u0159\u00edct, \u017ee v\u00a0budoucnosti vlastn\u011b u\u017e \u017eijeme. Filozofov\u00e9, v\u011bdci, architekti, automobilky i n\u00e1vrh\u00e1\u0159i kol hled\u00ed do budoucnosti.","og_url":"https:\/\/www.welovecycling.com\/cs\/2019\/12\/05\/futuristicka-kola-na-cem-budeme-za-par-let-jezdit-welovecycling-cr\/","og_site_name":"\u0160koda We Love Cycling - \u010cesk\u00e1 republika","article_published_time":"2019-12-05T09:31:51+00:00","og_image":[{"width":1366,"height":600,"url":"https:\/\/d2p6e6u75xmxt8.cloudfront.net\/13\/2019\/12\/Futuristic-Bicycles-CVR.webp","type":"image\/webp"}],"twitter_card":"summary_large_image","twitter_misc":{"Written by":"Siegfried Mortkowitz","Est. reading time":"7"},"schema":{"@context":"https:\/\/schema.org","@graph":[{"@type":"WebPage","@id":"https:\/\/www.welovecycling.com\/cs\/2019\/12\/05\/futuristicka-kola-na-cem-budeme-za-par-let-jezdit-welovecycling-cr\/","url":"https:\/\/www.welovecycling.com\/cs\/2019\/12\/05\/futuristicka-kola-na-cem-budeme-za-par-let-jezdit-welovecycling-cr\/","name":"Futuristick\u00e1 kola: Na \u010dem budeme za p\u00e1r let jezdit? | \u0160koda We Love Cycling - \u010cesk\u00e1 republika","isPartOf":{"@id":"https:\/\/www.welovecycling.com\/cs\/#website"},"primaryImageOfPage":{"@id":"https:\/\/www.welovecycling.com\/cs\/2019\/12\/05\/futuristicka-kola-na-cem-budeme-za-par-let-jezdit-welovecycling-cr\/#primaryimage"},"image":{"@id":"https:\/\/www.welovecycling.com\/cs\/2019\/12\/05\/futuristicka-kola-na-cem-budeme-za-par-let-jezdit-welovecycling-cr\/#primaryimage"},"thumbnailUrl":"https:\/\/d2p6e6u75xmxt8.cloudfront.net\/13\/2019\/12\/Futuristic-Bicycles-CVR.webp","datePublished":"2019-12-05T09:31:51+00:00","author":{"@id":""},"description":"V\u00a0n\u011bkter\u00fdch ohledech by se dalo \u0159\u00edct, \u017ee v\u00a0budoucnosti vlastn\u011b u\u017e \u017eijeme. Filozofov\u00e9, v\u011bdci, architekti, automobilky i n\u00e1vrh\u00e1\u0159i kol hled\u00ed do budoucnosti.","inLanguage":"cs","potentialAction":[{"@type":"ReadAction","target":["https:\/\/www.welovecycling.com\/cs\/2019\/12\/05\/futuristicka-kola-na-cem-budeme-za-par-let-jezdit-welovecycling-cr\/"]}]},{"@type":"ImageObject","inLanguage":"cs","@id":"https:\/\/www.welovecycling.com\/cs\/2019\/12\/05\/futuristicka-kola-na-cem-budeme-za-par-let-jezdit-welovecycling-cr\/#primaryimage","url":"https:\/\/d2p6e6u75xmxt8.cloudfront.net\/13\/2019\/12\/Futuristic-Bicycles-CVR.webp","contentUrl":"https:\/\/d2p6e6u75xmxt8.cloudfront.net\/13\/2019\/12\/Futuristic-Bicycles-CVR.webp","width":1366,"height":600},{"@type":"WebSite","@id":"https:\/\/www.welovecycling.com\/cs\/#website","url":"https:\/\/www.welovecycling.com\/cs\/","name":"\u0160koda We Love Cycling - \u010cesk\u00e1 republika","description":"WeLoveCycling.cz je online magaz\u00edn, kter\u00fd v\u00e1m pravideln\u011b p\u0159in\u00e1\u0161\u00ed rady a tipy, zaj\u00edmav\u00e9 \u010dl\u00e1nky, videa a jedine\u010dn\u00e9 report\u00e1\u017ee ze sv\u011bta cyklistiky.","potentialAction":[{"@type":"SearchAction","target":{"@type":"EntryPoint","urlTemplate":"https:\/\/www.welovecycling.com\/cs\/?s={search_term_string}"},"query-input":{"@type":"PropertyValueSpecification","valueRequired":true,"valueName":"search_term_string"}}],"inLanguage":"cs"},{"@type":"Person","@id":"","url":"https:\/\/www.welovecycling.com\/cs\/author\/"}]}},"_links":{"self":[{"href":"https:\/\/www.welovecycling.com\/cs\/wp-json\/wp\/v2\/posts\/4863","targetHints":{"allow":["GET"]}}],"collection":[{"href":"https:\/\/www.welovecycling.com\/cs\/wp-json\/wp\/v2\/posts"}],"about":[{"href":"https:\/\/www.welovecycling.com\/cs\/wp-json\/wp\/v2\/types\/post"}],"author":[{"embeddable":true,"href":"https:\/\/www.welovecycling.com\/cs\/wp-json\/wp\/v2\/users\/95"}],"replies":[{"embeddable":true,"href":"https:\/\/www.welovecycling.com\/cs\/wp-json\/wp\/v2\/comments?post=4863"}],"version-history":[{"count":2,"href":"https:\/\/www.welovecycling.com\/cs\/wp-json\/wp\/v2\/posts\/4863\/revisions"}],"predecessor-version":[{"id":4872,"href":"https:\/\/www.welovecycling.com\/cs\/wp-json\/wp\/v2\/posts\/4863\/revisions\/4872"}],"wp:featuredmedia":[{"embeddable":true,"href":"https:\/\/www.welovecycling.com\/cs\/wp-json\/wp\/v2\/media\/4871"}],"wp:attachment":[{"href":"https:\/\/www.welovecycling.com\/cs\/wp-json\/wp\/v2\/media?parent=4863"}],"wp:term":[{"taxonomy":"category","embeddable":true,"href":"https:\/\/www.welovecycling.com\/cs\/wp-json\/wp\/v2\/categories?post=4863"},{"taxonomy":"post_tag","embeddable":true,"href":"https:\/\/www.welovecycling.com\/cs\/wp-json\/wp\/v2\/tags?post=4863"},{"taxonomy":"global-categories","embeddable":true,"href":"https:\/\/www.welovecycling.com\/cs\/wp-json\/wp\/v2\/global-categories?post=4863"}],"curies":[{"name":"wp","href":"https:\/\/api.w.org\/{rel}","templated":true}]}}