{"id":4767,"date":"2019-11-24T10:18:05","date_gmt":"2019-11-24T08:18:05","guid":{"rendered":"https:\/\/www.welovecycling.com\/cs\/?p=4767"},"modified":"2019-11-25T11:55:46","modified_gmt":"2019-11-25T09:55:46","slug":"10-tipu-na-darky-pro-kazdeho-cyklistu-welovecycling-cr","status":"publish","type":"post","link":"https:\/\/www.welovecycling.com\/cs\/2019\/11\/24\/10-tipu-na-darky-pro-kazdeho-cyklistu-welovecycling-cr\/","title":{"rendered":"10 tip\u016f na d\u00e1rky pro ka\u017ed\u00e9ho cyklistu"},"content":{"rendered":"<p><strong>V\u00e1noce jsou tady za m\u011bs\u00edc a inspirace na d\u00e1rky nen\u00ed nikdy dost. V\u00a0listopadu st\u00e1le je\u0161t\u011b m\u00e1te re\u00e1lnou \u0161anci, \u017ee to, co objedn\u00e1te, v\u00e1m doraz\u00ed pod strome\u010dek v\u010das, a proto pro v\u00e1s m\u00e1me 10 tip\u016f na cyklistick\u00e9 d\u00e1rky. A\u0165 u\u017e m\u00e1te doma silni\u010dn\u00edho cyklistu, z\u00e1vodn\u00edka, dobrodruha, veter\u00e1na, nebo \u00fapln\u00e9ho za\u010d\u00e1te\u010dn\u00edka, v\u00edme, co jim ud\u011bl\u00e1 radost.<\/strong><\/p>\n<p><!--more--><\/p>\n<h2><strong>Pro silni\u010dn\u00edho cyklistu<\/strong><\/h2>\n<p>Silni\u010dn\u00ed cyklistika a dobr\u00e1 k\u00e1va maj\u00ed kus spole\u010dn\u00e9 historie a dodnes jsou popul\u00e1rn\u00ed kombinac\u00ed. Jestli m\u00e1te doma nad\u0161en\u00e9ho silni\u010d\u00e1\u0159e, jen\u017e si p\u0159ed ka\u017edou ned\u011bln\u00ed j\u00edzdou pe\u010dliv\u011b p\u0159ipravuje svou obl\u00edbenou k\u00e1vu a \u010dasto vypr\u00e1v\u00ed o nov\u00fdch kav\u00e1rn\u00e1ch, kter\u00e9 po cest\u011b objevil, tak s\u00e1z\u00edte na jistotu, kdy\u017e darujete origin\u00e1ln\u00ed k\u00e1vov\u00fd set, nejl\u00e9pe i s\u00a0balen\u00edm obl\u00edben\u00e9 k\u00e1vy.<\/p>\n<h2><strong>Pro dobrodruha<\/strong><\/h2>\n<p>Specifickou discipl\u00ednou jsou dlouh\u00e9, dobrodru\u017en\u00e9 v\u00fdlety na kole. Takov\u00ed cyklist\u00e9 pot\u0159ebuj\u00ed mimo jin\u00e9 b\u00fdt schopni vypo\u0159\u00e1dat se s\u00a0poruchami v\u0161eho druhu. Pokud m\u00e1te ve sv\u00e9m okol\u00ed cyklisty dobrodruhy, tak s\u00e1hn\u011bte po sad\u011b na opravu defektu. Jedn\u00e1 se z\u00a0velk\u00e9 \u010d\u00e1sti o spot\u0159ebn\u00ed materi\u00e1l, tak\u017ee nemus\u00edte m\u00edt obavu o nadbyte\u010dnost d\u00e1rku. Podobn\u011b m\u016f\u017ee pot\u011b\u0161it i n\u011bjak\u00fd velmi lehk\u00fd cyklistick\u00fd multitool.<\/p>\n<p><img decoding=\"async\" src=\"https:\/\/www.cyclechic.co.uk\/sites\/default\/files\/imagecache\/colorbox\/images\/products\/299-932.jpg\" \/><\/p>\n<h2><strong>Pro triatlonistu<\/strong><\/h2>\n<p>Triatlonist\u00e9 pat\u0159\u00ed mezi cyklisty, kte\u0159\u00ed zpravidla maj\u00ed doma nejv\u011bt\u0161\u00ed po\u010det kol. Z\u00e1kladem je tr\u00e9ninkov\u00e9 silni\u010dn\u00ed, nutnost\u00ed je triatlonov\u00fd speci\u00e1l, v\u00a0l\u00e9t\u011b to nejde bez horsk\u00e9ho a hod\u00ed se i n\u011bjak\u00e9 star\u0161\u00ed kv\u016fli doj\u00ed\u017ed\u011bn\u00ed na baz\u00e9n. Takov\u00fd po\u010det kol v\u011bt\u0161inou znamen\u00e1, \u017ee nez\u0159\u00eddka kola nocuj\u00ed v\u00a0p\u0159eds\u00edni, nebo dokonce v lo\u017enici. Triatlonistovi se budou velmi hodit pono\u017eky na kolo, doslova.<img decoding=\"async\" src=\"https:\/\/images-na.ssl-images-amazon.com\/images\/I\/91Bd8KyBs-L._AC_SX679_.jpg\" alt=\"VELOSOCK Kids'\u00a0Bicycle\u00a0Indoor\u00a0Storage\u00a0Cover\u00a0-\u00a0Ronyblack\u00a0-\u00a08+\u00a0Years -\u00a0Best\u00a0Solution\u00a0to\u00a0Keep\u00a0Floors\u00a0and\u00a0Walls\u00a0Dirt-Free - Free\u00a0USA\u00a0Shipping\" \/><\/p>\n<h2><strong>Pro no\u010dn\u00edho jezdce<\/strong><\/h2>\n<p>Pokud m\u00e1te doma cyklistu, kter\u00fd se pravideln\u011b vrac\u00ed z vyj\u00ed\u017e\u010fky po setm\u011bn\u00ed, tak byste se mohli zavd\u011b\u010dit n\u00e1vleky a rukavicemi Craft Glow. Oba tyto dopl\u0148ky jsou komplet z\u00a0reflexn\u00edch materi\u00e1l\u016f, tak\u017ee zv\u00fd\u0161\u00ed viditelnost cyklisty na cest\u011b a z\u00e1rove\u0148 jsou i m\u00edrn\u011b zateplen\u00e9, tak\u017ee ochr\u00e1n\u00ed i p\u0159ed chladn\u011bj\u0161\u00edm po\u010das\u00edm, zejm\u00e9na kdy\u017e se p\u0159ibl\u00ed\u017e\u00ed zima a slunce zapad\u00e1 daleko d\u0159\u00edve.<\/p>\n<p><img decoding=\"async\" src=\"https:\/\/www.craft.cz\/productImages\/lg\/navleky-craft-glow-cerna.jpg\" alt=\"N\u00e1vleky CRAFT Glow\" \/><\/p>\n<h2><strong>Pro veter\u00e1na<\/strong><\/h2>\n<p>Pro zaslou\u017eil\u00e9 cyklisty, kte\u0159\u00ed tr\u00e1v\u00ed voln\u00e9 chvilky nejen v\u00a0sedle, ale i odpo\u010dinkem doma na pohovce, je ide\u00e1ln\u00ed d\u00e1rek kniha. Nap\u0159\u00edklad <a href=\"https:\/\/knihy.heureka.cz\/pribehy-stare-damy-tomas-macek_6\/\">\u201eP\u0159\u00edb\u011bhy Star\u00e9 d\u00e1my: Sto ro\u010dn\u00edk\u016f Tour de France\u201c<\/a> od Tom\u00e1\u0161e Macka ur\u010dit\u011b ocen\u00ed jako zaj\u00edmav\u00e9 \u010dten\u00ed. Pokud se zaj\u00edmaj\u00ed sp\u00ed\u0161e o sou\u010dasnou cyklistiku, tak je v\u00fdbornou volbou autobiografick\u00e1 kniha jednoho z\u00a0nejlep\u0161\u00edch silni\u010dn\u00edch sprinter\u016f sou\u010dasnosti <a href=\"https:\/\/www.knihydobrovsky.cz\/muj-svet-111389326?gclid=EAIaIQobChMIs8_0xPyE5gIVmK3tCh1rOQjJEAAYASAAEgJ48fD_BwE\">Petera Sagana \u201eM\u016fj Sv\u011bt!<\/a>\u201c<\/p>\n<p><img decoding=\"async\" src=\"https:\/\/d25-a.sdn.szn.cz\/d_25\/c_img_H_Fx\/DVaBiQb.jpeg\" alt=\"Image result for peter sagan m\u016fj sv\u011bt&quot;\" \/><\/p>\n<h2><strong>Pro m\u011bstsk\u00e9ho cyklistu<\/strong><\/h2>\n<p>Cyklist\u00e9, kte\u0159\u00ed tr\u00e1v\u00ed v\u011bt\u0161inu \u010dasu v\u00a0sedle doj\u00ed\u017ed\u011bn\u00edm do pr\u00e1ce a p\u0159esunem po m\u011bst\u011b, ur\u010dit\u011b ocen\u00ed praktick\u00e9 a stylov\u00e9 dopl\u0148ky. Perfektn\u00ed volbou je nap\u0159\u00edklad zvonek od Knog, OI Luxe, co\u017e je funk\u010dn\u00ed a z\u00e1rove\u0148 vylo\u017een\u011b designov\u00e1 z\u00e1le\u017eitost.<\/p>\n<p><img decoding=\"async\" src=\"https:\/\/mojekolo.online\/foto\/product\/1100\/knog-knog-zvonek-oi-luxe-black-large-black-0-6.JPG\" alt=\"Knog zvonek Oi Luxe black large black\" \/><\/p>\n<h2><strong>Pro milovn\u00edka nov\u00fdch technologi\u00ed<\/strong><\/h2>\n<p>Velmi zaj\u00edmav\u00fdm dopl\u0148kem pro cyklisty, kte\u0159\u00ed se vy\u017e\u00edvaj\u00ed v\u00a0gadgetech a modern\u00edch dopl\u0148c\u00edch, je bluetooth z\u00e1mek I LOCK IT. Ten se toti\u017e sp\u00e1ruje s\u00a0va\u0161\u00edm telefonem a zamyk\u00e1 a odemyk\u00e1 kolo podle toho, jak jste daleko, a upozorn\u00ed, kdy\u017e se kolo n\u011bkdo sna\u017e\u00ed odcizit.<\/p>\n<h2><img decoding=\"async\" src=\"https:\/\/d2p6e6u75xmxt8.cloudfront.net\/2\/2019\/09\/I-LOCK-it.png\" \/><strong>Pro cyklistu gurm\u00e1na<\/strong><\/h2>\n<p>Pro cyklisty, kte\u0159\u00ed si po po\u0159\u00e1dn\u00e9 j\u00edzd\u011b r\u00e1di tak\u00e9 po\u0159\u00e1dn\u011b dop\u0159ej\u00ed v\u00a0kuchyni, m\u00e1me v\u00fdborn\u00fd tip. S\u00a0t\u00edmto kr\u00e1je\u010dem bude dom\u00e1c\u00ed pizza \u00fapln\u011b jin\u00fd z\u00e1\u017eitek.<\/p>\n<p><a href=\"https:\/\/d2p6e6u75xmxt8.cloudfront.net\/13\/2019\/11\/IMG_4138.jpg\"><img loading=\"lazy\" decoding=\"async\" class=\"alignnone size-large wp-image-4781\" src=\"https:\/\/d2p6e6u75xmxt8.cloudfront.net\/13\/2019\/11\/IMG_4138-1024x683.jpg\" alt=\"\" width=\"1024\" height=\"683\" \/><\/a><\/p>\n<h2><strong>Pro mechanika<\/strong><\/h2>\n<p>Pokud m\u00e1te doma cyklistu, kter\u00fd str\u00e1v\u00ed v\u00edce \u010dasu v\u00a0d\u00edln\u011b ne\u017e v\u00a0sedle, tak ur\u010dit\u011b ocen\u00ed novinku od WD-40. Obsahuje st\u00e1le stejnou skv\u011blou mazac\u00ed sm\u011bs, ale jednu geni\u00e1ln\u00ed inovaci nav\u00edc. WD-40 Flexible m\u00e1 odoln\u00fd, ohnivzdorn\u00fd a ohebn\u00fd aplik\u00e1tor. Na rozd\u00edl od sv\u00e9ho p\u0159edch\u016fdce Smart Straw si nav\u00edc zachov\u00e1v\u00e1 sv\u016fj tvar, tak\u017ee je ide\u00e1ln\u00ed pro precizn\u00ed pr\u00e1ci okolo j\u00edzdn\u00edch kol.<\/p>\n<h2><strong>Pro juniory<\/strong><\/h2>\n<p>Mlad\u0161\u00edm cyklist\u016fm ud\u011blaj\u00ed radost dopl\u0148ky s\u00a0jejich obl\u00edben\u00fdmi hrdiny. Kdy\u017e dostanou helmu s\u00a0motivy Star Wars nebo Disney postavi\u010dkami, tak budou m\u00edt o d\u016fvod v\u00edce se na kolo t\u011b\u0161it.<\/p>\n<p><img decoding=\"async\" src=\"https:\/\/www.kola-radotin.cz\/files\/a9734-110_1.jpg\" alt=\"Image result for helma kolo starwars&quot;\" \/><\/p>\n","protected":false},"excerpt":{"rendered":"<p>V\u00e1noce jsou tady za m\u011bs\u00edc a inspirace na d\u00e1rky nen\u00ed nikdy dost. V\u00a0listopadu st\u00e1le je\u0161t\u011b m\u00e1te re\u00e1lnou \u0161anci, \u017ee to, [&hellip;]<\/p>\n","protected":false},"author":95,"featured_media":4769,"comment_status":"open","ping_status":"open","sticky":false,"template":"","format":"standard","meta":{"footnotes":""},"categories":[15],"tags":[648,649,647,646,650],"global-categories":[411],"class_list":["post-4767","post","type-post","status-publish","format-standard","has-post-thumbnail","hentry","category-rady-tipy","tag-darky-pro-cyklistu","tag-darky-pro-deti","tag-tipy-na-vanocni-darky","tag-vanoce-2019","tag-vanocni-tipy","global-categories-cycling"],"yoast_head":"<!-- This site is optimized with the Yoast SEO Premium plugin v25.3 (Yoast SEO v25.9) - https:\/\/yoast.com\/wordpress\/plugins\/seo\/ -->\n<title>10 tip\u016f na d\u00e1rky pro ka\u017ed\u00e9ho cyklistu | \u0160koda We Love Cycling - \u010cesk\u00e1 republika<\/title>\n<meta name=\"description\" content=\"A\u0165 u\u017e m\u00e1te doma silni\u010dn\u00edho cyklistu, z\u00e1vodn\u00edka, dobrodruha, veter\u00e1na, nebo \u00fapln\u00e9ho za\u010d\u00e1te\u010dn\u00edka, v\u00edme, co jim ud\u011bl\u00e1 radost.\" \/>\n<meta name=\"robots\" content=\"index, follow, max-snippet:-1, max-image-preview:large, max-video-preview:-1\" \/>\n<link rel=\"canonical\" href=\"https:\/\/www.welovecycling.com\/cs\/2019\/11\/24\/10-tipu-na-darky-pro-kazdeho-cyklistu-welovecycling-cr\/\" \/>\n<meta property=\"og:locale\" content=\"cs_CZ\" \/>\n<meta property=\"og:type\" content=\"article\" \/>\n<meta property=\"og:title\" content=\"10 tip\u016f na d\u00e1rky pro ka\u017ed\u00e9ho cyklistu\" \/>\n<meta property=\"og:description\" content=\"A\u0165 u\u017e m\u00e1te doma silni\u010dn\u00edho cyklistu, z\u00e1vodn\u00edka, dobrodruha, veter\u00e1na, nebo \u00fapln\u00e9ho za\u010d\u00e1te\u010dn\u00edka, v\u00edme, co jim ud\u011bl\u00e1 radost.\" \/>\n<meta property=\"og:url\" content=\"https:\/\/www.welovecycling.com\/cs\/2019\/11\/24\/10-tipu-na-darky-pro-kazdeho-cyklistu-welovecycling-cr\/\" \/>\n<meta property=\"og:site_name\" content=\"\u0160koda We Love Cycling - \u010cesk\u00e1 republika\" \/>\n<meta property=\"article:published_time\" content=\"2019-11-24T08:18:05+00:00\" \/>\n<meta property=\"article:modified_time\" content=\"2019-11-25T09:55:46+00:00\" \/>\n<meta property=\"og:image\" content=\"https:\/\/d2p6e6u75xmxt8.cloudfront.net\/13\/2019\/11\/cvr2.webp\" \/>\n\t<meta property=\"og:image:width\" content=\"1366\" \/>\n\t<meta property=\"og:image:height\" content=\"600\" \/>\n\t<meta property=\"og:image:type\" content=\"image\/webp\" \/>\n<meta name=\"twitter:card\" content=\"summary_large_image\" \/>\n<meta name=\"twitter:label1\" content=\"Written by\" \/>\n\t<meta name=\"twitter:data1\" content=\"Ji\u0159\u00ed Kalo\u010d\" \/>\n\t<meta name=\"twitter:label2\" content=\"Est. reading time\" \/>\n\t<meta name=\"twitter:data2\" content=\"5\" \/>\n<script type=\"application\/ld+json\" class=\"yoast-schema-graph\">{\"@context\":\"https:\/\/schema.org\",\"@graph\":[{\"@type\":\"WebPage\",\"@id\":\"https:\/\/www.welovecycling.com\/cs\/2019\/11\/24\/10-tipu-na-darky-pro-kazdeho-cyklistu-welovecycling-cr\/\",\"url\":\"https:\/\/www.welovecycling.com\/cs\/2019\/11\/24\/10-tipu-na-darky-pro-kazdeho-cyklistu-welovecycling-cr\/\",\"name\":\"10 tip\u016f na d\u00e1rky pro ka\u017ed\u00e9ho cyklistu | \u0160koda We Love Cycling - \u010cesk\u00e1 republika\",\"isPartOf\":{\"@id\":\"https:\/\/www.welovecycling.com\/cs\/#website\"},\"primaryImageOfPage\":{\"@id\":\"https:\/\/www.welovecycling.com\/cs\/2019\/11\/24\/10-tipu-na-darky-pro-kazdeho-cyklistu-welovecycling-cr\/#primaryimage\"},\"image\":{\"@id\":\"https:\/\/www.welovecycling.com\/cs\/2019\/11\/24\/10-tipu-na-darky-pro-kazdeho-cyklistu-welovecycling-cr\/#primaryimage\"},\"thumbnailUrl\":\"https:\/\/d2p6e6u75xmxt8.cloudfront.net\/13\/2019\/11\/cvr2.webp\",\"datePublished\":\"2019-11-24T08:18:05+00:00\",\"dateModified\":\"2019-11-25T09:55:46+00:00\",\"author\":{\"@id\":\"\"},\"description\":\"A\u0165 u\u017e m\u00e1te doma silni\u010dn\u00edho cyklistu, z\u00e1vodn\u00edka, dobrodruha, veter\u00e1na, nebo \u00fapln\u00e9ho za\u010d\u00e1te\u010dn\u00edka, v\u00edme, co jim ud\u011bl\u00e1 radost.\",\"inLanguage\":\"cs\",\"potentialAction\":[{\"@type\":\"ReadAction\",\"target\":[\"https:\/\/www.welovecycling.com\/cs\/2019\/11\/24\/10-tipu-na-darky-pro-kazdeho-cyklistu-welovecycling-cr\/\"]}]},{\"@type\":\"ImageObject\",\"inLanguage\":\"cs\",\"@id\":\"https:\/\/www.welovecycling.com\/cs\/2019\/11\/24\/10-tipu-na-darky-pro-kazdeho-cyklistu-welovecycling-cr\/#primaryimage\",\"url\":\"https:\/\/d2p6e6u75xmxt8.cloudfront.net\/13\/2019\/11\/cvr2.webp\",\"contentUrl\":\"https:\/\/d2p6e6u75xmxt8.cloudfront.net\/13\/2019\/11\/cvr2.webp\",\"width\":1366,\"height\":600},{\"@type\":\"WebSite\",\"@id\":\"https:\/\/www.welovecycling.com\/cs\/#website\",\"url\":\"https:\/\/www.welovecycling.com\/cs\/\",\"name\":\"\u0160koda We Love Cycling - \u010cesk\u00e1 republika\",\"description\":\"WeLoveCycling.cz je online magaz\u00edn, kter\u00fd v\u00e1m pravideln\u011b p\u0159in\u00e1\u0161\u00ed rady a tipy, zaj\u00edmav\u00e9 \u010dl\u00e1nky, videa a jedine\u010dn\u00e9 report\u00e1\u017ee ze sv\u011bta cyklistiky.\",\"potentialAction\":[{\"@type\":\"SearchAction\",\"target\":{\"@type\":\"EntryPoint\",\"urlTemplate\":\"https:\/\/www.welovecycling.com\/cs\/?s={search_term_string}\"},\"query-input\":{\"@type\":\"PropertyValueSpecification\",\"valueRequired\":true,\"valueName\":\"search_term_string\"}}],\"inLanguage\":\"cs\"},{\"@type\":\"Person\",\"@id\":\"\",\"url\":\"https:\/\/www.welovecycling.com\/cs\/author\/\"}]}<\/script>\n<!-- \/ Yoast SEO Premium plugin. -->","yoast_head_json":{"title":"10 tip\u016f na d\u00e1rky pro ka\u017ed\u00e9ho cyklistu | \u0160koda We Love Cycling - \u010cesk\u00e1 republika","description":"A\u0165 u\u017e m\u00e1te doma silni\u010dn\u00edho cyklistu, z\u00e1vodn\u00edka, dobrodruha, veter\u00e1na, nebo \u00fapln\u00e9ho za\u010d\u00e1te\u010dn\u00edka, v\u00edme, co jim ud\u011bl\u00e1 radost.","robots":{"index":"index","follow":"follow","max-snippet":"max-snippet:-1","max-image-preview":"max-image-preview:large","max-video-preview":"max-video-preview:-1"},"canonical":"https:\/\/www.welovecycling.com\/cs\/2019\/11\/24\/10-tipu-na-darky-pro-kazdeho-cyklistu-welovecycling-cr\/","og_locale":"cs_CZ","og_type":"article","og_title":"10 tip\u016f na d\u00e1rky pro ka\u017ed\u00e9ho cyklistu","og_description":"A\u0165 u\u017e m\u00e1te doma silni\u010dn\u00edho cyklistu, z\u00e1vodn\u00edka, dobrodruha, veter\u00e1na, nebo \u00fapln\u00e9ho za\u010d\u00e1te\u010dn\u00edka, v\u00edme, co jim ud\u011bl\u00e1 radost.","og_url":"https:\/\/www.welovecycling.com\/cs\/2019\/11\/24\/10-tipu-na-darky-pro-kazdeho-cyklistu-welovecycling-cr\/","og_site_name":"\u0160koda We Love Cycling - \u010cesk\u00e1 republika","article_published_time":"2019-11-24T08:18:05+00:00","article_modified_time":"2019-11-25T09:55:46+00:00","og_image":[{"width":1366,"height":600,"url":"https:\/\/d2p6e6u75xmxt8.cloudfront.net\/13\/2019\/11\/cvr2.webp","type":"image\/webp"}],"twitter_card":"summary_large_image","twitter_misc":{"Written by":"Ji\u0159\u00ed Kalo\u010d","Est. reading time":"5"},"schema":{"@context":"https:\/\/schema.org","@graph":[{"@type":"WebPage","@id":"https:\/\/www.welovecycling.com\/cs\/2019\/11\/24\/10-tipu-na-darky-pro-kazdeho-cyklistu-welovecycling-cr\/","url":"https:\/\/www.welovecycling.com\/cs\/2019\/11\/24\/10-tipu-na-darky-pro-kazdeho-cyklistu-welovecycling-cr\/","name":"10 tip\u016f na d\u00e1rky pro ka\u017ed\u00e9ho cyklistu | \u0160koda We Love Cycling - \u010cesk\u00e1 republika","isPartOf":{"@id":"https:\/\/www.welovecycling.com\/cs\/#website"},"primaryImageOfPage":{"@id":"https:\/\/www.welovecycling.com\/cs\/2019\/11\/24\/10-tipu-na-darky-pro-kazdeho-cyklistu-welovecycling-cr\/#primaryimage"},"image":{"@id":"https:\/\/www.welovecycling.com\/cs\/2019\/11\/24\/10-tipu-na-darky-pro-kazdeho-cyklistu-welovecycling-cr\/#primaryimage"},"thumbnailUrl":"https:\/\/d2p6e6u75xmxt8.cloudfront.net\/13\/2019\/11\/cvr2.webp","datePublished":"2019-11-24T08:18:05+00:00","dateModified":"2019-11-25T09:55:46+00:00","author":{"@id":""},"description":"A\u0165 u\u017e m\u00e1te doma silni\u010dn\u00edho cyklistu, z\u00e1vodn\u00edka, dobrodruha, veter\u00e1na, nebo \u00fapln\u00e9ho za\u010d\u00e1te\u010dn\u00edka, v\u00edme, co jim ud\u011bl\u00e1 radost.","inLanguage":"cs","potentialAction":[{"@type":"ReadAction","target":["https:\/\/www.welovecycling.com\/cs\/2019\/11\/24\/10-tipu-na-darky-pro-kazdeho-cyklistu-welovecycling-cr\/"]}]},{"@type":"ImageObject","inLanguage":"cs","@id":"https:\/\/www.welovecycling.com\/cs\/2019\/11\/24\/10-tipu-na-darky-pro-kazdeho-cyklistu-welovecycling-cr\/#primaryimage","url":"https:\/\/d2p6e6u75xmxt8.cloudfront.net\/13\/2019\/11\/cvr2.webp","contentUrl":"https:\/\/d2p6e6u75xmxt8.cloudfront.net\/13\/2019\/11\/cvr2.webp","width":1366,"height":600},{"@type":"WebSite","@id":"https:\/\/www.welovecycling.com\/cs\/#website","url":"https:\/\/www.welovecycling.com\/cs\/","name":"\u0160koda We Love Cycling - \u010cesk\u00e1 republika","description":"WeLoveCycling.cz je online magaz\u00edn, kter\u00fd v\u00e1m pravideln\u011b p\u0159in\u00e1\u0161\u00ed rady a tipy, zaj\u00edmav\u00e9 \u010dl\u00e1nky, videa a jedine\u010dn\u00e9 report\u00e1\u017ee ze sv\u011bta cyklistiky.","potentialAction":[{"@type":"SearchAction","target":{"@type":"EntryPoint","urlTemplate":"https:\/\/www.welovecycling.com\/cs\/?s={search_term_string}"},"query-input":{"@type":"PropertyValueSpecification","valueRequired":true,"valueName":"search_term_string"}}],"inLanguage":"cs"},{"@type":"Person","@id":"","url":"https:\/\/www.welovecycling.com\/cs\/author\/"}]}},"_links":{"self":[{"href":"https:\/\/www.welovecycling.com\/cs\/wp-json\/wp\/v2\/posts\/4767","targetHints":{"allow":["GET"]}}],"collection":[{"href":"https:\/\/www.welovecycling.com\/cs\/wp-json\/wp\/v2\/posts"}],"about":[{"href":"https:\/\/www.welovecycling.com\/cs\/wp-json\/wp\/v2\/types\/post"}],"author":[{"embeddable":true,"href":"https:\/\/www.welovecycling.com\/cs\/wp-json\/wp\/v2\/users\/95"}],"replies":[{"embeddable":true,"href":"https:\/\/www.welovecycling.com\/cs\/wp-json\/wp\/v2\/comments?post=4767"}],"version-history":[{"count":2,"href":"https:\/\/www.welovecycling.com\/cs\/wp-json\/wp\/v2\/posts\/4767\/revisions"}],"predecessor-version":[{"id":4787,"href":"https:\/\/www.welovecycling.com\/cs\/wp-json\/wp\/v2\/posts\/4767\/revisions\/4787"}],"wp:featuredmedia":[{"embeddable":true,"href":"https:\/\/www.welovecycling.com\/cs\/wp-json\/wp\/v2\/media\/4769"}],"wp:attachment":[{"href":"https:\/\/www.welovecycling.com\/cs\/wp-json\/wp\/v2\/media?parent=4767"}],"wp:term":[{"taxonomy":"category","embeddable":true,"href":"https:\/\/www.welovecycling.com\/cs\/wp-json\/wp\/v2\/categories?post=4767"},{"taxonomy":"post_tag","embeddable":true,"href":"https:\/\/www.welovecycling.com\/cs\/wp-json\/wp\/v2\/tags?post=4767"},{"taxonomy":"global-categories","embeddable":true,"href":"https:\/\/www.welovecycling.com\/cs\/wp-json\/wp\/v2\/global-categories?post=4767"}],"curies":[{"name":"wp","href":"https:\/\/api.w.org\/{rel}","templated":true}]}}