{"id":4755,"date":"2019-11-21T16:36:13","date_gmt":"2019-11-21T14:36:13","guid":{"rendered":"https:\/\/www.welovecycling.com\/cs\/?p=4755"},"modified":"2019-11-21T16:36:13","modified_gmt":"2019-11-21T14:36:13","slug":"konig-chtel-koncit-jako-kral-ale-odchazi-bez-fanfar-a-beze-slov-welovecycling-cr","status":"publish","type":"post","link":"https:\/\/www.welovecycling.com\/cs\/2019\/11\/21\/konig-chtel-koncit-jako-kral-ale-odchazi-bez-fanfar-a-beze-slov-welovecycling-cr\/","title":{"rendered":"Leopold K\u00f6nig: cht\u011bl kon\u010dit jako kr\u00e1l, ale odch\u00e1z\u00ed bez fanf\u00e1r a beze slov"},"content":{"rendered":"<p><strong>M\u011bl na\u0161l\u00e1pnuto k\u00a0tomu, aby na n\u011bkter\u00e9 z\u00a0Grand Tour usiloval o um\u00edst\u011bn\u00ed v\u00a0top 3. Na Giru 2015 skon\u010dil ve sv\u00e9 prvn\u00ed sez\u00f3n\u011b v\u00a0dresu gigantu jm\u00e9nem Sky \u0161est\u00fd. A \u010dekalo se, kam a\u017e m\u016f\u017ee jeho hv\u011bzda vystoupat. M\u00edsto toho za\u017eil cyklista <a href=\"https:\/\/www.bora-hansgrohe.com\/en\/rider\/leopold-koenig\/3045988\">Leopold K\u00f6nig<\/a> strm\u00fd p\u00e1d dol\u016f.<\/strong><\/p>\n<p><!--more--><\/p>\n<p>Vy\u00fastil v\u00a0konec kari\u00e9ry bez fanf\u00e1r. Z\u00e1vodn\u00edk, kter\u00fd si u\u017e\u00edval popularitu, se cht\u011bl ur\u010dit\u011b lou\u010dit jako kr\u00e1l \u2013 n\u011bmecky K\u00f6nig. Jen\u017ee sv\u00e9mu p\u0159\u00edjmen\u00ed nedost\u00e1l a s\u00a0korunou na hlav\u011b vinou nejr\u016fzn\u011bj\u0161\u00edch d\u016fvod\u016f ze sc\u00e9ny neodch\u00e1z\u00ed. Kon\u010d\u00ed v\u00a0t\u00fdmu <a href=\"https:\/\/www.bora-hansgrohe.com\/en\">Bora-Hansgrohe<\/a> v\u00a0naprost\u00e9 tichosti, bez jak\u00e9hokoliv ozn\u00e1men\u00ed. Ml\u010d\u00ed on, ml\u010d\u00ed lid\u00e9 kolem n\u011bj.<\/p>\n<p>Cht\u011bli jsme s n\u00edm ud\u011blat rozhovor, jen\u017ee Leo odm\u00edt\u00e1 hovo\u0159it do m\u00e9di\u00ed. Trv\u00e1 to u\u017e v\u00edce ne\u017e rok. Utnul ve\u0161kerou aktivitu na soci\u00e1ln\u00edch s\u00edt\u00edch, kde d\u0159\u00edve s\u00e1zel jeden p\u0159\u00edsp\u011bvek za druh\u00fdm. S\u00a0t\u00fdmem nekomunikuje, roze\u0161li se sp\u00ed\u0161e ve zl\u00e9m, alespo\u0148 podle vyj\u00e1d\u0159en\u00ed dob\u0159e informovan\u00fdch lid\u00ed.<\/p>\n<p>https:\/\/www.instagram.com\/p\/Bf6VD5aHpUO\/<\/p>\n<p>P\u0159esto se v\u00e1m pokus\u00edme p\u0159in\u00e9st p\u0159\u00edb\u011bh smutn\u00e9ho konce Leopolda K\u00f6niga. Nen\u00ed vymy\u0161len\u00fd. Jedn\u00e1 se o informace z\u00a0r\u016fzn\u00fdch zdroj\u016f, kter\u00e9 ov\u0161em a\u017e na v\u00fdjimky musely z\u016fstat v\u00a0anonymit\u011b. To byl n\u00e1\u0161 slib.<\/p>\n<h2><strong>Zdrav\u00ed bylo proti<\/strong><\/h2>\n<p>Za K\u00f6nigov\u00fdm koncem v\u00a0prvn\u00ed \u0159ad\u011b stoj\u00ed zdrav\u00ed. Na start z\u00e1vodu se naposledy postavil 11. b\u0159ezna 2018. V\u00a05. etap\u011b Tirreno\u2013Adriatico skon\u010dil 144. \u00dapln\u011b posledn\u00ed. Su\u017eovaly ho probl\u00e9my s\u00a0koleny i se z\u00e1dy. Jednalo se o vlekl\u00e9 trable.<\/p>\n<p>P\u0159ed sez\u00f3nou 2017 ho s\u00a0velkou pompou ohla\u0161oval t\u00fdm Bora-Hansgrohe. <em>\u201eM\u00e1m jednozna\u010dn\u00fd c\u00edl pro nadch\u00e1zej\u00edc\u00ed t\u0159i roky \u2013 st\u00e1t na p\u00f3diu na Tour. V\u011b\u0159\u00edm, \u017ee takov\u00fd potenci\u00e1l ve mn\u011b je, a t\u00fdm je tady od toho, aby mi pomohl,\u201c<\/em> \u0159ekl K\u00f6nig v\u00a0rozhovoru pro iDNES.cz.<\/p>\n<p>https:\/\/www.instagram.com\/p\/BdaePNBnJoe\/<\/p>\n<p>Ov\u0161em u\u017e v\u00a0dubnu p\u0159ed startem Gira vydal t\u00fdm prohl\u00e1\u0161en\u00ed ke zdravotn\u00edmu stavu \u010desk\u00e9ho l\u00eddra. M\u00e1 probl\u00e9my s\u00a0kolenem a bohu\u017eel nestihne Giro, st\u00e1lo tam ve zkratce. Nebylo divu, do t\u00e9 doby m\u011bl v\u00a0nov\u00e9m dresu na kont\u011b jedin\u00fd z\u00e1vodn\u00ed den.<\/p>\n<p>A v\u00a0podstat\u011b se to sam\u00e9 opakovalo cel\u00e9 t\u0159i roky, na kter\u00e9 m\u011bl podepsan\u00fd kontrakt v\u00a0n\u011bmeck\u00e9m t\u00fdmu. Na konci roku 2017 byl p\u0159esto pln\u00fd optimismu: <em>\u201eLehk\u00e9 to nebylo, ale jsem zp\u00e1tky v\u00a0pln\u00e9 s\u00edle. Do roku 2018 hled\u00edm s\u00a0velk\u00fdm optimismem. R\u00e1d bych jel Giro i Tour.\u201c<\/em> Ov\u0161em z\u016fstalo jen u sn\u016f. V\u00a0dresu Bory nikdy \u017e\u00e1dnou Grand Tour nejel.<\/p>\n<p>\u0160lo to s\u00a0n\u00edm od deseti k\u00a0p\u011bti. Nejezdil z\u00e1vody, netr\u00e9noval, s\u00a0nik\u00fdm z\u00a0t\u00fdmu posledn\u00ed dobou nekomunikoval. Zam\u011bstnanc\u016fm u\u017e na konci roku 2018 \u0159ekli, a\u0165 K\u00f6niga ne\u0159e\u0161\u00ed. \u017de je nad\u00e1le \u010dlenem t\u00fdmu, ale z\u00e1vodit u\u017e ani v\u00a0roce 2019 nebude.<\/p>\n<h2><strong>Ode\u0161el beze slova rozlou\u010den\u00ed<\/strong><\/h2>\n<p>M\u011bl ale tak dob\u0159e postavenou smlouvu, \u017ee ho po\u0159\u00e1d museli platit. V\u00a0jin\u00e9m t\u00fdmu by za takov\u00e9 situace ur\u010dit\u011b do\u0161lo k\u00a0n\u011bjak\u00e9mu vyrovn\u00e1n\u00ed, a konec. Z\u00e1vodn\u00edka by d\u00e1l vedli na soupisce, aby dodr\u017eeli nezbytn\u00e1 pravidla, ale ur\u010dit\u011b by ho neplatili. Jist\u00e9 ov\u0161em je, \u017ee kdy\u017e nez\u00e1vodil, nedost\u00e1val plat v\u00a0pln\u00e9 v\u00fd\u0161i.<\/p>\n<blockquote><p><em>\u201eLeo bohu\u017eel nemohl skoro cel\u00fd rok tr\u00e9novat. Nem\u00e1me \u017e\u00e1dn\u00e9 nov\u00e9 zpr\u00e1vy o jeho zdrav\u00ed. Jeho kontrakt kon\u010d\u00ed a my ho nebudeme prodlu\u017eovat. Pokud pot\u0159ebujete dal\u0161\u00ed informace, spojte se p\u0159\u00edmo s\u00a0Leem.\u201c<\/em><\/p><\/blockquote>\n<p>K\u00f6nig podle kulo\u00e1rn\u00edch informac\u00ed vyd\u011bl\u00e1val ve Sky prvn\u00edm rokem 800 tis\u00edc eur, dal\u0161\u00ed rok to m\u011blo b\u00fdt p\u0159es milion eur. A v\u00a0Bora-Hansgrohe si pr\u00fd nepohor\u0161il. Milion eur a v\u00edce to u\u017e je v\u00a0cyklistick\u00e9m sv\u011bt\u011b plat hodn\u011b dobr\u00e9ho z\u00e1vodn\u00edka.<\/p>\n<p>Jeho odchod z\u00a0n\u011bmeck\u00e9 st\u00e1je nebyl \u00fapln\u011b idylick\u00fd. S\u00a0nik\u00fdm se nerozlou\u010dil a v\u00a0podstat\u011b beze slova zmizel. Probl\u00e9my \u0159e\u0161il po sv\u00e9m jen s\u00a0lidmi, kter\u00fdm pln\u011b d\u016fv\u011b\u0159oval (bylo jich hodn\u011b m\u00e1lo), a uzav\u0159el se do svoj\u00ed bubliny.<\/p>\n<p>Kdy\u017e na\u0161e redakce oslovila p\u0159ed p\u00e1r dny tiskov\u00e9ho mluv\u010d\u00edho t\u00fdmu Bora-Hansgrohe Ralpha Scherzera ohledn\u011b situace Leopolda K\u00f6niga a jeho konce, dostali jsme tuto odpov\u011b\u010f: <em>\u201eLeo bohu\u017eel nemohl skoro cel\u00fd rok tr\u00e9novat. Nem\u00e1me \u017e\u00e1dn\u00e9 nov\u00e9 zpr\u00e1vy o jeho zdrav\u00ed. Jeho kontrakt kon\u010d\u00ed a my ho nebudeme prodlu\u017eovat. Pokud pot\u0159ebujete dal\u0161\u00ed informace, spojte se p\u0159\u00edmo s\u00a0Leem.\u201c<\/em><\/p>\n<p>To jsme cht\u011bli, ale do m\u00e9di\u00ed hovo\u0159it odm\u00edt\u00e1, na\u0161i \u017e\u00e1dost o vyj\u00e1d\u0159en\u00ed s\u00a0pod\u011bkov\u00e1n\u00edm odm\u00edtl.<\/p>\n<figure id=\"attachment_4760\" aria-describedby=\"caption-attachment-4760\" style=\"width: 1024px\" class=\"wp-caption alignnone\"><a href=\"https:\/\/d2p6e6u75xmxt8.cloudfront.net\/13\/2019\/11\/profimedia-0200769597-1.jpg\"><img loading=\"lazy\" decoding=\"async\" class=\"size-large wp-image-4760\" src=\"https:\/\/d2p6e6u75xmxt8.cloudfront.net\/13\/2019\/11\/profimedia-0200769597-1-1024x393.jpg\" alt=\"\" width=\"1024\" height=\"393\" \/><\/a><figcaption id=\"caption-attachment-4760\" class=\"wp-caption-text\">Moravsk\u00e1 T\u0159ebov\u00e1 6.8.2014 Leopold K\u00f6nig N\u011bkolik stovek lid\u00ed p\u0159i\u0161lo na n\u00e1m\u011bst\u00ed pozdravit rod\u00e1ka Leopolda K\u00f6niga, kter\u00fd byl v roce 2014 sedm\u00fd na Tour de France. Foto: Michal Kl\u00edma \/ MFDNES + LN \/ Profimedia<\/figcaption><\/figure>\n<p>D\u016fvody zn\u00e1 asi jen K\u00f6nig s\u00e1m. Podle lid\u00ed, kte\u0159\u00ed ho znaj\u00ed, takov\u00fd konec neunesl. Cht\u011bl se vid\u011bt mezi nejlep\u0161\u00edmi na p\u00f3diu na Tour de France, u\u017e\u00edvat si \u017eivot celebrity, b\u00fdt hv\u011bzdou soci\u00e1ln\u00edch s\u00edt\u00ed, ovliv\u0148ovat sv\u00fdmi n\u00e1zory spole\u010dnost.<\/p>\n<p><em>\u201eJeho probl\u00e9m byl hlavn\u011b v\u00a0tom, \u017ee se r\u00e1d spol\u00e9hal na svou hlavu a \u010dasto se obklopil \u0161patn\u00fdmi lidmi, kter\u00fdm v\u011b\u0159il jen on s\u00e1m. A tak to bylo i b\u011bhem jeho zdravotn\u00edch probl\u00e9m\u016f. \u0158e\u0161il je po\u0159\u00e1d se stejn\u00fdmi lidmi a necht\u011bl p\u0159istoupit na n\u011bjak\u00e9 zm\u011bny. P\u0159itom bylo jasn\u00e9, \u017ee tudy cesta nevede,\u201c<\/em> \u0159\u00edk\u00e1 jeden z\u00a0lid\u00ed, kte\u0159\u00ed K\u00f6niga z\u00a0cyklistick\u00e9ho prost\u0159ed\u00ed dob\u0159e znaj\u00ed.<\/p>\n<h2><strong>Poprali se s kapit\u00e1nem<\/strong><\/h2>\n<p>Jako z\u00e1vodn\u00edk b\u00fdval dost velk\u00fd s\u00f3lista. A\u0165 u\u017e b\u011bhem p\u016fsoben\u00ed v\u00a0tehdej\u0161\u00edm \u010desk\u00e9m t\u00fdmu PSK Whirlpool-Author, nebo pak i v\u00a0zahrani\u010d\u00ed. Kdy\u017e nemusel, nepomohl. Jeden p\u0159\u00edklad hovo\u0159\u00ed za v\u0161echno. Kdy\u017e je\u0161t\u011b p\u016fsobil v Hradci, nejel na z\u00e1vodech v\u00a0\u010c\u00edn\u011b t\u00fdmov\u011b a tehdej\u0161\u00ed kapit\u00e1n mu na leti\u0161ti p\u0159ed cestou dom\u016f \u0159ekl, \u017ee z\u00a0pr\u00e9mi\u00ed, kter\u00e9 si tam z\u00e1vodn\u00edci vyd\u011blali (nebylo to \u00fapln\u011b m\u00e1lo), neuvid\u00ed nic. Je\u0161t\u011b na leti\u0161ti se oba poprali, K\u00f6nig to neunesl&#8230;<\/p>\n<p>Ano, l\u00edd\u0159i, j\u00edm\u017e se Leo postupem \u010dasu stal, jsou \u010dasto velc\u00ed individualist\u00e9 a maj\u00ed privilegia, \u017ee nemus\u00ed zdaleka tolik pom\u00e1hat ostatn\u00edm. Ale v\u00a0z\u00e1vodech, kde jim o nic nejde a berou je jen jako p\u0159\u00edpravu, se ani nejv\u011bt\u0161\u00ed hv\u011bzdy mnohdy neost\u00fdchaj\u00ed vyjet na \u0161pici a jet tempo koleg\u016fm, kte\u0159\u00ed v\u00a0dan\u00e9m z\u00e1vod\u011b usiluj\u00ed o v\u00fdsledek.<\/p>\n<p><em>\u201eTohle p\u0159\u00edpad Lea nebyl. Kdy\u017e mu ne\u0161lo o v\u00fdsledek, nejrad\u0161i jezdil schovan\u00fd na konci pelotonu. Jen\u017ee se to pak \u010dasto obr\u00e1tilo proti n\u011bmu. Kdy\u017e ostatn\u00ed kluci vid\u00ed, \u017ee jim l\u00eddr ob\u010das pom\u016f\u017ee, r\u00e1di mu to pak mnohon\u00e1sobn\u011b vr\u00e1t\u00ed. Ale Leo na tohle nikdy moc nebyl,\u201c<\/em> p\u0159id\u00e1v\u00e1 jeden z\u00a0jeho b\u00fdval\u00fdch koleg\u016f<em>. \u201eByl to chytr\u00fd z\u00e1vodn\u00edk, ale taky stra\u0161n\u011b vy\u010d\u016fran\u00fd. T\u00edm si d\u011blal spoustu nep\u0159\u00e1tel.\u201c<\/em><\/p>\n<p>Nikdy mu nechyb\u011blo sebev\u011bdom\u00ed. Nesly\u0161eli jste od n\u011bj, \u017ee bude spokojen s\u00a0um\u00edst\u011bn\u00edm v\u00a0top 10. V\u017edycky byl maximalista. V\u011b\u0159il, \u017ee m\u016f\u017ee proh\u00e1n\u011bt Frooma, Nibaliho nebo Quintanu a bojovat o nejvy\u0161\u0161\u00ed p\u0159\u00ed\u010dky na Grand Tours.<\/p>\n<h2><strong>U\u017e\u00edval si \u017eivot na v\u00fdslun\u00ed<\/strong><\/h2>\n<p>Kdy\u017e byl na vrcholu, u\u017e\u00edval si popularitu. L\u00edbil se mu \u017eivot v\u00a0Monaku, kde si po\u0159\u00eddil apartm\u00e1n. \u017dije tam \u0159ada cyklist\u016f \u2013 kv\u016fli skv\u011bl\u00e9mu po\u010das\u00ed na tr\u00e9nink a ur\u010dit\u011b tak\u00e9 kv\u016fli dan\u00edm. R\u00e1d ventiloval sv\u00e9 n\u00e1zory na soci\u00e1ln\u00edch s\u00edt\u00edch, kde byl nesm\u00edrn\u011b aktivn\u00ed.<\/p>\n<blockquote><p><em>\u201eTo, co se mu stalo, je nep\u0159\u00edjemn\u00e9. Zradilo ho zdrav\u00ed, jinak asi mohl b\u00fdt n\u011bkde jinde. Ale ve fin\u00e1le ho zradila i hlava. Neust\u00e1l to psychicky.\u201c<\/em><\/p><\/blockquote>\n<p>Jen na sv\u00e9 fanou\u0161kovsk\u00e9 str\u00e1nce na facebooku m\u00e1 skoro 20 tis\u00edc sleduj\u00edc\u00edch. Je\u0161t\u011b o 6,5 tis\u00edce v\u00edce m\u00e1 follower\u016f na instagramu. Jako inteligentn\u00ed \u010dlov\u011bk se r\u00e1d pou\u0161t\u011bl i do t\u00e9mat p\u0159esahuj\u00edc\u00edch cyklistiku a sport jako takov\u00fd.<\/p>\n<p>Komentoval uprchlickou krizi, vl\u00e1du, ekonomiku, ve\u0159ejn\u011b podporoval v\u00a0kandidatu\u0159e na prezidenta Michala Hor\u00e1\u010dka, vyz\u00fdval n\u00e1rod, aby \u0161el volit. I to mu ud\u011blalo spoustu nep\u0159\u00e1tel. <em>\u201eV\u011bnuj se kolu a ne\u0159e\u0161 politiku,\u201c<\/em> psali mu n\u011bkte\u0159\u00ed fanou\u0161ci.<\/p>\n<p>Na facebooku i na instagramu m\u00e1 posledn\u00ed p\u0159\u00edsp\u011bvek z\u00a0b\u0159ezna 2018. Zcela se odml\u010del. <em>\u201eTo, co se mu stalo, je nep\u0159\u00edjemn\u00e9. Zradilo ho zdrav\u00ed, jinak asi mohl b\u00fdt n\u011bkde jinde. Ale ve fin\u00e1le ho zradila i hlava. Neust\u00e1l to psychicky,\u201c<\/em> mysl\u00ed si jeden z\u00a0b\u00fdval\u00fdch z\u00e1vodn\u00edk\u016f.<\/p>\n<p><em>\u201eI kdy\u017e byl zdrav\u00fd, mo\u017en\u00e1 mohl m\u00edt ty v\u00fdsledky je\u0161t\u011b lep\u0161\u00ed. V\u00fdkonnost m\u011bl dobrou, ale limitem \u010dasto byla pr\u00e1v\u011b hlava. Navenek se tv\u00e1\u0159il, jak je ment\u00e1ln\u011b siln\u00fd, ale realita byla mnohdy trochu jin\u00e1,\u201c<\/em> p\u0159id\u00e1v\u00e1 dal\u0161\u00ed z\u00a0jeho b\u00fdval\u00fdch st\u00e1jov\u00fdch koleg\u016f.<\/p>\n<p>Stoprocentn\u00ed pravdu zn\u00e1 asi jenom Leopold K\u00f6nig. Mo\u017en\u00e1 si ji nech\u00e1 pro sebe, mo\u017en\u00e1 se \u010dasem n\u011bkomu sv\u011b\u0159\u00ed. Zda u cyklistiky z\u016fstane, nap\u0159\u00edklad jako ambasador z\u00e1vod\u016f Czech Cycling Tour, jak prav\u00ed jeden z\u00a0na\u0161ich zdroj\u016f, nebo se vyd\u00e1 jinou cestou, je v\u00a0tuto chv\u00edli ve hv\u011bzd\u00e1ch.<\/p>\n<p>https:\/\/www.instagram.com\/p\/6bzVZCLaIQ\/<\/p>\n<p>A\u0165 je to, jak chce, odch\u00e1z\u00ed ze sc\u00e9ny jeden z\u00a0nejlep\u0161\u00edch \u010desk\u00fdch cyklist\u016f posledn\u00edch let. Mu\u017e, kter\u00fd snil o p\u00f3diu na Tour de France, kon\u010d\u00ed tak trochu v\u00a0zapomn\u011bn\u00ed. Bez fanf\u00e1r, jak to on s\u00e1m ur\u010dit\u011b necht\u011bl. Nav\u00edc u\u017e kr\u00e1tce po 32. narozenin\u00e1ch, kter\u00e9 p\u0159ed p\u00e1r dny oslavil.<\/p>\n","protected":false},"excerpt":{"rendered":"<p>M\u011bl na\u0161l\u00e1pnuto k\u00a0tomu, aby na n\u011bkter\u00e9 z\u00a0Grand Tour usiloval o um\u00edst\u011bn\u00ed v\u00a0top 3. Na Giru 2015 skon\u010dil ve sv\u00e9 prvn\u00ed [&hellip;]<\/p>\n","protected":false},"author":95,"featured_media":4763,"comment_status":"open","ping_status":"open","sticky":false,"template":"","format":"standard","meta":{"footnotes":""},"categories":[10],"tags":[645,304,551],"global-categories":[411],"class_list":["post-4755","post","type-post","status-publish","format-standard","has-post-thumbnail","hentry","category-silnicni-cyklistika","tag-bora-hansgrohe","tag-leopold-konig","tag-profesionalni-cyklistika","global-categories-cycling"],"yoast_head":"<!-- This site is optimized with the Yoast SEO Premium plugin v25.3 (Yoast SEO v25.9) - https:\/\/yoast.com\/wordpress\/plugins\/seo\/ -->\n<title>Leopold K\u00f6nig: cht\u011bl kon\u010dit jako kr\u00e1l, ale odch\u00e1z\u00ed bez fanf\u00e1r a beze slov | \u0160koda We Love Cycling - \u010cesk\u00e1 republika<\/title>\n<meta name=\"description\" content=\"M\u011bl na\u0161l\u00e1pnuto k velk\u00fdm v\u00fdsledk\u016fm. \u010cekalo se, kam a\u017e m\u016f\u017ee jeho hv\u011bzda vystoupat. M\u00edsto toho za\u017eil cyklista Leopold K\u00f6nig strm\u00fd p\u00e1d dol\u016f.\" \/>\n<meta name=\"robots\" content=\"index, follow, max-snippet:-1, max-image-preview:large, max-video-preview:-1\" \/>\n<link rel=\"canonical\" href=\"https:\/\/www.welovecycling.com\/cs\/2019\/11\/21\/konig-chtel-koncit-jako-kral-ale-odchazi-bez-fanfar-a-beze-slov-welovecycling-cr\/\" \/>\n<meta property=\"og:locale\" content=\"cs_CZ\" \/>\n<meta property=\"og:type\" content=\"article\" \/>\n<meta property=\"og:title\" content=\"Leopold K\u00f6nig: cht\u011bl kon\u010dit jako kr\u00e1l, ale odch\u00e1z\u00ed bez fanf\u00e1r a beze slov\" \/>\n<meta property=\"og:description\" content=\"M\u011bl na\u0161l\u00e1pnuto k velk\u00fdm v\u00fdsledk\u016fm. \u010cekalo se, kam a\u017e m\u016f\u017ee jeho hv\u011bzda vystoupat. M\u00edsto toho za\u017eil cyklista Leopold K\u00f6nig strm\u00fd p\u00e1d dol\u016f.\" \/>\n<meta property=\"og:url\" content=\"https:\/\/www.welovecycling.com\/cs\/2019\/11\/21\/konig-chtel-koncit-jako-kral-ale-odchazi-bez-fanfar-a-beze-slov-welovecycling-cr\/\" \/>\n<meta property=\"og:site_name\" content=\"\u0160koda We Love Cycling - \u010cesk\u00e1 republika\" \/>\n<meta property=\"article:published_time\" content=\"2019-11-21T14:36:13+00:00\" \/>\n<meta property=\"og:image\" content=\"https:\/\/d2p6e6u75xmxt8.cloudfront.net\/13\/2019\/11\/profimedia-0200769635-1.webp\" \/>\n\t<meta property=\"og:image:width\" content=\"1800\" \/>\n\t<meta property=\"og:image:height\" content=\"1038\" \/>\n\t<meta property=\"og:image:type\" content=\"image\/webp\" \/>\n<meta name=\"twitter:card\" content=\"summary_large_image\" \/>\n<meta name=\"twitter:label1\" content=\"Written by\" \/>\n\t<meta name=\"twitter:data1\" content=\"We Love Cycling \u010cR\" \/>\n\t<meta name=\"twitter:label2\" content=\"Est. reading time\" \/>\n\t<meta name=\"twitter:data2\" content=\"7\" \/>\n<script type=\"application\/ld+json\" class=\"yoast-schema-graph\">{\"@context\":\"https:\/\/schema.org\",\"@graph\":[{\"@type\":\"WebPage\",\"@id\":\"https:\/\/www.welovecycling.com\/cs\/2019\/11\/21\/konig-chtel-koncit-jako-kral-ale-odchazi-bez-fanfar-a-beze-slov-welovecycling-cr\/\",\"url\":\"https:\/\/www.welovecycling.com\/cs\/2019\/11\/21\/konig-chtel-koncit-jako-kral-ale-odchazi-bez-fanfar-a-beze-slov-welovecycling-cr\/\",\"name\":\"Leopold K\u00f6nig: cht\u011bl kon\u010dit jako kr\u00e1l, ale odch\u00e1z\u00ed bez fanf\u00e1r a beze slov | \u0160koda We Love Cycling - \u010cesk\u00e1 republika\",\"isPartOf\":{\"@id\":\"https:\/\/www.welovecycling.com\/cs\/#website\"},\"primaryImageOfPage\":{\"@id\":\"https:\/\/www.welovecycling.com\/cs\/2019\/11\/21\/konig-chtel-koncit-jako-kral-ale-odchazi-bez-fanfar-a-beze-slov-welovecycling-cr\/#primaryimage\"},\"image\":{\"@id\":\"https:\/\/www.welovecycling.com\/cs\/2019\/11\/21\/konig-chtel-koncit-jako-kral-ale-odchazi-bez-fanfar-a-beze-slov-welovecycling-cr\/#primaryimage\"},\"thumbnailUrl\":\"https:\/\/d2p6e6u75xmxt8.cloudfront.net\/13\/2019\/11\/profimedia-0200769635-1.webp\",\"datePublished\":\"2019-11-21T14:36:13+00:00\",\"author\":{\"@id\":\"\"},\"description\":\"M\u011bl na\u0161l\u00e1pnuto k velk\u00fdm v\u00fdsledk\u016fm. \u010cekalo se, kam a\u017e m\u016f\u017ee jeho hv\u011bzda vystoupat. M\u00edsto toho za\u017eil cyklista Leopold K\u00f6nig strm\u00fd p\u00e1d dol\u016f.\",\"inLanguage\":\"cs\",\"potentialAction\":[{\"@type\":\"ReadAction\",\"target\":[\"https:\/\/www.welovecycling.com\/cs\/2019\/11\/21\/konig-chtel-koncit-jako-kral-ale-odchazi-bez-fanfar-a-beze-slov-welovecycling-cr\/\"]}]},{\"@type\":\"ImageObject\",\"inLanguage\":\"cs\",\"@id\":\"https:\/\/www.welovecycling.com\/cs\/2019\/11\/21\/konig-chtel-koncit-jako-kral-ale-odchazi-bez-fanfar-a-beze-slov-welovecycling-cr\/#primaryimage\",\"url\":\"https:\/\/d2p6e6u75xmxt8.cloudfront.net\/13\/2019\/11\/profimedia-0200769635-1.webp\",\"contentUrl\":\"https:\/\/d2p6e6u75xmxt8.cloudfront.net\/13\/2019\/11\/profimedia-0200769635-1.webp\",\"width\":1800,\"height\":1038,\"caption\":\"Moravsk\u00e1 T\u0159ebov\u00e1 6.8.2014 Leopold K\u00f6nig N\u011bkolik stovek lid\u00ed p\u0159i\u0161lo na n\u00e1m\u011bst\u00ed pozdravit rod\u00e1ka Leopolda K\u00f6niga, kter\u00fd byl sedm\u00fd na Tour de France, Image: 200769635, License: Rights-managed, Restrictions: P\u0159i pou\u017eit\u00ed tohoto sn\u00edmku povinnost uv\u00e9st kredit ve form\u011b: Michal Kl\u00edma \/ MAFRA \/ Profimedia, Model Release: no, Credit line: Michal Kl\u00edma \/ MFDNES + LN \/ Profimedia\"},{\"@type\":\"WebSite\",\"@id\":\"https:\/\/www.welovecycling.com\/cs\/#website\",\"url\":\"https:\/\/www.welovecycling.com\/cs\/\",\"name\":\"\u0160koda We Love Cycling - \u010cesk\u00e1 republika\",\"description\":\"WeLoveCycling.cz je online magaz\u00edn, kter\u00fd v\u00e1m pravideln\u011b p\u0159in\u00e1\u0161\u00ed rady a tipy, zaj\u00edmav\u00e9 \u010dl\u00e1nky, videa a jedine\u010dn\u00e9 report\u00e1\u017ee ze sv\u011bta cyklistiky.\",\"potentialAction\":[{\"@type\":\"SearchAction\",\"target\":{\"@type\":\"EntryPoint\",\"urlTemplate\":\"https:\/\/www.welovecycling.com\/cs\/?s={search_term_string}\"},\"query-input\":{\"@type\":\"PropertyValueSpecification\",\"valueRequired\":true,\"valueName\":\"search_term_string\"}}],\"inLanguage\":\"cs\"},{\"@type\":\"Person\",\"@id\":\"\",\"url\":\"https:\/\/www.welovecycling.com\/cs\/author\/\"}]}<\/script>\n<!-- \/ Yoast SEO Premium plugin. -->","yoast_head_json":{"title":"Leopold K\u00f6nig: cht\u011bl kon\u010dit jako kr\u00e1l, ale odch\u00e1z\u00ed bez fanf\u00e1r a beze slov | \u0160koda We Love Cycling - \u010cesk\u00e1 republika","description":"M\u011bl na\u0161l\u00e1pnuto k velk\u00fdm v\u00fdsledk\u016fm. \u010cekalo se, kam a\u017e m\u016f\u017ee jeho hv\u011bzda vystoupat. M\u00edsto toho za\u017eil cyklista Leopold K\u00f6nig strm\u00fd p\u00e1d dol\u016f.","robots":{"index":"index","follow":"follow","max-snippet":"max-snippet:-1","max-image-preview":"max-image-preview:large","max-video-preview":"max-video-preview:-1"},"canonical":"https:\/\/www.welovecycling.com\/cs\/2019\/11\/21\/konig-chtel-koncit-jako-kral-ale-odchazi-bez-fanfar-a-beze-slov-welovecycling-cr\/","og_locale":"cs_CZ","og_type":"article","og_title":"Leopold K\u00f6nig: cht\u011bl kon\u010dit jako kr\u00e1l, ale odch\u00e1z\u00ed bez fanf\u00e1r a beze slov","og_description":"M\u011bl na\u0161l\u00e1pnuto k velk\u00fdm v\u00fdsledk\u016fm. \u010cekalo se, kam a\u017e m\u016f\u017ee jeho hv\u011bzda vystoupat. M\u00edsto toho za\u017eil cyklista Leopold K\u00f6nig strm\u00fd p\u00e1d dol\u016f.","og_url":"https:\/\/www.welovecycling.com\/cs\/2019\/11\/21\/konig-chtel-koncit-jako-kral-ale-odchazi-bez-fanfar-a-beze-slov-welovecycling-cr\/","og_site_name":"\u0160koda We Love Cycling - \u010cesk\u00e1 republika","article_published_time":"2019-11-21T14:36:13+00:00","og_image":[{"width":1800,"height":1038,"url":"https:\/\/d2p6e6u75xmxt8.cloudfront.net\/13\/2019\/11\/profimedia-0200769635-1.webp","type":"image\/webp"}],"twitter_card":"summary_large_image","twitter_misc":{"Written by":"We Love Cycling \u010cR","Est. reading time":"7"},"schema":{"@context":"https:\/\/schema.org","@graph":[{"@type":"WebPage","@id":"https:\/\/www.welovecycling.com\/cs\/2019\/11\/21\/konig-chtel-koncit-jako-kral-ale-odchazi-bez-fanfar-a-beze-slov-welovecycling-cr\/","url":"https:\/\/www.welovecycling.com\/cs\/2019\/11\/21\/konig-chtel-koncit-jako-kral-ale-odchazi-bez-fanfar-a-beze-slov-welovecycling-cr\/","name":"Leopold K\u00f6nig: cht\u011bl kon\u010dit jako kr\u00e1l, ale odch\u00e1z\u00ed bez fanf\u00e1r a beze slov | \u0160koda We Love Cycling - \u010cesk\u00e1 republika","isPartOf":{"@id":"https:\/\/www.welovecycling.com\/cs\/#website"},"primaryImageOfPage":{"@id":"https:\/\/www.welovecycling.com\/cs\/2019\/11\/21\/konig-chtel-koncit-jako-kral-ale-odchazi-bez-fanfar-a-beze-slov-welovecycling-cr\/#primaryimage"},"image":{"@id":"https:\/\/www.welovecycling.com\/cs\/2019\/11\/21\/konig-chtel-koncit-jako-kral-ale-odchazi-bez-fanfar-a-beze-slov-welovecycling-cr\/#primaryimage"},"thumbnailUrl":"https:\/\/d2p6e6u75xmxt8.cloudfront.net\/13\/2019\/11\/profimedia-0200769635-1.webp","datePublished":"2019-11-21T14:36:13+00:00","author":{"@id":""},"description":"M\u011bl na\u0161l\u00e1pnuto k velk\u00fdm v\u00fdsledk\u016fm. \u010cekalo se, kam a\u017e m\u016f\u017ee jeho hv\u011bzda vystoupat. M\u00edsto toho za\u017eil cyklista Leopold K\u00f6nig strm\u00fd p\u00e1d dol\u016f.","inLanguage":"cs","potentialAction":[{"@type":"ReadAction","target":["https:\/\/www.welovecycling.com\/cs\/2019\/11\/21\/konig-chtel-koncit-jako-kral-ale-odchazi-bez-fanfar-a-beze-slov-welovecycling-cr\/"]}]},{"@type":"ImageObject","inLanguage":"cs","@id":"https:\/\/www.welovecycling.com\/cs\/2019\/11\/21\/konig-chtel-koncit-jako-kral-ale-odchazi-bez-fanfar-a-beze-slov-welovecycling-cr\/#primaryimage","url":"https:\/\/d2p6e6u75xmxt8.cloudfront.net\/13\/2019\/11\/profimedia-0200769635-1.webp","contentUrl":"https:\/\/d2p6e6u75xmxt8.cloudfront.net\/13\/2019\/11\/profimedia-0200769635-1.webp","width":1800,"height":1038,"caption":"Moravsk\u00e1 T\u0159ebov\u00e1 6.8.2014 Leopold K\u00f6nig N\u011bkolik stovek lid\u00ed p\u0159i\u0161lo na n\u00e1m\u011bst\u00ed pozdravit rod\u00e1ka Leopolda K\u00f6niga, kter\u00fd byl sedm\u00fd na Tour de France, Image: 200769635, License: Rights-managed, Restrictions: P\u0159i pou\u017eit\u00ed tohoto sn\u00edmku povinnost uv\u00e9st kredit ve form\u011b: Michal Kl\u00edma \/ MAFRA \/ Profimedia, Model Release: no, Credit line: Michal Kl\u00edma \/ MFDNES + LN \/ Profimedia"},{"@type":"WebSite","@id":"https:\/\/www.welovecycling.com\/cs\/#website","url":"https:\/\/www.welovecycling.com\/cs\/","name":"\u0160koda We Love Cycling - \u010cesk\u00e1 republika","description":"WeLoveCycling.cz je online magaz\u00edn, kter\u00fd v\u00e1m pravideln\u011b p\u0159in\u00e1\u0161\u00ed rady a tipy, zaj\u00edmav\u00e9 \u010dl\u00e1nky, videa a jedine\u010dn\u00e9 report\u00e1\u017ee ze sv\u011bta cyklistiky.","potentialAction":[{"@type":"SearchAction","target":{"@type":"EntryPoint","urlTemplate":"https:\/\/www.welovecycling.com\/cs\/?s={search_term_string}"},"query-input":{"@type":"PropertyValueSpecification","valueRequired":true,"valueName":"search_term_string"}}],"inLanguage":"cs"},{"@type":"Person","@id":"","url":"https:\/\/www.welovecycling.com\/cs\/author\/"}]}},"_links":{"self":[{"href":"https:\/\/www.welovecycling.com\/cs\/wp-json\/wp\/v2\/posts\/4755","targetHints":{"allow":["GET"]}}],"collection":[{"href":"https:\/\/www.welovecycling.com\/cs\/wp-json\/wp\/v2\/posts"}],"about":[{"href":"https:\/\/www.welovecycling.com\/cs\/wp-json\/wp\/v2\/types\/post"}],"author":[{"embeddable":true,"href":"https:\/\/www.welovecycling.com\/cs\/wp-json\/wp\/v2\/users\/95"}],"replies":[{"embeddable":true,"href":"https:\/\/www.welovecycling.com\/cs\/wp-json\/wp\/v2\/comments?post=4755"}],"version-history":[{"count":2,"href":"https:\/\/www.welovecycling.com\/cs\/wp-json\/wp\/v2\/posts\/4755\/revisions"}],"predecessor-version":[{"id":4766,"href":"https:\/\/www.welovecycling.com\/cs\/wp-json\/wp\/v2\/posts\/4755\/revisions\/4766"}],"wp:featuredmedia":[{"embeddable":true,"href":"https:\/\/www.welovecycling.com\/cs\/wp-json\/wp\/v2\/media\/4763"}],"wp:attachment":[{"href":"https:\/\/www.welovecycling.com\/cs\/wp-json\/wp\/v2\/media?parent=4755"}],"wp:term":[{"taxonomy":"category","embeddable":true,"href":"https:\/\/www.welovecycling.com\/cs\/wp-json\/wp\/v2\/categories?post=4755"},{"taxonomy":"post_tag","embeddable":true,"href":"https:\/\/www.welovecycling.com\/cs\/wp-json\/wp\/v2\/tags?post=4755"},{"taxonomy":"global-categories","embeddable":true,"href":"https:\/\/www.welovecycling.com\/cs\/wp-json\/wp\/v2\/global-categories?post=4755"}],"curies":[{"name":"wp","href":"https:\/\/api.w.org\/{rel}","templated":true}]}}