{"id":4746,"date":"2019-11-20T12:43:42","date_gmt":"2019-11-20T10:43:42","guid":{"rendered":"https:\/\/www.welovecycling.com\/cs\/?p=4746"},"modified":"2019-11-20T12:43:42","modified_gmt":"2019-11-20T10:43:42","slug":"kola-ve-valce-welovecycling-cr","status":"publish","type":"post","link":"https:\/\/www.welovecycling.com\/cs\/2019\/11\/20\/kola-ve-valce-welovecycling-cr\/","title":{"rendered":"Kola ve v\u00e1lce"},"content":{"rendered":"<p><strong>Ve v\u00e1lce ani v\u00a0l\u00e1sce neplat\u00ed \u017e\u00e1dn\u00e1 pravidla. Nen\u00ed tak p\u0159ekvapen\u00edm, \u017ee netrvalo dlouho, aby se kola objevila v\u00a0ozbrojen\u00e9m konfliktu. Prvn\u00ed takov\u00e9 vyu\u017eit\u00ed se datuje ke konci 19. stolet\u00ed, kdy kola vyu\u017e\u00edvali posl\u00ed\u010dci se zpr\u00e1vami a zv\u011bdov\u00e9, kte\u0159\u00ed se d\u00edku kolu pohybovali rychleji ne\u017e p\u011b\u0161\u00e1ci. Nezbytnou byla hust\u00e1 s\u00ed\u0165 cest, ale ta v\u00a0Evrop\u011b byla.<\/strong><!--more--><\/p>\n<p>V\u00a0roce 1886 zalo\u017eila francouzsk\u00e1 arm\u00e1da n\u011bkolik jednotek, kter\u00e9 pou\u017e\u00edvaly skl\u00e1dac\u00ed kola. Skl\u00e1dac\u00ed kolo si toti\u017e voj\u00e1ci mohli p\u0159ehodit p\u0159es rameno a p\u0159ekonat tak i nesj\u00edzdn\u00fd ter\u00e9n. S\u00a0p\u0159\u00edchodem 19. stolet\u00ed m\u011bl ka\u017ed\u00fd francouzsk\u00fd pluk sv\u00e9 odd\u011blen\u00ed cyklist\u016f, kte\u0159\u00ed byli krom\u011b v\u00fdzv\u011bdn\u00fdch a p\u0159evozn\u00edch d\u016fvod\u016f vyu\u017e\u00edv\u00e1ni i pro boj s\u00a0nep\u0159\u00edtelem. Brzy tyto jednotky nahradily kavalerii, proto\u017ee kola jsou levn\u011bj\u0161\u00ed, nepot\u0159ebuj\u00ed speci\u00e1ln\u00ed tr\u00e9nink a ani ne\u0159ehtaj\u00ed, kdy\u017e maj\u00ed hlad.<\/p>\n<figure id=\"attachment_4747\" aria-describedby=\"caption-attachment-4747\" style=\"width: 1250px\" class=\"wp-caption alignnone\"><a href=\"https:\/\/d2p6e6u75xmxt8.cloudfront.net\/13\/2019\/11\/Military-Bicycles-profimedia-0278167216.jpg\"><img loading=\"lazy\" decoding=\"async\" class=\"size-full wp-image-4747\" src=\"https:\/\/d2p6e6u75xmxt8.cloudfront.net\/13\/2019\/11\/Military-Bicycles-profimedia-0278167216.jpg\" alt=\"\" width=\"1250\" height=\"774\" \/><\/a><figcaption id=\"caption-attachment-4747\" class=\"wp-caption-text\">\u00a9\u00a0akg-images \/ AKG \/ Profimedia<\/figcaption><\/figure>\n<p>P\u0159ed prvn\u00ed sv\u011btovou v\u00e1lkou byla kola pou\u017e\u00edv\u00e1na britskou, francouzskou, italskou, belgickou i ruskou arm\u00e1dou. Prvn\u00ed zn\u00e1m\u00e9 u\u017eit\u00ed kol v\u00a0boji se uskute\u010dnilo b\u011bhem pokusu svrhnout Krugerovu vl\u00e1du v\u00a0Jihoafrick\u00e9 republice b\u011bhem tzv. Jameson Raid v\u00a0roce 1895. Leander Starr Jameson vedl 480 p\u0159\u00edslu\u0161n\u00edk\u016f jihoafricko-britsk\u00e9 policie, v n\u00ed\u017e byli cyklist\u00e9 vyu\u017eiti jako posl\u00ed\u010dci zpr\u00e1v. Jako posl\u00ed\u010dci a zv\u011bdi byli cyklist\u00e9 vyu\u017eiti tak\u00e9 v\u00a0druh\u00e9 b\u00farsk\u00e9 v\u00e1lce (1899\u20131902). Byla vedena o \u00fazem\u00ed s\u00a0\u010detn\u00fdmi nalezi\u0161ti zlata a diamant\u016f v\u00a0bl\u00edzkosti dne\u0161n\u00edho Johannesburgu mezi Britsk\u00fdm imp\u00e9riem, kter\u00e9 m\u011blo z\u00e1lusk na drah\u00e9 kovy, a nizozemsk\u00fdmi koloniz\u00e1tory, kte\u0159\u00ed \u00fazem\u00ed u\u017e d\u0159\u00edve kolonizovali a zalo\u017eili dv\u011b republiky. Ale jednotky na kolech obou v\u00e1l\u010d\u00edc\u00edch stran byly nakonec vyu\u017eity i k\u00a0boji. Britsk\u00fd velitel Lord Roberts prohl\u00e1sil o nizozemsk\u00fdch pr\u016fzkumn\u00fdch sborech B\u00fara Therona, \u017ee jsou \u201enejv\u011bt\u0161\u00edm trnem v\u00a0pat\u011b britsk\u00e9ho postupu\u201c.<\/p>\n<p>V\u00a0prvn\u00ed sv\u011btov\u00e9 v\u00e1lce v\u0161echny arm\u00e1dy pou\u017e\u00edvaly cyklistick\u00e9 odd\u00edly jako zv\u011bdy, posl\u00ed\u010dky a mediky. N\u011bmeck\u00e9 prapory lehk\u00e9 p\u011bchoty <em>J\u00e4ger<\/em> byly doprov\u00e1zeny rotami cyklist\u016f na za\u010d\u00e1tku v\u00e1lky. Uk\u00e1zaly se v\u0161ak natolik \u00fa\u010dinnou slo\u017ekou, \u017ee byly vytv\u00e1\u0159eny v\u00a0pr\u016fb\u011bhu cel\u00e9 v\u00e1lky. Nakonec vzniklo i n\u011bkolik cyklistick\u00fdch prapor\u016f. Britsk\u00e1 arm\u00e1da vytvo\u0159ila dv\u011b divize, 1. a 2. cyklistickou divizi, slo\u017eenou z\u00a0rot cyklist\u016f a p\u016fvodn\u00ed kavalerie.<\/p>\n<figure id=\"attachment_4748\" aria-describedby=\"caption-attachment-4748\" style=\"width: 1250px\" class=\"wp-caption alignnone\"><a href=\"https:\/\/d2p6e6u75xmxt8.cloudfront.net\/13\/2019\/11\/Japan-Military-Bicycles-profimedia-0279328230.jpg\"><img loading=\"lazy\" decoding=\"async\" class=\"size-full wp-image-4748\" src=\"https:\/\/d2p6e6u75xmxt8.cloudfront.net\/13\/2019\/11\/Japan-Military-Bicycles-profimedia-0279328230.jpg\" alt=\"\" width=\"1250\" height=\"811\" \/><\/a><figcaption id=\"caption-attachment-4748\" class=\"wp-caption-text\">Japonsk\u00e1 invaze francouzsk\u00e9 Indo\u010d\u00edny v z\u00e1\u0159\u00ed 1940.\u00a0\u00a9\u00a0Pictures From History \/ AKG \/ Profimedia<\/figcaption><\/figure>\n<p>Kolo se stalo hlavn\u00ed zbran\u00ed v\u00a0konfliktu v\u00a0roce 1937, kdy Japonci pou\u017eili okolo 50\u00a0000 voj\u00e1k\u016f na kolech pro invazi do \u010c\u00edny. Na za\u010d\u00e1tku druh\u00e9 sv\u011btov\u00e9 v\u00e1lky pou\u017eili Japonci cyklistick\u00e9 jednotky pro pr\u016fchod Malajsk\u00fdm poloostrovem p\u0159i v\u00fdprav\u011b za dobyt\u00edm Singapuru. Kola znamenala flexibiln\u00ed, levn\u00fd a tich\u00fd transportn\u00ed prost\u0159edek pro tis\u00edce mu\u017e\u016f, kte\u0159\u00ed tak p\u0159ekvapili obranu Singapuru. Voj\u00e1ci na kolech pochopiteln\u011b nepot\u0159ebovali naftu ani benz\u00edn, co\u017e znamenalo zna\u010dnou \u00fasporu. Z\u00e1rove\u0148 Japonci v\u011bd\u011bli d\u00edky sv\u00fdm zv\u011bd\u016fm, \u017ee Malajsk\u00fd poloostrov je kol pln\u00fd, a tak nepot\u0159ebovali vlastn\u00ed kola. Zkonfiskovali je civilist\u016fm a obchod\u016fm.<\/p>\n<p>A proto\u017ee Japonci byli na kolech rychlej\u0161\u00ed ne\u017e ustupuj\u00edc\u00ed jednotky spojenc\u016f, \u010dasto je po plant\u00e1\u017eov\u00fdch cest\u00e1ch a p\u016fvodn\u00edch p\u011b\u0161in\u00e1ch p\u0159edjeli a \u00fato\u010dili na n\u011b zezadu, co\u017e jim od\u0159\u00edzlo cestu \u00fastupu.<\/p>\n<figure id=\"attachment_4749\" aria-describedby=\"caption-attachment-4749\" style=\"width: 1224px\" class=\"wp-caption alignnone\"><a href=\"https:\/\/d2p6e6u75xmxt8.cloudfront.net\/13\/2019\/11\/Swedish-m42-Bicycle.jpg\"><img loading=\"lazy\" decoding=\"async\" class=\"wp-image-4749 size-full\" src=\"https:\/\/d2p6e6u75xmxt8.cloudfront.net\/13\/2019\/11\/Swedish-m42-Bicycle.jpg\" alt=\"\" width=\"1224\" height=\"919\" \/><\/a><figcaption id=\"caption-attachment-4749\" class=\"wp-caption-text\">\u0160v\u00e9dsk\u00fd bicykl m\/42<\/figcaption><\/figure>\n<p>Finsk\u00e1, \u0161v\u00e9dsk\u00e1, polsk\u00e1 i n\u011bmeck\u00e1 arm\u00e1da v\u00a0pr\u016fb\u011bhu v\u00e1lky extenzivn\u011b vyu\u017e\u00edvaly bicykl\u016f. \u0160est \u0161v\u00e9dsk\u00fdch diviz\u00ed p\u011bchoty bylo vybaveno koly vlastn\u00ed zbrojn\u00ed v\u00fdroby, z\u00a0nich\u017e nejv\u00fdznamn\u011bj\u0161\u00edm modelem byl m\/42, jednorychlostn\u00ed silni\u010dn\u00ed kolo. Po v\u00e1lce toto kolo d\u00e1le vyu\u017e\u00edvala \u0161v\u00e9dsk\u00e1 arm\u00e1da a\u017e do roku 1970, kdy byla kola rozprod\u00e1na a stala se velice popul\u00e1rn\u00ed mezi studenty. Nov\u00e1 spole\u010dnost Kronan tak za\u010dala v\u00a0roce 1997 tato kola znova vyr\u00e1b\u011bt, ov\u0161em pon\u011bkud modern\u011bj\u0161\u00ed.<\/p>\n<p>Americk\u00e1 arm\u00e1da pou\u017e\u00edvala jednotky na kolech jen vz\u00e1cn\u011b, skl\u00e1dac\u00edmi koly z\u00e1sobovala hlavn\u011b v\u00fdsadk\u00e1\u0159e a posl\u00ed\u010dky. Ameri\u010dan\u00e9 ale tak\u00e9 shazovali kola z\u00a0letadel za nep\u0159\u00e1telskou linii pro sv\u00e9 spojence, co\u017e dalo vzniknout term\u00ednu \u201ebomber bikes\u201c.<\/p>\n<figure id=\"attachment_4750\" aria-describedby=\"caption-attachment-4750\" style=\"width: 1250px\" class=\"wp-caption alignnone\"><a href=\"https:\/\/d2p6e6u75xmxt8.cloudfront.net\/13\/2019\/11\/profimedia-0278324195.jpg\"><img loading=\"lazy\" decoding=\"async\" class=\"size-full wp-image-4750\" src=\"https:\/\/d2p6e6u75xmxt8.cloudfront.net\/13\/2019\/11\/profimedia-0278324195.jpg\" alt=\"\" width=\"1250\" height=\"779\" \/><\/a><figcaption id=\"caption-attachment-4750\" class=\"wp-caption-text\">Z\u00e1sobovac\u00ed stezka Viet Cong. \u00a9 Pictures From History \/ AKG \/ Profimedia<\/figcaption><\/figure>\n<p>P\u0159esto\u017ee byla po druh\u00e9 sv\u011btov\u00e9 v\u00e1lce kola postupn\u011b vytla\u010dena motorizovan\u00fdmi vozidly, pro Viet Cong a severovietnamskou arm\u00e1du byla st\u00e1le d\u016fle\u017eit\u00e1. Vyu\u017e\u00edvali je pro transport materi\u00e1lu po Ho Chi Minhov\u011b stezce b\u011bhem v\u00e1lky ve Vietnamu. Na kolech \u010dasto vezli n\u00e1klad i okolo 180 kg r\u00fd\u017ee, tak\u017ee se na nich nedalo jet. M\u00edsto toho kola tla\u010dili jako jak\u00fdsi n\u00e1kladn\u00ed prost\u0159edek. V\u00a0d\u017eungli potom kola opravili a vylep\u0161ili, aby byla schopna p\u0159ev\u00e1\u017eet t\u011b\u017ek\u00fd n\u00e1klad v\u00a0jak\u00e9mkoliv ter\u00e9nu.<\/p>\n<p>Dnes u\u017e se kola v\u00a0ozbrojen\u00fdch konfliktech nepou\u017e\u00edvaj\u00ed, pokud tedy nepo\u010d\u00edt\u00e1te str\u00e1\u017en\u00edka na kole rozh\u00e1n\u011bj\u00edc\u00edho protestanty a bojuj\u00edc\u00edho proti zlo\u010dinu.<\/p>\n","protected":false},"excerpt":{"rendered":"<p>Ve v\u00e1lce ani v\u00a0l\u00e1sce neplat\u00ed \u017e\u00e1dn\u00e1 pravidla. Nen\u00ed tak p\u0159ekvapen\u00edm, \u017ee netrvalo dlouho, aby se kola objevila v\u00a0ozbrojen\u00e9m konfliktu. Prvn\u00ed [&hellip;]<\/p>\n","protected":false},"author":95,"featured_media":4752,"comment_status":"open","ping_status":"open","sticky":false,"template":"","format":"standard","meta":{"footnotes":""},"categories":[10],"tags":[],"global-categories":[],"class_list":["post-4746","post","type-post","status-publish","format-standard","has-post-thumbnail","hentry","category-silnicni-cyklistika"],"yoast_head":"<!-- This site is optimized with the Yoast SEO Premium plugin v25.3 (Yoast SEO v25.9) - https:\/\/yoast.com\/wordpress\/plugins\/seo\/ -->\n<title>Kola ve v\u00e1lce | \u0160koda We Love Cycling - \u010cesk\u00e1 republika<\/title>\n<meta name=\"description\" content=\"Ve v\u00e1lce ani v\u00a0l\u00e1sce neplat\u00ed \u017e\u00e1dn\u00e1 pravidla. Nen\u00ed tak p\u0159ekvapen\u00edm, \u017ee netrvalo dlouho, aby se kola objevila v\u00a0ozbrojen\u00e9m konfliktu.\" \/>\n<meta name=\"robots\" content=\"index, follow, max-snippet:-1, max-image-preview:large, max-video-preview:-1\" \/>\n<link rel=\"canonical\" href=\"https:\/\/www.welovecycling.com\/cs\/2019\/11\/20\/kola-ve-valce-welovecycling-cr\/\" \/>\n<meta property=\"og:locale\" content=\"cs_CZ\" \/>\n<meta property=\"og:type\" content=\"article\" \/>\n<meta property=\"og:title\" content=\"Kola ve v\u00e1lce\" \/>\n<meta property=\"og:description\" content=\"Ve v\u00e1lce ani v\u00a0l\u00e1sce neplat\u00ed \u017e\u00e1dn\u00e1 pravidla. Nen\u00ed tak p\u0159ekvapen\u00edm, \u017ee netrvalo dlouho, aby se kola objevila v\u00a0ozbrojen\u00e9m konfliktu.\" \/>\n<meta property=\"og:url\" content=\"https:\/\/www.welovecycling.com\/cs\/2019\/11\/20\/kola-ve-valce-welovecycling-cr\/\" \/>\n<meta property=\"og:site_name\" content=\"\u0160koda We Love Cycling - \u010cesk\u00e1 republika\" \/>\n<meta property=\"article:published_time\" content=\"2019-11-20T10:43:42+00:00\" \/>\n<meta property=\"og:image\" content=\"https:\/\/d2p6e6u75xmxt8.cloudfront.net\/13\/2019\/11\/Military-Bicycle-CVR-profimedia-0278167215.webp\" \/>\n\t<meta property=\"og:image:width\" content=\"1366\" \/>\n\t<meta property=\"og:image:height\" content=\"600\" \/>\n\t<meta property=\"og:image:type\" content=\"image\/webp\" \/>\n<meta name=\"twitter:card\" content=\"summary_large_image\" \/>\n<meta name=\"twitter:label1\" content=\"Written by\" \/>\n\t<meta name=\"twitter:data1\" content=\"Siegfried Mortkowitz\" \/>\n\t<meta name=\"twitter:label2\" content=\"Est. reading time\" \/>\n\t<meta name=\"twitter:data2\" content=\"7\" \/>\n<script type=\"application\/ld+json\" class=\"yoast-schema-graph\">{\"@context\":\"https:\/\/schema.org\",\"@graph\":[{\"@type\":\"WebPage\",\"@id\":\"https:\/\/www.welovecycling.com\/cs\/2019\/11\/20\/kola-ve-valce-welovecycling-cr\/\",\"url\":\"https:\/\/www.welovecycling.com\/cs\/2019\/11\/20\/kola-ve-valce-welovecycling-cr\/\",\"name\":\"Kola ve v\u00e1lce | \u0160koda We Love Cycling - \u010cesk\u00e1 republika\",\"isPartOf\":{\"@id\":\"https:\/\/www.welovecycling.com\/cs\/#website\"},\"primaryImageOfPage\":{\"@id\":\"https:\/\/www.welovecycling.com\/cs\/2019\/11\/20\/kola-ve-valce-welovecycling-cr\/#primaryimage\"},\"image\":{\"@id\":\"https:\/\/www.welovecycling.com\/cs\/2019\/11\/20\/kola-ve-valce-welovecycling-cr\/#primaryimage\"},\"thumbnailUrl\":\"https:\/\/d2p6e6u75xmxt8.cloudfront.net\/13\/2019\/11\/Military-Bicycle-CVR-profimedia-0278167215.webp\",\"datePublished\":\"2019-11-20T10:43:42+00:00\",\"author\":{\"@id\":\"\"},\"description\":\"Ve v\u00e1lce ani v\u00a0l\u00e1sce neplat\u00ed \u017e\u00e1dn\u00e1 pravidla. Nen\u00ed tak p\u0159ekvapen\u00edm, \u017ee netrvalo dlouho, aby se kola objevila v\u00a0ozbrojen\u00e9m konfliktu.\",\"inLanguage\":\"cs\",\"potentialAction\":[{\"@type\":\"ReadAction\",\"target\":[\"https:\/\/www.welovecycling.com\/cs\/2019\/11\/20\/kola-ve-valce-welovecycling-cr\/\"]}]},{\"@type\":\"ImageObject\",\"inLanguage\":\"cs\",\"@id\":\"https:\/\/www.welovecycling.com\/cs\/2019\/11\/20\/kola-ve-valce-welovecycling-cr\/#primaryimage\",\"url\":\"https:\/\/d2p6e6u75xmxt8.cloudfront.net\/13\/2019\/11\/Military-Bicycle-CVR-profimedia-0278167215.webp\",\"contentUrl\":\"https:\/\/d2p6e6u75xmxt8.cloudfront.net\/13\/2019\/11\/Military-Bicycle-CVR-profimedia-0278167215.webp\",\"width\":1366,\"height\":600},{\"@type\":\"WebSite\",\"@id\":\"https:\/\/www.welovecycling.com\/cs\/#website\",\"url\":\"https:\/\/www.welovecycling.com\/cs\/\",\"name\":\"\u0160koda We Love Cycling - \u010cesk\u00e1 republika\",\"description\":\"WeLoveCycling.cz je online magaz\u00edn, kter\u00fd v\u00e1m pravideln\u011b p\u0159in\u00e1\u0161\u00ed rady a tipy, zaj\u00edmav\u00e9 \u010dl\u00e1nky, videa a jedine\u010dn\u00e9 report\u00e1\u017ee ze sv\u011bta cyklistiky.\",\"potentialAction\":[{\"@type\":\"SearchAction\",\"target\":{\"@type\":\"EntryPoint\",\"urlTemplate\":\"https:\/\/www.welovecycling.com\/cs\/?s={search_term_string}\"},\"query-input\":{\"@type\":\"PropertyValueSpecification\",\"valueRequired\":true,\"valueName\":\"search_term_string\"}}],\"inLanguage\":\"cs\"},{\"@type\":\"Person\",\"@id\":\"\",\"url\":\"https:\/\/www.welovecycling.com\/cs\/author\/\"}]}<\/script>\n<!-- \/ Yoast SEO Premium plugin. -->","yoast_head_json":{"title":"Kola ve v\u00e1lce | \u0160koda We Love Cycling - \u010cesk\u00e1 republika","description":"Ve v\u00e1lce ani v\u00a0l\u00e1sce neplat\u00ed \u017e\u00e1dn\u00e1 pravidla. Nen\u00ed tak p\u0159ekvapen\u00edm, \u017ee netrvalo dlouho, aby se kola objevila v\u00a0ozbrojen\u00e9m konfliktu.","robots":{"index":"index","follow":"follow","max-snippet":"max-snippet:-1","max-image-preview":"max-image-preview:large","max-video-preview":"max-video-preview:-1"},"canonical":"https:\/\/www.welovecycling.com\/cs\/2019\/11\/20\/kola-ve-valce-welovecycling-cr\/","og_locale":"cs_CZ","og_type":"article","og_title":"Kola ve v\u00e1lce","og_description":"Ve v\u00e1lce ani v\u00a0l\u00e1sce neplat\u00ed \u017e\u00e1dn\u00e1 pravidla. Nen\u00ed tak p\u0159ekvapen\u00edm, \u017ee netrvalo dlouho, aby se kola objevila v\u00a0ozbrojen\u00e9m konfliktu.","og_url":"https:\/\/www.welovecycling.com\/cs\/2019\/11\/20\/kola-ve-valce-welovecycling-cr\/","og_site_name":"\u0160koda We Love Cycling - \u010cesk\u00e1 republika","article_published_time":"2019-11-20T10:43:42+00:00","og_image":[{"width":1366,"height":600,"url":"https:\/\/d2p6e6u75xmxt8.cloudfront.net\/13\/2019\/11\/Military-Bicycle-CVR-profimedia-0278167215.webp","type":"image\/webp"}],"twitter_card":"summary_large_image","twitter_misc":{"Written by":"Siegfried Mortkowitz","Est. reading time":"7"},"schema":{"@context":"https:\/\/schema.org","@graph":[{"@type":"WebPage","@id":"https:\/\/www.welovecycling.com\/cs\/2019\/11\/20\/kola-ve-valce-welovecycling-cr\/","url":"https:\/\/www.welovecycling.com\/cs\/2019\/11\/20\/kola-ve-valce-welovecycling-cr\/","name":"Kola ve v\u00e1lce | \u0160koda We Love Cycling - \u010cesk\u00e1 republika","isPartOf":{"@id":"https:\/\/www.welovecycling.com\/cs\/#website"},"primaryImageOfPage":{"@id":"https:\/\/www.welovecycling.com\/cs\/2019\/11\/20\/kola-ve-valce-welovecycling-cr\/#primaryimage"},"image":{"@id":"https:\/\/www.welovecycling.com\/cs\/2019\/11\/20\/kola-ve-valce-welovecycling-cr\/#primaryimage"},"thumbnailUrl":"https:\/\/d2p6e6u75xmxt8.cloudfront.net\/13\/2019\/11\/Military-Bicycle-CVR-profimedia-0278167215.webp","datePublished":"2019-11-20T10:43:42+00:00","author":{"@id":""},"description":"Ve v\u00e1lce ani v\u00a0l\u00e1sce neplat\u00ed \u017e\u00e1dn\u00e1 pravidla. Nen\u00ed tak p\u0159ekvapen\u00edm, \u017ee netrvalo dlouho, aby se kola objevila v\u00a0ozbrojen\u00e9m konfliktu.","inLanguage":"cs","potentialAction":[{"@type":"ReadAction","target":["https:\/\/www.welovecycling.com\/cs\/2019\/11\/20\/kola-ve-valce-welovecycling-cr\/"]}]},{"@type":"ImageObject","inLanguage":"cs","@id":"https:\/\/www.welovecycling.com\/cs\/2019\/11\/20\/kola-ve-valce-welovecycling-cr\/#primaryimage","url":"https:\/\/d2p6e6u75xmxt8.cloudfront.net\/13\/2019\/11\/Military-Bicycle-CVR-profimedia-0278167215.webp","contentUrl":"https:\/\/d2p6e6u75xmxt8.cloudfront.net\/13\/2019\/11\/Military-Bicycle-CVR-profimedia-0278167215.webp","width":1366,"height":600},{"@type":"WebSite","@id":"https:\/\/www.welovecycling.com\/cs\/#website","url":"https:\/\/www.welovecycling.com\/cs\/","name":"\u0160koda We Love Cycling - \u010cesk\u00e1 republika","description":"WeLoveCycling.cz je online magaz\u00edn, kter\u00fd v\u00e1m pravideln\u011b p\u0159in\u00e1\u0161\u00ed rady a tipy, zaj\u00edmav\u00e9 \u010dl\u00e1nky, videa a jedine\u010dn\u00e9 report\u00e1\u017ee ze sv\u011bta cyklistiky.","potentialAction":[{"@type":"SearchAction","target":{"@type":"EntryPoint","urlTemplate":"https:\/\/www.welovecycling.com\/cs\/?s={search_term_string}"},"query-input":{"@type":"PropertyValueSpecification","valueRequired":true,"valueName":"search_term_string"}}],"inLanguage":"cs"},{"@type":"Person","@id":"","url":"https:\/\/www.welovecycling.com\/cs\/author\/"}]}},"_links":{"self":[{"href":"https:\/\/www.welovecycling.com\/cs\/wp-json\/wp\/v2\/posts\/4746","targetHints":{"allow":["GET"]}}],"collection":[{"href":"https:\/\/www.welovecycling.com\/cs\/wp-json\/wp\/v2\/posts"}],"about":[{"href":"https:\/\/www.welovecycling.com\/cs\/wp-json\/wp\/v2\/types\/post"}],"author":[{"embeddable":true,"href":"https:\/\/www.welovecycling.com\/cs\/wp-json\/wp\/v2\/users\/95"}],"replies":[{"embeddable":true,"href":"https:\/\/www.welovecycling.com\/cs\/wp-json\/wp\/v2\/comments?post=4746"}],"version-history":[{"count":2,"href":"https:\/\/www.welovecycling.com\/cs\/wp-json\/wp\/v2\/posts\/4746\/revisions"}],"predecessor-version":[{"id":4753,"href":"https:\/\/www.welovecycling.com\/cs\/wp-json\/wp\/v2\/posts\/4746\/revisions\/4753"}],"wp:featuredmedia":[{"embeddable":true,"href":"https:\/\/www.welovecycling.com\/cs\/wp-json\/wp\/v2\/media\/4752"}],"wp:attachment":[{"href":"https:\/\/www.welovecycling.com\/cs\/wp-json\/wp\/v2\/media?parent=4746"}],"wp:term":[{"taxonomy":"category","embeddable":true,"href":"https:\/\/www.welovecycling.com\/cs\/wp-json\/wp\/v2\/categories?post=4746"},{"taxonomy":"post_tag","embeddable":true,"href":"https:\/\/www.welovecycling.com\/cs\/wp-json\/wp\/v2\/tags?post=4746"},{"taxonomy":"global-categories","embeddable":true,"href":"https:\/\/www.welovecycling.com\/cs\/wp-json\/wp\/v2\/global-categories?post=4746"}],"curies":[{"name":"wp","href":"https:\/\/api.w.org\/{rel}","templated":true}]}}