{"id":4579,"date":"2019-10-25T13:33:29","date_gmt":"2019-10-25T11:33:29","guid":{"rendered":"https:\/\/www.welovecycling.com\/cs\/?p=4579"},"modified":"2019-10-25T13:33:29","modified_gmt":"2019-10-25T11:33:29","slug":"lubor-tesar-armstrong-by-byl-nejlepsi-i-bez-dopingu","status":"publish","type":"post","link":"https:\/\/www.welovecycling.com\/cs\/2019\/10\/25\/lubor-tesar-armstrong-by-byl-nejlepsi-i-bez-dopingu\/","title":{"rendered":"Lubor Tesa\u0159: Armstrong by byl nejlep\u0161\u00ed i bez dopingu"},"content":{"rendered":"<p><strong>Dvakr\u00e1t vybojoval titul mistra republiky, vyhr\u00e1val etapy na Z\u00e1vodu m\u00edru, jednor\u00e1zov\u00e9 z\u00e1vody i men\u0161\u00ed etap\u00e1ky doma i v\u00a0cizin\u011b, p\u016fsobil v\u00a0elitn\u00edch dom\u00e1c\u00edch t\u00fdmech, ale tak\u00e9 v\u00a0N\u011bmecku a Rakousku. Lubor Tesa\u0159 (48) sv\u00e9ho \u010dasu pat\u0159il k\u00a0absolutn\u00ed dom\u00e1c\u00ed \u0161pi\u010dce a dok\u00e1zal se prosadit i v\u00a0zahrani\u010d\u00ed. <\/strong><\/p>\n<p><!--more--><\/p>\n<p>Dnes je t\u00e1ta t\u0159\u00ed d\u011bt\u00ed mana\u017eerem nejv\u011bt\u0161\u00edho cyklistick\u00e9ho veletrhu For Bikes, ale vid\u011bt a sly\u0161et ho m\u016f\u017eete i v televizi, proto\u017ee je vyhled\u00e1van\u00fdm spolukoment\u00e1torem cyklistick\u00fdch p\u0159enos\u016f. Fanou\u0161ci hodnot\u00ed jeho komentov\u00e1n\u00ed velmi pozitivn\u011b. Z\u0159ejm\u011b i pro jeho otev\u0159enost. Je to \u010dlov\u011bk, kter\u00fd se neboj\u00ed \u0159\u00edci sv\u016fj n\u00e1zor, a\u0165 je to n\u011bkomu po chuti, nebo ne. Byl takov\u00fd i jako z\u00e1vodn\u00edk. Otev\u0159en\u00fd, ale z\u00e1rove\u0148 p\u0159em\u00fd\u0161liv\u00fd. Nakonec posu\u010fte sami z\u00a0n\u00e1sleduj\u00edc\u00edho otev\u0159en\u00e9ho rozhovoru.<\/p>\n<p><strong>Lubore, co v\u00e1m cyklistika dala?<\/strong><\/p>\n<p>Stra\u0161n\u011b moc v\u011bc\u00ed. D\u00edky rodi\u010d\u016fm jsem m\u011bl v\u00fdchovu, \u017ee kdy\u017e n\u011bco d\u011bl\u00e1m, m\u00e1m to d\u011blat po\u0159\u00e1dn\u011b. J\u00e1 se po n\u011bkolika sportech od h\u00e1zen\u00e9, p\u0159es \u0161erm, atletiku a fotbal dostal k\u00a0cyklistice. Pro\u0161el jsem cel\u00fdm syst\u00e9mem tehdej\u0161\u00edho z\u0159\u00edzen\u00ed socialistick\u00e9ho sportu. A jestli na tom minul\u00e9m re\u017eimu bylo n\u011bco dobr\u00e9, pak pr\u00e1v\u011b tohle. Fungovalo to v\u00fdborn\u011b. Nau\u010dil jsem se chovat t\u00fdmov\u011b, d\u00edky cyklistice jsem z\u00edskal spoustu kamar\u00e1d\u016f. Nau\u010dil jsem se starat s\u00e1m o sebe v\u00a0ciz\u00ed zemi a z\u00edskal jsem \u0159adu zku\u0161enost\u00ed, kter\u00e9 se mi hodily a hod\u00ed v\u00a0civiln\u00edm \u017eivot\u011b.<\/p>\n<p><strong>A vzala v\u00e1m cyklistika n\u011bco?<\/strong><\/p>\n<p>Sv\u00fdm zp\u016fsobem iluze. Na vrcholu kari\u00e9ry m\u011b zastihla doba, kdy se slu\u010doval amat\u00e9rsk\u00fd a profesion\u00e1ln\u00ed peloton. Podle m\u011b to bylo jedno z\u00a0nejv\u011bt\u0161\u00edch ne\u0161t\u011bst\u00ed cyklistiky. Mo\u017en\u00e1 se mnou nebude \u0159ada lid\u00ed souhlasit, ale cyklistika se t\u00edm krokem hodn\u011b zm\u011bnila. P\u0159est\u00e1vala platit n\u011bjak\u00e1 pravidla, respekt mlad\u00fdch v\u016f\u010di star\u0161\u00edm, hor\u0161\u00edch v\u016f\u010di lep\u0161\u00edm, za\u010d\u00e1te\u010dn\u00edk\u016fm v\u016f\u010di zku\u0161en\u011bj\u0161\u00edm. \u0160lo to ruku v\u00a0ruce s\u00a0na\u0161\u00ed spole\u010dnost\u00ed, kam se za\u010daly dost\u00e1vat technologie, kter\u00e9 n\u00e1s trochu za\u010daly ovliv\u0148ovat. P\u0159i\u0161lo mi, \u017ee se pon\u011bkud vytr\u00e1c\u00ed \u010dir\u00e1 radost z\u00a0toho sportov\u00e1n\u00ed, z\u00a0v\u00edt\u011bzstv\u00ed.<\/p>\n<figure id=\"attachment_4583\" aria-describedby=\"caption-attachment-4583\" style=\"width: 860px\" class=\"wp-caption alignnone\"><a href=\"https:\/\/d2p6e6u75xmxt8.cloudfront.net\/13\/2019\/10\/Resize-of-L-Tesar-09.JPG.jpg\"><img loading=\"lazy\" decoding=\"async\" class=\"size-full wp-image-4583\" src=\"https:\/\/d2p6e6u75xmxt8.cloudfront.net\/13\/2019\/10\/Resize-of-L-Tesar-09.JPG.jpg\" alt=\"\" width=\"860\" height=\"573\" \/><\/a><figcaption id=\"caption-attachment-4583\" class=\"wp-caption-text\">Lubor Tesa\u0159 opustil profesion\u00e1ln\u00ed peloton v roce 2006, nyn\u00ed se v\u011bnuje podnikatelsk\u00fdm aktivit\u00e1m a rodin\u011b. Foto: Archiv Lubora Tesa\u0159e<\/figcaption><\/figure>\n<p><strong>Ne\u017e se amat\u00e9rsk\u00fd a profesion\u00e1ln\u00ed peloton rozd\u011blil, z\u00edskal jste na mistrovstv\u00ed sv\u011bta v\u00a0Oslu v\u00a0roce 1993 bronz mezi amat\u00e9ry. Vyhr\u00e1l legend\u00e1rn\u00ed N\u011bmec Jan Ullrich. Bylo v\u00e1m dvaadvacet. Zam\u00e1valo to s\u00a0v\u00e1mi?<\/strong><\/p>\n<p>To mus\u00ed hodnotit jin\u00ed. Popularita se zv\u00fd\u0161ila, ale \u017ee bych se k\u00a0lidem za\u010dal chovat jinak, to si nemysl\u00edm. J\u00e1 si v\u017edycky v\u00e1\u017eil lid\u00ed kolem, kte\u0159\u00ed t\u0159eba nebyli tolik vid\u011bt, ale tvo\u0159ili t\u00fdm: sportovn\u00edch \u0159editel\u016f, mas\u00e9r\u016f nebo mechanik\u016f. Bez nich by to ne\u0161lo. Oni d\u011blali to soukol\u00ed, na jeho\u017e konci byl l\u00eddr, kter\u00fd v\u00a0c\u00edli zvedal ruce nad hlavu. Nikdy jsem nem\u011bl probl\u00e9m n\u011bkomu v\u00a0z\u00e1vod\u011b pomoci. A s\u00a0\u0159adou t\u011bch lid\u00ed n\u00e1s poj\u00ed p\u0159\u00e1telstv\u00ed i po dvaceti letech, i kdy\u017e u\u017e nez\u00e1vod\u00edme. A jsou to i cizinci jako t\u0159eba Trampusch nebo Voigt. \u00dasp\u011bchy postupem \u010dasu vyprchaj\u00ed, ale p\u0159\u00e1telstv\u00ed, kdy\u017e se \u010dlov\u011bk nechov\u00e1 \u0161patn\u011b, v\u011bt\u0161inou z\u016fst\u00e1v\u00e1.<\/p>\n<p><strong>Cyklistika je velk\u00e1 d\u0159ina, \u010dlov\u011bk mus\u00ed prakticky denn\u011b na kolo. Kdybyste byl dnes na za\u010d\u00e1tku, \u0161el byste do toho znovu?<\/strong><\/p>\n<p>Stoprocentn\u011b. Je to tvrd\u00fd sport, ale kdy\u017e \u010dlov\u011bk n\u011bco d\u011bl\u00e1 s\u00a0l\u00e1skou a na sto procent, tak ho i ta bolest posouv\u00e1 d\u00e1l. J\u00e1 v\u017edycky \u0159\u00edkal, \u017ee um\u011bn\u00ed prohr\u00e1vat je taky velk\u00fd dar, proto\u017ee por\u00e1\u017eky \u010dlov\u011bka pos\u00edl\u00ed daleko v\u00edc ne\u017e v\u00edt\u011bzstv\u00ed. Dnes je \u010dasto probl\u00e9m nov\u00e9 generace, \u017ee prohr\u00e1vat ani moc neum\u00ed. A je to chyba i n\u00e1s rodi\u010d\u016f. Spousta z\u00a0n\u00e1s chce, aby d\u011bti\u010dky odmala jenom vyhr\u00e1valy, ale sp\u00ed\u0161 bychom jim m\u011bli ukazovat, \u017ee i por\u00e1\u017eka je norm\u00e1ln\u00ed a ke sportu pat\u0159\u00ed. Respekt k\u00a0soupe\u0159i a um\u011bn\u00ed uznat, \u017ee je n\u011bkdo lep\u0161\u00ed, jsou hodn\u011b d\u016fle\u017eit\u00e9. \u010casto daleko d\u016fle\u017eit\u011bj\u0161\u00ed ne\u017e v\u00edt\u011bzstv\u00ed.<\/p>\n<p><strong>Doba, kdy jste z\u00e1vodil, byla i dobou \u010dast\u00fdch dopingov\u00fdch p\u0159\u00edpad\u016f v\u00a0cyklistice, \u0159ada lid\u00ed byla odsouzena zp\u011btn\u011b. Jak se na tohle o\u017eehav\u00e9 t\u00e9ma dnes d\u00edv\u00e1te?<\/strong><\/p>\n<p>J\u00e1 nechci bre\u010det, \u017ee n\u011bkdo byl kv\u016fli dopingu lep\u0161\u00ed nebo hor\u0161\u00ed. Abych si st\u011b\u017eoval, \u017ee jsem promarnil talent a sv\u00e1d\u011bl v\u0161echno na n\u011bco jin\u00e9ho kolem. Jsem \u0161\u0165astn\u00fd za svou kari\u00e9ru, za svoje v\u00fdsledky. Dok\u00e1zal jsem skon\u010dit na vrcholu. V\u00a0roce, kdy jsem kon\u010dil, jsem dok\u00e1zal vyhr\u00e1t etapu na Z\u00e1vodu m\u00edru a jen t\u011bsn\u011b jsem p\u0159i\u0161el o v\u00edt\u011bzstv\u00ed na z\u00e1vodu Praha\u2013Karlovy Vary\u2013Praha.<\/p>\n<blockquote><p>&#8222;Na vrcholu kari\u00e9ry m\u011b zastihla doba, kdy se slu\u010doval amat\u00e9rsk\u00fd a profesion\u00e1ln\u00ed peloton. Podle m\u011b to bylo jedno z\u00a0nejv\u011bt\u0161\u00edch ne\u0161t\u011bst\u00ed cyklistiky.&#8220;<\/p><\/blockquote>\n<p><strong>Tro\u0161ku jste odb\u011bhl od toho dopingu&#8230;<\/strong><\/p>\n<p>J\u00e1 to bral tak, \u017ee ka\u017ed\u00fd je str\u016fjcem sv\u00e9ho \u0161t\u011bst\u00ed. Kdy\u017e jsem jezdil na velk\u00e9 z\u00e1vody v\u00a0cizin\u011b, tak t\u0159eba na n\u011bkom byl vid\u011bt velk\u00fd progres a \u0159\u00edkal jsem si, \u017ee to nen\u00ed norm\u00e1ln\u00ed. Ale jestli ten \u010dlov\u011bk n\u011bco bral a p\u0159ineslo mu to \u0161t\u011bst\u00ed, je ve fin\u00e1le jeho v\u011bc.<\/p>\n<figure id=\"attachment_4585\" aria-describedby=\"caption-attachment-4585\" style=\"width: 414px\" class=\"wp-caption alignnone\"><a href=\"https:\/\/d2p6e6u75xmxt8.cloudfront.net\/13\/2019\/10\/ZM-6.jpg\"><img loading=\"lazy\" decoding=\"async\" class=\"size-full wp-image-4585\" src=\"https:\/\/d2p6e6u75xmxt8.cloudfront.net\/13\/2019\/10\/ZM-6.jpg\" alt=\"\" width=\"414\" height=\"550\" \/><\/a><figcaption id=\"caption-attachment-4585\" class=\"wp-caption-text\">Lubor Tesa\u0159 po v\u00edt\u011bzn\u00e9 etap\u011b Z\u00e1vodu m\u00edru v roce 2006. Foto: Archiv Lubora Tesa\u0159e.<\/figcaption><\/figure>\n<p><strong>Ale nakonec z\u00a0toho byla af\u00e9ra, v\u00a0n\u00ed\u017e byly odsouzeny nejv\u011bt\u0161\u00ed hv\u011bzdy kalibru Armstronga, Ullricha a dal\u0161\u00edch.<\/strong><\/p>\n<p>Ti, co chytli, to byla jen \u0161pi\u010dka ledovce. Dotklo se to hlavn\u011b t\u011bch nejlep\u0161\u00edch, ale kde to za\u010dalo, u\u017e nikdo nezkoumal. Rozhodnut\u00edm spojit amat\u00e9rsk\u00fd a profi peloton p\u0159i\u0161la do velk\u00fdch t\u00fdm\u016f \u0159ada lid\u00ed z\u00a0v\u00fdchodn\u00edch zem\u00ed, kte\u0159\u00ed t\u0159eba byli zvykl\u00ed n\u011bco br\u00e1t. A v\u00a0m\u00fdch o\u010d\u00edch \u010dasto tla\u010dili na ty lep\u0161\u00ed, \u017ee do toho mus\u00ed j\u00edt taky. Nez\u00e1vodil jsem v\u00a0t\u00fdmech nejvy\u0161\u0161\u00ed divize WorldTour, tak\u017ee je to sp\u00ed\u0161 m\u016fj pohled na v\u011bc ne\u017e osobn\u00ed zku\u0161enost.<\/p>\n<p><strong>\u0158ada cyklist\u016f se nap\u0159\u00edklad Armstronga zast\u00e1v\u00e1 a \u0159\u00edk\u00e1, \u017ee v\u00a0jeho dob\u011b brali ze \u0161pi\u010dky v\u0161ichni, a byl stejn\u011b nejlep\u0161\u00ed.<\/strong><\/p>\n<p>J\u00e1 s\u00a0t\u00edm souhlas\u00edm. Kdyby nikdo nic nebral, Armstrong bude zase nejlep\u0161\u00ed. Proto\u017ee za \u00fasp\u011bchy je v\u00a0prvn\u00ed \u0159ad\u011b obrovsk\u00e1 d\u0159ina, kterou si \u0159ada lid\u00ed neum\u00ed ani p\u0159edstavit. A kdy\u017e si \u010dlov\u011bk n\u011bco vzal, mohl mo\u017en\u00e1 ud\u011blat n\u011bjak\u00fd rozd\u00edl mezi t\u011bmi nejlep\u0161\u00edmi. Ale jestli brali v\u0161ichni, tak ten v\u00edt\u011bz prost\u011b musel b\u00fdt nejlep\u0161\u00ed. Ono je sp\u00ed\u0161 ot\u00e1zkou, co je to vlastn\u011b doping. N\u011bjakou l\u00e1tku zak\u00e1\u017eou a objev\u00ed se na seznamu zak\u00e1zan\u00fdch l\u00e1tek. Do doby, ne\u017e ji tam daj\u00ed, tak vlastn\u011b zak\u00e1zan\u00e1 nen\u00ed&#8230; Je to hodn\u011b tenk\u00fd led.<\/p>\n<p><strong>Co \u0159\u00edk\u00e1te s\u00a0odstupem n\u011bkolika let na odsouzen\u00ed Armstronga?<\/strong><\/p>\n<p>Mn\u011b se nel\u00edb\u00ed, kdy\u017e vytahovali vzorky po x letech. Kdy\u017e n\u011bkoho chyt\u00ed, a\u0165 dostane flastr. Ale trestat n\u011bkoho deset let zp\u011btn\u011b. Dob\u0159e, seberou mu v\u00edt\u011bzstv\u00ed, a dostane ho ten druh\u00fd? A byl ten druh\u00fd \u010dist\u00fd? Kdo v\u00ed&#8230; Nav\u00edc kdy\u017e n\u011bkomu p\u0159ipadne v\u00edt\u011bzstv\u00ed zp\u011btn\u011b, tak ty ruce v\u00a0c\u00edli u\u017e stejn\u011b nezvedne a na nejvy\u0161\u0161\u00ed stupe\u0148 nevystoup\u00e1. Kdy\u017e to sebrali Armstrongovi, rad\u0161i ty v\u00fdsledky cel\u00e9 anulovali. Druh\u00e9 si nikdo nepamatuje. Tak to prost\u011b je. Tro\u0161ku m\u011b mrz\u00ed, \u017ee \u010dlov\u011bk, kter\u00fd se provinil ve sportu, je vyvrhel a v\u0161ichni ho o\u010der\u0148uj\u00ed. Ale ve spole\u010dnosti kolem n\u00e1s je spousta daleko v\u011bt\u0161\u00edch spros\u0165\u00e1k\u016f a podvodn\u00edk\u016f, kte\u0159\u00ed vesele chod\u00ed po sv\u011bt\u011b&#8230;<\/p>\n<figure id=\"attachment_2881\" aria-describedby=\"caption-attachment-2881\" style=\"width: 1024px\" class=\"wp-caption alignnone\"><a href=\"https:\/\/d2p6e6u75xmxt8.cloudfront.net\/13\/2019\/07\/gty_oprah_winfrey_lance_armstrong_jc_150519.jpg\"><img loading=\"lazy\" decoding=\"async\" class=\"size-large wp-image-2881\" src=\"https:\/\/d2p6e6u75xmxt8.cloudfront.net\/13\/2019\/07\/gty_oprah_winfrey_lance_armstrong_jc_150519-1024x677.jpg\" alt=\"\" width=\"1024\" height=\"677\" \/><\/a><figcaption id=\"caption-attachment-2881\" class=\"wp-caption-text\">Lance Armstrong se k dopingu p\u0159iznal v roce 2013 v po\u0159adu slavn\u00e9 Oprah Winfrey.<\/figcaption><\/figure>\n<p><strong>Vy s\u00e1m jste b\u00fdval dobr\u00fd sprinter. Jak se dnes d\u00edv\u00e1te na hromadn\u00e9 dojezdy, kde \u010dasto doch\u00e1z\u00ed k\u00a0velk\u00fdm p\u00e1d\u016fm?<\/strong><\/p>\n<p>Je to dan\u00e9 trendem spole\u010dnosti. V\u0161echno je rychlej\u0161\u00ed, usp\u011bchan\u011bj\u0161\u00ed, divo\u010dej\u0161\u00ed, na lidi je daleko v\u011bt\u0161\u00ed tlak. Z\u00e1vodn\u00edci jsou ve stresu, v\u0161ichni cht\u011bj\u00ed v\u00edt\u011bzstv\u00ed. A z\u00a0toho pramen\u00ed i ty p\u00e1dy. Nen\u00ed fakt mnohdy lehk\u00e9 ty etapy vyhr\u00e1vat. Je to t\u011b\u017e\u0161\u00ed ne\u017e za moj\u00ed \u00e9ry.<\/p>\n<p><strong>Ned\u00e1vno jste za po\u010d\u00edn\u00e1n\u00ed ve spurtech trochu odsoudil Petera Sagana a pomalu jste se stal nep\u0159\u00edtelem slovensk\u00e9ho n\u00e1roda&#8230;<\/strong><\/p>\n<p>P\u0159itom \u0161lo o vytrhnut\u00ed z\u00a0kontextu n\u011bjak\u00e9 hlub\u0161\u00ed souvislosti. Sagana jsem dal jen jako p\u0159\u00edklad, na Slovensku si vzali jen n\u011bjakou v\u011btu, bulv\u00e1ry to n\u00e1le\u017eit\u011b opep\u0159ily, a ud\u011blali ze m\u011b nep\u0159\u00edtele Sagana i cel\u00e9ho Slovenska. P\u0159itom je to absolutn\u00ed blbost. J\u00e1 po\u0159\u00e1d beru \u010cesko a Slovensko spole\u010dn\u011b a zrovna Saganovi fand\u00edm. Na Slovensku m\u00e1m spoustu p\u0159\u00e1tel a jedn\u00edm z\u00a0t\u011bch velk\u00fdch je t\u0159eba Janko Valach, kter\u00fd d\u011bl\u00e1 Saganovi sportovn\u00edho \u0159editele&#8230; Oni v\u011bd\u00ed, jak jsem to myslel, jen se z\u00a0toho ud\u011blala um\u011bl\u00e1 senzace.<\/p>\n<p><strong>Koho ze sou\u010dasn\u00fdch cyklist\u016f obdivujete?<\/strong><\/p>\n<p>Asi Toma Dumoulina. Je to v\u0161estrann\u00fd z\u00e1vodn\u00edk, m\u00e1 to v\u00a0hlav\u011b srovnan\u00e9. Hodn\u011b o v\u0161em p\u0159em\u00fd\u0161l\u00ed. Moc se mi l\u00edb\u00ed i Francouz Julian Alaphilippe. Ale pokud chce jednou vyhr\u00e1t Tour, bude muset trochu zm\u011bnit styl z\u00e1vod\u011bn\u00ed i p\u0159\u00edpravu. On hodn\u011b \u00fato\u010d\u00ed, je zvykl\u00fd se pr\u00e1t, ale mus\u00ed se nau\u010dit tro\u0161ku v\u00edc \u0161et\u0159it tam, kde se to d\u00e1.<\/p>\n<figure id=\"attachment_4581\" aria-describedby=\"caption-attachment-4581\" style=\"width: 1024px\" class=\"wp-caption alignnone\"><a href=\"https:\/\/d2p6e6u75xmxt8.cloudfront.net\/13\/2019\/10\/20160803_110434.jpg\"><img loading=\"lazy\" decoding=\"async\" class=\"size-large wp-image-4581\" src=\"https:\/\/d2p6e6u75xmxt8.cloudfront.net\/13\/2019\/10\/20160803_110434-1024x768.jpg\" alt=\"\" width=\"1024\" height=\"768\" \/><\/a><figcaption id=\"caption-attachment-4581\" class=\"wp-caption-text\">Lubor Tesa\u0159 (vlevo) se coby spolukoment\u00e1tor \u00fa\u010dastnil tak\u00e9 letn\u00edch OH v Riu 2016.<\/figcaption><\/figure>\n<p><strong>Vy jste hned po skon\u010den\u00ed kari\u00e9ry za\u010dal pracovat. Dok\u00e1zal jste se cyklistikou na n\u011bjakou dobu zabezpe\u010dit?<\/strong><\/p>\n<p>To sp\u00ed\u0161 lidi, kte\u0159\u00ed byli ve WorldTour. Cyklistika po\u0159\u00e1d nen\u00ed fotbal, tenis nebo NHL. Je tu p\u00e1r z\u00e1vodn\u00edk\u016f, kte\u0159\u00ed vyd\u011bl\u00e1vaj\u00ed velk\u00e9 pen\u00edze, ale nejsou jich stovky. V\u00a0t\u00fdmech, kde jsem byl j\u00e1, to bylo sp\u00ed\u0161 z\u00a0ruky do huby&#8230; Norm\u00e1ln\u00ed \u010dlov\u011bk si ani neuv\u011bdom\u00ed, \u017ee i jako cyklista do sebe mus\u00edte investovat. Jde o individu\u00e1ln\u00ed soust\u0159ed\u011bn\u00ed, posilovnu, kvalitn\u00ed stravu, regeneraci. To jsou v\u011bci, kter\u00e9 pot\u0159ebujete, a prost\u011b na to mus\u00edte pen\u00edze d\u00e1t. Abych odpov\u011bd\u011bl na tu ot\u00e1zku: j\u00e1 se ur\u010dit\u011b cyklistikou nezabezpe\u010dil. Ale pro\u017eil jsem kr\u00e1sn\u00e9 roky a jsem za n\u011b moc r\u00e1d.<\/p>\n<blockquote><p>&#8222;Tro\u0161ku m\u011b mrz\u00ed, \u017ee \u010dlov\u011bk, kter\u00fd se provinil ve sportu, je vyvrhel a v\u0161ichni ho o\u010der\u0148uj\u00ed. Ale ve spole\u010dnosti kolem n\u00e1s je spousta daleko v\u011bt\u0161\u00edch spros\u0165\u00e1k\u016f a podvodn\u00edk\u016f, kte\u0159\u00ed vesele chod\u00ed po sv\u011bt\u011b.&#8220;<\/p><\/blockquote>\n<p><strong>V\u00a0sou\u010dasn\u00e9 dob\u011b p\u016fsob\u00edte jako mana\u017eer veletrhu For Bikes. T\u011b\u0161\u00ed v\u00e1s tahle pr\u00e1ce?<\/strong><\/p>\n<p>Moc. Jsem stra\u0161n\u011b r\u00e1d, \u017ee m\u016f\u017eu d\u011blat n\u011bco, \u010demu rozum\u00edm a co m\u011b bav\u00ed. V\u00a0bran\u017ei, kde zn\u00e1m spoustu lid\u00ed. Vztahy mezi n\u00e1mi nejsou jen na obchodn\u00ed \u00farovni, ale \u010dasto i p\u0159\u00e1telsk\u00e9. Tak\u017ee na obchodn\u00ed sch\u016fzce za\u010dneme po chv\u00edli \u0159e\u0161it t\u0159eba Tour de France :-). Ale po\u0159\u00e1d se u\u010d\u00edm nov\u00e9 v\u011bci, proto\u017ee jedn\u00e1m i s\u00a0lidmi z\u00a0veden\u00ed m\u011bst, kraj\u016f, ministerstev, tak\u017ee ta profese nen\u00ed \u00fapln\u011b jen o cyklistice.<\/p>\n<p><strong>Jak \u010dasto se vy s\u00e1m dostanete na kolo?<\/strong><\/p>\n<p>Posledn\u00ed dobou to bylo tragick\u00fd&#8230; Krom\u011b For Bikes jsme je\u0161t\u011b posledn\u00ed roky po\u0159\u00e1dali Kr\u00e1le cyklistiky a j\u00e1 byl skoro po\u0159\u00e1d v\u00a0pr\u00e1ci. Deset i \u0161estn\u00e1ct hodin. Pak \u010dlov\u011bk p\u0159ijde dom\u016f a nem\u00e1 \u010das ani chu\u0165 j\u00edt na kolo. Ale te\u010f u\u017e to bude lep\u0161\u00ed. Za\u010dal jsem trochu b\u011bhat, chod\u00edm na tenis, nechal jsem si postavit nov\u00e9 kolo a zase se mus\u00edm dostat do formy.<\/p>\n","protected":false},"excerpt":{"rendered":"<p>Dvakr\u00e1t vybojoval titul mistra republiky, vyhr\u00e1val etapy na Z\u00e1vodu m\u00edru, jednor\u00e1zov\u00e9 z\u00e1vody i men\u0161\u00ed etap\u00e1ky doma i v\u00a0cizin\u011b, p\u016fsobil v\u00a0elitn\u00edch [&hellip;]<\/p>\n","protected":false},"author":95,"featured_media":4589,"comment_status":"open","ping_status":"open","sticky":false,"template":"","format":"standard","meta":{"footnotes":""},"categories":[10],"tags":[54,594,596,242,593,592,18,595],"global-categories":[411],"class_list":["post-4579","post","type-post","status-publish","format-standard","has-post-thumbnail","hentry","category-silnicni-cyklistika","tag-doping","tag-exkluzivne","tag-for-bikes","tag-lance-armstrong","tag-legendy-na-kole","tag-lubor-tesar","tag-peter-sagan","tag-zavod-miru","global-categories-cycling"],"yoast_head":"<!-- This site is optimized with the Yoast SEO Premium plugin v25.3 (Yoast SEO v25.9) - https:\/\/yoast.com\/wordpress\/plugins\/seo\/ -->\n<title>Lubor Tesa\u0159: Armstrong by byl nejlep\u0161\u00ed i bez dopingu | \u0160koda We Love Cycling - \u010cesk\u00e1 republika<\/title>\n<meta name=\"description\" content=\"Lubor Tesa\u0159 pat\u0159il u n\u00e1s k absolutn\u00ed \u0161pi\u010dce, dok\u00e1zal se prosadit i v\u00a0zahrani\u010d\u00ed. Jak \u017eije nyn\u00ed, co si mysl\u00ed o dopingu a jak hodnot\u00ed sou\u010dasnou cyklistiku?\" \/>\n<meta name=\"robots\" content=\"index, follow, max-snippet:-1, max-image-preview:large, max-video-preview:-1\" \/>\n<link rel=\"canonical\" href=\"https:\/\/www.welovecycling.com\/cs\/2019\/10\/25\/lubor-tesar-armstrong-by-byl-nejlepsi-i-bez-dopingu\/\" \/>\n<meta property=\"og:locale\" content=\"cs_CZ\" \/>\n<meta property=\"og:type\" content=\"article\" \/>\n<meta property=\"og:title\" content=\"Lubor Tesa\u0159: Armstrong by byl nejlep\u0161\u00ed i bez dopingu\" \/>\n<meta property=\"og:description\" content=\"Lubor Tesa\u0159 pat\u0159il u n\u00e1s k absolutn\u00ed \u0161pi\u010dce, dok\u00e1zal se prosadit i v\u00a0zahrani\u010d\u00ed. Jak \u017eije nyn\u00ed, co si mysl\u00ed o dopingu a jak hodnot\u00ed sou\u010dasnou cyklistiku?\" \/>\n<meta property=\"og:url\" content=\"https:\/\/www.welovecycling.com\/cs\/2019\/10\/25\/lubor-tesar-armstrong-by-byl-nejlepsi-i-bez-dopingu\/\" \/>\n<meta property=\"og:site_name\" content=\"\u0160koda We Love Cycling - \u010cesk\u00e1 republika\" \/>\n<meta property=\"article:published_time\" content=\"2019-10-25T11:33:29+00:00\" \/>\n<meta property=\"og:image\" content=\"https:\/\/d2p6e6u75xmxt8.cloudfront.net\/13\/2019\/10\/profimedia-0221746659-1.webp\" \/>\n\t<meta property=\"og:image:width\" content=\"1800\" \/>\n\t<meta property=\"og:image:height\" content=\"1109\" \/>\n\t<meta property=\"og:image:type\" content=\"image\/webp\" \/>\n<meta name=\"twitter:card\" content=\"summary_large_image\" \/>\n<meta name=\"twitter:label1\" content=\"Written by\" \/>\n\t<meta name=\"twitter:data1\" content=\"\" \/>\n\t<meta name=\"twitter:label2\" content=\"Est. reading time\" \/>\n\t<meta name=\"twitter:data2\" content=\"11 minut\" \/>\n<script type=\"application\/ld+json\" class=\"yoast-schema-graph\">{\"@context\":\"https:\/\/schema.org\",\"@graph\":[{\"@type\":\"WebPage\",\"@id\":\"https:\/\/www.welovecycling.com\/cs\/2019\/10\/25\/lubor-tesar-armstrong-by-byl-nejlepsi-i-bez-dopingu\/\",\"url\":\"https:\/\/www.welovecycling.com\/cs\/2019\/10\/25\/lubor-tesar-armstrong-by-byl-nejlepsi-i-bez-dopingu\/\",\"name\":\"Lubor Tesa\u0159: Armstrong by byl nejlep\u0161\u00ed i bez dopingu | \u0160koda We Love Cycling - \u010cesk\u00e1 republika\",\"isPartOf\":{\"@id\":\"https:\/\/www.welovecycling.com\/cs\/#website\"},\"primaryImageOfPage\":{\"@id\":\"https:\/\/www.welovecycling.com\/cs\/2019\/10\/25\/lubor-tesar-armstrong-by-byl-nejlepsi-i-bez-dopingu\/#primaryimage\"},\"image\":{\"@id\":\"https:\/\/www.welovecycling.com\/cs\/2019\/10\/25\/lubor-tesar-armstrong-by-byl-nejlepsi-i-bez-dopingu\/#primaryimage\"},\"thumbnailUrl\":\"https:\/\/d2p6e6u75xmxt8.cloudfront.net\/13\/2019\/10\/profimedia-0221746659-1.webp\",\"datePublished\":\"2019-10-25T11:33:29+00:00\",\"author\":{\"@id\":\"\"},\"description\":\"Lubor Tesa\u0159 pat\u0159il u n\u00e1s k absolutn\u00ed \u0161pi\u010dce, dok\u00e1zal se prosadit i v\u00a0zahrani\u010d\u00ed. Jak \u017eije nyn\u00ed, co si mysl\u00ed o dopingu a jak hodnot\u00ed sou\u010dasnou cyklistiku?\",\"inLanguage\":\"cs\",\"potentialAction\":[{\"@type\":\"ReadAction\",\"target\":[\"https:\/\/www.welovecycling.com\/cs\/2019\/10\/25\/lubor-tesar-armstrong-by-byl-nejlepsi-i-bez-dopingu\/\"]}]},{\"@type\":\"ImageObject\",\"inLanguage\":\"cs\",\"@id\":\"https:\/\/www.welovecycling.com\/cs\/2019\/10\/25\/lubor-tesar-armstrong-by-byl-nejlepsi-i-bez-dopingu\/#primaryimage\",\"url\":\"https:\/\/d2p6e6u75xmxt8.cloudfront.net\/13\/2019\/10\/profimedia-0221746659-1.webp\",\"contentUrl\":\"https:\/\/d2p6e6u75xmxt8.cloudfront.net\/13\/2019\/10\/profimedia-0221746659-1.webp\",\"width\":1800,\"height\":1109,\"caption\":\"Czech cycling pro Lubor Tesar of team Wiesenhof Akud attacks during the first stage of the Tour of Germany near Duesseldorf, Germany, Wednesday, 02 August 2006. The Cycling ProTour race over 1390,5 kilometres leads from Duesseldorf to Karlsruhe in eight stages., Image: 221746659, License: Rights-managed, Restrictions: GERMANY OUT GERMANY OUT GERMANY OUT GERMANY OUT, Model Release: no, Credit line: Gero Breloer \/ EPA \/ Profimedia\"},{\"@type\":\"WebSite\",\"@id\":\"https:\/\/www.welovecycling.com\/cs\/#website\",\"url\":\"https:\/\/www.welovecycling.com\/cs\/\",\"name\":\"\u0160koda We Love Cycling - \u010cesk\u00e1 republika\",\"description\":\"WeLoveCycling.cz je online magaz\u00edn, kter\u00fd v\u00e1m pravideln\u011b p\u0159in\u00e1\u0161\u00ed rady a tipy, zaj\u00edmav\u00e9 \u010dl\u00e1nky, videa a jedine\u010dn\u00e9 report\u00e1\u017ee ze sv\u011bta cyklistiky.\",\"potentialAction\":[{\"@type\":\"SearchAction\",\"target\":{\"@type\":\"EntryPoint\",\"urlTemplate\":\"https:\/\/www.welovecycling.com\/cs\/?s={search_term_string}\"},\"query-input\":{\"@type\":\"PropertyValueSpecification\",\"valueRequired\":true,\"valueName\":\"search_term_string\"}}],\"inLanguage\":\"cs\"},{\"@type\":\"Person\",\"@id\":\"\",\"url\":\"https:\/\/www.welovecycling.com\/cs\/author\/\"}]}<\/script>\n<!-- \/ Yoast SEO Premium plugin. -->","yoast_head_json":{"title":"Lubor Tesa\u0159: Armstrong by byl nejlep\u0161\u00ed i bez dopingu | \u0160koda We Love Cycling - \u010cesk\u00e1 republika","description":"Lubor Tesa\u0159 pat\u0159il u n\u00e1s k absolutn\u00ed \u0161pi\u010dce, dok\u00e1zal se prosadit i v\u00a0zahrani\u010d\u00ed. Jak \u017eije nyn\u00ed, co si mysl\u00ed o dopingu a jak hodnot\u00ed sou\u010dasnou cyklistiku?","robots":{"index":"index","follow":"follow","max-snippet":"max-snippet:-1","max-image-preview":"max-image-preview:large","max-video-preview":"max-video-preview:-1"},"canonical":"https:\/\/www.welovecycling.com\/cs\/2019\/10\/25\/lubor-tesar-armstrong-by-byl-nejlepsi-i-bez-dopingu\/","og_locale":"cs_CZ","og_type":"article","og_title":"Lubor Tesa\u0159: Armstrong by byl nejlep\u0161\u00ed i bez dopingu","og_description":"Lubor Tesa\u0159 pat\u0159il u n\u00e1s k absolutn\u00ed \u0161pi\u010dce, dok\u00e1zal se prosadit i v\u00a0zahrani\u010d\u00ed. Jak \u017eije nyn\u00ed, co si mysl\u00ed o dopingu a jak hodnot\u00ed sou\u010dasnou cyklistiku?","og_url":"https:\/\/www.welovecycling.com\/cs\/2019\/10\/25\/lubor-tesar-armstrong-by-byl-nejlepsi-i-bez-dopingu\/","og_site_name":"\u0160koda We Love Cycling - \u010cesk\u00e1 republika","article_published_time":"2019-10-25T11:33:29+00:00","og_image":[{"width":1800,"height":1109,"url":"https:\/\/d2p6e6u75xmxt8.cloudfront.net\/13\/2019\/10\/profimedia-0221746659-1.webp","type":"image\/webp"}],"twitter_card":"summary_large_image","twitter_misc":{"Written by":"","Est. reading time":"11 minut"},"schema":{"@context":"https:\/\/schema.org","@graph":[{"@type":"WebPage","@id":"https:\/\/www.welovecycling.com\/cs\/2019\/10\/25\/lubor-tesar-armstrong-by-byl-nejlepsi-i-bez-dopingu\/","url":"https:\/\/www.welovecycling.com\/cs\/2019\/10\/25\/lubor-tesar-armstrong-by-byl-nejlepsi-i-bez-dopingu\/","name":"Lubor Tesa\u0159: Armstrong by byl nejlep\u0161\u00ed i bez dopingu | \u0160koda We Love Cycling - \u010cesk\u00e1 republika","isPartOf":{"@id":"https:\/\/www.welovecycling.com\/cs\/#website"},"primaryImageOfPage":{"@id":"https:\/\/www.welovecycling.com\/cs\/2019\/10\/25\/lubor-tesar-armstrong-by-byl-nejlepsi-i-bez-dopingu\/#primaryimage"},"image":{"@id":"https:\/\/www.welovecycling.com\/cs\/2019\/10\/25\/lubor-tesar-armstrong-by-byl-nejlepsi-i-bez-dopingu\/#primaryimage"},"thumbnailUrl":"https:\/\/d2p6e6u75xmxt8.cloudfront.net\/13\/2019\/10\/profimedia-0221746659-1.webp","datePublished":"2019-10-25T11:33:29+00:00","author":{"@id":""},"description":"Lubor Tesa\u0159 pat\u0159il u n\u00e1s k absolutn\u00ed \u0161pi\u010dce, dok\u00e1zal se prosadit i v\u00a0zahrani\u010d\u00ed. Jak \u017eije nyn\u00ed, co si mysl\u00ed o dopingu a jak hodnot\u00ed sou\u010dasnou cyklistiku?","inLanguage":"cs","potentialAction":[{"@type":"ReadAction","target":["https:\/\/www.welovecycling.com\/cs\/2019\/10\/25\/lubor-tesar-armstrong-by-byl-nejlepsi-i-bez-dopingu\/"]}]},{"@type":"ImageObject","inLanguage":"cs","@id":"https:\/\/www.welovecycling.com\/cs\/2019\/10\/25\/lubor-tesar-armstrong-by-byl-nejlepsi-i-bez-dopingu\/#primaryimage","url":"https:\/\/d2p6e6u75xmxt8.cloudfront.net\/13\/2019\/10\/profimedia-0221746659-1.webp","contentUrl":"https:\/\/d2p6e6u75xmxt8.cloudfront.net\/13\/2019\/10\/profimedia-0221746659-1.webp","width":1800,"height":1109,"caption":"Czech cycling pro Lubor Tesar of team Wiesenhof Akud attacks during the first stage of the Tour of Germany near Duesseldorf, Germany, Wednesday, 02 August 2006. The Cycling ProTour race over 1390,5 kilometres leads from Duesseldorf to Karlsruhe in eight stages., Image: 221746659, License: Rights-managed, Restrictions: GERMANY OUT GERMANY OUT GERMANY OUT GERMANY OUT, Model Release: no, Credit line: Gero Breloer \/ EPA \/ Profimedia"},{"@type":"WebSite","@id":"https:\/\/www.welovecycling.com\/cs\/#website","url":"https:\/\/www.welovecycling.com\/cs\/","name":"\u0160koda We Love Cycling - \u010cesk\u00e1 republika","description":"WeLoveCycling.cz je online magaz\u00edn, kter\u00fd v\u00e1m pravideln\u011b p\u0159in\u00e1\u0161\u00ed rady a tipy, zaj\u00edmav\u00e9 \u010dl\u00e1nky, videa a jedine\u010dn\u00e9 report\u00e1\u017ee ze sv\u011bta cyklistiky.","potentialAction":[{"@type":"SearchAction","target":{"@type":"EntryPoint","urlTemplate":"https:\/\/www.welovecycling.com\/cs\/?s={search_term_string}"},"query-input":{"@type":"PropertyValueSpecification","valueRequired":true,"valueName":"search_term_string"}}],"inLanguage":"cs"},{"@type":"Person","@id":"","url":"https:\/\/www.welovecycling.com\/cs\/author\/"}]}},"_links":{"self":[{"href":"https:\/\/www.welovecycling.com\/cs\/wp-json\/wp\/v2\/posts\/4579","targetHints":{"allow":["GET"]}}],"collection":[{"href":"https:\/\/www.welovecycling.com\/cs\/wp-json\/wp\/v2\/posts"}],"about":[{"href":"https:\/\/www.welovecycling.com\/cs\/wp-json\/wp\/v2\/types\/post"}],"author":[{"embeddable":true,"href":"https:\/\/www.welovecycling.com\/cs\/wp-json\/wp\/v2\/users\/95"}],"replies":[{"embeddable":true,"href":"https:\/\/www.welovecycling.com\/cs\/wp-json\/wp\/v2\/comments?post=4579"}],"version-history":[{"count":2,"href":"https:\/\/www.welovecycling.com\/cs\/wp-json\/wp\/v2\/posts\/4579\/revisions"}],"predecessor-version":[{"id":4592,"href":"https:\/\/www.welovecycling.com\/cs\/wp-json\/wp\/v2\/posts\/4579\/revisions\/4592"}],"wp:featuredmedia":[{"embeddable":true,"href":"https:\/\/www.welovecycling.com\/cs\/wp-json\/wp\/v2\/media\/4589"}],"wp:attachment":[{"href":"https:\/\/www.welovecycling.com\/cs\/wp-json\/wp\/v2\/media?parent=4579"}],"wp:term":[{"taxonomy":"category","embeddable":true,"href":"https:\/\/www.welovecycling.com\/cs\/wp-json\/wp\/v2\/categories?post=4579"},{"taxonomy":"post_tag","embeddable":true,"href":"https:\/\/www.welovecycling.com\/cs\/wp-json\/wp\/v2\/tags?post=4579"},{"taxonomy":"global-categories","embeddable":true,"href":"https:\/\/www.welovecycling.com\/cs\/wp-json\/wp\/v2\/global-categories?post=4579"}],"curies":[{"name":"wp","href":"https:\/\/api.w.org\/{rel}","templated":true}]}}