{"id":4570,"date":"2019-10-24T17:12:55","date_gmt":"2019-10-24T15:12:55","guid":{"rendered":"https:\/\/www.welovecycling.com\/cs\/?p=4570"},"modified":"2019-10-24T10:22:39","modified_gmt":"2019-10-24T08:22:39","slug":"rampage-v-praze-primy-prenos-slavneho-zavodu-uvedou-2-bikove-legendy-welovecycling-cr","status":"publish","type":"post","link":"https:\/\/www.welovecycling.com\/cs\/2019\/10\/24\/rampage-v-praze-primy-prenos-slavneho-zavodu-uvedou-2-bikove-legendy-welovecycling-cr\/","title":{"rendered":"Rampage v Praze, p\u0159\u00edm\u00fd p\u0159enos slavn\u00e9ho z\u00e1vodu uvedou dv\u011b bikov\u00e9 legendy"},"content":{"rendered":"<p><strong>Dech berouc\u00ed atmosf\u00e9ru z\u00e1vodu <a href=\"https:\/\/www.redbull.com\/us-en\/events\/rampage\">Red Bull Rampage<\/a> si budou moct u\u017e\u00edt v\u0161ichni bikov\u00fd nad\u0161enci v\u00a0pra\u017esk\u00e9 <a href=\"https:\/\/kulturnisportovna.cz\/\">Radlick\u00e9 kulturn\u00ed sportovn\u011b<\/a>. U\u017e 25. \u0159\u00edjna bude v\u00a0obl\u00edben\u00e9m prostoru prob\u00edhat live streaming z\u00a0leto\u0161n\u00edho ro\u010dn\u00edku kultovn\u00ed akce. A kdo jin\u00fd by m\u011bl p\u0159\u00edm\u00fd p\u0159enos uv\u00e1d\u011bt ne\u017e <a href=\"https:\/\/www.instagram.com\/richardgasperotti\/?hl=en\">Richard Gasperotti<\/a> a <a href=\"https:\/\/www.redbull.com\/cz-cs\/athlete\/michal-marosi\">Michal Maro\u0161i<\/a>, legendy, kter\u00e9 si zkusily Rampage na vlastn\u00ed k\u016f\u017ei. Maro\u0161i se\u00a0 nav\u00edc st\u00e1v\u00e1 novou tv\u00e1\u0159\u00ed platformy We Love Cycling, tak\u017ee se minim\u00e1ln\u011b na na\u0161em \u010desk\u00e9m kan\u00e1le m\u016f\u017eete t\u011b\u0161it na po\u0159\u00e1dnou porci z\u00e1bavy a adrenalinu.<\/strong><\/p>\n<p><!--more--><\/p>\n<p>Jedenadvacet nejlep\u0161\u00edch freerider\u016f na sv\u011bt\u011b se ji\u017e po\u010dtrn\u00e1ct\u00e9 vr\u00e1t\u00ed do pou\u0161t\u011b v\u00a0americk\u00e9m Utahu, aby se vyrovnali s\u00a0p\u0159ek\u00e1\u017ekami, dropy, skoky i n\u00e1ro\u010dn\u00fdmi sjezdy na nej\u0161\u00edlen\u011bj\u0161\u00edm z\u00e1vod\u011b sv\u011bta. Red Bull Rampage vyvrchol\u00ed fin\u00e1lov\u00fdmi j\u00edzdami v\u00a0p\u00e1tek 25. \u0159\u00edjna od 18:00.<\/p>\n<p><a href=\"https:\/\/d2p6e6u75xmxt8.cloudfront.net\/13\/2019\/10\/AP-1XAYS9S5D2111_news.jpg\"><img loading=\"lazy\" decoding=\"async\" class=\"alignnone size-large wp-image-4572\" src=\"https:\/\/d2p6e6u75xmxt8.cloudfront.net\/13\/2019\/10\/AP-1XAYS9S5D2111_news-1024x683.jpg\" alt=\"\" width=\"1024\" height=\"683\" \/><\/a><\/p>\n<h2><strong>Legendy na startu, legendy u mikrofonu<\/strong><\/h2>\n<p>Na start se v\u00a0pou\u0161ti postav\u00ed zku\u0161en\u00ed matado\u0159i jako Cam Zink (v\u00edt\u011bz z roku 2010), Carson Storch, Brandon Semenuk (v\u00edt\u011bz z let 2008 a 2016) nebo Graham Agassiz. Bohu\u017eel se fanou\u0161ci nedo\u010dkaj\u00ed p\u0159edstaven\u00ed Gee Athertona nebo Antoina Bizeta, kte\u0159\u00ed odstoupili kv\u016fli zran\u011bn\u00ed. \u0160anci mezi elitou naopak dostal \u0161v\u00e9dsk\u00fd z\u00e1vodn\u00edk Emil Johanson, kter\u00fd se musel v\u00a0roce 2018 vypo\u0159\u00e1d\u00e1vat s\u00a0nebezpe\u010dn\u00fdm autoimunitn\u00edm onemocn\u011bn\u00edm.<\/p>\n<p>Ve\u010derem, na kter\u00e9m se v\u00a0z\u00e1v\u011bru sezony potkaj\u00ed jezdci z\u00a0cel\u00e9 republiky budou se sv\u00fdm typick\u00fdm smyslem pro humor a vlastn\u00edmi zku\u0161enostmi ze z\u00e1vodu prov\u00e1d\u011bt \u201eGaspi\u201c s \u201eM\u00e1ro\u0161\u00e1kem\u201c. Oba dva se s\u00a0trat\u00ed v\u00a0pou\u0161ti v\u00a0minulosti \u00fasp\u011b\u0161n\u011b vypo\u0159\u00e1dali.<\/p>\n<figure id=\"attachment_4576\" aria-describedby=\"caption-attachment-4576\" style=\"width: 1024px\" class=\"wp-caption alignnone\"><a href=\"https:\/\/d2p6e6u75xmxt8.cloudfront.net\/13\/2019\/10\/IMG_6186.JPG.jpg\"><img loading=\"lazy\" decoding=\"async\" class=\"size-large wp-image-4576\" src=\"https:\/\/d2p6e6u75xmxt8.cloudfront.net\/13\/2019\/10\/IMG_6186.JPG-1024x683.jpg\" alt=\"\" width=\"1024\" height=\"683\" \/><\/a><figcaption id=\"caption-attachment-4576\" class=\"wp-caption-text\">Freerider Michal Maro\u0161i (vlevo) zahajuje spolupr\u00e1ci s platformou We Love Cycling \u010cR.<\/figcaption><\/figure>\n<p><em>\u201eKdy\u017e jsem poprv\u00e9 st\u00e1l p\u0159ed velk\u00fdm masivem v\u00a0Utahu, tak mi padla \u010delist a v\u011bd\u011bl jsem, \u017ee to nebude prdel! Ale po\u0159\u00e1d to byl freeride, uprav\u00ed\u0161 si jen odpal, odh\u00e1\u017ee\u0161 kameny z dopadu, vymysl\u00ed\u0161 si osobitou lajnu a pokud se \u010dlov\u011bk neutahal \u010di\u0161t\u011bn\u00edm t\u011bch dopad\u016f, m\u011bl je\u0161t\u011b s\u00edlu vl\u00e9zt na kolo a tr\u00e9ninkov\u011b se sv\u00e9zt,\u201c<\/em> popisoval Gaspi sv\u016fj prvn\u00ed z\u00e1\u017eitek s\u00a0Red Bull Rampage, na n\u011bm\u017e se objevil poprv\u00e9 v\u00a0roce 2002.<\/p>\n<h2><strong>Pohodov\u00e1 atmosf\u00e9ra<\/strong><\/h2>\n<p>Nejo\u010dek\u00e1van\u011bj\u0161\u00ed freeridov\u00e1 akce roku se bude v\u00a0Radlick\u00e9 kulturn\u00ed sportovn\u011b prom\u00edtat na dvou pl\u00e1tnech. Nebude chyb\u011bt dostatek m\u00edst k\u00a0sezen\u00ed ani welcome drink. I p\u0159esto, \u017ee posledn\u00ed \u0159\u00edjnov\u00fd v\u00edkend u\u017e m\u016f\u017ee b\u00fdt chladn\u011bji, p\u0159ed sportovnou se chyst\u00e1 grilov\u00e1n\u00ed.<\/p>\n<p><a href=\"https:\/\/d2p6e6u75xmxt8.cloudfront.net\/13\/2019\/10\/AP-1XAYRTW5D2111_news.jpg\"><img loading=\"lazy\" decoding=\"async\" class=\"alignnone size-large wp-image-4571\" src=\"https:\/\/d2p6e6u75xmxt8.cloudfront.net\/13\/2019\/10\/AP-1XAYRTW5D2111_news-1024x683.jpg\" alt=\"\" width=\"1024\" height=\"683\" \/><\/a><\/p>\n<p>Pot\u00e9, co koment\u00e1torsk\u00e1 dvojice ozn\u00e1m\u00ed jm\u00e9no v\u00edt\u011bze leto\u0161n\u00edho ro\u010dn\u00edku, propukne v\u00a0Radlic\u00edch afterparty pod taktovkou DJ Davidka. Ten si pro v\u0161echny p\u0159\u00edtomn\u00e9 bikery p\u0159ipravil obl\u00edben\u00fd hard core a punk rock. <em>\u201eJe to event s nezam\u011bnitelnou atmosf\u00e9rou, kter\u00fd je jen jednou do roka na ojedin\u011bl\u00e9m m\u00edst\u011b,\u201c<\/em> dod\u00e1v\u00e1 Gaspi. Tak si nezapome\u0148 napsat datum akce do kalend\u00e1\u0159e a p\u0159ij\u010f se pod\u00edvat, jak to rozbal\u00ed jezdci na trati i Gaspi s\u00a0M\u00e1ro\u0161\u00e1kem na mikrofonu.<\/p>\n","protected":false},"excerpt":{"rendered":"<p>Dech berouc\u00ed atmosf\u00e9ru z\u00e1vodu Red Bull Rampage si budou moct u\u017e\u00edt v\u0161ichni bikov\u00fd nad\u0161enci v\u00a0pra\u017esk\u00e9 Radlick\u00e9 kulturn\u00ed sportovn\u011b. U\u017e 25. [&hellip;]<\/p>\n","protected":false},"author":95,"featured_media":4574,"comment_status":"open","ping_status":"open","sticky":false,"template":"","format":"standard","meta":{"footnotes":""},"categories":[15],"tags":[590,588,589,591,587,585,586],"global-categories":[],"class_list":["post-4570","post","type-post","status-publish","format-standard","has-post-thumbnail","hentry","category-rady-tipy","tag-brandon-semenuk","tag-cam-zink","tag-carson-storch","tag-graham-agassiz","tag-michal-marosi","tag-red-bull-rampage","tag-richard-gasperotti"],"yoast_head":"<!-- This site is optimized with the Yoast SEO Premium plugin v25.3 (Yoast SEO v25.9) - https:\/\/yoast.com\/wordpress\/plugins\/seo\/ -->\n<title>Rampage v Praze, p\u0159\u00edm\u00fd p\u0159enos slavn\u00e9ho z\u00e1vodu uvedou dv\u011b bikov\u00e9 legendy | \u0160koda We Love Cycling - \u010cesk\u00e1 republika<\/title>\n<meta name=\"description\" content=\"Dech berouc\u00ed atmosf\u00e9ru z\u00e1vodu Red Bull Rampage si budou moct u\u017e\u00edt v\u0161ichni bikov\u00fd nad\u0161enci v\u00a0pra\u017esk\u00e9 Radlick\u00e9 kulturn\u00ed sportovn\u011b.\" \/>\n<meta name=\"robots\" content=\"index, follow, max-snippet:-1, max-image-preview:large, max-video-preview:-1\" \/>\n<link rel=\"canonical\" href=\"https:\/\/www.welovecycling.com\/cs\/2019\/10\/24\/rampage-v-praze-primy-prenos-slavneho-zavodu-uvedou-2-bikove-legendy-welovecycling-cr\/\" \/>\n<meta property=\"og:locale\" content=\"cs_CZ\" \/>\n<meta property=\"og:type\" content=\"article\" \/>\n<meta property=\"og:title\" content=\"Rampage v Praze, p\u0159\u00edm\u00fd p\u0159enos slavn\u00e9ho z\u00e1vodu uvedou dv\u011b bikov\u00e9 legendy\" \/>\n<meta property=\"og:description\" content=\"Dech berouc\u00ed atmosf\u00e9ru z\u00e1vodu Red Bull Rampage si budou moct u\u017e\u00edt v\u0161ichni bikov\u00fd nad\u0161enci v\u00a0pra\u017esk\u00e9 Radlick\u00e9 kulturn\u00ed sportovn\u011b.\" \/>\n<meta property=\"og:url\" content=\"https:\/\/www.welovecycling.com\/cs\/2019\/10\/24\/rampage-v-praze-primy-prenos-slavneho-zavodu-uvedou-2-bikove-legendy-welovecycling-cr\/\" \/>\n<meta property=\"og:site_name\" content=\"\u0160koda We Love Cycling - \u010cesk\u00e1 republika\" \/>\n<meta property=\"article:published_time\" content=\"2019-10-24T15:12:55+00:00\" \/>\n<meta property=\"og:image\" content=\"https:\/\/d2p6e6u75xmxt8.cloudfront.net\/13\/2019\/10\/AP-1XAYT4JTH2111_news-scaled.webp\" \/>\n\t<meta property=\"og:image:width\" content=\"2560\" \/>\n\t<meta property=\"og:image:height\" content=\"1706\" \/>\n\t<meta property=\"og:image:type\" content=\"image\/webp\" \/>\n<meta name=\"twitter:card\" content=\"summary_large_image\" \/>\n<meta name=\"twitter:label1\" content=\"Written by\" \/>\n\t<meta name=\"twitter:data1\" content=\"We Love Cycling \u010cR\" \/>\n\t<meta name=\"twitter:label2\" content=\"Est. reading time\" \/>\n\t<meta name=\"twitter:data2\" content=\"3\" \/>\n<script type=\"application\/ld+json\" class=\"yoast-schema-graph\">{\"@context\":\"https:\/\/schema.org\",\"@graph\":[{\"@type\":\"WebPage\",\"@id\":\"https:\/\/www.welovecycling.com\/cs\/2019\/10\/24\/rampage-v-praze-primy-prenos-slavneho-zavodu-uvedou-2-bikove-legendy-welovecycling-cr\/\",\"url\":\"https:\/\/www.welovecycling.com\/cs\/2019\/10\/24\/rampage-v-praze-primy-prenos-slavneho-zavodu-uvedou-2-bikove-legendy-welovecycling-cr\/\",\"name\":\"Rampage v Praze, p\u0159\u00edm\u00fd p\u0159enos slavn\u00e9ho z\u00e1vodu uvedou dv\u011b bikov\u00e9 legendy | \u0160koda We Love Cycling - \u010cesk\u00e1 republika\",\"isPartOf\":{\"@id\":\"https:\/\/www.welovecycling.com\/cs\/#website\"},\"primaryImageOfPage\":{\"@id\":\"https:\/\/www.welovecycling.com\/cs\/2019\/10\/24\/rampage-v-praze-primy-prenos-slavneho-zavodu-uvedou-2-bikove-legendy-welovecycling-cr\/#primaryimage\"},\"image\":{\"@id\":\"https:\/\/www.welovecycling.com\/cs\/2019\/10\/24\/rampage-v-praze-primy-prenos-slavneho-zavodu-uvedou-2-bikove-legendy-welovecycling-cr\/#primaryimage\"},\"thumbnailUrl\":\"https:\/\/d2p6e6u75xmxt8.cloudfront.net\/13\/2019\/10\/AP-1XAYT4JTH2111_news-scaled.webp\",\"datePublished\":\"2019-10-24T15:12:55+00:00\",\"author\":{\"@id\":\"\"},\"description\":\"Dech berouc\u00ed atmosf\u00e9ru z\u00e1vodu Red Bull Rampage si budou moct u\u017e\u00edt v\u0161ichni bikov\u00fd nad\u0161enci v\u00a0pra\u017esk\u00e9 Radlick\u00e9 kulturn\u00ed sportovn\u011b.\",\"inLanguage\":\"cs\",\"potentialAction\":[{\"@type\":\"ReadAction\",\"target\":[\"https:\/\/www.welovecycling.com\/cs\/2019\/10\/24\/rampage-v-praze-primy-prenos-slavneho-zavodu-uvedou-2-bikove-legendy-welovecycling-cr\/\"]}]},{\"@type\":\"ImageObject\",\"inLanguage\":\"cs\",\"@id\":\"https:\/\/www.welovecycling.com\/cs\/2019\/10\/24\/rampage-v-praze-primy-prenos-slavneho-zavodu-uvedou-2-bikove-legendy-welovecycling-cr\/#primaryimage\",\"url\":\"https:\/\/d2p6e6u75xmxt8.cloudfront.net\/13\/2019\/10\/AP-1XAYT4JTH2111_news-scaled.webp\",\"contentUrl\":\"https:\/\/d2p6e6u75xmxt8.cloudfront.net\/13\/2019\/10\/AP-1XAYT4JTH2111_news-scaled.webp\",\"width\":2560,\"height\":1706},{\"@type\":\"WebSite\",\"@id\":\"https:\/\/www.welovecycling.com\/cs\/#website\",\"url\":\"https:\/\/www.welovecycling.com\/cs\/\",\"name\":\"\u0160koda We Love Cycling - \u010cesk\u00e1 republika\",\"description\":\"WeLoveCycling.cz je online magaz\u00edn, kter\u00fd v\u00e1m pravideln\u011b p\u0159in\u00e1\u0161\u00ed rady a tipy, zaj\u00edmav\u00e9 \u010dl\u00e1nky, videa a jedine\u010dn\u00e9 report\u00e1\u017ee ze sv\u011bta cyklistiky.\",\"potentialAction\":[{\"@type\":\"SearchAction\",\"target\":{\"@type\":\"EntryPoint\",\"urlTemplate\":\"https:\/\/www.welovecycling.com\/cs\/?s={search_term_string}\"},\"query-input\":{\"@type\":\"PropertyValueSpecification\",\"valueRequired\":true,\"valueName\":\"search_term_string\"}}],\"inLanguage\":\"cs\"},{\"@type\":\"Person\",\"@id\":\"\",\"url\":\"https:\/\/www.welovecycling.com\/cs\/author\/\"}]}<\/script>\n<!-- \/ Yoast SEO Premium plugin. -->","yoast_head_json":{"title":"Rampage v Praze, p\u0159\u00edm\u00fd p\u0159enos slavn\u00e9ho z\u00e1vodu uvedou dv\u011b bikov\u00e9 legendy | \u0160koda We Love Cycling - \u010cesk\u00e1 republika","description":"Dech berouc\u00ed atmosf\u00e9ru z\u00e1vodu Red Bull Rampage si budou moct u\u017e\u00edt v\u0161ichni bikov\u00fd nad\u0161enci v\u00a0pra\u017esk\u00e9 Radlick\u00e9 kulturn\u00ed sportovn\u011b.","robots":{"index":"index","follow":"follow","max-snippet":"max-snippet:-1","max-image-preview":"max-image-preview:large","max-video-preview":"max-video-preview:-1"},"canonical":"https:\/\/www.welovecycling.com\/cs\/2019\/10\/24\/rampage-v-praze-primy-prenos-slavneho-zavodu-uvedou-2-bikove-legendy-welovecycling-cr\/","og_locale":"cs_CZ","og_type":"article","og_title":"Rampage v Praze, p\u0159\u00edm\u00fd p\u0159enos slavn\u00e9ho z\u00e1vodu uvedou dv\u011b bikov\u00e9 legendy","og_description":"Dech berouc\u00ed atmosf\u00e9ru z\u00e1vodu Red Bull Rampage si budou moct u\u017e\u00edt v\u0161ichni bikov\u00fd nad\u0161enci v\u00a0pra\u017esk\u00e9 Radlick\u00e9 kulturn\u00ed sportovn\u011b.","og_url":"https:\/\/www.welovecycling.com\/cs\/2019\/10\/24\/rampage-v-praze-primy-prenos-slavneho-zavodu-uvedou-2-bikove-legendy-welovecycling-cr\/","og_site_name":"\u0160koda We Love Cycling - \u010cesk\u00e1 republika","article_published_time":"2019-10-24T15:12:55+00:00","og_image":[{"width":2560,"height":1706,"url":"https:\/\/d2p6e6u75xmxt8.cloudfront.net\/13\/2019\/10\/AP-1XAYT4JTH2111_news-scaled.webp","type":"image\/webp"}],"twitter_card":"summary_large_image","twitter_misc":{"Written by":"We Love Cycling \u010cR","Est. reading time":"3"},"schema":{"@context":"https:\/\/schema.org","@graph":[{"@type":"WebPage","@id":"https:\/\/www.welovecycling.com\/cs\/2019\/10\/24\/rampage-v-praze-primy-prenos-slavneho-zavodu-uvedou-2-bikove-legendy-welovecycling-cr\/","url":"https:\/\/www.welovecycling.com\/cs\/2019\/10\/24\/rampage-v-praze-primy-prenos-slavneho-zavodu-uvedou-2-bikove-legendy-welovecycling-cr\/","name":"Rampage v Praze, p\u0159\u00edm\u00fd p\u0159enos slavn\u00e9ho z\u00e1vodu uvedou dv\u011b bikov\u00e9 legendy | \u0160koda We Love Cycling - \u010cesk\u00e1 republika","isPartOf":{"@id":"https:\/\/www.welovecycling.com\/cs\/#website"},"primaryImageOfPage":{"@id":"https:\/\/www.welovecycling.com\/cs\/2019\/10\/24\/rampage-v-praze-primy-prenos-slavneho-zavodu-uvedou-2-bikove-legendy-welovecycling-cr\/#primaryimage"},"image":{"@id":"https:\/\/www.welovecycling.com\/cs\/2019\/10\/24\/rampage-v-praze-primy-prenos-slavneho-zavodu-uvedou-2-bikove-legendy-welovecycling-cr\/#primaryimage"},"thumbnailUrl":"https:\/\/d2p6e6u75xmxt8.cloudfront.net\/13\/2019\/10\/AP-1XAYT4JTH2111_news-scaled.webp","datePublished":"2019-10-24T15:12:55+00:00","author":{"@id":""},"description":"Dech berouc\u00ed atmosf\u00e9ru z\u00e1vodu Red Bull Rampage si budou moct u\u017e\u00edt v\u0161ichni bikov\u00fd nad\u0161enci v\u00a0pra\u017esk\u00e9 Radlick\u00e9 kulturn\u00ed sportovn\u011b.","inLanguage":"cs","potentialAction":[{"@type":"ReadAction","target":["https:\/\/www.welovecycling.com\/cs\/2019\/10\/24\/rampage-v-praze-primy-prenos-slavneho-zavodu-uvedou-2-bikove-legendy-welovecycling-cr\/"]}]},{"@type":"ImageObject","inLanguage":"cs","@id":"https:\/\/www.welovecycling.com\/cs\/2019\/10\/24\/rampage-v-praze-primy-prenos-slavneho-zavodu-uvedou-2-bikove-legendy-welovecycling-cr\/#primaryimage","url":"https:\/\/d2p6e6u75xmxt8.cloudfront.net\/13\/2019\/10\/AP-1XAYT4JTH2111_news-scaled.webp","contentUrl":"https:\/\/d2p6e6u75xmxt8.cloudfront.net\/13\/2019\/10\/AP-1XAYT4JTH2111_news-scaled.webp","width":2560,"height":1706},{"@type":"WebSite","@id":"https:\/\/www.welovecycling.com\/cs\/#website","url":"https:\/\/www.welovecycling.com\/cs\/","name":"\u0160koda We Love Cycling - \u010cesk\u00e1 republika","description":"WeLoveCycling.cz je online magaz\u00edn, kter\u00fd v\u00e1m pravideln\u011b p\u0159in\u00e1\u0161\u00ed rady a tipy, zaj\u00edmav\u00e9 \u010dl\u00e1nky, videa a jedine\u010dn\u00e9 report\u00e1\u017ee ze sv\u011bta cyklistiky.","potentialAction":[{"@type":"SearchAction","target":{"@type":"EntryPoint","urlTemplate":"https:\/\/www.welovecycling.com\/cs\/?s={search_term_string}"},"query-input":{"@type":"PropertyValueSpecification","valueRequired":true,"valueName":"search_term_string"}}],"inLanguage":"cs"},{"@type":"Person","@id":"","url":"https:\/\/www.welovecycling.com\/cs\/author\/"}]}},"_links":{"self":[{"href":"https:\/\/www.welovecycling.com\/cs\/wp-json\/wp\/v2\/posts\/4570","targetHints":{"allow":["GET"]}}],"collection":[{"href":"https:\/\/www.welovecycling.com\/cs\/wp-json\/wp\/v2\/posts"}],"about":[{"href":"https:\/\/www.welovecycling.com\/cs\/wp-json\/wp\/v2\/types\/post"}],"author":[{"embeddable":true,"href":"https:\/\/www.welovecycling.com\/cs\/wp-json\/wp\/v2\/users\/95"}],"replies":[{"embeddable":true,"href":"https:\/\/www.welovecycling.com\/cs\/wp-json\/wp\/v2\/comments?post=4570"}],"version-history":[{"count":2,"href":"https:\/\/www.welovecycling.com\/cs\/wp-json\/wp\/v2\/posts\/4570\/revisions"}],"predecessor-version":[{"id":4578,"href":"https:\/\/www.welovecycling.com\/cs\/wp-json\/wp\/v2\/posts\/4570\/revisions\/4578"}],"wp:featuredmedia":[{"embeddable":true,"href":"https:\/\/www.welovecycling.com\/cs\/wp-json\/wp\/v2\/media\/4574"}],"wp:attachment":[{"href":"https:\/\/www.welovecycling.com\/cs\/wp-json\/wp\/v2\/media?parent=4570"}],"wp:term":[{"taxonomy":"category","embeddable":true,"href":"https:\/\/www.welovecycling.com\/cs\/wp-json\/wp\/v2\/categories?post=4570"},{"taxonomy":"post_tag","embeddable":true,"href":"https:\/\/www.welovecycling.com\/cs\/wp-json\/wp\/v2\/tags?post=4570"},{"taxonomy":"global-categories","embeddable":true,"href":"https:\/\/www.welovecycling.com\/cs\/wp-json\/wp\/v2\/global-categories?post=4570"}],"curies":[{"name":"wp","href":"https:\/\/api.w.org\/{rel}","templated":true}]}}