{"id":4469,"date":"2019-10-21T09:48:20","date_gmt":"2019-10-21T07:48:20","guid":{"rendered":"https:\/\/www.welovecycling.com\/cs\/?p=4469"},"modified":"2019-10-21T09:48:53","modified_gmt":"2019-10-21T07:48:53","slug":"tip-na-vylet-od-rance-ke-dvema-plzenskym-rozhlednam","status":"publish","type":"post","link":"https:\/\/www.welovecycling.com\/cs\/2019\/10\/21\/tip-na-vylet-od-rance-ke-dvema-plzenskym-rozhlednam\/","title":{"rendered":"Tip na v\u00fdlet: Od ran\u010de ke dv\u011bma plze\u0148sk\u00fdm rozhledn\u00e1m"},"content":{"rendered":"<p><strong>Tentokr\u00e1t vyraz\u00edme do okol\u00ed Plzn\u011b a Boleveck\u00fdch rybn\u00edk\u016f, kter\u00e9 nab\u00edzej\u00ed mnoho p\u0159\u00edrodn\u00edch zaj\u00edmavost\u00ed. Na\u0161e dne\u0161n\u00ed trasa pat\u0159\u00ed mezi st\u0159edn\u011b n\u00e1ro\u010dn\u00e9, m\u011b\u0159\u00ed 41 kilometr\u016f a poklidn\u00fdm tempem ji m\u016f\u017eete zvl\u00e1dnout za zhruba 4 hodiny. Tip na cyklov\u00fdlet vznikl ve spolupr\u00e1ci s\u00a0<a href=\"http:\/\/www.denik.cz\/\">Den\u00edkem<\/a>.<\/strong><\/p>\n<p><!--more--><\/p>\n<p><strong>Pr\u016fb\u011bh trasy: <\/strong>Ran\u010d \u0160\u00eddlov\u00e1k \u2013 Krkavec \u2013 Chot\u00edkov \u2013 K\u016f\u0161t\u00ed \u2013 M\u011bsto Tou\u0161kov \u2013 Kozolupy \u2013 Vochov \u2013 Plze\u0148-K\u0159imice \u2013 Plze\u0148-centrum \u2013 pivovar \u2013 Plze\u0148-Doubravka \u2013 Krkavec<\/p>\n<p>Celou cyklotrasu si v\u00a0map\u00e1ch st\u00e1hn\u011bte <a href=\"https:\/\/www.welovecycling.com\/cs\/otestovano-jizdou\/od-rance-ke-dvema-plzenskym-rozhlednam\/\">zde.<\/a><\/p>\n<p>Vyjedeme od ran\u010de <strong><a href=\"http:\/\/www.rancsidlovak.cz\/\">\u0160\u00eddlov\u00e1k<\/a> (49.7841339N, 13.3747672E),<\/strong> jeho\u017e srdcem je stylov\u00e1 neku\u0159\u00e1ck\u00e1 hosp\u016fdka, kde se budeme c\u00edtit jako p\u0159ed 100 lety. Sou\u010d\u00e1st\u00ed ran\u010de je i jezdeck\u00fd are\u00e1l, tak\u017ee ne\u017e nasedneme na kolo, m\u016f\u017eeme se sv\u00e9zt i na kon\u00edch.<\/p>\n<figure id=\"attachment_3331\" aria-describedby=\"caption-attachment-3331\" style=\"width: 1024px\" class=\"wp-caption alignnone\"><a href=\"https:\/\/d2p6e6u75xmxt8.cloudfront.net\/13\/2019\/08\/150822_5037-Oupn-\u00c9r-\u0160\u00eddlov\u00e1k-hudebn\u00ed-festival-ran\u010d-\u0160\u00eddlov\u00e1k.jpg\"><img loading=\"lazy\" decoding=\"async\" class=\"size-large wp-image-3331\" src=\"https:\/\/d2p6e6u75xmxt8.cloudfront.net\/13\/2019\/08\/150822_5037-Oupn-\u00c9r-\u0160\u00eddlov\u00e1k-hudebn\u00ed-festival-ran\u010d-\u0160\u00eddlov\u00e1k-1024x683.jpg\" alt=\"\" width=\"1024\" height=\"683\" \/><\/a><figcaption id=\"caption-attachment-3331\" class=\"wp-caption-text\">Ran\u010d \u0160\u00eddlov\u00e1k. Foto: Den\u00edk<\/figcaption><\/figure>\n<p>Po cyklostezce 35 se z ran\u010de vyd\u00e1me p\u0159es Kolomaznou pec na <strong><a href=\"http:\/\/krkavec.cz\/\">rozhlednu Krkavec<\/a> (49.8029056N, 13.3410622E).<\/strong> Krkavec pat\u0159\u00ed ke t\u0159em v\u00fdznamn\u00fdm vrchol\u016fm v bl\u00edzkosti Plzn\u011b a po Radyni je druh\u00fdm nejvy\u0161\u0161\u00edm vrcholem (504 m n. m.) plze\u0148sk\u00e9ho okol\u00ed. Na jeho vrcholu stoj\u00ed 18 metr\u016f vysok\u00e1 kamenn\u00e1 rozhledna otev\u0159en\u00e1 od roku 1901. Za v\u00fdhledem je nutn\u00e9 vystoupat 98 schod\u016f, ale n\u00e1mahu odm\u011bn\u00ed n\u00e1dhern\u00fd v\u00fdhled ze dvou ochoz\u016f na Plze\u0148skou kotlinu a \u0160umavu, je vid\u011bt i podstatn\u00e1 \u010d\u00e1st \u010cesk\u00e9ho lesa, bavorsk\u00e9 poho\u0159\u00ed Hoher Bogen, \u010d\u00e1st Tepelsk\u00e9 vrchoviny, Brdy, \u0160vihovsk\u00e1 vrchovina, z\u00e1padn\u00ed \u010d\u00e1st K\u0159ivokl\u00e1tsk\u00e9 vrchoviny a samoz\u0159ejm\u011b Plze\u0148.<\/p>\n<figure id=\"attachment_3332\" aria-describedby=\"caption-attachment-3332\" style=\"width: 1024px\" class=\"wp-caption alignnone\"><a href=\"https:\/\/d2p6e6u75xmxt8.cloudfront.net\/13\/2019\/08\/120626-rozhledna-Krkavec-02.jpg\"><img loading=\"lazy\" decoding=\"async\" class=\"size-large wp-image-3332\" src=\"https:\/\/d2p6e6u75xmxt8.cloudfront.net\/13\/2019\/08\/120626-rozhledna-Krkavec-02-1024x683.jpg\" alt=\"\" width=\"1024\" height=\"683\" \/><\/a><figcaption id=\"caption-attachment-3332\" class=\"wp-caption-text\">Rozhledna Krkavec. Foto: Den\u00edk<\/figcaption><\/figure>\n<p>Z Krkavce pojedeme po \u010derven\u00e9 turistick\u00e9 trase do Chot\u00edkova, kde se napoj\u00edme na cyklotrasu \u010d\u00edslo 2295 a pokra\u010dujeme p\u0159es K\u016f\u0161t\u00ed do <strong><a href=\"https:\/\/www.touskov.cz\/\">M\u011bsta Tou\u0161kova<\/a> (49.7769775N, 13.2497119E),<\/strong> zhruba 10 kilometr\u016f z\u00e1padn\u011b od Plzn\u011b. Jeho historick\u00e9 j\u00e1dro je m\u011bstskou pam\u00e1tkovou z\u00f3nou. A jeho dominantou je kostel sv. Jana K\u0159titele postaven\u00fd podle pl\u00e1n\u016f v\u011bhlasn\u00e9ho stavitele a p\u0159edstavitele vrcholn\u00e9ho baroka Kili\u00e1na Ign\u00e1ce Dientzenhofera s nedalekou farou, ve kter\u00e9 pob\u00fdvala \u0159ada v\u00fdznamn\u00fdch osobnost\u00ed.<\/p>\n<p>Za M\u011bstem Tou\u0161kov sjedeme z cyklostezky na silnici \u010d\u00edslo 180 a dojedeme do Kozolup, kde se p\u0159ed \u017eelezni\u010dn\u00edm p\u0159ejezdem op\u011bt napoj\u00edme na cyklotrasu \u010d. 37, po n\u00ed\u017e dojedeme p\u0159es Vochov a\u017e do <strong><a href=\"http:\/\/krimice.info\/\">K\u0159imic<\/a> do z\u00e1meck\u00e9ho are\u00e1lu (49.7586833N, 13.3061456E),<\/strong> kter\u00fd stoj\u00ed na m\u00edst\u011b b\u00fdval\u00e9 tvrze. Postaven byl v barokn\u00edm slohu v roce 1732. Dne\u0161n\u00ed emp\u00edrovou podoby z\u00edskal v roce 1811. Tam si m\u016f\u017eeme odpo\u010dinout v\u2005parku nebo are\u00e1lu U M\u017ee, kde si lze zahr\u00e1t minigolf a ob\u010derstvit se m\u00edstn\u00edmi specialitami na grilu.<\/p>\n<figure id=\"attachment_3333\" aria-describedby=\"caption-attachment-3333\" style=\"width: 1024px\" class=\"wp-caption alignnone\"><a href=\"https:\/\/d2p6e6u75xmxt8.cloudfront.net\/13\/2019\/08\/121006-z\u00e1mek-K\u0159imice-30-n\u00e1ves-K\u0159imice.jpg\"><img loading=\"lazy\" decoding=\"async\" class=\"size-large wp-image-3333\" src=\"https:\/\/d2p6e6u75xmxt8.cloudfront.net\/13\/2019\/08\/121006-z\u00e1mek-K\u0159imice-30-n\u00e1ves-K\u0159imice-1024x683.jpg\" alt=\"\" width=\"1024\" height=\"683\" \/><\/a><figcaption id=\"caption-attachment-3333\" class=\"wp-caption-text\">Z\u00e1mek K\u0159imice. Foto: Den\u00edk<\/figcaption><\/figure>\n<p>Po stejn\u00e9 cyklostezce pokra\u010dujeme p\u0159es Skvr\u0148any, centrum m\u011bsta, okolo Plze\u0148sk\u00e9ho Prazdroje na Doubravku pod\u00e9l \u00daslavy p\u0159es p\u0159\u00edrodn\u00ed park Horn\u00ed Berounka na <strong>rozhlednu Chlum (49.7673511N, 13.4304444E)<\/strong>. Stoj\u00ed na vrcholu Chlumu (416 m n. m.) a ty\u010d\u00ed se do v\u00fd\u0161ky 24,8 metr\u016f. Rozhledna je pam\u00e1tn\u00edkem na dnes ji\u017e zapomenut\u00fd Svaz \u010deskoslovensk\u00fdch d\u011blnick\u00fdch turist\u016f. M\u00edstn\u00ed pobo\u010dka v Doubravce p\u0159i\u0161la s my\u0161lenkou postavit na Chlumu v\u00fdletn\u00ed stavbu s rozhlednou. Po cel\u00e9 zemi prob\u00edhaly sb\u00edrky, kter\u00e9 vyvrcholily roku 1926 polo\u017een\u00edm z\u00e1kladn\u00edho kamene. Nasb\u00edran\u00e9 pen\u00edze sta\u010dily pouze na stavbu chaty. Rozhledna byla postavena jen do t\u0159etinov\u00e9 v\u00fd\u0161ky, dokon\u010dena byla o t\u0159i roky pozd\u011bji a n\u00e1v\u0161t\u011bvn\u00edk\u016fm se otev\u0159ela 23. \u010dervna 1929. V sou\u010dasnosti se po vystoup\u00e1n\u00ed 121 schod\u016f otev\u0159e v\u00fdhled do dalek\u00e9ho okol\u00ed Plzn\u011b. Kdy\u017e sejdeme dol\u016f, m\u016f\u017eeme si op\u00e9ci bu\u0159t\u00edka, d\u00e1t si pivo, limo nebo zmrzlinu. K posezen\u00ed slou\u017e\u00ed d\u0159ev\u011bn\u00e9 lavice se stoly, z nich\u017e n\u011bkter\u00e9 jsou pod alt\u00e1ny. D\u011bti se mohou vy\u0159\u00e1dit na mal\u00e9m d\u011btsk\u00e9m h\u0159i\u0161ti.<\/p>\n<p>Z rozhledny sjedeme po \u010derven\u00e9 nezpevn\u011bn\u00e9 trase a napoj\u00edme se na cyklostezku 2151, kter\u00e1 n\u00e1s dovede \u00fadol\u00edm Berounky p\u0159es B\u00edlou Horu okolo Boleveck\u00fdch rybn\u00edk\u016f zp\u011bt na ran\u010d \u0160\u00eddlov\u00e1k. A tam si m\u016f\u017eeme po ujet\u00ed zhruba 41kilometrov\u00e9 trasy op\u011bt d\u00e1t n\u011bco dobr\u00e9ho na zub.<\/p>\n<p>Dal\u0161\u00ed tipy na cyklov\u00fdlet najdete v na\u0161\u00ed sekce\u00a0<a href=\"https:\/\/www.welovecycling.com\/cs\/category\/https-www-welovecycling-com-cs-otestovano-jizdou\/tipy-na-vylet\/\">Tipy na v\u00fdlet.<\/a><\/p>\n","protected":false},"excerpt":{"rendered":"<p>Tentokr\u00e1t vyraz\u00edme do okol\u00ed Plzn\u011b a Boleveck\u00fdch rybn\u00edk\u016f, kter\u00e9 nab\u00edzej\u00ed mnoho p\u0159\u00edrodn\u00edch zaj\u00edmavost\u00ed. Na\u0161e dne\u0161n\u00ed trasa pat\u0159\u00ed mezi st\u0159edn\u011b n\u00e1ro\u010dn\u00e9, [&hellip;]<\/p>\n","protected":false},"author":95,"featured_media":4471,"comment_status":"open","ping_status":"open","sticky":false,"template":"","format":"standard","meta":{"footnotes":""},"categories":[167],"tags":[117,228,356,569,570,149,393],"global-categories":[],"class_list":["post-4469","post","type-post","status-publish","format-standard","has-post-thumbnail","hentry","category-tipy-na-vylet","tag-cyklotrasy","tag-cyklovylet","tag-denik","tag-plzen","tag-plzenske-rozhledny","tag-tip-na-cyklovylet","tag-tip-na-vylet"],"yoast_head":"<!-- This site is optimized with the Yoast SEO Premium plugin v25.3 (Yoast SEO v25.9) - https:\/\/yoast.com\/wordpress\/plugins\/seo\/ -->\n<title>Tip na v\u00fdlet: Od ran\u010de ke dv\u011bma plze\u0148sk\u00fdm rozhledn\u00e1m | \u0160koda We Love Cycling - \u010cesk\u00e1 republika<\/title>\n<meta name=\"robots\" content=\"index, follow, max-snippet:-1, max-image-preview:large, max-video-preview:-1\" \/>\n<link rel=\"canonical\" href=\"https:\/\/www.welovecycling.com\/cs\/2019\/10\/21\/tip-na-vylet-od-rance-ke-dvema-plzenskym-rozhlednam\/\" \/>\n<meta property=\"og:locale\" content=\"cs_CZ\" \/>\n<meta property=\"og:type\" content=\"article\" \/>\n<meta property=\"og:title\" content=\"Tip na v\u00fdlet: Od ran\u010de ke dv\u011bma plze\u0148sk\u00fdm rozhledn\u00e1m\" \/>\n<meta property=\"og:description\" content=\"Tentokr\u00e1t vyraz\u00edme do okol\u00ed Plzn\u011b a Boleveck\u00fdch rybn\u00edk\u016f, kter\u00e9 nab\u00edzej\u00ed mnoho p\u0159\u00edrodn\u00edch zaj\u00edmavost\u00ed. Na\u0161e dne\u0161n\u00ed trasa pat\u0159\u00ed mezi st\u0159edn\u011b n\u00e1ro\u010dn\u00e9, [&hellip;]\" \/>\n<meta property=\"og:url\" content=\"https:\/\/www.welovecycling.com\/cs\/2019\/10\/21\/tip-na-vylet-od-rance-ke-dvema-plzenskym-rozhlednam\/\" \/>\n<meta property=\"og:site_name\" content=\"\u0160koda We Love Cycling - \u010cesk\u00e1 republika\" \/>\n<meta property=\"article:published_time\" content=\"2019-10-21T07:48:20+00:00\" \/>\n<meta property=\"article:modified_time\" content=\"2019-10-21T07:48:53+00:00\" \/>\n<meta property=\"og:image\" content=\"https:\/\/d2p6e6u75xmxt8.cloudfront.net\/13\/2019\/10\/Snimek-obrazovky-2019-10-16-v-19.17.38.webp\" \/>\n\t<meta property=\"og:image:width\" content=\"807\" \/>\n\t<meta property=\"og:image:height\" content=\"349\" \/>\n\t<meta property=\"og:image:type\" content=\"image\/webp\" \/>\n<meta name=\"twitter:card\" content=\"summary_large_image\" \/>\n<meta name=\"twitter:label1\" content=\"Written by\" \/>\n\t<meta name=\"twitter:data1\" content=\"We Love Cycling &amp; Den\u00edk\" \/>\n\t<meta name=\"twitter:label2\" content=\"Est. reading time\" \/>\n\t<meta name=\"twitter:data2\" content=\"5\" \/>\n<script type=\"application\/ld+json\" class=\"yoast-schema-graph\">{\"@context\":\"https:\/\/schema.org\",\"@graph\":[{\"@type\":\"WebPage\",\"@id\":\"https:\/\/www.welovecycling.com\/cs\/2019\/10\/21\/tip-na-vylet-od-rance-ke-dvema-plzenskym-rozhlednam\/\",\"url\":\"https:\/\/www.welovecycling.com\/cs\/2019\/10\/21\/tip-na-vylet-od-rance-ke-dvema-plzenskym-rozhlednam\/\",\"name\":\"Tip na v\u00fdlet: Od ran\u010de ke dv\u011bma plze\u0148sk\u00fdm rozhledn\u00e1m | \u0160koda We Love Cycling - \u010cesk\u00e1 republika\",\"isPartOf\":{\"@id\":\"https:\/\/www.welovecycling.com\/cs\/#website\"},\"primaryImageOfPage\":{\"@id\":\"https:\/\/www.welovecycling.com\/cs\/2019\/10\/21\/tip-na-vylet-od-rance-ke-dvema-plzenskym-rozhlednam\/#primaryimage\"},\"image\":{\"@id\":\"https:\/\/www.welovecycling.com\/cs\/2019\/10\/21\/tip-na-vylet-od-rance-ke-dvema-plzenskym-rozhlednam\/#primaryimage\"},\"thumbnailUrl\":\"https:\/\/d2p6e6u75xmxt8.cloudfront.net\/13\/2019\/10\/Snimek-obrazovky-2019-10-16-v-19.17.38.webp\",\"datePublished\":\"2019-10-21T07:48:20+00:00\",\"dateModified\":\"2019-10-21T07:48:53+00:00\",\"author\":{\"@id\":\"\"},\"inLanguage\":\"cs\",\"potentialAction\":[{\"@type\":\"ReadAction\",\"target\":[\"https:\/\/www.welovecycling.com\/cs\/2019\/10\/21\/tip-na-vylet-od-rance-ke-dvema-plzenskym-rozhlednam\/\"]}]},{\"@type\":\"ImageObject\",\"inLanguage\":\"cs\",\"@id\":\"https:\/\/www.welovecycling.com\/cs\/2019\/10\/21\/tip-na-vylet-od-rance-ke-dvema-plzenskym-rozhlednam\/#primaryimage\",\"url\":\"https:\/\/d2p6e6u75xmxt8.cloudfront.net\/13\/2019\/10\/Snimek-obrazovky-2019-10-16-v-19.17.38.webp\",\"contentUrl\":\"https:\/\/d2p6e6u75xmxt8.cloudfront.net\/13\/2019\/10\/Snimek-obrazovky-2019-10-16-v-19.17.38.webp\",\"width\":807,\"height\":349},{\"@type\":\"WebSite\",\"@id\":\"https:\/\/www.welovecycling.com\/cs\/#website\",\"url\":\"https:\/\/www.welovecycling.com\/cs\/\",\"name\":\"\u0160koda We Love Cycling - \u010cesk\u00e1 republika\",\"description\":\"WeLoveCycling.cz je online magaz\u00edn, kter\u00fd v\u00e1m pravideln\u011b p\u0159in\u00e1\u0161\u00ed rady a tipy, zaj\u00edmav\u00e9 \u010dl\u00e1nky, videa a jedine\u010dn\u00e9 report\u00e1\u017ee ze sv\u011bta cyklistiky.\",\"potentialAction\":[{\"@type\":\"SearchAction\",\"target\":{\"@type\":\"EntryPoint\",\"urlTemplate\":\"https:\/\/www.welovecycling.com\/cs\/?s={search_term_string}\"},\"query-input\":{\"@type\":\"PropertyValueSpecification\",\"valueRequired\":true,\"valueName\":\"search_term_string\"}}],\"inLanguage\":\"cs\"},{\"@type\":\"Person\",\"@id\":\"\",\"url\":\"https:\/\/www.welovecycling.com\/cs\/author\/\"}]}<\/script>\n<!-- \/ Yoast SEO Premium plugin. -->","yoast_head_json":{"title":"Tip na v\u00fdlet: Od ran\u010de ke dv\u011bma plze\u0148sk\u00fdm rozhledn\u00e1m | \u0160koda We Love Cycling - \u010cesk\u00e1 republika","robots":{"index":"index","follow":"follow","max-snippet":"max-snippet:-1","max-image-preview":"max-image-preview:large","max-video-preview":"max-video-preview:-1"},"canonical":"https:\/\/www.welovecycling.com\/cs\/2019\/10\/21\/tip-na-vylet-od-rance-ke-dvema-plzenskym-rozhlednam\/","og_locale":"cs_CZ","og_type":"article","og_title":"Tip na v\u00fdlet: Od ran\u010de ke dv\u011bma plze\u0148sk\u00fdm rozhledn\u00e1m","og_description":"Tentokr\u00e1t vyraz\u00edme do okol\u00ed Plzn\u011b a Boleveck\u00fdch rybn\u00edk\u016f, kter\u00e9 nab\u00edzej\u00ed mnoho p\u0159\u00edrodn\u00edch zaj\u00edmavost\u00ed. Na\u0161e dne\u0161n\u00ed trasa pat\u0159\u00ed mezi st\u0159edn\u011b n\u00e1ro\u010dn\u00e9, [&hellip;]","og_url":"https:\/\/www.welovecycling.com\/cs\/2019\/10\/21\/tip-na-vylet-od-rance-ke-dvema-plzenskym-rozhlednam\/","og_site_name":"\u0160koda We Love Cycling - \u010cesk\u00e1 republika","article_published_time":"2019-10-21T07:48:20+00:00","article_modified_time":"2019-10-21T07:48:53+00:00","og_image":[{"width":807,"height":349,"url":"https:\/\/d2p6e6u75xmxt8.cloudfront.net\/13\/2019\/10\/Snimek-obrazovky-2019-10-16-v-19.17.38.webp","type":"image\/webp"}],"twitter_card":"summary_large_image","twitter_misc":{"Written by":"We Love Cycling & Den\u00edk","Est. reading time":"5"},"schema":{"@context":"https:\/\/schema.org","@graph":[{"@type":"WebPage","@id":"https:\/\/www.welovecycling.com\/cs\/2019\/10\/21\/tip-na-vylet-od-rance-ke-dvema-plzenskym-rozhlednam\/","url":"https:\/\/www.welovecycling.com\/cs\/2019\/10\/21\/tip-na-vylet-od-rance-ke-dvema-plzenskym-rozhlednam\/","name":"Tip na v\u00fdlet: Od ran\u010de ke dv\u011bma plze\u0148sk\u00fdm rozhledn\u00e1m | \u0160koda We Love Cycling - \u010cesk\u00e1 republika","isPartOf":{"@id":"https:\/\/www.welovecycling.com\/cs\/#website"},"primaryImageOfPage":{"@id":"https:\/\/www.welovecycling.com\/cs\/2019\/10\/21\/tip-na-vylet-od-rance-ke-dvema-plzenskym-rozhlednam\/#primaryimage"},"image":{"@id":"https:\/\/www.welovecycling.com\/cs\/2019\/10\/21\/tip-na-vylet-od-rance-ke-dvema-plzenskym-rozhlednam\/#primaryimage"},"thumbnailUrl":"https:\/\/d2p6e6u75xmxt8.cloudfront.net\/13\/2019\/10\/Snimek-obrazovky-2019-10-16-v-19.17.38.webp","datePublished":"2019-10-21T07:48:20+00:00","dateModified":"2019-10-21T07:48:53+00:00","author":{"@id":""},"inLanguage":"cs","potentialAction":[{"@type":"ReadAction","target":["https:\/\/www.welovecycling.com\/cs\/2019\/10\/21\/tip-na-vylet-od-rance-ke-dvema-plzenskym-rozhlednam\/"]}]},{"@type":"ImageObject","inLanguage":"cs","@id":"https:\/\/www.welovecycling.com\/cs\/2019\/10\/21\/tip-na-vylet-od-rance-ke-dvema-plzenskym-rozhlednam\/#primaryimage","url":"https:\/\/d2p6e6u75xmxt8.cloudfront.net\/13\/2019\/10\/Snimek-obrazovky-2019-10-16-v-19.17.38.webp","contentUrl":"https:\/\/d2p6e6u75xmxt8.cloudfront.net\/13\/2019\/10\/Snimek-obrazovky-2019-10-16-v-19.17.38.webp","width":807,"height":349},{"@type":"WebSite","@id":"https:\/\/www.welovecycling.com\/cs\/#website","url":"https:\/\/www.welovecycling.com\/cs\/","name":"\u0160koda We Love Cycling - \u010cesk\u00e1 republika","description":"WeLoveCycling.cz je online magaz\u00edn, kter\u00fd v\u00e1m pravideln\u011b p\u0159in\u00e1\u0161\u00ed rady a tipy, zaj\u00edmav\u00e9 \u010dl\u00e1nky, videa a jedine\u010dn\u00e9 report\u00e1\u017ee ze sv\u011bta cyklistiky.","potentialAction":[{"@type":"SearchAction","target":{"@type":"EntryPoint","urlTemplate":"https:\/\/www.welovecycling.com\/cs\/?s={search_term_string}"},"query-input":{"@type":"PropertyValueSpecification","valueRequired":true,"valueName":"search_term_string"}}],"inLanguage":"cs"},{"@type":"Person","@id":"","url":"https:\/\/www.welovecycling.com\/cs\/author\/"}]}},"_links":{"self":[{"href":"https:\/\/www.welovecycling.com\/cs\/wp-json\/wp\/v2\/posts\/4469","targetHints":{"allow":["GET"]}}],"collection":[{"href":"https:\/\/www.welovecycling.com\/cs\/wp-json\/wp\/v2\/posts"}],"about":[{"href":"https:\/\/www.welovecycling.com\/cs\/wp-json\/wp\/v2\/types\/post"}],"author":[{"embeddable":true,"href":"https:\/\/www.welovecycling.com\/cs\/wp-json\/wp\/v2\/users\/95"}],"replies":[{"embeddable":true,"href":"https:\/\/www.welovecycling.com\/cs\/wp-json\/wp\/v2\/comments?post=4469"}],"version-history":[{"count":1,"href":"https:\/\/www.welovecycling.com\/cs\/wp-json\/wp\/v2\/posts\/4469\/revisions"}],"predecessor-version":[{"id":4470,"href":"https:\/\/www.welovecycling.com\/cs\/wp-json\/wp\/v2\/posts\/4469\/revisions\/4470"}],"wp:featuredmedia":[{"embeddable":true,"href":"https:\/\/www.welovecycling.com\/cs\/wp-json\/wp\/v2\/media\/4471"}],"wp:attachment":[{"href":"https:\/\/www.welovecycling.com\/cs\/wp-json\/wp\/v2\/media?parent=4469"}],"wp:term":[{"taxonomy":"category","embeddable":true,"href":"https:\/\/www.welovecycling.com\/cs\/wp-json\/wp\/v2\/categories?post=4469"},{"taxonomy":"post_tag","embeddable":true,"href":"https:\/\/www.welovecycling.com\/cs\/wp-json\/wp\/v2\/tags?post=4469"},{"taxonomy":"global-categories","embeddable":true,"href":"https:\/\/www.welovecycling.com\/cs\/wp-json\/wp\/v2\/global-categories?post=4469"}],"curies":[{"name":"wp","href":"https:\/\/api.w.org\/{rel}","templated":true}]}}