{"id":4452,"date":"2019-10-16T18:53:55","date_gmt":"2019-10-16T16:53:55","guid":{"rendered":"https:\/\/www.welovecycling.com\/cs\/?p=4452"},"modified":"2019-10-16T18:53:55","modified_gmt":"2019-10-16T16:53:55","slug":"oslavenec-jirka-jezek-milniky-jeho-zivota-i-kariery-welovecycling-cr","status":"publish","type":"post","link":"https:\/\/www.welovecycling.com\/cs\/2019\/10\/16\/oslavenec-jirka-jezek-milniky-jeho-zivota-i-kariery-welovecycling-cr\/","title":{"rendered":"Oslavenec Jirka Je\u017eek: miln\u00edky jeho \u017eivota i kari\u00e9ry"},"content":{"rendered":"<p><strong>Ji\u0159\u00ed Je\u017eek, nej\u00fasp\u011b\u0161n\u011bj\u0161\u00ed paralympijsk\u00fd cyklista historie, dnes slav\u00ed 45. narozeniny. Jeden z\u00a0ambasador\u016f We Love Cycling je neskute\u010dn\u011b ak\u010dn\u00ed \u010dlov\u011bk, kter\u00fd by mohl j\u00edt v\u0161em p\u0159\u00edkladem. Sice u\u017e nez\u00e1vod\u00ed na vrcholn\u00fdch akc\u00edch kalibru paralympi\u00e1d \u010di mistrovstv\u00ed sv\u011bta, ale bez sportu by nemohl existovat. Jezd\u00ed na kole, b\u011bh\u00e1 a je neust\u00e1le vyt\u00ed\u017een\u00fd.<\/strong><\/p>\n<p><!--more--><\/p>\n<p>S\u00a0man\u017eelkou So\u0148ou oba sportuj\u00ed, z\u00fa\u010dast\u0148uj\u00ed se \u0159ady projekt\u016f a te\u010f je\u0161t\u011b sepsali knihu, kter\u00e1 se jmenuje <a href=\"https:\/\/www.nutrend.cz\/e-book-zdarma-na-spolecne-ceste-sona-a-jiri-jezkovi-a31898.htm?fbclid=IwAR3ee923LkQ2x6b2ovHGZCV_URaHFqkx_cSNEPNi6VhtLoSjqG7So6EKDO4\">Na spole\u010dn\u00e9 cest\u011b<\/a>. My z\u00a0n\u00ed pro v\u00e1s v\u00a0den Jirkov\u00fdch narozenin vyb\u00edr\u00e1me nejzaj\u00edmav\u011bj\u0161\u00ed okam\u017eiky jeho \u017eivota tak, jak je se So\u0148ou popsali. U\u017eijte si p\u0159\u00edb\u011bh oslavence.<\/p>\n<h2><strong>M\u00edsto Sparty nemocnice<\/strong><\/h2>\n<p>Jirka cht\u011bl b\u00fdt fotbalistou, ale jeho pl\u00e1ny d\u011blat kari\u00e9ru ve Spart\u011b utnula tragick\u00e1 nehoda v\u00a0roce 1985, kdy\u017e ho p\u0159ejel n\u00e1kla\u010f\u00e1k a l\u00e9ka\u0159i mu museli pod kolenem amputovat pravou nohu.<\/p>\n<p>\u201eTou\u017eil jsem b\u00fdt slavn\u00fdm \u0161pi\u010dkov\u00fdm fotbalistou. B\u00fdt profesion\u00e1lem, \u017eivit se sportem. U\u017e\u00edvat si obdiv fanou\u0161k\u016f, vyd\u011bl\u00e1vat velk\u00e9 pen\u00edze, cestovat po sv\u011bt\u011b. V\u0161echno to, o \u010dem si norm\u00e1ln\u00ed kluk z pr\u016fm\u011brn\u00e9 rodiny v tehdej\u0161\u00edm \u010ceskoslovensku mohl nechat jenom zd\u00e1t.<\/p>\n<figure id=\"attachment_4465\" aria-describedby=\"caption-attachment-4465\" style=\"width: 899px\" class=\"wp-caption alignnone\"><a href=\"https:\/\/d2p6e6u75xmxt8.cloudfront.net\/13\/2019\/10\/J.Jezek_.jpg\"><img loading=\"lazy\" decoding=\"async\" class=\"size-large wp-image-4465\" src=\"https:\/\/d2p6e6u75xmxt8.cloudfront.net\/13\/2019\/10\/J.Jezek_-899x1024.jpg\" alt=\"\" width=\"899\" height=\"1024\" \/><\/a><figcaption id=\"caption-attachment-4465\" class=\"wp-caption-text\">Sen o kari\u00e9\u0159e fotbalisty nastartoval Ji\u0159\u00ed Je\u017eek v pra\u017esk\u00e9 Spart\u011b.<\/figcaption><\/figure>\n<p>T\u00e1ta byl mal\u00ed\u0159 pokoj\u016f a m\u00e1ma spr\u00e1vcov\u00e1 v t\u011blocvi\u010dn\u011b. Nikdy jsme nem\u011bli moc pen\u011bz a oba museli hodn\u011b d\u0159\u00edt. Na dovolenou jsme jezdili maxim\u00e1ln\u011b po \u010cech\u00e1ch a za hranicemi jsem byl nejd\u00e1l p\u00e1r krok\u016f v\u00a0Polsku na v\u00fdlet\u011b v Jesen\u00edk\u00e1ch. P\u0159edstavoval jsem si, \u017ee si jako \u00fasp\u011b\u0161n\u00fd fotbalista m\u016f\u017eu zabezpe\u010dit barevn\u011bj\u0161\u00ed \u017eivot. Nejen pro sebe, ale i pro celou svoji rodinu.<\/p>\n<p>Abych pro ten sen n\u011bco ud\u011blal, p\u0159emluvil jsem d\u011bdu, aby m\u011b doprovodil na n\u00e1bor \u017e\u00e1k\u016f fotbalov\u00e9 Sparty. D\u011bda byl spar\u0165an, t\u00e1ta taky, j\u00e1 to po nich logicky zd\u011bdil, a proto\u017ee jsme bydleli p\u00e1r ulic od stadionu na Letn\u00e9, m\u00ed\u0159il jsem rovnou na Spartu. B\u011bhem n\u00e1borov\u00e9ho z\u00e1pasu jsem dal g\u00f3l, a tak si m\u011b opravdu vybrali. Hned dal\u0161\u00ed t\u00fdden jsem se p\u0159evl\u00e9kal v kabin\u011b na stejn\u00e9 chodb\u011b, po kter\u00e9 chodily nejv\u011bt\u0161\u00ed hv\u011bzdy m\u00e9ho milovan\u00e9ho klubu a reprezentace \u2013 Berger, Stejskal, Griga, Straka, Ha\u0161ek, Skuhrav\u00fd.<\/p>\n<p>Bylo mi deset a v\u0161echno m\u00ed\u0159ilo t\u00edm spr\u00e1vn\u00fdm sm\u011brem. Jen\u017ee rok nato m\u011b p\u0159ejel n\u00e1kla\u010f\u00e1k a j\u00e1 p\u0159i\u0161el o nohu\u2026 Byl to \u0161ok. Zvl\u00e1\u0161\u0165 pro kluka, kter\u00fd se cht\u011bl \u017eivit fotbalem. Pro kluka, kter\u00fd miloval pohyb a sport. Mo\u017en\u00e1 ale pr\u00e1v\u011b to mi pomohlo. Stejn\u011b jako fantastick\u00e1 m\u00e1ma, cel\u00e1 moje rodina, v\u0161ichni p\u0159\u00edbuzn\u00ed a kamar\u00e1di. V\u0161ichni d\u011blali, jako by se nic nestalo. A j\u00e1 tu hru hr\u00e1l s nimi. Nav\u00edc jsem se cht\u011bl co nejd\u0159\u00edve dostat z nemocnice dom\u016f a vr\u00e1tit se ke v\u0161em t\u011bm aktivit\u00e1m, kter\u00e9 jsem p\u0159ed \u00farazem miloval.<\/p>\n<p>L\u00e9ka\u0159i mi \u0159\u00edkali, \u017ee to m\u016f\u017ee trvat a\u017e rok, ne\u017e se nau\u010d\u00edm chodit, ale j\u00e1 v\u011bd\u011bl, \u017ee to mus\u00edm zvl\u00e1dnout rychleji. \u00daraz se mi stal v b\u0159eznu, na konci kv\u011btna m\u011b pustili z\u00a0nemocnice a v \u010dervnu jsem dostal prvn\u00ed prot\u00e9zu. Odm\u00edtl jsem p\u016flro\u010dn\u00ed rehabilita\u010dn\u00ed pobyt v Kladrubech a m\u00edsto toho jsem se s m\u00e1minou pomoc\u00ed u\u010dil chodit doma s\u00e1m. Bolelo to jako \u010dert, ale p\u0159es pr\u00e1zdniny jsem to zvl\u00e1dl. Prvn\u00edho z\u00e1\u0159\u00ed jsem norm\u00e1ln\u011b s\u00a0ta\u0161kou na z\u00e1dech napochodoval \u201epo sv\u00fdch\u201c do \u0161koly mezi svoje spolu\u017e\u00e1ky. Bylo to moje prvn\u00ed velk\u00e9 v\u00edt\u011bzstv\u00ed! Pro kamar\u00e1dy jsem byl hrdina a j\u00e1 s\u00e1m m\u011bl skv\u011bl\u00fd pocit, \u017ee jsem to fakt dok\u00e1zal.\u201c<\/p>\n<h2><strong>Jak jsem se dostal k cyklistice<\/strong><\/h2>\n<p>\u201eBylo jasn\u00e9, \u017ee \u0161pi\u010dkov\u00fd fotbalista za m\u011b nebude. Ale l\u00e1ska ke sportu mi z\u016fstala. Hned jak jsem se nau\u010dil chodit, zkou\u0161el jsem i popob\u011bhnout. \u0160lo to a j\u00e1 se mohl postupn\u011b vracet ke v\u0161em sportovn\u00edm aktivit\u00e1m.<\/p>\n<p>Vr\u00e1til jsem se do Sokola ke gymnastice, k volejbalu, basketu, nau\u010dil se plavat, bruslit i ly\u017eovat. A logicky do\u0161lo i na fotbal. Do Sparty u\u017e jsem se samoz\u0159ejm\u011b nevr\u00e1til, ale p\u0159i \u0161koln\u00edch turnaj\u00edch jsem i s prot\u00e9zou brzy zase pat\u0159il k nejlep\u0161\u00edm. Pohyb byl zkr\u00e1tka m\u016fj \u017eivot a \u00faraz na tom nic nezm\u011bnil. L\u00e9ka\u0159i m\u011bli pravdu, \u017ee adaptace m\u016f\u017ee trvat m\u011bs\u00edce a roky. Ale j\u00e1 si nemohl pomoct. Do v\u0161eho jsem v\u017edycky \u0161el naplno, a pak holt dal\u0161\u00ed dva dny sed\u011bl doma a nemohl se ani postavit.<\/p>\n<p>Jako nejide\u00e1ln\u011bj\u0161\u00ed aktivita se uk\u00e1zala j\u00edzda na kole. Cyklistika tolik nezat\u011b\u017eovala do\u0161lap a noha tedy moc nebolela. Nav\u00edc mi kolo d\u00e1valo velkou svobodu pohybu. Za\u010dal jsem na n\u011bm jezdit je\u0161t\u011b d\u0159\u00edv, ne\u017e jsem dostal svoji prvn\u00ed prot\u00e9zu. Bicykl mi tehdy vlastn\u011b nohu tak trochu nahrazoval. Prvn\u00ed dny po propu\u0161t\u011bn\u00ed z\u00a0nemocnice jsem o berl\u00edch moc daleko nedo\u0161el, ale na kole jsem celou ned\u011bln\u00ed proch\u00e1zku s rodinou zvl\u00e1dl v pohod\u011b.<\/p>\n<p><a href=\"https:\/\/d2p6e6u75xmxt8.cloudfront.net\/13\/2019\/10\/Snapseed-5.jpg\"><img loading=\"lazy\" decoding=\"async\" class=\"alignnone size-large wp-image-4464\" src=\"https:\/\/d2p6e6u75xmxt8.cloudfront.net\/13\/2019\/10\/Snapseed-5-904x1024.jpg\" alt=\"\" width=\"904\" height=\"1024\" \/><\/a><\/p>\n<p>Bylo jaro, za\u010d\u00e1tek kv\u011btna, nedovedl jsem si p\u0159edstavit jen tak sed\u011bt doma. Kdy\u017e jsem pozd\u011bji kone\u010dn\u011b prot\u00e9zu dostal, byla j\u00edzda na kole je\u0161t\u011b jednodu\u0161\u0161\u00ed. Jako ka\u017ed\u00e9 d\u00edt\u011b jsem na kole jezdil r\u00e1d, ale d\u00edky \u00farazu jsem k n\u011bmu pravd\u011bpodobn\u011b z\u00edskal daleko bli\u017e\u0161\u00ed vztah. Mo\u017en\u00e1 pr\u00e1v\u011b tak se zrodila jedna moje \u017eivotn\u00ed l\u00e1ska. Ale musel jsem si na ni je\u0161t\u011b p\u00e1r let po\u010dkat. Stejn\u011b jako na tu druhou \u017eivotn\u00ed l\u00e1sku, moji milovanou So\u0148u, kterou jsem pozd\u011bji potkal pr\u00e1v\u011b d\u00edky cyklistice.\u201c<\/p>\n<h2><strong>Za \u00faspory z\u00a0pojistky koupil z\u00e1vodn\u00ed kolo<\/strong><\/h2>\n<p>\u201eZ\u00e1vodn\u00ed cyklistiku jsem objevil a\u017e ve dvaceti letech. Pracoval jsem jako ortopedick\u00fd technik, navrhoval jsem a vyr\u00e1b\u011bl prot\u00e9zy pro pacienty, kte\u0159\u00ed m\u011bli stejn\u00fd nebo podobn\u00fd hendikep jako j\u00e1. L\u00edbilo se mi, \u017ee m\u016f\u017eu uplat\u0148ovat svoje osobn\u00ed zku\u0161enosti s pou\u017e\u00edv\u00e1n\u00edm prot\u00e9zy.<\/p>\n<p>Potkal jsem i p\u00e1r pacient\u016f, kte\u0159\u00ed sv\u00fdm \u017eivotn\u00edm p\u0159\u00edb\u011bhem inspirovali m\u011b. Tou nejv\u011bt\u0161\u00ed inspirac\u00ed se stal Josef Lachman. Prvn\u00ed \u010deskoslovensk\u00fd medailista na paralympijsk\u00fdch hr\u00e1ch, kter\u00fd v Soulu 1988 vybojoval st\u0159\u00edbrnou medaili v cyklistice.<\/p>\n<p>Vypr\u00e1v\u011bl mi o z\u00e1vodech, o tom, jak d\u00edky cyklistice procestoval v\u0161echny kontinenty, o paralympijsk\u00fdch hr\u00e1ch, kter\u00e9 jsou srovnatelnou sout\u011b\u017e\u00ed s olympi\u00e1dou pro zdrav\u00e9 sportovce, i o tom, jak s\u00a0partou dal\u0161\u00edch \u010desk\u00fdch z\u00e1vodn\u00edk\u016f ka\u017ed\u00fd v\u00edkend sko\u010d\u00ed do auta a vyr\u00e1\u017eej\u00ed z\u00e1vodit do N\u011bmecka, Rakouska, Francie\u2026<\/p>\n<p>\u010c\u00edm v\u00edc jsme se o tom bavili, t\u00edm v\u00edc ve mn\u011b rostlo moje sout\u011b\u017eiv\u00e9 j\u00e1. Najednou jsem vid\u011bl, \u017ee tady existuje mo\u017enost v\u011bnovat se sportu na ur\u010dit\u00e9 v\u00fdkonnostn\u00ed \u00farovni. Vybral jsem ve\u0161ker\u00e9 svoje uspo\u0159en\u00e9 pen\u00edze, kter\u00e9 mi m\u00e1ma \u0161et\u0159ila od pojistky za \u00faraz v d\u011btstv\u00ed a kter\u00e9 jsem sl\u00edbil pou\u017e\u00edt jen v nejd\u016fle\u017eit\u011bj\u0161\u00edm p\u0159\u00edpad\u011b, a koupil jsem si svoje prvn\u00ed z\u00e1vodn\u00ed kolo\u2026<\/p>\n<figure id=\"attachment_4457\" aria-describedby=\"caption-attachment-4457\" style=\"width: 1024px\" class=\"wp-caption alignnone\"><a href=\"https:\/\/d2p6e6u75xmxt8.cloudfront.net\/13\/2019\/10\/JK_20190313_WE_LOVE_CYCLING_BEZDEZ_0001.jpg\"><img loading=\"lazy\" decoding=\"async\" class=\"size-large wp-image-4457\" src=\"https:\/\/d2p6e6u75xmxt8.cloudfront.net\/13\/2019\/10\/JK_20190313_WE_LOVE_CYCLING_BEZDEZ_0001-1024x683.jpg\" alt=\"\" width=\"1024\" height=\"683\" \/><\/a><figcaption id=\"caption-attachment-4457\" class=\"wp-caption-text\">Ji\u0159\u00ed Je\u017eek. Bojovn\u00edk, motiv\u00e1tor sportovec, ambasador.<\/figcaption><\/figure>\n<p>Pepa Lachman m\u011b do cyklistiky nejen zblbnul, ale tak\u00e9 se mi od za\u010d\u00e1tku skoro ka\u017ed\u00fd den v\u011bnoval. Jezdil se mnou na tr\u00e9ninky, u\u010dil m\u011b z\u00e1klad\u016fm sportovn\u00ed p\u0159\u00edpravy i z\u00e1vodnick\u00e9 etiket\u011b. Vysv\u011btloval mi, jak spr\u00e1vn\u011b sed\u011bt na kole, jak \u0161lapat ekonomicky a z\u00e1rove\u0148 elegantn\u011b, jak se obl\u00e9kat do v\u0161ech mo\u017en\u00fdch variant po\u010das\u00ed, jak zdravit protijedouc\u00ed cyklisty\u2026 Prost\u011b v\u0161echno.\u201c<\/p>\n<h2><strong>Kv\u016fli kolu p\u0159estal kou\u0159it<\/strong><\/h2>\n<p>\u201eP\u0159estal jsem kou\u0159it. Ze dne na den. Prost\u011b jsem t\u00edpl posledn\u00ed cigaretu. Kou\u0159il jsem od pu\u00adberty, ne moc, jen ve\u010der v klubu nebo v hospod\u011b, ale za ve\u010der klidn\u011b p\u016fl krabi\u010dky padlo. Ale jak jsem za\u010dal jezdit na kole, najednou mi cigarety p\u0159estaly chutnat. Tak jsem \u0159ekl dost.<\/p>\n<p>Naopak piva a v\u00edna jsem se nikdy nevzdal. \u010clov\u011bk pot\u0159e\u00adbuje ob\u010das n\u011bjak\u00fd ten h\u0159\u00edch. Nav\u00edc pivo pro m\u011b bylo sou\u010d\u00e1st\u00ed motivace. I to m\u011b nau\u010dil Pepa. D\u00e1t si pivo a\u017e za odm\u011bnu. Nejd\u0159\u00edv kilometry na kole a teprve potom odm\u011bnou orosen\u00e9 pivo. Fun\u00adgovalo to skv\u011ble, a nav\u00edc se tak je\u0161t\u011b v\u00edc tmelilo na\u0161e p\u0159\u00e1telstv\u00ed.\u201c<\/p>\n<h2><strong>M\u016fj prvn\u00ed z\u00e1vod<\/strong><\/h2>\n<p>\u201eOdehr\u00e1l se v Praze. Sjela se tehdy velk\u00e1 konkurence, na\u0161e hlavn\u00ed m\u011bsto je p\u0159ece jen velk\u00e9 l\u00e1kadlo. Z\u00e1vodilo se nav\u00edc na atraktivn\u00ed trati v samotn\u00e9m centru. \u010casovka vedla Nerudovou uli\u00adc\u00ed na Pra\u017esk\u00fd hrad. Kr\u00e1tk\u00fd, ale t\u011b\u017ek\u00fd z\u00e1vod. Bydlel jsem kousek odtud, a tak jsem ka\u017ed\u00fd den cestou do pr\u00e1ce a z pr\u00e1ce jezdil po trase z\u00e1vodu a hledal v rozbit\u00e9 dla\u017eb\u011b optim\u00e1ln\u00ed stopu. Kdy\u017e p\u0159i\u0161el den D, m\u011bl jsem tra\u0165 dokonale nastudovanou.<\/p>\n<p>Jako nezn\u00e1m\u00fd nov\u00e1\u010dek jsem startoval mezi prvn\u00edmi. Vylet\u011bl jsem nahoru co nejrychleji. Nic moc jsem od toho ne\u010dekal, nav\u00edc mi v c\u00edli bylo stra\u0161n\u011b \u0161patn\u011b. V\u016fbec jsem nep\u0159edpokl\u00e1dal, co s \u010dlov\u011bkem ud\u011bl\u00e1 tak intenzivn\u00ed v\u00fdkon. Nebyly to snad ani t\u0159i minuty z\u00e1vodu a j\u00e1 myslel, \u017ee um\u0159u. O to v\u00edc m\u011b p\u0159ekvapilo, \u017ee t\u011bsn\u011b p\u0159ed dojezdem nejlep\u0161\u00edch je m\u016fj \u010das st\u00e1le nejlep\u0161\u00ed. Nakonec m\u011b porazil jen tehdej\u0161\u00ed mistr sv\u011bta a j\u00e1 mohl slavit prvn\u00ed stupn\u011b v\u00edt\u011bz\u016f. St\u00e1l jsem py\u0161n\u00fd na vyhl\u00e1\u00ad\u0161en\u00ed uprost\u0159ed n\u00e1dvo\u0159\u00ed Pra\u017esk\u00e9ho hradu a ve\u010der jsem se vid\u011bl v Brank\u00e1ch, bodech, vte\u0159in\u00e1ch\u2026 \u201aHmmm, ta cyklistika nen\u00ed zas tak n\u00e1ro\u010dn\u00e1\u2026,&#8216; \u0159\u00ed\u00adkal jsem si v duchu s \u00fasm\u011bvem.<\/p>\n<figure id=\"attachment_4456\" aria-describedby=\"caption-attachment-4456\" style=\"width: 1024px\" class=\"wp-caption alignnone\"><a href=\"https:\/\/d2p6e6u75xmxt8.cloudfront.net\/13\/2019\/10\/CPA90231.JPG.jpg\"><img loading=\"lazy\" decoding=\"async\" class=\"size-large wp-image-4456\" src=\"https:\/\/d2p6e6u75xmxt8.cloudfront.net\/13\/2019\/10\/CPA90231.JPG-1024x683.jpg\" alt=\"\" width=\"1024\" height=\"683\" \/><\/a><figcaption id=\"caption-attachment-4456\" class=\"wp-caption-text\">Tiskov\u00e1 konference ke startu platformy We Love Cycling v \u010cesk\u00e9 republice.<\/figcaption><\/figure>\n<p>Druh\u00fd den se uk\u00e1zala krut\u00e1 pravda. V klasic\u00adk\u00e9m z\u00e1vod\u011b na 100 km v kopc\u00edch na jihov\u00fdchod od Prahy jsem p\u0159ijel absolutn\u011b posledn\u00ed, snad p\u016fl hodiny po p\u0159edposledn\u00edm. V c\u00edli u\u017e nebyl skoro nikdo, bylo d\u00e1vno po vyhl\u00e1\u0161en\u00ed a na parkovi\u0161ti st\u00e1lo pouze auto Pepy Lachmana, kter\u00fd m\u011b vezl dom\u016f\u2026 Byla to d\u016fle\u017eit\u00e1 facka, d\u00edky n\u00ed\u017e jsem si uv\u011bdomil, jak moc na sob\u011b budu je\u0161t\u011b muset pracovat.\u201c<\/p>\n<h2><strong>Jak jsem se\u00a0podruh\u00e9 narodil<\/strong><\/h2>\n<p>\u201eMistrovstv\u00ed sv\u011bta 2014, USA. Do Ameriky jsme se So\u0148ou odlet\u011bli hodn\u011b brzy, abych se sta\u010dil pln\u011b zaklimatizovat. V\u0161ech\u00adno bylo fajn. C\u00edtil jsem se dob\u0159e, jen\u017ee kdy\u017e p\u0159i\u0161ly z\u00e1vody, byla forma pry\u010d. V \u010dasovce jsem skon\u010dil a\u017e p\u00e1t\u00fd, co\u017e byl v takhle d\u016fle\u017eit\u00e9m z\u00e1vod\u011b m\u016fj nejhor\u0161\u00ed v\u00fdsledek od roku 1998. Ale je\u0161t\u011b zb\u00fdval silni\u010dn\u00ed z\u00e1vod a na ten jsem se p\u0159ece p\u0159ipravoval, v n\u011bm to mus\u00ed klapnout! Neklaplo.<\/p>\n<p>&nbsp;<\/p>\n<p>Dv\u011b st\u011b metr\u016f p\u0159ed c\u00edlem, kdy\u017e u\u017e jsem si p\u0159ipravoval v\u00fdhodnou pozici ke spurtu, do\u0161lo k hromad\u00adn\u00e9mu p\u00e1du. K p\u00e1du, ja\u00adk\u00fdch jsem b\u011bhem kari\u00e9ry za\u017eil des\u00edtky. Tenhle byl ale hodn\u011b ne\u0161\u0165astn\u00fd. Vlna padaj\u00edc\u00edch z\u00e1vod\u00adn\u00edk\u016f m\u011b katapultovala do reklamn\u00edch bari\u00e9r z kovov\u00fdch pl\u016ftk\u016f\u2026 Tenkr\u00e1t jsem tam m\u00e1lem zem\u0159el. Je\u0161t\u011b te\u010f na to nerad vzpom\u00edn\u00e1m. Na\u0161t\u011bst\u00ed st\u00e1la bl\u00edzko sanitka, zasahuj\u00edc\u00ed l\u00e9ka\u0159i mi zachr\u00e1nili \u017eivot a na opera\u010dn\u00edm s\u00e1le odvedli skv\u011blou pr\u00e1ci. Ale n\u00e1sledky byly v\u00e1\u017en\u00e9. P\u0159i\u0161el jsem o \u010d\u00e1st pl\u00edce, dv\u011b \u017eebra u\u017e nikdo nikdy nena\u0161el a ruku jsem m\u011bl tak komplikovan\u011b zlomenou, \u017ee hrozilo jej\u00ed ochrnut\u00ed. Vyra\u017een\u00e9 zuby a potrhan\u00fd obli\u010dej u\u017e byly vlastn\u011b drobnosti&#8230;\u201c<\/p>\n<h2><strong>Dal\u0161\u00ed n\u00e1vrat a lou\u010den\u00ed<\/strong><\/h2>\n<p><strong>Dal\u0161\u00ed n\u00e1vrat a lou\u010den\u00ed<\/strong><\/p>\n<p>\u201eT\u011blo profesio\u00adn\u00e1ln\u00edho sportov\u00adce je z\u00e1zra\u010dn\u00e9. Mo\u017en\u00e1 i proto, jak se o n\u011bj my sportovci um\u00edme starat. Nav\u00edc ho skoro ka\u017ed\u00fd den t\u00fdr\u00e1me na hrani\u00adci mo\u017enost\u00ed, tak\u017ee ka\u017ed\u00fd takov\u00fd \u00faraz je pro organismus vlastn\u011b jen dal\u0161\u00ed nep\u0159\u00edjemn\u00e1 z\u00e1t\u011b\u017e a stres. I kdy\u017e tohle bylo fakt hodn\u011b\u2026 Ni\u00adkdy jsem neza\u017eil v\u011bt\u00ad\u0161\u00ed bolesti, a prov\u00e1zej\u00ed m\u011b dosud.<\/p>\n<p>Ale hned jak mi trochu otrnulo, zhruba po dvou m\u011bs\u00edc\u00edch, v\u011bd\u011bl jsem, \u017ee se chci vr\u00e1tit! Aspo\u0148 na jeden z\u00e1vod. Rozlou\u010dit se tak, jak m\u011b fa\u00adnou\u0161ci i z\u00e1vodn\u00edci znali. S \u00fasm\u011bvem. Po p\u016fl roce se to poda\u0159ilo. St\u00e1lo to hod\u00adn\u011b p\u0159em\u00e1h\u00e1n\u00ed, speci\u00e1ln\u00edch tr\u00e9nink\u016f a tera\u00adpi\u00ed, v\u0161echno bylo najednou jinak\u2026 Ale znovu mi pom\u00e1halo stra\u0161n\u011b moc lid\u00ed a z nich nejv\u00edc samo\u00adz\u0159ejm\u011b So\u0148a. V\u0161ichni v\u011bd\u011bli, \u017ee u\u017e nikdy ne\u00advyhraju \u017e\u00e1dn\u00fd z\u00e1vod, ale So\u0148a c\u00edtila, jak je pro m\u011b ten n\u00e1vrat d\u016fle\u017eit\u00fd. Aspo\u0148 jeden start.<\/p>\n<p>Bylo \u00fa\u017easn\u00e9, \u017ee kdy\u017e jsem se pak opravdu poprv\u00e9 ofici\u00e1ln\u011b znovu objevil na velodromu, soupe\u0159i z cel\u00e9ho sv\u011bta p\u0159estali tr\u00e9novat a za\u010dali tleskat, obj\u00edmat m\u011b a n\u011bkte\u0159\u00ed i plakali. Rados\u00adt\u00ed, \u017ee jsem zp\u00e1tky. Ano, opravdu jsem u\u017e nikdy \u017e\u00e1dn\u00fd d\u016fle\u017eit\u00fd z\u00e1vod nevyhr\u00e1l, ale nakonec jsem si kari\u00e9ru dok\u00e1zal prodlou\u017eit o dal\u0161\u00ed t\u0159i sez\u00f3ny.<\/p>\n<figure id=\"attachment_4462\" aria-describedby=\"caption-attachment-4462\" style=\"width: 1024px\" class=\"wp-caption alignnone\"><a href=\"https:\/\/d2p6e6u75xmxt8.cloudfront.net\/13\/2019\/10\/JK_20190313_WE_LOVE_CYCLING_BEZDEZ_0032.jpg\"><img loading=\"lazy\" decoding=\"async\" class=\"size-large wp-image-4462\" src=\"https:\/\/d2p6e6u75xmxt8.cloudfront.net\/13\/2019\/10\/JK_20190313_WE_LOVE_CYCLING_BEZDEZ_0032-1024x683.jpg\" alt=\"\" width=\"1024\" height=\"683\" \/><\/a><figcaption id=\"caption-attachment-4462\" class=\"wp-caption-text\">V\u016fle. Motor Ji\u0159\u00edho Je\u017eka, d\u00edky kter\u00e9mu se \u0159ada jeho sn\u016f vyplnila ve skute\u010dnost.<\/figcaption><\/figure>\n<p>Pochopil jsem, \u017ee sportovec nemus\u00ed jen vyhr\u00e1\u00advat, aby si udr\u017eel p\u0159\u00edze\u0148 fanou\u0161k\u016f a sponzor\u016f. U\u017e d\u00e1vno jsme se So\u0148ou d\u00e1vali na\u0161im aktivit\u00e1m \u0161ir\u0161\u00ed rozm\u011br. Sna\u017eili jsme se kolem sebe hlavn\u011b rozd\u00e1vat radost. Muselo z n\u00e1s b\u00fdt vid\u011bt, jak stra\u0161\u00adn\u011b moc jsme r\u00e1di sou\u010d\u00e1st\u00ed toho koloto\u010de. Nako\u00adnec se mi za\u010dalo i trochu da\u0159it, a So\u0148a tak mohla znovu aspo\u0148 trochu za\u017e\u00edvat tu euforii, \u017ee jej\u00ed z\u00e1\u00advodn\u00edk jede o v\u00edt\u011bzstv\u00ed.<\/p>\n<p>Dokonce se mi poda\u0159ilo nominovat se do Ria. Dostal jsem \u0161anci rozlou\u010dit se s vrcholnou cyklistikou na t\u00e9 nejvy\u0161\u0161\u00ed \u00farovni. A mysl\u00edm, \u017ee rozlu\u010dka to byla d\u016fstojn\u00e1. \u0160est\u00fdm m\u00edstem ve st\u00edha\u010dce, a hlavn\u011b emotivn\u00edm dlouh\u00fdm \u00fanikem v m\u00e9m posledn\u00edm d\u016fle\u017eit\u00e9m silni\u010dn\u00edm z\u00e1vod\u011b jsem zanechal po tom v\u0161em, co m\u011b potka\u00adlo, obrovsk\u00fd dojem. Lou\u010dil jsem se tak, jak jsem d\u0159\u00edv z\u00e1vodil. Pro div\u00e1ky a bojovn\u011b.\u201c<\/p>\n","protected":false},"excerpt":{"rendered":"<p>Ji\u0159\u00ed Je\u017eek, nej\u00fasp\u011b\u0161n\u011bj\u0161\u00ed paralympijsk\u00fd cyklista historie, dnes slav\u00ed 45. narozeniny. Jeden z\u00a0ambasador\u016f We Love Cycling je neskute\u010dn\u011b ak\u010dn\u00ed \u010dlov\u011bk, kter\u00fd [&hellip;]<\/p>\n","protected":false},"author":95,"featured_media":4460,"comment_status":"open","ping_status":"open","sticky":false,"template":"","format":"standard","meta":{"footnotes":""},"categories":[10],"tags":[568,130,125],"global-categories":[411],"class_list":["post-4452","post","type-post","status-publish","format-standard","has-post-thumbnail","hentry","category-silnicni-cyklistika","tag-ambasador","tag-jiri-jezek","tag-we-love-cycling","global-categories-cycling"],"yoast_head":"<!-- This site is optimized with the Yoast SEO Premium plugin v25.3 (Yoast SEO v25.9) - https:\/\/yoast.com\/wordpress\/plugins\/seo\/ -->\n<title>Oslavenec Jirka Je\u017eek: miln\u00edky jeho \u017eivota i kari\u00e9ry | \u0160koda We Love Cycling - \u010cesk\u00e1 republika<\/title>\n<meta name=\"description\" content=\"Ji\u0159\u00ed Je\u017eek, nej\u00fasp\u011b\u0161n\u011bj\u0161\u00ed paralympijsk\u00fd cyklista historie, slav\u00ed 45. narozeniny. Jeden z\u00a0ambasador\u016f We Love Cycling je ak\u010dn\u00ed, inspirativn\u00ed \u010dlov\u011bk!\" \/>\n<meta name=\"robots\" content=\"index, follow, max-snippet:-1, max-image-preview:large, max-video-preview:-1\" \/>\n<link rel=\"canonical\" href=\"https:\/\/www.welovecycling.com\/cs\/2019\/10\/16\/oslavenec-jirka-jezek-milniky-jeho-zivota-i-kariery-welovecycling-cr\/\" \/>\n<meta property=\"og:locale\" content=\"cs_CZ\" \/>\n<meta property=\"og:type\" content=\"article\" \/>\n<meta property=\"og:title\" content=\"Oslavenec Jirka Je\u017eek: miln\u00edky jeho \u017eivota i kari\u00e9ry\" \/>\n<meta property=\"og:description\" content=\"Ji\u0159\u00ed Je\u017eek, nej\u00fasp\u011b\u0161n\u011bj\u0161\u00ed paralympijsk\u00fd cyklista historie, slav\u00ed 45. narozeniny. Jeden z\u00a0ambasador\u016f We Love Cycling je ak\u010dn\u00ed, inspirativn\u00ed \u010dlov\u011bk!\" \/>\n<meta property=\"og:url\" content=\"https:\/\/www.welovecycling.com\/cs\/2019\/10\/16\/oslavenec-jirka-jezek-milniky-jeho-zivota-i-kariery-welovecycling-cr\/\" \/>\n<meta property=\"og:site_name\" content=\"\u0160koda We Love Cycling - \u010cesk\u00e1 republika\" \/>\n<meta property=\"article:published_time\" content=\"2019-10-16T16:53:55+00:00\" \/>\n<meta property=\"og:image\" content=\"https:\/\/d2p6e6u75xmxt8.cloudfront.net\/13\/2019\/10\/JK_20190313_WE_LOVE_CYCLING_BEZDEZ_0027-scaled.webp\" \/>\n\t<meta property=\"og:image:width\" content=\"2560\" \/>\n\t<meta property=\"og:image:height\" content=\"1707\" \/>\n\t<meta property=\"og:image:type\" content=\"image\/webp\" \/>\n<meta name=\"twitter:card\" content=\"summary_large_image\" \/>\n<meta name=\"twitter:label1\" content=\"Written by\" \/>\n\t<meta name=\"twitter:data1\" content=\"Jan Kr\u016fta\" \/>\n\t<meta name=\"twitter:label2\" content=\"Est. reading time\" \/>\n\t<meta name=\"twitter:data2\" content=\"9\" \/>\n<script type=\"application\/ld+json\" class=\"yoast-schema-graph\">{\"@context\":\"https:\/\/schema.org\",\"@graph\":[{\"@type\":\"WebPage\",\"@id\":\"https:\/\/www.welovecycling.com\/cs\/2019\/10\/16\/oslavenec-jirka-jezek-milniky-jeho-zivota-i-kariery-welovecycling-cr\/\",\"url\":\"https:\/\/www.welovecycling.com\/cs\/2019\/10\/16\/oslavenec-jirka-jezek-milniky-jeho-zivota-i-kariery-welovecycling-cr\/\",\"name\":\"Oslavenec Jirka Je\u017eek: miln\u00edky jeho \u017eivota i kari\u00e9ry | \u0160koda We Love Cycling - \u010cesk\u00e1 republika\",\"isPartOf\":{\"@id\":\"https:\/\/www.welovecycling.com\/cs\/#website\"},\"primaryImageOfPage\":{\"@id\":\"https:\/\/www.welovecycling.com\/cs\/2019\/10\/16\/oslavenec-jirka-jezek-milniky-jeho-zivota-i-kariery-welovecycling-cr\/#primaryimage\"},\"image\":{\"@id\":\"https:\/\/www.welovecycling.com\/cs\/2019\/10\/16\/oslavenec-jirka-jezek-milniky-jeho-zivota-i-kariery-welovecycling-cr\/#primaryimage\"},\"thumbnailUrl\":\"https:\/\/d2p6e6u75xmxt8.cloudfront.net\/13\/2019\/10\/JK_20190313_WE_LOVE_CYCLING_BEZDEZ_0027-scaled.webp\",\"datePublished\":\"2019-10-16T16:53:55+00:00\",\"author\":{\"@id\":\"\"},\"description\":\"Ji\u0159\u00ed Je\u017eek, nej\u00fasp\u011b\u0161n\u011bj\u0161\u00ed paralympijsk\u00fd cyklista historie, slav\u00ed 45. narozeniny. Jeden z\u00a0ambasador\u016f We Love Cycling je ak\u010dn\u00ed, inspirativn\u00ed \u010dlov\u011bk!\",\"inLanguage\":\"cs\",\"potentialAction\":[{\"@type\":\"ReadAction\",\"target\":[\"https:\/\/www.welovecycling.com\/cs\/2019\/10\/16\/oslavenec-jirka-jezek-milniky-jeho-zivota-i-kariery-welovecycling-cr\/\"]}]},{\"@type\":\"ImageObject\",\"inLanguage\":\"cs\",\"@id\":\"https:\/\/www.welovecycling.com\/cs\/2019\/10\/16\/oslavenec-jirka-jezek-milniky-jeho-zivota-i-kariery-welovecycling-cr\/#primaryimage\",\"url\":\"https:\/\/d2p6e6u75xmxt8.cloudfront.net\/13\/2019\/10\/JK_20190313_WE_LOVE_CYCLING_BEZDEZ_0027-scaled.webp\",\"contentUrl\":\"https:\/\/d2p6e6u75xmxt8.cloudfront.net\/13\/2019\/10\/JK_20190313_WE_LOVE_CYCLING_BEZDEZ_0027-scaled.webp\",\"width\":2560,\"height\":1707,\"caption\":\"Ji\u0159\u00ed Je\u017eek.\"},{\"@type\":\"WebSite\",\"@id\":\"https:\/\/www.welovecycling.com\/cs\/#website\",\"url\":\"https:\/\/www.welovecycling.com\/cs\/\",\"name\":\"\u0160koda We Love Cycling - \u010cesk\u00e1 republika\",\"description\":\"WeLoveCycling.cz je online magaz\u00edn, kter\u00fd v\u00e1m pravideln\u011b p\u0159in\u00e1\u0161\u00ed rady a tipy, zaj\u00edmav\u00e9 \u010dl\u00e1nky, videa a jedine\u010dn\u00e9 report\u00e1\u017ee ze sv\u011bta cyklistiky.\",\"potentialAction\":[{\"@type\":\"SearchAction\",\"target\":{\"@type\":\"EntryPoint\",\"urlTemplate\":\"https:\/\/www.welovecycling.com\/cs\/?s={search_term_string}\"},\"query-input\":{\"@type\":\"PropertyValueSpecification\",\"valueRequired\":true,\"valueName\":\"search_term_string\"}}],\"inLanguage\":\"cs\"},{\"@type\":\"Person\",\"@id\":\"\",\"url\":\"https:\/\/www.welovecycling.com\/cs\/author\/\"}]}<\/script>\n<!-- \/ Yoast SEO Premium plugin. -->","yoast_head_json":{"title":"Oslavenec Jirka Je\u017eek: miln\u00edky jeho \u017eivota i kari\u00e9ry | \u0160koda We Love Cycling - \u010cesk\u00e1 republika","description":"Ji\u0159\u00ed Je\u017eek, nej\u00fasp\u011b\u0161n\u011bj\u0161\u00ed paralympijsk\u00fd cyklista historie, slav\u00ed 45. narozeniny. Jeden z\u00a0ambasador\u016f We Love Cycling je ak\u010dn\u00ed, inspirativn\u00ed \u010dlov\u011bk!","robots":{"index":"index","follow":"follow","max-snippet":"max-snippet:-1","max-image-preview":"max-image-preview:large","max-video-preview":"max-video-preview:-1"},"canonical":"https:\/\/www.welovecycling.com\/cs\/2019\/10\/16\/oslavenec-jirka-jezek-milniky-jeho-zivota-i-kariery-welovecycling-cr\/","og_locale":"cs_CZ","og_type":"article","og_title":"Oslavenec Jirka Je\u017eek: miln\u00edky jeho \u017eivota i kari\u00e9ry","og_description":"Ji\u0159\u00ed Je\u017eek, nej\u00fasp\u011b\u0161n\u011bj\u0161\u00ed paralympijsk\u00fd cyklista historie, slav\u00ed 45. narozeniny. Jeden z\u00a0ambasador\u016f We Love Cycling je ak\u010dn\u00ed, inspirativn\u00ed \u010dlov\u011bk!","og_url":"https:\/\/www.welovecycling.com\/cs\/2019\/10\/16\/oslavenec-jirka-jezek-milniky-jeho-zivota-i-kariery-welovecycling-cr\/","og_site_name":"\u0160koda We Love Cycling - \u010cesk\u00e1 republika","article_published_time":"2019-10-16T16:53:55+00:00","og_image":[{"width":2560,"height":1707,"url":"https:\/\/d2p6e6u75xmxt8.cloudfront.net\/13\/2019\/10\/JK_20190313_WE_LOVE_CYCLING_BEZDEZ_0027-scaled.webp","type":"image\/webp"}],"twitter_card":"summary_large_image","twitter_misc":{"Written by":"Jan Kr\u016fta","Est. reading time":"9"},"schema":{"@context":"https:\/\/schema.org","@graph":[{"@type":"WebPage","@id":"https:\/\/www.welovecycling.com\/cs\/2019\/10\/16\/oslavenec-jirka-jezek-milniky-jeho-zivota-i-kariery-welovecycling-cr\/","url":"https:\/\/www.welovecycling.com\/cs\/2019\/10\/16\/oslavenec-jirka-jezek-milniky-jeho-zivota-i-kariery-welovecycling-cr\/","name":"Oslavenec Jirka Je\u017eek: miln\u00edky jeho \u017eivota i kari\u00e9ry | \u0160koda We Love Cycling - \u010cesk\u00e1 republika","isPartOf":{"@id":"https:\/\/www.welovecycling.com\/cs\/#website"},"primaryImageOfPage":{"@id":"https:\/\/www.welovecycling.com\/cs\/2019\/10\/16\/oslavenec-jirka-jezek-milniky-jeho-zivota-i-kariery-welovecycling-cr\/#primaryimage"},"image":{"@id":"https:\/\/www.welovecycling.com\/cs\/2019\/10\/16\/oslavenec-jirka-jezek-milniky-jeho-zivota-i-kariery-welovecycling-cr\/#primaryimage"},"thumbnailUrl":"https:\/\/d2p6e6u75xmxt8.cloudfront.net\/13\/2019\/10\/JK_20190313_WE_LOVE_CYCLING_BEZDEZ_0027-scaled.webp","datePublished":"2019-10-16T16:53:55+00:00","author":{"@id":""},"description":"Ji\u0159\u00ed Je\u017eek, nej\u00fasp\u011b\u0161n\u011bj\u0161\u00ed paralympijsk\u00fd cyklista historie, slav\u00ed 45. narozeniny. Jeden z\u00a0ambasador\u016f We Love Cycling je ak\u010dn\u00ed, inspirativn\u00ed \u010dlov\u011bk!","inLanguage":"cs","potentialAction":[{"@type":"ReadAction","target":["https:\/\/www.welovecycling.com\/cs\/2019\/10\/16\/oslavenec-jirka-jezek-milniky-jeho-zivota-i-kariery-welovecycling-cr\/"]}]},{"@type":"ImageObject","inLanguage":"cs","@id":"https:\/\/www.welovecycling.com\/cs\/2019\/10\/16\/oslavenec-jirka-jezek-milniky-jeho-zivota-i-kariery-welovecycling-cr\/#primaryimage","url":"https:\/\/d2p6e6u75xmxt8.cloudfront.net\/13\/2019\/10\/JK_20190313_WE_LOVE_CYCLING_BEZDEZ_0027-scaled.webp","contentUrl":"https:\/\/d2p6e6u75xmxt8.cloudfront.net\/13\/2019\/10\/JK_20190313_WE_LOVE_CYCLING_BEZDEZ_0027-scaled.webp","width":2560,"height":1707,"caption":"Ji\u0159\u00ed Je\u017eek."},{"@type":"WebSite","@id":"https:\/\/www.welovecycling.com\/cs\/#website","url":"https:\/\/www.welovecycling.com\/cs\/","name":"\u0160koda We Love Cycling - \u010cesk\u00e1 republika","description":"WeLoveCycling.cz je online magaz\u00edn, kter\u00fd v\u00e1m pravideln\u011b p\u0159in\u00e1\u0161\u00ed rady a tipy, zaj\u00edmav\u00e9 \u010dl\u00e1nky, videa a jedine\u010dn\u00e9 report\u00e1\u017ee ze sv\u011bta cyklistiky.","potentialAction":[{"@type":"SearchAction","target":{"@type":"EntryPoint","urlTemplate":"https:\/\/www.welovecycling.com\/cs\/?s={search_term_string}"},"query-input":{"@type":"PropertyValueSpecification","valueRequired":true,"valueName":"search_term_string"}}],"inLanguage":"cs"},{"@type":"Person","@id":"","url":"https:\/\/www.welovecycling.com\/cs\/author\/"}]}},"_links":{"self":[{"href":"https:\/\/www.welovecycling.com\/cs\/wp-json\/wp\/v2\/posts\/4452","targetHints":{"allow":["GET"]}}],"collection":[{"href":"https:\/\/www.welovecycling.com\/cs\/wp-json\/wp\/v2\/posts"}],"about":[{"href":"https:\/\/www.welovecycling.com\/cs\/wp-json\/wp\/v2\/types\/post"}],"author":[{"embeddable":true,"href":"https:\/\/www.welovecycling.com\/cs\/wp-json\/wp\/v2\/users\/95"}],"replies":[{"embeddable":true,"href":"https:\/\/www.welovecycling.com\/cs\/wp-json\/wp\/v2\/comments?post=4452"}],"version-history":[{"count":2,"href":"https:\/\/www.welovecycling.com\/cs\/wp-json\/wp\/v2\/posts\/4452\/revisions"}],"predecessor-version":[{"id":4468,"href":"https:\/\/www.welovecycling.com\/cs\/wp-json\/wp\/v2\/posts\/4452\/revisions\/4468"}],"wp:featuredmedia":[{"embeddable":true,"href":"https:\/\/www.welovecycling.com\/cs\/wp-json\/wp\/v2\/media\/4460"}],"wp:attachment":[{"href":"https:\/\/www.welovecycling.com\/cs\/wp-json\/wp\/v2\/media?parent=4452"}],"wp:term":[{"taxonomy":"category","embeddable":true,"href":"https:\/\/www.welovecycling.com\/cs\/wp-json\/wp\/v2\/categories?post=4452"},{"taxonomy":"post_tag","embeddable":true,"href":"https:\/\/www.welovecycling.com\/cs\/wp-json\/wp\/v2\/tags?post=4452"},{"taxonomy":"global-categories","embeddable":true,"href":"https:\/\/www.welovecycling.com\/cs\/wp-json\/wp\/v2\/global-categories?post=4452"}],"curies":[{"name":"wp","href":"https:\/\/api.w.org\/{rel}","templated":true}]}}