{"id":4443,"date":"2019-10-16T07:02:25","date_gmt":"2019-10-16T05:02:25","guid":{"rendered":"https:\/\/www.welovecycling.com\/cs\/?p=4443"},"modified":"2019-11-29T14:51:41","modified_gmt":"2019-11-29T12:51:41","slug":"hudba-se-hybe-aneb-muzikanti-na-kolech-welovecyclingcr","status":"publish","type":"post","link":"https:\/\/www.welovecycling.com\/cs\/2019\/10\/16\/hudba-se-hybe-aneb-muzikanti-na-kolech-welovecyclingcr\/","title":{"rendered":"Hudba se h\u00fdbe aneb muzikanti na kolech"},"content":{"rendered":"<p><strong>Mo\u017en\u00e1 nikdy nepochop\u00edme, pro\u010d je tolik hudebn\u00edk\u016f nevysv\u011btliteln\u011b posedl\u00fdch cyklistikou a koly. Poj\u010fme tedy vzd\u00e1t hold v\u0161em muzikant\u016fm, kte\u0159\u00ed oslavuj\u00ed \u017eivot na dvou kolech.<\/strong><\/p>\n<p><!--more--><\/p>\n<h2><strong>Hawkwind<\/strong><\/h2>\n<p>P\u0159ed Mot\u00f6rheady zp\u00edval baskytarista Lemmy o kolech s\u00a0psychedelick\u00fdmi rockery Hawkwind. Texty byly zalo\u017een\u00e9 na eseji od Alfreda Jarryho o stroji \u010dasu, kter\u00fd si texta\u0159 Robert Calvert vylo\u017eil jako eufemismus pro j\u00edzdn\u00ed kolo. D\u00e1v\u00e1 to \u00fapln\u011b jin\u00fd v\u00fdznam v\u00fdrazu \u201espun-out\u201c\u2026<\/p>\n<lite-youtube videoid=HdTFeW8FCto params=\"enablejsapi=1\" style=\"background-image: url('https:\/\/i.ytimg.com\/vi_webp\/HdTFeW8FCto\/maxresdefault.webp');\"><\/lite-youtube>\n<h2><strong>Pink Floyd<\/strong><\/h2>\n<p>Hawkwind nebyli jedin\u00ed psychedeli\u010dt\u00ed pr\u016fkopn\u00edci, je\u017e fascinovala p\u0159ita\u017elivost to\u010d\u00edc\u00edch se p\u0159evod\u016f.\u00a0 Syd Barrett vzdal hold sv\u00e9mu v\u011brn\u00e9mu bicyklu v\u00a0debutov\u00e9 desce Pink Floyd The Piper at the Gates of Dawn. Jako v\u011bt\u0161ina hudebn\u00edk\u016f je Barret prakticky zalo\u017een\u00fd a oce\u0148uje to spektrum r\u016fzn\u00fdch lid\u00ed, kter\u00e9 \u010dlov\u011bk potk\u00e1, kdy\u017e cestuje na dvou kolech.<\/p>\n<lite-youtube videoid=zOdBeLO8PJI params=\"enablejsapi=1\" style=\"background-image: url('https:\/\/i.ytimg.com\/vi_webp\/zOdBeLO8PJI\/maxresdefault.webp');\"><\/lite-youtube>\n<h2><strong>David Byrne<\/strong><\/h2>\n<p>Krom\u011b toho, \u017ee designoval bo\u017esky nepraktick\u00e9 stojany na kola pro m\u011bsto New York, frontman skupiny Talking Heads tak\u00e9 napsal knihu o sv\u00fdch cest\u00e1ch na kole a sv\u00e9m vztahu k\u00a0nim. Jako hudebn\u00edk vzal Byrne za sv\u00e9 zm\u011bny sm\u011bru a jeho prudk\u00e1 odbo\u010dka vlevo k\u00a0obhajov\u00e1n\u00ed cyklistiky je tou nejnov\u011bj\u0161\u00ed.<\/p>\n<lite-youtube videoid=37IDIUOJA6s params=\"enablejsapi=1\" style=\"background-image: url('https:\/\/i.ytimg.com\/vi_webp\/37IDIUOJA6s\/maxresdefault.webp');\"><\/lite-youtube>\n<h2><strong>Bono<\/strong><\/h2>\n<p>I p\u0159es v\u00e1\u017enou nehodu v\u00a0newyorsk\u00e9m centr\u00e1ln\u00edm parku se Bonova l\u00e1ska k\u00a0cyklistice nijak nezmen\u0161ila. Nedlouho po n\u00ed hned d\u011blal to, co d\u011bl\u00e1 nejl\u00e9pe \u2013 organizoval sb\u00edrku a zvy\u0161oval pov\u011bdom\u00ed o charit\u011b, pro kterou byl zap\u00e1len\u00fd.<\/p>\n<lite-youtube videoid=wldUQvLCRnU params=\"enablejsapi=1\" style=\"background-image: url('https:\/\/i.ytimg.com\/vi_webp\/wldUQvLCRnU\/maxresdefault.webp');\"><\/lite-youtube>\n<h2><strong>Peter Gabriel<\/strong><\/h2>\n<p>Mo\u017en\u00e1 u\u017e si \u0159\u00edk\u00e1te, \u017ee je to n\u011bjak\u00e9 podez\u0159el\u00e9 \u2013 co maj\u00ed v\u0161ichni ti muzikanti s\u00a0cyklistikou? N\u011bkte\u0159\u00ed z\u00a0n\u00e1s debatuj\u00ed, jestli je bezpe\u010dn\u00e9 jezdit na kole se sluch\u00e1tky v\u00a0u\u0161\u00edch, a pan Gabriel p\u0159itom h\u00e1z\u00ed za hlavu ve\u0161kerou bezpe\u010dnost a zp\u00edv\u00e1 na \u017eiv\u00e9m koncert\u011b za j\u00edzdy na kole.<\/p>\n<lite-youtube videoid=GimLuOUVkxg params=\"enablejsapi=1\" style=\"background-image: url('https:\/\/i.ytimg.com\/vi_webp\/GimLuOUVkxg\/maxresdefault.webp');\"><\/lite-youtube>\n<h2><strong>Kraftwerk<\/strong><\/h2>\n<p>Nebudeme v\u00e1m m\u00edt za zl\u00e9, kdy\u017e si budete myslet, \u017ee na pozad\u00ed toho v\u0161eho je n\u011bjak\u00e1 konspirace mezi UCI a hudebn\u00edm pr\u016fmyslem, zejm\u00e9na po tom, co Kraftwerk vydali v\u00a0roce 1983 nahr\u00e1vku s\u00a0n\u00e1zvem Tour de France. Znovuvyd\u00e1n\u00ed desky jen o kousek minulo 100. v\u00fdro\u010d\u00ed Le Tour, to ale nezabr\u00e1nilo Le Tour, aby se v\u00a0roce 2017nepod\u00edvala do rodn\u00e9ho m\u011bsta kapely Kraftwerk D\u00fcsseldorfu, kde Kraftwerk zahr\u00e1li Le Grand Depart.<\/p>\n<lite-youtube videoid=kz3Lof1H5bE params=\"enablejsapi=1\" style=\"background-image: url('https:\/\/i.ytimg.com\/vi_webp\/kz3Lof1H5bE\/maxresdefault.webp');\"><\/lite-youtube>\n","protected":false},"excerpt":{"rendered":"<p>Mo\u017en\u00e1 nikdy nepochop\u00edme, pro\u010d je tolik hudebn\u00edk\u016f nevysv\u011btliteln\u011b posedl\u00fdch cyklistikou a koly. Poj\u010fme tedy vzd\u00e1t hold v\u0161em muzikant\u016fm, kte\u0159\u00ed oslavuj\u00ed [&hellip;]<\/p>\n","protected":false},"author":95,"featured_media":4450,"comment_status":"open","ping_status":"open","sticky":false,"template":"","format":"standard","meta":{"footnotes":""},"categories":[660],"tags":[565,564,562,567,566,563],"global-categories":[],"class_list":["post-4443","post","type-post","status-publish","format-standard","has-post-thumbnail","hentry","category-https-www-welovecycling-com-cs-category-zabava","tag-bono","tag-david-byrne","tag-hawkwind","tag-kraftwerk","tag-peter-gabriel","tag-pink-floyd"],"yoast_head":"<!-- This site is optimized with the Yoast SEO Premium plugin v25.3 (Yoast SEO v25.9) - https:\/\/yoast.com\/wordpress\/plugins\/seo\/ -->\n<title>Hudba se h\u00fdbe aneb muzikanti na kolech | \u0160koda We Love Cycling - \u010cesk\u00e1 republika<\/title>\n<meta name=\"description\" content=\"Mo\u017en\u00e1 nikdy nepochop\u00edme, pro\u010d je tolik hudebn\u00edk\u016f posedl\u00fdch cyklistikou a koly. Poj\u010fme tedy vzd\u00e1t hold v\u0161em muzikant\u016fm, kte\u0159\u00ed oslavuj\u00ed \u017eivot na dvou kolech.\" \/>\n<meta name=\"robots\" content=\"index, follow, max-snippet:-1, max-image-preview:large, max-video-preview:-1\" \/>\n<link rel=\"canonical\" href=\"https:\/\/www.welovecycling.com\/cs\/2019\/10\/16\/hudba-se-hybe-aneb-muzikanti-na-kolech-welovecyclingcr\/\" \/>\n<meta property=\"og:locale\" content=\"cs_CZ\" \/>\n<meta property=\"og:type\" content=\"article\" \/>\n<meta property=\"og:title\" content=\"Hudba se h\u00fdbe aneb muzikanti na kolech\" \/>\n<meta property=\"og:description\" content=\"Mo\u017en\u00e1 nikdy nepochop\u00edme, pro\u010d je tolik hudebn\u00edk\u016f posedl\u00fdch cyklistikou a koly. Poj\u010fme tedy vzd\u00e1t hold v\u0161em muzikant\u016fm, kte\u0159\u00ed oslavuj\u00ed \u017eivot na dvou kolech.\" \/>\n<meta property=\"og:url\" content=\"https:\/\/www.welovecycling.com\/cs\/2019\/10\/16\/hudba-se-hybe-aneb-muzikanti-na-kolech-welovecyclingcr\/\" \/>\n<meta property=\"og:site_name\" content=\"\u0160koda We Love Cycling - \u010cesk\u00e1 republika\" \/>\n<meta property=\"article:published_time\" content=\"2019-10-16T05:02:25+00:00\" \/>\n<meta property=\"article:modified_time\" content=\"2019-11-29T12:51:41+00:00\" \/>\n<meta property=\"og:image\" content=\"https:\/\/d2p6e6u75xmxt8.cloudfront.net\/13\/2019\/10\/kraftwerk-tour-de-france-CVR.webp\" \/>\n\t<meta property=\"og:image:width\" content=\"1366\" \/>\n\t<meta property=\"og:image:height\" content=\"600\" \/>\n\t<meta property=\"og:image:type\" content=\"image\/webp\" \/>\n<meta name=\"twitter:card\" content=\"summary_large_image\" \/>\n<meta name=\"twitter:label1\" content=\"Written by\" \/>\n\t<meta name=\"twitter:data1\" content=\"Christopher Ashley\" \/>\n\t<meta name=\"twitter:label2\" content=\"Est. reading time\" \/>\n\t<meta name=\"twitter:data2\" content=\"6\" \/>\n<script type=\"application\/ld+json\" class=\"yoast-schema-graph\">{\"@context\":\"https:\/\/schema.org\",\"@graph\":[{\"@type\":\"WebPage\",\"@id\":\"https:\/\/www.welovecycling.com\/cs\/2019\/10\/16\/hudba-se-hybe-aneb-muzikanti-na-kolech-welovecyclingcr\/\",\"url\":\"https:\/\/www.welovecycling.com\/cs\/2019\/10\/16\/hudba-se-hybe-aneb-muzikanti-na-kolech-welovecyclingcr\/\",\"name\":\"Hudba se h\u00fdbe aneb muzikanti na kolech | \u0160koda We Love Cycling - \u010cesk\u00e1 republika\",\"isPartOf\":{\"@id\":\"https:\/\/www.welovecycling.com\/cs\/#website\"},\"primaryImageOfPage\":{\"@id\":\"https:\/\/www.welovecycling.com\/cs\/2019\/10\/16\/hudba-se-hybe-aneb-muzikanti-na-kolech-welovecyclingcr\/#primaryimage\"},\"image\":{\"@id\":\"https:\/\/www.welovecycling.com\/cs\/2019\/10\/16\/hudba-se-hybe-aneb-muzikanti-na-kolech-welovecyclingcr\/#primaryimage\"},\"thumbnailUrl\":\"https:\/\/d2p6e6u75xmxt8.cloudfront.net\/13\/2019\/10\/kraftwerk-tour-de-france-CVR.webp\",\"datePublished\":\"2019-10-16T05:02:25+00:00\",\"dateModified\":\"2019-11-29T12:51:41+00:00\",\"author\":{\"@id\":\"\"},\"description\":\"Mo\u017en\u00e1 nikdy nepochop\u00edme, pro\u010d je tolik hudebn\u00edk\u016f posedl\u00fdch cyklistikou a koly. Poj\u010fme tedy vzd\u00e1t hold v\u0161em muzikant\u016fm, kte\u0159\u00ed oslavuj\u00ed \u017eivot na dvou kolech.\",\"inLanguage\":\"cs\",\"potentialAction\":[{\"@type\":\"ReadAction\",\"target\":[\"https:\/\/www.welovecycling.com\/cs\/2019\/10\/16\/hudba-se-hybe-aneb-muzikanti-na-kolech-welovecyclingcr\/\"]}]},{\"@type\":\"ImageObject\",\"inLanguage\":\"cs\",\"@id\":\"https:\/\/www.welovecycling.com\/cs\/2019\/10\/16\/hudba-se-hybe-aneb-muzikanti-na-kolech-welovecyclingcr\/#primaryimage\",\"url\":\"https:\/\/d2p6e6u75xmxt8.cloudfront.net\/13\/2019\/10\/kraftwerk-tour-de-france-CVR.webp\",\"contentUrl\":\"https:\/\/d2p6e6u75xmxt8.cloudfront.net\/13\/2019\/10\/kraftwerk-tour-de-france-CVR.webp\",\"width\":1366,\"height\":600},{\"@type\":\"WebSite\",\"@id\":\"https:\/\/www.welovecycling.com\/cs\/#website\",\"url\":\"https:\/\/www.welovecycling.com\/cs\/\",\"name\":\"\u0160koda We Love Cycling - \u010cesk\u00e1 republika\",\"description\":\"WeLoveCycling.cz je online magaz\u00edn, kter\u00fd v\u00e1m pravideln\u011b p\u0159in\u00e1\u0161\u00ed rady a tipy, zaj\u00edmav\u00e9 \u010dl\u00e1nky, videa a jedine\u010dn\u00e9 report\u00e1\u017ee ze sv\u011bta cyklistiky.\",\"potentialAction\":[{\"@type\":\"SearchAction\",\"target\":{\"@type\":\"EntryPoint\",\"urlTemplate\":\"https:\/\/www.welovecycling.com\/cs\/?s={search_term_string}\"},\"query-input\":{\"@type\":\"PropertyValueSpecification\",\"valueRequired\":true,\"valueName\":\"search_term_string\"}}],\"inLanguage\":\"cs\"},{\"@type\":\"Person\",\"@id\":\"\",\"url\":\"https:\/\/www.welovecycling.com\/cs\/author\/\"}]}<\/script>\n<!-- \/ Yoast SEO Premium plugin. -->","yoast_head_json":{"title":"Hudba se h\u00fdbe aneb muzikanti na kolech | \u0160koda We Love Cycling - \u010cesk\u00e1 republika","description":"Mo\u017en\u00e1 nikdy nepochop\u00edme, pro\u010d je tolik hudebn\u00edk\u016f posedl\u00fdch cyklistikou a koly. Poj\u010fme tedy vzd\u00e1t hold v\u0161em muzikant\u016fm, kte\u0159\u00ed oslavuj\u00ed \u017eivot na dvou kolech.","robots":{"index":"index","follow":"follow","max-snippet":"max-snippet:-1","max-image-preview":"max-image-preview:large","max-video-preview":"max-video-preview:-1"},"canonical":"https:\/\/www.welovecycling.com\/cs\/2019\/10\/16\/hudba-se-hybe-aneb-muzikanti-na-kolech-welovecyclingcr\/","og_locale":"cs_CZ","og_type":"article","og_title":"Hudba se h\u00fdbe aneb muzikanti na kolech","og_description":"Mo\u017en\u00e1 nikdy nepochop\u00edme, pro\u010d je tolik hudebn\u00edk\u016f posedl\u00fdch cyklistikou a koly. Poj\u010fme tedy vzd\u00e1t hold v\u0161em muzikant\u016fm, kte\u0159\u00ed oslavuj\u00ed \u017eivot na dvou kolech.","og_url":"https:\/\/www.welovecycling.com\/cs\/2019\/10\/16\/hudba-se-hybe-aneb-muzikanti-na-kolech-welovecyclingcr\/","og_site_name":"\u0160koda We Love Cycling - \u010cesk\u00e1 republika","article_published_time":"2019-10-16T05:02:25+00:00","article_modified_time":"2019-11-29T12:51:41+00:00","og_image":[{"width":1366,"height":600,"url":"https:\/\/d2p6e6u75xmxt8.cloudfront.net\/13\/2019\/10\/kraftwerk-tour-de-france-CVR.webp","type":"image\/webp"}],"twitter_card":"summary_large_image","twitter_misc":{"Written by":"Christopher Ashley","Est. reading time":"6"},"schema":{"@context":"https:\/\/schema.org","@graph":[{"@type":"WebPage","@id":"https:\/\/www.welovecycling.com\/cs\/2019\/10\/16\/hudba-se-hybe-aneb-muzikanti-na-kolech-welovecyclingcr\/","url":"https:\/\/www.welovecycling.com\/cs\/2019\/10\/16\/hudba-se-hybe-aneb-muzikanti-na-kolech-welovecyclingcr\/","name":"Hudba se h\u00fdbe aneb muzikanti na kolech | \u0160koda We Love Cycling - \u010cesk\u00e1 republika","isPartOf":{"@id":"https:\/\/www.welovecycling.com\/cs\/#website"},"primaryImageOfPage":{"@id":"https:\/\/www.welovecycling.com\/cs\/2019\/10\/16\/hudba-se-hybe-aneb-muzikanti-na-kolech-welovecyclingcr\/#primaryimage"},"image":{"@id":"https:\/\/www.welovecycling.com\/cs\/2019\/10\/16\/hudba-se-hybe-aneb-muzikanti-na-kolech-welovecyclingcr\/#primaryimage"},"thumbnailUrl":"https:\/\/d2p6e6u75xmxt8.cloudfront.net\/13\/2019\/10\/kraftwerk-tour-de-france-CVR.webp","datePublished":"2019-10-16T05:02:25+00:00","dateModified":"2019-11-29T12:51:41+00:00","author":{"@id":""},"description":"Mo\u017en\u00e1 nikdy nepochop\u00edme, pro\u010d je tolik hudebn\u00edk\u016f posedl\u00fdch cyklistikou a koly. Poj\u010fme tedy vzd\u00e1t hold v\u0161em muzikant\u016fm, kte\u0159\u00ed oslavuj\u00ed \u017eivot na dvou kolech.","inLanguage":"cs","potentialAction":[{"@type":"ReadAction","target":["https:\/\/www.welovecycling.com\/cs\/2019\/10\/16\/hudba-se-hybe-aneb-muzikanti-na-kolech-welovecyclingcr\/"]}]},{"@type":"ImageObject","inLanguage":"cs","@id":"https:\/\/www.welovecycling.com\/cs\/2019\/10\/16\/hudba-se-hybe-aneb-muzikanti-na-kolech-welovecyclingcr\/#primaryimage","url":"https:\/\/d2p6e6u75xmxt8.cloudfront.net\/13\/2019\/10\/kraftwerk-tour-de-france-CVR.webp","contentUrl":"https:\/\/d2p6e6u75xmxt8.cloudfront.net\/13\/2019\/10\/kraftwerk-tour-de-france-CVR.webp","width":1366,"height":600},{"@type":"WebSite","@id":"https:\/\/www.welovecycling.com\/cs\/#website","url":"https:\/\/www.welovecycling.com\/cs\/","name":"\u0160koda We Love Cycling - \u010cesk\u00e1 republika","description":"WeLoveCycling.cz je online magaz\u00edn, kter\u00fd v\u00e1m pravideln\u011b p\u0159in\u00e1\u0161\u00ed rady a tipy, zaj\u00edmav\u00e9 \u010dl\u00e1nky, videa a jedine\u010dn\u00e9 report\u00e1\u017ee ze sv\u011bta cyklistiky.","potentialAction":[{"@type":"SearchAction","target":{"@type":"EntryPoint","urlTemplate":"https:\/\/www.welovecycling.com\/cs\/?s={search_term_string}"},"query-input":{"@type":"PropertyValueSpecification","valueRequired":true,"valueName":"search_term_string"}}],"inLanguage":"cs"},{"@type":"Person","@id":"","url":"https:\/\/www.welovecycling.com\/cs\/author\/"}]}},"_links":{"self":[{"href":"https:\/\/www.welovecycling.com\/cs\/wp-json\/wp\/v2\/posts\/4443","targetHints":{"allow":["GET"]}}],"collection":[{"href":"https:\/\/www.welovecycling.com\/cs\/wp-json\/wp\/v2\/posts"}],"about":[{"href":"https:\/\/www.welovecycling.com\/cs\/wp-json\/wp\/v2\/types\/post"}],"author":[{"embeddable":true,"href":"https:\/\/www.welovecycling.com\/cs\/wp-json\/wp\/v2\/users\/95"}],"replies":[{"embeddable":true,"href":"https:\/\/www.welovecycling.com\/cs\/wp-json\/wp\/v2\/comments?post=4443"}],"version-history":[{"count":1,"href":"https:\/\/www.welovecycling.com\/cs\/wp-json\/wp\/v2\/posts\/4443\/revisions"}],"predecessor-version":[{"id":4451,"href":"https:\/\/www.welovecycling.com\/cs\/wp-json\/wp\/v2\/posts\/4443\/revisions\/4451"}],"wp:featuredmedia":[{"embeddable":true,"href":"https:\/\/www.welovecycling.com\/cs\/wp-json\/wp\/v2\/media\/4450"}],"wp:attachment":[{"href":"https:\/\/www.welovecycling.com\/cs\/wp-json\/wp\/v2\/media?parent=4443"}],"wp:term":[{"taxonomy":"category","embeddable":true,"href":"https:\/\/www.welovecycling.com\/cs\/wp-json\/wp\/v2\/categories?post=4443"},{"taxonomy":"post_tag","embeddable":true,"href":"https:\/\/www.welovecycling.com\/cs\/wp-json\/wp\/v2\/tags?post=4443"},{"taxonomy":"global-categories","embeddable":true,"href":"https:\/\/www.welovecycling.com\/cs\/wp-json\/wp\/v2\/global-categories?post=4443"}],"curies":[{"name":"wp","href":"https:\/\/api.w.org\/{rel}","templated":true}]}}