{"id":4257,"date":"2019-10-04T09:14:22","date_gmt":"2019-10-04T07:14:22","guid":{"rendered":"https:\/\/www.welovecycling.com\/cs\/?p=4257"},"modified":"2019-10-03T22:31:21","modified_gmt":"2019-10-03T20:31:21","slug":"nejlepsi-inovace-z-veletrhu-eurobike-2019-welovecycling-2019","status":"publish","type":"post","link":"https:\/\/www.welovecycling.com\/cs\/2019\/10\/04\/nejlepsi-inovace-z-veletrhu-eurobike-2019-welovecycling-2019\/","title":{"rendered":"Nejlep\u0161\u00ed inovace z veletrhu EuroBike 2019"},"content":{"rendered":"<p><strong>EuroBike je nejv\u011bt\u0161\u00ed veletrh cyklistick\u00e9ho zbo\u017e\u00ed, kter\u00fd se kon\u00e1 v\u00a0N\u011bmecku. V\u00fdznam akce je celosv\u011btov\u00fd a krom\u011b jin\u00e9ho zde zna\u010dky r\u00e1dy p\u0159edstavuj\u00ed sv\u00e9 novinky, je\u017e byly do t\u00e9 doby bedliv\u011b st\u0159e\u017een\u00e9. Skupina expert\u016f ka\u017ed\u00fd rok ud\u011bluje ocen\u011bn\u00ed nejlep\u0161\u00edm a nejzaj\u00edmav\u011bj\u0161\u00edm inovac\u00edm, kter\u00e9 jsou na veletrhu p\u0159edstaveny, a my pro v\u00e1s m\u00e1me v\u00fdb\u011br toho nejlep\u0161\u00edho z\u00a0v\u00edt\u011bzn\u00fdch produkt\u016f.<\/strong><\/p>\n<p><!--more--><\/p>\n<h2><strong>FOX Live Valve by FOX Factory<\/strong><\/h2>\n<p><a href=\"https:\/\/d2p6e6u75xmxt8.cloudfront.net\/2\/2019\/09\/FOX-Live-Valve.jpg\"><img loading=\"lazy\" decoding=\"async\" class=\"alignnone size-large wp-image-175326\" src=\"https:\/\/d2p6e6u75xmxt8.cloudfront.net\/2\/2019\/09\/FOX-Live-Valve-1024x1024.jpg\" alt=\"\" width=\"1024\" height=\"1024\" \/><\/a><\/p>\n<p>Chytr\u00e9 a efektivn\u00ed \u2013 nov\u00fd syst\u00e9m, kter\u00fd na z\u00e1klad\u011b informac\u00ed z proj\u00ed\u017ed\u011bn\u00e9ho ter\u00e9nu neust\u00e1le upravuje charakter tlumen\u00ed. Rychle se adaptuje na zm\u011bny povrchu, co\u017e bylo prok\u00e1z\u00e1no i v\u00a0t\u011bch nejn\u00e1ro\u010dn\u011bj\u0161\u00edch testech. Toto \u0159e\u0161en\u00ed by z\u00e1rove\u0148 m\u011blo b\u00fdt velmi bezpe\u010dn\u00e9, co\u017e jezdci umo\u017en\u00ed pln\u011b se soust\u0159edit na trail p\u0159ed sebou a u\u017e\u00edvat si v\u00edce z\u00e1bavy.<\/p>\n<h2><strong>Clinq Shift: R Road f\u00fcr Pinion by Tout Terrain<br \/>\n<\/strong><\/h2>\n<p><a href=\"https:\/\/d2p6e6u75xmxt8.cloudfront.net\/2\/2019\/09\/Clinq-Shift.jpg\"><img loading=\"lazy\" decoding=\"async\" class=\"alignnone size-large wp-image-175320\" src=\"https:\/\/d2p6e6u75xmxt8.cloudfront.net\/2\/2019\/09\/Clinq-Shift-1024x683.jpg\" alt=\"\" width=\"1024\" height=\"683\" \/><\/a><\/p>\n<p>\u0158azen\u00ed Cinq je prvn\u00edm produktem, jen\u017e integruje silni\u010dn\u00ed \u0159adic\u00ed p\u00e1ku s\u00a0n\u011bmeck\u00fdm revolu\u010dn\u00edm a bez\u00fadr\u017ebov\u00fdm p\u0159evodovkov\u00fdm \u0159azen\u00edm Pinion, kter\u00e9 je ukryto pod \u0161lapac\u00edm st\u0159edem. Brzdov\u00e1 p\u00e1ka je potom spojena s\u00a0hydraulickou kotou\u010dovou brzdou od TRP. Toto \u0159e\u0161en\u00ed umo\u017e\u0148uje pohodln\u00e9 br\u017ed\u011bn\u00ed i z\u00a0oblouk\u016f a d\u00edky jeho bez\u00fadr\u017ebovosti je skv\u011bl\u00fdm \u0159e\u0161en\u00edm i pro gravel kola. Odhalen\u00e9 kabely usnad\u0148uj\u00ed jejich v\u00fdm\u011bnu. A informace pro ty, co se s\u00a0Pinion je\u0161t\u011b nesetkali \u2013 kolo vypad\u00e1 jako singlespeed bike, proto\u017ee p\u0159evodovkov\u00fd syst\u00e9m je schovan\u00fd a zadn\u00ed kolo tak nem\u00e1 \u017e\u00e1dnou kazetu.<\/p>\n<h2><strong>Bike Box<\/strong><\/h2>\n<p><a href=\"https:\/\/d2p6e6u75xmxt8.cloudfront.net\/2\/2019\/09\/Bike-Box.jpg\"><img loading=\"lazy\" decoding=\"async\" class=\"alignnone size-large wp-image-175316\" src=\"https:\/\/d2p6e6u75xmxt8.cloudfront.net\/2\/2019\/09\/Bike-Box-1024x683.jpg\" alt=\"\" width=\"1024\" height=\"683\" \/><\/a><\/p>\n<p>Bike box od stejnojmenn\u00e9 firmy je ekonomi\u010dt\u011bj\u0161\u00ed variantou pro cestov\u00e1n\u00ed s\u00a0kolem, kter\u00e9 b\u00fdv\u00e1 logisticky velmi n\u00e1ro\u010dn\u00e9. Tento transportn\u00ed box se ale snadno skladuje a d\u00e1 se pou\u017e\u00edt na MTB i silni\u010dn\u00ed kola. Z\u00e1rove\u0148 je a\u017e \u010dty\u0159ikr\u00e1t levn\u011bj\u0161\u00ed ne\u017e standardn\u00ed \u0159e\u0161en\u00ed dostupn\u00e9 na trhu.<\/p>\n<h2><strong>I LOCK IT e-bike by haveltec<\/strong><\/h2>\n<p><a href=\"https:\/\/d2p6e6u75xmxt8.cloudfront.net\/2\/2019\/09\/I-LOCK-it.png\"><img loading=\"lazy\" decoding=\"async\" class=\"alignnone size-full wp-image-175351\" src=\"https:\/\/d2p6e6u75xmxt8.cloudfront.net\/2\/2019\/09\/I-LOCK-it.png\" alt=\"\" width=\"927\" height=\"517\" \/><\/a><\/p>\n<p>Tento z\u00e1mek u\u017e by nemohl fungovat jednodu\u0161eji. Je spojen\u00fd s\u00a0va\u0161\u00edm smartphonem pomoc\u00ed bluetooth, a kdy\u017e se se sv\u00fdm telefonem vzd\u00e1l\u00edte, t\u0159eba do kav\u00e1rny nebo na n\u00e1kup, a spojen\u00ed se p\u0159eru\u0161\u00ed, z\u00e1mek se automaticky aktivuje. Kdy\u017e se zase ke kolu p\u0159ibl\u00ed\u017e\u00edte, telefon nav\u00e1\u017ee se z\u00e1mkem spojen\u00ed a ten se odemkne. Z\u00e1mek se instaluje na zadn\u00ed kolo, co\u017e z\u00a0n\u011bj d\u011bl\u00e1 perfektn\u00ed za\u0159\u00edzen\u00ed proti kr\u00e1de\u017ei.<\/p>\n<h2><strong>QUARTZ by Kervelo<strong><br \/>\n<\/strong><\/strong><\/h2>\n<p><a href=\"https:\/\/d2p6e6u75xmxt8.cloudfront.net\/2\/2019\/09\/quartz-1.png\"><img loading=\"lazy\" decoding=\"async\" class=\"alignnone size-full wp-image-175373\" src=\"https:\/\/d2p6e6u75xmxt8.cloudfront.net\/2\/2019\/09\/quartz-1.png\" alt=\"\" width=\"923\" height=\"355\" \/><\/a><\/p>\n<p>Odoln\u00fd a t\u00e9m\u011b\u0159 bez\u00fadr\u017ebov\u00fd p\u0159evodovkov\u00fd syst\u00e9m se \u0161esti rychlostmi je ur\u010den prim\u00e1rn\u011b pro n\u00e1kladn\u00ed a m\u011bstsk\u00e1 kola, i pro ty sd\u00edlen\u00e1. Je jednoduch\u00fd, levn\u00fd, odoln\u00fd a spolehliv\u00fd. Funguje na principu planetov\u00e9 p\u0159evodovky s\u00a0asistenc\u00ed elektrick\u00e9ho motoru.<\/p>\n<h2><strong>ASFALT LR by ASFALT<\/strong><\/h2>\n<p><a href=\"https:\/\/d2p6e6u75xmxt8.cloudfront.net\/2\/2019\/09\/ASFALT-LR-by-ASFALT.jpg\"><img loading=\"lazy\" decoding=\"async\" class=\"alignnone size-large wp-image-175314\" src=\"https:\/\/d2p6e6u75xmxt8.cloudfront.net\/2\/2019\/09\/ASFALT-LR-by-ASFALT-1024x683.jpg\" alt=\"\" width=\"1024\" height=\"683\" \/><\/a><\/p>\n<p>Jury hodnot\u00edc\u00ed novinky se u tohoto modelu zamilovala hlavn\u011b do designu kola. Jeho povrchov\u00e1 \u00faprava, integrace kabel\u016f, smysl pro detail a \u0159emesln\u00e9 zpracov\u00e1n\u00ed jsou d\u00edlem \u0161v\u00fdcarsk\u00e9 zna\u010dky ASFALT. Kolo je vybaveno dv\u011bma nez\u00e1visl\u00fdmi bateriemi pro del\u0161\u00ed v\u00fdlety a pro \u00fasporu hmotnosti je mo\u017en\u00e9 v\u00a0p\u0159\u00edpad\u011b krat\u0161\u00edch vyj\u00ed\u017ed\u011bk instalovat pouze jednu baterii.<\/p>\n<h2><strong>Superdelite GT Rohloff HS with GX option by Riese &amp; M\u00fcller<\/strong><\/h2>\n<p><a href=\"https:\/\/d2p6e6u75xmxt8.cloudfront.net\/2\/2019\/09\/Superdelite-GT-rohloff-HS.jpg\"><img loading=\"lazy\" decoding=\"async\" class=\"alignnone size-large wp-image-175340\" src=\"https:\/\/d2p6e6u75xmxt8.cloudfront.net\/2\/2019\/09\/Superdelite-GT-rohloff-HS-1024x683.jpg\" alt=\"\" width=\"1024\" height=\"683\" \/><\/a><\/p>\n<p>Tento celoodpru\u017een\u00fd tank pro denn\u00ed doj\u00ed\u017ed\u011bn\u00ed integruje do r\u00e1mu motor, dv\u011b baterie a p\u0159edn\u00ed i zadn\u00ed sv\u011btlo. Jury m\u00e1 za to, \u017ee kolo pat\u0159\u00ed do spektra luxusn\u00edch kousk\u016f. My m\u00e1me za to, \u017ee tento kousek se pohybuje sp\u00ed\u0161e ve spektru obezity, ale jedn\u00e1 se pouze o n\u00e1\u0161 individu\u00e1ln\u00ed verdikt.<\/p>\n<h2><strong>CERO ONE by CERO Bikes<\/strong><\/h2>\n<p><a href=\"https:\/\/d2p6e6u75xmxt8.cloudfront.net\/2\/2019\/09\/CERO-ONE-by-CERO-Bikes.jpg\"><img loading=\"lazy\" decoding=\"async\" class=\"alignnone size-large wp-image-175318\" src=\"https:\/\/d2p6e6u75xmxt8.cloudfront.net\/2\/2019\/09\/CERO-ONE-by-CERO-Bikes-1024x683.jpg\" alt=\"\" width=\"1024\" height=\"683\" \/><\/a><\/p>\n<p>Tento kousek je mo\u017eno individualizovat pomoc\u00ed r\u016fzn\u00fdch modul\u016f, kter\u00e9 se daj\u00ed p\u0159id\u011blat bu\u010f na p\u0159edn\u00ed, nebo zadn\u00ed \u010d\u00e1st kola. D\u00edky jeho univerz\u00e1lnosti a mo\u017enosti roz\u0161\u00ed\u0159en\u00ed je skv\u011bl\u00fdm n\u00e1kladn\u00edm kolem pro p\u0159epravu \u010dehokoliv kamkoliv.<\/p>\n<h2><strong>blubrake\u00a0<\/strong><\/h2>\n<p><a href=\"https:\/\/d2p6e6u75xmxt8.cloudfront.net\/2\/2019\/09\/blubrake.png\"><img loading=\"lazy\" decoding=\"async\" class=\"alignnone size-full wp-image-175368\" src=\"https:\/\/d2p6e6u75xmxt8.cloudfront.net\/2\/2019\/09\/blubrake.png\" alt=\"\" width=\"713\" height=\"527\" \/><\/a><\/p>\n<p>Nejedn\u00e1 se o jedin\u00fd existuj\u00edc\u00ed ABS syst\u00e9m na kolo, ale je prvn\u00ed, kter\u00fd tuto technologii integruje do r\u00e1mu. Tato technologie je p\u0159\u00edslibem hlavn\u011b pro m\u011bstsk\u00e1, n\u00e1kladn\u00ed nebo horsk\u00e1 kola.<\/p>\n<h2><strong>e-muli STEPS by muli<\/strong><\/h2>\n<p><a href=\"https:\/\/d2p6e6u75xmxt8.cloudfront.net\/2\/2019\/09\/e-muli-cargo-bike.jpg\"><img loading=\"lazy\" decoding=\"async\" class=\"alignnone size-large wp-image-175324\" src=\"https:\/\/d2p6e6u75xmxt8.cloudfront.net\/2\/2019\/09\/e-muli-cargo-bike-1024x683.jpg\" alt=\"\" width=\"1024\" height=\"683\" \/><\/a><\/p>\n<p>N\u00e1kladn\u00ed kolo p\u0159ipom\u00ednaj\u00edc\u00ed rakev zaujalo jury hlavn\u011b d\u00edky jednoduch\u00e9mu designu a chytr\u00e9 integraci Shimano Drive. Relativn\u011b mal\u00e9 a kompaktn\u00ed kolo bylo jedn\u00edm ze stovek vystaven\u00fdch na veletrhu, co\u017e nazna\u010duje, \u017ee segment transportn\u00edch kol je na vzestupu.<\/p>\n<h2><strong>Greyp G 6.2 by Greyp Bikes<\/strong><\/h2>\n<p><a href=\"https:\/\/d2p6e6u75xmxt8.cloudfront.net\/2\/2019\/09\/Greyp-G-6.2-by-Greyp-Bikes.jpg\"><img loading=\"lazy\" decoding=\"async\" class=\"alignnone size-large wp-image-175328\" src=\"https:\/\/d2p6e6u75xmxt8.cloudfront.net\/2\/2019\/09\/Greyp-G-6.2-by-Greyp-Bikes-1024x683.jpg\" alt=\"\" width=\"1024\" height=\"683\" \/><\/a><\/p>\n<p>Adeptem na titul nejo\u0161kliv\u011bj\u0161\u00ed kolo je to od chorvatsk\u00e9 zna\u010dky Greyp. Tento e-bike m\u00e1 v\u00edce za\u0159\u00edzen\u00ed, ne\u017e bychom na\u0161li na mezin\u00e1rodn\u00ed vesm\u00edrn\u00e9 stanici ISS. Jury ocenila jeho sofistikovanou integraci mnoha r\u016fzn\u00fdch za\u0159\u00edzen\u00ed. Kolo nab\u00edz\u00ed konstantn\u00ed internetov\u00e9 p\u0159ipojen\u00ed, mnoho telemetrick\u00fdch senzor\u016f, p\u0159edn\u00ed a zadn\u00ed kameru a mobiln\u00ed aplikaci, kter\u00e1 slou\u017e\u00ed jako palubka se v\u0161emi \u00fadaji.<\/p>\n<h2><strong>MCR 9 RDO by Niner Bikes<\/strong><\/h2>\n<p><a href=\"https:\/\/d2p6e6u75xmxt8.cloudfront.net\/2\/2019\/09\/MCR-9-RDO-by-Niner-Bikes.jpg\"><img loading=\"lazy\" decoding=\"async\" class=\"alignnone size-large wp-image-175334\" src=\"https:\/\/d2p6e6u75xmxt8.cloudfront.net\/2\/2019\/09\/MCR-9-RDO-by-Niner-Bikes-1024x683.jpg\" alt=\"\" width=\"1024\" height=\"683\" \/><\/a><\/p>\n<p>Toto kolo je jedno z\u00a0prvn\u00edch celoodpru\u017een\u00fdch gravel kol na trhu, tak\u017ee kombinuje pokro\u010dil\u00e9 technologie ze sv\u011bta horsk\u00fdch kol s\u00a0rychlost\u00ed a ovl\u00e1d\u00e1n\u00edm silni\u010dn\u00edho nebo gravel kola.<\/p>\n<h2><strong>Cento10 Hybrid by Wilier Triestina<\/strong><\/h2>\n<p><a href=\"https:\/\/d2p6e6u75xmxt8.cloudfront.net\/2\/2019\/09\/Cento10-Hybrid-by-Wilier-Triestina.jpg\"><img loading=\"lazy\" decoding=\"async\" class=\"alignnone size-large wp-image-175317\" src=\"https:\/\/d2p6e6u75xmxt8.cloudfront.net\/2\/2019\/09\/Cento10-Hybrid-by-Wilier-Triestina-1024x683.jpg\" alt=\"\" width=\"1024\" height=\"683\" \/><\/a><\/p>\n<p>Na tomto kole byly ocen\u011bny nejen modern\u00ed technologie, ale i pohledn\u00fd design a perfektn\u00ed \u0159emesln\u00e9 zpracov\u00e1n\u00ed. Ostatn\u00edm stroj\u016fm ukradlo ve\u0161kerou pozornost hlavn\u011b d\u00edky sv\u00e9mu laku a integraci komponent\u016f e-biku.<\/p>\n<h2><strong>FUBi fixie by Fubicom Ab Oy<\/strong><\/h2>\n<p><a href=\"https:\/\/d2p6e6u75xmxt8.cloudfront.net\/2\/2019\/09\/FUBi-fixie-by-Fubicom.jpg\"><img loading=\"lazy\" decoding=\"async\" class=\"alignnone size-large wp-image-175327\" src=\"https:\/\/d2p6e6u75xmxt8.cloudfront.net\/2\/2019\/09\/FUBi-fixie-by-Fubicom-1024x683.jpg\" alt=\"\" width=\"1024\" height=\"683\" \/><\/a><\/p>\n<p>N\u00e1dhern\u00fd a \u010dist\u00fd design klasick\u00e9ho kola s\u00a0r\u00e1mem z\u00a0oceli je p\u016fsobiv\u00fd nejen kv\u016fli sv\u00e9 jednoduchosti, ale i d\u00edky faktu, \u017ee se jedn\u00e1 o kolo skl\u00e1dac\u00ed. Bez motoru a baterie a dostupn\u00e9 ve t\u0159ech velikostech je z\u00e1stupcem klasick\u00fdch kol na pohon nohama.<\/p>\n<h2><strong>Coboc SEVEN Kallio by Coboc<\/strong><\/h2>\n<p><a href=\"https:\/\/d2p6e6u75xmxt8.cloudfront.net\/2\/2019\/09\/Coboc-SEVEN-Kallio.jpg\"><img loading=\"lazy\" decoding=\"async\" class=\"alignnone size-large wp-image-175322\" src=\"https:\/\/d2p6e6u75xmxt8.cloudfront.net\/2\/2019\/09\/Coboc-SEVEN-Kallio-1024x683.jpg\" alt=\"\" width=\"1024\" height=\"683\" \/><\/a><\/p>\n<p>Elegantn\u00ed, praktick\u00e9 a minimalistick\u00e9 \u2013 takov\u00e9 je p\u00e1nsk\u00e9 kolo od zna\u010dky Coboc ur\u010den\u00e9 na doj\u00ed\u017ed\u011bn\u00ed po m\u011bst\u011b. Odpov\u00eddaj\u00ed tomu i integrovan\u00e9 blatn\u00edky a sv\u011btla i n\u00edzk\u00e1 v\u00e1ha.<\/p>\n<h2><strong>Issimo by Fantic<\/strong><\/h2>\n<p><a href=\"https:\/\/d2p6e6u75xmxt8.cloudfront.net\/2\/2019\/09\/Issimo-by-Fantic.jpg\"><img loading=\"lazy\" decoding=\"async\" class=\"alignnone size-large wp-image-175330\" src=\"https:\/\/d2p6e6u75xmxt8.cloudfront.net\/2\/2019\/09\/Issimo-by-Fantic-1024x683.jpg\" alt=\"\" width=\"1024\" height=\"683\" \/><\/a><\/p>\n<p>Baterie s\u00a0kapacitou 630 Wh slibuje nekone\u010dn\u00e9 j\u00edzdy. R\u00e1m navr\u017een\u00fd motocyklovou spole\u010dnost\u00ed Frantic m\u00e1 n\u00edzk\u00e9 t\u011b\u017ei\u0161t\u011b pro perfektn\u00ed ovladatelnost, \u0161irok\u00e9 gumy, kter\u00e9 si porad\u00ed i s\u00a0kostkami, a odpru\u017eenou vidlici pro bezpe\u010dn\u011bj\u0161\u00ed a komfortn\u011bj\u0161\u00ed doj\u00ed\u017ed\u011bn\u00ed.<\/p>\n<h2><strong>My Esel E-Tour Diamant by My Esel<\/strong><\/h2>\n<p><a href=\"https:\/\/d2p6e6u75xmxt8.cloudfront.net\/2\/2019\/09\/My-Esel-E-Tour-Diamant-by-My-Esel.jpg\"><img loading=\"lazy\" decoding=\"async\" class=\"alignnone size-large wp-image-175336\" src=\"https:\/\/d2p6e6u75xmxt8.cloudfront.net\/2\/2019\/09\/My-Esel-E-Tour-Diamant-by-My-Esel-1024x683.jpg\" alt=\"\" width=\"1024\" height=\"683\" \/><\/a><\/p>\n<p>D\u0159evo jako udr\u017eiteln\u00fd materi\u00e1l v\u00a0cyklistick\u00e9m pr\u016fmyslu je kl\u00ed\u010dem k\u00a0zaujet\u00ed publika. R\u00e1m ze d\u0159eva je navr\u017een a vyroben p\u0159esn\u011b na t\u011blo jezdce pomoc\u00ed speci\u00e1ln\u00edho softwaru.<\/p>\n<h2><strong>MAGURA Cockpit Integration by MAGURA<\/strong><\/h2>\n<p><a href=\"https:\/\/d2p6e6u75xmxt8.cloudfront.net\/2\/2019\/09\/Cockpit-Integration-by-MAGURA.jpg\"><img loading=\"lazy\" decoding=\"async\" class=\"alignnone size-large wp-image-175323\" src=\"https:\/\/d2p6e6u75xmxt8.cloudfront.net\/2\/2019\/09\/Cockpit-Integration-by-MAGURA-1024x683.jpg\" alt=\"\" width=\"1024\" height=\"683\" \/><\/a><\/p>\n<p>Magura p\u0159edstavila brzdy, ze kter\u00fdch zd\u00e1nliv\u011b nevedou \u017e\u00e1dn\u00e9 hadi\u010dky. Jsou toti\u017e schovan\u00e9 v\u00a0\u0159\u00edd\u00edtk\u00e1ch. V\u00fdrobce tvrd\u00ed, \u017ee brzdy jsou d\u00edky tomu nezni\u010diteln\u00e9 p\u0159i p\u00e1du, a mechanici ti\u0161e pl\u00e1\u010dou.<\/p>\n<h2><strong>Chat by Van Raam<\/strong><\/h2>\n<p><a href=\"https:\/\/d2p6e6u75xmxt8.cloudfront.net\/2\/2019\/09\/Chat-by-Van-Raam.jpg\"><img loading=\"lazy\" decoding=\"async\" class=\"alignnone size-large wp-image-175319\" src=\"https:\/\/d2p6e6u75xmxt8.cloudfront.net\/2\/2019\/09\/Chat-by-Van-Raam-1024x683.jpg\" alt=\"\" width=\"1024\" height=\"683\" \/><\/a><\/p>\n<p>Komfortn\u00ed v\u00fdhled jezdce, spousta bezpe\u010dnostn\u00edch syst\u00e9m\u016f a dobr\u00e1 ovladatelnost d\u011blaj\u00ed toto rik\u0161o-kolo v\u00fdjime\u010dn\u00e9 mezi jeho konkurenty. Je to budoucnost udr\u017eiteln\u00e9 taxislu\u017eby t\u0159eba pro Uber?<\/p>\n<h2><strong>Vento Powerstrap R2 Aeroweave by fizik<\/strong><\/h2>\n<p>&nbsp;<\/p>\n<p><a href=\"https:\/\/d2p6e6u75xmxt8.cloudfront.net\/2\/2019\/09\/vento.png\"><img loading=\"lazy\" decoding=\"async\" class=\"alignnone size-full wp-image-175362\" src=\"https:\/\/d2p6e6u75xmxt8.cloudfront.net\/2\/2019\/09\/vento.png\" alt=\"\" width=\"744\" height=\"369\" \/><\/a><\/p>\n<p>Nejleh\u010d\u00ed a nejprody\u0161n\u011bj\u0161\u00ed bota od fizik je z\u00a0\u00fapletov\u00e9 tkaniny zaji\u0161\u0165uj\u00edc\u00ed skv\u011blou ventilaci.<\/p>\n<h2><strong>5.10 Trailcross Mid Pro by Adidas<\/strong><\/h2>\n<p><a href=\"https:\/\/d2p6e6u75xmxt8.cloudfront.net\/2\/2019\/09\/5.10-Trailcross-Mid-Pro-by-adidas.jpg\"><img loading=\"lazy\" decoding=\"async\" class=\"alignnone size-large wp-image-175313\" src=\"https:\/\/d2p6e6u75xmxt8.cloudfront.net\/2\/2019\/09\/5.10-Trailcross-Mid-Pro-by-adidas-1024x683.jpg\" alt=\"\" width=\"1024\" height=\"683\" \/><\/a><\/p>\n<p>Tato bota pro platformov\u00e9 ped\u00e1ly je navr\u017eena pro dobrodru\u017estv\u00ed. Ochrann\u00e1 a rychleschnouc\u00ed vnit\u0159n\u00ed vlo\u017eka zamezuje vniku kam\u00ednk\u016f a hl\u00edny do boty a ergonomick\u00fd design podr\u00e1\u017eky zaji\u0161\u0165uje komfort p\u0159i ch\u016fzi.<\/p>\n<h2><strong>Samonafukovac\u00ed du\u0161e AirWinder<\/strong><\/h2>\n<p><a href=\"https:\/\/d2p6e6u75xmxt8.cloudfront.net\/2\/2019\/09\/Self-Inflating-Bicycle-Tire-by-AirWinder.jpg\"><img loading=\"lazy\" decoding=\"async\" class=\"alignnone size-large wp-image-175338\" src=\"https:\/\/d2p6e6u75xmxt8.cloudfront.net\/2\/2019\/09\/Self-Inflating-Bicycle-Tire-by-AirWinder-1024x683.jpg\" alt=\"\" width=\"1024\" height=\"683\" \/><\/a><\/p>\n<p>Tento syst\u00e9m se inspiroval u obrn\u011bn\u00fdch vozidel. Je jedno, jestli na silnici nebo na trailu, s\u00a0n\u00edzk\u00fdm tlakem v\u00a0pneumatice si porad\u00ed po sv\u00e9m. Kolo se samo nafoukne a udr\u017euje ide\u00e1ln\u00ed tlak vzhledem k\u00a0okoln\u00edm podm\u00ednk\u00e1m.<\/p>\n<h2><strong>SRAM FORCE eTap AXS + RockShox Reverb AXS by SRAM<\/strong><\/h2>\n<p><a href=\"https:\/\/d2p6e6u75xmxt8.cloudfront.net\/2\/2019\/09\/SRAM-FORCE-eTap-AXS-RockShox-Reverb-AXS.jpg\"><img loading=\"lazy\" decoding=\"async\" class=\"alignnone size-large wp-image-175339\" src=\"https:\/\/d2p6e6u75xmxt8.cloudfront.net\/2\/2019\/09\/SRAM-FORCE-eTap-AXS-RockShox-Reverb-AXS-1024x683.jpg\" alt=\"\" width=\"1024\" height=\"683\" \/><\/a><\/p>\n<p>Dlouho o\u010dek\u00e1van\u00fd syst\u00e9m s\u00a0potenci\u00e1lem revolucionizovat design kol d\u00edky schopnosti p\u0159izp\u016fsobit funkce ka\u017ed\u00e9mu u\u017eivateli. Hladce funguj\u00edc\u00ed a nejt\u011b\u017e\u0161\u00edmi z\u00e1vody prov\u011b\u0159en\u00fd bezdr\u00e1tov\u00fd syst\u00e9m s\u00a0teleskopickou sedlovkou je skv\u011blou nab\u00eddkou za rozumn\u00fd pen\u00edz.<\/p>\n<h2><strong>LIMOTEC Air Suspension Dropper Post by Limotec ltd.<\/strong><\/h2>\n<p><a href=\"https:\/\/d2p6e6u75xmxt8.cloudfront.net\/2\/2019\/09\/LIMOTEC-Air-Suspension-Dropper-Post-by-Limotec.jpg\"><img loading=\"lazy\" decoding=\"async\" class=\"alignnone size-large wp-image-175332\" src=\"https:\/\/d2p6e6u75xmxt8.cloudfront.net\/2\/2019\/09\/LIMOTEC-Air-Suspension-Dropper-Post-by-Limotec-1024x683.jpg\" alt=\"\" width=\"1024\" height=\"683\" \/><\/a><\/p>\n<p>Teleskopick\u00e9 sedlovky u\u017e nejsou jen v\u00fdsadou freerider\u016f a jezdc\u016f enduro. Teleskopickou sedlovku vyu\u017eije i cyklista na m\u011bstsk\u00e9m kole, kde sn\u00ed\u017een\u00edm, nap\u0159\u00edklad p\u0159i zastaven\u00ed na semaforu, usnad\u0148uje slezen\u00ed z\u00a0kola.<\/p>\n<h2><strong>Basil Commuter Carrier by Basil B.V.<\/strong><\/h2>\n<p><a href=\"https:\/\/d2p6e6u75xmxt8.cloudfront.net\/2\/2019\/09\/Basil-Commuter-Carrier-by-Basil-B.V..jpg\"><img loading=\"lazy\" decoding=\"async\" class=\"alignnone size-large wp-image-175315\" src=\"https:\/\/d2p6e6u75xmxt8.cloudfront.net\/2\/2019\/09\/Basil-Commuter-Carrier-by-Basil-B.V.-683x1024.jpg\" alt=\"\" width=\"683\" height=\"1024\" \/><\/a><\/p>\n<p>Za dobrou cenu z\u00edsk\u00e1te nosi\u010d s\u00a0integrovan\u00fdm zadn\u00edm sv\u011btlem i GPS \u010dipem proti kr\u00e1de\u017ei. Nosi\u010d je velmi variabiln\u00ed a d\u00e1 se p\u0159izp\u016fsobit rozm\u011br\u016fm kola i pot\u0159eb\u00e1m jezdce.<\/p>\n<h2><strong>Kwick Drumlin Cargo by Kenda<\/strong><\/h2>\n<p>&nbsp;<\/p>\n<p><a href=\"https:\/\/d2p6e6u75xmxt8.cloudfront.net\/2\/2019\/09\/kwick.png\"><img loading=\"lazy\" decoding=\"async\" class=\"alignnone size-full wp-image-175363\" src=\"https:\/\/d2p6e6u75xmxt8.cloudfront.net\/2\/2019\/09\/kwick.png\" alt=\"\" width=\"737\" height=\"483\" \/><\/a><\/p>\n<p>N\u00e1kladn\u00ed kola maj\u00ed sv\u00e9 v\u00fdhody \u2013 tou hlavn\u00ed nepochybn\u011b je mo\u017enost p\u0159ev\u00e1\u017eet t\u011b\u017ek\u00fd n\u00e1klad. Tomu mus\u00ed b\u00fdt p\u0159izp\u016fsoben\u00e9 pl\u00e1\u0161\u0165\u011b. Firmy nab\u00edzej\u00ed velmi odoln\u00e9 pl\u00e1\u0161t\u011b, jako je Kwick Drumlin Cargo by Kenda, kter\u00fd m\u016f\u017ee v\u00e9zt a\u017e 150 kg.<\/p>\n<h2><strong>Vredestein Fortezza Flower Power by Apollo Vredestein B.V.<\/strong><\/h2>\n<p>&nbsp;<\/p>\n<p><a href=\"https:\/\/d2p6e6u75xmxt8.cloudfront.net\/2\/2019\/09\/vredestein.png\"><img loading=\"lazy\" decoding=\"async\" class=\"alignnone size-full wp-image-175364\" src=\"https:\/\/d2p6e6u75xmxt8.cloudfront.net\/2\/2019\/09\/vredestein.png\" alt=\"\" width=\"767\" height=\"637\" \/><\/a><\/p>\n<p>V\u011b\u0159te tomu nebo ne, ale guma pro tyto pl\u00e1\u0161t\u011b z\u00a0limitovan\u00e9 edice byla vytvo\u0159ena z\u00a0extrakt\u016f z\u00a0pampeli\u0161ek. S\u00a0v\u00edce produkty, jako je tento, by Greta Thunberg vym\u011bnila svoji plachetnici za kolo.<\/p>\n<h2><strong>WD-40 Flexible by WD-40 Company<\/strong><\/h2>\n<p><a href=\"https:\/\/d2p6e6u75xmxt8.cloudfront.net\/2\/2019\/09\/WD-40-Flexible-by-WD-40.jpg\"><img loading=\"lazy\" decoding=\"async\" class=\"alignnone size-large wp-image-175344\" src=\"https:\/\/d2p6e6u75xmxt8.cloudfront.net\/2\/2019\/09\/WD-40-Flexible-by-WD-40-1024x683.jpg\" alt=\"\" width=\"1024\" height=\"683\" \/><\/a><\/p>\n<p>Star\u00fd dobr\u00fd zn\u00e1m\u00fd v\u00a0nov\u00e9m balen\u00ed s\u00a0ohebnou tryskou. D\u00edky n\u00ed m\u016f\u017eete sprejovat p\u0159esn\u011b tam, kde pot\u0159ebujete.<\/p>\n<h2><strong>milKit Tubeless Booster V2 by Sports Components<\/strong><\/h2>\n<p>&nbsp;<\/p>\n<p><a href=\"https:\/\/d2p6e6u75xmxt8.cloudfront.net\/2\/2019\/09\/milkit.png\"><img loading=\"lazy\" decoding=\"async\" class=\"alignnone size-full wp-image-175367\" src=\"https:\/\/d2p6e6u75xmxt8.cloudfront.net\/2\/2019\/09\/milkit.png\" alt=\"\" width=\"853\" height=\"393\" \/><\/a><\/p>\n<p>Tuto l\u00e1hev, kterou m\u016f\u017eete pou\u017e\u00edvat i jako lahev na vodu, sta\u010d\u00ed nafouknout b\u011b\u017enou pumpou a pot\u00e9 z\u00a0n\u00ed nar\u00e1z uvoln\u00edte stla\u010den\u00fd vzduch, co\u017e v\u00e1m usnadn\u00ed instalaci bezdu\u0161ov\u00fdch pl\u00e1\u0161\u0165\u016f.<\/p>\n<h2><strong>Tectal Race SPIN NFC by POC<\/strong><\/h2>\n<p><a href=\"https:\/\/d2p6e6u75xmxt8.cloudfront.net\/2\/2019\/09\/Tectal-Race-SPIN-NFC-by-POC.jpg\"><img loading=\"lazy\" decoding=\"async\" class=\"alignnone size-large wp-image-175341\" src=\"https:\/\/d2p6e6u75xmxt8.cloudfront.net\/2\/2019\/09\/Tectal-Race-SPIN-NFC-by-POC-1024x683.jpg\" alt=\"\" width=\"1024\" height=\"683\" \/><\/a><\/p>\n<p>Helma popul\u00e1rn\u00edho \u0161v\u00e9dsk\u00e9ho v\u00fdrobce obsahuje speci\u00e1ln\u00ed \u010dip se zdravotn\u00edmi informacemi majitele, kter\u00e9 jsou tak snadno dostupn\u00e9 zdravotn\u00edm slu\u017eb\u00e1m v\u00a0p\u0159\u00edpad\u011b nehody. Technologie byla testov\u00e1na b\u011bhem horsk\u00fdch z\u00e1chrann\u00fdch akc\u00ed.<\/p>\n<h2><strong>Lumos Matrix Helmet by Lumen Labs<\/strong><\/h2>\n<p><a href=\"https:\/\/d2p6e6u75xmxt8.cloudfront.net\/2\/2019\/09\/Lumos-Matrix-Helmet-by-Lumen-Labs.jpg\"><img loading=\"lazy\" decoding=\"async\" class=\"alignnone size-large wp-image-175333\" src=\"https:\/\/d2p6e6u75xmxt8.cloudfront.net\/2\/2019\/09\/Lumos-Matrix-Helmet-by-Lumen-Labs-1024x683.jpg\" alt=\"\" width=\"1024\" height=\"683\" \/><\/a><\/p>\n<p>Nikdy na sob\u011b nem\u00e1te dostatek reflexn\u00edch prvk\u016f nebo blika\u010dek \u2013 proto tu je tato helma s\u00a0p\u00e1sem LED diod p\u0159\u00edmo na helm\u011b. Sv\u011bteln\u00e9 m\u00f3dy jsou programovateln\u00e9, tak\u017ee m\u016f\u017eete vytvo\u0159it sv\u011btelnou show pro auta okolo v\u00e1s.<\/p>\n<h2><strong>TATZE Integral by TATZE bike-components<\/strong><\/h2>\n<p><a href=\"https:\/\/d2p6e6u75xmxt8.cloudfront.net\/2\/2019\/09\/TATZE-Integral-by-TATZE-bike-components.jpg\"><img loading=\"lazy\" decoding=\"async\" class=\"alignnone size-large wp-image-175312\" src=\"https:\/\/d2p6e6u75xmxt8.cloudfront.net\/2\/2019\/09\/TATZE-Integral-by-TATZE-bike-components-1024x683.jpg\" alt=\"\" width=\"1024\" height=\"683\" \/><\/a><\/p>\n<p>TATZE p\u0159edstavil revolu\u010dn\u00ed zp\u016fsob um\u00edst\u011bn\u00ed lo\u017eisek v\u00a0ped\u00e1lu. Lo\u017eiska jsou schovan\u00e1 do kliky m\u00edsto toho, aby byla v\u00a0ped\u00e1lu samotn\u00e9m. V\u00fdsledek je extr\u00e9mn\u011b lehk\u00fd a skv\u011ble vypad\u00e1.<\/p>\n<h2><strong>Cobber &#8211; 330\u00b0 Bike Light by Knog<\/strong><\/h2>\n<p>&nbsp;<\/p>\n<p><a href=\"https:\/\/d2p6e6u75xmxt8.cloudfront.net\/2\/2019\/09\/cobber.png\"><img loading=\"lazy\" decoding=\"async\" class=\"alignnone size-full wp-image-175365\" src=\"https:\/\/d2p6e6u75xmxt8.cloudfront.net\/2\/2019\/09\/cobber.png\" alt=\"\" width=\"634\" height=\"286\" \/><\/a><\/p>\n<p>Existuje n\u011bco jako mrtv\u00fd \u00fahel ve viditelnosti cyklist\u016f a je to vlastn\u011b cel\u00fd cyklista z boku. Zep\u0159edu i zezadu najdeme blika\u010dky, ale z boku je viditelnost v\u00fdrazn\u011b ni\u017e\u0161\u00ed. Tuto nev\u00fdhodu odstran\u00ed sv\u011btlo se sv\u00edtivost\u00ed v\u00a0rozsahu 330\u00b0, co\u017e zabr\u00e1n\u00ed nehod\u00e1m z\u00a0d\u016fvodu chyb\u011bj\u00edc\u00edho osv\u011btlen\u00ed.<\/p>\n<h2><strong>Rebike1.de<\/strong><\/h2>\n<p><a href=\"https:\/\/d2p6e6u75xmxt8.cloudfront.net\/2\/2019\/09\/Rebike1.de_.jpg\"><img loading=\"lazy\" decoding=\"async\" class=\"alignnone size-large wp-image-175337\" src=\"https:\/\/d2p6e6u75xmxt8.cloudfront.net\/2\/2019\/09\/Rebike1.de_-1024x664.jpg\" alt=\"\" width=\"1024\" height=\"664\" \/><\/a><\/p>\n<p>\u010c\u00edm d\u00e1l v\u00edce lid\u00ed chce e-bike, ale ceny jsou st\u00e1le vysok\u00e9. Tato spole\u010dnost z\u00a0Mnichova spolupracuje s\u00a0v\u00edce ne\u017e osmdes\u00e1ti partnery z\u00a0cel\u00e9ho N\u011bmecka a nab\u00edz\u00ed bazarov\u00e1 elektrokola se slevou a\u017e 40 % z\u00a0origin\u00e1ln\u00ed ceny. Jejich kola maj\u00ed plnou dvouletou z\u00e1ruku na baterii i motor.<\/p>\n","protected":false},"excerpt":{"rendered":"<p>EuroBike je nejv\u011bt\u0161\u00ed veletrh cyklistick\u00e9ho zbo\u017e\u00ed, kter\u00fd se kon\u00e1 v\u00a0N\u011bmecku. V\u00fdznam akce je celosv\u011btov\u00fd a krom\u011b jin\u00e9ho zde zna\u010dky r\u00e1dy [&hellip;]<\/p>\n","protected":false},"author":95,"featured_media":4293,"comment_status":"open","ping_status":"open","sticky":false,"template":"","format":"standard","meta":{"footnotes":""},"categories":[15],"tags":[542,543,544],"global-categories":[],"class_list":["post-4257","post","type-post","status-publish","format-standard","has-post-thumbnail","hentry","category-rady-tipy","tag-eurobike","tag-eurobike-2019","tag-veletrh"],"yoast_head":"<!-- This site is optimized with the Yoast SEO Premium plugin v25.3 (Yoast SEO v25.9) - https:\/\/yoast.com\/wordpress\/plugins\/seo\/ -->\n<title>Nejlep\u0161\u00ed inovace z veletrhu EuroBike 2019 | \u0160koda We Love Cycling - \u010cesk\u00e1 republika<\/title>\n<meta name=\"description\" content=\"EuroBike je nejv\u011bt\u0161\u00ed veletrh cyklistick\u00e9ho zbo\u017e\u00ed. V\u00fdznam akce je celosv\u011btov\u00fd a krom\u011b jin\u00e9ho zde zna\u010dky r\u00e1dy p\u0159edstavuj\u00ed sv\u00e9 bedliv\u011b st\u0159e\u017een\u00e9 inovace.\" \/>\n<meta name=\"robots\" content=\"index, follow, max-snippet:-1, max-image-preview:large, max-video-preview:-1\" \/>\n<link rel=\"canonical\" href=\"https:\/\/www.welovecycling.com\/cs\/2019\/10\/04\/nejlepsi-inovace-z-veletrhu-eurobike-2019-welovecycling-2019\/\" \/>\n<meta property=\"og:locale\" content=\"cs_CZ\" \/>\n<meta property=\"og:type\" content=\"article\" \/>\n<meta property=\"og:title\" content=\"Nejlep\u0161\u00ed inovace z veletrhu EuroBike 2019\" \/>\n<meta property=\"og:description\" content=\"EuroBike je nejv\u011bt\u0161\u00ed veletrh cyklistick\u00e9ho zbo\u017e\u00ed. V\u00fdznam akce je celosv\u011btov\u00fd a krom\u011b jin\u00e9ho zde zna\u010dky r\u00e1dy p\u0159edstavuj\u00ed sv\u00e9 bedliv\u011b st\u0159e\u017een\u00e9 inovace.\" \/>\n<meta property=\"og:url\" content=\"https:\/\/www.welovecycling.com\/cs\/2019\/10\/04\/nejlepsi-inovace-z-veletrhu-eurobike-2019-welovecycling-2019\/\" \/>\n<meta property=\"og:site_name\" content=\"\u0160koda We Love Cycling - \u010cesk\u00e1 republika\" \/>\n<meta property=\"article:published_time\" content=\"2019-10-04T07:14:22+00:00\" \/>\n<meta property=\"og:image\" content=\"https:\/\/d2p6e6u75xmxt8.cloudfront.net\/13\/2019\/10\/eurobike-2019-profimedia-0469035597-CVR.webp\" \/>\n\t<meta property=\"og:image:width\" content=\"1366\" \/>\n\t<meta property=\"og:image:height\" content=\"600\" \/>\n\t<meta property=\"og:image:type\" content=\"image\/webp\" \/>\n<meta name=\"twitter:card\" content=\"summary_large_image\" \/>\n<meta name=\"twitter:label1\" content=\"Written by\" \/>\n\t<meta name=\"twitter:data1\" content=\"Adam Marsal\" \/>\n\t<meta name=\"twitter:label2\" content=\"Est. reading time\" \/>\n\t<meta name=\"twitter:data2\" content=\"7\" \/>\n<script type=\"application\/ld+json\" class=\"yoast-schema-graph\">{\"@context\":\"https:\/\/schema.org\",\"@graph\":[{\"@type\":\"WebPage\",\"@id\":\"https:\/\/www.welovecycling.com\/cs\/2019\/10\/04\/nejlepsi-inovace-z-veletrhu-eurobike-2019-welovecycling-2019\/\",\"url\":\"https:\/\/www.welovecycling.com\/cs\/2019\/10\/04\/nejlepsi-inovace-z-veletrhu-eurobike-2019-welovecycling-2019\/\",\"name\":\"Nejlep\u0161\u00ed inovace z veletrhu EuroBike 2019 | \u0160koda We Love Cycling - \u010cesk\u00e1 republika\",\"isPartOf\":{\"@id\":\"https:\/\/www.welovecycling.com\/cs\/#website\"},\"primaryImageOfPage\":{\"@id\":\"https:\/\/www.welovecycling.com\/cs\/2019\/10\/04\/nejlepsi-inovace-z-veletrhu-eurobike-2019-welovecycling-2019\/#primaryimage\"},\"image\":{\"@id\":\"https:\/\/www.welovecycling.com\/cs\/2019\/10\/04\/nejlepsi-inovace-z-veletrhu-eurobike-2019-welovecycling-2019\/#primaryimage\"},\"thumbnailUrl\":\"https:\/\/d2p6e6u75xmxt8.cloudfront.net\/13\/2019\/10\/eurobike-2019-profimedia-0469035597-CVR.webp\",\"datePublished\":\"2019-10-04T07:14:22+00:00\",\"author\":{\"@id\":\"\"},\"description\":\"EuroBike je nejv\u011bt\u0161\u00ed veletrh cyklistick\u00e9ho zbo\u017e\u00ed. V\u00fdznam akce je celosv\u011btov\u00fd a krom\u011b jin\u00e9ho zde zna\u010dky r\u00e1dy p\u0159edstavuj\u00ed sv\u00e9 bedliv\u011b st\u0159e\u017een\u00e9 inovace.\",\"inLanguage\":\"cs\",\"potentialAction\":[{\"@type\":\"ReadAction\",\"target\":[\"https:\/\/www.welovecycling.com\/cs\/2019\/10\/04\/nejlepsi-inovace-z-veletrhu-eurobike-2019-welovecycling-2019\/\"]}]},{\"@type\":\"ImageObject\",\"inLanguage\":\"cs\",\"@id\":\"https:\/\/www.welovecycling.com\/cs\/2019\/10\/04\/nejlepsi-inovace-z-veletrhu-eurobike-2019-welovecycling-2019\/#primaryimage\",\"url\":\"https:\/\/d2p6e6u75xmxt8.cloudfront.net\/13\/2019\/10\/eurobike-2019-profimedia-0469035597-CVR.webp\",\"contentUrl\":\"https:\/\/d2p6e6u75xmxt8.cloudfront.net\/13\/2019\/10\/eurobike-2019-profimedia-0469035597-CVR.webp\",\"width\":1366,\"height\":600},{\"@type\":\"WebSite\",\"@id\":\"https:\/\/www.welovecycling.com\/cs\/#website\",\"url\":\"https:\/\/www.welovecycling.com\/cs\/\",\"name\":\"\u0160koda We Love Cycling - \u010cesk\u00e1 republika\",\"description\":\"WeLoveCycling.cz je online magaz\u00edn, kter\u00fd v\u00e1m pravideln\u011b p\u0159in\u00e1\u0161\u00ed rady a tipy, zaj\u00edmav\u00e9 \u010dl\u00e1nky, videa a jedine\u010dn\u00e9 report\u00e1\u017ee ze sv\u011bta cyklistiky.\",\"potentialAction\":[{\"@type\":\"SearchAction\",\"target\":{\"@type\":\"EntryPoint\",\"urlTemplate\":\"https:\/\/www.welovecycling.com\/cs\/?s={search_term_string}\"},\"query-input\":{\"@type\":\"PropertyValueSpecification\",\"valueRequired\":true,\"valueName\":\"search_term_string\"}}],\"inLanguage\":\"cs\"},{\"@type\":\"Person\",\"@id\":\"\",\"url\":\"https:\/\/www.welovecycling.com\/cs\/author\/\"}]}<\/script>\n<!-- \/ Yoast SEO Premium plugin. -->","yoast_head_json":{"title":"Nejlep\u0161\u00ed inovace z veletrhu EuroBike 2019 | \u0160koda We Love Cycling - \u010cesk\u00e1 republika","description":"EuroBike je nejv\u011bt\u0161\u00ed veletrh cyklistick\u00e9ho zbo\u017e\u00ed. V\u00fdznam akce je celosv\u011btov\u00fd a krom\u011b jin\u00e9ho zde zna\u010dky r\u00e1dy p\u0159edstavuj\u00ed sv\u00e9 bedliv\u011b st\u0159e\u017een\u00e9 inovace.","robots":{"index":"index","follow":"follow","max-snippet":"max-snippet:-1","max-image-preview":"max-image-preview:large","max-video-preview":"max-video-preview:-1"},"canonical":"https:\/\/www.welovecycling.com\/cs\/2019\/10\/04\/nejlepsi-inovace-z-veletrhu-eurobike-2019-welovecycling-2019\/","og_locale":"cs_CZ","og_type":"article","og_title":"Nejlep\u0161\u00ed inovace z veletrhu EuroBike 2019","og_description":"EuroBike je nejv\u011bt\u0161\u00ed veletrh cyklistick\u00e9ho zbo\u017e\u00ed. V\u00fdznam akce je celosv\u011btov\u00fd a krom\u011b jin\u00e9ho zde zna\u010dky r\u00e1dy p\u0159edstavuj\u00ed sv\u00e9 bedliv\u011b st\u0159e\u017een\u00e9 inovace.","og_url":"https:\/\/www.welovecycling.com\/cs\/2019\/10\/04\/nejlepsi-inovace-z-veletrhu-eurobike-2019-welovecycling-2019\/","og_site_name":"\u0160koda We Love Cycling - \u010cesk\u00e1 republika","article_published_time":"2019-10-04T07:14:22+00:00","og_image":[{"width":1366,"height":600,"url":"https:\/\/d2p6e6u75xmxt8.cloudfront.net\/13\/2019\/10\/eurobike-2019-profimedia-0469035597-CVR.webp","type":"image\/webp"}],"twitter_card":"summary_large_image","twitter_misc":{"Written by":"Adam Marsal","Est. reading time":"7"},"schema":{"@context":"https:\/\/schema.org","@graph":[{"@type":"WebPage","@id":"https:\/\/www.welovecycling.com\/cs\/2019\/10\/04\/nejlepsi-inovace-z-veletrhu-eurobike-2019-welovecycling-2019\/","url":"https:\/\/www.welovecycling.com\/cs\/2019\/10\/04\/nejlepsi-inovace-z-veletrhu-eurobike-2019-welovecycling-2019\/","name":"Nejlep\u0161\u00ed inovace z veletrhu EuroBike 2019 | \u0160koda We Love Cycling - \u010cesk\u00e1 republika","isPartOf":{"@id":"https:\/\/www.welovecycling.com\/cs\/#website"},"primaryImageOfPage":{"@id":"https:\/\/www.welovecycling.com\/cs\/2019\/10\/04\/nejlepsi-inovace-z-veletrhu-eurobike-2019-welovecycling-2019\/#primaryimage"},"image":{"@id":"https:\/\/www.welovecycling.com\/cs\/2019\/10\/04\/nejlepsi-inovace-z-veletrhu-eurobike-2019-welovecycling-2019\/#primaryimage"},"thumbnailUrl":"https:\/\/d2p6e6u75xmxt8.cloudfront.net\/13\/2019\/10\/eurobike-2019-profimedia-0469035597-CVR.webp","datePublished":"2019-10-04T07:14:22+00:00","author":{"@id":""},"description":"EuroBike je nejv\u011bt\u0161\u00ed veletrh cyklistick\u00e9ho zbo\u017e\u00ed. V\u00fdznam akce je celosv\u011btov\u00fd a krom\u011b jin\u00e9ho zde zna\u010dky r\u00e1dy p\u0159edstavuj\u00ed sv\u00e9 bedliv\u011b st\u0159e\u017een\u00e9 inovace.","inLanguage":"cs","potentialAction":[{"@type":"ReadAction","target":["https:\/\/www.welovecycling.com\/cs\/2019\/10\/04\/nejlepsi-inovace-z-veletrhu-eurobike-2019-welovecycling-2019\/"]}]},{"@type":"ImageObject","inLanguage":"cs","@id":"https:\/\/www.welovecycling.com\/cs\/2019\/10\/04\/nejlepsi-inovace-z-veletrhu-eurobike-2019-welovecycling-2019\/#primaryimage","url":"https:\/\/d2p6e6u75xmxt8.cloudfront.net\/13\/2019\/10\/eurobike-2019-profimedia-0469035597-CVR.webp","contentUrl":"https:\/\/d2p6e6u75xmxt8.cloudfront.net\/13\/2019\/10\/eurobike-2019-profimedia-0469035597-CVR.webp","width":1366,"height":600},{"@type":"WebSite","@id":"https:\/\/www.welovecycling.com\/cs\/#website","url":"https:\/\/www.welovecycling.com\/cs\/","name":"\u0160koda We Love Cycling - \u010cesk\u00e1 republika","description":"WeLoveCycling.cz je online magaz\u00edn, kter\u00fd v\u00e1m pravideln\u011b p\u0159in\u00e1\u0161\u00ed rady a tipy, zaj\u00edmav\u00e9 \u010dl\u00e1nky, videa a jedine\u010dn\u00e9 report\u00e1\u017ee ze sv\u011bta cyklistiky.","potentialAction":[{"@type":"SearchAction","target":{"@type":"EntryPoint","urlTemplate":"https:\/\/www.welovecycling.com\/cs\/?s={search_term_string}"},"query-input":{"@type":"PropertyValueSpecification","valueRequired":true,"valueName":"search_term_string"}}],"inLanguage":"cs"},{"@type":"Person","@id":"","url":"https:\/\/www.welovecycling.com\/cs\/author\/"}]}},"_links":{"self":[{"href":"https:\/\/www.welovecycling.com\/cs\/wp-json\/wp\/v2\/posts\/4257","targetHints":{"allow":["GET"]}}],"collection":[{"href":"https:\/\/www.welovecycling.com\/cs\/wp-json\/wp\/v2\/posts"}],"about":[{"href":"https:\/\/www.welovecycling.com\/cs\/wp-json\/wp\/v2\/types\/post"}],"author":[{"embeddable":true,"href":"https:\/\/www.welovecycling.com\/cs\/wp-json\/wp\/v2\/users\/95"}],"replies":[{"embeddable":true,"href":"https:\/\/www.welovecycling.com\/cs\/wp-json\/wp\/v2\/comments?post=4257"}],"version-history":[{"count":2,"href":"https:\/\/www.welovecycling.com\/cs\/wp-json\/wp\/v2\/posts\/4257\/revisions"}],"predecessor-version":[{"id":4302,"href":"https:\/\/www.welovecycling.com\/cs\/wp-json\/wp\/v2\/posts\/4257\/revisions\/4302"}],"wp:featuredmedia":[{"embeddable":true,"href":"https:\/\/www.welovecycling.com\/cs\/wp-json\/wp\/v2\/media\/4293"}],"wp:attachment":[{"href":"https:\/\/www.welovecycling.com\/cs\/wp-json\/wp\/v2\/media?parent=4257"}],"wp:term":[{"taxonomy":"category","embeddable":true,"href":"https:\/\/www.welovecycling.com\/cs\/wp-json\/wp\/v2\/categories?post=4257"},{"taxonomy":"post_tag","embeddable":true,"href":"https:\/\/www.welovecycling.com\/cs\/wp-json\/wp\/v2\/tags?post=4257"},{"taxonomy":"global-categories","embeddable":true,"href":"https:\/\/www.welovecycling.com\/cs\/wp-json\/wp\/v2\/global-categories?post=4257"}],"curies":[{"name":"wp","href":"https:\/\/api.w.org\/{rel}","templated":true}]}}