{"id":4216,"date":"2019-10-03T13:33:27","date_gmt":"2019-10-03T11:33:27","guid":{"rendered":"https:\/\/www.welovecycling.com\/cs\/?p=4216"},"modified":"2019-10-03T13:33:27","modified_gmt":"2019-10-03T11:33:27","slug":"tip-na-vylet-lednicko-valtickyckym-arealem-po-stopach-lichtenstejnu-welovecycling-cr","status":"publish","type":"post","link":"https:\/\/www.welovecycling.com\/cs\/2019\/10\/03\/tip-na-vylet-lednicko-valtickyckym-arealem-po-stopach-lichtenstejnu-welovecycling-cr\/","title":{"rendered":"Tip na v\u00fdlet: Lednicko-valtick\u00fdm are\u00e1lem pojedete po stop\u00e1ch Lichten\u0161tejn\u016f"},"content":{"rendered":"<p><strong>Za dominantami Lednicko-valtick\u00e9ho are\u00e1lu na B\u0159eclavsku vyjedou cyklist\u00e9 po trase, kter\u00e1 za\u010d\u00edn\u00e1 v Podiv\u00edn\u011b a kon\u010d\u00ed ve Valtic\u00edch. Po cest\u011b nav\u0161t\u00edv\u00ed \u0159adu pam\u00e1tek, kter\u00e9 nechali vystav\u011bt na jihu Moravy Lichten\u0161tejnov\u00e9. Are\u00e1l pat\u0159\u00ed do seznamu kulturn\u00edho d\u011bdictv\u00ed UNESCO. Trasa je dlouh\u00e1 asi t\u0159icet kilometr\u016f, d\u00e1 se ozna\u010dit za m\u00e9n\u011b n\u00e1ro\u010dnou. Ter\u00e9n je p\u0159ev\u00e1\u017en\u011b rovinat\u00fd a\u017e na z\u00e1v\u011bre\u010dn\u00fd kopec ke Kolon\u00e1d\u011b Reistna. <\/strong><strong>Tip na cyklov\u00fdlet vznikl ve spolupr\u00e1ci s\u00a0<a href=\"http:\/\/www.denik.cz\/\">Den\u00edkem<\/a>.<\/strong><\/p>\n<p><!--more--><\/p>\n<p><strong>Pr\u016fb\u011bh trasy:<\/strong> Podiv\u00edn \u2013 Janohrad \u2013 z\u00e1mek Lednice \u2013 Apollon\u016fv chr\u00e1m \u2013 Nov\u00fd dv\u016fr \u2013 T\u0159i Gr\u00e1cie \u2013 Kaple svat\u00e9ho Huberta \u2013 Rendez-vous \u2013 z\u00e1mek Valtice \u2013 Reistna \u2013 Valtice<\/p>\n<p>Celou cyklotrasu si v\u00a0map\u00e1ch st\u00e1hn\u011bte <a href=\"https:\/\/www.welovecycling.com\/cs\/otestovano-jizdou\/na-zamky-i-salety-lednicko-valtickym-arealem-pojedete-po-stopach-lichtenstejnu\/\">zde.<\/a><\/p>\n<p>Cyklov\u00fdlet za\u010d\u00edn\u00e1 na vlakov\u00e9m n\u00e1dra\u017e\u00ed v <a href=\"https:\/\/www.podivin.cz\/\">Podiv\u00edn\u011b<\/a> (48.8375611N, 16.8539311E). V ulici Za Drahou se napoj\u00edte na cyklotrasu \u010d\u00edslo 412 a vyd\u00e1te se p\u0159es m\u011bsto sm\u011brem na Lednici. T\u011bsn\u011b za Podiv\u00ednem odbo\u010d\u00edte ze silnice na poln\u00ed cestu, zhruba po p\u011bti kilometrech p\u0159ejedete p\u0159es \u0159eku Dyji po Ladensk\u00e9m most\u011b a zanedlouho p\u0159ijedete k <a href=\"https:\/\/www.januv-hrad.cz\/cs\">Janovu hradu<\/a> neboli Janohradu (48.8044875N, 16.8322483E). Stavba je um\u011blou z\u0159\u00edceninou hradu z po\u010d\u00e1tku devaten\u00e1ct\u00e9ho stolet\u00ed.<\/p>\n<figure id=\"attachment_3310\" aria-describedby=\"caption-attachment-3310\" style=\"width: 1024px\" class=\"wp-caption alignnone\"><a href=\"https:\/\/d2p6e6u75xmxt8.cloudfront.net\/13\/2019\/08\/Januv-hrad.jpg\"><img loading=\"lazy\" decoding=\"async\" class=\"size-large wp-image-3310\" src=\"https:\/\/d2p6e6u75xmxt8.cloudfront.net\/13\/2019\/08\/Januv-hrad-1024x685.jpg\" alt=\"\" width=\"1024\" height=\"685\" \/><\/a><figcaption id=\"caption-attachment-3310\" class=\"wp-caption-text\">Jan\u016fv hrad. Foto: Den\u00edk.<\/figcaption><\/figure>\n<p>Od Janohradu vyraz\u00edte po cyklotrase 412 d\u00e1l na Lednici, ale t\u011bsn\u011b p\u0159ed obc\u00ed z n\u00ed odbo\u010d\u00edte vpravo a po cest\u011b se dostanete k <a href=\"https:\/\/www.zamek-lednice.com\/cs\">lednick\u00e9mu z\u00e1mku<\/a> (48.8017456N, 16.8054692E). P\u016fvodn\u011b renesan\u010dn\u00ed objekt s rozs\u00e1hl\u00fdm parkem pat\u0159\u00ed k nejnav\u0161t\u011bvovan\u011bj\u0161\u00edm turistick\u00fdm c\u00edl\u016fm v cel\u00e9 \u010cesk\u00e9 republice.<\/p>\n<p>Po odjezdu ze z\u00e1mku se napoj\u00edte na cyklotrasu, projedete kolem vyhl\u00eddkov\u00e9 v\u011b\u017ee a napoj\u00edte se na hlavn\u00ed silnici, kter\u00e1 vede a\u017e do B\u0159eclavi. T\u011bsn\u011b za Lednick\u00fdmi rybn\u00edky u kempu Apollo v\u0161ak zahnete doprava, napoj\u00edte se na Kn\u00ed\u017eec\u00ed stezku a zam\u00ed\u0159\u00edte po n\u00ed k Apollonovu chr\u00e1mu. (48.7829164N, 16.8244592E). Monument\u00e1ln\u00ed klasicistn\u00ed stavba z devaten\u00e1ct\u00e9ho stolet\u00ed je zasv\u011bcen\u00e1 antick\u00e9mu bohu Apoll\u00f3novi.<\/p>\n<figure id=\"attachment_3315\" aria-describedby=\"caption-attachment-3315\" style=\"width: 1024px\" class=\"wp-caption alignnone\"><a href=\"https:\/\/d2p6e6u75xmxt8.cloudfront.net\/13\/2019\/08\/z\u00e1mek-Lednice.jpg\"><img loading=\"lazy\" decoding=\"async\" class=\"size-large wp-image-3315\" src=\"https:\/\/d2p6e6u75xmxt8.cloudfront.net\/13\/2019\/08\/z\u00e1mek-Lednice-1024x683.jpg\" alt=\"\" width=\"1024\" height=\"683\" \/><\/a><figcaption id=\"caption-attachment-3315\" class=\"wp-caption-text\">Z\u00e1mek Lednice. Foto: Den\u00edk.<\/figcaption><\/figure>\n<p>Od chr\u00e1mu pokra\u010dujete d\u00e1l po Kn\u00ed\u017eec\u00ed stezce a asi po dvou kilometrech naraz\u00edte na <a href=\"https:\/\/www.novydvur.eu\/\">Nov\u00fd dv\u016fr<\/a> (48.7752808N, 16.8064347E). Emp\u00edrov\u00fd are\u00e1l vznikl podle n\u00e1vrhu Josefa Hardtmutha. M\u016f\u017eete se tam pod\u00edvat i na kon\u011b, kter\u00e9 tam chov\u00e1 soukrom\u00fd majitel.<\/p>\n<p>Z Nov\u00e9ho dvora je to u\u017e jen necel\u00fd kilometr k Chr\u00e1mu T\u0159\u00ed Gr\u00e1ci\u00ed (48.7747008N, 16.7968217E). P\u0159ed neoklasicistn\u00edm letohr\u00e1dkem se nach\u00e1z\u00ed dominantn\u00ed souso\u0161\u00ed, je\u017e bylo p\u016fvodn\u011b um\u00edst\u011bn\u00e9 v z\u00e1meck\u00fdch zahrad\u00e1ch v Lednici.<\/p>\n<p>Od letohr\u00e1dku pokra\u010dujete lesn\u00ed cestou ke <a href=\"https:\/\/www.zamek-valtice.cz\/cs\/o-zamku\/kaple-sv.-huberta\">Kapli svat\u00e9ho Huberta<\/a> (48.7610108N, 16.8061772E). U nejmlad\u0161\u00ed ze v\u0161ech drobn\u00fdch staveb v Lednicko-valtick\u00e9m are\u00e1lu se v minulosti konaly slavnostn\u00ed m\u0161e p\u0159ed zah\u00e1jen\u00edm lovu v den sv\u00e1tku svat\u00e9ho Huberta.\u00a0 Odtud zam\u00ed\u0159\u00edte k dal\u0161\u00edmu zn\u00e1m\u00e9mu saletu, tedy drobn\u00e9 architektonick\u00e9 stavb\u011b v p\u0159\u00edrod\u011b. Ale je\u0161t\u011b ne\u017e se k n\u011bmu dostanete, mus\u00edte odbo\u010dit z Kn\u00ed\u017eec\u00ed stezky doprava a pokra\u010dovat po stezce \u010d\u00edslo EV9. <a href=\"https:\/\/www.zamek-valtice.cz\/cs\/informace-pro-navstevniky\/prohlidkove-okruhy\/6118-dianin-chram-rendez-vous\">Rendez-vous<\/a> (48.7502875N, 16.7928092E) neboli Dianin chr\u00e1m m\u00e1 podobu \u0159\u00edmsk\u00e9ho v\u00edt\u011bzn\u00e9ho oblouku a Lichten\u0161tejn\u016fm slou\u017eil jako loveck\u00fd z\u00e1me\u010dek. Hlavn\u00ed fas\u00e1dy \u010dlen\u00ed \u010dtve\u0159ice korintsk\u00fdch sloup\u016f.<\/p>\n<figure id=\"attachment_3313\" aria-describedby=\"caption-attachment-3313\" style=\"width: 683px\" class=\"wp-caption alignnone\"><a href=\"https:\/\/d2p6e6u75xmxt8.cloudfront.net\/13\/2019\/08\/Kaple-svateho-Huberta.jpg\"><img loading=\"lazy\" decoding=\"async\" class=\"size-large wp-image-3313\" src=\"https:\/\/d2p6e6u75xmxt8.cloudfront.net\/13\/2019\/08\/Kaple-svateho-Huberta-683x1024.jpg\" alt=\"\" width=\"683\" height=\"1024\" \/><\/a><figcaption id=\"caption-attachment-3313\" class=\"wp-caption-text\">Kaple svat\u00e9ho Huberta. Foto: Den\u00edk.<\/figcaption><\/figure>\n<p>Od Rendez-vous pokra\u010dujete po trase EV9 d\u00e1l na Valtice a p\u0159es ulice Mod\u0159\u00ednovou a Petra Bezru\u010de se dostanete a\u017e do centra m\u011bsta k <a href=\"https:\/\/www.zamek-valtice.cz\/cs\">valtick\u00e9mu z\u00e1mku<\/a> (48.7391803N, 16.7552153E). Barokn\u00ed stavba byla n\u011bkolik stalet\u00ed a\u017e do roku 1945 kn\u00ed\u017eec\u00edm s\u00eddlem Lichten\u0161tejn\u016f.\u00a0Od z\u00e1mku v\u00e1s \u010dek\u00e1 nejn\u00e1ro\u010dn\u011bj\u0161\u00ed \u010d\u00e1st cesty. Po Kn\u00ed\u017eec\u00ed stezce p\u0159es ulice R\u016f\u017eovou a Vina\u0159skou mus\u00edte vy\u0161l\u00e1pnout prudk\u00fd kopec na Kolon\u00e1du Reistna (48.7369300N, 16.7362681E). Kolon\u00e1da se nach\u00e1z\u00ed na kopci zvan\u00e9m Reisten ve v\u00fd\u0161ce 280 metr\u016f nad mo\u0159em.<\/p>\n<p>Z kopce sjedete zp\u00e1tky do Valtic, pojedete sm\u011brem na Lednici, na konci m\u011bsta odbo\u010d\u00edte vlevo a dostanete se k z\u00e1me\u010dku <a href=\"https:\/\/www.zamek-valtice.cz\/cs\/o-zamku\/letohradek-belvedere\">Belveder<\/a> (48.7519303N, 16.7615533E), kter\u00fd nyn\u00ed proch\u00e1z\u00ed rekonstrukc\u00ed. Odtud je to jen zhruba kilometr na \u017eelezni\u010dn\u00ed stanici Valtice, m\u011bsto (48.7487317N, 16.7627897E).<\/p>\n<figure id=\"attachment_3312\" aria-describedby=\"caption-attachment-3312\" style=\"width: 1024px\" class=\"wp-caption alignnone\"><a href=\"https:\/\/d2p6e6u75xmxt8.cloudfront.net\/13\/2019\/08\/zamecek-Belveder.jpg\"><img loading=\"lazy\" decoding=\"async\" class=\"size-large wp-image-3312\" src=\"https:\/\/d2p6e6u75xmxt8.cloudfront.net\/13\/2019\/08\/zamecek-Belveder-1024x683.jpg\" alt=\"\" width=\"1024\" height=\"683\" \/><\/a><figcaption id=\"caption-attachment-3312\" class=\"wp-caption-text\">Z\u00e1me\u010dek Belveder. Foto: Den\u00edk.<\/figcaption><\/figure>\n<p>Dal\u0161\u00ed tipy na cyklov\u00fdlet najdete v na\u0161\u00ed sekce\u00a0<a href=\"https:\/\/www.welovecycling.com\/cs\/category\/https-www-welovecycling-com-cs-otestovano-jizdou\/tipy-na-vylet\/\">Tipy na v\u00fdlet.<\/a><\/p>\n","protected":false},"excerpt":{"rendered":"<p>Za dominantami Lednicko-valtick\u00e9ho are\u00e1lu na B\u0159eclavsku vyjedou cyklist\u00e9 po trase, kter\u00e1 za\u010d\u00edn\u00e1 v Podiv\u00edn\u011b a kon\u010d\u00ed ve Valtic\u00edch. Po cest\u011b [&hellip;]<\/p>\n","protected":false},"author":95,"featured_media":4217,"comment_status":"open","ping_status":"open","sticky":false,"template":"","format":"standard","meta":{"footnotes":""},"categories":[167],"tags":[117,228,356,541,539,149,540],"global-categories":[411],"class_list":["post-4216","post","type-post","status-publish","format-standard","has-post-thumbnail","hentry","category-tipy-na-vylet","tag-cyklotrasy","tag-cyklovylet","tag-denik","tag-lednice","tag-podivin","tag-tip-na-cyklovylet","tag-valtice","global-categories-cycling"],"yoast_head":"<!-- This site is optimized with the Yoast SEO Premium plugin v25.3 (Yoast SEO v25.9) - https:\/\/yoast.com\/wordpress\/plugins\/seo\/ -->\n<title>Tip na v\u00fdlet: Lednicko-valtick\u00fdm are\u00e1lem pojedete po stop\u00e1ch Lichten\u0161tejn\u016f | \u0160koda We Love Cycling - \u010cesk\u00e1 republika<\/title>\n<meta name=\"description\" content=\"Za dominantami Lednicko-valtick\u00e9ho are\u00e1lu na B\u0159eclavsku vyjedou cyklist\u00e9 po trase, kter\u00e1 za\u010d\u00edn\u00e1 v Podiv\u00edn\u011b a kon\u010d\u00ed ve Valtic\u00edch.\" \/>\n<meta name=\"robots\" content=\"index, follow, max-snippet:-1, max-image-preview:large, max-video-preview:-1\" \/>\n<link rel=\"canonical\" href=\"https:\/\/www.welovecycling.com\/cs\/2019\/10\/03\/tip-na-vylet-lednicko-valtickyckym-arealem-po-stopach-lichtenstejnu-welovecycling-cr\/\" \/>\n<meta property=\"og:locale\" content=\"cs_CZ\" \/>\n<meta property=\"og:type\" content=\"article\" \/>\n<meta property=\"og:title\" content=\"Tip na v\u00fdlet: Lednicko-valtick\u00fdm are\u00e1lem pojedete po stop\u00e1ch Lichten\u0161tejn\u016f\" \/>\n<meta property=\"og:description\" content=\"Za dominantami Lednicko-valtick\u00e9ho are\u00e1lu na B\u0159eclavsku vyjedou cyklist\u00e9 po trase, kter\u00e1 za\u010d\u00edn\u00e1 v Podiv\u00edn\u011b a kon\u010d\u00ed ve Valtic\u00edch.\" \/>\n<meta property=\"og:url\" content=\"https:\/\/www.welovecycling.com\/cs\/2019\/10\/03\/tip-na-vylet-lednicko-valtickyckym-arealem-po-stopach-lichtenstejnu-welovecycling-cr\/\" \/>\n<meta property=\"og:site_name\" content=\"\u0160koda We Love Cycling - \u010cesk\u00e1 republika\" \/>\n<meta property=\"article:published_time\" content=\"2019-10-03T11:33:27+00:00\" \/>\n<meta property=\"og:image\" content=\"https:\/\/d2p6e6u75xmxt8.cloudfront.net\/13\/2019\/10\/Snimek-obrazovky-2019-10-03-v-13.16.26.webp\" \/>\n\t<meta property=\"og:image:width\" content=\"800\" \/>\n\t<meta property=\"og:image:height\" content=\"322\" \/>\n\t<meta property=\"og:image:type\" content=\"image\/webp\" \/>\n<meta name=\"twitter:card\" content=\"summary_large_image\" \/>\n<meta name=\"twitter:label1\" content=\"Written by\" \/>\n\t<meta name=\"twitter:data1\" content=\"We Love Cycling &amp; Den\u00edk\" \/>\n\t<meta name=\"twitter:label2\" content=\"Est. reading time\" \/>\n\t<meta name=\"twitter:data2\" content=\"4\" \/>\n<script type=\"application\/ld+json\" class=\"yoast-schema-graph\">{\"@context\":\"https:\/\/schema.org\",\"@graph\":[{\"@type\":\"WebPage\",\"@id\":\"https:\/\/www.welovecycling.com\/cs\/2019\/10\/03\/tip-na-vylet-lednicko-valtickyckym-arealem-po-stopach-lichtenstejnu-welovecycling-cr\/\",\"url\":\"https:\/\/www.welovecycling.com\/cs\/2019\/10\/03\/tip-na-vylet-lednicko-valtickyckym-arealem-po-stopach-lichtenstejnu-welovecycling-cr\/\",\"name\":\"Tip na v\u00fdlet: Lednicko-valtick\u00fdm are\u00e1lem pojedete po stop\u00e1ch Lichten\u0161tejn\u016f | \u0160koda We Love Cycling - \u010cesk\u00e1 republika\",\"isPartOf\":{\"@id\":\"https:\/\/www.welovecycling.com\/cs\/#website\"},\"primaryImageOfPage\":{\"@id\":\"https:\/\/www.welovecycling.com\/cs\/2019\/10\/03\/tip-na-vylet-lednicko-valtickyckym-arealem-po-stopach-lichtenstejnu-welovecycling-cr\/#primaryimage\"},\"image\":{\"@id\":\"https:\/\/www.welovecycling.com\/cs\/2019\/10\/03\/tip-na-vylet-lednicko-valtickyckym-arealem-po-stopach-lichtenstejnu-welovecycling-cr\/#primaryimage\"},\"thumbnailUrl\":\"https:\/\/d2p6e6u75xmxt8.cloudfront.net\/13\/2019\/10\/Snimek-obrazovky-2019-10-03-v-13.16.26.webp\",\"datePublished\":\"2019-10-03T11:33:27+00:00\",\"author\":{\"@id\":\"\"},\"description\":\"Za dominantami Lednicko-valtick\u00e9ho are\u00e1lu na B\u0159eclavsku vyjedou cyklist\u00e9 po trase, kter\u00e1 za\u010d\u00edn\u00e1 v Podiv\u00edn\u011b a kon\u010d\u00ed ve Valtic\u00edch.\",\"inLanguage\":\"cs\",\"potentialAction\":[{\"@type\":\"ReadAction\",\"target\":[\"https:\/\/www.welovecycling.com\/cs\/2019\/10\/03\/tip-na-vylet-lednicko-valtickyckym-arealem-po-stopach-lichtenstejnu-welovecycling-cr\/\"]}]},{\"@type\":\"ImageObject\",\"inLanguage\":\"cs\",\"@id\":\"https:\/\/www.welovecycling.com\/cs\/2019\/10\/03\/tip-na-vylet-lednicko-valtickyckym-arealem-po-stopach-lichtenstejnu-welovecycling-cr\/#primaryimage\",\"url\":\"https:\/\/d2p6e6u75xmxt8.cloudfront.net\/13\/2019\/10\/Snimek-obrazovky-2019-10-03-v-13.16.26.webp\",\"contentUrl\":\"https:\/\/d2p6e6u75xmxt8.cloudfront.net\/13\/2019\/10\/Snimek-obrazovky-2019-10-03-v-13.16.26.webp\",\"width\":800,\"height\":322},{\"@type\":\"WebSite\",\"@id\":\"https:\/\/www.welovecycling.com\/cs\/#website\",\"url\":\"https:\/\/www.welovecycling.com\/cs\/\",\"name\":\"\u0160koda We Love Cycling - \u010cesk\u00e1 republika\",\"description\":\"WeLoveCycling.cz je online magaz\u00edn, kter\u00fd v\u00e1m pravideln\u011b p\u0159in\u00e1\u0161\u00ed rady a tipy, zaj\u00edmav\u00e9 \u010dl\u00e1nky, videa a jedine\u010dn\u00e9 report\u00e1\u017ee ze sv\u011bta cyklistiky.\",\"potentialAction\":[{\"@type\":\"SearchAction\",\"target\":{\"@type\":\"EntryPoint\",\"urlTemplate\":\"https:\/\/www.welovecycling.com\/cs\/?s={search_term_string}\"},\"query-input\":{\"@type\":\"PropertyValueSpecification\",\"valueRequired\":true,\"valueName\":\"search_term_string\"}}],\"inLanguage\":\"cs\"},{\"@type\":\"Person\",\"@id\":\"\",\"url\":\"https:\/\/www.welovecycling.com\/cs\/author\/\"}]}<\/script>\n<!-- \/ Yoast SEO Premium plugin. -->","yoast_head_json":{"title":"Tip na v\u00fdlet: Lednicko-valtick\u00fdm are\u00e1lem pojedete po stop\u00e1ch Lichten\u0161tejn\u016f | \u0160koda We Love Cycling - \u010cesk\u00e1 republika","description":"Za dominantami Lednicko-valtick\u00e9ho are\u00e1lu na B\u0159eclavsku vyjedou cyklist\u00e9 po trase, kter\u00e1 za\u010d\u00edn\u00e1 v Podiv\u00edn\u011b a kon\u010d\u00ed ve Valtic\u00edch.","robots":{"index":"index","follow":"follow","max-snippet":"max-snippet:-1","max-image-preview":"max-image-preview:large","max-video-preview":"max-video-preview:-1"},"canonical":"https:\/\/www.welovecycling.com\/cs\/2019\/10\/03\/tip-na-vylet-lednicko-valtickyckym-arealem-po-stopach-lichtenstejnu-welovecycling-cr\/","og_locale":"cs_CZ","og_type":"article","og_title":"Tip na v\u00fdlet: Lednicko-valtick\u00fdm are\u00e1lem pojedete po stop\u00e1ch Lichten\u0161tejn\u016f","og_description":"Za dominantami Lednicko-valtick\u00e9ho are\u00e1lu na B\u0159eclavsku vyjedou cyklist\u00e9 po trase, kter\u00e1 za\u010d\u00edn\u00e1 v Podiv\u00edn\u011b a kon\u010d\u00ed ve Valtic\u00edch.","og_url":"https:\/\/www.welovecycling.com\/cs\/2019\/10\/03\/tip-na-vylet-lednicko-valtickyckym-arealem-po-stopach-lichtenstejnu-welovecycling-cr\/","og_site_name":"\u0160koda We Love Cycling - \u010cesk\u00e1 republika","article_published_time":"2019-10-03T11:33:27+00:00","og_image":[{"width":800,"height":322,"url":"https:\/\/d2p6e6u75xmxt8.cloudfront.net\/13\/2019\/10\/Snimek-obrazovky-2019-10-03-v-13.16.26.webp","type":"image\/webp"}],"twitter_card":"summary_large_image","twitter_misc":{"Written by":"We Love Cycling & Den\u00edk","Est. reading time":"4"},"schema":{"@context":"https:\/\/schema.org","@graph":[{"@type":"WebPage","@id":"https:\/\/www.welovecycling.com\/cs\/2019\/10\/03\/tip-na-vylet-lednicko-valtickyckym-arealem-po-stopach-lichtenstejnu-welovecycling-cr\/","url":"https:\/\/www.welovecycling.com\/cs\/2019\/10\/03\/tip-na-vylet-lednicko-valtickyckym-arealem-po-stopach-lichtenstejnu-welovecycling-cr\/","name":"Tip na v\u00fdlet: Lednicko-valtick\u00fdm are\u00e1lem pojedete po stop\u00e1ch Lichten\u0161tejn\u016f | \u0160koda We Love Cycling - \u010cesk\u00e1 republika","isPartOf":{"@id":"https:\/\/www.welovecycling.com\/cs\/#website"},"primaryImageOfPage":{"@id":"https:\/\/www.welovecycling.com\/cs\/2019\/10\/03\/tip-na-vylet-lednicko-valtickyckym-arealem-po-stopach-lichtenstejnu-welovecycling-cr\/#primaryimage"},"image":{"@id":"https:\/\/www.welovecycling.com\/cs\/2019\/10\/03\/tip-na-vylet-lednicko-valtickyckym-arealem-po-stopach-lichtenstejnu-welovecycling-cr\/#primaryimage"},"thumbnailUrl":"https:\/\/d2p6e6u75xmxt8.cloudfront.net\/13\/2019\/10\/Snimek-obrazovky-2019-10-03-v-13.16.26.webp","datePublished":"2019-10-03T11:33:27+00:00","author":{"@id":""},"description":"Za dominantami Lednicko-valtick\u00e9ho are\u00e1lu na B\u0159eclavsku vyjedou cyklist\u00e9 po trase, kter\u00e1 za\u010d\u00edn\u00e1 v Podiv\u00edn\u011b a kon\u010d\u00ed ve Valtic\u00edch.","inLanguage":"cs","potentialAction":[{"@type":"ReadAction","target":["https:\/\/www.welovecycling.com\/cs\/2019\/10\/03\/tip-na-vylet-lednicko-valtickyckym-arealem-po-stopach-lichtenstejnu-welovecycling-cr\/"]}]},{"@type":"ImageObject","inLanguage":"cs","@id":"https:\/\/www.welovecycling.com\/cs\/2019\/10\/03\/tip-na-vylet-lednicko-valtickyckym-arealem-po-stopach-lichtenstejnu-welovecycling-cr\/#primaryimage","url":"https:\/\/d2p6e6u75xmxt8.cloudfront.net\/13\/2019\/10\/Snimek-obrazovky-2019-10-03-v-13.16.26.webp","contentUrl":"https:\/\/d2p6e6u75xmxt8.cloudfront.net\/13\/2019\/10\/Snimek-obrazovky-2019-10-03-v-13.16.26.webp","width":800,"height":322},{"@type":"WebSite","@id":"https:\/\/www.welovecycling.com\/cs\/#website","url":"https:\/\/www.welovecycling.com\/cs\/","name":"\u0160koda We Love Cycling - \u010cesk\u00e1 republika","description":"WeLoveCycling.cz je online magaz\u00edn, kter\u00fd v\u00e1m pravideln\u011b p\u0159in\u00e1\u0161\u00ed rady a tipy, zaj\u00edmav\u00e9 \u010dl\u00e1nky, videa a jedine\u010dn\u00e9 report\u00e1\u017ee ze sv\u011bta cyklistiky.","potentialAction":[{"@type":"SearchAction","target":{"@type":"EntryPoint","urlTemplate":"https:\/\/www.welovecycling.com\/cs\/?s={search_term_string}"},"query-input":{"@type":"PropertyValueSpecification","valueRequired":true,"valueName":"search_term_string"}}],"inLanguage":"cs"},{"@type":"Person","@id":"","url":"https:\/\/www.welovecycling.com\/cs\/author\/"}]}},"_links":{"self":[{"href":"https:\/\/www.welovecycling.com\/cs\/wp-json\/wp\/v2\/posts\/4216","targetHints":{"allow":["GET"]}}],"collection":[{"href":"https:\/\/www.welovecycling.com\/cs\/wp-json\/wp\/v2\/posts"}],"about":[{"href":"https:\/\/www.welovecycling.com\/cs\/wp-json\/wp\/v2\/types\/post"}],"author":[{"embeddable":true,"href":"https:\/\/www.welovecycling.com\/cs\/wp-json\/wp\/v2\/users\/95"}],"replies":[{"embeddable":true,"href":"https:\/\/www.welovecycling.com\/cs\/wp-json\/wp\/v2\/comments?post=4216"}],"version-history":[{"count":1,"href":"https:\/\/www.welovecycling.com\/cs\/wp-json\/wp\/v2\/posts\/4216\/revisions"}],"predecessor-version":[{"id":4218,"href":"https:\/\/www.welovecycling.com\/cs\/wp-json\/wp\/v2\/posts\/4216\/revisions\/4218"}],"wp:featuredmedia":[{"embeddable":true,"href":"https:\/\/www.welovecycling.com\/cs\/wp-json\/wp\/v2\/media\/4217"}],"wp:attachment":[{"href":"https:\/\/www.welovecycling.com\/cs\/wp-json\/wp\/v2\/media?parent=4216"}],"wp:term":[{"taxonomy":"category","embeddable":true,"href":"https:\/\/www.welovecycling.com\/cs\/wp-json\/wp\/v2\/categories?post=4216"},{"taxonomy":"post_tag","embeddable":true,"href":"https:\/\/www.welovecycling.com\/cs\/wp-json\/wp\/v2\/tags?post=4216"},{"taxonomy":"global-categories","embeddable":true,"href":"https:\/\/www.welovecycling.com\/cs\/wp-json\/wp\/v2\/global-categories?post=4216"}],"curies":[{"name":"wp","href":"https:\/\/api.w.org\/{rel}","templated":true}]}}