{"id":3981,"date":"2019-09-13T13:39:12","date_gmt":"2019-09-13T11:39:12","guid":{"rendered":"https:\/\/www.welovecycling.com\/cs\/?p=3981"},"modified":"2019-09-13T13:39:12","modified_gmt":"2019-09-13T11:39:12","slug":"tip-na-vylet-hranicko-cyklistum-ukazuje-kousek-mlynske-historie","status":"publish","type":"post","link":"https:\/\/www.welovecycling.com\/cs\/2019\/09\/13\/tip-na-vylet-hranicko-cyklistum-ukazuje-kousek-mlynske-historie\/","title":{"rendered":"Tip na v\u00fdlet: Hranicko cyklist\u016fm ukazuje kousek ml\u00fdnsk\u00e9 historie"},"content":{"rendered":"<p><strong>Hranicko &#8211; tematicky zam\u011b\u0159en\u00e1 cyklotrasa na Hranicku v okrese P\u0159erov s\u00a0n\u00e1zvem Po stop\u00e1ch vodn\u00ed a v\u011btrn\u00e9 energie p\u0159ibli\u017euje turist\u016fm, jak byla na venkov\u011b vyu\u017e\u00edv\u00e1na s\u00edla vody a\u00a0v\u011btru. Dne\u0161n\u00ed cyklotip vznikl ve spolupr\u00e1ci s\u00a0<a href=\"http:\/\/www.denik.cz\">Den\u00edkem<\/a>.<\/strong><\/p>\n<p><!--more--><\/p>\n<p>Na t\u00e9to cest\u011b se cyklist\u00e9 potkaj\u00ed s existuj\u00edc\u00edmi vodn\u00edmi a v\u011btrn\u00fdmi ml\u00fdny, ale i t\u011bmi, kter\u00e9 u\u017e z povrchu zmizely. Ov\u0161em d\u00edky aktivit\u011b obc\u00ed le\u017e\u00edc\u00edch na trase, \u010dinorod\u00fdch vlastn\u00edk\u016f ml\u00fdn\u016f, podnikatel\u016f a nad\u0161enc\u016f se zde n\u00e1v\u0161t\u011bvn\u00edci mohou pobavit a dozv\u011bd\u011bt se n\u011bco zaj\u00edmav\u00e9ho o minulosti mlyn\u00e1\u0159sk\u00e9ho \u0159emesla.<\/p>\n<p>Celou cyklotrasu Po stop\u00e1ch vodn\u00ed a v\u011btrn\u00e9 energie si m\u016f\u017eete st\u00e1hnout <a href=\"https:\/\/www.welovecycling.com\/cs\/otestovano-jizdou\/hranicko-cyklistum-ukaze-kousek-mlynske-historie\/\">zde.<\/a><\/p>\n<figure id=\"attachment_3161\" aria-describedby=\"caption-attachment-3161\" style=\"width: 1024px\" class=\"wp-caption alignnone\"><a href=\"https:\/\/d2p6e6u75xmxt8.cloudfront.net\/13\/2019\/07\/Hranice-letecky.jpg\"><img loading=\"lazy\" decoding=\"async\" class=\"size-large wp-image-3161\" src=\"https:\/\/d2p6e6u75xmxt8.cloudfront.net\/13\/2019\/07\/Hranice-letecky-1024x771.jpg\" alt=\"\" width=\"1024\" height=\"771\" \/><\/a><figcaption id=\"caption-attachment-3161\" class=\"wp-caption-text\">Hranice, leteck\u00fd pohled. Foto: Den\u00edk.<\/figcaption><\/figure>\n<p>V regionu <a href=\"https:\/\/www.regionhranicko.cz\/\">Hranicka<\/a> jsou trasy rozd\u011bleny na t\u0159i \u010d\u00e1sti, ze kter\u00fdch si cestovatel\u00e9 mohou vybrat. Mapu s cyklotrasami se\u017eenou turist\u00e9 v informa\u010dn\u00edm centru v Hranic\u00edch, kde v\u00fdlet za\u010d\u00edn\u00e1 a tak\u00e9 kon\u010d\u00ed. Tento tip nab\u00edz\u00ed takzvan\u00fd t\u0159et\u00ed okruh, kter\u00fd je dlouh\u00fd p\u0159es \u010dty\u0159icet kilometr\u016f.<\/p>\n<p>Vzhledem k tomu, \u017ee m\u00e1 nejmen\u0161\u00ed p\u0159ev\u00fd\u0161en\u00ed, je vhodn\u00fd i pro rodiny s odrostlej\u0161\u00edmi d\u011btmi, kter\u00e9 pojedou na trekkingov\u00e9m kole v\u011bt\u0161inou otev\u0159en\u00fdm prostorem mezi poli a vesnicemi. Na okruhu \u010d\u00edslo t\u0159i cyklist\u00e9 m\u00edjej\u00ed <a href=\"http:\/\/vodnimlyny.cz\/es\/mlyny\/estates\/detail\/5046-andrsuv-mlyn\">Andr\u0161\u016fv vodn\u00ed ml\u00fdn<\/a>, po p\u00e1r kilometrech na n\u011b \u010dek\u00e1 pozoruhodn\u00fd \u010cervek\u016fv v\u011btrn\u00fd ml\u00fdn ve Skali\u010dce, kter\u00fd sem byl p\u0159evezen z D\u0159evohostic v roce 1850 a od roku 1879 je rodinn\u00fdm d\u011bdictv\u00edm \u010cervekov\u00fdch. Po domluv\u011b s majitelem si ho m\u016f\u017ee kdokoli prohl\u00e9dnout.<\/p>\n<figure id=\"attachment_3159\" aria-describedby=\"caption-attachment-3159\" style=\"width: 1024px\" class=\"wp-caption alignnone\"><a href=\"https:\/\/d2p6e6u75xmxt8.cloudfront.net\/13\/2019\/07\/skali\u010dka-\u010dervek\u016fv-ml\u00fdn.jpg\"><img loading=\"lazy\" decoding=\"async\" class=\"size-large wp-image-3159\" src=\"https:\/\/d2p6e6u75xmxt8.cloudfront.net\/13\/2019\/07\/skali\u010dka-\u010dervek\u016fv-ml\u00fdn-1024x683.jpg\" alt=\"\" width=\"1024\" height=\"683\" \/><\/a><figcaption id=\"caption-attachment-3159\" class=\"wp-caption-text\">\u010cervek\u016fv v\u011btrn\u00fd ml\u00fdn ve Skali\u010dce. Foto: archiv Den\u00edku.<\/figcaption><\/figure>\n<p>Cestou se v\u00fdletn\u00edci dostanou i k m\u00edstu, kde st\u00e1val <a href=\"http:\/\/vodnimlyny.cz\/mlyny\/objekty\/detail\/753-krecmeruv-mlyn\">Kre\u010dmer\u016fv ml\u00fdn<\/a>. Ten v\u0161ak v roce 1950 strhla vich\u0159ice. Dal\u0161\u00edm ml\u00fdnem na trase je druh\u00fd v\u011btrn\u00fd ml\u00fdn <a href=\"https:\/\/www.hrady.cz\/index.php?OID=4751\">Poruba<\/a>. Je zd\u011bn\u00fd, na rozd\u00edl od d\u0159ev\u011bn\u00e9ho ve Skali\u010dce, a mlel je\u0161t\u011b na za\u010d\u00e1tku druh\u00e9 sv\u011btov\u00e9 v\u00e1lky. Majitel ho vybavil elektromotorem, kter\u00fd jej poh\u00e1n\u011bl v bezv\u011bt\u0159\u00ed.<\/p>\n<figure id=\"attachment_3164\" aria-describedby=\"caption-attachment-3164\" style=\"width: 768px\" class=\"wp-caption alignnone\"><a href=\"https:\/\/d2p6e6u75xmxt8.cloudfront.net\/13\/2019\/07\/V\u011btrn\u00fd_ml\u00fdn_Poruba.jpg\"><img loading=\"lazy\" decoding=\"async\" class=\"size-large wp-image-3164\" src=\"https:\/\/d2p6e6u75xmxt8.cloudfront.net\/13\/2019\/07\/V\u011btrn\u00fd_ml\u00fdn_Poruba-768x1024.jpg\" alt=\"\" width=\"768\" height=\"1024\" \/><\/a><figcaption id=\"caption-attachment-3164\" class=\"wp-caption-text\">V\u011btrn\u00fd ml\u00fdn Poruba. Foto: Den\u00edk.<\/figcaption><\/figure>\n<p>P\u0159esto\u017ee byl ml\u00fdn jako technick\u00e1 pam\u00e1tka zaps\u00e1n na Seznam nemovit\u00fdch kulturn\u00edch pam\u00e1tek p\u0159erovsk\u00e9ho okresu, nen\u00ed dosud pln\u011b rekonstruov\u00e1n. Posledn\u00ed zast\u00e1vkou na trase je m\u00edsto pobl\u00ed\u017e obce Hranick\u00e9 Lou\u010dky, kde st\u00e1val v\u011btrn\u00fd ml\u00fdn Koz\u00ed Lou\u010dky.<\/p>\n<p>Do <a href=\"https:\/\/www.mesto-hranice.cz\/\">Hranic<\/a> se turist\u00e9 dostanou vlakem. Tip na v\u00fdlet popisoval pouze jednu mo\u017enou variantu, ov\u0161em podle mapek v hranick\u00e9m infocentru, kter\u00e9 le\u017e\u00ed na zna\u010den\u00e9 cyklotrase vedouc\u00ed z n\u00e1dra\u017e\u00ed k centru na Masarykovo n\u00e1m\u011bst\u00ed, si mohou podle libosti zvolit i jinou mo\u017enost.<\/p>\n<p>Konkr\u00e9tn\u011b tento v\u00fdlet tedy za\u010d\u00edn\u00e1 v Hranic\u00edch a okruh vede p\u0159es l\u00e1zn\u011b <a href=\"https:\/\/www.ltnb.cz\/\">Teplice nad Be\u010dvou<\/a>, kde se nab\u00edz\u00ed mo\u017enost nav\u0161t\u00edvit <a href=\"https:\/\/www.caves.cz\/jeskyne\/zbrasovske-aragonitove-jeskyne\">Zbra\u0161ovsk\u00e9 aragonitov\u00e9 jeskyn\u011b<\/a>, men\u0161\u00ed obce a m\u011bstys <a href=\"https:\/\/www.ihustopece.cz\/\">Hustope\u010de nad Be\u010dvou<\/a>, kter\u00fd zdob\u00ed renesan\u010dn\u00ed z\u00e1mek, a pot\u00e9 op\u011bt mezi men\u0161\u00edmi vesnicemi zp\u00e1tky do Hranic.<\/p>\n<figure id=\"attachment_3162\" aria-describedby=\"caption-attachment-3162\" style=\"width: 1024px\" class=\"wp-caption alignnone\"><a href=\"https:\/\/d2p6e6u75xmxt8.cloudfront.net\/13\/2019\/07\/Zbra\u0161ovsk\u00e9-Aragonitov\u00e9-Jeskyn\u011b-teplice.jpg\"><img loading=\"lazy\" decoding=\"async\" class=\"size-large wp-image-3162\" src=\"https:\/\/d2p6e6u75xmxt8.cloudfront.net\/13\/2019\/07\/Zbra\u0161ovsk\u00e9-Aragonitov\u00e9-Jeskyn\u011b-teplice-1024x768.jpg\" alt=\"\" width=\"1024\" height=\"768\" \/><\/a><figcaption id=\"caption-attachment-3162\" class=\"wp-caption-text\">Zbra\u0161ovsk\u00e9 aragonitov\u00e9 jeskyn\u011b. Foto: Den\u00edk\/Liba M\u00e1tlov\u00e1.<\/figcaption><\/figure>\n<p><strong>GPS sou\u0159adnice:<\/strong><\/p>\n<p><strong>Hranice<\/strong> 49033\u20190.500\u201cN, 17044\u20195.200\u201cE,<\/p>\n<p><strong>l\u00e1zn\u011b Teplice nad Be\u010dvou<\/strong> 49\u00b032&#8217;5.117&#8243;N, 17\u00b044&#8217;34.481&#8243;E<\/p>\n<p><strong>\u010cervek\u016fv ml\u00fdn ve Skali\u010dce<\/strong> 49\u00b030\u203247.77\u2033 N, 17\u00b047\u203257.67\u2033 E<\/p>\n<p><strong>V\u011btrn\u00fd ml\u00fdn Poruba<\/strong> 49\u00b032&#8217;0.09&#8243;N, 17\u00b053&#8217;40.24&#8243;E<\/p>\n<p><strong>Hustope\u010de nad Be\u010dvou<\/strong> 49\u00b031&#8217;49.008&#8243;N, 17\u00b052&#8217;22.052&#8243;E.<\/p>\n<p>Dal\u0161\u00ed tipy na cyklov\u00fdlet najdete v na\u0161\u00ed sekce <a href=\"https:\/\/www.welovecycling.com\/cs\/category\/https-www-welovecycling-com-cs-otestovano-jizdou\/tipy-na-vylet\/\">Tipy na v\u00fdlet.<\/a><\/p>\n","protected":false},"excerpt":{"rendered":"<p>Hranicko &#8211; tematicky zam\u011b\u0159en\u00e1 cyklotrasa na Hranicku v okrese P\u0159erov s\u00a0n\u00e1zvem Po stop\u00e1ch vodn\u00ed a v\u011btrn\u00e9 energie p\u0159ibli\u017euje turist\u016fm, jak [&hellip;]<\/p>\n","protected":false},"author":95,"featured_media":3982,"comment_status":"open","ping_status":"open","sticky":false,"template":"","format":"standard","meta":{"footnotes":""},"categories":[167],"tags":[117,228,356,498,499,149],"global-categories":[],"class_list":["post-3981","post","type-post","status-publish","format-standard","has-post-thumbnail","hentry","category-tipy-na-vylet","tag-cyklotrasy","tag-cyklovylet","tag-denik","tag-hranicko","tag-prerov","tag-tip-na-cyklovylet"],"yoast_head":"<!-- This site is optimized with the Yoast SEO Premium plugin v25.3 (Yoast SEO v25.9) - https:\/\/yoast.com\/wordpress\/plugins\/seo\/ -->\n<title>Tip na v\u00fdlet: Hranicko cyklist\u016fm ukazuje kousek ml\u00fdnsk\u00e9 historie | \u0160koda We Love Cycling - \u010cesk\u00e1 republika<\/title>\n<meta name=\"robots\" content=\"index, follow, max-snippet:-1, max-image-preview:large, max-video-preview:-1\" \/>\n<link rel=\"canonical\" href=\"https:\/\/www.welovecycling.com\/cs\/2019\/09\/13\/tip-na-vylet-hranicko-cyklistum-ukazuje-kousek-mlynske-historie\/\" \/>\n<meta property=\"og:locale\" content=\"cs_CZ\" \/>\n<meta property=\"og:type\" content=\"article\" \/>\n<meta property=\"og:title\" content=\"Tip na v\u00fdlet: Hranicko cyklist\u016fm ukazuje kousek ml\u00fdnsk\u00e9 historie\" \/>\n<meta property=\"og:description\" content=\"Hranicko &#8211; tematicky zam\u011b\u0159en\u00e1 cyklotrasa na Hranicku v okrese P\u0159erov s\u00a0n\u00e1zvem Po stop\u00e1ch vodn\u00ed a v\u011btrn\u00e9 energie p\u0159ibli\u017euje turist\u016fm, jak [&hellip;]\" \/>\n<meta property=\"og:url\" content=\"https:\/\/www.welovecycling.com\/cs\/2019\/09\/13\/tip-na-vylet-hranicko-cyklistum-ukazuje-kousek-mlynske-historie\/\" \/>\n<meta property=\"og:site_name\" content=\"\u0160koda We Love Cycling - \u010cesk\u00e1 republika\" \/>\n<meta property=\"article:published_time\" content=\"2019-09-13T11:39:12+00:00\" \/>\n<meta property=\"og:image\" content=\"https:\/\/d2p6e6u75xmxt8.cloudfront.net\/13\/2019\/09\/Snimek-obrazovky-2019-09-13-v-13.37.12.webp\" \/>\n\t<meta property=\"og:image:width\" content=\"652\" \/>\n\t<meta property=\"og:image:height\" content=\"357\" \/>\n\t<meta property=\"og:image:type\" content=\"image\/webp\" \/>\n<meta name=\"twitter:card\" content=\"summary_large_image\" \/>\n<meta name=\"twitter:label1\" content=\"Written by\" \/>\n\t<meta name=\"twitter:data1\" content=\"We Love Cycling &amp; Den\u00edk\" \/>\n\t<meta name=\"twitter:label2\" content=\"Est. reading time\" \/>\n\t<meta name=\"twitter:data2\" content=\"6\" \/>\n<script type=\"application\/ld+json\" class=\"yoast-schema-graph\">{\"@context\":\"https:\/\/schema.org\",\"@graph\":[{\"@type\":\"WebPage\",\"@id\":\"https:\/\/www.welovecycling.com\/cs\/2019\/09\/13\/tip-na-vylet-hranicko-cyklistum-ukazuje-kousek-mlynske-historie\/\",\"url\":\"https:\/\/www.welovecycling.com\/cs\/2019\/09\/13\/tip-na-vylet-hranicko-cyklistum-ukazuje-kousek-mlynske-historie\/\",\"name\":\"Tip na v\u00fdlet: Hranicko cyklist\u016fm ukazuje kousek ml\u00fdnsk\u00e9 historie | \u0160koda We Love Cycling - \u010cesk\u00e1 republika\",\"isPartOf\":{\"@id\":\"https:\/\/www.welovecycling.com\/cs\/#website\"},\"primaryImageOfPage\":{\"@id\":\"https:\/\/www.welovecycling.com\/cs\/2019\/09\/13\/tip-na-vylet-hranicko-cyklistum-ukazuje-kousek-mlynske-historie\/#primaryimage\"},\"image\":{\"@id\":\"https:\/\/www.welovecycling.com\/cs\/2019\/09\/13\/tip-na-vylet-hranicko-cyklistum-ukazuje-kousek-mlynske-historie\/#primaryimage\"},\"thumbnailUrl\":\"https:\/\/d2p6e6u75xmxt8.cloudfront.net\/13\/2019\/09\/Snimek-obrazovky-2019-09-13-v-13.37.12.webp\",\"datePublished\":\"2019-09-13T11:39:12+00:00\",\"author\":{\"@id\":\"\"},\"inLanguage\":\"cs\",\"potentialAction\":[{\"@type\":\"ReadAction\",\"target\":[\"https:\/\/www.welovecycling.com\/cs\/2019\/09\/13\/tip-na-vylet-hranicko-cyklistum-ukazuje-kousek-mlynske-historie\/\"]}]},{\"@type\":\"ImageObject\",\"inLanguage\":\"cs\",\"@id\":\"https:\/\/www.welovecycling.com\/cs\/2019\/09\/13\/tip-na-vylet-hranicko-cyklistum-ukazuje-kousek-mlynske-historie\/#primaryimage\",\"url\":\"https:\/\/d2p6e6u75xmxt8.cloudfront.net\/13\/2019\/09\/Snimek-obrazovky-2019-09-13-v-13.37.12.webp\",\"contentUrl\":\"https:\/\/d2p6e6u75xmxt8.cloudfront.net\/13\/2019\/09\/Snimek-obrazovky-2019-09-13-v-13.37.12.webp\",\"width\":652,\"height\":357},{\"@type\":\"WebSite\",\"@id\":\"https:\/\/www.welovecycling.com\/cs\/#website\",\"url\":\"https:\/\/www.welovecycling.com\/cs\/\",\"name\":\"\u0160koda We Love Cycling - \u010cesk\u00e1 republika\",\"description\":\"WeLoveCycling.cz je online magaz\u00edn, kter\u00fd v\u00e1m pravideln\u011b p\u0159in\u00e1\u0161\u00ed rady a tipy, zaj\u00edmav\u00e9 \u010dl\u00e1nky, videa a jedine\u010dn\u00e9 report\u00e1\u017ee ze sv\u011bta cyklistiky.\",\"potentialAction\":[{\"@type\":\"SearchAction\",\"target\":{\"@type\":\"EntryPoint\",\"urlTemplate\":\"https:\/\/www.welovecycling.com\/cs\/?s={search_term_string}\"},\"query-input\":{\"@type\":\"PropertyValueSpecification\",\"valueRequired\":true,\"valueName\":\"search_term_string\"}}],\"inLanguage\":\"cs\"},{\"@type\":\"Person\",\"@id\":\"\",\"url\":\"https:\/\/www.welovecycling.com\/cs\/author\/\"}]}<\/script>\n<!-- \/ Yoast SEO Premium plugin. -->","yoast_head_json":{"title":"Tip na v\u00fdlet: Hranicko cyklist\u016fm ukazuje kousek ml\u00fdnsk\u00e9 historie | \u0160koda We Love Cycling - \u010cesk\u00e1 republika","robots":{"index":"index","follow":"follow","max-snippet":"max-snippet:-1","max-image-preview":"max-image-preview:large","max-video-preview":"max-video-preview:-1"},"canonical":"https:\/\/www.welovecycling.com\/cs\/2019\/09\/13\/tip-na-vylet-hranicko-cyklistum-ukazuje-kousek-mlynske-historie\/","og_locale":"cs_CZ","og_type":"article","og_title":"Tip na v\u00fdlet: Hranicko cyklist\u016fm ukazuje kousek ml\u00fdnsk\u00e9 historie","og_description":"Hranicko &#8211; tematicky zam\u011b\u0159en\u00e1 cyklotrasa na Hranicku v okrese P\u0159erov s\u00a0n\u00e1zvem Po stop\u00e1ch vodn\u00ed a v\u011btrn\u00e9 energie p\u0159ibli\u017euje turist\u016fm, jak [&hellip;]","og_url":"https:\/\/www.welovecycling.com\/cs\/2019\/09\/13\/tip-na-vylet-hranicko-cyklistum-ukazuje-kousek-mlynske-historie\/","og_site_name":"\u0160koda We Love Cycling - \u010cesk\u00e1 republika","article_published_time":"2019-09-13T11:39:12+00:00","og_image":[{"width":652,"height":357,"url":"https:\/\/d2p6e6u75xmxt8.cloudfront.net\/13\/2019\/09\/Snimek-obrazovky-2019-09-13-v-13.37.12.webp","type":"image\/webp"}],"twitter_card":"summary_large_image","twitter_misc":{"Written by":"We Love Cycling & Den\u00edk","Est. reading time":"6"},"schema":{"@context":"https:\/\/schema.org","@graph":[{"@type":"WebPage","@id":"https:\/\/www.welovecycling.com\/cs\/2019\/09\/13\/tip-na-vylet-hranicko-cyklistum-ukazuje-kousek-mlynske-historie\/","url":"https:\/\/www.welovecycling.com\/cs\/2019\/09\/13\/tip-na-vylet-hranicko-cyklistum-ukazuje-kousek-mlynske-historie\/","name":"Tip na v\u00fdlet: Hranicko cyklist\u016fm ukazuje kousek ml\u00fdnsk\u00e9 historie | \u0160koda We Love Cycling - \u010cesk\u00e1 republika","isPartOf":{"@id":"https:\/\/www.welovecycling.com\/cs\/#website"},"primaryImageOfPage":{"@id":"https:\/\/www.welovecycling.com\/cs\/2019\/09\/13\/tip-na-vylet-hranicko-cyklistum-ukazuje-kousek-mlynske-historie\/#primaryimage"},"image":{"@id":"https:\/\/www.welovecycling.com\/cs\/2019\/09\/13\/tip-na-vylet-hranicko-cyklistum-ukazuje-kousek-mlynske-historie\/#primaryimage"},"thumbnailUrl":"https:\/\/d2p6e6u75xmxt8.cloudfront.net\/13\/2019\/09\/Snimek-obrazovky-2019-09-13-v-13.37.12.webp","datePublished":"2019-09-13T11:39:12+00:00","author":{"@id":""},"inLanguage":"cs","potentialAction":[{"@type":"ReadAction","target":["https:\/\/www.welovecycling.com\/cs\/2019\/09\/13\/tip-na-vylet-hranicko-cyklistum-ukazuje-kousek-mlynske-historie\/"]}]},{"@type":"ImageObject","inLanguage":"cs","@id":"https:\/\/www.welovecycling.com\/cs\/2019\/09\/13\/tip-na-vylet-hranicko-cyklistum-ukazuje-kousek-mlynske-historie\/#primaryimage","url":"https:\/\/d2p6e6u75xmxt8.cloudfront.net\/13\/2019\/09\/Snimek-obrazovky-2019-09-13-v-13.37.12.webp","contentUrl":"https:\/\/d2p6e6u75xmxt8.cloudfront.net\/13\/2019\/09\/Snimek-obrazovky-2019-09-13-v-13.37.12.webp","width":652,"height":357},{"@type":"WebSite","@id":"https:\/\/www.welovecycling.com\/cs\/#website","url":"https:\/\/www.welovecycling.com\/cs\/","name":"\u0160koda We Love Cycling - \u010cesk\u00e1 republika","description":"WeLoveCycling.cz je online magaz\u00edn, kter\u00fd v\u00e1m pravideln\u011b p\u0159in\u00e1\u0161\u00ed rady a tipy, zaj\u00edmav\u00e9 \u010dl\u00e1nky, videa a jedine\u010dn\u00e9 report\u00e1\u017ee ze sv\u011bta cyklistiky.","potentialAction":[{"@type":"SearchAction","target":{"@type":"EntryPoint","urlTemplate":"https:\/\/www.welovecycling.com\/cs\/?s={search_term_string}"},"query-input":{"@type":"PropertyValueSpecification","valueRequired":true,"valueName":"search_term_string"}}],"inLanguage":"cs"},{"@type":"Person","@id":"","url":"https:\/\/www.welovecycling.com\/cs\/author\/"}]}},"_links":{"self":[{"href":"https:\/\/www.welovecycling.com\/cs\/wp-json\/wp\/v2\/posts\/3981","targetHints":{"allow":["GET"]}}],"collection":[{"href":"https:\/\/www.welovecycling.com\/cs\/wp-json\/wp\/v2\/posts"}],"about":[{"href":"https:\/\/www.welovecycling.com\/cs\/wp-json\/wp\/v2\/types\/post"}],"author":[{"embeddable":true,"href":"https:\/\/www.welovecycling.com\/cs\/wp-json\/wp\/v2\/users\/95"}],"replies":[{"embeddable":true,"href":"https:\/\/www.welovecycling.com\/cs\/wp-json\/wp\/v2\/comments?post=3981"}],"version-history":[{"count":1,"href":"https:\/\/www.welovecycling.com\/cs\/wp-json\/wp\/v2\/posts\/3981\/revisions"}],"predecessor-version":[{"id":3983,"href":"https:\/\/www.welovecycling.com\/cs\/wp-json\/wp\/v2\/posts\/3981\/revisions\/3983"}],"wp:featuredmedia":[{"embeddable":true,"href":"https:\/\/www.welovecycling.com\/cs\/wp-json\/wp\/v2\/media\/3982"}],"wp:attachment":[{"href":"https:\/\/www.welovecycling.com\/cs\/wp-json\/wp\/v2\/media?parent=3981"}],"wp:term":[{"taxonomy":"category","embeddable":true,"href":"https:\/\/www.welovecycling.com\/cs\/wp-json\/wp\/v2\/categories?post=3981"},{"taxonomy":"post_tag","embeddable":true,"href":"https:\/\/www.welovecycling.com\/cs\/wp-json\/wp\/v2\/tags?post=3981"},{"taxonomy":"global-categories","embeddable":true,"href":"https:\/\/www.welovecycling.com\/cs\/wp-json\/wp\/v2\/global-categories?post=3981"}],"curies":[{"name":"wp","href":"https:\/\/api.w.org\/{rel}","templated":true}]}}