{"id":3969,"date":"2019-09-12T08:59:21","date_gmt":"2019-09-12T06:59:21","guid":{"rendered":"https:\/\/www.welovecycling.com\/cs\/?p=3969"},"modified":"2020-11-05T19:02:24","modified_gmt":"2020-11-05T17:02:24","slug":"jedinecne-kousky-nebo-snobska-zalezitost","status":"publish","type":"post","link":"https:\/\/www.welovecycling.com\/cs\/2019\/09\/12\/jedinecne-kousky-nebo-snobska-zalezitost\/","title":{"rendered":"Jedine\u010dn\u00e9 kousky nebo snobsk\u00e1 z\u00e1le\u017eitost?"},"content":{"rendered":"<p><strong>A\u010dkoliv jsou BMX kola stvo\u0159en\u00e1 pro j\u00edzdu po hl\u00edn\u011b a porad\u00ed si i s\u00a0bl\u00e1tem, na\u0161la si svoji cestu do nejnov\u011bj\u0161\u00edch kolekc\u00ed t\u011bch nejzn\u00e1m\u011bj\u0161\u00edch fashion zna\u010dek. V\u00a0tomto \u010dl\u00e1nku najdete BMX i jin\u00e1 kola, kter\u00e1 byla vytvo\u0159ena s\u00a0c\u00edlem v\u00e1s \u0161okovat svou jedine\u010dnost\u00ed. M\u016f\u017ee to b\u00fdt je\u0161t\u011b snob\u0161t\u011bj\u0161\u00ed?<\/strong><\/p>\n<p><!--more--><\/p>\n<h2><strong>BMX kolo v\u00a0z\u00e1voji z pr\u00e9miov\u00e9 k\u016f\u017ee od Fendi<\/strong><\/h2>\n<p>Pokud si nem\u016f\u017eete dovolit nic od t\u00e9to high-end italsk\u00e9 zna\u010dky, kter\u00e1 vyr\u00e1b\u00ed luxusn\u00ed dopl\u0148ky z\u00a0k\u016f\u017ee, s\u00a0jejich kolem to pravd\u011bpodobn\u011b nebude jin\u00e9. Kolo navrhl Nigel Sylvester, americk\u00fd rider \u017eij\u00edc\u00ed na Manhattanu, kter\u00fd ke sl\u00e1v\u011b p\u0159i\u0161el sp\u00ed\u0161e pomoc\u00ed origin\u00e1ln\u00edch vide\u00ed ne\u017e jezdeck\u00fdm umem. Tento mu\u017e se objevil i mezi \u201e30 pod 30\u201c v\u00a0kategorii sportu magaz\u00ednu Forbes a je dnes jedn\u00edm z\u00a0nejuzn\u00e1van\u011bj\u0161\u00edch a nejvlivn\u011bj\u0161\u00edch BMX jezdc\u016f.<\/p>\n<p>Jeho individualizovan\u00fd r\u00e1m byl ozdoben k\u016f\u017e\u00ed s\u00a0legend\u00e1rn\u00edm Zucca potiskem dvojit\u00e9ho \u201eF\u201c, kter\u00e9 pro Fendi vytvo\u0159il Karl Lagerfeld v\u00a0roce 1965. Nigel m\u011bl v\u00a0pl\u00e1nu spojit pr\u00e9miovou m\u00f3du s\u00a0cyklistikou a tato spolupr\u00e1ce s\u00a0Fendi nebyla jeho prvn\u00edm projektem. P\u0159ed dv\u011bma lety p\u0159edstavil podobn\u00e9 kolo, na kter\u00e9m se pod\u00edlel se zna\u010dnou\u00a0Luis Vuitton. Cena nov\u00e9ho ko\u017een\u00e9ho kola od Fendi nen\u00ed zn\u00e1ma, ale jejich kabelky se prod\u00e1vaj\u00ed za cenu v\u00a0rozmez\u00ed 1 000 a\u017e 4 500 \u20ac.<\/p>\n<div class=\"embed-controller-wrapper\">\n<div class=\"embed-wrapper\"><iframe title=\"F IS FOR...FENDI ft. Nigel Sylvester\" data-src=\"https:\/\/player.vimeo.com\/video\/337103758?dnt=1&amp;app_id=122963\" width=\"500\" height=\"281\" frameborder=\"0\" allow=\"autoplay; fullscreen; picture-in-picture; clipboard-write\"><\/iframe><\/div>\n<\/div>\n<h2><strong>BMX kolo s\u00a0parf\u00e9mem<\/strong><\/h2>\n<p>Um\u011bleck\u00fd \u0159editel zna\u010dky <a href=\"https:\/\/www.dior.com\/en_gb\/mens-fashion\/leather-goods\/new-items\">Dior Homme<\/a> Kris Van Assche se spojil s\u00a0Bogarde Bikes a spole\u010dn\u011b vytvo\u0159ili kolo, kter\u00e9 by se perfektn\u011b vyj\u00edmalo nad krbem v\u00a0letn\u00edm s\u00eddle (m\u00edt krb a letn\u00ed s\u00eddlo se bere jako samoz\u0159ejmost). Toto kolo vytvo\u0159en\u00e9 pa\u0159\u00ed\u017esk\u00fdm m\u00f3dn\u00edm guru bylo p\u0159edstaveno na Sole DBX Streetwear festivalu v\u00a0Dubaji za cenu 3 200 $. Byla vytvo\u0159ena pouze limitovan\u00e1 s\u00e9rie 70 kus\u016f tohoto kola. N\u00e1pad na spolupr\u00e1ci byl \u00fasp\u011b\u0161n\u00fd, a tak design\u00e9\u0159i p\u0159edstavili dal\u0161\u00ed model, tentokr\u00e1t se sv\u011b\u017e\u00edm b\u00edl\u00fdm lakem. P\u0159edstaveno bylo na Art Basel v\u00a0Miami.<\/p>\n<figure id=\"attachment_3974\" aria-describedby=\"caption-attachment-3974\" style=\"width: 1024px\" class=\"wp-caption alignnone\"><a href=\"https:\/\/d2p6e6u75xmxt8.cloudfront.net\/2\/2019\/08\/dior-bicycle-profimedia-0434773107.jpg\"><img loading=\"lazy\" decoding=\"async\" class=\"wp-image-3974 size-large\" src=\"https:\/\/d2p6e6u75xmxt8.cloudfront.net\/13\/2019\/09\/dior-bicycle-profimedia-0434773107-1024x683.jpg\" alt=\"\" width=\"1024\" height=\"683\" \/><\/a><figcaption id=\"caption-attachment-3974\" class=\"wp-caption-text\">Jeden ze 70 kus\u016f limitovan\u00e9 cykloedice Dior Homme. \u00a9 Profimedia, Bestimage<\/figcaption><\/figure>\n<h2><strong>Exkluzivn\u00ed bike pro exkluzivn\u00ed butik<\/strong><\/h2>\n<p>Jin\u00e1 spolupr\u00e1ce, tentokr\u00e1t mezi zn\u00e1m\u00fdm butikem \u201eColette\u201c a Bogarde Bikes, vedla k\u00a0vytvo\u0159en\u00ed dal\u0161\u00edho unik\u00e1tn\u00edho kola. Toma Pegaz, francouzsk\u00fd design\u00e9r, jen\u017e kolo navrhoval, p\u0159idal na r\u00e1m dopl\u0148ky s\u00a0modr\u00fdmi punt\u00edky, kter\u00e9 symbolizuj\u00ed logo Colette. Na hlavovou trubku tak\u00e9 um\u00edstil ru\u010dn\u011b grav\u00edrovan\u00e9 logo Colette. Kolo bylo p\u0159edstaveno v\u00a0roce 2017, t\u011bsn\u011b p\u0159edt\u00edm ne\u017e tento sv\u011btozn\u00e1m\u00fd butik nadobro zav\u0159el. Toto jedine\u010dn\u00e9 kolo jde ruku v\u00a0ruce s\u00a0v\u00fdrokem Karla Lagerfelda, kter\u00fd se nechal sly\u0161et, \u017ee: <em>\u201eJe to jedin\u00fd obchod, do kter\u00e9ho chod\u00edm, proto\u017ee maj\u00ed v\u011bci, kter\u00e9 jinde nenajdete.\u201c<\/em><\/p>\n<p>https:\/\/www.instagram.com\/p\/BEOw8kAwUkO\/?utm_source=ig_web_copy_link<\/p>\n<h2><strong>Kolo zahalen\u00e9 pen\u011bzi<\/strong><\/h2>\n<p>Bankovky jsou \u010dast\u00fdm motivem a ani kolo nen\u00ed v\u00fdjimkou, v\u00a0tomto p\u0159\u00edpad\u011b se jedn\u00e1 o SE Bikes 2010 OM Flyer $100 Bill Wrap. Retro r\u00e1m tohoto kola je oblepen\u00fd stodolarov\u00fdmi bankovkami a je dopln\u011bn zlat\u00fdmi a zelen\u00fdmi komponenty. V\u0161echny bankovky na r\u00e1mu jsme nespo\u010d\u00edtali, ale v\u00edme, \u017ee toto kolo stoj\u00ed osm stodolarovek.<\/p>\n<p>https:\/\/www.instagram.com\/p\/B06lL_LngPF\/?utm_source=ig_web_copy_link<\/p>\n<h2><strong>Kdo \u0159\u00edkal, \u017ee by Bugatti m\u011blo b\u00fdt levn\u00e9?<\/strong><\/h2>\n<p>Aerodynamick\u00e9 a v\u00fdrazn\u011b odleh\u010den\u00e9 kolo s\u00a0v\u00e1hou pod 6 kg \u2013 tento karbonov\u00fd stroj je t\u00edm nejleh\u010d\u00edm m\u011bstsk\u00fdm kolem, kter\u00e9 kdy bylo vyrobeno. Kolo je v\u00fdsledkem spolupr\u00e1ce Bugatti s n\u011bmeckou zna\u010dkou luxusn\u00edch kol PG. Bylo jich vyrobeno pouze 667 kus\u016f. Tento model pat\u0159\u00ed mezi high-end produkty, o kter\u00fd m\u016f\u017eete roz\u0161\u00ed\u0159it svoji sb\u00edrku snobsk\u00fdch trofej\u00ed. Prvn\u00ed kus byl toti\u017e prod\u00e1n v\u00a0aukci za 39 000 $.<\/p>\n<p>https:\/\/www.instagram.com\/p\/BSTmWQRFi4_\/?utm_source=ig_web_copy_link<\/p>\n<h2><strong>Nejdra\u017e\u0161\u00ed a nejkontroverzn\u011bj\u0161\u00ed<\/strong><\/h2>\n<p>V\u0161echna p\u0159edchoz\u00ed kola byla vytvo\u0159ena s\u00a0puncem exkluzivity, ale tato silni\u010dka je t\u00edm nejdra\u017e\u0161\u00edm kolem na sv\u011bt\u011b. A taky nejkontroverzn\u011bj\u0161\u00edm. Jedn\u00e1 se o kolo, na kter\u00e9m Lance Armstrong z\u00e1vodil na Tour de France v\u00a0roce 2009. V\u00fdzdoba kola je pr\u00e1ce Damiana Hirsta, jen\u017e r\u00e1m vyzdobil mot\u00fdl\u00edmi k\u0159\u00eddly. Kolo bylo prod\u00e1no v\u00a0auk\u010dn\u00ed s\u00edni Sotheby\u2019s b\u011bhem aukce na podporu v\u00fdzkumu rakoviny za 500 000 $. Ov\u0161em pou\u017eit\u00ed opravdov\u00fdch mot\u00fdl\u00edch k\u0159\u00eddel nenesli dob\u0159e ochr\u00e1nci zv\u00ed\u0159at PETA, kte\u0159\u00ed ozna\u010dili tento \u010din za barbarsk\u00fd.<\/p>\n<figure id=\"attachment_3975\" aria-describedby=\"caption-attachment-3975\" style=\"width: 1024px\" class=\"wp-caption alignnone\"><a href=\"https:\/\/d2p6e6u75xmxt8.cloudfront.net\/2\/2019\/08\/madone-bicycle-profimedia-0039951701.jpg\"><img loading=\"lazy\" decoding=\"async\" class=\"wp-image-3975 size-large\" src=\"https:\/\/d2p6e6u75xmxt8.cloudfront.net\/13\/2019\/09\/madone-bicycle-profimedia-0039951701-1024x681.jpg\" alt=\"\" width=\"1024\" height=\"681\" \/><\/a><figcaption id=\"caption-attachment-3975\" class=\"wp-caption-text\">Kontroverzn\u00ed mot\u00fdl\u00ed kolo. \u00a9 Profimedia, AFP<\/figcaption><\/figure>\n","protected":false},"excerpt":{"rendered":"<p>A\u010dkoliv jsou BMX kola stvo\u0159en\u00e1 pro j\u00edzdu po hl\u00edn\u011b a porad\u00ed si i s\u00a0bl\u00e1tem, na\u0161la si svoji cestu do nejnov\u011bj\u0161\u00edch [&hellip;]<\/p>\n","protected":false},"author":95,"featured_media":3977,"comment_status":"open","ping_status":"open","sticky":false,"template":"","format":"standard","meta":{"footnotes":""},"categories":[15,1230],"tags":[485,486,487,488,489,490,491,297,492,493,143,494,495,496,497],"global-categories":[],"class_list":["post-3969","post","type-post","status-publish","format-standard","has-post-thumbnail","hentry","category-rady-tipy","category-fashion","tag-bmx","tag-bogarde","tag-colette","tag-damien-hirst","tag-dior","tag-fashion","tag-fendi","tag-karl-lagerfeld","tag-kris-van-assche","tag-luis-vuitton","tag-moda","tag-nigel-sylvester","tag-pg","tag-sole-dxb-streetwear-festival","tag-toma-pegaz"],"yoast_head":"<!-- This site is optimized with the Yoast SEO Premium plugin v25.3 (Yoast SEO v25.9) - https:\/\/yoast.com\/wordpress\/plugins\/seo\/ -->\n<title>Jedine\u010dn\u00e9 kousky nebo snobsk\u00e1 z\u00e1le\u017eitost? | \u0160koda We Love Cycling - \u010cesk\u00e1 republika<\/title>\n<meta name=\"robots\" content=\"index, follow, max-snippet:-1, max-image-preview:large, max-video-preview:-1\" \/>\n<link rel=\"canonical\" href=\"https:\/\/www.welovecycling.com\/cs\/2019\/09\/12\/jedinecne-kousky-nebo-snobska-zalezitost\/\" \/>\n<meta property=\"og:locale\" content=\"cs_CZ\" \/>\n<meta property=\"og:type\" content=\"article\" \/>\n<meta property=\"og:title\" content=\"Jedine\u010dn\u00e9 kousky nebo snobsk\u00e1 z\u00e1le\u017eitost?\" \/>\n<meta property=\"og:description\" content=\"A\u010dkoliv jsou BMX kola stvo\u0159en\u00e1 pro j\u00edzdu po hl\u00edn\u011b a porad\u00ed si i s\u00a0bl\u00e1tem, na\u0161la si svoji cestu do nejnov\u011bj\u0161\u00edch [&hellip;]\" \/>\n<meta property=\"og:url\" content=\"https:\/\/www.welovecycling.com\/cs\/2019\/09\/12\/jedinecne-kousky-nebo-snobska-zalezitost\/\" \/>\n<meta property=\"og:site_name\" content=\"\u0160koda We Love Cycling - \u010cesk\u00e1 republika\" \/>\n<meta property=\"article:published_time\" content=\"2019-09-12T06:59:21+00:00\" \/>\n<meta property=\"article:modified_time\" content=\"2020-11-05T17:02:24+00:00\" \/>\n<meta property=\"og:image\" content=\"https:\/\/d2p6e6u75xmxt8.cloudfront.net\/13\/2019\/09\/livestrong-bicycle-profimedia-0039951676-CVR.webp\" \/>\n\t<meta property=\"og:image:width\" content=\"1366\" \/>\n\t<meta property=\"og:image:height\" content=\"600\" \/>\n\t<meta property=\"og:image:type\" content=\"image\/webp\" \/>\n<meta name=\"twitter:card\" content=\"summary_large_image\" \/>\n<meta name=\"twitter:label1\" content=\"Written by\" \/>\n\t<meta name=\"twitter:data1\" content=\"Adam Marsal\" \/>\n\t<meta name=\"twitter:label2\" content=\"Est. reading time\" \/>\n\t<meta name=\"twitter:data2\" content=\"5\" \/>\n<script type=\"application\/ld+json\" class=\"yoast-schema-graph\">{\"@context\":\"https:\/\/schema.org\",\"@graph\":[{\"@type\":\"WebPage\",\"@id\":\"https:\/\/www.welovecycling.com\/cs\/2019\/09\/12\/jedinecne-kousky-nebo-snobska-zalezitost\/\",\"url\":\"https:\/\/www.welovecycling.com\/cs\/2019\/09\/12\/jedinecne-kousky-nebo-snobska-zalezitost\/\",\"name\":\"Jedine\u010dn\u00e9 kousky nebo snobsk\u00e1 z\u00e1le\u017eitost? | \u0160koda We Love Cycling - \u010cesk\u00e1 republika\",\"isPartOf\":{\"@id\":\"https:\/\/www.welovecycling.com\/cs\/#website\"},\"primaryImageOfPage\":{\"@id\":\"https:\/\/www.welovecycling.com\/cs\/2019\/09\/12\/jedinecne-kousky-nebo-snobska-zalezitost\/#primaryimage\"},\"image\":{\"@id\":\"https:\/\/www.welovecycling.com\/cs\/2019\/09\/12\/jedinecne-kousky-nebo-snobska-zalezitost\/#primaryimage\"},\"thumbnailUrl\":\"https:\/\/d2p6e6u75xmxt8.cloudfront.net\/13\/2019\/09\/livestrong-bicycle-profimedia-0039951676-CVR.webp\",\"datePublished\":\"2019-09-12T06:59:21+00:00\",\"dateModified\":\"2020-11-05T17:02:24+00:00\",\"author\":{\"@id\":\"\"},\"inLanguage\":\"cs\",\"potentialAction\":[{\"@type\":\"ReadAction\",\"target\":[\"https:\/\/www.welovecycling.com\/cs\/2019\/09\/12\/jedinecne-kousky-nebo-snobska-zalezitost\/\"]}]},{\"@type\":\"ImageObject\",\"inLanguage\":\"cs\",\"@id\":\"https:\/\/www.welovecycling.com\/cs\/2019\/09\/12\/jedinecne-kousky-nebo-snobska-zalezitost\/#primaryimage\",\"url\":\"https:\/\/d2p6e6u75xmxt8.cloudfront.net\/13\/2019\/09\/livestrong-bicycle-profimedia-0039951676-CVR.webp\",\"contentUrl\":\"https:\/\/d2p6e6u75xmxt8.cloudfront.net\/13\/2019\/09\/livestrong-bicycle-profimedia-0039951676-CVR.webp\",\"width\":1366,\"height\":600},{\"@type\":\"WebSite\",\"@id\":\"https:\/\/www.welovecycling.com\/cs\/#website\",\"url\":\"https:\/\/www.welovecycling.com\/cs\/\",\"name\":\"\u0160koda We Love Cycling - \u010cesk\u00e1 republika\",\"description\":\"WeLoveCycling.cz je online magaz\u00edn, kter\u00fd v\u00e1m pravideln\u011b p\u0159in\u00e1\u0161\u00ed rady a tipy, zaj\u00edmav\u00e9 \u010dl\u00e1nky, videa a jedine\u010dn\u00e9 report\u00e1\u017ee ze sv\u011bta cyklistiky.\",\"potentialAction\":[{\"@type\":\"SearchAction\",\"target\":{\"@type\":\"EntryPoint\",\"urlTemplate\":\"https:\/\/www.welovecycling.com\/cs\/?s={search_term_string}\"},\"query-input\":{\"@type\":\"PropertyValueSpecification\",\"valueRequired\":true,\"valueName\":\"search_term_string\"}}],\"inLanguage\":\"cs\"},{\"@type\":\"Person\",\"@id\":\"\",\"url\":\"https:\/\/www.welovecycling.com\/cs\/author\/\"}]}<\/script>\n<!-- \/ Yoast SEO Premium plugin. -->","yoast_head_json":{"title":"Jedine\u010dn\u00e9 kousky nebo snobsk\u00e1 z\u00e1le\u017eitost? | \u0160koda We Love Cycling - \u010cesk\u00e1 republika","robots":{"index":"index","follow":"follow","max-snippet":"max-snippet:-1","max-image-preview":"max-image-preview:large","max-video-preview":"max-video-preview:-1"},"canonical":"https:\/\/www.welovecycling.com\/cs\/2019\/09\/12\/jedinecne-kousky-nebo-snobska-zalezitost\/","og_locale":"cs_CZ","og_type":"article","og_title":"Jedine\u010dn\u00e9 kousky nebo snobsk\u00e1 z\u00e1le\u017eitost?","og_description":"A\u010dkoliv jsou BMX kola stvo\u0159en\u00e1 pro j\u00edzdu po hl\u00edn\u011b a porad\u00ed si i s\u00a0bl\u00e1tem, na\u0161la si svoji cestu do nejnov\u011bj\u0161\u00edch [&hellip;]","og_url":"https:\/\/www.welovecycling.com\/cs\/2019\/09\/12\/jedinecne-kousky-nebo-snobska-zalezitost\/","og_site_name":"\u0160koda We Love Cycling - \u010cesk\u00e1 republika","article_published_time":"2019-09-12T06:59:21+00:00","article_modified_time":"2020-11-05T17:02:24+00:00","og_image":[{"width":1366,"height":600,"url":"https:\/\/d2p6e6u75xmxt8.cloudfront.net\/13\/2019\/09\/livestrong-bicycle-profimedia-0039951676-CVR.webp","type":"image\/webp"}],"twitter_card":"summary_large_image","twitter_misc":{"Written by":"Adam Marsal","Est. reading time":"5"},"schema":{"@context":"https:\/\/schema.org","@graph":[{"@type":"WebPage","@id":"https:\/\/www.welovecycling.com\/cs\/2019\/09\/12\/jedinecne-kousky-nebo-snobska-zalezitost\/","url":"https:\/\/www.welovecycling.com\/cs\/2019\/09\/12\/jedinecne-kousky-nebo-snobska-zalezitost\/","name":"Jedine\u010dn\u00e9 kousky nebo snobsk\u00e1 z\u00e1le\u017eitost? | \u0160koda We Love Cycling - \u010cesk\u00e1 republika","isPartOf":{"@id":"https:\/\/www.welovecycling.com\/cs\/#website"},"primaryImageOfPage":{"@id":"https:\/\/www.welovecycling.com\/cs\/2019\/09\/12\/jedinecne-kousky-nebo-snobska-zalezitost\/#primaryimage"},"image":{"@id":"https:\/\/www.welovecycling.com\/cs\/2019\/09\/12\/jedinecne-kousky-nebo-snobska-zalezitost\/#primaryimage"},"thumbnailUrl":"https:\/\/d2p6e6u75xmxt8.cloudfront.net\/13\/2019\/09\/livestrong-bicycle-profimedia-0039951676-CVR.webp","datePublished":"2019-09-12T06:59:21+00:00","dateModified":"2020-11-05T17:02:24+00:00","author":{"@id":""},"inLanguage":"cs","potentialAction":[{"@type":"ReadAction","target":["https:\/\/www.welovecycling.com\/cs\/2019\/09\/12\/jedinecne-kousky-nebo-snobska-zalezitost\/"]}]},{"@type":"ImageObject","inLanguage":"cs","@id":"https:\/\/www.welovecycling.com\/cs\/2019\/09\/12\/jedinecne-kousky-nebo-snobska-zalezitost\/#primaryimage","url":"https:\/\/d2p6e6u75xmxt8.cloudfront.net\/13\/2019\/09\/livestrong-bicycle-profimedia-0039951676-CVR.webp","contentUrl":"https:\/\/d2p6e6u75xmxt8.cloudfront.net\/13\/2019\/09\/livestrong-bicycle-profimedia-0039951676-CVR.webp","width":1366,"height":600},{"@type":"WebSite","@id":"https:\/\/www.welovecycling.com\/cs\/#website","url":"https:\/\/www.welovecycling.com\/cs\/","name":"\u0160koda We Love Cycling - \u010cesk\u00e1 republika","description":"WeLoveCycling.cz je online magaz\u00edn, kter\u00fd v\u00e1m pravideln\u011b p\u0159in\u00e1\u0161\u00ed rady a tipy, zaj\u00edmav\u00e9 \u010dl\u00e1nky, videa a jedine\u010dn\u00e9 report\u00e1\u017ee ze sv\u011bta cyklistiky.","potentialAction":[{"@type":"SearchAction","target":{"@type":"EntryPoint","urlTemplate":"https:\/\/www.welovecycling.com\/cs\/?s={search_term_string}"},"query-input":{"@type":"PropertyValueSpecification","valueRequired":true,"valueName":"search_term_string"}}],"inLanguage":"cs"},{"@type":"Person","@id":"","url":"https:\/\/www.welovecycling.com\/cs\/author\/"}]}},"_links":{"self":[{"href":"https:\/\/www.welovecycling.com\/cs\/wp-json\/wp\/v2\/posts\/3969","targetHints":{"allow":["GET"]}}],"collection":[{"href":"https:\/\/www.welovecycling.com\/cs\/wp-json\/wp\/v2\/posts"}],"about":[{"href":"https:\/\/www.welovecycling.com\/cs\/wp-json\/wp\/v2\/types\/post"}],"author":[{"embeddable":true,"href":"https:\/\/www.welovecycling.com\/cs\/wp-json\/wp\/v2\/users\/95"}],"replies":[{"embeddable":true,"href":"https:\/\/www.welovecycling.com\/cs\/wp-json\/wp\/v2\/comments?post=3969"}],"version-history":[{"count":2,"href":"https:\/\/www.welovecycling.com\/cs\/wp-json\/wp\/v2\/posts\/3969\/revisions"}],"predecessor-version":[{"id":3979,"href":"https:\/\/www.welovecycling.com\/cs\/wp-json\/wp\/v2\/posts\/3969\/revisions\/3979"}],"wp:featuredmedia":[{"embeddable":true,"href":"https:\/\/www.welovecycling.com\/cs\/wp-json\/wp\/v2\/media\/3977"}],"wp:attachment":[{"href":"https:\/\/www.welovecycling.com\/cs\/wp-json\/wp\/v2\/media?parent=3969"}],"wp:term":[{"taxonomy":"category","embeddable":true,"href":"https:\/\/www.welovecycling.com\/cs\/wp-json\/wp\/v2\/categories?post=3969"},{"taxonomy":"post_tag","embeddable":true,"href":"https:\/\/www.welovecycling.com\/cs\/wp-json\/wp\/v2\/tags?post=3969"},{"taxonomy":"global-categories","embeddable":true,"href":"https:\/\/www.welovecycling.com\/cs\/wp-json\/wp\/v2\/global-categories?post=3969"}],"curies":[{"name":"wp","href":"https:\/\/api.w.org\/{rel}","templated":true}]}}