{"id":3948,"date":"2019-09-11T10:41:32","date_gmt":"2019-09-11T08:41:32","guid":{"rendered":"https:\/\/www.welovecycling.com\/cs\/?p=3948"},"modified":"2019-09-11T10:41:32","modified_gmt":"2019-09-11T08:41:32","slug":"15-napadu-pro-vas-bike-friendly-domov-welovecycling-cr","status":"publish","type":"post","link":"https:\/\/www.welovecycling.com\/cs\/2019\/09\/11\/15-napadu-pro-vas-bike-friendly-domov-welovecycling-cr\/","title":{"rendered":"15 n\u00e1pad\u016f pro v\u00e1\u0161 Bike friendly domov"},"content":{"rendered":"<p><strong>Na n\u00e1sleduj\u00edc\u00edch fotk\u00e1ch se m\u016f\u017eete inspirovat, jak si doma za\u0159\u00eddit prostor pro v\u0161echny va\u0161e mil\u00e1\u010dky. P\u0159ece je nenech\u00e1te n\u011bkde venku na de\u0161ti, \u017ee ne?<\/strong><\/p>\n<p><!--more--><\/p>\n<p><a href=\"https:\/\/d2p6e6u75xmxt8.cloudfront.net\/13\/2019\/09\/484848555.png\"><img loading=\"lazy\" decoding=\"async\" class=\"alignnone size-full wp-image-3949\" src=\"https:\/\/d2p6e6u75xmxt8.cloudfront.net\/13\/2019\/09\/484848555.png\" alt=\"\" width=\"445\" height=\"425\" \/><\/a>Jedna z\u00a0t\u011bch nejlep\u0161\u00edch gar\u00e1\u017e\u00ed speci\u00e1ln\u011b pro kola!<\/p>\n<p><a href=\"https:\/\/d2p6e6u75xmxt8.cloudfront.net\/13\/2019\/09\/489787.png\"><img loading=\"lazy\" decoding=\"async\" class=\"alignnone size-full wp-image-3950\" src=\"https:\/\/d2p6e6u75xmxt8.cloudfront.net\/13\/2019\/09\/489787.png\" alt=\"Bike rack at its best.\" width=\"533\" height=\"380\" \/><\/a>V\u011b\u0161\u00e1k na kola. P\u0159ijdete, odlo\u017e\u00edte i s\u00a0kab\u00e1tem, a je hotovo.<\/p>\n<p><a href=\"https:\/\/d2p6e6u75xmxt8.cloudfront.net\/2\/2016\/03\/8487487.png\"><img loading=\"lazy\" decoding=\"async\" class=\"alignnone size-medium wp-image-3951\" src=\"https:\/\/d2p6e6u75xmxt8.cloudfront.net\/13\/2019\/09\/8487487-300x214.png\" alt=\"A shed? No\u2026 It\u2019s a living room for those beauties.\" width=\"600\" height=\"429\" \/><\/a>V\u00a0p\u0159\u00edst\u0159e\u0161ku? Ne, ne, my bydl\u00edme v\u00a0ob\u00fdv\u00e1ku!<\/p>\n<p><a href=\"https:\/\/d2p6e6u75xmxt8.cloudfront.net\/2\/2016\/03\/45484.png\"><img loading=\"lazy\" decoding=\"async\" class=\"alignnone size-medium wp-image-3952\" src=\"https:\/\/d2p6e6u75xmxt8.cloudfront.net\/13\/2019\/09\/45484-300x202.png\" alt=\"Sorry, you\u2019ll have to take the top bunk.\" width=\"600\" height=\"403\" \/><\/a>Dneska sp\u00ed\u0161 naho\u0159e. Vlastn\u011b\u2026 \u2026 nejen dneska. Promi\u0148.<\/p>\n<p><a href=\"https:\/\/d2p6e6u75xmxt8.cloudfront.net\/13\/2019\/09\/87487.png\"><img loading=\"lazy\" decoding=\"async\" class=\"alignnone size-full wp-image-3953\" src=\"https:\/\/d2p6e6u75xmxt8.cloudfront.net\/13\/2019\/09\/87487.png\" alt=\" Now that\u2019s a place to store your bike!\" width=\"380\" height=\"492\" \/><\/a>Jako holubi na bid\u00fdlku.<\/p>\n<p><a href=\"https:\/\/d2p6e6u75xmxt8.cloudfront.net\/13\/2019\/09\/48484854.png\"><br \/>\n<img loading=\"lazy\" decoding=\"async\" class=\"alignnone size-full wp-image-3954\" src=\"https:\/\/d2p6e6u75xmxt8.cloudfront.net\/13\/2019\/09\/48484854.png\" alt=\" You\u2019re not going to watch TV with that bat looking at you, are you?\" width=\"380\" height=\"493\" \/><\/a>Je to netop\u00fdr, nebo Spiderman? Pokud na n\u011bm jsou pavu\u010diny, je n\u011bco \u0161patn\u011b.<\/p>\n<p><a href=\"https:\/\/d2p6e6u75xmxt8.cloudfront.net\/13\/2019\/09\/54545454.png\"><img loading=\"lazy\" decoding=\"async\" class=\"alignnone size-full wp-image-3955\" src=\"https:\/\/d2p6e6u75xmxt8.cloudfront.net\/13\/2019\/09\/54545454.png\" alt=\"Bike friendly kitchen\" width=\"565\" height=\"486\" \/><\/a>I kuchy\u0148sk\u00e9 pot\u0159eby mohou m\u00edt ke kolu bl\u00edzko.<\/p>\n<p><a href=\"https:\/\/d2p6e6u75xmxt8.cloudfront.net\/13\/2019\/09\/748784854.png\"><img loading=\"lazy\" decoding=\"async\" class=\"alignnone size-full wp-image-3956\" src=\"https:\/\/d2p6e6u75xmxt8.cloudfront.net\/13\/2019\/09\/748784854.png\" alt=\"Simply clever.\" width=\"471\" height=\"493\" \/><\/a>Jednodu\u0161e geni\u00e1ln\u00ed<span style=\"font-weight: 400;\">.<\/span><\/p>\n<p><a href=\"https:\/\/d2p6e6u75xmxt8.cloudfront.net\/13\/2019\/09\/4545454441.png\"><br \/>\n<img loading=\"lazy\" decoding=\"async\" class=\"alignnone size-full wp-image-3957\" src=\"https:\/\/d2p6e6u75xmxt8.cloudfront.net\/13\/2019\/09\/4545454441.png\" alt=\"Does this qualify as a bike room?\" width=\"374\" height=\"490\" \/><\/a>Skoro jako v\u00a0cyklistick\u00e9 d\u00edln\u011b.<\/p>\n<p><a href=\"https:\/\/d2p6e6u75xmxt8.cloudfront.net\/13\/2019\/09\/7878455.png\"><img loading=\"lazy\" decoding=\"async\" class=\"alignnone size-full wp-image-3958\" src=\"https:\/\/d2p6e6u75xmxt8.cloudfront.net\/13\/2019\/09\/7878455.png\" alt=\"\" width=\"357\" height=\"489\" \/><\/a>Zapome\u0148 na p\u0159\u00edrodu! Ten nejlep\u0161\u00ed v\u00fdhled je t\u00edmhle sm\u011brem.<\/p>\n<p><a href=\"https:\/\/d2p6e6u75xmxt8.cloudfront.net\/13\/2019\/09\/878544541.png\"><img loading=\"lazy\" decoding=\"async\" class=\"alignnone size-full wp-image-3959\" src=\"https:\/\/d2p6e6u75xmxt8.cloudfront.net\/13\/2019\/09\/878544541.png\" alt=\"We\u2019ve got to get a rocking chair for our bikes\u2026\" width=\"323\" height=\"490\" \/><\/a>Houpac\u00ed k\u0159eslo pro kolo? To mus\u00edm m\u00edt&#8230;<\/p>\n<p><a href=\"https:\/\/d2p6e6u75xmxt8.cloudfront.net\/2\/2016\/03\/151545.png\"><img loading=\"lazy\" decoding=\"async\" class=\"alignnone size-medium wp-image-3960\" src=\"https:\/\/d2p6e6u75xmxt8.cloudfront.net\/13\/2019\/09\/151545-300x210.png\" alt=\"Someone is serious about his addiction.\" width=\"600\" height=\"420\" \/><\/a>Z\u00e1vislost? Ano, a po\u0159\u00e1dn\u00e1.<\/p>\n<p><a href=\"https:\/\/d2p6e6u75xmxt8.cloudfront.net\/13\/2019\/09\/484841451.png\"><img loading=\"lazy\" decoding=\"async\" class=\"alignnone size-full wp-image-3961\" src=\"https:\/\/d2p6e6u75xmxt8.cloudfront.net\/13\/2019\/09\/484841451.png\" alt=\"Don\u2019t get rid of your old bike. You can use it to make your home look very cool.\" width=\"311\" height=\"469\" \/><\/a>Star\u00e9ho kola se nezbavujte, v\u017edy s\u00a0n\u00edm m\u016f\u017eete v\u00e1\u0161 domov vylep\u0161it.<\/p>\n<p><a href=\"https:\/\/d2p6e6u75xmxt8.cloudfront.net\/13\/2019\/09\/7848484.png\"><img loading=\"lazy\" decoding=\"async\" class=\"alignnone size-full wp-image-3962\" src=\"https:\/\/d2p6e6u75xmxt8.cloudfront.net\/13\/2019\/09\/7848484.png\" alt=\"No strip shows in this house!\" width=\"480\" height=\"495\" \/><\/a>Stript\u00fdz nebude. Je tu n\u011bco lep\u0161\u00edho.<\/p>\n<p><a href=\"https:\/\/d2p6e6u75xmxt8.cloudfront.net\/13\/2019\/09\/4848485.png\"><img loading=\"lazy\" decoding=\"async\" class=\"alignnone size-full wp-image-3963\" src=\"https:\/\/d2p6e6u75xmxt8.cloudfront.net\/13\/2019\/09\/4848485.png\" alt=\"Used to be an aquarium?\" width=\"481\" height=\"315\" \/><\/a>Jako v\u00a0akv\u00e1riu. <em>Cyclinus carpio<\/em>.<\/p>\n","protected":false},"excerpt":{"rendered":"<p>Na n\u00e1sleduj\u00edc\u00edch fotk\u00e1ch se m\u016f\u017eete inspirovat, jak si doma za\u0159\u00eddit prostor pro v\u0161echny va\u0161e mil\u00e1\u010dky. P\u0159ece je nenech\u00e1te n\u011bkde venku [&hellip;]<\/p>\n","protected":false},"author":95,"featured_media":3965,"comment_status":"open","ping_status":"open","sticky":false,"template":"","format":"standard","meta":{"footnotes":""},"categories":[15],"tags":[483,484],"global-categories":[],"class_list":["post-3948","post","type-post","status-publish","format-standard","has-post-thumbnail","hentry","category-rady-tipy","tag-bike-friendly","tag-bike-friendly-domov"],"yoast_head":"<!-- This site is optimized with the Yoast SEO Premium plugin v25.3 (Yoast SEO v25.9) - https:\/\/yoast.com\/wordpress\/plugins\/seo\/ -->\n<title>15 n\u00e1pad\u016f pro v\u00e1\u0161 Bike friendly domov | \u0160koda We Love Cycling - \u010cesk\u00e1 republika<\/title>\n<meta name=\"description\" content=\"Na n\u00e1sleduj\u00edc\u00edch fotk\u00e1ch se m\u016f\u017eete inspirovat, jak si doma za\u0159\u00eddit prostor pro v\u0161echny va\u0161e mil\u00e1\u010dky. P\u0159ece je nenech\u00e1te n\u011bkde venku na de\u0161ti, \u017ee ne?\" \/>\n<meta name=\"robots\" content=\"index, follow, max-snippet:-1, max-image-preview:large, max-video-preview:-1\" \/>\n<link rel=\"canonical\" href=\"https:\/\/www.welovecycling.com\/cs\/2019\/09\/11\/15-napadu-pro-vas-bike-friendly-domov-welovecycling-cr\/\" \/>\n<meta property=\"og:locale\" content=\"cs_CZ\" \/>\n<meta property=\"og:type\" content=\"article\" \/>\n<meta property=\"og:title\" content=\"15 n\u00e1pad\u016f pro v\u00e1\u0161 Bike friendly domov\" \/>\n<meta property=\"og:description\" content=\"Na n\u00e1sleduj\u00edc\u00edch fotk\u00e1ch se m\u016f\u017eete inspirovat, jak si doma za\u0159\u00eddit prostor pro v\u0161echny va\u0161e mil\u00e1\u010dky. P\u0159ece je nenech\u00e1te n\u011bkde venku na de\u0161ti, \u017ee ne?\" \/>\n<meta property=\"og:url\" content=\"https:\/\/www.welovecycling.com\/cs\/2019\/09\/11\/15-napadu-pro-vas-bike-friendly-domov-welovecycling-cr\/\" \/>\n<meta property=\"og:site_name\" content=\"\u0160koda We Love Cycling - \u010cesk\u00e1 republika\" \/>\n<meta property=\"article:published_time\" content=\"2019-09-11T08:41:32+00:00\" \/>\n<meta property=\"og:image\" content=\"https:\/\/d2p6e6u75xmxt8.cloudfront.net\/13\/2019\/09\/Isterarasdfmage1.webp\" \/>\n\t<meta property=\"og:image:width\" content=\"950\" \/>\n\t<meta property=\"og:image:height\" content=\"350\" \/>\n\t<meta property=\"og:image:type\" content=\"image\/webp\" \/>\n<meta name=\"twitter:card\" content=\"summary_large_image\" \/>\n<meta name=\"twitter:label1\" content=\"Written by\" \/>\n\t<meta name=\"twitter:data1\" content=\"Monica Buck\" \/>\n\t<meta name=\"twitter:label2\" content=\"Est. reading time\" \/>\n\t<meta name=\"twitter:data2\" content=\"4\" \/>\n<script type=\"application\/ld+json\" class=\"yoast-schema-graph\">{\"@context\":\"https:\/\/schema.org\",\"@graph\":[{\"@type\":\"WebPage\",\"@id\":\"https:\/\/www.welovecycling.com\/cs\/2019\/09\/11\/15-napadu-pro-vas-bike-friendly-domov-welovecycling-cr\/\",\"url\":\"https:\/\/www.welovecycling.com\/cs\/2019\/09\/11\/15-napadu-pro-vas-bike-friendly-domov-welovecycling-cr\/\",\"name\":\"15 n\u00e1pad\u016f pro v\u00e1\u0161 Bike friendly domov | \u0160koda We Love Cycling - \u010cesk\u00e1 republika\",\"isPartOf\":{\"@id\":\"https:\/\/www.welovecycling.com\/cs\/#website\"},\"primaryImageOfPage\":{\"@id\":\"https:\/\/www.welovecycling.com\/cs\/2019\/09\/11\/15-napadu-pro-vas-bike-friendly-domov-welovecycling-cr\/#primaryimage\"},\"image\":{\"@id\":\"https:\/\/www.welovecycling.com\/cs\/2019\/09\/11\/15-napadu-pro-vas-bike-friendly-domov-welovecycling-cr\/#primaryimage\"},\"thumbnailUrl\":\"https:\/\/d2p6e6u75xmxt8.cloudfront.net\/13\/2019\/09\/Isterarasdfmage1.webp\",\"datePublished\":\"2019-09-11T08:41:32+00:00\",\"author\":{\"@id\":\"\"},\"description\":\"Na n\u00e1sleduj\u00edc\u00edch fotk\u00e1ch se m\u016f\u017eete inspirovat, jak si doma za\u0159\u00eddit prostor pro v\u0161echny va\u0161e mil\u00e1\u010dky. P\u0159ece je nenech\u00e1te n\u011bkde venku na de\u0161ti, \u017ee ne?\",\"inLanguage\":\"cs\",\"potentialAction\":[{\"@type\":\"ReadAction\",\"target\":[\"https:\/\/www.welovecycling.com\/cs\/2019\/09\/11\/15-napadu-pro-vas-bike-friendly-domov-welovecycling-cr\/\"]}]},{\"@type\":\"ImageObject\",\"inLanguage\":\"cs\",\"@id\":\"https:\/\/www.welovecycling.com\/cs\/2019\/09\/11\/15-napadu-pro-vas-bike-friendly-domov-welovecycling-cr\/#primaryimage\",\"url\":\"https:\/\/d2p6e6u75xmxt8.cloudfront.net\/13\/2019\/09\/Isterarasdfmage1.webp\",\"contentUrl\":\"https:\/\/d2p6e6u75xmxt8.cloudfront.net\/13\/2019\/09\/Isterarasdfmage1.webp\",\"width\":950,\"height\":350},{\"@type\":\"WebSite\",\"@id\":\"https:\/\/www.welovecycling.com\/cs\/#website\",\"url\":\"https:\/\/www.welovecycling.com\/cs\/\",\"name\":\"\u0160koda We Love Cycling - \u010cesk\u00e1 republika\",\"description\":\"WeLoveCycling.cz je online magaz\u00edn, kter\u00fd v\u00e1m pravideln\u011b p\u0159in\u00e1\u0161\u00ed rady a tipy, zaj\u00edmav\u00e9 \u010dl\u00e1nky, videa a jedine\u010dn\u00e9 report\u00e1\u017ee ze sv\u011bta cyklistiky.\",\"potentialAction\":[{\"@type\":\"SearchAction\",\"target\":{\"@type\":\"EntryPoint\",\"urlTemplate\":\"https:\/\/www.welovecycling.com\/cs\/?s={search_term_string}\"},\"query-input\":{\"@type\":\"PropertyValueSpecification\",\"valueRequired\":true,\"valueName\":\"search_term_string\"}}],\"inLanguage\":\"cs\"},{\"@type\":\"Person\",\"@id\":\"\",\"url\":\"https:\/\/www.welovecycling.com\/cs\/author\/\"}]}<\/script>\n<!-- \/ Yoast SEO Premium plugin. -->","yoast_head_json":{"title":"15 n\u00e1pad\u016f pro v\u00e1\u0161 Bike friendly domov | \u0160koda We Love Cycling - \u010cesk\u00e1 republika","description":"Na n\u00e1sleduj\u00edc\u00edch fotk\u00e1ch se m\u016f\u017eete inspirovat, jak si doma za\u0159\u00eddit prostor pro v\u0161echny va\u0161e mil\u00e1\u010dky. P\u0159ece je nenech\u00e1te n\u011bkde venku na de\u0161ti, \u017ee ne?","robots":{"index":"index","follow":"follow","max-snippet":"max-snippet:-1","max-image-preview":"max-image-preview:large","max-video-preview":"max-video-preview:-1"},"canonical":"https:\/\/www.welovecycling.com\/cs\/2019\/09\/11\/15-napadu-pro-vas-bike-friendly-domov-welovecycling-cr\/","og_locale":"cs_CZ","og_type":"article","og_title":"15 n\u00e1pad\u016f pro v\u00e1\u0161 Bike friendly domov","og_description":"Na n\u00e1sleduj\u00edc\u00edch fotk\u00e1ch se m\u016f\u017eete inspirovat, jak si doma za\u0159\u00eddit prostor pro v\u0161echny va\u0161e mil\u00e1\u010dky. P\u0159ece je nenech\u00e1te n\u011bkde venku na de\u0161ti, \u017ee ne?","og_url":"https:\/\/www.welovecycling.com\/cs\/2019\/09\/11\/15-napadu-pro-vas-bike-friendly-domov-welovecycling-cr\/","og_site_name":"\u0160koda We Love Cycling - \u010cesk\u00e1 republika","article_published_time":"2019-09-11T08:41:32+00:00","og_image":[{"width":950,"height":350,"url":"https:\/\/d2p6e6u75xmxt8.cloudfront.net\/13\/2019\/09\/Isterarasdfmage1.webp","type":"image\/webp"}],"twitter_card":"summary_large_image","twitter_misc":{"Written by":"Monica Buck","Est. reading time":"4"},"schema":{"@context":"https:\/\/schema.org","@graph":[{"@type":"WebPage","@id":"https:\/\/www.welovecycling.com\/cs\/2019\/09\/11\/15-napadu-pro-vas-bike-friendly-domov-welovecycling-cr\/","url":"https:\/\/www.welovecycling.com\/cs\/2019\/09\/11\/15-napadu-pro-vas-bike-friendly-domov-welovecycling-cr\/","name":"15 n\u00e1pad\u016f pro v\u00e1\u0161 Bike friendly domov | \u0160koda We Love Cycling - \u010cesk\u00e1 republika","isPartOf":{"@id":"https:\/\/www.welovecycling.com\/cs\/#website"},"primaryImageOfPage":{"@id":"https:\/\/www.welovecycling.com\/cs\/2019\/09\/11\/15-napadu-pro-vas-bike-friendly-domov-welovecycling-cr\/#primaryimage"},"image":{"@id":"https:\/\/www.welovecycling.com\/cs\/2019\/09\/11\/15-napadu-pro-vas-bike-friendly-domov-welovecycling-cr\/#primaryimage"},"thumbnailUrl":"https:\/\/d2p6e6u75xmxt8.cloudfront.net\/13\/2019\/09\/Isterarasdfmage1.webp","datePublished":"2019-09-11T08:41:32+00:00","author":{"@id":""},"description":"Na n\u00e1sleduj\u00edc\u00edch fotk\u00e1ch se m\u016f\u017eete inspirovat, jak si doma za\u0159\u00eddit prostor pro v\u0161echny va\u0161e mil\u00e1\u010dky. P\u0159ece je nenech\u00e1te n\u011bkde venku na de\u0161ti, \u017ee ne?","inLanguage":"cs","potentialAction":[{"@type":"ReadAction","target":["https:\/\/www.welovecycling.com\/cs\/2019\/09\/11\/15-napadu-pro-vas-bike-friendly-domov-welovecycling-cr\/"]}]},{"@type":"ImageObject","inLanguage":"cs","@id":"https:\/\/www.welovecycling.com\/cs\/2019\/09\/11\/15-napadu-pro-vas-bike-friendly-domov-welovecycling-cr\/#primaryimage","url":"https:\/\/d2p6e6u75xmxt8.cloudfront.net\/13\/2019\/09\/Isterarasdfmage1.webp","contentUrl":"https:\/\/d2p6e6u75xmxt8.cloudfront.net\/13\/2019\/09\/Isterarasdfmage1.webp","width":950,"height":350},{"@type":"WebSite","@id":"https:\/\/www.welovecycling.com\/cs\/#website","url":"https:\/\/www.welovecycling.com\/cs\/","name":"\u0160koda We Love Cycling - \u010cesk\u00e1 republika","description":"WeLoveCycling.cz je online magaz\u00edn, kter\u00fd v\u00e1m pravideln\u011b p\u0159in\u00e1\u0161\u00ed rady a tipy, zaj\u00edmav\u00e9 \u010dl\u00e1nky, videa a jedine\u010dn\u00e9 report\u00e1\u017ee ze sv\u011bta cyklistiky.","potentialAction":[{"@type":"SearchAction","target":{"@type":"EntryPoint","urlTemplate":"https:\/\/www.welovecycling.com\/cs\/?s={search_term_string}"},"query-input":{"@type":"PropertyValueSpecification","valueRequired":true,"valueName":"search_term_string"}}],"inLanguage":"cs"},{"@type":"Person","@id":"","url":"https:\/\/www.welovecycling.com\/cs\/author\/"}]}},"_links":{"self":[{"href":"https:\/\/www.welovecycling.com\/cs\/wp-json\/wp\/v2\/posts\/3948","targetHints":{"allow":["GET"]}}],"collection":[{"href":"https:\/\/www.welovecycling.com\/cs\/wp-json\/wp\/v2\/posts"}],"about":[{"href":"https:\/\/www.welovecycling.com\/cs\/wp-json\/wp\/v2\/types\/post"}],"author":[{"embeddable":true,"href":"https:\/\/www.welovecycling.com\/cs\/wp-json\/wp\/v2\/users\/95"}],"replies":[{"embeddable":true,"href":"https:\/\/www.welovecycling.com\/cs\/wp-json\/wp\/v2\/comments?post=3948"}],"version-history":[{"count":2,"href":"https:\/\/www.welovecycling.com\/cs\/wp-json\/wp\/v2\/posts\/3948\/revisions"}],"predecessor-version":[{"id":3968,"href":"https:\/\/www.welovecycling.com\/cs\/wp-json\/wp\/v2\/posts\/3948\/revisions\/3968"}],"wp:featuredmedia":[{"embeddable":true,"href":"https:\/\/www.welovecycling.com\/cs\/wp-json\/wp\/v2\/media\/3965"}],"wp:attachment":[{"href":"https:\/\/www.welovecycling.com\/cs\/wp-json\/wp\/v2\/media?parent=3948"}],"wp:term":[{"taxonomy":"category","embeddable":true,"href":"https:\/\/www.welovecycling.com\/cs\/wp-json\/wp\/v2\/categories?post=3948"},{"taxonomy":"post_tag","embeddable":true,"href":"https:\/\/www.welovecycling.com\/cs\/wp-json\/wp\/v2\/tags?post=3948"},{"taxonomy":"global-categories","embeddable":true,"href":"https:\/\/www.welovecycling.com\/cs\/wp-json\/wp\/v2\/global-categories?post=3948"}],"curies":[{"name":"wp","href":"https:\/\/api.w.org\/{rel}","templated":true}]}}