{"id":3911,"date":"2019-09-04T10:05:27","date_gmt":"2019-09-04T08:05:27","guid":{"rendered":"https:\/\/www.welovecycling.com\/cs\/?p=3911"},"modified":"2019-09-03T10:31:25","modified_gmt":"2019-09-03T08:31:25","slug":"kolo-jako-umeni-pevne-uzitecne-a-krasne-welovecycling-cr","status":"publish","type":"post","link":"https:\/\/www.welovecycling.com\/cs\/2019\/09\/04\/kolo-jako-umeni-pevne-uzitecne-a-krasne-welovecycling-cr\/","title":{"rendered":"Kolo jako um\u011bn\u00ed \u2013 pevn\u00e9, u\u017eite\u010dn\u00e9 a kr\u00e1sn\u00e9"},"content":{"rendered":"<p><strong>Jsou v\u0161echna kola p\u0159ekr\u00e1sn\u00e1? Kdy\u017e se nad t\u00edm zamysl\u00edte, skoro ka\u017ed\u00fd z\u00a0n\u00e1s vn\u00edm\u00e1 kolo jako n\u00e1dhern\u00fd stroj. Kolo je esteticky velmi p\u0159ita\u017eliv\u00e9, vztah mezi rovn\u00fdmi trubkami r\u00e1mu, kruhy ve form\u011b kol a zaoblenou k\u0159ivkou \u0159\u00edd\u00edtek m\u00e1 n\u011bco do sebe.<\/strong><\/p>\n<p><!--more--><\/p>\n<p>Spojen\u00ed t\u011bchto jednotliv\u00fdch \u010d\u00e1st\u00ed kola je ov\u0161em v\u00fdsledkem touhy po maxim\u00e1ln\u00ed funk\u010dnosti, estetika je a\u017e sekund\u00e1rn\u00ed kvalitou kola. Architekti ale u\u017e dlouho ukazuj\u00ed, \u017ee kr\u00e1sa m\u016f\u017ee vych\u00e1zet i z\u00a0funk\u010dnosti. Zn\u00e1m\u00fd americk\u00fd architekt Luis Sullivan razil tezi, \u017ee \u201eforma n\u00e1sleduje funkci\u201c. Tento v\u00fdrok vych\u00e1z\u00ed z\u00a0rukopis\u016f \u0159\u00edmsk\u00e9ho architekta Marca Vitruvia Pollia, kter\u00fd prohl\u00e1sil, \u017ee jak\u00e1koliv struktura mus\u00ed b\u00fdt pevn\u00e1, u\u017eite\u010dn\u00e1 a kr\u00e1sn\u00e1. Pr\u00e1v\u011b tato t\u0159i p\u0159\u00eddavn\u00e1 jm\u00e9na spl\u0148uje kolo dokonale.<\/p>\n<p>Nen\u00ed tak p\u0159ekvapen\u00edm, \u017ee kolo jako symbol technologick\u00e9ho a soci\u00e1ln\u00edho pokroku se od po\u010d\u00e1tku 20. stolet\u00ed st\u00e1le \u010dast\u011bji st\u00e1v\u00e1 prost\u0159edkem um\u011blc\u016f v\u00a0jejich tvorb\u011b. Dnes je kolo p\u0159\u00edtomno v\u00a0ka\u017edodenn\u00edm \u017eivot\u011b v\u00edce ne\u017e kdy d\u0159\u00edve, um\u011blci s\u00a0n\u00edm pracuj\u00ed ve sv\u00fdch instalac\u00edch i jako s\u00a0objektem kr\u00e1sy.<\/p>\n<figure id=\"attachment_3913\" aria-describedby=\"caption-attachment-3913\" style=\"width: 1024px\" class=\"wp-caption alignnone\"><a href=\"https:\/\/d2p6e6u75xmxt8.cloudfront.net\/2\/2019\/08\/Ai-Weiwei-profimedia-0258875016.jpg\"><img loading=\"lazy\" decoding=\"async\" class=\"wp-image-3913 size-large\" src=\"https:\/\/d2p6e6u75xmxt8.cloudfront.net\/13\/2019\/09\/Ai-Weiwei-profimedia-0258875016-1024x681.jpg\" alt=\"\" width=\"1024\" height=\"681\" \/><\/a><figcaption id=\"caption-attachment-3913\" class=\"wp-caption-text\">\u010c\u00ednsk\u00fd um\u011blec Ai WeiWei p\u00f3zuje p\u0159ed sv\u00fdm d\u00edlem nazvan\u00fdm &#8222;Forever&#8220; p\u0159ed budovou Gherkin v Lond\u00fdnsk\u00e9m City. Expozice um\u011blce, kter\u00fd sv\u00e1 d\u00edla vystavovala p\u0159ed \u010dasem tak\u00e9 v pra\u017esk\u00e9m Veletr\u017en\u00edm pal\u00e1ci, byla instalov\u00e1na v r\u00e1mci venkovn\u00ed v\u00fdstavy Socha\u0159stv\u00ed ve m\u011bst\u011b. Konstrukce vysok\u00e1 t\u00e9m\u011b\u0159 10 metr\u016f a \u0161irok\u00e1 16 metr\u016f se skl\u00e1d\u00e1 z 1 254 r\u00e1m\u016f j\u00edzdn\u00edch kol. Foto: Profimedia, AFP<\/figcaption><\/figure>\n<p>Sou\u010dasn\u00fd \u010d\u00ednsk\u00fd um\u011blec a aktivista <a href=\"https:\/\/www.aiweiwei.com\/\">Ai Weiwei<\/a> vystavoval sv\u00e9 sochy a instalace po cel\u00e9m sv\u011bt\u011b, dokonce i v\u00a0pra\u017esk\u00e9 N\u00e1rodn\u00ed galerii. V\u00a0jeho tvorb\u011b \u010dasto nalezneme pr\u00e1v\u011b bicykl. Krom\u011b p\u0159edstavov\u00e1n\u00ed kr\u00e1sy bicyklu pou\u017e\u00edv\u00e1 Ai Weiwei velk\u00e9 tov\u00e1rny na v\u00fdrobu kol jako metaforu autorit\u00e1\u0159sk\u00fdch syst\u00e9m\u016f produkuj\u00edc\u00edch konformn\u00ed ob\u010dany. O jeho tvorb\u011b se m\u016f\u017eete dozv\u011bd\u011bt v\u00edce <a href=\"https:\/\/www.welovecycling.com\/wide\/2017\/01\/12\/chinese-cycling-art-ai-weiweis-sculptures-symbolize-freedom\/\">zde<\/a> nebo <a href=\"https:\/\/www.designboom.com\/art\/ai-weiwei-stacked-an-installation-of-760-bikes\/\">zde<\/a>.<\/p>\n<p>Trochu skromn\u011bj\u0161\u00ed pr\u00e1ci p\u0159edvedlo duo um\u011blc\u016f <a href=\"http:\/\/www.markgrieve.com\/MarkSite\/WELCOME.html\">Mark Grieve a Ilona Specter<\/a>. Sv\u00e9 d\u00edlo p\u0159edstavili v\u00a0roce 2007 na festivalu Burning Man, kter\u00fd se ka\u017edoro\u010dn\u011b kon\u00e1 v\u00a0nevadsk\u00e9 pou\u0161ti Black Rock. Jejich instalace byla sestavena z\u00a0kol nalezen\u00fdch na skl\u00e1dk\u00e1ch a recykla\u010dn\u00edch dvorech a vytv\u00e1\u0159ela a\u017e 10 metr\u016f vysok\u00fd oblouk. Artefakt upoutal pozornost t\u00edm spr\u00e1vn\u00fdm sm\u011brem \u2013 um\u011blci se sna\u017eili pouk\u00e1zat na ve\u0161ker\u00fd odpad, ve kter\u00e9m se na\u0161e planeta ut\u00e1p\u00ed, nab\u00eddli i \u0159e\u0161en\u00ed, jak se s\u00a0probl\u00e9mem pot\u00fdkat. Ano, je to recyklace. Nebo to je recyklistikace?<\/p>\n<figure id=\"attachment_3914\" aria-describedby=\"caption-attachment-3914\" style=\"width: 800px\" class=\"wp-caption alignnone\"><a href=\"https:\/\/d2p6e6u75xmxt8.cloudfront.net\/13\/2019\/09\/bicycle-arch.jpg\"><img loading=\"lazy\" decoding=\"async\" class=\"size-full wp-image-3914\" src=\"https:\/\/d2p6e6u75xmxt8.cloudfront.net\/13\/2019\/09\/bicycle-arch.jpg\" alt=\"\" width=\"800\" height=\"534\" \/><\/a><figcaption id=\"caption-attachment-3914\" class=\"wp-caption-text\">The Bicycle Arch at Burning Man Festival. \u00a9 Artists Without Borders Facebook<\/figcaption><\/figure>\n<p>Saatchi Art nab\u00edz\u00ed k\u00a0prodeji p\u0159es 1 000 d\u011bl aspiruj\u00edc\u00edch um\u011blc\u016f z\u00a0cel\u00e9ho sv\u011bta, v\u00a0nich\u017e je kolo hlavn\u00edm motivem. Nap\u0159\u00edklad zde najdeme d\u00edlo Taliah Lempertov\u00e9 <a href=\"https:\/\/www.saatchiart.com\/art\/Painting-Dave-s-Eisentraut-on-Pink\/669868\/6303495\/view\">\u201eDave\u2019s Eisentraut on Pink\u201c<\/a>,\u00a0kter\u00e9 m\u016f\u017eete koupit za 3 140 $.<\/p>\n<p>Taliah Lempertov\u00e1 se exkluzivn\u011b v\u011bnuje bicykl\u016fm. Jej\u00ed bohat\u00e1 a pestr\u00e1 sb\u00edrka vyobrazen\u00fdch dvoukol\u00fdch stroj\u016f je ke shl\u00e9dnut\u00ed na\u00a0<a href=\"https:\/\/www.bicyclepaintings.com\/\">www.bicyclepaintings.com<\/a>, kde je m\u016f\u017eete i zakoupit.<\/p>\n<p>Jedn\u00edm z\u00a0nejefektn\u011bj\u0161\u00edch ve\u0159ejn\u00fdch um\u011bleck\u00fdch projekt\u016f s\u00a0cyklistickou tematikou je projekt Sary Holmesov\u00e9 a 5 000 \u017e\u00e1k\u016f, kte\u0159\u00ed pro m\u011bsto Woking v\u00a0roce 2012 vytvo\u0159ili peloton 50 cyklist\u016f z\u00a0vrbov\u00e9ho prout\u00ed. Pro\u010d? M\u011bstem vedla tra\u0165 olympijsk\u00e9ho z\u00e1vodu mu\u017e\u016f v\u00a0silni\u010dn\u00ed cyklistice.<\/p>\n<lite-youtube videoid=PiQamgvd62M params=\"enablejsapi=1\" style=\"background-image: url('https:\/\/i.ytimg.com\/vi_webp\/PiQamgvd62M\/maxresdefault.webp');\"><\/lite-youtube>\n<p>V\u00a0neposledn\u00ed \u0159ad\u011b pou\u017e\u00edvaj\u00ed um\u011blci i samotn\u00e9 komponenty kol. Mezi nimi vynik\u00e1 hlavn\u011b jihokorejsk\u00fd \u201esocha\u0159 z\u00a0\u0159et\u011bz\u016f\u201c Seo Young-Deok, kter\u00fd pou\u017e\u00edv\u00e1 \u0159et\u011bzy pro tvorbu velk\u00fdch a vizu\u00e1ln\u011b \u00fachvatn\u00fdch d\u011bl, jako je <a href=\"http:\/\/youngdeok.com\/the-thinker-300-iron-chain-77-x-84-x-122hcm-2016\/\">\u201eThe Thinker\u201c.<\/a><\/p>\n<p>Firma <a href=\"https:\/\/www.bikefurniture.com\">Bike Furniture Design<\/a>, jej\u00ed\u017e n\u00e1zev je opravdu odpov\u00edcaj\u00edc\u00ed, vyu\u017e\u00edv\u00e1 sou\u010d\u00e1sti kol a motorek pro v\u00fdrobu neoby\u010dejn\u00e9ho a origin\u00e1ln\u00edho n\u00e1bytku. Tak\u017ee m\u016f\u017eete b\u00fdt na kole, i kdy\u017e sed\u00edte doma v\u00a0k\u0159esle. Po\u010d\u00edtaj\u00ed se pak hodiny str\u00e1ven\u00e9 v\u00a0tomto k\u0159esle, tedy kole, do tr\u00e9ninku? Douf\u00e1me, \u017ee ano.<\/p>\n","protected":false},"excerpt":{"rendered":"<p>Jsou v\u0161echna kola p\u0159ekr\u00e1sn\u00e1? Kdy\u017e se nad t\u00edm zamysl\u00edte, skoro ka\u017ed\u00fd z\u00a0n\u00e1s vn\u00edm\u00e1 kolo jako n\u00e1dhern\u00fd stroj. Kolo je esteticky [&hellip;]<\/p>\n","protected":false},"author":95,"featured_media":3916,"comment_status":"open","ping_status":"open","sticky":false,"template":"","format":"standard","meta":{"footnotes":""},"categories":[10],"tags":[457,458,460,461,462,463,464,465,466,467,468,459],"global-categories":[],"class_list":["post-3911","post","type-post","status-publish","format-standard","has-post-thumbnail","hentry","category-silnicni-cyklistika","tag-ai-weiwei","tag-art","tag-burning-man","tag-ilona-specter","tag-louis-sullivan","tag-marcus-vitruvius-pollio","tag-mark-grieve","tag-saatchi-art","tag-sara-holmes","tag-seo-young-deok","tag-taliah-lempert","tag-umeni"],"yoast_head":"<!-- This site is optimized with the Yoast SEO Premium plugin v25.3 (Yoast SEO v25.9) - https:\/\/yoast.com\/wordpress\/plugins\/seo\/ -->\n<title>Kolo jako um\u011bn\u00ed \u2013 pevn\u00e9, u\u017eite\u010dn\u00e9 a kr\u00e1sn\u00e9 | \u0160koda We Love Cycling - \u010cesk\u00e1 republika<\/title>\n<meta name=\"description\" content=\"Jsou v\u0161echna kola p\u0159ekr\u00e1sn\u00e1? Kolo je esteticky p\u0159ita\u017eliv\u00e9, vztah mezi rovn\u00fdmi trubkami r\u00e1mu, kruhy ve form\u011b kol a zaoblenou k\u0159ivkou \u0159\u00edd\u00edtek m\u00e1 n\u011bco do sebe.\" \/>\n<meta name=\"robots\" content=\"index, follow, max-snippet:-1, max-image-preview:large, max-video-preview:-1\" \/>\n<link rel=\"canonical\" href=\"https:\/\/www.welovecycling.com\/cs\/2019\/09\/04\/kolo-jako-umeni-pevne-uzitecne-a-krasne-welovecycling-cr\/\" \/>\n<meta property=\"og:locale\" content=\"cs_CZ\" \/>\n<meta property=\"og:type\" content=\"article\" \/>\n<meta property=\"og:title\" content=\"Kolo jako um\u011bn\u00ed \u2013 pevn\u00e9, u\u017eite\u010dn\u00e9 a kr\u00e1sn\u00e9\" \/>\n<meta property=\"og:description\" content=\"Jsou v\u0161echna kola p\u0159ekr\u00e1sn\u00e1? Kolo je esteticky p\u0159ita\u017eliv\u00e9, vztah mezi rovn\u00fdmi trubkami r\u00e1mu, kruhy ve form\u011b kol a zaoblenou k\u0159ivkou \u0159\u00edd\u00edtek m\u00e1 n\u011bco do sebe.\" \/>\n<meta property=\"og:url\" content=\"https:\/\/www.welovecycling.com\/cs\/2019\/09\/04\/kolo-jako-umeni-pevne-uzitecne-a-krasne-welovecycling-cr\/\" \/>\n<meta property=\"og:site_name\" content=\"\u0160koda We Love Cycling - \u010cesk\u00e1 republika\" \/>\n<meta property=\"article:published_time\" content=\"2019-09-04T08:05:27+00:00\" \/>\n<meta property=\"og:image\" content=\"https:\/\/d2p6e6u75xmxt8.cloudfront.net\/13\/2019\/09\/bicycle-art-profimedia-0356998561-CVR.webp\" \/>\n\t<meta property=\"og:image:width\" content=\"1366\" \/>\n\t<meta property=\"og:image:height\" content=\"600\" \/>\n\t<meta property=\"og:image:type\" content=\"image\/webp\" \/>\n<meta name=\"twitter:card\" content=\"summary_large_image\" \/>\n<meta name=\"twitter:label1\" content=\"Written by\" \/>\n\t<meta name=\"twitter:data1\" content=\"Siegfried Mortkowitz\" \/>\n\t<meta name=\"twitter:label2\" content=\"Est. reading time\" \/>\n\t<meta name=\"twitter:data2\" content=\"5\" \/>\n<script type=\"application\/ld+json\" class=\"yoast-schema-graph\">{\"@context\":\"https:\/\/schema.org\",\"@graph\":[{\"@type\":\"WebPage\",\"@id\":\"https:\/\/www.welovecycling.com\/cs\/2019\/09\/04\/kolo-jako-umeni-pevne-uzitecne-a-krasne-welovecycling-cr\/\",\"url\":\"https:\/\/www.welovecycling.com\/cs\/2019\/09\/04\/kolo-jako-umeni-pevne-uzitecne-a-krasne-welovecycling-cr\/\",\"name\":\"Kolo jako um\u011bn\u00ed \u2013 pevn\u00e9, u\u017eite\u010dn\u00e9 a kr\u00e1sn\u00e9 | \u0160koda We Love Cycling - \u010cesk\u00e1 republika\",\"isPartOf\":{\"@id\":\"https:\/\/www.welovecycling.com\/cs\/#website\"},\"primaryImageOfPage\":{\"@id\":\"https:\/\/www.welovecycling.com\/cs\/2019\/09\/04\/kolo-jako-umeni-pevne-uzitecne-a-krasne-welovecycling-cr\/#primaryimage\"},\"image\":{\"@id\":\"https:\/\/www.welovecycling.com\/cs\/2019\/09\/04\/kolo-jako-umeni-pevne-uzitecne-a-krasne-welovecycling-cr\/#primaryimage\"},\"thumbnailUrl\":\"https:\/\/d2p6e6u75xmxt8.cloudfront.net\/13\/2019\/09\/bicycle-art-profimedia-0356998561-CVR.webp\",\"datePublished\":\"2019-09-04T08:05:27+00:00\",\"author\":{\"@id\":\"\"},\"description\":\"Jsou v\u0161echna kola p\u0159ekr\u00e1sn\u00e1? Kolo je esteticky p\u0159ita\u017eliv\u00e9, vztah mezi rovn\u00fdmi trubkami r\u00e1mu, kruhy ve form\u011b kol a zaoblenou k\u0159ivkou \u0159\u00edd\u00edtek m\u00e1 n\u011bco do sebe.\",\"inLanguage\":\"cs\",\"potentialAction\":[{\"@type\":\"ReadAction\",\"target\":[\"https:\/\/www.welovecycling.com\/cs\/2019\/09\/04\/kolo-jako-umeni-pevne-uzitecne-a-krasne-welovecycling-cr\/\"]}]},{\"@type\":\"ImageObject\",\"inLanguage\":\"cs\",\"@id\":\"https:\/\/www.welovecycling.com\/cs\/2019\/09\/04\/kolo-jako-umeni-pevne-uzitecne-a-krasne-welovecycling-cr\/#primaryimage\",\"url\":\"https:\/\/d2p6e6u75xmxt8.cloudfront.net\/13\/2019\/09\/bicycle-art-profimedia-0356998561-CVR.webp\",\"contentUrl\":\"https:\/\/d2p6e6u75xmxt8.cloudfront.net\/13\/2019\/09\/bicycle-art-profimedia-0356998561-CVR.webp\",\"width\":1366,\"height\":600},{\"@type\":\"WebSite\",\"@id\":\"https:\/\/www.welovecycling.com\/cs\/#website\",\"url\":\"https:\/\/www.welovecycling.com\/cs\/\",\"name\":\"\u0160koda We Love Cycling - \u010cesk\u00e1 republika\",\"description\":\"WeLoveCycling.cz je online magaz\u00edn, kter\u00fd v\u00e1m pravideln\u011b p\u0159in\u00e1\u0161\u00ed rady a tipy, zaj\u00edmav\u00e9 \u010dl\u00e1nky, videa a jedine\u010dn\u00e9 report\u00e1\u017ee ze sv\u011bta cyklistiky.\",\"potentialAction\":[{\"@type\":\"SearchAction\",\"target\":{\"@type\":\"EntryPoint\",\"urlTemplate\":\"https:\/\/www.welovecycling.com\/cs\/?s={search_term_string}\"},\"query-input\":{\"@type\":\"PropertyValueSpecification\",\"valueRequired\":true,\"valueName\":\"search_term_string\"}}],\"inLanguage\":\"cs\"},{\"@type\":\"Person\",\"@id\":\"\",\"url\":\"https:\/\/www.welovecycling.com\/cs\/author\/\"}]}<\/script>\n<!-- \/ Yoast SEO Premium plugin. -->","yoast_head_json":{"title":"Kolo jako um\u011bn\u00ed \u2013 pevn\u00e9, u\u017eite\u010dn\u00e9 a kr\u00e1sn\u00e9 | \u0160koda We Love Cycling - \u010cesk\u00e1 republika","description":"Jsou v\u0161echna kola p\u0159ekr\u00e1sn\u00e1? Kolo je esteticky p\u0159ita\u017eliv\u00e9, vztah mezi rovn\u00fdmi trubkami r\u00e1mu, kruhy ve form\u011b kol a zaoblenou k\u0159ivkou \u0159\u00edd\u00edtek m\u00e1 n\u011bco do sebe.","robots":{"index":"index","follow":"follow","max-snippet":"max-snippet:-1","max-image-preview":"max-image-preview:large","max-video-preview":"max-video-preview:-1"},"canonical":"https:\/\/www.welovecycling.com\/cs\/2019\/09\/04\/kolo-jako-umeni-pevne-uzitecne-a-krasne-welovecycling-cr\/","og_locale":"cs_CZ","og_type":"article","og_title":"Kolo jako um\u011bn\u00ed \u2013 pevn\u00e9, u\u017eite\u010dn\u00e9 a kr\u00e1sn\u00e9","og_description":"Jsou v\u0161echna kola p\u0159ekr\u00e1sn\u00e1? Kolo je esteticky p\u0159ita\u017eliv\u00e9, vztah mezi rovn\u00fdmi trubkami r\u00e1mu, kruhy ve form\u011b kol a zaoblenou k\u0159ivkou \u0159\u00edd\u00edtek m\u00e1 n\u011bco do sebe.","og_url":"https:\/\/www.welovecycling.com\/cs\/2019\/09\/04\/kolo-jako-umeni-pevne-uzitecne-a-krasne-welovecycling-cr\/","og_site_name":"\u0160koda We Love Cycling - \u010cesk\u00e1 republika","article_published_time":"2019-09-04T08:05:27+00:00","og_image":[{"width":1366,"height":600,"url":"https:\/\/d2p6e6u75xmxt8.cloudfront.net\/13\/2019\/09\/bicycle-art-profimedia-0356998561-CVR.webp","type":"image\/webp"}],"twitter_card":"summary_large_image","twitter_misc":{"Written by":"Siegfried Mortkowitz","Est. reading time":"5"},"schema":{"@context":"https:\/\/schema.org","@graph":[{"@type":"WebPage","@id":"https:\/\/www.welovecycling.com\/cs\/2019\/09\/04\/kolo-jako-umeni-pevne-uzitecne-a-krasne-welovecycling-cr\/","url":"https:\/\/www.welovecycling.com\/cs\/2019\/09\/04\/kolo-jako-umeni-pevne-uzitecne-a-krasne-welovecycling-cr\/","name":"Kolo jako um\u011bn\u00ed \u2013 pevn\u00e9, u\u017eite\u010dn\u00e9 a kr\u00e1sn\u00e9 | \u0160koda We Love Cycling - \u010cesk\u00e1 republika","isPartOf":{"@id":"https:\/\/www.welovecycling.com\/cs\/#website"},"primaryImageOfPage":{"@id":"https:\/\/www.welovecycling.com\/cs\/2019\/09\/04\/kolo-jako-umeni-pevne-uzitecne-a-krasne-welovecycling-cr\/#primaryimage"},"image":{"@id":"https:\/\/www.welovecycling.com\/cs\/2019\/09\/04\/kolo-jako-umeni-pevne-uzitecne-a-krasne-welovecycling-cr\/#primaryimage"},"thumbnailUrl":"https:\/\/d2p6e6u75xmxt8.cloudfront.net\/13\/2019\/09\/bicycle-art-profimedia-0356998561-CVR.webp","datePublished":"2019-09-04T08:05:27+00:00","author":{"@id":""},"description":"Jsou v\u0161echna kola p\u0159ekr\u00e1sn\u00e1? Kolo je esteticky p\u0159ita\u017eliv\u00e9, vztah mezi rovn\u00fdmi trubkami r\u00e1mu, kruhy ve form\u011b kol a zaoblenou k\u0159ivkou \u0159\u00edd\u00edtek m\u00e1 n\u011bco do sebe.","inLanguage":"cs","potentialAction":[{"@type":"ReadAction","target":["https:\/\/www.welovecycling.com\/cs\/2019\/09\/04\/kolo-jako-umeni-pevne-uzitecne-a-krasne-welovecycling-cr\/"]}]},{"@type":"ImageObject","inLanguage":"cs","@id":"https:\/\/www.welovecycling.com\/cs\/2019\/09\/04\/kolo-jako-umeni-pevne-uzitecne-a-krasne-welovecycling-cr\/#primaryimage","url":"https:\/\/d2p6e6u75xmxt8.cloudfront.net\/13\/2019\/09\/bicycle-art-profimedia-0356998561-CVR.webp","contentUrl":"https:\/\/d2p6e6u75xmxt8.cloudfront.net\/13\/2019\/09\/bicycle-art-profimedia-0356998561-CVR.webp","width":1366,"height":600},{"@type":"WebSite","@id":"https:\/\/www.welovecycling.com\/cs\/#website","url":"https:\/\/www.welovecycling.com\/cs\/","name":"\u0160koda We Love Cycling - \u010cesk\u00e1 republika","description":"WeLoveCycling.cz je online magaz\u00edn, kter\u00fd v\u00e1m pravideln\u011b p\u0159in\u00e1\u0161\u00ed rady a tipy, zaj\u00edmav\u00e9 \u010dl\u00e1nky, videa a jedine\u010dn\u00e9 report\u00e1\u017ee ze sv\u011bta cyklistiky.","potentialAction":[{"@type":"SearchAction","target":{"@type":"EntryPoint","urlTemplate":"https:\/\/www.welovecycling.com\/cs\/?s={search_term_string}"},"query-input":{"@type":"PropertyValueSpecification","valueRequired":true,"valueName":"search_term_string"}}],"inLanguage":"cs"},{"@type":"Person","@id":"","url":"https:\/\/www.welovecycling.com\/cs\/author\/"}]}},"_links":{"self":[{"href":"https:\/\/www.welovecycling.com\/cs\/wp-json\/wp\/v2\/posts\/3911","targetHints":{"allow":["GET"]}}],"collection":[{"href":"https:\/\/www.welovecycling.com\/cs\/wp-json\/wp\/v2\/posts"}],"about":[{"href":"https:\/\/www.welovecycling.com\/cs\/wp-json\/wp\/v2\/types\/post"}],"author":[{"embeddable":true,"href":"https:\/\/www.welovecycling.com\/cs\/wp-json\/wp\/v2\/users\/95"}],"replies":[{"embeddable":true,"href":"https:\/\/www.welovecycling.com\/cs\/wp-json\/wp\/v2\/comments?post=3911"}],"version-history":[{"count":2,"href":"https:\/\/www.welovecycling.com\/cs\/wp-json\/wp\/v2\/posts\/3911\/revisions"}],"predecessor-version":[{"id":3917,"href":"https:\/\/www.welovecycling.com\/cs\/wp-json\/wp\/v2\/posts\/3911\/revisions\/3917"}],"wp:featuredmedia":[{"embeddable":true,"href":"https:\/\/www.welovecycling.com\/cs\/wp-json\/wp\/v2\/media\/3916"}],"wp:attachment":[{"href":"https:\/\/www.welovecycling.com\/cs\/wp-json\/wp\/v2\/media?parent=3911"}],"wp:term":[{"taxonomy":"category","embeddable":true,"href":"https:\/\/www.welovecycling.com\/cs\/wp-json\/wp\/v2\/categories?post=3911"},{"taxonomy":"post_tag","embeddable":true,"href":"https:\/\/www.welovecycling.com\/cs\/wp-json\/wp\/v2\/tags?post=3911"},{"taxonomy":"global-categories","embeddable":true,"href":"https:\/\/www.welovecycling.com\/cs\/wp-json\/wp\/v2\/global-categories?post=3911"}],"curies":[{"name":"wp","href":"https:\/\/api.w.org\/{rel}","templated":true}]}}