{"id":35307,"date":"2026-09-04T10:07:33","date_gmt":"2026-09-04T08:07:33","guid":{"rendered":"https:\/\/www.welovecycling.com\/cs\/?p=35307"},"modified":"2026-09-04T10:07:33","modified_gmt":"2026-09-04T08:07:33","slug":"novy-pogacar-jeden-rekord-uz-omrzel-krajanovi-sebral","status":"publish","type":"post","link":"https:\/\/www.welovecycling.com\/cs\/2026\/09\/04\/novy-pogacar-jeden-rekord-uz-omrzel-krajanovi-sebral\/","title":{"rendered":"Nov\u00fd Poga\u010dar? Jeden rekord u\u017e Omrzel krajanovi sebral"},"content":{"rendered":"<p><strong>Nevy\u010derpateln\u00e1 studnice cyklistick\u00fdch talent\u016f? Slovinsko se py\u0161n\u00ed dal\u0161\u00edm v\u00edt\u011bzem etapy na Grand Tour. Je mu pouh\u00fdch dvacet let. Jakob Omrzel, cyklista Bahrain Victorious, dokonce p\u0159i \u0161pan\u011blsk\u00e9 Vuelt\u011b p\u0159ekonal rekord, j\u00edm\u017e se py\u0161nil krajan Tadej Poga\u010dar, p\u011btin\u00e1sobn\u00fd \u0161ampion Tour de France!<\/strong><\/p>\n<p>Hned p\u0159i debutu na Grand Tour naplnil pov\u011bst \u0161pi\u010dkov\u00e9ho talentu. Impozantn\u00edm zp\u016fsobem zavr\u0161il t\u00fdmov\u00e9 \u00fasil\u00ed t\u00fdmu Bahrain Victorious ve dvan\u00e1ct\u00e9 etap\u011b \u0161pan\u011blsk\u00e9 Grand Tour. &#8222;Nemohu uv\u011b\u0159it, \u017ee jsem dok\u00e1zal vyhr\u00e1t etapu na Vuelt\u011b. Ne\u010dekal jsem, \u017ee vyhraju hned na prvn\u00ed Grand Tour kari\u00e9ry,&#8220; rozpl\u00fdval se Jakob Omrzel v c\u00edli dvan\u00e1ct\u00e9ho d\u011bjstv\u00ed na Calar Auto.<\/p>\n<h2><strong>Giro Next Gen jako odrazov\u00fd m\u016fstek<\/strong><\/h2>\n<p>Coby junior vyhr\u00e1l ml\u00e1de\u017enickou verzi Pa\u0159\u00ed\u017e-Roubaix. Byl \u0161ampionem Slovinska v \u010dasovce i hromadn\u00e9m z\u00e1vod\u011b. To je\u0161t\u011b z\u00e1vodil v trikotu t\u00fdmu Adria Mobil. Pro sezonu 2025 podepsal kontrakt s t\u00fdmem Bahrain Victorious Development. Vyhr\u00e1l Giro d&#8217;Italia Next Gen, kde byl \u010desk\u00fd reprezentant Pavel Nov\u00e1k celkov\u011b t\u0159et\u00ed. Ovl\u00e1dl n\u00e1rodn\u00ed \u0161ampion\u00e1t p\u0159i absenci Poga\u010dara a Rogli\u010de. V z\u00e1v\u011bru sezony absolvoval Kolem Chorvatska v dresu elitn\u00edho v\u00fdb\u011bru. Do leto\u0161n\u00ed sezony u\u017e vstoupil jako plnohodnotn\u00fd jezdec elitn\u00ed sestavy World Tour.<\/p>\n<figure id=\"attachment_35308\" aria-describedby=\"caption-attachment-35308\" style=\"width: 1280px\" class=\"wp-caption alignnone\"><a href=\"https:\/\/d2p6e6u75xmxt8.cloudfront.net\/13\/2026\/09\/20260903LV12-A.S.O-Cxcling-Toni-Baixauli-BX9_0453-scaled.webp\"><img loading=\"lazy\" decoding=\"async\" class=\"size-extra-large wp-image-35308\" src=\"https:\/\/d2p6e6u75xmxt8.cloudfront.net\/13\/2026\/09\/20260903LV12-A.S.O-Cxcling-Toni-Baixauli-BX9_0453-1280x1920.webp\" alt=\"\" width=\"1280\" height=\"1920\" srcset=\"https:\/\/d2p6e6u75xmxt8.cloudfront.net\/13\/2026\/09\/20260903LV12-A.S.O-Cxcling-Toni-Baixauli-BX9_0453-1280x1920.webp 1280w, https:\/\/d2p6e6u75xmxt8.cloudfront.net\/13\/2026\/09\/20260903LV12-A.S.O-Cxcling-Toni-Baixauli-BX9_0453-200x300.webp 200w, https:\/\/d2p6e6u75xmxt8.cloudfront.net\/13\/2026\/09\/20260903LV12-A.S.O-Cxcling-Toni-Baixauli-BX9_0453-683x1024.webp 683w, https:\/\/d2p6e6u75xmxt8.cloudfront.net\/13\/2026\/09\/20260903LV12-A.S.O-Cxcling-Toni-Baixauli-BX9_0453-768x1152.webp 768w, https:\/\/d2p6e6u75xmxt8.cloudfront.net\/13\/2026\/09\/20260903LV12-A.S.O-Cxcling-Toni-Baixauli-BX9_0453-1024x1536.webp 1024w, https:\/\/d2p6e6u75xmxt8.cloudfront.net\/13\/2026\/09\/20260903LV12-A.S.O-Cxcling-Toni-Baixauli-BX9_0453-1365x2048.webp 1365w, https:\/\/d2p6e6u75xmxt8.cloudfront.net\/13\/2026\/09\/20260903LV12-A.S.O-Cxcling-Toni-Baixauli-BX9_0453-267x400.webp 267w, https:\/\/d2p6e6u75xmxt8.cloudfront.net\/13\/2026\/09\/20260903LV12-A.S.O-Cxcling-Toni-Baixauli-BX9_0453-scaled.webp 1707w, https:\/\/d2p6e6u75xmxt8.cloudfront.net\/13\/2026\/09\/20260903LV12-A.S.O-Cxcling-Toni-Baixauli-BX9_0453-1280x1920.webp 1280w\" sizes=\"auto, (max-width: 1280px) 100vw, 1280px\" \/><\/a><figcaption id=\"caption-attachment-35308\" class=\"wp-caption-text\"><em>Jakob Omrzel z Bahrain Victorious se nadechuje k rozhoduj\u00edc\u00edmu \u00fatoku. Urko Berrade v dresu Equipo Kern nest\u00edh\u00e1.<\/em><\/figcaption><\/figure>\n<p>Dojel \u0161est\u00fd celkov\u011b Kolem Alp, osm\u00fd Kolem Ma\u010farska a t\u0159et\u00ed Kolem Slovinska. Pak p\u0159i n\u00e1rodn\u00edm \u0161ampion\u00e1tu vybojoval bronz v \u010dasovce za Rogli\u010dem z Red Bull Bora Hansgrohe a Ermakovem, t\u00fdmov\u00fdm kolegou z Bahrain Victorious. Ten pak ovl\u00e1dl hromadn\u00fd z\u00e1vod, v n\u011bm\u017e Jakob Omrzel vyd\u0159el druhou p\u0159\u00ed\u010dku. Vuelta se stala maturitou pro borce, kter\u00fd je schopn\u00fd vyhr\u00e1vat na dla\u017eebn\u00edch kostk\u00e1ch, skv\u011ble jezd\u00ed v kopc\u00edch a dok\u00e1\u017ee si udr\u017eet vysokou maxim\u00e1ln\u00ed rychlost, kdy\u017e sprinte\u0159i vadnou.<\/p>\n<div class=\"shortcode-ys-post-pinup\"><article class=\"loop-simple post-35296 post type-post status-publish format-standard has-post-thumbnail hentry category-silnicni-cyklistika tag-cyklistika tag-enric-mas tag-felix-gall tag-oscar-onley tag-primoz-roglic tag-richard-carapaz tag-silnicni-cyklistika tag-tadej-pogacar tag-vuelta tag-vuelta-2026 global-categories-cycling\" data-postid=\"35296\" role=\"article\" data-post-id=\"35296\" data-word-count=\"569\" data-headline-length=\"50\" data-category=\"Silni\u010dn\u00ed cyklistika\" data-global-category=\"Cycling\" data-author=\"We Love Cycling\" data-published=\"2026-09-03T14:00:11+02:00\" data-published-day=\"Thursday\">\n    <div class=\"entry-thumbnail article-thumbnail\" content=\"https:\/\/d2p6e6u75xmxt8.cloudfront.net\/13\/2024\/07\/1800-x-1200-velky-150x150.webp\"><a href=\"https:\/\/www.welovecycling.com\/cs\/2026\/09\/03\/mas-citi-zivotni-sanci-ale-ma-jednu-slabinu\/\" class=\"image-holder\" target=\"_self\"><img decoding=\"async\" loading=\"lazy\" class=\"\" src=\"https:\/\/d2p6e6u75xmxt8.cloudfront.net\/13\/2024\/07\/1800-x-1200-velky-1024x683.webp\" srcset=\"https:\/\/d2p6e6u75xmxt8.cloudfront.net\/13\/2024\/07\/1800-x-1200-velky.webp 1800w, https:\/\/d2p6e6u75xmxt8.cloudfront.net\/13\/2024\/07\/1800-x-1200-velky-300x200.webp 300w, https:\/\/d2p6e6u75xmxt8.cloudfront.net\/13\/2024\/07\/1800-x-1200-velky-1024x683.webp 1024w, https:\/\/d2p6e6u75xmxt8.cloudfront.net\/13\/2024\/07\/1800-x-1200-velky-768x512.webp 768w, https:\/\/d2p6e6u75xmxt8.cloudfront.net\/13\/2024\/07\/1800-x-1200-velky-1536x1024.webp 1536w, https:\/\/d2p6e6u75xmxt8.cloudfront.net\/13\/2024\/07\/1800-x-1200-velky-400x267.webp 400w, https:\/\/d2p6e6u75xmxt8.cloudfront.net\/13\/2024\/07\/1800-x-1200-velky-272x182.webp 272w\" width=\"1024\" height=\"683\" sizes=\"auto, (min-width: 1200px) 300px, (min-width: 768px) 25vw, 100vw\" alt=\"mas-citi-zivotni-sanci-ale-ma-jednu-slabinu\"\/><\/a><\/div>    <div class=\"entry-meta\">\n        <a class=\"label label-secondary post-category\" href=\"https:\/\/www.welovecycling.com\/cs\/category\/silnicni-cyklistika\/\" title=\"Silni\u010dn\u00ed cyklistika\">Silni\u010dn\u00ed cyklistika<\/a>\n    <\/div>\n    <div class=\"entry-details\">\n        <a href=\"https:\/\/www.welovecycling.com\/cs\/2026\/09\/03\/mas-citi-zivotni-sanci-ale-ma-jednu-slabinu\/\" class='entry-title-wrapper'>\n            <h3 class=\"entry-title\"><span>Mas c\u00edt\u00ed \u017eivotn\u00ed \u0161anci. Ale m\u00e1 jednu slabinu<\/span><\/h3>\n        <\/a>\n    <\/div>\n    <\/article>\n<\/div>\n<p>U\u017e v sedm\u00e9m d\u011bjstv\u00ed uk\u00e1zal velk\u00fd potenci\u00e1l. P\u0159i etap\u011b se \u0161otolinov\u00fdmi \u00faseky a dojezdem na Aram\u00f3n Valdelinares uk\u00e1zal obrovsk\u00fd potenci\u00e1l, kdy\u017e dojel \u010dtvrt\u00fd sko\u010dil na jeden\u00e1ctou p\u0159\u00ed\u010dku celkov\u00e9ho po\u0159ad\u00ed. Dvan\u00e1ct\u00e1 etapa pak p\u0159inesla \u017eivotn\u00ed v\u00fdsledek. V \u00faniku, kde s n\u00edm jeli je\u0161t\u011b t\u00fdmov\u00ed par\u0165\u00e1ci Pello Bilbao a Santiago Buitrago, uk\u00e1zal ohromuj\u00edc\u00ed s\u00edlu. D\u011bjstv\u00ed s p\u0159ev\u00fd\u0161en\u00edm 4475 v\u00fd\u0161kov\u00fdch metr\u016f vyhr\u00e1l naprosto suver\u00e9nn\u011b a sko\u010dil na \u0161est\u00e9 m\u00edsto <a href=\"https:\/\/www.welovecycling.com\/cs\/2026\/09\/03\/mas-citi-zivotni-sanci-ale-ma-jednu-slabinu\/\">pr\u016fb\u011b\u017en\u00e9ho po\u0159ad\u00ed<\/a>.<\/p>\n<blockquote class=\"instagram-media\" style=\"background: #FFF; border: 0; border-radius: 3px; box-shadow: 0 0 1px 0 rgba(0,0,0,0.5),0 1px 10px 0 rgba(0,0,0,0.15); margin: 1px; max-width: 540px; min-width: 326px; padding: 0; width: calc(100% - 2px);\" data-instgrm-captioned=\"\" data-instgrm-permalink=\"https:\/\/www.instagram.com\/reel\/Dc1NWklStO0\/?utm_source=ig_embed&amp;utm_campaign=loading\" data-instgrm-version=\"14\">\n<div style=\"padding: 16px;\">\n<p>&nbsp;<\/p>\n<div style=\"display: flex; flex-direction: row; align-items: center;\">\n<div style=\"background-color: #f4f4f4; border-radius: 50%; flex-grow: 0; height: 40px; margin-right: 14px; width: 40px;\"><\/div>\n<div style=\"display: flex; flex-direction: column; flex-grow: 1; justify-content: center;\">\n<div style=\"background-color: #f4f4f4; border-radius: 4px; flex-grow: 0; height: 14px; margin-bottom: 6px; width: 100px;\"><\/div>\n<div style=\"background-color: #f4f4f4; border-radius: 4px; flex-grow: 0; height: 14px; width: 60px;\"><\/div>\n<\/div>\n<\/div>\n<div style=\"padding: 19% 0;\"><\/div>\n<div style=\"display: block; height: 50px; margin: 0 auto 12px; width: 50px;\"><\/div>\n<div style=\"padding-top: 8px;\">\n<div style=\"color: #3897f0; font-family: Arial,sans-serif; font-size: 14px; font-style: normal; font-weight: 550; line-height: 18px;\">Zobrazit p\u0159\u00edsp\u011bvek na Instagramu<\/div>\n<\/div>\n<div style=\"padding: 12.5% 0;\"><\/div>\n<div style=\"display: flex; flex-direction: row; margin-bottom: 14px; align-items: center;\">\n<div>\n<div style=\"background-color: #f4f4f4; border-radius: 50%; height: 12.5px; width: 12.5px; transform: translateX(0px) translateY(7px);\"><\/div>\n<div style=\"background-color: #f4f4f4; height: 12.5px; transform: rotate(-45deg) translateX(3px) translateY(1px); width: 12.5px; flex-grow: 0; margin-right: 14px; margin-left: 2px;\"><\/div>\n<div style=\"background-color: #f4f4f4; border-radius: 50%; height: 12.5px; width: 12.5px; transform: translateX(9px) translateY(-18px);\"><\/div>\n<\/div>\n<div style=\"margin-left: 8px;\">\n<div style=\"background-color: #f4f4f4; border-radius: 50%; flex-grow: 0; height: 20px; width: 20px;\"><\/div>\n<div style=\"width: 0; height: 0; border-top: 2px solid transparent; border-left: 6px solid #f4f4f4; border-bottom: 2px solid transparent; transform: translateX(16px) translateY(-4px) rotate(30deg);\"><\/div>\n<\/div>\n<div style=\"margin-left: auto;\">\n<div style=\"width: 0px; border-top: 8px solid #F4F4F4; border-right: 8px solid transparent; transform: translateY(16px);\"><\/div>\n<div style=\"background-color: #f4f4f4; flex-grow: 0; height: 12px; width: 16px; transform: translateY(-4px);\"><\/div>\n<div style=\"width: 0; height: 0; border-top: 8px solid #F4F4F4; border-left: 8px solid transparent; transform: translateY(-4px) translateX(8px);\"><\/div>\n<\/div>\n<\/div>\n<div style=\"display: flex; flex-direction: column; flex-grow: 1; justify-content: center; margin-bottom: 24px;\">\n<div style=\"background-color: #f4f4f4; border-radius: 4px; flex-grow: 0; height: 14px; margin-bottom: 6px; width: 224px;\"><\/div>\n<div style=\"background-color: #f4f4f4; border-radius: 4px; flex-grow: 0; height: 14px; width: 144px;\"><\/div>\n<\/div>\n<p>&nbsp;<\/p>\n<p style=\"color: #c9c8cd; font-family: Arial,sans-serif; font-size: 14px; line-height: 17px; margin-bottom: 0; margin-top: 8px; overflow: hidden; padding: 8px 0 7px; text-align: center; text-overflow: ellipsis; white-space: nowrap;\"><a style=\"color: #c9c8cd; font-family: Arial,sans-serif; font-size: 14px; font-style: normal; font-weight: normal; line-height: 17px; text-decoration: none;\" href=\"https:\/\/www.instagram.com\/reel\/Dc1NWklStO0\/?utm_source=ig_embed&amp;utm_campaign=loading\" target=\"_blank\" rel=\"noopener\">P\u0159\u00edsp\u011bvek sd\u00edlen\u00fd La Vuelta (@lavuelta)<\/a><\/p>\n<\/div>\n<\/blockquote>\n<p><script async src=\"\/\/www.instagram.com\/embed.js\"><\/script>\u00a0&#8222;Vlastn\u011b jsem nebyl p\u0159ekvapen\u00fd v\u00fdhrou, proto\u017ee v\u00edm, kolik pr\u00e1ce a \u00fasil\u00ed jsem ob\u011btoval. V\u011bd\u011bl jsem, \u017ee tento den d\u0159\u00edve nebo pozd\u011bji p\u0159ijde. Jen jsem nev\u011b\u0159il, \u017ee se to stane taky bzry,&#8220; prohl\u00e1sil v bezprost\u0159edn\u00ed reakci na v\u00edt\u011bznou etapu Jakob Omrzel.<\/p>\n<h2><strong>Omrzel slavil o p\u016fl roku d\u0159\u00edve ne\u017e Poga\u010dar<\/strong><\/h2>\n<p>Triumfu na Vuelt\u011b dos\u00e1hl, kdy\u017e mu bylo dvacet let, p\u011bt m\u011bs\u00edc\u016f a t\u0159in\u00e1ct dn\u016f. Byl o p\u016fl roku mlad\u0161\u00ed ne\u017e Tadej Poga\u010dar, kdy\u017e poprv\u00e9 vyhr\u00e1l etapu na Vuelt\u011b. &#8222;Je to jen statistika. Z\u00e1bavn\u00e1, ale nic neznamen\u00e1,&#8220; usm\u00e1l se nov\u00fd Slovinec py\u0161n\u00edc\u00ed se etapov\u00fdm triumfem z Grand Tour.<\/p>\n<p><a href=\"https:\/\/d2p6e6u75xmxt8.cloudfront.net\/13\/2026\/09\/20260903LV12-A.S.O-Cxcling-Naike-Erenozaga-NK9_1332.webp\"><img loading=\"lazy\" decoding=\"async\" class=\"alignnone size-extra-large wp-image-35309\" src=\"https:\/\/d2p6e6u75xmxt8.cloudfront.net\/13\/2026\/09\/20260903LV12-A.S.O-Cxcling-Naike-Erenozaga-NK9_1332-1484x1920.webp\" alt=\"\" width=\"1484\" height=\"1920\" srcset=\"https:\/\/d2p6e6u75xmxt8.cloudfront.net\/13\/2026\/09\/20260903LV12-A.S.O-Cxcling-Naike-Erenozaga-NK9_1332-1484x1920.webp 1484w, https:\/\/d2p6e6u75xmxt8.cloudfront.net\/13\/2026\/09\/20260903LV12-A.S.O-Cxcling-Naike-Erenozaga-NK9_1332-232x300.webp 232w, https:\/\/d2p6e6u75xmxt8.cloudfront.net\/13\/2026\/09\/20260903LV12-A.S.O-Cxcling-Naike-Erenozaga-NK9_1332-791x1024.webp 791w, https:\/\/d2p6e6u75xmxt8.cloudfront.net\/13\/2026\/09\/20260903LV12-A.S.O-Cxcling-Naike-Erenozaga-NK9_1332-768x994.webp 768w, https:\/\/d2p6e6u75xmxt8.cloudfront.net\/13\/2026\/09\/20260903LV12-A.S.O-Cxcling-Naike-Erenozaga-NK9_1332-1187x1536.webp 1187w, https:\/\/d2p6e6u75xmxt8.cloudfront.net\/13\/2026\/09\/20260903LV12-A.S.O-Cxcling-Naike-Erenozaga-NK9_1332-1582x2048.webp 1582w, https:\/\/d2p6e6u75xmxt8.cloudfront.net\/13\/2026\/09\/20260903LV12-A.S.O-Cxcling-Naike-Erenozaga-NK9_1332-309x400.webp 309w, https:\/\/d2p6e6u75xmxt8.cloudfront.net\/13\/2026\/09\/20260903LV12-A.S.O-Cxcling-Naike-Erenozaga-NK9_1332.webp 1679w, https:\/\/d2p6e6u75xmxt8.cloudfront.net\/13\/2026\/09\/20260903LV12-A.S.O-Cxcling-Naike-Erenozaga-NK9_1332-1484x1920.webp 1484w\" sizes=\"auto, (max-width: 1484px) 100vw, 1484px\" \/><\/a><\/p>\n<p>Poga\u010dar dojel tehdy p\u0159i Vuelt\u011b 2019 t\u0159et\u00ed v absolutn\u00edm po\u0159ad\u00ed. M\u016f\u017ee Jakob Omrzel slavn\u011bj\u0161\u00edho krajan p\u0159ekonat? &#8222;Nep\u0159em\u00fd\u0161l\u00edm o stupn\u00edch v\u00edt\u011bz\u016f v Granad\u011b. Zam\u011b\u0159il jsem se prim\u00e1rn\u011b na etapov\u00e9 v\u00edt\u011bzstv\u00ed,&#8220; prohl\u00e1sil Jakob Omrzel.<\/p>\n<div class=\"shortcode-ys-post-pinup\"><article class=\"loop-simple post-35253 post type-post status-publish format-standard has-post-thumbnail hentry category-cyklistika tag-barbora-bukovska tag-cyklisticke-prestupy tag-cyklistika tag-julia-kopecky tag-kristyna-zemanova tag-pavel-bittner tag-prestupy tag-silnicni-cyklistika tag-supertymy tag-vaclav-jezek global-categories-cycling\" data-postid=\"35253\" role=\"article\" data-post-id=\"35253\" data-word-count=\"517\" data-headline-length=\"33\" data-category=\"Cyklistika\" data-global-category=\"Cycling\" data-author=\"We Love Cycling\" data-published=\"2026-08-27T09:30:40+02:00\" data-published-day=\"Thursday\">\n    <div class=\"entry-thumbnail article-thumbnail\" content=\"https:\/\/d2p6e6u75xmxt8.cloudfront.net\/13\/2026\/08\/BrychtaJan_West_Bohemia_Tour_20260823_141232_BJ5_0487-150x150.webp\"><a href=\"https:\/\/www.welovecycling.com\/cs\/2026\/08\/27\/supertymy-lovi-posily-v-cesku\/\" class=\"image-holder\" target=\"_self\"><img decoding=\"async\" loading=\"lazy\" class=\"\" src=\"https:\/\/d2p6e6u75xmxt8.cloudfront.net\/13\/2026\/08\/BrychtaJan_West_Bohemia_Tour_20260823_141232_BJ5_0487-1024x683.webp\" srcset=\"https:\/\/d2p6e6u75xmxt8.cloudfront.net\/13\/2026\/08\/BrychtaJan_West_Bohemia_Tour_20260823_141232_BJ5_0487-scaled.webp 2560w, https:\/\/d2p6e6u75xmxt8.cloudfront.net\/13\/2026\/08\/BrychtaJan_West_Bohemia_Tour_20260823_141232_BJ5_0487-300x200.webp 300w, https:\/\/d2p6e6u75xmxt8.cloudfront.net\/13\/2026\/08\/BrychtaJan_West_Bohemia_Tour_20260823_141232_BJ5_0487-1024x683.webp 1024w, https:\/\/d2p6e6u75xmxt8.cloudfront.net\/13\/2026\/08\/BrychtaJan_West_Bohemia_Tour_20260823_141232_BJ5_0487-768x512.webp 768w, https:\/\/d2p6e6u75xmxt8.cloudfront.net\/13\/2026\/08\/BrychtaJan_West_Bohemia_Tour_20260823_141232_BJ5_0487-1536x1024.webp 1536w, https:\/\/d2p6e6u75xmxt8.cloudfront.net\/13\/2026\/08\/BrychtaJan_West_Bohemia_Tour_20260823_141232_BJ5_0487-2048x1365.webp 2048w, https:\/\/d2p6e6u75xmxt8.cloudfront.net\/13\/2026\/08\/BrychtaJan_West_Bohemia_Tour_20260823_141232_BJ5_0487-1920x1280.webp 1920w, https:\/\/d2p6e6u75xmxt8.cloudfront.net\/13\/2026\/08\/BrychtaJan_West_Bohemia_Tour_20260823_141232_BJ5_0487-400x267.webp 400w, https:\/\/d2p6e6u75xmxt8.cloudfront.net\/13\/2026\/08\/BrychtaJan_West_Bohemia_Tour_20260823_141232_BJ5_0487-272x182.webp 272w, https:\/\/d2p6e6u75xmxt8.cloudfront.net\/13\/2026\/08\/BrychtaJan_West_Bohemia_Tour_20260823_141232_BJ5_0487-1920x1280.webp 1920w\" width=\"1024\" height=\"683\" sizes=\"auto, (min-width: 1200px) 300px, (min-width: 768px) 25vw, 100vw\" alt=\"supertymy-lovi-posily-v-cesku\"\/><\/a><\/div>    <div class=\"entry-meta\">\n        <a class=\"label label-secondary post-category\" href=\"https:\/\/www.welovecycling.com\/cs\/category\/cyklistika\/\" title=\"Cyklistika\">Cyklistika<\/a>\n    <\/div>\n    <div class=\"entry-details\">\n        <a href=\"https:\/\/www.welovecycling.com\/cs\/2026\/08\/27\/supertymy-lovi-posily-v-cesku\/\" class='entry-title-wrapper'>\n            <h3 class=\"entry-title\"><span>Supert\u00fdmy lov\u00ed posily v \u010cesku!<\/span><\/h3>\n        <\/a>\n    <\/div>\n    <\/article>\n<\/div>\n<p>Borec m\u011b\u0159\u00edc\u00ed 185 centimetr\u016f s v\u00e1hou 62 kilogram\u016f, kter\u00fd je \u010dasto p\u0159irovn\u00e1n ke slavn\u011bj\u0161\u00edm krajan\u016fm, chce hlavn\u011b z\u016fstat s\u00e1m sebou. &#8222;Nechci, aby lid\u00e9 \u0159\u00edkali, \u017ee jsem druh\u00fd Tadej Poga\u010dar. Pogi je Pogi, nen\u00ed k tomu moc co dodat. A Rogli\u010d je tak\u00e9 neuv\u011b\u0159iteln\u00fd. Jsou to dva histori\u010dt\u00ed jezdci a pro Slovinsko je skv\u011bl\u00e9, \u017ee m\u00e1 takov\u00e9 cyklisty. Nejsem ni\u010d\u00ed kopie,&#8220; prohl\u00e1sil sebev\u011bdom\u011b dvacetilet\u00fd slovinsk\u00fd talent.<\/p>\n","protected":false},"excerpt":{"rendered":"<p>Nevy\u010derpateln\u00e1 studnice cyklistick\u00fdch talent\u016f? Slovinsko se py\u0161n\u00ed dal\u0161\u00edm v\u00edt\u011bzem etapy na Grand Tour. Je mu pouh\u00fdch dvacet let. Jakob Omrzel, [&hellip;]<\/p>\n","protected":false},"author":138,"featured_media":35314,"comment_status":"open","ping_status":"open","sticky":false,"template":"","format":"standard","meta":{"footnotes":""},"categories":[10],"tags":[3349,126,4794,9,502,4416],"global-categories":[411],"class_list":["post-35307","post","type-post","status-publish","format-standard","has-post-thumbnail","hentry","category-silnicni-cyklistika","tag-bahrain-victorious","tag-cyklistika","tag-jakob-omrzel","tag-silnicni-cyklistika","tag-tadej-pogacar","tag-vuelta-2026","global-categories-cycling"],"yoast_head":"<!-- This site is optimized with the Yoast SEO Premium plugin v25.3 (Yoast SEO v25.9) - https:\/\/yoast.com\/wordpress\/plugins\/seo\/ -->\n<title>Nov\u00fd Poga\u010dar? Jeden rekord u\u017e Omrzel krajanovi sebral | \u0160koda We Love Cycling - \u010cesk\u00e1 republika<\/title>\n<meta name=\"description\" content=\"Nevy\u010derpateln\u00e1 studnice cyklistick\u00fdch talent\u016f? Slovinsko se py\u0161n\u00ed dal\u0161\u00edm v\u00edt\u011bzem etapy na Grand Tour. Je mu pouh\u00fdch dvacet let. Jakob Omrzel, cyklista Bahrain Victorious, dokonce p\u0159i \u0161pan\u011blsk\u00e9 Vuelt\u011b p\u0159ekonal rekord, j\u00edm\u017e se py\u0161nil krajan Tadej Poga\u010dar, p\u011btin\u00e1sobn\u00fd \u0161ampion Tour de France!\" \/>\n<meta name=\"robots\" content=\"index, follow, max-snippet:-1, max-image-preview:large, max-video-preview:-1\" \/>\n<link rel=\"canonical\" href=\"https:\/\/www.welovecycling.com\/cs\/2026\/09\/04\/novy-pogacar-jeden-rekord-uz-omrzel-krajanovi-sebral\/\" \/>\n<meta property=\"og:locale\" content=\"cs_CZ\" \/>\n<meta property=\"og:type\" content=\"article\" \/>\n<meta property=\"og:title\" content=\"Nov\u00fd Poga\u010dar? Jeden rekord u\u017e Omrzel krajanovi sebral\" \/>\n<meta property=\"og:description\" content=\"Nevy\u010derpateln\u00e1 studnice cyklistick\u00fdch talent\u016f? Slovinsko se py\u0161n\u00ed dal\u0161\u00edm v\u00edt\u011bzem etapy na Grand Tour. Je mu pouh\u00fdch dvacet let. Jakob Omrzel, cyklista Bahrain Victorious, dokonce p\u0159i \u0161pan\u011blsk\u00e9 Vuelt\u011b p\u0159ekonal rekord, j\u00edm\u017e se py\u0161nil krajan Tadej Poga\u010dar, p\u011btin\u00e1sobn\u00fd \u0161ampion Tour de France!\" \/>\n<meta property=\"og:url\" content=\"https:\/\/www.welovecycling.com\/cs\/2026\/09\/04\/novy-pogacar-jeden-rekord-uz-omrzel-krajanovi-sebral\/\" \/>\n<meta property=\"og:site_name\" content=\"\u0160koda We Love Cycling - \u010cesk\u00e1 republika\" \/>\n<meta property=\"article:published_time\" content=\"2026-09-04T08:07:33+00:00\" \/>\n<meta property=\"og:image\" content=\"https:\/\/d2p6e6u75xmxt8.cloudfront.net\/13\/2026\/09\/profimedia-1130430282.webp\" \/>\n\t<meta property=\"og:image:width\" content=\"1800\" \/>\n\t<meta property=\"og:image:height\" content=\"1200\" \/>\n\t<meta property=\"og:image:type\" content=\"image\/webp\" \/>\n<meta name=\"author\" content=\"radekmalina\" \/>\n<meta name=\"twitter:card\" content=\"summary_large_image\" \/>\n<meta name=\"twitter:label1\" content=\"Written by\" \/>\n\t<meta name=\"twitter:data1\" content=\"We Love Cycling\" \/>\n\t<meta name=\"twitter:label2\" content=\"Est. reading time\" \/>\n\t<meta name=\"twitter:data2\" content=\"6\" \/>\n<script type=\"application\/ld+json\" class=\"yoast-schema-graph\">{\"@context\":\"https:\/\/schema.org\",\"@graph\":[{\"@type\":\"WebPage\",\"@id\":\"https:\/\/www.welovecycling.com\/cs\/2026\/09\/04\/novy-pogacar-jeden-rekord-uz-omrzel-krajanovi-sebral\/\",\"url\":\"https:\/\/www.welovecycling.com\/cs\/2026\/09\/04\/novy-pogacar-jeden-rekord-uz-omrzel-krajanovi-sebral\/\",\"name\":\"Nov\u00fd Poga\u010dar? Jeden rekord u\u017e Omrzel krajanovi sebral | \u0160koda We Love Cycling - \u010cesk\u00e1 republika\",\"isPartOf\":{\"@id\":\"https:\/\/www.welovecycling.com\/cs\/#website\"},\"primaryImageOfPage\":{\"@id\":\"https:\/\/www.welovecycling.com\/cs\/2026\/09\/04\/novy-pogacar-jeden-rekord-uz-omrzel-krajanovi-sebral\/#primaryimage\"},\"image\":{\"@id\":\"https:\/\/www.welovecycling.com\/cs\/2026\/09\/04\/novy-pogacar-jeden-rekord-uz-omrzel-krajanovi-sebral\/#primaryimage\"},\"thumbnailUrl\":\"https:\/\/d2p6e6u75xmxt8.cloudfront.net\/13\/2026\/09\/profimedia-1130430282.webp\",\"datePublished\":\"2026-09-04T08:07:33+00:00\",\"author\":{\"@id\":\"https:\/\/www.welovecycling.com\/cs\/#\/schema\/person\/d9eeb0a378f3a7e4a6d12d2b536b04b8\"},\"description\":\"Nevy\u010derpateln\u00e1 studnice cyklistick\u00fdch talent\u016f? Slovinsko se py\u0161n\u00ed dal\u0161\u00edm v\u00edt\u011bzem etapy na Grand Tour. Je mu pouh\u00fdch dvacet let. Jakob Omrzel, cyklista Bahrain Victorious, dokonce p\u0159i \u0161pan\u011blsk\u00e9 Vuelt\u011b p\u0159ekonal rekord, j\u00edm\u017e se py\u0161nil krajan Tadej Poga\u010dar, p\u011btin\u00e1sobn\u00fd \u0161ampion Tour de France!\",\"inLanguage\":\"cs\",\"potentialAction\":[{\"@type\":\"ReadAction\",\"target\":[\"https:\/\/www.welovecycling.com\/cs\/2026\/09\/04\/novy-pogacar-jeden-rekord-uz-omrzel-krajanovi-sebral\/\"]}]},{\"@type\":\"ImageObject\",\"inLanguage\":\"cs\",\"@id\":\"https:\/\/www.welovecycling.com\/cs\/2026\/09\/04\/novy-pogacar-jeden-rekord-uz-omrzel-krajanovi-sebral\/#primaryimage\",\"url\":\"https:\/\/d2p6e6u75xmxt8.cloudfront.net\/13\/2026\/09\/profimedia-1130430282.webp\",\"contentUrl\":\"https:\/\/d2p6e6u75xmxt8.cloudfront.net\/13\/2026\/09\/profimedia-1130430282.webp\",\"width\":1800,\"height\":1200,\"caption\":\"Jakob Omrzel Poga\u010dar\"},{\"@type\":\"WebSite\",\"@id\":\"https:\/\/www.welovecycling.com\/cs\/#website\",\"url\":\"https:\/\/www.welovecycling.com\/cs\/\",\"name\":\"\u0160koda We Love Cycling - \u010cesk\u00e1 republika\",\"description\":\"WeLoveCycling.cz je online magaz\u00edn, kter\u00fd v\u00e1m pravideln\u011b p\u0159in\u00e1\u0161\u00ed rady a tipy, zaj\u00edmav\u00e9 \u010dl\u00e1nky, videa a jedine\u010dn\u00e9 report\u00e1\u017ee ze sv\u011bta cyklistiky.\",\"potentialAction\":[{\"@type\":\"SearchAction\",\"target\":{\"@type\":\"EntryPoint\",\"urlTemplate\":\"https:\/\/www.welovecycling.com\/cs\/?s={search_term_string}\"},\"query-input\":{\"@type\":\"PropertyValueSpecification\",\"valueRequired\":true,\"valueName\":\"search_term_string\"}}],\"inLanguage\":\"cs\"},{\"@type\":\"Person\",\"@id\":\"https:\/\/www.welovecycling.com\/cs\/#\/schema\/person\/d9eeb0a378f3a7e4a6d12d2b536b04b8\",\"name\":\"radekmalina\",\"image\":{\"@type\":\"ImageObject\",\"inLanguage\":\"cs\",\"@id\":\"https:\/\/www.welovecycling.com\/cs\/#\/schema\/person\/image\/\",\"url\":\"https:\/\/secure.gravatar.com\/avatar\/66994b632cb8c39a46b9f54afa3ae07201b678d32a54275b6f1c9ffec356bfc0?s=96&d=mm&r=g\",\"contentUrl\":\"https:\/\/secure.gravatar.com\/avatar\/66994b632cb8c39a46b9f54afa3ae07201b678d32a54275b6f1c9ffec356bfc0?s=96&d=mm&r=g\",\"caption\":\"radekmalina\"},\"url\":\"https:\/\/www.welovecycling.com\/cs\/author\/radekmalina\/\"}]}<\/script>\n<!-- \/ Yoast SEO Premium plugin. -->","yoast_head_json":{"title":"Nov\u00fd Poga\u010dar? Jeden rekord u\u017e Omrzel krajanovi sebral | \u0160koda We Love Cycling - \u010cesk\u00e1 republika","description":"Nevy\u010derpateln\u00e1 studnice cyklistick\u00fdch talent\u016f? Slovinsko se py\u0161n\u00ed dal\u0161\u00edm v\u00edt\u011bzem etapy na Grand Tour. Je mu pouh\u00fdch dvacet let. Jakob Omrzel, cyklista Bahrain Victorious, dokonce p\u0159i \u0161pan\u011blsk\u00e9 Vuelt\u011b p\u0159ekonal rekord, j\u00edm\u017e se py\u0161nil krajan Tadej Poga\u010dar, p\u011btin\u00e1sobn\u00fd \u0161ampion Tour de France!","robots":{"index":"index","follow":"follow","max-snippet":"max-snippet:-1","max-image-preview":"max-image-preview:large","max-video-preview":"max-video-preview:-1"},"canonical":"https:\/\/www.welovecycling.com\/cs\/2026\/09\/04\/novy-pogacar-jeden-rekord-uz-omrzel-krajanovi-sebral\/","og_locale":"cs_CZ","og_type":"article","og_title":"Nov\u00fd Poga\u010dar? Jeden rekord u\u017e Omrzel krajanovi sebral","og_description":"Nevy\u010derpateln\u00e1 studnice cyklistick\u00fdch talent\u016f? Slovinsko se py\u0161n\u00ed dal\u0161\u00edm v\u00edt\u011bzem etapy na Grand Tour. Je mu pouh\u00fdch dvacet let. Jakob Omrzel, cyklista Bahrain Victorious, dokonce p\u0159i \u0161pan\u011blsk\u00e9 Vuelt\u011b p\u0159ekonal rekord, j\u00edm\u017e se py\u0161nil krajan Tadej Poga\u010dar, p\u011btin\u00e1sobn\u00fd \u0161ampion Tour de France!","og_url":"https:\/\/www.welovecycling.com\/cs\/2026\/09\/04\/novy-pogacar-jeden-rekord-uz-omrzel-krajanovi-sebral\/","og_site_name":"\u0160koda We Love Cycling - \u010cesk\u00e1 republika","article_published_time":"2026-09-04T08:07:33+00:00","og_image":[{"width":1800,"height":1200,"url":"https:\/\/d2p6e6u75xmxt8.cloudfront.net\/13\/2026\/09\/profimedia-1130430282.webp","type":"image\/webp"}],"author":"radekmalina","twitter_card":"summary_large_image","twitter_misc":{"Written by":"We Love Cycling","Est. reading time":"6"},"schema":{"@context":"https:\/\/schema.org","@graph":[{"@type":"WebPage","@id":"https:\/\/www.welovecycling.com\/cs\/2026\/09\/04\/novy-pogacar-jeden-rekord-uz-omrzel-krajanovi-sebral\/","url":"https:\/\/www.welovecycling.com\/cs\/2026\/09\/04\/novy-pogacar-jeden-rekord-uz-omrzel-krajanovi-sebral\/","name":"Nov\u00fd Poga\u010dar? Jeden rekord u\u017e Omrzel krajanovi sebral | \u0160koda We Love Cycling - \u010cesk\u00e1 republika","isPartOf":{"@id":"https:\/\/www.welovecycling.com\/cs\/#website"},"primaryImageOfPage":{"@id":"https:\/\/www.welovecycling.com\/cs\/2026\/09\/04\/novy-pogacar-jeden-rekord-uz-omrzel-krajanovi-sebral\/#primaryimage"},"image":{"@id":"https:\/\/www.welovecycling.com\/cs\/2026\/09\/04\/novy-pogacar-jeden-rekord-uz-omrzel-krajanovi-sebral\/#primaryimage"},"thumbnailUrl":"https:\/\/d2p6e6u75xmxt8.cloudfront.net\/13\/2026\/09\/profimedia-1130430282.webp","datePublished":"2026-09-04T08:07:33+00:00","author":{"@id":"https:\/\/www.welovecycling.com\/cs\/#\/schema\/person\/d9eeb0a378f3a7e4a6d12d2b536b04b8"},"description":"Nevy\u010derpateln\u00e1 studnice cyklistick\u00fdch talent\u016f? Slovinsko se py\u0161n\u00ed dal\u0161\u00edm v\u00edt\u011bzem etapy na Grand Tour. Je mu pouh\u00fdch dvacet let. Jakob Omrzel, cyklista Bahrain Victorious, dokonce p\u0159i \u0161pan\u011blsk\u00e9 Vuelt\u011b p\u0159ekonal rekord, j\u00edm\u017e se py\u0161nil krajan Tadej Poga\u010dar, p\u011btin\u00e1sobn\u00fd \u0161ampion Tour de France!","inLanguage":"cs","potentialAction":[{"@type":"ReadAction","target":["https:\/\/www.welovecycling.com\/cs\/2026\/09\/04\/novy-pogacar-jeden-rekord-uz-omrzel-krajanovi-sebral\/"]}]},{"@type":"ImageObject","inLanguage":"cs","@id":"https:\/\/www.welovecycling.com\/cs\/2026\/09\/04\/novy-pogacar-jeden-rekord-uz-omrzel-krajanovi-sebral\/#primaryimage","url":"https:\/\/d2p6e6u75xmxt8.cloudfront.net\/13\/2026\/09\/profimedia-1130430282.webp","contentUrl":"https:\/\/d2p6e6u75xmxt8.cloudfront.net\/13\/2026\/09\/profimedia-1130430282.webp","width":1800,"height":1200,"caption":"Jakob Omrzel Poga\u010dar"},{"@type":"WebSite","@id":"https:\/\/www.welovecycling.com\/cs\/#website","url":"https:\/\/www.welovecycling.com\/cs\/","name":"\u0160koda We Love Cycling - \u010cesk\u00e1 republika","description":"WeLoveCycling.cz je online magaz\u00edn, kter\u00fd v\u00e1m pravideln\u011b p\u0159in\u00e1\u0161\u00ed rady a tipy, zaj\u00edmav\u00e9 \u010dl\u00e1nky, videa a jedine\u010dn\u00e9 report\u00e1\u017ee ze sv\u011bta cyklistiky.","potentialAction":[{"@type":"SearchAction","target":{"@type":"EntryPoint","urlTemplate":"https:\/\/www.welovecycling.com\/cs\/?s={search_term_string}"},"query-input":{"@type":"PropertyValueSpecification","valueRequired":true,"valueName":"search_term_string"}}],"inLanguage":"cs"},{"@type":"Person","@id":"https:\/\/www.welovecycling.com\/cs\/#\/schema\/person\/d9eeb0a378f3a7e4a6d12d2b536b04b8","name":"radekmalina","image":{"@type":"ImageObject","inLanguage":"cs","@id":"https:\/\/www.welovecycling.com\/cs\/#\/schema\/person\/image\/","url":"https:\/\/secure.gravatar.com\/avatar\/66994b632cb8c39a46b9f54afa3ae07201b678d32a54275b6f1c9ffec356bfc0?s=96&d=mm&r=g","contentUrl":"https:\/\/secure.gravatar.com\/avatar\/66994b632cb8c39a46b9f54afa3ae07201b678d32a54275b6f1c9ffec356bfc0?s=96&d=mm&r=g","caption":"radekmalina"},"url":"https:\/\/www.welovecycling.com\/cs\/author\/radekmalina\/"}]}},"_links":{"self":[{"href":"https:\/\/www.welovecycling.com\/cs\/wp-json\/wp\/v2\/posts\/35307","targetHints":{"allow":["GET"]}}],"collection":[{"href":"https:\/\/www.welovecycling.com\/cs\/wp-json\/wp\/v2\/posts"}],"about":[{"href":"https:\/\/www.welovecycling.com\/cs\/wp-json\/wp\/v2\/types\/post"}],"author":[{"embeddable":true,"href":"https:\/\/www.welovecycling.com\/cs\/wp-json\/wp\/v2\/users\/138"}],"replies":[{"embeddable":true,"href":"https:\/\/www.welovecycling.com\/cs\/wp-json\/wp\/v2\/comments?post=35307"}],"version-history":[{"count":1,"href":"https:\/\/www.welovecycling.com\/cs\/wp-json\/wp\/v2\/posts\/35307\/revisions"}],"predecessor-version":[{"id":35315,"href":"https:\/\/www.welovecycling.com\/cs\/wp-json\/wp\/v2\/posts\/35307\/revisions\/35315"}],"wp:featuredmedia":[{"embeddable":true,"href":"https:\/\/www.welovecycling.com\/cs\/wp-json\/wp\/v2\/media\/35314"}],"wp:attachment":[{"href":"https:\/\/www.welovecycling.com\/cs\/wp-json\/wp\/v2\/media?parent=35307"}],"wp:term":[{"taxonomy":"category","embeddable":true,"href":"https:\/\/www.welovecycling.com\/cs\/wp-json\/wp\/v2\/categories?post=35307"},{"taxonomy":"post_tag","embeddable":true,"href":"https:\/\/www.welovecycling.com\/cs\/wp-json\/wp\/v2\/tags?post=35307"},{"taxonomy":"global-categories","embeddable":true,"href":"https:\/\/www.welovecycling.com\/cs\/wp-json\/wp\/v2\/global-categories?post=35307"}],"curies":[{"name":"wp","href":"https:\/\/api.w.org\/{rel}","templated":true}]}}