{"id":35303,"date":"2026-09-03T10:42:22","date_gmt":"2026-09-03T08:42:22","guid":{"rendered":"https:\/\/www.welovecycling.com\/cs\/?p=35303"},"modified":"2026-09-03T10:42:22","modified_gmt":"2026-09-03T08:42:22","slug":"vacek-vyhrou-ukazal-skvelou-formu-pro-mistrovstvi-sveta","status":"publish","type":"post","link":"https:\/\/www.welovecycling.com\/cs\/2026\/09\/03\/vacek-vyhrou-ukazal-skvelou-formu-pro-mistrovstvi-sveta\/","title":{"rendered":"Vacek v\u00fdhrou uk\u00e1zal skv\u011blou formu pro mistrovstv\u00ed sv\u011bta"},"content":{"rendered":"<p><strong>Mathias Vacek uk\u00e1zal skv\u011blou formu p\u0159ed bl\u00ed\u017e\u00edc\u00edm se mistrovstv\u00edm sv\u011bta v silni\u010dn\u00ed cyklistice, kter\u00e9 se uskute\u010dn\u00ed od 20. do 27. z\u00e1\u0159\u00ed v Kanad\u011b. \u010cty\u0159iadvacetilet\u00fd z\u00e1vodn\u00edk sestavy Lidl Trek ovl\u00e1dl \u010dasovku etapov\u00e9ho z\u00e1vodu ZLM Tour.<\/strong><\/p>\n<p>&#8222;Pro moje sebev\u011bdom\u00ed p\u0159ed sv\u011btov\u00fdm \u0161ampion\u00e1tem je triumf naprosto super,&#8220; lebedil si Mathias Vacek, kter\u00fd prolet\u011bl 21,1 km pr\u016fm\u011brnou rychlost\u00ed 53,373 kilometr\u016f v hodin\u011b za 23:43 minuty.<\/p>\n<h2><strong>Vacek p\u0159ekvapil s\u00e1m sebe<\/strong><\/h2>\n<p>\u00davodn\u00ed d\u011bjstv\u00ed ZLM Tour p\u0159ipom\u00ednalo klubov\u00fd \u0161ampion\u00e1t t\u00fdmu Lidl-Trek. \u010cesk\u00fd reprezentant slavil v\u00edt\u011bzstv\u00ed, jeho t\u00fdmov\u00ed kolegov\u00e9 Jakob S\u00f6derqvist, Max Walscheid a H\u00e9ctor \u00c1lvarez obsadili t\u0159et\u00ed, \u010dtvrt\u00e9 a p\u00e1t\u00e9 m\u00edsto. &#8222;Super v\u00fdkony p\u0159edvedl cel\u00fd t\u00fdm. M\u00e1me v Nizozemsku skv\u011bl\u00e9 \u010dasovk\u00e1\u0159e. Potvrdili jsme na\u0161i s\u00edlu,&#8220; \u0159\u00edkal Mathias Vacek.<\/p>\n<blockquote class=\"instagram-media\" style=\"background: #FFF; border: 0; border-radius: 3px; box-shadow: 0 0 1px 0 rgba(0,0,0,0.5),0 1px 10px 0 rgba(0,0,0,0.15); margin: 1px; max-width: 540px; min-width: 326px; padding: 0; width: calc(100% - 2px);\" data-instgrm-captioned=\"\" data-instgrm-permalink=\"https:\/\/www.instagram.com\/reel\/Dcy_ecoMGtH\/?utm_source=ig_embed&amp;utm_campaign=loading\" data-instgrm-version=\"14\">\n<div style=\"padding: 16px;\">\n<p>&nbsp;<\/p>\n<div style=\"display: flex; flex-direction: row; align-items: center;\">\n<div style=\"background-color: #f4f4f4; border-radius: 50%; flex-grow: 0; height: 40px; margin-right: 14px; width: 40px;\"><\/div>\n<div style=\"display: flex; flex-direction: column; flex-grow: 1; justify-content: center;\">\n<div style=\"background-color: #f4f4f4; border-radius: 4px; flex-grow: 0; height: 14px; margin-bottom: 6px; width: 100px;\"><\/div>\n<div style=\"background-color: #f4f4f4; border-radius: 4px; flex-grow: 0; height: 14px; width: 60px;\"><\/div>\n<\/div>\n<\/div>\n<div style=\"padding: 19% 0;\"><\/div>\n<div style=\"display: block; height: 50px; margin: 0 auto 12px; width: 50px;\"><\/div>\n<div style=\"padding-top: 8px;\">\n<div style=\"color: #3897f0; font-family: Arial,sans-serif; font-size: 14px; font-style: normal; font-weight: 550; line-height: 18px;\">Zobrazit p\u0159\u00edsp\u011bvek na Instagramu<\/div>\n<\/div>\n<div style=\"padding: 12.5% 0;\"><\/div>\n<div style=\"display: flex; flex-direction: row; margin-bottom: 14px; align-items: center;\">\n<div>\n<div style=\"background-color: #f4f4f4; border-radius: 50%; height: 12.5px; width: 12.5px; transform: translateX(0px) translateY(7px);\"><\/div>\n<div style=\"background-color: #f4f4f4; height: 12.5px; transform: rotate(-45deg) translateX(3px) translateY(1px); width: 12.5px; flex-grow: 0; margin-right: 14px; margin-left: 2px;\"><\/div>\n<div style=\"background-color: #f4f4f4; border-radius: 50%; height: 12.5px; width: 12.5px; transform: translateX(9px) translateY(-18px);\"><\/div>\n<\/div>\n<div style=\"margin-left: 8px;\">\n<div style=\"background-color: #f4f4f4; border-radius: 50%; flex-grow: 0; height: 20px; width: 20px;\"><\/div>\n<div style=\"width: 0; height: 0; border-top: 2px solid transparent; border-left: 6px solid #f4f4f4; border-bottom: 2px solid transparent; transform: translateX(16px) translateY(-4px) rotate(30deg);\"><\/div>\n<\/div>\n<div style=\"margin-left: auto;\">\n<div style=\"width: 0px; border-top: 8px solid #F4F4F4; border-right: 8px solid transparent; transform: translateY(16px);\"><\/div>\n<div style=\"background-color: #f4f4f4; flex-grow: 0; height: 12px; width: 16px; transform: translateY(-4px);\"><\/div>\n<div style=\"width: 0; height: 0; border-top: 8px solid #F4F4F4; border-left: 8px solid transparent; transform: translateY(-4px) translateX(8px);\"><\/div>\n<\/div>\n<\/div>\n<div style=\"display: flex; flex-direction: column; flex-grow: 1; justify-content: center; margin-bottom: 24px;\">\n<div style=\"background-color: #f4f4f4; border-radius: 4px; flex-grow: 0; height: 14px; margin-bottom: 6px; width: 224px;\"><\/div>\n<div style=\"background-color: #f4f4f4; border-radius: 4px; flex-grow: 0; height: 14px; width: 144px;\"><\/div>\n<\/div>\n<p>&nbsp;<\/p>\n<p style=\"color: #c9c8cd; font-family: Arial,sans-serif; font-size: 14px; line-height: 17px; margin-bottom: 0; margin-top: 8px; overflow: hidden; padding: 8px 0 7px; text-align: center; text-overflow: ellipsis; white-space: nowrap;\"><a style=\"color: #c9c8cd; font-family: Arial,sans-serif; font-size: 14px; font-style: normal; font-weight: normal; line-height: 17px; text-decoration: none;\" href=\"https:\/\/www.instagram.com\/reel\/Dcy_ecoMGtH\/?utm_source=ig_embed&amp;utm_campaign=loading\" target=\"_blank\" rel=\"noopener\">P\u0159\u00edsp\u011bvek sd\u00edlen\u00fd ZLM Tour (@zlmtour)<\/a><\/p>\n<\/div>\n<\/blockquote>\n<p><script async src=\"\/\/www.instagram.com\/embed.js\"><\/script>\u00a0Mezi borce sestavy s n\u011bmeckou licenc\u00ed se vkl\u00ednil jen Niklas Larsen z Unibet Rose Rockets, kter\u00fd na \u010desk\u00e9ho z\u00e1vodn\u00edka ztr\u00e1c\u00ed 20 sekund. &#8222;Jsem r\u00e1d, \u017ee jsem dok\u00e1zal vyhr\u00e1t. Moje p\u0159\u00edprava nebyla \u00fapln\u011b nejlep\u0161\u00ed. N\u00e1skok, kter\u00fd jsem m\u011bl v c\u00edli, byl tro\u0161ku nad moje o\u010dek\u00e1v\u00e1n\u00ed,&#8220; p\u0159iznal \u010desk\u00fd z\u00e1vodn\u00edk.<\/p>\n<p>\u00davodn\u00ed \u010dasovka jej pasovala do pozice hlavn\u00edho favorita na celkov\u00e9 v\u00edt\u011bzstv\u00ed. Zb\u00fdvaj\u00edc\u00ed \u010dty\u0159i etapy ZLM Tour jsou rovinat\u00e9. A postupn\u011b peloton b\u011bhem jednotliv\u00fdch d\u011bjstv\u00ed zdol\u00e1 275, 478, 259 a 296 v\u00fd\u0161kov\u00fdch metr\u016f.<\/p>\n<div class=\"shortcode-ys-post-pinup\"><article class=\"loop-simple post-35253 post type-post status-publish format-standard has-post-thumbnail hentry category-cyklistika tag-barbora-bukovska tag-cyklisticke-prestupy tag-cyklistika tag-julia-kopecky tag-kristyna-zemanova tag-pavel-bittner tag-prestupy tag-silnicni-cyklistika tag-supertymy tag-vaclav-jezek global-categories-cycling\" data-postid=\"35253\" role=\"article\" data-post-id=\"35253\" data-word-count=\"517\" data-headline-length=\"33\" data-category=\"Cyklistika\" data-global-category=\"Cycling\" data-author=\"We Love Cycling\" data-published=\"2026-08-27T09:30:40+02:00\" data-published-day=\"Thursday\">\n    <div class=\"entry-thumbnail article-thumbnail\" content=\"https:\/\/d2p6e6u75xmxt8.cloudfront.net\/13\/2026\/08\/BrychtaJan_West_Bohemia_Tour_20260823_141232_BJ5_0487-150x150.webp\"><a href=\"https:\/\/www.welovecycling.com\/cs\/2026\/08\/27\/supertymy-lovi-posily-v-cesku\/\" class=\"image-holder\" target=\"_self\"><img decoding=\"async\" loading=\"lazy\" class=\"\" src=\"https:\/\/d2p6e6u75xmxt8.cloudfront.net\/13\/2026\/08\/BrychtaJan_West_Bohemia_Tour_20260823_141232_BJ5_0487-1024x683.webp\" srcset=\"https:\/\/d2p6e6u75xmxt8.cloudfront.net\/13\/2026\/08\/BrychtaJan_West_Bohemia_Tour_20260823_141232_BJ5_0487-scaled.webp 2560w, https:\/\/d2p6e6u75xmxt8.cloudfront.net\/13\/2026\/08\/BrychtaJan_West_Bohemia_Tour_20260823_141232_BJ5_0487-300x200.webp 300w, https:\/\/d2p6e6u75xmxt8.cloudfront.net\/13\/2026\/08\/BrychtaJan_West_Bohemia_Tour_20260823_141232_BJ5_0487-1024x683.webp 1024w, https:\/\/d2p6e6u75xmxt8.cloudfront.net\/13\/2026\/08\/BrychtaJan_West_Bohemia_Tour_20260823_141232_BJ5_0487-768x512.webp 768w, https:\/\/d2p6e6u75xmxt8.cloudfront.net\/13\/2026\/08\/BrychtaJan_West_Bohemia_Tour_20260823_141232_BJ5_0487-1536x1024.webp 1536w, https:\/\/d2p6e6u75xmxt8.cloudfront.net\/13\/2026\/08\/BrychtaJan_West_Bohemia_Tour_20260823_141232_BJ5_0487-2048x1365.webp 2048w, https:\/\/d2p6e6u75xmxt8.cloudfront.net\/13\/2026\/08\/BrychtaJan_West_Bohemia_Tour_20260823_141232_BJ5_0487-1920x1280.webp 1920w, https:\/\/d2p6e6u75xmxt8.cloudfront.net\/13\/2026\/08\/BrychtaJan_West_Bohemia_Tour_20260823_141232_BJ5_0487-400x267.webp 400w, https:\/\/d2p6e6u75xmxt8.cloudfront.net\/13\/2026\/08\/BrychtaJan_West_Bohemia_Tour_20260823_141232_BJ5_0487-272x182.webp 272w, https:\/\/d2p6e6u75xmxt8.cloudfront.net\/13\/2026\/08\/BrychtaJan_West_Bohemia_Tour_20260823_141232_BJ5_0487-1920x1280.webp 1920w\" width=\"1024\" height=\"683\" sizes=\"auto, (min-width: 1200px) 300px, (min-width: 768px) 25vw, 100vw\" alt=\"supertymy-lovi-posily-v-cesku\"\/><\/a><\/div>    <div class=\"entry-meta\">\n        <a class=\"label label-secondary post-category\" href=\"https:\/\/www.welovecycling.com\/cs\/category\/cyklistika\/\" title=\"Cyklistika\">Cyklistika<\/a>\n    <\/div>\n    <div class=\"entry-details\">\n        <a href=\"https:\/\/www.welovecycling.com\/cs\/2026\/08\/27\/supertymy-lovi-posily-v-cesku\/\" class='entry-title-wrapper'>\n            <h3 class=\"entry-title\"><span>Supert\u00fdmy lov\u00ed posily v \u010cesku!<\/span><\/h3>\n        <\/a>\n    <\/div>\n    <\/article>\n<\/div>\n<p>&#8222;Bude d\u016fle\u017eit\u00e9 z\u016fstat hlavn\u011b na kole. Jel jsem do Nizozemska hlavn\u011b kv\u016fli \u010dasovce. V\u011bd\u011bl jsem, \u017ee ji mus\u00edm zajet skv\u011ble, pokud chci usp\u011bt v celkov\u00e9m po\u0159ad\u00ed,&#8220; p\u0159iznal Mathias Vacek, \u017ee si cht\u011bl otestovat nohy p\u0159ed vystoupen\u00edm v Kanad\u011b.<\/p>\n<p>Bitva s chronometrem je v Montrealu na programu 20. z\u00e1\u0159\u00ed. Cyklist\u00e9 v Kanad\u011b pojedou 39,2 km. Ve srovn\u00e1n\u00ed se z\u00e1vodem v Nizozemsku, kde cyklist\u00e9 nastoupali p\u0159i \u010dasovce 21 metr\u016f, \u010dek\u00e1 p\u0159i z\u00e1vod\u011b o duhov\u00fd trikot na cyklisty 220 v\u00fd\u0161kov\u00fdch metr\u016f.<\/p>\n","protected":false},"excerpt":{"rendered":"<p>Mathias Vacek uk\u00e1zal skv\u011blou formu p\u0159ed bl\u00ed\u017e\u00edc\u00edm se mistrovstv\u00edm sv\u011bta v silni\u010dn\u00ed cyklistice, kter\u00e9 se uskute\u010dn\u00ed od 20. do 27. [&hellip;]<\/p>\n","protected":false},"author":138,"featured_media":35304,"comment_status":"open","ping_status":"open","sticky":false,"template":"","format":"standard","meta":{"footnotes":""},"categories":[10],"tags":[126,3152,305,1154,9,4793],"global-categories":[411],"class_list":["post-35303","post","type-post","status-publish","format-standard","has-post-thumbnail","hentry","category-silnicni-cyklistika","tag-cyklistika","tag-lidl-trek","tag-mathias-vacek","tag-mistrovstvi-sveta","tag-silnicni-cyklistika","tag-zlm-tour","global-categories-cycling"],"yoast_head":"<!-- This site is optimized with the Yoast SEO Premium plugin v25.3 (Yoast SEO v25.9) - https:\/\/yoast.com\/wordpress\/plugins\/seo\/ -->\n<title>Vacek v\u00fdhrou uk\u00e1zal skv\u011blou formu pro mistrovstv\u00ed sv\u011bta | \u0160koda We Love Cycling - \u010cesk\u00e1 republika<\/title>\n<meta name=\"description\" content=\"Mathias Vacek uk\u00e1zal skv\u011blou formu p\u0159ed bl\u00ed\u017e\u00edc\u00edm se mistrovstv\u00edm sv\u011bta v silni\u010dn\u00ed cyklistice, kter\u00e9 se uskute\u010dn\u00ed od 20. do 27. z\u00e1\u0159\u00ed v Kanad\u011b. \u010cty\u0159iadvacetilet\u00fd z\u00e1vodn\u00edk sestavy Lidl-Trek ovl\u00e1dl \u010dasovku etapov\u00e9ho z\u00e1vodu ZLM Tour.\" \/>\n<meta name=\"robots\" content=\"index, follow, max-snippet:-1, max-image-preview:large, max-video-preview:-1\" \/>\n<link rel=\"canonical\" href=\"https:\/\/www.welovecycling.com\/cs\/2026\/09\/03\/vacek-vyhrou-ukazal-skvelou-formu-pro-mistrovstvi-sveta\/\" \/>\n<meta property=\"og:locale\" content=\"cs_CZ\" \/>\n<meta property=\"og:type\" content=\"article\" \/>\n<meta property=\"og:title\" content=\"Vacek v\u00fdhrou uk\u00e1zal skv\u011blou formu pro mistrovstv\u00ed sv\u011bta\" \/>\n<meta property=\"og:description\" content=\"Mathias Vacek uk\u00e1zal skv\u011blou formu p\u0159ed bl\u00ed\u017e\u00edc\u00edm se mistrovstv\u00edm sv\u011bta v silni\u010dn\u00ed cyklistice, kter\u00e9 se uskute\u010dn\u00ed od 20. do 27. z\u00e1\u0159\u00ed v Kanad\u011b. \u010cty\u0159iadvacetilet\u00fd z\u00e1vodn\u00edk sestavy Lidl-Trek ovl\u00e1dl \u010dasovku etapov\u00e9ho z\u00e1vodu ZLM Tour.\" \/>\n<meta property=\"og:url\" content=\"https:\/\/www.welovecycling.com\/cs\/2026\/09\/03\/vacek-vyhrou-ukazal-skvelou-formu-pro-mistrovstvi-sveta\/\" \/>\n<meta property=\"og:site_name\" content=\"\u0160koda We Love Cycling - \u010cesk\u00e1 republika\" \/>\n<meta property=\"article:published_time\" content=\"2026-09-03T08:42:22+00:00\" \/>\n<meta property=\"og:image\" content=\"https:\/\/d2p6e6u75xmxt8.cloudfront.net\/13\/2026\/09\/profimedia-1127881715.webp\" \/>\n\t<meta property=\"og:image:width\" content=\"1800\" \/>\n\t<meta property=\"og:image:height\" content=\"1200\" \/>\n\t<meta property=\"og:image:type\" content=\"image\/webp\" \/>\n<meta name=\"author\" content=\"radekmalina\" \/>\n<meta name=\"twitter:card\" content=\"summary_large_image\" \/>\n<meta name=\"twitter:label1\" content=\"Written by\" \/>\n\t<meta name=\"twitter:data1\" content=\"We Love Cycling\" \/>\n\t<meta name=\"twitter:label2\" content=\"Est. reading time\" \/>\n\t<meta name=\"twitter:data2\" content=\"6\" \/>\n<script type=\"application\/ld+json\" class=\"yoast-schema-graph\">{\"@context\":\"https:\/\/schema.org\",\"@graph\":[{\"@type\":\"WebPage\",\"@id\":\"https:\/\/www.welovecycling.com\/cs\/2026\/09\/03\/vacek-vyhrou-ukazal-skvelou-formu-pro-mistrovstvi-sveta\/\",\"url\":\"https:\/\/www.welovecycling.com\/cs\/2026\/09\/03\/vacek-vyhrou-ukazal-skvelou-formu-pro-mistrovstvi-sveta\/\",\"name\":\"Vacek v\u00fdhrou uk\u00e1zal skv\u011blou formu pro mistrovstv\u00ed sv\u011bta | \u0160koda We Love Cycling - \u010cesk\u00e1 republika\",\"isPartOf\":{\"@id\":\"https:\/\/www.welovecycling.com\/cs\/#website\"},\"primaryImageOfPage\":{\"@id\":\"https:\/\/www.welovecycling.com\/cs\/2026\/09\/03\/vacek-vyhrou-ukazal-skvelou-formu-pro-mistrovstvi-sveta\/#primaryimage\"},\"image\":{\"@id\":\"https:\/\/www.welovecycling.com\/cs\/2026\/09\/03\/vacek-vyhrou-ukazal-skvelou-formu-pro-mistrovstvi-sveta\/#primaryimage\"},\"thumbnailUrl\":\"https:\/\/d2p6e6u75xmxt8.cloudfront.net\/13\/2026\/09\/profimedia-1127881715.webp\",\"datePublished\":\"2026-09-03T08:42:22+00:00\",\"author\":{\"@id\":\"https:\/\/www.welovecycling.com\/cs\/#\/schema\/person\/d9eeb0a378f3a7e4a6d12d2b536b04b8\"},\"description\":\"Mathias Vacek uk\u00e1zal skv\u011blou formu p\u0159ed bl\u00ed\u017e\u00edc\u00edm se mistrovstv\u00edm sv\u011bta v silni\u010dn\u00ed cyklistice, kter\u00e9 se uskute\u010dn\u00ed od 20. do 27. z\u00e1\u0159\u00ed v Kanad\u011b. \u010cty\u0159iadvacetilet\u00fd z\u00e1vodn\u00edk sestavy Lidl-Trek ovl\u00e1dl \u010dasovku etapov\u00e9ho z\u00e1vodu ZLM Tour.\",\"inLanguage\":\"cs\",\"potentialAction\":[{\"@type\":\"ReadAction\",\"target\":[\"https:\/\/www.welovecycling.com\/cs\/2026\/09\/03\/vacek-vyhrou-ukazal-skvelou-formu-pro-mistrovstvi-sveta\/\"]}]},{\"@type\":\"ImageObject\",\"inLanguage\":\"cs\",\"@id\":\"https:\/\/www.welovecycling.com\/cs\/2026\/09\/03\/vacek-vyhrou-ukazal-skvelou-formu-pro-mistrovstvi-sveta\/#primaryimage\",\"url\":\"https:\/\/d2p6e6u75xmxt8.cloudfront.net\/13\/2026\/09\/profimedia-1127881715.webp\",\"contentUrl\":\"https:\/\/d2p6e6u75xmxt8.cloudfront.net\/13\/2026\/09\/profimedia-1127881715.webp\",\"width\":1800,\"height\":1200,\"caption\":\"Mathias Vacek ZLM Tour Lidl Trek\"},{\"@type\":\"WebSite\",\"@id\":\"https:\/\/www.welovecycling.com\/cs\/#website\",\"url\":\"https:\/\/www.welovecycling.com\/cs\/\",\"name\":\"\u0160koda We Love Cycling - \u010cesk\u00e1 republika\",\"description\":\"WeLoveCycling.cz je online magaz\u00edn, kter\u00fd v\u00e1m pravideln\u011b p\u0159in\u00e1\u0161\u00ed rady a tipy, zaj\u00edmav\u00e9 \u010dl\u00e1nky, videa a jedine\u010dn\u00e9 report\u00e1\u017ee ze sv\u011bta cyklistiky.\",\"potentialAction\":[{\"@type\":\"SearchAction\",\"target\":{\"@type\":\"EntryPoint\",\"urlTemplate\":\"https:\/\/www.welovecycling.com\/cs\/?s={search_term_string}\"},\"query-input\":{\"@type\":\"PropertyValueSpecification\",\"valueRequired\":true,\"valueName\":\"search_term_string\"}}],\"inLanguage\":\"cs\"},{\"@type\":\"Person\",\"@id\":\"https:\/\/www.welovecycling.com\/cs\/#\/schema\/person\/d9eeb0a378f3a7e4a6d12d2b536b04b8\",\"name\":\"radekmalina\",\"image\":{\"@type\":\"ImageObject\",\"inLanguage\":\"cs\",\"@id\":\"https:\/\/www.welovecycling.com\/cs\/#\/schema\/person\/image\/\",\"url\":\"https:\/\/secure.gravatar.com\/avatar\/66994b632cb8c39a46b9f54afa3ae07201b678d32a54275b6f1c9ffec356bfc0?s=96&d=mm&r=g\",\"contentUrl\":\"https:\/\/secure.gravatar.com\/avatar\/66994b632cb8c39a46b9f54afa3ae07201b678d32a54275b6f1c9ffec356bfc0?s=96&d=mm&r=g\",\"caption\":\"radekmalina\"},\"url\":\"https:\/\/www.welovecycling.com\/cs\/author\/radekmalina\/\"}]}<\/script>\n<!-- \/ Yoast SEO Premium plugin. -->","yoast_head_json":{"title":"Vacek v\u00fdhrou uk\u00e1zal skv\u011blou formu pro mistrovstv\u00ed sv\u011bta | \u0160koda We Love Cycling - \u010cesk\u00e1 republika","description":"Mathias Vacek uk\u00e1zal skv\u011blou formu p\u0159ed bl\u00ed\u017e\u00edc\u00edm se mistrovstv\u00edm sv\u011bta v silni\u010dn\u00ed cyklistice, kter\u00e9 se uskute\u010dn\u00ed od 20. do 27. z\u00e1\u0159\u00ed v Kanad\u011b. \u010cty\u0159iadvacetilet\u00fd z\u00e1vodn\u00edk sestavy Lidl-Trek ovl\u00e1dl \u010dasovku etapov\u00e9ho z\u00e1vodu ZLM Tour.","robots":{"index":"index","follow":"follow","max-snippet":"max-snippet:-1","max-image-preview":"max-image-preview:large","max-video-preview":"max-video-preview:-1"},"canonical":"https:\/\/www.welovecycling.com\/cs\/2026\/09\/03\/vacek-vyhrou-ukazal-skvelou-formu-pro-mistrovstvi-sveta\/","og_locale":"cs_CZ","og_type":"article","og_title":"Vacek v\u00fdhrou uk\u00e1zal skv\u011blou formu pro mistrovstv\u00ed sv\u011bta","og_description":"Mathias Vacek uk\u00e1zal skv\u011blou formu p\u0159ed bl\u00ed\u017e\u00edc\u00edm se mistrovstv\u00edm sv\u011bta v silni\u010dn\u00ed cyklistice, kter\u00e9 se uskute\u010dn\u00ed od 20. do 27. z\u00e1\u0159\u00ed v Kanad\u011b. \u010cty\u0159iadvacetilet\u00fd z\u00e1vodn\u00edk sestavy Lidl-Trek ovl\u00e1dl \u010dasovku etapov\u00e9ho z\u00e1vodu ZLM Tour.","og_url":"https:\/\/www.welovecycling.com\/cs\/2026\/09\/03\/vacek-vyhrou-ukazal-skvelou-formu-pro-mistrovstvi-sveta\/","og_site_name":"\u0160koda We Love Cycling - \u010cesk\u00e1 republika","article_published_time":"2026-09-03T08:42:22+00:00","og_image":[{"width":1800,"height":1200,"url":"https:\/\/d2p6e6u75xmxt8.cloudfront.net\/13\/2026\/09\/profimedia-1127881715.webp","type":"image\/webp"}],"author":"radekmalina","twitter_card":"summary_large_image","twitter_misc":{"Written by":"We Love Cycling","Est. reading time":"6"},"schema":{"@context":"https:\/\/schema.org","@graph":[{"@type":"WebPage","@id":"https:\/\/www.welovecycling.com\/cs\/2026\/09\/03\/vacek-vyhrou-ukazal-skvelou-formu-pro-mistrovstvi-sveta\/","url":"https:\/\/www.welovecycling.com\/cs\/2026\/09\/03\/vacek-vyhrou-ukazal-skvelou-formu-pro-mistrovstvi-sveta\/","name":"Vacek v\u00fdhrou uk\u00e1zal skv\u011blou formu pro mistrovstv\u00ed sv\u011bta | \u0160koda We Love Cycling - \u010cesk\u00e1 republika","isPartOf":{"@id":"https:\/\/www.welovecycling.com\/cs\/#website"},"primaryImageOfPage":{"@id":"https:\/\/www.welovecycling.com\/cs\/2026\/09\/03\/vacek-vyhrou-ukazal-skvelou-formu-pro-mistrovstvi-sveta\/#primaryimage"},"image":{"@id":"https:\/\/www.welovecycling.com\/cs\/2026\/09\/03\/vacek-vyhrou-ukazal-skvelou-formu-pro-mistrovstvi-sveta\/#primaryimage"},"thumbnailUrl":"https:\/\/d2p6e6u75xmxt8.cloudfront.net\/13\/2026\/09\/profimedia-1127881715.webp","datePublished":"2026-09-03T08:42:22+00:00","author":{"@id":"https:\/\/www.welovecycling.com\/cs\/#\/schema\/person\/d9eeb0a378f3a7e4a6d12d2b536b04b8"},"description":"Mathias Vacek uk\u00e1zal skv\u011blou formu p\u0159ed bl\u00ed\u017e\u00edc\u00edm se mistrovstv\u00edm sv\u011bta v silni\u010dn\u00ed cyklistice, kter\u00e9 se uskute\u010dn\u00ed od 20. do 27. z\u00e1\u0159\u00ed v Kanad\u011b. \u010cty\u0159iadvacetilet\u00fd z\u00e1vodn\u00edk sestavy Lidl-Trek ovl\u00e1dl \u010dasovku etapov\u00e9ho z\u00e1vodu ZLM Tour.","inLanguage":"cs","potentialAction":[{"@type":"ReadAction","target":["https:\/\/www.welovecycling.com\/cs\/2026\/09\/03\/vacek-vyhrou-ukazal-skvelou-formu-pro-mistrovstvi-sveta\/"]}]},{"@type":"ImageObject","inLanguage":"cs","@id":"https:\/\/www.welovecycling.com\/cs\/2026\/09\/03\/vacek-vyhrou-ukazal-skvelou-formu-pro-mistrovstvi-sveta\/#primaryimage","url":"https:\/\/d2p6e6u75xmxt8.cloudfront.net\/13\/2026\/09\/profimedia-1127881715.webp","contentUrl":"https:\/\/d2p6e6u75xmxt8.cloudfront.net\/13\/2026\/09\/profimedia-1127881715.webp","width":1800,"height":1200,"caption":"Mathias Vacek ZLM Tour Lidl Trek"},{"@type":"WebSite","@id":"https:\/\/www.welovecycling.com\/cs\/#website","url":"https:\/\/www.welovecycling.com\/cs\/","name":"\u0160koda We Love Cycling - \u010cesk\u00e1 republika","description":"WeLoveCycling.cz je online magaz\u00edn, kter\u00fd v\u00e1m pravideln\u011b p\u0159in\u00e1\u0161\u00ed rady a tipy, zaj\u00edmav\u00e9 \u010dl\u00e1nky, videa a jedine\u010dn\u00e9 report\u00e1\u017ee ze sv\u011bta cyklistiky.","potentialAction":[{"@type":"SearchAction","target":{"@type":"EntryPoint","urlTemplate":"https:\/\/www.welovecycling.com\/cs\/?s={search_term_string}"},"query-input":{"@type":"PropertyValueSpecification","valueRequired":true,"valueName":"search_term_string"}}],"inLanguage":"cs"},{"@type":"Person","@id":"https:\/\/www.welovecycling.com\/cs\/#\/schema\/person\/d9eeb0a378f3a7e4a6d12d2b536b04b8","name":"radekmalina","image":{"@type":"ImageObject","inLanguage":"cs","@id":"https:\/\/www.welovecycling.com\/cs\/#\/schema\/person\/image\/","url":"https:\/\/secure.gravatar.com\/avatar\/66994b632cb8c39a46b9f54afa3ae07201b678d32a54275b6f1c9ffec356bfc0?s=96&d=mm&r=g","contentUrl":"https:\/\/secure.gravatar.com\/avatar\/66994b632cb8c39a46b9f54afa3ae07201b678d32a54275b6f1c9ffec356bfc0?s=96&d=mm&r=g","caption":"radekmalina"},"url":"https:\/\/www.welovecycling.com\/cs\/author\/radekmalina\/"}]}},"_links":{"self":[{"href":"https:\/\/www.welovecycling.com\/cs\/wp-json\/wp\/v2\/posts\/35303","targetHints":{"allow":["GET"]}}],"collection":[{"href":"https:\/\/www.welovecycling.com\/cs\/wp-json\/wp\/v2\/posts"}],"about":[{"href":"https:\/\/www.welovecycling.com\/cs\/wp-json\/wp\/v2\/types\/post"}],"author":[{"embeddable":true,"href":"https:\/\/www.welovecycling.com\/cs\/wp-json\/wp\/v2\/users\/138"}],"replies":[{"embeddable":true,"href":"https:\/\/www.welovecycling.com\/cs\/wp-json\/wp\/v2\/comments?post=35303"}],"version-history":[{"count":2,"href":"https:\/\/www.welovecycling.com\/cs\/wp-json\/wp\/v2\/posts\/35303\/revisions"}],"predecessor-version":[{"id":35306,"href":"https:\/\/www.welovecycling.com\/cs\/wp-json\/wp\/v2\/posts\/35303\/revisions\/35306"}],"wp:featuredmedia":[{"embeddable":true,"href":"https:\/\/www.welovecycling.com\/cs\/wp-json\/wp\/v2\/media\/35304"}],"wp:attachment":[{"href":"https:\/\/www.welovecycling.com\/cs\/wp-json\/wp\/v2\/media?parent=35303"}],"wp:term":[{"taxonomy":"category","embeddable":true,"href":"https:\/\/www.welovecycling.com\/cs\/wp-json\/wp\/v2\/categories?post=35303"},{"taxonomy":"post_tag","embeddable":true,"href":"https:\/\/www.welovecycling.com\/cs\/wp-json\/wp\/v2\/tags?post=35303"},{"taxonomy":"global-categories","embeddable":true,"href":"https:\/\/www.welovecycling.com\/cs\/wp-json\/wp\/v2\/global-categories?post=35303"}],"curies":[{"name":"wp","href":"https:\/\/api.w.org\/{rel}","templated":true}]}}