{"id":35296,"date":"2026-09-03T14:00:11","date_gmt":"2026-09-03T12:00:11","guid":{"rendered":"https:\/\/www.welovecycling.com\/cs\/?p=35296"},"modified":"2026-09-03T10:43:45","modified_gmt":"2026-09-03T08:43:45","slug":"mas-citi-zivotni-sanci-ale-ma-jednu-slabinu","status":"publish","type":"post","link":"https:\/\/www.welovecycling.com\/cs\/2026\/09\/03\/mas-citi-zivotni-sanci-ale-ma-jednu-slabinu\/","title":{"rendered":"Mas c\u00edt\u00ed \u017eivotn\u00ed \u0161anci. Ale m\u00e1 jednu slabinu"},"content":{"rendered":"<p><strong>Extr\u00e9mn\u011b motivovan\u00fd l\u00eddr Enric Mas, kter\u00fd c\u00edt\u00ed \u017eivotn\u00ed \u0161anci. A z\u00e1stup sup\u016f, jim\u017e se naskytla p\u0159\u00edle\u017eitost, v n\u00ed\u017e nedoufali. Vuelta nab\u00eddne v druh\u00e9 polovin\u011b, kdy u\u017e nen\u00ed ve startovn\u00ed listin\u011b fenom\u00e9n Tadej Poga\u010dar, mimo\u0159\u00e1dn\u011b atraktivn\u00ed z\u00e1vod\u011bn\u00ed. &#8222;Z\u00edskali jsme nejzaj\u00edmav\u011bj\u0161\u00ed Grand Tour sezony kv\u016fli jednomu kameni na silnici,&#8220; \u0159\u00edk\u00e1 Zden\u011bk \u0160tybar, ambasador \u0160koda We Love Cycling, v nar\u00e1\u017ece na karambol slovinsk\u00e9ho l\u00eddra UAE Emirates XRG.<\/strong><\/p>\n<p>&#8222;Vuelta nab\u00eddne v druh\u00e9 polovin\u011b \u00fapln\u011b jin\u00e9 z\u00e1vod\u011bn\u00ed. Enric Mas ukazuje skv\u011blou formu. V\u00edt\u011bzstv\u00edm v dev\u00e1t\u00e9 etap\u011b ur\u010dit\u011b z\u00edskal obrovsk\u00e9 <a href=\"https:\/\/www.welovecycling.com\/cs\/2026\/08\/31\/dar-nebo-prokleti-utnul-1563-dnu-cekani-a-doufa-ze-naplni-rudy-sen\/\">sebev\u011bdom\u00ed<\/a>. V\u017edy\u0165 na v\u00fdhru \u010dekal bez jednoho m\u011bs\u00edce \u010dty\u0159i roky. A to je sakra dlouh\u00e1 doba. Nepochybn\u011b je extr\u00e9mn\u011b motivovan\u00fd, proto\u017ee kdy\u017e vypadl Tadej Poga\u010dar, c\u00edt\u00ed \u017eivotn\u00ed p\u0159\u00edle\u017eitost na celkov\u00fd triumf z Grand Tour. Nav\u00edc je to Vuelta, jeho dom\u00e1c\u00ed z\u00e1vod.<\/p>\n<h2><strong>Mas mus\u00ed v\u0161e zvl\u00e1dnout v hlav\u011b<\/strong><\/h2>\n<p>Dva roky jsme o n\u011bm po\u0159\u00e1dn\u011b nesly\u0161eli. Je\u0161t\u011b v pr\u016fb\u011bhu leto\u0161n\u00edho Gira byl Enric Mas a\u017e na jednu etapu nev\u00fdrazn\u00fd. Pro\u0161el si zran\u011bn\u00edm, v minulosti bojoval i s psychickou str\u00e1nkou v d\u016fsledku p\u00e1du p\u0159i sjezdu. Aktu\u00e1ln\u011b jezd\u00ed neskute\u010dn\u011b dob\u0159e. Moc bych mu \u00fasp\u011bch p\u0159\u00e1l, proto\u017ee se velmi dob\u0159e zn\u00e1me. \u010casto jsem s n\u00edm je\u0161t\u011b b\u011bhem aktivn\u00ed kari\u00e9ry tr\u00e9noval na Mallorce, kde jsem m\u011bl d\u016fm a on je tamn\u00edm rod\u00e1kem. Jezdili jsme v\u00e1\u017en\u011b hodn\u011b.<\/p>\n<p>M\u00e1 solidn\u00ed n\u00e1skok. C\u00edt\u00ed velkou \u0161anci. Ale mus\u00ed v\u0161e ust\u00e1t hlavou. A jeho t\u00fdm Movistar zase takticky. Zb\u00fdvaj\u00edc\u00ed etapy Vuelty toti\u017e nebudou o jednom soupe\u0159i, ale hned o n\u011bkolika jezdc\u00edch, kte\u0159\u00ed budou m\u00edt ambice na \u010derven\u00fd trikot. Enric Mas je vynikaj\u00edc\u00ed tempa\u0159, ale nen\u00ed explozivn\u00ed. A nem\u00e1 tak silnou \u010dasovku. I proto m\u00e1m jin\u00e9ho favorita.<\/p>\n<figure id=\"attachment_35284\" aria-describedby=\"caption-attachment-35284\" style=\"width: 1680px\" class=\"wp-caption alignnone\"><a href=\"https:\/\/d2p6e6u75xmxt8.cloudfront.net\/13\/2026\/08\/20260830LV09-A.S.O-Cxcling-Miguel-Ena-E2_00089.webp\"><img loading=\"lazy\" decoding=\"async\" class=\"size-full wp-image-35284\" src=\"https:\/\/d2p6e6u75xmxt8.cloudfront.net\/13\/2026\/08\/20260830LV09-A.S.O-Cxcling-Miguel-Ena-E2_00089.webp\" alt=\"\" width=\"1680\" height=\"1120\" srcset=\"https:\/\/d2p6e6u75xmxt8.cloudfront.net\/13\/2026\/08\/20260830LV09-A.S.O-Cxcling-Miguel-Ena-E2_00089.webp 1680w, https:\/\/d2p6e6u75xmxt8.cloudfront.net\/13\/2026\/08\/20260830LV09-A.S.O-Cxcling-Miguel-Ena-E2_00089-300x200.webp 300w, https:\/\/d2p6e6u75xmxt8.cloudfront.net\/13\/2026\/08\/20260830LV09-A.S.O-Cxcling-Miguel-Ena-E2_00089-1024x683.webp 1024w, https:\/\/d2p6e6u75xmxt8.cloudfront.net\/13\/2026\/08\/20260830LV09-A.S.O-Cxcling-Miguel-Ena-E2_00089-768x512.webp 768w, https:\/\/d2p6e6u75xmxt8.cloudfront.net\/13\/2026\/08\/20260830LV09-A.S.O-Cxcling-Miguel-Ena-E2_00089-1536x1024.webp 1536w, https:\/\/d2p6e6u75xmxt8.cloudfront.net\/13\/2026\/08\/20260830LV09-A.S.O-Cxcling-Miguel-Ena-E2_00089-400x267.webp 400w, https:\/\/d2p6e6u75xmxt8.cloudfront.net\/13\/2026\/08\/20260830LV09-A.S.O-Cxcling-Miguel-Ena-E2_00089-272x182.webp 272w\" sizes=\"auto, (max-width: 1680px) 100vw, 1680px\" \/><\/a><figcaption id=\"caption-attachment-35284\" class=\"wp-caption-text\"><em>Enric Mas obklopen\u00fd t\u00fdmov\u00fdmi kolegy z Movistaru.<\/em><\/figcaption><\/figure>\n<p>Vuelta m\u00e1 v programu je\u0161t\u011b jednu \u010dasovku. Osmn\u00e1ct\u00e1 etapa je bojem proti chronometru na dvaat\u0159icet kilometr\u016f. A to je v\u00e1\u017en\u011b hodn\u011b. Proto je m\u016fj favorit na celkov\u00e9 v\u00edt\u011bzstv\u00ed Primo\u017e Rogli\u010d z Red Bull Bora Hansgrohe. Jeho manko je minim\u00e1ln\u00ed. A tipuji, \u017ee pr\u00e1v\u011b t\u0159i dny p\u0159ed koncem z\u00e1vodu si obl\u00e9kne \u010derven\u00fd dres. Na takov\u00e9 vzd\u00e1lenosti v \u010dasovce klidn\u011b m\u016f\u017ee ztr\u00e1tu sedmdes\u00e1t osm sekund smazat. Mysl\u00edm, \u017ee p\u0159i vidin\u011b rekordn\u00edho p\u00e1t\u00e9ho triumfu z Vuelty zajede \u017eivotn\u00ed \u010dasovku.<\/p>\n\n<p>Ur\u010dit\u011b se bude sna\u017eit v horsk\u00fdch dojezdech sb\u00edrat bonifika\u010dn\u00ed vte\u0159iny, proto\u017ee je v\u00edce explozivn\u00ed. Bylo vid\u011bt, jak po odstoupen\u00ed Poga\u010dara pook\u0159\u00e1l. Nemysl\u00edm, \u017ee by m\u011bl radost z ne\u0161t\u011bst\u00ed, kter\u00e9 potkalo jeho krajana. Ale z\u00e1vod z\u00edskal \u00fapln\u011b jinou dynamiku. Primo\u017e Rogli\u010d je te\u010f psychicky naho\u0159e. Nav\u00edc m\u00e1 obrovsk\u00e9 zku\u0161enosti. Jeho obrovskou v\u00fdhodou je, \u017ee dokonale dok\u00e1\u017ee rozlo\u017eit s\u00edly, aby vyhr\u00e1l Grand Tour. Um\u00ed hospoda\u0159it s energi\u00ed. V\u00fdkonnostn\u011b p\u016fjde nahoru. Ur\u010dit\u011b v\u0161e ladil tak, aby jeho forma gradovala.<\/p>\n<blockquote class=\"instagram-media\" style=\"background: #FFF; border: 0; border-radius: 3px; box-shadow: 0 0 1px 0 rgba(0,0,0,0.5),0 1px 10px 0 rgba(0,0,0,0.15); margin: 1px; max-width: 540px; min-width: 326px; padding: 0; width: calc(100% - 2px);\" data-instgrm-captioned=\"\" data-instgrm-permalink=\"https:\/\/www.instagram.com\/p\/DcY69zoAgAc\/?utm_source=ig_embed&amp;utm_campaign=loading\" data-instgrm-version=\"14\">\n<div style=\"padding: 16px;\">\n<p>&nbsp;<\/p>\n<div style=\"display: flex; flex-direction: row; align-items: center;\">\n<div style=\"background-color: #f4f4f4; border-radius: 50%; flex-grow: 0; height: 40px; margin-right: 14px; width: 40px;\"><\/div>\n<div style=\"display: flex; flex-direction: column; flex-grow: 1; justify-content: center;\">\n<div style=\"background-color: #f4f4f4; border-radius: 4px; flex-grow: 0; height: 14px; margin-bottom: 6px; width: 100px;\"><\/div>\n<div style=\"background-color: #f4f4f4; border-radius: 4px; flex-grow: 0; height: 14px; width: 60px;\"><\/div>\n<\/div>\n<\/div>\n<div style=\"padding: 19% 0;\"><\/div>\n<div style=\"display: block; height: 50px; margin: 0 auto 12px; width: 50px;\"><\/div>\n<div style=\"padding-top: 8px;\">\n<div style=\"color: #3897f0; font-family: Arial,sans-serif; font-size: 14px; font-style: normal; font-weight: 550; line-height: 18px;\">Zobrazit p\u0159\u00edsp\u011bvek na Instagramu<\/div>\n<\/div>\n<div style=\"padding: 12.5% 0;\"><\/div>\n<div style=\"display: flex; flex-direction: row; margin-bottom: 14px; align-items: center;\">\n<div>\n<div style=\"background-color: #f4f4f4; border-radius: 50%; height: 12.5px; width: 12.5px; transform: translateX(0px) translateY(7px);\"><\/div>\n<div style=\"background-color: #f4f4f4; height: 12.5px; transform: rotate(-45deg) translateX(3px) translateY(1px); width: 12.5px; flex-grow: 0; margin-right: 14px; margin-left: 2px;\"><\/div>\n<div style=\"background-color: #f4f4f4; border-radius: 50%; height: 12.5px; width: 12.5px; transform: translateX(9px) translateY(-18px);\"><\/div>\n<\/div>\n<div style=\"margin-left: 8px;\">\n<div style=\"background-color: #f4f4f4; border-radius: 50%; flex-grow: 0; height: 20px; width: 20px;\"><\/div>\n<div style=\"width: 0; height: 0; border-top: 2px solid transparent; border-left: 6px solid #f4f4f4; border-bottom: 2px solid transparent; transform: translateX(16px) translateY(-4px) rotate(30deg);\"><\/div>\n<\/div>\n<div style=\"margin-left: auto;\">\n<div style=\"width: 0px; border-top: 8px solid #F4F4F4; border-right: 8px solid transparent; transform: translateY(16px);\"><\/div>\n<div style=\"background-color: #f4f4f4; flex-grow: 0; height: 12px; width: 16px; transform: translateY(-4px);\"><\/div>\n<div style=\"width: 0; height: 0; border-top: 8px solid #F4F4F4; border-left: 8px solid transparent; transform: translateY(-4px) translateX(8px);\"><\/div>\n<\/div>\n<\/div>\n<div style=\"display: flex; flex-direction: column; flex-grow: 1; justify-content: center; margin-bottom: 24px;\">\n<div style=\"background-color: #f4f4f4; border-radius: 4px; flex-grow: 0; height: 14px; margin-bottom: 6px; width: 224px;\"><\/div>\n<div style=\"background-color: #f4f4f4; border-radius: 4px; flex-grow: 0; height: 14px; width: 144px;\"><\/div>\n<\/div>\n<p>&nbsp;<\/p>\n<p style=\"color: #c9c8cd; font-family: Arial,sans-serif; font-size: 14px; line-height: 17px; margin-bottom: 0; margin-top: 8px; overflow: hidden; padding: 8px 0 7px; text-align: center; text-overflow: ellipsis; white-space: nowrap;\"><a style=\"color: #c9c8cd; font-family: Arial,sans-serif; font-size: 14px; font-style: normal; font-weight: normal; line-height: 17px; text-decoration: none;\" href=\"https:\/\/www.instagram.com\/p\/DcY69zoAgAc\/?utm_source=ig_embed&amp;utm_campaign=loading\" target=\"_blank\" rel=\"noopener\">P\u0159\u00edsp\u011bvek sd\u00edlen\u00fd Velon CC (@veloncc)<\/a><\/p>\n<\/div>\n<\/blockquote>\n<p><script async src=\"\/\/www.instagram.com\/embed.js\"><\/script>\u00a0Vyhr\u00e1l \u010dty\u0159ikr\u00e1t Vueltu, jednou Giro. Frajer, kter\u00fd p\u011btkr\u00e1t ovl\u00e1dl Grand Tour, se jen tak nerozlo\u017e\u00ed. V\u00fdkonnost m\u00e1 po\u0159\u00e1d skv\u011blou. Na Poga\u010dara by nesta\u010dil, ale peloton bez Tadeje je jin\u00fd. Po sezon\u011b sice Primo\u017e Rogli\u010d opust\u00ed Red Bull a bude z\u00e1vodit jinde, ale pro cel\u00fd t\u00fdm je obrovskou motivac\u00ed vyhr\u00e1t Grand Tour. Cht\u011bj\u00ed se \u0159adit mezi nejlep\u0161\u00ed. Giro ovl\u00e1dla Visma. Tour de France UAE Emirates. Tak te\u010f budou cht\u00edt na v\u00fdslun\u00ed.<\/p>\n<h2><strong>Rogli\u010d sn\u00ed o rekordu<\/strong><\/h2>\n<p>A bude jim \u00fapln\u011b jedno, jestli jde o kluka, kter\u00fd po sezon\u011b jejich organizaci opust\u00ed. V\u0161ichni se pro n\u011bj ob\u011btuj\u00ed. Samotn\u00fd Primo\u017e Rogli\u010d m\u00e1 nav\u00edc obrovskou motivaci. Nikdo se nebude pt\u00e1t, za jak\u00fdch okolnost\u00ed rekordn\u00edho p\u00e1t\u00e9ho triumfu z Vuelty dos\u00e1hl. A pokud je\u0161t\u011b nem\u00e1 podepsan\u00fd nov\u00fd kontrakt, bude se cht\u00edt uk\u00e1zat budouc\u00edmu zam\u011bstnavateli. Jde o jeho budoucnost. Mo\u017en\u00e1 na rok, mo\u017en\u00e1 na dva. Ka\u017edop\u00e1dn\u011b p\u016fjde o jasn\u00fd vzkaz v\u0161em, \u017ee je po\u0159\u00e1d skv\u011bl\u00fd a zaslou\u017e\u00ed si m\u00edsto. A pochopiteln\u011b i ekonomick\u00e9 ohodnocen\u00ed.<\/p>\n<figure id=\"attachment_35297\" aria-describedby=\"caption-attachment-35297\" style=\"width: 1680px\" class=\"wp-caption alignnone\"><a href=\"https:\/\/d2p6e6u75xmxt8.cloudfront.net\/13\/2026\/09\/20260822LV01-A.S.O-Cxcling-Creative-Agency-Toni-Baixauli-BX8_0986.webp\"><img loading=\"lazy\" decoding=\"async\" class=\"size-full wp-image-35297\" src=\"https:\/\/d2p6e6u75xmxt8.cloudfront.net\/13\/2026\/09\/20260822LV01-A.S.O-Cxcling-Creative-Agency-Toni-Baixauli-BX8_0986.webp\" alt=\"\" width=\"1680\" height=\"1120\" srcset=\"https:\/\/d2p6e6u75xmxt8.cloudfront.net\/13\/2026\/09\/20260822LV01-A.S.O-Cxcling-Creative-Agency-Toni-Baixauli-BX8_0986.webp 1680w, https:\/\/d2p6e6u75xmxt8.cloudfront.net\/13\/2026\/09\/20260822LV01-A.S.O-Cxcling-Creative-Agency-Toni-Baixauli-BX8_0986-300x200.webp 300w, https:\/\/d2p6e6u75xmxt8.cloudfront.net\/13\/2026\/09\/20260822LV01-A.S.O-Cxcling-Creative-Agency-Toni-Baixauli-BX8_0986-1024x683.webp 1024w, https:\/\/d2p6e6u75xmxt8.cloudfront.net\/13\/2026\/09\/20260822LV01-A.S.O-Cxcling-Creative-Agency-Toni-Baixauli-BX8_0986-768x512.webp 768w, https:\/\/d2p6e6u75xmxt8.cloudfront.net\/13\/2026\/09\/20260822LV01-A.S.O-Cxcling-Creative-Agency-Toni-Baixauli-BX8_0986-1536x1024.webp 1536w, https:\/\/d2p6e6u75xmxt8.cloudfront.net\/13\/2026\/09\/20260822LV01-A.S.O-Cxcling-Creative-Agency-Toni-Baixauli-BX8_0986-400x267.webp 400w, https:\/\/d2p6e6u75xmxt8.cloudfront.net\/13\/2026\/09\/20260822LV01-A.S.O-Cxcling-Creative-Agency-Toni-Baixauli-BX8_0986-272x182.webp 272w\" sizes=\"auto, (max-width: 1680px) 100vw, 1680px\" \/><\/a><figcaption id=\"caption-attachment-35297\" class=\"wp-caption-text\"><em>Primo\u017e Rogli\u010d byl \u010dty\u0159ikr\u00e1t \u0161ampionem Vuelty. \u010casovka v 18. etap\u011b mu m\u016f\u017ee naplnit sen o rekordn\u00edm p\u00e1t\u00e9 v\u00edt\u011bzstv\u00ed.<\/em><\/figcaption><\/figure>\n<p>Z\u00e1sadn\u00ed roli m\u016f\u017ee hr\u00e1t mno\u017estv\u00ed adept\u016f na celkov\u00e9 v\u00edt\u011bzstv\u00ed. Pro Movistar bude sv\u00edzeln\u00e9 zvl\u00e1dnout druhou polovinu takticky a v\u0161echny uhl\u00eddat. Vidina triumfu na dom\u00e1c\u00ed Grand Tour jim nepochybn\u011b dod\u00e1 s\u00edlu. Ale je\u0161t\u011b osm\u00fd Harold Tejada z Astany m\u016f\u017ee klidn\u011b myslet na stupn\u011b v\u00edt\u011bz\u016f, co\u017e p\u0159edstavuje obrovskou z\u00e1t\u011b\u017e pro t\u00fdm, kter\u00fd m\u00e1 hl\u00eddat \u010derven\u00fd dres.<\/p>\n<div class=\"shortcode-ys-post-pinup\"><article class=\"loop-simple post-35201 post type-post status-publish format-standard has-post-thumbnail hentry category-silnicni-cyklistika tag-andres-iniesta tag-cyklistika tag-nsn-cycling tag-silnicni-cyklistika tag-vuelta global-categories-cycling\" data-postid=\"35201\" role=\"article\" data-post-id=\"35201\" data-word-count=\"600\" data-headline-length=\"55\" data-category=\"Silni\u010dn\u00ed cyklistika\" data-global-category=\"Cycling\" data-author=\"Radek Malina\" data-published=\"2026-08-25T06:10:31+02:00\" data-published-day=\"Tuesday\">\n    <div class=\"entry-thumbnail article-thumbnail\" content=\"https:\/\/d2p6e6u75xmxt8.cloudfront.net\/13\/2026\/08\/profimedia-1114515952-150x150.webp\"><a href=\"https:\/\/www.welovecycling.com\/cs\/2026\/08\/25\/okouzleny-pelotonem-vystreli-zlaty-hoch\/\" class=\"image-holder\" target=\"_self\"><img decoding=\"async\" loading=\"lazy\" class=\"\" src=\"https:\/\/d2p6e6u75xmxt8.cloudfront.net\/13\/2026\/08\/profimedia-1114515952-1024x683.webp\" srcset=\"https:\/\/d2p6e6u75xmxt8.cloudfront.net\/13\/2026\/08\/profimedia-1114515952.webp 1800w, https:\/\/d2p6e6u75xmxt8.cloudfront.net\/13\/2026\/08\/profimedia-1114515952-300x200.webp 300w, https:\/\/d2p6e6u75xmxt8.cloudfront.net\/13\/2026\/08\/profimedia-1114515952-1024x683.webp 1024w, https:\/\/d2p6e6u75xmxt8.cloudfront.net\/13\/2026\/08\/profimedia-1114515952-768x512.webp 768w, https:\/\/d2p6e6u75xmxt8.cloudfront.net\/13\/2026\/08\/profimedia-1114515952-1536x1024.webp 1536w, https:\/\/d2p6e6u75xmxt8.cloudfront.net\/13\/2026\/08\/profimedia-1114515952-400x267.webp 400w, https:\/\/d2p6e6u75xmxt8.cloudfront.net\/13\/2026\/08\/profimedia-1114515952-272x182.webp 272w\" width=\"1024\" height=\"683\" sizes=\"auto, (min-width: 1200px) 300px, (min-width: 768px) 25vw, 100vw\" alt=\"okouzleny-pelotonem-vystreli-zlaty-hoch\"\/><\/a><\/div>    <div class=\"entry-meta\">\n        <a class=\"label label-secondary post-category\" href=\"https:\/\/www.welovecycling.com\/cs\/category\/silnicni-cyklistika\/\" title=\"Silni\u010dn\u00ed cyklistika\">Silni\u010dn\u00ed cyklistika<\/a>\n    <\/div>\n    <div class=\"entry-details\">\n        <a href=\"https:\/\/www.welovecycling.com\/cs\/2026\/08\/25\/okouzleny-pelotonem-vystreli-zlaty-hoch\/\" class='entry-title-wrapper'>\n            <h3 class=\"entry-title\"><span>Okouzlen\u00fd pelotonem! Nap\u00ed\u0161e zlat\u00fd hoch novou story?<\/span><\/h3>\n        <\/a>\n    <\/div>\n    <\/article>\n<\/div>\n<p>Primo\u017e Rogli\u010d, Felix Gall, Oscar Onley, Richard Carapaz&#8230; Enric Mas nem\u016f\u017ee podcenit \u017e\u00e1dn\u00e9ho z nich. P\u0159ed rokem si v\u0161ichni mysleli, \u017ee Oscar Onley ve dvaadvaceti letech vybouchne na Tour de France. Tehdy mu t\u011bsn\u011b unikly stupn\u011b v\u00edt\u011bz\u016f, letos m\u00e1 tud\u00ed\u017e velkou motivaci. A k dispozici skv\u011bl\u00fd t\u00fdm.<\/p>\n<p>Stejn\u011b jako Felix Gall, kter\u00fd je jen minutu a dev\u011btat\u0159icet sekund za l\u00eddrem. A Richard Carapaz z EF Education EasyPost bude ur\u010dit\u011b sk\u00e1kat do \u00fanik\u016f. M\u00e1 odstup t\u0159i a p\u016fl minuty, ale kdyby v n\u011bkter\u00e9 z etap dojel a\u017e do c\u00edle, r\u00e1zem m\u016f\u017ee m\u00edt Enric Mas probl\u00e9m. V\u00e1\u017en\u011b to bude hodn\u011b zaj\u00edmav\u00e1 Vuelta.&#8220;<\/p>\n","protected":false},"excerpt":{"rendered":"<p>Extr\u00e9mn\u011b motivovan\u00fd l\u00eddr Enric Mas, kter\u00fd c\u00edt\u00ed \u017eivotn\u00ed \u0161anci. A z\u00e1stup sup\u016f, jim\u017e se naskytla p\u0159\u00edle\u017eitost, v n\u00ed\u017e nedoufali. Vuelta [&hellip;]<\/p>\n","protected":false},"author":138,"featured_media":26669,"comment_status":"open","ping_status":"open","sticky":false,"template":"","format":"standard","meta":{"footnotes":""},"categories":[10],"tags":[126,3183,4344,4318,102,235,9,502,273,4416],"global-categories":[411],"class_list":["post-35296","post","type-post","status-publish","format-standard","has-post-thumbnail","hentry","category-silnicni-cyklistika","tag-cyklistika","tag-enric-mas","tag-felix-gall","tag-oscar-onley","tag-primoz-roglic","tag-richard-carapaz","tag-silnicni-cyklistika","tag-tadej-pogacar","tag-vuelta","tag-vuelta-2026","global-categories-cycling"],"yoast_head":"<!-- This site is optimized with the Yoast SEO Premium plugin v25.3 (Yoast SEO v25.9) - https:\/\/yoast.com\/wordpress\/plugins\/seo\/ -->\n<title>Mas c\u00edt\u00ed \u017eivotn\u00ed \u0161anci. Ale m\u00e1 jednu slabinu | \u0160koda We Love Cycling - \u010cesk\u00e1 republika<\/title>\n<meta name=\"description\" content=\"Extr\u00e9mn\u011b motivovan\u00fd l\u00eddr, kter\u00fd c\u00edt\u00ed \u017eivotn\u00ed \u0161anci. A z\u00e1stup sup\u016f, jim\u017e se naskytla p\u0159\u00edle\u017eitost, v n\u00ed\u017e nedoufali. Vuelta nab\u00eddne v druh\u00e9 polovin\u011b, kdy u\u017e nen\u00ed ve startovn\u00ed listin\u011b fenom\u00e9n Tadej Poga\u010dar, mimo\u0159\u00e1dn\u011b atraktivn\u00ed z\u00e1vod\u011bn\u00ed. &quot;Z\u00edskali jsme nejzaj\u00edmav\u011bj\u0161\u00ed Grand Tour sezony kv\u016fli jednomu kameni na silnici,&quot; \u0159\u00edk\u00e1 Zden\u011bk \u0160tybar, ambasador \u0160koda We Love Cycling, v nar\u00e1\u017ece na karambol slovinsk\u00e9ho l\u00eddra UAE Emirates XRG.\" \/>\n<meta name=\"robots\" content=\"index, follow, max-snippet:-1, max-image-preview:large, max-video-preview:-1\" \/>\n<link rel=\"canonical\" href=\"https:\/\/www.welovecycling.com\/cs\/2026\/09\/03\/mas-citi-zivotni-sanci-ale-ma-jednu-slabinu\/\" \/>\n<meta property=\"og:locale\" content=\"cs_CZ\" \/>\n<meta property=\"og:type\" content=\"article\" \/>\n<meta property=\"og:title\" content=\"Mas c\u00edt\u00ed \u017eivotn\u00ed \u0161anci. Ale m\u00e1 jednu slabinu\" \/>\n<meta property=\"og:description\" content=\"Extr\u00e9mn\u011b motivovan\u00fd l\u00eddr, kter\u00fd c\u00edt\u00ed \u017eivotn\u00ed \u0161anci. A z\u00e1stup sup\u016f, jim\u017e se naskytla p\u0159\u00edle\u017eitost, v n\u00ed\u017e nedoufali. Vuelta nab\u00eddne v druh\u00e9 polovin\u011b, kdy u\u017e nen\u00ed ve startovn\u00ed listin\u011b fenom\u00e9n Tadej Poga\u010dar, mimo\u0159\u00e1dn\u011b atraktivn\u00ed z\u00e1vod\u011bn\u00ed. &quot;Z\u00edskali jsme nejzaj\u00edmav\u011bj\u0161\u00ed Grand Tour sezony kv\u016fli jednomu kameni na silnici,&quot; \u0159\u00edk\u00e1 Zden\u011bk \u0160tybar, ambasador \u0160koda We Love Cycling, v nar\u00e1\u017ece na karambol slovinsk\u00e9ho l\u00eddra UAE Emirates XRG.\" \/>\n<meta property=\"og:url\" content=\"https:\/\/www.welovecycling.com\/cs\/2026\/09\/03\/mas-citi-zivotni-sanci-ale-ma-jednu-slabinu\/\" \/>\n<meta property=\"og:site_name\" content=\"\u0160koda We Love Cycling - \u010cesk\u00e1 republika\" \/>\n<meta property=\"article:published_time\" content=\"2026-09-03T12:00:11+00:00\" \/>\n<meta property=\"og:image\" content=\"https:\/\/d2p6e6u75xmxt8.cloudfront.net\/13\/2024\/07\/1800-x-1200-velky.webp\" \/>\n\t<meta property=\"og:image:width\" content=\"1800\" \/>\n\t<meta property=\"og:image:height\" content=\"1200\" \/>\n\t<meta property=\"og:image:type\" content=\"image\/webp\" \/>\n<meta name=\"author\" content=\"radekmalina\" \/>\n<meta name=\"twitter:card\" content=\"summary_large_image\" \/>\n<meta name=\"twitter:label1\" content=\"Written by\" \/>\n\t<meta name=\"twitter:data1\" content=\"Radek Malina\" \/>\n\t<meta name=\"twitter:label2\" content=\"Est. reading time\" \/>\n\t<meta name=\"twitter:data2\" content=\"6\" \/>\n<script type=\"application\/ld+json\" class=\"yoast-schema-graph\">{\"@context\":\"https:\/\/schema.org\",\"@graph\":[{\"@type\":\"WebPage\",\"@id\":\"https:\/\/www.welovecycling.com\/cs\/2026\/09\/03\/mas-citi-zivotni-sanci-ale-ma-jednu-slabinu\/\",\"url\":\"https:\/\/www.welovecycling.com\/cs\/2026\/09\/03\/mas-citi-zivotni-sanci-ale-ma-jednu-slabinu\/\",\"name\":\"Mas c\u00edt\u00ed \u017eivotn\u00ed \u0161anci. Ale m\u00e1 jednu slabinu | \u0160koda We Love Cycling - \u010cesk\u00e1 republika\",\"isPartOf\":{\"@id\":\"https:\/\/www.welovecycling.com\/cs\/#website\"},\"primaryImageOfPage\":{\"@id\":\"https:\/\/www.welovecycling.com\/cs\/2026\/09\/03\/mas-citi-zivotni-sanci-ale-ma-jednu-slabinu\/#primaryimage\"},\"image\":{\"@id\":\"https:\/\/www.welovecycling.com\/cs\/2026\/09\/03\/mas-citi-zivotni-sanci-ale-ma-jednu-slabinu\/#primaryimage\"},\"thumbnailUrl\":\"https:\/\/d2p6e6u75xmxt8.cloudfront.net\/13\/2024\/07\/1800-x-1200-velky.webp\",\"datePublished\":\"2026-09-03T12:00:11+00:00\",\"author\":{\"@id\":\"https:\/\/www.welovecycling.com\/cs\/#\/schema\/person\/d9eeb0a378f3a7e4a6d12d2b536b04b8\"},\"description\":\"Extr\u00e9mn\u011b motivovan\u00fd l\u00eddr, kter\u00fd c\u00edt\u00ed \u017eivotn\u00ed \u0161anci. A z\u00e1stup sup\u016f, jim\u017e se naskytla p\u0159\u00edle\u017eitost, v n\u00ed\u017e nedoufali. Vuelta nab\u00eddne v druh\u00e9 polovin\u011b, kdy u\u017e nen\u00ed ve startovn\u00ed listin\u011b fenom\u00e9n Tadej Poga\u010dar, mimo\u0159\u00e1dn\u011b atraktivn\u00ed z\u00e1vod\u011bn\u00ed. \\\"Z\u00edskali jsme nejzaj\u00edmav\u011bj\u0161\u00ed Grand Tour sezony kv\u016fli jednomu kameni na silnici,\\\" \u0159\u00edk\u00e1 Zden\u011bk \u0160tybar, ambasador \u0160koda We Love Cycling, v nar\u00e1\u017ece na karambol slovinsk\u00e9ho l\u00eddra UAE Emirates XRG.\",\"inLanguage\":\"cs\",\"potentialAction\":[{\"@type\":\"ReadAction\",\"target\":[\"https:\/\/www.welovecycling.com\/cs\/2026\/09\/03\/mas-citi-zivotni-sanci-ale-ma-jednu-slabinu\/\"]}]},{\"@type\":\"ImageObject\",\"inLanguage\":\"cs\",\"@id\":\"https:\/\/www.welovecycling.com\/cs\/2026\/09\/03\/mas-citi-zivotni-sanci-ale-ma-jednu-slabinu\/#primaryimage\",\"url\":\"https:\/\/d2p6e6u75xmxt8.cloudfront.net\/13\/2024\/07\/1800-x-1200-velky.webp\",\"contentUrl\":\"https:\/\/d2p6e6u75xmxt8.cloudfront.net\/13\/2024\/07\/1800-x-1200-velky.webp\",\"width\":1800,\"height\":1200,\"caption\":\"Zden\u011bk \u0160tybar Vuelta Tadej Poga\u010dar Enric Mas\"},{\"@type\":\"WebSite\",\"@id\":\"https:\/\/www.welovecycling.com\/cs\/#website\",\"url\":\"https:\/\/www.welovecycling.com\/cs\/\",\"name\":\"\u0160koda We Love Cycling - \u010cesk\u00e1 republika\",\"description\":\"WeLoveCycling.cz je online magaz\u00edn, kter\u00fd v\u00e1m pravideln\u011b p\u0159in\u00e1\u0161\u00ed rady a tipy, zaj\u00edmav\u00e9 \u010dl\u00e1nky, videa a jedine\u010dn\u00e9 report\u00e1\u017ee ze sv\u011bta cyklistiky.\",\"potentialAction\":[{\"@type\":\"SearchAction\",\"target\":{\"@type\":\"EntryPoint\",\"urlTemplate\":\"https:\/\/www.welovecycling.com\/cs\/?s={search_term_string}\"},\"query-input\":{\"@type\":\"PropertyValueSpecification\",\"valueRequired\":true,\"valueName\":\"search_term_string\"}}],\"inLanguage\":\"cs\"},{\"@type\":\"Person\",\"@id\":\"https:\/\/www.welovecycling.com\/cs\/#\/schema\/person\/d9eeb0a378f3a7e4a6d12d2b536b04b8\",\"name\":\"radekmalina\",\"image\":{\"@type\":\"ImageObject\",\"inLanguage\":\"cs\",\"@id\":\"https:\/\/www.welovecycling.com\/cs\/#\/schema\/person\/image\/\",\"url\":\"https:\/\/secure.gravatar.com\/avatar\/66994b632cb8c39a46b9f54afa3ae07201b678d32a54275b6f1c9ffec356bfc0?s=96&d=mm&r=g\",\"contentUrl\":\"https:\/\/secure.gravatar.com\/avatar\/66994b632cb8c39a46b9f54afa3ae07201b678d32a54275b6f1c9ffec356bfc0?s=96&d=mm&r=g\",\"caption\":\"radekmalina\"},\"url\":\"https:\/\/www.welovecycling.com\/cs\/author\/radekmalina\/\"}]}<\/script>\n<!-- \/ Yoast SEO Premium plugin. -->","yoast_head_json":{"title":"Mas c\u00edt\u00ed \u017eivotn\u00ed \u0161anci. Ale m\u00e1 jednu slabinu | \u0160koda We Love Cycling - \u010cesk\u00e1 republika","description":"Extr\u00e9mn\u011b motivovan\u00fd l\u00eddr, kter\u00fd c\u00edt\u00ed \u017eivotn\u00ed \u0161anci. A z\u00e1stup sup\u016f, jim\u017e se naskytla p\u0159\u00edle\u017eitost, v n\u00ed\u017e nedoufali. Vuelta nab\u00eddne v druh\u00e9 polovin\u011b, kdy u\u017e nen\u00ed ve startovn\u00ed listin\u011b fenom\u00e9n Tadej Poga\u010dar, mimo\u0159\u00e1dn\u011b atraktivn\u00ed z\u00e1vod\u011bn\u00ed. \"Z\u00edskali jsme nejzaj\u00edmav\u011bj\u0161\u00ed Grand Tour sezony kv\u016fli jednomu kameni na silnici,\" \u0159\u00edk\u00e1 Zden\u011bk \u0160tybar, ambasador \u0160koda We Love Cycling, v nar\u00e1\u017ece na karambol slovinsk\u00e9ho l\u00eddra UAE Emirates XRG.","robots":{"index":"index","follow":"follow","max-snippet":"max-snippet:-1","max-image-preview":"max-image-preview:large","max-video-preview":"max-video-preview:-1"},"canonical":"https:\/\/www.welovecycling.com\/cs\/2026\/09\/03\/mas-citi-zivotni-sanci-ale-ma-jednu-slabinu\/","og_locale":"cs_CZ","og_type":"article","og_title":"Mas c\u00edt\u00ed \u017eivotn\u00ed \u0161anci. Ale m\u00e1 jednu slabinu","og_description":"Extr\u00e9mn\u011b motivovan\u00fd l\u00eddr, kter\u00fd c\u00edt\u00ed \u017eivotn\u00ed \u0161anci. A z\u00e1stup sup\u016f, jim\u017e se naskytla p\u0159\u00edle\u017eitost, v n\u00ed\u017e nedoufali. Vuelta nab\u00eddne v druh\u00e9 polovin\u011b, kdy u\u017e nen\u00ed ve startovn\u00ed listin\u011b fenom\u00e9n Tadej Poga\u010dar, mimo\u0159\u00e1dn\u011b atraktivn\u00ed z\u00e1vod\u011bn\u00ed. \"Z\u00edskali jsme nejzaj\u00edmav\u011bj\u0161\u00ed Grand Tour sezony kv\u016fli jednomu kameni na silnici,\" \u0159\u00edk\u00e1 Zden\u011bk \u0160tybar, ambasador \u0160koda We Love Cycling, v nar\u00e1\u017ece na karambol slovinsk\u00e9ho l\u00eddra UAE Emirates XRG.","og_url":"https:\/\/www.welovecycling.com\/cs\/2026\/09\/03\/mas-citi-zivotni-sanci-ale-ma-jednu-slabinu\/","og_site_name":"\u0160koda We Love Cycling - \u010cesk\u00e1 republika","article_published_time":"2026-09-03T12:00:11+00:00","og_image":[{"width":1800,"height":1200,"url":"https:\/\/d2p6e6u75xmxt8.cloudfront.net\/13\/2024\/07\/1800-x-1200-velky.webp","type":"image\/webp"}],"author":"radekmalina","twitter_card":"summary_large_image","twitter_misc":{"Written by":"Radek Malina","Est. reading time":"6"},"schema":{"@context":"https:\/\/schema.org","@graph":[{"@type":"WebPage","@id":"https:\/\/www.welovecycling.com\/cs\/2026\/09\/03\/mas-citi-zivotni-sanci-ale-ma-jednu-slabinu\/","url":"https:\/\/www.welovecycling.com\/cs\/2026\/09\/03\/mas-citi-zivotni-sanci-ale-ma-jednu-slabinu\/","name":"Mas c\u00edt\u00ed \u017eivotn\u00ed \u0161anci. Ale m\u00e1 jednu slabinu | \u0160koda We Love Cycling - \u010cesk\u00e1 republika","isPartOf":{"@id":"https:\/\/www.welovecycling.com\/cs\/#website"},"primaryImageOfPage":{"@id":"https:\/\/www.welovecycling.com\/cs\/2026\/09\/03\/mas-citi-zivotni-sanci-ale-ma-jednu-slabinu\/#primaryimage"},"image":{"@id":"https:\/\/www.welovecycling.com\/cs\/2026\/09\/03\/mas-citi-zivotni-sanci-ale-ma-jednu-slabinu\/#primaryimage"},"thumbnailUrl":"https:\/\/d2p6e6u75xmxt8.cloudfront.net\/13\/2024\/07\/1800-x-1200-velky.webp","datePublished":"2026-09-03T12:00:11+00:00","author":{"@id":"https:\/\/www.welovecycling.com\/cs\/#\/schema\/person\/d9eeb0a378f3a7e4a6d12d2b536b04b8"},"description":"Extr\u00e9mn\u011b motivovan\u00fd l\u00eddr, kter\u00fd c\u00edt\u00ed \u017eivotn\u00ed \u0161anci. A z\u00e1stup sup\u016f, jim\u017e se naskytla p\u0159\u00edle\u017eitost, v n\u00ed\u017e nedoufali. Vuelta nab\u00eddne v druh\u00e9 polovin\u011b, kdy u\u017e nen\u00ed ve startovn\u00ed listin\u011b fenom\u00e9n Tadej Poga\u010dar, mimo\u0159\u00e1dn\u011b atraktivn\u00ed z\u00e1vod\u011bn\u00ed. \"Z\u00edskali jsme nejzaj\u00edmav\u011bj\u0161\u00ed Grand Tour sezony kv\u016fli jednomu kameni na silnici,\" \u0159\u00edk\u00e1 Zden\u011bk \u0160tybar, ambasador \u0160koda We Love Cycling, v nar\u00e1\u017ece na karambol slovinsk\u00e9ho l\u00eddra UAE Emirates XRG.","inLanguage":"cs","potentialAction":[{"@type":"ReadAction","target":["https:\/\/www.welovecycling.com\/cs\/2026\/09\/03\/mas-citi-zivotni-sanci-ale-ma-jednu-slabinu\/"]}]},{"@type":"ImageObject","inLanguage":"cs","@id":"https:\/\/www.welovecycling.com\/cs\/2026\/09\/03\/mas-citi-zivotni-sanci-ale-ma-jednu-slabinu\/#primaryimage","url":"https:\/\/d2p6e6u75xmxt8.cloudfront.net\/13\/2024\/07\/1800-x-1200-velky.webp","contentUrl":"https:\/\/d2p6e6u75xmxt8.cloudfront.net\/13\/2024\/07\/1800-x-1200-velky.webp","width":1800,"height":1200,"caption":"Zden\u011bk \u0160tybar Vuelta Tadej Poga\u010dar Enric Mas"},{"@type":"WebSite","@id":"https:\/\/www.welovecycling.com\/cs\/#website","url":"https:\/\/www.welovecycling.com\/cs\/","name":"\u0160koda We Love Cycling - \u010cesk\u00e1 republika","description":"WeLoveCycling.cz je online magaz\u00edn, kter\u00fd v\u00e1m pravideln\u011b p\u0159in\u00e1\u0161\u00ed rady a tipy, zaj\u00edmav\u00e9 \u010dl\u00e1nky, videa a jedine\u010dn\u00e9 report\u00e1\u017ee ze sv\u011bta cyklistiky.","potentialAction":[{"@type":"SearchAction","target":{"@type":"EntryPoint","urlTemplate":"https:\/\/www.welovecycling.com\/cs\/?s={search_term_string}"},"query-input":{"@type":"PropertyValueSpecification","valueRequired":true,"valueName":"search_term_string"}}],"inLanguage":"cs"},{"@type":"Person","@id":"https:\/\/www.welovecycling.com\/cs\/#\/schema\/person\/d9eeb0a378f3a7e4a6d12d2b536b04b8","name":"radekmalina","image":{"@type":"ImageObject","inLanguage":"cs","@id":"https:\/\/www.welovecycling.com\/cs\/#\/schema\/person\/image\/","url":"https:\/\/secure.gravatar.com\/avatar\/66994b632cb8c39a46b9f54afa3ae07201b678d32a54275b6f1c9ffec356bfc0?s=96&d=mm&r=g","contentUrl":"https:\/\/secure.gravatar.com\/avatar\/66994b632cb8c39a46b9f54afa3ae07201b678d32a54275b6f1c9ffec356bfc0?s=96&d=mm&r=g","caption":"radekmalina"},"url":"https:\/\/www.welovecycling.com\/cs\/author\/radekmalina\/"}]}},"_links":{"self":[{"href":"https:\/\/www.welovecycling.com\/cs\/wp-json\/wp\/v2\/posts\/35296","targetHints":{"allow":["GET"]}}],"collection":[{"href":"https:\/\/www.welovecycling.com\/cs\/wp-json\/wp\/v2\/posts"}],"about":[{"href":"https:\/\/www.welovecycling.com\/cs\/wp-json\/wp\/v2\/types\/post"}],"author":[{"embeddable":true,"href":"https:\/\/www.welovecycling.com\/cs\/wp-json\/wp\/v2\/users\/138"}],"replies":[{"embeddable":true,"href":"https:\/\/www.welovecycling.com\/cs\/wp-json\/wp\/v2\/comments?post=35296"}],"version-history":[{"count":1,"href":"https:\/\/www.welovecycling.com\/cs\/wp-json\/wp\/v2\/posts\/35296\/revisions"}],"predecessor-version":[{"id":35298,"href":"https:\/\/www.welovecycling.com\/cs\/wp-json\/wp\/v2\/posts\/35296\/revisions\/35298"}],"wp:featuredmedia":[{"embeddable":true,"href":"https:\/\/www.welovecycling.com\/cs\/wp-json\/wp\/v2\/media\/26669"}],"wp:attachment":[{"href":"https:\/\/www.welovecycling.com\/cs\/wp-json\/wp\/v2\/media?parent=35296"}],"wp:term":[{"taxonomy":"category","embeddable":true,"href":"https:\/\/www.welovecycling.com\/cs\/wp-json\/wp\/v2\/categories?post=35296"},{"taxonomy":"post_tag","embeddable":true,"href":"https:\/\/www.welovecycling.com\/cs\/wp-json\/wp\/v2\/tags?post=35296"},{"taxonomy":"global-categories","embeddable":true,"href":"https:\/\/www.welovecycling.com\/cs\/wp-json\/wp\/v2\/global-categories?post=35296"}],"curies":[{"name":"wp","href":"https:\/\/api.w.org\/{rel}","templated":true}]}}