{"id":35289,"date":"2026-09-01T10:05:29","date_gmt":"2026-09-01T08:05:29","guid":{"rendered":"https:\/\/www.welovecycling.com\/cs\/?p=35289"},"modified":"2026-09-01T10:09:05","modified_gmt":"2026-09-01T08:09:05","slug":"pogacar-ztratil-koncentraci-na-tour-by-nespadnul","status":"publish","type":"post","link":"https:\/\/www.welovecycling.com\/cs\/2026\/09\/01\/pogacar-ztratil-koncentraci-na-tour-by-nespadnul\/","title":{"rendered":"Poga\u010dar ztratil koncentraci. Na Tour by nespadl"},"content":{"rendered":"<p><strong>Je mistrem \u0159emesla. Fenom\u00e9nem, o n\u011bm\u017e b\u00e1sn\u00ed nejen sportovn\u00ed sv\u011bt. Kv\u016fli v\u00fdjime\u010dnosti je \u010dasto ozna\u010dov\u00e1n jako mimozem\u0161\u0165an. A p\u0159ece \u0161pan\u011blsk\u00e1 Vuelta v osm\u00e9m d\u011bjstv\u00ed za\u017eila nev\u00eddanou v\u011bc: Tadej Poga\u010dar spadnul. N\u00e1sledky byl hroziv\u00e9. Ot\u0159es mozku, zlomen\u00e1 kl\u00ed\u010dn\u00ed kost, zlomen\u00fd kr\u010dn\u00ed obratel. \u0160ampion ze z\u00e1vodu odstoupil a sen o zkompletov\u00e1n\u00ed v\u00edt\u011bzstv\u00ed ze v\u0161ech Grand Tour mus\u00ed zat\u00edm o\u017eelet. Jak se mohlo st\u00e1t, \u017ee l\u00eddr v \u010derven\u00e9m jde k zemi? A pro\u010d ho v\u011brn\u00ed domestici neochr\u00e1nili?<\/strong><\/p>\n<p>Zden\u011bk \u0160tybar, v\u00edt\u011bz etapy na Tour de France i \u0161pan\u011blsk\u00e9 Vuelt\u011b, kter\u00fd t\u0159ikr\u00e1t vybojoval zlato v cyklokrosu a kolo ovl\u00e1d\u00e1 jako m\u00e1lokdo v pelotonu, m\u00e1 o d\u016fvodech p\u00e1du jasno. A jednozna\u010dn\u00fd n\u00e1zor ambasador \u0160koda We Love Cycling zauj\u00edm\u00e1 i k programu, kter\u00fd by m\u011bl Tadej Poga\u010dar absolvovat po \u00fasp\u011b\u0161n\u00e9 pond\u011bln\u00ed operaci.<\/p>\n<h2><strong>Karamboly se mu vyh\u00fdbaly<\/strong><\/h2>\n<p>&#8222;Sm\u011b\u0159oval k v\u00edt\u011bzstv\u00ed. Je nezpochybniteln\u00e9, \u017ee Tadej Poga\u010dar by Vueltu vyhr\u00e1l. Na v\u00fdkonnost by ho nikdo ze startovn\u00edho pole neporazil. Vyhr\u00e1l t\u0159i etapy a p\u0159idal by dal\u0161\u00ed v\u00edt\u011bzstv\u00ed. Sta\u010dila sekunda nepozornosti a v\u0161echno je pry\u010d. P\u0159itom byl bezkonkuren\u010dn\u00ed. Ale v tom je cyklistika brut\u00e1ln\u00ed. Nevyb\u00edr\u00e1 si mezi l\u00eddrem a domestikem. Kdyby spadnul kdokoliv jin\u00fd, v\u016fbec nikdo by ten k\u00e1men le\u017e\u00edc\u00ed na silnici ne\u0159e\u0161il. Nicm\u00e9n\u011b je to Tadej, kter\u00fd nepad\u00e1.<\/p>\n<p>Hodn\u011b se mu karamboly vyh\u00fdbaly. Ust\u00e1l okam\u017eik na Tour de France, kde \u0161el k zemi Jonas Vingegaard na kruhov\u00e9m objezdu. Tenhle okam\u017eik pova\u017euji za um\u011bleck\u00e9 d\u00edlo Poga\u010dara, proto\u017ee mohl ztratit celou Tour. Ale uk\u00e1zal, jak mistrovsky ovl\u00e1d\u00e1 kolo. A to je vlastn\u011b odpov\u011b\u010f na to, pro\u010d Vuelta vid\u011bla jeho p\u00e1d.<\/p>\n<p><a href=\"https:\/\/d2p6e6u75xmxt8.cloudfront.net\/13\/2026\/08\/profimedia-1128812240.webp\"><img loading=\"lazy\" decoding=\"async\" class=\"size-full wp-image-35273\" src=\"https:\/\/d2p6e6u75xmxt8.cloudfront.net\/13\/2026\/08\/profimedia-1128812240.webp\" alt=\"\" width=\"1800\" height=\"1200\" srcset=\"https:\/\/d2p6e6u75xmxt8.cloudfront.net\/13\/2026\/08\/profimedia-1128812240.webp 1800w, https:\/\/d2p6e6u75xmxt8.cloudfront.net\/13\/2026\/08\/profimedia-1128812240-300x200.webp 300w, https:\/\/d2p6e6u75xmxt8.cloudfront.net\/13\/2026\/08\/profimedia-1128812240-1024x683.webp 1024w, https:\/\/d2p6e6u75xmxt8.cloudfront.net\/13\/2026\/08\/profimedia-1128812240-768x512.webp 768w, https:\/\/d2p6e6u75xmxt8.cloudfront.net\/13\/2026\/08\/profimedia-1128812240-1536x1024.webp 1536w, https:\/\/d2p6e6u75xmxt8.cloudfront.net\/13\/2026\/08\/profimedia-1128812240-400x267.webp 400w, https:\/\/d2p6e6u75xmxt8.cloudfront.net\/13\/2026\/08\/profimedia-1128812240-272x182.webp 272w\" sizes=\"auto, (max-width: 1800px) 100vw, 1800px\" \/><\/a><\/p>\n<p>Dva dny p\u0159ed osudn\u00fdm p\u00e1dem se sna\u017eil dostat pod tlak Enrica Mase ve sjezdu, proto\u017ee v\u011bd\u011bl, \u017ee l\u00eddr Movistaru nen\u00ed dobr\u00fd sjezda\u0159. A p\u0159itom ud\u011blal chybu. Zvl\u00e1\u0161tn\u00ed, proto\u017ee Tadej Poga\u010dar chyby ned\u011bl\u00e1.<\/p>\n<div class=\"shortcode-ys-post-pinup\"><article class=\"loop-simple post-35257 post type-post status-publish format-standard has-post-thumbnail hentry category-zdravi-a-trenink tag-cyklistika tag-kilometry tag-prazdninova-cyklistika tag-silnicni-cyklistika tag-zdravi-a-trenink global-categories-cycling\" data-postid=\"35257\" role=\"article\" data-post-id=\"35257\" data-word-count=\"286\" data-headline-length=\"61\" data-category=\"Zdrav\u00ed a tr\u00e9nink\" data-global-category=\"Cycling\" data-author=\"We Love Cycling\" data-published=\"2026-08-28T09:25:59+02:00\" data-published-day=\"Friday\">\n    <div class=\"entry-thumbnail article-thumbnail\" content=\"https:\/\/d2p6e6u75xmxt8.cloudfront.net\/13\/2026\/08\/profimedia-0999304658-150x150.webp\"><a href=\"https:\/\/www.welovecycling.com\/cs\/2026\/08\/28\/konec-prazdnin-bez-paniky-nejhorsi-chvile-na-hrdinstvi\/\" class=\"image-holder\" target=\"_self\"><img decoding=\"async\" loading=\"lazy\" class=\"\" src=\"https:\/\/d2p6e6u75xmxt8.cloudfront.net\/13\/2026\/08\/profimedia-0999304658-1024x683.webp\" srcset=\"https:\/\/d2p6e6u75xmxt8.cloudfront.net\/13\/2026\/08\/profimedia-0999304658.webp 1800w, https:\/\/d2p6e6u75xmxt8.cloudfront.net\/13\/2026\/08\/profimedia-0999304658-300x200.webp 300w, https:\/\/d2p6e6u75xmxt8.cloudfront.net\/13\/2026\/08\/profimedia-0999304658-1024x683.webp 1024w, https:\/\/d2p6e6u75xmxt8.cloudfront.net\/13\/2026\/08\/profimedia-0999304658-768x512.webp 768w, https:\/\/d2p6e6u75xmxt8.cloudfront.net\/13\/2026\/08\/profimedia-0999304658-1536x1024.webp 1536w, https:\/\/d2p6e6u75xmxt8.cloudfront.net\/13\/2026\/08\/profimedia-0999304658-400x267.webp 400w, https:\/\/d2p6e6u75xmxt8.cloudfront.net\/13\/2026\/08\/profimedia-0999304658-272x182.webp 272w\" width=\"1024\" height=\"683\" sizes=\"auto, (min-width: 1200px) 300px, (min-width: 768px) 25vw, 100vw\" alt=\"konec-prazdnin-bez-paniky-nejhorsi-chvile-na-hrdinstvi\"\/><\/a><\/div>    <div class=\"entry-meta\">\n        <a class=\"label label-secondary post-category\" href=\"https:\/\/www.welovecycling.com\/cs\/category\/zdravi-a-trenink\/\" title=\"Zdrav\u00ed a tr\u00e9nink\">Zdrav\u00ed a tr\u00e9nink<\/a>\n    <\/div>\n    <div class=\"entry-details\">\n        <a href=\"https:\/\/www.welovecycling.com\/cs\/2026\/08\/28\/konec-prazdnin-bez-paniky-nejhorsi-chvile-na-hrdinstvi\/\" class='entry-title-wrapper'>\n            <h3 class=\"entry-title\"><span>Konec pr\u00e1zdnin bez paniky!? Nejhor\u0161\u00ed chv\u00edle na hrdinstv\u00ed<\/span><\/h3>\n        <\/a>\n    <\/div>\n    <\/article>\n<\/div>\n<p>Rozhodn\u011b nelze vinit jeho domestiky. Nemaj\u00ed s t\u00edm p\u00e1dem nic spole\u010dn\u00e9ho, nejde o jejich chybu. Tohle si mus\u00ed z\u00e1vo\u010f\u00e1k ohl\u00eddat s\u00e1m. Nikdo to za n\u011bj neud\u011bl\u00e1.<\/p>\n<p>Vid\u011bl jsem video z p\u00e1du n\u011bkolikr\u00e1t. Z\u00edskal jsem dojem, \u017ee nen\u00ed \u010derstv\u00fd po Tour de France. M\u011bl stra\u0161n\u011b n\u00e1ro\u010dnou sezonu. V\u0161ude, kde z\u00e1vodil, jel pro v\u00edt\u011bzstv\u00ed. Byl ur\u010dit\u011b unaven\u00fd psychicky i fyzicky. Ne\u0159\u00edk\u00e1m vy\u010derpan\u00fd, ale unaven\u00fd. \u010clov\u011bk pak ud\u011bl\u00e1 snadno chybu.<\/p>\n<blockquote class=\"instagram-media\" style=\"background: #FFF; border: 0; border-radius: 3px; box-shadow: 0 0 1px 0 rgba(0,0,0,0.5),0 1px 10px 0 rgba(0,0,0,0.15); margin: 1px; max-width: 540px; min-width: 326px; padding: 0; width: calc(100% - 2px);\" data-instgrm-captioned=\"\" data-instgrm-permalink=\"https:\/\/www.instagram.com\/reel\/DcoQ7lxIpEV\/?utm_source=ig_embed&amp;utm_campaign=loading\" data-instgrm-version=\"14\">\n<div style=\"padding: 16px;\">\n<p>&nbsp;<\/p>\n<div style=\"display: flex; flex-direction: row; align-items: center;\">\n<div style=\"background-color: #f4f4f4; border-radius: 50%; flex-grow: 0; height: 40px; margin-right: 14px; width: 40px;\"><\/div>\n<div style=\"display: flex; flex-direction: column; flex-grow: 1; justify-content: center;\">\n<div style=\"background-color: #f4f4f4; border-radius: 4px; flex-grow: 0; height: 14px; margin-bottom: 6px; width: 100px;\"><\/div>\n<div style=\"background-color: #f4f4f4; border-radius: 4px; flex-grow: 0; height: 14px; width: 60px;\"><\/div>\n<\/div>\n<\/div>\n<div style=\"padding: 19% 0;\"><\/div>\n<div style=\"display: block; height: 50px; margin: 0 auto 12px; width: 50px;\"><\/div>\n<div style=\"padding-top: 8px;\">\n<div style=\"color: #3897f0; font-family: Arial,sans-serif; font-size: 14px; font-style: normal; font-weight: 550; line-height: 18px;\">Zobrazit p\u0159\u00edsp\u011bvek na Instagramu<\/div>\n<\/div>\n<div style=\"padding: 12.5% 0;\"><\/div>\n<div style=\"display: flex; flex-direction: row; margin-bottom: 14px; align-items: center;\">\n<div>\n<div style=\"background-color: #f4f4f4; border-radius: 50%; height: 12.5px; width: 12.5px; transform: translateX(0px) translateY(7px);\"><\/div>\n<div style=\"background-color: #f4f4f4; height: 12.5px; transform: rotate(-45deg) translateX(3px) translateY(1px); width: 12.5px; flex-grow: 0; margin-right: 14px; margin-left: 2px;\"><\/div>\n<div style=\"background-color: #f4f4f4; border-radius: 50%; height: 12.5px; width: 12.5px; transform: translateX(9px) translateY(-18px);\"><\/div>\n<\/div>\n<div style=\"margin-left: 8px;\">\n<div style=\"background-color: #f4f4f4; border-radius: 50%; flex-grow: 0; height: 20px; width: 20px;\"><\/div>\n<div style=\"width: 0; height: 0; border-top: 2px solid transparent; border-left: 6px solid #f4f4f4; border-bottom: 2px solid transparent; transform: translateX(16px) translateY(-4px) rotate(30deg);\"><\/div>\n<\/div>\n<div style=\"margin-left: auto;\">\n<div style=\"width: 0px; border-top: 8px solid #F4F4F4; border-right: 8px solid transparent; transform: translateY(16px);\"><\/div>\n<div style=\"background-color: #f4f4f4; flex-grow: 0; height: 12px; width: 16px; transform: translateY(-4px);\"><\/div>\n<div style=\"width: 0; height: 0; border-top: 8px solid #F4F4F4; border-left: 8px solid transparent; transform: translateY(-4px) translateX(8px);\"><\/div>\n<\/div>\n<\/div>\n<div style=\"display: flex; flex-direction: column; flex-grow: 1; justify-content: center; margin-bottom: 24px;\">\n<div style=\"background-color: #f4f4f4; border-radius: 4px; flex-grow: 0; height: 14px; margin-bottom: 6px; width: 224px;\"><\/div>\n<div style=\"background-color: #f4f4f4; border-radius: 4px; flex-grow: 0; height: 14px; width: 144px;\"><\/div>\n<\/div>\n<p>&nbsp;<\/p>\n<p style=\"color: #c9c8cd; font-family: Arial,sans-serif; font-size: 14px; line-height: 17px; margin-bottom: 0; margin-top: 8px; overflow: hidden; padding: 8px 0 7px; text-align: center; text-overflow: ellipsis; white-space: nowrap;\"><a style=\"color: #c9c8cd; font-family: Arial,sans-serif; font-size: 14px; font-style: normal; font-weight: normal; line-height: 17px; text-decoration: none;\" href=\"https:\/\/www.instagram.com\/reel\/DcoQ7lxIpEV\/?utm_source=ig_embed&amp;utm_campaign=loading\" target=\"_blank\" rel=\"noopener\">P\u0159\u00edsp\u011bvek sd\u00edlen\u00fd La Vuelta (@lavuelta)<\/a><\/p>\n<\/div>\n<\/blockquote>\n<p><script async src=\"\/\/www.instagram.com\/embed.js\"><\/script>Pokud n\u011bco le\u017e\u00ed na silnici nebo je tam n\u011bjak\u00e1 p\u0159ek\u00e1\u017eka, peloton si ukazuje. K\u0159i\u010d\u00ed se. Ale Tadej Poga\u010dar to v dan\u00fd moment nezvl\u00e1dl. Domestici se mohou u\u0159vat, ale dan\u00fd okam\u017eik je jen o z\u00e1vodn\u00edkovi.<\/p>\n<h2><strong>Tadej v\u011bd\u011bl, \u017ee je Vuelta rozhodnut\u00e1<\/strong><\/h2>\n<p>Jedno v\u00edm jist\u011b. Na Tour de France by nespadnul. Pro\u010d? Proto\u017ee od okam\u017eiku, kdy m\u011bl \u017elut\u00fd dres, jel jeho t\u00fdm po\u0159\u00e1d na \u0161pici. A pokud n\u00e1hodou ne, tak se jelo tak brut\u00e1ln\u00ed tempo, \u017ee byl peloton nata\u017een\u00fd v lajn\u011b. Vuelta a jeho ne\u0161\u0165astn\u00e1 nehoda byla souhrou \u0161patn\u00fdch n\u00e1hod. Ur\u010dit\u011b v\u011bd\u011bl, \u017ee je z\u00e1vod rozhodnut\u00fd, co\u017e se stoprocentn\u011b podepsalo. Kdy\u017e m\u00e1 z\u00e1vodn\u00edk na celkov\u00e9 po\u0159ad\u00ed u\u017e v prvn\u00edm t\u00fddnu tak luxusn\u00ed n\u00e1skok a uv\u011bdomuje si, \u017ee nem\u00e1 konkurenci, ur\u010dit\u011b nen\u00ed maxim\u00e1ln\u011b koncentrovan\u00fd.<\/p>\n<figure id=\"attachment_35291\" aria-describedby=\"caption-attachment-35291\" style=\"width: 1680px\" class=\"wp-caption alignnone\"><a href=\"https:\/\/d2p6e6u75xmxt8.cloudfront.net\/13\/2026\/09\/20260829LV08-A.S.O-Cxcling-Toni-Baixauli-BX9_0189.webp\"><img loading=\"lazy\" decoding=\"async\" class=\"size-full wp-image-35291\" src=\"https:\/\/d2p6e6u75xmxt8.cloudfront.net\/13\/2026\/09\/20260829LV08-A.S.O-Cxcling-Toni-Baixauli-BX9_0189.webp\" alt=\"\" width=\"1680\" height=\"1119\" srcset=\"https:\/\/d2p6e6u75xmxt8.cloudfront.net\/13\/2026\/09\/20260829LV08-A.S.O-Cxcling-Toni-Baixauli-BX9_0189.webp 1680w, https:\/\/d2p6e6u75xmxt8.cloudfront.net\/13\/2026\/09\/20260829LV08-A.S.O-Cxcling-Toni-Baixauli-BX9_0189-300x200.webp 300w, https:\/\/d2p6e6u75xmxt8.cloudfront.net\/13\/2026\/09\/20260829LV08-A.S.O-Cxcling-Toni-Baixauli-BX9_0189-1024x682.webp 1024w, https:\/\/d2p6e6u75xmxt8.cloudfront.net\/13\/2026\/09\/20260829LV08-A.S.O-Cxcling-Toni-Baixauli-BX9_0189-768x512.webp 768w, https:\/\/d2p6e6u75xmxt8.cloudfront.net\/13\/2026\/09\/20260829LV08-A.S.O-Cxcling-Toni-Baixauli-BX9_0189-1536x1023.webp 1536w, https:\/\/d2p6e6u75xmxt8.cloudfront.net\/13\/2026\/09\/20260829LV08-A.S.O-Cxcling-Toni-Baixauli-BX9_0189-400x266.webp 400w, https:\/\/d2p6e6u75xmxt8.cloudfront.net\/13\/2026\/09\/20260829LV08-A.S.O-Cxcling-Toni-Baixauli-BX9_0189-272x182.webp 272w\" sizes=\"auto, (max-width: 1680px) 100vw, 1680px\" \/><\/a><figcaption id=\"caption-attachment-35291\" class=\"wp-caption-text\"><em>Tadej Poga\u010dar se usm\u00edv\u00e1 v pr\u016fb\u011bhu 8. etapy \u0161pan\u011blsk\u00e9 Vuelty, kdy spadnul a musel ze z\u00e1vodu odstoupit.<\/em><\/figcaption><\/figure>\n<p>V okam\u017eiku p\u00e1du se jelo po \u0161irok\u00e9 cest\u011b vysok\u00e9 tempo. Kluci z UAE se tam tro\u0161ku schovali. Nebyli \u00fapln\u011b vp\u0159edu. Na prvn\u00edch deseti pozic\u00edch. Jde o logickou v\u011bc, proto\u017ee jako l\u00eddr nechce\u0161 \u017ed\u00edmat svoje kluky v rovinat\u00e9 etap\u011b. Nechat je tahat tempo a kontrolovat <a href=\"https:\/\/www.welovecycling.com\/cs\/2026\/08\/21\/proc-bude-vuelta-2026-atraktivni-lakadlem-je-nejen-pogacar\/\">z\u00e1vod<\/a>, kdy\u017e je den pro sprintery. D\u00e1\u0161 jim volno. Samotn\u00fd Tadej Poga\u010dar byl tro\u0161ku za\u0161it\u00fd. Mo\u017en\u00e1 kl\u00e1bosil s klukem vedle sebe. Mo\u017en\u00e1 s\u00e1hnul pro j\u00eddlo do kapsy. Nebo pro bidon.<\/p>\n<p>Proto\u017ee kdyby byl stoprocentn\u011b koncentrovan\u00fd a vid\u011bl k\u00e1men klidn\u011b na posledn\u00ed chv\u00edli, p\u0159esko\u010dil by ho. On je na kole neuv\u011b\u0159iteln\u00fd. M\u00e1 brilantn\u00ed techniku. Kolo dokonale ovl\u00e1d\u00e1. M\u00e1 cit, o n\u011bm\u017e se v\u011bt\u0161in\u011b pelotonu jenom zd\u00e1. Kdyby spadnul Primo\u017e Rogli\u010d, l\u00eddr Red Bull Bora Hansgrohe, \u0159ekli bychom si: OK, je to dal\u0161\u00ed Primo\u017e\u016fv p\u00e1d. Nebo Jay Vine? Dal\u0161\u00ed karambol. Tadej Poga\u010dar by p\u0159i maxim\u00e1ln\u00ed koncentraci ud\u011blal bunny hop a je\u0161t\u011b by si v c\u00edli ze situace d\u011blal legraci.<\/p>\n<blockquote class=\"instagram-media\" style=\"background: #FFF; border: 0; border-radius: 3px; box-shadow: 0 0 1px 0 rgba(0,0,0,0.5),0 1px 10px 0 rgba(0,0,0,0.15); margin: 1px; max-width: 540px; min-width: 326px; padding: 0; width: calc(100% - 2px);\" data-instgrm-captioned=\"\" data-instgrm-permalink=\"https:\/\/www.instagram.com\/p\/DcqlU0SguYZ\/?utm_source=ig_embed&amp;utm_campaign=loading\" data-instgrm-version=\"14\">\n<div style=\"padding: 16px;\">\n<p>&nbsp;<\/p>\n<div style=\"display: flex; flex-direction: row; align-items: center;\">\n<div style=\"background-color: #f4f4f4; border-radius: 50%; flex-grow: 0; height: 40px; margin-right: 14px; width: 40px;\"><\/div>\n<div style=\"display: flex; flex-direction: column; flex-grow: 1; justify-content: center;\">\n<div style=\"background-color: #f4f4f4; border-radius: 4px; flex-grow: 0; height: 14px; margin-bottom: 6px; width: 100px;\"><\/div>\n<div style=\"background-color: #f4f4f4; border-radius: 4px; flex-grow: 0; height: 14px; width: 60px;\"><\/div>\n<\/div>\n<\/div>\n<div style=\"padding: 19% 0;\"><\/div>\n<div style=\"display: block; height: 50px; margin: 0 auto 12px; width: 50px;\"><\/div>\n<div style=\"padding-top: 8px;\">\n<div style=\"color: #3897f0; font-family: Arial,sans-serif; font-size: 14px; font-style: normal; font-weight: 550; line-height: 18px;\">Zobrazit p\u0159\u00edsp\u011bvek na Instagramu<\/div>\n<\/div>\n<div style=\"padding: 12.5% 0;\"><\/div>\n<div style=\"display: flex; flex-direction: row; margin-bottom: 14px; align-items: center;\">\n<div>\n<div style=\"background-color: #f4f4f4; border-radius: 50%; height: 12.5px; width: 12.5px; transform: translateX(0px) translateY(7px);\"><\/div>\n<div style=\"background-color: #f4f4f4; height: 12.5px; transform: rotate(-45deg) translateX(3px) translateY(1px); width: 12.5px; flex-grow: 0; margin-right: 14px; margin-left: 2px;\"><\/div>\n<div style=\"background-color: #f4f4f4; border-radius: 50%; height: 12.5px; width: 12.5px; transform: translateX(9px) translateY(-18px);\"><\/div>\n<\/div>\n<div style=\"margin-left: 8px;\">\n<div style=\"background-color: #f4f4f4; border-radius: 50%; flex-grow: 0; height: 20px; width: 20px;\"><\/div>\n<div style=\"width: 0; height: 0; border-top: 2px solid transparent; border-left: 6px solid #f4f4f4; border-bottom: 2px solid transparent; transform: translateX(16px) translateY(-4px) rotate(30deg);\"><\/div>\n<\/div>\n<div style=\"margin-left: auto;\">\n<div style=\"width: 0px; border-top: 8px solid #F4F4F4; border-right: 8px solid transparent; transform: translateY(16px);\"><\/div>\n<div style=\"background-color: #f4f4f4; flex-grow: 0; height: 12px; width: 16px; transform: translateY(-4px);\"><\/div>\n<div style=\"width: 0; height: 0; border-top: 8px solid #F4F4F4; border-left: 8px solid transparent; transform: translateY(-4px) translateX(8px);\"><\/div>\n<\/div>\n<\/div>\n<div style=\"display: flex; flex-direction: column; flex-grow: 1; justify-content: center; margin-bottom: 24px;\">\n<div style=\"background-color: #f4f4f4; border-radius: 4px; flex-grow: 0; height: 14px; margin-bottom: 6px; width: 224px;\"><\/div>\n<div style=\"background-color: #f4f4f4; border-radius: 4px; flex-grow: 0; height: 14px; width: 144px;\"><\/div>\n<\/div>\n<p>&nbsp;<\/p>\n<p style=\"color: #c9c8cd; font-family: Arial,sans-serif; font-size: 14px; line-height: 17px; margin-bottom: 0; margin-top: 8px; overflow: hidden; padding: 8px 0 7px; text-align: center; text-overflow: ellipsis; white-space: nowrap;\"><a style=\"color: #c9c8cd; font-family: Arial,sans-serif; font-size: 14px; font-style: normal; font-weight: normal; line-height: 17px; text-decoration: none;\" href=\"https:\/\/www.instagram.com\/p\/DcqlU0SguYZ\/?utm_source=ig_embed&amp;utm_campaign=loading\" target=\"_blank\" rel=\"noopener\">P\u0159\u00edsp\u011bvek sd\u00edlen\u00fd Velon CC (@veloncc)<\/a><\/p>\n<\/div>\n<\/blockquote>\n<p><script async src=\"\/\/www.instagram.com\/embed.js\"><\/script>\u00a0Jedna sekunda v\u0161e zm\u011bnila. Zkou\u0161el nasednou na kolo, co\u017e je automatick\u00e1 reakce. Ka\u017ed\u00fd z\u00e1vodn\u00edk m\u00e1 zak\u00f3dovan\u00e9, \u017ee se mus\u00ed dostat do sedla. A pak teprve \u0159e\u0161\u00ed n\u00e1sledky p\u00e1du. Kontroluje, kde krv\u00e1c\u00ed, co ho bol\u00ed. Jenom kdy\u017e to v\u00e1\u017en\u011b nejde, nejede. A to byl p\u0159\u00edpad Tadeje.<\/p>\n<p><a href=\"https:\/\/d2p6e6u75xmxt8.cloudfront.net\/13\/2026\/09\/20260829LV08-A.S.O-Cxcling-D2_08023.webp\"><img loading=\"lazy\" decoding=\"async\" class=\"alignnone size-full wp-image-35290\" src=\"https:\/\/d2p6e6u75xmxt8.cloudfront.net\/13\/2026\/09\/20260829LV08-A.S.O-Cxcling-D2_08023.webp\" alt=\"\" width=\"1680\" height=\"1120\" srcset=\"https:\/\/d2p6e6u75xmxt8.cloudfront.net\/13\/2026\/09\/20260829LV08-A.S.O-Cxcling-D2_08023.webp 1680w, https:\/\/d2p6e6u75xmxt8.cloudfront.net\/13\/2026\/09\/20260829LV08-A.S.O-Cxcling-D2_08023-300x200.webp 300w, https:\/\/d2p6e6u75xmxt8.cloudfront.net\/13\/2026\/09\/20260829LV08-A.S.O-Cxcling-D2_08023-1024x683.webp 1024w, https:\/\/d2p6e6u75xmxt8.cloudfront.net\/13\/2026\/09\/20260829LV08-A.S.O-Cxcling-D2_08023-768x512.webp 768w, https:\/\/d2p6e6u75xmxt8.cloudfront.net\/13\/2026\/09\/20260829LV08-A.S.O-Cxcling-D2_08023-1536x1024.webp 1536w, https:\/\/d2p6e6u75xmxt8.cloudfront.net\/13\/2026\/09\/20260829LV08-A.S.O-Cxcling-D2_08023-400x267.webp 400w, https:\/\/d2p6e6u75xmxt8.cloudfront.net\/13\/2026\/09\/20260829LV08-A.S.O-Cxcling-D2_08023-272x182.webp 272w\" sizes=\"auto, (max-width: 1680px) 100vw, 1680px\" \/><\/a><\/p>\n<p>Je po operaci. M\u011bl ot\u0159es mozku, zlomenou kl\u00ed\u010dn\u00ed kost a zlomen\u00fd kr\u010dn\u00ed obratel. T\u00fdm zat\u00edm neozn\u00e1mil, \u017ee jeho sezona skon\u010dila. Ale trouf\u00e1m si tvrdit, \u017ee je to skoro stoprocentn\u00ed. Dvakr\u00e1t v \u0159ad\u011b byl mistr sv\u011bta. Letos vyhr\u00e1l San Remo, Flandry a Lutych. Nepot\u0159ebuje nic riskovat. Kdyby m\u011bl zlomenou v uvozovk\u00e1ch jenom kl\u00ed\u010dn\u00ed kost, tak by mistrovstv\u00ed sv\u011bta i mistrovstv\u00ed Evropy t\u00e9m\u011b\u0159 jist\u011b absolvoval. Ale ot\u0159es mozku v\u0161e stav\u00ed do jin\u00e9 roviny. D\u0159\u00edve se to bralo na lehkou v\u00e1hu. Ale dnes jsou jasn\u011b p\u0159edepsan\u00e9 protokoly.<\/p>\n<p>Mysl\u00edm, \u017ee veden\u00ed UAE Emirates si velmi dob\u0159e uv\u011bdomuje, co pro n\u011b Tadej Poga\u010dar p\u0159edstavuje. Co pro n\u011b vyhr\u00e1l. A co pro n\u011b je\u0161t\u011b vyhraje. Tak\u017ee velmi pravd\u011bpodobn\u011b s n\u011bjakou \u010dasovou prodlevou ozn\u00e1m\u00ed, \u017ee si d\u00e1 p\u011bt t\u00fddn\u016f bez kola, aby zregeneroval a v listopadu za\u010dne s tr\u00e9ninkem. A v p\u0159\u00ed\u0161t\u00ed sezon\u011b se vr\u00e1t\u00ed stejn\u011b siln\u00fd. Nebo je\u0161t\u011b siln\u011bj\u0161\u00ed&#8220;<\/p>\n<p><em>Foto: A.S.O.\/Toni Baixauli<\/em><\/p>\n","protected":false},"excerpt":{"rendered":"<p>Je mistrem \u0159emesla. Fenom\u00e9nem, o n\u011bm\u017e b\u00e1sn\u00ed nejen sportovn\u00ed sv\u011bt. Kv\u016fli v\u00fdjime\u010dnosti je \u010dasto ozna\u010dov\u00e1n jako mimozem\u0161\u0165an. A p\u0159ece \u0161pan\u011blsk\u00e1 [&hellip;]<\/p>\n","protected":false},"author":138,"featured_media":26669,"comment_status":"open","ping_status":"open","sticky":false,"template":"","format":"standard","meta":{"footnotes":""},"categories":[10],"tags":[126,2263,2773,9,502,273,4416],"global-categories":[411],"class_list":["post-35289","post","type-post","status-publish","format-standard","has-post-thumbnail","hentry","category-silnicni-cyklistika","tag-cyklistika","tag-nehoda","tag-pad","tag-silnicni-cyklistika","tag-tadej-pogacar","tag-vuelta","tag-vuelta-2026","global-categories-cycling"],"yoast_head":"<!-- This site is optimized with the Yoast SEO Premium plugin v25.3 (Yoast SEO v25.9) - https:\/\/yoast.com\/wordpress\/plugins\/seo\/ -->\n<title>Poga\u010dar ztratil koncentraci. Na Tour by nespadl | \u0160koda We Love Cycling - \u010cesk\u00e1 republika<\/title>\n<meta name=\"description\" content=\"Je mistrem \u0159emesla. Fenom\u00e9nem, o n\u011bm\u017e b\u00e1sn\u00ed nejen sportovn\u00ed sv\u011bt. Kv\u016fli v\u00fdjime\u010dnosti je \u010dasto ozna\u010dov\u00e1n jako mimozem\u0161\u0165an. A p\u0159ece \u0161pan\u011blsk\u00e1 Vuelta v osm\u00e9m d\u011bjstv\u00ed za\u017eila nev\u00eddanou v\u011bc: Tadej Poga\u010dar spadnul. N\u00e1sledky byl hroziv\u00e9. Ot\u0159es mozku, zlomen\u00e1 kl\u00ed\u010dn\u00ed kost, zlomen\u00fd kr\u010dn\u00ed obratel. \u0160ampion ze z\u00e1vodu odstoupil a sen o zkompletov\u00e1n\u00ed v\u00edt\u011bzstv\u00ed ze v\u0161ech Grand Tour mus\u00ed zat\u00edm o\u017eelet. Jak se mohlo st\u00e1t, \u017ee l\u00eddr v \u010derven\u00e9m spadne? A pro\u010d ho jeho v\u011brn\u00ed domestici neochr\u00e1nili?\" \/>\n<meta name=\"robots\" content=\"index, follow, max-snippet:-1, max-image-preview:large, max-video-preview:-1\" \/>\n<link rel=\"canonical\" href=\"https:\/\/www.welovecycling.com\/cs\/2026\/09\/01\/pogacar-ztratil-koncentraci-na-tour-by-nespadnul\/\" \/>\n<meta property=\"og:locale\" content=\"cs_CZ\" \/>\n<meta property=\"og:type\" content=\"article\" \/>\n<meta property=\"og:title\" content=\"Poga\u010dar ztratil koncentraci. Na Tour by nespadl\" \/>\n<meta property=\"og:description\" content=\"Je mistrem \u0159emesla. Fenom\u00e9nem, o n\u011bm\u017e b\u00e1sn\u00ed nejen sportovn\u00ed sv\u011bt. Kv\u016fli v\u00fdjime\u010dnosti je \u010dasto ozna\u010dov\u00e1n jako mimozem\u0161\u0165an. A p\u0159ece \u0161pan\u011blsk\u00e1 Vuelta v osm\u00e9m d\u011bjstv\u00ed za\u017eila nev\u00eddanou v\u011bc: Tadej Poga\u010dar spadnul. N\u00e1sledky byl hroziv\u00e9. Ot\u0159es mozku, zlomen\u00e1 kl\u00ed\u010dn\u00ed kost, zlomen\u00fd kr\u010dn\u00ed obratel. \u0160ampion ze z\u00e1vodu odstoupil a sen o zkompletov\u00e1n\u00ed v\u00edt\u011bzstv\u00ed ze v\u0161ech Grand Tour mus\u00ed zat\u00edm o\u017eelet. Jak se mohlo st\u00e1t, \u017ee l\u00eddr v \u010derven\u00e9m spadne? A pro\u010d ho jeho v\u011brn\u00ed domestici neochr\u00e1nili?\" \/>\n<meta property=\"og:url\" content=\"https:\/\/www.welovecycling.com\/cs\/2026\/09\/01\/pogacar-ztratil-koncentraci-na-tour-by-nespadnul\/\" \/>\n<meta property=\"og:site_name\" content=\"\u0160koda We Love Cycling - \u010cesk\u00e1 republika\" \/>\n<meta property=\"article:published_time\" content=\"2026-09-01T08:05:29+00:00\" \/>\n<meta property=\"article:modified_time\" content=\"2026-09-01T08:09:05+00:00\" \/>\n<meta property=\"og:image\" content=\"https:\/\/d2p6e6u75xmxt8.cloudfront.net\/13\/2024\/07\/1800-x-1200-velky.webp\" \/>\n\t<meta property=\"og:image:width\" content=\"1800\" \/>\n\t<meta property=\"og:image:height\" content=\"1200\" \/>\n\t<meta property=\"og:image:type\" content=\"image\/webp\" \/>\n<meta name=\"author\" content=\"radekmalina\" \/>\n<meta name=\"twitter:card\" content=\"summary_large_image\" \/>\n<meta name=\"twitter:label1\" content=\"Written by\" \/>\n\t<meta name=\"twitter:data1\" content=\"We Love Cycling\" \/>\n\t<meta name=\"twitter:label2\" content=\"Est. reading time\" \/>\n\t<meta name=\"twitter:data2\" content=\"6\" \/>\n<script type=\"application\/ld+json\" class=\"yoast-schema-graph\">{\"@context\":\"https:\/\/schema.org\",\"@graph\":[{\"@type\":\"WebPage\",\"@id\":\"https:\/\/www.welovecycling.com\/cs\/2026\/09\/01\/pogacar-ztratil-koncentraci-na-tour-by-nespadnul\/\",\"url\":\"https:\/\/www.welovecycling.com\/cs\/2026\/09\/01\/pogacar-ztratil-koncentraci-na-tour-by-nespadnul\/\",\"name\":\"Poga\u010dar ztratil koncentraci. Na Tour by nespadl | \u0160koda We Love Cycling - \u010cesk\u00e1 republika\",\"isPartOf\":{\"@id\":\"https:\/\/www.welovecycling.com\/cs\/#website\"},\"primaryImageOfPage\":{\"@id\":\"https:\/\/www.welovecycling.com\/cs\/2026\/09\/01\/pogacar-ztratil-koncentraci-na-tour-by-nespadnul\/#primaryimage\"},\"image\":{\"@id\":\"https:\/\/www.welovecycling.com\/cs\/2026\/09\/01\/pogacar-ztratil-koncentraci-na-tour-by-nespadnul\/#primaryimage\"},\"thumbnailUrl\":\"https:\/\/d2p6e6u75xmxt8.cloudfront.net\/13\/2024\/07\/1800-x-1200-velky.webp\",\"datePublished\":\"2026-09-01T08:05:29+00:00\",\"dateModified\":\"2026-09-01T08:09:05+00:00\",\"author\":{\"@id\":\"https:\/\/www.welovecycling.com\/cs\/#\/schema\/person\/d9eeb0a378f3a7e4a6d12d2b536b04b8\"},\"description\":\"Je mistrem \u0159emesla. Fenom\u00e9nem, o n\u011bm\u017e b\u00e1sn\u00ed nejen sportovn\u00ed sv\u011bt. Kv\u016fli v\u00fdjime\u010dnosti je \u010dasto ozna\u010dov\u00e1n jako mimozem\u0161\u0165an. A p\u0159ece \u0161pan\u011blsk\u00e1 Vuelta v osm\u00e9m d\u011bjstv\u00ed za\u017eila nev\u00eddanou v\u011bc: Tadej Poga\u010dar spadnul. N\u00e1sledky byl hroziv\u00e9. Ot\u0159es mozku, zlomen\u00e1 kl\u00ed\u010dn\u00ed kost, zlomen\u00fd kr\u010dn\u00ed obratel. \u0160ampion ze z\u00e1vodu odstoupil a sen o zkompletov\u00e1n\u00ed v\u00edt\u011bzstv\u00ed ze v\u0161ech Grand Tour mus\u00ed zat\u00edm o\u017eelet. Jak se mohlo st\u00e1t, \u017ee l\u00eddr v \u010derven\u00e9m spadne? A pro\u010d ho jeho v\u011brn\u00ed domestici neochr\u00e1nili?\",\"inLanguage\":\"cs\",\"potentialAction\":[{\"@type\":\"ReadAction\",\"target\":[\"https:\/\/www.welovecycling.com\/cs\/2026\/09\/01\/pogacar-ztratil-koncentraci-na-tour-by-nespadnul\/\"]}]},{\"@type\":\"ImageObject\",\"inLanguage\":\"cs\",\"@id\":\"https:\/\/www.welovecycling.com\/cs\/2026\/09\/01\/pogacar-ztratil-koncentraci-na-tour-by-nespadnul\/#primaryimage\",\"url\":\"https:\/\/d2p6e6u75xmxt8.cloudfront.net\/13\/2024\/07\/1800-x-1200-velky.webp\",\"contentUrl\":\"https:\/\/d2p6e6u75xmxt8.cloudfront.net\/13\/2024\/07\/1800-x-1200-velky.webp\",\"width\":1800,\"height\":1200,\"caption\":\"Zden\u011bk \u0160tybar Vuelta Tadej Poga\u010dar Enric Mas\"},{\"@type\":\"WebSite\",\"@id\":\"https:\/\/www.welovecycling.com\/cs\/#website\",\"url\":\"https:\/\/www.welovecycling.com\/cs\/\",\"name\":\"\u0160koda We Love Cycling - \u010cesk\u00e1 republika\",\"description\":\"WeLoveCycling.cz je online magaz\u00edn, kter\u00fd v\u00e1m pravideln\u011b p\u0159in\u00e1\u0161\u00ed rady a tipy, zaj\u00edmav\u00e9 \u010dl\u00e1nky, videa a jedine\u010dn\u00e9 report\u00e1\u017ee ze sv\u011bta cyklistiky.\",\"potentialAction\":[{\"@type\":\"SearchAction\",\"target\":{\"@type\":\"EntryPoint\",\"urlTemplate\":\"https:\/\/www.welovecycling.com\/cs\/?s={search_term_string}\"},\"query-input\":{\"@type\":\"PropertyValueSpecification\",\"valueRequired\":true,\"valueName\":\"search_term_string\"}}],\"inLanguage\":\"cs\"},{\"@type\":\"Person\",\"@id\":\"https:\/\/www.welovecycling.com\/cs\/#\/schema\/person\/d9eeb0a378f3a7e4a6d12d2b536b04b8\",\"name\":\"radekmalina\",\"image\":{\"@type\":\"ImageObject\",\"inLanguage\":\"cs\",\"@id\":\"https:\/\/www.welovecycling.com\/cs\/#\/schema\/person\/image\/\",\"url\":\"https:\/\/secure.gravatar.com\/avatar\/66994b632cb8c39a46b9f54afa3ae07201b678d32a54275b6f1c9ffec356bfc0?s=96&d=mm&r=g\",\"contentUrl\":\"https:\/\/secure.gravatar.com\/avatar\/66994b632cb8c39a46b9f54afa3ae07201b678d32a54275b6f1c9ffec356bfc0?s=96&d=mm&r=g\",\"caption\":\"radekmalina\"},\"url\":\"https:\/\/www.welovecycling.com\/cs\/author\/radekmalina\/\"}]}<\/script>\n<!-- \/ Yoast SEO Premium plugin. -->","yoast_head_json":{"title":"Poga\u010dar ztratil koncentraci. Na Tour by nespadl | \u0160koda We Love Cycling - \u010cesk\u00e1 republika","description":"Je mistrem \u0159emesla. Fenom\u00e9nem, o n\u011bm\u017e b\u00e1sn\u00ed nejen sportovn\u00ed sv\u011bt. Kv\u016fli v\u00fdjime\u010dnosti je \u010dasto ozna\u010dov\u00e1n jako mimozem\u0161\u0165an. A p\u0159ece \u0161pan\u011blsk\u00e1 Vuelta v osm\u00e9m d\u011bjstv\u00ed za\u017eila nev\u00eddanou v\u011bc: Tadej Poga\u010dar spadnul. N\u00e1sledky byl hroziv\u00e9. Ot\u0159es mozku, zlomen\u00e1 kl\u00ed\u010dn\u00ed kost, zlomen\u00fd kr\u010dn\u00ed obratel. \u0160ampion ze z\u00e1vodu odstoupil a sen o zkompletov\u00e1n\u00ed v\u00edt\u011bzstv\u00ed ze v\u0161ech Grand Tour mus\u00ed zat\u00edm o\u017eelet. Jak se mohlo st\u00e1t, \u017ee l\u00eddr v \u010derven\u00e9m spadne? A pro\u010d ho jeho v\u011brn\u00ed domestici neochr\u00e1nili?","robots":{"index":"index","follow":"follow","max-snippet":"max-snippet:-1","max-image-preview":"max-image-preview:large","max-video-preview":"max-video-preview:-1"},"canonical":"https:\/\/www.welovecycling.com\/cs\/2026\/09\/01\/pogacar-ztratil-koncentraci-na-tour-by-nespadnul\/","og_locale":"cs_CZ","og_type":"article","og_title":"Poga\u010dar ztratil koncentraci. Na Tour by nespadl","og_description":"Je mistrem \u0159emesla. Fenom\u00e9nem, o n\u011bm\u017e b\u00e1sn\u00ed nejen sportovn\u00ed sv\u011bt. Kv\u016fli v\u00fdjime\u010dnosti je \u010dasto ozna\u010dov\u00e1n jako mimozem\u0161\u0165an. A p\u0159ece \u0161pan\u011blsk\u00e1 Vuelta v osm\u00e9m d\u011bjstv\u00ed za\u017eila nev\u00eddanou v\u011bc: Tadej Poga\u010dar spadnul. N\u00e1sledky byl hroziv\u00e9. Ot\u0159es mozku, zlomen\u00e1 kl\u00ed\u010dn\u00ed kost, zlomen\u00fd kr\u010dn\u00ed obratel. \u0160ampion ze z\u00e1vodu odstoupil a sen o zkompletov\u00e1n\u00ed v\u00edt\u011bzstv\u00ed ze v\u0161ech Grand Tour mus\u00ed zat\u00edm o\u017eelet. Jak se mohlo st\u00e1t, \u017ee l\u00eddr v \u010derven\u00e9m spadne? A pro\u010d ho jeho v\u011brn\u00ed domestici neochr\u00e1nili?","og_url":"https:\/\/www.welovecycling.com\/cs\/2026\/09\/01\/pogacar-ztratil-koncentraci-na-tour-by-nespadnul\/","og_site_name":"\u0160koda We Love Cycling - \u010cesk\u00e1 republika","article_published_time":"2026-09-01T08:05:29+00:00","article_modified_time":"2026-09-01T08:09:05+00:00","og_image":[{"width":1800,"height":1200,"url":"https:\/\/d2p6e6u75xmxt8.cloudfront.net\/13\/2024\/07\/1800-x-1200-velky.webp","type":"image\/webp"}],"author":"radekmalina","twitter_card":"summary_large_image","twitter_misc":{"Written by":"We Love Cycling","Est. reading time":"6"},"schema":{"@context":"https:\/\/schema.org","@graph":[{"@type":"WebPage","@id":"https:\/\/www.welovecycling.com\/cs\/2026\/09\/01\/pogacar-ztratil-koncentraci-na-tour-by-nespadnul\/","url":"https:\/\/www.welovecycling.com\/cs\/2026\/09\/01\/pogacar-ztratil-koncentraci-na-tour-by-nespadnul\/","name":"Poga\u010dar ztratil koncentraci. Na Tour by nespadl | \u0160koda We Love Cycling - \u010cesk\u00e1 republika","isPartOf":{"@id":"https:\/\/www.welovecycling.com\/cs\/#website"},"primaryImageOfPage":{"@id":"https:\/\/www.welovecycling.com\/cs\/2026\/09\/01\/pogacar-ztratil-koncentraci-na-tour-by-nespadnul\/#primaryimage"},"image":{"@id":"https:\/\/www.welovecycling.com\/cs\/2026\/09\/01\/pogacar-ztratil-koncentraci-na-tour-by-nespadnul\/#primaryimage"},"thumbnailUrl":"https:\/\/d2p6e6u75xmxt8.cloudfront.net\/13\/2024\/07\/1800-x-1200-velky.webp","datePublished":"2026-09-01T08:05:29+00:00","dateModified":"2026-09-01T08:09:05+00:00","author":{"@id":"https:\/\/www.welovecycling.com\/cs\/#\/schema\/person\/d9eeb0a378f3a7e4a6d12d2b536b04b8"},"description":"Je mistrem \u0159emesla. Fenom\u00e9nem, o n\u011bm\u017e b\u00e1sn\u00ed nejen sportovn\u00ed sv\u011bt. Kv\u016fli v\u00fdjime\u010dnosti je \u010dasto ozna\u010dov\u00e1n jako mimozem\u0161\u0165an. A p\u0159ece \u0161pan\u011blsk\u00e1 Vuelta v osm\u00e9m d\u011bjstv\u00ed za\u017eila nev\u00eddanou v\u011bc: Tadej Poga\u010dar spadnul. N\u00e1sledky byl hroziv\u00e9. Ot\u0159es mozku, zlomen\u00e1 kl\u00ed\u010dn\u00ed kost, zlomen\u00fd kr\u010dn\u00ed obratel. \u0160ampion ze z\u00e1vodu odstoupil a sen o zkompletov\u00e1n\u00ed v\u00edt\u011bzstv\u00ed ze v\u0161ech Grand Tour mus\u00ed zat\u00edm o\u017eelet. Jak se mohlo st\u00e1t, \u017ee l\u00eddr v \u010derven\u00e9m spadne? A pro\u010d ho jeho v\u011brn\u00ed domestici neochr\u00e1nili?","inLanguage":"cs","potentialAction":[{"@type":"ReadAction","target":["https:\/\/www.welovecycling.com\/cs\/2026\/09\/01\/pogacar-ztratil-koncentraci-na-tour-by-nespadnul\/"]}]},{"@type":"ImageObject","inLanguage":"cs","@id":"https:\/\/www.welovecycling.com\/cs\/2026\/09\/01\/pogacar-ztratil-koncentraci-na-tour-by-nespadnul\/#primaryimage","url":"https:\/\/d2p6e6u75xmxt8.cloudfront.net\/13\/2024\/07\/1800-x-1200-velky.webp","contentUrl":"https:\/\/d2p6e6u75xmxt8.cloudfront.net\/13\/2024\/07\/1800-x-1200-velky.webp","width":1800,"height":1200,"caption":"Zden\u011bk \u0160tybar Vuelta Tadej Poga\u010dar Enric Mas"},{"@type":"WebSite","@id":"https:\/\/www.welovecycling.com\/cs\/#website","url":"https:\/\/www.welovecycling.com\/cs\/","name":"\u0160koda We Love Cycling - \u010cesk\u00e1 republika","description":"WeLoveCycling.cz je online magaz\u00edn, kter\u00fd v\u00e1m pravideln\u011b p\u0159in\u00e1\u0161\u00ed rady a tipy, zaj\u00edmav\u00e9 \u010dl\u00e1nky, videa a jedine\u010dn\u00e9 report\u00e1\u017ee ze sv\u011bta cyklistiky.","potentialAction":[{"@type":"SearchAction","target":{"@type":"EntryPoint","urlTemplate":"https:\/\/www.welovecycling.com\/cs\/?s={search_term_string}"},"query-input":{"@type":"PropertyValueSpecification","valueRequired":true,"valueName":"search_term_string"}}],"inLanguage":"cs"},{"@type":"Person","@id":"https:\/\/www.welovecycling.com\/cs\/#\/schema\/person\/d9eeb0a378f3a7e4a6d12d2b536b04b8","name":"radekmalina","image":{"@type":"ImageObject","inLanguage":"cs","@id":"https:\/\/www.welovecycling.com\/cs\/#\/schema\/person\/image\/","url":"https:\/\/secure.gravatar.com\/avatar\/66994b632cb8c39a46b9f54afa3ae07201b678d32a54275b6f1c9ffec356bfc0?s=96&d=mm&r=g","contentUrl":"https:\/\/secure.gravatar.com\/avatar\/66994b632cb8c39a46b9f54afa3ae07201b678d32a54275b6f1c9ffec356bfc0?s=96&d=mm&r=g","caption":"radekmalina"},"url":"https:\/\/www.welovecycling.com\/cs\/author\/radekmalina\/"}]}},"_links":{"self":[{"href":"https:\/\/www.welovecycling.com\/cs\/wp-json\/wp\/v2\/posts\/35289","targetHints":{"allow":["GET"]}}],"collection":[{"href":"https:\/\/www.welovecycling.com\/cs\/wp-json\/wp\/v2\/posts"}],"about":[{"href":"https:\/\/www.welovecycling.com\/cs\/wp-json\/wp\/v2\/types\/post"}],"author":[{"embeddable":true,"href":"https:\/\/www.welovecycling.com\/cs\/wp-json\/wp\/v2\/users\/138"}],"replies":[{"embeddable":true,"href":"https:\/\/www.welovecycling.com\/cs\/wp-json\/wp\/v2\/comments?post=35289"}],"version-history":[{"count":4,"href":"https:\/\/www.welovecycling.com\/cs\/wp-json\/wp\/v2\/posts\/35289\/revisions"}],"predecessor-version":[{"id":35295,"href":"https:\/\/www.welovecycling.com\/cs\/wp-json\/wp\/v2\/posts\/35289\/revisions\/35295"}],"wp:featuredmedia":[{"embeddable":true,"href":"https:\/\/www.welovecycling.com\/cs\/wp-json\/wp\/v2\/media\/26669"}],"wp:attachment":[{"href":"https:\/\/www.welovecycling.com\/cs\/wp-json\/wp\/v2\/media?parent=35289"}],"wp:term":[{"taxonomy":"category","embeddable":true,"href":"https:\/\/www.welovecycling.com\/cs\/wp-json\/wp\/v2\/categories?post=35289"},{"taxonomy":"post_tag","embeddable":true,"href":"https:\/\/www.welovecycling.com\/cs\/wp-json\/wp\/v2\/tags?post=35289"},{"taxonomy":"global-categories","embeddable":true,"href":"https:\/\/www.welovecycling.com\/cs\/wp-json\/wp\/v2\/global-categories?post=35289"}],"curies":[{"name":"wp","href":"https:\/\/api.w.org\/{rel}","templated":true}]}}