{"id":35282,"date":"2026-08-31T15:29:35","date_gmt":"2026-08-31T13:29:35","guid":{"rendered":"https:\/\/www.welovecycling.com\/cs\/?p=35282"},"modified":"2026-08-31T15:29:35","modified_gmt":"2026-08-31T13:29:35","slug":"dar-nebo-prokleti-utnul-1563-dnu-cekani-a-doufa-ze-naplni-rudy-sen","status":"publish","type":"post","link":"https:\/\/www.welovecycling.com\/cs\/2026\/08\/31\/dar-nebo-prokleti-utnul-1563-dnu-cekani-a-doufa-ze-naplni-rudy-sen\/","title":{"rendered":"Dar nebo proklet\u00ed?! Utnul 1563 dn\u016f \u010dek\u00e1n\u00ed a douf\u00e1, \u017ee napln\u00ed rud\u00fd sen"},"content":{"rendered":"<p><strong>Trag\u00e9die vs. spln\u011bn\u00fd sen?! Jede u\u017e \u0161estn\u00e1ctou Grand Tour \u017eivota. Nikdy v\u0161ak Enric Mas, l\u00eddr Movistaru, nebyl v \u010dele z\u00e1vodu. A\u017e do leto\u0161n\u00ed \u0161pan\u011blsk\u00e9 Grand Tour. I proto pat\u0159il k nejdiskutovan\u011bj\u0161\u00edm postav\u00e1m pelotonu. Jakoby nedok\u00e1zal naplnit potenci\u00e1l. Ale te\u010f douf\u00e1, \u017ee naklon\u00ed osud na svoji stranu. Vuelta m\u00e1 zm\u011bnit jeho kari\u00e9ru.<\/strong><\/p>\n<p>Prvn\u00ed Grand Tour \u017eivota jel u\u017e v roce 2017 jako dvaadvacetilet\u00fd zelen\u00e1\u010d v dresu t\u00fdmu Quick Step Floors. Vuelta byla d\u011bji\u0161t\u011bm jeho premi\u00e9ry na n\u011bkter\u00e9m ze t\u0159\u00ed nejv\u011bt\u0161\u00edch etapov\u00fdch z\u00e1vod\u016f planety. O rok pozd\u011bji se vr\u00e1til. A slavil prvn\u00ed etapov\u00e9 prvenstv\u00ed. V celkov\u00e9m po\u0159ad\u00ed byl druh\u00fd za Simonem Yatesem. Ve t\u0159iadvaceti letech v\u011b\u0161tili experti rod\u00e1kovi z Mallorky hv\u011bzdou kari\u00e9ru.<\/p>\n<h2><strong>Jen sedm v\u00fdher za 11 let<\/strong><\/h2>\n<p>O rok pozd\u011bji debutoval na Tour de France, kterou absolvoval sedmkr\u00e1t. Nejl\u00e9pe dojel p\u00e1t\u00fd. Nikdy nevyhr\u00e1l etapu. Giro jel jednou. V celkov\u00e9m po\u0159ad\u00ed skon\u010dil ve \u010dtvrt\u00e9 des\u00edtce, bez etapov\u00e9ho prvenstv\u00ed&#8230;<\/p>\n<p>A Vuelta? V roce 2020 skon\u010dil p\u00e1t\u00fd, o rok pozd\u011bji druh\u00fd a na podzim 2022 znovu druh\u00fd. Pak p\u0159idal v edici 2023 \u0161estou p\u0159\u00ed\u010dku, ro\u010dn\u00edk 2024 dokon\u010dil jako t\u0159et\u00ed. Cel\u00e9 roky marn\u011b vyhl\u00ed\u017eel etapov\u00e9 prvenstv\u00ed.<\/p>\n<p>Po jeden\u00e1cti letech v profesion\u00e1ln\u00edm pelotonu m\u00e1 na kont\u011b pouh\u00fdch sedm v\u00edt\u011bzstv\u00ed! Posledn\u00ed &#8211; p\u0159ed velkolep\u00fdm ned\u011bln\u00edm triumfem na Vuelt\u011b &#8211; slavil 1. \u0159\u00edjna 2022 p\u0159i sto p\u00e1t\u00e9m ro\u010dn\u00edku Giro dell&#8217;Emilia. Tehdy porazil Tadeje Poga\u010dara. Pak n\u00e1sledovalo dlouh\u00e9 obdob\u00ed p\u016fstu. Velk\u00fdch por\u00e1\u017eek. P\u00e1d\u016f se zlomeninami jako t\u0159eba na Tour de France 2023. A zdravotn\u00edch probl\u00e9m\u016f.<\/p>\n<figure id=\"attachment_35274\" aria-describedby=\"caption-attachment-35274\" style=\"width: 1200px\" class=\"wp-caption alignnone\"><a href=\"https:\/\/d2p6e6u75xmxt8.cloudfront.net\/13\/2026\/08\/profimedia-1129132871.webp\"><img loading=\"lazy\" decoding=\"async\" class=\"size-full wp-image-35274\" src=\"https:\/\/d2p6e6u75xmxt8.cloudfront.net\/13\/2026\/08\/profimedia-1129132871.webp\" alt=\"\" width=\"1200\" height=\"1800\" srcset=\"https:\/\/d2p6e6u75xmxt8.cloudfront.net\/13\/2026\/08\/profimedia-1129132871.webp 1200w, https:\/\/d2p6e6u75xmxt8.cloudfront.net\/13\/2026\/08\/profimedia-1129132871-200x300.webp 200w, https:\/\/d2p6e6u75xmxt8.cloudfront.net\/13\/2026\/08\/profimedia-1129132871-683x1024.webp 683w, https:\/\/d2p6e6u75xmxt8.cloudfront.net\/13\/2026\/08\/profimedia-1129132871-768x1152.webp 768w, https:\/\/d2p6e6u75xmxt8.cloudfront.net\/13\/2026\/08\/profimedia-1129132871-1024x1536.webp 1024w, https:\/\/d2p6e6u75xmxt8.cloudfront.net\/13\/2026\/08\/profimedia-1129132871-267x400.webp 267w\" sizes=\"auto, (max-width: 1200px) 100vw, 1200px\" \/><\/a><figcaption id=\"caption-attachment-35274\" class=\"wp-caption-text\"><em>Tadej Poga\u010dar pro\u017eil drsn\u00fd p\u00e1d a Vuelta jeho v\u00edt\u011bzstv\u00ed neuvid\u00ed. Enric Mas, nov\u00fd l\u00eddr pr\u016fb\u011b\u017en\u00e9ho po\u0159ad\u00ed, z \u00facty neobl\u00e9kl rud\u00fd dres vedouc\u00edho z\u00e1vodn\u00edka.<\/em><\/figcaption><\/figure>\n<p>I proto se \u010dasto st\u00e1valo, \u017ee byl Enric Mas jednou z nejdiskutovan\u011bj\u0161\u00edch postav pelotonu. &#8222;N\u011bkdy se zd\u00e1, \u017ee jsou v\u011bci \u010dernob\u00edl\u00e9. Ale cyklistika je jin\u00e1. P\u0159in\u00e1\u0161\u00ed mnoho r\u016fzn\u00fdch moment\u016f. Je to velk\u00fd proces,&#8220; pokr\u010dil rameny v rozhovoru pro den\u00edk Marca.<\/p>\n<p>Ani letos se nezd\u00e1lo, \u017ee by m\u011bl zlomit nep\u0159\u00edze\u0148 osudu. Ale pak vid\u011bla Vuelta v jeho pod\u00e1n\u00ed nev\u00eddanou v\u011bc. V \u0161est\u00e9m d\u011bjstv\u00ed &#8222;vy\u0161perkovan\u00e9m&#8220; \u0161otolinov\u00fdmi \u00faseky dok\u00e1zal v kopci dr\u017eet krok s Tadejem Poga\u010darem. Dokonce donutil slovinsk\u00e9ho \u0161ampiona k m\u00e1lo v\u00eddan\u00e9 chyb\u011b, kdy jezdec UAE Emirates XRG v zat\u00e1\u010dce vylet\u011bl do tr\u00e1vy, by\u0165 bez v\u00e1\u017en\u00fdch n\u00e1sledk\u016f.<\/p>\n<div class=\"shortcode-ys-post-pinup\"><article class=\"loop-simple post-35222 post type-post status-publish format-standard has-post-thumbnail hentry category-silnicni-cyklistika tag-cyklistika tag-erola-jons tag-pogachitar tag-silnicni-cyklistika tag-socialni-site tag-tadej-pogacar tag-vuelta global-categories-cycling\" data-postid=\"35222\" role=\"article\" data-post-id=\"35222\" data-word-count=\"404\" data-headline-length=\"66\" data-category=\"Silni\u010dn\u00ed cyklistika\" data-global-category=\"Cycling\" data-author=\"Radek Malina\" data-published=\"2026-08-25T14:30:47+02:00\" data-published-day=\"Tuesday\">\n    <div class=\"entry-thumbnail article-thumbnail\" content=\"https:\/\/d2p6e6u75xmxt8.cloudfront.net\/13\/2026\/08\/20260824LV03-A.S.O-Cxcling-Toni-Baixauli-BX9_0300-150x150.webp\"><a href=\"https:\/\/www.welovecycling.com\/cs\/2026\/08\/25\/pogachitar-vuelta-zarizla-vlastni-influencerku\/\" class=\"image-holder\" target=\"_self\"><img decoding=\"async\" loading=\"lazy\" class=\"\" src=\"https:\/\/d2p6e6u75xmxt8.cloudfront.net\/13\/2026\/08\/20260824LV03-A.S.O-Cxcling-Toni-Baixauli-BX9_0300-1024x683.webp\" srcset=\"https:\/\/d2p6e6u75xmxt8.cloudfront.net\/13\/2026\/08\/20260824LV03-A.S.O-Cxcling-Toni-Baixauli-BX9_0300.webp 1680w, https:\/\/d2p6e6u75xmxt8.cloudfront.net\/13\/2026\/08\/20260824LV03-A.S.O-Cxcling-Toni-Baixauli-BX9_0300-300x200.webp 300w, https:\/\/d2p6e6u75xmxt8.cloudfront.net\/13\/2026\/08\/20260824LV03-A.S.O-Cxcling-Toni-Baixauli-BX9_0300-1024x683.webp 1024w, https:\/\/d2p6e6u75xmxt8.cloudfront.net\/13\/2026\/08\/20260824LV03-A.S.O-Cxcling-Toni-Baixauli-BX9_0300-768x512.webp 768w, https:\/\/d2p6e6u75xmxt8.cloudfront.net\/13\/2026\/08\/20260824LV03-A.S.O-Cxcling-Toni-Baixauli-BX9_0300-1536x1024.webp 1536w, https:\/\/d2p6e6u75xmxt8.cloudfront.net\/13\/2026\/08\/20260824LV03-A.S.O-Cxcling-Toni-Baixauli-BX9_0300-400x267.webp 400w, https:\/\/d2p6e6u75xmxt8.cloudfront.net\/13\/2026\/08\/20260824LV03-A.S.O-Cxcling-Toni-Baixauli-BX9_0300-272x182.webp 272w\" width=\"1024\" height=\"683\" sizes=\"auto, (min-width: 1200px) 300px, (min-width: 768px) 25vw, 100vw\" alt=\"pogachitar-vuelta-zarizla-vlastni-influencerku\"\/><\/a><\/div>    <div class=\"entry-meta\">\n        <a class=\"label label-secondary post-category\" href=\"https:\/\/www.welovecycling.com\/cs\/category\/silnicni-cyklistika\/\" title=\"Silni\u010dn\u00ed cyklistika\">Silni\u010dn\u00ed cyklistika<\/a>\n    <\/div>\n    <div class=\"entry-details\">\n        <a href=\"https:\/\/www.welovecycling.com\/cs\/2026\/08\/25\/pogachitar-vuelta-zarizla-vlastni-influencerku\/\" class='entry-title-wrapper'>\n            <h3 class=\"entry-title\"><span>Pogachitar?! Vuelta za\u0159\u00edzla vlastn\u00ed influencerku kv\u016fli sexismu<\/span><\/h3>\n        <\/a>\n    <\/div>\n    <\/article>\n<\/div>\n<p>Enric Mas se usadil na druh\u00e9 p\u0159\u00ed\u010dce celkov\u00e9ho po\u0159ad\u00ed. Sm\u00ed\u0159en\u00fd s osudem. Proto\u017ee Poga\u010dar je p\u0159eci neporaziteln\u00fd. Jen\u017ee k\u00e1men na silnici v osm\u00e9 etap\u011b Slovince katapultoval do vzduchu a p\u0159i n\u00e1sledn\u00e9m p\u00e1du si mu\u017e v rud\u00e9m dresu vedouc\u00edho z\u00e1vodn\u00edka p\u0159ivodil ot\u0159es mozku, zlomeninu kl\u00ed\u010dn\u00ed kosti a kr\u010dn\u00edho obratle. \u0160pan\u011blsk\u00fd jezdec Movistaru se ne\u010dekan\u011b octl v \u010dele pr\u016fb\u011b\u017en\u00e9ho po\u0159ad\u00ed.<\/p>\n<blockquote class=\"instagram-media\" style=\"background: #FFF; border: 0; border-radius: 3px; box-shadow: 0 0 1px 0 rgba(0,0,0,0.5),0 1px 10px 0 rgba(0,0,0,0.15); margin: 1px; max-width: 540px; min-width: 326px; padding: 0; width: calc(100% - 2px);\" data-instgrm-captioned=\"\" data-instgrm-permalink=\"https:\/\/www.instagram.com\/reel\/DcrD5pLuJ35\/?utm_source=ig_embed&amp;utm_campaign=loading\" data-instgrm-version=\"14\">\n<div style=\"padding: 16px;\">\n<p>&nbsp;<\/p>\n<div style=\"display: flex; flex-direction: row; align-items: center;\">\n<div style=\"background-color: #f4f4f4; border-radius: 50%; flex-grow: 0; height: 40px; margin-right: 14px; width: 40px;\"><\/div>\n<div style=\"display: flex; flex-direction: column; flex-grow: 1; justify-content: center;\">\n<div style=\"background-color: #f4f4f4; border-radius: 4px; flex-grow: 0; height: 14px; margin-bottom: 6px; width: 100px;\"><\/div>\n<div style=\"background-color: #f4f4f4; border-radius: 4px; flex-grow: 0; height: 14px; width: 60px;\"><\/div>\n<\/div>\n<\/div>\n<div style=\"padding: 19% 0;\"><\/div>\n<div style=\"display: block; height: 50px; margin: 0 auto 12px; width: 50px;\"><\/div>\n<div style=\"padding-top: 8px;\">\n<div style=\"color: #3897f0; font-family: Arial,sans-serif; font-size: 14px; font-style: normal; font-weight: 550; line-height: 18px;\">Zobrazit p\u0159\u00edsp\u011bvek na Instagramu<\/div>\n<\/div>\n<div style=\"padding: 12.5% 0;\"><\/div>\n<div style=\"display: flex; flex-direction: row; margin-bottom: 14px; align-items: center;\">\n<div>\n<div style=\"background-color: #f4f4f4; border-radius: 50%; height: 12.5px; width: 12.5px; transform: translateX(0px) translateY(7px);\"><\/div>\n<div style=\"background-color: #f4f4f4; height: 12.5px; transform: rotate(-45deg) translateX(3px) translateY(1px); width: 12.5px; flex-grow: 0; margin-right: 14px; margin-left: 2px;\"><\/div>\n<div style=\"background-color: #f4f4f4; border-radius: 50%; height: 12.5px; width: 12.5px; transform: translateX(9px) translateY(-18px);\"><\/div>\n<\/div>\n<div style=\"margin-left: 8px;\">\n<div style=\"background-color: #f4f4f4; border-radius: 50%; flex-grow: 0; height: 20px; width: 20px;\"><\/div>\n<div style=\"width: 0; height: 0; border-top: 2px solid transparent; border-left: 6px solid #f4f4f4; border-bottom: 2px solid transparent; transform: translateX(16px) translateY(-4px) rotate(30deg);\"><\/div>\n<\/div>\n<div style=\"margin-left: auto;\">\n<div style=\"width: 0px; border-top: 8px solid #F4F4F4; border-right: 8px solid transparent; transform: translateY(16px);\"><\/div>\n<div style=\"background-color: #f4f4f4; flex-grow: 0; height: 12px; width: 16px; transform: translateY(-4px);\"><\/div>\n<div style=\"width: 0; height: 0; border-top: 8px solid #F4F4F4; border-left: 8px solid transparent; transform: translateY(-4px) translateX(8px);\"><\/div>\n<\/div>\n<\/div>\n<div style=\"display: flex; flex-direction: column; flex-grow: 1; justify-content: center; margin-bottom: 24px;\">\n<div style=\"background-color: #f4f4f4; border-radius: 4px; flex-grow: 0; height: 14px; margin-bottom: 6px; width: 224px;\"><\/div>\n<div style=\"background-color: #f4f4f4; border-radius: 4px; flex-grow: 0; height: 14px; width: 144px;\"><\/div>\n<\/div>\n<p>&nbsp;<\/p>\n<p style=\"color: #c9c8cd; font-family: Arial,sans-serif; font-size: 14px; line-height: 17px; margin-bottom: 0; margin-top: 8px; overflow: hidden; padding: 8px 0 7px; text-align: center; text-overflow: ellipsis; white-space: nowrap;\"><a style=\"color: #c9c8cd; font-family: Arial,sans-serif; font-size: 14px; font-style: normal; font-weight: normal; line-height: 17px; text-decoration: none;\" href=\"https:\/\/www.instagram.com\/reel\/DcrD5pLuJ35\/?utm_source=ig_embed&amp;utm_campaign=loading\" target=\"_blank\" rel=\"noopener\">P\u0159\u00edsp\u011bvek sd\u00edlen\u00fd Velon CC (@veloncc)<\/a><\/p>\n<\/div>\n<\/blockquote>\n<p><script async src=\"\/\/www.instagram.com\/embed.js\"><\/script>\u00a0Splnil si sen. Byl dr\u017eitelem rud\u00e9ho dresu. &#8222;Kdykoliv jsem z\u00e1vodil na Vuelt\u011b a vid\u011bl n\u011bkoho v \u010derven\u00e9m dresu, z\u00e1vid\u011bl jsem mu,&#8220; p\u0159iznal up\u0159\u00edmn\u011b, jak moc po veden\u00ed na dom\u00e1c\u00ed Grand Tour tou\u017eil. Ale na stupn\u00edch v\u00edt\u011bz\u016f odm\u00edtl dres vedouc\u00edho z\u00e1vodn\u00edka obl\u00e9knout. &#8222;Tadej si zaslou\u017eil \u00factu. P\u0159ijal jsem situaci jako \u010dlov\u011bk, kter\u00fd souc\u00edt\u00ed se soupe\u0159em. Nebylo to \u017e\u00e1dn\u00e9 pr\u00e1zdn\u00e9 gesto,&#8220; vysv\u011btlil Enric Mas.<\/p>\n<h2><strong>Vuelta za\u017eila restart<\/strong><\/h2>\n<p>Peloton je v\u0161ak nemilosrdn\u00fd. Bez ohledu na v\u00e1\u017en\u00e9 zran\u011bn\u00ed fenomen\u00e1ln\u00edho Slovince se dal\u0161\u00ed den z\u00e1vodilo. Ov\u0161em bez Poga\u010dara v pelotonu do\u0161lo na pomysln\u00fd restart z\u00e1vodu. Jako kdyby n\u011bkdo \u0161krtnul p\u0159ede\u0161l\u00fdch osm etap a vynuloval po\u010d\u00edtadlo kilometr\u016f. \u0160pan\u011bl ve slu\u017eb\u00e1ch Movistaru si navl\u00e9kl \u010derven\u00fd dres. Poprv\u00e9 b\u011bhem \u0161estn\u00e1cti Grand Tour \u017eivota byl v \u010dele z\u00e1vodu.<\/p>\n<div class=\"shortcode-ys-post-pinup\"><article class=\"loop-simple post-35145 post type-post status-publish format-standard has-post-thumbnail hentry category-silnicni-cyklistika tag-cyklistika tag-decathlon-cma-cgm tag-kontrakt tag-paul-seixas tag-prestup tag-silnicni-cyklistika global-categories-cycling\" data-postid=\"35145\" role=\"article\" data-post-id=\"35145\" data-word-count=\"531\" data-headline-length=\"48\" data-category=\"Silni\u010dn\u00ed cyklistika\" data-global-category=\"Cycling\" data-author=\"We Love Cycling\" data-published=\"2026-08-18T12:48:15+02:00\" data-published-day=\"Tuesday\">\n    <div class=\"entry-thumbnail article-thumbnail\" content=\"https:\/\/d2p6e6u75xmxt8.cloudfront.net\/13\/2026\/08\/20260717TDF1025_A.S.O.-Thomas-Maheux-1-150x150.webp\"><a href=\"https:\/\/www.welovecycling.com\/cs\/2026\/08\/18\/stovky-milionu-odmitl-zatim-zustane-verny\/\" class=\"image-holder\" target=\"_self\"><img decoding=\"async\" loading=\"lazy\" class=\"\" src=\"https:\/\/d2p6e6u75xmxt8.cloudfront.net\/13\/2026\/08\/20260717TDF1025_A.S.O.-Thomas-Maheux-1-1024x683.webp\" srcset=\"https:\/\/d2p6e6u75xmxt8.cloudfront.net\/13\/2026\/08\/20260717TDF1025_A.S.O.-Thomas-Maheux-1.webp 1680w, https:\/\/d2p6e6u75xmxt8.cloudfront.net\/13\/2026\/08\/20260717TDF1025_A.S.O.-Thomas-Maheux-1-300x200.webp 300w, https:\/\/d2p6e6u75xmxt8.cloudfront.net\/13\/2026\/08\/20260717TDF1025_A.S.O.-Thomas-Maheux-1-1024x683.webp 1024w, https:\/\/d2p6e6u75xmxt8.cloudfront.net\/13\/2026\/08\/20260717TDF1025_A.S.O.-Thomas-Maheux-1-768x512.webp 768w, https:\/\/d2p6e6u75xmxt8.cloudfront.net\/13\/2026\/08\/20260717TDF1025_A.S.O.-Thomas-Maheux-1-1536x1025.webp 1536w, https:\/\/d2p6e6u75xmxt8.cloudfront.net\/13\/2026\/08\/20260717TDF1025_A.S.O.-Thomas-Maheux-1-400x267.webp 400w, https:\/\/d2p6e6u75xmxt8.cloudfront.net\/13\/2026\/08\/20260717TDF1025_A.S.O.-Thomas-Maheux-1-272x182.webp 272w\" width=\"1024\" height=\"683\" sizes=\"auto, (min-width: 1200px) 300px, (min-width: 768px) 25vw, 100vw\" alt=\"stovky-milionu-odmitl-zatim-zustane-verny\"\/><\/a><\/div>    <div class=\"entry-meta\">\n        <a class=\"label label-secondary post-category\" href=\"https:\/\/www.welovecycling.com\/cs\/category\/silnicni-cyklistika\/\" title=\"Silni\u010dn\u00ed cyklistika\">Silni\u010dn\u00ed cyklistika<\/a>\n    <\/div>\n    <div class=\"entry-details\">\n        <a href=\"https:\/\/www.welovecycling.com\/cs\/2026\/08\/18\/stovky-milionu-odmitl-zatim-zustane-verny\/\" class='entry-title-wrapper'>\n            <h3 class=\"entry-title\"><span>Stovky milion\u016f odm\u00edtl. Zat\u00edm z\u016fstane v\u011brn\u00fd<\/span><\/h3>\n        <\/a>\n    <\/div>\n    <\/article>\n<\/div>\n<p>Vuelta oslavovala \u0161pan\u011blsk\u00e9ho l\u00eddra. Poprv\u00e9 od roku 2018, kdy byl dv\u011b etapy na prvn\u00edm m\u00edst\u011b Jes\u00fas Herrada z Cofidisu. A \u0160pan\u011blsko se mohlo radovat z l\u00eddra na n\u011bkter\u00e9 z Grand Tour. Celkem 1563 dn\u016f toti\u017e cyklistick\u00e1 velmoc z Pyrenej\u00ed nem\u011bla mu\u017ee v \u010dele Gira, Tour de France \u010di Vuelty. Naposledy vezl 20. kv\u011btna 2022 Juan L\u00f3pez na italsk\u00e9m Giru r\u016f\u017eov\u00fd trikot.<\/p>\n<p><a href=\"https:\/\/d2p6e6u75xmxt8.cloudfront.net\/13\/2026\/08\/20260830LV09-A.S.O-Cxcling-Miguel-Ena-E2_00030.webp\"><img loading=\"lazy\" decoding=\"async\" class=\"alignnone size-extra-large wp-image-35283\" src=\"https:\/\/d2p6e6u75xmxt8.cloudfront.net\/13\/2026\/08\/20260830LV09-A.S.O-Cxcling-Miguel-Ena-E2_00030-1484x1920.webp\" alt=\"\" width=\"1484\" height=\"1920\" srcset=\"https:\/\/d2p6e6u75xmxt8.cloudfront.net\/13\/2026\/08\/20260830LV09-A.S.O-Cxcling-Miguel-Ena-E2_00030-1484x1920.webp 1484w, https:\/\/d2p6e6u75xmxt8.cloudfront.net\/13\/2026\/08\/20260830LV09-A.S.O-Cxcling-Miguel-Ena-E2_00030-232x300.webp 232w, https:\/\/d2p6e6u75xmxt8.cloudfront.net\/13\/2026\/08\/20260830LV09-A.S.O-Cxcling-Miguel-Ena-E2_00030-791x1024.webp 791w, https:\/\/d2p6e6u75xmxt8.cloudfront.net\/13\/2026\/08\/20260830LV09-A.S.O-Cxcling-Miguel-Ena-E2_00030-768x994.webp 768w, https:\/\/d2p6e6u75xmxt8.cloudfront.net\/13\/2026\/08\/20260830LV09-A.S.O-Cxcling-Miguel-Ena-E2_00030-1187x1536.webp 1187w, https:\/\/d2p6e6u75xmxt8.cloudfront.net\/13\/2026\/08\/20260830LV09-A.S.O-Cxcling-Miguel-Ena-E2_00030-1583x2048.webp 1583w, https:\/\/d2p6e6u75xmxt8.cloudfront.net\/13\/2026\/08\/20260830LV09-A.S.O-Cxcling-Miguel-Ena-E2_00030-309x400.webp 309w, https:\/\/d2p6e6u75xmxt8.cloudfront.net\/13\/2026\/08\/20260830LV09-A.S.O-Cxcling-Miguel-Ena-E2_00030.webp 1680w, https:\/\/d2p6e6u75xmxt8.cloudfront.net\/13\/2026\/08\/20260830LV09-A.S.O-Cxcling-Miguel-Ena-E2_00030-1484x1920.webp 1484w\" sizes=\"auto, (max-width: 1484px) 100vw, 1484px\" \/><\/a><\/p>\n<p>A Enric Mas ohromil v\u00edt\u011bzstv\u00edm p\u0159i dojezdu v druh\u00e9 nejt\u011b\u017e\u0161\u00ed etap\u011b \u0161pan\u011blsk\u00e9 Grand Tour. Dev\u00e1t\u00e9 d\u011bjstv\u00ed s fini\u0161em na Alto de Aitana ozdobil etapov\u00fdm v\u00edt\u011bzstv\u00edm. &#8222;Vyhr\u00e1t v \u010derven\u00e9m dresu l\u00eddra Vuelty je velmi speci\u00e1ln\u00ed. R\u00e1no p\u0159ed startem etapy jsem byl nad\u0161en\u00fd jako mal\u00e9 d\u00edt\u011b. V\u00fdhra mi dod\u00e1 dal\u0161\u00ed sebev\u011bdom\u00ed, ale jsem velmi opatrn\u00fd, proto\u017ee u\u017e jsem v kari\u00e9\u0159e za\u017eil hodn\u011b zklam\u00e1n\u00ed,&#8220; neskr\u00fdval \u0161pan\u011blsk\u00fd z\u00e1vodn\u00edk.<\/p>\n<p>&#8222;Od roku 2020 jsem na Giru, Tour nebo Vuelt\u011b obl\u00e9kal jen t\u00fdmov\u00fd dres. Krom\u011b okam\u017eiku, kdy jsem na Tour de France byl v b\u00edl\u00e9m trikotu pro nejlep\u0161\u00edho mlad\u00e9ho z\u00e1vodn\u00edka. Jinak jsem po\u0159\u00e1d obl\u00e9kal t\u00fdmov\u00fd dres Movistaru. A ani v nejdivo\u010dej\u0161\u00edch snech jsem si nep\u0159edstavoval, \u017ee bych se mohl do \u010derven\u00e9ho trikotu obl\u00e9knout. Byl tady Poga\u010dar p\u0159ece,&#8220; pouk\u00e1zal Enric Mas na skute\u010dnost, \u017ee p\u0159i \u00fa\u010dasti Slovince by z\u0159ejm\u011b sv\u016fj sen nenaplnil.<\/p>\n<h2><strong>Enric Mas: \u017divot nen\u00ed p\u0159\u00edmka<\/strong><\/h2>\n<p>Jen\u017ee Tadej Poga\u010dar v pelotonu u\u017e nen\u00ed. A tak jsou v hlavn\u00ed roli jin\u00e9 tv\u00e1\u0159e. &#8222;Mysl\u00edm, \u017ee jsem v nejlep\u0161\u00ed form\u011b sv\u00e9ho \u017eivota. Nikdy jsem nem\u011bl lep\u0161\u00ed pocit. Nav\u00edc rud\u00fd trikot d\u00e1v\u00e1 k\u0159\u00eddla. U\u017e v\u00edm, jak se c\u00edt\u00ed Tadej,&#8220; sm\u00e1l se Enric Mas v nar\u00e1\u017ece na skute\u010dnost, \u017ee coby l\u00eddr z\u00e1vodu z\u00edskal po\u0159\u00e1dnou porci sebev\u011bdom\u00ed.<\/p>\n<blockquote class=\"instagram-media\" style=\"background: #FFF; border: 0; border-radius: 3px; box-shadow: 0 0 1px 0 rgba(0,0,0,0.5),0 1px 10px 0 rgba(0,0,0,0.15); margin: 1px; max-width: 540px; min-width: 326px; padding: 0; width: calc(100% - 2px);\" data-instgrm-captioned=\"\" data-instgrm-permalink=\"https:\/\/www.instagram.com\/reel\/DcoSIcjNWBd\/?utm_source=ig_embed&amp;utm_campaign=loading\" data-instgrm-version=\"14\">\n<div style=\"padding: 16px;\">\n<p>&nbsp;<\/p>\n<div style=\"display: flex; flex-direction: row; align-items: center;\">\n<div style=\"background-color: #f4f4f4; border-radius: 50%; flex-grow: 0; height: 40px; margin-right: 14px; width: 40px;\"><\/div>\n<div style=\"display: flex; flex-direction: column; flex-grow: 1; justify-content: center;\">\n<div style=\"background-color: #f4f4f4; border-radius: 4px; flex-grow: 0; height: 14px; margin-bottom: 6px; width: 100px;\"><\/div>\n<div style=\"background-color: #f4f4f4; border-radius: 4px; flex-grow: 0; height: 14px; width: 60px;\"><\/div>\n<\/div>\n<\/div>\n<div style=\"padding: 19% 0;\"><\/div>\n<div style=\"display: block; height: 50px; margin: 0 auto 12px; width: 50px;\"><\/div>\n<div style=\"padding-top: 8px;\">\n<div style=\"color: #3897f0; font-family: Arial,sans-serif; font-size: 14px; font-style: normal; font-weight: 550; line-height: 18px;\">Zobrazit p\u0159\u00edsp\u011bvek na Instagramu<\/div>\n<\/div>\n<div style=\"padding: 12.5% 0;\"><\/div>\n<div style=\"display: flex; flex-direction: row; margin-bottom: 14px; align-items: center;\">\n<div>\n<div style=\"background-color: #f4f4f4; border-radius: 50%; height: 12.5px; width: 12.5px; transform: translateX(0px) translateY(7px);\"><\/div>\n<div style=\"background-color: #f4f4f4; height: 12.5px; transform: rotate(-45deg) translateX(3px) translateY(1px); width: 12.5px; flex-grow: 0; margin-right: 14px; margin-left: 2px;\"><\/div>\n<div style=\"background-color: #f4f4f4; border-radius: 50%; height: 12.5px; width: 12.5px; transform: translateX(9px) translateY(-18px);\"><\/div>\n<\/div>\n<div style=\"margin-left: 8px;\">\n<div style=\"background-color: #f4f4f4; border-radius: 50%; flex-grow: 0; height: 20px; width: 20px;\"><\/div>\n<div style=\"width: 0; height: 0; border-top: 2px solid transparent; border-left: 6px solid #f4f4f4; border-bottom: 2px solid transparent; transform: translateX(16px) translateY(-4px) rotate(30deg);\"><\/div>\n<\/div>\n<div style=\"margin-left: auto;\">\n<div style=\"width: 0px; border-top: 8px solid #F4F4F4; border-right: 8px solid transparent; transform: translateY(16px);\"><\/div>\n<div style=\"background-color: #f4f4f4; flex-grow: 0; height: 12px; width: 16px; transform: translateY(-4px);\"><\/div>\n<div style=\"width: 0; height: 0; border-top: 8px solid #F4F4F4; border-left: 8px solid transparent; transform: translateY(-4px) translateX(8px);\"><\/div>\n<\/div>\n<\/div>\n<div style=\"display: flex; flex-direction: column; flex-grow: 1; justify-content: center; margin-bottom: 24px;\">\n<div style=\"background-color: #f4f4f4; border-radius: 4px; flex-grow: 0; height: 14px; margin-bottom: 6px; width: 224px;\"><\/div>\n<div style=\"background-color: #f4f4f4; border-radius: 4px; flex-grow: 0; height: 14px; width: 144px;\"><\/div>\n<\/div>\n<p>&nbsp;<\/p>\n<p style=\"color: #c9c8cd; font-family: Arial,sans-serif; font-size: 14px; line-height: 17px; margin-bottom: 0; margin-top: 8px; overflow: hidden; padding: 8px 0 7px; text-align: center; text-overflow: ellipsis; white-space: nowrap;\"><a style=\"color: #c9c8cd; font-family: Arial,sans-serif; font-size: 14px; font-style: normal; font-weight: normal; line-height: 17px; text-decoration: none;\" href=\"https:\/\/www.instagram.com\/reel\/DcoSIcjNWBd\/?utm_source=ig_embed&amp;utm_campaign=loading\" target=\"_blank\" rel=\"noopener\">P\u0159\u00edsp\u011bvek sd\u00edlen\u00fd Teledeporte (@teledeportertve)<\/a><\/p>\n<\/div>\n<\/blockquote>\n<p><script async src=\"\/\/www.instagram.com\/embed.js\"><\/script>\u00a0&#8222;Vuelta je m\u016fj z\u00e1vod. Nav\u00edc tohle ro\u010dn\u00ed obdob\u00ed&#8230; N\u011bkdo z\u00e1vod\u00ed l\u00e9pe na ja\u0159e, jin\u00fd v l\u00e9t\u011b. Te\u010f je m\u016fj \u010das. V\u017edy jsem \u0159\u00edkal, \u017ee v\u00edt\u011bzstv\u00ed na Grand Tour je sen. A j\u00e1 douf\u00e1m, \u017ee ho napln\u00edm. Nijak p\u0159itom nepodl\u00e9h\u00e1m euforii, jakkoliv pro\u017e\u00edv\u00e1m fantastick\u00e9 emoce. Budu br\u00e1t z\u00e1vod den po dni. Proto\u017ee kdyby to nevy\u0161lo, budu j\u00e1 prvn\u00ed, koho zas\u00e1hne hlubok\u00e1 frustrace,&#8220; p\u0159ipustil Enric Mas a ujistil, \u017ee ur\u010dit\u011b nepodlehne tlaku ve\u0159ejn\u00e9ho o\u010dek\u00e1v\u00e1n\u00ed.<\/p>\n<p>&#8222;Jsem v\u016f\u010di v\u0161emu imunn\u00ed. Nikdy jsem koment\u00e1\u0159e, kter\u00e9 m\u011b kritizovaly, moc nepro\u017e\u00edval. V\u011bci \u010dasto ne\u0161ly podle pl\u00e1nu. Minul\u00fd rok v \u010dervenci jsem podstoupil operaci kv\u016fli z\u00e1n\u011btu \u017eil. Proces n\u00e1vratu byl hodn\u011b dlouh\u00fd. V\u00e1\u017en\u011b velmi dlouh\u00fd. V\u017edy \u0159\u00edk\u00e1m, \u017ee kdyby byl \u017eivot jako p\u0159\u00edmka, byl by nudn\u00fd. V\u0161echny vzestupy a p\u00e1dy d\u00e1vaj\u00ed mnohem v\u011bt\u0161\u00ed motivaci.&#8220;<\/p>\n<p>&nbsp;<\/p>\n<p>&nbsp;<\/p>\n","protected":false},"excerpt":{"rendered":"<p>Trag\u00e9die vs. spln\u011bn\u00fd sen?! Jede u\u017e \u0161estn\u00e1ctou Grand Tour \u017eivota. Nikdy v\u0161ak Enric Mas, l\u00eddr Movistaru, nebyl v \u010dele z\u00e1vodu. [&hellip;]<\/p>\n","protected":false},"author":138,"featured_media":35287,"comment_status":"open","ping_status":"open","sticky":false,"template":"","format":"standard","meta":{"footnotes":""},"categories":[10],"tags":[126,3183,9,502,4416],"global-categories":[411],"class_list":["post-35282","post","type-post","status-publish","format-standard","has-post-thumbnail","hentry","category-silnicni-cyklistika","tag-cyklistika","tag-enric-mas","tag-silnicni-cyklistika","tag-tadej-pogacar","tag-vuelta-2026","global-categories-cycling"],"yoast_head":"<!-- This site is optimized with the Yoast SEO Premium plugin v25.3 (Yoast SEO v25.9) - https:\/\/yoast.com\/wordpress\/plugins\/seo\/ -->\n<title>Dar nebo proklet\u00ed?! Utnul 1563 dn\u016f \u010dek\u00e1n\u00ed a douf\u00e1, \u017ee napln\u00ed rud\u00fd sen | \u0160koda We Love Cycling - \u010cesk\u00e1 republika<\/title>\n<meta name=\"description\" content=\"Trag\u00e9die vs. spln\u011bn\u00fd sen?! Jede u\u017e \u0161estn\u00e1ctou Grand Tour \u017eivota. Nikdy v\u0161ak Enric Mas, l\u00eddr Movistaru, nebyl v \u010dele z\u00e1vodu. A\u017e do leto\u0161n\u00ed \u0161pan\u011blsk\u00e9 Grand Tour. I proto pat\u0159il k nejdiskutovan\u011bj\u0161\u00edm postav\u00e1m pelotonu. Jakoby nedok\u00e1zal naplnit potenci\u00e1l. Ale te\u010f douf\u00e1, \u017ee naklon\u00ed osud na svoji stranu. Vuelta m\u00e1 zm\u011bnit jeho kari\u00e9ru.\" \/>\n<meta name=\"robots\" content=\"index, follow, max-snippet:-1, max-image-preview:large, max-video-preview:-1\" \/>\n<link rel=\"canonical\" href=\"https:\/\/www.welovecycling.com\/cs\/2026\/08\/31\/dar-nebo-prokleti-utnul-1563-dnu-cekani-a-doufa-ze-naplni-rudy-sen\/\" \/>\n<meta property=\"og:locale\" content=\"cs_CZ\" \/>\n<meta property=\"og:type\" content=\"article\" \/>\n<meta property=\"og:title\" content=\"Dar nebo proklet\u00ed?! Utnul 1563 dn\u016f \u010dek\u00e1n\u00ed a douf\u00e1, \u017ee napln\u00ed rud\u00fd sen\" \/>\n<meta property=\"og:description\" content=\"Trag\u00e9die vs. spln\u011bn\u00fd sen?! Jede u\u017e \u0161estn\u00e1ctou Grand Tour \u017eivota. Nikdy v\u0161ak Enric Mas, l\u00eddr Movistaru, nebyl v \u010dele z\u00e1vodu. A\u017e do leto\u0161n\u00ed \u0161pan\u011blsk\u00e9 Grand Tour. I proto pat\u0159il k nejdiskutovan\u011bj\u0161\u00edm postav\u00e1m pelotonu. Jakoby nedok\u00e1zal naplnit potenci\u00e1l. Ale te\u010f douf\u00e1, \u017ee naklon\u00ed osud na svoji stranu. Vuelta m\u00e1 zm\u011bnit jeho kari\u00e9ru.\" \/>\n<meta property=\"og:url\" content=\"https:\/\/www.welovecycling.com\/cs\/2026\/08\/31\/dar-nebo-prokleti-utnul-1563-dnu-cekani-a-doufa-ze-naplni-rudy-sen\/\" \/>\n<meta property=\"og:site_name\" content=\"\u0160koda We Love Cycling - \u010cesk\u00e1 republika\" \/>\n<meta property=\"article:published_time\" content=\"2026-08-31T13:29:35+00:00\" \/>\n<meta property=\"og:image\" content=\"https:\/\/d2p6e6u75xmxt8.cloudfront.net\/13\/2026\/08\/20260830LV09-A.S.O-Cxcling-Toni-Baixauli-BX9_1087.webp\" \/>\n\t<meta property=\"og:image:width\" content=\"1680\" \/>\n\t<meta property=\"og:image:height\" content=\"1119\" \/>\n\t<meta property=\"og:image:type\" content=\"image\/webp\" \/>\n<meta name=\"author\" content=\"radekmalina\" \/>\n<meta name=\"twitter:card\" content=\"summary_large_image\" \/>\n<meta name=\"twitter:label1\" content=\"Written by\" \/>\n\t<meta name=\"twitter:data1\" content=\"We Love Cycling\" \/>\n\t<meta name=\"twitter:label2\" content=\"Est. reading time\" \/>\n\t<meta name=\"twitter:data2\" content=\"5\" \/>\n<script type=\"application\/ld+json\" class=\"yoast-schema-graph\">{\"@context\":\"https:\/\/schema.org\",\"@graph\":[{\"@type\":\"WebPage\",\"@id\":\"https:\/\/www.welovecycling.com\/cs\/2026\/08\/31\/dar-nebo-prokleti-utnul-1563-dnu-cekani-a-doufa-ze-naplni-rudy-sen\/\",\"url\":\"https:\/\/www.welovecycling.com\/cs\/2026\/08\/31\/dar-nebo-prokleti-utnul-1563-dnu-cekani-a-doufa-ze-naplni-rudy-sen\/\",\"name\":\"Dar nebo proklet\u00ed?! Utnul 1563 dn\u016f \u010dek\u00e1n\u00ed a douf\u00e1, \u017ee napln\u00ed rud\u00fd sen | \u0160koda We Love Cycling - \u010cesk\u00e1 republika\",\"isPartOf\":{\"@id\":\"https:\/\/www.welovecycling.com\/cs\/#website\"},\"primaryImageOfPage\":{\"@id\":\"https:\/\/www.welovecycling.com\/cs\/2026\/08\/31\/dar-nebo-prokleti-utnul-1563-dnu-cekani-a-doufa-ze-naplni-rudy-sen\/#primaryimage\"},\"image\":{\"@id\":\"https:\/\/www.welovecycling.com\/cs\/2026\/08\/31\/dar-nebo-prokleti-utnul-1563-dnu-cekani-a-doufa-ze-naplni-rudy-sen\/#primaryimage\"},\"thumbnailUrl\":\"https:\/\/d2p6e6u75xmxt8.cloudfront.net\/13\/2026\/08\/20260830LV09-A.S.O-Cxcling-Toni-Baixauli-BX9_1087.webp\",\"datePublished\":\"2026-08-31T13:29:35+00:00\",\"author\":{\"@id\":\"https:\/\/www.welovecycling.com\/cs\/#\/schema\/person\/d9eeb0a378f3a7e4a6d12d2b536b04b8\"},\"description\":\"Trag\u00e9die vs. spln\u011bn\u00fd sen?! Jede u\u017e \u0161estn\u00e1ctou Grand Tour \u017eivota. Nikdy v\u0161ak Enric Mas, l\u00eddr Movistaru, nebyl v \u010dele z\u00e1vodu. A\u017e do leto\u0161n\u00ed \u0161pan\u011blsk\u00e9 Grand Tour. I proto pat\u0159il k nejdiskutovan\u011bj\u0161\u00edm postav\u00e1m pelotonu. Jakoby nedok\u00e1zal naplnit potenci\u00e1l. Ale te\u010f douf\u00e1, \u017ee naklon\u00ed osud na svoji stranu. Vuelta m\u00e1 zm\u011bnit jeho kari\u00e9ru.\",\"inLanguage\":\"cs\",\"potentialAction\":[{\"@type\":\"ReadAction\",\"target\":[\"https:\/\/www.welovecycling.com\/cs\/2026\/08\/31\/dar-nebo-prokleti-utnul-1563-dnu-cekani-a-doufa-ze-naplni-rudy-sen\/\"]}]},{\"@type\":\"ImageObject\",\"inLanguage\":\"cs\",\"@id\":\"https:\/\/www.welovecycling.com\/cs\/2026\/08\/31\/dar-nebo-prokleti-utnul-1563-dnu-cekani-a-doufa-ze-naplni-rudy-sen\/#primaryimage\",\"url\":\"https:\/\/d2p6e6u75xmxt8.cloudfront.net\/13\/2026\/08\/20260830LV09-A.S.O-Cxcling-Toni-Baixauli-BX9_1087.webp\",\"contentUrl\":\"https:\/\/d2p6e6u75xmxt8.cloudfront.net\/13\/2026\/08\/20260830LV09-A.S.O-Cxcling-Toni-Baixauli-BX9_1087.webp\",\"width\":1680,\"height\":1119,\"caption\":\"Enric Mas Vuelta\"},{\"@type\":\"WebSite\",\"@id\":\"https:\/\/www.welovecycling.com\/cs\/#website\",\"url\":\"https:\/\/www.welovecycling.com\/cs\/\",\"name\":\"\u0160koda We Love Cycling - \u010cesk\u00e1 republika\",\"description\":\"WeLoveCycling.cz je online magaz\u00edn, kter\u00fd v\u00e1m pravideln\u011b p\u0159in\u00e1\u0161\u00ed rady a tipy, zaj\u00edmav\u00e9 \u010dl\u00e1nky, videa a jedine\u010dn\u00e9 report\u00e1\u017ee ze sv\u011bta cyklistiky.\",\"potentialAction\":[{\"@type\":\"SearchAction\",\"target\":{\"@type\":\"EntryPoint\",\"urlTemplate\":\"https:\/\/www.welovecycling.com\/cs\/?s={search_term_string}\"},\"query-input\":{\"@type\":\"PropertyValueSpecification\",\"valueRequired\":true,\"valueName\":\"search_term_string\"}}],\"inLanguage\":\"cs\"},{\"@type\":\"Person\",\"@id\":\"https:\/\/www.welovecycling.com\/cs\/#\/schema\/person\/d9eeb0a378f3a7e4a6d12d2b536b04b8\",\"name\":\"radekmalina\",\"image\":{\"@type\":\"ImageObject\",\"inLanguage\":\"cs\",\"@id\":\"https:\/\/www.welovecycling.com\/cs\/#\/schema\/person\/image\/\",\"url\":\"https:\/\/secure.gravatar.com\/avatar\/66994b632cb8c39a46b9f54afa3ae07201b678d32a54275b6f1c9ffec356bfc0?s=96&d=mm&r=g\",\"contentUrl\":\"https:\/\/secure.gravatar.com\/avatar\/66994b632cb8c39a46b9f54afa3ae07201b678d32a54275b6f1c9ffec356bfc0?s=96&d=mm&r=g\",\"caption\":\"radekmalina\"},\"url\":\"https:\/\/www.welovecycling.com\/cs\/author\/radekmalina\/\"}]}<\/script>\n<!-- \/ Yoast SEO Premium plugin. -->","yoast_head_json":{"title":"Dar nebo proklet\u00ed?! Utnul 1563 dn\u016f \u010dek\u00e1n\u00ed a douf\u00e1, \u017ee napln\u00ed rud\u00fd sen | \u0160koda We Love Cycling - \u010cesk\u00e1 republika","description":"Trag\u00e9die vs. spln\u011bn\u00fd sen?! Jede u\u017e \u0161estn\u00e1ctou Grand Tour \u017eivota. Nikdy v\u0161ak Enric Mas, l\u00eddr Movistaru, nebyl v \u010dele z\u00e1vodu. A\u017e do leto\u0161n\u00ed \u0161pan\u011blsk\u00e9 Grand Tour. I proto pat\u0159il k nejdiskutovan\u011bj\u0161\u00edm postav\u00e1m pelotonu. Jakoby nedok\u00e1zal naplnit potenci\u00e1l. Ale te\u010f douf\u00e1, \u017ee naklon\u00ed osud na svoji stranu. Vuelta m\u00e1 zm\u011bnit jeho kari\u00e9ru.","robots":{"index":"index","follow":"follow","max-snippet":"max-snippet:-1","max-image-preview":"max-image-preview:large","max-video-preview":"max-video-preview:-1"},"canonical":"https:\/\/www.welovecycling.com\/cs\/2026\/08\/31\/dar-nebo-prokleti-utnul-1563-dnu-cekani-a-doufa-ze-naplni-rudy-sen\/","og_locale":"cs_CZ","og_type":"article","og_title":"Dar nebo proklet\u00ed?! Utnul 1563 dn\u016f \u010dek\u00e1n\u00ed a douf\u00e1, \u017ee napln\u00ed rud\u00fd sen","og_description":"Trag\u00e9die vs. spln\u011bn\u00fd sen?! Jede u\u017e \u0161estn\u00e1ctou Grand Tour \u017eivota. Nikdy v\u0161ak Enric Mas, l\u00eddr Movistaru, nebyl v \u010dele z\u00e1vodu. A\u017e do leto\u0161n\u00ed \u0161pan\u011blsk\u00e9 Grand Tour. I proto pat\u0159il k nejdiskutovan\u011bj\u0161\u00edm postav\u00e1m pelotonu. Jakoby nedok\u00e1zal naplnit potenci\u00e1l. Ale te\u010f douf\u00e1, \u017ee naklon\u00ed osud na svoji stranu. Vuelta m\u00e1 zm\u011bnit jeho kari\u00e9ru.","og_url":"https:\/\/www.welovecycling.com\/cs\/2026\/08\/31\/dar-nebo-prokleti-utnul-1563-dnu-cekani-a-doufa-ze-naplni-rudy-sen\/","og_site_name":"\u0160koda We Love Cycling - \u010cesk\u00e1 republika","article_published_time":"2026-08-31T13:29:35+00:00","og_image":[{"width":1680,"height":1119,"url":"https:\/\/d2p6e6u75xmxt8.cloudfront.net\/13\/2026\/08\/20260830LV09-A.S.O-Cxcling-Toni-Baixauli-BX9_1087.webp","type":"image\/webp"}],"author":"radekmalina","twitter_card":"summary_large_image","twitter_misc":{"Written by":"We Love Cycling","Est. reading time":"5"},"schema":{"@context":"https:\/\/schema.org","@graph":[{"@type":"WebPage","@id":"https:\/\/www.welovecycling.com\/cs\/2026\/08\/31\/dar-nebo-prokleti-utnul-1563-dnu-cekani-a-doufa-ze-naplni-rudy-sen\/","url":"https:\/\/www.welovecycling.com\/cs\/2026\/08\/31\/dar-nebo-prokleti-utnul-1563-dnu-cekani-a-doufa-ze-naplni-rudy-sen\/","name":"Dar nebo proklet\u00ed?! Utnul 1563 dn\u016f \u010dek\u00e1n\u00ed a douf\u00e1, \u017ee napln\u00ed rud\u00fd sen | \u0160koda We Love Cycling - \u010cesk\u00e1 republika","isPartOf":{"@id":"https:\/\/www.welovecycling.com\/cs\/#website"},"primaryImageOfPage":{"@id":"https:\/\/www.welovecycling.com\/cs\/2026\/08\/31\/dar-nebo-prokleti-utnul-1563-dnu-cekani-a-doufa-ze-naplni-rudy-sen\/#primaryimage"},"image":{"@id":"https:\/\/www.welovecycling.com\/cs\/2026\/08\/31\/dar-nebo-prokleti-utnul-1563-dnu-cekani-a-doufa-ze-naplni-rudy-sen\/#primaryimage"},"thumbnailUrl":"https:\/\/d2p6e6u75xmxt8.cloudfront.net\/13\/2026\/08\/20260830LV09-A.S.O-Cxcling-Toni-Baixauli-BX9_1087.webp","datePublished":"2026-08-31T13:29:35+00:00","author":{"@id":"https:\/\/www.welovecycling.com\/cs\/#\/schema\/person\/d9eeb0a378f3a7e4a6d12d2b536b04b8"},"description":"Trag\u00e9die vs. spln\u011bn\u00fd sen?! Jede u\u017e \u0161estn\u00e1ctou Grand Tour \u017eivota. Nikdy v\u0161ak Enric Mas, l\u00eddr Movistaru, nebyl v \u010dele z\u00e1vodu. A\u017e do leto\u0161n\u00ed \u0161pan\u011blsk\u00e9 Grand Tour. I proto pat\u0159il k nejdiskutovan\u011bj\u0161\u00edm postav\u00e1m pelotonu. Jakoby nedok\u00e1zal naplnit potenci\u00e1l. Ale te\u010f douf\u00e1, \u017ee naklon\u00ed osud na svoji stranu. Vuelta m\u00e1 zm\u011bnit jeho kari\u00e9ru.","inLanguage":"cs","potentialAction":[{"@type":"ReadAction","target":["https:\/\/www.welovecycling.com\/cs\/2026\/08\/31\/dar-nebo-prokleti-utnul-1563-dnu-cekani-a-doufa-ze-naplni-rudy-sen\/"]}]},{"@type":"ImageObject","inLanguage":"cs","@id":"https:\/\/www.welovecycling.com\/cs\/2026\/08\/31\/dar-nebo-prokleti-utnul-1563-dnu-cekani-a-doufa-ze-naplni-rudy-sen\/#primaryimage","url":"https:\/\/d2p6e6u75xmxt8.cloudfront.net\/13\/2026\/08\/20260830LV09-A.S.O-Cxcling-Toni-Baixauli-BX9_1087.webp","contentUrl":"https:\/\/d2p6e6u75xmxt8.cloudfront.net\/13\/2026\/08\/20260830LV09-A.S.O-Cxcling-Toni-Baixauli-BX9_1087.webp","width":1680,"height":1119,"caption":"Enric Mas Vuelta"},{"@type":"WebSite","@id":"https:\/\/www.welovecycling.com\/cs\/#website","url":"https:\/\/www.welovecycling.com\/cs\/","name":"\u0160koda We Love Cycling - \u010cesk\u00e1 republika","description":"WeLoveCycling.cz je online magaz\u00edn, kter\u00fd v\u00e1m pravideln\u011b p\u0159in\u00e1\u0161\u00ed rady a tipy, zaj\u00edmav\u00e9 \u010dl\u00e1nky, videa a jedine\u010dn\u00e9 report\u00e1\u017ee ze sv\u011bta cyklistiky.","potentialAction":[{"@type":"SearchAction","target":{"@type":"EntryPoint","urlTemplate":"https:\/\/www.welovecycling.com\/cs\/?s={search_term_string}"},"query-input":{"@type":"PropertyValueSpecification","valueRequired":true,"valueName":"search_term_string"}}],"inLanguage":"cs"},{"@type":"Person","@id":"https:\/\/www.welovecycling.com\/cs\/#\/schema\/person\/d9eeb0a378f3a7e4a6d12d2b536b04b8","name":"radekmalina","image":{"@type":"ImageObject","inLanguage":"cs","@id":"https:\/\/www.welovecycling.com\/cs\/#\/schema\/person\/image\/","url":"https:\/\/secure.gravatar.com\/avatar\/66994b632cb8c39a46b9f54afa3ae07201b678d32a54275b6f1c9ffec356bfc0?s=96&d=mm&r=g","contentUrl":"https:\/\/secure.gravatar.com\/avatar\/66994b632cb8c39a46b9f54afa3ae07201b678d32a54275b6f1c9ffec356bfc0?s=96&d=mm&r=g","caption":"radekmalina"},"url":"https:\/\/www.welovecycling.com\/cs\/author\/radekmalina\/"}]}},"_links":{"self":[{"href":"https:\/\/www.welovecycling.com\/cs\/wp-json\/wp\/v2\/posts\/35282","targetHints":{"allow":["GET"]}}],"collection":[{"href":"https:\/\/www.welovecycling.com\/cs\/wp-json\/wp\/v2\/posts"}],"about":[{"href":"https:\/\/www.welovecycling.com\/cs\/wp-json\/wp\/v2\/types\/post"}],"author":[{"embeddable":true,"href":"https:\/\/www.welovecycling.com\/cs\/wp-json\/wp\/v2\/users\/138"}],"replies":[{"embeddable":true,"href":"https:\/\/www.welovecycling.com\/cs\/wp-json\/wp\/v2\/comments?post=35282"}],"version-history":[{"count":1,"href":"https:\/\/www.welovecycling.com\/cs\/wp-json\/wp\/v2\/posts\/35282\/revisions"}],"predecessor-version":[{"id":35288,"href":"https:\/\/www.welovecycling.com\/cs\/wp-json\/wp\/v2\/posts\/35282\/revisions\/35288"}],"wp:featuredmedia":[{"embeddable":true,"href":"https:\/\/www.welovecycling.com\/cs\/wp-json\/wp\/v2\/media\/35287"}],"wp:attachment":[{"href":"https:\/\/www.welovecycling.com\/cs\/wp-json\/wp\/v2\/media?parent=35282"}],"wp:term":[{"taxonomy":"category","embeddable":true,"href":"https:\/\/www.welovecycling.com\/cs\/wp-json\/wp\/v2\/categories?post=35282"},{"taxonomy":"post_tag","embeddable":true,"href":"https:\/\/www.welovecycling.com\/cs\/wp-json\/wp\/v2\/tags?post=35282"},{"taxonomy":"global-categories","embeddable":true,"href":"https:\/\/www.welovecycling.com\/cs\/wp-json\/wp\/v2\/global-categories?post=35282"}],"curies":[{"name":"wp","href":"https:\/\/api.w.org\/{rel}","templated":true}]}}