{"id":35271,"date":"2026-08-29T23:09:31","date_gmt":"2026-08-29T21:09:31","guid":{"rendered":"https:\/\/www.welovecycling.com\/cs\/?p=35271"},"modified":"2026-08-29T23:50:30","modified_gmt":"2026-08-29T21:50:30","slug":"konec-sezony-proc-pogacar-ceka-na-operaci-a-co-zapricinilo-pad","status":"publish","type":"post","link":"https:\/\/www.welovecycling.com\/cs\/2026\/08\/29\/konec-sezony-proc-pogacar-ceka-na-operaci-a-co-zapricinilo-pad\/","title":{"rendered":"Konec sezony? Pro\u010d Poga\u010dar \u010dek\u00e1 na operaci a co zap\u0159\u00ed\u010dinilo p\u00e1d?"},"content":{"rendered":"<p><strong>Zpropaden\u00fd balvan! K\u00e1men le\u017e\u00edc\u00ed na silnici zni\u010dil spanilou j\u00edzdu nejlep\u0161\u00edho cyklisty pelotonu. Zkrvaven\u00fd v obli\u010deji, na nohou a hlavn\u011b s dv\u011bma zlomeninami! Tadej Poga\u010dar za\u017eil v osm\u00e9 etap\u011b \u0161pan\u011blsk\u00e9 Vuelty drsn\u00fd p\u00e1d, po n\u011bm\u017e ze z\u00e1vodu odstoupil. Sen o zkompletov\u00e1n\u00ed v\u00edt\u011bzn\u00e9ho hattricku ze v\u0161ech Grand Tour letos nenapln\u00ed. A prob\u00edhaj\u00edc\u00ed sezona pro n\u011bj velmi pravd\u011bpodobn\u011b skon\u010dila.<\/strong><\/p>\n<p>Byl to \u0161ok. Tadej Poga\u010dar, l\u00eddr UAE Emirates XRG, toti\u017e nepad\u00e1. Naposledy ze z\u00e1vodu odstoupil v d\u016fsledku karambolu 23. dubna 2023, kdy\u017e nedokon\u010dil Monument Lutych-Bastogne-Lutych. Tehdy t\u011bsn\u011b p\u0159ed n\u00edm spadl Mikkel Fr\u00f8lich Honor\u00e9 z EF Education Easy Post, jemu\u017e bouchly ob\u011b gumy. Slovinec spadl a zlomil si z\u00e1p\u011bst\u00ed.<\/p>\n<h2><strong>Poprv\u00e9 Poga\u010dar nedokon\u010d\u00ed etapov\u00fd z\u00e1vod<\/strong><\/h2>\n<p>B\u011bhem dosavadn\u00ed kari\u00e9ry Tadej Poga\u010dar absolvoval 50 etapov\u00fdch z\u00e1vod\u016f. A v\u0161echny dokon\u010dil. Jednapades\u00e1t\u00fd v\u00edcedenn\u00ed podnik p\u011btin\u00e1sobn\u00e9mu \u0161ampionovi Tour de France p\u0159inesl krut\u00fd okam\u017eik.<\/p>\n<p>Slovinsk\u00fd l\u00eddr UAE Emirates XRG byl v \u010dele z\u00e1vodu. Nikdo nepochyboval, \u017ee se Vuelta stane jeho ko\u0159ist\u00ed. Po sedmi z\u00e1vodn\u00edch dnech m\u011bl v \u010dele z\u00e1vodu komfortn\u00ed n\u00e1skok 3:50 minuty na druh\u00e9ho Enrica Mase z Movistaru.<\/p>\n<blockquote class=\"instagram-media\" style=\"background: #FFF; border: 0; border-radius: 3px; box-shadow: 0 0 1px 0 rgba(0,0,0,0.5),0 1px 10px 0 rgba(0,0,0,0.15); margin: 1px; max-width: 540px; min-width: 326px; padding: 0; width: calc(100% - 2px);\" data-instgrm-captioned=\"\" data-instgrm-permalink=\"https:\/\/www.instagram.com\/reel\/Dcofru7ksUH\/?utm_source=ig_embed&amp;utm_campaign=loading\" data-instgrm-version=\"14\">\n<div style=\"padding: 16px;\">\n<p>&nbsp;<\/p>\n<div style=\"display: flex; flex-direction: row; align-items: center;\">\n<div style=\"background-color: #f4f4f4; border-radius: 50%; flex-grow: 0; height: 40px; margin-right: 14px; width: 40px;\"><\/div>\n<div style=\"display: flex; flex-direction: column; flex-grow: 1; justify-content: center;\">\n<div style=\"background-color: #f4f4f4; border-radius: 4px; flex-grow: 0; height: 14px; margin-bottom: 6px; width: 100px;\"><\/div>\n<div style=\"background-color: #f4f4f4; border-radius: 4px; flex-grow: 0; height: 14px; width: 60px;\"><\/div>\n<\/div>\n<\/div>\n<div style=\"padding: 19% 0;\"><\/div>\n<div style=\"display: block; height: 50px; margin: 0 auto 12px; width: 50px;\"><\/div>\n<div style=\"padding-top: 8px;\">\n<div style=\"color: #3897f0; font-family: Arial,sans-serif; font-size: 14px; font-style: normal; font-weight: 550; line-height: 18px;\">Zobrazit p\u0159\u00edsp\u011bvek na Instagramu<\/div>\n<\/div>\n<div style=\"padding: 12.5% 0;\"><\/div>\n<div style=\"display: flex; flex-direction: row; margin-bottom: 14px; align-items: center;\">\n<div>\n<div style=\"background-color: #f4f4f4; border-radius: 50%; height: 12.5px; width: 12.5px; transform: translateX(0px) translateY(7px);\"><\/div>\n<div style=\"background-color: #f4f4f4; height: 12.5px; transform: rotate(-45deg) translateX(3px) translateY(1px); width: 12.5px; flex-grow: 0; margin-right: 14px; margin-left: 2px;\"><\/div>\n<div style=\"background-color: #f4f4f4; border-radius: 50%; height: 12.5px; width: 12.5px; transform: translateX(9px) translateY(-18px);\"><\/div>\n<\/div>\n<div style=\"margin-left: 8px;\">\n<div style=\"background-color: #f4f4f4; border-radius: 50%; flex-grow: 0; height: 20px; width: 20px;\"><\/div>\n<div style=\"width: 0; height: 0; border-top: 2px solid transparent; border-left: 6px solid #f4f4f4; border-bottom: 2px solid transparent; transform: translateX(16px) translateY(-4px) rotate(30deg);\"><\/div>\n<\/div>\n<div style=\"margin-left: auto;\">\n<div style=\"width: 0px; border-top: 8px solid #F4F4F4; border-right: 8px solid transparent; transform: translateY(16px);\"><\/div>\n<div style=\"background-color: #f4f4f4; flex-grow: 0; height: 12px; width: 16px; transform: translateY(-4px);\"><\/div>\n<div style=\"width: 0; height: 0; border-top: 8px solid #F4F4F4; border-left: 8px solid transparent; transform: translateY(-4px) translateX(8px);\"><\/div>\n<\/div>\n<\/div>\n<div style=\"display: flex; flex-direction: column; flex-grow: 1; justify-content: center; margin-bottom: 24px;\">\n<div style=\"background-color: #f4f4f4; border-radius: 4px; flex-grow: 0; height: 14px; margin-bottom: 6px; width: 224px;\"><\/div>\n<div style=\"background-color: #f4f4f4; border-radius: 4px; flex-grow: 0; height: 14px; width: 144px;\"><\/div>\n<\/div>\n<p>&nbsp;<\/p>\n<p style=\"color: #c9c8cd; font-family: Arial,sans-serif; font-size: 14px; line-height: 17px; margin-bottom: 0; margin-top: 8px; overflow: hidden; padding: 8px 0 7px; text-align: center; text-overflow: ellipsis; white-space: nowrap;\"><a style=\"color: #c9c8cd; font-family: Arial,sans-serif; font-size: 14px; font-style: normal; font-weight: normal; line-height: 17px; text-decoration: none;\" href=\"https:\/\/www.instagram.com\/reel\/Dcofru7ksUH\/?utm_source=ig_embed&amp;utm_campaign=loading\" target=\"_blank\" rel=\"noopener\">P\u0159\u00edsp\u011bvek sd\u00edlen\u00fd Velon CC (@veloncc)<\/a><\/p>\n<\/div>\n<\/blockquote>\n<p><script async src=\"\/\/www.instagram.com\/embed.js\"><\/script>\u00a0Zb\u00fdvalo t\u0159iat\u0159icet kilometr\u016f etapy do Xeraca. Peloton p\u0159ekonal sprinterskou pr\u00e9mii a chystal se na jedinou vrcha\u0159skou pr\u00e9mii t\u0159et\u00ed kategorie. Na lev\u00e9 stran\u011b ve sm\u011bru j\u00edzdy pelotonu v \u010dele bal\u00edku pracovali domestici UAE Emirates XRG, kdy\u017e se znenad\u00e1n\u00ed za jejich z\u00e1dy nep\u0159irozen\u011b pohnula \u010derven\u00e1 p\u0159ilba jejich par\u0165\u00e1ka a l\u00eddra cel\u00e9ho z\u00e1vodu. Tadej Poga\u010dar p\u0159elet\u011bl p\u0159es \u0159\u00edd\u00edtka a hlavou v pln\u00e9 rychlosti tvrd\u011b narazil do asfaltu.<\/p>\n<p>Na lev\u00e9 stran\u011b m\u011bl zdeformovanou p\u0159ilbu. Z roz\u0161kleben\u00e9ho obo\u010d\u00ed nad lev\u00fdm okem mu cr\u010dela krev, m\u011bl \u0161eredn\u011b sed\u0159en\u00e9 lev\u00e9 rameno, z\u00e1da, nohy&#8230; Bezprost\u0159edn\u011b po p\u00e1du si pravou rukou p\u0159idr\u017eoval levou pa\u017ei, kter\u00e1 jej moc neposlouchala. P\u0159esto zkusil znovu nasednout na kolo. Ale bolest byla p\u0159\u00edli\u0161 velk\u00e1, ne\u017e aby mohl pokra\u010dovat. Za doprovodu l\u00e9ka\u0159\u016f nastoupil do sanitn\u00edho vozu a zam\u00ed\u0159il do nemocnice.<\/p>\n<p>&#8222;Prost\u011b se to st\u00e1v\u00e1. Je to odvr\u00e1cena strana cyklistiky. Nikdo nenese odpov\u011bdnost. Pil a najednou spadnul. M\u011bl velk\u00e9 bolesti. Nebylo mo\u017en\u00e9, aby pokra\u010doval,&#8220; posteskl si Matxin Joxean Fernandez, sportovn\u00ed \u0159editel UAE Emirates XRG.<\/p>\n<h2><strong>Vyhr\u00e1l t\u0159i etapy, vl\u00e1dl po\u0159ad\u00ed i vrcha\u0159\u016fm<\/strong><\/h2>\n<p>Tadej Poga\u010dar poprv\u00e9 v kari\u00e9\u0159e odstoupil ze z\u00e1vodu Grand Tour. Sedm dosavadn\u00edch Tour de France prom\u011bnil v p\u011bt v\u00edt\u011bzstv\u00ed a dv\u011b druh\u00e1 m\u00edsta. Jedin\u00e9 Giro, kter\u00e9 jel, vyhr\u00e1l. Na \u0161pan\u011blsk\u00e9 Grand Tour 2019 dojel t\u0159et\u00ed. Leto\u0161n\u00ed Vuelta mu v\u0161ak p\u0159inesla hlubok\u00e9 zklam\u00e1n\u00ed.<\/p>\n<p>Suver\u00e9nn\u011b vl\u00e1dl celkov\u00e9mu po\u0159ad\u00ed. Byl v \u010dele vrcha\u0159sk\u00e9 sout\u011b\u017ee. Vyhr\u00e1l t\u0159i ze \u0161esti etap, kter\u00e9 peloton do jeho odstoupen\u00ed dokon\u010dil. Ale drsn\u00fd p\u00e1d sezonu slovinsk\u00e9ho \u0161ampiona velmi pravd\u011bpodobn\u011b ukon\u010dil.<\/p>\n<blockquote class=\"instagram-media\" style=\"background: #FFF; border: 0; border-radius: 3px; box-shadow: 0 0 1px 0 rgba(0,0,0,0.5),0 1px 10px 0 rgba(0,0,0,0.15); margin: 1px; max-width: 540px; min-width: 326px; padding: 0; width: calc(100% - 2px);\" data-instgrm-captioned=\"\" data-instgrm-permalink=\"https:\/\/www.instagram.com\/reel\/Dcosy3BjC6e\/?utm_source=ig_embed&amp;utm_campaign=loading\" data-instgrm-version=\"14\">\n<div style=\"padding: 16px;\">\n<p>&nbsp;<\/p>\n<div style=\"display: flex; flex-direction: row; align-items: center;\">\n<div style=\"background-color: #f4f4f4; border-radius: 50%; flex-grow: 0; height: 40px; margin-right: 14px; width: 40px;\"><\/div>\n<div style=\"display: flex; flex-direction: column; flex-grow: 1; justify-content: center;\">\n<div style=\"background-color: #f4f4f4; border-radius: 4px; flex-grow: 0; height: 14px; margin-bottom: 6px; width: 100px;\"><\/div>\n<div style=\"background-color: #f4f4f4; border-radius: 4px; flex-grow: 0; height: 14px; width: 60px;\"><\/div>\n<\/div>\n<\/div>\n<div style=\"padding: 19% 0;\"><\/div>\n<div style=\"display: block; height: 50px; margin: 0 auto 12px; width: 50px;\"><\/div>\n<div style=\"padding-top: 8px;\">\n<div style=\"color: #3897f0; font-family: Arial,sans-serif; font-size: 14px; font-style: normal; font-weight: 550; line-height: 18px;\">Zobrazit p\u0159\u00edsp\u011bvek na Instagramu<\/div>\n<\/div>\n<div style=\"padding: 12.5% 0;\"><\/div>\n<div style=\"display: flex; flex-direction: row; margin-bottom: 14px; align-items: center;\">\n<div>\n<div style=\"background-color: #f4f4f4; border-radius: 50%; height: 12.5px; width: 12.5px; transform: translateX(0px) translateY(7px);\"><\/div>\n<div style=\"background-color: #f4f4f4; height: 12.5px; transform: rotate(-45deg) translateX(3px) translateY(1px); width: 12.5px; flex-grow: 0; margin-right: 14px; margin-left: 2px;\"><\/div>\n<div style=\"background-color: #f4f4f4; border-radius: 50%; height: 12.5px; width: 12.5px; transform: translateX(9px) translateY(-18px);\"><\/div>\n<\/div>\n<div style=\"margin-left: 8px;\">\n<div style=\"background-color: #f4f4f4; border-radius: 50%; flex-grow: 0; height: 20px; width: 20px;\"><\/div>\n<div style=\"width: 0; height: 0; border-top: 2px solid transparent; border-left: 6px solid #f4f4f4; border-bottom: 2px solid transparent; transform: translateX(16px) translateY(-4px) rotate(30deg);\"><\/div>\n<\/div>\n<div style=\"margin-left: auto;\">\n<div style=\"width: 0px; border-top: 8px solid #F4F4F4; border-right: 8px solid transparent; transform: translateY(16px);\"><\/div>\n<div style=\"background-color: #f4f4f4; flex-grow: 0; height: 12px; width: 16px; transform: translateY(-4px);\"><\/div>\n<div style=\"width: 0; height: 0; border-top: 8px solid #F4F4F4; border-left: 8px solid transparent; transform: translateY(-4px) translateX(8px);\"><\/div>\n<\/div>\n<\/div>\n<div style=\"display: flex; flex-direction: column; flex-grow: 1; justify-content: center; margin-bottom: 24px;\">\n<div style=\"background-color: #f4f4f4; border-radius: 4px; flex-grow: 0; height: 14px; margin-bottom: 6px; width: 224px;\"><\/div>\n<div style=\"background-color: #f4f4f4; border-radius: 4px; flex-grow: 0; height: 14px; width: 144px;\"><\/div>\n<\/div>\n<p>&nbsp;<\/p>\n<p style=\"color: #c9c8cd; font-family: Arial,sans-serif; font-size: 14px; line-height: 17px; margin-bottom: 0; margin-top: 8px; overflow: hidden; padding: 8px 0 7px; text-align: center; text-overflow: ellipsis; white-space: nowrap;\"><a style=\"color: #c9c8cd; font-family: Arial,sans-serif; font-size: 14px; font-style: normal; font-weight: normal; line-height: 17px; text-decoration: none;\" href=\"https:\/\/www.instagram.com\/reel\/Dcosy3BjC6e\/?utm_source=ig_embed&amp;utm_campaign=loading\" target=\"_blank\" rel=\"noopener\">P\u0159\u00edsp\u011bvek sd\u00edlen\u00fd TNT Sports Cycling (@tntsportscycling)<\/a><\/p>\n<\/div>\n<\/blockquote>\n<p><script async src=\"\/\/www.instagram.com\/embed.js\"><\/script>\u00a0&#8222;Tadej Poga\u010dar m\u00e1 zlomenou levou kl\u00ed\u010dn\u00ed kost, stabiln\u00ed zlomeninu kr\u010dn\u00ed p\u00e1te\u0159e v oblasti obratle C7, ot\u0159es mozku a mnoha\u010detn\u00e9 od\u0159eniny. Jeho stav je stabiln\u00ed,&#8220; uvedl Adrian Rotunna, t\u00fdmov\u00fd l\u00e9ka\u0159 UAE Emirates XRG po d\u016fkladn\u00e9m vy\u0161et\u0159en\u00ed nejv\u011bt\u0161\u00ed hv\u011bzdy pelotonu.<\/p>\n<div class=\"shortcode-ys-post-pinup\"><article class=\"loop-simple post-35253 post type-post status-publish format-standard has-post-thumbnail hentry category-cyklistika tag-barbora-bukovska tag-cyklisticke-prestupy tag-cyklistika tag-julia-kopecky tag-kristyna-zemanova tag-pavel-bittner tag-prestupy tag-silnicni-cyklistika tag-supertymy tag-vaclav-jezek global-categories-cycling\" data-postid=\"35253\" role=\"article\" data-post-id=\"35253\" data-word-count=\"517\" data-headline-length=\"33\" data-category=\"Cyklistika\" data-global-category=\"Cycling\" data-author=\"We Love Cycling\" data-published=\"2026-08-27T09:30:40+02:00\" data-published-day=\"Thursday\">\n    <div class=\"entry-thumbnail article-thumbnail\" content=\"https:\/\/d2p6e6u75xmxt8.cloudfront.net\/13\/2026\/08\/BrychtaJan_West_Bohemia_Tour_20260823_141232_BJ5_0487-150x150.webp\"><a href=\"https:\/\/www.welovecycling.com\/cs\/2026\/08\/27\/supertymy-lovi-posily-v-cesku\/\" class=\"image-holder\" target=\"_self\"><img decoding=\"async\" loading=\"lazy\" class=\"\" src=\"https:\/\/d2p6e6u75xmxt8.cloudfront.net\/13\/2026\/08\/BrychtaJan_West_Bohemia_Tour_20260823_141232_BJ5_0487-1024x683.webp\" srcset=\"https:\/\/d2p6e6u75xmxt8.cloudfront.net\/13\/2026\/08\/BrychtaJan_West_Bohemia_Tour_20260823_141232_BJ5_0487-scaled.webp 2560w, https:\/\/d2p6e6u75xmxt8.cloudfront.net\/13\/2026\/08\/BrychtaJan_West_Bohemia_Tour_20260823_141232_BJ5_0487-300x200.webp 300w, https:\/\/d2p6e6u75xmxt8.cloudfront.net\/13\/2026\/08\/BrychtaJan_West_Bohemia_Tour_20260823_141232_BJ5_0487-1024x683.webp 1024w, https:\/\/d2p6e6u75xmxt8.cloudfront.net\/13\/2026\/08\/BrychtaJan_West_Bohemia_Tour_20260823_141232_BJ5_0487-768x512.webp 768w, https:\/\/d2p6e6u75xmxt8.cloudfront.net\/13\/2026\/08\/BrychtaJan_West_Bohemia_Tour_20260823_141232_BJ5_0487-1536x1024.webp 1536w, https:\/\/d2p6e6u75xmxt8.cloudfront.net\/13\/2026\/08\/BrychtaJan_West_Bohemia_Tour_20260823_141232_BJ5_0487-2048x1365.webp 2048w, https:\/\/d2p6e6u75xmxt8.cloudfront.net\/13\/2026\/08\/BrychtaJan_West_Bohemia_Tour_20260823_141232_BJ5_0487-1920x1280.webp 1920w, https:\/\/d2p6e6u75xmxt8.cloudfront.net\/13\/2026\/08\/BrychtaJan_West_Bohemia_Tour_20260823_141232_BJ5_0487-400x267.webp 400w, https:\/\/d2p6e6u75xmxt8.cloudfront.net\/13\/2026\/08\/BrychtaJan_West_Bohemia_Tour_20260823_141232_BJ5_0487-272x182.webp 272w, https:\/\/d2p6e6u75xmxt8.cloudfront.net\/13\/2026\/08\/BrychtaJan_West_Bohemia_Tour_20260823_141232_BJ5_0487-1920x1280.webp 1920w\" width=\"1024\" height=\"683\" sizes=\"auto, (min-width: 1200px) 300px, (min-width: 768px) 25vw, 100vw\" alt=\"supertymy-lovi-posily-v-cesku\"\/><\/a><\/div>    <div class=\"entry-meta\">\n        <a class=\"label label-secondary post-category\" href=\"https:\/\/www.welovecycling.com\/cs\/category\/cyklistika\/\" title=\"Cyklistika\">Cyklistika<\/a>\n    <\/div>\n    <div class=\"entry-details\">\n        <a href=\"https:\/\/www.welovecycling.com\/cs\/2026\/08\/27\/supertymy-lovi-posily-v-cesku\/\" class='entry-title-wrapper'>\n            <h3 class=\"entry-title\"><span>Supert\u00fdmy lov\u00ed posily v \u010cesku!<\/span><\/h3>\n        <\/a>\n    <\/div>\n    <\/article>\n<\/div>\n<p>&#8222;Nem\u00e1 \u017e\u00e1dn\u00e1 dal\u0161\u00ed v\u00e1\u017en\u00e1 zran\u011bn\u00ed ani neurologick\u00e9 n\u00e1sledky. Nicm\u00e9n\u011b bude muset podstoupit operaci kl\u00ed\u010dn\u00ed kosti. Ta v\u0161ak bude bude kv\u016fli ot\u0159esu mozku preventivn\u011b odlo\u017eena. Tadej Poga\u010dar z\u016fst\u00e1v\u00e1 pod dohledem l\u00e9ka\u0159sk\u00e9ho t\u00fdmu,&#8220; uvedl Adrian Rotunna.<\/p>\n<h2><strong>Konec sezony slovinsk\u00e9ho \u0161ampiona?<\/strong><\/h2>\n<p>Podle televizn\u00edch z\u00e1b\u011br\u016f velmi pravd\u011bpodobn\u011b Tadej Poga\u010dar trefil pom\u011brn\u011b velk\u00fd k\u00e1men, kter\u00fd le\u017eel na vozovce. &#8222;Byl jsem vedle n\u011bj. T\u011bsn\u011b jsem uniknul karambolu. Byl to hrozn\u00fd p\u00e1d. Do n\u011b\u010deho narazil, spadly mu ruce z \u0159\u00edd\u00edtek. Ur\u010dit\u011b neztratil koncentraci. Um\u00ed se vyh\u00fdbat p\u00e1d\u016fm. P\u0159eju mu rychl\u00e9 uzdraven\u00ed,&#8220; hl\u00e1sil Wout van Aert z t\u00fdmu Visma Lease a Bike, l\u00eddr bodovac\u00ed sout\u011b\u017ee \u0160koda Auto. &#8222;M\u011bla to b\u00fdt snadn\u00e1 etapa. Ale byla neuv\u011b\u0159iteln\u011b nerv\u00f3zn\u00ed,&#8220; p\u0159ipustil Enric Mas z Movistaru, kter\u00fd z \u00facty k Poga\u010darovi rud\u00fd dres na stupn\u00edch v\u00edt\u011bz\u016f neobl\u00e9kl.<\/p>\n<figure id=\"attachment_35274\" aria-describedby=\"caption-attachment-35274\" style=\"width: 1200px\" class=\"wp-caption alignnone\"><a href=\"https:\/\/d2p6e6u75xmxt8.cloudfront.net\/13\/2026\/08\/profimedia-1129132871.webp\"><img loading=\"lazy\" decoding=\"async\" class=\"size-full wp-image-35274\" src=\"https:\/\/d2p6e6u75xmxt8.cloudfront.net\/13\/2026\/08\/profimedia-1129132871.webp\" alt=\"\" width=\"1200\" height=\"1800\" srcset=\"https:\/\/d2p6e6u75xmxt8.cloudfront.net\/13\/2026\/08\/profimedia-1129132871.webp 1200w, https:\/\/d2p6e6u75xmxt8.cloudfront.net\/13\/2026\/08\/profimedia-1129132871-200x300.webp 200w, https:\/\/d2p6e6u75xmxt8.cloudfront.net\/13\/2026\/08\/profimedia-1129132871-683x1024.webp 683w, https:\/\/d2p6e6u75xmxt8.cloudfront.net\/13\/2026\/08\/profimedia-1129132871-768x1152.webp 768w, https:\/\/d2p6e6u75xmxt8.cloudfront.net\/13\/2026\/08\/profimedia-1129132871-1024x1536.webp 1024w, https:\/\/d2p6e6u75xmxt8.cloudfront.net\/13\/2026\/08\/profimedia-1129132871-267x400.webp 267w\" sizes=\"auto, (max-width: 1200px) 100vw, 1200px\" \/><\/a><figcaption id=\"caption-attachment-35274\" class=\"wp-caption-text\">Tadej Poga\u010dar pro\u017eil drsn\u00fd p\u00e1d a Vuelta jeho v\u00edt\u011bzstv\u00ed neuvid\u00ed. Enric Mas, nov\u00fd l\u00eddr pr\u016fb\u011b\u017en\u00e9ho po\u0159ad\u00ed, z \u00facty neobl\u00e9kl rud\u00fd dres vedouc\u00edho z\u00e1vodn\u00edka.<\/figcaption><\/figure>\n<p>Z nevinn\u00e9 etapy se tak vyklubala tot\u00e1ln\u00ed pohroma pro slovinsk\u00e9ho \u0161ampiona. Sezona je velmi pravd\u011bpodobn\u011b v konc\u00edch. Slovinec tak z\u0159ejm\u011b nedok\u00e1\u017ee zopakovat unik\u00e1tn\u00ed z\u00e1\u0159ez Petera Sagana, kter\u00fd vyhr\u00e1l mistrovstv\u00ed sv\u011bta t\u0159ikr\u00e1t v \u0159ad\u011b. L\u00eddr UAE Emirates XRG vyhr\u00e1l dva p\u0159ede\u0161l\u00e9 \u0161ampion\u00e1ty.<\/p>\n<p>Mistrovstv\u00ed sv\u011bta v Kanad\u011b m\u00e1 na programu 20. z\u00e1\u0159\u00ed \u010dasovku a 27. z\u00e1\u0159\u00ed hromadn\u00fd z\u00e1vod. O t\u00fdden pozd\u011bji pak m\u011bl b\u00fdt Tadej Poga\u010dar hlavn\u00ed hv\u011bzdou mistrovstv\u00ed Evropy, kter\u00e9 se uskute\u010dn\u00ed ve Slovinsku od 3. do 7. \u0159\u00edjna. Teoreticky by mohl stihnout 10. \u0159\u00edjna Monument Kolem Lombardie, kde m\u011bl usilovat o \u0161est\u00e9 v\u00edt\u011bzstv\u00ed v \u0159ad\u011b! Ale pravd\u011bpodobn\u011bj\u0161\u00ed je, \u017ee se zam\u011b\u0159\u00ed na p\u0159\u00edpravu pro dal\u0161\u00ed sezonu.<\/p>\n","protected":false},"excerpt":{"rendered":"<p>Zpropaden\u00fd balvan! K\u00e1men le\u017e\u00edc\u00ed na silnici zni\u010dil spanilou j\u00edzdu nejlep\u0161\u00edho cyklisty pelotonu. Zkrvaven\u00fd v obli\u010deji, na nohou a hlavn\u011b s [&hellip;]<\/p>\n","protected":false},"author":138,"featured_media":35275,"comment_status":"open","ping_status":"open","sticky":false,"template":"","format":"standard","meta":{"footnotes":""},"categories":[10],"tags":[126,4296,2773,9,502,4064,4416,113],"global-categories":[411],"class_list":["post-35271","post","type-post","status-publish","format-standard","has-post-thumbnail","hentry","category-silnicni-cyklistika","tag-cyklistika","tag-odstoupeni","tag-pad","tag-silnicni-cyklistika","tag-tadej-pogacar","tag-uae-emirates-xrg","tag-vuelta-2026","tag-zraneni","global-categories-cycling"],"yoast_head":"<!-- This site is optimized with the Yoast SEO Premium plugin v25.3 (Yoast SEO v25.9) - https:\/\/yoast.com\/wordpress\/plugins\/seo\/ -->\n<title>Konec sezony? Pro\u010d Poga\u010dar \u010dek\u00e1 na operaci a co zap\u0159\u00ed\u010dinilo p\u00e1d? | \u0160koda We Love Cycling - \u010cesk\u00e1 republika<\/title>\n<meta name=\"description\" content=\"Zpropaden\u00fd balvan! K\u00e1men le\u017e\u00edc\u00ed na silnici zni\u010dil spanilou j\u00edzdu nejlep\u0161\u00edho cyklisty pelotonu. Zkrvaven\u00fd v obli\u010deji, na nohou a hlavn\u011b s dv\u011bma zlomeninami! Tadej Poga\u010dar za\u017eil v osm\u00e9 etap\u011b \u0161pan\u011blsk\u00e9 Vuelty drsn\u00fd p\u00e1d, po n\u011bm\u017e ze z\u00e1vodu odstoupil. Sen o zkompletov\u00e1n\u00ed v\u00edt\u011bzn\u00e9ho hattricku ze v\u0161ech Grand Tour letos nenapln\u00ed. A prob\u00edhaj\u00edc\u00ed sezona pro n\u011bj velmi pravd\u011bpodobn\u011b skon\u010dila.\" \/>\n<meta name=\"robots\" content=\"index, follow, max-snippet:-1, max-image-preview:large, max-video-preview:-1\" \/>\n<link rel=\"canonical\" href=\"https:\/\/www.welovecycling.com\/cs\/2026\/08\/29\/konec-sezony-proc-pogacar-ceka-na-operaci-a-co-zapricinilo-pad\/\" \/>\n<meta property=\"og:locale\" content=\"cs_CZ\" \/>\n<meta property=\"og:type\" content=\"article\" \/>\n<meta property=\"og:title\" content=\"Konec sezony? Pro\u010d Poga\u010dar \u010dek\u00e1 na operaci a co zap\u0159\u00ed\u010dinilo p\u00e1d?\" \/>\n<meta property=\"og:description\" content=\"Zpropaden\u00fd balvan! K\u00e1men le\u017e\u00edc\u00ed na silnici zni\u010dil spanilou j\u00edzdu nejlep\u0161\u00edho cyklisty pelotonu. Zkrvaven\u00fd v obli\u010deji, na nohou a hlavn\u011b s dv\u011bma zlomeninami! Tadej Poga\u010dar za\u017eil v osm\u00e9 etap\u011b \u0161pan\u011blsk\u00e9 Vuelty drsn\u00fd p\u00e1d, po n\u011bm\u017e ze z\u00e1vodu odstoupil. Sen o zkompletov\u00e1n\u00ed v\u00edt\u011bzn\u00e9ho hattricku ze v\u0161ech Grand Tour letos nenapln\u00ed. A prob\u00edhaj\u00edc\u00ed sezona pro n\u011bj velmi pravd\u011bpodobn\u011b skon\u010dila.\" \/>\n<meta property=\"og:url\" content=\"https:\/\/www.welovecycling.com\/cs\/2026\/08\/29\/konec-sezony-proc-pogacar-ceka-na-operaci-a-co-zapricinilo-pad\/\" \/>\n<meta property=\"og:site_name\" content=\"\u0160koda We Love Cycling - \u010cesk\u00e1 republika\" \/>\n<meta property=\"article:published_time\" content=\"2026-08-29T21:09:31+00:00\" \/>\n<meta property=\"article:modified_time\" content=\"2026-08-29T21:50:30+00:00\" \/>\n<meta property=\"og:image\" content=\"https:\/\/d2p6e6u75xmxt8.cloudfront.net\/13\/2026\/08\/profimedia-1129113126.webp\" \/>\n\t<meta property=\"og:image:width\" content=\"1800\" \/>\n\t<meta property=\"og:image:height\" content=\"1200\" \/>\n\t<meta property=\"og:image:type\" content=\"image\/webp\" \/>\n<meta name=\"author\" content=\"radekmalina\" \/>\n<meta name=\"twitter:card\" content=\"summary_large_image\" \/>\n<meta name=\"twitter:label1\" content=\"Written by\" \/>\n\t<meta name=\"twitter:data1\" content=\"We Love Cycling\" \/>\n\t<meta name=\"twitter:label2\" content=\"Est. reading time\" \/>\n\t<meta name=\"twitter:data2\" content=\"6\" \/>\n<script type=\"application\/ld+json\" class=\"yoast-schema-graph\">{\"@context\":\"https:\/\/schema.org\",\"@graph\":[{\"@type\":\"WebPage\",\"@id\":\"https:\/\/www.welovecycling.com\/cs\/2026\/08\/29\/konec-sezony-proc-pogacar-ceka-na-operaci-a-co-zapricinilo-pad\/\",\"url\":\"https:\/\/www.welovecycling.com\/cs\/2026\/08\/29\/konec-sezony-proc-pogacar-ceka-na-operaci-a-co-zapricinilo-pad\/\",\"name\":\"Konec sezony? Pro\u010d Poga\u010dar \u010dek\u00e1 na operaci a co zap\u0159\u00ed\u010dinilo p\u00e1d? | \u0160koda We Love Cycling - \u010cesk\u00e1 republika\",\"isPartOf\":{\"@id\":\"https:\/\/www.welovecycling.com\/cs\/#website\"},\"primaryImageOfPage\":{\"@id\":\"https:\/\/www.welovecycling.com\/cs\/2026\/08\/29\/konec-sezony-proc-pogacar-ceka-na-operaci-a-co-zapricinilo-pad\/#primaryimage\"},\"image\":{\"@id\":\"https:\/\/www.welovecycling.com\/cs\/2026\/08\/29\/konec-sezony-proc-pogacar-ceka-na-operaci-a-co-zapricinilo-pad\/#primaryimage\"},\"thumbnailUrl\":\"https:\/\/d2p6e6u75xmxt8.cloudfront.net\/13\/2026\/08\/profimedia-1129113126.webp\",\"datePublished\":\"2026-08-29T21:09:31+00:00\",\"dateModified\":\"2026-08-29T21:50:30+00:00\",\"author\":{\"@id\":\"https:\/\/www.welovecycling.com\/cs\/#\/schema\/person\/d9eeb0a378f3a7e4a6d12d2b536b04b8\"},\"description\":\"Zpropaden\u00fd balvan! K\u00e1men le\u017e\u00edc\u00ed na silnici zni\u010dil spanilou j\u00edzdu nejlep\u0161\u00edho cyklisty pelotonu. Zkrvaven\u00fd v obli\u010deji, na nohou a hlavn\u011b s dv\u011bma zlomeninami! Tadej Poga\u010dar za\u017eil v osm\u00e9 etap\u011b \u0161pan\u011blsk\u00e9 Vuelty drsn\u00fd p\u00e1d, po n\u011bm\u017e ze z\u00e1vodu odstoupil. Sen o zkompletov\u00e1n\u00ed v\u00edt\u011bzn\u00e9ho hattricku ze v\u0161ech Grand Tour letos nenapln\u00ed. A prob\u00edhaj\u00edc\u00ed sezona pro n\u011bj velmi pravd\u011bpodobn\u011b skon\u010dila.\",\"inLanguage\":\"cs\",\"potentialAction\":[{\"@type\":\"ReadAction\",\"target\":[\"https:\/\/www.welovecycling.com\/cs\/2026\/08\/29\/konec-sezony-proc-pogacar-ceka-na-operaci-a-co-zapricinilo-pad\/\"]}]},{\"@type\":\"ImageObject\",\"inLanguage\":\"cs\",\"@id\":\"https:\/\/www.welovecycling.com\/cs\/2026\/08\/29\/konec-sezony-proc-pogacar-ceka-na-operaci-a-co-zapricinilo-pad\/#primaryimage\",\"url\":\"https:\/\/d2p6e6u75xmxt8.cloudfront.net\/13\/2026\/08\/profimedia-1129113126.webp\",\"contentUrl\":\"https:\/\/d2p6e6u75xmxt8.cloudfront.net\/13\/2026\/08\/profimedia-1129113126.webp\",\"width\":1800,\"height\":1200,\"caption\":\"Tadej poga\u010dar p\u00e1d UAE Emirates XRG\"},{\"@type\":\"WebSite\",\"@id\":\"https:\/\/www.welovecycling.com\/cs\/#website\",\"url\":\"https:\/\/www.welovecycling.com\/cs\/\",\"name\":\"\u0160koda We Love Cycling - \u010cesk\u00e1 republika\",\"description\":\"WeLoveCycling.cz je online magaz\u00edn, kter\u00fd v\u00e1m pravideln\u011b p\u0159in\u00e1\u0161\u00ed rady a tipy, zaj\u00edmav\u00e9 \u010dl\u00e1nky, videa a jedine\u010dn\u00e9 report\u00e1\u017ee ze sv\u011bta cyklistiky.\",\"potentialAction\":[{\"@type\":\"SearchAction\",\"target\":{\"@type\":\"EntryPoint\",\"urlTemplate\":\"https:\/\/www.welovecycling.com\/cs\/?s={search_term_string}\"},\"query-input\":{\"@type\":\"PropertyValueSpecification\",\"valueRequired\":true,\"valueName\":\"search_term_string\"}}],\"inLanguage\":\"cs\"},{\"@type\":\"Person\",\"@id\":\"https:\/\/www.welovecycling.com\/cs\/#\/schema\/person\/d9eeb0a378f3a7e4a6d12d2b536b04b8\",\"name\":\"radekmalina\",\"image\":{\"@type\":\"ImageObject\",\"inLanguage\":\"cs\",\"@id\":\"https:\/\/www.welovecycling.com\/cs\/#\/schema\/person\/image\/\",\"url\":\"https:\/\/secure.gravatar.com\/avatar\/66994b632cb8c39a46b9f54afa3ae07201b678d32a54275b6f1c9ffec356bfc0?s=96&d=mm&r=g\",\"contentUrl\":\"https:\/\/secure.gravatar.com\/avatar\/66994b632cb8c39a46b9f54afa3ae07201b678d32a54275b6f1c9ffec356bfc0?s=96&d=mm&r=g\",\"caption\":\"radekmalina\"},\"url\":\"https:\/\/www.welovecycling.com\/cs\/author\/radekmalina\/\"}]}<\/script>\n<!-- \/ Yoast SEO Premium plugin. -->","yoast_head_json":{"title":"Konec sezony? Pro\u010d Poga\u010dar \u010dek\u00e1 na operaci a co zap\u0159\u00ed\u010dinilo p\u00e1d? | \u0160koda We Love Cycling - \u010cesk\u00e1 republika","description":"Zpropaden\u00fd balvan! K\u00e1men le\u017e\u00edc\u00ed na silnici zni\u010dil spanilou j\u00edzdu nejlep\u0161\u00edho cyklisty pelotonu. Zkrvaven\u00fd v obli\u010deji, na nohou a hlavn\u011b s dv\u011bma zlomeninami! Tadej Poga\u010dar za\u017eil v osm\u00e9 etap\u011b \u0161pan\u011blsk\u00e9 Vuelty drsn\u00fd p\u00e1d, po n\u011bm\u017e ze z\u00e1vodu odstoupil. Sen o zkompletov\u00e1n\u00ed v\u00edt\u011bzn\u00e9ho hattricku ze v\u0161ech Grand Tour letos nenapln\u00ed. A prob\u00edhaj\u00edc\u00ed sezona pro n\u011bj velmi pravd\u011bpodobn\u011b skon\u010dila.","robots":{"index":"index","follow":"follow","max-snippet":"max-snippet:-1","max-image-preview":"max-image-preview:large","max-video-preview":"max-video-preview:-1"},"canonical":"https:\/\/www.welovecycling.com\/cs\/2026\/08\/29\/konec-sezony-proc-pogacar-ceka-na-operaci-a-co-zapricinilo-pad\/","og_locale":"cs_CZ","og_type":"article","og_title":"Konec sezony? Pro\u010d Poga\u010dar \u010dek\u00e1 na operaci a co zap\u0159\u00ed\u010dinilo p\u00e1d?","og_description":"Zpropaden\u00fd balvan! K\u00e1men le\u017e\u00edc\u00ed na silnici zni\u010dil spanilou j\u00edzdu nejlep\u0161\u00edho cyklisty pelotonu. Zkrvaven\u00fd v obli\u010deji, na nohou a hlavn\u011b s dv\u011bma zlomeninami! Tadej Poga\u010dar za\u017eil v osm\u00e9 etap\u011b \u0161pan\u011blsk\u00e9 Vuelty drsn\u00fd p\u00e1d, po n\u011bm\u017e ze z\u00e1vodu odstoupil. Sen o zkompletov\u00e1n\u00ed v\u00edt\u011bzn\u00e9ho hattricku ze v\u0161ech Grand Tour letos nenapln\u00ed. A prob\u00edhaj\u00edc\u00ed sezona pro n\u011bj velmi pravd\u011bpodobn\u011b skon\u010dila.","og_url":"https:\/\/www.welovecycling.com\/cs\/2026\/08\/29\/konec-sezony-proc-pogacar-ceka-na-operaci-a-co-zapricinilo-pad\/","og_site_name":"\u0160koda We Love Cycling - \u010cesk\u00e1 republika","article_published_time":"2026-08-29T21:09:31+00:00","article_modified_time":"2026-08-29T21:50:30+00:00","og_image":[{"width":1800,"height":1200,"url":"https:\/\/d2p6e6u75xmxt8.cloudfront.net\/13\/2026\/08\/profimedia-1129113126.webp","type":"image\/webp"}],"author":"radekmalina","twitter_card":"summary_large_image","twitter_misc":{"Written by":"We Love Cycling","Est. reading time":"6"},"schema":{"@context":"https:\/\/schema.org","@graph":[{"@type":"WebPage","@id":"https:\/\/www.welovecycling.com\/cs\/2026\/08\/29\/konec-sezony-proc-pogacar-ceka-na-operaci-a-co-zapricinilo-pad\/","url":"https:\/\/www.welovecycling.com\/cs\/2026\/08\/29\/konec-sezony-proc-pogacar-ceka-na-operaci-a-co-zapricinilo-pad\/","name":"Konec sezony? Pro\u010d Poga\u010dar \u010dek\u00e1 na operaci a co zap\u0159\u00ed\u010dinilo p\u00e1d? | \u0160koda We Love Cycling - \u010cesk\u00e1 republika","isPartOf":{"@id":"https:\/\/www.welovecycling.com\/cs\/#website"},"primaryImageOfPage":{"@id":"https:\/\/www.welovecycling.com\/cs\/2026\/08\/29\/konec-sezony-proc-pogacar-ceka-na-operaci-a-co-zapricinilo-pad\/#primaryimage"},"image":{"@id":"https:\/\/www.welovecycling.com\/cs\/2026\/08\/29\/konec-sezony-proc-pogacar-ceka-na-operaci-a-co-zapricinilo-pad\/#primaryimage"},"thumbnailUrl":"https:\/\/d2p6e6u75xmxt8.cloudfront.net\/13\/2026\/08\/profimedia-1129113126.webp","datePublished":"2026-08-29T21:09:31+00:00","dateModified":"2026-08-29T21:50:30+00:00","author":{"@id":"https:\/\/www.welovecycling.com\/cs\/#\/schema\/person\/d9eeb0a378f3a7e4a6d12d2b536b04b8"},"description":"Zpropaden\u00fd balvan! K\u00e1men le\u017e\u00edc\u00ed na silnici zni\u010dil spanilou j\u00edzdu nejlep\u0161\u00edho cyklisty pelotonu. Zkrvaven\u00fd v obli\u010deji, na nohou a hlavn\u011b s dv\u011bma zlomeninami! Tadej Poga\u010dar za\u017eil v osm\u00e9 etap\u011b \u0161pan\u011blsk\u00e9 Vuelty drsn\u00fd p\u00e1d, po n\u011bm\u017e ze z\u00e1vodu odstoupil. Sen o zkompletov\u00e1n\u00ed v\u00edt\u011bzn\u00e9ho hattricku ze v\u0161ech Grand Tour letos nenapln\u00ed. A prob\u00edhaj\u00edc\u00ed sezona pro n\u011bj velmi pravd\u011bpodobn\u011b skon\u010dila.","inLanguage":"cs","potentialAction":[{"@type":"ReadAction","target":["https:\/\/www.welovecycling.com\/cs\/2026\/08\/29\/konec-sezony-proc-pogacar-ceka-na-operaci-a-co-zapricinilo-pad\/"]}]},{"@type":"ImageObject","inLanguage":"cs","@id":"https:\/\/www.welovecycling.com\/cs\/2026\/08\/29\/konec-sezony-proc-pogacar-ceka-na-operaci-a-co-zapricinilo-pad\/#primaryimage","url":"https:\/\/d2p6e6u75xmxt8.cloudfront.net\/13\/2026\/08\/profimedia-1129113126.webp","contentUrl":"https:\/\/d2p6e6u75xmxt8.cloudfront.net\/13\/2026\/08\/profimedia-1129113126.webp","width":1800,"height":1200,"caption":"Tadej poga\u010dar p\u00e1d UAE Emirates XRG"},{"@type":"WebSite","@id":"https:\/\/www.welovecycling.com\/cs\/#website","url":"https:\/\/www.welovecycling.com\/cs\/","name":"\u0160koda We Love Cycling - \u010cesk\u00e1 republika","description":"WeLoveCycling.cz je online magaz\u00edn, kter\u00fd v\u00e1m pravideln\u011b p\u0159in\u00e1\u0161\u00ed rady a tipy, zaj\u00edmav\u00e9 \u010dl\u00e1nky, videa a jedine\u010dn\u00e9 report\u00e1\u017ee ze sv\u011bta cyklistiky.","potentialAction":[{"@type":"SearchAction","target":{"@type":"EntryPoint","urlTemplate":"https:\/\/www.welovecycling.com\/cs\/?s={search_term_string}"},"query-input":{"@type":"PropertyValueSpecification","valueRequired":true,"valueName":"search_term_string"}}],"inLanguage":"cs"},{"@type":"Person","@id":"https:\/\/www.welovecycling.com\/cs\/#\/schema\/person\/d9eeb0a378f3a7e4a6d12d2b536b04b8","name":"radekmalina","image":{"@type":"ImageObject","inLanguage":"cs","@id":"https:\/\/www.welovecycling.com\/cs\/#\/schema\/person\/image\/","url":"https:\/\/secure.gravatar.com\/avatar\/66994b632cb8c39a46b9f54afa3ae07201b678d32a54275b6f1c9ffec356bfc0?s=96&d=mm&r=g","contentUrl":"https:\/\/secure.gravatar.com\/avatar\/66994b632cb8c39a46b9f54afa3ae07201b678d32a54275b6f1c9ffec356bfc0?s=96&d=mm&r=g","caption":"radekmalina"},"url":"https:\/\/www.welovecycling.com\/cs\/author\/radekmalina\/"}]}},"_links":{"self":[{"href":"https:\/\/www.welovecycling.com\/cs\/wp-json\/wp\/v2\/posts\/35271","targetHints":{"allow":["GET"]}}],"collection":[{"href":"https:\/\/www.welovecycling.com\/cs\/wp-json\/wp\/v2\/posts"}],"about":[{"href":"https:\/\/www.welovecycling.com\/cs\/wp-json\/wp\/v2\/types\/post"}],"author":[{"embeddable":true,"href":"https:\/\/www.welovecycling.com\/cs\/wp-json\/wp\/v2\/users\/138"}],"replies":[{"embeddable":true,"href":"https:\/\/www.welovecycling.com\/cs\/wp-json\/wp\/v2\/comments?post=35271"}],"version-history":[{"count":6,"href":"https:\/\/www.welovecycling.com\/cs\/wp-json\/wp\/v2\/posts\/35271\/revisions"}],"predecessor-version":[{"id":35281,"href":"https:\/\/www.welovecycling.com\/cs\/wp-json\/wp\/v2\/posts\/35271\/revisions\/35281"}],"wp:featuredmedia":[{"embeddable":true,"href":"https:\/\/www.welovecycling.com\/cs\/wp-json\/wp\/v2\/media\/35275"}],"wp:attachment":[{"href":"https:\/\/www.welovecycling.com\/cs\/wp-json\/wp\/v2\/media?parent=35271"}],"wp:term":[{"taxonomy":"category","embeddable":true,"href":"https:\/\/www.welovecycling.com\/cs\/wp-json\/wp\/v2\/categories?post=35271"},{"taxonomy":"post_tag","embeddable":true,"href":"https:\/\/www.welovecycling.com\/cs\/wp-json\/wp\/v2\/tags?post=35271"},{"taxonomy":"global-categories","embeddable":true,"href":"https:\/\/www.welovecycling.com\/cs\/wp-json\/wp\/v2\/global-categories?post=35271"}],"curies":[{"name":"wp","href":"https:\/\/api.w.org\/{rel}","templated":true}]}}