{"id":35266,"date":"2026-08-29T10:34:51","date_gmt":"2026-08-29T08:34:51","guid":{"rendered":"https:\/\/www.welovecycling.com\/cs\/?p=35266"},"modified":"2026-08-29T10:35:02","modified_gmt":"2026-08-29T08:35:02","slug":"miri-za-nesmrtelnosti-zkompletuje-kral-parize-van-der-poel-duhovou-sbirku","status":"publish","type":"post","link":"https:\/\/www.welovecycling.com\/cs\/2026\/08\/29\/miri-za-nesmrtelnosti-zkompletuje-kral-parize-van-der-poel-duhovou-sbirku\/","title":{"rendered":"M\u00ed\u0159\u00ed za nesmrtelnost\u00ed! Zkompletuje van der Poel duhovou sb\u00edrku?"},"content":{"rendered":"<p><strong>Triumf, kter\u00fd sledoval cel\u00fd sv\u011bt. A Mathieu van der Poel o n\u011bm snil cel\u00fd rok. V\u00edt\u011bzstv\u00ed na Champs-\u00c9lys\u00e9es v Pa\u0159\u00ed\u017ei v z\u00e1v\u011bre\u010dn\u00e9 etap\u011b Tour de France po spektakul\u00e1rn\u00edm p\u0159edstaven\u00ed p\u0159idalo dal\u0161\u00ed d\u00edlek do cyklistick\u00e9 nesmrtelnosti nizozemsk\u00e9ho fenomen\u00e1ln\u00edho jezdce. Dvan\u00e1ct m\u011bs\u00edc\u016f \u010dekal borec t\u00fdmu Alpecin PremierTech na druhou \u0161anci i v sedle horsk\u00e9ho kola. Ve Val di Sole na mistrovstv\u00ed sv\u011bta sn\u00ed o zkompletov\u00e1n\u00ed sb\u00edrky duhov\u00fdch dres\u016f, kter\u00e9 u\u017e m\u00e1 ze t\u0159\u00ed dal\u0161\u00edch discipl\u00edn.<\/strong><\/p>\n<p>Jednat\u0159icetilet\u00fd Mathieu van der Poel z\u00edskal titul mistra sv\u011bta v silni\u010dn\u00edm z\u00e1vod\u011b, v cyklokrosu i v gravelu. A douf\u00e1 v prvenstv\u00ed i z olympijsk\u00e9ho cross country v sedle horsk\u00e9ho kola. V jak\u00e9m rozpolo\u017een\u00ed se po ro\u010dn\u00ed pauze do bitvy o nejpresti\u017en\u011bj\u0161\u00ed trikot bikov\u00e9ho sv\u011bta vrac\u00ed? A jak moc ho poznamenala Tour de France uvedl v rozhovoru pro m\u00e9dia p\u0159ed \u0161ampion\u00e1tem o posledn\u00edm srpnov\u00e9m v\u00edkendu.<\/p>\n<h2><strong>Jak moc se v\u00e1m l\u00edb\u00ed okruh pro mistrovstv\u00ed sv\u011bta ve Val di Sole?<\/strong><\/h2>\n<p>J\u00edzda na horsk\u00e9m kole m\u011b opravdu bav\u00ed. U\u017e jen samotn\u00e9 projet\u00ed okruhu je samo o sob\u011b p\u0159\u00edjemn\u00fdm tr\u00e9ninkem. Na horsk\u00e9m kole si m\u016f\u017ee \u010dlov\u011bk trochu v\u00edc pohr\u00e1t, a to se mi moc l\u00edb\u00ed. Sjezdy jsou zde tak\u00e9 skv\u011bl\u00e9. Je to prost\u011b z\u00e1bava.<\/p>\n<h2><strong>P\u0159i gener\u00e1lce na mistrovstv\u00ed sv\u011bta v Les Gets jste dojel na druh\u00e9m m\u00edst\u011b. Nabral Mathieu van der Poel sebev\u011bdom\u00ed pro bikov\u00fd \u0161ampion\u00e1t?<\/strong><\/h2>\n<p>Sv\u011b\u0165\u00e1k v Les Gets dopadl l\u00e9pe, ne\u017e jsem \u010dekal. P\u0159i short tracku jsem dojel des\u00e1t\u00fd, m\u016fj v\u00fdkon nebyl skv\u011bl\u00fd. Ale v hlavn\u00edm z\u00e1vod\u011b p\u0159i olympijsk\u00e9m cross country jsem se u\u017e c\u00edtil mnohem l\u00e9pe. Horsk\u00e1 cyklistika nel\u017ee, tak\u017ee douf\u00e1m, \u017ee se mi poda\u0159\u00ed ud\u011blat dal\u0161\u00ed krok a v ned\u011bli dos\u00e1hnout sv\u00e9 nejlep\u0161\u00ed formy pro horsk\u00e1 kola. Ale jsem po\u0159\u00e1d velmi obez\u0159etn\u00fd. Minul\u00fd rok jsem v Les Gets dojel v gener\u00e1lce p\u0159ed \u0161ampion\u00e1tem k vlastn\u00edmu p\u0159ekvapen\u00ed \u0161est\u00fd. Ale pak za\u017eil na mistrovstv\u00ed sv\u011bta zklam\u00e1n\u00ed. Dojel jsem tehdy dev\u011btadvac\u00e1t\u00fd. V\u00edm, \u017ee jeden dobr\u00fd z\u00e1vod nic nezaru\u010duje.<\/p>\n<figure id=\"attachment_35267\" aria-describedby=\"caption-attachment-35267\" style=\"width: 1197px\" class=\"wp-caption alignnone\"><a href=\"https:\/\/d2p6e6u75xmxt8.cloudfront.net\/13\/2026\/08\/profimedia-1128936936.webp\"><img loading=\"lazy\" decoding=\"async\" class=\"size-full wp-image-35267\" src=\"https:\/\/d2p6e6u75xmxt8.cloudfront.net\/13\/2026\/08\/profimedia-1128936936.webp\" alt=\"\" width=\"1197\" height=\"1800\" srcset=\"https:\/\/d2p6e6u75xmxt8.cloudfront.net\/13\/2026\/08\/profimedia-1128936936.webp 1197w, https:\/\/d2p6e6u75xmxt8.cloudfront.net\/13\/2026\/08\/profimedia-1128936936-200x300.webp 200w, https:\/\/d2p6e6u75xmxt8.cloudfront.net\/13\/2026\/08\/profimedia-1128936936-681x1024.webp 681w, https:\/\/d2p6e6u75xmxt8.cloudfront.net\/13\/2026\/08\/profimedia-1128936936-768x1155.webp 768w, https:\/\/d2p6e6u75xmxt8.cloudfront.net\/13\/2026\/08\/profimedia-1128936936-1021x1536.webp 1021w, https:\/\/d2p6e6u75xmxt8.cloudfront.net\/13\/2026\/08\/profimedia-1128936936-266x400.webp 266w\" sizes=\"auto, (max-width: 1197px) 100vw, 1197px\" \/><\/a><figcaption id=\"caption-attachment-35267\" class=\"wp-caption-text\"><em>Mathieu van der Poel douf\u00e1, \u017ee po roce p\u0159i mistrovstv\u00ed sv\u011bta horsk\u00fdch kol ve Val di Sole z\u00edsk\u00e1 zlato.<\/em><\/figcaption><\/figure>\n<h2><strong>Jak se c\u00edt\u00edte ve srovn\u00e1n\u00ed s lo\u0148sk\u00fdm rokem?<\/strong><\/h2>\n<p>Letos jsem Tour de France opustil v mnohem lep\u0161\u00ed form\u011b a v\u00edt\u011bzstv\u00ed na Champs-\u00c9lys\u00e9es mi samoz\u0159ejm\u011b dodalo spoustu sebev\u011bdom\u00ed a motivace. Loni jsem nebyl na sv\u00e9 obvykl\u00e9 \u00farovni. Tentokr\u00e1t byl p\u0159echod na horsk\u00e9 kolo mnohem plynulej\u0161\u00ed. B\u011bhem v\u00fd\u0161kov\u00e9ho kempu v Livignu jsem tak\u00e9 str\u00e1vil hodn\u011b \u010dasu na horsk\u00e9m kole a mysl\u00edm, \u017ee mi to v\u00e1\u017en\u011b pomohlo.<\/p>\n<h2><strong>P\u0159edstavuje velk\u00fd handicap, \u017ee jste v pr\u016fb\u011bhu roku nez\u00e1vodil ve sv\u011btov\u00e9m poh\u00e1ru a tud\u00ed\u017e o duhov\u00fd dres pojedete a\u017e z p\u00e1t\u00e9 \u0159ady?<\/strong><\/h2>\n<p>Start z p\u00e1t\u00e9 \u0159ady samoz\u0159ejm\u011b sni\u017euje m\u00e9 \u0161ance. V Les Gets jsem znovu vid\u011bl, jak velk\u00fd je rozd\u00edl, kdy\u017e startujete bl\u00ed\u017ee vp\u0159edu. Jste okam\u017eit\u011b sou\u010d\u00e1st\u00ed z\u00e1vodu. Pokud si chci opravdu d\u00e1t co nejv\u011bt\u0161\u00ed \u0161anci st\u00e1t se jednou mistrem sv\u011bta, budu pravd\u011bpodobn\u011b pot\u0159ebovat sez\u00f3nu, kdy str\u00e1v\u00edm v\u00edce \u010dasu na horsk\u00e9m kole, abych si mohl vybojovat m\u00edsto v jedn\u00e9 z t\u011bch prvn\u00edch dvou \u0159ad.<\/p>\n<div class=\"shortcode-ys-post-pinup\"><article class=\"loop-simple post-35201 post type-post status-publish format-standard has-post-thumbnail hentry category-silnicni-cyklistika tag-andres-iniesta tag-cyklistika tag-nsn-cycling tag-silnicni-cyklistika tag-vuelta global-categories-cycling\" data-postid=\"35201\" role=\"article\" data-post-id=\"35201\" data-word-count=\"600\" data-headline-length=\"55\" data-category=\"Silni\u010dn\u00ed cyklistika\" data-global-category=\"Cycling\" data-author=\"Radek Malina\" data-published=\"2026-08-25T06:10:31+02:00\" data-published-day=\"Tuesday\">\n    <div class=\"entry-thumbnail article-thumbnail\" content=\"https:\/\/d2p6e6u75xmxt8.cloudfront.net\/13\/2026\/08\/profimedia-1114515952-150x150.webp\"><a href=\"https:\/\/www.welovecycling.com\/cs\/2026\/08\/25\/okouzleny-pelotonem-vystreli-zlaty-hoch\/\" class=\"image-holder\" target=\"_self\"><img decoding=\"async\" loading=\"lazy\" class=\"\" src=\"https:\/\/d2p6e6u75xmxt8.cloudfront.net\/13\/2026\/08\/profimedia-1114515952-1024x683.webp\" srcset=\"https:\/\/d2p6e6u75xmxt8.cloudfront.net\/13\/2026\/08\/profimedia-1114515952.webp 1800w, https:\/\/d2p6e6u75xmxt8.cloudfront.net\/13\/2026\/08\/profimedia-1114515952-300x200.webp 300w, https:\/\/d2p6e6u75xmxt8.cloudfront.net\/13\/2026\/08\/profimedia-1114515952-1024x683.webp 1024w, https:\/\/d2p6e6u75xmxt8.cloudfront.net\/13\/2026\/08\/profimedia-1114515952-768x512.webp 768w, https:\/\/d2p6e6u75xmxt8.cloudfront.net\/13\/2026\/08\/profimedia-1114515952-1536x1024.webp 1536w, https:\/\/d2p6e6u75xmxt8.cloudfront.net\/13\/2026\/08\/profimedia-1114515952-400x267.webp 400w, https:\/\/d2p6e6u75xmxt8.cloudfront.net\/13\/2026\/08\/profimedia-1114515952-272x182.webp 272w\" width=\"1024\" height=\"683\" sizes=\"auto, (min-width: 1200px) 300px, (min-width: 768px) 25vw, 100vw\" alt=\"okouzleny-pelotonem-vystreli-zlaty-hoch\"\/><\/a><\/div>    <div class=\"entry-meta\">\n        <a class=\"label label-secondary post-category\" href=\"https:\/\/www.welovecycling.com\/cs\/category\/silnicni-cyklistika\/\" title=\"Silni\u010dn\u00ed cyklistika\">Silni\u010dn\u00ed cyklistika<\/a>\n    <\/div>\n    <div class=\"entry-details\">\n        <a href=\"https:\/\/www.welovecycling.com\/cs\/2026\/08\/25\/okouzleny-pelotonem-vystreli-zlaty-hoch\/\" class='entry-title-wrapper'>\n            <h3 class=\"entry-title\"><span>Okouzlen\u00fd pelotonem! Nap\u00ed\u0161e zlat\u00fd hoch novou story?<\/span><\/h3>\n        <\/a>\n    <\/div>\n    <\/article>\n<\/div>\n<h2><strong>Je hodn\u011b slo\u017eit\u00e9 nesp\u00e1lit na startu mnoho energie p\u0159i snaze dostat se rychle na \u0161pici z\u00e1vodu?<\/strong><\/h2>\n<p>Minul\u00fd rok jsem m\u011bl vlastn\u011b dobr\u00fd start, ale asi jsem byl trochu moc dychtiv\u00fd hned se posunout do \u010dela. Pokud jdete na za\u010d\u00e1tku p\u0159\u00edli\u0161 do \u010derven\u00fdch \u010d\u00edsel, hned za to zaplat\u00edte a \u010dasto jde p\u0159esn\u011b o okam\u017eik, kdy kluci na \u010dele znovu zrychl\u00ed. Z\u00e1rove\u0148 ale nechcete ztratit kontakt s nejrychlej\u0161\u00edmi. Nalezen\u00ed rovnov\u00e1hy je d\u016fle\u017eit\u00e9.<\/p>\n<h2><strong>Nov\u011b spolupracujete s Matteem Bertou, tren\u00e9rem techniky. Jde o jeden z faktor\u016f, kter\u00fd m\u00e1 zajistit zlatou medaili na horsk\u00e9m kole?<\/strong><\/h2>\n<p>Jde o opravdu u\u017eite\u010dnou spolupr\u00e1ci. Byl s n\u00e1mi i v Les Gets. P\u0159edem kontroluje tra\u0165 a pom\u00e1h\u00e1 n\u00e1m s v\u011bcmi, jako je hled\u00e1n\u00ed nejlep\u0161\u00edch stop. M\u00edt n\u011bkoho, kdo se dok\u00e1\u017ee konkr\u00e9tn\u011b zam\u011b\u0159it na tyto detaily, rozhodn\u011b pom\u00e1h\u00e1.<\/p>\n<figure id=\"attachment_34917\" aria-describedby=\"caption-attachment-34917\" style=\"width: 1800px\" class=\"wp-caption alignnone\"><a href=\"https:\/\/d2p6e6u75xmxt8.cloudfront.net\/13\/2026\/07\/profimedia-1118990984.webp\"><img loading=\"lazy\" decoding=\"async\" class=\"size-full wp-image-34917\" src=\"https:\/\/d2p6e6u75xmxt8.cloudfront.net\/13\/2026\/07\/profimedia-1118990984.webp\" alt=\"Raduje se Jasper Philipsen, ale ve skute\u010dn\u00ed 21. etapu Tour de France 2026 vyhr\u00e1l jeho t\u00fdmov\u00fd kolega Mathieu van der Poel (vpravo).\" width=\"1800\" height=\"1200\" srcset=\"https:\/\/d2p6e6u75xmxt8.cloudfront.net\/13\/2026\/07\/profimedia-1118990984.webp 1800w, https:\/\/d2p6e6u75xmxt8.cloudfront.net\/13\/2026\/07\/profimedia-1118990984-300x200.webp 300w, https:\/\/d2p6e6u75xmxt8.cloudfront.net\/13\/2026\/07\/profimedia-1118990984-1024x683.webp 1024w, https:\/\/d2p6e6u75xmxt8.cloudfront.net\/13\/2026\/07\/profimedia-1118990984-768x512.webp 768w, https:\/\/d2p6e6u75xmxt8.cloudfront.net\/13\/2026\/07\/profimedia-1118990984-1536x1024.webp 1536w, https:\/\/d2p6e6u75xmxt8.cloudfront.net\/13\/2026\/07\/profimedia-1118990984-400x267.webp 400w, https:\/\/d2p6e6u75xmxt8.cloudfront.net\/13\/2026\/07\/profimedia-1118990984-272x182.webp 272w\" sizes=\"auto, (max-width: 1800px) 100vw, 1800px\" \/><\/a><figcaption id=\"caption-attachment-34917\" class=\"wp-caption-text\"><em>Raduje se Jasper Philipsen, ale ve skute\u010dnosti 21. etapu Tour de France 2026 vyhr\u00e1l jeho t\u00fdmov\u00fd kolega Mathieu van der Poel (vpravo).<\/em><\/figcaption><\/figure>\n<h2><strong>Po\u0159\u00e1d tolik tou\u017e\u00edte po titulu mistra sv\u011bta horsk\u00fdch kol? Nebo u\u017e nejde o tak z\u00e1sadn\u00ed c\u00edl?<\/strong><\/h2>\n<p>Je to pro m\u011b <a href=\"https:\/\/www.welovecycling.com\/cs\/2026\/02\/26\/co-jeste-van-der-poel-nevyhral\/\">rozhodn\u011b d\u016fle\u017eit\u00fd c\u00edl<\/a>, ale mysl\u00edm, \u017ee by bylo p\u0159\u00edli\u0161 zjednodu\u0161uj\u00edc\u00ed \u0159\u00edct, \u017ee titul mistra sv\u011bta z cross country pot\u0159ebuji k \u00fasp\u011b\u0161n\u00e9 kari\u00e9\u0159e. Neohl\u00ed\u017eel bych se za svou kari\u00e9rou zklaman\u011b, kdybych ho nikdy nevyhr\u00e1l. Pokud se to letos nestane, doufejme, \u017ee bude dal\u0161\u00ed p\u0159\u00edle\u017eitost.<\/p>\n<div class=\"shortcode-ys-post-pinup\"><article class=\"loop-simple post-35001 post type-post status-publish format-standard has-post-thumbnail hentry category-zdravi-a-trenink tag-cyklistika tag-gravel tag-horska-cyklistika tag-silnicni-cyklistika tag-solo-jizda tag-trenink global-categories-cycling\" data-postid=\"35001\" role=\"article\" data-post-id=\"35001\" data-word-count=\"348\" data-headline-length=\"38\" data-category=\"Zdrav\u00ed a tr\u00e9nink\" data-global-category=\"Cycling\" data-author=\"Radek Malina\" data-published=\"2026-08-05T16:00:29+02:00\" data-published-day=\"Wednesday\">\n    <div class=\"entry-thumbnail article-thumbnail\" content=\"https:\/\/d2p6e6u75xmxt8.cloudfront.net\/13\/2026\/08\/black02w-150x150.webp\"><a href=\"https:\/\/www.welovecycling.com\/cs\/2026\/08\/05\/jak-se-zlepsit-kdyz-jezdite-solo\/\" class=\"image-holder\" target=\"_self\"><img decoding=\"async\" loading=\"lazy\" class=\"\" src=\"https:\/\/d2p6e6u75xmxt8.cloudfront.net\/13\/2026\/08\/black02w-1024x609.webp\" srcset=\"https:\/\/d2p6e6u75xmxt8.cloudfront.net\/13\/2026\/08\/black02w-scaled.webp 2560w, https:\/\/d2p6e6u75xmxt8.cloudfront.net\/13\/2026\/08\/black02w-300x178.webp 300w, https:\/\/d2p6e6u75xmxt8.cloudfront.net\/13\/2026\/08\/black02w-1024x609.webp 1024w, https:\/\/d2p6e6u75xmxt8.cloudfront.net\/13\/2026\/08\/black02w-768x457.webp 768w, https:\/\/d2p6e6u75xmxt8.cloudfront.net\/13\/2026\/08\/black02w-1536x914.webp 1536w, https:\/\/d2p6e6u75xmxt8.cloudfront.net\/13\/2026\/08\/black02w-2048x1219.webp 2048w, https:\/\/d2p6e6u75xmxt8.cloudfront.net\/13\/2026\/08\/black02w-1920x1142.webp 1920w, https:\/\/d2p6e6u75xmxt8.cloudfront.net\/13\/2026\/08\/black02w-400x238.webp 400w, https:\/\/d2p6e6u75xmxt8.cloudfront.net\/13\/2026\/08\/black02w-1920x1142.webp 1920w\" width=\"1024\" height=\"609\" sizes=\"auto, (min-width: 1200px) 336px, (min-width: 768px) 28vw, 100vw\" alt=\"jak-se-zlepsit-kdyz-jezdite-solo\"\/><\/a><\/div>    <div class=\"entry-meta\">\n        <a class=\"label label-secondary post-category\" href=\"https:\/\/www.welovecycling.com\/cs\/category\/zdravi-a-trenink\/\" title=\"Zdrav\u00ed a tr\u00e9nink\">Zdrav\u00ed a tr\u00e9nink<\/a>\n    <\/div>\n    <div class=\"entry-details\">\n        <a href=\"https:\/\/www.welovecycling.com\/cs\/2026\/08\/05\/jak-se-zlepsit-kdyz-jezdite-solo\/\" class='entry-title-wrapper'>\n            <h3 class=\"entry-title\"><span>Jak se zlep\u0161it, kdy\u017e jezd\u00edte s\u00f3lo?<\/span><\/h3>\n        <\/a>\n    <\/div>\n    <\/article>\n<\/div>\n<h2><strong>Po\u0159\u00e1d plat\u00ed, \u017ee se Mathieu van der Poel kv\u016fli duhov\u00e9mu dresu z cross country na jeden cel\u00fd rok p\u0159esune ze silnice do ter\u00e9nu?<\/strong><\/h2>\n<p>Ur\u010dit\u011b bych si p\u0159\u00e1l m\u00edt rok, kdy se budu moci trochu v\u00edce soust\u0159edit na horskou cyklistiku. Ale to je n\u011bco, co je t\u0159eba s t\u00fdmem probrat, proto\u017ee existuj\u00ed i \u200b\u200bdal\u0161\u00ed z\u00e1vazky. Pln\u011b ch\u00e1pu, jak d\u016fle\u017eit\u00fd je pro t\u00fdm z\u00e1vod jako Tour de France. Jde o nalezen\u00ed spr\u00e1vn\u00e9 rovnov\u00e1hy. Ale ano, r\u00e1d bych horsk\u00e1 kola po\u0159\u00e1dn\u011b zkusil.<\/p>\n<p><em>Foto: profimedia<\/em><\/p>\n","protected":false},"excerpt":{"rendered":"<p>Triumf, kter\u00fd sledoval cel\u00fd sv\u011bt. A Mathieu van der Poel o n\u011bm snil cel\u00fd rok. V\u00edt\u011bzstv\u00ed na Champs-\u00c9lys\u00e9es v Pa\u0159\u00ed\u017ei [&hellip;]<\/p>\n","protected":false},"author":138,"featured_media":35268,"comment_status":"open","ping_status":"open","sticky":false,"template":"","format":"standard","meta":{"footnotes":""},"categories":[4018],"tags":[157,126,56,178,9,23,1826],"global-categories":[411],"class_list":["post-35266","post","type-post","status-publish","format-standard","has-post-thumbnail","hentry","category-cyklistika","tag-cross-country","tag-cyklistika","tag-horska-cyklistika","tag-mathieu-van-der-poel","tag-silnicni-cyklistika","tag-tour-de-france","tag-val-di-sole","global-categories-cycling"],"yoast_head":"<!-- This site is optimized with the Yoast SEO Premium plugin v25.3 (Yoast SEO v25.9) - https:\/\/yoast.com\/wordpress\/plugins\/seo\/ -->\n<title>M\u00ed\u0159\u00ed za nesmrtelnost\u00ed! Zkompletuje van der Poel duhovou sb\u00edrku? | \u0160koda We Love Cycling - \u010cesk\u00e1 republika<\/title>\n<meta name=\"description\" content=\"Triumf, kter\u00fd sledoval cel\u00fd sv\u011bt. A Mathieu van der Poel o n\u011bm snil cel\u00fd rok. V\u00edt\u011bzstv\u00ed na Champs-\u00c9lys\u00e9es v Pa\u0159\u00ed\u017ei v z\u00e1v\u011bre\u010dn\u00e9 etap\u011b Tour de France po spektakul\u00e1rn\u00edm p\u0159edstaven\u00ed p\u0159idalo dal\u0161\u00ed d\u00edlek do cyklistick\u00e9 nesmrtelnosti nizozemsk\u00e9ho fenomen\u00e1ln\u00edho jezdce. Dvan\u00e1ct m\u011bs\u00edc\u016f \u010dekal borec t\u00fdmu Alpecin PremierTech na druhou \u0161anci i v sedle horsk\u00e9ho kola. Ve Val di Sole na mistrovstv\u00ed sv\u011bta sn\u00ed o zkompletov\u00e1n\u00ed sb\u00edrky duhov\u00fdch dres\u016f, kter\u00e9 u\u017e m\u00e1 ze t\u0159\u00ed dal\u0161\u00edch discipl\u00edn.\" \/>\n<meta name=\"robots\" content=\"index, follow, max-snippet:-1, max-image-preview:large, max-video-preview:-1\" \/>\n<link rel=\"canonical\" href=\"https:\/\/www.welovecycling.com\/cs\/2026\/08\/29\/miri-za-nesmrtelnosti-zkompletuje-kral-parize-van-der-poel-duhovou-sbirku\/\" \/>\n<meta property=\"og:locale\" content=\"cs_CZ\" \/>\n<meta property=\"og:type\" content=\"article\" \/>\n<meta property=\"og:title\" content=\"M\u00ed\u0159\u00ed za nesmrtelnost\u00ed! Zkompletuje van der Poel duhovou sb\u00edrku?\" \/>\n<meta property=\"og:description\" content=\"Triumf, kter\u00fd sledoval cel\u00fd sv\u011bt. A Mathieu van der Poel o n\u011bm snil cel\u00fd rok. V\u00edt\u011bzstv\u00ed na Champs-\u00c9lys\u00e9es v Pa\u0159\u00ed\u017ei v z\u00e1v\u011bre\u010dn\u00e9 etap\u011b Tour de France po spektakul\u00e1rn\u00edm p\u0159edstaven\u00ed p\u0159idalo dal\u0161\u00ed d\u00edlek do cyklistick\u00e9 nesmrtelnosti nizozemsk\u00e9ho fenomen\u00e1ln\u00edho jezdce. Dvan\u00e1ct m\u011bs\u00edc\u016f \u010dekal borec t\u00fdmu Alpecin PremierTech na druhou \u0161anci i v sedle horsk\u00e9ho kola. Ve Val di Sole na mistrovstv\u00ed sv\u011bta sn\u00ed o zkompletov\u00e1n\u00ed sb\u00edrky duhov\u00fdch dres\u016f, kter\u00e9 u\u017e m\u00e1 ze t\u0159\u00ed dal\u0161\u00edch discipl\u00edn.\" \/>\n<meta property=\"og:url\" content=\"https:\/\/www.welovecycling.com\/cs\/2026\/08\/29\/miri-za-nesmrtelnosti-zkompletuje-kral-parize-van-der-poel-duhovou-sbirku\/\" \/>\n<meta property=\"og:site_name\" content=\"\u0160koda We Love Cycling - \u010cesk\u00e1 republika\" \/>\n<meta property=\"article:published_time\" content=\"2026-08-29T08:34:51+00:00\" \/>\n<meta property=\"article:modified_time\" content=\"2026-08-29T08:35:02+00:00\" \/>\n<meta property=\"og:image\" content=\"https:\/\/d2p6e6u75xmxt8.cloudfront.net\/13\/2026\/08\/profimedia-1128936209.webp\" \/>\n\t<meta property=\"og:image:width\" content=\"1800\" \/>\n\t<meta property=\"og:image:height\" content=\"1200\" \/>\n\t<meta property=\"og:image:type\" content=\"image\/webp\" \/>\n<meta name=\"author\" content=\"radekmalina\" \/>\n<meta name=\"twitter:card\" content=\"summary_large_image\" \/>\n<meta name=\"twitter:label1\" content=\"Written by\" \/>\n\t<meta name=\"twitter:data1\" content=\"Radek Malina\" \/>\n\t<meta name=\"twitter:label2\" content=\"Est. reading time\" \/>\n\t<meta name=\"twitter:data2\" content=\"5\" \/>\n<script type=\"application\/ld+json\" class=\"yoast-schema-graph\">{\"@context\":\"https:\/\/schema.org\",\"@graph\":[{\"@type\":\"WebPage\",\"@id\":\"https:\/\/www.welovecycling.com\/cs\/2026\/08\/29\/miri-za-nesmrtelnosti-zkompletuje-kral-parize-van-der-poel-duhovou-sbirku\/\",\"url\":\"https:\/\/www.welovecycling.com\/cs\/2026\/08\/29\/miri-za-nesmrtelnosti-zkompletuje-kral-parize-van-der-poel-duhovou-sbirku\/\",\"name\":\"M\u00ed\u0159\u00ed za nesmrtelnost\u00ed! Zkompletuje van der Poel duhovou sb\u00edrku? | \u0160koda We Love Cycling - \u010cesk\u00e1 republika\",\"isPartOf\":{\"@id\":\"https:\/\/www.welovecycling.com\/cs\/#website\"},\"primaryImageOfPage\":{\"@id\":\"https:\/\/www.welovecycling.com\/cs\/2026\/08\/29\/miri-za-nesmrtelnosti-zkompletuje-kral-parize-van-der-poel-duhovou-sbirku\/#primaryimage\"},\"image\":{\"@id\":\"https:\/\/www.welovecycling.com\/cs\/2026\/08\/29\/miri-za-nesmrtelnosti-zkompletuje-kral-parize-van-der-poel-duhovou-sbirku\/#primaryimage\"},\"thumbnailUrl\":\"https:\/\/d2p6e6u75xmxt8.cloudfront.net\/13\/2026\/08\/profimedia-1128936209.webp\",\"datePublished\":\"2026-08-29T08:34:51+00:00\",\"dateModified\":\"2026-08-29T08:35:02+00:00\",\"author\":{\"@id\":\"https:\/\/www.welovecycling.com\/cs\/#\/schema\/person\/d9eeb0a378f3a7e4a6d12d2b536b04b8\"},\"description\":\"Triumf, kter\u00fd sledoval cel\u00fd sv\u011bt. A Mathieu van der Poel o n\u011bm snil cel\u00fd rok. V\u00edt\u011bzstv\u00ed na Champs-\u00c9lys\u00e9es v Pa\u0159\u00ed\u017ei v z\u00e1v\u011bre\u010dn\u00e9 etap\u011b Tour de France po spektakul\u00e1rn\u00edm p\u0159edstaven\u00ed p\u0159idalo dal\u0161\u00ed d\u00edlek do cyklistick\u00e9 nesmrtelnosti nizozemsk\u00e9ho fenomen\u00e1ln\u00edho jezdce. Dvan\u00e1ct m\u011bs\u00edc\u016f \u010dekal borec t\u00fdmu Alpecin PremierTech na druhou \u0161anci i v sedle horsk\u00e9ho kola. Ve Val di Sole na mistrovstv\u00ed sv\u011bta sn\u00ed o zkompletov\u00e1n\u00ed sb\u00edrky duhov\u00fdch dres\u016f, kter\u00e9 u\u017e m\u00e1 ze t\u0159\u00ed dal\u0161\u00edch discipl\u00edn.\",\"inLanguage\":\"cs\",\"potentialAction\":[{\"@type\":\"ReadAction\",\"target\":[\"https:\/\/www.welovecycling.com\/cs\/2026\/08\/29\/miri-za-nesmrtelnosti-zkompletuje-kral-parize-van-der-poel-duhovou-sbirku\/\"]}]},{\"@type\":\"ImageObject\",\"inLanguage\":\"cs\",\"@id\":\"https:\/\/www.welovecycling.com\/cs\/2026\/08\/29\/miri-za-nesmrtelnosti-zkompletuje-kral-parize-van-der-poel-duhovou-sbirku\/#primaryimage\",\"url\":\"https:\/\/d2p6e6u75xmxt8.cloudfront.net\/13\/2026\/08\/profimedia-1128936209.webp\",\"contentUrl\":\"https:\/\/d2p6e6u75xmxt8.cloudfront.net\/13\/2026\/08\/profimedia-1128936209.webp\",\"width\":1800,\"height\":1200,\"caption\":\"Mathieu van der Poel Val di Sole\"},{\"@type\":\"WebSite\",\"@id\":\"https:\/\/www.welovecycling.com\/cs\/#website\",\"url\":\"https:\/\/www.welovecycling.com\/cs\/\",\"name\":\"\u0160koda We Love Cycling - \u010cesk\u00e1 republika\",\"description\":\"WeLoveCycling.cz je online magaz\u00edn, kter\u00fd v\u00e1m pravideln\u011b p\u0159in\u00e1\u0161\u00ed rady a tipy, zaj\u00edmav\u00e9 \u010dl\u00e1nky, videa a jedine\u010dn\u00e9 report\u00e1\u017ee ze sv\u011bta cyklistiky.\",\"potentialAction\":[{\"@type\":\"SearchAction\",\"target\":{\"@type\":\"EntryPoint\",\"urlTemplate\":\"https:\/\/www.welovecycling.com\/cs\/?s={search_term_string}\"},\"query-input\":{\"@type\":\"PropertyValueSpecification\",\"valueRequired\":true,\"valueName\":\"search_term_string\"}}],\"inLanguage\":\"cs\"},{\"@type\":\"Person\",\"@id\":\"https:\/\/www.welovecycling.com\/cs\/#\/schema\/person\/d9eeb0a378f3a7e4a6d12d2b536b04b8\",\"name\":\"radekmalina\",\"image\":{\"@type\":\"ImageObject\",\"inLanguage\":\"cs\",\"@id\":\"https:\/\/www.welovecycling.com\/cs\/#\/schema\/person\/image\/\",\"url\":\"https:\/\/secure.gravatar.com\/avatar\/66994b632cb8c39a46b9f54afa3ae07201b678d32a54275b6f1c9ffec356bfc0?s=96&d=mm&r=g\",\"contentUrl\":\"https:\/\/secure.gravatar.com\/avatar\/66994b632cb8c39a46b9f54afa3ae07201b678d32a54275b6f1c9ffec356bfc0?s=96&d=mm&r=g\",\"caption\":\"radekmalina\"},\"url\":\"https:\/\/www.welovecycling.com\/cs\/author\/radekmalina\/\"}]}<\/script>\n<!-- \/ Yoast SEO Premium plugin. -->","yoast_head_json":{"title":"M\u00ed\u0159\u00ed za nesmrtelnost\u00ed! Zkompletuje van der Poel duhovou sb\u00edrku? | \u0160koda We Love Cycling - \u010cesk\u00e1 republika","description":"Triumf, kter\u00fd sledoval cel\u00fd sv\u011bt. A Mathieu van der Poel o n\u011bm snil cel\u00fd rok. V\u00edt\u011bzstv\u00ed na Champs-\u00c9lys\u00e9es v Pa\u0159\u00ed\u017ei v z\u00e1v\u011bre\u010dn\u00e9 etap\u011b Tour de France po spektakul\u00e1rn\u00edm p\u0159edstaven\u00ed p\u0159idalo dal\u0161\u00ed d\u00edlek do cyklistick\u00e9 nesmrtelnosti nizozemsk\u00e9ho fenomen\u00e1ln\u00edho jezdce. Dvan\u00e1ct m\u011bs\u00edc\u016f \u010dekal borec t\u00fdmu Alpecin PremierTech na druhou \u0161anci i v sedle horsk\u00e9ho kola. Ve Val di Sole na mistrovstv\u00ed sv\u011bta sn\u00ed o zkompletov\u00e1n\u00ed sb\u00edrky duhov\u00fdch dres\u016f, kter\u00e9 u\u017e m\u00e1 ze t\u0159\u00ed dal\u0161\u00edch discipl\u00edn.","robots":{"index":"index","follow":"follow","max-snippet":"max-snippet:-1","max-image-preview":"max-image-preview:large","max-video-preview":"max-video-preview:-1"},"canonical":"https:\/\/www.welovecycling.com\/cs\/2026\/08\/29\/miri-za-nesmrtelnosti-zkompletuje-kral-parize-van-der-poel-duhovou-sbirku\/","og_locale":"cs_CZ","og_type":"article","og_title":"M\u00ed\u0159\u00ed za nesmrtelnost\u00ed! Zkompletuje van der Poel duhovou sb\u00edrku?","og_description":"Triumf, kter\u00fd sledoval cel\u00fd sv\u011bt. A Mathieu van der Poel o n\u011bm snil cel\u00fd rok. V\u00edt\u011bzstv\u00ed na Champs-\u00c9lys\u00e9es v Pa\u0159\u00ed\u017ei v z\u00e1v\u011bre\u010dn\u00e9 etap\u011b Tour de France po spektakul\u00e1rn\u00edm p\u0159edstaven\u00ed p\u0159idalo dal\u0161\u00ed d\u00edlek do cyklistick\u00e9 nesmrtelnosti nizozemsk\u00e9ho fenomen\u00e1ln\u00edho jezdce. Dvan\u00e1ct m\u011bs\u00edc\u016f \u010dekal borec t\u00fdmu Alpecin PremierTech na druhou \u0161anci i v sedle horsk\u00e9ho kola. Ve Val di Sole na mistrovstv\u00ed sv\u011bta sn\u00ed o zkompletov\u00e1n\u00ed sb\u00edrky duhov\u00fdch dres\u016f, kter\u00e9 u\u017e m\u00e1 ze t\u0159\u00ed dal\u0161\u00edch discipl\u00edn.","og_url":"https:\/\/www.welovecycling.com\/cs\/2026\/08\/29\/miri-za-nesmrtelnosti-zkompletuje-kral-parize-van-der-poel-duhovou-sbirku\/","og_site_name":"\u0160koda We Love Cycling - \u010cesk\u00e1 republika","article_published_time":"2026-08-29T08:34:51+00:00","article_modified_time":"2026-08-29T08:35:02+00:00","og_image":[{"width":1800,"height":1200,"url":"https:\/\/d2p6e6u75xmxt8.cloudfront.net\/13\/2026\/08\/profimedia-1128936209.webp","type":"image\/webp"}],"author":"radekmalina","twitter_card":"summary_large_image","twitter_misc":{"Written by":"Radek Malina","Est. reading time":"5"},"schema":{"@context":"https:\/\/schema.org","@graph":[{"@type":"WebPage","@id":"https:\/\/www.welovecycling.com\/cs\/2026\/08\/29\/miri-za-nesmrtelnosti-zkompletuje-kral-parize-van-der-poel-duhovou-sbirku\/","url":"https:\/\/www.welovecycling.com\/cs\/2026\/08\/29\/miri-za-nesmrtelnosti-zkompletuje-kral-parize-van-der-poel-duhovou-sbirku\/","name":"M\u00ed\u0159\u00ed za nesmrtelnost\u00ed! Zkompletuje van der Poel duhovou sb\u00edrku? | \u0160koda We Love Cycling - \u010cesk\u00e1 republika","isPartOf":{"@id":"https:\/\/www.welovecycling.com\/cs\/#website"},"primaryImageOfPage":{"@id":"https:\/\/www.welovecycling.com\/cs\/2026\/08\/29\/miri-za-nesmrtelnosti-zkompletuje-kral-parize-van-der-poel-duhovou-sbirku\/#primaryimage"},"image":{"@id":"https:\/\/www.welovecycling.com\/cs\/2026\/08\/29\/miri-za-nesmrtelnosti-zkompletuje-kral-parize-van-der-poel-duhovou-sbirku\/#primaryimage"},"thumbnailUrl":"https:\/\/d2p6e6u75xmxt8.cloudfront.net\/13\/2026\/08\/profimedia-1128936209.webp","datePublished":"2026-08-29T08:34:51+00:00","dateModified":"2026-08-29T08:35:02+00:00","author":{"@id":"https:\/\/www.welovecycling.com\/cs\/#\/schema\/person\/d9eeb0a378f3a7e4a6d12d2b536b04b8"},"description":"Triumf, kter\u00fd sledoval cel\u00fd sv\u011bt. A Mathieu van der Poel o n\u011bm snil cel\u00fd rok. V\u00edt\u011bzstv\u00ed na Champs-\u00c9lys\u00e9es v Pa\u0159\u00ed\u017ei v z\u00e1v\u011bre\u010dn\u00e9 etap\u011b Tour de France po spektakul\u00e1rn\u00edm p\u0159edstaven\u00ed p\u0159idalo dal\u0161\u00ed d\u00edlek do cyklistick\u00e9 nesmrtelnosti nizozemsk\u00e9ho fenomen\u00e1ln\u00edho jezdce. Dvan\u00e1ct m\u011bs\u00edc\u016f \u010dekal borec t\u00fdmu Alpecin PremierTech na druhou \u0161anci i v sedle horsk\u00e9ho kola. Ve Val di Sole na mistrovstv\u00ed sv\u011bta sn\u00ed o zkompletov\u00e1n\u00ed sb\u00edrky duhov\u00fdch dres\u016f, kter\u00e9 u\u017e m\u00e1 ze t\u0159\u00ed dal\u0161\u00edch discipl\u00edn.","inLanguage":"cs","potentialAction":[{"@type":"ReadAction","target":["https:\/\/www.welovecycling.com\/cs\/2026\/08\/29\/miri-za-nesmrtelnosti-zkompletuje-kral-parize-van-der-poel-duhovou-sbirku\/"]}]},{"@type":"ImageObject","inLanguage":"cs","@id":"https:\/\/www.welovecycling.com\/cs\/2026\/08\/29\/miri-za-nesmrtelnosti-zkompletuje-kral-parize-van-der-poel-duhovou-sbirku\/#primaryimage","url":"https:\/\/d2p6e6u75xmxt8.cloudfront.net\/13\/2026\/08\/profimedia-1128936209.webp","contentUrl":"https:\/\/d2p6e6u75xmxt8.cloudfront.net\/13\/2026\/08\/profimedia-1128936209.webp","width":1800,"height":1200,"caption":"Mathieu van der Poel Val di Sole"},{"@type":"WebSite","@id":"https:\/\/www.welovecycling.com\/cs\/#website","url":"https:\/\/www.welovecycling.com\/cs\/","name":"\u0160koda We Love Cycling - \u010cesk\u00e1 republika","description":"WeLoveCycling.cz je online magaz\u00edn, kter\u00fd v\u00e1m pravideln\u011b p\u0159in\u00e1\u0161\u00ed rady a tipy, zaj\u00edmav\u00e9 \u010dl\u00e1nky, videa a jedine\u010dn\u00e9 report\u00e1\u017ee ze sv\u011bta cyklistiky.","potentialAction":[{"@type":"SearchAction","target":{"@type":"EntryPoint","urlTemplate":"https:\/\/www.welovecycling.com\/cs\/?s={search_term_string}"},"query-input":{"@type":"PropertyValueSpecification","valueRequired":true,"valueName":"search_term_string"}}],"inLanguage":"cs"},{"@type":"Person","@id":"https:\/\/www.welovecycling.com\/cs\/#\/schema\/person\/d9eeb0a378f3a7e4a6d12d2b536b04b8","name":"radekmalina","image":{"@type":"ImageObject","inLanguage":"cs","@id":"https:\/\/www.welovecycling.com\/cs\/#\/schema\/person\/image\/","url":"https:\/\/secure.gravatar.com\/avatar\/66994b632cb8c39a46b9f54afa3ae07201b678d32a54275b6f1c9ffec356bfc0?s=96&d=mm&r=g","contentUrl":"https:\/\/secure.gravatar.com\/avatar\/66994b632cb8c39a46b9f54afa3ae07201b678d32a54275b6f1c9ffec356bfc0?s=96&d=mm&r=g","caption":"radekmalina"},"url":"https:\/\/www.welovecycling.com\/cs\/author\/radekmalina\/"}]}},"_links":{"self":[{"href":"https:\/\/www.welovecycling.com\/cs\/wp-json\/wp\/v2\/posts\/35266","targetHints":{"allow":["GET"]}}],"collection":[{"href":"https:\/\/www.welovecycling.com\/cs\/wp-json\/wp\/v2\/posts"}],"about":[{"href":"https:\/\/www.welovecycling.com\/cs\/wp-json\/wp\/v2\/types\/post"}],"author":[{"embeddable":true,"href":"https:\/\/www.welovecycling.com\/cs\/wp-json\/wp\/v2\/users\/138"}],"replies":[{"embeddable":true,"href":"https:\/\/www.welovecycling.com\/cs\/wp-json\/wp\/v2\/comments?post=35266"}],"version-history":[{"count":2,"href":"https:\/\/www.welovecycling.com\/cs\/wp-json\/wp\/v2\/posts\/35266\/revisions"}],"predecessor-version":[{"id":35270,"href":"https:\/\/www.welovecycling.com\/cs\/wp-json\/wp\/v2\/posts\/35266\/revisions\/35270"}],"wp:featuredmedia":[{"embeddable":true,"href":"https:\/\/www.welovecycling.com\/cs\/wp-json\/wp\/v2\/media\/35268"}],"wp:attachment":[{"href":"https:\/\/www.welovecycling.com\/cs\/wp-json\/wp\/v2\/media?parent=35266"}],"wp:term":[{"taxonomy":"category","embeddable":true,"href":"https:\/\/www.welovecycling.com\/cs\/wp-json\/wp\/v2\/categories?post=35266"},{"taxonomy":"post_tag","embeddable":true,"href":"https:\/\/www.welovecycling.com\/cs\/wp-json\/wp\/v2\/tags?post=35266"},{"taxonomy":"global-categories","embeddable":true,"href":"https:\/\/www.welovecycling.com\/cs\/wp-json\/wp\/v2\/global-categories?post=35266"}],"curies":[{"name":"wp","href":"https:\/\/api.w.org\/{rel}","templated":true}]}}