{"id":35257,"date":"2026-08-28T09:25:59","date_gmt":"2026-08-28T07:25:59","guid":{"rendered":"https:\/\/www.welovecycling.com\/cs\/?p=35257"},"modified":"2026-08-28T09:25:59","modified_gmt":"2026-08-28T07:25:59","slug":"konec-prazdnin-bez-paniky-nejhorsi-chvile-na-hrdinstvi","status":"publish","type":"post","link":"https:\/\/www.welovecycling.com\/cs\/2026\/08\/28\/konec-prazdnin-bez-paniky-nejhorsi-chvile-na-hrdinstvi\/","title":{"rendered":"Konec pr\u00e1zdnin bez paniky!? Nejhor\u0161\u00ed chv\u00edle na hrdinstv\u00ed"},"content":{"rendered":"<p><strong>Na za\u010d\u00e1tku l\u00e9ta to vypadalo jednodu\u0161e. V\u00edce \u010dasu, del\u0161\u00ed dny, jasn\u00fd pl\u00e1n: najedu, co se d\u00e1. Posunu se. Vybuduju formu, kterou na ja\u0159e ne\u0161lo stihnout. Jen\u017ee realita b\u00fdv\u00e1 jin\u00e1. Dovolen\u00e9, vedro, \u00fanava, rodina, pr\u00e1ce\u2026 a kilometry nenaskakuj\u00ed tak, jak jsme si vysnili. A najednou je tu posledn\u00ed pr\u00e1zdninov\u00fd v\u00edkend. Tich\u00fd tlak. Pocit \u201ete\u010f, nebo nikdy\u201c.<\/strong><\/p>\n<p>Mnoho hobby cyklist\u016f v z\u00e1v\u011bru pr\u00e1zdnin chv\u00edli sah\u00e1 po zkratce. Dlouh\u00e9 \u0161vihy, minim\u00e1ln\u00ed regenerace, snaha dohnat dva m\u011bs\u00edce b\u011bhem p\u00e1r dn\u00ed. Jen\u017ee t\u011blo nefunguje jako excelov\u00e1 tabulka. Kilometry se nedaj\u00ed zp\u011btn\u011b dopo\u010d\u00edtat. A forma u\u017e v\u016fbec ne.<\/p>\n<h2><strong>Ego vs. realita<\/strong><\/h2>\n<p>Na prvn\u00ed pohled to d\u00e1v\u00e1 smysl. P\u0159id\u00e1m objem, zatla\u010d\u00edm na pilu, n\u011bco z toho p\u0159ece mus\u00ed z\u016fstat. Jen\u017ee fyziologie mluv\u00ed jasn\u011b: adaptace pot\u0159ebuje \u010das. To, co natr\u00e9nujete dnes, se projev\u00ed za mnoho dn\u016f a\u017e t\u00fddn\u016f. Nikoliv z\u00edtra.<\/p>\n<p>M\u00edsto v\u00fdkonnostn\u00edho skoku tak \u010dasto p\u0159ijde jen kumulovan\u00e1 \u00fanava, ztr\u00e1ta chuti jezdit, vy\u0161\u0161\u00ed riziko zran\u011bn\u00ed nebo nemoci. A paradoxn\u011b i hor\u0161\u00ed v\u00fdkon v n\u00e1sleduj\u00edc\u00edch t\u00fddnech.<\/p>\n<div class=\"shortcode-ys-post-pinup\"><article class=\"loop-simple post-35001 post type-post status-publish format-standard has-post-thumbnail hentry category-zdravi-a-trenink tag-cyklistika tag-gravel tag-horska-cyklistika tag-silnicni-cyklistika tag-solo-jizda tag-trenink global-categories-cycling\" data-postid=\"35001\" role=\"article\" data-post-id=\"35001\" data-word-count=\"348\" data-headline-length=\"38\" data-category=\"Zdrav\u00ed a tr\u00e9nink\" data-global-category=\"Cycling\" data-author=\"Radek Malina\" data-published=\"2026-08-05T16:00:29+02:00\" data-published-day=\"Wednesday\">\n    <div class=\"entry-thumbnail article-thumbnail\" content=\"https:\/\/d2p6e6u75xmxt8.cloudfront.net\/13\/2026\/08\/black02w-150x150.webp\"><a href=\"https:\/\/www.welovecycling.com\/cs\/2026\/08\/05\/jak-se-zlepsit-kdyz-jezdite-solo\/\" class=\"image-holder\" target=\"_self\"><img decoding=\"async\" loading=\"lazy\" class=\"\" src=\"https:\/\/d2p6e6u75xmxt8.cloudfront.net\/13\/2026\/08\/black02w-1024x609.webp\" srcset=\"https:\/\/d2p6e6u75xmxt8.cloudfront.net\/13\/2026\/08\/black02w-scaled.webp 2560w, https:\/\/d2p6e6u75xmxt8.cloudfront.net\/13\/2026\/08\/black02w-300x178.webp 300w, https:\/\/d2p6e6u75xmxt8.cloudfront.net\/13\/2026\/08\/black02w-1024x609.webp 1024w, https:\/\/d2p6e6u75xmxt8.cloudfront.net\/13\/2026\/08\/black02w-768x457.webp 768w, https:\/\/d2p6e6u75xmxt8.cloudfront.net\/13\/2026\/08\/black02w-1536x914.webp 1536w, https:\/\/d2p6e6u75xmxt8.cloudfront.net\/13\/2026\/08\/black02w-2048x1219.webp 2048w, https:\/\/d2p6e6u75xmxt8.cloudfront.net\/13\/2026\/08\/black02w-1920x1142.webp 1920w, https:\/\/d2p6e6u75xmxt8.cloudfront.net\/13\/2026\/08\/black02w-400x238.webp 400w, https:\/\/d2p6e6u75xmxt8.cloudfront.net\/13\/2026\/08\/black02w-1920x1142.webp 1920w\" width=\"1024\" height=\"609\" sizes=\"auto, (min-width: 1200px) 336px, (min-width: 768px) 28vw, 100vw\" alt=\"jak-se-zlepsit-kdyz-jezdite-solo\"\/><\/a><\/div>    <div class=\"entry-meta\">\n        <a class=\"label label-secondary post-category\" href=\"https:\/\/www.welovecycling.com\/cs\/category\/zdravi-a-trenink\/\" title=\"Zdrav\u00ed a tr\u00e9nink\">Zdrav\u00ed a tr\u00e9nink<\/a>\n    <\/div>\n    <div class=\"entry-details\">\n        <a href=\"https:\/\/www.welovecycling.com\/cs\/2026\/08\/05\/jak-se-zlepsit-kdyz-jezdite-solo\/\" class='entry-title-wrapper'>\n            <h3 class=\"entry-title\"><span>Jak se zlep\u0161it, kdy\u017e jezd\u00edte s\u00f3lo?<\/span><\/h3>\n        <\/a>\n    <\/div>\n    <\/article>\n<\/div>\n<p>Na konci l\u00e9ta u\u017e v\u011bt\u0161inou nehon\u00edte jen kilometry. Hon\u00edte vlastn\u00ed o\u010dek\u00e1v\u00e1n\u00ed. To, co jste si sl\u00edbili. A mo\u017en\u00e1 i to, co jste \u201euk\u00e1zali\u201c na Strav\u011b na ja\u0159e.<\/p>\n<p>Jen\u017ee cyklistika nen\u00ed o dokonal\u00e9m pl\u00e1nu. Je o dlouhodob\u00e9 kontinuit\u011b. P\u0159iznat si, \u017ee l\u00e9to nevy\u0161lo podle p\u0159edstav, nen\u00ed slabost. Je to z\u00e1klad, na kter\u00e9m m\u016f\u017eete stav\u011bt d\u00e1l. M\u00edsto snahy v\u0161echno dohnat zkuste zm\u011bnit optiku. Konec pr\u00e1zdnin nen\u00ed fini\u0161 Tour de France. Je to p\u0159echodov\u00e1 f\u00e1ze.<\/p>\n<p><a href=\"https:\/\/d2p6e6u75xmxt8.cloudfront.net\/13\/2026\/08\/profimedia-1018421988.webp\"><img loading=\"lazy\" decoding=\"async\" class=\"alignnone size-full wp-image-35259\" src=\"https:\/\/d2p6e6u75xmxt8.cloudfront.net\/13\/2026\/08\/profimedia-1018421988.webp\" alt=\"\" width=\"1800\" height=\"1350\" srcset=\"https:\/\/d2p6e6u75xmxt8.cloudfront.net\/13\/2026\/08\/profimedia-1018421988.webp 1800w, https:\/\/d2p6e6u75xmxt8.cloudfront.net\/13\/2026\/08\/profimedia-1018421988-300x225.webp 300w, https:\/\/d2p6e6u75xmxt8.cloudfront.net\/13\/2026\/08\/profimedia-1018421988-1024x768.webp 1024w, https:\/\/d2p6e6u75xmxt8.cloudfront.net\/13\/2026\/08\/profimedia-1018421988-768x576.webp 768w, https:\/\/d2p6e6u75xmxt8.cloudfront.net\/13\/2026\/08\/profimedia-1018421988-1536x1152.webp 1536w, https:\/\/d2p6e6u75xmxt8.cloudfront.net\/13\/2026\/08\/profimedia-1018421988-400x300.webp 400w\" sizes=\"auto, (max-width: 1800px) 100vw, 1800px\" \/><\/a><\/p>\n<p>Funguje p\u00e1r jednoduch\u00fdch princip\u016f. Neho\u0148te objem, ale kvalitu. M\u00edsto p\u011btihodinov\u00e9ho tr\u00e1pen\u00ed dejte krat\u0161\u00ed, svi\u017en\u011bj\u0161\u00ed j\u00edzdu. T\u011blo dostane impuls, ale nezni\u010d\u00edte se.<\/p>\n<p>Hl\u00eddejte \u00fanavu. Pokud se r\u00e1no c\u00edt\u00edte t\u011b\u017ec\u00ed je\u0161t\u011b p\u0159ed prvn\u00ed k\u00e1vou, nen\u00ed to den na hrdinstv\u00ed. Regenerace je v tuhle chv\u00edli tr\u00e9nink.<\/p>\n<h2><strong>Aby nejlep\u0161\u00ed kilometry teprve p\u0159i\u0161ly&#8230;<\/strong><\/h2>\n<p>Uzav\u0159ete l\u00e9to realisticky. Ne\u0159e\u0161te, kolik jste toho nestihli najet. Ale co v\u00e1m daly kilometry, kter\u00e9 jste zvl\u00e1dli. nepravideln\u00fd tr\u00e9nink m\u00e1 ur\u010ditou hodnotu.<\/p>\n<p>Myslete na podzim. Kdy\u017e se te\u010f strhnete a p\u0159eto\u010d\u00edte z\u00e1vit, budete se dlouho vzpamatov\u00e1vat. P\u0159itom z\u00e1\u0159ijov\u00e1 a \u0159\u00edjnov\u00e1 forma se rod\u00ed pr\u00e1v\u011b te\u010f. Ne v jednom v\u00edkendu, ale v chytr\u00e9m d\u00e1vkov\u00e1n\u00ed.<\/p>\n<p>M\u011bjte z cyklistiky radost, nedost\u00e1vejte se pod tlak. Mo\u017en\u00e1 to zn\u00ed ban\u00e1ln\u011b, ale pr\u00e1v\u011b te\u010f se rozhoduje, jestli v\u00e1s kolo bude d\u00e1l bavit. Sezona nekon\u010d\u00ed. Jen se m\u011bn\u00ed.<\/p>\n<div class=\"shortcode-ys-post-pinup\"><article class=\"loop-simple post-35170 post type-post status-publish format-standard has-post-thumbnail hentry category-https-www-welovecycling-com-cs-category-zabava tag-cyklisticke-tresty tag-cyklistika tag-silnicni-cyklistika tag-trestni-zakonik global-categories-cycling\" data-postid=\"35170\" role=\"article\" data-post-id=\"35170\" data-word-count=\"333\" data-headline-length=\"83\" data-category=\"Z\u00c1BAVA\" data-global-category=\"Cycling\" data-author=\"We Love Cycling\" data-published=\"2026-08-20T06:20:28+02:00\" data-published-day=\"Thursday\">\n    <div class=\"entry-thumbnail article-thumbnail\" content=\"https:\/\/d2p6e6u75xmxt8.cloudfront.net\/13\/2026\/08\/20260805TDFFAZ1065-A.S.O.-Billy_Ceusters-150x150.webp\"><a href=\"https:\/\/www.welovecycling.com\/cs\/2026\/08\/20\/trestni-zakonik-ceskeho-cyklisty-za-co-by-vas-klidne-mohli-zabasnout\/\" class=\"image-holder\" target=\"_self\"><img decoding=\"async\" loading=\"lazy\" class=\"\" src=\"https:\/\/d2p6e6u75xmxt8.cloudfront.net\/13\/2026\/08\/20260805TDFFAZ1065-A.S.O.-Billy_Ceusters-1024x683.webp\" srcset=\"https:\/\/d2p6e6u75xmxt8.cloudfront.net\/13\/2026\/08\/20260805TDFFAZ1065-A.S.O.-Billy_Ceusters.webp 1680w, https:\/\/d2p6e6u75xmxt8.cloudfront.net\/13\/2026\/08\/20260805TDFFAZ1065-A.S.O.-Billy_Ceusters-300x200.webp 300w, https:\/\/d2p6e6u75xmxt8.cloudfront.net\/13\/2026\/08\/20260805TDFFAZ1065-A.S.O.-Billy_Ceusters-1024x683.webp 1024w, https:\/\/d2p6e6u75xmxt8.cloudfront.net\/13\/2026\/08\/20260805TDFFAZ1065-A.S.O.-Billy_Ceusters-768x512.webp 768w, https:\/\/d2p6e6u75xmxt8.cloudfront.net\/13\/2026\/08\/20260805TDFFAZ1065-A.S.O.-Billy_Ceusters-1536x1024.webp 1536w, https:\/\/d2p6e6u75xmxt8.cloudfront.net\/13\/2026\/08\/20260805TDFFAZ1065-A.S.O.-Billy_Ceusters-400x267.webp 400w, https:\/\/d2p6e6u75xmxt8.cloudfront.net\/13\/2026\/08\/20260805TDFFAZ1065-A.S.O.-Billy_Ceusters-272x182.webp 272w\" width=\"1024\" height=\"683\" sizes=\"auto, (min-width: 1200px) 300px, (min-width: 768px) 25vw, 100vw\" alt=\"trestni-zakonik-ceskeho-cyklisty-za-co-by-vas-klidne-mohli-zabasnout\"\/><\/a><\/div>    <div class=\"entry-meta\">\n        <a class=\"label label-secondary post-category\" href=\"https:\/\/www.welovecycling.com\/cs\/category\/https-www-welovecycling-com-cs-category-zabava\/\" title=\"Z\u00c1BAVA\">Z\u00c1BAVA<\/a>\n    <\/div>\n    <div class=\"entry-details\">\n        <a href=\"https:\/\/www.welovecycling.com\/cs\/2026\/08\/20\/trestni-zakonik-ceskeho-cyklisty-za-co-by-vas-klidne-mohli-zabasnout\/\" class='entry-title-wrapper'>\n            <h3 class=\"entry-title\"><span>Trestn\u00ed z\u00e1kon\u00edk \u010desk\u00e9ho cyklisty: za co by v\u00e1s klidn\u011b mohli \u201ezab\u00e1snout\u201c<\/span><\/h3>\n        <\/a>\n    <\/div>\n    <\/article>\n<\/div>\n<p>Nejv\u011bt\u0161\u00ed omylem posledn\u00edho <a href=\"https:\/\/www.welovecycling.com\/cs\/2024\/08\/06\/syndrom-pretrenovani-jak-ho-poznat-a-vyhnout-se-mu\/\">pr\u00e1zdninov\u00e9ho v\u00edkendu<\/a> je vn\u00edm\u00e1n\u00ed my\u0161lenka na promarn\u011bn\u00fd \u010das. Ve skute\u010dnosti je to ide\u00e1ln\u00ed moment srovnat si hlavu i tr\u00e9nink. Bez stresu, bez p\u0159ep\u00e1len\u00fdch ambic\u00ed.<\/p>\n<p>Forma se nebuduje v panice. Buduje se v klidu a v rytmu, kter\u00fd d\u00e1v\u00e1 smysl. Tak\u017ee pokud v\u00e1s l\u00e1k\u00e1 posledn\u00ed v\u00edkend \u201eto urvat\u201c, zkuste to tentokr\u00e1t jinak. Nezrychlovat. Zpomalit. A paradoxn\u011b t\u00edm ud\u011blat v\u00edc pro to, aby va\u0161e nejlep\u0161\u00ed kilometry teprve p\u0159i\u0161ly.<\/p>\n","protected":false},"excerpt":{"rendered":"<p>Na za\u010d\u00e1tku l\u00e9ta to vypadalo jednodu\u0161e. V\u00edce \u010dasu, del\u0161\u00ed dny, jasn\u00fd pl\u00e1n: najedu, co se d\u00e1. Posunu se. Vybuduju formu, [&hellip;]<\/p>\n","protected":false},"author":138,"featured_media":35258,"comment_status":"open","ping_status":"open","sticky":false,"template":"","format":"standard","meta":{"footnotes":""},"categories":[6],"tags":[126,4789,4790,9,67],"global-categories":[411],"class_list":["post-35257","post","type-post","status-publish","format-standard","has-post-thumbnail","hentry","category-zdravi-a-trenink","tag-cyklistika","tag-kilometry","tag-prazdninova-cyklistika","tag-silnicni-cyklistika","tag-zdravi-a-trenink","global-categories-cycling"],"yoast_head":"<!-- This site is optimized with the Yoast SEO Premium plugin v25.3 (Yoast SEO v25.9) - https:\/\/yoast.com\/wordpress\/plugins\/seo\/ -->\n<title>Konec pr\u00e1zdnin bez paniky!? Nejhor\u0161\u00ed chv\u00edle na hrdinstv\u00ed | \u0160koda We Love Cycling - \u010cesk\u00e1 republika<\/title>\n<meta name=\"description\" content=\"Na za\u010d\u00e1tku l\u00e9ta to vypadalo jednodu\u0161e. V\u00edce \u010dasu, del\u0161\u00ed dny, jasn\u00fd pl\u00e1n: najedu, co se d\u00e1. Posunu se. Vybuduju formu, kterou na ja\u0159e ne\u0161lo stihnout. Jen\u017ee realita b\u00fdv\u00e1 jin\u00e1. Dovolen\u00e9, vedro, \u00fanava, rodina, pr\u00e1ce\u2026 a kilometry nenaskakuj\u00ed tak, jak jsme si vysnili. A najednou je tu posledn\u00ed pr\u00e1zdninov\u00fd v\u00edkend. Tich\u00fd tlak. Pocit \u201ete\u010f, nebo nikdy\u201c.\" \/>\n<meta name=\"robots\" content=\"index, follow, max-snippet:-1, max-image-preview:large, max-video-preview:-1\" \/>\n<link rel=\"canonical\" href=\"https:\/\/www.welovecycling.com\/cs\/2026\/08\/28\/konec-prazdnin-bez-paniky-nejhorsi-chvile-na-hrdinstvi\/\" \/>\n<meta property=\"og:locale\" content=\"cs_CZ\" \/>\n<meta property=\"og:type\" content=\"article\" \/>\n<meta property=\"og:title\" content=\"Konec pr\u00e1zdnin bez paniky!? Nejhor\u0161\u00ed chv\u00edle na hrdinstv\u00ed\" \/>\n<meta property=\"og:description\" content=\"Na za\u010d\u00e1tku l\u00e9ta to vypadalo jednodu\u0161e. V\u00edce \u010dasu, del\u0161\u00ed dny, jasn\u00fd pl\u00e1n: najedu, co se d\u00e1. Posunu se. Vybuduju formu, kterou na ja\u0159e ne\u0161lo stihnout. Jen\u017ee realita b\u00fdv\u00e1 jin\u00e1. Dovolen\u00e9, vedro, \u00fanava, rodina, pr\u00e1ce\u2026 a kilometry nenaskakuj\u00ed tak, jak jsme si vysnili. A najednou je tu posledn\u00ed pr\u00e1zdninov\u00fd v\u00edkend. Tich\u00fd tlak. Pocit \u201ete\u010f, nebo nikdy\u201c.\" \/>\n<meta property=\"og:url\" content=\"https:\/\/www.welovecycling.com\/cs\/2026\/08\/28\/konec-prazdnin-bez-paniky-nejhorsi-chvile-na-hrdinstvi\/\" \/>\n<meta property=\"og:site_name\" content=\"\u0160koda We Love Cycling - \u010cesk\u00e1 republika\" \/>\n<meta property=\"article:published_time\" content=\"2026-08-28T07:25:59+00:00\" \/>\n<meta property=\"og:image\" content=\"https:\/\/d2p6e6u75xmxt8.cloudfront.net\/13\/2026\/08\/profimedia-0999304658.webp\" \/>\n\t<meta property=\"og:image:width\" content=\"1800\" \/>\n\t<meta property=\"og:image:height\" content=\"1200\" \/>\n\t<meta property=\"og:image:type\" content=\"image\/webp\" \/>\n<meta name=\"author\" content=\"radekmalina\" \/>\n<meta name=\"twitter:card\" content=\"summary_large_image\" \/>\n<meta name=\"twitter:label1\" content=\"Written by\" \/>\n\t<meta name=\"twitter:data1\" content=\"We Love Cycling\" \/>\n\t<meta name=\"twitter:label2\" content=\"Est. reading time\" \/>\n\t<meta name=\"twitter:data2\" content=\"6\" \/>\n<script type=\"application\/ld+json\" class=\"yoast-schema-graph\">{\"@context\":\"https:\/\/schema.org\",\"@graph\":[{\"@type\":\"WebPage\",\"@id\":\"https:\/\/www.welovecycling.com\/cs\/2026\/08\/28\/konec-prazdnin-bez-paniky-nejhorsi-chvile-na-hrdinstvi\/\",\"url\":\"https:\/\/www.welovecycling.com\/cs\/2026\/08\/28\/konec-prazdnin-bez-paniky-nejhorsi-chvile-na-hrdinstvi\/\",\"name\":\"Konec pr\u00e1zdnin bez paniky!? Nejhor\u0161\u00ed chv\u00edle na hrdinstv\u00ed | \u0160koda We Love Cycling - \u010cesk\u00e1 republika\",\"isPartOf\":{\"@id\":\"https:\/\/www.welovecycling.com\/cs\/#website\"},\"primaryImageOfPage\":{\"@id\":\"https:\/\/www.welovecycling.com\/cs\/2026\/08\/28\/konec-prazdnin-bez-paniky-nejhorsi-chvile-na-hrdinstvi\/#primaryimage\"},\"image\":{\"@id\":\"https:\/\/www.welovecycling.com\/cs\/2026\/08\/28\/konec-prazdnin-bez-paniky-nejhorsi-chvile-na-hrdinstvi\/#primaryimage\"},\"thumbnailUrl\":\"https:\/\/d2p6e6u75xmxt8.cloudfront.net\/13\/2026\/08\/profimedia-0999304658.webp\",\"datePublished\":\"2026-08-28T07:25:59+00:00\",\"author\":{\"@id\":\"https:\/\/www.welovecycling.com\/cs\/#\/schema\/person\/d9eeb0a378f3a7e4a6d12d2b536b04b8\"},\"description\":\"Na za\u010d\u00e1tku l\u00e9ta to vypadalo jednodu\u0161e. V\u00edce \u010dasu, del\u0161\u00ed dny, jasn\u00fd pl\u00e1n: najedu, co se d\u00e1. Posunu se. Vybuduju formu, kterou na ja\u0159e ne\u0161lo stihnout. Jen\u017ee realita b\u00fdv\u00e1 jin\u00e1. Dovolen\u00e9, vedro, \u00fanava, rodina, pr\u00e1ce\u2026 a kilometry nenaskakuj\u00ed tak, jak jsme si vysnili. A najednou je tu posledn\u00ed pr\u00e1zdninov\u00fd v\u00edkend. Tich\u00fd tlak. Pocit \u201ete\u010f, nebo nikdy\u201c.\",\"inLanguage\":\"cs\",\"potentialAction\":[{\"@type\":\"ReadAction\",\"target\":[\"https:\/\/www.welovecycling.com\/cs\/2026\/08\/28\/konec-prazdnin-bez-paniky-nejhorsi-chvile-na-hrdinstvi\/\"]}]},{\"@type\":\"ImageObject\",\"inLanguage\":\"cs\",\"@id\":\"https:\/\/www.welovecycling.com\/cs\/2026\/08\/28\/konec-prazdnin-bez-paniky-nejhorsi-chvile-na-hrdinstvi\/#primaryimage\",\"url\":\"https:\/\/d2p6e6u75xmxt8.cloudfront.net\/13\/2026\/08\/profimedia-0999304658.webp\",\"contentUrl\":\"https:\/\/d2p6e6u75xmxt8.cloudfront.net\/13\/2026\/08\/profimedia-0999304658.webp\",\"width\":1800,\"height\":1200,\"caption\":\"pr\u00e1zdniny forma kilometry\"},{\"@type\":\"WebSite\",\"@id\":\"https:\/\/www.welovecycling.com\/cs\/#website\",\"url\":\"https:\/\/www.welovecycling.com\/cs\/\",\"name\":\"\u0160koda We Love Cycling - \u010cesk\u00e1 republika\",\"description\":\"WeLoveCycling.cz je online magaz\u00edn, kter\u00fd v\u00e1m pravideln\u011b p\u0159in\u00e1\u0161\u00ed rady a tipy, zaj\u00edmav\u00e9 \u010dl\u00e1nky, videa a jedine\u010dn\u00e9 report\u00e1\u017ee ze sv\u011bta cyklistiky.\",\"potentialAction\":[{\"@type\":\"SearchAction\",\"target\":{\"@type\":\"EntryPoint\",\"urlTemplate\":\"https:\/\/www.welovecycling.com\/cs\/?s={search_term_string}\"},\"query-input\":{\"@type\":\"PropertyValueSpecification\",\"valueRequired\":true,\"valueName\":\"search_term_string\"}}],\"inLanguage\":\"cs\"},{\"@type\":\"Person\",\"@id\":\"https:\/\/www.welovecycling.com\/cs\/#\/schema\/person\/d9eeb0a378f3a7e4a6d12d2b536b04b8\",\"name\":\"radekmalina\",\"image\":{\"@type\":\"ImageObject\",\"inLanguage\":\"cs\",\"@id\":\"https:\/\/www.welovecycling.com\/cs\/#\/schema\/person\/image\/\",\"url\":\"https:\/\/secure.gravatar.com\/avatar\/66994b632cb8c39a46b9f54afa3ae07201b678d32a54275b6f1c9ffec356bfc0?s=96&d=mm&r=g\",\"contentUrl\":\"https:\/\/secure.gravatar.com\/avatar\/66994b632cb8c39a46b9f54afa3ae07201b678d32a54275b6f1c9ffec356bfc0?s=96&d=mm&r=g\",\"caption\":\"radekmalina\"},\"url\":\"https:\/\/www.welovecycling.com\/cs\/author\/radekmalina\/\"}]}<\/script>\n<!-- \/ Yoast SEO Premium plugin. -->","yoast_head_json":{"title":"Konec pr\u00e1zdnin bez paniky!? Nejhor\u0161\u00ed chv\u00edle na hrdinstv\u00ed | \u0160koda We Love Cycling - \u010cesk\u00e1 republika","description":"Na za\u010d\u00e1tku l\u00e9ta to vypadalo jednodu\u0161e. V\u00edce \u010dasu, del\u0161\u00ed dny, jasn\u00fd pl\u00e1n: najedu, co se d\u00e1. Posunu se. Vybuduju formu, kterou na ja\u0159e ne\u0161lo stihnout. Jen\u017ee realita b\u00fdv\u00e1 jin\u00e1. Dovolen\u00e9, vedro, \u00fanava, rodina, pr\u00e1ce\u2026 a kilometry nenaskakuj\u00ed tak, jak jsme si vysnili. A najednou je tu posledn\u00ed pr\u00e1zdninov\u00fd v\u00edkend. Tich\u00fd tlak. Pocit \u201ete\u010f, nebo nikdy\u201c.","robots":{"index":"index","follow":"follow","max-snippet":"max-snippet:-1","max-image-preview":"max-image-preview:large","max-video-preview":"max-video-preview:-1"},"canonical":"https:\/\/www.welovecycling.com\/cs\/2026\/08\/28\/konec-prazdnin-bez-paniky-nejhorsi-chvile-na-hrdinstvi\/","og_locale":"cs_CZ","og_type":"article","og_title":"Konec pr\u00e1zdnin bez paniky!? Nejhor\u0161\u00ed chv\u00edle na hrdinstv\u00ed","og_description":"Na za\u010d\u00e1tku l\u00e9ta to vypadalo jednodu\u0161e. V\u00edce \u010dasu, del\u0161\u00ed dny, jasn\u00fd pl\u00e1n: najedu, co se d\u00e1. Posunu se. Vybuduju formu, kterou na ja\u0159e ne\u0161lo stihnout. Jen\u017ee realita b\u00fdv\u00e1 jin\u00e1. Dovolen\u00e9, vedro, \u00fanava, rodina, pr\u00e1ce\u2026 a kilometry nenaskakuj\u00ed tak, jak jsme si vysnili. A najednou je tu posledn\u00ed pr\u00e1zdninov\u00fd v\u00edkend. Tich\u00fd tlak. Pocit \u201ete\u010f, nebo nikdy\u201c.","og_url":"https:\/\/www.welovecycling.com\/cs\/2026\/08\/28\/konec-prazdnin-bez-paniky-nejhorsi-chvile-na-hrdinstvi\/","og_site_name":"\u0160koda We Love Cycling - \u010cesk\u00e1 republika","article_published_time":"2026-08-28T07:25:59+00:00","og_image":[{"width":1800,"height":1200,"url":"https:\/\/d2p6e6u75xmxt8.cloudfront.net\/13\/2026\/08\/profimedia-0999304658.webp","type":"image\/webp"}],"author":"radekmalina","twitter_card":"summary_large_image","twitter_misc":{"Written by":"We Love Cycling","Est. reading time":"6"},"schema":{"@context":"https:\/\/schema.org","@graph":[{"@type":"WebPage","@id":"https:\/\/www.welovecycling.com\/cs\/2026\/08\/28\/konec-prazdnin-bez-paniky-nejhorsi-chvile-na-hrdinstvi\/","url":"https:\/\/www.welovecycling.com\/cs\/2026\/08\/28\/konec-prazdnin-bez-paniky-nejhorsi-chvile-na-hrdinstvi\/","name":"Konec pr\u00e1zdnin bez paniky!? Nejhor\u0161\u00ed chv\u00edle na hrdinstv\u00ed | \u0160koda We Love Cycling - \u010cesk\u00e1 republika","isPartOf":{"@id":"https:\/\/www.welovecycling.com\/cs\/#website"},"primaryImageOfPage":{"@id":"https:\/\/www.welovecycling.com\/cs\/2026\/08\/28\/konec-prazdnin-bez-paniky-nejhorsi-chvile-na-hrdinstvi\/#primaryimage"},"image":{"@id":"https:\/\/www.welovecycling.com\/cs\/2026\/08\/28\/konec-prazdnin-bez-paniky-nejhorsi-chvile-na-hrdinstvi\/#primaryimage"},"thumbnailUrl":"https:\/\/d2p6e6u75xmxt8.cloudfront.net\/13\/2026\/08\/profimedia-0999304658.webp","datePublished":"2026-08-28T07:25:59+00:00","author":{"@id":"https:\/\/www.welovecycling.com\/cs\/#\/schema\/person\/d9eeb0a378f3a7e4a6d12d2b536b04b8"},"description":"Na za\u010d\u00e1tku l\u00e9ta to vypadalo jednodu\u0161e. V\u00edce \u010dasu, del\u0161\u00ed dny, jasn\u00fd pl\u00e1n: najedu, co se d\u00e1. Posunu se. Vybuduju formu, kterou na ja\u0159e ne\u0161lo stihnout. Jen\u017ee realita b\u00fdv\u00e1 jin\u00e1. Dovolen\u00e9, vedro, \u00fanava, rodina, pr\u00e1ce\u2026 a kilometry nenaskakuj\u00ed tak, jak jsme si vysnili. A najednou je tu posledn\u00ed pr\u00e1zdninov\u00fd v\u00edkend. Tich\u00fd tlak. Pocit \u201ete\u010f, nebo nikdy\u201c.","inLanguage":"cs","potentialAction":[{"@type":"ReadAction","target":["https:\/\/www.welovecycling.com\/cs\/2026\/08\/28\/konec-prazdnin-bez-paniky-nejhorsi-chvile-na-hrdinstvi\/"]}]},{"@type":"ImageObject","inLanguage":"cs","@id":"https:\/\/www.welovecycling.com\/cs\/2026\/08\/28\/konec-prazdnin-bez-paniky-nejhorsi-chvile-na-hrdinstvi\/#primaryimage","url":"https:\/\/d2p6e6u75xmxt8.cloudfront.net\/13\/2026\/08\/profimedia-0999304658.webp","contentUrl":"https:\/\/d2p6e6u75xmxt8.cloudfront.net\/13\/2026\/08\/profimedia-0999304658.webp","width":1800,"height":1200,"caption":"pr\u00e1zdniny forma kilometry"},{"@type":"WebSite","@id":"https:\/\/www.welovecycling.com\/cs\/#website","url":"https:\/\/www.welovecycling.com\/cs\/","name":"\u0160koda We Love Cycling - \u010cesk\u00e1 republika","description":"WeLoveCycling.cz je online magaz\u00edn, kter\u00fd v\u00e1m pravideln\u011b p\u0159in\u00e1\u0161\u00ed rady a tipy, zaj\u00edmav\u00e9 \u010dl\u00e1nky, videa a jedine\u010dn\u00e9 report\u00e1\u017ee ze sv\u011bta cyklistiky.","potentialAction":[{"@type":"SearchAction","target":{"@type":"EntryPoint","urlTemplate":"https:\/\/www.welovecycling.com\/cs\/?s={search_term_string}"},"query-input":{"@type":"PropertyValueSpecification","valueRequired":true,"valueName":"search_term_string"}}],"inLanguage":"cs"},{"@type":"Person","@id":"https:\/\/www.welovecycling.com\/cs\/#\/schema\/person\/d9eeb0a378f3a7e4a6d12d2b536b04b8","name":"radekmalina","image":{"@type":"ImageObject","inLanguage":"cs","@id":"https:\/\/www.welovecycling.com\/cs\/#\/schema\/person\/image\/","url":"https:\/\/secure.gravatar.com\/avatar\/66994b632cb8c39a46b9f54afa3ae07201b678d32a54275b6f1c9ffec356bfc0?s=96&d=mm&r=g","contentUrl":"https:\/\/secure.gravatar.com\/avatar\/66994b632cb8c39a46b9f54afa3ae07201b678d32a54275b6f1c9ffec356bfc0?s=96&d=mm&r=g","caption":"radekmalina"},"url":"https:\/\/www.welovecycling.com\/cs\/author\/radekmalina\/"}]}},"_links":{"self":[{"href":"https:\/\/www.welovecycling.com\/cs\/wp-json\/wp\/v2\/posts\/35257","targetHints":{"allow":["GET"]}}],"collection":[{"href":"https:\/\/www.welovecycling.com\/cs\/wp-json\/wp\/v2\/posts"}],"about":[{"href":"https:\/\/www.welovecycling.com\/cs\/wp-json\/wp\/v2\/types\/post"}],"author":[{"embeddable":true,"href":"https:\/\/www.welovecycling.com\/cs\/wp-json\/wp\/v2\/users\/138"}],"replies":[{"embeddable":true,"href":"https:\/\/www.welovecycling.com\/cs\/wp-json\/wp\/v2\/comments?post=35257"}],"version-history":[{"count":1,"href":"https:\/\/www.welovecycling.com\/cs\/wp-json\/wp\/v2\/posts\/35257\/revisions"}],"predecessor-version":[{"id":35260,"href":"https:\/\/www.welovecycling.com\/cs\/wp-json\/wp\/v2\/posts\/35257\/revisions\/35260"}],"wp:featuredmedia":[{"embeddable":true,"href":"https:\/\/www.welovecycling.com\/cs\/wp-json\/wp\/v2\/media\/35258"}],"wp:attachment":[{"href":"https:\/\/www.welovecycling.com\/cs\/wp-json\/wp\/v2\/media?parent=35257"}],"wp:term":[{"taxonomy":"category","embeddable":true,"href":"https:\/\/www.welovecycling.com\/cs\/wp-json\/wp\/v2\/categories?post=35257"},{"taxonomy":"post_tag","embeddable":true,"href":"https:\/\/www.welovecycling.com\/cs\/wp-json\/wp\/v2\/tags?post=35257"},{"taxonomy":"global-categories","embeddable":true,"href":"https:\/\/www.welovecycling.com\/cs\/wp-json\/wp\/v2\/global-categories?post=35257"}],"curies":[{"name":"wp","href":"https:\/\/api.w.org\/{rel}","templated":true}]}}