{"id":35253,"date":"2026-08-27T09:30:40","date_gmt":"2026-08-27T07:30:40","guid":{"rendered":"https:\/\/www.welovecycling.com\/cs\/?p=35253"},"modified":"2026-08-27T08:35:35","modified_gmt":"2026-08-27T06:35:35","slug":"supertymy-lovi-posily-v-cesku","status":"publish","type":"post","link":"https:\/\/www.welovecycling.com\/cs\/2026\/08\/27\/supertymy-lovi-posily-v-cesku\/","title":{"rendered":"Supert\u00fdmy lov\u00ed posily v \u010cesku!"},"content":{"rendered":"<p><strong>Skvostn\u00e9 adresy budou u mnoha jmen \u010desk\u00fdch cyklist\u016f a cyklistek v sezon\u011b 2027! P\u0159estupov\u00fd trh se teprve rozb\u00edh\u00e1, ale supert\u00fdmy sv\u011btov\u00e9ho pelotonu si toti\u017e podle mnoha indici\u00ed vybraly jako posily z\u00e1vodn\u00edky \u010di z\u00e1vodnice, co maj\u00ed \u010desk\u00fd pas.<\/strong><\/p>\n<p>P\u0159ekvapiv\u00e1 p\u0159estupov\u00e1 s\u00e1ga je spojena se jm\u00e9nem \u00fa\u0159aduj\u00edc\u00ed \u010desk\u00e9 \u0161ampionky v \u010dasovce i hromadn\u00e9m z\u00e1vod\u011b. <strong>Julia Kopeck\u00fd<\/strong>, kter\u00e1 p\u0159ede\u0161l\u00e9 dva roky obl\u00e9kala dres SD Worx Protime, m\u00ed\u0159\u00ed podle zahrani\u010dn\u00edch m\u00e9di\u00ed do t\u00fdmu Lidl Trek. Formace s n\u011bmeckou licenc\u00ed, v jej\u00edm\u017e mu\u017esk\u00e9m t\u00fdmu p\u016fsob\u00ed Mathias Vacek, letos vyhr\u00e1la \u010dty\u0159i etapy na italsk\u00e9m Giru. Mezi hlavn\u00ed hv\u011bzdy pat\u0159\u00ed Elisa Balsamo, v\u00edt\u011bzka bodovac\u00ed sout\u011b\u017ee na Giru, Lucinda Brand nebo Niamh Fisher-Black.<\/p>\n<p>Velk\u00e9 zm\u011bny \u010dekaj\u00ed i dal\u0161\u00ed dv\u011b talentovan\u00e9 \u010desk\u00e9 z\u00e1vodnice. Dvaadvacetilet\u00e1 <strong>Krist\u00fdna Zemanov\u00e1<\/strong>, jej\u00ed\u017e dominantou dosud byl cyklokros, pat\u0159\u00ed na soupisku \u010desk\u00e9ho kontinent\u00e1ln\u00edho t\u00fdmu VIF Cycling. V minulosti byla p\u011btkr\u00e1t \u0161ampionkou republiky v cyklokrosu, m\u00e1 medaile z mistrovstv\u00ed sv\u011bta v kategorii do 23 let. Dvakr\u00e1t vyhr\u00e1la mistrovstv\u00ed republiky v gravelu. A te\u010f se m\u00e1 st\u00e1t posilou sestavy Canyon SRAM.<\/p>\n<figure id=\"attachment_24750\" aria-describedby=\"caption-attachment-24750\" style=\"width: 1920px\" class=\"wp-caption alignnone\"><a href=\"https:\/\/d2p6e6u75xmxt8.cloudfront.net\/13\/2024\/02\/036_20240204_JSvoboda_Tabor-1-scaled.webp\"><img loading=\"lazy\" decoding=\"async\" class=\"size-extra-large wp-image-24750\" src=\"https:\/\/d2p6e6u75xmxt8.cloudfront.net\/13\/2024\/02\/036_20240204_JSvoboda_Tabor-1-1920x1280.webp\" alt=\"\" width=\"1920\" height=\"1280\" srcset=\"https:\/\/d2p6e6u75xmxt8.cloudfront.net\/13\/2024\/02\/036_20240204_JSvoboda_Tabor-1-1920x1280.webp 1920w, https:\/\/d2p6e6u75xmxt8.cloudfront.net\/13\/2024\/02\/036_20240204_JSvoboda_Tabor-1-300x200.webp 300w, https:\/\/d2p6e6u75xmxt8.cloudfront.net\/13\/2024\/02\/036_20240204_JSvoboda_Tabor-1-1024x683.webp 1024w, https:\/\/d2p6e6u75xmxt8.cloudfront.net\/13\/2024\/02\/036_20240204_JSvoboda_Tabor-1-768x512.webp 768w, https:\/\/d2p6e6u75xmxt8.cloudfront.net\/13\/2024\/02\/036_20240204_JSvoboda_Tabor-1-1536x1024.webp 1536w, https:\/\/d2p6e6u75xmxt8.cloudfront.net\/13\/2024\/02\/036_20240204_JSvoboda_Tabor-1-2048x1365.webp 2048w, https:\/\/d2p6e6u75xmxt8.cloudfront.net\/13\/2024\/02\/036_20240204_JSvoboda_Tabor-1-400x267.webp 400w, https:\/\/d2p6e6u75xmxt8.cloudfront.net\/13\/2024\/02\/036_20240204_JSvoboda_Tabor-1-272x182.webp 272w, https:\/\/d2p6e6u75xmxt8.cloudfront.net\/13\/2024\/02\/036_20240204_JSvoboda_Tabor-1-1920x1280.webp 1920w\" sizes=\"auto, (max-width: 1920px) 100vw, 1920px\" \/><\/a><figcaption id=\"caption-attachment-24750\" class=\"wp-caption-text\"><em>Krist\u00fdna Zemanov\u00e1 se st\u0159\u00edbrnou medail\u00ed z MS v cyklokrosu.<\/em><\/figcaption><\/figure>\n<p>Stejn\u00fd trikot by m\u011bla obl\u00e9kat <strong>Barbora Bukovsk\u00e1<\/strong>. Univerz\u00e1ln\u00ed juniorka sb\u00edr\u00e1 medaile v cyklokrosu i na horsk\u00fdch kolech. Letos vybojovala zlato na mistrovstv\u00ed sv\u011bta v cyklokrosu, py\u0161n\u00ed se titulem evropsk\u00e9 \u0161ampionky v krosu, byla bronzov\u00e1 na mistrovstv\u00ed sv\u011bta i Evropy horsk\u00fdch kol v cross country. A tak nen\u00ed divu, \u017ee kolem sedmn\u00e1ctilet\u00e9 z\u00e1vodnice krou\u017eily supert\u00fdmy \u017eensk\u00e9ho pelotonu.<\/p>\n<div class=\"shortcode-ys-post-pinup\"><article class=\"loop-simple post-32252 post type-post status-publish format-standard has-post-thumbnail hentry category-cyklistika tag-barbora-bukovska tag-cyklistika tag-cyklokros tag-horska-cyklistika tag-kral-cyklistiky-2025 global-categories-cycling\" data-postid=\"32252\" role=\"article\" data-post-id=\"32252\" data-word-count=\"403\" data-headline-length=\"52\" data-category=\"Cyklistika\" data-global-category=\"Cycling\" data-author=\"We Love Cycling\" data-published=\"2026-01-14T17:00:09+02:00\" data-published-day=\"Wednesday\">\n    <div class=\"entry-thumbnail article-thumbnail\" content=\"https:\/\/d2p6e6u75xmxt8.cloudfront.net\/13\/2026\/01\/bukovska-foto-2-150x150.webp\"><a href=\"https:\/\/www.welovecycling.com\/cs\/2026\/01\/14\/barbora-bukovska-mozna-jednou-prejdu-na-silnici\/\" class=\"image-holder\" target=\"_self\"><img decoding=\"async\" loading=\"lazy\" class=\"\" src=\"https:\/\/d2p6e6u75xmxt8.cloudfront.net\/13\/2026\/01\/bukovska-foto-2-1024x683.webp\" srcset=\"https:\/\/d2p6e6u75xmxt8.cloudfront.net\/13\/2026\/01\/bukovska-foto-2-scaled.webp 2560w, https:\/\/d2p6e6u75xmxt8.cloudfront.net\/13\/2026\/01\/bukovska-foto-2-300x200.webp 300w, https:\/\/d2p6e6u75xmxt8.cloudfront.net\/13\/2026\/01\/bukovska-foto-2-1024x683.webp 1024w, https:\/\/d2p6e6u75xmxt8.cloudfront.net\/13\/2026\/01\/bukovska-foto-2-768x512.webp 768w, https:\/\/d2p6e6u75xmxt8.cloudfront.net\/13\/2026\/01\/bukovska-foto-2-1536x1025.webp 1536w, https:\/\/d2p6e6u75xmxt8.cloudfront.net\/13\/2026\/01\/bukovska-foto-2-2048x1366.webp 2048w, https:\/\/d2p6e6u75xmxt8.cloudfront.net\/13\/2026\/01\/bukovska-foto-2-1920x1281.webp 1920w, https:\/\/d2p6e6u75xmxt8.cloudfront.net\/13\/2026\/01\/bukovska-foto-2-400x267.webp 400w, https:\/\/d2p6e6u75xmxt8.cloudfront.net\/13\/2026\/01\/bukovska-foto-2-272x182.webp 272w, https:\/\/d2p6e6u75xmxt8.cloudfront.net\/13\/2026\/01\/bukovska-foto-2-1920x1281.webp 1920w\" width=\"1024\" height=\"683\" sizes=\"auto, (min-width: 1200px) 300px, (min-width: 768px) 25vw, 100vw\" alt=\"barbora-bukovska-mozna-jednou-prejdu-na-silnici\"\/><\/a><\/div>    <div class=\"entry-meta\">\n        <a class=\"label label-secondary post-category\" href=\"https:\/\/www.welovecycling.com\/cs\/category\/cyklistika\/\" title=\"Cyklistika\">Cyklistika<\/a>\n    <\/div>\n    <div class=\"entry-details\">\n        <a href=\"https:\/\/www.welovecycling.com\/cs\/2026\/01\/14\/barbora-bukovska-mozna-jednou-prejdu-na-silnici\/\" class='entry-title-wrapper'>\n            <h3 class=\"entry-title\"><span>Barbora Bukovsk\u00e1: Mo\u017en\u00e1 jednou p\u0159ejdu na silnici<\/span><\/h3>\n        <\/a>\n    <\/div>\n    <\/article>\n<\/div>\n<p>V\u00edt\u011bzkou &#8222;z\u00e1vodu&#8220; o slu\u017eby sle\u010dny, co se m\u016f\u017ee chlubit prvenstv\u00edm v anket\u011b Kr\u00e1l cyklistiky, se stala podle zdroj\u016f We Love Cycling formace Canyon-SRAM. Dres n\u011bmeck\u00e9 formace obl\u00e9k\u00e1 kup\u0159\u00edkladu Kasia Niewiadoma, v\u00edt\u011bzka Tour de France 2024 a leto\u0161n\u00ed kr\u00e1lovna etapy s dojezdem na Mont Ventoux, Zoe B\u00e4ckstedt \u010di Antonia Niedermaier.<\/p>\n<p>Budoucnost v pelotonu, alespo\u0148 ofici\u00e1ln\u011b, nem\u00e1 vy\u0159e\u0161enou Nikola Noskov\u00e1, kter\u00e1 posledn\u00ed t\u0159i sezony jezdila za francouzskou sestavu Cofidis, s n\u00ed\u017e dvakr\u00e1t absolvovala Tour de France Femmes.<\/p>\n<h2><strong>Bittner i Otruba budoucnost vy\u0159e\u0161ili<\/strong><\/h2>\n<p><strong>Pavel Bittner<\/strong>, posledn\u00ed \u010desk\u00fd cyklista py\u0161n\u00edc\u00ed se etapov\u00fdm triumfem na Grand Tour, kdy\u017e vyhr\u00e1l v roce 2024 etapu na \u0161pan\u011blsk\u00e9 Vuelt\u011b, m\u00ed\u0159\u00ed do ambici\u00f3zn\u00edho \u0161v\u00fdcarsk\u00e9ho t\u00fdmu Pinarello Q36.5, kde <a href=\"https:\/\/www.welovecycling.com\/cs\/2026\/08\/11\/bittner-a-prestup-snu-dolarovy-miliardar-koupil-ceskou-hvezdu\/\">t\u0159iadvacetilet\u00fd sprinter<\/a> podepsal kontrakt na dva roky. A b\u011bhem nich se rozhodn\u011b formace podporovan\u00e1 podporovan\u00e1 t\u011b\u017eebn\u00edm magn\u00e1tem Ivanem Glasenbergem hodl\u00e1 za\u0159adit mezi supert\u00fdmy.<\/p>\n<p>O dvan\u00e1ct m\u011bs\u00edc\u016f u\u017e prodlou\u017eil smlouvu <strong>Jakub Otruba<\/strong> v Caja Rural Seguros RGA. Osmadvacetilet\u00fd rod\u00e1k z Olomouce v dresu \u0161pan\u011blsk\u00e9 sestavy s licenc\u00ed UCI Pro letos debutoval na Tour de France. &#8222;Domluvili jsme se rychle. Jsem v Caja Rural spokojen\u00fd. Je to pro m\u011b skv\u011bl\u00e1 destinace,&#8220; \u0159\u00edk\u00e1 Otruba.<\/p>\n<figure id=\"attachment_34842\" aria-describedby=\"caption-attachment-34842\" style=\"width: 1800px\" class=\"wp-caption alignnone\"><a href=\"https:\/\/d2p6e6u75xmxt8.cloudfront.net\/13\/2026\/07\/profimedia-1115566071.webp\"><img loading=\"lazy\" decoding=\"async\" class=\"size-full wp-image-34842\" src=\"https:\/\/d2p6e6u75xmxt8.cloudfront.net\/13\/2026\/07\/profimedia-1115566071.webp\" alt=\"\" width=\"1800\" height=\"1200\" srcset=\"https:\/\/d2p6e6u75xmxt8.cloudfront.net\/13\/2026\/07\/profimedia-1115566071.webp 1800w, https:\/\/d2p6e6u75xmxt8.cloudfront.net\/13\/2026\/07\/profimedia-1115566071-300x200.webp 300w, https:\/\/d2p6e6u75xmxt8.cloudfront.net\/13\/2026\/07\/profimedia-1115566071-1024x683.webp 1024w, https:\/\/d2p6e6u75xmxt8.cloudfront.net\/13\/2026\/07\/profimedia-1115566071-768x512.webp 768w, https:\/\/d2p6e6u75xmxt8.cloudfront.net\/13\/2026\/07\/profimedia-1115566071-1536x1024.webp 1536w, https:\/\/d2p6e6u75xmxt8.cloudfront.net\/13\/2026\/07\/profimedia-1115566071-400x267.webp 400w, https:\/\/d2p6e6u75xmxt8.cloudfront.net\/13\/2026\/07\/profimedia-1115566071-272x182.webp 272w\" sizes=\"auto, (max-width: 1800px) 100vw, 1800px\" \/><\/a><figcaption id=\"caption-attachment-34842\" class=\"wp-caption-text\"><em>Jakub Otruba p\u0159i etap\u011b na Tour de France.\u00a0<\/em><\/figcaption><\/figure>\n<p>K velk\u00e9mu p\u0159estupu se \u00fadajn\u011b chyst\u00e1 i <strong>V\u00e1clav Je\u017eek<\/strong>. V prvn\u00ed sezon\u011b na silnici zaujal skvostn\u00fdmi v\u00fdsledky. Vyhr\u00e1l Tour of Hellas, byl prvn\u00ed ve \u0160koda Cupu v \u010cesk\u00e9 Kamenici. P\u0159i z\u00e1vodu Kolem Rakouska byl nejlep\u0161\u00edm ze z\u00e1vodn\u00edk\u016f bez kontraktu ve World Tour a sedm\u00fd v absolutn\u00edm po\u0159ad\u00ed Czech Tour. Pak p\u0159idal triumf ze z\u00e1vodu West Bohemia Tour.<\/p>\n<p>I proto si jej za\u010daly v\u0161\u00edmat supert\u00fdmy, respektive jejich agenti. Veden\u00ed sou\u010dasn\u00e9ho zam\u011bstnavatele &#8211; Kasper crypto4me &#8211; potvrdilo, \u017ee jednadvacetilet\u00fd talent odkojen\u00fd cyklokrosem po sezon\u011b zm\u011bn\u00ed dres. R\u016fzn\u00e9 zdroje uv\u00e1d\u011bj\u00ed, \u017ee borec z Mlad\u00e9 Boleslavi bude novou tv\u00e1\u0159\u00ed UAE Emirates Gen Z. T\u00fdmem, co je z\u00e1lohou formace Tadeje Poga\u010dara, pro\u0161el kup\u0159\u00edkladu Pablo Torres, jen\u017e v elitn\u00ed sestav\u011b UAE Emirates XRG podepsal kontrakt do konce roku 2030, nebo Luca Giaimi, kter\u00fd m\u00e1 smlouvu o dva roky krat\u0161\u00ed.<\/p>\n<div class=\"shortcode-ys-post-pinup\"><article class=\"loop-simple post-35001 post type-post status-publish format-standard has-post-thumbnail hentry category-zdravi-a-trenink tag-cyklistika tag-gravel tag-horska-cyklistika tag-silnicni-cyklistika tag-solo-jizda tag-trenink global-categories-cycling\" data-postid=\"35001\" role=\"article\" data-post-id=\"35001\" data-word-count=\"348\" data-headline-length=\"38\" data-category=\"Zdrav\u00ed a tr\u00e9nink\" data-global-category=\"Cycling\" data-author=\"Radek Malina\" data-published=\"2026-08-05T16:00:29+02:00\" data-published-day=\"Wednesday\">\n    <div class=\"entry-thumbnail article-thumbnail\" content=\"https:\/\/d2p6e6u75xmxt8.cloudfront.net\/13\/2026\/08\/black02w-150x150.webp\"><a href=\"https:\/\/www.welovecycling.com\/cs\/2026\/08\/05\/jak-se-zlepsit-kdyz-jezdite-solo\/\" class=\"image-holder\" target=\"_self\"><img decoding=\"async\" loading=\"lazy\" class=\"\" src=\"https:\/\/d2p6e6u75xmxt8.cloudfront.net\/13\/2026\/08\/black02w-1024x609.webp\" srcset=\"https:\/\/d2p6e6u75xmxt8.cloudfront.net\/13\/2026\/08\/black02w-scaled.webp 2560w, https:\/\/d2p6e6u75xmxt8.cloudfront.net\/13\/2026\/08\/black02w-300x178.webp 300w, https:\/\/d2p6e6u75xmxt8.cloudfront.net\/13\/2026\/08\/black02w-1024x609.webp 1024w, https:\/\/d2p6e6u75xmxt8.cloudfront.net\/13\/2026\/08\/black02w-768x457.webp 768w, https:\/\/d2p6e6u75xmxt8.cloudfront.net\/13\/2026\/08\/black02w-1536x914.webp 1536w, https:\/\/d2p6e6u75xmxt8.cloudfront.net\/13\/2026\/08\/black02w-2048x1219.webp 2048w, https:\/\/d2p6e6u75xmxt8.cloudfront.net\/13\/2026\/08\/black02w-1920x1142.webp 1920w, https:\/\/d2p6e6u75xmxt8.cloudfront.net\/13\/2026\/08\/black02w-400x238.webp 400w, https:\/\/d2p6e6u75xmxt8.cloudfront.net\/13\/2026\/08\/black02w-1920x1142.webp 1920w\" width=\"1024\" height=\"609\" sizes=\"auto, (min-width: 1200px) 336px, (min-width: 768px) 28vw, 100vw\" alt=\"jak-se-zlepsit-kdyz-jezdite-solo\"\/><\/a><\/div>    <div class=\"entry-meta\">\n        <a class=\"label label-secondary post-category\" href=\"https:\/\/www.welovecycling.com\/cs\/category\/zdravi-a-trenink\/\" title=\"Zdrav\u00ed a tr\u00e9nink\">Zdrav\u00ed a tr\u00e9nink<\/a>\n    <\/div>\n    <div class=\"entry-details\">\n        <a href=\"https:\/\/www.welovecycling.com\/cs\/2026\/08\/05\/jak-se-zlepsit-kdyz-jezdite-solo\/\" class='entry-title-wrapper'>\n            <h3 class=\"entry-title\"><span>Jak se zlep\u0161it, kdy\u017e jezd\u00edte s\u00f3lo?<\/span><\/h3>\n        <\/a>\n    <\/div>\n    <\/article>\n<\/div>\n<p>Nejist\u00e1 je zat\u00edm budoucnost<strong> Jana Hirta<\/strong>. P\u011btat\u0159icetilet\u00fd matador pro\u0161el t\u00fdmy CCC Sprandi Polkowice, Astana, Intermarch\u00e9 Wanty Gobert Mat\u00e9riaux, Soudal Quick Step, Israel Premier Tech a nyn\u00ed p\u016fsob\u00ed v NSN Cycling. &#8222;Zat\u00edm nem\u00e1m nic podepsan\u00e9ho. Budu m\u00edt osmn\u00e1ct Grand Tour po leto\u0161n\u00ed Vuelt\u011b. Cht\u011bl bych to dot\u00e1hnout na dvacet. M\u016f\u017ee se st\u00e1t, \u017ee z\u016fstanu v NSN, nebo p\u0159estoup\u00edm. Ale pochopiteln\u011b je ve h\u0159e i varianta, \u017ee skon\u010d\u00edm. P\u0159\u00ed\u0161t\u00ed anga\u017em\u00e1 mus\u00ed d\u00e1vat smysl, prohl\u00e1sil Jan Hirt.<\/p>\n<p>Minim\u00e1ln\u011b v p\u0159\u00ed\u0161t\u00edm roce budou mezi cyklistickou elitou p\u016fsobit Maty\u00e1\u0161 Kopeck\u00fd, Tom\u00e1\u0161 Kopeck\u00fd, Adam \u0164oupal\u00edk (v\u0161ichni Unibet Rose Rockets), Petr Kelemen (Tudor Pro), Mathias Vacek (Lidl-Trek), Pavel Nov\u00e1k (Movistar) a Krist\u00fdna Burlov\u00e1 (Cofidis).<\/p>\n<p><em>Tituln\u00ed foto: Jan Brychta\/West Bohemia Tour<\/em><\/p>\n","protected":false},"excerpt":{"rendered":"<p>Skvostn\u00e9 adresy budou u mnoha jmen \u010desk\u00fdch cyklist\u016f a cyklistek v sezon\u011b 2027! P\u0159estupov\u00fd trh se teprve rozb\u00edh\u00e1, ale supert\u00fdmy [&hellip;]<\/p>\n","protected":false},"author":138,"featured_media":35254,"comment_status":"open","ping_status":"open","sticky":false,"template":"","format":"standard","meta":{"footnotes":""},"categories":[4018],"tags":[4025,2802,126,1867,2026,1676,579,9,4788,2020],"global-categories":[411],"class_list":["post-35253","post","type-post","status-publish","format-standard","has-post-thumbnail","hentry","category-cyklistika","tag-barbora-bukovska","tag-cyklisticke-prestupy","tag-cyklistika","tag-julia-kopecky","tag-kristyna-zemanova","tag-pavel-bittner","tag-prestupy","tag-silnicni-cyklistika","tag-supertymy","tag-vaclav-jezek","global-categories-cycling"],"yoast_head":"<!-- This site is optimized with the Yoast SEO Premium plugin v25.3 (Yoast SEO v25.9) - https:\/\/yoast.com\/wordpress\/plugins\/seo\/ -->\n<title>Supert\u00fdmy lov\u00ed posily v \u010cesku! | \u0160koda We Love Cycling - \u010cesk\u00e1 republika<\/title>\n<meta name=\"description\" content=\"Skvostn\u00e9 adresy budou u mnoha jmen \u010desk\u00fdch cyklist\u016f a cyklistek v sezon\u011b 2027! P\u0159estupov\u00fd trh se teprve rozb\u00edh\u00e1, ale supert\u00fdmy sv\u011btov\u00e9ho pelotonu si toti\u017e podle mnoha indici\u00ed vybraly jako posily z\u00e1vodn\u00edky \u010di z\u00e1vodnice, co maj\u00ed \u010desk\u00fd pas.\" \/>\n<meta name=\"robots\" content=\"index, follow, max-snippet:-1, max-image-preview:large, max-video-preview:-1\" \/>\n<link rel=\"canonical\" href=\"https:\/\/www.welovecycling.com\/cs\/2026\/08\/27\/supertymy-lovi-posily-v-cesku\/\" \/>\n<meta property=\"og:locale\" content=\"cs_CZ\" \/>\n<meta property=\"og:type\" content=\"article\" \/>\n<meta property=\"og:title\" content=\"Supert\u00fdmy lov\u00ed posily v \u010cesku!\" \/>\n<meta property=\"og:description\" content=\"Skvostn\u00e9 adresy budou u mnoha jmen \u010desk\u00fdch cyklist\u016f a cyklistek v sezon\u011b 2027! P\u0159estupov\u00fd trh se teprve rozb\u00edh\u00e1, ale supert\u00fdmy sv\u011btov\u00e9ho pelotonu si toti\u017e podle mnoha indici\u00ed vybraly jako posily z\u00e1vodn\u00edky \u010di z\u00e1vodnice, co maj\u00ed \u010desk\u00fd pas.\" \/>\n<meta property=\"og:url\" content=\"https:\/\/www.welovecycling.com\/cs\/2026\/08\/27\/supertymy-lovi-posily-v-cesku\/\" \/>\n<meta property=\"og:site_name\" content=\"\u0160koda We Love Cycling - \u010cesk\u00e1 republika\" \/>\n<meta property=\"article:published_time\" content=\"2026-08-27T07:30:40+00:00\" \/>\n<meta property=\"og:image\" content=\"https:\/\/d2p6e6u75xmxt8.cloudfront.net\/13\/2026\/08\/BrychtaJan_West_Bohemia_Tour_20260823_141232_BJ5_0487-scaled.webp\" \/>\n\t<meta property=\"og:image:width\" content=\"2560\" \/>\n\t<meta property=\"og:image:height\" content=\"1707\" \/>\n\t<meta property=\"og:image:type\" content=\"image\/webp\" \/>\n<meta name=\"author\" content=\"radekmalina\" \/>\n<meta name=\"twitter:card\" content=\"summary_large_image\" \/>\n<meta name=\"twitter:label1\" content=\"Written by\" \/>\n\t<meta name=\"twitter:data1\" content=\"Radek Malina\" \/>\n\t<meta name=\"twitter:label2\" content=\"Est. reading time\" \/>\n\t<meta name=\"twitter:data2\" content=\"5\" \/>\n<script type=\"application\/ld+json\" class=\"yoast-schema-graph\">{\"@context\":\"https:\/\/schema.org\",\"@graph\":[{\"@type\":\"WebPage\",\"@id\":\"https:\/\/www.welovecycling.com\/cs\/2026\/08\/27\/supertymy-lovi-posily-v-cesku\/\",\"url\":\"https:\/\/www.welovecycling.com\/cs\/2026\/08\/27\/supertymy-lovi-posily-v-cesku\/\",\"name\":\"Supert\u00fdmy lov\u00ed posily v \u010cesku! | \u0160koda We Love Cycling - \u010cesk\u00e1 republika\",\"isPartOf\":{\"@id\":\"https:\/\/www.welovecycling.com\/cs\/#website\"},\"primaryImageOfPage\":{\"@id\":\"https:\/\/www.welovecycling.com\/cs\/2026\/08\/27\/supertymy-lovi-posily-v-cesku\/#primaryimage\"},\"image\":{\"@id\":\"https:\/\/www.welovecycling.com\/cs\/2026\/08\/27\/supertymy-lovi-posily-v-cesku\/#primaryimage\"},\"thumbnailUrl\":\"https:\/\/d2p6e6u75xmxt8.cloudfront.net\/13\/2026\/08\/BrychtaJan_West_Bohemia_Tour_20260823_141232_BJ5_0487-scaled.webp\",\"datePublished\":\"2026-08-27T07:30:40+00:00\",\"author\":{\"@id\":\"https:\/\/www.welovecycling.com\/cs\/#\/schema\/person\/d9eeb0a378f3a7e4a6d12d2b536b04b8\"},\"description\":\"Skvostn\u00e9 adresy budou u mnoha jmen \u010desk\u00fdch cyklist\u016f a cyklistek v sezon\u011b 2027! P\u0159estupov\u00fd trh se teprve rozb\u00edh\u00e1, ale supert\u00fdmy sv\u011btov\u00e9ho pelotonu si toti\u017e podle mnoha indici\u00ed vybraly jako posily z\u00e1vodn\u00edky \u010di z\u00e1vodnice, co maj\u00ed \u010desk\u00fd pas.\",\"inLanguage\":\"cs\",\"potentialAction\":[{\"@type\":\"ReadAction\",\"target\":[\"https:\/\/www.welovecycling.com\/cs\/2026\/08\/27\/supertymy-lovi-posily-v-cesku\/\"]}]},{\"@type\":\"ImageObject\",\"inLanguage\":\"cs\",\"@id\":\"https:\/\/www.welovecycling.com\/cs\/2026\/08\/27\/supertymy-lovi-posily-v-cesku\/#primaryimage\",\"url\":\"https:\/\/d2p6e6u75xmxt8.cloudfront.net\/13\/2026\/08\/BrychtaJan_West_Bohemia_Tour_20260823_141232_BJ5_0487-scaled.webp\",\"contentUrl\":\"https:\/\/d2p6e6u75xmxt8.cloudfront.net\/13\/2026\/08\/BrychtaJan_West_Bohemia_Tour_20260823_141232_BJ5_0487-scaled.webp\",\"width\":2560,\"height\":1707,\"caption\":\"Supert\u00fdmy p\u0159estup V\u00e1clav Je\u017eek\"},{\"@type\":\"WebSite\",\"@id\":\"https:\/\/www.welovecycling.com\/cs\/#website\",\"url\":\"https:\/\/www.welovecycling.com\/cs\/\",\"name\":\"\u0160koda We Love Cycling - \u010cesk\u00e1 republika\",\"description\":\"WeLoveCycling.cz je online magaz\u00edn, kter\u00fd v\u00e1m pravideln\u011b p\u0159in\u00e1\u0161\u00ed rady a tipy, zaj\u00edmav\u00e9 \u010dl\u00e1nky, videa a jedine\u010dn\u00e9 report\u00e1\u017ee ze sv\u011bta cyklistiky.\",\"potentialAction\":[{\"@type\":\"SearchAction\",\"target\":{\"@type\":\"EntryPoint\",\"urlTemplate\":\"https:\/\/www.welovecycling.com\/cs\/?s={search_term_string}\"},\"query-input\":{\"@type\":\"PropertyValueSpecification\",\"valueRequired\":true,\"valueName\":\"search_term_string\"}}],\"inLanguage\":\"cs\"},{\"@type\":\"Person\",\"@id\":\"https:\/\/www.welovecycling.com\/cs\/#\/schema\/person\/d9eeb0a378f3a7e4a6d12d2b536b04b8\",\"name\":\"radekmalina\",\"image\":{\"@type\":\"ImageObject\",\"inLanguage\":\"cs\",\"@id\":\"https:\/\/www.welovecycling.com\/cs\/#\/schema\/person\/image\/\",\"url\":\"https:\/\/secure.gravatar.com\/avatar\/66994b632cb8c39a46b9f54afa3ae07201b678d32a54275b6f1c9ffec356bfc0?s=96&d=mm&r=g\",\"contentUrl\":\"https:\/\/secure.gravatar.com\/avatar\/66994b632cb8c39a46b9f54afa3ae07201b678d32a54275b6f1c9ffec356bfc0?s=96&d=mm&r=g\",\"caption\":\"radekmalina\"},\"url\":\"https:\/\/www.welovecycling.com\/cs\/author\/radekmalina\/\"}]}<\/script>\n<!-- \/ Yoast SEO Premium plugin. -->","yoast_head_json":{"title":"Supert\u00fdmy lov\u00ed posily v \u010cesku! | \u0160koda We Love Cycling - \u010cesk\u00e1 republika","description":"Skvostn\u00e9 adresy budou u mnoha jmen \u010desk\u00fdch cyklist\u016f a cyklistek v sezon\u011b 2027! P\u0159estupov\u00fd trh se teprve rozb\u00edh\u00e1, ale supert\u00fdmy sv\u011btov\u00e9ho pelotonu si toti\u017e podle mnoha indici\u00ed vybraly jako posily z\u00e1vodn\u00edky \u010di z\u00e1vodnice, co maj\u00ed \u010desk\u00fd pas.","robots":{"index":"index","follow":"follow","max-snippet":"max-snippet:-1","max-image-preview":"max-image-preview:large","max-video-preview":"max-video-preview:-1"},"canonical":"https:\/\/www.welovecycling.com\/cs\/2026\/08\/27\/supertymy-lovi-posily-v-cesku\/","og_locale":"cs_CZ","og_type":"article","og_title":"Supert\u00fdmy lov\u00ed posily v \u010cesku!","og_description":"Skvostn\u00e9 adresy budou u mnoha jmen \u010desk\u00fdch cyklist\u016f a cyklistek v sezon\u011b 2027! P\u0159estupov\u00fd trh se teprve rozb\u00edh\u00e1, ale supert\u00fdmy sv\u011btov\u00e9ho pelotonu si toti\u017e podle mnoha indici\u00ed vybraly jako posily z\u00e1vodn\u00edky \u010di z\u00e1vodnice, co maj\u00ed \u010desk\u00fd pas.","og_url":"https:\/\/www.welovecycling.com\/cs\/2026\/08\/27\/supertymy-lovi-posily-v-cesku\/","og_site_name":"\u0160koda We Love Cycling - \u010cesk\u00e1 republika","article_published_time":"2026-08-27T07:30:40+00:00","og_image":[{"width":2560,"height":1707,"url":"https:\/\/d2p6e6u75xmxt8.cloudfront.net\/13\/2026\/08\/BrychtaJan_West_Bohemia_Tour_20260823_141232_BJ5_0487-scaled.webp","type":"image\/webp"}],"author":"radekmalina","twitter_card":"summary_large_image","twitter_misc":{"Written by":"Radek Malina","Est. reading time":"5"},"schema":{"@context":"https:\/\/schema.org","@graph":[{"@type":"WebPage","@id":"https:\/\/www.welovecycling.com\/cs\/2026\/08\/27\/supertymy-lovi-posily-v-cesku\/","url":"https:\/\/www.welovecycling.com\/cs\/2026\/08\/27\/supertymy-lovi-posily-v-cesku\/","name":"Supert\u00fdmy lov\u00ed posily v \u010cesku! | \u0160koda We Love Cycling - \u010cesk\u00e1 republika","isPartOf":{"@id":"https:\/\/www.welovecycling.com\/cs\/#website"},"primaryImageOfPage":{"@id":"https:\/\/www.welovecycling.com\/cs\/2026\/08\/27\/supertymy-lovi-posily-v-cesku\/#primaryimage"},"image":{"@id":"https:\/\/www.welovecycling.com\/cs\/2026\/08\/27\/supertymy-lovi-posily-v-cesku\/#primaryimage"},"thumbnailUrl":"https:\/\/d2p6e6u75xmxt8.cloudfront.net\/13\/2026\/08\/BrychtaJan_West_Bohemia_Tour_20260823_141232_BJ5_0487-scaled.webp","datePublished":"2026-08-27T07:30:40+00:00","author":{"@id":"https:\/\/www.welovecycling.com\/cs\/#\/schema\/person\/d9eeb0a378f3a7e4a6d12d2b536b04b8"},"description":"Skvostn\u00e9 adresy budou u mnoha jmen \u010desk\u00fdch cyklist\u016f a cyklistek v sezon\u011b 2027! P\u0159estupov\u00fd trh se teprve rozb\u00edh\u00e1, ale supert\u00fdmy sv\u011btov\u00e9ho pelotonu si toti\u017e podle mnoha indici\u00ed vybraly jako posily z\u00e1vodn\u00edky \u010di z\u00e1vodnice, co maj\u00ed \u010desk\u00fd pas.","inLanguage":"cs","potentialAction":[{"@type":"ReadAction","target":["https:\/\/www.welovecycling.com\/cs\/2026\/08\/27\/supertymy-lovi-posily-v-cesku\/"]}]},{"@type":"ImageObject","inLanguage":"cs","@id":"https:\/\/www.welovecycling.com\/cs\/2026\/08\/27\/supertymy-lovi-posily-v-cesku\/#primaryimage","url":"https:\/\/d2p6e6u75xmxt8.cloudfront.net\/13\/2026\/08\/BrychtaJan_West_Bohemia_Tour_20260823_141232_BJ5_0487-scaled.webp","contentUrl":"https:\/\/d2p6e6u75xmxt8.cloudfront.net\/13\/2026\/08\/BrychtaJan_West_Bohemia_Tour_20260823_141232_BJ5_0487-scaled.webp","width":2560,"height":1707,"caption":"Supert\u00fdmy p\u0159estup V\u00e1clav Je\u017eek"},{"@type":"WebSite","@id":"https:\/\/www.welovecycling.com\/cs\/#website","url":"https:\/\/www.welovecycling.com\/cs\/","name":"\u0160koda We Love Cycling - \u010cesk\u00e1 republika","description":"WeLoveCycling.cz je online magaz\u00edn, kter\u00fd v\u00e1m pravideln\u011b p\u0159in\u00e1\u0161\u00ed rady a tipy, zaj\u00edmav\u00e9 \u010dl\u00e1nky, videa a jedine\u010dn\u00e9 report\u00e1\u017ee ze sv\u011bta cyklistiky.","potentialAction":[{"@type":"SearchAction","target":{"@type":"EntryPoint","urlTemplate":"https:\/\/www.welovecycling.com\/cs\/?s={search_term_string}"},"query-input":{"@type":"PropertyValueSpecification","valueRequired":true,"valueName":"search_term_string"}}],"inLanguage":"cs"},{"@type":"Person","@id":"https:\/\/www.welovecycling.com\/cs\/#\/schema\/person\/d9eeb0a378f3a7e4a6d12d2b536b04b8","name":"radekmalina","image":{"@type":"ImageObject","inLanguage":"cs","@id":"https:\/\/www.welovecycling.com\/cs\/#\/schema\/person\/image\/","url":"https:\/\/secure.gravatar.com\/avatar\/66994b632cb8c39a46b9f54afa3ae07201b678d32a54275b6f1c9ffec356bfc0?s=96&d=mm&r=g","contentUrl":"https:\/\/secure.gravatar.com\/avatar\/66994b632cb8c39a46b9f54afa3ae07201b678d32a54275b6f1c9ffec356bfc0?s=96&d=mm&r=g","caption":"radekmalina"},"url":"https:\/\/www.welovecycling.com\/cs\/author\/radekmalina\/"}]}},"_links":{"self":[{"href":"https:\/\/www.welovecycling.com\/cs\/wp-json\/wp\/v2\/posts\/35253","targetHints":{"allow":["GET"]}}],"collection":[{"href":"https:\/\/www.welovecycling.com\/cs\/wp-json\/wp\/v2\/posts"}],"about":[{"href":"https:\/\/www.welovecycling.com\/cs\/wp-json\/wp\/v2\/types\/post"}],"author":[{"embeddable":true,"href":"https:\/\/www.welovecycling.com\/cs\/wp-json\/wp\/v2\/users\/138"}],"replies":[{"embeddable":true,"href":"https:\/\/www.welovecycling.com\/cs\/wp-json\/wp\/v2\/comments?post=35253"}],"version-history":[{"count":2,"href":"https:\/\/www.welovecycling.com\/cs\/wp-json\/wp\/v2\/posts\/35253\/revisions"}],"predecessor-version":[{"id":35256,"href":"https:\/\/www.welovecycling.com\/cs\/wp-json\/wp\/v2\/posts\/35253\/revisions\/35256"}],"wp:featuredmedia":[{"embeddable":true,"href":"https:\/\/www.welovecycling.com\/cs\/wp-json\/wp\/v2\/media\/35254"}],"wp:attachment":[{"href":"https:\/\/www.welovecycling.com\/cs\/wp-json\/wp\/v2\/media?parent=35253"}],"wp:term":[{"taxonomy":"category","embeddable":true,"href":"https:\/\/www.welovecycling.com\/cs\/wp-json\/wp\/v2\/categories?post=35253"},{"taxonomy":"post_tag","embeddable":true,"href":"https:\/\/www.welovecycling.com\/cs\/wp-json\/wp\/v2\/tags?post=35253"},{"taxonomy":"global-categories","embeddable":true,"href":"https:\/\/www.welovecycling.com\/cs\/wp-json\/wp\/v2\/global-categories?post=35253"}],"curies":[{"name":"wp","href":"https:\/\/api.w.org\/{rel}","templated":true}]}}