{"id":35244,"date":"2026-08-26T08:40:46","date_gmt":"2026-08-26T06:40:46","guid":{"rendered":"https:\/\/www.welovecycling.com\/cs\/?p=35244"},"modified":"2026-08-26T08:42:27","modified_gmt":"2026-08-26T06:42:27","slug":"jen-ctyri-velikani-a-ted-mozna-tadej-pogacar","status":"publish","type":"post","link":"https:\/\/www.welovecycling.com\/cs\/2026\/08\/26\/jen-ctyri-velikani-a-ted-mozna-tadej-pogacar\/","title":{"rendered":"Jen \u010dty\u0159i velik\u00e1ni! A te\u010f mo\u017en\u00e1 Tadej Poga\u010dar"},"content":{"rendered":"<p><strong>Jeho \u010derven\u00e1 je je\u0161t\u011b \u010derven\u011bj\u0161\u00ed. \u0160pan\u011blsk\u00e1 Vuelta mu le\u017e\u00ed u nohou, by\u0165 vyhr\u00e1no je\u0161t\u011b Tadej Poga\u010dar nem\u00e1. Ka\u017edop\u00e1dn\u011b se m\u016f\u017ee za\u0159adit do skupiny vyvolen\u00fdch cyklistick\u00fdch velik\u00e1n\u016f. Sta\u010d\u00ed udr\u017eet \u010derven\u00fd dres a\u017e do c\u00edle v Granad\u011b, proto\u017ee pouze \u010dty\u0159i jezdci v pov\u00e1le\u010dn\u00e9 historii na n\u011bkter\u00e9 z Grand Tour dr\u017eeli vl\u00e1dli od \u00favodn\u00ed etapy. Kte\u0159\u00ed to byli? A co je spojuje se slovinsk\u00fdm fenom\u00e9nem?<\/strong><\/p>\n<p>Jako posledn\u00ed dok\u00e1zal v novodob\u00e9 cyklistice prakticky nep\u0159edstavitelnou z\u00e1le\u017eitost \u0160v\u00fdcar Tony Rominger. V roce 1994 ovl\u00e1dl celkov\u00e9 po\u0159ad\u00ed Vuelty, kdy\u017e nedal nikou ani \u010duchnout. I tehdy za\u010d\u00ednala Vuelta \u010dasovkou. Ve Valladolidu po dev\u00edti kilometrech m\u011bl n\u00e1skok 20 sekund! Vuelta tehdy byla jako u\u0161it\u00e1 pro skv\u011bl\u00e9ho \u0161v\u00fdcarsk\u00e9ho \u010dasovk\u00e1\u0159e. V dal\u0161\u00edm pr\u016fb\u011bhu cyklist\u00e9 je\u0161t\u011b dvakr\u00e1t jeli proti chronometru. V osm\u00e9 etap\u011b 39,5 km a ve dvac\u00e1t\u00e9 etap\u011b 53 km. Rominger tehdy ovl\u00e1dl celkem \u0161est etap a pochopiteln\u011b v\u0161echny \u010dasovky. Na konci kv\u011btna, proto\u017ee tehdy se Vuelta jezdila je\u0161t\u011b jako \u00favodn\u00ed Grand Tour sezony, slavil velkolep\u00e9 v\u00edt\u011bzstv\u00ed a zavr\u0161il hattrick celkov\u00fdch prvenstv\u00ed ze \u0161pan\u011blsk\u00e9 Grand Tour.<\/p>\n<h2><strong>Kdo pat\u0159\u00ed do klubu vyvolen\u00fdch?<\/strong><\/h2>\n<p>O jednadvacet let d\u0159\u00edve Eddy Merckx vybojoval triumf na italsk\u00e9m Giru, kdy\u017e byl v r\u016f\u017eov\u00e9m trikotu l\u00eddra od prvn\u00ed etapy, kterou p\u0159edstavoval prolog na p\u011bt kilometr\u016f. \u0160lo o jedno z p\u011bti v\u00edt\u011bzstv\u00ed belgick\u00e9ho fenomen\u00e1ln\u00edho jezdce pod Apeninami, tud\u00ed\u017e dominance od \u00favodn\u00edho d\u011bjstv\u00ed ud\u011blala prvenstv\u00ed z roku 1973 alespo\u0148 trochu v\u00fdjime\u010dn\u00fdm.<\/p>\n<figure id=\"attachment_35243\" aria-describedby=\"caption-attachment-35243\" style=\"width: 1680px\" class=\"wp-caption alignnone\"><a href=\"https:\/\/d2p6e6u75xmxt8.cloudfront.net\/13\/2026\/08\/20260825LV04-A.S.O-Cxcling-Toni-Baixauli-BX9_0620.webp\"><img loading=\"lazy\" decoding=\"async\" class=\"size-full wp-image-35243\" src=\"https:\/\/d2p6e6u75xmxt8.cloudfront.net\/13\/2026\/08\/20260825LV04-A.S.O-Cxcling-Toni-Baixauli-BX9_0620.webp\" alt=\"\" width=\"1680\" height=\"1120\" srcset=\"https:\/\/d2p6e6u75xmxt8.cloudfront.net\/13\/2026\/08\/20260825LV04-A.S.O-Cxcling-Toni-Baixauli-BX9_0620.webp 1680w, https:\/\/d2p6e6u75xmxt8.cloudfront.net\/13\/2026\/08\/20260825LV04-A.S.O-Cxcling-Toni-Baixauli-BX9_0620-300x200.webp 300w, https:\/\/d2p6e6u75xmxt8.cloudfront.net\/13\/2026\/08\/20260825LV04-A.S.O-Cxcling-Toni-Baixauli-BX9_0620-1024x683.webp 1024w, https:\/\/d2p6e6u75xmxt8.cloudfront.net\/13\/2026\/08\/20260825LV04-A.S.O-Cxcling-Toni-Baixauli-BX9_0620-768x512.webp 768w, https:\/\/d2p6e6u75xmxt8.cloudfront.net\/13\/2026\/08\/20260825LV04-A.S.O-Cxcling-Toni-Baixauli-BX9_0620-1536x1024.webp 1536w, https:\/\/d2p6e6u75xmxt8.cloudfront.net\/13\/2026\/08\/20260825LV04-A.S.O-Cxcling-Toni-Baixauli-BX9_0620-400x267.webp 400w, https:\/\/d2p6e6u75xmxt8.cloudfront.net\/13\/2026\/08\/20260825LV04-A.S.O-Cxcling-Toni-Baixauli-BX9_0620-272x182.webp 272w\" sizes=\"auto, (max-width: 1680px) 100vw, 1680px\" \/><\/a><figcaption id=\"caption-attachment-35243\" class=\"wp-caption-text\"><em>Tadej Poga\u010dar uh\u00e1n\u00ed pro komfortn\u00ed n\u00e1skok ve \u010dtvrt\u00e9 etap\u011b Vuelty.<\/em><\/figcaption><\/figure>\n<p>Merckx\u016fv krajan Freddy Maertens pak na ja\u0159e 1977 ovl\u00e1dl Vueltu rovn\u011b\u017e stylem start c\u00edl, kdy\u017e vyhr\u00e1l prolog na 8 kilometr\u016f. A n\u00e1sledn\u011b u\u017e na prvn\u00ed p\u0159\u00ed\u010dku nikoho nepustil. Posledn\u00edm do party v pov\u00e1le\u010dn\u00e9 historii je Ital Gianni Bugno, kter\u00fd na ja\u0159e 1990 vyhr\u00e1l naprosto dominantn\u00edm zp\u016fsobem Giro. A i tehdy se v Bari za\u010d\u00ednalo \u010dasovkou na t\u0159in\u00e1ct kilometr\u016f, co\u017e jen potvrzuje, \u017ee mu\u017e\u016fm na celkov\u00e9 po\u0159ad\u00ed d\u00e1v\u00e1 vstup do z\u00e1vodu bojem s chronometrem jistou d\u00e1vku v\u00fdhody.<\/p>\n<div class=\"shortcode-ys-post-pinup\"><article class=\"loop-simple post-35222 post type-post status-publish format-standard has-post-thumbnail hentry category-silnicni-cyklistika tag-cyklistika tag-erola-jons tag-pogachitar tag-silnicni-cyklistika tag-socialni-site tag-tadej-pogacar tag-vuelta global-categories-cycling\" data-postid=\"35222\" role=\"article\" data-post-id=\"35222\" data-word-count=\"404\" data-headline-length=\"66\" data-category=\"Silni\u010dn\u00ed cyklistika\" data-global-category=\"Cycling\" data-author=\"Radek Malina\" data-published=\"2026-08-25T14:30:47+02:00\" data-published-day=\"Tuesday\">\n    <div class=\"entry-thumbnail article-thumbnail\" content=\"https:\/\/d2p6e6u75xmxt8.cloudfront.net\/13\/2026\/08\/20260824LV03-A.S.O-Cxcling-Toni-Baixauli-BX9_0300-150x150.webp\"><a href=\"https:\/\/www.welovecycling.com\/cs\/2026\/08\/25\/pogachitar-vuelta-zarizla-vlastni-influencerku\/\" class=\"image-holder\" target=\"_self\"><img decoding=\"async\" loading=\"lazy\" class=\"\" src=\"https:\/\/d2p6e6u75xmxt8.cloudfront.net\/13\/2026\/08\/20260824LV03-A.S.O-Cxcling-Toni-Baixauli-BX9_0300-1024x683.webp\" srcset=\"https:\/\/d2p6e6u75xmxt8.cloudfront.net\/13\/2026\/08\/20260824LV03-A.S.O-Cxcling-Toni-Baixauli-BX9_0300.webp 1680w, https:\/\/d2p6e6u75xmxt8.cloudfront.net\/13\/2026\/08\/20260824LV03-A.S.O-Cxcling-Toni-Baixauli-BX9_0300-300x200.webp 300w, https:\/\/d2p6e6u75xmxt8.cloudfront.net\/13\/2026\/08\/20260824LV03-A.S.O-Cxcling-Toni-Baixauli-BX9_0300-1024x683.webp 1024w, https:\/\/d2p6e6u75xmxt8.cloudfront.net\/13\/2026\/08\/20260824LV03-A.S.O-Cxcling-Toni-Baixauli-BX9_0300-768x512.webp 768w, https:\/\/d2p6e6u75xmxt8.cloudfront.net\/13\/2026\/08\/20260824LV03-A.S.O-Cxcling-Toni-Baixauli-BX9_0300-1536x1024.webp 1536w, https:\/\/d2p6e6u75xmxt8.cloudfront.net\/13\/2026\/08\/20260824LV03-A.S.O-Cxcling-Toni-Baixauli-BX9_0300-400x267.webp 400w, https:\/\/d2p6e6u75xmxt8.cloudfront.net\/13\/2026\/08\/20260824LV03-A.S.O-Cxcling-Toni-Baixauli-BX9_0300-272x182.webp 272w\" width=\"1024\" height=\"683\" sizes=\"auto, (min-width: 1200px) 300px, (min-width: 768px) 25vw, 100vw\" alt=\"pogachitar-vuelta-zarizla-vlastni-influencerku\"\/><\/a><\/div>    <div class=\"entry-meta\">\n        <a class=\"label label-secondary post-category\" href=\"https:\/\/www.welovecycling.com\/cs\/category\/silnicni-cyklistika\/\" title=\"Silni\u010dn\u00ed cyklistika\">Silni\u010dn\u00ed cyklistika<\/a>\n    <\/div>\n    <div class=\"entry-details\">\n        <a href=\"https:\/\/www.welovecycling.com\/cs\/2026\/08\/25\/pogachitar-vuelta-zarizla-vlastni-influencerku\/\" class='entry-title-wrapper'>\n            <h3 class=\"entry-title\"><span>Pogachitar?! Vuelta za\u0159\u00edzla vlastn\u00ed influencerku kv\u016fli sexismu<\/span><\/h3>\n        <\/a>\n    <\/div>\n    <\/article>\n<\/div>\n<p>Jedin\u00fd z\u00e1vod, kter\u00fd v pov\u00e1le\u010dn\u00e9 historii odol\u00e1v\u00e1 a nep\u0159ipustil dominanci jedin\u00e9ho mu\u017ee, je Tour de France. U\u017e p\u0159es devades\u00e1t let se nena\u0161el mu\u017e, kter\u00fd by dok\u00e1zal vyhr\u00e1t \u00favodn\u00ed etapu a n\u00e1sledn\u011b udr\u017eel \u017elut\u00fd dres a\u017e do Pa\u0159\u00ed\u017ee. Naposledy se o rekordn\u00ed z\u00e1pis postaral Romain Maes p\u0159i sv\u00e9m jedin\u00e9m v\u00edt\u011bzstv\u00ed na Tour de France v roce 1935.<\/p>\n<h2><strong>Vuelta vid\u011bla velkolep\u00e9 s\u00f3lo<\/strong><\/h2>\n<p>Tadej Poga\u010dar je po \u010dtvrt\u00e9m d\u011bjstv\u00ed na skv\u011bl\u00e9 cest\u011b, aby klub v\u00fdjime\u010dn\u00fdch roz\u0161\u00ed\u0159il. A postaral se o to tradi\u010dn\u011b po velkolep\u00e9m s\u00f3lov\u00e9m \u00faniku. Pades\u00e1t kilometr\u016f p\u0159ed c\u00edlem, kdy\u017e zb\u00fdvaly na trase je\u0161t\u011b dv\u011b horsk\u00e9 pr\u00e9mie prvn\u00ed kategorie a jedna t\u0159et\u00ed kategorie, se Slovinec zvedl a za\u00fato\u010dil.<\/p>\n<p><a href=\"https:\/\/d2p6e6u75xmxt8.cloudfront.net\/13\/2026\/08\/20260825LV04-A.S.O-Cxcling-Toni-Baixauli-BX8_0173.webp\"><img loading=\"lazy\" decoding=\"async\" class=\"alignnone size-full wp-image-35240\" src=\"https:\/\/d2p6e6u75xmxt8.cloudfront.net\/13\/2026\/08\/20260825LV04-A.S.O-Cxcling-Toni-Baixauli-BX8_0173.webp\" alt=\"\" width=\"1680\" height=\"1120\" srcset=\"https:\/\/d2p6e6u75xmxt8.cloudfront.net\/13\/2026\/08\/20260825LV04-A.S.O-Cxcling-Toni-Baixauli-BX8_0173.webp 1680w, https:\/\/d2p6e6u75xmxt8.cloudfront.net\/13\/2026\/08\/20260825LV04-A.S.O-Cxcling-Toni-Baixauli-BX8_0173-300x200.webp 300w, https:\/\/d2p6e6u75xmxt8.cloudfront.net\/13\/2026\/08\/20260825LV04-A.S.O-Cxcling-Toni-Baixauli-BX8_0173-1024x683.webp 1024w, https:\/\/d2p6e6u75xmxt8.cloudfront.net\/13\/2026\/08\/20260825LV04-A.S.O-Cxcling-Toni-Baixauli-BX8_0173-768x512.webp 768w, https:\/\/d2p6e6u75xmxt8.cloudfront.net\/13\/2026\/08\/20260825LV04-A.S.O-Cxcling-Toni-Baixauli-BX8_0173-1536x1024.webp 1536w, https:\/\/d2p6e6u75xmxt8.cloudfront.net\/13\/2026\/08\/20260825LV04-A.S.O-Cxcling-Toni-Baixauli-BX8_0173-400x267.webp 400w, https:\/\/d2p6e6u75xmxt8.cloudfront.net\/13\/2026\/08\/20260825LV04-A.S.O-Cxcling-Toni-Baixauli-BX8_0173-272x182.webp 272w\" sizes=\"auto, (max-width: 1680px) 100vw, 1680px\" \/><\/a><\/p>\n<p>\u201eKdy\u017e m\u011b t\u00fdmov\u00fd par\u0165\u00e1k Jay Vine vypustil a j\u00e1 z\u016fstal osamocen u kluk\u016f z Decathlonu, pomyslel jsem si: Nechci tu z\u016fstat izolovan\u00fd proti v\u0161em t\u011bm uchaze\u010d\u016fm o celkov\u00e9 v\u00edt\u011bzstv\u00ed. V\u0161ichni se mnou budou cht\u00edt z\u00e1vodit. Tak jsem zkusil \u00fatok. Pak jsem doufal, \u017ee vydr\u017e\u00edm a\u017e do c\u00edle. Bylo to docela t\u011b\u017ek\u00e9, ale pro\u017eil jsem kr\u00e1sn\u00fd den,\u201c vysv\u011btloval s \u00fasm\u011bvem Tadej Poga\u010dar s\u00f3lov\u00fd \u00fatok.<\/p>\n<p><a href=\"https:\/\/d2p6e6u75xmxt8.cloudfront.net\/13\/2026\/08\/20260825LV04-A.S.O-Cxcling-Toni-Baixauli-BX9_0341.webp\"><img loading=\"lazy\" decoding=\"async\" class=\"alignnone size-extra-large wp-image-35241\" src=\"https:\/\/d2p6e6u75xmxt8.cloudfront.net\/13\/2026\/08\/20260825LV04-A.S.O-Cxcling-Toni-Baixauli-BX9_0341-1279x1920.webp\" alt=\"\" width=\"1279\" height=\"1920\" srcset=\"https:\/\/d2p6e6u75xmxt8.cloudfront.net\/13\/2026\/08\/20260825LV04-A.S.O-Cxcling-Toni-Baixauli-BX9_0341-1279x1920.webp 1279w, https:\/\/d2p6e6u75xmxt8.cloudfront.net\/13\/2026\/08\/20260825LV04-A.S.O-Cxcling-Toni-Baixauli-BX9_0341-200x300.webp 200w, https:\/\/d2p6e6u75xmxt8.cloudfront.net\/13\/2026\/08\/20260825LV04-A.S.O-Cxcling-Toni-Baixauli-BX9_0341-682x1024.webp 682w, https:\/\/d2p6e6u75xmxt8.cloudfront.net\/13\/2026\/08\/20260825LV04-A.S.O-Cxcling-Toni-Baixauli-BX9_0341-768x1153.webp 768w, https:\/\/d2p6e6u75xmxt8.cloudfront.net\/13\/2026\/08\/20260825LV04-A.S.O-Cxcling-Toni-Baixauli-BX9_0341-1023x1536.webp 1023w, https:\/\/d2p6e6u75xmxt8.cloudfront.net\/13\/2026\/08\/20260825LV04-A.S.O-Cxcling-Toni-Baixauli-BX9_0341-1364x2048.webp 1364w, https:\/\/d2p6e6u75xmxt8.cloudfront.net\/13\/2026\/08\/20260825LV04-A.S.O-Cxcling-Toni-Baixauli-BX9_0341-266x400.webp 266w, https:\/\/d2p6e6u75xmxt8.cloudfront.net\/13\/2026\/08\/20260825LV04-A.S.O-Cxcling-Toni-Baixauli-BX9_0341.webp 1680w, https:\/\/d2p6e6u75xmxt8.cloudfront.net\/13\/2026\/08\/20260825LV04-A.S.O-Cxcling-Toni-Baixauli-BX9_0341-1279x1920.webp 1279w\" sizes=\"auto, (max-width: 1279px) 100vw, 1279px\" \/><\/a><\/p>\n<p>Do c\u00edle dorazil s komfortn\u00edm n\u00e1skokem 2:39 minuty. &#8222;Jak\u00fdkoli n\u00e1skok byl v\u00edc ne\u017e dost, ale tohle je opravdu dobr\u00e9. Te\u010f m\u016f\u017eu b\u00fdt klidn\u00fd a sebev\u011bdom\u00fd do nadch\u00e1zej\u00edc\u00edch etap. Budeme se i nad\u00e1le soust\u0159edit na ka\u017ed\u00fd dal\u0161\u00ed den, ale bude o n\u011bco m\u00e9n\u011b stresuj\u00edc\u00ed,&#8220; p\u0159em\u00edtal Tadej Poga\u010dar, kter\u00fd velk\u00e9 s\u00f3lo p\u0159edvedl v Ando\u0159e, kter\u00fd na podzim 2019 p\u0159i dosud jedin\u00e9 \u00fa\u010dasti na \u0161pan\u011blsk\u00e9 Grand Tour vyhr\u00e1l svoji prvn\u00ed etapu Vuelty.\u00a0 \u201eM\u00e1m tak kr\u00e1sn\u00e9 vzpom\u00ednky na sv\u016fj prvn\u00ed start tady, \u0161lo jeden z m\u00fdch nejobl\u00edben\u011bj\u0161\u00edch okam\u017eik\u016f m\u00e9 kari\u00e9ry. Na ten den nikdy nezapomenu. Ani na vte\u0159inu jsem si tehdy nepomyslel, \u017ee bych n\u011bkdy takhle jezdil.\u201c<\/p>\n<div class=\"shortcode-ys-post-pinup\"><article class=\"loop-simple post-35145 post type-post status-publish format-standard has-post-thumbnail hentry category-silnicni-cyklistika tag-cyklistika tag-decathlon-cma-cgm tag-kontrakt tag-paul-seixas tag-prestup tag-silnicni-cyklistika global-categories-cycling\" data-postid=\"35145\" role=\"article\" data-post-id=\"35145\" data-word-count=\"531\" data-headline-length=\"48\" data-category=\"Silni\u010dn\u00ed cyklistika\" data-global-category=\"Cycling\" data-author=\"We Love Cycling\" data-published=\"2026-08-18T12:48:15+02:00\" data-published-day=\"Tuesday\">\n    <div class=\"entry-thumbnail article-thumbnail\" content=\"https:\/\/d2p6e6u75xmxt8.cloudfront.net\/13\/2026\/08\/20260717TDF1025_A.S.O.-Thomas-Maheux-1-150x150.webp\"><a href=\"https:\/\/www.welovecycling.com\/cs\/2026\/08\/18\/stovky-milionu-odmitl-zatim-zustane-verny\/\" class=\"image-holder\" target=\"_self\"><img decoding=\"async\" loading=\"lazy\" class=\"\" src=\"https:\/\/d2p6e6u75xmxt8.cloudfront.net\/13\/2026\/08\/20260717TDF1025_A.S.O.-Thomas-Maheux-1-1024x683.webp\" srcset=\"https:\/\/d2p6e6u75xmxt8.cloudfront.net\/13\/2026\/08\/20260717TDF1025_A.S.O.-Thomas-Maheux-1.webp 1680w, https:\/\/d2p6e6u75xmxt8.cloudfront.net\/13\/2026\/08\/20260717TDF1025_A.S.O.-Thomas-Maheux-1-300x200.webp 300w, https:\/\/d2p6e6u75xmxt8.cloudfront.net\/13\/2026\/08\/20260717TDF1025_A.S.O.-Thomas-Maheux-1-1024x683.webp 1024w, https:\/\/d2p6e6u75xmxt8.cloudfront.net\/13\/2026\/08\/20260717TDF1025_A.S.O.-Thomas-Maheux-1-768x512.webp 768w, https:\/\/d2p6e6u75xmxt8.cloudfront.net\/13\/2026\/08\/20260717TDF1025_A.S.O.-Thomas-Maheux-1-1536x1025.webp 1536w, https:\/\/d2p6e6u75xmxt8.cloudfront.net\/13\/2026\/08\/20260717TDF1025_A.S.O.-Thomas-Maheux-1-400x267.webp 400w, https:\/\/d2p6e6u75xmxt8.cloudfront.net\/13\/2026\/08\/20260717TDF1025_A.S.O.-Thomas-Maheux-1-272x182.webp 272w\" width=\"1024\" height=\"683\" sizes=\"auto, (min-width: 1200px) 300px, (min-width: 768px) 25vw, 100vw\" alt=\"stovky-milionu-odmitl-zatim-zustane-verny\"\/><\/a><\/div>    <div class=\"entry-meta\">\n        <a class=\"label label-secondary post-category\" href=\"https:\/\/www.welovecycling.com\/cs\/category\/silnicni-cyklistika\/\" title=\"Silni\u010dn\u00ed cyklistika\">Silni\u010dn\u00ed cyklistika<\/a>\n    <\/div>\n    <div class=\"entry-details\">\n        <a href=\"https:\/\/www.welovecycling.com\/cs\/2026\/08\/18\/stovky-milionu-odmitl-zatim-zustane-verny\/\" class='entry-title-wrapper'>\n            <h3 class=\"entry-title\"><span>Stovky milion\u016f odm\u00edtl. Zat\u00edm z\u016fstane v\u011brn\u00fd<\/span><\/h3>\n        <\/a>\n    <\/div>\n    <\/article>\n<\/div>\n<p>Nyn\u00ed mu le\u017e\u00ed Vuelta u nohou. P\u0159edv\u00e1d\u00ed velkolep\u00e9 v\u00fdkony a nejen \u0161pan\u011blsk\u00e1 <a href=\"https:\/\/www.welovecycling.com\/cs\/2026\/08\/25\/okouzleny-pelotonem-vystreli-zlaty-hoch\/\">m\u00e9dia<\/a> se p\u0159edh\u00e1n\u00ed v superlativech op\u011bvuj\u00edc\u00edch jeho formu. Zd\u00e1 se nemo\u017en\u00e9, pokud jej nepostihnou zdravotn\u00ed pot\u00ed\u017ee \u010di p\u00e1d, aby nedr\u017eel \u010derven\u00fd trikot od prvn\u00edho do posledn\u00edho metru z\u00e1vodu.<\/p>\n<p>\u201eM\u00e1m p\u011bkn\u00fd n\u00e1skok. Ale \u010dlov\u011bk nikdy nev\u00ed, co se m\u016f\u017ee st\u00e1t. Sna\u017e\u00edme se m\u00edt v\u011bci pod kontrolou. Ale pokud se to vymkne kontrole, budeme muset bojovat. A proto m\u00e1me na Vuelt\u011b velmi siln\u00fd t\u00fdm,&#8220; nezast\u00edral Tadej Poga\u010dar, \u017ee v Granad\u011b p\u0159i fin\u00e1lov\u00e9m ceremoni\u00e1lu by cht\u011bl b\u00fdt mu\u017eem, jeho\u017e Vuelta zap\u00ed\u0161e do historie jako borce, co vl\u00e1dl cel\u00e9mu ro\u010dn\u00edku.<\/p>\n<p><em>Foto: A.S.O.\/A.S.O-Cxcling-Toni Baixauli<\/em><\/p>\n","protected":false},"excerpt":{"rendered":"<p>Jeho \u010derven\u00e1 je je\u0161t\u011b \u010derven\u011bj\u0161\u00ed. \u0160pan\u011blsk\u00e1 Vuelta mu le\u017e\u00ed u nohou, by\u0165 vyhr\u00e1no je\u0161t\u011b Tadej Poga\u010dar nem\u00e1. Ka\u017edop\u00e1dn\u011b se m\u016f\u017ee [&hellip;]<\/p>\n","protected":false},"author":138,"featured_media":35242,"comment_status":"open","ping_status":"open","sticky":false,"template":"","format":"standard","meta":{"footnotes":""},"categories":[10],"tags":[126,3131,9,502,273,4416],"global-categories":[411],"class_list":["post-35244","post","type-post","status-publish","format-standard","has-post-thumbnail","hentry","category-silnicni-cyklistika","tag-cyklistika","tag-rekord","tag-silnicni-cyklistika","tag-tadej-pogacar","tag-vuelta","tag-vuelta-2026","global-categories-cycling"],"yoast_head":"<!-- This site is optimized with the Yoast SEO Premium plugin v25.3 (Yoast SEO v25.9) - https:\/\/yoast.com\/wordpress\/plugins\/seo\/ -->\n<title>Jen \u010dty\u0159i velik\u00e1ni! A te\u010f mo\u017en\u00e1 Tadej Poga\u010dar | \u0160koda We Love Cycling - \u010cesk\u00e1 republika<\/title>\n<meta name=\"description\" content=\"Jeho \u010derven\u00e1 je je\u0161t\u011b \u010derven\u011bj\u0161\u00ed. \u0160pan\u011blsk\u00e1 Vuelta mu le\u017e\u00ed u nohou, by\u0165 vyhr\u00e1no je\u0161t\u011b Tadej Poga\u010dar nem\u00e1. Ka\u017edop\u00e1dn\u011b se m\u016f\u017ee za\u0159adit do skupiny vyvolen\u00fdch cyklistick\u00fdch velik\u00e1n\u016f. Sta\u010d\u00ed udr\u017eet \u010derven\u00fd dres a\u017e do c\u00edle v Granad\u011b, proto\u017ee pouze \u010dty\u0159i jezdci v pov\u00e1le\u010dn\u00e9 historii na n\u011bkter\u00e9 z Grand Tour dr\u017eeli vl\u00e1dli od \u00favodn\u00ed etapy. Kte\u0159\u00ed to byli? A co je spojuje se slovinsk\u00fdm fenom\u00e9nem?\" \/>\n<meta name=\"robots\" content=\"index, follow, max-snippet:-1, max-image-preview:large, max-video-preview:-1\" \/>\n<link rel=\"canonical\" href=\"https:\/\/www.welovecycling.com\/cs\/2026\/08\/26\/jen-ctyri-velikani-a-ted-mozna-tadej-pogacar\/\" \/>\n<meta property=\"og:locale\" content=\"cs_CZ\" \/>\n<meta property=\"og:type\" content=\"article\" \/>\n<meta property=\"og:title\" content=\"Jen \u010dty\u0159i velik\u00e1ni! A te\u010f mo\u017en\u00e1 Tadej Poga\u010dar\" \/>\n<meta property=\"og:description\" content=\"Jeho \u010derven\u00e1 je je\u0161t\u011b \u010derven\u011bj\u0161\u00ed. \u0160pan\u011blsk\u00e1 Vuelta mu le\u017e\u00ed u nohou, by\u0165 vyhr\u00e1no je\u0161t\u011b Tadej Poga\u010dar nem\u00e1. Ka\u017edop\u00e1dn\u011b se m\u016f\u017ee za\u0159adit do skupiny vyvolen\u00fdch cyklistick\u00fdch velik\u00e1n\u016f. Sta\u010d\u00ed udr\u017eet \u010derven\u00fd dres a\u017e do c\u00edle v Granad\u011b, proto\u017ee pouze \u010dty\u0159i jezdci v pov\u00e1le\u010dn\u00e9 historii na n\u011bkter\u00e9 z Grand Tour dr\u017eeli vl\u00e1dli od \u00favodn\u00ed etapy. Kte\u0159\u00ed to byli? A co je spojuje se slovinsk\u00fdm fenom\u00e9nem?\" \/>\n<meta property=\"og:url\" content=\"https:\/\/www.welovecycling.com\/cs\/2026\/08\/26\/jen-ctyri-velikani-a-ted-mozna-tadej-pogacar\/\" \/>\n<meta property=\"og:site_name\" content=\"\u0160koda We Love Cycling - \u010cesk\u00e1 republika\" \/>\n<meta property=\"article:published_time\" content=\"2026-08-26T06:40:46+00:00\" \/>\n<meta property=\"article:modified_time\" content=\"2026-08-26T06:42:27+00:00\" \/>\n<meta property=\"og:image\" content=\"https:\/\/d2p6e6u75xmxt8.cloudfront.net\/13\/2026\/08\/20260825LV04-A.S.O-Cxcling-Toni-Baixauli-BX9_0286.webp\" \/>\n\t<meta property=\"og:image:width\" content=\"1680\" \/>\n\t<meta property=\"og:image:height\" content=\"1120\" \/>\n\t<meta property=\"og:image:type\" content=\"image\/webp\" \/>\n<meta name=\"author\" content=\"radekmalina\" \/>\n<meta name=\"twitter:card\" content=\"summary_large_image\" \/>\n<meta name=\"twitter:label1\" content=\"Written by\" \/>\n\t<meta name=\"twitter:data1\" content=\"We Love Cycling\" \/>\n\t<meta name=\"twitter:label2\" content=\"Est. reading time\" \/>\n\t<meta name=\"twitter:data2\" content=\"5\" \/>\n<script type=\"application\/ld+json\" class=\"yoast-schema-graph\">{\"@context\":\"https:\/\/schema.org\",\"@graph\":[{\"@type\":\"WebPage\",\"@id\":\"https:\/\/www.welovecycling.com\/cs\/2026\/08\/26\/jen-ctyri-velikani-a-ted-mozna-tadej-pogacar\/\",\"url\":\"https:\/\/www.welovecycling.com\/cs\/2026\/08\/26\/jen-ctyri-velikani-a-ted-mozna-tadej-pogacar\/\",\"name\":\"Jen \u010dty\u0159i velik\u00e1ni! A te\u010f mo\u017en\u00e1 Tadej Poga\u010dar | \u0160koda We Love Cycling - \u010cesk\u00e1 republika\",\"isPartOf\":{\"@id\":\"https:\/\/www.welovecycling.com\/cs\/#website\"},\"primaryImageOfPage\":{\"@id\":\"https:\/\/www.welovecycling.com\/cs\/2026\/08\/26\/jen-ctyri-velikani-a-ted-mozna-tadej-pogacar\/#primaryimage\"},\"image\":{\"@id\":\"https:\/\/www.welovecycling.com\/cs\/2026\/08\/26\/jen-ctyri-velikani-a-ted-mozna-tadej-pogacar\/#primaryimage\"},\"thumbnailUrl\":\"https:\/\/d2p6e6u75xmxt8.cloudfront.net\/13\/2026\/08\/20260825LV04-A.S.O-Cxcling-Toni-Baixauli-BX9_0286.webp\",\"datePublished\":\"2026-08-26T06:40:46+00:00\",\"dateModified\":\"2026-08-26T06:42:27+00:00\",\"author\":{\"@id\":\"https:\/\/www.welovecycling.com\/cs\/#\/schema\/person\/d9eeb0a378f3a7e4a6d12d2b536b04b8\"},\"description\":\"Jeho \u010derven\u00e1 je je\u0161t\u011b \u010derven\u011bj\u0161\u00ed. \u0160pan\u011blsk\u00e1 Vuelta mu le\u017e\u00ed u nohou, by\u0165 vyhr\u00e1no je\u0161t\u011b Tadej Poga\u010dar nem\u00e1. Ka\u017edop\u00e1dn\u011b se m\u016f\u017ee za\u0159adit do skupiny vyvolen\u00fdch cyklistick\u00fdch velik\u00e1n\u016f. Sta\u010d\u00ed udr\u017eet \u010derven\u00fd dres a\u017e do c\u00edle v Granad\u011b, proto\u017ee pouze \u010dty\u0159i jezdci v pov\u00e1le\u010dn\u00e9 historii na n\u011bkter\u00e9 z Grand Tour dr\u017eeli vl\u00e1dli od \u00favodn\u00ed etapy. Kte\u0159\u00ed to byli? A co je spojuje se slovinsk\u00fdm fenom\u00e9nem?\",\"inLanguage\":\"cs\",\"potentialAction\":[{\"@type\":\"ReadAction\",\"target\":[\"https:\/\/www.welovecycling.com\/cs\/2026\/08\/26\/jen-ctyri-velikani-a-ted-mozna-tadej-pogacar\/\"]}]},{\"@type\":\"ImageObject\",\"inLanguage\":\"cs\",\"@id\":\"https:\/\/www.welovecycling.com\/cs\/2026\/08\/26\/jen-ctyri-velikani-a-ted-mozna-tadej-pogacar\/#primaryimage\",\"url\":\"https:\/\/d2p6e6u75xmxt8.cloudfront.net\/13\/2026\/08\/20260825LV04-A.S.O-Cxcling-Toni-Baixauli-BX9_0286.webp\",\"contentUrl\":\"https:\/\/d2p6e6u75xmxt8.cloudfront.net\/13\/2026\/08\/20260825LV04-A.S.O-Cxcling-Toni-Baixauli-BX9_0286.webp\",\"width\":1680,\"height\":1120,\"caption\":\"Tadej Poga\u010dar Vuelta\"},{\"@type\":\"WebSite\",\"@id\":\"https:\/\/www.welovecycling.com\/cs\/#website\",\"url\":\"https:\/\/www.welovecycling.com\/cs\/\",\"name\":\"\u0160koda We Love Cycling - \u010cesk\u00e1 republika\",\"description\":\"WeLoveCycling.cz je online magaz\u00edn, kter\u00fd v\u00e1m pravideln\u011b p\u0159in\u00e1\u0161\u00ed rady a tipy, zaj\u00edmav\u00e9 \u010dl\u00e1nky, videa a jedine\u010dn\u00e9 report\u00e1\u017ee ze sv\u011bta cyklistiky.\",\"potentialAction\":[{\"@type\":\"SearchAction\",\"target\":{\"@type\":\"EntryPoint\",\"urlTemplate\":\"https:\/\/www.welovecycling.com\/cs\/?s={search_term_string}\"},\"query-input\":{\"@type\":\"PropertyValueSpecification\",\"valueRequired\":true,\"valueName\":\"search_term_string\"}}],\"inLanguage\":\"cs\"},{\"@type\":\"Person\",\"@id\":\"https:\/\/www.welovecycling.com\/cs\/#\/schema\/person\/d9eeb0a378f3a7e4a6d12d2b536b04b8\",\"name\":\"radekmalina\",\"image\":{\"@type\":\"ImageObject\",\"inLanguage\":\"cs\",\"@id\":\"https:\/\/www.welovecycling.com\/cs\/#\/schema\/person\/image\/\",\"url\":\"https:\/\/secure.gravatar.com\/avatar\/66994b632cb8c39a46b9f54afa3ae07201b678d32a54275b6f1c9ffec356bfc0?s=96&d=mm&r=g\",\"contentUrl\":\"https:\/\/secure.gravatar.com\/avatar\/66994b632cb8c39a46b9f54afa3ae07201b678d32a54275b6f1c9ffec356bfc0?s=96&d=mm&r=g\",\"caption\":\"radekmalina\"},\"url\":\"https:\/\/www.welovecycling.com\/cs\/author\/radekmalina\/\"}]}<\/script>\n<!-- \/ Yoast SEO Premium plugin. -->","yoast_head_json":{"title":"Jen \u010dty\u0159i velik\u00e1ni! A te\u010f mo\u017en\u00e1 Tadej Poga\u010dar | \u0160koda We Love Cycling - \u010cesk\u00e1 republika","description":"Jeho \u010derven\u00e1 je je\u0161t\u011b \u010derven\u011bj\u0161\u00ed. \u0160pan\u011blsk\u00e1 Vuelta mu le\u017e\u00ed u nohou, by\u0165 vyhr\u00e1no je\u0161t\u011b Tadej Poga\u010dar nem\u00e1. Ka\u017edop\u00e1dn\u011b se m\u016f\u017ee za\u0159adit do skupiny vyvolen\u00fdch cyklistick\u00fdch velik\u00e1n\u016f. Sta\u010d\u00ed udr\u017eet \u010derven\u00fd dres a\u017e do c\u00edle v Granad\u011b, proto\u017ee pouze \u010dty\u0159i jezdci v pov\u00e1le\u010dn\u00e9 historii na n\u011bkter\u00e9 z Grand Tour dr\u017eeli vl\u00e1dli od \u00favodn\u00ed etapy. Kte\u0159\u00ed to byli? A co je spojuje se slovinsk\u00fdm fenom\u00e9nem?","robots":{"index":"index","follow":"follow","max-snippet":"max-snippet:-1","max-image-preview":"max-image-preview:large","max-video-preview":"max-video-preview:-1"},"canonical":"https:\/\/www.welovecycling.com\/cs\/2026\/08\/26\/jen-ctyri-velikani-a-ted-mozna-tadej-pogacar\/","og_locale":"cs_CZ","og_type":"article","og_title":"Jen \u010dty\u0159i velik\u00e1ni! A te\u010f mo\u017en\u00e1 Tadej Poga\u010dar","og_description":"Jeho \u010derven\u00e1 je je\u0161t\u011b \u010derven\u011bj\u0161\u00ed. \u0160pan\u011blsk\u00e1 Vuelta mu le\u017e\u00ed u nohou, by\u0165 vyhr\u00e1no je\u0161t\u011b Tadej Poga\u010dar nem\u00e1. Ka\u017edop\u00e1dn\u011b se m\u016f\u017ee za\u0159adit do skupiny vyvolen\u00fdch cyklistick\u00fdch velik\u00e1n\u016f. Sta\u010d\u00ed udr\u017eet \u010derven\u00fd dres a\u017e do c\u00edle v Granad\u011b, proto\u017ee pouze \u010dty\u0159i jezdci v pov\u00e1le\u010dn\u00e9 historii na n\u011bkter\u00e9 z Grand Tour dr\u017eeli vl\u00e1dli od \u00favodn\u00ed etapy. Kte\u0159\u00ed to byli? A co je spojuje se slovinsk\u00fdm fenom\u00e9nem?","og_url":"https:\/\/www.welovecycling.com\/cs\/2026\/08\/26\/jen-ctyri-velikani-a-ted-mozna-tadej-pogacar\/","og_site_name":"\u0160koda We Love Cycling - \u010cesk\u00e1 republika","article_published_time":"2026-08-26T06:40:46+00:00","article_modified_time":"2026-08-26T06:42:27+00:00","og_image":[{"width":1680,"height":1120,"url":"https:\/\/d2p6e6u75xmxt8.cloudfront.net\/13\/2026\/08\/20260825LV04-A.S.O-Cxcling-Toni-Baixauli-BX9_0286.webp","type":"image\/webp"}],"author":"radekmalina","twitter_card":"summary_large_image","twitter_misc":{"Written by":"We Love Cycling","Est. reading time":"5"},"schema":{"@context":"https:\/\/schema.org","@graph":[{"@type":"WebPage","@id":"https:\/\/www.welovecycling.com\/cs\/2026\/08\/26\/jen-ctyri-velikani-a-ted-mozna-tadej-pogacar\/","url":"https:\/\/www.welovecycling.com\/cs\/2026\/08\/26\/jen-ctyri-velikani-a-ted-mozna-tadej-pogacar\/","name":"Jen \u010dty\u0159i velik\u00e1ni! A te\u010f mo\u017en\u00e1 Tadej Poga\u010dar | \u0160koda We Love Cycling - \u010cesk\u00e1 republika","isPartOf":{"@id":"https:\/\/www.welovecycling.com\/cs\/#website"},"primaryImageOfPage":{"@id":"https:\/\/www.welovecycling.com\/cs\/2026\/08\/26\/jen-ctyri-velikani-a-ted-mozna-tadej-pogacar\/#primaryimage"},"image":{"@id":"https:\/\/www.welovecycling.com\/cs\/2026\/08\/26\/jen-ctyri-velikani-a-ted-mozna-tadej-pogacar\/#primaryimage"},"thumbnailUrl":"https:\/\/d2p6e6u75xmxt8.cloudfront.net\/13\/2026\/08\/20260825LV04-A.S.O-Cxcling-Toni-Baixauli-BX9_0286.webp","datePublished":"2026-08-26T06:40:46+00:00","dateModified":"2026-08-26T06:42:27+00:00","author":{"@id":"https:\/\/www.welovecycling.com\/cs\/#\/schema\/person\/d9eeb0a378f3a7e4a6d12d2b536b04b8"},"description":"Jeho \u010derven\u00e1 je je\u0161t\u011b \u010derven\u011bj\u0161\u00ed. \u0160pan\u011blsk\u00e1 Vuelta mu le\u017e\u00ed u nohou, by\u0165 vyhr\u00e1no je\u0161t\u011b Tadej Poga\u010dar nem\u00e1. Ka\u017edop\u00e1dn\u011b se m\u016f\u017ee za\u0159adit do skupiny vyvolen\u00fdch cyklistick\u00fdch velik\u00e1n\u016f. Sta\u010d\u00ed udr\u017eet \u010derven\u00fd dres a\u017e do c\u00edle v Granad\u011b, proto\u017ee pouze \u010dty\u0159i jezdci v pov\u00e1le\u010dn\u00e9 historii na n\u011bkter\u00e9 z Grand Tour dr\u017eeli vl\u00e1dli od \u00favodn\u00ed etapy. Kte\u0159\u00ed to byli? A co je spojuje se slovinsk\u00fdm fenom\u00e9nem?","inLanguage":"cs","potentialAction":[{"@type":"ReadAction","target":["https:\/\/www.welovecycling.com\/cs\/2026\/08\/26\/jen-ctyri-velikani-a-ted-mozna-tadej-pogacar\/"]}]},{"@type":"ImageObject","inLanguage":"cs","@id":"https:\/\/www.welovecycling.com\/cs\/2026\/08\/26\/jen-ctyri-velikani-a-ted-mozna-tadej-pogacar\/#primaryimage","url":"https:\/\/d2p6e6u75xmxt8.cloudfront.net\/13\/2026\/08\/20260825LV04-A.S.O-Cxcling-Toni-Baixauli-BX9_0286.webp","contentUrl":"https:\/\/d2p6e6u75xmxt8.cloudfront.net\/13\/2026\/08\/20260825LV04-A.S.O-Cxcling-Toni-Baixauli-BX9_0286.webp","width":1680,"height":1120,"caption":"Tadej Poga\u010dar Vuelta"},{"@type":"WebSite","@id":"https:\/\/www.welovecycling.com\/cs\/#website","url":"https:\/\/www.welovecycling.com\/cs\/","name":"\u0160koda We Love Cycling - \u010cesk\u00e1 republika","description":"WeLoveCycling.cz je online magaz\u00edn, kter\u00fd v\u00e1m pravideln\u011b p\u0159in\u00e1\u0161\u00ed rady a tipy, zaj\u00edmav\u00e9 \u010dl\u00e1nky, videa a jedine\u010dn\u00e9 report\u00e1\u017ee ze sv\u011bta cyklistiky.","potentialAction":[{"@type":"SearchAction","target":{"@type":"EntryPoint","urlTemplate":"https:\/\/www.welovecycling.com\/cs\/?s={search_term_string}"},"query-input":{"@type":"PropertyValueSpecification","valueRequired":true,"valueName":"search_term_string"}}],"inLanguage":"cs"},{"@type":"Person","@id":"https:\/\/www.welovecycling.com\/cs\/#\/schema\/person\/d9eeb0a378f3a7e4a6d12d2b536b04b8","name":"radekmalina","image":{"@type":"ImageObject","inLanguage":"cs","@id":"https:\/\/www.welovecycling.com\/cs\/#\/schema\/person\/image\/","url":"https:\/\/secure.gravatar.com\/avatar\/66994b632cb8c39a46b9f54afa3ae07201b678d32a54275b6f1c9ffec356bfc0?s=96&d=mm&r=g","contentUrl":"https:\/\/secure.gravatar.com\/avatar\/66994b632cb8c39a46b9f54afa3ae07201b678d32a54275b6f1c9ffec356bfc0?s=96&d=mm&r=g","caption":"radekmalina"},"url":"https:\/\/www.welovecycling.com\/cs\/author\/radekmalina\/"}]}},"_links":{"self":[{"href":"https:\/\/www.welovecycling.com\/cs\/wp-json\/wp\/v2\/posts\/35244","targetHints":{"allow":["GET"]}}],"collection":[{"href":"https:\/\/www.welovecycling.com\/cs\/wp-json\/wp\/v2\/posts"}],"about":[{"href":"https:\/\/www.welovecycling.com\/cs\/wp-json\/wp\/v2\/types\/post"}],"author":[{"embeddable":true,"href":"https:\/\/www.welovecycling.com\/cs\/wp-json\/wp\/v2\/users\/138"}],"replies":[{"embeddable":true,"href":"https:\/\/www.welovecycling.com\/cs\/wp-json\/wp\/v2\/comments?post=35244"}],"version-history":[{"count":3,"href":"https:\/\/www.welovecycling.com\/cs\/wp-json\/wp\/v2\/posts\/35244\/revisions"}],"predecessor-version":[{"id":35247,"href":"https:\/\/www.welovecycling.com\/cs\/wp-json\/wp\/v2\/posts\/35244\/revisions\/35247"}],"wp:featuredmedia":[{"embeddable":true,"href":"https:\/\/www.welovecycling.com\/cs\/wp-json\/wp\/v2\/media\/35242"}],"wp:attachment":[{"href":"https:\/\/www.welovecycling.com\/cs\/wp-json\/wp\/v2\/media?parent=35244"}],"wp:term":[{"taxonomy":"category","embeddable":true,"href":"https:\/\/www.welovecycling.com\/cs\/wp-json\/wp\/v2\/categories?post=35244"},{"taxonomy":"post_tag","embeddable":true,"href":"https:\/\/www.welovecycling.com\/cs\/wp-json\/wp\/v2\/tags?post=35244"},{"taxonomy":"global-categories","embeddable":true,"href":"https:\/\/www.welovecycling.com\/cs\/wp-json\/wp\/v2\/global-categories?post=35244"}],"curies":[{"name":"wp","href":"https:\/\/api.w.org\/{rel}","templated":true}]}}