{"id":35222,"date":"2026-08-25T14:30:47","date_gmt":"2026-08-25T12:30:47","guid":{"rendered":"https:\/\/www.welovecycling.com\/cs\/?p=35222"},"modified":"2026-08-25T14:30:19","modified_gmt":"2026-08-25T12:30:19","slug":"pogachitar-vuelta-zarizla-vlastni-influencerku","status":"publish","type":"post","link":"https:\/\/www.welovecycling.com\/cs\/2026\/08\/25\/pogachitar-vuelta-zarizla-vlastni-influencerku\/","title":{"rendered":"Pogachitar?! Vuelta za\u0159\u00edzla vlastn\u00ed influencerku kv\u016fli sexismu"},"content":{"rendered":"<p><strong>Soci\u00e1ln\u00ed s\u00edt\u011b h\u00fdbou sv\u011btem! \u0160pan\u011blsk\u00e1 Vuelta, t\u0159et\u00ed cyklistick\u00e1 Grand Tour sezony, najala influencerku, aby zv\u00fd\u0161ila dosah a sledovanost z\u00e1vodu. Prost\u011b inovace, co pom\u016f\u017ee. Sta\u010dila jedna etapa a veden\u00ed zjistilo, \u017ee po\u010det sleduj\u00edc\u00edch na profilu nemus\u00ed automaticky garantovat znalost t\u00e9matu a p\u0159\u00ednosn\u00fd obsah.<\/strong><\/p>\n<p>Vuelta najala influencerku, kter\u00e1 m\u00e1 na vlastn\u00edch profilech p\u0159es \u0161est milion\u016f sleduj\u00edc\u00edch. P\u016fvodn\u00ed pl\u00e1n? Moderov\u00e1n\u00ed \u017eiv\u00fdch stream\u016f na kan\u00e1lech YouTube a Twitch z\u00e1vodu, aby soci\u00e1ln\u00ed s\u00edt\u011b Vuely nabobtnaly.<\/p>\n<p>Erola Jons z\u00edskala p\u0159\u00edstup do z\u00e1kulis\u00ed, aby interakce s cyklisty byla dokonal\u00e1. Slu\u0161\u00ed se p\u0159ipomenout, \u017ee osmadvacetilet\u00e1 influencerka vybudovala svoje sleduj\u00edc\u00ed na z\u00e1klad\u011b obsahu, kdy flirtuje s ciz\u00edmi mu\u017ei na ve\u0159ejnosti. Nepro\u0161la \u017e\u00e1dn\u00fdm cyklistick\u00fdm prost\u0159ed\u00edm, nem\u00e1 k cyklistice \u017e\u00e1dn\u00fd vztah ani odborn\u00e9 znalosti.<\/p>\n<h2><strong>Zbo\u0159\u00edme soci\u00e1ln\u00ed s\u00edt\u011b, pl\u00e1novala Vuelta<\/strong><\/h2>\n<p>Influencerka po prvn\u00ed etap\u011b pok\u0159ikovala v z\u00e1kulis\u00ed na l\u00eddra z\u00e1vodu Tadeje Poga\u010dara, kdy\u017e \u010dekal na p\u0159ed\u00e1v\u00e1n\u00ed dres\u016f. &#8222;Pogachitar! Pogachitar!&#8220; K l\u00eddrovi pr\u016fb\u011b\u017en\u00e9ho po\u0159ad\u00ed &#8222;\u0161t\u011bkala&#8220; ot\u00e1zky, kter\u00e9 pranic nesouvisely se z\u00e1vodem nebo cyklistikou obecn\u011b. Kdy\u017e pak slovinsk\u00fd l\u00eddr UAE Emirates XRG navle\u010den\u00fd v rud\u00e9m dresu vedouc\u00edho mu\u017ee z\u00e1vodu odch\u00e1zel z podia, vyslechl si ot\u00e1zku:\u00a0 Jsi tak rychl\u00fd i v soukrom\u00e9m \u017eivot\u011b? Pro\u010d poka\u017ed\u00e9, kdy\u017e m\u011b vid\u00ed\u0161, lap\u00e1\u0161 po dechu?<\/p>\n<p>Zmaten\u00fd z\u00e1vodn\u00edk se zeptal, o co jde, na\u010de\u017e influencerka reagovala opakov\u00e1n\u00edm dotazu. &#8222;D\u00fdch\u00e1m \u010dty\u0159iadvacet hodin denn\u011b. Sedm dn\u00ed v t\u00fddnu,&#8220; odpov\u011bd\u011bl Tadej Poga\u010dar.<\/p>\n<blockquote class=\"instagram-media\" style=\"background: #FFF; border: 0; border-radius: 3px; box-shadow: 0 0 1px 0 rgba(0,0,0,0.5),0 1px 10px 0 rgba(0,0,0,0.15); margin: 1px; max-width: 540px; min-width: 326px; padding: 0; width: calc(100% - 2px);\" data-instgrm-captioned=\"\" data-instgrm-permalink=\"https:\/\/www.instagram.com\/reel\/DcbYKSwNHW0\/?utm_source=ig_embed&amp;utm_campaign=loading\" data-instgrm-version=\"14\">\n<div style=\"padding: 16px;\">\n<p>&nbsp;<\/p>\n<div style=\"display: flex; flex-direction: row; align-items: center;\">\n<div style=\"background-color: #f4f4f4; border-radius: 50%; flex-grow: 0; height: 40px; margin-right: 14px; width: 40px;\"><\/div>\n<div style=\"display: flex; flex-direction: column; flex-grow: 1; justify-content: center;\">\n<div style=\"background-color: #f4f4f4; border-radius: 4px; flex-grow: 0; height: 14px; margin-bottom: 6px; width: 100px;\"><\/div>\n<div style=\"background-color: #f4f4f4; border-radius: 4px; flex-grow: 0; height: 14px; width: 60px;\"><\/div>\n<\/div>\n<\/div>\n<div style=\"padding: 19% 0;\"><\/div>\n<div style=\"display: block; height: 50px; margin: 0 auto 12px; width: 50px;\"><\/div>\n<div style=\"padding-top: 8px;\">\n<div style=\"color: #3897f0; font-family: Arial,sans-serif; font-size: 14px; font-style: normal; font-weight: 550; line-height: 18px;\">Zobrazit p\u0159\u00edsp\u011bvek na Instagramu<\/div>\n<\/div>\n<div style=\"padding: 12.5% 0;\"><\/div>\n<div style=\"display: flex; flex-direction: row; margin-bottom: 14px; align-items: center;\">\n<div>\n<div style=\"background-color: #f4f4f4; border-radius: 50%; height: 12.5px; width: 12.5px; transform: translateX(0px) translateY(7px);\"><\/div>\n<div style=\"background-color: #f4f4f4; height: 12.5px; transform: rotate(-45deg) translateX(3px) translateY(1px); width: 12.5px; flex-grow: 0; margin-right: 14px; margin-left: 2px;\"><\/div>\n<div style=\"background-color: #f4f4f4; border-radius: 50%; height: 12.5px; width: 12.5px; transform: translateX(9px) translateY(-18px);\"><\/div>\n<\/div>\n<div style=\"margin-left: 8px;\">\n<div style=\"background-color: #f4f4f4; border-radius: 50%; flex-grow: 0; height: 20px; width: 20px;\"><\/div>\n<div style=\"width: 0; height: 0; border-top: 2px solid transparent; border-left: 6px solid #f4f4f4; border-bottom: 2px solid transparent; transform: translateX(16px) translateY(-4px) rotate(30deg);\"><\/div>\n<\/div>\n<div style=\"margin-left: auto;\">\n<div style=\"width: 0px; border-top: 8px solid #F4F4F4; border-right: 8px solid transparent; transform: translateY(16px);\"><\/div>\n<div style=\"background-color: #f4f4f4; flex-grow: 0; height: 12px; width: 16px; transform: translateY(-4px);\"><\/div>\n<div style=\"width: 0; height: 0; border-top: 8px solid #F4F4F4; border-left: 8px solid transparent; transform: translateY(-4px) translateX(8px);\"><\/div>\n<\/div>\n<\/div>\n<div style=\"display: flex; flex-direction: column; flex-grow: 1; justify-content: center; margin-bottom: 24px;\">\n<div style=\"background-color: #f4f4f4; border-radius: 4px; flex-grow: 0; height: 14px; margin-bottom: 6px; width: 224px;\"><\/div>\n<div style=\"background-color: #f4f4f4; border-radius: 4px; flex-grow: 0; height: 14px; width: 144px;\"><\/div>\n<\/div>\n<p>&nbsp;<\/p>\n<p style=\"color: #c9c8cd; font-family: Arial,sans-serif; font-size: 14px; line-height: 17px; margin-bottom: 0; margin-top: 8px; overflow: hidden; padding: 8px 0 7px; text-align: center; text-overflow: ellipsis; white-space: nowrap;\"><a style=\"color: #c9c8cd; font-family: Arial,sans-serif; font-size: 14px; font-style: normal; font-weight: normal; line-height: 17px; text-decoration: none;\" href=\"https:\/\/www.instagram.com\/reel\/DcbYKSwNHW0\/?utm_source=ig_embed&amp;utm_campaign=loading\" target=\"_blank\" rel=\"noopener\">P\u0159\u00edsp\u011bvek sd\u00edlen\u00fd THE OBJECTIVE (@theobjective_es)<\/a><\/p>\n<\/div>\n<\/blockquote>\n<p><script async src=\"\/\/www.instagram.com\/embed.js\"><\/script>\u00a0&#8222;Jsi tady, abys vyhr\u00e1l, nebo abys m\u011b rozpt\u00fdlil? Jsi moc roztomil\u00fd,&#8220; vyslechl si zase jeden ze z\u00e1vodn\u00edk\u016f Netcompany Ineos.<\/p>\n<p>Vrchol ale teprve p\u0159i\u0161el, kdy\u017e se influencerka pokusila o rozhovor s Joshem Tarlingem osm dn\u016f pot\u00e9, co p\u0159i cyklistick\u00e9m z\u00e1vod\u011b Kolem Portugalska zem\u0159el jeho bratr.<\/p>\n<div class=\"shortcode-ys-post-pinup\"><article class=\"loop-simple post-35069 post type-post status-publish format-standard has-post-thumbnail hentry category-silnicni-cyklistika tag-cyklistika tag-czech-tour-2026 tag-jan-hirt tag-nsn-cycling-team tag-silnicni-cyklistika tag-vuelta global-categories-cycling\" data-postid=\"35069\" role=\"article\" data-post-id=\"35069\" data-word-count=\"589\" data-headline-length=\"76\" data-category=\"Silni\u010dn\u00ed cyklistika\" data-global-category=\"Cycling\" data-author=\"Radek Malina\" data-published=\"2026-08-13T09:08:55+02:00\" data-published-day=\"Thursday\">\n    <div class=\"entry-thumbnail article-thumbnail\" content=\"https:\/\/d2p6e6u75xmxt8.cloudfront.net\/13\/2026\/08\/profimedia-1120095984-150x150.webp\"><a href=\"https:\/\/www.welovecycling.com\/cs\/2026\/08\/13\/jan-hirt-o-zavodeni-v-ere-pogacara-musite-doufat-a-verit-v-nadeji\/\" class=\"image-holder\" target=\"_self\"><img decoding=\"async\" loading=\"lazy\" class=\"\" src=\"https:\/\/d2p6e6u75xmxt8.cloudfront.net\/13\/2026\/08\/profimedia-1120095984-1024x683.webp\" srcset=\"https:\/\/d2p6e6u75xmxt8.cloudfront.net\/13\/2026\/08\/profimedia-1120095984.webp 1800w, https:\/\/d2p6e6u75xmxt8.cloudfront.net\/13\/2026\/08\/profimedia-1120095984-300x200.webp 300w, https:\/\/d2p6e6u75xmxt8.cloudfront.net\/13\/2026\/08\/profimedia-1120095984-1024x683.webp 1024w, https:\/\/d2p6e6u75xmxt8.cloudfront.net\/13\/2026\/08\/profimedia-1120095984-768x512.webp 768w, https:\/\/d2p6e6u75xmxt8.cloudfront.net\/13\/2026\/08\/profimedia-1120095984-1536x1024.webp 1536w, https:\/\/d2p6e6u75xmxt8.cloudfront.net\/13\/2026\/08\/profimedia-1120095984-400x267.webp 400w, https:\/\/d2p6e6u75xmxt8.cloudfront.net\/13\/2026\/08\/profimedia-1120095984-272x182.webp 272w\" width=\"1024\" height=\"683\" sizes=\"auto, (min-width: 1200px) 300px, (min-width: 768px) 25vw, 100vw\" alt=\"jan-hirt-o-zavodeni-v-ere-pogacara-musite-doufat-a-verit-v-nadeji\"\/><\/a><\/div>    <div class=\"entry-meta\">\n        <a class=\"label label-secondary post-category\" href=\"https:\/\/www.welovecycling.com\/cs\/category\/silnicni-cyklistika\/\" title=\"Silni\u010dn\u00ed cyklistika\">Silni\u010dn\u00ed cyklistika<\/a>\n    <\/div>\n    <div class=\"entry-details\">\n        <a href=\"https:\/\/www.welovecycling.com\/cs\/2026\/08\/13\/jan-hirt-o-zavodeni-v-ere-pogacara-musite-doufat-a-verit-v-nadeji\/\" class='entry-title-wrapper'>\n            <h3 class=\"entry-title\"><span>Jan Hirt o z\u00e1vod\u011bn\u00ed v \u00e9\u0159e Poga\u010dara: Mus\u00edte doufat a v\u011b\u0159it v nad\u011bji<\/span><\/h3>\n        <\/a>\n    <\/div>\n    <\/article>\n<\/div>\n<p>&#8222;Nemysl\u00edm si, \u017ee m\u00e1 r\u00e1d rozhovory. A u\u017e v\u016fbec ne ty moje. Ale je\u0161t\u011b m\u00e1m dvacet etap, abych si ho z\u00edskala. Tuhle bitvu vyhraju,&#8220; uvedla na mikrofon v p\u0159enosu Erola Jons. V dal\u0161\u00edch z\u00e1b\u011brech sugestivn\u00edm zp\u016fsobem komentovala vzhled a oble\u010den\u00ed jezdc\u016f.<\/p>\n<h2><strong>P\u0159\u00edstup k cyklist\u016fm? Zak\u00e1z\u00e1n<\/strong><\/h2>\n<p>T\u00fdmy a jejich z\u00e1stupci reagovali podr\u00e1\u017ed\u011bn\u011b. Sportovn\u00ed fanou\u0161ci zrovna tak. A veden\u00ed z\u00e1vodu p\u0159ekvapiv\u011b uznalo vlastn\u00ed p\u0159ehmat. &#8222;Erola Jons s okam\u017eitou platnost\u00ed nebude m\u00edt p\u0159\u00edstup do t\u00fdmov\u00fdch autobus\u016f ani prostor, kde m\u016f\u017ee komunikovat se z\u00e1vodn\u00edky. Po\u017e\u00e1dali jsme ji o \u00fapravu sv\u00e9ho obsahu, aby korespondoval s ud\u00e1lost\u00ed nejvy\u0161\u0161\u00ed sportovn\u00ed \u00farovn\u011b,&#8220; uvedla Vuelta pro sportovn\u00ed den\u00edk Marca.<\/p>\n<figure id=\"attachment_35229\" aria-describedby=\"caption-attachment-35229\" style=\"width: 1800px\" class=\"wp-caption alignnone\"><a href=\"https:\/\/d2p6e6u75xmxt8.cloudfront.net\/13\/2026\/08\/profimedia-0969937456.webp\"><img loading=\"lazy\" decoding=\"async\" class=\"size-full wp-image-35229\" src=\"https:\/\/d2p6e6u75xmxt8.cloudfront.net\/13\/2026\/08\/profimedia-0969937456.webp\" alt=\"\" width=\"1800\" height=\"1200\" srcset=\"https:\/\/d2p6e6u75xmxt8.cloudfront.net\/13\/2026\/08\/profimedia-0969937456.webp 1800w, https:\/\/d2p6e6u75xmxt8.cloudfront.net\/13\/2026\/08\/profimedia-0969937456-300x200.webp 300w, https:\/\/d2p6e6u75xmxt8.cloudfront.net\/13\/2026\/08\/profimedia-0969937456-1024x683.webp 1024w, https:\/\/d2p6e6u75xmxt8.cloudfront.net\/13\/2026\/08\/profimedia-0969937456-768x512.webp 768w, https:\/\/d2p6e6u75xmxt8.cloudfront.net\/13\/2026\/08\/profimedia-0969937456-1536x1024.webp 1536w, https:\/\/d2p6e6u75xmxt8.cloudfront.net\/13\/2026\/08\/profimedia-0969937456-400x267.webp 400w, https:\/\/d2p6e6u75xmxt8.cloudfront.net\/13\/2026\/08\/profimedia-0969937456-272x182.webp 272w\" sizes=\"auto, (max-width: 1800px) 100vw, 1800px\" \/><\/a><figcaption id=\"caption-attachment-35229\" class=\"wp-caption-text\"><em>Erola Jons m\u011bla pozvednou soci\u00e1ln\u00ed s\u00edt\u011b z\u00e1v\u011bre\u010dn\u00e9 Grand Tour sezony. Vuelta ji rad\u011bji omezila p\u0159\u00edstup k cyklist\u016fm.<\/em><\/figcaption><\/figure>\n<p>&#8222;Poni\u010dila pokrok a pozici, kterou si \u017eeny mnoho let v cyklistice budovaly. Vytvo\u0159ila obraz \u017eeny bez znalosti cyklistiky a respektu k cyklist\u016fm. Je t\u0159eba p\u0159evz\u00edt odpov\u011bdnost a zamyslet se, jak\u00e9 publikum a za jakou cenu chceme z\u00edskat? A jak daleko je p\u0159\u00edpustn\u00e9 zaj\u00edt ve snaze o z\u00e1bavu a lajky,&#8220; reagovala Laura Meseguer, koment\u00e1torka Eurosportu, ve sloupku \u0161pan\u011blsk\u00e9ho serveru El Pa\u00eds. Dal\u0161\u00ed koment\u00e1\u0159e se nesly v podobn\u00e9m duchu a hovo\u0159ily o trapnosti a\u0165 u\u017e z pohledu sexistick\u00fdch pozn\u00e1mek \u010di absolutn\u00edho nev\u011bdom\u00ed influencerky o d\u00e9lce prvn\u00ed etapy \u010di jej\u00edm v\u00edt\u011bzi.<\/p>\n<div class=\"shortcode-ys-post-pinup\"><article class=\"loop-simple post-35155 post type-post status-publish format-standard has-post-thumbnail hentry category-silnicni-cyklistika tag-cyklistika tag-primoz-roglic tag-silnicni-cyklistika tag-tadej-pogacar tag-tour-de-france tag-vuelta-2026 global-categories-cycling\" data-postid=\"35155\" role=\"article\" data-post-id=\"35155\" data-word-count=\"569\" data-headline-length=\"62\" data-category=\"Silni\u010dn\u00ed cyklistika\" data-global-category=\"Cycling\" data-author=\"We Love Cycling\" data-published=\"2026-08-19T06:00:35+02:00\" data-published-day=\"Wednesday\">\n    <div class=\"entry-thumbnail article-thumbnail\" content=\"https:\/\/d2p6e6u75xmxt8.cloudfront.net\/13\/2025\/11\/20251101SING1135-150x150.webp\"><a href=\"https:\/\/www.welovecycling.com\/cs\/2026\/08\/19\/slovinska-paka-na-vuelte-zavod-rekordmana-s-posledni-velkou-fajfkou\/\" class=\"image-holder\" target=\"_self\"><img decoding=\"async\" loading=\"lazy\" class=\"\" src=\"https:\/\/d2p6e6u75xmxt8.cloudfront.net\/13\/2025\/11\/20251101SING1135-1024x683.webp\" srcset=\"https:\/\/d2p6e6u75xmxt8.cloudfront.net\/13\/2025\/11\/20251101SING1135-scaled.webp 2560w, https:\/\/d2p6e6u75xmxt8.cloudfront.net\/13\/2025\/11\/20251101SING1135-300x200.webp 300w, https:\/\/d2p6e6u75xmxt8.cloudfront.net\/13\/2025\/11\/20251101SING1135-1024x683.webp 1024w, https:\/\/d2p6e6u75xmxt8.cloudfront.net\/13\/2025\/11\/20251101SING1135-768x512.webp 768w, https:\/\/d2p6e6u75xmxt8.cloudfront.net\/13\/2025\/11\/20251101SING1135-1536x1024.webp 1536w, https:\/\/d2p6e6u75xmxt8.cloudfront.net\/13\/2025\/11\/20251101SING1135-2048x1365.webp 2048w, https:\/\/d2p6e6u75xmxt8.cloudfront.net\/13\/2025\/11\/20251101SING1135-1920x1280.webp 1920w, https:\/\/d2p6e6u75xmxt8.cloudfront.net\/13\/2025\/11\/20251101SING1135-400x267.webp 400w, https:\/\/d2p6e6u75xmxt8.cloudfront.net\/13\/2025\/11\/20251101SING1135-272x182.webp 272w, https:\/\/d2p6e6u75xmxt8.cloudfront.net\/13\/2025\/11\/20251101SING1135-1920x1280.webp 1920w\" width=\"1024\" height=\"683\" sizes=\"auto, (min-width: 1200px) 300px, (min-width: 768px) 25vw, 100vw\" alt=\"slovinska-paka-na-vuelte-zavod-rekordmana-s-posledni-velkou-fajfkou\"\/><\/a><\/div>    <div class=\"entry-meta\">\n        <a class=\"label label-secondary post-category\" href=\"https:\/\/www.welovecycling.com\/cs\/category\/silnicni-cyklistika\/\" title=\"Silni\u010dn\u00ed cyklistika\">Silni\u010dn\u00ed cyklistika<\/a>\n    <\/div>\n    <div class=\"entry-details\">\n        <a href=\"https:\/\/www.welovecycling.com\/cs\/2026\/08\/19\/slovinska-paka-na-vuelte-zavod-rekordmana-s-posledni-velkou-fajfkou\/\" class='entry-title-wrapper'>\n            <h3 class=\"entry-title\"><span>Slovinsk\u00e1 bitva. Z\u00e1vod rekordmana s posledn\u00ed velkou fajfkou<\/span><\/h3>\n        <\/a>\n    <\/div>\n    <\/article>\n<\/div>\n<p>\u00dadajn\u011b organiz\u00e1to\u0159i zva\u017eovali ukon\u010den\u00ed spolupr\u00e1ce, ale nakonec se rozhodli i p\u0159es kontroverze nechat influencerku sou\u010d\u00e1st\u00ed <a href=\"https:\/\/www.welovecycling.com\/cs\/2026\/08\/25\/vuelta-zazila-apokalypsu-co-rika-protokol-o-extremnim-pocasi\/\">z\u00e1vodu<\/a>. Vuelta nyn\u00ed bude \u00fadajn\u011b usilovat podle serveru domestique.com, aby tvorba influencerky odr\u00e1\u017eela skute\u010dn\u00e9 prost\u0159ed\u00ed velk\u00e9 profesion\u00e1ln\u00ed sportovn\u00ed ud\u00e1losti.<\/p>\n<p><em>Tituln\u00ed foto: A.S.O.\/<span class=\"MuiChip-label MuiChip-labelMedium css-s01idy\">Toni Baixauli\/<\/span><span class=\"MuiChip-label MuiChip-labelMedium css-s01idy\">Cxcling<\/span><\/em><\/p>\n","protected":false},"excerpt":{"rendered":"<p>Soci\u00e1ln\u00ed s\u00edt\u011b h\u00fdbou sv\u011btem! \u0160pan\u011blsk\u00e1 Vuelta, t\u0159et\u00ed cyklistick\u00e1 Grand Tour sezony, najala influencerku, aby zv\u00fd\u0161ila dosah a sledovanost z\u00e1vodu. Prost\u011b [&hellip;]<\/p>\n","protected":false},"author":138,"featured_media":35230,"comment_status":"open","ping_status":"open","sticky":false,"template":"","format":"standard","meta":{"footnotes":""},"categories":[10],"tags":[126,4787,4786,9,519,502,273],"global-categories":[411],"class_list":["post-35222","post","type-post","status-publish","format-standard","has-post-thumbnail","hentry","category-silnicni-cyklistika","tag-cyklistika","tag-erola-jons","tag-pogachitar","tag-silnicni-cyklistika","tag-socialni-site","tag-tadej-pogacar","tag-vuelta","global-categories-cycling"],"yoast_head":"<!-- This site is optimized with the Yoast SEO Premium plugin v25.3 (Yoast SEO v25.9) - https:\/\/yoast.com\/wordpress\/plugins\/seo\/ -->\n<title>Pogachitar?! Vuelta za\u0159\u00edzla vlastn\u00ed influencerku kv\u016fli sexismu | \u0160koda We Love Cycling - \u010cesk\u00e1 republika<\/title>\n<meta name=\"description\" content=\"Soci\u00e1ln\u00ed s\u00edt\u011b h\u00fdbou sv\u011btem! \u0160pan\u011blsk\u00e1 Vuelta, t\u0159et\u00ed cyklistick\u00e1 Grand Tour sezony, najala influencerku, aby zv\u00fd\u0161ila dosah a sledovanost z\u00e1vodu. Sta\u010dila jedna etapa a veden\u00ed zjistilo, \u017ee po\u010det sleduj\u00edc\u00edch na profilu nemus\u00ed automaticky garantovat znalost t\u00e9matu a p\u0159\u00ednosn\u00fd obsah.\" \/>\n<meta name=\"robots\" content=\"index, follow, max-snippet:-1, max-image-preview:large, max-video-preview:-1\" \/>\n<link rel=\"canonical\" href=\"https:\/\/www.welovecycling.com\/cs\/2026\/08\/25\/pogachitar-vuelta-zarizla-vlastni-influencerku\/\" \/>\n<meta property=\"og:locale\" content=\"cs_CZ\" \/>\n<meta property=\"og:type\" content=\"article\" \/>\n<meta property=\"og:title\" content=\"Pogachitar?! Vuelta za\u0159\u00edzla vlastn\u00ed influencerku kv\u016fli sexismu\" \/>\n<meta property=\"og:description\" content=\"Soci\u00e1ln\u00ed s\u00edt\u011b h\u00fdbou sv\u011btem! \u0160pan\u011blsk\u00e1 Vuelta, t\u0159et\u00ed cyklistick\u00e1 Grand Tour sezony, najala influencerku, aby zv\u00fd\u0161ila dosah a sledovanost z\u00e1vodu. Sta\u010dila jedna etapa a veden\u00ed zjistilo, \u017ee po\u010det sleduj\u00edc\u00edch na profilu nemus\u00ed automaticky garantovat znalost t\u00e9matu a p\u0159\u00ednosn\u00fd obsah.\" \/>\n<meta property=\"og:url\" content=\"https:\/\/www.welovecycling.com\/cs\/2026\/08\/25\/pogachitar-vuelta-zarizla-vlastni-influencerku\/\" \/>\n<meta property=\"og:site_name\" content=\"\u0160koda We Love Cycling - \u010cesk\u00e1 republika\" \/>\n<meta property=\"article:published_time\" content=\"2026-08-25T12:30:47+00:00\" \/>\n<meta property=\"og:image\" content=\"https:\/\/d2p6e6u75xmxt8.cloudfront.net\/13\/2026\/08\/20260824LV03-A.S.O-Cxcling-Toni-Baixauli-BX9_0300.webp\" \/>\n\t<meta property=\"og:image:width\" content=\"1680\" \/>\n\t<meta property=\"og:image:height\" content=\"1120\" \/>\n\t<meta property=\"og:image:type\" content=\"image\/webp\" \/>\n<meta name=\"author\" content=\"radekmalina\" \/>\n<meta name=\"twitter:card\" content=\"summary_large_image\" \/>\n<meta name=\"twitter:label1\" content=\"Written by\" \/>\n\t<meta name=\"twitter:data1\" content=\"We Love Cycling\" \/>\n\t<meta name=\"twitter:label2\" content=\"Est. reading time\" \/>\n\t<meta name=\"twitter:data2\" content=\"5\" \/>\n<script type=\"application\/ld+json\" class=\"yoast-schema-graph\">{\"@context\":\"https:\/\/schema.org\",\"@graph\":[{\"@type\":\"WebPage\",\"@id\":\"https:\/\/www.welovecycling.com\/cs\/2026\/08\/25\/pogachitar-vuelta-zarizla-vlastni-influencerku\/\",\"url\":\"https:\/\/www.welovecycling.com\/cs\/2026\/08\/25\/pogachitar-vuelta-zarizla-vlastni-influencerku\/\",\"name\":\"Pogachitar?! Vuelta za\u0159\u00edzla vlastn\u00ed influencerku kv\u016fli sexismu | \u0160koda We Love Cycling - \u010cesk\u00e1 republika\",\"isPartOf\":{\"@id\":\"https:\/\/www.welovecycling.com\/cs\/#website\"},\"primaryImageOfPage\":{\"@id\":\"https:\/\/www.welovecycling.com\/cs\/2026\/08\/25\/pogachitar-vuelta-zarizla-vlastni-influencerku\/#primaryimage\"},\"image\":{\"@id\":\"https:\/\/www.welovecycling.com\/cs\/2026\/08\/25\/pogachitar-vuelta-zarizla-vlastni-influencerku\/#primaryimage\"},\"thumbnailUrl\":\"https:\/\/d2p6e6u75xmxt8.cloudfront.net\/13\/2026\/08\/20260824LV03-A.S.O-Cxcling-Toni-Baixauli-BX9_0300.webp\",\"datePublished\":\"2026-08-25T12:30:47+00:00\",\"author\":{\"@id\":\"https:\/\/www.welovecycling.com\/cs\/#\/schema\/person\/d9eeb0a378f3a7e4a6d12d2b536b04b8\"},\"description\":\"Soci\u00e1ln\u00ed s\u00edt\u011b h\u00fdbou sv\u011btem! \u0160pan\u011blsk\u00e1 Vuelta, t\u0159et\u00ed cyklistick\u00e1 Grand Tour sezony, najala influencerku, aby zv\u00fd\u0161ila dosah a sledovanost z\u00e1vodu. Sta\u010dila jedna etapa a veden\u00ed zjistilo, \u017ee po\u010det sleduj\u00edc\u00edch na profilu nemus\u00ed automaticky garantovat znalost t\u00e9matu a p\u0159\u00ednosn\u00fd obsah.\",\"inLanguage\":\"cs\",\"potentialAction\":[{\"@type\":\"ReadAction\",\"target\":[\"https:\/\/www.welovecycling.com\/cs\/2026\/08\/25\/pogachitar-vuelta-zarizla-vlastni-influencerku\/\"]}]},{\"@type\":\"ImageObject\",\"inLanguage\":\"cs\",\"@id\":\"https:\/\/www.welovecycling.com\/cs\/2026\/08\/25\/pogachitar-vuelta-zarizla-vlastni-influencerku\/#primaryimage\",\"url\":\"https:\/\/d2p6e6u75xmxt8.cloudfront.net\/13\/2026\/08\/20260824LV03-A.S.O-Cxcling-Toni-Baixauli-BX9_0300.webp\",\"contentUrl\":\"https:\/\/d2p6e6u75xmxt8.cloudfront.net\/13\/2026\/08\/20260824LV03-A.S.O-Cxcling-Toni-Baixauli-BX9_0300.webp\",\"width\":1680,\"height\":1120,\"caption\":\"vuelta soci\u00e1ln\u00ed s\u00edt\u011b\"},{\"@type\":\"WebSite\",\"@id\":\"https:\/\/www.welovecycling.com\/cs\/#website\",\"url\":\"https:\/\/www.welovecycling.com\/cs\/\",\"name\":\"\u0160koda We Love Cycling - \u010cesk\u00e1 republika\",\"description\":\"WeLoveCycling.cz je online magaz\u00edn, kter\u00fd v\u00e1m pravideln\u011b p\u0159in\u00e1\u0161\u00ed rady a tipy, zaj\u00edmav\u00e9 \u010dl\u00e1nky, videa a jedine\u010dn\u00e9 report\u00e1\u017ee ze sv\u011bta cyklistiky.\",\"potentialAction\":[{\"@type\":\"SearchAction\",\"target\":{\"@type\":\"EntryPoint\",\"urlTemplate\":\"https:\/\/www.welovecycling.com\/cs\/?s={search_term_string}\"},\"query-input\":{\"@type\":\"PropertyValueSpecification\",\"valueRequired\":true,\"valueName\":\"search_term_string\"}}],\"inLanguage\":\"cs\"},{\"@type\":\"Person\",\"@id\":\"https:\/\/www.welovecycling.com\/cs\/#\/schema\/person\/d9eeb0a378f3a7e4a6d12d2b536b04b8\",\"name\":\"radekmalina\",\"image\":{\"@type\":\"ImageObject\",\"inLanguage\":\"cs\",\"@id\":\"https:\/\/www.welovecycling.com\/cs\/#\/schema\/person\/image\/\",\"url\":\"https:\/\/secure.gravatar.com\/avatar\/66994b632cb8c39a46b9f54afa3ae07201b678d32a54275b6f1c9ffec356bfc0?s=96&d=mm&r=g\",\"contentUrl\":\"https:\/\/secure.gravatar.com\/avatar\/66994b632cb8c39a46b9f54afa3ae07201b678d32a54275b6f1c9ffec356bfc0?s=96&d=mm&r=g\",\"caption\":\"radekmalina\"},\"url\":\"https:\/\/www.welovecycling.com\/cs\/author\/radekmalina\/\"}]}<\/script>\n<!-- \/ Yoast SEO Premium plugin. -->","yoast_head_json":{"title":"Pogachitar?! Vuelta za\u0159\u00edzla vlastn\u00ed influencerku kv\u016fli sexismu | \u0160koda We Love Cycling - \u010cesk\u00e1 republika","description":"Soci\u00e1ln\u00ed s\u00edt\u011b h\u00fdbou sv\u011btem! \u0160pan\u011blsk\u00e1 Vuelta, t\u0159et\u00ed cyklistick\u00e1 Grand Tour sezony, najala influencerku, aby zv\u00fd\u0161ila dosah a sledovanost z\u00e1vodu. Sta\u010dila jedna etapa a veden\u00ed zjistilo, \u017ee po\u010det sleduj\u00edc\u00edch na profilu nemus\u00ed automaticky garantovat znalost t\u00e9matu a p\u0159\u00ednosn\u00fd obsah.","robots":{"index":"index","follow":"follow","max-snippet":"max-snippet:-1","max-image-preview":"max-image-preview:large","max-video-preview":"max-video-preview:-1"},"canonical":"https:\/\/www.welovecycling.com\/cs\/2026\/08\/25\/pogachitar-vuelta-zarizla-vlastni-influencerku\/","og_locale":"cs_CZ","og_type":"article","og_title":"Pogachitar?! Vuelta za\u0159\u00edzla vlastn\u00ed influencerku kv\u016fli sexismu","og_description":"Soci\u00e1ln\u00ed s\u00edt\u011b h\u00fdbou sv\u011btem! \u0160pan\u011blsk\u00e1 Vuelta, t\u0159et\u00ed cyklistick\u00e1 Grand Tour sezony, najala influencerku, aby zv\u00fd\u0161ila dosah a sledovanost z\u00e1vodu. Sta\u010dila jedna etapa a veden\u00ed zjistilo, \u017ee po\u010det sleduj\u00edc\u00edch na profilu nemus\u00ed automaticky garantovat znalost t\u00e9matu a p\u0159\u00ednosn\u00fd obsah.","og_url":"https:\/\/www.welovecycling.com\/cs\/2026\/08\/25\/pogachitar-vuelta-zarizla-vlastni-influencerku\/","og_site_name":"\u0160koda We Love Cycling - \u010cesk\u00e1 republika","article_published_time":"2026-08-25T12:30:47+00:00","og_image":[{"width":1680,"height":1120,"url":"https:\/\/d2p6e6u75xmxt8.cloudfront.net\/13\/2026\/08\/20260824LV03-A.S.O-Cxcling-Toni-Baixauli-BX9_0300.webp","type":"image\/webp"}],"author":"radekmalina","twitter_card":"summary_large_image","twitter_misc":{"Written by":"We Love Cycling","Est. reading time":"5"},"schema":{"@context":"https:\/\/schema.org","@graph":[{"@type":"WebPage","@id":"https:\/\/www.welovecycling.com\/cs\/2026\/08\/25\/pogachitar-vuelta-zarizla-vlastni-influencerku\/","url":"https:\/\/www.welovecycling.com\/cs\/2026\/08\/25\/pogachitar-vuelta-zarizla-vlastni-influencerku\/","name":"Pogachitar?! Vuelta za\u0159\u00edzla vlastn\u00ed influencerku kv\u016fli sexismu | \u0160koda We Love Cycling - \u010cesk\u00e1 republika","isPartOf":{"@id":"https:\/\/www.welovecycling.com\/cs\/#website"},"primaryImageOfPage":{"@id":"https:\/\/www.welovecycling.com\/cs\/2026\/08\/25\/pogachitar-vuelta-zarizla-vlastni-influencerku\/#primaryimage"},"image":{"@id":"https:\/\/www.welovecycling.com\/cs\/2026\/08\/25\/pogachitar-vuelta-zarizla-vlastni-influencerku\/#primaryimage"},"thumbnailUrl":"https:\/\/d2p6e6u75xmxt8.cloudfront.net\/13\/2026\/08\/20260824LV03-A.S.O-Cxcling-Toni-Baixauli-BX9_0300.webp","datePublished":"2026-08-25T12:30:47+00:00","author":{"@id":"https:\/\/www.welovecycling.com\/cs\/#\/schema\/person\/d9eeb0a378f3a7e4a6d12d2b536b04b8"},"description":"Soci\u00e1ln\u00ed s\u00edt\u011b h\u00fdbou sv\u011btem! \u0160pan\u011blsk\u00e1 Vuelta, t\u0159et\u00ed cyklistick\u00e1 Grand Tour sezony, najala influencerku, aby zv\u00fd\u0161ila dosah a sledovanost z\u00e1vodu. Sta\u010dila jedna etapa a veden\u00ed zjistilo, \u017ee po\u010det sleduj\u00edc\u00edch na profilu nemus\u00ed automaticky garantovat znalost t\u00e9matu a p\u0159\u00ednosn\u00fd obsah.","inLanguage":"cs","potentialAction":[{"@type":"ReadAction","target":["https:\/\/www.welovecycling.com\/cs\/2026\/08\/25\/pogachitar-vuelta-zarizla-vlastni-influencerku\/"]}]},{"@type":"ImageObject","inLanguage":"cs","@id":"https:\/\/www.welovecycling.com\/cs\/2026\/08\/25\/pogachitar-vuelta-zarizla-vlastni-influencerku\/#primaryimage","url":"https:\/\/d2p6e6u75xmxt8.cloudfront.net\/13\/2026\/08\/20260824LV03-A.S.O-Cxcling-Toni-Baixauli-BX9_0300.webp","contentUrl":"https:\/\/d2p6e6u75xmxt8.cloudfront.net\/13\/2026\/08\/20260824LV03-A.S.O-Cxcling-Toni-Baixauli-BX9_0300.webp","width":1680,"height":1120,"caption":"vuelta soci\u00e1ln\u00ed s\u00edt\u011b"},{"@type":"WebSite","@id":"https:\/\/www.welovecycling.com\/cs\/#website","url":"https:\/\/www.welovecycling.com\/cs\/","name":"\u0160koda We Love Cycling - \u010cesk\u00e1 republika","description":"WeLoveCycling.cz je online magaz\u00edn, kter\u00fd v\u00e1m pravideln\u011b p\u0159in\u00e1\u0161\u00ed rady a tipy, zaj\u00edmav\u00e9 \u010dl\u00e1nky, videa a jedine\u010dn\u00e9 report\u00e1\u017ee ze sv\u011bta cyklistiky.","potentialAction":[{"@type":"SearchAction","target":{"@type":"EntryPoint","urlTemplate":"https:\/\/www.welovecycling.com\/cs\/?s={search_term_string}"},"query-input":{"@type":"PropertyValueSpecification","valueRequired":true,"valueName":"search_term_string"}}],"inLanguage":"cs"},{"@type":"Person","@id":"https:\/\/www.welovecycling.com\/cs\/#\/schema\/person\/d9eeb0a378f3a7e4a6d12d2b536b04b8","name":"radekmalina","image":{"@type":"ImageObject","inLanguage":"cs","@id":"https:\/\/www.welovecycling.com\/cs\/#\/schema\/person\/image\/","url":"https:\/\/secure.gravatar.com\/avatar\/66994b632cb8c39a46b9f54afa3ae07201b678d32a54275b6f1c9ffec356bfc0?s=96&d=mm&r=g","contentUrl":"https:\/\/secure.gravatar.com\/avatar\/66994b632cb8c39a46b9f54afa3ae07201b678d32a54275b6f1c9ffec356bfc0?s=96&d=mm&r=g","caption":"radekmalina"},"url":"https:\/\/www.welovecycling.com\/cs\/author\/radekmalina\/"}]}},"_links":{"self":[{"href":"https:\/\/www.welovecycling.com\/cs\/wp-json\/wp\/v2\/posts\/35222","targetHints":{"allow":["GET"]}}],"collection":[{"href":"https:\/\/www.welovecycling.com\/cs\/wp-json\/wp\/v2\/posts"}],"about":[{"href":"https:\/\/www.welovecycling.com\/cs\/wp-json\/wp\/v2\/types\/post"}],"author":[{"embeddable":true,"href":"https:\/\/www.welovecycling.com\/cs\/wp-json\/wp\/v2\/users\/138"}],"replies":[{"embeddable":true,"href":"https:\/\/www.welovecycling.com\/cs\/wp-json\/wp\/v2\/comments?post=35222"}],"version-history":[{"count":3,"href":"https:\/\/www.welovecycling.com\/cs\/wp-json\/wp\/v2\/posts\/35222\/revisions"}],"predecessor-version":[{"id":35233,"href":"https:\/\/www.welovecycling.com\/cs\/wp-json\/wp\/v2\/posts\/35222\/revisions\/35233"}],"wp:featuredmedia":[{"embeddable":true,"href":"https:\/\/www.welovecycling.com\/cs\/wp-json\/wp\/v2\/media\/35230"}],"wp:attachment":[{"href":"https:\/\/www.welovecycling.com\/cs\/wp-json\/wp\/v2\/media?parent=35222"}],"wp:term":[{"taxonomy":"category","embeddable":true,"href":"https:\/\/www.welovecycling.com\/cs\/wp-json\/wp\/v2\/categories?post=35222"},{"taxonomy":"post_tag","embeddable":true,"href":"https:\/\/www.welovecycling.com\/cs\/wp-json\/wp\/v2\/tags?post=35222"},{"taxonomy":"global-categories","embeddable":true,"href":"https:\/\/www.welovecycling.com\/cs\/wp-json\/wp\/v2\/global-categories?post=35222"}],"curies":[{"name":"wp","href":"https:\/\/api.w.org\/{rel}","templated":true}]}}