{"id":35220,"date":"2026-08-25T10:55:18","date_gmt":"2026-08-25T08:55:18","guid":{"rendered":"https:\/\/www.welovecycling.com\/cs\/?p=35220"},"modified":"2026-08-25T10:55:18","modified_gmt":"2026-08-25T08:55:18","slug":"vuelta-zazila-apokalypsu-co-rika-protokol-o-extremnim-pocasi","status":"publish","type":"post","link":"https:\/\/www.welovecycling.com\/cs\/2026\/08\/25\/vuelta-zazila-apokalypsu-co-rika-protokol-o-extremnim-pocasi\/","title":{"rendered":"Vuelta za\u017eila apokalypsu. Co \u0159\u00edk\u00e1 protokol o extr\u00e9mn\u00edm po\u010das\u00ed?"},"content":{"rendered":"<p><strong>Kroupy o velikosti golfov\u00fdch m\u00ed\u010dk\u016f se sypaly z nebes. K tomu potoky vody. A tak Vuelta, t\u0159et\u00ed Grand Tour cyklistick\u00e9 sezony, za\u017eila aktivaci protokolu o extr\u00e9mn\u00edm po\u010das\u00ed a zru\u0161en\u00ed etapy.<\/strong><\/p>\n<p>T\u0159et\u00ed den na z\u00e1v\u011bre\u010dn\u00e9 Grand Tour roku 2026 za\u010dal idylicky. Za slune\u010dn\u00e9ho po\u010das\u00ed. S pl\u00e1nem, \u017ee ve fin\u00e1le bude na peloton \u010dekat prvn\u00ed skute\u010dn\u00fd test pro adepty na celkov\u00e9 po\u0159ad\u00ed s dojezdem na vrcholu v nadmo\u0159sk\u00e9 v\u00fd\u0161ce t\u00e9m\u011b\u0159 dva tis\u00edce metr\u016f nad mo\u0159em ve Font-Romeu.<\/p>\n<h2><strong>Od plamen\u016f ke krupobit\u00ed<\/strong><\/h2>\n<p>Realita? Region Pyr\u00e9n\u00e9es-Orientales evidentn\u011b nen\u00ed cyklistice zasl\u00edben\u00fd. U\u017e v \u010dervenci zde kon\u010dila etapa Tour de France, ale kv\u016fli po\u017e\u00e1r\u016fm v bl\u00edzk\u00e9m okol\u00ed byl dojezd bez div\u00e1k\u016f. A jak\u00fd osud zde m\u011bla Vuelta p\u0159i t\u0159et\u00edm z\u00e1vodn\u00edm dnu? Peloton v jednom okam\u017eiku proj\u00ed\u017ed\u011bl lokalitou, kde o n\u011bkolik t\u00fddn\u016f d\u0159\u00edve \u0159\u00e1dily ni\u010div\u00e9 po\u017e\u00e1ry. Krajina se\u017eehnut\u00e1 plameny, ruiny dom\u016f zni\u010den\u00e9 ohn\u011bm a p\u00e1r p\u0159e\u017eiv\u0161\u00edch strom\u016f. Byla to apokalyptick\u00e1 sc\u00e9na p\u0159ibli\u017en\u011b t\u0159icet kilometr\u016f od c\u00edle t\u0159et\u00edho d\u011bjstv\u00ed Vuelty.<\/p>\n<p>Sta\u010dilo patn\u00e1ct kilometr\u016f a situace se dramaticky prom\u011bnila. A apokalypsa, tentokr\u00e1t cyklistick\u00e1 a nikoliv tak dramatick\u00e1, zastihla z\u00e1vod. Nad hlavami z\u00e1vodn\u00edk\u016f p\u0159i v\u00fdstupu na Col de Mont-Louis dun\u011bly hromy, oblohu k\u0159i\u017eovaly blesky. V posledn\u00edm stoup\u00e1n\u00ed ude\u0159il blesk do ant\u00e9n vys\u00edlac\u00ed stanice. Silnici pokryly kroupy, kter\u00e9 se od decentn\u00edch kuli\u010dek p\u0159ipom\u00ednaj\u00edc\u00edch Antiperle zv\u011bt\u0161ily na rozm\u011bry golfov\u00fdch m\u00ed\u010dk\u016f.<\/p>\n<blockquote class=\"instagram-media\" style=\"background: #FFF; border: 0; border-radius: 3px; box-shadow: 0 0 1px 0 rgba(0,0,0,0.5),0 1px 10px 0 rgba(0,0,0,0.15); margin: 1px; max-width: 540px; min-width: 326px; padding: 0; width: calc(100% - 2px);\" data-instgrm-captioned=\"\" data-instgrm-permalink=\"https:\/\/www.instagram.com\/p\/Dcb8YVMgkXB\/?utm_source=ig_embed&amp;utm_campaign=loading\" data-instgrm-version=\"14\">\n<div style=\"padding: 16px;\">\n<p>&nbsp;<\/p>\n<div style=\"display: flex; flex-direction: row; align-items: center;\">\n<div style=\"background-color: #f4f4f4; border-radius: 50%; flex-grow: 0; height: 40px; margin-right: 14px; width: 40px;\"><\/div>\n<div style=\"display: flex; flex-direction: column; flex-grow: 1; justify-content: center;\">\n<div style=\"background-color: #f4f4f4; border-radius: 4px; flex-grow: 0; height: 14px; margin-bottom: 6px; width: 100px;\"><\/div>\n<div style=\"background-color: #f4f4f4; border-radius: 4px; flex-grow: 0; height: 14px; width: 60px;\"><\/div>\n<\/div>\n<\/div>\n<div style=\"padding: 19% 0;\"><\/div>\n<div style=\"display: block; height: 50px; margin: 0 auto 12px; width: 50px;\"><\/div>\n<div style=\"padding-top: 8px;\">\n<div style=\"color: #3897f0; font-family: Arial,sans-serif; font-size: 14px; font-style: normal; font-weight: 550; line-height: 18px;\">Zobrazit p\u0159\u00edsp\u011bvek na Instagramu<\/div>\n<\/div>\n<div style=\"padding: 12.5% 0;\"><\/div>\n<div style=\"display: flex; flex-direction: row; margin-bottom: 14px; align-items: center;\">\n<div>\n<div style=\"background-color: #f4f4f4; border-radius: 50%; height: 12.5px; width: 12.5px; transform: translateX(0px) translateY(7px);\"><\/div>\n<div style=\"background-color: #f4f4f4; height: 12.5px; transform: rotate(-45deg) translateX(3px) translateY(1px); width: 12.5px; flex-grow: 0; margin-right: 14px; margin-left: 2px;\"><\/div>\n<div style=\"background-color: #f4f4f4; border-radius: 50%; height: 12.5px; width: 12.5px; transform: translateX(9px) translateY(-18px);\"><\/div>\n<\/div>\n<div style=\"margin-left: 8px;\">\n<div style=\"background-color: #f4f4f4; border-radius: 50%; flex-grow: 0; height: 20px; width: 20px;\"><\/div>\n<div style=\"width: 0; height: 0; border-top: 2px solid transparent; border-left: 6px solid #f4f4f4; border-bottom: 2px solid transparent; transform: translateX(16px) translateY(-4px) rotate(30deg);\"><\/div>\n<\/div>\n<div style=\"margin-left: auto;\">\n<div style=\"width: 0px; border-top: 8px solid #F4F4F4; border-right: 8px solid transparent; transform: translateY(16px);\"><\/div>\n<div style=\"background-color: #f4f4f4; flex-grow: 0; height: 12px; width: 16px; transform: translateY(-4px);\"><\/div>\n<div style=\"width: 0; height: 0; border-top: 8px solid #F4F4F4; border-left: 8px solid transparent; transform: translateY(-4px) translateX(8px);\"><\/div>\n<\/div>\n<\/div>\n<div style=\"display: flex; flex-direction: column; flex-grow: 1; justify-content: center; margin-bottom: 24px;\">\n<div style=\"background-color: #f4f4f4; border-radius: 4px; flex-grow: 0; height: 14px; margin-bottom: 6px; width: 224px;\"><\/div>\n<div style=\"background-color: #f4f4f4; border-radius: 4px; flex-grow: 0; height: 14px; width: 144px;\"><\/div>\n<\/div>\n<p>&nbsp;<\/p>\n<p style=\"color: #c9c8cd; font-family: Arial,sans-serif; font-size: 14px; line-height: 17px; margin-bottom: 0; margin-top: 8px; overflow: hidden; padding: 8px 0 7px; text-align: center; text-overflow: ellipsis; white-space: nowrap;\"><a style=\"color: #c9c8cd; font-family: Arial,sans-serif; font-size: 14px; font-style: normal; font-weight: normal; line-height: 17px; text-decoration: none;\" href=\"https:\/\/www.instagram.com\/p\/Dcb8YVMgkXB\/?utm_source=ig_embed&amp;utm_campaign=loading\" target=\"_blank\" rel=\"noopener\">P\u0159\u00edsp\u011bvek sd\u00edlen\u00fd Velon CC (@veloncc)<\/a><\/p>\n<\/div>\n<\/blockquote>\n<p><script async src=\"\/\/www.instagram.com\/embed.js\"><\/script>\u00a0Bylo to symbolick\u00e9. L\u00eddr z\u00e1vodu Tadej Poga\u010dar z UAE Emirates XRG na \u0161pici hlavn\u00ed skupiny v rud\u00e9m trikotu vedouc\u00edho z\u00e1vodn\u00edka zastavil par\u0165\u00e1ky i soupe\u0159e. V\u016fbec ne\u010dekal na rozhodnut\u00ed \u0159editele. Pokra\u010dovat bylo nemo\u017en\u00e9. A tak\u00e9 riskantn\u00ed.<\/p>\n<p>Cyklist\u00e9 rychle hledali \u00fakryt, aby nebyli p\u0159\u00edli\u0161 potlu\u010den\u00ed. \u00dato\u010di\u0161t\u011bm se staly p\u0159\u00edst\u0159e\u0161ky u silnice a n\u00e1hodn\u00fd hotel. Kule\u010dn\u00edkov\u00fd st\u016fl, posilovna \u010di stoln\u00ed fotbal slou\u017e\u00edc\u00ed jindy hotelov\u00fdm host\u016fm se staly \u00fato\u010di\u0161t\u011bm promrzl\u00fdm z\u00e1vodn\u00edk\u016fm.<\/p>\n<p>Primo\u017e Rogli\u010d z Red Bull Bora Hansgrohe na recepci. Wout van Aert z Visma Lease a Bike v salonku, kde se b\u011b\u017en\u011b pod\u00e1v\u00e1 k\u00e1va. Pokojsk\u00e1 rozn\u00e1\u0161ej\u00edc\u00ed ru\u010dn\u00edky nikoliv po pokoj\u00edch, ale v hale mezi promrzl\u00fdmi cyklisty. Host\u00e9 se nesta\u010dili divit sc\u00e9n\u00e1m, kter\u00e9 se jim naskytly.<\/p>\n<p>Kdy zastavil Poga\u010dar z\u00e1vod poprv\u00e9?<\/p>\n<p>V c\u00edlov\u00e9m prostoru se \u00fato\u010di\u0161t\u011bm organiza\u010dn\u00edmu t\u00fdmu i div\u00e1k\u016fm staly v\u0161echny prostory, kde sk\u00fdtaly alespo\u0148 tro\u0161ku bezpe\u010d\u00ed p\u0159ed krupobit\u00edm a <a href=\"https:\/\/www.welovecycling.com\/cs\/2024\/06\/07\/jak-na-cyklistiku-v-extremnim-desti\/\">provazy vody<\/a>. Kdy\u017e se dav fanou\u0161k\u016f prodral do tiskov\u00e9ho st\u0159ediska, proto\u017ee kroupy se sypaly skute\u010dn\u011b ve velk\u00e9m, ochranka ani nijak neprotestovala. N\u011bkter\u00e9 z doprovodn\u00fdch vozidel karavany z\u00e1vodu se pak pod\u00edlely na transportu fanou\u0161k\u016f pod horu, proto\u017ee kv\u016fli zoufal\u00e9mu po\u010das\u00ed byl zastaven provoz lanovky, v n\u00ed\u017e lid\u00e9 m\u00ed\u0159ili na vrchol, aby povzbudili cyklisty.<\/p>\n<blockquote class=\"instagram-media\" style=\"background: #FFF; border: 0; border-radius: 3px; box-shadow: 0 0 1px 0 rgba(0,0,0,0.5),0 1px 10px 0 rgba(0,0,0,0.15); margin: 1px; max-width: 540px; min-width: 326px; padding: 0; width: calc(100% - 2px);\" data-instgrm-captioned=\"\" data-instgrm-permalink=\"https:\/\/www.instagram.com\/p\/DcbnJziAphk\/?utm_source=ig_embed&amp;utm_campaign=loading\" data-instgrm-version=\"14\">\n<div style=\"padding: 16px;\">\n<p>&nbsp;<\/p>\n<div style=\"display: flex; flex-direction: row; align-items: center;\">\n<div style=\"background-color: #f4f4f4; border-radius: 50%; flex-grow: 0; height: 40px; margin-right: 14px; width: 40px;\"><\/div>\n<div style=\"display: flex; flex-direction: column; flex-grow: 1; justify-content: center;\">\n<div style=\"background-color: #f4f4f4; border-radius: 4px; flex-grow: 0; height: 14px; margin-bottom: 6px; width: 100px;\"><\/div>\n<div style=\"background-color: #f4f4f4; border-radius: 4px; flex-grow: 0; height: 14px; width: 60px;\"><\/div>\n<\/div>\n<\/div>\n<div style=\"padding: 19% 0;\"><\/div>\n<div style=\"display: block; height: 50px; margin: 0 auto 12px; width: 50px;\"><\/div>\n<div style=\"padding-top: 8px;\">\n<div style=\"color: #3897f0; font-family: Arial,sans-serif; font-size: 14px; font-style: normal; font-weight: 550; line-height: 18px;\">Zobrazit p\u0159\u00edsp\u011bvek na Instagramu<\/div>\n<\/div>\n<div style=\"padding: 12.5% 0;\"><\/div>\n<div style=\"display: flex; flex-direction: row; margin-bottom: 14px; align-items: center;\">\n<div>\n<div style=\"background-color: #f4f4f4; border-radius: 50%; height: 12.5px; width: 12.5px; transform: translateX(0px) translateY(7px);\"><\/div>\n<div style=\"background-color: #f4f4f4; height: 12.5px; transform: rotate(-45deg) translateX(3px) translateY(1px); width: 12.5px; flex-grow: 0; margin-right: 14px; margin-left: 2px;\"><\/div>\n<div style=\"background-color: #f4f4f4; border-radius: 50%; height: 12.5px; width: 12.5px; transform: translateX(9px) translateY(-18px);\"><\/div>\n<\/div>\n<div style=\"margin-left: 8px;\">\n<div style=\"background-color: #f4f4f4; border-radius: 50%; flex-grow: 0; height: 20px; width: 20px;\"><\/div>\n<div style=\"width: 0; height: 0; border-top: 2px solid transparent; border-left: 6px solid #f4f4f4; border-bottom: 2px solid transparent; transform: translateX(16px) translateY(-4px) rotate(30deg);\"><\/div>\n<\/div>\n<div style=\"margin-left: auto;\">\n<div style=\"width: 0px; border-top: 8px solid #F4F4F4; border-right: 8px solid transparent; transform: translateY(16px);\"><\/div>\n<div style=\"background-color: #f4f4f4; flex-grow: 0; height: 12px; width: 16px; transform: translateY(-4px);\"><\/div>\n<div style=\"width: 0; height: 0; border-top: 8px solid #F4F4F4; border-left: 8px solid transparent; transform: translateY(-4px) translateX(8px);\"><\/div>\n<\/div>\n<\/div>\n<div style=\"display: flex; flex-direction: column; flex-grow: 1; justify-content: center; margin-bottom: 24px;\">\n<div style=\"background-color: #f4f4f4; border-radius: 4px; flex-grow: 0; height: 14px; margin-bottom: 6px; width: 224px;\"><\/div>\n<div style=\"background-color: #f4f4f4; border-radius: 4px; flex-grow: 0; height: 14px; width: 144px;\"><\/div>\n<\/div>\n<p>&nbsp;<\/p>\n<p style=\"color: #c9c8cd; font-family: Arial,sans-serif; font-size: 14px; line-height: 17px; margin-bottom: 0; margin-top: 8px; overflow: hidden; padding: 8px 0 7px; text-align: center; text-overflow: ellipsis; white-space: nowrap;\"><a style=\"color: #c9c8cd; font-family: Arial,sans-serif; font-size: 14px; font-style: normal; font-weight: normal; line-height: 17px; text-decoration: none;\" href=\"https:\/\/www.instagram.com\/p\/DcbnJziAphk\/?utm_source=ig_embed&amp;utm_campaign=loading\" target=\"_blank\" rel=\"noopener\">P\u0159\u00edsp\u011bvek sd\u00edlen\u00fd Velon CC (@veloncc)<\/a><\/p>\n<\/div>\n<\/blockquote>\n<p><script async src=\"\/\/www.instagram.com\/embed.js\"><\/script>\u00a0Etapa byla n\u00e1sledn\u011b zru\u0161ena kv\u016fli pov\u011btrnostn\u00edm podm\u00ednk\u00e1m v\u010detn\u011b siln\u00e9ho de\u0161t\u011b a krupobit\u00ed. Co p\u0159esn\u011b \u0159\u00edk\u00e1 protokol Mezin\u00e1rodn\u00ed cyklistick\u00e9 federace o extr\u00e9mn\u00edch podm\u00ednk\u00e1ch? Z\u00e1vod se zastavuje za v\u00fdrazn\u011b zhor\u0161en\u00fdch pov\u011btrnostn\u00edch podm\u00ednek, mezi kter\u00e9 se \u0159ad\u00ed \u0161patn\u00e1 viditelnost, sn\u011b\u017een\u00ed, zledovat\u011bl\u00e1 \u010di kluzk\u00e1 vozovka.<\/p>\n<div class=\"shortcode-ys-post-pinup\"><article class=\"loop-simple post-35069 post type-post status-publish format-standard has-post-thumbnail hentry category-silnicni-cyklistika tag-cyklistika tag-czech-tour-2026 tag-jan-hirt tag-nsn-cycling-team tag-silnicni-cyklistika tag-vuelta global-categories-cycling\" data-postid=\"35069\" role=\"article\" data-post-id=\"35069\" data-word-count=\"589\" data-headline-length=\"76\" data-category=\"Silni\u010dn\u00ed cyklistika\" data-global-category=\"Cycling\" data-author=\"Radek Malina\" data-published=\"2026-08-13T09:08:55+02:00\" data-published-day=\"Thursday\">\n    <div class=\"entry-thumbnail article-thumbnail\" content=\"https:\/\/d2p6e6u75xmxt8.cloudfront.net\/13\/2026\/08\/profimedia-1120095984-150x150.webp\"><a href=\"https:\/\/www.welovecycling.com\/cs\/2026\/08\/13\/jan-hirt-o-zavodeni-v-ere-pogacara-musite-doufat-a-verit-v-nadeji\/\" class=\"image-holder\" target=\"_self\"><img decoding=\"async\" loading=\"lazy\" class=\"\" src=\"https:\/\/d2p6e6u75xmxt8.cloudfront.net\/13\/2026\/08\/profimedia-1120095984-1024x683.webp\" srcset=\"https:\/\/d2p6e6u75xmxt8.cloudfront.net\/13\/2026\/08\/profimedia-1120095984.webp 1800w, https:\/\/d2p6e6u75xmxt8.cloudfront.net\/13\/2026\/08\/profimedia-1120095984-300x200.webp 300w, https:\/\/d2p6e6u75xmxt8.cloudfront.net\/13\/2026\/08\/profimedia-1120095984-1024x683.webp 1024w, https:\/\/d2p6e6u75xmxt8.cloudfront.net\/13\/2026\/08\/profimedia-1120095984-768x512.webp 768w, https:\/\/d2p6e6u75xmxt8.cloudfront.net\/13\/2026\/08\/profimedia-1120095984-1536x1024.webp 1536w, https:\/\/d2p6e6u75xmxt8.cloudfront.net\/13\/2026\/08\/profimedia-1120095984-400x267.webp 400w, https:\/\/d2p6e6u75xmxt8.cloudfront.net\/13\/2026\/08\/profimedia-1120095984-272x182.webp 272w\" width=\"1024\" height=\"683\" sizes=\"auto, (min-width: 1200px) 300px, (min-width: 768px) 25vw, 100vw\" alt=\"jan-hirt-o-zavodeni-v-ere-pogacara-musite-doufat-a-verit-v-nadeji\"\/><\/a><\/div>    <div class=\"entry-meta\">\n        <a class=\"label label-secondary post-category\" href=\"https:\/\/www.welovecycling.com\/cs\/category\/silnicni-cyklistika\/\" title=\"Silni\u010dn\u00ed cyklistika\">Silni\u010dn\u00ed cyklistika<\/a>\n    <\/div>\n    <div class=\"entry-details\">\n        <a href=\"https:\/\/www.welovecycling.com\/cs\/2026\/08\/13\/jan-hirt-o-zavodeni-v-ere-pogacara-musite-doufat-a-verit-v-nadeji\/\" class='entry-title-wrapper'>\n            <h3 class=\"entry-title\"><span>Jan Hirt o z\u00e1vod\u011bn\u00ed v \u00e9\u0159e Poga\u010dara: Mus\u00edte doufat a v\u011b\u0159it v nad\u011bji<\/span><\/h3>\n        <\/a>\n    <\/div>\n    <\/article>\n<\/div>\n<p>Vuelta byla nav\u00edc p\u0159eru\u0161ena tak improvizovan\u00fdm zp\u016fsobem, \u017ee by organiz\u00e1to\u0159i nedok\u00e1zali naj\u00edt pravidlo, podle n\u011bho\u017e by znovu etapu spustili. Byla to prvn\u00ed etapa \u0161pan\u011blsk\u00e9 Grand Tour, kter\u00e1 byla kv\u016fli extr\u00e9mn\u00edmu po\u010das\u00ed zcela zru\u0161ena od roku 1991.<\/p>\n<p>Tadej Poga\u010dar uk\u00e1zal, jak velk\u00fd k\u00e1po pelotonu je. Vuelta nebyla prvn\u00edm z\u00e1vodem, kter\u00fd zastavil kv\u016fli extr\u00e9mn\u00edmu po\u010das\u00ed. U\u017e p\u0159ed dv\u011bma lety, p\u0159i \u0159\u00edjnov\u00e9m italsk\u00e9m z\u00e1vod\u011b Tre Valli Varesine p\u0159i mimo\u0159\u00e1dn\u011b siln\u00e9m a intenzivn\u00edm lij\u00e1ku na zaplaven\u00fdch silnic\u00edch najel do \u010dela pelotonu, zastavil cyklisty a n\u00e1sledn\u011b po domluv\u011b s organiz\u00e1tory z\u00e1vodu tehdy \u010derstv\u011b \u00fa\u0159aduj\u00edc\u00ed mistr sv\u011bta a &#8222;teprve&#8220; trojn\u00e1sobn\u00fd \u0161ampion Tour de France z\u00e1vod zru\u0161il.<\/p>\n","protected":false},"excerpt":{"rendered":"<p>Kroupy o velikosti golfov\u00fdch m\u00ed\u010dk\u016f se sypaly z nebes. K tomu potoky vody. A tak Vuelta, t\u0159et\u00ed Grand Tour cyklistick\u00e9 [&hellip;]<\/p>\n","protected":false},"author":138,"featured_media":35227,"comment_status":"open","ping_status":"open","sticky":false,"template":"","format":"standard","meta":{"footnotes":""},"categories":[10],"tags":[126,4711,9,502,273,4785],"global-categories":[411],"class_list":["post-35220","post","type-post","status-publish","format-standard","has-post-thumbnail","hentry","category-silnicni-cyklistika","tag-cyklistika","tag-extremni-pocasi","tag-silnicni-cyklistika","tag-tadej-pogacar","tag-vuelta","tag-zrusena-etapa","global-categories-cycling"],"yoast_head":"<!-- This site is optimized with the Yoast SEO Premium plugin v25.3 (Yoast SEO v25.9) - https:\/\/yoast.com\/wordpress\/plugins\/seo\/ -->\n<title>Vuelta za\u017eila apokalypsu. Co \u0159\u00edk\u00e1 protokol o extr\u00e9mn\u00edm po\u010das\u00ed? | \u0160koda We Love Cycling - \u010cesk\u00e1 republika<\/title>\n<meta name=\"description\" content=\"Kroupy o velikosti golfov\u00fdch m\u00ed\u010dk\u016f se sypaly z nebes. K tomu potoky vody. A tak Vuelta, t\u0159et\u00ed Grand Tour cyklistick\u00e9 sezony, za\u017eila aktivaci protokolu o extr\u00e9mn\u00edm po\u010das\u00ed a zru\u0161en\u00ed etapy.\" \/>\n<meta name=\"robots\" content=\"index, follow, max-snippet:-1, max-image-preview:large, max-video-preview:-1\" \/>\n<link rel=\"canonical\" href=\"https:\/\/www.welovecycling.com\/cs\/2026\/08\/25\/vuelta-zazila-apokalypsu-co-rika-protokol-o-extremnim-pocasi\/\" \/>\n<meta property=\"og:locale\" content=\"cs_CZ\" \/>\n<meta property=\"og:type\" content=\"article\" \/>\n<meta property=\"og:title\" content=\"Vuelta za\u017eila apokalypsu. Co \u0159\u00edk\u00e1 protokol o extr\u00e9mn\u00edm po\u010das\u00ed?\" \/>\n<meta property=\"og:description\" content=\"Kroupy o velikosti golfov\u00fdch m\u00ed\u010dk\u016f se sypaly z nebes. K tomu potoky vody. A tak Vuelta, t\u0159et\u00ed Grand Tour cyklistick\u00e9 sezony, za\u017eila aktivaci protokolu o extr\u00e9mn\u00edm po\u010das\u00ed a zru\u0161en\u00ed etapy.\" \/>\n<meta property=\"og:url\" content=\"https:\/\/www.welovecycling.com\/cs\/2026\/08\/25\/vuelta-zazila-apokalypsu-co-rika-protokol-o-extremnim-pocasi\/\" \/>\n<meta property=\"og:site_name\" content=\"\u0160koda We Love Cycling - \u010cesk\u00e1 republika\" \/>\n<meta property=\"article:published_time\" content=\"2026-08-25T08:55:18+00:00\" \/>\n<meta property=\"og:image\" content=\"https:\/\/d2p6e6u75xmxt8.cloudfront.net\/13\/2026\/08\/profimedia-1128231638.webp\" \/>\n\t<meta property=\"og:image:width\" content=\"1800\" \/>\n\t<meta property=\"og:image:height\" content=\"1200\" \/>\n\t<meta property=\"og:image:type\" content=\"image\/webp\" \/>\n<meta name=\"author\" content=\"radekmalina\" \/>\n<meta name=\"twitter:card\" content=\"summary_large_image\" \/>\n<meta name=\"twitter:label1\" content=\"Written by\" \/>\n\t<meta name=\"twitter:data1\" content=\"Radek Malina\" \/>\n\t<meta name=\"twitter:label2\" content=\"Est. reading time\" \/>\n\t<meta name=\"twitter:data2\" content=\"5\" \/>\n<script type=\"application\/ld+json\" class=\"yoast-schema-graph\">{\"@context\":\"https:\/\/schema.org\",\"@graph\":[{\"@type\":\"WebPage\",\"@id\":\"https:\/\/www.welovecycling.com\/cs\/2026\/08\/25\/vuelta-zazila-apokalypsu-co-rika-protokol-o-extremnim-pocasi\/\",\"url\":\"https:\/\/www.welovecycling.com\/cs\/2026\/08\/25\/vuelta-zazila-apokalypsu-co-rika-protokol-o-extremnim-pocasi\/\",\"name\":\"Vuelta za\u017eila apokalypsu. Co \u0159\u00edk\u00e1 protokol o extr\u00e9mn\u00edm po\u010das\u00ed? | \u0160koda We Love Cycling - \u010cesk\u00e1 republika\",\"isPartOf\":{\"@id\":\"https:\/\/www.welovecycling.com\/cs\/#website\"},\"primaryImageOfPage\":{\"@id\":\"https:\/\/www.welovecycling.com\/cs\/2026\/08\/25\/vuelta-zazila-apokalypsu-co-rika-protokol-o-extremnim-pocasi\/#primaryimage\"},\"image\":{\"@id\":\"https:\/\/www.welovecycling.com\/cs\/2026\/08\/25\/vuelta-zazila-apokalypsu-co-rika-protokol-o-extremnim-pocasi\/#primaryimage\"},\"thumbnailUrl\":\"https:\/\/d2p6e6u75xmxt8.cloudfront.net\/13\/2026\/08\/profimedia-1128231638.webp\",\"datePublished\":\"2026-08-25T08:55:18+00:00\",\"author\":{\"@id\":\"https:\/\/www.welovecycling.com\/cs\/#\/schema\/person\/d9eeb0a378f3a7e4a6d12d2b536b04b8\"},\"description\":\"Kroupy o velikosti golfov\u00fdch m\u00ed\u010dk\u016f se sypaly z nebes. K tomu potoky vody. A tak Vuelta, t\u0159et\u00ed Grand Tour cyklistick\u00e9 sezony, za\u017eila aktivaci protokolu o extr\u00e9mn\u00edm po\u010das\u00ed a zru\u0161en\u00ed etapy.\",\"inLanguage\":\"cs\",\"potentialAction\":[{\"@type\":\"ReadAction\",\"target\":[\"https:\/\/www.welovecycling.com\/cs\/2026\/08\/25\/vuelta-zazila-apokalypsu-co-rika-protokol-o-extremnim-pocasi\/\"]}]},{\"@type\":\"ImageObject\",\"inLanguage\":\"cs\",\"@id\":\"https:\/\/www.welovecycling.com\/cs\/2026\/08\/25\/vuelta-zazila-apokalypsu-co-rika-protokol-o-extremnim-pocasi\/#primaryimage\",\"url\":\"https:\/\/d2p6e6u75xmxt8.cloudfront.net\/13\/2026\/08\/profimedia-1128231638.webp\",\"contentUrl\":\"https:\/\/d2p6e6u75xmxt8.cloudfront.net\/13\/2026\/08\/profimedia-1128231638.webp\",\"width\":1800,\"height\":1200,\"caption\":\"Vuelta extr\u00e9mn\u00ed po\u010das\u00ed kroupy\"},{\"@type\":\"WebSite\",\"@id\":\"https:\/\/www.welovecycling.com\/cs\/#website\",\"url\":\"https:\/\/www.welovecycling.com\/cs\/\",\"name\":\"\u0160koda We Love Cycling - \u010cesk\u00e1 republika\",\"description\":\"WeLoveCycling.cz je online magaz\u00edn, kter\u00fd v\u00e1m pravideln\u011b p\u0159in\u00e1\u0161\u00ed rady a tipy, zaj\u00edmav\u00e9 \u010dl\u00e1nky, videa a jedine\u010dn\u00e9 report\u00e1\u017ee ze sv\u011bta cyklistiky.\",\"potentialAction\":[{\"@type\":\"SearchAction\",\"target\":{\"@type\":\"EntryPoint\",\"urlTemplate\":\"https:\/\/www.welovecycling.com\/cs\/?s={search_term_string}\"},\"query-input\":{\"@type\":\"PropertyValueSpecification\",\"valueRequired\":true,\"valueName\":\"search_term_string\"}}],\"inLanguage\":\"cs\"},{\"@type\":\"Person\",\"@id\":\"https:\/\/www.welovecycling.com\/cs\/#\/schema\/person\/d9eeb0a378f3a7e4a6d12d2b536b04b8\",\"name\":\"radekmalina\",\"image\":{\"@type\":\"ImageObject\",\"inLanguage\":\"cs\",\"@id\":\"https:\/\/www.welovecycling.com\/cs\/#\/schema\/person\/image\/\",\"url\":\"https:\/\/secure.gravatar.com\/avatar\/66994b632cb8c39a46b9f54afa3ae07201b678d32a54275b6f1c9ffec356bfc0?s=96&d=mm&r=g\",\"contentUrl\":\"https:\/\/secure.gravatar.com\/avatar\/66994b632cb8c39a46b9f54afa3ae07201b678d32a54275b6f1c9ffec356bfc0?s=96&d=mm&r=g\",\"caption\":\"radekmalina\"},\"url\":\"https:\/\/www.welovecycling.com\/cs\/author\/radekmalina\/\"}]}<\/script>\n<!-- \/ Yoast SEO Premium plugin. -->","yoast_head_json":{"title":"Vuelta za\u017eila apokalypsu. Co \u0159\u00edk\u00e1 protokol o extr\u00e9mn\u00edm po\u010das\u00ed? | \u0160koda We Love Cycling - \u010cesk\u00e1 republika","description":"Kroupy o velikosti golfov\u00fdch m\u00ed\u010dk\u016f se sypaly z nebes. K tomu potoky vody. A tak Vuelta, t\u0159et\u00ed Grand Tour cyklistick\u00e9 sezony, za\u017eila aktivaci protokolu o extr\u00e9mn\u00edm po\u010das\u00ed a zru\u0161en\u00ed etapy.","robots":{"index":"index","follow":"follow","max-snippet":"max-snippet:-1","max-image-preview":"max-image-preview:large","max-video-preview":"max-video-preview:-1"},"canonical":"https:\/\/www.welovecycling.com\/cs\/2026\/08\/25\/vuelta-zazila-apokalypsu-co-rika-protokol-o-extremnim-pocasi\/","og_locale":"cs_CZ","og_type":"article","og_title":"Vuelta za\u017eila apokalypsu. Co \u0159\u00edk\u00e1 protokol o extr\u00e9mn\u00edm po\u010das\u00ed?","og_description":"Kroupy o velikosti golfov\u00fdch m\u00ed\u010dk\u016f se sypaly z nebes. K tomu potoky vody. A tak Vuelta, t\u0159et\u00ed Grand Tour cyklistick\u00e9 sezony, za\u017eila aktivaci protokolu o extr\u00e9mn\u00edm po\u010das\u00ed a zru\u0161en\u00ed etapy.","og_url":"https:\/\/www.welovecycling.com\/cs\/2026\/08\/25\/vuelta-zazila-apokalypsu-co-rika-protokol-o-extremnim-pocasi\/","og_site_name":"\u0160koda We Love Cycling - \u010cesk\u00e1 republika","article_published_time":"2026-08-25T08:55:18+00:00","og_image":[{"width":1800,"height":1200,"url":"https:\/\/d2p6e6u75xmxt8.cloudfront.net\/13\/2026\/08\/profimedia-1128231638.webp","type":"image\/webp"}],"author":"radekmalina","twitter_card":"summary_large_image","twitter_misc":{"Written by":"Radek Malina","Est. reading time":"5"},"schema":{"@context":"https:\/\/schema.org","@graph":[{"@type":"WebPage","@id":"https:\/\/www.welovecycling.com\/cs\/2026\/08\/25\/vuelta-zazila-apokalypsu-co-rika-protokol-o-extremnim-pocasi\/","url":"https:\/\/www.welovecycling.com\/cs\/2026\/08\/25\/vuelta-zazila-apokalypsu-co-rika-protokol-o-extremnim-pocasi\/","name":"Vuelta za\u017eila apokalypsu. Co \u0159\u00edk\u00e1 protokol o extr\u00e9mn\u00edm po\u010das\u00ed? | \u0160koda We Love Cycling - \u010cesk\u00e1 republika","isPartOf":{"@id":"https:\/\/www.welovecycling.com\/cs\/#website"},"primaryImageOfPage":{"@id":"https:\/\/www.welovecycling.com\/cs\/2026\/08\/25\/vuelta-zazila-apokalypsu-co-rika-protokol-o-extremnim-pocasi\/#primaryimage"},"image":{"@id":"https:\/\/www.welovecycling.com\/cs\/2026\/08\/25\/vuelta-zazila-apokalypsu-co-rika-protokol-o-extremnim-pocasi\/#primaryimage"},"thumbnailUrl":"https:\/\/d2p6e6u75xmxt8.cloudfront.net\/13\/2026\/08\/profimedia-1128231638.webp","datePublished":"2026-08-25T08:55:18+00:00","author":{"@id":"https:\/\/www.welovecycling.com\/cs\/#\/schema\/person\/d9eeb0a378f3a7e4a6d12d2b536b04b8"},"description":"Kroupy o velikosti golfov\u00fdch m\u00ed\u010dk\u016f se sypaly z nebes. K tomu potoky vody. A tak Vuelta, t\u0159et\u00ed Grand Tour cyklistick\u00e9 sezony, za\u017eila aktivaci protokolu o extr\u00e9mn\u00edm po\u010das\u00ed a zru\u0161en\u00ed etapy.","inLanguage":"cs","potentialAction":[{"@type":"ReadAction","target":["https:\/\/www.welovecycling.com\/cs\/2026\/08\/25\/vuelta-zazila-apokalypsu-co-rika-protokol-o-extremnim-pocasi\/"]}]},{"@type":"ImageObject","inLanguage":"cs","@id":"https:\/\/www.welovecycling.com\/cs\/2026\/08\/25\/vuelta-zazila-apokalypsu-co-rika-protokol-o-extremnim-pocasi\/#primaryimage","url":"https:\/\/d2p6e6u75xmxt8.cloudfront.net\/13\/2026\/08\/profimedia-1128231638.webp","contentUrl":"https:\/\/d2p6e6u75xmxt8.cloudfront.net\/13\/2026\/08\/profimedia-1128231638.webp","width":1800,"height":1200,"caption":"Vuelta extr\u00e9mn\u00ed po\u010das\u00ed kroupy"},{"@type":"WebSite","@id":"https:\/\/www.welovecycling.com\/cs\/#website","url":"https:\/\/www.welovecycling.com\/cs\/","name":"\u0160koda We Love Cycling - \u010cesk\u00e1 republika","description":"WeLoveCycling.cz je online magaz\u00edn, kter\u00fd v\u00e1m pravideln\u011b p\u0159in\u00e1\u0161\u00ed rady a tipy, zaj\u00edmav\u00e9 \u010dl\u00e1nky, videa a jedine\u010dn\u00e9 report\u00e1\u017ee ze sv\u011bta cyklistiky.","potentialAction":[{"@type":"SearchAction","target":{"@type":"EntryPoint","urlTemplate":"https:\/\/www.welovecycling.com\/cs\/?s={search_term_string}"},"query-input":{"@type":"PropertyValueSpecification","valueRequired":true,"valueName":"search_term_string"}}],"inLanguage":"cs"},{"@type":"Person","@id":"https:\/\/www.welovecycling.com\/cs\/#\/schema\/person\/d9eeb0a378f3a7e4a6d12d2b536b04b8","name":"radekmalina","image":{"@type":"ImageObject","inLanguage":"cs","@id":"https:\/\/www.welovecycling.com\/cs\/#\/schema\/person\/image\/","url":"https:\/\/secure.gravatar.com\/avatar\/66994b632cb8c39a46b9f54afa3ae07201b678d32a54275b6f1c9ffec356bfc0?s=96&d=mm&r=g","contentUrl":"https:\/\/secure.gravatar.com\/avatar\/66994b632cb8c39a46b9f54afa3ae07201b678d32a54275b6f1c9ffec356bfc0?s=96&d=mm&r=g","caption":"radekmalina"},"url":"https:\/\/www.welovecycling.com\/cs\/author\/radekmalina\/"}]}},"_links":{"self":[{"href":"https:\/\/www.welovecycling.com\/cs\/wp-json\/wp\/v2\/posts\/35220","targetHints":{"allow":["GET"]}}],"collection":[{"href":"https:\/\/www.welovecycling.com\/cs\/wp-json\/wp\/v2\/posts"}],"about":[{"href":"https:\/\/www.welovecycling.com\/cs\/wp-json\/wp\/v2\/types\/post"}],"author":[{"embeddable":true,"href":"https:\/\/www.welovecycling.com\/cs\/wp-json\/wp\/v2\/users\/138"}],"replies":[{"embeddable":true,"href":"https:\/\/www.welovecycling.com\/cs\/wp-json\/wp\/v2\/comments?post=35220"}],"version-history":[{"count":3,"href":"https:\/\/www.welovecycling.com\/cs\/wp-json\/wp\/v2\/posts\/35220\/revisions"}],"predecessor-version":[{"id":35228,"href":"https:\/\/www.welovecycling.com\/cs\/wp-json\/wp\/v2\/posts\/35220\/revisions\/35228"}],"wp:featuredmedia":[{"embeddable":true,"href":"https:\/\/www.welovecycling.com\/cs\/wp-json\/wp\/v2\/media\/35227"}],"wp:attachment":[{"href":"https:\/\/www.welovecycling.com\/cs\/wp-json\/wp\/v2\/media?parent=35220"}],"wp:term":[{"taxonomy":"category","embeddable":true,"href":"https:\/\/www.welovecycling.com\/cs\/wp-json\/wp\/v2\/categories?post=35220"},{"taxonomy":"post_tag","embeddable":true,"href":"https:\/\/www.welovecycling.com\/cs\/wp-json\/wp\/v2\/tags?post=35220"},{"taxonomy":"global-categories","embeddable":true,"href":"https:\/\/www.welovecycling.com\/cs\/wp-json\/wp\/v2\/global-categories?post=35220"}],"curies":[{"name":"wp","href":"https:\/\/api.w.org\/{rel}","templated":true}]}}