{"id":35208,"date":"2026-08-23T13:23:24","date_gmt":"2026-08-23T11:23:24","guid":{"rendered":"https:\/\/www.welovecycling.com\/cs\/?p=35208"},"modified":"2026-08-23T13:25:47","modified_gmt":"2026-08-23T11:25:47","slug":"poprve-v-cervene-proc-pral-pogacar-vyhru-souperi","status":"publish","type":"post","link":"https:\/\/www.welovecycling.com\/cs\/2026\/08\/23\/poprve-v-cervene-proc-pral-pogacar-vyhru-souperi\/","title":{"rendered":"Poprv\u00e9 v \u010derven\u00e9. Pro\u010d p\u0159\u00e1l Poga\u010dar v\u00fdhru soupe\u0159i?"},"content":{"rendered":"<p><strong>Nemo\u017en\u00e9?! A\u010d vyhr\u00e1l v \u017eivot\u011b u\u017e skoro v\u0161echno, stejn\u011b \u0161lo o premi\u00e9ru. V\u00edt\u011bzstv\u00ed bere prakticky na ka\u017ed\u00e9m z\u00e1vod\u011b. Tak n\u011bjak samoz\u0159ejm\u011b. Kam p\u0159ijede, tam slav\u00ed. A p\u0159ece Tadej Poga\u010dar za\u017eil v sedmadvaceti letech nepoznan\u00fd pocit. Dop\u0159\u00e1la mu jej Vuelta: poprv\u00e9 v \u017eivot\u011b obl\u00e9kl \u010derven\u00fd trikot l\u00eddra \u0161pan\u011blsk\u00e9 Grand Tour, kdy\u017e ovl\u00e1dl \u00favodn\u00ed \u010dasovku. D\u016fvod v\u00edt\u011bzstv\u00ed byl p\u0159itom prazvl\u00e1\u0161tn\u00ed&#8230;<\/strong><\/p>\n<p>Vuelta cht\u011bla podruh\u00e9 v historii p\u0159iv\u00e1bit slovinsk\u00e9ho \u0161ampiona na start, a tak um\u00edstila \u00favodn\u00ed \u010dasovku do Monaka, kde Tadej Poga\u010dar \u017eije.<\/p>\n<h2><strong>Triumf z cesty pro bagety<\/strong><\/h2>\n<p>Uk\u00e1zalo se, \u017ee 9,4 km dlouh\u00fd boj s chronometrem l\u00eddrovi UAE Emirates XRG sed\u011bl. Dost mo\u017en\u00e1 i proto, \u017ee ulice, v nich\u017e se bojovalo o setiny, dokonale zn\u00e1.<\/p>\n<p>&#8222;Rozd\u00edl dev\u00edti setin jsem najel v nejtechni\u010dt\u011bj\u0161\u00ed pas\u00e1\u017ei \u010dasovky, kdy\u017e jsem proj\u00ed\u017ed\u011bl kolem sv\u00e9ho bytu. Denn\u011b tam jezd\u00edm na kole, denn\u011b tam chod\u00edm p\u011b\u0161ky. Uk\u00e1zalo se jako velk\u00fd trumf, kdy\u017e z\u00e1vod vede po tr\u00e9ninkov\u00fdch silnic\u00edch,&#8220; p\u0159ipom\u00ednal Tadej Poga\u010dar s \u00fasm\u011bvem, \u017ee Vuelta odstartovala v m\u00edstech, kudy jezd\u00ed za tr\u00e9ninkov\u00fdmi d\u00e1vkami, na k\u00e1vu nebo pro bagety, kter\u00e9 n\u00e1sledn\u011b voz\u00ed v zadn\u00ed kapse dresu, co\u017e fanou\u0161ci jist\u011b znaj\u00ed z jeho p\u0159\u00edsp\u011bvk\u016f na soci\u00e1ln\u00edch s\u00edt\u00ed.<\/p>\n<p><a href=\"https:\/\/d2p6e6u75xmxt8.cloudfront.net\/13\/2026\/08\/20260822LV01-A.S.O-Cxcling-Creative-Agency-Toni-Baixauli-BX8_0950.webp\"><img loading=\"lazy\" decoding=\"async\" class=\"alignnone size-full wp-image-35210\" src=\"https:\/\/d2p6e6u75xmxt8.cloudfront.net\/13\/2026\/08\/20260822LV01-A.S.O-Cxcling-Creative-Agency-Toni-Baixauli-BX8_0950.webp\" alt=\"\" width=\"1680\" height=\"1120\" srcset=\"https:\/\/d2p6e6u75xmxt8.cloudfront.net\/13\/2026\/08\/20260822LV01-A.S.O-Cxcling-Creative-Agency-Toni-Baixauli-BX8_0950.webp 1680w, https:\/\/d2p6e6u75xmxt8.cloudfront.net\/13\/2026\/08\/20260822LV01-A.S.O-Cxcling-Creative-Agency-Toni-Baixauli-BX8_0950-300x200.webp 300w, https:\/\/d2p6e6u75xmxt8.cloudfront.net\/13\/2026\/08\/20260822LV01-A.S.O-Cxcling-Creative-Agency-Toni-Baixauli-BX8_0950-1024x683.webp 1024w, https:\/\/d2p6e6u75xmxt8.cloudfront.net\/13\/2026\/08\/20260822LV01-A.S.O-Cxcling-Creative-Agency-Toni-Baixauli-BX8_0950-768x512.webp 768w, https:\/\/d2p6e6u75xmxt8.cloudfront.net\/13\/2026\/08\/20260822LV01-A.S.O-Cxcling-Creative-Agency-Toni-Baixauli-BX8_0950-1536x1024.webp 1536w, https:\/\/d2p6e6u75xmxt8.cloudfront.net\/13\/2026\/08\/20260822LV01-A.S.O-Cxcling-Creative-Agency-Toni-Baixauli-BX8_0950-400x267.webp 400w, https:\/\/d2p6e6u75xmxt8.cloudfront.net\/13\/2026\/08\/20260822LV01-A.S.O-Cxcling-Creative-Agency-Toni-Baixauli-BX8_0950-272x182.webp 272w\" sizes=\"auto, (max-width: 1680px) 100vw, 1680px\" \/><\/a><\/p>\n<p>&#8222;Vyhr\u00e1t s tak mal\u00fdm n\u00e1skokem je neuv\u011b\u0159iteln\u00e9. \u010cerven\u00fd dres pro l\u00eddra Vuelty je kr\u00e1sn\u00fd,&#8220; rozpl\u00fdval se Slovinec. A nijak neskr\u00fdval, \u017ee by klidn\u011b pozici l\u00eddra o\u017eelel, kdyby rud\u00fd dres p\u0159ipadnul Joshuovi Tarlingovi. Britsk\u00fd cyklista t\u00fdmu Netcompany Ineos p\u0159i\u0161el p\u0159ed t\u00fddnem o devaten\u00e1ctilet\u00e9ho bratra, kter\u00fd tragicky zahynul p\u0159i sr\u00e1\u017ece s protijedouc\u00edm vozidlem p\u0159i z\u00e1vod\u011b Kolem Portugalska.<\/p>\n<p>\u201eVid\u011bl jsem, \u017ee Josh m\u011bl nejlep\u0161\u00ed \u010das, kdy\u017e jsem \u0161el na start. Opravdu jsem doufal, \u017ee \u010dasovku vyhraje. Byl to trochu zvl\u00e1\u0161tn\u00ed pocit. Up\u0159\u00edmn\u011b jsem mu fandil. Douf\u00e1m, \u017ee mu Vuelta p\u0159inese \u00fasp\u011bch,\u201c p\u0159iznal Poga\u010dar. &#8222;Po mezi\u010dase jsem sly\u0161el, \u017ee Ethan Hayter je o t\u0159i sekundy rychlej\u0161\u00ed ne\u017e j\u00e1. Tak jsem si \u0159ekl, \u017ee do toho d\u00e1m v\u0161echno. Bez jak\u00e9hokoli rizika, a pak se teprve uvid\u00ed, co se stane.&#8220;<\/p>\n<p>V\u00fdsledkem bylo v\u00edt\u011bzstv\u00ed slovinsk\u00e9ho \u0161ampiona o dev\u011bt setin a historicky prvn\u00ed zisk \u010derven\u00e9ho dresu, j\u00edm\u017e Vuelta uct\u00edv\u00e1 sv\u00e9ho l\u00eddra!<\/p>\n<h2><strong>Vuelta p\u0159inesla nepoznan\u00e9 emoce<\/strong><\/h2>\n<p><strong>2018<\/strong>: Vyhr\u00e1l Z\u00e1vod m\u00edru do 23 let v \u010cesk\u00e9 republice. Ovl\u00e1dl presti\u017en\u00ed Tour de l&#8217;Avenir a celkov\u00e9 po\u0159ad\u00ed Nations Cupu.<\/p>\n<p><strong>2019<\/strong>: Tadej Poga\u010dar vyhr\u00e1l prvn\u00ed slovinsk\u00fd titul v cyklokrosu. Ve stejn\u00e9m roce p\u0159idal prvn\u00ed n\u00e1rodn\u00ed titul v \u010dasovce. A poprv\u00e9 v \u017eivot\u011b vyhr\u00e1l etapu na Grand Tour, kdy\u017e slavil triumf v dev\u00e1t\u00e9m d\u011bjstv\u00ed \u0161pan\u011blsk\u00e9 Vuelty.<\/p>\n<p><strong>2020<\/strong>: Vyhr\u00e1l prvn\u00ed etapu na Tour de France, kdy\u017e ovl\u00e1dl p\u00e1t\u00e9 d\u011bjstv\u00ed z Pau do Laruns. A 20. z\u00e1\u0159\u00ed 2020 poprv\u00e9 v kari\u00e9\u0159e slavil celkov\u00e9 prvenstv\u00ed z Tour de France!<\/p>\n<p><a href=\"https:\/\/d2p6e6u75xmxt8.cloudfront.net\/13\/2026\/08\/20260822LV01-A.S.O-Cxcling-Creative-Agency-Miguel-Ena-E2_00735.webp\"><img loading=\"lazy\" decoding=\"async\" class=\"alignnone size-full wp-image-35212\" src=\"https:\/\/d2p6e6u75xmxt8.cloudfront.net\/13\/2026\/08\/20260822LV01-A.S.O-Cxcling-Creative-Agency-Miguel-Ena-E2_00735.webp\" alt=\"\" width=\"1680\" height=\"1120\" srcset=\"https:\/\/d2p6e6u75xmxt8.cloudfront.net\/13\/2026\/08\/20260822LV01-A.S.O-Cxcling-Creative-Agency-Miguel-Ena-E2_00735.webp 1680w, https:\/\/d2p6e6u75xmxt8.cloudfront.net\/13\/2026\/08\/20260822LV01-A.S.O-Cxcling-Creative-Agency-Miguel-Ena-E2_00735-300x200.webp 300w, https:\/\/d2p6e6u75xmxt8.cloudfront.net\/13\/2026\/08\/20260822LV01-A.S.O-Cxcling-Creative-Agency-Miguel-Ena-E2_00735-1024x683.webp 1024w, https:\/\/d2p6e6u75xmxt8.cloudfront.net\/13\/2026\/08\/20260822LV01-A.S.O-Cxcling-Creative-Agency-Miguel-Ena-E2_00735-768x512.webp 768w, https:\/\/d2p6e6u75xmxt8.cloudfront.net\/13\/2026\/08\/20260822LV01-A.S.O-Cxcling-Creative-Agency-Miguel-Ena-E2_00735-1536x1024.webp 1536w, https:\/\/d2p6e6u75xmxt8.cloudfront.net\/13\/2026\/08\/20260822LV01-A.S.O-Cxcling-Creative-Agency-Miguel-Ena-E2_00735-400x267.webp 400w, https:\/\/d2p6e6u75xmxt8.cloudfront.net\/13\/2026\/08\/20260822LV01-A.S.O-Cxcling-Creative-Agency-Miguel-Ena-E2_00735-272x182.webp 272w\" sizes=\"auto, (max-width: 1680px) 100vw, 1680px\" \/><\/a><\/p>\n<p><strong>2021<\/strong>: Poprv\u00e9 vyhr\u00e1l etapov\u00fd z\u00e1vod kategorie World Tour, kter\u00fd nen\u00ed mezi t\u0159emi nejv\u011bt\u0161\u00edmi etapov\u00fdmi bitvami: \u0161lo o UAE Tour. N\u00e1sledn\u011b p\u0159idal triumf z Tirreno-Adriatico. Do\u0161lo i na prvn\u00ed v\u00edt\u011bzstv\u00ed z Monumentu, kdy\u017e ovl\u00e1dl Lutych-Bastogne-Lutych. Poprv\u00e9 v kari\u00e9\u0159e ovl\u00e1dl dom\u00e1c\u00ed presti\u017en\u00ed etapovou bitvu Kolem Slovinska. Poprv\u00e9 v kari\u00e9\u0159e dok\u00e1zal obh\u00e1jit triumf z Tour de France a na konci roku slavil prvn\u00ed v\u00edt\u011bzstv\u00ed na Monumentu Kolem Lombardie.<\/p>\n<p><strong>2022<\/strong>: Poprv\u00e9 ovl\u00e1dl Strade Bianche. Z\u00e1vod protkan\u00fd b\u00edl\u00fdmi tosk\u00e1nsk\u00fdmi cestami. Po s\u00f3lov\u00e9m \u00faniku dlouh\u00e9m 49 kilometr\u016f, z \u010deho\u017e si n\u00e1sledn\u011b vytvo\u0159il patent na v\u00edt\u011bzstv\u00ed. A poprv\u00e9 v kari\u00e9\u0159e nevyhr\u00e1l Tour de France!<\/p>\n<p><strong>2023<\/strong>: Poprv\u00e9 v kari\u00e9\u0159e vyhr\u00e1l Pa\u0159\u00ed\u017e-Nice aneb presti\u017en\u00ed etapov\u00fd z\u00e1vod za sluncem. N\u00e1sledn\u011b p\u0159i\u0161ly velk\u00e9 a dosud nepoznan\u00e9 triumfy z jarn\u00edch jednor\u00e1zovek: Kolem Flander, Amstel Gold Race, Valonsk\u00fd \u0161\u00edp! V gener\u00e1lce na Tour de France, po zlomenin\u011b ruky z Lutych-Bastogne-Lutych, zapsal prvn\u00ed triumf v hromadn\u00e9m mistrovstv\u00ed Slovinska.<\/p>\n<figure id=\"attachment_35209\" aria-describedby=\"caption-attachment-35209\" style=\"width: 1680px\" class=\"wp-caption alignnone\"><a href=\"https:\/\/d2p6e6u75xmxt8.cloudfront.net\/13\/2026\/08\/20260822LV01-A.S.O-Cxcling-Creative-Agency-Miguel-Ena-E2_00685.webp\"><img loading=\"lazy\" decoding=\"async\" class=\"size-full wp-image-35209\" src=\"https:\/\/d2p6e6u75xmxt8.cloudfront.net\/13\/2026\/08\/20260822LV01-A.S.O-Cxcling-Creative-Agency-Miguel-Ena-E2_00685.webp\" alt=\"\" width=\"1680\" height=\"1120\" srcset=\"https:\/\/d2p6e6u75xmxt8.cloudfront.net\/13\/2026\/08\/20260822LV01-A.S.O-Cxcling-Creative-Agency-Miguel-Ena-E2_00685.webp 1680w, https:\/\/d2p6e6u75xmxt8.cloudfront.net\/13\/2026\/08\/20260822LV01-A.S.O-Cxcling-Creative-Agency-Miguel-Ena-E2_00685-300x200.webp 300w, https:\/\/d2p6e6u75xmxt8.cloudfront.net\/13\/2026\/08\/20260822LV01-A.S.O-Cxcling-Creative-Agency-Miguel-Ena-E2_00685-1024x683.webp 1024w, https:\/\/d2p6e6u75xmxt8.cloudfront.net\/13\/2026\/08\/20260822LV01-A.S.O-Cxcling-Creative-Agency-Miguel-Ena-E2_00685-768x512.webp 768w, https:\/\/d2p6e6u75xmxt8.cloudfront.net\/13\/2026\/08\/20260822LV01-A.S.O-Cxcling-Creative-Agency-Miguel-Ena-E2_00685-1536x1024.webp 1536w, https:\/\/d2p6e6u75xmxt8.cloudfront.net\/13\/2026\/08\/20260822LV01-A.S.O-Cxcling-Creative-Agency-Miguel-Ena-E2_00685-400x267.webp 400w, https:\/\/d2p6e6u75xmxt8.cloudfront.net\/13\/2026\/08\/20260822LV01-A.S.O-Cxcling-Creative-Agency-Miguel-Ena-E2_00685-272x182.webp 272w\" sizes=\"auto, (max-width: 1680px) 100vw, 1680px\" \/><\/a><figcaption id=\"caption-attachment-35209\" class=\"wp-caption-text\"><em>Tadej Poga\u010dar v rud\u00e9m dresu l\u00eddra \u0161pan\u011blsk\u00e9 Vuelty a monack\u00fd kn\u00ed\u017ee Albert II. Foto: A.S.O\/Cxcling Creative Agency Miguel Ena<\/em><\/figcaption><\/figure>\n<p><strong>2024<\/strong>: Poprv\u00e9 v kari\u00e9\u0159e nastoupil do italsk\u00e9ho Gira. Hned v druh\u00e9m d\u011bjstv\u00ed na legend\u00e1rn\u00edm v\u00fdstupu Oropa slavil prvn\u00ed etapov\u00e9 v\u00edt\u011bzstv\u00ed v bitv\u011b o r\u016f\u017eov\u00fd trikot a sko\u010dil do \u010dela celkov\u00e9 klasifikace, na\u010de\u017e 26. kv\u011btna p\u0159i\u0161el prvn\u00ed zisk maglia rosa. O dva m\u011bs\u00edce pozd\u011bji, 21. \u010dervence, zapsal prvn\u00ed Grand Tour double \u017eivota, kdy\u017e ovl\u00e1dl pot\u0159et\u00ed v kari\u00e9\u0159e Tour de France! V z\u00e1\u0159\u00ed pak oslavil prvn\u00ed titul mistra sv\u011bta v hromadn\u00e9m z\u00e1vod\u011b!<\/p>\n<p><strong>2025<\/strong>: Poprv\u00e9 v \u017eivot\u011b jel Pa\u0159\u00ed\u017e-Roubaix, ale skon\u010dil druh\u00fd. V \u010dervnu poprv\u00e9 v kari\u00e9\u0159e ovl\u00e1dl Crit\u00e9rium du Dauphin\u00e9. Aby vz\u00e1p\u011bt\u00ed oslavil dal\u0161\u00ed triumf z Tour de France. V z\u00e1\u0159\u00ed poprv\u00e9 v kari\u00e9\u0159e slavil obhajobu na mistrovstv\u00ed sv\u011bta v hromadn\u00e9m z\u00e1vod\u011b. V \u0159\u00edjnu p\u0159idal historicky prvn\u00ed v\u00fdhru z evropsk\u00e9ho \u0161ampion\u00e1tu. A sezonu zakon\u010dil prvenstv\u00edm z Kolem Lombardie: p\u00e1t\u00fdm v \u0159ad\u011b, co\u017e se stalo poprv\u00e9 v d\u011bjin\u00e1ch z\u00e1vodu.<\/p>\n<p><strong>2026<\/strong>: Poprv\u00e9 v kari\u00e9\u0159e vyhr\u00e1l Monument Mil\u00e1n-San Remo. Zapsal rovn\u011b\u017e prvn\u00ed v\u00edt\u011bzstv\u00ed ze z\u00e1vod\u016f Kolem Romandie a Kolem \u0160v\u00fdcarska. Pak oslavil t\u0159et\u00ed v\u00edt\u011bzstv\u00ed v \u0159ad\u011b z Tour de France, celkov\u011b p\u00e1t\u00e9. A 22. srpna poprv\u00e9 obl\u00e9kl rud\u00fd trikot l\u00eddra Vuelty.<\/p>\n","protected":false},"excerpt":{"rendered":"<p>Nemo\u017en\u00e9?! A\u010d vyhr\u00e1l v \u017eivot\u011b u\u017e skoro v\u0161echno, stejn\u011b \u0161lo o premi\u00e9ru. V\u00edt\u011bzstv\u00ed bere prakticky na ka\u017ed\u00e9m z\u00e1vod\u011b. Tak n\u011bjak [&hellip;]<\/p>\n","protected":false},"author":138,"featured_media":35211,"comment_status":"open","ping_status":"open","sticky":false,"template":"","format":"standard","meta":{"footnotes":""},"categories":[10],"tags":[126,4784,9,502,23,273,4416],"global-categories":[411],"class_list":["post-35208","post","type-post","status-publish","format-standard","has-post-thumbnail","hentry","category-silnicni-cyklistika","tag-cyklistika","tag-poprve","tag-silnicni-cyklistika","tag-tadej-pogacar","tag-tour-de-france","tag-vuelta","tag-vuelta-2026","global-categories-cycling"],"yoast_head":"<!-- This site is optimized with the Yoast SEO Premium plugin v25.3 (Yoast SEO v25.9) - https:\/\/yoast.com\/wordpress\/plugins\/seo\/ -->\n<title>Poprv\u00e9 v \u010derven\u00e9. Pro\u010d p\u0159\u00e1l Poga\u010dar v\u00fdhru soupe\u0159i? | \u0160koda We Love Cycling - \u010cesk\u00e1 republika<\/title>\n<meta name=\"description\" content=\"Nemo\u017en\u00e9?! A\u010d vyhr\u00e1l v \u017eivot\u011b u\u017e skoro v\u0161echno, stejn\u011b \u0161lo o premi\u00e9ru. V\u00edt\u011bzstv\u00ed bere prakticky na ka\u017ed\u00e9m z\u00e1vod\u011b. Tak n\u011bjak samoz\u0159ejm\u011b. Kam p\u0159ijede, tam slav\u00ed. A p\u0159ece Tadej Poga\u010dar za\u017eil v sedmadvaceti letech nepoznan\u00fd pocit. Dop\u0159\u00e1la mu jej Vuelta: poprv\u00e9 v \u017eivot\u011b obl\u00e9kl \u010derven\u00fd trikot l\u00eddra \u0161pan\u011blsk\u00e9 Grand Tour, kdy\u017e ovl\u00e1dl \u00favodn\u00ed \u010dasovku. D\u016fvod v\u00edt\u011bzstv\u00ed byl p\u0159itom prazvl\u00e1\u0161tn\u00ed...\" \/>\n<meta name=\"robots\" content=\"index, follow, max-snippet:-1, max-image-preview:large, max-video-preview:-1\" \/>\n<link rel=\"canonical\" href=\"https:\/\/www.welovecycling.com\/cs\/2026\/08\/23\/poprve-v-cervene-proc-pral-pogacar-vyhru-souperi\/\" \/>\n<meta property=\"og:locale\" content=\"cs_CZ\" \/>\n<meta property=\"og:type\" content=\"article\" \/>\n<meta property=\"og:title\" content=\"Poprv\u00e9 v \u010derven\u00e9. Pro\u010d p\u0159\u00e1l Poga\u010dar v\u00fdhru soupe\u0159i?\" \/>\n<meta property=\"og:description\" content=\"Nemo\u017en\u00e9?! A\u010d vyhr\u00e1l v \u017eivot\u011b u\u017e skoro v\u0161echno, stejn\u011b \u0161lo o premi\u00e9ru. V\u00edt\u011bzstv\u00ed bere prakticky na ka\u017ed\u00e9m z\u00e1vod\u011b. Tak n\u011bjak samoz\u0159ejm\u011b. Kam p\u0159ijede, tam slav\u00ed. A p\u0159ece Tadej Poga\u010dar za\u017eil v sedmadvaceti letech nepoznan\u00fd pocit. Dop\u0159\u00e1la mu jej Vuelta: poprv\u00e9 v \u017eivot\u011b obl\u00e9kl \u010derven\u00fd trikot l\u00eddra \u0161pan\u011blsk\u00e9 Grand Tour, kdy\u017e ovl\u00e1dl \u00favodn\u00ed \u010dasovku. D\u016fvod v\u00edt\u011bzstv\u00ed byl p\u0159itom prazvl\u00e1\u0161tn\u00ed...\" \/>\n<meta property=\"og:url\" content=\"https:\/\/www.welovecycling.com\/cs\/2026\/08\/23\/poprve-v-cervene-proc-pral-pogacar-vyhru-souperi\/\" \/>\n<meta property=\"og:site_name\" content=\"\u0160koda We Love Cycling - \u010cesk\u00e1 republika\" \/>\n<meta property=\"article:published_time\" content=\"2026-08-23T11:23:24+00:00\" \/>\n<meta property=\"article:modified_time\" content=\"2026-08-23T11:25:47+00:00\" \/>\n<meta property=\"og:image\" content=\"https:\/\/d2p6e6u75xmxt8.cloudfront.net\/13\/2026\/08\/20260822LV01-A.S.O-Cxcling-Creative-Agency-Angel-Camarena-A1_00780.webp\" \/>\n\t<meta property=\"og:image:width\" content=\"2466\" \/>\n\t<meta property=\"og:image:height\" content=\"1644\" \/>\n\t<meta property=\"og:image:type\" content=\"image\/webp\" \/>\n<meta name=\"author\" content=\"radekmalina\" \/>\n<meta name=\"twitter:card\" content=\"summary_large_image\" \/>\n<meta name=\"twitter:label1\" content=\"Written by\" \/>\n\t<meta name=\"twitter:data1\" content=\"Radek Malina\" \/>\n\t<meta name=\"twitter:label2\" content=\"Est. reading time\" \/>\n\t<meta name=\"twitter:data2\" content=\"6\" \/>\n<script type=\"application\/ld+json\" class=\"yoast-schema-graph\">{\"@context\":\"https:\/\/schema.org\",\"@graph\":[{\"@type\":\"WebPage\",\"@id\":\"https:\/\/www.welovecycling.com\/cs\/2026\/08\/23\/poprve-v-cervene-proc-pral-pogacar-vyhru-souperi\/\",\"url\":\"https:\/\/www.welovecycling.com\/cs\/2026\/08\/23\/poprve-v-cervene-proc-pral-pogacar-vyhru-souperi\/\",\"name\":\"Poprv\u00e9 v \u010derven\u00e9. Pro\u010d p\u0159\u00e1l Poga\u010dar v\u00fdhru soupe\u0159i? | \u0160koda We Love Cycling - \u010cesk\u00e1 republika\",\"isPartOf\":{\"@id\":\"https:\/\/www.welovecycling.com\/cs\/#website\"},\"primaryImageOfPage\":{\"@id\":\"https:\/\/www.welovecycling.com\/cs\/2026\/08\/23\/poprve-v-cervene-proc-pral-pogacar-vyhru-souperi\/#primaryimage\"},\"image\":{\"@id\":\"https:\/\/www.welovecycling.com\/cs\/2026\/08\/23\/poprve-v-cervene-proc-pral-pogacar-vyhru-souperi\/#primaryimage\"},\"thumbnailUrl\":\"https:\/\/d2p6e6u75xmxt8.cloudfront.net\/13\/2026\/08\/20260822LV01-A.S.O-Cxcling-Creative-Agency-Angel-Camarena-A1_00780.webp\",\"datePublished\":\"2026-08-23T11:23:24+00:00\",\"dateModified\":\"2026-08-23T11:25:47+00:00\",\"author\":{\"@id\":\"https:\/\/www.welovecycling.com\/cs\/#\/schema\/person\/d9eeb0a378f3a7e4a6d12d2b536b04b8\"},\"description\":\"Nemo\u017en\u00e9?! A\u010d vyhr\u00e1l v \u017eivot\u011b u\u017e skoro v\u0161echno, stejn\u011b \u0161lo o premi\u00e9ru. V\u00edt\u011bzstv\u00ed bere prakticky na ka\u017ed\u00e9m z\u00e1vod\u011b. Tak n\u011bjak samoz\u0159ejm\u011b. Kam p\u0159ijede, tam slav\u00ed. A p\u0159ece Tadej Poga\u010dar za\u017eil v sedmadvaceti letech nepoznan\u00fd pocit. Dop\u0159\u00e1la mu jej Vuelta: poprv\u00e9 v \u017eivot\u011b obl\u00e9kl \u010derven\u00fd trikot l\u00eddra \u0161pan\u011blsk\u00e9 Grand Tour, kdy\u017e ovl\u00e1dl \u00favodn\u00ed \u010dasovku. D\u016fvod v\u00edt\u011bzstv\u00ed byl p\u0159itom prazvl\u00e1\u0161tn\u00ed...\",\"inLanguage\":\"cs\",\"potentialAction\":[{\"@type\":\"ReadAction\",\"target\":[\"https:\/\/www.welovecycling.com\/cs\/2026\/08\/23\/poprve-v-cervene-proc-pral-pogacar-vyhru-souperi\/\"]}]},{\"@type\":\"ImageObject\",\"inLanguage\":\"cs\",\"@id\":\"https:\/\/www.welovecycling.com\/cs\/2026\/08\/23\/poprve-v-cervene-proc-pral-pogacar-vyhru-souperi\/#primaryimage\",\"url\":\"https:\/\/d2p6e6u75xmxt8.cloudfront.net\/13\/2026\/08\/20260822LV01-A.S.O-Cxcling-Creative-Agency-Angel-Camarena-A1_00780.webp\",\"contentUrl\":\"https:\/\/d2p6e6u75xmxt8.cloudfront.net\/13\/2026\/08\/20260822LV01-A.S.O-Cxcling-Creative-Agency-Angel-Camarena-A1_00780.webp\",\"width\":2466,\"height\":1644,\"caption\":\"Poga\u010dar Vuelta Poprv\u00e9\"},{\"@type\":\"WebSite\",\"@id\":\"https:\/\/www.welovecycling.com\/cs\/#website\",\"url\":\"https:\/\/www.welovecycling.com\/cs\/\",\"name\":\"\u0160koda We Love Cycling - \u010cesk\u00e1 republika\",\"description\":\"WeLoveCycling.cz je online magaz\u00edn, kter\u00fd v\u00e1m pravideln\u011b p\u0159in\u00e1\u0161\u00ed rady a tipy, zaj\u00edmav\u00e9 \u010dl\u00e1nky, videa a jedine\u010dn\u00e9 report\u00e1\u017ee ze sv\u011bta cyklistiky.\",\"potentialAction\":[{\"@type\":\"SearchAction\",\"target\":{\"@type\":\"EntryPoint\",\"urlTemplate\":\"https:\/\/www.welovecycling.com\/cs\/?s={search_term_string}\"},\"query-input\":{\"@type\":\"PropertyValueSpecification\",\"valueRequired\":true,\"valueName\":\"search_term_string\"}}],\"inLanguage\":\"cs\"},{\"@type\":\"Person\",\"@id\":\"https:\/\/www.welovecycling.com\/cs\/#\/schema\/person\/d9eeb0a378f3a7e4a6d12d2b536b04b8\",\"name\":\"radekmalina\",\"image\":{\"@type\":\"ImageObject\",\"inLanguage\":\"cs\",\"@id\":\"https:\/\/www.welovecycling.com\/cs\/#\/schema\/person\/image\/\",\"url\":\"https:\/\/secure.gravatar.com\/avatar\/66994b632cb8c39a46b9f54afa3ae07201b678d32a54275b6f1c9ffec356bfc0?s=96&d=mm&r=g\",\"contentUrl\":\"https:\/\/secure.gravatar.com\/avatar\/66994b632cb8c39a46b9f54afa3ae07201b678d32a54275b6f1c9ffec356bfc0?s=96&d=mm&r=g\",\"caption\":\"radekmalina\"},\"url\":\"https:\/\/www.welovecycling.com\/cs\/author\/radekmalina\/\"}]}<\/script>\n<!-- \/ Yoast SEO Premium plugin. -->","yoast_head_json":{"title":"Poprv\u00e9 v \u010derven\u00e9. Pro\u010d p\u0159\u00e1l Poga\u010dar v\u00fdhru soupe\u0159i? | \u0160koda We Love Cycling - \u010cesk\u00e1 republika","description":"Nemo\u017en\u00e9?! A\u010d vyhr\u00e1l v \u017eivot\u011b u\u017e skoro v\u0161echno, stejn\u011b \u0161lo o premi\u00e9ru. V\u00edt\u011bzstv\u00ed bere prakticky na ka\u017ed\u00e9m z\u00e1vod\u011b. Tak n\u011bjak samoz\u0159ejm\u011b. Kam p\u0159ijede, tam slav\u00ed. A p\u0159ece Tadej Poga\u010dar za\u017eil v sedmadvaceti letech nepoznan\u00fd pocit. Dop\u0159\u00e1la mu jej Vuelta: poprv\u00e9 v \u017eivot\u011b obl\u00e9kl \u010derven\u00fd trikot l\u00eddra \u0161pan\u011blsk\u00e9 Grand Tour, kdy\u017e ovl\u00e1dl \u00favodn\u00ed \u010dasovku. D\u016fvod v\u00edt\u011bzstv\u00ed byl p\u0159itom prazvl\u00e1\u0161tn\u00ed...","robots":{"index":"index","follow":"follow","max-snippet":"max-snippet:-1","max-image-preview":"max-image-preview:large","max-video-preview":"max-video-preview:-1"},"canonical":"https:\/\/www.welovecycling.com\/cs\/2026\/08\/23\/poprve-v-cervene-proc-pral-pogacar-vyhru-souperi\/","og_locale":"cs_CZ","og_type":"article","og_title":"Poprv\u00e9 v \u010derven\u00e9. Pro\u010d p\u0159\u00e1l Poga\u010dar v\u00fdhru soupe\u0159i?","og_description":"Nemo\u017en\u00e9?! A\u010d vyhr\u00e1l v \u017eivot\u011b u\u017e skoro v\u0161echno, stejn\u011b \u0161lo o premi\u00e9ru. V\u00edt\u011bzstv\u00ed bere prakticky na ka\u017ed\u00e9m z\u00e1vod\u011b. Tak n\u011bjak samoz\u0159ejm\u011b. Kam p\u0159ijede, tam slav\u00ed. A p\u0159ece Tadej Poga\u010dar za\u017eil v sedmadvaceti letech nepoznan\u00fd pocit. Dop\u0159\u00e1la mu jej Vuelta: poprv\u00e9 v \u017eivot\u011b obl\u00e9kl \u010derven\u00fd trikot l\u00eddra \u0161pan\u011blsk\u00e9 Grand Tour, kdy\u017e ovl\u00e1dl \u00favodn\u00ed \u010dasovku. D\u016fvod v\u00edt\u011bzstv\u00ed byl p\u0159itom prazvl\u00e1\u0161tn\u00ed...","og_url":"https:\/\/www.welovecycling.com\/cs\/2026\/08\/23\/poprve-v-cervene-proc-pral-pogacar-vyhru-souperi\/","og_site_name":"\u0160koda We Love Cycling - \u010cesk\u00e1 republika","article_published_time":"2026-08-23T11:23:24+00:00","article_modified_time":"2026-08-23T11:25:47+00:00","og_image":[{"width":2466,"height":1644,"url":"https:\/\/d2p6e6u75xmxt8.cloudfront.net\/13\/2026\/08\/20260822LV01-A.S.O-Cxcling-Creative-Agency-Angel-Camarena-A1_00780.webp","type":"image\/webp"}],"author":"radekmalina","twitter_card":"summary_large_image","twitter_misc":{"Written by":"Radek Malina","Est. reading time":"6"},"schema":{"@context":"https:\/\/schema.org","@graph":[{"@type":"WebPage","@id":"https:\/\/www.welovecycling.com\/cs\/2026\/08\/23\/poprve-v-cervene-proc-pral-pogacar-vyhru-souperi\/","url":"https:\/\/www.welovecycling.com\/cs\/2026\/08\/23\/poprve-v-cervene-proc-pral-pogacar-vyhru-souperi\/","name":"Poprv\u00e9 v \u010derven\u00e9. Pro\u010d p\u0159\u00e1l Poga\u010dar v\u00fdhru soupe\u0159i? | \u0160koda We Love Cycling - \u010cesk\u00e1 republika","isPartOf":{"@id":"https:\/\/www.welovecycling.com\/cs\/#website"},"primaryImageOfPage":{"@id":"https:\/\/www.welovecycling.com\/cs\/2026\/08\/23\/poprve-v-cervene-proc-pral-pogacar-vyhru-souperi\/#primaryimage"},"image":{"@id":"https:\/\/www.welovecycling.com\/cs\/2026\/08\/23\/poprve-v-cervene-proc-pral-pogacar-vyhru-souperi\/#primaryimage"},"thumbnailUrl":"https:\/\/d2p6e6u75xmxt8.cloudfront.net\/13\/2026\/08\/20260822LV01-A.S.O-Cxcling-Creative-Agency-Angel-Camarena-A1_00780.webp","datePublished":"2026-08-23T11:23:24+00:00","dateModified":"2026-08-23T11:25:47+00:00","author":{"@id":"https:\/\/www.welovecycling.com\/cs\/#\/schema\/person\/d9eeb0a378f3a7e4a6d12d2b536b04b8"},"description":"Nemo\u017en\u00e9?! A\u010d vyhr\u00e1l v \u017eivot\u011b u\u017e skoro v\u0161echno, stejn\u011b \u0161lo o premi\u00e9ru. V\u00edt\u011bzstv\u00ed bere prakticky na ka\u017ed\u00e9m z\u00e1vod\u011b. Tak n\u011bjak samoz\u0159ejm\u011b. Kam p\u0159ijede, tam slav\u00ed. A p\u0159ece Tadej Poga\u010dar za\u017eil v sedmadvaceti letech nepoznan\u00fd pocit. Dop\u0159\u00e1la mu jej Vuelta: poprv\u00e9 v \u017eivot\u011b obl\u00e9kl \u010derven\u00fd trikot l\u00eddra \u0161pan\u011blsk\u00e9 Grand Tour, kdy\u017e ovl\u00e1dl \u00favodn\u00ed \u010dasovku. D\u016fvod v\u00edt\u011bzstv\u00ed byl p\u0159itom prazvl\u00e1\u0161tn\u00ed...","inLanguage":"cs","potentialAction":[{"@type":"ReadAction","target":["https:\/\/www.welovecycling.com\/cs\/2026\/08\/23\/poprve-v-cervene-proc-pral-pogacar-vyhru-souperi\/"]}]},{"@type":"ImageObject","inLanguage":"cs","@id":"https:\/\/www.welovecycling.com\/cs\/2026\/08\/23\/poprve-v-cervene-proc-pral-pogacar-vyhru-souperi\/#primaryimage","url":"https:\/\/d2p6e6u75xmxt8.cloudfront.net\/13\/2026\/08\/20260822LV01-A.S.O-Cxcling-Creative-Agency-Angel-Camarena-A1_00780.webp","contentUrl":"https:\/\/d2p6e6u75xmxt8.cloudfront.net\/13\/2026\/08\/20260822LV01-A.S.O-Cxcling-Creative-Agency-Angel-Camarena-A1_00780.webp","width":2466,"height":1644,"caption":"Poga\u010dar Vuelta Poprv\u00e9"},{"@type":"WebSite","@id":"https:\/\/www.welovecycling.com\/cs\/#website","url":"https:\/\/www.welovecycling.com\/cs\/","name":"\u0160koda We Love Cycling - \u010cesk\u00e1 republika","description":"WeLoveCycling.cz je online magaz\u00edn, kter\u00fd v\u00e1m pravideln\u011b p\u0159in\u00e1\u0161\u00ed rady a tipy, zaj\u00edmav\u00e9 \u010dl\u00e1nky, videa a jedine\u010dn\u00e9 report\u00e1\u017ee ze sv\u011bta cyklistiky.","potentialAction":[{"@type":"SearchAction","target":{"@type":"EntryPoint","urlTemplate":"https:\/\/www.welovecycling.com\/cs\/?s={search_term_string}"},"query-input":{"@type":"PropertyValueSpecification","valueRequired":true,"valueName":"search_term_string"}}],"inLanguage":"cs"},{"@type":"Person","@id":"https:\/\/www.welovecycling.com\/cs\/#\/schema\/person\/d9eeb0a378f3a7e4a6d12d2b536b04b8","name":"radekmalina","image":{"@type":"ImageObject","inLanguage":"cs","@id":"https:\/\/www.welovecycling.com\/cs\/#\/schema\/person\/image\/","url":"https:\/\/secure.gravatar.com\/avatar\/66994b632cb8c39a46b9f54afa3ae07201b678d32a54275b6f1c9ffec356bfc0?s=96&d=mm&r=g","contentUrl":"https:\/\/secure.gravatar.com\/avatar\/66994b632cb8c39a46b9f54afa3ae07201b678d32a54275b6f1c9ffec356bfc0?s=96&d=mm&r=g","caption":"radekmalina"},"url":"https:\/\/www.welovecycling.com\/cs\/author\/radekmalina\/"}]}},"_links":{"self":[{"href":"https:\/\/www.welovecycling.com\/cs\/wp-json\/wp\/v2\/posts\/35208","targetHints":{"allow":["GET"]}}],"collection":[{"href":"https:\/\/www.welovecycling.com\/cs\/wp-json\/wp\/v2\/posts"}],"about":[{"href":"https:\/\/www.welovecycling.com\/cs\/wp-json\/wp\/v2\/types\/post"}],"author":[{"embeddable":true,"href":"https:\/\/www.welovecycling.com\/cs\/wp-json\/wp\/v2\/users\/138"}],"replies":[{"embeddable":true,"href":"https:\/\/www.welovecycling.com\/cs\/wp-json\/wp\/v2\/comments?post=35208"}],"version-history":[{"count":4,"href":"https:\/\/www.welovecycling.com\/cs\/wp-json\/wp\/v2\/posts\/35208\/revisions"}],"predecessor-version":[{"id":35216,"href":"https:\/\/www.welovecycling.com\/cs\/wp-json\/wp\/v2\/posts\/35208\/revisions\/35216"}],"wp:featuredmedia":[{"embeddable":true,"href":"https:\/\/www.welovecycling.com\/cs\/wp-json\/wp\/v2\/media\/35211"}],"wp:attachment":[{"href":"https:\/\/www.welovecycling.com\/cs\/wp-json\/wp\/v2\/media?parent=35208"}],"wp:term":[{"taxonomy":"category","embeddable":true,"href":"https:\/\/www.welovecycling.com\/cs\/wp-json\/wp\/v2\/categories?post=35208"},{"taxonomy":"post_tag","embeddable":true,"href":"https:\/\/www.welovecycling.com\/cs\/wp-json\/wp\/v2\/tags?post=35208"},{"taxonomy":"global-categories","embeddable":true,"href":"https:\/\/www.welovecycling.com\/cs\/wp-json\/wp\/v2\/global-categories?post=35208"}],"curies":[{"name":"wp","href":"https:\/\/api.w.org\/{rel}","templated":true}]}}