{"id":35201,"date":"2026-08-25T06:10:31","date_gmt":"2026-08-25T04:10:31","guid":{"rendered":"https:\/\/www.welovecycling.com\/cs\/?p=35201"},"modified":"2026-08-23T09:31:27","modified_gmt":"2026-08-23T07:31:27","slug":"okouzleny-pelotonem-vystreli-zlaty-hoch","status":"publish","type":"post","link":"https:\/\/www.welovecycling.com\/cs\/2026\/08\/25\/okouzleny-pelotonem-vystreli-zlaty-hoch\/","title":{"rendered":"Okouzlen\u00fd pelotonem! Nap\u00ed\u0161e zlat\u00fd hoch novou story?"},"content":{"rendered":"<p><strong>Spasitel z fotbalov\u00fdch tr\u00e1vn\u00edk\u016f?! Andr\u00e9s Iniesta se stal zachr\u00e1ncem t\u00fdmu, kter\u00fd nese n\u00e1zev NSN Cycling. A douf\u00e1, \u017ee Vuelta &#8211; t\u0159et\u00ed Grand Tour sezony &#8211; p\u0159inese t\u00fdmu v jeho rodn\u00e9 zemi velk\u00e9 v\u00edt\u011bzstv\u00ed. P\u0159ed rokem \u00fa\u010dast stejn\u00e9 formace pod jm\u00e9nem Israel PremierTech budila emoce a vyvol\u00e1vala extr\u00e9mn\u00ed incidenty. &#8222;Zm\u011bna vlastnick\u00e9 struktury byla nezbytn\u00e1. A spojen\u00ed, k n\u011bmu\u017e do\u0161lo, p\u0159edstavovalo skv\u011bl\u00fd tah,&#8220; vyzdvihuje Ren\u00e9 Andrle, sportovn\u00ed \u0159editel t\u00fdmu a b\u00fdval\u00fd profesion\u00e1ln\u00ed cyklista, vstup mu\u017ee, co t\u00e1hl k trofej\u00edm \u0161pan\u011blskou fotbalovou reprezentaci i FC Barcelona.<\/strong><\/p>\n<p>Iniesta je spoluzakladatelem spole\u010dnosti NSN (Never Say Never), kter\u00e1 se na p\u0159elomu roku stala vlastn\u00edkem struktury zanikl\u00e9ho t\u00fdmu Israel PremierTech. Borec, co vst\u0159elil rozhoduj\u00edc\u00ed g\u00f3l ve fin\u00e1le mistrovstv\u00ed sv\u011bta 2010, nasb\u00edral b\u011bhem kari\u00e9ry mnoho kontakt\u016f. Za sedm let fungov\u00e1n\u00ed spole\u010dnosti realizoval velk\u00e9 projekty. A nyn\u00ed m\u00e1 velk\u00e9 ambice s cyklistick\u00fdm t\u00fdmem&#8230;<\/p>\n<h2><strong>Jak moc zasahuje Andr\u00e9s Iniesta do chodu formace NSN Cycling?<\/strong><\/h2>\n<p>V\u016f\u010di t\u00fdmu se projevuje naprosto skv\u011ble. P\u0159ijel se pod\u00edvat na tr\u00e9ninkov\u00fd kemp p\u0159ed sezonou. Pak byl na z\u00e1vod\u011b Kolem Katal\u00e1nska, kde jsme vyhr\u00e1li dv\u011b etapy, tak\u017ee by se dalo \u0159\u00edct, \u017ee n\u00e1m p\u0159inesl \u0161t\u011bst\u00ed. Pak cestoval za t\u00fdmem na Tour de France, kde se potkal s Miguelem Indurainem, p\u011btin\u00e1sobn\u00fdm \u0161ampionem Tour de France. Je zaj\u00edmav\u00e9 sledovat, jak ho \u0160pan\u011bl\u00e9 miluj\u00ed. P\u0159i Tour de France vrcholilo mistrovstv\u00ed sv\u011bta ve fotbale a po\u0159\u00e1d se p\u0159ipom\u00ednal jeho rozhoduj\u00edc\u00ed g\u00f3l z fin\u00e1le mistrovstv\u00ed sv\u011bta 2010, kdy \u0160pan\u011bl\u00e9 porazili Nizozemsko. Umocnil se z\u00e1jem o n\u00e1\u0161 t\u00fdm.<\/p>\n<h2><strong>Zapojuje se v dob\u011b p\u0159\u00edtomnosti aktivn\u011b do fungov\u00e1n\u00ed t\u00fdmu?<\/strong><\/h2>\n<p>Kdy\u017e je s t\u00fdmem, zaj\u00edm\u00e1 se o detaily. Chce v\u0161echno vysv\u011btlit a zaj\u00edm\u00e1 se o fungov\u00e1n\u00ed v\u0161ech lid\u00ed kolem t\u00fdmu. Cht\u011bl zn\u00e1t jednotliv\u00e9 role lid\u00ed v t\u00fdmu, jejich \u010dinnost. Intenzivn\u011b konverzoval s mechaniky, s mas\u00e9ry&#8230; Je patrn\u00e9, \u017ee miluje sport a rozhodn\u011b nen\u00ed zam\u011b\u0159en\u00fd jenom na fotbal. M\u00e1m pocit, \u017ee jej cyklistika okouzlila.<\/p>\n<figure id=\"attachment_35202\" aria-describedby=\"caption-attachment-35202\" style=\"width: 1800px\" class=\"wp-caption alignnone\"><a href=\"https:\/\/d2p6e6u75xmxt8.cloudfront.net\/13\/2026\/08\/profimedia-1114459760.webp\"><img loading=\"lazy\" decoding=\"async\" class=\"size-full wp-image-35202\" src=\"https:\/\/d2p6e6u75xmxt8.cloudfront.net\/13\/2026\/08\/profimedia-1114459760.webp\" alt=\"\" width=\"1800\" height=\"1200\" srcset=\"https:\/\/d2p6e6u75xmxt8.cloudfront.net\/13\/2026\/08\/profimedia-1114459760.webp 1800w, https:\/\/d2p6e6u75xmxt8.cloudfront.net\/13\/2026\/08\/profimedia-1114459760-300x200.webp 300w, https:\/\/d2p6e6u75xmxt8.cloudfront.net\/13\/2026\/08\/profimedia-1114459760-1024x683.webp 1024w, https:\/\/d2p6e6u75xmxt8.cloudfront.net\/13\/2026\/08\/profimedia-1114459760-768x512.webp 768w, https:\/\/d2p6e6u75xmxt8.cloudfront.net\/13\/2026\/08\/profimedia-1114459760-1536x1024.webp 1536w, https:\/\/d2p6e6u75xmxt8.cloudfront.net\/13\/2026\/08\/profimedia-1114459760-400x267.webp 400w, https:\/\/d2p6e6u75xmxt8.cloudfront.net\/13\/2026\/08\/profimedia-1114459760-272x182.webp 272w\" sizes=\"auto, (max-width: 1800px) 100vw, 1800px\" \/><\/a><figcaption id=\"caption-attachment-35202\" class=\"wp-caption-text\"><em>Andr\u00e9s Iniesta s dresem t\u00fdmu NSN Cycling p\u0159ed startem Tour de France. Foto: profimedia<\/em><\/figcaption><\/figure>\n<h2><strong>M\u00e1 vliv i na akvizice cyklistick\u00e9ho t\u00fdmu?<\/strong><\/h2>\n<p>Zn\u00e1 jm\u00e9na kluk\u016f, kter\u00e9 chceme. Ale nijak do nov\u00fdch kontrakt\u016f nezasahuje. Kluci p\u0159ich\u00e1z\u00ed kv\u016fli mo\u017enostem, kter\u00e9 jim nab\u00edz\u00edme v r\u00e1mci jednotliv\u00fdch z\u00e1vod\u016f. Za novou v\u00fdzvou, rol\u00ed v r\u00e1mci na\u0161\u00ed sestavy, pochopiteln\u011b kv\u016fli financ\u00edm. Ur\u010dit\u011b ne\u0159e\u0161\u00ed, jestli je na\u0161\u00edm majitelem Iniesta. Ka\u017edop\u00e1dn\u011b d\u00edky nov\u00e9mu jm\u00e9nu t\u00fdmu p\u0159ich\u00e1z\u00ed nov\u00ed z\u00e1vodn\u00edci. V minulosti m\u011blo mnoho kluk\u016f probl\u00e9m s t\u00edm, \u017ee reprezentujeme ur\u010ditou zemi.<\/p>\n<h2><strong>Z\u00e1vodn\u00ed kalend\u00e1\u0159 se brzy p\u0159ehoupne do z\u00e1v\u011bre\u010dn\u00e9 \u010d\u00e1sti sezony. Jak\u00e1 v NSN Cycling panuje spokojenost s dosavadn\u00edmi v\u00fdsledky?<\/strong><\/h2>\n<p>Jednozna\u010dn\u011b jsme m\u011bli v\u011bt\u0161\u00ed o\u010dek\u00e1v\u00e1n\u00ed od klasik, kter\u00e9 nevy\u0161ly podle na\u0161ich p\u0159edstav. Tour de France byla uspokojiv\u00e1. Nevyhr\u00e1li jsme sice etapu, ale prezentovali jsme se dob\u0159e jako t\u00fdm. Styl na\u0161eho z\u00e1vod\u011bn\u00ed, boj o zelen\u00fd dres i lead out v z\u00e1v\u011bru etap byl dobr\u00fd. Ve sprintersk\u00fdch dojezdech byl n\u00e1\u0161 t\u00fdm hodn\u011b vid\u011bt. Byl tam n\u00e1znak ur\u010dit\u00e9 progrese a snad i jist\u00e9 dominance.<\/p>\n<div class=\"shortcode-ys-post-pinup\"><article class=\"loop-simple post-35170 post type-post status-publish format-standard has-post-thumbnail hentry category-https-www-welovecycling-com-cs-category-zabava tag-cyklisticke-tresty tag-cyklistika tag-silnicni-cyklistika tag-trestni-zakonik global-categories-cycling\" data-postid=\"35170\" role=\"article\" data-post-id=\"35170\" data-word-count=\"333\" data-headline-length=\"83\" data-category=\"Z\u00c1BAVA\" data-global-category=\"Cycling\" data-author=\"We Love Cycling\" data-published=\"2026-08-20T06:20:28+02:00\" data-published-day=\"Thursday\">\n    <div class=\"entry-thumbnail article-thumbnail\" content=\"https:\/\/d2p6e6u75xmxt8.cloudfront.net\/13\/2026\/08\/20260805TDFFAZ1065-A.S.O.-Billy_Ceusters-150x150.webp\"><a href=\"https:\/\/www.welovecycling.com\/cs\/2026\/08\/20\/trestni-zakonik-ceskeho-cyklisty-za-co-by-vas-klidne-mohli-zabasnout\/\" class=\"image-holder\" target=\"_self\"><img decoding=\"async\" loading=\"lazy\" class=\"\" src=\"https:\/\/d2p6e6u75xmxt8.cloudfront.net\/13\/2026\/08\/20260805TDFFAZ1065-A.S.O.-Billy_Ceusters-1024x683.webp\" srcset=\"https:\/\/d2p6e6u75xmxt8.cloudfront.net\/13\/2026\/08\/20260805TDFFAZ1065-A.S.O.-Billy_Ceusters.webp 1680w, https:\/\/d2p6e6u75xmxt8.cloudfront.net\/13\/2026\/08\/20260805TDFFAZ1065-A.S.O.-Billy_Ceusters-300x200.webp 300w, https:\/\/d2p6e6u75xmxt8.cloudfront.net\/13\/2026\/08\/20260805TDFFAZ1065-A.S.O.-Billy_Ceusters-1024x683.webp 1024w, https:\/\/d2p6e6u75xmxt8.cloudfront.net\/13\/2026\/08\/20260805TDFFAZ1065-A.S.O.-Billy_Ceusters-768x512.webp 768w, https:\/\/d2p6e6u75xmxt8.cloudfront.net\/13\/2026\/08\/20260805TDFFAZ1065-A.S.O.-Billy_Ceusters-1536x1024.webp 1536w, https:\/\/d2p6e6u75xmxt8.cloudfront.net\/13\/2026\/08\/20260805TDFFAZ1065-A.S.O.-Billy_Ceusters-400x267.webp 400w, https:\/\/d2p6e6u75xmxt8.cloudfront.net\/13\/2026\/08\/20260805TDFFAZ1065-A.S.O.-Billy_Ceusters-272x182.webp 272w\" width=\"1024\" height=\"683\" sizes=\"auto, (min-width: 1200px) 300px, (min-width: 768px) 25vw, 100vw\" alt=\"trestni-zakonik-ceskeho-cyklisty-za-co-by-vas-klidne-mohli-zabasnout\"\/><\/a><\/div>    <div class=\"entry-meta\">\n        <a class=\"label label-secondary post-category\" href=\"https:\/\/www.welovecycling.com\/cs\/category\/https-www-welovecycling-com-cs-category-zabava\/\" title=\"Z\u00c1BAVA\">Z\u00c1BAVA<\/a>\n    <\/div>\n    <div class=\"entry-details\">\n        <a href=\"https:\/\/www.welovecycling.com\/cs\/2026\/08\/20\/trestni-zakonik-ceskeho-cyklisty-za-co-by-vas-klidne-mohli-zabasnout\/\" class='entry-title-wrapper'>\n            <h3 class=\"entry-title\"><span>Trestn\u00ed z\u00e1kon\u00edk \u010desk\u00e9ho cyklisty: za co by v\u00e1s klidn\u011b mohli \u201ezab\u00e1snout\u201c<\/span><\/h3>\n        <\/a>\n    <\/div>\n    <\/article>\n<\/div>\n<h2><strong>Biniam Girmay m\u011bl za \u00fakol vybojovat etapu a zelen\u00fd dres \u0160koda Auto pro v\u00edt\u011bze bodovac\u00ed sout\u011b\u017ee. Nenaplnil ani jedno zad\u00e1n\u00ed. Byla trasa leto\u0161n\u00ed Tour de France proti sprinter\u016fm?<\/strong><\/h2>\n<p>Poka\u017ed\u00e9 je itiner\u00e1\u0159 n\u011bjak\u00fdm zp\u016fsobem postaven\u00fd. Vid\u011bli jsme historicky Tour de France, kter\u00e9 byly u\u0161it\u00e9 pro \u010dasovk\u00e1\u0159e, jindy zase charakterem kopc\u016f vyhovoval z\u00e1vod profilov\u011b ur\u010dit\u00e9mu typu jezdc\u016f. Letos byly vlastn\u011b jen \u010dty\u0159i \u010dist\u00e9 sprinty. Zase byly mo\u017enosti na \u00fanik. Ka\u017edop\u00e1dn\u011b sou\u010dasn\u00e1 cyklistika je stra\u0161n\u011b t\u011b\u017ek\u00e1. Kdy\u017e si \u010dlov\u011bk vezme v\u00fdsledky klasik&#8230; Prvn\u00edch \u0161est z\u00e1vodn\u00edk\u016f na Flandrech jede posledn\u00edch pades\u00e1t kilometr\u016f po jednom a maj\u00ed p\u016flminutov\u00e9 rozestupy. Vyhr\u00e1t etapu nen\u00ed snadn\u00e9. Sp\u00ed\u0161e je to stra\u0161n\u011b slo\u017eit\u00e9.<\/p>\n<blockquote class=\"instagram-media\" style=\"background: #FFF; border: 0; border-radius: 3px; box-shadow: 0 0 1px 0 rgba(0,0,0,0.5),0 1px 10px 0 rgba(0,0,0,0.15); margin: 1px; max-width: 540px; min-width: 326px; padding: 0; width: calc(100% - 2px);\" data-instgrm-captioned=\"\" data-instgrm-permalink=\"https:\/\/www.instagram.com\/reel\/DcWo_L0C_WV\/?utm_source=ig_embed&amp;utm_campaign=loading\" data-instgrm-version=\"14\">\n<div style=\"padding: 16px;\">\n<p>&nbsp;<\/p>\n<div style=\"display: flex; flex-direction: row; align-items: center;\">\n<div style=\"background-color: #f4f4f4; border-radius: 50%; flex-grow: 0; height: 40px; margin-right: 14px; width: 40px;\"><\/div>\n<div style=\"display: flex; flex-direction: column; flex-grow: 1; justify-content: center;\">\n<div style=\"background-color: #f4f4f4; border-radius: 4px; flex-grow: 0; height: 14px; margin-bottom: 6px; width: 100px;\"><\/div>\n<div style=\"background-color: #f4f4f4; border-radius: 4px; flex-grow: 0; height: 14px; width: 60px;\"><\/div>\n<\/div>\n<\/div>\n<div style=\"padding: 19% 0;\"><\/div>\n<div style=\"display: block; height: 50px; margin: 0 auto 12px; width: 50px;\"><\/div>\n<div style=\"padding-top: 8px;\">\n<div style=\"color: #3897f0; font-family: Arial,sans-serif; font-size: 14px; font-style: normal; font-weight: 550; line-height: 18px;\">Zobrazit p\u0159\u00edsp\u011bvek na Instagramu<\/div>\n<\/div>\n<div style=\"padding: 12.5% 0;\"><\/div>\n<div style=\"display: flex; flex-direction: row; margin-bottom: 14px; align-items: center;\">\n<div>\n<div style=\"background-color: #f4f4f4; border-radius: 50%; height: 12.5px; width: 12.5px; transform: translateX(0px) translateY(7px);\"><\/div>\n<div style=\"background-color: #f4f4f4; height: 12.5px; transform: rotate(-45deg) translateX(3px) translateY(1px); width: 12.5px; flex-grow: 0; margin-right: 14px; margin-left: 2px;\"><\/div>\n<div style=\"background-color: #f4f4f4; border-radius: 50%; height: 12.5px; width: 12.5px; transform: translateX(9px) translateY(-18px);\"><\/div>\n<\/div>\n<div style=\"margin-left: 8px;\">\n<div style=\"background-color: #f4f4f4; border-radius: 50%; flex-grow: 0; height: 20px; width: 20px;\"><\/div>\n<div style=\"width: 0; height: 0; border-top: 2px solid transparent; border-left: 6px solid #f4f4f4; border-bottom: 2px solid transparent; transform: translateX(16px) translateY(-4px) rotate(30deg);\"><\/div>\n<\/div>\n<div style=\"margin-left: auto;\">\n<div style=\"width: 0px; border-top: 8px solid #F4F4F4; border-right: 8px solid transparent; transform: translateY(16px);\"><\/div>\n<div style=\"background-color: #f4f4f4; flex-grow: 0; height: 12px; width: 16px; transform: translateY(-4px);\"><\/div>\n<div style=\"width: 0; height: 0; border-top: 8px solid #F4F4F4; border-left: 8px solid transparent; transform: translateY(-4px) translateX(8px);\"><\/div>\n<\/div>\n<\/div>\n<div style=\"display: flex; flex-direction: column; flex-grow: 1; justify-content: center; margin-bottom: 24px;\">\n<div style=\"background-color: #f4f4f4; border-radius: 4px; flex-grow: 0; height: 14px; margin-bottom: 6px; width: 224px;\"><\/div>\n<div style=\"background-color: #f4f4f4; border-radius: 4px; flex-grow: 0; height: 14px; width: 144px;\"><\/div>\n<\/div>\n<p>&nbsp;<\/p>\n<p style=\"color: #c9c8cd; font-family: Arial,sans-serif; font-size: 14px; line-height: 17px; margin-bottom: 0; margin-top: 8px; overflow: hidden; padding: 8px 0 7px; text-align: center; text-overflow: ellipsis; white-space: nowrap;\"><a style=\"color: #c9c8cd; font-family: Arial,sans-serif; font-size: 14px; font-style: normal; font-weight: normal; line-height: 17px; text-decoration: none;\" href=\"https:\/\/www.instagram.com\/reel\/DcWo_L0C_WV\/?utm_source=ig_embed&amp;utm_campaign=loading\" target=\"_blank\" rel=\"noopener\">P\u0159\u00edsp\u011bvek sd\u00edlen\u00fd NSN Cycling Team (@nsncyclingteam)<\/a><\/p>\n<\/div>\n<\/blockquote>\n<h2><script async src=\"\/\/www.instagram.com\/embed.js\"><\/script><strong>Vyjad\u0159uje se k v\u00fdsledk\u016fm i samotn\u00fd Iniesta?<\/strong><\/h2>\n<p>Je sou\u010d\u00e1st\u00ed na\u0161ich vyhodnocovac\u00edch skupin. Vid\u00ed, s jakou strategi\u00ed a taktikou do z\u00e1vod\u016f vstupujeme. Jak\u00fd je n\u00e1\u0161 pl\u00e1n. A pak pochopiteln\u011b jak\u00e1 byla realita. Komunikuje s neju\u017e\u0161\u00edm veden\u00edm v podob\u011b hlavn\u00edho kou\u010de a gener\u00e1ln\u00edho \u0159editele. Ale \u017ee by p\u0159\u00edmo v r\u00e1mci z\u00e1vod\u016f komentoval fungov\u00e1n\u00ed z\u00e1vodn\u00edk\u016f, to se ned\u011bje. Sp\u00ed\u0161e se aktivn\u011b pt\u00e1 t\u0159eba na taktiku. P\u0159i z\u00e1vod\u011b Kolem Katal\u00e1nska jel v aut\u011b. Vid\u011bl, jak z\u00e1vod \u0159\u00edd\u00edme, co \u0159\u00edk\u00e1me do vys\u00edla\u010dek&#8230; Nyn\u00ed s n\u00e1mi pro\u017eije \u010d\u00e1st Vuelty.<\/p>\n<p><a href=\"https:\/\/d2p6e6u75xmxt8.cloudfront.net\/13\/2026\/08\/Kopie-souboru-CORVOS_00039242-118-scaled.webp\"><img loading=\"lazy\" decoding=\"async\" class=\"alignnone size-extra-large wp-image-35110\" src=\"https:\/\/d2p6e6u75xmxt8.cloudfront.net\/13\/2026\/08\/Kopie-souboru-CORVOS_00039242-118-1920x1280.webp\" alt=\"\" width=\"1920\" height=\"1280\" srcset=\"https:\/\/d2p6e6u75xmxt8.cloudfront.net\/13\/2026\/08\/Kopie-souboru-CORVOS_00039242-118-1920x1280.webp 1920w, https:\/\/d2p6e6u75xmxt8.cloudfront.net\/13\/2026\/08\/Kopie-souboru-CORVOS_00039242-118-300x200.webp 300w, https:\/\/d2p6e6u75xmxt8.cloudfront.net\/13\/2026\/08\/Kopie-souboru-CORVOS_00039242-118-1024x683.webp 1024w, https:\/\/d2p6e6u75xmxt8.cloudfront.net\/13\/2026\/08\/Kopie-souboru-CORVOS_00039242-118-768x512.webp 768w, https:\/\/d2p6e6u75xmxt8.cloudfront.net\/13\/2026\/08\/Kopie-souboru-CORVOS_00039242-118-1536x1024.webp 1536w, https:\/\/d2p6e6u75xmxt8.cloudfront.net\/13\/2026\/08\/Kopie-souboru-CORVOS_00039242-118-2048x1365.webp 2048w, https:\/\/d2p6e6u75xmxt8.cloudfront.net\/13\/2026\/08\/Kopie-souboru-CORVOS_00039242-118-400x267.webp 400w, https:\/\/d2p6e6u75xmxt8.cloudfront.net\/13\/2026\/08\/Kopie-souboru-CORVOS_00039242-118-272x182.webp 272w, https:\/\/d2p6e6u75xmxt8.cloudfront.net\/13\/2026\/08\/Kopie-souboru-CORVOS_00039242-118-1920x1280.webp 1920w\" sizes=\"auto, (max-width: 1920px) 100vw, 1920px\" \/><\/a><\/p>\n<h2><strong>\u010c\u00e1ste\u010dn\u011b dom\u00e1c\u00edm z\u00e1vodem je pro NSN Cycling \u0161pan\u011blsk\u00e1 Vuelta, kde startuje i Tadej Poga\u010dar. Jak demotivuj\u00edc\u00ed je z\u00e1vodit v \u00e9\u0159e slovinsk\u00e9ho \u0161ampiona?<\/strong><\/h2>\n<p>Mysl\u00edm, \u017ee je \u00fapln\u011b jedno, zda je ve startovn\u00ed listin\u011b pro <a href=\"https:\/\/www.welovecycling.com\/cs\/2026\/08\/21\/proc-bude-vuelta-2026-atraktivni-lakadlem-je-nejen-pogacar\/\">Vueltu<\/a> Tadej. UAE Emirates by ur\u010dit\u011b nominovalo jinou hv\u011bzdu, pro kterou by se v\u0161ichni ostatn\u00ed ob\u011btovali. N\u00e1\u0161 t\u00fdm m\u00e1 vlastn\u00ed pl\u00e1n a bude se ho dr\u017eet.<\/p>\n<div class=\"shortcode-ys-post-pinup\"><article class=\"loop-simple post-35069 post type-post status-publish format-standard has-post-thumbnail hentry category-silnicni-cyklistika tag-cyklistika tag-czech-tour-2026 tag-jan-hirt tag-nsn-cycling-team tag-silnicni-cyklistika tag-vuelta global-categories-cycling\" data-postid=\"35069\" role=\"article\" data-post-id=\"35069\" data-word-count=\"589\" data-headline-length=\"76\" data-category=\"Silni\u010dn\u00ed cyklistika\" data-global-category=\"Cycling\" data-author=\"Radek Malina\" data-published=\"2026-08-13T09:08:55+02:00\" data-published-day=\"Thursday\">\n    <div class=\"entry-thumbnail article-thumbnail\" content=\"https:\/\/d2p6e6u75xmxt8.cloudfront.net\/13\/2026\/08\/profimedia-1120095984-150x150.webp\"><a href=\"https:\/\/www.welovecycling.com\/cs\/2026\/08\/13\/jan-hirt-o-zavodeni-v-ere-pogacara-musite-doufat-a-verit-v-nadeji\/\" class=\"image-holder\" target=\"_self\"><img decoding=\"async\" loading=\"lazy\" class=\"\" src=\"https:\/\/d2p6e6u75xmxt8.cloudfront.net\/13\/2026\/08\/profimedia-1120095984-1024x683.webp\" srcset=\"https:\/\/d2p6e6u75xmxt8.cloudfront.net\/13\/2026\/08\/profimedia-1120095984.webp 1800w, https:\/\/d2p6e6u75xmxt8.cloudfront.net\/13\/2026\/08\/profimedia-1120095984-300x200.webp 300w, https:\/\/d2p6e6u75xmxt8.cloudfront.net\/13\/2026\/08\/profimedia-1120095984-1024x683.webp 1024w, https:\/\/d2p6e6u75xmxt8.cloudfront.net\/13\/2026\/08\/profimedia-1120095984-768x512.webp 768w, https:\/\/d2p6e6u75xmxt8.cloudfront.net\/13\/2026\/08\/profimedia-1120095984-1536x1024.webp 1536w, https:\/\/d2p6e6u75xmxt8.cloudfront.net\/13\/2026\/08\/profimedia-1120095984-400x267.webp 400w, https:\/\/d2p6e6u75xmxt8.cloudfront.net\/13\/2026\/08\/profimedia-1120095984-272x182.webp 272w\" width=\"1024\" height=\"683\" sizes=\"auto, (min-width: 1200px) 300px, (min-width: 768px) 25vw, 100vw\" alt=\"jan-hirt-o-zavodeni-v-ere-pogacara-musite-doufat-a-verit-v-nadeji\"\/><\/a><\/div>    <div class=\"entry-meta\">\n        <a class=\"label label-secondary post-category\" href=\"https:\/\/www.welovecycling.com\/cs\/category\/silnicni-cyklistika\/\" title=\"Silni\u010dn\u00ed cyklistika\">Silni\u010dn\u00ed cyklistika<\/a>\n    <\/div>\n    <div class=\"entry-details\">\n        <a href=\"https:\/\/www.welovecycling.com\/cs\/2026\/08\/13\/jan-hirt-o-zavodeni-v-ere-pogacara-musite-doufat-a-verit-v-nadeji\/\" class='entry-title-wrapper'>\n            <h3 class=\"entry-title\"><span>Jan Hirt o z\u00e1vod\u011bn\u00ed v \u00e9\u0159e Poga\u010dara: Mus\u00edte doufat a v\u011b\u0159it v nad\u011bji<\/span><\/h3>\n        <\/a>\n    <\/div>\n    <\/article>\n<\/div>\n<h2><strong>A prozrad\u00edte, jak zn\u00ed?<\/strong><\/h2>\n<p>M\u00e1me ambice s Honzou Hirtem na celkov\u00e9 po\u0159ad\u00ed. On je skv\u011bl\u00fd z\u00e1vodn\u00edk na velk\u00e9 etapov\u00e9 bitvy, na Grand Tour. P\u0159\u00edprava \u0161la podle pl\u00e1nu. V\u011b\u0159\u00edme v \u00fasp\u011bch. Kdyby n\u00e1hodou n\u011bkde ztratil, zkus\u00ed vybojovat etapov\u00e9 prvenstv\u00ed. I to je n\u00e1\u0161 c\u00edl. Alespo\u0148 jedno d\u00edl\u010d\u00ed v\u00edt\u011bzstv\u00ed.<\/p>\n<h2><strong>Je mo\u017en\u00e9 udr\u017eet po\u0159\u00e1d motivaci? Jak lze s dominanc\u00ed UAE Emirates XRG bojovat?<\/strong><\/h2>\n<p>V\u011b\u0159\u00edme, \u017ee Iniesta p\u0159isp\u011bje k roz\u0161\u00ed\u0159en\u00ed t\u00fdmu a bude garanc\u00ed r\u016fstu cel\u00e9 st\u00e1je. M\u00e1 ohromuj\u00edc\u00ed kontakty. Ur\u010dit\u011b m\u016f\u017ee p\u0159isp\u011bt sv\u00fdmi kontakty. Je v\u0161eobecn\u011b zn\u00e1m\u00e9, \u017ee hokejist\u00e9 \u010di fotbalist\u00e9 jezd\u00ed r\u00e1di na kole. M\u016f\u017eu jako p\u0159\u00edklad uv\u00e9st J\u00e1na Mi\u0161kovsk\u00e9ho, kter\u00fd vstoupil coby partner do t\u00fdmu Quick Step a je s nimi spojen\u00fd u\u017e deset let. Zapojen\u00ed do elitn\u00ed cyklistiky prosp\u00edv\u00e1 jeho byznysu, jde o obrovskou presti\u017e. A pokud bychom se dostali t\u0159eba na \u00farove\u0148 t\u00fdmu jako je Lidl Trek, za\u010dala by zcela jin\u00e1 story.<\/p>\n","protected":false},"excerpt":{"rendered":"<p>Spasitel z fotbalov\u00fdch tr\u00e1vn\u00edk\u016f?! Andr\u00e9s Iniesta se stal zachr\u00e1ncem t\u00fdmu, kter\u00fd nese n\u00e1zev NSN Cycling. A douf\u00e1, \u017ee Vuelta &#8211; [&hellip;]<\/p>\n","protected":false},"author":138,"featured_media":35203,"comment_status":"open","ping_status":"open","sticky":false,"template":"","format":"standard","meta":{"footnotes":""},"categories":[10],"tags":[4783,126,4776,9,273],"global-categories":[411],"class_list":["post-35201","post","type-post","status-publish","format-standard","has-post-thumbnail","hentry","category-silnicni-cyklistika","tag-andres-iniesta","tag-cyklistika","tag-nsn-cycling","tag-silnicni-cyklistika","tag-vuelta","global-categories-cycling"],"yoast_head":"<!-- This site is optimized with the Yoast SEO Premium plugin v25.3 (Yoast SEO v25.9) - https:\/\/yoast.com\/wordpress\/plugins\/seo\/ -->\n<title>Okouzlen\u00fd pelotonem! Nap\u00ed\u0161e zlat\u00fd hoch novou story? | \u0160koda We Love Cycling - \u010cesk\u00e1 republika<\/title>\n<meta name=\"description\" content=\"Spasitel z fotbalov\u00fdch tr\u00e1vn\u00edk\u016f. Andr\u00e9s Iniesta se stal zachr\u00e1ncem t\u00fdmu, kter\u00fd dnes nese n\u00e1zev NSN Cycling. A douf\u00e1, \u017ee Vuelta - t\u0159et\u00ed Grand Tour sezony - p\u0159inese t\u00fdmu v jeho rodn\u00e9 zemi velk\u00e9 v\u00edt\u011bzstv\u00ed. P\u0159ed rokem \u00fa\u010dast stejn\u00e9 formace pod jm\u00e9nem Israel PremierTech budila emoce a vyvol\u00e1vala extr\u00e9mn\u00ed incidenty. &quot;Zm\u011bna vlastnick\u00e9 struktury byla nezbytn\u00e1. A spojen\u00ed, k n\u011bmu\u017e do\u0161lo, p\u0159edstavovalo skv\u011bl\u00fd tah,&quot; vyzdvihuje Ren\u00e9 Andrle, sportovn\u00ed \u0159editel t\u00fdmu, vstup b\u00fdval\u00e9ho kapit\u00e1na \u0161pan\u011blsk\u00e9 fotbalov\u00e9 reprezentace a FC Barcelona.\" \/>\n<meta name=\"robots\" content=\"index, follow, max-snippet:-1, max-image-preview:large, max-video-preview:-1\" \/>\n<link rel=\"canonical\" href=\"https:\/\/www.welovecycling.com\/cs\/2026\/08\/25\/okouzleny-pelotonem-vystreli-zlaty-hoch\/\" \/>\n<meta property=\"og:locale\" content=\"cs_CZ\" \/>\n<meta property=\"og:type\" content=\"article\" \/>\n<meta property=\"og:title\" content=\"Okouzlen\u00fd pelotonem! Nap\u00ed\u0161e zlat\u00fd hoch novou story?\" \/>\n<meta property=\"og:description\" content=\"Spasitel z fotbalov\u00fdch tr\u00e1vn\u00edk\u016f. Andr\u00e9s Iniesta se stal zachr\u00e1ncem t\u00fdmu, kter\u00fd dnes nese n\u00e1zev NSN Cycling. A douf\u00e1, \u017ee Vuelta - t\u0159et\u00ed Grand Tour sezony - p\u0159inese t\u00fdmu v jeho rodn\u00e9 zemi velk\u00e9 v\u00edt\u011bzstv\u00ed. P\u0159ed rokem \u00fa\u010dast stejn\u00e9 formace pod jm\u00e9nem Israel PremierTech budila emoce a vyvol\u00e1vala extr\u00e9mn\u00ed incidenty. &quot;Zm\u011bna vlastnick\u00e9 struktury byla nezbytn\u00e1. A spojen\u00ed, k n\u011bmu\u017e do\u0161lo, p\u0159edstavovalo skv\u011bl\u00fd tah,&quot; vyzdvihuje Ren\u00e9 Andrle, sportovn\u00ed \u0159editel t\u00fdmu, vstup b\u00fdval\u00e9ho kapit\u00e1na \u0161pan\u011blsk\u00e9 fotbalov\u00e9 reprezentace a FC Barcelona.\" \/>\n<meta property=\"og:url\" content=\"https:\/\/www.welovecycling.com\/cs\/2026\/08\/25\/okouzleny-pelotonem-vystreli-zlaty-hoch\/\" \/>\n<meta property=\"og:site_name\" content=\"\u0160koda We Love Cycling - \u010cesk\u00e1 republika\" \/>\n<meta property=\"article:published_time\" content=\"2026-08-25T04:10:31+00:00\" \/>\n<meta property=\"og:image\" content=\"https:\/\/d2p6e6u75xmxt8.cloudfront.net\/13\/2026\/08\/profimedia-1114515952.webp\" \/>\n\t<meta property=\"og:image:width\" content=\"1800\" \/>\n\t<meta property=\"og:image:height\" content=\"1200\" \/>\n\t<meta property=\"og:image:type\" content=\"image\/webp\" \/>\n<meta name=\"author\" content=\"radekmalina\" \/>\n<meta name=\"twitter:card\" content=\"summary_large_image\" \/>\n<meta name=\"twitter:label1\" content=\"Written by\" \/>\n\t<meta name=\"twitter:data1\" content=\"Radek Malina\" \/>\n\t<meta name=\"twitter:label2\" content=\"Est. reading time\" \/>\n\t<meta name=\"twitter:data2\" content=\"5\" \/>\n<script type=\"application\/ld+json\" class=\"yoast-schema-graph\">{\"@context\":\"https:\/\/schema.org\",\"@graph\":[{\"@type\":\"WebPage\",\"@id\":\"https:\/\/www.welovecycling.com\/cs\/2026\/08\/25\/okouzleny-pelotonem-vystreli-zlaty-hoch\/\",\"url\":\"https:\/\/www.welovecycling.com\/cs\/2026\/08\/25\/okouzleny-pelotonem-vystreli-zlaty-hoch\/\",\"name\":\"Okouzlen\u00fd pelotonem! Nap\u00ed\u0161e zlat\u00fd hoch novou story? | \u0160koda We Love Cycling - \u010cesk\u00e1 republika\",\"isPartOf\":{\"@id\":\"https:\/\/www.welovecycling.com\/cs\/#website\"},\"primaryImageOfPage\":{\"@id\":\"https:\/\/www.welovecycling.com\/cs\/2026\/08\/25\/okouzleny-pelotonem-vystreli-zlaty-hoch\/#primaryimage\"},\"image\":{\"@id\":\"https:\/\/www.welovecycling.com\/cs\/2026\/08\/25\/okouzleny-pelotonem-vystreli-zlaty-hoch\/#primaryimage\"},\"thumbnailUrl\":\"https:\/\/d2p6e6u75xmxt8.cloudfront.net\/13\/2026\/08\/profimedia-1114515952.webp\",\"datePublished\":\"2026-08-25T04:10:31+00:00\",\"author\":{\"@id\":\"https:\/\/www.welovecycling.com\/cs\/#\/schema\/person\/d9eeb0a378f3a7e4a6d12d2b536b04b8\"},\"description\":\"Spasitel z fotbalov\u00fdch tr\u00e1vn\u00edk\u016f. Andr\u00e9s Iniesta se stal zachr\u00e1ncem t\u00fdmu, kter\u00fd dnes nese n\u00e1zev NSN Cycling. A douf\u00e1, \u017ee Vuelta - t\u0159et\u00ed Grand Tour sezony - p\u0159inese t\u00fdmu v jeho rodn\u00e9 zemi velk\u00e9 v\u00edt\u011bzstv\u00ed. P\u0159ed rokem \u00fa\u010dast stejn\u00e9 formace pod jm\u00e9nem Israel PremierTech budila emoce a vyvol\u00e1vala extr\u00e9mn\u00ed incidenty. \\\"Zm\u011bna vlastnick\u00e9 struktury byla nezbytn\u00e1. A spojen\u00ed, k n\u011bmu\u017e do\u0161lo, p\u0159edstavovalo skv\u011bl\u00fd tah,\\\" vyzdvihuje Ren\u00e9 Andrle, sportovn\u00ed \u0159editel t\u00fdmu, vstup b\u00fdval\u00e9ho kapit\u00e1na \u0161pan\u011blsk\u00e9 fotbalov\u00e9 reprezentace a FC Barcelona.\",\"inLanguage\":\"cs\",\"potentialAction\":[{\"@type\":\"ReadAction\",\"target\":[\"https:\/\/www.welovecycling.com\/cs\/2026\/08\/25\/okouzleny-pelotonem-vystreli-zlaty-hoch\/\"]}]},{\"@type\":\"ImageObject\",\"inLanguage\":\"cs\",\"@id\":\"https:\/\/www.welovecycling.com\/cs\/2026\/08\/25\/okouzleny-pelotonem-vystreli-zlaty-hoch\/#primaryimage\",\"url\":\"https:\/\/d2p6e6u75xmxt8.cloudfront.net\/13\/2026\/08\/profimedia-1114515952.webp\",\"contentUrl\":\"https:\/\/d2p6e6u75xmxt8.cloudfront.net\/13\/2026\/08\/profimedia-1114515952.webp\",\"width\":1800,\"height\":1200,\"caption\":\"Iniesta NSN Cycling Vuelta\"},{\"@type\":\"WebSite\",\"@id\":\"https:\/\/www.welovecycling.com\/cs\/#website\",\"url\":\"https:\/\/www.welovecycling.com\/cs\/\",\"name\":\"\u0160koda We Love Cycling - \u010cesk\u00e1 republika\",\"description\":\"WeLoveCycling.cz je online magaz\u00edn, kter\u00fd v\u00e1m pravideln\u011b p\u0159in\u00e1\u0161\u00ed rady a tipy, zaj\u00edmav\u00e9 \u010dl\u00e1nky, videa a jedine\u010dn\u00e9 report\u00e1\u017ee ze sv\u011bta cyklistiky.\",\"potentialAction\":[{\"@type\":\"SearchAction\",\"target\":{\"@type\":\"EntryPoint\",\"urlTemplate\":\"https:\/\/www.welovecycling.com\/cs\/?s={search_term_string}\"},\"query-input\":{\"@type\":\"PropertyValueSpecification\",\"valueRequired\":true,\"valueName\":\"search_term_string\"}}],\"inLanguage\":\"cs\"},{\"@type\":\"Person\",\"@id\":\"https:\/\/www.welovecycling.com\/cs\/#\/schema\/person\/d9eeb0a378f3a7e4a6d12d2b536b04b8\",\"name\":\"radekmalina\",\"image\":{\"@type\":\"ImageObject\",\"inLanguage\":\"cs\",\"@id\":\"https:\/\/www.welovecycling.com\/cs\/#\/schema\/person\/image\/\",\"url\":\"https:\/\/secure.gravatar.com\/avatar\/66994b632cb8c39a46b9f54afa3ae07201b678d32a54275b6f1c9ffec356bfc0?s=96&d=mm&r=g\",\"contentUrl\":\"https:\/\/secure.gravatar.com\/avatar\/66994b632cb8c39a46b9f54afa3ae07201b678d32a54275b6f1c9ffec356bfc0?s=96&d=mm&r=g\",\"caption\":\"radekmalina\"},\"url\":\"https:\/\/www.welovecycling.com\/cs\/author\/radekmalina\/\"}]}<\/script>\n<!-- \/ Yoast SEO Premium plugin. -->","yoast_head_json":{"title":"Okouzlen\u00fd pelotonem! Nap\u00ed\u0161e zlat\u00fd hoch novou story? | \u0160koda We Love Cycling - \u010cesk\u00e1 republika","description":"Spasitel z fotbalov\u00fdch tr\u00e1vn\u00edk\u016f. Andr\u00e9s Iniesta se stal zachr\u00e1ncem t\u00fdmu, kter\u00fd dnes nese n\u00e1zev NSN Cycling. A douf\u00e1, \u017ee Vuelta - t\u0159et\u00ed Grand Tour sezony - p\u0159inese t\u00fdmu v jeho rodn\u00e9 zemi velk\u00e9 v\u00edt\u011bzstv\u00ed. P\u0159ed rokem \u00fa\u010dast stejn\u00e9 formace pod jm\u00e9nem Israel PremierTech budila emoce a vyvol\u00e1vala extr\u00e9mn\u00ed incidenty. \"Zm\u011bna vlastnick\u00e9 struktury byla nezbytn\u00e1. A spojen\u00ed, k n\u011bmu\u017e do\u0161lo, p\u0159edstavovalo skv\u011bl\u00fd tah,\" vyzdvihuje Ren\u00e9 Andrle, sportovn\u00ed \u0159editel t\u00fdmu, vstup b\u00fdval\u00e9ho kapit\u00e1na \u0161pan\u011blsk\u00e9 fotbalov\u00e9 reprezentace a FC Barcelona.","robots":{"index":"index","follow":"follow","max-snippet":"max-snippet:-1","max-image-preview":"max-image-preview:large","max-video-preview":"max-video-preview:-1"},"canonical":"https:\/\/www.welovecycling.com\/cs\/2026\/08\/25\/okouzleny-pelotonem-vystreli-zlaty-hoch\/","og_locale":"cs_CZ","og_type":"article","og_title":"Okouzlen\u00fd pelotonem! Nap\u00ed\u0161e zlat\u00fd hoch novou story?","og_description":"Spasitel z fotbalov\u00fdch tr\u00e1vn\u00edk\u016f. Andr\u00e9s Iniesta se stal zachr\u00e1ncem t\u00fdmu, kter\u00fd dnes nese n\u00e1zev NSN Cycling. A douf\u00e1, \u017ee Vuelta - t\u0159et\u00ed Grand Tour sezony - p\u0159inese t\u00fdmu v jeho rodn\u00e9 zemi velk\u00e9 v\u00edt\u011bzstv\u00ed. P\u0159ed rokem \u00fa\u010dast stejn\u00e9 formace pod jm\u00e9nem Israel PremierTech budila emoce a vyvol\u00e1vala extr\u00e9mn\u00ed incidenty. \"Zm\u011bna vlastnick\u00e9 struktury byla nezbytn\u00e1. A spojen\u00ed, k n\u011bmu\u017e do\u0161lo, p\u0159edstavovalo skv\u011bl\u00fd tah,\" vyzdvihuje Ren\u00e9 Andrle, sportovn\u00ed \u0159editel t\u00fdmu, vstup b\u00fdval\u00e9ho kapit\u00e1na \u0161pan\u011blsk\u00e9 fotbalov\u00e9 reprezentace a FC Barcelona.","og_url":"https:\/\/www.welovecycling.com\/cs\/2026\/08\/25\/okouzleny-pelotonem-vystreli-zlaty-hoch\/","og_site_name":"\u0160koda We Love Cycling - \u010cesk\u00e1 republika","article_published_time":"2026-08-25T04:10:31+00:00","og_image":[{"width":1800,"height":1200,"url":"https:\/\/d2p6e6u75xmxt8.cloudfront.net\/13\/2026\/08\/profimedia-1114515952.webp","type":"image\/webp"}],"author":"radekmalina","twitter_card":"summary_large_image","twitter_misc":{"Written by":"Radek Malina","Est. reading time":"5"},"schema":{"@context":"https:\/\/schema.org","@graph":[{"@type":"WebPage","@id":"https:\/\/www.welovecycling.com\/cs\/2026\/08\/25\/okouzleny-pelotonem-vystreli-zlaty-hoch\/","url":"https:\/\/www.welovecycling.com\/cs\/2026\/08\/25\/okouzleny-pelotonem-vystreli-zlaty-hoch\/","name":"Okouzlen\u00fd pelotonem! Nap\u00ed\u0161e zlat\u00fd hoch novou story? | \u0160koda We Love Cycling - \u010cesk\u00e1 republika","isPartOf":{"@id":"https:\/\/www.welovecycling.com\/cs\/#website"},"primaryImageOfPage":{"@id":"https:\/\/www.welovecycling.com\/cs\/2026\/08\/25\/okouzleny-pelotonem-vystreli-zlaty-hoch\/#primaryimage"},"image":{"@id":"https:\/\/www.welovecycling.com\/cs\/2026\/08\/25\/okouzleny-pelotonem-vystreli-zlaty-hoch\/#primaryimage"},"thumbnailUrl":"https:\/\/d2p6e6u75xmxt8.cloudfront.net\/13\/2026\/08\/profimedia-1114515952.webp","datePublished":"2026-08-25T04:10:31+00:00","author":{"@id":"https:\/\/www.welovecycling.com\/cs\/#\/schema\/person\/d9eeb0a378f3a7e4a6d12d2b536b04b8"},"description":"Spasitel z fotbalov\u00fdch tr\u00e1vn\u00edk\u016f. Andr\u00e9s Iniesta se stal zachr\u00e1ncem t\u00fdmu, kter\u00fd dnes nese n\u00e1zev NSN Cycling. A douf\u00e1, \u017ee Vuelta - t\u0159et\u00ed Grand Tour sezony - p\u0159inese t\u00fdmu v jeho rodn\u00e9 zemi velk\u00e9 v\u00edt\u011bzstv\u00ed. P\u0159ed rokem \u00fa\u010dast stejn\u00e9 formace pod jm\u00e9nem Israel PremierTech budila emoce a vyvol\u00e1vala extr\u00e9mn\u00ed incidenty. \"Zm\u011bna vlastnick\u00e9 struktury byla nezbytn\u00e1. A spojen\u00ed, k n\u011bmu\u017e do\u0161lo, p\u0159edstavovalo skv\u011bl\u00fd tah,\" vyzdvihuje Ren\u00e9 Andrle, sportovn\u00ed \u0159editel t\u00fdmu, vstup b\u00fdval\u00e9ho kapit\u00e1na \u0161pan\u011blsk\u00e9 fotbalov\u00e9 reprezentace a FC Barcelona.","inLanguage":"cs","potentialAction":[{"@type":"ReadAction","target":["https:\/\/www.welovecycling.com\/cs\/2026\/08\/25\/okouzleny-pelotonem-vystreli-zlaty-hoch\/"]}]},{"@type":"ImageObject","inLanguage":"cs","@id":"https:\/\/www.welovecycling.com\/cs\/2026\/08\/25\/okouzleny-pelotonem-vystreli-zlaty-hoch\/#primaryimage","url":"https:\/\/d2p6e6u75xmxt8.cloudfront.net\/13\/2026\/08\/profimedia-1114515952.webp","contentUrl":"https:\/\/d2p6e6u75xmxt8.cloudfront.net\/13\/2026\/08\/profimedia-1114515952.webp","width":1800,"height":1200,"caption":"Iniesta NSN Cycling Vuelta"},{"@type":"WebSite","@id":"https:\/\/www.welovecycling.com\/cs\/#website","url":"https:\/\/www.welovecycling.com\/cs\/","name":"\u0160koda We Love Cycling - \u010cesk\u00e1 republika","description":"WeLoveCycling.cz je online magaz\u00edn, kter\u00fd v\u00e1m pravideln\u011b p\u0159in\u00e1\u0161\u00ed rady a tipy, zaj\u00edmav\u00e9 \u010dl\u00e1nky, videa a jedine\u010dn\u00e9 report\u00e1\u017ee ze sv\u011bta cyklistiky.","potentialAction":[{"@type":"SearchAction","target":{"@type":"EntryPoint","urlTemplate":"https:\/\/www.welovecycling.com\/cs\/?s={search_term_string}"},"query-input":{"@type":"PropertyValueSpecification","valueRequired":true,"valueName":"search_term_string"}}],"inLanguage":"cs"},{"@type":"Person","@id":"https:\/\/www.welovecycling.com\/cs\/#\/schema\/person\/d9eeb0a378f3a7e4a6d12d2b536b04b8","name":"radekmalina","image":{"@type":"ImageObject","inLanguage":"cs","@id":"https:\/\/www.welovecycling.com\/cs\/#\/schema\/person\/image\/","url":"https:\/\/secure.gravatar.com\/avatar\/66994b632cb8c39a46b9f54afa3ae07201b678d32a54275b6f1c9ffec356bfc0?s=96&d=mm&r=g","contentUrl":"https:\/\/secure.gravatar.com\/avatar\/66994b632cb8c39a46b9f54afa3ae07201b678d32a54275b6f1c9ffec356bfc0?s=96&d=mm&r=g","caption":"radekmalina"},"url":"https:\/\/www.welovecycling.com\/cs\/author\/radekmalina\/"}]}},"_links":{"self":[{"href":"https:\/\/www.welovecycling.com\/cs\/wp-json\/wp\/v2\/posts\/35201","targetHints":{"allow":["GET"]}}],"collection":[{"href":"https:\/\/www.welovecycling.com\/cs\/wp-json\/wp\/v2\/posts"}],"about":[{"href":"https:\/\/www.welovecycling.com\/cs\/wp-json\/wp\/v2\/types\/post"}],"author":[{"embeddable":true,"href":"https:\/\/www.welovecycling.com\/cs\/wp-json\/wp\/v2\/users\/138"}],"replies":[{"embeddable":true,"href":"https:\/\/www.welovecycling.com\/cs\/wp-json\/wp\/v2\/comments?post=35201"}],"version-history":[{"count":4,"href":"https:\/\/www.welovecycling.com\/cs\/wp-json\/wp\/v2\/posts\/35201\/revisions"}],"predecessor-version":[{"id":35206,"href":"https:\/\/www.welovecycling.com\/cs\/wp-json\/wp\/v2\/posts\/35201\/revisions\/35206"}],"wp:featuredmedia":[{"embeddable":true,"href":"https:\/\/www.welovecycling.com\/cs\/wp-json\/wp\/v2\/media\/35203"}],"wp:attachment":[{"href":"https:\/\/www.welovecycling.com\/cs\/wp-json\/wp\/v2\/media?parent=35201"}],"wp:term":[{"taxonomy":"category","embeddable":true,"href":"https:\/\/www.welovecycling.com\/cs\/wp-json\/wp\/v2\/categories?post=35201"},{"taxonomy":"post_tag","embeddable":true,"href":"https:\/\/www.welovecycling.com\/cs\/wp-json\/wp\/v2\/tags?post=35201"},{"taxonomy":"global-categories","embeddable":true,"href":"https:\/\/www.welovecycling.com\/cs\/wp-json\/wp\/v2\/global-categories?post=35201"}],"curies":[{"name":"wp","href":"https:\/\/api.w.org\/{rel}","templated":true}]}}