{"id":35197,"date":"2026-08-24T06:00:16","date_gmt":"2026-08-24T04:00:16","guid":{"rendered":"https:\/\/www.welovecycling.com\/cs\/?p=35197"},"modified":"2026-08-23T08:13:41","modified_gmt":"2026-08-23T06:13:41","slug":"podzimni-past-pro-cyklisty-jak-nepolozit-sezonu-prvni-virozou","status":"publish","type":"post","link":"https:\/\/www.welovecycling.com\/cs\/2026\/08\/24\/podzimni-past-pro-cyklisty-jak-nepolozit-sezonu-prvni-virozou\/","title":{"rendered":"Podzimn\u00ed past pro cyklisty: jak nepolo\u017eit sezonu prvn\u00ed vir\u00f3zou?"},"content":{"rendered":"<p><strong>Konec srpna a za\u010d\u00e1tek podzimu m\u00e1 pro cyklisty zvl\u00e1\u0161tn\u00ed kouzlo. Nohy jsou siln\u00e9, forma graduje, hlava u\u017e nen\u00ed pod tlakem jarn\u00edch c\u00edl\u016f a silnice se pomalu vylid\u0148uj\u00ed. Jen\u017ee pr\u00e1v\u011b v tomhle obdob\u00ed \u010d\u00edh\u00e1 velk\u00fd nep\u0159\u00edtel amat\u00e9r\u016f: nen\u00e1padn\u00e1 podzimn\u00ed vir\u00f3za, kter\u00e1 dok\u00e1\u017ee b\u011bhem p\u00e1r dn\u016f smazat t\u00fddny poctiv\u00e9 pr\u00e1ce.<\/strong><\/p>\n<p>Nejde o sm\u016flu. Ve v\u011bt\u0161in\u011b p\u0159\u00edpad\u016f je to kombinace \u00fanavy, podcen\u011bn\u00e9 regenerace a \u0161patn\u00fdch n\u00e1vyk\u016f.<\/p>\n<h2><strong>Kdy\u017e forma p\u0159eroste p\u0159es hlavu<\/strong><\/h2>\n<p>Typick\u00fd sc\u00e9n\u00e1\u0159? Forma vrchol\u00ed, chu\u0165 jezdit je obrovsk\u00e1 a najednou p\u0159ijde chladn\u011bj\u0161\u00ed r\u00e1no. Kr\u00e1tk\u00fd ruk\u00e1v, lehk\u00e1 vesta. Jen\u017ee t\u011blo u\u017e nen\u00ed v jarn\u00ed sv\u011b\u017eesti. Po m\u011bs\u00edc\u00edch tr\u00e9ninku je imunitn\u00ed syst\u00e9m oslaben\u011bj\u0161\u00ed, ne\u017e si v\u011bt\u0161ina hobby jezdc\u016f p\u0159ipou\u0161t\u00ed.<\/p>\n<p>Pr\u00e1v\u011b vysok\u00e1 tr\u00e9ninkov\u00e1 z\u00e1t\u011b\u017e toti\u017e do\u010dasn\u011b sni\u017euje obranyschopnost. Pokud do toho p\u0159id\u00e1te nedostatek sp\u00e1nku, stres z pr\u00e1ce a prvn\u00ed v\u00fdkyvy po\u010das\u00ed, vznik\u00e1 ide\u00e1ln\u00ed prost\u0159ed\u00ed pro nemoc.<\/p>\n<p><a href=\"https:\/\/d2p6e6u75xmxt8.cloudfront.net\/13\/2024\/03\/mocca-image-emerald03-1708506726-1708507066.webp\"><img loading=\"lazy\" decoding=\"async\" class=\"alignnone size-full wp-image-24999\" src=\"https:\/\/d2p6e6u75xmxt8.cloudfront.net\/13\/2024\/03\/mocca-image-emerald03-1708506726-1708507066.webp\" alt=\"Barva cyklistick\u00fdch dres\u016f\" width=\"1563\" height=\"1597\" srcset=\"https:\/\/d2p6e6u75xmxt8.cloudfront.net\/13\/2024\/03\/mocca-image-emerald03-1708506726-1708507066.webp 1563w, https:\/\/d2p6e6u75xmxt8.cloudfront.net\/13\/2024\/03\/mocca-image-emerald03-1708506726-1708507066-294x300.webp 294w, https:\/\/d2p6e6u75xmxt8.cloudfront.net\/13\/2024\/03\/mocca-image-emerald03-1708506726-1708507066-1002x1024.webp 1002w, https:\/\/d2p6e6u75xmxt8.cloudfront.net\/13\/2024\/03\/mocca-image-emerald03-1708506726-1708507066-768x785.webp 768w, https:\/\/d2p6e6u75xmxt8.cloudfront.net\/13\/2024\/03\/mocca-image-emerald03-1708506726-1708507066-1503x1536.webp 1503w, https:\/\/d2p6e6u75xmxt8.cloudfront.net\/13\/2024\/03\/mocca-image-emerald03-1708506726-1708507066-391x400.webp 391w\" sizes=\"auto, (max-width: 1563px) 100vw, 1563px\" \/><\/a><\/p>\n<p>A probl\u00e9m je v tom, \u017ee varovn\u00e9 sign\u00e1ly \u010dasto ignorujeme. \u00danava? Norm\u00e1ln\u00ed. T\u011b\u017ek\u00e9 nohy? Prost\u011b dal\u0161\u00ed intervaly. \u0160kr\u00e1b\u00e1n\u00ed v krku? Pomine a odezn\u00ed. Neodezn\u00ed. Nep\u0159ejde. To o sob\u011b d\u00e1v\u00e1 v\u011bd\u011bt nastupuj\u00edc\u00ed vir\u00f3za.<\/p>\n<h2><strong>Sp\u00e1nek jako nejlevn\u011bj\u0161\u00ed doping<\/strong><\/h2>\n<p>Zn\u00ed to ban\u00e1ln\u011b, ale pr\u00e1v\u011b sp\u00e1nek je v tomto obdob\u00ed nejd\u016fle\u017eit\u011bj\u0161\u00ed \u201etr\u00e9ninkovou jednotkou\u201c. Sedm hodin je minimum. Ide\u00e1l? Osm a v\u00edce, zvl\u00e1\u0161\u0165 p\u0159i vy\u0161\u0161\u00ed z\u00e1t\u011b\u017ei.<\/p>\n<p>B\u011bhem sp\u00e1nku toti\u017e t\u011blo opravuje mikropo\u0161kozen\u00ed sval\u016f, vyrovn\u00e1v\u00e1 hormon\u00e1ln\u00ed hladiny a p\u0159edev\u0161\u00edm posiluje imunitn\u00ed syst\u00e9m. Ka\u017ed\u00e1 zkr\u00e1cen\u00e1 noc znamen\u00e1 vy\u0161\u0161\u00ed riziko, \u017ee v\u00e1s skol\u00ed prvn\u00ed vir\u00f3za, kterou potk\u00e1te.<\/p>\n<p>Podce\u0148ovan\u00e1 je i kvalita sp\u00e1nku. Ve\u010der bez mobilu, chladn\u011bj\u0161\u00ed m\u00edstnost, pravideln\u00fd re\u017eim. Jednoduch\u00e9 v\u011bci, kter\u00e9 maj\u00ed v\u011bt\u0161\u00ed dopad ne\u017e drah\u00e9 dopl\u0148ky stravy.<\/p>\n<div class=\"shortcode-ys-post-pinup\"><article class=\"loop-simple post-35145 post type-post status-publish format-standard has-post-thumbnail hentry category-silnicni-cyklistika tag-cyklistika tag-decathlon-cma-cgm tag-kontrakt tag-paul-seixas tag-prestup tag-silnicni-cyklistika global-categories-cycling\" data-postid=\"35145\" role=\"article\" data-post-id=\"35145\" data-word-count=\"531\" data-headline-length=\"48\" data-category=\"Silni\u010dn\u00ed cyklistika\" data-global-category=\"Cycling\" data-author=\"We Love Cycling\" data-published=\"2026-08-18T12:48:15+02:00\" data-published-day=\"Tuesday\">\n    <div class=\"entry-thumbnail article-thumbnail\" content=\"https:\/\/d2p6e6u75xmxt8.cloudfront.net\/13\/2026\/08\/20260717TDF1025_A.S.O.-Thomas-Maheux-1-150x150.webp\"><a href=\"https:\/\/www.welovecycling.com\/cs\/2026\/08\/18\/stovky-milionu-odmitl-zatim-zustane-verny\/\" class=\"image-holder\" target=\"_self\"><img decoding=\"async\" loading=\"lazy\" class=\"\" src=\"https:\/\/d2p6e6u75xmxt8.cloudfront.net\/13\/2026\/08\/20260717TDF1025_A.S.O.-Thomas-Maheux-1-1024x683.webp\" srcset=\"https:\/\/d2p6e6u75xmxt8.cloudfront.net\/13\/2026\/08\/20260717TDF1025_A.S.O.-Thomas-Maheux-1.webp 1680w, https:\/\/d2p6e6u75xmxt8.cloudfront.net\/13\/2026\/08\/20260717TDF1025_A.S.O.-Thomas-Maheux-1-300x200.webp 300w, https:\/\/d2p6e6u75xmxt8.cloudfront.net\/13\/2026\/08\/20260717TDF1025_A.S.O.-Thomas-Maheux-1-1024x683.webp 1024w, https:\/\/d2p6e6u75xmxt8.cloudfront.net\/13\/2026\/08\/20260717TDF1025_A.S.O.-Thomas-Maheux-1-768x512.webp 768w, https:\/\/d2p6e6u75xmxt8.cloudfront.net\/13\/2026\/08\/20260717TDF1025_A.S.O.-Thomas-Maheux-1-1536x1025.webp 1536w, https:\/\/d2p6e6u75xmxt8.cloudfront.net\/13\/2026\/08\/20260717TDF1025_A.S.O.-Thomas-Maheux-1-400x267.webp 400w, https:\/\/d2p6e6u75xmxt8.cloudfront.net\/13\/2026\/08\/20260717TDF1025_A.S.O.-Thomas-Maheux-1-272x182.webp 272w\" width=\"1024\" height=\"683\" sizes=\"auto, (min-width: 1200px) 300px, (min-width: 768px) 25vw, 100vw\" alt=\"stovky-milionu-odmitl-zatim-zustane-verny\"\/><\/a><\/div>    <div class=\"entry-meta\">\n        <a class=\"label label-secondary post-category\" href=\"https:\/\/www.welovecycling.com\/cs\/category\/silnicni-cyklistika\/\" title=\"Silni\u010dn\u00ed cyklistika\">Silni\u010dn\u00ed cyklistika<\/a>\n    <\/div>\n    <div class=\"entry-details\">\n        <a href=\"https:\/\/www.welovecycling.com\/cs\/2026\/08\/18\/stovky-milionu-odmitl-zatim-zustane-verny\/\" class='entry-title-wrapper'>\n            <h3 class=\"entry-title\"><span>Stovky milion\u016f odm\u00edtl. Zat\u00edm z\u016fstane v\u011brn\u00fd<\/span><\/h3>\n        <\/a>\n    <\/div>\n    <\/article>\n<\/div>\n<p>Podzim je ide\u00e1ln\u00ed \u010das nau\u010dit se odpo\u010d\u00edvat. Ne jako nutn\u00e9 zlo, ale jako sou\u010d\u00e1st v\u00fdkonu. Lehk\u00e1 vyj\u00ed\u017e\u010fka m\u00edsto dal\u0161\u00ed j\u00edzdy na krev. Den volna bez v\u00fd\u010ditek. Prota\u017een\u00ed nebo mas\u00e1\u017e. T\u011blo v\u00e1m to vr\u00e1t\u00ed. Ne hned, ale ve chv\u00edli, kdy ostatn\u00ed za\u010dnou odpadat.<\/p>\n<p>Velkou roli hraje i vitam\u00edn D. S ub\u00fdvaj\u00edc\u00edm sluncem jeho hladina kles\u00e1 a s n\u00ed i obranyschopnost. Neznamen\u00e1 to automaticky sahat po tablet\u00e1ch, ale b\u00fdt si v\u011bdom\u00fd, \u017ee podzimn\u00ed m\u011bs\u00edce jsou v tomto sm\u011bru kritick\u00e9.<\/p>\n<h2><strong>Podzim jako p\u0159\u00edle\u017eitost<\/strong><\/h2>\n<p>N\u011bkdy, p\u0159esto\u017ee v\u0161echny z\u00e1kladn\u00ed pokyny dodr\u017e\u00edte, m\u016f\u017ee doj\u00edt na kritick\u00e9 rozhodnut\u00ed: tr\u00e9novat p\u0159i nachlazen\u00ed? Nebo odpo\u010d\u00edvat? Ot\u00e1zka, kterou si polo\u017e\u00ed ka\u017ed\u00fd. Odpov\u011b\u010f nen\u00ed \u010dernob\u00edl\u00e1, ale existuje jednoduch\u00e9 pravidlo: pokud jsou p\u0159\u00edznaky \u201enad krkem\u201c \u2013 r\u00fdma, lehk\u00e9 \u0161kr\u00e1b\u00e1n\u00ed \u2013 m\u016f\u017eete zkusit velmi lehkou j\u00edzdu. Bez ambic\u00ed, bez v\u00fdkonu.<\/p>\n<p><a href=\"https:\/\/d2p6e6u75xmxt8.cloudfront.net\/13\/2026\/08\/photo-pg-8585--scaled.webp\"><img loading=\"lazy\" decoding=\"async\" class=\"alignnone size-extra-large wp-image-35199\" src=\"https:\/\/d2p6e6u75xmxt8.cloudfront.net\/13\/2026\/08\/photo-pg-8585--1920x1281.webp\" alt=\"\" width=\"1920\" height=\"1281\" srcset=\"https:\/\/d2p6e6u75xmxt8.cloudfront.net\/13\/2026\/08\/photo-pg-8585--1920x1281.webp 1920w, https:\/\/d2p6e6u75xmxt8.cloudfront.net\/13\/2026\/08\/photo-pg-8585--300x200.webp 300w, https:\/\/d2p6e6u75xmxt8.cloudfront.net\/13\/2026\/08\/photo-pg-8585--1024x683.webp 1024w, https:\/\/d2p6e6u75xmxt8.cloudfront.net\/13\/2026\/08\/photo-pg-8585--768x512.webp 768w, https:\/\/d2p6e6u75xmxt8.cloudfront.net\/13\/2026\/08\/photo-pg-8585--1536x1024.webp 1536w, https:\/\/d2p6e6u75xmxt8.cloudfront.net\/13\/2026\/08\/photo-pg-8585--2048x1366.webp 2048w, https:\/\/d2p6e6u75xmxt8.cloudfront.net\/13\/2026\/08\/photo-pg-8585--400x267.webp 400w, https:\/\/d2p6e6u75xmxt8.cloudfront.net\/13\/2026\/08\/photo-pg-8585--272x182.webp 272w, https:\/\/d2p6e6u75xmxt8.cloudfront.net\/13\/2026\/08\/photo-pg-8585--1920x1281.webp 1920w\" sizes=\"auto, (max-width: 1920px) 100vw, 1920px\" \/><\/a><\/p>\n<p>Jakmile se ale objev\u00ed teplota, bolest sval\u016f nebo celkov\u00e1 \u00fanava, kolo mus\u00ed stranou. Bez kompromis\u016f. J\u00edzda v nemoci toti\u017e neznamen\u00e1 jen hor\u0161\u00ed v\u00fdkon. M\u016f\u017ee v\u00e9st k prodlou\u017een\u00ed rekonvalescence, nebo v krajn\u00edm p\u0159\u00edpad\u011b k v\u00e1\u017en\u011bj\u0161\u00edm komplikac\u00edm. A to u\u017e nen\u00ed jen o ztracen\u00e9 form\u011b, ale o zdrav\u00ed.<\/p>\n<div class=\"shortcode-ys-post-pinup\"><article class=\"loop-simple post-35170 post type-post status-publish format-standard has-post-thumbnail hentry category-https-www-welovecycling-com-cs-category-zabava tag-cyklisticke-tresty tag-cyklistika tag-silnicni-cyklistika tag-trestni-zakonik global-categories-cycling\" data-postid=\"35170\" role=\"article\" data-post-id=\"35170\" data-word-count=\"333\" data-headline-length=\"83\" data-category=\"Z\u00c1BAVA\" data-global-category=\"Cycling\" data-author=\"We Love Cycling\" data-published=\"2026-08-20T06:20:28+02:00\" data-published-day=\"Thursday\">\n    <div class=\"entry-thumbnail article-thumbnail\" content=\"https:\/\/d2p6e6u75xmxt8.cloudfront.net\/13\/2026\/08\/20260805TDFFAZ1065-A.S.O.-Billy_Ceusters-150x150.webp\"><a href=\"https:\/\/www.welovecycling.com\/cs\/2026\/08\/20\/trestni-zakonik-ceskeho-cyklisty-za-co-by-vas-klidne-mohli-zabasnout\/\" class=\"image-holder\" target=\"_self\"><img decoding=\"async\" loading=\"lazy\" class=\"\" src=\"https:\/\/d2p6e6u75xmxt8.cloudfront.net\/13\/2026\/08\/20260805TDFFAZ1065-A.S.O.-Billy_Ceusters-1024x683.webp\" srcset=\"https:\/\/d2p6e6u75xmxt8.cloudfront.net\/13\/2026\/08\/20260805TDFFAZ1065-A.S.O.-Billy_Ceusters.webp 1680w, https:\/\/d2p6e6u75xmxt8.cloudfront.net\/13\/2026\/08\/20260805TDFFAZ1065-A.S.O.-Billy_Ceusters-300x200.webp 300w, https:\/\/d2p6e6u75xmxt8.cloudfront.net\/13\/2026\/08\/20260805TDFFAZ1065-A.S.O.-Billy_Ceusters-1024x683.webp 1024w, https:\/\/d2p6e6u75xmxt8.cloudfront.net\/13\/2026\/08\/20260805TDFFAZ1065-A.S.O.-Billy_Ceusters-768x512.webp 768w, https:\/\/d2p6e6u75xmxt8.cloudfront.net\/13\/2026\/08\/20260805TDFFAZ1065-A.S.O.-Billy_Ceusters-1536x1024.webp 1536w, https:\/\/d2p6e6u75xmxt8.cloudfront.net\/13\/2026\/08\/20260805TDFFAZ1065-A.S.O.-Billy_Ceusters-400x267.webp 400w, https:\/\/d2p6e6u75xmxt8.cloudfront.net\/13\/2026\/08\/20260805TDFFAZ1065-A.S.O.-Billy_Ceusters-272x182.webp 272w\" width=\"1024\" height=\"683\" sizes=\"auto, (min-width: 1200px) 300px, (min-width: 768px) 25vw, 100vw\" alt=\"trestni-zakonik-ceskeho-cyklisty-za-co-by-vas-klidne-mohli-zabasnout\"\/><\/a><\/div>    <div class=\"entry-meta\">\n        <a class=\"label label-secondary post-category\" href=\"https:\/\/www.welovecycling.com\/cs\/category\/https-www-welovecycling-com-cs-category-zabava\/\" title=\"Z\u00c1BAVA\">Z\u00c1BAVA<\/a>\n    <\/div>\n    <div class=\"entry-details\">\n        <a href=\"https:\/\/www.welovecycling.com\/cs\/2026\/08\/20\/trestni-zakonik-ceskeho-cyklisty-za-co-by-vas-klidne-mohli-zabasnout\/\" class='entry-title-wrapper'>\n            <h3 class=\"entry-title\"><span>Trestn\u00ed z\u00e1kon\u00edk \u010desk\u00e9ho cyklisty: za co by v\u00e1s klidn\u011b mohli \u201ezab\u00e1snout\u201c<\/span><\/h3>\n        <\/a>\n    <\/div>\n    <\/article>\n<\/div>\n<p>Mo\u017en\u00e1 nejv\u011bt\u0161\u00ed chyba je v tom, \u017ee <a href=\"https:\/\/www.welovecycling.com\/cs\/2024\/10\/20\/motivace-pro-podzimni-cyklistiku-deset-zarucenych-tipu\/\">podzim<\/a> bereme jako dozn\u00edv\u00e1n\u00ed sezony. P\u0159itom m\u016f\u017ee b\u00fdt jedn\u00edm z nejlep\u0161\u00edch obdob\u00ed na kole \u2013 pokud t\u011blu d\u00e1me, co pot\u0159ebuje.<\/p>\n<p>M\u00e9n\u011b tlaku, v\u00edce vn\u00edm\u00e1n\u00ed sign\u00e1l\u016f. M\u00e9n\u011b hon\u011bn\u00ed watt\u016f, v\u00edce p\u00e9\u010de o sebe. Kdo tohle zvl\u00e1dne, nejen \u017ee vir\u00f3za nerozlo\u017e\u00ed jeho sezonu, ale polo\u017e\u00ed si pevn\u00fd z\u00e1klad pro dal\u0161\u00ed cyklistick\u00fd rok. A mo\u017en\u00e1 si poprv\u00e9 po dlouh\u00e9 dob\u011b j\u00edzdu opravdu u\u017eije.<\/p>\n","protected":false},"excerpt":{"rendered":"<p>Konec srpna a za\u010d\u00e1tek podzimu m\u00e1 pro cyklisty zvl\u00e1\u0161tn\u00ed kouzlo. Nohy jsou siln\u00e9, forma graduje, hlava u\u017e nen\u00ed pod tlakem [&hellip;]<\/p>\n","protected":false},"author":138,"featured_media":35198,"comment_status":"open","ping_status":"open","sticky":false,"template":"","format":"standard","meta":{"footnotes":""},"categories":[6],"tags":[126,4210,2001,56,9,27,4782,28,67],"global-categories":[411],"class_list":["post-35197","post","type-post","status-publish","format-standard","has-post-thumbnail","hentry","category-zdravi-a-trenink","tag-cyklistika","tag-forma","tag-gravel","tag-horska-cyklistika","tag-silnicni-cyklistika","tag-trenink","tag-viroza","tag-zdravi","tag-zdravi-a-trenink","global-categories-cycling"],"yoast_head":"<!-- This site is optimized with the Yoast SEO Premium plugin v25.3 (Yoast SEO v25.9) - https:\/\/yoast.com\/wordpress\/plugins\/seo\/ -->\n<title>Podzimn\u00ed past pro cyklisty: jak nepolo\u017eit sezonu prvn\u00ed vir\u00f3zou? | \u0160koda We Love Cycling - \u010cesk\u00e1 republika<\/title>\n<meta name=\"description\" content=\"Konec srpna a za\u010d\u00e1tek podzimu m\u00e1 pro cyklisty zvl\u00e1\u0161tn\u00ed kouzlo. Nohy jsou siln\u00e9, hlava u\u017e nen\u00ed pod tlakem jarn\u00edch c\u00edl\u016f a silnice se pomalu vylid\u0148uj\u00ed. Jen\u017ee pr\u00e1v\u011b v tomhle obdob\u00ed \u010d\u00edh\u00e1 velk\u00fd nep\u0159\u00edtel amat\u00e9r\u016f: nen\u00e1padn\u00e1 podzimn\u00ed vir\u00f3za, kter\u00e1 dok\u00e1\u017ee b\u011bhem p\u00e1r dn\u016f smazat t\u00fddny poctiv\u00e9 pr\u00e1ce.\" \/>\n<meta name=\"robots\" content=\"index, follow, max-snippet:-1, max-image-preview:large, max-video-preview:-1\" \/>\n<link rel=\"canonical\" href=\"https:\/\/www.welovecycling.com\/cs\/2026\/08\/24\/podzimni-past-pro-cyklisty-jak-nepolozit-sezonu-prvni-virozou\/\" \/>\n<meta property=\"og:locale\" content=\"cs_CZ\" \/>\n<meta property=\"og:type\" content=\"article\" \/>\n<meta property=\"og:title\" content=\"Podzimn\u00ed past pro cyklisty: jak nepolo\u017eit sezonu prvn\u00ed vir\u00f3zou?\" \/>\n<meta property=\"og:description\" content=\"Konec srpna a za\u010d\u00e1tek podzimu m\u00e1 pro cyklisty zvl\u00e1\u0161tn\u00ed kouzlo. Nohy jsou siln\u00e9, hlava u\u017e nen\u00ed pod tlakem jarn\u00edch c\u00edl\u016f a silnice se pomalu vylid\u0148uj\u00ed. Jen\u017ee pr\u00e1v\u011b v tomhle obdob\u00ed \u010d\u00edh\u00e1 velk\u00fd nep\u0159\u00edtel amat\u00e9r\u016f: nen\u00e1padn\u00e1 podzimn\u00ed vir\u00f3za, kter\u00e1 dok\u00e1\u017ee b\u011bhem p\u00e1r dn\u016f smazat t\u00fddny poctiv\u00e9 pr\u00e1ce.\" \/>\n<meta property=\"og:url\" content=\"https:\/\/www.welovecycling.com\/cs\/2026\/08\/24\/podzimni-past-pro-cyklisty-jak-nepolozit-sezonu-prvni-virozou\/\" \/>\n<meta property=\"og:site_name\" content=\"\u0160koda We Love Cycling - \u010cesk\u00e1 republika\" \/>\n<meta property=\"article:published_time\" content=\"2026-08-24T04:00:16+00:00\" \/>\n<meta property=\"og:image\" content=\"https:\/\/d2p6e6u75xmxt8.cloudfront.net\/13\/2026\/08\/photo-pg-8579--scaled.webp\" \/>\n\t<meta property=\"og:image:width\" content=\"2560\" \/>\n\t<meta property=\"og:image:height\" content=\"1707\" \/>\n\t<meta property=\"og:image:type\" content=\"image\/webp\" \/>\n<meta name=\"author\" content=\"radekmalina\" \/>\n<meta name=\"twitter:card\" content=\"summary_large_image\" \/>\n<meta name=\"twitter:label1\" content=\"Written by\" \/>\n\t<meta name=\"twitter:data1\" content=\"We Love Cycling\" \/>\n\t<meta name=\"twitter:label2\" content=\"Est. reading time\" \/>\n\t<meta name=\"twitter:data2\" content=\"6\" \/>\n<script type=\"application\/ld+json\" class=\"yoast-schema-graph\">{\"@context\":\"https:\/\/schema.org\",\"@graph\":[{\"@type\":\"WebPage\",\"@id\":\"https:\/\/www.welovecycling.com\/cs\/2026\/08\/24\/podzimni-past-pro-cyklisty-jak-nepolozit-sezonu-prvni-virozou\/\",\"url\":\"https:\/\/www.welovecycling.com\/cs\/2026\/08\/24\/podzimni-past-pro-cyklisty-jak-nepolozit-sezonu-prvni-virozou\/\",\"name\":\"Podzimn\u00ed past pro cyklisty: jak nepolo\u017eit sezonu prvn\u00ed vir\u00f3zou? | \u0160koda We Love Cycling - \u010cesk\u00e1 republika\",\"isPartOf\":{\"@id\":\"https:\/\/www.welovecycling.com\/cs\/#website\"},\"primaryImageOfPage\":{\"@id\":\"https:\/\/www.welovecycling.com\/cs\/2026\/08\/24\/podzimni-past-pro-cyklisty-jak-nepolozit-sezonu-prvni-virozou\/#primaryimage\"},\"image\":{\"@id\":\"https:\/\/www.welovecycling.com\/cs\/2026\/08\/24\/podzimni-past-pro-cyklisty-jak-nepolozit-sezonu-prvni-virozou\/#primaryimage\"},\"thumbnailUrl\":\"https:\/\/d2p6e6u75xmxt8.cloudfront.net\/13\/2026\/08\/photo-pg-8579--scaled.webp\",\"datePublished\":\"2026-08-24T04:00:16+00:00\",\"author\":{\"@id\":\"https:\/\/www.welovecycling.com\/cs\/#\/schema\/person\/d9eeb0a378f3a7e4a6d12d2b536b04b8\"},\"description\":\"Konec srpna a za\u010d\u00e1tek podzimu m\u00e1 pro cyklisty zvl\u00e1\u0161tn\u00ed kouzlo. Nohy jsou siln\u00e9, hlava u\u017e nen\u00ed pod tlakem jarn\u00edch c\u00edl\u016f a silnice se pomalu vylid\u0148uj\u00ed. Jen\u017ee pr\u00e1v\u011b v tomhle obdob\u00ed \u010d\u00edh\u00e1 velk\u00fd nep\u0159\u00edtel amat\u00e9r\u016f: nen\u00e1padn\u00e1 podzimn\u00ed vir\u00f3za, kter\u00e1 dok\u00e1\u017ee b\u011bhem p\u00e1r dn\u016f smazat t\u00fddny poctiv\u00e9 pr\u00e1ce.\",\"inLanguage\":\"cs\",\"potentialAction\":[{\"@type\":\"ReadAction\",\"target\":[\"https:\/\/www.welovecycling.com\/cs\/2026\/08\/24\/podzimni-past-pro-cyklisty-jak-nepolozit-sezonu-prvni-virozou\/\"]}]},{\"@type\":\"ImageObject\",\"inLanguage\":\"cs\",\"@id\":\"https:\/\/www.welovecycling.com\/cs\/2026\/08\/24\/podzimni-past-pro-cyklisty-jak-nepolozit-sezonu-prvni-virozou\/#primaryimage\",\"url\":\"https:\/\/d2p6e6u75xmxt8.cloudfront.net\/13\/2026\/08\/photo-pg-8579--scaled.webp\",\"contentUrl\":\"https:\/\/d2p6e6u75xmxt8.cloudfront.net\/13\/2026\/08\/photo-pg-8579--scaled.webp\",\"width\":2560,\"height\":1707,\"caption\":\"Forma podzim vir\u00f3za cyklistika\"},{\"@type\":\"WebSite\",\"@id\":\"https:\/\/www.welovecycling.com\/cs\/#website\",\"url\":\"https:\/\/www.welovecycling.com\/cs\/\",\"name\":\"\u0160koda We Love Cycling - \u010cesk\u00e1 republika\",\"description\":\"WeLoveCycling.cz je online magaz\u00edn, kter\u00fd v\u00e1m pravideln\u011b p\u0159in\u00e1\u0161\u00ed rady a tipy, zaj\u00edmav\u00e9 \u010dl\u00e1nky, videa a jedine\u010dn\u00e9 report\u00e1\u017ee ze sv\u011bta cyklistiky.\",\"potentialAction\":[{\"@type\":\"SearchAction\",\"target\":{\"@type\":\"EntryPoint\",\"urlTemplate\":\"https:\/\/www.welovecycling.com\/cs\/?s={search_term_string}\"},\"query-input\":{\"@type\":\"PropertyValueSpecification\",\"valueRequired\":true,\"valueName\":\"search_term_string\"}}],\"inLanguage\":\"cs\"},{\"@type\":\"Person\",\"@id\":\"https:\/\/www.welovecycling.com\/cs\/#\/schema\/person\/d9eeb0a378f3a7e4a6d12d2b536b04b8\",\"name\":\"radekmalina\",\"image\":{\"@type\":\"ImageObject\",\"inLanguage\":\"cs\",\"@id\":\"https:\/\/www.welovecycling.com\/cs\/#\/schema\/person\/image\/\",\"url\":\"https:\/\/secure.gravatar.com\/avatar\/66994b632cb8c39a46b9f54afa3ae07201b678d32a54275b6f1c9ffec356bfc0?s=96&d=mm&r=g\",\"contentUrl\":\"https:\/\/secure.gravatar.com\/avatar\/66994b632cb8c39a46b9f54afa3ae07201b678d32a54275b6f1c9ffec356bfc0?s=96&d=mm&r=g\",\"caption\":\"radekmalina\"},\"url\":\"https:\/\/www.welovecycling.com\/cs\/author\/radekmalina\/\"}]}<\/script>\n<!-- \/ Yoast SEO Premium plugin. -->","yoast_head_json":{"title":"Podzimn\u00ed past pro cyklisty: jak nepolo\u017eit sezonu prvn\u00ed vir\u00f3zou? | \u0160koda We Love Cycling - \u010cesk\u00e1 republika","description":"Konec srpna a za\u010d\u00e1tek podzimu m\u00e1 pro cyklisty zvl\u00e1\u0161tn\u00ed kouzlo. Nohy jsou siln\u00e9, hlava u\u017e nen\u00ed pod tlakem jarn\u00edch c\u00edl\u016f a silnice se pomalu vylid\u0148uj\u00ed. Jen\u017ee pr\u00e1v\u011b v tomhle obdob\u00ed \u010d\u00edh\u00e1 velk\u00fd nep\u0159\u00edtel amat\u00e9r\u016f: nen\u00e1padn\u00e1 podzimn\u00ed vir\u00f3za, kter\u00e1 dok\u00e1\u017ee b\u011bhem p\u00e1r dn\u016f smazat t\u00fddny poctiv\u00e9 pr\u00e1ce.","robots":{"index":"index","follow":"follow","max-snippet":"max-snippet:-1","max-image-preview":"max-image-preview:large","max-video-preview":"max-video-preview:-1"},"canonical":"https:\/\/www.welovecycling.com\/cs\/2026\/08\/24\/podzimni-past-pro-cyklisty-jak-nepolozit-sezonu-prvni-virozou\/","og_locale":"cs_CZ","og_type":"article","og_title":"Podzimn\u00ed past pro cyklisty: jak nepolo\u017eit sezonu prvn\u00ed vir\u00f3zou?","og_description":"Konec srpna a za\u010d\u00e1tek podzimu m\u00e1 pro cyklisty zvl\u00e1\u0161tn\u00ed kouzlo. Nohy jsou siln\u00e9, hlava u\u017e nen\u00ed pod tlakem jarn\u00edch c\u00edl\u016f a silnice se pomalu vylid\u0148uj\u00ed. Jen\u017ee pr\u00e1v\u011b v tomhle obdob\u00ed \u010d\u00edh\u00e1 velk\u00fd nep\u0159\u00edtel amat\u00e9r\u016f: nen\u00e1padn\u00e1 podzimn\u00ed vir\u00f3za, kter\u00e1 dok\u00e1\u017ee b\u011bhem p\u00e1r dn\u016f smazat t\u00fddny poctiv\u00e9 pr\u00e1ce.","og_url":"https:\/\/www.welovecycling.com\/cs\/2026\/08\/24\/podzimni-past-pro-cyklisty-jak-nepolozit-sezonu-prvni-virozou\/","og_site_name":"\u0160koda We Love Cycling - \u010cesk\u00e1 republika","article_published_time":"2026-08-24T04:00:16+00:00","og_image":[{"width":2560,"height":1707,"url":"https:\/\/d2p6e6u75xmxt8.cloudfront.net\/13\/2026\/08\/photo-pg-8579--scaled.webp","type":"image\/webp"}],"author":"radekmalina","twitter_card":"summary_large_image","twitter_misc":{"Written by":"We Love Cycling","Est. reading time":"6"},"schema":{"@context":"https:\/\/schema.org","@graph":[{"@type":"WebPage","@id":"https:\/\/www.welovecycling.com\/cs\/2026\/08\/24\/podzimni-past-pro-cyklisty-jak-nepolozit-sezonu-prvni-virozou\/","url":"https:\/\/www.welovecycling.com\/cs\/2026\/08\/24\/podzimni-past-pro-cyklisty-jak-nepolozit-sezonu-prvni-virozou\/","name":"Podzimn\u00ed past pro cyklisty: jak nepolo\u017eit sezonu prvn\u00ed vir\u00f3zou? | \u0160koda We Love Cycling - \u010cesk\u00e1 republika","isPartOf":{"@id":"https:\/\/www.welovecycling.com\/cs\/#website"},"primaryImageOfPage":{"@id":"https:\/\/www.welovecycling.com\/cs\/2026\/08\/24\/podzimni-past-pro-cyklisty-jak-nepolozit-sezonu-prvni-virozou\/#primaryimage"},"image":{"@id":"https:\/\/www.welovecycling.com\/cs\/2026\/08\/24\/podzimni-past-pro-cyklisty-jak-nepolozit-sezonu-prvni-virozou\/#primaryimage"},"thumbnailUrl":"https:\/\/d2p6e6u75xmxt8.cloudfront.net\/13\/2026\/08\/photo-pg-8579--scaled.webp","datePublished":"2026-08-24T04:00:16+00:00","author":{"@id":"https:\/\/www.welovecycling.com\/cs\/#\/schema\/person\/d9eeb0a378f3a7e4a6d12d2b536b04b8"},"description":"Konec srpna a za\u010d\u00e1tek podzimu m\u00e1 pro cyklisty zvl\u00e1\u0161tn\u00ed kouzlo. Nohy jsou siln\u00e9, hlava u\u017e nen\u00ed pod tlakem jarn\u00edch c\u00edl\u016f a silnice se pomalu vylid\u0148uj\u00ed. Jen\u017ee pr\u00e1v\u011b v tomhle obdob\u00ed \u010d\u00edh\u00e1 velk\u00fd nep\u0159\u00edtel amat\u00e9r\u016f: nen\u00e1padn\u00e1 podzimn\u00ed vir\u00f3za, kter\u00e1 dok\u00e1\u017ee b\u011bhem p\u00e1r dn\u016f smazat t\u00fddny poctiv\u00e9 pr\u00e1ce.","inLanguage":"cs","potentialAction":[{"@type":"ReadAction","target":["https:\/\/www.welovecycling.com\/cs\/2026\/08\/24\/podzimni-past-pro-cyklisty-jak-nepolozit-sezonu-prvni-virozou\/"]}]},{"@type":"ImageObject","inLanguage":"cs","@id":"https:\/\/www.welovecycling.com\/cs\/2026\/08\/24\/podzimni-past-pro-cyklisty-jak-nepolozit-sezonu-prvni-virozou\/#primaryimage","url":"https:\/\/d2p6e6u75xmxt8.cloudfront.net\/13\/2026\/08\/photo-pg-8579--scaled.webp","contentUrl":"https:\/\/d2p6e6u75xmxt8.cloudfront.net\/13\/2026\/08\/photo-pg-8579--scaled.webp","width":2560,"height":1707,"caption":"Forma podzim vir\u00f3za cyklistika"},{"@type":"WebSite","@id":"https:\/\/www.welovecycling.com\/cs\/#website","url":"https:\/\/www.welovecycling.com\/cs\/","name":"\u0160koda We Love Cycling - \u010cesk\u00e1 republika","description":"WeLoveCycling.cz je online magaz\u00edn, kter\u00fd v\u00e1m pravideln\u011b p\u0159in\u00e1\u0161\u00ed rady a tipy, zaj\u00edmav\u00e9 \u010dl\u00e1nky, videa a jedine\u010dn\u00e9 report\u00e1\u017ee ze sv\u011bta cyklistiky.","potentialAction":[{"@type":"SearchAction","target":{"@type":"EntryPoint","urlTemplate":"https:\/\/www.welovecycling.com\/cs\/?s={search_term_string}"},"query-input":{"@type":"PropertyValueSpecification","valueRequired":true,"valueName":"search_term_string"}}],"inLanguage":"cs"},{"@type":"Person","@id":"https:\/\/www.welovecycling.com\/cs\/#\/schema\/person\/d9eeb0a378f3a7e4a6d12d2b536b04b8","name":"radekmalina","image":{"@type":"ImageObject","inLanguage":"cs","@id":"https:\/\/www.welovecycling.com\/cs\/#\/schema\/person\/image\/","url":"https:\/\/secure.gravatar.com\/avatar\/66994b632cb8c39a46b9f54afa3ae07201b678d32a54275b6f1c9ffec356bfc0?s=96&d=mm&r=g","contentUrl":"https:\/\/secure.gravatar.com\/avatar\/66994b632cb8c39a46b9f54afa3ae07201b678d32a54275b6f1c9ffec356bfc0?s=96&d=mm&r=g","caption":"radekmalina"},"url":"https:\/\/www.welovecycling.com\/cs\/author\/radekmalina\/"}]}},"_links":{"self":[{"href":"https:\/\/www.welovecycling.com\/cs\/wp-json\/wp\/v2\/posts\/35197","targetHints":{"allow":["GET"]}}],"collection":[{"href":"https:\/\/www.welovecycling.com\/cs\/wp-json\/wp\/v2\/posts"}],"about":[{"href":"https:\/\/www.welovecycling.com\/cs\/wp-json\/wp\/v2\/types\/post"}],"author":[{"embeddable":true,"href":"https:\/\/www.welovecycling.com\/cs\/wp-json\/wp\/v2\/users\/138"}],"replies":[{"embeddable":true,"href":"https:\/\/www.welovecycling.com\/cs\/wp-json\/wp\/v2\/comments?post=35197"}],"version-history":[{"count":1,"href":"https:\/\/www.welovecycling.com\/cs\/wp-json\/wp\/v2\/posts\/35197\/revisions"}],"predecessor-version":[{"id":35200,"href":"https:\/\/www.welovecycling.com\/cs\/wp-json\/wp\/v2\/posts\/35197\/revisions\/35200"}],"wp:featuredmedia":[{"embeddable":true,"href":"https:\/\/www.welovecycling.com\/cs\/wp-json\/wp\/v2\/media\/35198"}],"wp:attachment":[{"href":"https:\/\/www.welovecycling.com\/cs\/wp-json\/wp\/v2\/media?parent=35197"}],"wp:term":[{"taxonomy":"category","embeddable":true,"href":"https:\/\/www.welovecycling.com\/cs\/wp-json\/wp\/v2\/categories?post=35197"},{"taxonomy":"post_tag","embeddable":true,"href":"https:\/\/www.welovecycling.com\/cs\/wp-json\/wp\/v2\/tags?post=35197"},{"taxonomy":"global-categories","embeddable":true,"href":"https:\/\/www.welovecycling.com\/cs\/wp-json\/wp\/v2\/global-categories?post=35197"}],"curies":[{"name":"wp","href":"https:\/\/api.w.org\/{rel}","templated":true}]}}