{"id":35193,"date":"2026-08-21T07:14:36","date_gmt":"2026-08-21T05:14:36","guid":{"rendered":"https:\/\/www.welovecycling.com\/cs\/?p=35193"},"modified":"2026-08-21T07:14:36","modified_gmt":"2026-08-21T05:14:36","slug":"proc-bude-vuelta-2026-atraktivni-lakadlem-je-nejen-pogacar","status":"publish","type":"post","link":"https:\/\/www.welovecycling.com\/cs\/2026\/08\/21\/proc-bude-vuelta-2026-atraktivni-lakadlem-je-nejen-pogacar\/","title":{"rendered":"Pro\u010d bude Vuelta 2026 atraktivn\u00ed? L\u00e1kadlem je nejen Poga\u010dar"},"content":{"rendered":"<p><strong>V\u017edy se m\u016f\u017ee n\u011bco st\u00e1t! Vuelta 2026 odstartuje v sobotu 22. z\u00e1\u0159\u00ed s jednozna\u010dn\u00fdm favoritem! Tadej Poga\u010dar, l\u00eddr UAE Emirates XRG, je mnoh\u00fdmi pasov\u00e1n na jasn\u00e9ho v\u00edt\u011bze. A byl by sp\u00ed\u0161e z\u00e1zrak, kdyby 13. \u0159\u00edjna neslavil poprv\u00e9 v historii triumf na \u0161pan\u011blsk\u00e9 Grand Tour. Ale p\u0159edpokl\u00e1dan\u00e1 dominance Slovince neznamen\u00e1, \u017ee posledn\u00ed nejv\u011bt\u0161\u00ed etapov\u00e1 bitva sezony nebude atraktivn\u00ed. Existuje mnoho jezdc\u016f, kter\u00e9 se vyplat\u00ed sledovat&#8230;<\/strong><\/p>\n<h2><strong>Je Poga\u010dar sv\u011b\u017e\u00ed?<\/strong><\/h2>\n<p>Tadej Poga\u010dar startoval na Vuelt\u011b jedinkr\u00e1t. V roce 2019 \u0161lo o premi\u00e9ru aktu\u00e1ln\u00ed jedni\u010dky pelotonu na Grand Tour. A byl to oslniv\u00fd debut. L\u00eddr UAE Emirates XRG vyhr\u00e1l t\u0159i etapy a zejm\u00e9na p\u0159edposledn\u00ed d\u011bjstv\u00ed, kdy jel \u010dty\u0159icet kilometr\u016f v \u00faniku a z\u00edskal b\u00edl\u00fd dres, jasn\u011b uk\u00e1zalo, s k\u00fdm m\u00e1 peloton co do\u010din\u011bn\u00ed.O rok pozd\u011bji Pogacar vyhr\u00e1l svou prvn\u00ed Tour de France. Dnes je p\u011btin\u00e1sobn\u00fdm \u0161ampionem \u017elut\u00e9ho dresu, p\u0159i\u010dem\u017e posledn\u00ed triumf slavil p\u0159ed \u010dty\u0159mi t\u00fddny.<\/p>\n<figure id=\"attachment_35175\" aria-describedby=\"caption-attachment-35175\" style=\"width: 1680px\" class=\"wp-caption alignnone\"><a href=\"https:\/\/d2p6e6u75xmxt8.cloudfront.net\/13\/2026\/08\/20260722TDF2125_A.S.O.-Charly-Lopez.webp\"><img loading=\"lazy\" decoding=\"async\" class=\"size-full wp-image-35175\" src=\"https:\/\/d2p6e6u75xmxt8.cloudfront.net\/13\/2026\/08\/20260722TDF2125_A.S.O.-Charly-Lopez.webp\" alt=\"\" width=\"1680\" height=\"1120\" srcset=\"https:\/\/d2p6e6u75xmxt8.cloudfront.net\/13\/2026\/08\/20260722TDF2125_A.S.O.-Charly-Lopez.webp 1680w, https:\/\/d2p6e6u75xmxt8.cloudfront.net\/13\/2026\/08\/20260722TDF2125_A.S.O.-Charly-Lopez-300x200.webp 300w, https:\/\/d2p6e6u75xmxt8.cloudfront.net\/13\/2026\/08\/20260722TDF2125_A.S.O.-Charly-Lopez-1024x683.webp 1024w, https:\/\/d2p6e6u75xmxt8.cloudfront.net\/13\/2026\/08\/20260722TDF2125_A.S.O.-Charly-Lopez-768x512.webp 768w, https:\/\/d2p6e6u75xmxt8.cloudfront.net\/13\/2026\/08\/20260722TDF2125_A.S.O.-Charly-Lopez-1536x1024.webp 1536w, https:\/\/d2p6e6u75xmxt8.cloudfront.net\/13\/2026\/08\/20260722TDF2125_A.S.O.-Charly-Lopez-400x267.webp 400w, https:\/\/d2p6e6u75xmxt8.cloudfront.net\/13\/2026\/08\/20260722TDF2125_A.S.O.-Charly-Lopez-272x182.webp 272w\" sizes=\"auto, (max-width: 1680px) 100vw, 1680px\" \/><\/a><figcaption id=\"caption-attachment-35175\" class=\"wp-caption-text\"><em>Vuelta 2026 startuje pouh\u00e9 \u010dty\u0159i t\u00fddny pot\u00e9, co Tadej Poga\u010dar vyhr\u00e1l pop\u00e1t\u00e9 Tour de France.<\/em><\/figcaption><\/figure>\n<p>P\u0159\u00edli\u0161 m\u00e1lo \u010dasu na regeneraci? Pro b\u011b\u017en\u00e9ho smrteln\u00edka snad. A tak\u00e9 pro v\u011bt\u0161inu cyklist\u016f. Ale kdy\u017e se jmenujete Tadej Poga\u010dar&#8230; Minul\u00fd rok byl po Tour unaven\u00fd psychicky i fyzicky, nav\u00edc ho tr\u00e1pilo zran\u011bn\u00ed. Jen\u017ee letos m\u011bl takovou formu, \u017ee v posledn\u00edm t\u00fddnu vytvo\u0159il rekord p\u0159i v\u00fdstupu na legend\u00e1rn\u00ed Alpe d&#8216; Huez a je\u0161t\u011b si dovolil luxus, kdy se pasoval do role domestika t\u00fdmov\u00e9ho par\u0165\u00e1ka Isaaca del Tora. Slovinec rozhodn\u011b nejel na limitu. Je zar\u00e1\u017eej\u00edc\u00ed tvrdit, \u017ee vy\u0161el z bitvy o maillot jaune sv\u011b\u017e\u00ed, ale po p\u00e1r dnech odpo\u010dinku je ur\u010dit\u011b skv\u011ble p\u0159ipraven. A ruku na srdce: konkurence na Vuelt\u011b nen\u00ed stejn\u00e1 jako na Tour de France.<\/p>\n<blockquote class=\"instagram-media\" style=\"background: #FFF; border: 0; border-radius: 3px; box-shadow: 0 0 1px 0 rgba(0,0,0,0.5),0 1px 10px 0 rgba(0,0,0,0.15); margin: 1px; max-width: 540px; min-width: 326px; padding: 0; width: calc(100% - 2px);\" data-instgrm-captioned=\"\" data-instgrm-permalink=\"https:\/\/www.instagram.com\/reel\/DcRZIrrNrwJ\/?utm_source=ig_embed&amp;utm_campaign=loading\" data-instgrm-version=\"14\">\n<div style=\"padding: 16px;\">\n<p>&nbsp;<\/p>\n<div style=\"display: flex; flex-direction: row; align-items: center;\">\n<div style=\"background-color: #f4f4f4; border-radius: 50%; flex-grow: 0; height: 40px; margin-right: 14px; width: 40px;\"><\/div>\n<div style=\"display: flex; flex-direction: column; flex-grow: 1; justify-content: center;\">\n<div style=\"background-color: #f4f4f4; border-radius: 4px; flex-grow: 0; height: 14px; margin-bottom: 6px; width: 100px;\"><\/div>\n<div style=\"background-color: #f4f4f4; border-radius: 4px; flex-grow: 0; height: 14px; width: 60px;\"><\/div>\n<\/div>\n<\/div>\n<div style=\"padding: 19% 0;\"><\/div>\n<div style=\"display: block; height: 50px; margin: 0 auto 12px; width: 50px;\"><\/div>\n<div style=\"padding-top: 8px;\">\n<div style=\"color: #3897f0; font-family: Arial,sans-serif; font-size: 14px; font-style: normal; font-weight: 550; line-height: 18px;\">Zobrazit p\u0159\u00edsp\u011bvek na Instagramu<\/div>\n<\/div>\n<div style=\"padding: 12.5% 0;\"><\/div>\n<div style=\"display: flex; flex-direction: row; margin-bottom: 14px; align-items: center;\">\n<div>\n<div style=\"background-color: #f4f4f4; border-radius: 50%; height: 12.5px; width: 12.5px; transform: translateX(0px) translateY(7px);\"><\/div>\n<div style=\"background-color: #f4f4f4; height: 12.5px; transform: rotate(-45deg) translateX(3px) translateY(1px); width: 12.5px; flex-grow: 0; margin-right: 14px; margin-left: 2px;\"><\/div>\n<div style=\"background-color: #f4f4f4; border-radius: 50%; height: 12.5px; width: 12.5px; transform: translateX(9px) translateY(-18px);\"><\/div>\n<\/div>\n<div style=\"margin-left: 8px;\">\n<div style=\"background-color: #f4f4f4; border-radius: 50%; flex-grow: 0; height: 20px; width: 20px;\"><\/div>\n<div style=\"width: 0; height: 0; border-top: 2px solid transparent; border-left: 6px solid #f4f4f4; border-bottom: 2px solid transparent; transform: translateX(16px) translateY(-4px) rotate(30deg);\"><\/div>\n<\/div>\n<div style=\"margin-left: auto;\">\n<div style=\"width: 0px; border-top: 8px solid #F4F4F4; border-right: 8px solid transparent; transform: translateY(16px);\"><\/div>\n<div style=\"background-color: #f4f4f4; flex-grow: 0; height: 12px; width: 16px; transform: translateY(-4px);\"><\/div>\n<div style=\"width: 0; height: 0; border-top: 8px solid #F4F4F4; border-left: 8px solid transparent; transform: translateY(-4px) translateX(8px);\"><\/div>\n<\/div>\n<\/div>\n<div style=\"display: flex; flex-direction: column; flex-grow: 1; justify-content: center; margin-bottom: 24px;\">\n<div style=\"background-color: #f4f4f4; border-radius: 4px; flex-grow: 0; height: 14px; margin-bottom: 6px; width: 224px;\"><\/div>\n<div style=\"background-color: #f4f4f4; border-radius: 4px; flex-grow: 0; height: 14px; width: 144px;\"><\/div>\n<\/div>\n<p>&nbsp;<\/p>\n<p style=\"color: #c9c8cd; font-family: Arial,sans-serif; font-size: 14px; line-height: 17px; margin-bottom: 0; margin-top: 8px; overflow: hidden; padding: 8px 0 7px; text-align: center; text-overflow: ellipsis; white-space: nowrap;\"><a style=\"color: #c9c8cd; font-family: Arial,sans-serif; font-size: 14px; font-style: normal; font-weight: normal; line-height: 17px; text-decoration: none;\" href=\"https:\/\/www.instagram.com\/reel\/DcRZIrrNrwJ\/?utm_source=ig_embed&amp;utm_campaign=loading\" target=\"_blank\" rel=\"noopener\">P\u0159\u00edsp\u011bvek sd\u00edlen\u00fd TVMonaco (@tvmonaco)<\/a><\/p>\n<\/div>\n<\/blockquote>\n<p><script async src=\"\/\/www.instagram.com\/embed.js\"><\/script>\u00a0Nicm\u00e9n\u011b double Tour de France-Vuelta zvl\u00e1dl v novodob\u00e9 historii cyklistiky po p\u0159esunu \u0161pan\u011blsk\u00e9 Grand Tour do druh\u00e9 poloviny sezony pouze jedin\u00fd mu\u017e: Christopher Froome, aktu\u00e1ln\u011b ambasador \u0160koda We Love Cycling. Ale jestli n\u011bkdo m\u016f\u017ee nav\u00e1zat na legendu, co vyhr\u00e1la \u010dty\u0159ikr\u00e1t Tour de France, je to pr\u00e1v\u011b sedmadvacetilet\u00fd Slovinec.<\/p>\n<h2><strong>Za\u017eene Rogli\u010d no\u010dn\u00ed m\u016fru?<\/strong><\/h2>\n<p>Primo\u017e Rogli\u010d, kter\u00fd nau\u010dil Slovinsko milovat silni\u010dn\u00ed cyklistiku, z\u016fstane u\u017e nav\u017edy ve st\u00ednu slavn\u011bj\u0161\u00edho krajana. Ten se m\u016f\u017ee st\u00e1t doslova no\u010dn\u00ed m\u016frou, co zma\u0159ila sny b\u00fdval\u00e9ho skokana na ly\u017e\u00edch. Na sklonku pr\u00e1zdnin 2020 Tadej Poga\u010dar ukradl star\u0161\u00edmu kolegovi v\u00edt\u011bzstv\u00ed na Tour de France v p\u0159edposledn\u00ed etap\u011b a Rogli\u010d u\u017e nikdy nedok\u00e1zal p\u0159ijet do Francie ve stejn\u00e9 form\u011b.<\/p>\n<div class=\"shortcode-ys-post-pinup\"><article class=\"loop-simple post-35145 post type-post status-publish format-standard has-post-thumbnail hentry category-silnicni-cyklistika tag-cyklistika tag-decathlon-cma-cgm tag-kontrakt tag-paul-seixas tag-prestup tag-silnicni-cyklistika global-categories-cycling\" data-postid=\"35145\" role=\"article\" data-post-id=\"35145\" data-word-count=\"531\" data-headline-length=\"48\" data-category=\"Silni\u010dn\u00ed cyklistika\" data-global-category=\"Cycling\" data-author=\"We Love Cycling\" data-published=\"2026-08-18T12:48:15+02:00\" data-published-day=\"Tuesday\">\n    <div class=\"entry-thumbnail article-thumbnail\" content=\"https:\/\/d2p6e6u75xmxt8.cloudfront.net\/13\/2026\/08\/20260717TDF1025_A.S.O.-Thomas-Maheux-1-150x150.webp\"><a href=\"https:\/\/www.welovecycling.com\/cs\/2026\/08\/18\/stovky-milionu-odmitl-zatim-zustane-verny\/\" class=\"image-holder\" target=\"_self\"><img decoding=\"async\" loading=\"lazy\" class=\"\" src=\"https:\/\/d2p6e6u75xmxt8.cloudfront.net\/13\/2026\/08\/20260717TDF1025_A.S.O.-Thomas-Maheux-1-1024x683.webp\" srcset=\"https:\/\/d2p6e6u75xmxt8.cloudfront.net\/13\/2026\/08\/20260717TDF1025_A.S.O.-Thomas-Maheux-1.webp 1680w, https:\/\/d2p6e6u75xmxt8.cloudfront.net\/13\/2026\/08\/20260717TDF1025_A.S.O.-Thomas-Maheux-1-300x200.webp 300w, https:\/\/d2p6e6u75xmxt8.cloudfront.net\/13\/2026\/08\/20260717TDF1025_A.S.O.-Thomas-Maheux-1-1024x683.webp 1024w, https:\/\/d2p6e6u75xmxt8.cloudfront.net\/13\/2026\/08\/20260717TDF1025_A.S.O.-Thomas-Maheux-1-768x512.webp 768w, https:\/\/d2p6e6u75xmxt8.cloudfront.net\/13\/2026\/08\/20260717TDF1025_A.S.O.-Thomas-Maheux-1-1536x1025.webp 1536w, https:\/\/d2p6e6u75xmxt8.cloudfront.net\/13\/2026\/08\/20260717TDF1025_A.S.O.-Thomas-Maheux-1-400x267.webp 400w, https:\/\/d2p6e6u75xmxt8.cloudfront.net\/13\/2026\/08\/20260717TDF1025_A.S.O.-Thomas-Maheux-1-272x182.webp 272w\" width=\"1024\" height=\"683\" sizes=\"auto, (min-width: 1200px) 300px, (min-width: 768px) 25vw, 100vw\" alt=\"stovky-milionu-odmitl-zatim-zustane-verny\"\/><\/a><\/div>    <div class=\"entry-meta\">\n        <a class=\"label label-secondary post-category\" href=\"https:\/\/www.welovecycling.com\/cs\/category\/silnicni-cyklistika\/\" title=\"Silni\u010dn\u00ed cyklistika\">Silni\u010dn\u00ed cyklistika<\/a>\n    <\/div>\n    <div class=\"entry-details\">\n        <a href=\"https:\/\/www.welovecycling.com\/cs\/2026\/08\/18\/stovky-milionu-odmitl-zatim-zustane-verny\/\" class='entry-title-wrapper'>\n            <h3 class=\"entry-title\"><span>Stovky milion\u016f odm\u00edtl. Zat\u00edm z\u016fstane v\u011brn\u00fd<\/span><\/h3>\n        <\/a>\n    <\/div>\n    <\/article>\n<\/div>\n<p>Nyn\u00ed, kdy star\u0161\u00ed z dvojice slovinsk\u00fdch hv\u011bzd obl\u00e9kaj\u00edc\u00ed dres Red Bull Bora Hansgrohe usiluje o rekordn\u00ed p\u00e1t\u00fd zisk triumfu ze \u0161pan\u011blsk\u00e9 Grand Tour, se rozhodl mlad\u0161\u00ed a \u00fasp\u011b\u0161n\u011bj\u0161\u00ed krajan zkompletovat sb\u00edrku nejv\u011bt\u0161\u00edch etapov\u00fdch z\u00e1vod\u016f planety. Vuelta je po Giru a Tour posledn\u00edm d\u00edlkem chyb\u011bj\u00edc\u00ed skl\u00e1da\u010dky.<\/p>\n<blockquote class=\"instagram-media\" style=\"background: #FFF; border: 0; border-radius: 3px; box-shadow: 0 0 1px 0 rgba(0,0,0,0.5),0 1px 10px 0 rgba(0,0,0,0.15); margin: 1px; max-width: 540px; min-width: 326px; padding: 0; width: calc(100% - 2px);\" data-instgrm-captioned=\"\" data-instgrm-permalink=\"https:\/\/www.instagram.com\/reel\/DcRoR8BsduH\/?utm_source=ig_embed&amp;utm_campaign=loading\" data-instgrm-version=\"14\">\n<div style=\"padding: 16px;\">\n<p>&nbsp;<\/p>\n<div style=\"display: flex; flex-direction: row; align-items: center;\">\n<div style=\"background-color: #f4f4f4; border-radius: 50%; flex-grow: 0; height: 40px; margin-right: 14px; width: 40px;\"><\/div>\n<div style=\"display: flex; flex-direction: column; flex-grow: 1; justify-content: center;\">\n<div style=\"background-color: #f4f4f4; border-radius: 4px; flex-grow: 0; height: 14px; margin-bottom: 6px; width: 100px;\"><\/div>\n<div style=\"background-color: #f4f4f4; border-radius: 4px; flex-grow: 0; height: 14px; width: 60px;\"><\/div>\n<\/div>\n<\/div>\n<div style=\"padding: 19% 0;\"><\/div>\n<div style=\"display: block; height: 50px; margin: 0 auto 12px; width: 50px;\"><\/div>\n<div style=\"padding-top: 8px;\">\n<div style=\"color: #3897f0; font-family: Arial,sans-serif; font-size: 14px; font-style: normal; font-weight: 550; line-height: 18px;\">Zobrazit p\u0159\u00edsp\u011bvek na Instagramu<\/div>\n<\/div>\n<div style=\"padding: 12.5% 0;\"><\/div>\n<div style=\"display: flex; flex-direction: row; margin-bottom: 14px; align-items: center;\">\n<div>\n<div style=\"background-color: #f4f4f4; border-radius: 50%; height: 12.5px; width: 12.5px; transform: translateX(0px) translateY(7px);\"><\/div>\n<div style=\"background-color: #f4f4f4; height: 12.5px; transform: rotate(-45deg) translateX(3px) translateY(1px); width: 12.5px; flex-grow: 0; margin-right: 14px; margin-left: 2px;\"><\/div>\n<div style=\"background-color: #f4f4f4; border-radius: 50%; height: 12.5px; width: 12.5px; transform: translateX(9px) translateY(-18px);\"><\/div>\n<\/div>\n<div style=\"margin-left: 8px;\">\n<div style=\"background-color: #f4f4f4; border-radius: 50%; flex-grow: 0; height: 20px; width: 20px;\"><\/div>\n<div style=\"width: 0; height: 0; border-top: 2px solid transparent; border-left: 6px solid #f4f4f4; border-bottom: 2px solid transparent; transform: translateX(16px) translateY(-4px) rotate(30deg);\"><\/div>\n<\/div>\n<div style=\"margin-left: auto;\">\n<div style=\"width: 0px; border-top: 8px solid #F4F4F4; border-right: 8px solid transparent; transform: translateY(16px);\"><\/div>\n<div style=\"background-color: #f4f4f4; flex-grow: 0; height: 12px; width: 16px; transform: translateY(-4px);\"><\/div>\n<div style=\"width: 0; height: 0; border-top: 8px solid #F4F4F4; border-left: 8px solid transparent; transform: translateY(-4px) translateX(8px);\"><\/div>\n<\/div>\n<\/div>\n<div style=\"display: flex; flex-direction: column; flex-grow: 1; justify-content: center; margin-bottom: 24px;\">\n<div style=\"background-color: #f4f4f4; border-radius: 4px; flex-grow: 0; height: 14px; margin-bottom: 6px; width: 224px;\"><\/div>\n<div style=\"background-color: #f4f4f4; border-radius: 4px; flex-grow: 0; height: 14px; width: 144px;\"><\/div>\n<\/div>\n<p>&nbsp;<\/p>\n<p style=\"color: #c9c8cd; font-family: Arial,sans-serif; font-size: 14px; line-height: 17px; margin-bottom: 0; margin-top: 8px; overflow: hidden; padding: 8px 0 7px; text-align: center; text-overflow: ellipsis; white-space: nowrap;\"><a style=\"color: #c9c8cd; font-family: Arial,sans-serif; font-size: 14px; font-style: normal; font-weight: normal; line-height: 17px; text-decoration: none;\" href=\"https:\/\/www.instagram.com\/reel\/DcRoR8BsduH\/?utm_source=ig_embed&amp;utm_campaign=loading\" target=\"_blank\" rel=\"noopener\">P\u0159\u00edsp\u011bvek sd\u00edlen\u00fd Red Bull &#8211; BORA &#8211; hansgrohe (@redbullborahansgrohe)<\/a><\/p>\n<\/div>\n<\/blockquote>\n<p><script async src=\"\/\/www.instagram.com\/embed.js\"><\/script>\u00a0A tak se Rogli\u010d velmi pravd\u011bpodobn\u011b bude d\u011blit o rekordn\u00ed po\u010det triumf\u016f s Robertem Herasem. Ale ruku na srdce: je v\u016fbec v sil\u00e1ch t\u00e9m\u011b\u0159 sedmat\u0159icetilet\u00e9ho borce, aby roz\u0161\u00ed\u0159il sb\u00edrku v\u00edt\u011bzstv\u00ed z let 2019, 2020, 2021 a 2024? Nikdo si ur\u010dit\u011b nedovol\u00ed pochybovat o jeho mimo\u0159\u00e1dn\u00e9 motivaci, zejm\u00e9na kdy\u017e k Vuelt\u011b upnul celoro\u010dn\u00ed sna\u017een\u00ed. Ale na konci \u010dervence jej p\u0159i tr\u00e9ninku srazilo auto.<\/p>\n<p>Test formy v podobu jednor\u00e1zovky San Sebasti\u00e1n a Kolem Burgosu neabsolvoval. Vysokohorsk\u00e9 soust\u0159ed\u011bn\u00ed v Tignes v\u0161ak nezru\u0161il. Nicm\u00e9n\u011b neb\u00fdt triumfu v \u010dasovce na slovinsk\u00e9m \u0161ampion\u00e1tu, kolonka \u00fasp\u011bch leto\u0161n\u00ed sezony by zela pr\u00e1zdnotou. Pokud m\u00e1 b\u00fdt Tadej Poga\u010dar pora\u017een, je pot\u0159eba stoprocentn\u00ed fyzick\u00e1 i psychick\u00e1 kondice. A Rogli\u010d z\u0159ejm\u011b ani v jedn\u00e9 kolonce nem\u016f\u017ee od\u0161krtnout sto procent.<\/p>\n<h2><strong>Znovu korunn\u00edm princem?<\/strong><\/h2>\n<p>Raku\u0161an Felix Gall zvl\u00e1dl obdivuhodn\u011b gener\u00e1lku Kolem Burgosu, kde slavil celkov\u00e9 v\u00edt\u011bzstv\u00ed. Osmadvacetilet\u00fd l\u00eddr Decathlon CMA CGM byl letos druh\u00fd na italsk\u00e9m Giru, kdy\u017e nesta\u010dil jen na Jonase Vingeggarda z Visma Lease a Bike. Minul\u00fd rok byl na Tour de France p\u00e1t\u00fd a p\u0159i \u0161pan\u011blsk\u00e9 Grand Tour osm\u00fd.<\/p>\n<div class=\"shortcode-ys-post-pinup\"><article class=\"loop-simple post-35040 post type-post status-publish format-standard has-post-thumbnail hentry category-silnicni-cyklistika tag-cyklistika tag-ivan-glasenberg tag-pavel-bittner tag-picnic-postnl tag-pinarello-q36-5 tag-silnicni-cyklistika global-categories-cycling\" data-postid=\"35040\" role=\"article\" data-post-id=\"35040\" data-word-count=\"663\" data-headline-length=\"69\" data-category=\"Silni\u010dn\u00ed cyklistika\" data-global-category=\"Cycling\" data-author=\"Radek Malina\" data-published=\"2026-08-11T06:30:45+02:00\" data-published-day=\"Tuesday\">\n    <div class=\"entry-thumbnail article-thumbnail\" content=\"https:\/\/d2p6e6u75xmxt8.cloudfront.net\/13\/2026\/07\/profimedia-1117030069-150x150.webp\"><a href=\"https:\/\/www.welovecycling.com\/cs\/2026\/08\/11\/bittner-a-prestup-snu-dolarovy-miliardar-koupil-ceskou-hvezdu\/\" class=\"image-holder\" target=\"_self\"><img decoding=\"async\" loading=\"lazy\" class=\"\" src=\"https:\/\/d2p6e6u75xmxt8.cloudfront.net\/13\/2026\/07\/profimedia-1117030069-1024x683.webp\" srcset=\"https:\/\/d2p6e6u75xmxt8.cloudfront.net\/13\/2026\/07\/profimedia-1117030069.webp 1800w, https:\/\/d2p6e6u75xmxt8.cloudfront.net\/13\/2026\/07\/profimedia-1117030069-300x200.webp 300w, https:\/\/d2p6e6u75xmxt8.cloudfront.net\/13\/2026\/07\/profimedia-1117030069-1024x683.webp 1024w, https:\/\/d2p6e6u75xmxt8.cloudfront.net\/13\/2026\/07\/profimedia-1117030069-768x512.webp 768w, https:\/\/d2p6e6u75xmxt8.cloudfront.net\/13\/2026\/07\/profimedia-1117030069-1536x1024.webp 1536w, https:\/\/d2p6e6u75xmxt8.cloudfront.net\/13\/2026\/07\/profimedia-1117030069-400x267.webp 400w, https:\/\/d2p6e6u75xmxt8.cloudfront.net\/13\/2026\/07\/profimedia-1117030069-272x182.webp 272w\" width=\"1024\" height=\"683\" sizes=\"auto, (min-width: 1200px) 300px, (min-width: 768px) 25vw, 100vw\" alt=\"bittner-a-prestup-snu-dolarovy-miliardar-koupil-ceskou-hvezdu\"\/><\/a><\/div>    <div class=\"entry-meta\">\n        <a class=\"label label-secondary post-category\" href=\"https:\/\/www.welovecycling.com\/cs\/category\/silnicni-cyklistika\/\" title=\"Silni\u010dn\u00ed cyklistika\">Silni\u010dn\u00ed cyklistika<\/a>\n    <\/div>\n    <div class=\"entry-details\">\n        <a href=\"https:\/\/www.welovecycling.com\/cs\/2026\/08\/11\/bittner-a-prestup-snu-dolarovy-miliardar-koupil-ceskou-hvezdu\/\" class='entry-title-wrapper'>\n            <h3 class=\"entry-title\"><span>Bittner a p\u0159estup sn\u016f! Dolarov\u00fd miliard\u00e1\u0159 koupil \u010deskou hv\u011bzdu<\/span><\/h3>\n        <\/a>\n    <\/div>\n    <\/article>\n<\/div>\n<p>Letos m\u00e1 jeho Vuelta jednozna\u010dn\u011b kon\u010dit p\u00f3diov\u00fdm um\u00edst\u011bn\u00edm. V kopc\u00edch pod Apeninami v pr\u016fb\u011bhu kv\u011btna dr\u017eel s d\u00e1nsk\u00fdm \u0161ampionem obdivuhodn\u011b krok. Jen\u017ee na Poga\u010dara by pot\u0159eboval je\u0161t\u011b lep\u0161\u00ed formu. Nemluv\u011b o slabin\u011b v podob\u011b \u010dasovky. Ka\u017edop\u00e1dn\u011b v kopc\u00edch je tak dobr\u00fd, \u017ee by m\u011bl b\u00fdt korunn\u00edm princem z\u00e1vodu hned za jeho o\u010dek\u00e1van\u00fdm slovinsk\u00fdm kr\u00e1lem.<\/p>\n<h2><strong>Zkus\u00ed kr\u00e1l punt\u00edk\u016f celkov\u00e9 po\u0159ad\u00ed?!<\/strong><\/h2>\n<p>Jeho nominace byla rozhodn\u011b neo\u010dek\u00e1van\u00e1. Richard Carapaz z formace EF Education EasyPost z\u00e1\u0159il na Tour de France. P\u0159edv\u00e1d\u011bl heroick\u00e9 v\u00fdkony a nepochybn\u011b vypl\u00fdtval mnoho energie. Ka\u017edop\u00e1dn\u011b Vuelta a fanou\u0161ci cyklistiky jsou nepochybn\u011b nad\u0161en\u00ed, \u017ee uvid\u00ed v\u00edt\u011bze dvou etap z leto\u0161n\u00edho ro\u010dn\u00edku Grand Boucle, kde nav\u00edc \u0161ampion z Ekv\u00e1doru ovl\u00e1dl vrcha\u0159skou sout\u011b\u017e a z\u00edskal rovn\u011b\u017e cenu pro nejv\u011bt\u0161\u00edho bojovn\u00edka z\u00e1vodu!<\/p>\n<figure id=\"attachment_34881\" aria-describedby=\"caption-attachment-34881\" style=\"width: 1680px\" class=\"wp-caption alignnone\"><a href=\"https:\/\/d2p6e6u75xmxt8.cloudfront.net\/13\/2026\/07\/20260725TDF1058_A.S.O.-Thomas-Maheux.webp\"><img loading=\"lazy\" decoding=\"async\" class=\"size-full wp-image-34881\" src=\"https:\/\/d2p6e6u75xmxt8.cloudfront.net\/13\/2026\/07\/20260725TDF1058_A.S.O.-Thomas-Maheux.webp\" alt=\"\" width=\"1680\" height=\"1120\" srcset=\"https:\/\/d2p6e6u75xmxt8.cloudfront.net\/13\/2026\/07\/20260725TDF1058_A.S.O.-Thomas-Maheux.webp 1680w, https:\/\/d2p6e6u75xmxt8.cloudfront.net\/13\/2026\/07\/20260725TDF1058_A.S.O.-Thomas-Maheux-300x200.webp 300w, https:\/\/d2p6e6u75xmxt8.cloudfront.net\/13\/2026\/07\/20260725TDF1058_A.S.O.-Thomas-Maheux-1024x683.webp 1024w, https:\/\/d2p6e6u75xmxt8.cloudfront.net\/13\/2026\/07\/20260725TDF1058_A.S.O.-Thomas-Maheux-768x512.webp 768w, https:\/\/d2p6e6u75xmxt8.cloudfront.net\/13\/2026\/07\/20260725TDF1058_A.S.O.-Thomas-Maheux-1536x1024.webp 1536w, https:\/\/d2p6e6u75xmxt8.cloudfront.net\/13\/2026\/07\/20260725TDF1058_A.S.O.-Thomas-Maheux-400x267.webp 400w, https:\/\/d2p6e6u75xmxt8.cloudfront.net\/13\/2026\/07\/20260725TDF1058_A.S.O.-Thomas-Maheux-272x182.webp 272w\" sizes=\"auto, (max-width: 1680px) 100vw, 1680px\" \/><\/a><figcaption id=\"caption-attachment-34881\" class=\"wp-caption-text\"><em>Richard Carapaz, v\u00edt\u011bz vrcha\u0159sk\u00e9 sout\u011b\u017ee Tour de France 2026. Te\u010f je v jeho hled\u00e1\u010dku Vuelta a celkov\u00e9 po\u0159ad\u00ed t\u0159et\u00ed Grand Tour. Foto: A.S.O.\/Thomas Maheux<\/em><\/figcaption><\/figure>\n<p>P\u0159i jednor\u00e1zovce San Sebastian skon\u010dil druh\u00fd. P\u0159i t\u0159et\u00ed Grand Tour sezony v roce 2020 bral celkov\u011b druh\u00e9 m\u00edsto a nazna\u010dil, \u017ee ve srovn\u00e1n\u00ed s Tour de France bude jeho Vuelta zam\u011b\u0159ena na celkov\u00e9 po\u0159ad\u00ed! Tadej Poga\u010dar se z\u0159ejm\u011b v ohro\u017een\u00ed neocitne, ale atraktivit\u011b bitvy o stupn\u011b v\u00edt\u011bz\u016f m\u016f\u017ee Richard Carapaz p\u0159isp\u011bt z\u00e1sadn\u011b.<\/p>\n<p>P\u016fvodn\u011b m\u011bl b\u00fdt l\u00eddrem t\u00fdmu UAE Emirates XRG. Jen\u017ee Joao Almeida pro\u017e\u00edv\u00e1 sv\u00edzelnou sezonu. V\u011bt\u0161inu roku bojoval se zdravotn\u00edmi probl\u00e9my, p\u0159i gener\u00e1lce Kolem Polska pro\u017eil tvrd\u00fd karambol. Minul\u00fd rok p\u0159inesla Vuelta osmadvacetilet\u00e9mu Portugalci prvn\u00ed stupn\u011b v\u00edt\u011bz\u016f z Grand Tour, kdy\u017e dojel druh\u00fd za Jonasem Vingegaardem. Nicm\u00e9n\u011b letos bude jedni\u010dkou t\u00fdmu Tadej Poga\u010dar a role Almeidy z pohledu bitvy o celkov\u00e9 po\u0159ad\u00ed rozhodn\u011b ztrat\u00ed na v\u00fdznamu. Bude zaj\u00edmav\u00e9 sledovat, zda se pust\u00ed do bitvy o stupn\u011b v\u00edt\u011bz\u016f z pozice domestika se stejnou vervou, jako mlad\u0161\u00ed t\u00fdmov\u00fd kolega Isaac del Toro na Tour de France. A zda ustoj\u00ed roli domestika \u010di bude n\u00e1sledovat osud nyn\u00ed u\u017e b\u00fdval\u00e9ho par\u0165\u00e1ka Juana Ayusa, jen\u017e pozici ve st\u00ednu hv\u011bzdn\u00e9ho Slovince rozhodn\u011b neust\u00e1l.<\/p>\n<blockquote class=\"instagram-media\" style=\"background: #FFF; border: 0; border-radius: 3px; box-shadow: 0 0 1px 0 rgba(0,0,0,0.5),0 1px 10px 0 rgba(0,0,0,0.15); margin: 1px; max-width: 540px; min-width: 326px; padding: 0; width: calc(100% - 2px);\" data-instgrm-captioned=\"\" data-instgrm-permalink=\"https:\/\/www.instagram.com\/reel\/DcRhzbvooQu\/?utm_source=ig_embed&amp;utm_campaign=loading\" data-instgrm-version=\"14\">\n<div style=\"padding: 16px;\">\n<p>&nbsp;<\/p>\n<div style=\"display: flex; flex-direction: row; align-items: center;\">\n<div style=\"background-color: #f4f4f4; border-radius: 50%; flex-grow: 0; height: 40px; margin-right: 14px; width: 40px;\"><\/div>\n<div style=\"display: flex; flex-direction: column; flex-grow: 1; justify-content: center;\">\n<div style=\"background-color: #f4f4f4; border-radius: 4px; flex-grow: 0; height: 14px; margin-bottom: 6px; width: 100px;\"><\/div>\n<div style=\"background-color: #f4f4f4; border-radius: 4px; flex-grow: 0; height: 14px; width: 60px;\"><\/div>\n<\/div>\n<\/div>\n<div style=\"padding: 19% 0;\"><\/div>\n<div style=\"display: block; height: 50px; margin: 0 auto 12px; width: 50px;\"><\/div>\n<div style=\"padding-top: 8px;\">\n<div style=\"color: #3897f0; font-family: Arial,sans-serif; font-size: 14px; font-style: normal; font-weight: 550; line-height: 18px;\">Zobrazit p\u0159\u00edsp\u011bvek na Instagramu<\/div>\n<\/div>\n<div style=\"padding: 12.5% 0;\"><\/div>\n<div style=\"display: flex; flex-direction: row; margin-bottom: 14px; align-items: center;\">\n<div>\n<div style=\"background-color: #f4f4f4; border-radius: 50%; height: 12.5px; width: 12.5px; transform: translateX(0px) translateY(7px);\"><\/div>\n<div style=\"background-color: #f4f4f4; height: 12.5px; transform: rotate(-45deg) translateX(3px) translateY(1px); width: 12.5px; flex-grow: 0; margin-right: 14px; margin-left: 2px;\"><\/div>\n<div style=\"background-color: #f4f4f4; border-radius: 50%; height: 12.5px; width: 12.5px; transform: translateX(9px) translateY(-18px);\"><\/div>\n<\/div>\n<div style=\"margin-left: 8px;\">\n<div style=\"background-color: #f4f4f4; border-radius: 50%; flex-grow: 0; height: 20px; width: 20px;\"><\/div>\n<div style=\"width: 0; height: 0; border-top: 2px solid transparent; border-left: 6px solid #f4f4f4; border-bottom: 2px solid transparent; transform: translateX(16px) translateY(-4px) rotate(30deg);\"><\/div>\n<\/div>\n<div style=\"margin-left: auto;\">\n<div style=\"width: 0px; border-top: 8px solid #F4F4F4; border-right: 8px solid transparent; transform: translateY(16px);\"><\/div>\n<div style=\"background-color: #f4f4f4; flex-grow: 0; height: 12px; width: 16px; transform: translateY(-4px);\"><\/div>\n<div style=\"width: 0; height: 0; border-top: 8px solid #F4F4F4; border-left: 8px solid transparent; transform: translateY(-4px) translateX(8px);\"><\/div>\n<\/div>\n<\/div>\n<div style=\"display: flex; flex-direction: column; flex-grow: 1; justify-content: center; margin-bottom: 24px;\">\n<div style=\"background-color: #f4f4f4; border-radius: 4px; flex-grow: 0; height: 14px; margin-bottom: 6px; width: 224px;\"><\/div>\n<div style=\"background-color: #f4f4f4; border-radius: 4px; flex-grow: 0; height: 14px; width: 144px;\"><\/div>\n<\/div>\n<p>&nbsp;<\/p>\n<p style=\"color: #c9c8cd; font-family: Arial,sans-serif; font-size: 14px; line-height: 17px; margin-bottom: 0; margin-top: 8px; overflow: hidden; padding: 8px 0 7px; text-align: center; text-overflow: ellipsis; white-space: nowrap;\"><a style=\"color: #c9c8cd; font-family: Arial,sans-serif; font-size: 14px; font-style: normal; font-weight: normal; line-height: 17px; text-decoration: none;\" href=\"https:\/\/www.instagram.com\/reel\/DcRhzbvooQu\/?utm_source=ig_embed&amp;utm_campaign=loading\" target=\"_blank\" rel=\"noopener\">P\u0159\u00edsp\u011bvek sd\u00edlen\u00fd Tudor Pro Cycling Team (@tudorprocycling)<\/a><\/p>\n<\/div>\n<\/blockquote>\n<p><script async src=\"\/\/www.instagram.com\/embed.js\"><\/script>\u00a0Bez tlaku jako v\u0161ichni jmenovan\u00ed vstoup\u00ed do \u0161pan\u011blsk\u00e9ho z\u00e1vodu Oscar Onley. P\u0159i gener\u00e1lce &#8211; Kolem Burgosu &#8211; si p\u0159ipsal jedno etapov\u00e9 v\u00edt\u011bzstv\u00ed, co\u017e byl prvn\u00ed triumf od p\u0159estupu do Netcompany Ineos. Po zimn\u00edm p\u0159\u00edchodu z Picnic PostNL nebyly prvn\u00ed m\u011bs\u00edce podle o\u010dek\u00e1v\u00e1n\u00ed, pokud si uv\u011bdom\u00edme, \u017ee v minul\u00e9m roce vybojoval \u010dtvrtou p\u0159\u00ed\u010dku na Tour de France. Toto um\u00edst\u011bn\u00ed nemohl obhajovat pot\u00e9, co p\u0159i Tour Auvergne-Rh\u00f4ne-Alpes t\u011b\u017ece havaroval. Vuelta se mu st\u00e1t n\u00e1plast\u00ed na dosavadn\u00ed rozpa\u010dit\u00e9 p\u016fsoben\u00ed v britsk\u00e9 formaci. Rozhodn\u011b p\u0159ij\u00ed\u017ed\u00ed s pat\u0159i\u010dnou d\u00e1vkou sebev\u011bdom\u00ed, aby v boji o nejlep\u0161\u00ed um\u00edst\u011bn\u00ed zbytku sv\u011bta &#8211; proto\u017ee prvn\u00ed bude podle p\u0159edpoklad\u016f Tadej Poga\u010dar &#8211; n\u00e1le\u017eit\u011b prohnal v\u0161echny adepty na stupn\u011b v\u00edt\u011bz\u016f.<\/p>\n<p>&nbsp;<\/p>\n","protected":false},"excerpt":{"rendered":"<p>V\u017edy se m\u016f\u017ee n\u011bco st\u00e1t! Vuelta 2026 odstartuje v sobotu 22. z\u00e1\u0159\u00ed s jednozna\u010dn\u00fdm favoritem! Tadej Poga\u010dar, l\u00eddr UAE Emirates [&hellip;]<\/p>\n","protected":false},"author":138,"featured_media":35194,"comment_status":"open","ping_status":"open","sticky":false,"template":"","format":"standard","meta":{"footnotes":""},"categories":[10],"tags":[4344,102,502,4416],"global-categories":[411],"class_list":["post-35193","post","type-post","status-publish","format-standard","has-post-thumbnail","hentry","category-silnicni-cyklistika","tag-felix-gall","tag-primoz-roglic","tag-tadej-pogacar","tag-vuelta-2026","global-categories-cycling"],"yoast_head":"<!-- This site is optimized with the Yoast SEO Premium plugin v25.3 (Yoast SEO v25.9) - https:\/\/yoast.com\/wordpress\/plugins\/seo\/ -->\n<title>Pro\u010d bude Vuelta 2026 atraktivn\u00ed? L\u00e1kadlem je nejen Poga\u010dar | \u0160koda We Love Cycling - \u010cesk\u00e1 republika<\/title>\n<meta name=\"description\" content=\"V\u017edy se m\u016f\u017ee n\u011bco st\u00e1t! Vuelta 2026 odstartuje v sobotu 22. z\u00e1\u0159\u00ed s jednozna\u010dn\u00fdm favoritem! Tadej Poga\u010dar, l\u00eddr UAE Emirates XRG, je mnoh\u00fdmi pasov\u00e1n na jasn\u00e9ho v\u00edt\u011bze. A byl by sp\u00ed\u0161e z\u00e1zrak, kdyby 13. \u0159\u00edjna neslavil poprv\u00e9 v historii triumf na \u0161pan\u011blsk\u00e9 Grand Tour. Ale p\u0159edpokl\u00e1dan\u00e1 dominance Slovince neznamen\u00e1, \u017ee posledn\u00ed nejv\u011bt\u0161\u00ed etapov\u00e1 bitva sezony nebude atraktivn\u00ed. Existuje mnoho jezdc\u016f, kter\u00e9 se vyplat\u00ed sledovat...\" \/>\n<meta name=\"robots\" content=\"index, follow, max-snippet:-1, max-image-preview:large, max-video-preview:-1\" \/>\n<link rel=\"canonical\" href=\"https:\/\/www.welovecycling.com\/cs\/2026\/08\/21\/proc-bude-vuelta-2026-atraktivni-lakadlem-je-nejen-pogacar\/\" \/>\n<meta property=\"og:locale\" content=\"cs_CZ\" \/>\n<meta property=\"og:type\" content=\"article\" \/>\n<meta property=\"og:title\" content=\"Pro\u010d bude Vuelta 2026 atraktivn\u00ed? L\u00e1kadlem je nejen Poga\u010dar\" \/>\n<meta property=\"og:description\" content=\"V\u017edy se m\u016f\u017ee n\u011bco st\u00e1t! Vuelta 2026 odstartuje v sobotu 22. z\u00e1\u0159\u00ed s jednozna\u010dn\u00fdm favoritem! Tadej Poga\u010dar, l\u00eddr UAE Emirates XRG, je mnoh\u00fdmi pasov\u00e1n na jasn\u00e9ho v\u00edt\u011bze. A byl by sp\u00ed\u0161e z\u00e1zrak, kdyby 13. \u0159\u00edjna neslavil poprv\u00e9 v historii triumf na \u0161pan\u011blsk\u00e9 Grand Tour. Ale p\u0159edpokl\u00e1dan\u00e1 dominance Slovince neznamen\u00e1, \u017ee posledn\u00ed nejv\u011bt\u0161\u00ed etapov\u00e1 bitva sezony nebude atraktivn\u00ed. Existuje mnoho jezdc\u016f, kter\u00e9 se vyplat\u00ed sledovat...\" \/>\n<meta property=\"og:url\" content=\"https:\/\/www.welovecycling.com\/cs\/2026\/08\/21\/proc-bude-vuelta-2026-atraktivni-lakadlem-je-nejen-pogacar\/\" \/>\n<meta property=\"og:site_name\" content=\"\u0160koda We Love Cycling - \u010cesk\u00e1 republika\" \/>\n<meta property=\"article:published_time\" content=\"2026-08-21T05:14:36+00:00\" \/>\n<meta property=\"og:image\" content=\"https:\/\/d2p6e6u75xmxt8.cloudfront.net\/13\/2026\/08\/profimedia-1126529259.webp\" \/>\n\t<meta property=\"og:image:width\" content=\"1800\" \/>\n\t<meta property=\"og:image:height\" content=\"1200\" \/>\n\t<meta property=\"og:image:type\" content=\"image\/webp\" \/>\n<meta name=\"author\" content=\"radekmalina\" \/>\n<meta name=\"twitter:card\" content=\"summary_large_image\" \/>\n<meta name=\"twitter:label1\" content=\"Written by\" \/>\n\t<meta name=\"twitter:data1\" content=\"Radek Malina\" \/>\n\t<meta name=\"twitter:label2\" content=\"Est. reading time\" \/>\n\t<meta name=\"twitter:data2\" content=\"6\" \/>\n<script type=\"application\/ld+json\" class=\"yoast-schema-graph\">{\"@context\":\"https:\/\/schema.org\",\"@graph\":[{\"@type\":\"WebPage\",\"@id\":\"https:\/\/www.welovecycling.com\/cs\/2026\/08\/21\/proc-bude-vuelta-2026-atraktivni-lakadlem-je-nejen-pogacar\/\",\"url\":\"https:\/\/www.welovecycling.com\/cs\/2026\/08\/21\/proc-bude-vuelta-2026-atraktivni-lakadlem-je-nejen-pogacar\/\",\"name\":\"Pro\u010d bude Vuelta 2026 atraktivn\u00ed? L\u00e1kadlem je nejen Poga\u010dar | \u0160koda We Love Cycling - \u010cesk\u00e1 republika\",\"isPartOf\":{\"@id\":\"https:\/\/www.welovecycling.com\/cs\/#website\"},\"primaryImageOfPage\":{\"@id\":\"https:\/\/www.welovecycling.com\/cs\/2026\/08\/21\/proc-bude-vuelta-2026-atraktivni-lakadlem-je-nejen-pogacar\/#primaryimage\"},\"image\":{\"@id\":\"https:\/\/www.welovecycling.com\/cs\/2026\/08\/21\/proc-bude-vuelta-2026-atraktivni-lakadlem-je-nejen-pogacar\/#primaryimage\"},\"thumbnailUrl\":\"https:\/\/d2p6e6u75xmxt8.cloudfront.net\/13\/2026\/08\/profimedia-1126529259.webp\",\"datePublished\":\"2026-08-21T05:14:36+00:00\",\"author\":{\"@id\":\"https:\/\/www.welovecycling.com\/cs\/#\/schema\/person\/d9eeb0a378f3a7e4a6d12d2b536b04b8\"},\"description\":\"V\u017edy se m\u016f\u017ee n\u011bco st\u00e1t! Vuelta 2026 odstartuje v sobotu 22. z\u00e1\u0159\u00ed s jednozna\u010dn\u00fdm favoritem! Tadej Poga\u010dar, l\u00eddr UAE Emirates XRG, je mnoh\u00fdmi pasov\u00e1n na jasn\u00e9ho v\u00edt\u011bze. A byl by sp\u00ed\u0161e z\u00e1zrak, kdyby 13. \u0159\u00edjna neslavil poprv\u00e9 v historii triumf na \u0161pan\u011blsk\u00e9 Grand Tour. Ale p\u0159edpokl\u00e1dan\u00e1 dominance Slovince neznamen\u00e1, \u017ee posledn\u00ed nejv\u011bt\u0161\u00ed etapov\u00e1 bitva sezony nebude atraktivn\u00ed. Existuje mnoho jezdc\u016f, kter\u00e9 se vyplat\u00ed sledovat...\",\"inLanguage\":\"cs\",\"potentialAction\":[{\"@type\":\"ReadAction\",\"target\":[\"https:\/\/www.welovecycling.com\/cs\/2026\/08\/21\/proc-bude-vuelta-2026-atraktivni-lakadlem-je-nejen-pogacar\/\"]}]},{\"@type\":\"ImageObject\",\"inLanguage\":\"cs\",\"@id\":\"https:\/\/www.welovecycling.com\/cs\/2026\/08\/21\/proc-bude-vuelta-2026-atraktivni-lakadlem-je-nejen-pogacar\/#primaryimage\",\"url\":\"https:\/\/d2p6e6u75xmxt8.cloudfront.net\/13\/2026\/08\/profimedia-1126529259.webp\",\"contentUrl\":\"https:\/\/d2p6e6u75xmxt8.cloudfront.net\/13\/2026\/08\/profimedia-1126529259.webp\",\"width\":1800,\"height\":1200,\"caption\":\"Tadej Poga\u010dar Vuelta 2026\"},{\"@type\":\"WebSite\",\"@id\":\"https:\/\/www.welovecycling.com\/cs\/#website\",\"url\":\"https:\/\/www.welovecycling.com\/cs\/\",\"name\":\"\u0160koda We Love Cycling - \u010cesk\u00e1 republika\",\"description\":\"WeLoveCycling.cz je online magaz\u00edn, kter\u00fd v\u00e1m pravideln\u011b p\u0159in\u00e1\u0161\u00ed rady a tipy, zaj\u00edmav\u00e9 \u010dl\u00e1nky, videa a jedine\u010dn\u00e9 report\u00e1\u017ee ze sv\u011bta cyklistiky.\",\"potentialAction\":[{\"@type\":\"SearchAction\",\"target\":{\"@type\":\"EntryPoint\",\"urlTemplate\":\"https:\/\/www.welovecycling.com\/cs\/?s={search_term_string}\"},\"query-input\":{\"@type\":\"PropertyValueSpecification\",\"valueRequired\":true,\"valueName\":\"search_term_string\"}}],\"inLanguage\":\"cs\"},{\"@type\":\"Person\",\"@id\":\"https:\/\/www.welovecycling.com\/cs\/#\/schema\/person\/d9eeb0a378f3a7e4a6d12d2b536b04b8\",\"name\":\"radekmalina\",\"image\":{\"@type\":\"ImageObject\",\"inLanguage\":\"cs\",\"@id\":\"https:\/\/www.welovecycling.com\/cs\/#\/schema\/person\/image\/\",\"url\":\"https:\/\/secure.gravatar.com\/avatar\/66994b632cb8c39a46b9f54afa3ae07201b678d32a54275b6f1c9ffec356bfc0?s=96&d=mm&r=g\",\"contentUrl\":\"https:\/\/secure.gravatar.com\/avatar\/66994b632cb8c39a46b9f54afa3ae07201b678d32a54275b6f1c9ffec356bfc0?s=96&d=mm&r=g\",\"caption\":\"radekmalina\"},\"url\":\"https:\/\/www.welovecycling.com\/cs\/author\/radekmalina\/\"}]}<\/script>\n<!-- \/ Yoast SEO Premium plugin. -->","yoast_head_json":{"title":"Pro\u010d bude Vuelta 2026 atraktivn\u00ed? L\u00e1kadlem je nejen Poga\u010dar | \u0160koda We Love Cycling - \u010cesk\u00e1 republika","description":"V\u017edy se m\u016f\u017ee n\u011bco st\u00e1t! Vuelta 2026 odstartuje v sobotu 22. z\u00e1\u0159\u00ed s jednozna\u010dn\u00fdm favoritem! Tadej Poga\u010dar, l\u00eddr UAE Emirates XRG, je mnoh\u00fdmi pasov\u00e1n na jasn\u00e9ho v\u00edt\u011bze. A byl by sp\u00ed\u0161e z\u00e1zrak, kdyby 13. \u0159\u00edjna neslavil poprv\u00e9 v historii triumf na \u0161pan\u011blsk\u00e9 Grand Tour. Ale p\u0159edpokl\u00e1dan\u00e1 dominance Slovince neznamen\u00e1, \u017ee posledn\u00ed nejv\u011bt\u0161\u00ed etapov\u00e1 bitva sezony nebude atraktivn\u00ed. Existuje mnoho jezdc\u016f, kter\u00e9 se vyplat\u00ed sledovat...","robots":{"index":"index","follow":"follow","max-snippet":"max-snippet:-1","max-image-preview":"max-image-preview:large","max-video-preview":"max-video-preview:-1"},"canonical":"https:\/\/www.welovecycling.com\/cs\/2026\/08\/21\/proc-bude-vuelta-2026-atraktivni-lakadlem-je-nejen-pogacar\/","og_locale":"cs_CZ","og_type":"article","og_title":"Pro\u010d bude Vuelta 2026 atraktivn\u00ed? L\u00e1kadlem je nejen Poga\u010dar","og_description":"V\u017edy se m\u016f\u017ee n\u011bco st\u00e1t! Vuelta 2026 odstartuje v sobotu 22. z\u00e1\u0159\u00ed s jednozna\u010dn\u00fdm favoritem! Tadej Poga\u010dar, l\u00eddr UAE Emirates XRG, je mnoh\u00fdmi pasov\u00e1n na jasn\u00e9ho v\u00edt\u011bze. A byl by sp\u00ed\u0161e z\u00e1zrak, kdyby 13. \u0159\u00edjna neslavil poprv\u00e9 v historii triumf na \u0161pan\u011blsk\u00e9 Grand Tour. Ale p\u0159edpokl\u00e1dan\u00e1 dominance Slovince neznamen\u00e1, \u017ee posledn\u00ed nejv\u011bt\u0161\u00ed etapov\u00e1 bitva sezony nebude atraktivn\u00ed. Existuje mnoho jezdc\u016f, kter\u00e9 se vyplat\u00ed sledovat...","og_url":"https:\/\/www.welovecycling.com\/cs\/2026\/08\/21\/proc-bude-vuelta-2026-atraktivni-lakadlem-je-nejen-pogacar\/","og_site_name":"\u0160koda We Love Cycling - \u010cesk\u00e1 republika","article_published_time":"2026-08-21T05:14:36+00:00","og_image":[{"width":1800,"height":1200,"url":"https:\/\/d2p6e6u75xmxt8.cloudfront.net\/13\/2026\/08\/profimedia-1126529259.webp","type":"image\/webp"}],"author":"radekmalina","twitter_card":"summary_large_image","twitter_misc":{"Written by":"Radek Malina","Est. reading time":"6"},"schema":{"@context":"https:\/\/schema.org","@graph":[{"@type":"WebPage","@id":"https:\/\/www.welovecycling.com\/cs\/2026\/08\/21\/proc-bude-vuelta-2026-atraktivni-lakadlem-je-nejen-pogacar\/","url":"https:\/\/www.welovecycling.com\/cs\/2026\/08\/21\/proc-bude-vuelta-2026-atraktivni-lakadlem-je-nejen-pogacar\/","name":"Pro\u010d bude Vuelta 2026 atraktivn\u00ed? L\u00e1kadlem je nejen Poga\u010dar | \u0160koda We Love Cycling - \u010cesk\u00e1 republika","isPartOf":{"@id":"https:\/\/www.welovecycling.com\/cs\/#website"},"primaryImageOfPage":{"@id":"https:\/\/www.welovecycling.com\/cs\/2026\/08\/21\/proc-bude-vuelta-2026-atraktivni-lakadlem-je-nejen-pogacar\/#primaryimage"},"image":{"@id":"https:\/\/www.welovecycling.com\/cs\/2026\/08\/21\/proc-bude-vuelta-2026-atraktivni-lakadlem-je-nejen-pogacar\/#primaryimage"},"thumbnailUrl":"https:\/\/d2p6e6u75xmxt8.cloudfront.net\/13\/2026\/08\/profimedia-1126529259.webp","datePublished":"2026-08-21T05:14:36+00:00","author":{"@id":"https:\/\/www.welovecycling.com\/cs\/#\/schema\/person\/d9eeb0a378f3a7e4a6d12d2b536b04b8"},"description":"V\u017edy se m\u016f\u017ee n\u011bco st\u00e1t! Vuelta 2026 odstartuje v sobotu 22. z\u00e1\u0159\u00ed s jednozna\u010dn\u00fdm favoritem! Tadej Poga\u010dar, l\u00eddr UAE Emirates XRG, je mnoh\u00fdmi pasov\u00e1n na jasn\u00e9ho v\u00edt\u011bze. A byl by sp\u00ed\u0161e z\u00e1zrak, kdyby 13. \u0159\u00edjna neslavil poprv\u00e9 v historii triumf na \u0161pan\u011blsk\u00e9 Grand Tour. Ale p\u0159edpokl\u00e1dan\u00e1 dominance Slovince neznamen\u00e1, \u017ee posledn\u00ed nejv\u011bt\u0161\u00ed etapov\u00e1 bitva sezony nebude atraktivn\u00ed. Existuje mnoho jezdc\u016f, kter\u00e9 se vyplat\u00ed sledovat...","inLanguage":"cs","potentialAction":[{"@type":"ReadAction","target":["https:\/\/www.welovecycling.com\/cs\/2026\/08\/21\/proc-bude-vuelta-2026-atraktivni-lakadlem-je-nejen-pogacar\/"]}]},{"@type":"ImageObject","inLanguage":"cs","@id":"https:\/\/www.welovecycling.com\/cs\/2026\/08\/21\/proc-bude-vuelta-2026-atraktivni-lakadlem-je-nejen-pogacar\/#primaryimage","url":"https:\/\/d2p6e6u75xmxt8.cloudfront.net\/13\/2026\/08\/profimedia-1126529259.webp","contentUrl":"https:\/\/d2p6e6u75xmxt8.cloudfront.net\/13\/2026\/08\/profimedia-1126529259.webp","width":1800,"height":1200,"caption":"Tadej Poga\u010dar Vuelta 2026"},{"@type":"WebSite","@id":"https:\/\/www.welovecycling.com\/cs\/#website","url":"https:\/\/www.welovecycling.com\/cs\/","name":"\u0160koda We Love Cycling - \u010cesk\u00e1 republika","description":"WeLoveCycling.cz je online magaz\u00edn, kter\u00fd v\u00e1m pravideln\u011b p\u0159in\u00e1\u0161\u00ed rady a tipy, zaj\u00edmav\u00e9 \u010dl\u00e1nky, videa a jedine\u010dn\u00e9 report\u00e1\u017ee ze sv\u011bta cyklistiky.","potentialAction":[{"@type":"SearchAction","target":{"@type":"EntryPoint","urlTemplate":"https:\/\/www.welovecycling.com\/cs\/?s={search_term_string}"},"query-input":{"@type":"PropertyValueSpecification","valueRequired":true,"valueName":"search_term_string"}}],"inLanguage":"cs"},{"@type":"Person","@id":"https:\/\/www.welovecycling.com\/cs\/#\/schema\/person\/d9eeb0a378f3a7e4a6d12d2b536b04b8","name":"radekmalina","image":{"@type":"ImageObject","inLanguage":"cs","@id":"https:\/\/www.welovecycling.com\/cs\/#\/schema\/person\/image\/","url":"https:\/\/secure.gravatar.com\/avatar\/66994b632cb8c39a46b9f54afa3ae07201b678d32a54275b6f1c9ffec356bfc0?s=96&d=mm&r=g","contentUrl":"https:\/\/secure.gravatar.com\/avatar\/66994b632cb8c39a46b9f54afa3ae07201b678d32a54275b6f1c9ffec356bfc0?s=96&d=mm&r=g","caption":"radekmalina"},"url":"https:\/\/www.welovecycling.com\/cs\/author\/radekmalina\/"}]}},"_links":{"self":[{"href":"https:\/\/www.welovecycling.com\/cs\/wp-json\/wp\/v2\/posts\/35193","targetHints":{"allow":["GET"]}}],"collection":[{"href":"https:\/\/www.welovecycling.com\/cs\/wp-json\/wp\/v2\/posts"}],"about":[{"href":"https:\/\/www.welovecycling.com\/cs\/wp-json\/wp\/v2\/types\/post"}],"author":[{"embeddable":true,"href":"https:\/\/www.welovecycling.com\/cs\/wp-json\/wp\/v2\/users\/138"}],"replies":[{"embeddable":true,"href":"https:\/\/www.welovecycling.com\/cs\/wp-json\/wp\/v2\/comments?post=35193"}],"version-history":[{"count":1,"href":"https:\/\/www.welovecycling.com\/cs\/wp-json\/wp\/v2\/posts\/35193\/revisions"}],"predecessor-version":[{"id":35195,"href":"https:\/\/www.welovecycling.com\/cs\/wp-json\/wp\/v2\/posts\/35193\/revisions\/35195"}],"wp:featuredmedia":[{"embeddable":true,"href":"https:\/\/www.welovecycling.com\/cs\/wp-json\/wp\/v2\/media\/35194"}],"wp:attachment":[{"href":"https:\/\/www.welovecycling.com\/cs\/wp-json\/wp\/v2\/media?parent=35193"}],"wp:term":[{"taxonomy":"category","embeddable":true,"href":"https:\/\/www.welovecycling.com\/cs\/wp-json\/wp\/v2\/categories?post=35193"},{"taxonomy":"post_tag","embeddable":true,"href":"https:\/\/www.welovecycling.com\/cs\/wp-json\/wp\/v2\/tags?post=35193"},{"taxonomy":"global-categories","embeddable":true,"href":"https:\/\/www.welovecycling.com\/cs\/wp-json\/wp\/v2\/global-categories?post=35193"}],"curies":[{"name":"wp","href":"https:\/\/api.w.org\/{rel}","templated":true}]}}